{"id":77911,"date":"2016-06-08T10:55:39","date_gmt":"2016-06-08T08:55:39","guid":{"rendered":"http:\/\/eldigitaldeasturias.com\/magazine365\/?p=77911"},"modified":"2016-06-08T10:55:39","modified_gmt":"2016-06-08T08:55:39","slug":"un-grupo-de-periodistas-internacionales-descubre-costa-de-almeria-gracias-a-un-presstrip","status":"publish","type":"post","link":"https:\/\/eldigitaldeasturias.com\/magazine365\/un-grupo-de-periodistas-internacionales-descubre-costa-de-almeria-gracias-a-un-presstrip\/","title":{"rendered":"Un grupo de periodistas internacionales descubre &#8216;Costa de Almer\u00eda&#8217; gracias a un presstrip"},"content":{"rendered":"<p><img fetchpriority=\"high\" decoding=\"async\" class=\"alignleft size-medium wp-image-77912\" src=\"https:\/\/eldigitaldeasturias.com\/magazine365\/wp-content\/uploads\/2016\/06\/fotonoticia_20160606155705_800-1-360x240.jpg\" alt=\"fotonoticia_20160606155705_800\" width=\"360\" height=\"240\" srcset=\"https:\/\/eldigitaldeasturias.com\/magazine365\/wp-content\/uploads\/2016\/06\/fotonoticia_20160606155705_800-1-360x240.jpg 360w, https:\/\/eldigitaldeasturias.com\/magazine365\/wp-content\/uploads\/2016\/06\/fotonoticia_20160606155705_800-1-650x433.jpg 650w, https:\/\/eldigitaldeasturias.com\/magazine365\/wp-content\/uploads\/2016\/06\/fotonoticia_20160606155705_800-1-768x512.jpg 768w, https:\/\/eldigitaldeasturias.com\/magazine365\/wp-content\/uploads\/2016\/06\/fotonoticia_20160606155705_800-1-150x100.jpg 150w, https:\/\/eldigitaldeasturias.com\/magazine365\/wp-content\/uploads\/2016\/06\/fotonoticia_20160606155705_800-1-450x300.jpg 450w, https:\/\/eldigitaldeasturias.com\/magazine365\/wp-content\/uploads\/2016\/06\/fotonoticia_20160606155705_800-1-101x66.jpg 101w, https:\/\/eldigitaldeasturias.com\/magazine365\/wp-content\/uploads\/2016\/06\/fotonoticia_20160606155705_800-1.jpg 800w\" sizes=\"(max-width: 360px) 100vw, 360px\" \/>Un grupo de periodistas internacionales han descubierto &#8216;Costa de Almer\u00eda&#8217;, entre el 4 y el 6 de junio, gracias a un presstrip organizado por el Servicio Provincial de Turismo de la Diputaci\u00f3n de Almer\u00eda.<\/p>\n<p>Seg\u00fan ha anunciado la Diputaci\u00f3n de Almer\u00eda en un comunicado, la delegaci\u00f3n de periodistas que ha participado en el presstrip se ha quedado \u00abcon la boca abierta\u00bb al visitar la provincia<\/p>\n<p>En el presstrip, ha participado un nutrido grupo de periodistas espa\u00f1oles y de pa\u00edses como Uruguay, Ecuador, Alemania, Argentina y Per\u00fa, que han aterrizado en Almer\u00eda con el objetivo de conocer palmo a palmo los recursos, enclaves y municipios de su oferta tur\u00edstica.<\/p>\n<p>La delegaci\u00f3n period\u00edstica representa a rotativos de diversas nacionalidades y relevancia tales como Pasaporte News, Turismo TV, Revista Coloralia, Expreso.info, Caribbean News Digital, Euromundo Global, Revista Ecuamundo, FamPress Travellers, Viajar a Tope, MasKViajes, Cardosa y CEA Espa\u00f1a.<\/p>\n<p>Durante su estancia en Almer\u00eda, el presstrip ha visitado la capital y diferentes puntos de inter\u00e9s la provincia, con una sensaciones inmejorables que la visita ha transmitido a sus participantes.<\/p>\n<p>Los periodistas han explicado a los t\u00e9cnicos del Servicio Provincial de Turismo que, con esta iniciativa, se han roto muchos t\u00f3picos y han quedado asombrados por la gran diversidad que tiene la provincia de Almer\u00eda, donde se puede pasar de las cumbres m\u00e1s altas a playas pr\u00e1cticamente v\u00edrgenes o al \u00fanico desierto de Europa, en poco m\u00e1s de una hora.<\/p>\n<p>En la primera jornada de visita, los periodistas han conocido el Levante almeriense y los pueblos de Vera y Moj\u00e1car. Al d\u00eda siguiente, la expedici\u00f3n ha continuado por Garrucha, B\u00e9dar y el Parque Natural Cabo de Gata-N\u00edjar, donde han recorrido el litoral desde Agua Amarga hasta Carboneras, con parada en la Playa de los Muertos.<\/p>\n<p>La \u00faltima jornada de visita ha llevado al grupo a conocer uno de los principales atractivos de la provincia por su peculiaridad y fama, el Parque Tem\u00e1tico &#8216;Oasys Mini Hollywood&#8217; y el paisaje lunar del Desierto de Tabernas.<\/p>\n<p>La visita ha finalizado con un tour panor\u00e1mico por la ciudad de Almer\u00eda y una breve visita por el Poniente almeriense y al municipio de Roquetas de Mar, donde los periodistas han descubierto la infraestructura hotelera de la provincia.<\/p>\n<p>Una acci\u00f3n promocional en destino con la que la Diputaci\u00f3n de Almer\u00eda ha logrado conquistar a la delegaci\u00f3n visitante con su mejor carta de presentaci\u00f3n: los recursos tur\u00edsticos, municipios y paisajes que hacen \u00fanica la oferta tur\u00edstica de nuestro destino &#8216;Costa de Almer\u00eda&#8217;.<\/p>\n<p>El vicepresidente de la Diputaci\u00f3n de Almer\u00eda, Javier Aureliano Garc\u00eda, ha destacado la importancia de este tipo de acciones para la promoci\u00f3n de &#8216;Costa de Almer\u00eda&#8217;, ya que \u00abestos periodistas difundir\u00e1n en sus medios la diversidad que ofrece la provincia de Almer\u00eda y su singularidad\u00bb.<\/p>\n<p>&nbsp;<\/p>\n","protected":false},"excerpt":{"rendered":"<p>Un grupo de periodistas internacionales han descubierto &#8216;Costa de Almer\u00eda&#8217;, entre el 4 y el 6 de junio, gracias a un presstrip organizado por el Servicio Provincial de Turismo de la Diputaci\u00f3n de Almer\u00eda. Seg\u00fan ha anunciado la Diputaci\u00f3n de Almer\u00eda en un comunicado, la delegaci\u00f3n de periodistas que ha participado en el presstrip se<\/p>\n","protected":false},"author":1,"featured_media":77912,"comment_status":"open","ping_status":"closed","sticky":false,"template":"","format":"standard","meta":{"footnotes":""},"categories":[224],"tags":[],"class_list":{"0":"post-77911","1":"post","2":"type-post","3":"status-publish","4":"format-standard","5":"has-post-thumbnail","7":"category-noticias-actualidad"},"aioseo_notices":[],"aioseo_head":"\n\t\t<!-- All in One SEO Pro 4.9.6.1 - aioseo.com -->\n\t<meta name=\"description\" content=\"Un grupo de periodistas internacionales han descubierto &#039;Costa de Almer\u00eda&#039;, entre el 4 y el 6 de junio, gracias a un presstrip organizado por el Servicio Provincial de Turismo de la Diputaci\u00f3n de Almer\u00eda. Seg\u00fan ha anunciado la Diputaci\u00f3n de Almer\u00eda en un comunicado, la delegaci\u00f3n de periodistas que ha participado en el presstrip se\" \/>\n\t<meta name=\"robots\" content=\"max-image-preview:large\" \/>\n\t<meta name=\"author\" content=\"admin\"\/>\n\t<meta name=\"google-site-verification\" content=\"UA-38556648-1\" \/>\n\t<meta name=\"keywords\" content=\"noticias y actualidad\" \/>\n\t<link rel=\"canonical\" href=\"https:\/\/eldigitaldeasturias.com\/magazine365\/un-grupo-de-periodistas-internacionales-descubre-costa-de-almeria-gracias-a-un-presstrip\/\" \/>\n\t<meta name=\"generator\" content=\"All in One SEO Pro (AIOSEO) 4.9.6.1\" \/>\n\t\t<meta property=\"og:locale\" content=\"es_ES\" \/>\n\t\t<meta property=\"og:site_name\" content=\"El Digital de Asturias \u2013 Revista de ocio, turismo y estilo de vida\" \/>\n\t\t<meta property=\"og:type\" content=\"article\" \/>\n\t\t<meta property=\"og:title\" content=\"Un grupo de periodistas internacionales descubre \u2018Costa de Almer\u00eda\u2019 gracias a un presstrip | El Digital de Asturias\" \/>\n\t\t<meta property=\"og:description\" content=\"Un grupo de periodistas internacionales han descubierto &#039;Costa de Almer\u00eda&#039;, entre el 4 y el 6 de junio, gracias a un presstrip organizado por el Servicio Provincial de Turismo de la Diputaci\u00f3n de Almer\u00eda. Seg\u00fan ha anunciado la Diputaci\u00f3n de Almer\u00eda en un comunicado, la delegaci\u00f3n de periodistas que ha participado en el presstrip se\" \/>\n\t\t<meta property=\"og:url\" content=\"https:\/\/eldigitaldeasturias.com\/magazine365\/un-grupo-de-periodistas-internacionales-descubre-costa-de-almeria-gracias-a-un-presstrip\/\" \/>\n\t\t<meta property=\"og:image\" content=\"https:\/\/eldigitaldeasturias.com\/magazine365\/wp-content\/uploads\/2016\/06\/fotonoticia_20160606155705_800-1.jpg\" \/>\n\t\t<meta property=\"og:image:secure_url\" content=\"https:\/\/eldigitaldeasturias.com\/magazine365\/wp-content\/uploads\/2016\/06\/fotonoticia_20160606155705_800-1.jpg\" \/>\n\t\t<meta property=\"og:image:width\" content=\"800\" \/>\n\t\t<meta property=\"og:image:height\" content=\"533\" \/>\n\t\t<meta property=\"article:published_time\" content=\"2016-06-08T08:55:39+00:00\" \/>\n\t\t<meta property=\"article:modified_time\" content=\"2016-06-08T08:55:39+00:00\" \/>\n\t\t<meta name=\"twitter:card\" content=\"summary_large_image\" \/>\n\t\t<meta name=\"twitter:title\" content=\"Un grupo de periodistas internacionales descubre \u2018Costa de Almer\u00eda\u2019 gracias a un presstrip | El Digital de Asturias\" \/>\n\t\t<meta name=\"twitter:description\" content=\"Un grupo de periodistas internacionales han descubierto &#039;Costa de Almer\u00eda&#039;, entre el 4 y el 6 de junio, gracias a un presstrip organizado por el Servicio Provincial de Turismo de la Diputaci\u00f3n de Almer\u00eda. Seg\u00fan ha anunciado la Diputaci\u00f3n de Almer\u00eda en un comunicado, la delegaci\u00f3n de periodistas que ha participado en el presstrip se\" \/>\n\t\t<meta name=\"twitter:image\" content=\"https:\/\/eldigitaldeasturias.com\/magazine365\/wp-content\/uploads\/2016\/06\/fotonoticia_20160606155705_800-1.jpg\" \/>\n\t\t<script type=\"application\/ld+json\" class=\"aioseo-schema\">\n\t\t\t{\"@context\":\"https:\\\/\\\/schema.org\",\"@graph\":[{\"@type\":\"Article\",\"@id\":\"https:\\\/\\\/eldigitaldeasturias.com\\\/magazine365\\\/un-grupo-de-periodistas-internacionales-descubre-costa-de-almeria-gracias-a-un-presstrip\\\/#article\",\"name\":\"Un grupo de periodistas internacionales descubre \\u2018Costa de Almer\\u00eda\\u2019 gracias a un presstrip | El Digital de Asturias\",\"headline\":\"Un grupo de periodistas internacionales descubre &#8216;Costa de Almer\\u00eda&#8217; gracias a un presstrip\",\"author\":{\"@id\":\"https:\\\/\\\/eldigitaldeasturias.com\\\/magazine365\\\/author\\\/admin\\\/#author\"},\"publisher\":{\"@id\":\"https:\\\/\\\/eldigitaldeasturias.com\\\/magazine365\\\/#organization\"},\"image\":{\"@type\":\"ImageObject\",\"url\":\"https:\\\/\\\/eldigitaldeasturias.com\\\/magazine365\\\/wp-content\\\/uploads\\\/2016\\\/06\\\/fotonoticia_20160606155705_800-1.jpg\",\"width\":800,\"height\":533},\"datePublished\":\"2016-06-08T10:55:39+02:00\",\"dateModified\":\"2016-06-08T10:55:39+02:00\",\"inLanguage\":\"es-ES\",\"mainEntityOfPage\":{\"@id\":\"https:\\\/\\\/eldigitaldeasturias.com\\\/magazine365\\\/un-grupo-de-periodistas-internacionales-descubre-costa-de-almeria-gracias-a-un-presstrip\\\/#webpage\"},\"isPartOf\":{\"@id\":\"https:\\\/\\\/eldigitaldeasturias.com\\\/magazine365\\\/un-grupo-de-periodistas-internacionales-descubre-costa-de-almeria-gracias-a-un-presstrip\\\/#webpage\"},\"articleSection\":\"Noticias y Actualidad\"},{\"@type\":\"BreadcrumbList\",\"@id\":\"https:\\\/\\\/eldigitaldeasturias.com\\\/magazine365\\\/un-grupo-de-periodistas-internacionales-descubre-costa-de-almeria-gracias-a-un-presstrip\\\/#breadcrumblist\",\"itemListElement\":[{\"@type\":\"ListItem\",\"@id\":\"https:\\\/\\\/eldigitaldeasturias.com\\\/magazine365#listItem\",\"position\":1,\"name\":\"Home\",\"item\":\"https:\\\/\\\/eldigitaldeasturias.com\\\/magazine365\",\"nextItem\":{\"@type\":\"ListItem\",\"@id\":\"https:\\\/\\\/eldigitaldeasturias.com\\\/magazine365\\\/category\\\/noticias-actualidad\\\/#listItem\",\"name\":\"Noticias y Actualidad\"}},{\"@type\":\"ListItem\",\"@id\":\"https:\\\/\\\/eldigitaldeasturias.com\\\/magazine365\\\/category\\\/noticias-actualidad\\\/#listItem\",\"position\":2,\"name\":\"Noticias y Actualidad\",\"item\":\"https:\\\/\\\/eldigitaldeasturias.com\\\/magazine365\\\/category\\\/noticias-actualidad\\\/\",\"nextItem\":{\"@type\":\"ListItem\",\"@id\":\"https:\\\/\\\/eldigitaldeasturias.com\\\/magazine365\\\/un-grupo-de-periodistas-internacionales-descubre-costa-de-almeria-gracias-a-un-presstrip\\\/#listItem\",\"name\":\"Un grupo de periodistas internacionales descubre &#8216;Costa de Almer\\u00eda&#8217; gracias a un presstrip\"},\"previousItem\":{\"@type\":\"ListItem\",\"@id\":\"https:\\\/\\\/eldigitaldeasturias.com\\\/magazine365#listItem\",\"name\":\"Home\"}},{\"@type\":\"ListItem\",\"@id\":\"https:\\\/\\\/eldigitaldeasturias.com\\\/magazine365\\\/un-grupo-de-periodistas-internacionales-descubre-costa-de-almeria-gracias-a-un-presstrip\\\/#listItem\",\"position\":3,\"name\":\"Un grupo de periodistas internacionales descubre &#8216;Costa de Almer\\u00eda&#8217; gracias a un presstrip\",\"previousItem\":{\"@type\":\"ListItem\",\"@id\":\"https:\\\/\\\/eldigitaldeasturias.com\\\/magazine365\\\/category\\\/noticias-actualidad\\\/#listItem\",\"name\":\"Noticias y Actualidad\"}}]},{\"@type\":\"Organization\",\"@id\":\"https:\\\/\\\/eldigitaldeasturias.com\\\/magazine365\\\/#organization\",\"name\":\"El digital de Asturias\",\"description\":\"Revista de ocio, turismo y estilo de vida\",\"url\":\"https:\\\/\\\/eldigitaldeasturias.com\\\/magazine365\\\/\",\"logo\":{\"@type\":\"ImageObject\",\"url\":\"https:\\\/\\\/www.eldigitaldeasturias.com\\\/noticias\\\/wp-content\\\/uploads\\\/2020\\\/12\\\/EDA.jpg\",\"@id\":\"https:\\\/\\\/eldigitaldeasturias.com\\\/magazine365\\\/un-grupo-de-periodistas-internacionales-descubre-costa-de-almeria-gracias-a-un-presstrip\\\/#organizationLogo\"},\"image\":{\"@id\":\"https:\\\/\\\/eldigitaldeasturias.com\\\/magazine365\\\/un-grupo-de-periodistas-internacionales-descubre-costa-de-almeria-gracias-a-un-presstrip\\\/#organizationLogo\"}},{\"@type\":\"Person\",\"@id\":\"https:\\\/\\\/eldigitaldeasturias.com\\\/magazine365\\\/author\\\/admin\\\/#author\",\"url\":\"https:\\\/\\\/eldigitaldeasturias.com\\\/magazine365\\\/author\\\/admin\\\/\",\"name\":\"admin\",\"image\":{\"@type\":\"ImageObject\",\"@id\":\"https:\\\/\\\/eldigitaldeasturias.com\\\/magazine365\\\/un-grupo-de-periodistas-internacionales-descubre-costa-de-almeria-gracias-a-un-presstrip\\\/#authorImage\",\"url\":\"https:\\\/\\\/eldigitaldeasturias.com\\\/magazine365\\\/wp-content\\\/litespeed\\\/avatar\\\/e571bcf59a0edd6fa6838245a470f2fe.jpg?ver=1776969259\",\"width\":96,\"height\":96,\"caption\":\"admin\"}},{\"@type\":\"WebPage\",\"@id\":\"https:\\\/\\\/eldigitaldeasturias.com\\\/magazine365\\\/un-grupo-de-periodistas-internacionales-descubre-costa-de-almeria-gracias-a-un-presstrip\\\/#webpage\",\"url\":\"https:\\\/\\\/eldigitaldeasturias.com\\\/magazine365\\\/un-grupo-de-periodistas-internacionales-descubre-costa-de-almeria-gracias-a-un-presstrip\\\/\",\"name\":\"Un grupo de periodistas internacionales descubre \\u2018Costa de Almer\\u00eda\\u2019 gracias a un presstrip | El Digital de Asturias\",\"description\":\"Un grupo de periodistas internacionales han descubierto 'Costa de Almer\\u00eda', entre el 4 y el 6 de junio, gracias a un presstrip organizado por el Servicio Provincial de Turismo de la Diputaci\\u00f3n de Almer\\u00eda. Seg\\u00fan ha anunciado la Diputaci\\u00f3n de Almer\\u00eda en un comunicado, la delegaci\\u00f3n de periodistas que ha participado en el presstrip se\",\"inLanguage\":\"es-ES\",\"isPartOf\":{\"@id\":\"https:\\\/\\\/eldigitaldeasturias.com\\\/magazine365\\\/#website\"},\"breadcrumb\":{\"@id\":\"https:\\\/\\\/eldigitaldeasturias.com\\\/magazine365\\\/un-grupo-de-periodistas-internacionales-descubre-costa-de-almeria-gracias-a-un-presstrip\\\/#breadcrumblist\"},\"author\":{\"@id\":\"https:\\\/\\\/eldigitaldeasturias.com\\\/magazine365\\\/author\\\/admin\\\/#author\"},\"creator\":{\"@id\":\"https:\\\/\\\/eldigitaldeasturias.com\\\/magazine365\\\/author\\\/admin\\\/#author\"},\"image\":{\"@type\":\"ImageObject\",\"url\":\"https:\\\/\\\/eldigitaldeasturias.com\\\/magazine365\\\/wp-content\\\/uploads\\\/2016\\\/06\\\/fotonoticia_20160606155705_800-1.jpg\",\"@id\":\"https:\\\/\\\/eldigitaldeasturias.com\\\/magazine365\\\/un-grupo-de-periodistas-internacionales-descubre-costa-de-almeria-gracias-a-un-presstrip\\\/#mainImage\",\"width\":800,\"height\":533},\"primaryImageOfPage\":{\"@id\":\"https:\\\/\\\/eldigitaldeasturias.com\\\/magazine365\\\/un-grupo-de-periodistas-internacionales-descubre-costa-de-almeria-gracias-a-un-presstrip\\\/#mainImage\"},\"datePublished\":\"2016-06-08T10:55:39+02:00\",\"dateModified\":\"2016-06-08T10:55:39+02:00\"},{\"@type\":\"WebSite\",\"@id\":\"https:\\\/\\\/eldigitaldeasturias.com\\\/magazine365\\\/#website\",\"url\":\"https:\\\/\\\/eldigitaldeasturias.com\\\/magazine365\\\/\",\"name\":\"El Digital de Asturias\",\"description\":\"Revista de ocio, turismo y estilo de vida\",\"inLanguage\":\"es-ES\",\"publisher\":{\"@id\":\"https:\\\/\\\/eldigitaldeasturias.com\\\/magazine365\\\/#organization\"}}]}\n\t\t<\/script>\n\t\t<!-- All in One SEO Pro -->\r\n\t\t<title>Un grupo de periodistas internacionales descubre \u2018Costa de Almer\u00eda\u2019 gracias a un presstrip | El Digital de Asturias<\/title>\n\n","aioseo_head_json":{"title":"Un grupo de periodistas internacionales descubre \u2018Costa de Almer\u00eda\u2019 gracias a un presstrip | El Digital de Asturias","description":"Un grupo de periodistas internacionales han descubierto 'Costa de Almer\u00eda', entre el 4 y el 6 de junio, gracias a un presstrip organizado por el Servicio Provincial de Turismo de la Diputaci\u00f3n de Almer\u00eda. Seg\u00fan ha anunciado la Diputaci\u00f3n de Almer\u00eda en un comunicado, la delegaci\u00f3n de periodistas que ha participado en el presstrip se","canonical_url":"https:\/\/eldigitaldeasturias.com\/magazine365\/un-grupo-de-periodistas-internacionales-descubre-costa-de-almeria-gracias-a-un-presstrip\/","robots":"max-image-preview:large","keywords":"noticias y actualidad","webmasterTools":{"google-site-verification":"UA-38556648-1","miscellaneous":""},"schema":{"@context":"https:\/\/schema.org","@graph":[{"@type":"Article","@id":"https:\/\/eldigitaldeasturias.com\/magazine365\/un-grupo-de-periodistas-internacionales-descubre-costa-de-almeria-gracias-a-un-presstrip\/#article","name":"Un grupo de periodistas internacionales descubre \u2018Costa de Almer\u00eda\u2019 gracias a un presstrip | El Digital de Asturias","headline":"Un grupo de periodistas internacionales descubre &#8216;Costa de Almer\u00eda&#8217; gracias a un presstrip","author":{"@id":"https:\/\/eldigitaldeasturias.com\/magazine365\/author\/admin\/#author"},"publisher":{"@id":"https:\/\/eldigitaldeasturias.com\/magazine365\/#organization"},"image":{"@type":"ImageObject","url":"https:\/\/eldigitaldeasturias.com\/magazine365\/wp-content\/uploads\/2016\/06\/fotonoticia_20160606155705_800-1.jpg","width":800,"height":533},"datePublished":"2016-06-08T10:55:39+02:00","dateModified":"2016-06-08T10:55:39+02:00","inLanguage":"es-ES","mainEntityOfPage":{"@id":"https:\/\/eldigitaldeasturias.com\/magazine365\/un-grupo-de-periodistas-internacionales-descubre-costa-de-almeria-gracias-a-un-presstrip\/#webpage"},"isPartOf":{"@id":"https:\/\/eldigitaldeasturias.com\/magazine365\/un-grupo-de-periodistas-internacionales-descubre-costa-de-almeria-gracias-a-un-presstrip\/#webpage"},"articleSection":"Noticias y Actualidad"},{"@type":"BreadcrumbList","@id":"https:\/\/eldigitaldeasturias.com\/magazine365\/un-grupo-de-periodistas-internacionales-descubre-costa-de-almeria-gracias-a-un-presstrip\/#breadcrumblist","itemListElement":[{"@type":"ListItem","@id":"https:\/\/eldigitaldeasturias.com\/magazine365#listItem","position":1,"name":"Home","item":"https:\/\/eldigitaldeasturias.com\/magazine365","nextItem":{"@type":"ListItem","@id":"https:\/\/eldigitaldeasturias.com\/magazine365\/category\/noticias-actualidad\/#listItem","name":"Noticias y Actualidad"}},{"@type":"ListItem","@id":"https:\/\/eldigitaldeasturias.com\/magazine365\/category\/noticias-actualidad\/#listItem","position":2,"name":"Noticias y Actualidad","item":"https:\/\/eldigitaldeasturias.com\/magazine365\/category\/noticias-actualidad\/","nextItem":{"@type":"ListItem","@id":"https:\/\/eldigitaldeasturias.com\/magazine365\/un-grupo-de-periodistas-internacionales-descubre-costa-de-almeria-gracias-a-un-presstrip\/#listItem","name":"Un grupo de periodistas internacionales descubre &#8216;Costa de Almer\u00eda&#8217; gracias a un presstrip"},"previousItem":{"@type":"ListItem","@id":"https:\/\/eldigitaldeasturias.com\/magazine365#listItem","name":"Home"}},{"@type":"ListItem","@id":"https:\/\/eldigitaldeasturias.com\/magazine365\/un-grupo-de-periodistas-internacionales-descubre-costa-de-almeria-gracias-a-un-presstrip\/#listItem","position":3,"name":"Un grupo de periodistas internacionales descubre &#8216;Costa de Almer\u00eda&#8217; gracias a un presstrip","previousItem":{"@type":"ListItem","@id":"https:\/\/eldigitaldeasturias.com\/magazine365\/category\/noticias-actualidad\/#listItem","name":"Noticias y Actualidad"}}]},{"@type":"Organization","@id":"https:\/\/eldigitaldeasturias.com\/magazine365\/#organization","name":"El digital de Asturias","description":"Revista de ocio, turismo y estilo de vida","url":"https:\/\/eldigitaldeasturias.com\/magazine365\/","logo":{"@type":"ImageObject","url":"https:\/\/www.eldigitaldeasturias.com\/noticias\/wp-content\/uploads\/2020\/12\/EDA.jpg","@id":"https:\/\/eldigitaldeasturias.com\/magazine365\/un-grupo-de-periodistas-internacionales-descubre-costa-de-almeria-gracias-a-un-presstrip\/#organizationLogo"},"image":{"@id":"https:\/\/eldigitaldeasturias.com\/magazine365\/un-grupo-de-periodistas-internacionales-descubre-costa-de-almeria-gracias-a-un-presstrip\/#organizationLogo"}},{"@type":"Person","@id":"https:\/\/eldigitaldeasturias.com\/magazine365\/author\/admin\/#author","url":"https:\/\/eldigitaldeasturias.com\/magazine365\/author\/admin\/","name":"admin","image":{"@type":"ImageObject","@id":"https:\/\/eldigitaldeasturias.com\/magazine365\/un-grupo-de-periodistas-internacionales-descubre-costa-de-almeria-gracias-a-un-presstrip\/#authorImage","url":"https:\/\/eldigitaldeasturias.com\/magazine365\/wp-content\/litespeed\/avatar\/e571bcf59a0edd6fa6838245a470f2fe.jpg?ver=1776969259","width":96,"height":96,"caption":"admin"}},{"@type":"WebPage","@id":"https:\/\/eldigitaldeasturias.com\/magazine365\/un-grupo-de-periodistas-internacionales-descubre-costa-de-almeria-gracias-a-un-presstrip\/#webpage","url":"https:\/\/eldigitaldeasturias.com\/magazine365\/un-grupo-de-periodistas-internacionales-descubre-costa-de-almeria-gracias-a-un-presstrip\/","name":"Un grupo de periodistas internacionales descubre \u2018Costa de Almer\u00eda\u2019 gracias a un presstrip | El Digital de Asturias","description":"Un grupo de periodistas internacionales han descubierto 'Costa de Almer\u00eda', entre el 4 y el 6 de junio, gracias a un presstrip organizado por el Servicio Provincial de Turismo de la Diputaci\u00f3n de Almer\u00eda. Seg\u00fan ha anunciado la Diputaci\u00f3n de Almer\u00eda en un comunicado, la delegaci\u00f3n de periodistas que ha participado en el presstrip se","inLanguage":"es-ES","isPartOf":{"@id":"https:\/\/eldigitaldeasturias.com\/magazine365\/#website"},"breadcrumb":{"@id":"https:\/\/eldigitaldeasturias.com\/magazine365\/un-grupo-de-periodistas-internacionales-descubre-costa-de-almeria-gracias-a-un-presstrip\/#breadcrumblist"},"author":{"@id":"https:\/\/eldigitaldeasturias.com\/magazine365\/author\/admin\/#author"},"creator":{"@id":"https:\/\/eldigitaldeasturias.com\/magazine365\/author\/admin\/#author"},"image":{"@type":"ImageObject","url":"https:\/\/eldigitaldeasturias.com\/magazine365\/wp-content\/uploads\/2016\/06\/fotonoticia_20160606155705_800-1.jpg","@id":"https:\/\/eldigitaldeasturias.com\/magazine365\/un-grupo-de-periodistas-internacionales-descubre-costa-de-almeria-gracias-a-un-presstrip\/#mainImage","width":800,"height":533},"primaryImageOfPage":{"@id":"https:\/\/eldigitaldeasturias.com\/magazine365\/un-grupo-de-periodistas-internacionales-descubre-costa-de-almeria-gracias-a-un-presstrip\/#mainImage"},"datePublished":"2016-06-08T10:55:39+02:00","dateModified":"2016-06-08T10:55:39+02:00"},{"@type":"WebSite","@id":"https:\/\/eldigitaldeasturias.com\/magazine365\/#website","url":"https:\/\/eldigitaldeasturias.com\/magazine365\/","name":"El Digital de Asturias","description":"Revista de ocio, turismo y estilo de vida","inLanguage":"es-ES","publisher":{"@id":"https:\/\/eldigitaldeasturias.com\/magazine365\/#organization"}}]},"og:locale":"es_ES","og:site_name":"El Digital de Asturias \u2013 Revista de ocio, turismo y estilo de vida","og:type":"article","og:title":"Un grupo de periodistas internacionales descubre \u2018Costa de Almer\u00eda\u2019 gracias a un presstrip | El Digital de Asturias","og:description":"Un grupo de periodistas internacionales han descubierto 'Costa de Almer\u00eda', entre el 4 y el 6 de junio, gracias a un presstrip organizado por el Servicio Provincial de Turismo de la Diputaci\u00f3n de Almer\u00eda. Seg\u00fan ha anunciado la Diputaci\u00f3n de Almer\u00eda en un comunicado, la delegaci\u00f3n de periodistas que ha participado en el presstrip se","og:url":"https:\/\/eldigitaldeasturias.com\/magazine365\/un-grupo-de-periodistas-internacionales-descubre-costa-de-almeria-gracias-a-un-presstrip\/","og:image":"https:\/\/eldigitaldeasturias.com\/magazine365\/wp-content\/uploads\/2016\/06\/fotonoticia_20160606155705_800-1.jpg","og:image:secure_url":"https:\/\/eldigitaldeasturias.com\/magazine365\/wp-content\/uploads\/2016\/06\/fotonoticia_20160606155705_800-1.jpg","og:image:width":800,"og:image:height":533,"article:published_time":"2016-06-08T08:55:39+00:00","article:modified_time":"2016-06-08T08:55:39+00:00","twitter:card":"summary_large_image","twitter:title":"Un grupo de periodistas internacionales descubre \u2018Costa de Almer\u00eda\u2019 gracias a un presstrip | El Digital de Asturias","twitter:description":"Un grupo de periodistas internacionales han descubierto 'Costa de Almer\u00eda', entre el 4 y el 6 de junio, gracias a un presstrip organizado por el Servicio Provincial de Turismo de la Diputaci\u00f3n de Almer\u00eda. Seg\u00fan ha anunciado la Diputaci\u00f3n de Almer\u00eda en un comunicado, la delegaci\u00f3n de periodistas que ha participado en el presstrip se","twitter:image":"https:\/\/eldigitaldeasturias.com\/magazine365\/wp-content\/uploads\/2016\/06\/fotonoticia_20160606155705_800-1.jpg"},"aioseo_meta_data":{"post_id":"77911","title":null,"description":null,"keywords":null,"keyphrases":null,"primary_term":null,"canonical_url":null,"og_title":null,"og_description":null,"og_object_type":"default","og_image_type":"default","og_image_url":null,"og_image_width":null,"og_image_height":null,"og_image_custom_url":null,"og_image_custom_fields":null,"og_video":null,"og_custom_url":null,"og_article_section":null,"og_article_tags":null,"twitter_use_og":false,"twitter_card":"default","twitter_image_type":"default","twitter_image_url":null,"twitter_image_custom_url":null,"twitter_image_custom_fields":null,"twitter_title":null,"twitter_description":null,"schema":{"blockGraphs":[],"customGraphs":[],"default":{"data":{"Article":[],"Course":[],"Dataset":[],"FAQPage":[],"Movie":[],"Person":[],"Product":[],"ProductReview":[],"Car":[],"Recipe":[],"Service":[],"SoftwareApplication":[],"WebPage":[]},"graphName":"","isEnabled":true},"graphs":[],"defaultGraph":"","defaultPostTypeGraph":""},"schema_type":null,"schema_type_options":null,"pillar_content":false,"robots_default":true,"robots_noindex":false,"robots_noarchive":false,"robots_nosnippet":false,"robots_nofollow":false,"robots_noimageindex":false,"robots_noodp":false,"robots_notranslate":false,"robots_max_snippet":null,"robots_max_videopreview":null,"robots_max_imagepreview":"large","priority":null,"frequency":null,"location":null,"local_seo":null,"seo_analyzer_scan_date":"2025-09-27 15:52:07","breadcrumb_settings":null,"limit_modified_date":false,"open_ai":null,"ai":null,"created":"2021-03-08 18:07:57","updated":"2025-09-27 15:52:07"},"aioseo_breadcrumb":"<div class=\"aioseo-breadcrumbs\"><span class=\"aioseo-breadcrumb\">\n\t<a href=\"https:\/\/eldigitaldeasturias.com\/magazine365\" title=\"Home\">Home<\/a>\n<\/span><span class=\"aioseo-breadcrumb-separator\">\u2013<\/span><span class=\"aioseo-breadcrumb\">\n\t<a href=\"https:\/\/eldigitaldeasturias.com\/magazine365\/category\/noticias-actualidad\/\" title=\"Noticias y Actualidad\">Noticias y Actualidad<\/a>\n<\/span><span class=\"aioseo-breadcrumb-separator\">\u2013<\/span><span class=\"aioseo-breadcrumb\">\n\t<a href=\"https:\/\/eldigitaldeasturias.com\/magazine365\/un-grupo-de-periodistas-internacionales-descubre-costa-de-almeria-gracias-a-un-presstrip\/\" title=\"Un grupo de periodistas internacionales descubre \u2018Costa de Almer\u00eda\u2019 gracias a un presstrip\">Un grupo de periodistas internacionales descubre \u2018Costa de Almer\u00eda\u2019 gracias a un presstrip<\/a>\n<\/span><\/div>","aioseo_breadcrumb_json":[{"label":"Home","link":"https:\/\/eldigitaldeasturias.com\/magazine365"},{"label":"Noticias y Actualidad","link":"https:\/\/eldigitaldeasturias.com\/magazine365\/category\/noticias-actualidad\/"},{"label":"Un grupo de periodistas internacionales descubre &#8216;Costa de Almer\u00eda&#8217; gracias a un presstrip","link":"https:\/\/eldigitaldeasturias.com\/magazine365\/un-grupo-de-periodistas-internacionales-descubre-costa-de-almeria-gracias-a-un-presstrip\/"}],"_links":{"self":[{"href":"https:\/\/eldigitaldeasturias.com\/magazine365\/wp-json\/wp\/v2\/posts\/77911","targetHints":{"allow":["GET"]}}],"collection":[{"href":"https:\/\/eldigitaldeasturias.com\/magazine365\/wp-json\/wp\/v2\/posts"}],"about":[{"href":"https:\/\/eldigitaldeasturias.com\/magazine365\/wp-json\/wp\/v2\/types\/post"}],"author":[{"embeddable":true,"href":"https:\/\/eldigitaldeasturias.com\/magazine365\/wp-json\/wp\/v2\/users\/1"}],"replies":[{"embeddable":true,"href":"https:\/\/eldigitaldeasturias.com\/magazine365\/wp-json\/wp\/v2\/comments?post=77911"}],"version-history":[{"count":0,"href":"https:\/\/eldigitaldeasturias.com\/magazine365\/wp-json\/wp\/v2\/posts\/77911\/revisions"}],"wp:featuredmedia":[{"embeddable":true,"href":"https:\/\/eldigitaldeasturias.com\/magazine365\/wp-json\/wp\/v2\/media\/77912"}],"wp:attachment":[{"href":"https:\/\/eldigitaldeasturias.com\/magazine365\/wp-json\/wp\/v2\/media?parent=77911"}],"wp:term":[{"taxonomy":"category","embeddable":true,"href":"https:\/\/eldigitaldeasturias.com\/magazine365\/wp-json\/wp\/v2\/categories?post=77911"},{"taxonomy":"post_tag","embeddable":true,"href":"https:\/\/eldigitaldeasturias.com\/magazine365\/wp-json\/wp\/v2\/tags?post=77911"}],"curies":[{"name":"wp","href":"https:\/\/api.w.org\/{rel}","templated":true}]}}