{"id":77902,"date":"2016-06-08T10:53:03","date_gmt":"2016-06-08T08:53:03","guid":{"rendered":"http:\/\/eldigitaldeasturias.com\/magazine365\/?p=77902"},"modified":"2016-06-08T10:53:03","modified_gmt":"2016-06-08T08:53:03","slug":"diputacion-de-sevilla-convoca-el-premio-turismo-industrial","status":"publish","type":"post","link":"https:\/\/eldigitaldeasturias.com\/magazine365\/diputacion-de-sevilla-convoca-el-premio-turismo-industrial\/","title":{"rendered":"Diputaci\u00f3n de Sevilla convoca el Premio Turismo Industrial"},"content":{"rendered":"<p><img fetchpriority=\"high\" decoding=\"async\" class=\"alignleft size-medium wp-image-77903\" src=\"https:\/\/eldigitaldeasturias.com\/magazine365\/wp-content\/uploads\/2016\/06\/fotonoticia_20160606154410_800-360x240.jpg\" alt=\"fotonoticia_20160606154410_800\" width=\"360\" height=\"240\" srcset=\"https:\/\/eldigitaldeasturias.com\/magazine365\/wp-content\/uploads\/2016\/06\/fotonoticia_20160606154410_800-360x240.jpg 360w, https:\/\/eldigitaldeasturias.com\/magazine365\/wp-content\/uploads\/2016\/06\/fotonoticia_20160606154410_800-650x433.jpg 650w, https:\/\/eldigitaldeasturias.com\/magazine365\/wp-content\/uploads\/2016\/06\/fotonoticia_20160606154410_800-768x512.jpg 768w, https:\/\/eldigitaldeasturias.com\/magazine365\/wp-content\/uploads\/2016\/06\/fotonoticia_20160606154410_800-150x100.jpg 150w, https:\/\/eldigitaldeasturias.com\/magazine365\/wp-content\/uploads\/2016\/06\/fotonoticia_20160606154410_800-450x300.jpg 450w, https:\/\/eldigitaldeasturias.com\/magazine365\/wp-content\/uploads\/2016\/06\/fotonoticia_20160606154410_800-101x66.jpg 101w, https:\/\/eldigitaldeasturias.com\/magazine365\/wp-content\/uploads\/2016\/06\/fotonoticia_20160606154410_800.jpg 800w\" sizes=\"(max-width: 360px) 100vw, 360px\" \/>La Diputaci\u00f3n de Sevilla, a trav\u00e9s de Prodetur, ha convocado la tercera edici\u00f3n del galard\u00f3n &#8216;Turismo Industrial de la Provincia de Sevilla&#8217;, un premio que se puso en marcha hace tres a\u00f1os con el objetivo de reconocer a organismos o empresas que destacan por su labor en favor del fomento y la consolidaci\u00f3n de esta actividad en la provincia.<\/p>\n<p>Seg\u00fan informa la Diputaci\u00f3n en un comunicado, el premio pretende abarcar todo el abanico de iniciativas que pueden enmarcarse dentro del \u00e1mbito del turismo industrial, tanto en su vertiente de visitas tur\u00edsticas a negocios en funcionamiento o industria civa, como a los vestigios materiales e inmateriales de actividades econ\u00f3micas de los municipios, que formando parte del pasado y teniendo un atractivo tur\u00edstico, ya dejaron de estar en activo, o sea el patrimonio industrial.<\/p>\n<p>Podr\u00e1n optar a este reconocimiento aquellas empresas, personas f\u00edsicas o jur\u00eddicas, y entidades p\u00fablicas o privadas, vinculadas al Turismo Industrial, con sede social en la provincia de Sevilla o que, como m\u00ednimo, cuenten con un establecimiento situado en algunos de sus municipios.<\/p>\n<p>La entrega de este premio ser\u00e1 el pr\u00f3ximo d\u00eda 16 de junio, coincidiendo con la celebraci\u00f3n de unas jornadas sobre este segmento tur\u00edstico y con el lanzamiento de la Gu\u00eda de Turismo Industrial en la Provincia de Sevilla, en versi\u00f3n actualizada. El plazo para la presentaci\u00f3n de las candidaturas finaliza el pr\u00f3ximo 13 de junio y las bases se pueden consultar en la web &#8216;www.turismosevilla.org&#8217;.<\/p>\n<p>Para la concesi\u00f3n de este reconocimiento, el jurado, integrado por un representante de la Diputaci\u00f3n de Sevilla, que actuar\u00e1 como presidente, un representante de la Confederaci\u00f3n Empresarial de Sevilla y expertos en materia de Turismo Industrial, se valorar\u00e1, entre otros aspectos, la trayectoria desarrollada, la iniciativa en materia de calidad, de diversificaci\u00f3n de la oferta o a la excelencia en la gesti\u00f3n.<\/p>\n<p>El galard\u00f3n en su primera edici\u00f3n fue concedido a la empresa Bodegas Salado, del municipio de Umbrete, y a la Asociaci\u00f3n Cultural Hornos de Cal, de Mor\u00f3n de la Frontera. El pasado a\u00f1o este premio recay\u00f3 en la empresa Industrias Sombrereras Espa\u00f1olas (Isesa), adem\u00e1s de otorgar un acc\u00e9sit a la Fundaci\u00f3n Juan Ram\u00f3n Guill\u00e9n.<\/p>\n","protected":false},"excerpt":{"rendered":"<p>La Diputaci\u00f3n de Sevilla, a trav\u00e9s de Prodetur, ha convocado la tercera edici\u00f3n del galard\u00f3n &#8216;Turismo Industrial de la Provincia de Sevilla&#8217;, un premio que se puso en marcha hace tres a\u00f1os con el objetivo de reconocer a organismos o empresas que destacan por su labor en favor del fomento y la consolidaci\u00f3n de esta<\/p>\n","protected":false},"author":1,"featured_media":77903,"comment_status":"open","ping_status":"closed","sticky":false,"template":"","format":"standard","meta":{"footnotes":""},"categories":[224],"tags":[],"class_list":{"0":"post-77902","1":"post","2":"type-post","3":"status-publish","4":"format-standard","5":"has-post-thumbnail","7":"category-noticias-actualidad"},"aioseo_notices":[],"aioseo_head":"\n\t\t<!-- All in One SEO Pro 4.9.6.1 - aioseo.com -->\n\t<meta name=\"description\" content=\"La Diputaci\u00f3n de Sevilla, a trav\u00e9s de Prodetur, ha convocado la tercera edici\u00f3n del galard\u00f3n &#039;Turismo Industrial de la Provincia de Sevilla&#039;, un premio que se puso en marcha hace tres a\u00f1os con el objetivo de reconocer a organismos o empresas que destacan por su labor en favor del fomento y la consolidaci\u00f3n de esta\" \/>\n\t<meta name=\"robots\" content=\"max-image-preview:large\" \/>\n\t<meta name=\"author\" content=\"admin\"\/>\n\t<meta name=\"google-site-verification\" content=\"UA-38556648-1\" \/>\n\t<meta name=\"keywords\" content=\"noticias y actualidad\" \/>\n\t<link rel=\"canonical\" href=\"https:\/\/eldigitaldeasturias.com\/magazine365\/diputacion-de-sevilla-convoca-el-premio-turismo-industrial\/\" \/>\n\t<meta name=\"generator\" content=\"All in One SEO Pro (AIOSEO) 4.9.6.1\" \/>\n\t\t<meta property=\"og:locale\" content=\"es_ES\" \/>\n\t\t<meta property=\"og:site_name\" content=\"El Digital de Asturias \u2013 Revista de ocio, turismo y estilo de vida\" \/>\n\t\t<meta property=\"og:type\" content=\"article\" \/>\n\t\t<meta property=\"og:title\" content=\"Diputaci\u00f3n de Sevilla convoca el Premio Turismo Industrial | El Digital de Asturias\" \/>\n\t\t<meta property=\"og:description\" content=\"La Diputaci\u00f3n de Sevilla, a trav\u00e9s de Prodetur, ha convocado la tercera edici\u00f3n del galard\u00f3n &#039;Turismo Industrial de la Provincia de Sevilla&#039;, un premio que se puso en marcha hace tres a\u00f1os con el objetivo de reconocer a organismos o empresas que destacan por su labor en favor del fomento y la consolidaci\u00f3n de esta\" \/>\n\t\t<meta property=\"og:url\" content=\"https:\/\/eldigitaldeasturias.com\/magazine365\/diputacion-de-sevilla-convoca-el-premio-turismo-industrial\/\" \/>\n\t\t<meta property=\"og:image\" content=\"https:\/\/eldigitaldeasturias.com\/magazine365\/wp-content\/uploads\/2016\/06\/fotonoticia_20160606154410_800.jpg\" \/>\n\t\t<meta property=\"og:image:secure_url\" content=\"https:\/\/eldigitaldeasturias.com\/magazine365\/wp-content\/uploads\/2016\/06\/fotonoticia_20160606154410_800.jpg\" \/>\n\t\t<meta property=\"og:image:width\" content=\"800\" \/>\n\t\t<meta property=\"og:image:height\" content=\"533\" \/>\n\t\t<meta property=\"article:published_time\" content=\"2016-06-08T08:53:03+00:00\" \/>\n\t\t<meta property=\"article:modified_time\" content=\"2016-06-08T08:53:03+00:00\" \/>\n\t\t<meta name=\"twitter:card\" content=\"summary_large_image\" \/>\n\t\t<meta name=\"twitter:title\" content=\"Diputaci\u00f3n de Sevilla convoca el Premio Turismo Industrial | El Digital de Asturias\" \/>\n\t\t<meta name=\"twitter:description\" content=\"La Diputaci\u00f3n de Sevilla, a trav\u00e9s de Prodetur, ha convocado la tercera edici\u00f3n del galard\u00f3n &#039;Turismo Industrial de la Provincia de Sevilla&#039;, un premio que se puso en marcha hace tres a\u00f1os con el objetivo de reconocer a organismos o empresas que destacan por su labor en favor del fomento y la consolidaci\u00f3n de esta\" \/>\n\t\t<meta name=\"twitter:image\" content=\"https:\/\/eldigitaldeasturias.com\/magazine365\/wp-content\/uploads\/2016\/06\/fotonoticia_20160606154410_800.jpg\" \/>\n\t\t<script type=\"application\/ld+json\" class=\"aioseo-schema\">\n\t\t\t{\"@context\":\"https:\\\/\\\/schema.org\",\"@graph\":[{\"@type\":\"Article\",\"@id\":\"https:\\\/\\\/eldigitaldeasturias.com\\\/magazine365\\\/diputacion-de-sevilla-convoca-el-premio-turismo-industrial\\\/#article\",\"name\":\"Diputaci\\u00f3n de Sevilla convoca el Premio Turismo Industrial | El Digital de Asturias\",\"headline\":\"Diputaci\\u00f3n de Sevilla convoca el Premio Turismo Industrial\",\"author\":{\"@id\":\"https:\\\/\\\/eldigitaldeasturias.com\\\/magazine365\\\/author\\\/admin\\\/#author\"},\"publisher\":{\"@id\":\"https:\\\/\\\/eldigitaldeasturias.com\\\/magazine365\\\/#organization\"},\"image\":{\"@type\":\"ImageObject\",\"url\":\"https:\\\/\\\/eldigitaldeasturias.com\\\/magazine365\\\/wp-content\\\/uploads\\\/2016\\\/06\\\/fotonoticia_20160606154410_800.jpg\",\"width\":800,\"height\":533},\"datePublished\":\"2016-06-08T10:53:03+02:00\",\"dateModified\":\"2016-06-08T10:53:03+02:00\",\"inLanguage\":\"es-ES\",\"mainEntityOfPage\":{\"@id\":\"https:\\\/\\\/eldigitaldeasturias.com\\\/magazine365\\\/diputacion-de-sevilla-convoca-el-premio-turismo-industrial\\\/#webpage\"},\"isPartOf\":{\"@id\":\"https:\\\/\\\/eldigitaldeasturias.com\\\/magazine365\\\/diputacion-de-sevilla-convoca-el-premio-turismo-industrial\\\/#webpage\"},\"articleSection\":\"Noticias y Actualidad\"},{\"@type\":\"BreadcrumbList\",\"@id\":\"https:\\\/\\\/eldigitaldeasturias.com\\\/magazine365\\\/diputacion-de-sevilla-convoca-el-premio-turismo-industrial\\\/#breadcrumblist\",\"itemListElement\":[{\"@type\":\"ListItem\",\"@id\":\"https:\\\/\\\/eldigitaldeasturias.com\\\/magazine365#listItem\",\"position\":1,\"name\":\"Home\",\"item\":\"https:\\\/\\\/eldigitaldeasturias.com\\\/magazine365\",\"nextItem\":{\"@type\":\"ListItem\",\"@id\":\"https:\\\/\\\/eldigitaldeasturias.com\\\/magazine365\\\/category\\\/noticias-actualidad\\\/#listItem\",\"name\":\"Noticias y Actualidad\"}},{\"@type\":\"ListItem\",\"@id\":\"https:\\\/\\\/eldigitaldeasturias.com\\\/magazine365\\\/category\\\/noticias-actualidad\\\/#listItem\",\"position\":2,\"name\":\"Noticias y Actualidad\",\"item\":\"https:\\\/\\\/eldigitaldeasturias.com\\\/magazine365\\\/category\\\/noticias-actualidad\\\/\",\"nextItem\":{\"@type\":\"ListItem\",\"@id\":\"https:\\\/\\\/eldigitaldeasturias.com\\\/magazine365\\\/diputacion-de-sevilla-convoca-el-premio-turismo-industrial\\\/#listItem\",\"name\":\"Diputaci\\u00f3n de Sevilla convoca el Premio Turismo Industrial\"},\"previousItem\":{\"@type\":\"ListItem\",\"@id\":\"https:\\\/\\\/eldigitaldeasturias.com\\\/magazine365#listItem\",\"name\":\"Home\"}},{\"@type\":\"ListItem\",\"@id\":\"https:\\\/\\\/eldigitaldeasturias.com\\\/magazine365\\\/diputacion-de-sevilla-convoca-el-premio-turismo-industrial\\\/#listItem\",\"position\":3,\"name\":\"Diputaci\\u00f3n de Sevilla convoca el Premio Turismo Industrial\",\"previousItem\":{\"@type\":\"ListItem\",\"@id\":\"https:\\\/\\\/eldigitaldeasturias.com\\\/magazine365\\\/category\\\/noticias-actualidad\\\/#listItem\",\"name\":\"Noticias y Actualidad\"}}]},{\"@type\":\"Organization\",\"@id\":\"https:\\\/\\\/eldigitaldeasturias.com\\\/magazine365\\\/#organization\",\"name\":\"El digital de Asturias\",\"description\":\"Revista de ocio, turismo y estilo de vida\",\"url\":\"https:\\\/\\\/eldigitaldeasturias.com\\\/magazine365\\\/\",\"logo\":{\"@type\":\"ImageObject\",\"url\":\"https:\\\/\\\/www.eldigitaldeasturias.com\\\/noticias\\\/wp-content\\\/uploads\\\/2020\\\/12\\\/EDA.jpg\",\"@id\":\"https:\\\/\\\/eldigitaldeasturias.com\\\/magazine365\\\/diputacion-de-sevilla-convoca-el-premio-turismo-industrial\\\/#organizationLogo\"},\"image\":{\"@id\":\"https:\\\/\\\/eldigitaldeasturias.com\\\/magazine365\\\/diputacion-de-sevilla-convoca-el-premio-turismo-industrial\\\/#organizationLogo\"}},{\"@type\":\"Person\",\"@id\":\"https:\\\/\\\/eldigitaldeasturias.com\\\/magazine365\\\/author\\\/admin\\\/#author\",\"url\":\"https:\\\/\\\/eldigitaldeasturias.com\\\/magazine365\\\/author\\\/admin\\\/\",\"name\":\"admin\",\"image\":{\"@type\":\"ImageObject\",\"@id\":\"https:\\\/\\\/eldigitaldeasturias.com\\\/magazine365\\\/diputacion-de-sevilla-convoca-el-premio-turismo-industrial\\\/#authorImage\",\"url\":\"https:\\\/\\\/eldigitaldeasturias.com\\\/magazine365\\\/wp-content\\\/litespeed\\\/avatar\\\/e571bcf59a0edd6fa6838245a470f2fe.jpg?ver=1776969259\",\"width\":96,\"height\":96,\"caption\":\"admin\"}},{\"@type\":\"WebPage\",\"@id\":\"https:\\\/\\\/eldigitaldeasturias.com\\\/magazine365\\\/diputacion-de-sevilla-convoca-el-premio-turismo-industrial\\\/#webpage\",\"url\":\"https:\\\/\\\/eldigitaldeasturias.com\\\/magazine365\\\/diputacion-de-sevilla-convoca-el-premio-turismo-industrial\\\/\",\"name\":\"Diputaci\\u00f3n de Sevilla convoca el Premio Turismo Industrial | El Digital de Asturias\",\"description\":\"La Diputaci\\u00f3n de Sevilla, a trav\\u00e9s de Prodetur, ha convocado la tercera edici\\u00f3n del galard\\u00f3n 'Turismo Industrial de la Provincia de Sevilla', un premio que se puso en marcha hace tres a\\u00f1os con el objetivo de reconocer a organismos o empresas que destacan por su labor en favor del fomento y la consolidaci\\u00f3n de esta\",\"inLanguage\":\"es-ES\",\"isPartOf\":{\"@id\":\"https:\\\/\\\/eldigitaldeasturias.com\\\/magazine365\\\/#website\"},\"breadcrumb\":{\"@id\":\"https:\\\/\\\/eldigitaldeasturias.com\\\/magazine365\\\/diputacion-de-sevilla-convoca-el-premio-turismo-industrial\\\/#breadcrumblist\"},\"author\":{\"@id\":\"https:\\\/\\\/eldigitaldeasturias.com\\\/magazine365\\\/author\\\/admin\\\/#author\"},\"creator\":{\"@id\":\"https:\\\/\\\/eldigitaldeasturias.com\\\/magazine365\\\/author\\\/admin\\\/#author\"},\"image\":{\"@type\":\"ImageObject\",\"url\":\"https:\\\/\\\/eldigitaldeasturias.com\\\/magazine365\\\/wp-content\\\/uploads\\\/2016\\\/06\\\/fotonoticia_20160606154410_800.jpg\",\"@id\":\"https:\\\/\\\/eldigitaldeasturias.com\\\/magazine365\\\/diputacion-de-sevilla-convoca-el-premio-turismo-industrial\\\/#mainImage\",\"width\":800,\"height\":533},\"primaryImageOfPage\":{\"@id\":\"https:\\\/\\\/eldigitaldeasturias.com\\\/magazine365\\\/diputacion-de-sevilla-convoca-el-premio-turismo-industrial\\\/#mainImage\"},\"datePublished\":\"2016-06-08T10:53:03+02:00\",\"dateModified\":\"2016-06-08T10:53:03+02:00\"},{\"@type\":\"WebSite\",\"@id\":\"https:\\\/\\\/eldigitaldeasturias.com\\\/magazine365\\\/#website\",\"url\":\"https:\\\/\\\/eldigitaldeasturias.com\\\/magazine365\\\/\",\"name\":\"El Digital de Asturias\",\"description\":\"Revista de ocio, turismo y estilo de vida\",\"inLanguage\":\"es-ES\",\"publisher\":{\"@id\":\"https:\\\/\\\/eldigitaldeasturias.com\\\/magazine365\\\/#organization\"}}]}\n\t\t<\/script>\n\t\t<!-- All in One SEO Pro -->\r\n\t\t<title>Diputaci\u00f3n de Sevilla convoca el Premio Turismo Industrial | El Digital de Asturias<\/title>\n\n","aioseo_head_json":{"title":"Diputaci\u00f3n de Sevilla convoca el Premio Turismo Industrial | El Digital de Asturias","description":"La Diputaci\u00f3n de Sevilla, a trav\u00e9s de Prodetur, ha convocado la tercera edici\u00f3n del galard\u00f3n 'Turismo Industrial de la Provincia de Sevilla', un premio que se puso en marcha hace tres a\u00f1os con el objetivo de reconocer a organismos o empresas que destacan por su labor en favor del fomento y la consolidaci\u00f3n de esta","canonical_url":"https:\/\/eldigitaldeasturias.com\/magazine365\/diputacion-de-sevilla-convoca-el-premio-turismo-industrial\/","robots":"max-image-preview:large","keywords":"noticias y actualidad","webmasterTools":{"google-site-verification":"UA-38556648-1","miscellaneous":""},"schema":{"@context":"https:\/\/schema.org","@graph":[{"@type":"Article","@id":"https:\/\/eldigitaldeasturias.com\/magazine365\/diputacion-de-sevilla-convoca-el-premio-turismo-industrial\/#article","name":"Diputaci\u00f3n de Sevilla convoca el Premio Turismo Industrial | El Digital de Asturias","headline":"Diputaci\u00f3n de Sevilla convoca el Premio Turismo Industrial","author":{"@id":"https:\/\/eldigitaldeasturias.com\/magazine365\/author\/admin\/#author"},"publisher":{"@id":"https:\/\/eldigitaldeasturias.com\/magazine365\/#organization"},"image":{"@type":"ImageObject","url":"https:\/\/eldigitaldeasturias.com\/magazine365\/wp-content\/uploads\/2016\/06\/fotonoticia_20160606154410_800.jpg","width":800,"height":533},"datePublished":"2016-06-08T10:53:03+02:00","dateModified":"2016-06-08T10:53:03+02:00","inLanguage":"es-ES","mainEntityOfPage":{"@id":"https:\/\/eldigitaldeasturias.com\/magazine365\/diputacion-de-sevilla-convoca-el-premio-turismo-industrial\/#webpage"},"isPartOf":{"@id":"https:\/\/eldigitaldeasturias.com\/magazine365\/diputacion-de-sevilla-convoca-el-premio-turismo-industrial\/#webpage"},"articleSection":"Noticias y Actualidad"},{"@type":"BreadcrumbList","@id":"https:\/\/eldigitaldeasturias.com\/magazine365\/diputacion-de-sevilla-convoca-el-premio-turismo-industrial\/#breadcrumblist","itemListElement":[{"@type":"ListItem","@id":"https:\/\/eldigitaldeasturias.com\/magazine365#listItem","position":1,"name":"Home","item":"https:\/\/eldigitaldeasturias.com\/magazine365","nextItem":{"@type":"ListItem","@id":"https:\/\/eldigitaldeasturias.com\/magazine365\/category\/noticias-actualidad\/#listItem","name":"Noticias y Actualidad"}},{"@type":"ListItem","@id":"https:\/\/eldigitaldeasturias.com\/magazine365\/category\/noticias-actualidad\/#listItem","position":2,"name":"Noticias y Actualidad","item":"https:\/\/eldigitaldeasturias.com\/magazine365\/category\/noticias-actualidad\/","nextItem":{"@type":"ListItem","@id":"https:\/\/eldigitaldeasturias.com\/magazine365\/diputacion-de-sevilla-convoca-el-premio-turismo-industrial\/#listItem","name":"Diputaci\u00f3n de Sevilla convoca el Premio Turismo Industrial"},"previousItem":{"@type":"ListItem","@id":"https:\/\/eldigitaldeasturias.com\/magazine365#listItem","name":"Home"}},{"@type":"ListItem","@id":"https:\/\/eldigitaldeasturias.com\/magazine365\/diputacion-de-sevilla-convoca-el-premio-turismo-industrial\/#listItem","position":3,"name":"Diputaci\u00f3n de Sevilla convoca el Premio Turismo Industrial","previousItem":{"@type":"ListItem","@id":"https:\/\/eldigitaldeasturias.com\/magazine365\/category\/noticias-actualidad\/#listItem","name":"Noticias y Actualidad"}}]},{"@type":"Organization","@id":"https:\/\/eldigitaldeasturias.com\/magazine365\/#organization","name":"El digital de Asturias","description":"Revista de ocio, turismo y estilo de vida","url":"https:\/\/eldigitaldeasturias.com\/magazine365\/","logo":{"@type":"ImageObject","url":"https:\/\/www.eldigitaldeasturias.com\/noticias\/wp-content\/uploads\/2020\/12\/EDA.jpg","@id":"https:\/\/eldigitaldeasturias.com\/magazine365\/diputacion-de-sevilla-convoca-el-premio-turismo-industrial\/#organizationLogo"},"image":{"@id":"https:\/\/eldigitaldeasturias.com\/magazine365\/diputacion-de-sevilla-convoca-el-premio-turismo-industrial\/#organizationLogo"}},{"@type":"Person","@id":"https:\/\/eldigitaldeasturias.com\/magazine365\/author\/admin\/#author","url":"https:\/\/eldigitaldeasturias.com\/magazine365\/author\/admin\/","name":"admin","image":{"@type":"ImageObject","@id":"https:\/\/eldigitaldeasturias.com\/magazine365\/diputacion-de-sevilla-convoca-el-premio-turismo-industrial\/#authorImage","url":"https:\/\/eldigitaldeasturias.com\/magazine365\/wp-content\/litespeed\/avatar\/e571bcf59a0edd6fa6838245a470f2fe.jpg?ver=1776969259","width":96,"height":96,"caption":"admin"}},{"@type":"WebPage","@id":"https:\/\/eldigitaldeasturias.com\/magazine365\/diputacion-de-sevilla-convoca-el-premio-turismo-industrial\/#webpage","url":"https:\/\/eldigitaldeasturias.com\/magazine365\/diputacion-de-sevilla-convoca-el-premio-turismo-industrial\/","name":"Diputaci\u00f3n de Sevilla convoca el Premio Turismo Industrial | El Digital de Asturias","description":"La Diputaci\u00f3n de Sevilla, a trav\u00e9s de Prodetur, ha convocado la tercera edici\u00f3n del galard\u00f3n 'Turismo Industrial de la Provincia de Sevilla', un premio que se puso en marcha hace tres a\u00f1os con el objetivo de reconocer a organismos o empresas que destacan por su labor en favor del fomento y la consolidaci\u00f3n de esta","inLanguage":"es-ES","isPartOf":{"@id":"https:\/\/eldigitaldeasturias.com\/magazine365\/#website"},"breadcrumb":{"@id":"https:\/\/eldigitaldeasturias.com\/magazine365\/diputacion-de-sevilla-convoca-el-premio-turismo-industrial\/#breadcrumblist"},"author":{"@id":"https:\/\/eldigitaldeasturias.com\/magazine365\/author\/admin\/#author"},"creator":{"@id":"https:\/\/eldigitaldeasturias.com\/magazine365\/author\/admin\/#author"},"image":{"@type":"ImageObject","url":"https:\/\/eldigitaldeasturias.com\/magazine365\/wp-content\/uploads\/2016\/06\/fotonoticia_20160606154410_800.jpg","@id":"https:\/\/eldigitaldeasturias.com\/magazine365\/diputacion-de-sevilla-convoca-el-premio-turismo-industrial\/#mainImage","width":800,"height":533},"primaryImageOfPage":{"@id":"https:\/\/eldigitaldeasturias.com\/magazine365\/diputacion-de-sevilla-convoca-el-premio-turismo-industrial\/#mainImage"},"datePublished":"2016-06-08T10:53:03+02:00","dateModified":"2016-06-08T10:53:03+02:00"},{"@type":"WebSite","@id":"https:\/\/eldigitaldeasturias.com\/magazine365\/#website","url":"https:\/\/eldigitaldeasturias.com\/magazine365\/","name":"El Digital de Asturias","description":"Revista de ocio, turismo y estilo de vida","inLanguage":"es-ES","publisher":{"@id":"https:\/\/eldigitaldeasturias.com\/magazine365\/#organization"}}]},"og:locale":"es_ES","og:site_name":"El Digital de Asturias \u2013 Revista de ocio, turismo y estilo de vida","og:type":"article","og:title":"Diputaci\u00f3n de Sevilla convoca el Premio Turismo Industrial | El Digital de Asturias","og:description":"La Diputaci\u00f3n de Sevilla, a trav\u00e9s de Prodetur, ha convocado la tercera edici\u00f3n del galard\u00f3n 'Turismo Industrial de la Provincia de Sevilla', un premio que se puso en marcha hace tres a\u00f1os con el objetivo de reconocer a organismos o empresas que destacan por su labor en favor del fomento y la consolidaci\u00f3n de esta","og:url":"https:\/\/eldigitaldeasturias.com\/magazine365\/diputacion-de-sevilla-convoca-el-premio-turismo-industrial\/","og:image":"https:\/\/eldigitaldeasturias.com\/magazine365\/wp-content\/uploads\/2016\/06\/fotonoticia_20160606154410_800.jpg","og:image:secure_url":"https:\/\/eldigitaldeasturias.com\/magazine365\/wp-content\/uploads\/2016\/06\/fotonoticia_20160606154410_800.jpg","og:image:width":800,"og:image:height":533,"article:published_time":"2016-06-08T08:53:03+00:00","article:modified_time":"2016-06-08T08:53:03+00:00","twitter:card":"summary_large_image","twitter:title":"Diputaci\u00f3n de Sevilla convoca el Premio Turismo Industrial | El Digital de Asturias","twitter:description":"La Diputaci\u00f3n de Sevilla, a trav\u00e9s de Prodetur, ha convocado la tercera edici\u00f3n del galard\u00f3n 'Turismo Industrial de la Provincia de Sevilla', un premio que se puso en marcha hace tres a\u00f1os con el objetivo de reconocer a organismos o empresas que destacan por su labor en favor del fomento y la consolidaci\u00f3n de esta","twitter:image":"https:\/\/eldigitaldeasturias.com\/magazine365\/wp-content\/uploads\/2016\/06\/fotonoticia_20160606154410_800.jpg"},"aioseo_meta_data":{"post_id":"77902","title":null,"description":null,"keywords":null,"keyphrases":null,"primary_term":null,"canonical_url":null,"og_title":null,"og_description":null,"og_object_type":"default","og_image_type":"default","og_image_url":null,"og_image_width":null,"og_image_height":null,"og_image_custom_url":null,"og_image_custom_fields":null,"og_video":null,"og_custom_url":null,"og_article_section":null,"og_article_tags":null,"twitter_use_og":false,"twitter_card":"default","twitter_image_type":"default","twitter_image_url":null,"twitter_image_custom_url":null,"twitter_image_custom_fields":null,"twitter_title":null,"twitter_description":null,"schema":{"blockGraphs":[],"customGraphs":[],"default":{"data":{"Article":[],"Course":[],"Dataset":[],"FAQPage":[],"Movie":[],"Person":[],"Product":[],"ProductReview":[],"Car":[],"Recipe":[],"Service":[],"SoftwareApplication":[],"WebPage":[]},"graphName":"","isEnabled":true},"graphs":[]},"schema_type":null,"schema_type_options":null,"pillar_content":false,"robots_default":true,"robots_noindex":false,"robots_noarchive":false,"robots_nosnippet":false,"robots_nofollow":false,"robots_noimageindex":false,"robots_noodp":false,"robots_notranslate":false,"robots_max_snippet":null,"robots_max_videopreview":null,"robots_max_imagepreview":"large","priority":null,"frequency":null,"location":null,"local_seo":null,"seo_analyzer_scan_date":"2025-09-27 15:52:03","breadcrumb_settings":null,"limit_modified_date":false,"open_ai":null,"ai":null,"created":"2021-03-08 18:07:57","updated":"2025-09-27 15:52:03"},"aioseo_breadcrumb":"<div class=\"aioseo-breadcrumbs\"><span class=\"aioseo-breadcrumb\">\n\t<a href=\"https:\/\/eldigitaldeasturias.com\/magazine365\" title=\"Home\">Home<\/a>\n<\/span><span class=\"aioseo-breadcrumb-separator\">\u2013<\/span><span class=\"aioseo-breadcrumb\">\n\t<a href=\"https:\/\/eldigitaldeasturias.com\/magazine365\/category\/noticias-actualidad\/\" title=\"Noticias y Actualidad\">Noticias y Actualidad<\/a>\n<\/span><span class=\"aioseo-breadcrumb-separator\">\u2013<\/span><span class=\"aioseo-breadcrumb\">\n\t<a href=\"https:\/\/eldigitaldeasturias.com\/magazine365\/diputacion-de-sevilla-convoca-el-premio-turismo-industrial\/\" title=\"Diputaci\u00f3n de Sevilla convoca el Premio Turismo Industrial\">Diputaci\u00f3n de Sevilla convoca el Premio Turismo Industrial<\/a>\n<\/span><\/div>","aioseo_breadcrumb_json":[{"label":"Home","link":"https:\/\/eldigitaldeasturias.com\/magazine365"},{"label":"Noticias y Actualidad","link":"https:\/\/eldigitaldeasturias.com\/magazine365\/category\/noticias-actualidad\/"},{"label":"Diputaci\u00f3n de Sevilla convoca el Premio Turismo Industrial","link":"https:\/\/eldigitaldeasturias.com\/magazine365\/diputacion-de-sevilla-convoca-el-premio-turismo-industrial\/"}],"_links":{"self":[{"href":"https:\/\/eldigitaldeasturias.com\/magazine365\/wp-json\/wp\/v2\/posts\/77902","targetHints":{"allow":["GET"]}}],"collection":[{"href":"https:\/\/eldigitaldeasturias.com\/magazine365\/wp-json\/wp\/v2\/posts"}],"about":[{"href":"https:\/\/eldigitaldeasturias.com\/magazine365\/wp-json\/wp\/v2\/types\/post"}],"author":[{"embeddable":true,"href":"https:\/\/eldigitaldeasturias.com\/magazine365\/wp-json\/wp\/v2\/users\/1"}],"replies":[{"embeddable":true,"href":"https:\/\/eldigitaldeasturias.com\/magazine365\/wp-json\/wp\/v2\/comments?post=77902"}],"version-history":[{"count":0,"href":"https:\/\/eldigitaldeasturias.com\/magazine365\/wp-json\/wp\/v2\/posts\/77902\/revisions"}],"wp:featuredmedia":[{"embeddable":true,"href":"https:\/\/eldigitaldeasturias.com\/magazine365\/wp-json\/wp\/v2\/media\/77903"}],"wp:attachment":[{"href":"https:\/\/eldigitaldeasturias.com\/magazine365\/wp-json\/wp\/v2\/media?parent=77902"}],"wp:term":[{"taxonomy":"category","embeddable":true,"href":"https:\/\/eldigitaldeasturias.com\/magazine365\/wp-json\/wp\/v2\/categories?post=77902"},{"taxonomy":"post_tag","embeddable":true,"href":"https:\/\/eldigitaldeasturias.com\/magazine365\/wp-json\/wp\/v2\/tags?post=77902"}],"curies":[{"name":"wp","href":"https:\/\/api.w.org\/{rel}","templated":true}]}}