{"id":77896,"date":"2016-06-08T10:49:41","date_gmt":"2016-06-08T08:49:41","guid":{"rendered":"http:\/\/eldigitaldeasturias.com\/magazine365\/?p=77896"},"modified":"2016-06-08T10:49:41","modified_gmt":"2016-06-08T08:49:41","slug":"el-espigon-para-proteger-la-playa-de-ferrara-en-torrox-estara-operativo-esta-semana","status":"publish","type":"post","link":"https:\/\/eldigitaldeasturias.com\/magazine365\/el-espigon-para-proteger-la-playa-de-ferrara-en-torrox-estara-operativo-esta-semana\/","title":{"rendered":"El espig\u00f3n para proteger la playa de Ferrara en Torrox estar\u00e1 operativo esta semana"},"content":{"rendered":"<p><img fetchpriority=\"high\" decoding=\"async\" class=\"alignleft size-medium wp-image-77897\" src=\"https:\/\/eldigitaldeasturias.com\/magazine365\/wp-content\/uploads\/2016\/06\/fotonoticia_20160606152948_800-360x203.jpg\" alt=\"fotonoticia_20160606152948_800\" width=\"360\" height=\"203\" srcset=\"https:\/\/eldigitaldeasturias.com\/magazine365\/wp-content\/uploads\/2016\/06\/fotonoticia_20160606152948_800-360x203.jpg 360w, https:\/\/eldigitaldeasturias.com\/magazine365\/wp-content\/uploads\/2016\/06\/fotonoticia_20160606152948_800-650x366.jpg 650w, https:\/\/eldigitaldeasturias.com\/magazine365\/wp-content\/uploads\/2016\/06\/fotonoticia_20160606152948_800-768x432.jpg 768w, https:\/\/eldigitaldeasturias.com\/magazine365\/wp-content\/uploads\/2016\/06\/fotonoticia_20160606152948_800-150x84.jpg 150w, https:\/\/eldigitaldeasturias.com\/magazine365\/wp-content\/uploads\/2016\/06\/fotonoticia_20160606152948_800-450x253.jpg 450w, https:\/\/eldigitaldeasturias.com\/magazine365\/wp-content\/uploads\/2016\/06\/fotonoticia_20160606152948_800-499x280.jpg 499w, https:\/\/eldigitaldeasturias.com\/magazine365\/wp-content\/uploads\/2016\/06\/fotonoticia_20160606152948_800-510x289.jpg 510w, https:\/\/eldigitaldeasturias.com\/magazine365\/wp-content\/uploads\/2016\/06\/fotonoticia_20160606152948_800.jpg 800w\" sizes=\"(max-width: 360px) 100vw, 360px\" \/>El delegado del Gobierno en Andaluc\u00eda, Antonio Sanz, ha visitado este lunes la actuaci\u00f3n de la Demarcaci\u00f3n de Costas en la playa de Ferrara, en el municipio malague\u00f1o de Torrox, para dar a conocer los trabajos que se realizan para la mejora de la accesibilidad del Paseo Mar\u00edtimo de Ferrara, que, previsiblemente, estar\u00e1n concluidos esta semana.<\/p>\n<p>La actuaci\u00f3n, que se est\u00e1 ultimando, cuenta con un presupuesto de ejecuci\u00f3n de m\u00e1s de 306.000 euros, financiados por el Ministerio de Alimentaci\u00f3n, Agricultura y Medio Ambiente (Magrama).<\/p>\n<p>As\u00ed, Sanz ha precisado que, aunque el plazo de la obra era de ocho meses, ha querido destacar \u00abel esfuerzo y la eficacia\u00bb de la Demarcaci\u00f3n de Costas y de la empresa contratista, que han hecho posible que las actuaciones concluyan esta semana, \u00aben un tiempo r\u00e9cord de cuatro meses\u00bb, para evitar molestias a los ba\u00f1istas de cara a la temporada estival.<\/p>\n<p>Ha recordado al respecto, que todo ha sido posible, \u00aba pesar de que los operarios s\u00f3lo han podido intervenir en la parte mar\u00edtima durante los meses de abril y mayo para construir el espig\u00f3n\u00bb, ya que, ha manifestado, la Consejer\u00eda de Pesca de la Junta de Andaluc\u00eda \u00abinst\u00f3 a Costas a no actuar en la zona durante los meses de febrero, marzo, junio y julio para garantizar la protecci\u00f3n de dos especies marinas en \u00e9poca de reproducci\u00f3n\u00bb.<\/p>\n<p>Sanz, que ha estado acompa\u00f1ado por el subdelegado del Gobierno en M\u00e1laga, Miguel Briones; el alcalde de Torrox, \u00d3scar Medina; el presidente de la Diputaci\u00f3n provincial, El\u00edas Bendodo, y el jefe provincial de la Demarcaci\u00f3n de Costas Andaluc\u00eda Oriental, \u00c1ngel Gonz\u00e1lez, se ha reunido tambi\u00e9n con los empresarios del sector tur\u00edstico del municipio, quienes \u00abllevan d\u00e9cadas demandando medidas de protecci\u00f3n definitivas para la playa de Ferrara con el fin de evitar los da\u00f1os que cada temporal de levante provoca\u00bb.<\/p>\n<p>En este punto, Sanz ha recordado que, junto a esta actuaci\u00f3n y de forma casi paralela, Costas ha invertido 207.239,40 euros en aportaciones de arena en las playas Ferrara-El Morche, \u00ablo que garantiza que una vez concluida la actuaci\u00f3n del espig\u00f3n y el paseo, la playa se encuentre en perfecto estado para el ba\u00f1o y disfrute\u00bb. Tambi\u00e9n, ha destacado que el Gobierno de Espa\u00f1a ha destinado 15 millones de euros a la costa malague\u00f1a entre 2012 y 2016.<\/p>\n<p>EROSI\u00d3N<\/p>\n<p>Por otro lado, han explicado que la playa de Ferrara ha presentado en los \u00faltimos a\u00f1os frecuentes procesos de erosi\u00f3n debido a los temporales que alcanzan este tramo de costa.<\/p>\n<p>Estas erosiones consisten en el arrastre de cantidades de arena, que daban lugar en ocasiones a importantes da\u00f1os en diferentes elementos que componen el mobiliario urbano, instalaciones y servicios propios de la zona de playa.<\/p>\n<p>Despu\u00e9s de analizar distintos proyectos y alternativas, el Ministerio de Alimentaci\u00f3n, Agricultura y Medio Ambiente consider\u00f3 como la soluci\u00f3n adecuada para la mejora de la estabilidad de la playa la ejecuci\u00f3n de un espig\u00f3n de escollera en el extremo oriental de la playa, junto a la Punta de Torrox.<\/p>\n<p>\u00abLa funci\u00f3n principal del citado espig\u00f3n &#8211;ha continuado el delegado del Gobierno en Andaluc\u00eda&#8211; ser\u00e1 proteger la playa frente a los oleajes de Levante, que son los que han llegado a producir mayor erosi\u00f3n y mayores da\u00f1os en la zona oriental de la playa\u00bb. Para ello, el espig\u00f3n se ha ubicado en el extremo oriental de la playa, situando el arranque junto a la Punta de Torrox.<\/p>\n<p>La longitud se hab\u00eda fijado en 120 metros, siendo un dique en talud de baja cota de coronaci\u00f3n, pero debido a que la soluci\u00f3n de espig\u00f3n planteada inicialmente arrancaba del propio acantilado rocoso que se encuentra dentro de la zona arqueol\u00f3gica Conjunto Faro de Torrox, catalogada como Bien de Inter\u00e9s Cultural, de forma coordinada con la propia Delegaci\u00f3n Territorial de la Consejer\u00eda de Educaci\u00f3n, Cultura y Deporte de la Junta, se ha corregido esta soluci\u00f3n para que su extremo de tierra quede cinco metros fuera del l\u00edmite del BIC.<\/p>\n<p>De esta forma, eliminando estos cinco metros del extremo de tierra, la longitud del espig\u00f3n proyectado es finalmente de 115 metros, manteniendo el resto de la estructura definida en los estudios previos realizados.<\/p>\n<p>En las zonas donde la fuerza del oleaje es mayor se realizar\u00e1 un manto de protecci\u00f3n con bloques de escollera de entre cinco y seis toneladas de peso, con un espesor de capa de tres metros.<\/p>\n<p>Por otro lado, como obra complementaria que garantice el acceso para la ejecuci\u00f3n del espig\u00f3n por medios terrestres, y en el futuro a los servicios de mantenimiento, salvamento y limpieza de playas, se ha previsto la remodelaci\u00f3n de parte del Paseo Mar\u00edtimo en su conexi\u00f3n con la avenida del Faro.<\/p>\n<p>Han agregado, adem\u00e1s, que se han dise\u00f1ado tres tramos de rampa modificando la actual escalinata del lado sur del paseo, con unas mesetas intermedias que conectan con el sendero que va por el acantilado y con la urbanizaci\u00f3n colindante.<\/p>\n","protected":false},"excerpt":{"rendered":"<p>El delegado del Gobierno en Andaluc\u00eda, Antonio Sanz, ha visitado este lunes la actuaci\u00f3n de la Demarcaci\u00f3n de Costas en la playa de Ferrara, en el municipio malague\u00f1o de Torrox, para dar a conocer los trabajos que se realizan para la mejora de la accesibilidad del Paseo Mar\u00edtimo de Ferrara, que, previsiblemente, estar\u00e1n concluidos esta<\/p>\n","protected":false},"author":1,"featured_media":77897,"comment_status":"open","ping_status":"closed","sticky":false,"template":"","format":"standard","meta":{"footnotes":""},"categories":[224],"tags":[],"class_list":{"0":"post-77896","1":"post","2":"type-post","3":"status-publish","4":"format-standard","5":"has-post-thumbnail","7":"category-noticias-actualidad"},"aioseo_notices":[],"aioseo_head":"\n\t\t<!-- All in One SEO Pro 4.9.6.1 - aioseo.com -->\n\t<meta name=\"description\" content=\"El delegado del Gobierno en Andaluc\u00eda, Antonio Sanz, ha visitado este lunes la actuaci\u00f3n de la Demarcaci\u00f3n de Costas en la playa de Ferrara, en el municipio malague\u00f1o de Torrox, para dar a conocer los trabajos que se realizan para la mejora de la accesibilidad del Paseo Mar\u00edtimo de Ferrara, que, previsiblemente, estar\u00e1n concluidos esta\" \/>\n\t<meta name=\"robots\" content=\"max-image-preview:large\" \/>\n\t<meta name=\"author\" content=\"admin\"\/>\n\t<meta name=\"google-site-verification\" content=\"UA-38556648-1\" \/>\n\t<meta name=\"keywords\" content=\"noticias y actualidad\" \/>\n\t<link rel=\"canonical\" href=\"https:\/\/eldigitaldeasturias.com\/magazine365\/el-espigon-para-proteger-la-playa-de-ferrara-en-torrox-estara-operativo-esta-semana\/\" \/>\n\t<meta name=\"generator\" content=\"All in One SEO Pro (AIOSEO) 4.9.6.1\" \/>\n\t\t<meta property=\"og:locale\" content=\"es_ES\" \/>\n\t\t<meta property=\"og:site_name\" content=\"El Digital de Asturias \u2013 Revista de ocio, turismo y estilo de vida\" \/>\n\t\t<meta property=\"og:type\" content=\"article\" \/>\n\t\t<meta property=\"og:title\" content=\"El espig\u00f3n para proteger la playa de Ferrara en Torrox estar\u00e1 operativo esta semana | El Digital de Asturias\" \/>\n\t\t<meta property=\"og:description\" content=\"El delegado del Gobierno en Andaluc\u00eda, Antonio Sanz, ha visitado este lunes la actuaci\u00f3n de la Demarcaci\u00f3n de Costas en la playa de Ferrara, en el municipio malague\u00f1o de Torrox, para dar a conocer los trabajos que se realizan para la mejora de la accesibilidad del Paseo Mar\u00edtimo de Ferrara, que, previsiblemente, estar\u00e1n concluidos esta\" \/>\n\t\t<meta property=\"og:url\" content=\"https:\/\/eldigitaldeasturias.com\/magazine365\/el-espigon-para-proteger-la-playa-de-ferrara-en-torrox-estara-operativo-esta-semana\/\" \/>\n\t\t<meta property=\"og:image\" content=\"https:\/\/eldigitaldeasturias.com\/magazine365\/wp-content\/uploads\/2016\/06\/fotonoticia_20160606152948_800.jpg\" \/>\n\t\t<meta property=\"og:image:secure_url\" content=\"https:\/\/eldigitaldeasturias.com\/magazine365\/wp-content\/uploads\/2016\/06\/fotonoticia_20160606152948_800.jpg\" \/>\n\t\t<meta property=\"og:image:width\" content=\"800\" \/>\n\t\t<meta property=\"og:image:height\" content=\"450\" \/>\n\t\t<meta property=\"article:published_time\" content=\"2016-06-08T08:49:41+00:00\" \/>\n\t\t<meta property=\"article:modified_time\" content=\"2016-06-08T08:49:41+00:00\" \/>\n\t\t<meta name=\"twitter:card\" content=\"summary_large_image\" \/>\n\t\t<meta name=\"twitter:title\" content=\"El espig\u00f3n para proteger la playa de Ferrara en Torrox estar\u00e1 operativo esta semana | El Digital de Asturias\" \/>\n\t\t<meta name=\"twitter:description\" content=\"El delegado del Gobierno en Andaluc\u00eda, Antonio Sanz, ha visitado este lunes la actuaci\u00f3n de la Demarcaci\u00f3n de Costas en la playa de Ferrara, en el municipio malague\u00f1o de Torrox, para dar a conocer los trabajos que se realizan para la mejora de la accesibilidad del Paseo Mar\u00edtimo de Ferrara, que, previsiblemente, estar\u00e1n concluidos esta\" \/>\n\t\t<meta name=\"twitter:image\" content=\"https:\/\/eldigitaldeasturias.com\/magazine365\/wp-content\/uploads\/2016\/06\/fotonoticia_20160606152948_800.jpg\" \/>\n\t\t<script type=\"application\/ld+json\" class=\"aioseo-schema\">\n\t\t\t{\"@context\":\"https:\\\/\\\/schema.org\",\"@graph\":[{\"@type\":\"Article\",\"@id\":\"https:\\\/\\\/eldigitaldeasturias.com\\\/magazine365\\\/el-espigon-para-proteger-la-playa-de-ferrara-en-torrox-estara-operativo-esta-semana\\\/#article\",\"name\":\"El espig\\u00f3n para proteger la playa de Ferrara en Torrox estar\\u00e1 operativo esta semana | El Digital de Asturias\",\"headline\":\"El espig\\u00f3n para proteger la playa de Ferrara en Torrox estar\\u00e1 operativo esta semana\",\"author\":{\"@id\":\"https:\\\/\\\/eldigitaldeasturias.com\\\/magazine365\\\/author\\\/admin\\\/#author\"},\"publisher\":{\"@id\":\"https:\\\/\\\/eldigitaldeasturias.com\\\/magazine365\\\/#organization\"},\"image\":{\"@type\":\"ImageObject\",\"url\":\"https:\\\/\\\/eldigitaldeasturias.com\\\/magazine365\\\/wp-content\\\/uploads\\\/2016\\\/06\\\/fotonoticia_20160606152948_800.jpg\",\"width\":800,\"height\":450},\"datePublished\":\"2016-06-08T10:49:41+02:00\",\"dateModified\":\"2016-06-08T10:49:41+02:00\",\"inLanguage\":\"es-ES\",\"mainEntityOfPage\":{\"@id\":\"https:\\\/\\\/eldigitaldeasturias.com\\\/magazine365\\\/el-espigon-para-proteger-la-playa-de-ferrara-en-torrox-estara-operativo-esta-semana\\\/#webpage\"},\"isPartOf\":{\"@id\":\"https:\\\/\\\/eldigitaldeasturias.com\\\/magazine365\\\/el-espigon-para-proteger-la-playa-de-ferrara-en-torrox-estara-operativo-esta-semana\\\/#webpage\"},\"articleSection\":\"Noticias y Actualidad\"},{\"@type\":\"BreadcrumbList\",\"@id\":\"https:\\\/\\\/eldigitaldeasturias.com\\\/magazine365\\\/el-espigon-para-proteger-la-playa-de-ferrara-en-torrox-estara-operativo-esta-semana\\\/#breadcrumblist\",\"itemListElement\":[{\"@type\":\"ListItem\",\"@id\":\"https:\\\/\\\/eldigitaldeasturias.com\\\/magazine365#listItem\",\"position\":1,\"name\":\"Home\",\"item\":\"https:\\\/\\\/eldigitaldeasturias.com\\\/magazine365\",\"nextItem\":{\"@type\":\"ListItem\",\"@id\":\"https:\\\/\\\/eldigitaldeasturias.com\\\/magazine365\\\/category\\\/noticias-actualidad\\\/#listItem\",\"name\":\"Noticias y Actualidad\"}},{\"@type\":\"ListItem\",\"@id\":\"https:\\\/\\\/eldigitaldeasturias.com\\\/magazine365\\\/category\\\/noticias-actualidad\\\/#listItem\",\"position\":2,\"name\":\"Noticias y Actualidad\",\"item\":\"https:\\\/\\\/eldigitaldeasturias.com\\\/magazine365\\\/category\\\/noticias-actualidad\\\/\",\"nextItem\":{\"@type\":\"ListItem\",\"@id\":\"https:\\\/\\\/eldigitaldeasturias.com\\\/magazine365\\\/el-espigon-para-proteger-la-playa-de-ferrara-en-torrox-estara-operativo-esta-semana\\\/#listItem\",\"name\":\"El espig\\u00f3n para proteger la playa de Ferrara en Torrox estar\\u00e1 operativo esta semana\"},\"previousItem\":{\"@type\":\"ListItem\",\"@id\":\"https:\\\/\\\/eldigitaldeasturias.com\\\/magazine365#listItem\",\"name\":\"Home\"}},{\"@type\":\"ListItem\",\"@id\":\"https:\\\/\\\/eldigitaldeasturias.com\\\/magazine365\\\/el-espigon-para-proteger-la-playa-de-ferrara-en-torrox-estara-operativo-esta-semana\\\/#listItem\",\"position\":3,\"name\":\"El espig\\u00f3n para proteger la playa de Ferrara en Torrox estar\\u00e1 operativo esta semana\",\"previousItem\":{\"@type\":\"ListItem\",\"@id\":\"https:\\\/\\\/eldigitaldeasturias.com\\\/magazine365\\\/category\\\/noticias-actualidad\\\/#listItem\",\"name\":\"Noticias y Actualidad\"}}]},{\"@type\":\"Organization\",\"@id\":\"https:\\\/\\\/eldigitaldeasturias.com\\\/magazine365\\\/#organization\",\"name\":\"El digital de Asturias\",\"description\":\"Revista de ocio, turismo y estilo de vida\",\"url\":\"https:\\\/\\\/eldigitaldeasturias.com\\\/magazine365\\\/\",\"logo\":{\"@type\":\"ImageObject\",\"url\":\"https:\\\/\\\/www.eldigitaldeasturias.com\\\/noticias\\\/wp-content\\\/uploads\\\/2020\\\/12\\\/EDA.jpg\",\"@id\":\"https:\\\/\\\/eldigitaldeasturias.com\\\/magazine365\\\/el-espigon-para-proteger-la-playa-de-ferrara-en-torrox-estara-operativo-esta-semana\\\/#organizationLogo\"},\"image\":{\"@id\":\"https:\\\/\\\/eldigitaldeasturias.com\\\/magazine365\\\/el-espigon-para-proteger-la-playa-de-ferrara-en-torrox-estara-operativo-esta-semana\\\/#organizationLogo\"}},{\"@type\":\"Person\",\"@id\":\"https:\\\/\\\/eldigitaldeasturias.com\\\/magazine365\\\/author\\\/admin\\\/#author\",\"url\":\"https:\\\/\\\/eldigitaldeasturias.com\\\/magazine365\\\/author\\\/admin\\\/\",\"name\":\"admin\",\"image\":{\"@type\":\"ImageObject\",\"@id\":\"https:\\\/\\\/eldigitaldeasturias.com\\\/magazine365\\\/el-espigon-para-proteger-la-playa-de-ferrara-en-torrox-estara-operativo-esta-semana\\\/#authorImage\",\"url\":\"https:\\\/\\\/eldigitaldeasturias.com\\\/magazine365\\\/wp-content\\\/litespeed\\\/avatar\\\/e571bcf59a0edd6fa6838245a470f2fe.jpg?ver=1776969259\",\"width\":96,\"height\":96,\"caption\":\"admin\"}},{\"@type\":\"WebPage\",\"@id\":\"https:\\\/\\\/eldigitaldeasturias.com\\\/magazine365\\\/el-espigon-para-proteger-la-playa-de-ferrara-en-torrox-estara-operativo-esta-semana\\\/#webpage\",\"url\":\"https:\\\/\\\/eldigitaldeasturias.com\\\/magazine365\\\/el-espigon-para-proteger-la-playa-de-ferrara-en-torrox-estara-operativo-esta-semana\\\/\",\"name\":\"El espig\\u00f3n para proteger la playa de Ferrara en Torrox estar\\u00e1 operativo esta semana | El Digital de Asturias\",\"description\":\"El delegado del Gobierno en Andaluc\\u00eda, Antonio Sanz, ha visitado este lunes la actuaci\\u00f3n de la Demarcaci\\u00f3n de Costas en la playa de Ferrara, en el municipio malague\\u00f1o de Torrox, para dar a conocer los trabajos que se realizan para la mejora de la accesibilidad del Paseo Mar\\u00edtimo de Ferrara, que, previsiblemente, estar\\u00e1n concluidos esta\",\"inLanguage\":\"es-ES\",\"isPartOf\":{\"@id\":\"https:\\\/\\\/eldigitaldeasturias.com\\\/magazine365\\\/#website\"},\"breadcrumb\":{\"@id\":\"https:\\\/\\\/eldigitaldeasturias.com\\\/magazine365\\\/el-espigon-para-proteger-la-playa-de-ferrara-en-torrox-estara-operativo-esta-semana\\\/#breadcrumblist\"},\"author\":{\"@id\":\"https:\\\/\\\/eldigitaldeasturias.com\\\/magazine365\\\/author\\\/admin\\\/#author\"},\"creator\":{\"@id\":\"https:\\\/\\\/eldigitaldeasturias.com\\\/magazine365\\\/author\\\/admin\\\/#author\"},\"image\":{\"@type\":\"ImageObject\",\"url\":\"https:\\\/\\\/eldigitaldeasturias.com\\\/magazine365\\\/wp-content\\\/uploads\\\/2016\\\/06\\\/fotonoticia_20160606152948_800.jpg\",\"@id\":\"https:\\\/\\\/eldigitaldeasturias.com\\\/magazine365\\\/el-espigon-para-proteger-la-playa-de-ferrara-en-torrox-estara-operativo-esta-semana\\\/#mainImage\",\"width\":800,\"height\":450},\"primaryImageOfPage\":{\"@id\":\"https:\\\/\\\/eldigitaldeasturias.com\\\/magazine365\\\/el-espigon-para-proteger-la-playa-de-ferrara-en-torrox-estara-operativo-esta-semana\\\/#mainImage\"},\"datePublished\":\"2016-06-08T10:49:41+02:00\",\"dateModified\":\"2016-06-08T10:49:41+02:00\"},{\"@type\":\"WebSite\",\"@id\":\"https:\\\/\\\/eldigitaldeasturias.com\\\/magazine365\\\/#website\",\"url\":\"https:\\\/\\\/eldigitaldeasturias.com\\\/magazine365\\\/\",\"name\":\"El Digital de Asturias\",\"description\":\"Revista de ocio, turismo y estilo de vida\",\"inLanguage\":\"es-ES\",\"publisher\":{\"@id\":\"https:\\\/\\\/eldigitaldeasturias.com\\\/magazine365\\\/#organization\"}}]}\n\t\t<\/script>\n\t\t<!-- All in One SEO Pro -->\r\n\t\t<title>El espig\u00f3n para proteger la playa de Ferrara en Torrox estar\u00e1 operativo esta semana | El Digital de Asturias<\/title>\n\n","aioseo_head_json":{"title":"El espig\u00f3n para proteger la playa de Ferrara en Torrox estar\u00e1 operativo esta semana | El Digital de Asturias","description":"El delegado del Gobierno en Andaluc\u00eda, Antonio Sanz, ha visitado este lunes la actuaci\u00f3n de la Demarcaci\u00f3n de Costas en la playa de Ferrara, en el municipio malague\u00f1o de Torrox, para dar a conocer los trabajos que se realizan para la mejora de la accesibilidad del Paseo Mar\u00edtimo de Ferrara, que, previsiblemente, estar\u00e1n concluidos esta","canonical_url":"https:\/\/eldigitaldeasturias.com\/magazine365\/el-espigon-para-proteger-la-playa-de-ferrara-en-torrox-estara-operativo-esta-semana\/","robots":"max-image-preview:large","keywords":"noticias y actualidad","webmasterTools":{"google-site-verification":"UA-38556648-1","miscellaneous":""},"schema":{"@context":"https:\/\/schema.org","@graph":[{"@type":"Article","@id":"https:\/\/eldigitaldeasturias.com\/magazine365\/el-espigon-para-proteger-la-playa-de-ferrara-en-torrox-estara-operativo-esta-semana\/#article","name":"El espig\u00f3n para proteger la playa de Ferrara en Torrox estar\u00e1 operativo esta semana | El Digital de Asturias","headline":"El espig\u00f3n para proteger la playa de Ferrara en Torrox estar\u00e1 operativo esta semana","author":{"@id":"https:\/\/eldigitaldeasturias.com\/magazine365\/author\/admin\/#author"},"publisher":{"@id":"https:\/\/eldigitaldeasturias.com\/magazine365\/#organization"},"image":{"@type":"ImageObject","url":"https:\/\/eldigitaldeasturias.com\/magazine365\/wp-content\/uploads\/2016\/06\/fotonoticia_20160606152948_800.jpg","width":800,"height":450},"datePublished":"2016-06-08T10:49:41+02:00","dateModified":"2016-06-08T10:49:41+02:00","inLanguage":"es-ES","mainEntityOfPage":{"@id":"https:\/\/eldigitaldeasturias.com\/magazine365\/el-espigon-para-proteger-la-playa-de-ferrara-en-torrox-estara-operativo-esta-semana\/#webpage"},"isPartOf":{"@id":"https:\/\/eldigitaldeasturias.com\/magazine365\/el-espigon-para-proteger-la-playa-de-ferrara-en-torrox-estara-operativo-esta-semana\/#webpage"},"articleSection":"Noticias y Actualidad"},{"@type":"BreadcrumbList","@id":"https:\/\/eldigitaldeasturias.com\/magazine365\/el-espigon-para-proteger-la-playa-de-ferrara-en-torrox-estara-operativo-esta-semana\/#breadcrumblist","itemListElement":[{"@type":"ListItem","@id":"https:\/\/eldigitaldeasturias.com\/magazine365#listItem","position":1,"name":"Home","item":"https:\/\/eldigitaldeasturias.com\/magazine365","nextItem":{"@type":"ListItem","@id":"https:\/\/eldigitaldeasturias.com\/magazine365\/category\/noticias-actualidad\/#listItem","name":"Noticias y Actualidad"}},{"@type":"ListItem","@id":"https:\/\/eldigitaldeasturias.com\/magazine365\/category\/noticias-actualidad\/#listItem","position":2,"name":"Noticias y Actualidad","item":"https:\/\/eldigitaldeasturias.com\/magazine365\/category\/noticias-actualidad\/","nextItem":{"@type":"ListItem","@id":"https:\/\/eldigitaldeasturias.com\/magazine365\/el-espigon-para-proteger-la-playa-de-ferrara-en-torrox-estara-operativo-esta-semana\/#listItem","name":"El espig\u00f3n para proteger la playa de Ferrara en Torrox estar\u00e1 operativo esta semana"},"previousItem":{"@type":"ListItem","@id":"https:\/\/eldigitaldeasturias.com\/magazine365#listItem","name":"Home"}},{"@type":"ListItem","@id":"https:\/\/eldigitaldeasturias.com\/magazine365\/el-espigon-para-proteger-la-playa-de-ferrara-en-torrox-estara-operativo-esta-semana\/#listItem","position":3,"name":"El espig\u00f3n para proteger la playa de Ferrara en Torrox estar\u00e1 operativo esta semana","previousItem":{"@type":"ListItem","@id":"https:\/\/eldigitaldeasturias.com\/magazine365\/category\/noticias-actualidad\/#listItem","name":"Noticias y Actualidad"}}]},{"@type":"Organization","@id":"https:\/\/eldigitaldeasturias.com\/magazine365\/#organization","name":"El digital de Asturias","description":"Revista de ocio, turismo y estilo de vida","url":"https:\/\/eldigitaldeasturias.com\/magazine365\/","logo":{"@type":"ImageObject","url":"https:\/\/www.eldigitaldeasturias.com\/noticias\/wp-content\/uploads\/2020\/12\/EDA.jpg","@id":"https:\/\/eldigitaldeasturias.com\/magazine365\/el-espigon-para-proteger-la-playa-de-ferrara-en-torrox-estara-operativo-esta-semana\/#organizationLogo"},"image":{"@id":"https:\/\/eldigitaldeasturias.com\/magazine365\/el-espigon-para-proteger-la-playa-de-ferrara-en-torrox-estara-operativo-esta-semana\/#organizationLogo"}},{"@type":"Person","@id":"https:\/\/eldigitaldeasturias.com\/magazine365\/author\/admin\/#author","url":"https:\/\/eldigitaldeasturias.com\/magazine365\/author\/admin\/","name":"admin","image":{"@type":"ImageObject","@id":"https:\/\/eldigitaldeasturias.com\/magazine365\/el-espigon-para-proteger-la-playa-de-ferrara-en-torrox-estara-operativo-esta-semana\/#authorImage","url":"https:\/\/eldigitaldeasturias.com\/magazine365\/wp-content\/litespeed\/avatar\/e571bcf59a0edd6fa6838245a470f2fe.jpg?ver=1776969259","width":96,"height":96,"caption":"admin"}},{"@type":"WebPage","@id":"https:\/\/eldigitaldeasturias.com\/magazine365\/el-espigon-para-proteger-la-playa-de-ferrara-en-torrox-estara-operativo-esta-semana\/#webpage","url":"https:\/\/eldigitaldeasturias.com\/magazine365\/el-espigon-para-proteger-la-playa-de-ferrara-en-torrox-estara-operativo-esta-semana\/","name":"El espig\u00f3n para proteger la playa de Ferrara en Torrox estar\u00e1 operativo esta semana | El Digital de Asturias","description":"El delegado del Gobierno en Andaluc\u00eda, Antonio Sanz, ha visitado este lunes la actuaci\u00f3n de la Demarcaci\u00f3n de Costas en la playa de Ferrara, en el municipio malague\u00f1o de Torrox, para dar a conocer los trabajos que se realizan para la mejora de la accesibilidad del Paseo Mar\u00edtimo de Ferrara, que, previsiblemente, estar\u00e1n concluidos esta","inLanguage":"es-ES","isPartOf":{"@id":"https:\/\/eldigitaldeasturias.com\/magazine365\/#website"},"breadcrumb":{"@id":"https:\/\/eldigitaldeasturias.com\/magazine365\/el-espigon-para-proteger-la-playa-de-ferrara-en-torrox-estara-operativo-esta-semana\/#breadcrumblist"},"author":{"@id":"https:\/\/eldigitaldeasturias.com\/magazine365\/author\/admin\/#author"},"creator":{"@id":"https:\/\/eldigitaldeasturias.com\/magazine365\/author\/admin\/#author"},"image":{"@type":"ImageObject","url":"https:\/\/eldigitaldeasturias.com\/magazine365\/wp-content\/uploads\/2016\/06\/fotonoticia_20160606152948_800.jpg","@id":"https:\/\/eldigitaldeasturias.com\/magazine365\/el-espigon-para-proteger-la-playa-de-ferrara-en-torrox-estara-operativo-esta-semana\/#mainImage","width":800,"height":450},"primaryImageOfPage":{"@id":"https:\/\/eldigitaldeasturias.com\/magazine365\/el-espigon-para-proteger-la-playa-de-ferrara-en-torrox-estara-operativo-esta-semana\/#mainImage"},"datePublished":"2016-06-08T10:49:41+02:00","dateModified":"2016-06-08T10:49:41+02:00"},{"@type":"WebSite","@id":"https:\/\/eldigitaldeasturias.com\/magazine365\/#website","url":"https:\/\/eldigitaldeasturias.com\/magazine365\/","name":"El Digital de Asturias","description":"Revista de ocio, turismo y estilo de vida","inLanguage":"es-ES","publisher":{"@id":"https:\/\/eldigitaldeasturias.com\/magazine365\/#organization"}}]},"og:locale":"es_ES","og:site_name":"El Digital de Asturias \u2013 Revista de ocio, turismo y estilo de vida","og:type":"article","og:title":"El espig\u00f3n para proteger la playa de Ferrara en Torrox estar\u00e1 operativo esta semana | El Digital de Asturias","og:description":"El delegado del Gobierno en Andaluc\u00eda, Antonio Sanz, ha visitado este lunes la actuaci\u00f3n de la Demarcaci\u00f3n de Costas en la playa de Ferrara, en el municipio malague\u00f1o de Torrox, para dar a conocer los trabajos que se realizan para la mejora de la accesibilidad del Paseo Mar\u00edtimo de Ferrara, que, previsiblemente, estar\u00e1n concluidos esta","og:url":"https:\/\/eldigitaldeasturias.com\/magazine365\/el-espigon-para-proteger-la-playa-de-ferrara-en-torrox-estara-operativo-esta-semana\/","og:image":"https:\/\/eldigitaldeasturias.com\/magazine365\/wp-content\/uploads\/2016\/06\/fotonoticia_20160606152948_800.jpg","og:image:secure_url":"https:\/\/eldigitaldeasturias.com\/magazine365\/wp-content\/uploads\/2016\/06\/fotonoticia_20160606152948_800.jpg","og:image:width":800,"og:image:height":450,"article:published_time":"2016-06-08T08:49:41+00:00","article:modified_time":"2016-06-08T08:49:41+00:00","twitter:card":"summary_large_image","twitter:title":"El espig\u00f3n para proteger la playa de Ferrara en Torrox estar\u00e1 operativo esta semana | El Digital de Asturias","twitter:description":"El delegado del Gobierno en Andaluc\u00eda, Antonio Sanz, ha visitado este lunes la actuaci\u00f3n de la Demarcaci\u00f3n de Costas en la playa de Ferrara, en el municipio malague\u00f1o de Torrox, para dar a conocer los trabajos que se realizan para la mejora de la accesibilidad del Paseo Mar\u00edtimo de Ferrara, que, previsiblemente, estar\u00e1n concluidos esta","twitter:image":"https:\/\/eldigitaldeasturias.com\/magazine365\/wp-content\/uploads\/2016\/06\/fotonoticia_20160606152948_800.jpg"},"aioseo_meta_data":{"post_id":"77896","title":null,"description":null,"keywords":null,"keyphrases":null,"primary_term":null,"canonical_url":null,"og_title":null,"og_description":null,"og_object_type":"default","og_image_type":"default","og_image_url":null,"og_image_width":null,"og_image_height":null,"og_image_custom_url":null,"og_image_custom_fields":null,"og_video":null,"og_custom_url":null,"og_article_section":null,"og_article_tags":null,"twitter_use_og":false,"twitter_card":"default","twitter_image_type":"default","twitter_image_url":null,"twitter_image_custom_url":null,"twitter_image_custom_fields":null,"twitter_title":null,"twitter_description":null,"schema":{"blockGraphs":[],"customGraphs":[],"default":{"data":{"Article":[],"Course":[],"Dataset":[],"FAQPage":[],"Movie":[],"Person":[],"Product":[],"ProductReview":[],"Car":[],"Recipe":[],"Service":[],"SoftwareApplication":[],"WebPage":[]},"graphName":"","isEnabled":true},"graphs":[],"defaultGraph":"","defaultPostTypeGraph":""},"schema_type":null,"schema_type_options":null,"pillar_content":false,"robots_default":true,"robots_noindex":false,"robots_noarchive":false,"robots_nosnippet":false,"robots_nofollow":false,"robots_noimageindex":false,"robots_noodp":false,"robots_notranslate":false,"robots_max_snippet":null,"robots_max_videopreview":null,"robots_max_imagepreview":"large","priority":null,"frequency":null,"location":null,"local_seo":null,"seo_analyzer_scan_date":"2025-09-27 15:50:02","breadcrumb_settings":null,"limit_modified_date":false,"open_ai":null,"ai":null,"created":"2021-03-08 18:07:57","updated":"2025-09-27 15:50:02"},"aioseo_breadcrumb":"<div class=\"aioseo-breadcrumbs\"><span class=\"aioseo-breadcrumb\">\n\t<a href=\"https:\/\/eldigitaldeasturias.com\/magazine365\" title=\"Home\">Home<\/a>\n<\/span><span class=\"aioseo-breadcrumb-separator\">\u2013<\/span><span class=\"aioseo-breadcrumb\">\n\t<a href=\"https:\/\/eldigitaldeasturias.com\/magazine365\/category\/noticias-actualidad\/\" title=\"Noticias y Actualidad\">Noticias y Actualidad<\/a>\n<\/span><span class=\"aioseo-breadcrumb-separator\">\u2013<\/span><span class=\"aioseo-breadcrumb\">\n\t<a href=\"https:\/\/eldigitaldeasturias.com\/magazine365\/el-espigon-para-proteger-la-playa-de-ferrara-en-torrox-estara-operativo-esta-semana\/\" title=\"El espig\u00f3n para proteger la playa de Ferrara en Torrox estar\u00e1 operativo esta semana\">El espig\u00f3n para proteger la playa de Ferrara en Torrox estar\u00e1 operativo esta semana<\/a>\n<\/span><\/div>","aioseo_breadcrumb_json":[{"label":"Home","link":"https:\/\/eldigitaldeasturias.com\/magazine365"},{"label":"Noticias y Actualidad","link":"https:\/\/eldigitaldeasturias.com\/magazine365\/category\/noticias-actualidad\/"},{"label":"El espig\u00f3n para proteger la playa de Ferrara en Torrox estar\u00e1 operativo esta semana","link":"https:\/\/eldigitaldeasturias.com\/magazine365\/el-espigon-para-proteger-la-playa-de-ferrara-en-torrox-estara-operativo-esta-semana\/"}],"_links":{"self":[{"href":"https:\/\/eldigitaldeasturias.com\/magazine365\/wp-json\/wp\/v2\/posts\/77896","targetHints":{"allow":["GET"]}}],"collection":[{"href":"https:\/\/eldigitaldeasturias.com\/magazine365\/wp-json\/wp\/v2\/posts"}],"about":[{"href":"https:\/\/eldigitaldeasturias.com\/magazine365\/wp-json\/wp\/v2\/types\/post"}],"author":[{"embeddable":true,"href":"https:\/\/eldigitaldeasturias.com\/magazine365\/wp-json\/wp\/v2\/users\/1"}],"replies":[{"embeddable":true,"href":"https:\/\/eldigitaldeasturias.com\/magazine365\/wp-json\/wp\/v2\/comments?post=77896"}],"version-history":[{"count":0,"href":"https:\/\/eldigitaldeasturias.com\/magazine365\/wp-json\/wp\/v2\/posts\/77896\/revisions"}],"wp:featuredmedia":[{"embeddable":true,"href":"https:\/\/eldigitaldeasturias.com\/magazine365\/wp-json\/wp\/v2\/media\/77897"}],"wp:attachment":[{"href":"https:\/\/eldigitaldeasturias.com\/magazine365\/wp-json\/wp\/v2\/media?parent=77896"}],"wp:term":[{"taxonomy":"category","embeddable":true,"href":"https:\/\/eldigitaldeasturias.com\/magazine365\/wp-json\/wp\/v2\/categories?post=77896"},{"taxonomy":"post_tag","embeddable":true,"href":"https:\/\/eldigitaldeasturias.com\/magazine365\/wp-json\/wp\/v2\/tags?post=77896"}],"curies":[{"name":"wp","href":"https:\/\/api.w.org\/{rel}","templated":true}]}}