{"id":77885,"date":"2016-06-08T10:46:19","date_gmt":"2016-06-08T08:46:19","guid":{"rendered":"http:\/\/eldigitaldeasturias.com\/magazine365\/?p=77885"},"modified":"2016-06-08T10:46:19","modified_gmt":"2016-06-08T08:46:19","slug":"un-65-de-espanoles-no-cree-que-la-administracion-sea-responsable-de-reducir-la-siniestralidad-vial","status":"publish","type":"post","link":"https:\/\/eldigitaldeasturias.com\/magazine365\/un-65-de-espanoles-no-cree-que-la-administracion-sea-responsable-de-reducir-la-siniestralidad-vial\/","title":{"rendered":"Un 65% de espa\u00f1oles no cree que la Administraci\u00f3n sea responsable de reducir la siniestralidad vial"},"content":{"rendered":"<p><img fetchpriority=\"high\" decoding=\"async\" class=\"alignleft size-medium wp-image-77886\" src=\"https:\/\/eldigitaldeasturias.com\/magazine365\/wp-content\/uploads\/2016\/06\/fotonoticia_20160606152626_800-360x203.jpg\" alt=\"fotonoticia_20160606152626_800\" width=\"360\" height=\"203\" srcset=\"https:\/\/eldigitaldeasturias.com\/magazine365\/wp-content\/uploads\/2016\/06\/fotonoticia_20160606152626_800-360x203.jpg 360w, https:\/\/eldigitaldeasturias.com\/magazine365\/wp-content\/uploads\/2016\/06\/fotonoticia_20160606152626_800-650x366.jpg 650w, https:\/\/eldigitaldeasturias.com\/magazine365\/wp-content\/uploads\/2016\/06\/fotonoticia_20160606152626_800-768x432.jpg 768w, https:\/\/eldigitaldeasturias.com\/magazine365\/wp-content\/uploads\/2016\/06\/fotonoticia_20160606152626_800-150x84.jpg 150w, https:\/\/eldigitaldeasturias.com\/magazine365\/wp-content\/uploads\/2016\/06\/fotonoticia_20160606152626_800-450x253.jpg 450w, https:\/\/eldigitaldeasturias.com\/magazine365\/wp-content\/uploads\/2016\/06\/fotonoticia_20160606152626_800-499x280.jpg 499w, https:\/\/eldigitaldeasturias.com\/magazine365\/wp-content\/uploads\/2016\/06\/fotonoticia_20160606152626_800-510x289.jpg 510w, https:\/\/eldigitaldeasturias.com\/magazine365\/wp-content\/uploads\/2016\/06\/fotonoticia_20160606152626_800.jpg 800w\" sizes=\"(max-width: 360px) 100vw, 360px\" \/>El 65,7 por ciento de los espa\u00f1oles cree que la responsabilidad de reducir la siniestralidad en las carreteras es de los propios conductores, frente al 7 por ciento que se\u00f1ala hacia la Administraci\u00f3n, seg\u00fan el bar\u00f3metro publicado por el Centro de Investigaciones Sociol\u00f3gicas (CIS). Existe, adem\u00e1s, un 26,1 por ciento que cree que ambas partes son corresponsables por igual.<\/p>\n<p>A\u00fan as\u00ed, los encuestados eligen labores de la Administraci\u00f3n entre las medidas \u00abm\u00e1s eficaces\u00bb que ser\u00edan necesarias para evitar accidentes, como la presencia de m\u00e1s controles y aumento de la vigilancia (27,9%) y campa\u00f1as de sensibilizaci\u00f3n y educaci\u00f3n vial (21,2%). En tercer lugar se situar\u00eda la mejora de las carreteras y se\u00f1alizaci\u00f3n (14,2%).<\/p>\n<p>Del mismo modo, un 12,2 por ciento eligi\u00f3 como primera opci\u00f3n para bajar la siniestralidad impartir lecciones peri\u00f3dicas a conductores, mientras que un 10,3 por ciento se decant\u00f3 por las sanciones como mejor medida y un 7,8 por ciento los radares.<\/p>\n<p>El documento muestra tambi\u00e9n que la principal preocupaci\u00f3n de los espa\u00f1oles con respecto a los accidentes de tr\u00e1fico es el consumo de alcohol y drogas, que consideran la pr\u00e1ctica \u00abm\u00e1s influyente\u00bb a la hora de provocar un siniestro, por delante de los errores o distracciones de los conductores, la falta de respeto a las normas o el mal estado de las carreteras.<\/p>\n<p>En cuanto al perfil del conductor espa\u00f1ol, los encuestados ponen como pr\u00e1cticas habituales al volante el exceso de velocidad en autopistas y autov\u00edas, la manipulaci\u00f3n del CD o el navegador mientras se conduce, el exceso de velocidad en ciudad, el mal estacionamiento de los veh\u00edculos o usar el tel\u00e9fono m\u00f3vil.<\/p>\n<p>BUENA VALORACI\u00d3N AL CARN\u00c9 POR PUNTOS<\/p>\n<p>La encuesta del CIS preguntaba tambi\u00e9n sobre la llegada del carn\u00e9 por puntos y su influencia en la seguridad vial en los \u00faltimos a\u00f1os. La valoraci\u00f3n general de la llegada de este sistema es buena o muy buena. As\u00ed lo creen casi el 70 por ciento de los preguntados.<\/p>\n<p>Sin embargo, el 60,5 por ciento asegura que el nuevo permiso no ha cambiado en nada su forma de conducir y el 21 por ciento asegura que poco. S\u00f3lo un 16,8 reconoce que el carn\u00e9 por punto ha cambiado mucho o bastante su comportamiento al volante.<\/p>\n<p>Sobre su experiencia en sanciones, el 80,9 por ciento asegura que nunca ha sufrido una experiencia de p\u00e9rdida de puntos, frente al 18,9 por ciento que s\u00ed. Los porcentajes se igualan m\u00e1s cuando se habla de multa monetaria, que s\u00ed ha sufrido el 57,5 de los encuestados, frente al 40,3 por ciento que asegura que no.<\/p>\n<p>CONDUCCI\u00d3N ENTRE SEMANA-FIN DE SEMANA<\/p>\n<p>El CIS apunta que entre la muestra usada para esta encuesta de m\u00e1s de 1.600 personas, el 71,3 ten\u00eda carn\u00e9 y, en su mayor\u00eda, con una experiencia al volante entre los 6 y los 30 a\u00f1os. Entre ellos, m\u00e1s del 97 por ciento tiene coche.<\/p>\n<p>Preguntados por los kil\u00f3metros recorridos en los d\u00edas laborables, el 23,4 por ciento asegura que conduce menos de 10 kil\u00f3metros a diario, seguido de 14,4 por ciento que no hace ninguno, el 14,1 por ciento que recorre entre 11 y 20 kil\u00f3metros y algo m\u00e1s del 10 por ciento que se mueve entre los 21 y los 30.<\/p>\n<p>El fin de semana estas cifras se reducen en cuanto a las distancias cortas, ya que s\u00f3lo un 15,4 por ciento se mueve menos de 10 kil\u00f3metros y un 12 por ciento conduce entre 11 y 20 kil\u00f3metros. Por el contrario, aumenta el n\u00famero de conductores que se desplazan entre 101 y 997 kil\u00f3metros, del 7,8 por ciento entre semana al 10,3 en fin de semana.<\/p>\n<p>&nbsp;<\/p>\n","protected":false},"excerpt":{"rendered":"<p>El 65,7 por ciento de los espa\u00f1oles cree que la responsabilidad de reducir la siniestralidad en las carreteras es de los propios conductores, frente al 7 por ciento que se\u00f1ala hacia la Administraci\u00f3n, seg\u00fan el bar\u00f3metro publicado por el Centro de Investigaciones Sociol\u00f3gicas (CIS). Existe, adem\u00e1s, un 26,1 por ciento que cree que ambas partes<\/p>\n","protected":false},"author":1,"featured_media":77886,"comment_status":"open","ping_status":"closed","sticky":false,"template":"","format":"standard","meta":{"footnotes":""},"categories":[224],"tags":[],"class_list":{"0":"post-77885","1":"post","2":"type-post","3":"status-publish","4":"format-standard","5":"has-post-thumbnail","7":"category-noticias-actualidad"},"aioseo_notices":[],"aioseo_head":"\n\t\t<!-- All in One SEO Pro 4.9.6.1 - aioseo.com -->\n\t<meta name=\"description\" content=\"El 65,7 por ciento de los espa\u00f1oles cree que la responsabilidad de reducir la siniestralidad en las carreteras es de los propios conductores, frente al 7 por ciento que se\u00f1ala hacia la Administraci\u00f3n, seg\u00fan el bar\u00f3metro publicado por el Centro de Investigaciones Sociol\u00f3gicas (CIS). Existe, adem\u00e1s, un 26,1 por ciento que cree que ambas partes\" \/>\n\t<meta name=\"robots\" content=\"max-image-preview:large\" \/>\n\t<meta name=\"author\" content=\"admin\"\/>\n\t<meta name=\"google-site-verification\" content=\"UA-38556648-1\" \/>\n\t<meta name=\"keywords\" content=\"noticias y actualidad\" \/>\n\t<link rel=\"canonical\" href=\"https:\/\/eldigitaldeasturias.com\/magazine365\/un-65-de-espanoles-no-cree-que-la-administracion-sea-responsable-de-reducir-la-siniestralidad-vial\/\" \/>\n\t<meta name=\"generator\" content=\"All in One SEO Pro (AIOSEO) 4.9.6.1\" \/>\n\t\t<meta property=\"og:locale\" content=\"es_ES\" \/>\n\t\t<meta property=\"og:site_name\" content=\"El Digital de Asturias \u2013 Revista de ocio, turismo y estilo de vida\" \/>\n\t\t<meta property=\"og:type\" content=\"article\" \/>\n\t\t<meta property=\"og:title\" content=\"Un 65% de espa\u00f1oles no cree que la Administraci\u00f3n sea responsable de reducir la siniestralidad vial | El Digital de Asturias\" \/>\n\t\t<meta property=\"og:description\" content=\"El 65,7 por ciento de los espa\u00f1oles cree que la responsabilidad de reducir la siniestralidad en las carreteras es de los propios conductores, frente al 7 por ciento que se\u00f1ala hacia la Administraci\u00f3n, seg\u00fan el bar\u00f3metro publicado por el Centro de Investigaciones Sociol\u00f3gicas (CIS). Existe, adem\u00e1s, un 26,1 por ciento que cree que ambas partes\" \/>\n\t\t<meta property=\"og:url\" content=\"https:\/\/eldigitaldeasturias.com\/magazine365\/un-65-de-espanoles-no-cree-que-la-administracion-sea-responsable-de-reducir-la-siniestralidad-vial\/\" \/>\n\t\t<meta property=\"og:image\" content=\"https:\/\/eldigitaldeasturias.com\/magazine365\/wp-content\/uploads\/2016\/06\/fotonoticia_20160606152626_800.jpg\" \/>\n\t\t<meta property=\"og:image:secure_url\" content=\"https:\/\/eldigitaldeasturias.com\/magazine365\/wp-content\/uploads\/2016\/06\/fotonoticia_20160606152626_800.jpg\" \/>\n\t\t<meta property=\"og:image:width\" content=\"800\" \/>\n\t\t<meta property=\"og:image:height\" content=\"450\" \/>\n\t\t<meta property=\"article:published_time\" content=\"2016-06-08T08:46:19+00:00\" \/>\n\t\t<meta property=\"article:modified_time\" content=\"2016-06-08T08:46:19+00:00\" \/>\n\t\t<meta name=\"twitter:card\" content=\"summary_large_image\" \/>\n\t\t<meta name=\"twitter:title\" content=\"Un 65% de espa\u00f1oles no cree que la Administraci\u00f3n sea responsable de reducir la siniestralidad vial | El Digital de Asturias\" \/>\n\t\t<meta name=\"twitter:description\" content=\"El 65,7 por ciento de los espa\u00f1oles cree que la responsabilidad de reducir la siniestralidad en las carreteras es de los propios conductores, frente al 7 por ciento que se\u00f1ala hacia la Administraci\u00f3n, seg\u00fan el bar\u00f3metro publicado por el Centro de Investigaciones Sociol\u00f3gicas (CIS). Existe, adem\u00e1s, un 26,1 por ciento que cree que ambas partes\" \/>\n\t\t<meta name=\"twitter:image\" content=\"https:\/\/eldigitaldeasturias.com\/magazine365\/wp-content\/uploads\/2016\/06\/fotonoticia_20160606152626_800.jpg\" \/>\n\t\t<script type=\"application\/ld+json\" class=\"aioseo-schema\">\n\t\t\t{\"@context\":\"https:\\\/\\\/schema.org\",\"@graph\":[{\"@type\":\"Article\",\"@id\":\"https:\\\/\\\/eldigitaldeasturias.com\\\/magazine365\\\/un-65-de-espanoles-no-cree-que-la-administracion-sea-responsable-de-reducir-la-siniestralidad-vial\\\/#article\",\"name\":\"Un 65% de espa\\u00f1oles no cree que la Administraci\\u00f3n sea responsable de reducir la siniestralidad vial | El Digital de Asturias\",\"headline\":\"Un 65% de espa\\u00f1oles no cree que la Administraci\\u00f3n sea responsable de reducir la siniestralidad vial\",\"author\":{\"@id\":\"https:\\\/\\\/eldigitaldeasturias.com\\\/magazine365\\\/author\\\/admin\\\/#author\"},\"publisher\":{\"@id\":\"https:\\\/\\\/eldigitaldeasturias.com\\\/magazine365\\\/#organization\"},\"image\":{\"@type\":\"ImageObject\",\"url\":\"https:\\\/\\\/eldigitaldeasturias.com\\\/magazine365\\\/wp-content\\\/uploads\\\/2016\\\/06\\\/fotonoticia_20160606152626_800.jpg\",\"width\":800,\"height\":450},\"datePublished\":\"2016-06-08T10:46:19+02:00\",\"dateModified\":\"2016-06-08T10:46:19+02:00\",\"inLanguage\":\"es-ES\",\"mainEntityOfPage\":{\"@id\":\"https:\\\/\\\/eldigitaldeasturias.com\\\/magazine365\\\/un-65-de-espanoles-no-cree-que-la-administracion-sea-responsable-de-reducir-la-siniestralidad-vial\\\/#webpage\"},\"isPartOf\":{\"@id\":\"https:\\\/\\\/eldigitaldeasturias.com\\\/magazine365\\\/un-65-de-espanoles-no-cree-que-la-administracion-sea-responsable-de-reducir-la-siniestralidad-vial\\\/#webpage\"},\"articleSection\":\"Noticias y Actualidad\"},{\"@type\":\"BreadcrumbList\",\"@id\":\"https:\\\/\\\/eldigitaldeasturias.com\\\/magazine365\\\/un-65-de-espanoles-no-cree-que-la-administracion-sea-responsable-de-reducir-la-siniestralidad-vial\\\/#breadcrumblist\",\"itemListElement\":[{\"@type\":\"ListItem\",\"@id\":\"https:\\\/\\\/eldigitaldeasturias.com\\\/magazine365#listItem\",\"position\":1,\"name\":\"Home\",\"item\":\"https:\\\/\\\/eldigitaldeasturias.com\\\/magazine365\",\"nextItem\":{\"@type\":\"ListItem\",\"@id\":\"https:\\\/\\\/eldigitaldeasturias.com\\\/magazine365\\\/category\\\/noticias-actualidad\\\/#listItem\",\"name\":\"Noticias y Actualidad\"}},{\"@type\":\"ListItem\",\"@id\":\"https:\\\/\\\/eldigitaldeasturias.com\\\/magazine365\\\/category\\\/noticias-actualidad\\\/#listItem\",\"position\":2,\"name\":\"Noticias y Actualidad\",\"item\":\"https:\\\/\\\/eldigitaldeasturias.com\\\/magazine365\\\/category\\\/noticias-actualidad\\\/\",\"nextItem\":{\"@type\":\"ListItem\",\"@id\":\"https:\\\/\\\/eldigitaldeasturias.com\\\/magazine365\\\/un-65-de-espanoles-no-cree-que-la-administracion-sea-responsable-de-reducir-la-siniestralidad-vial\\\/#listItem\",\"name\":\"Un 65% de espa\\u00f1oles no cree que la Administraci\\u00f3n sea responsable de reducir la siniestralidad vial\"},\"previousItem\":{\"@type\":\"ListItem\",\"@id\":\"https:\\\/\\\/eldigitaldeasturias.com\\\/magazine365#listItem\",\"name\":\"Home\"}},{\"@type\":\"ListItem\",\"@id\":\"https:\\\/\\\/eldigitaldeasturias.com\\\/magazine365\\\/un-65-de-espanoles-no-cree-que-la-administracion-sea-responsable-de-reducir-la-siniestralidad-vial\\\/#listItem\",\"position\":3,\"name\":\"Un 65% de espa\\u00f1oles no cree que la Administraci\\u00f3n sea responsable de reducir la siniestralidad vial\",\"previousItem\":{\"@type\":\"ListItem\",\"@id\":\"https:\\\/\\\/eldigitaldeasturias.com\\\/magazine365\\\/category\\\/noticias-actualidad\\\/#listItem\",\"name\":\"Noticias y Actualidad\"}}]},{\"@type\":\"Organization\",\"@id\":\"https:\\\/\\\/eldigitaldeasturias.com\\\/magazine365\\\/#organization\",\"name\":\"El digital de Asturias\",\"description\":\"Revista de ocio, turismo y estilo de vida\",\"url\":\"https:\\\/\\\/eldigitaldeasturias.com\\\/magazine365\\\/\",\"logo\":{\"@type\":\"ImageObject\",\"url\":\"https:\\\/\\\/www.eldigitaldeasturias.com\\\/noticias\\\/wp-content\\\/uploads\\\/2020\\\/12\\\/EDA.jpg\",\"@id\":\"https:\\\/\\\/eldigitaldeasturias.com\\\/magazine365\\\/un-65-de-espanoles-no-cree-que-la-administracion-sea-responsable-de-reducir-la-siniestralidad-vial\\\/#organizationLogo\"},\"image\":{\"@id\":\"https:\\\/\\\/eldigitaldeasturias.com\\\/magazine365\\\/un-65-de-espanoles-no-cree-que-la-administracion-sea-responsable-de-reducir-la-siniestralidad-vial\\\/#organizationLogo\"}},{\"@type\":\"Person\",\"@id\":\"https:\\\/\\\/eldigitaldeasturias.com\\\/magazine365\\\/author\\\/admin\\\/#author\",\"url\":\"https:\\\/\\\/eldigitaldeasturias.com\\\/magazine365\\\/author\\\/admin\\\/\",\"name\":\"admin\",\"image\":{\"@type\":\"ImageObject\",\"@id\":\"https:\\\/\\\/eldigitaldeasturias.com\\\/magazine365\\\/un-65-de-espanoles-no-cree-que-la-administracion-sea-responsable-de-reducir-la-siniestralidad-vial\\\/#authorImage\",\"url\":\"https:\\\/\\\/eldigitaldeasturias.com\\\/magazine365\\\/wp-content\\\/litespeed\\\/avatar\\\/e571bcf59a0edd6fa6838245a470f2fe.jpg?ver=1776969259\",\"width\":96,\"height\":96,\"caption\":\"admin\"}},{\"@type\":\"WebPage\",\"@id\":\"https:\\\/\\\/eldigitaldeasturias.com\\\/magazine365\\\/un-65-de-espanoles-no-cree-que-la-administracion-sea-responsable-de-reducir-la-siniestralidad-vial\\\/#webpage\",\"url\":\"https:\\\/\\\/eldigitaldeasturias.com\\\/magazine365\\\/un-65-de-espanoles-no-cree-que-la-administracion-sea-responsable-de-reducir-la-siniestralidad-vial\\\/\",\"name\":\"Un 65% de espa\\u00f1oles no cree que la Administraci\\u00f3n sea responsable de reducir la siniestralidad vial | El Digital de Asturias\",\"description\":\"El 65,7 por ciento de los espa\\u00f1oles cree que la responsabilidad de reducir la siniestralidad en las carreteras es de los propios conductores, frente al 7 por ciento que se\\u00f1ala hacia la Administraci\\u00f3n, seg\\u00fan el bar\\u00f3metro publicado por el Centro de Investigaciones Sociol\\u00f3gicas (CIS). Existe, adem\\u00e1s, un 26,1 por ciento que cree que ambas partes\",\"inLanguage\":\"es-ES\",\"isPartOf\":{\"@id\":\"https:\\\/\\\/eldigitaldeasturias.com\\\/magazine365\\\/#website\"},\"breadcrumb\":{\"@id\":\"https:\\\/\\\/eldigitaldeasturias.com\\\/magazine365\\\/un-65-de-espanoles-no-cree-que-la-administracion-sea-responsable-de-reducir-la-siniestralidad-vial\\\/#breadcrumblist\"},\"author\":{\"@id\":\"https:\\\/\\\/eldigitaldeasturias.com\\\/magazine365\\\/author\\\/admin\\\/#author\"},\"creator\":{\"@id\":\"https:\\\/\\\/eldigitaldeasturias.com\\\/magazine365\\\/author\\\/admin\\\/#author\"},\"image\":{\"@type\":\"ImageObject\",\"url\":\"https:\\\/\\\/eldigitaldeasturias.com\\\/magazine365\\\/wp-content\\\/uploads\\\/2016\\\/06\\\/fotonoticia_20160606152626_800.jpg\",\"@id\":\"https:\\\/\\\/eldigitaldeasturias.com\\\/magazine365\\\/un-65-de-espanoles-no-cree-que-la-administracion-sea-responsable-de-reducir-la-siniestralidad-vial\\\/#mainImage\",\"width\":800,\"height\":450},\"primaryImageOfPage\":{\"@id\":\"https:\\\/\\\/eldigitaldeasturias.com\\\/magazine365\\\/un-65-de-espanoles-no-cree-que-la-administracion-sea-responsable-de-reducir-la-siniestralidad-vial\\\/#mainImage\"},\"datePublished\":\"2016-06-08T10:46:19+02:00\",\"dateModified\":\"2016-06-08T10:46:19+02:00\"},{\"@type\":\"WebSite\",\"@id\":\"https:\\\/\\\/eldigitaldeasturias.com\\\/magazine365\\\/#website\",\"url\":\"https:\\\/\\\/eldigitaldeasturias.com\\\/magazine365\\\/\",\"name\":\"El Digital de Asturias\",\"description\":\"Revista de ocio, turismo y estilo de vida\",\"inLanguage\":\"es-ES\",\"publisher\":{\"@id\":\"https:\\\/\\\/eldigitaldeasturias.com\\\/magazine365\\\/#organization\"}}]}\n\t\t<\/script>\n\t\t<!-- All in One SEO Pro -->\r\n\t\t<title>Un 65% de espa\u00f1oles no cree que la Administraci\u00f3n sea responsable de reducir la siniestralidad vial | El Digital de Asturias<\/title>\n\n","aioseo_head_json":{"title":"Un 65% de espa\u00f1oles no cree que la Administraci\u00f3n sea responsable de reducir la siniestralidad vial | El Digital de Asturias","description":"El 65,7 por ciento de los espa\u00f1oles cree que la responsabilidad de reducir la siniestralidad en las carreteras es de los propios conductores, frente al 7 por ciento que se\u00f1ala hacia la Administraci\u00f3n, seg\u00fan el bar\u00f3metro publicado por el Centro de Investigaciones Sociol\u00f3gicas (CIS). Existe, adem\u00e1s, un 26,1 por ciento que cree que ambas partes","canonical_url":"https:\/\/eldigitaldeasturias.com\/magazine365\/un-65-de-espanoles-no-cree-que-la-administracion-sea-responsable-de-reducir-la-siniestralidad-vial\/","robots":"max-image-preview:large","keywords":"noticias y actualidad","webmasterTools":{"google-site-verification":"UA-38556648-1","miscellaneous":""},"schema":{"@context":"https:\/\/schema.org","@graph":[{"@type":"Article","@id":"https:\/\/eldigitaldeasturias.com\/magazine365\/un-65-de-espanoles-no-cree-que-la-administracion-sea-responsable-de-reducir-la-siniestralidad-vial\/#article","name":"Un 65% de espa\u00f1oles no cree que la Administraci\u00f3n sea responsable de reducir la siniestralidad vial | El Digital de Asturias","headline":"Un 65% de espa\u00f1oles no cree que la Administraci\u00f3n sea responsable de reducir la siniestralidad vial","author":{"@id":"https:\/\/eldigitaldeasturias.com\/magazine365\/author\/admin\/#author"},"publisher":{"@id":"https:\/\/eldigitaldeasturias.com\/magazine365\/#organization"},"image":{"@type":"ImageObject","url":"https:\/\/eldigitaldeasturias.com\/magazine365\/wp-content\/uploads\/2016\/06\/fotonoticia_20160606152626_800.jpg","width":800,"height":450},"datePublished":"2016-06-08T10:46:19+02:00","dateModified":"2016-06-08T10:46:19+02:00","inLanguage":"es-ES","mainEntityOfPage":{"@id":"https:\/\/eldigitaldeasturias.com\/magazine365\/un-65-de-espanoles-no-cree-que-la-administracion-sea-responsable-de-reducir-la-siniestralidad-vial\/#webpage"},"isPartOf":{"@id":"https:\/\/eldigitaldeasturias.com\/magazine365\/un-65-de-espanoles-no-cree-que-la-administracion-sea-responsable-de-reducir-la-siniestralidad-vial\/#webpage"},"articleSection":"Noticias y Actualidad"},{"@type":"BreadcrumbList","@id":"https:\/\/eldigitaldeasturias.com\/magazine365\/un-65-de-espanoles-no-cree-que-la-administracion-sea-responsable-de-reducir-la-siniestralidad-vial\/#breadcrumblist","itemListElement":[{"@type":"ListItem","@id":"https:\/\/eldigitaldeasturias.com\/magazine365#listItem","position":1,"name":"Home","item":"https:\/\/eldigitaldeasturias.com\/magazine365","nextItem":{"@type":"ListItem","@id":"https:\/\/eldigitaldeasturias.com\/magazine365\/category\/noticias-actualidad\/#listItem","name":"Noticias y Actualidad"}},{"@type":"ListItem","@id":"https:\/\/eldigitaldeasturias.com\/magazine365\/category\/noticias-actualidad\/#listItem","position":2,"name":"Noticias y Actualidad","item":"https:\/\/eldigitaldeasturias.com\/magazine365\/category\/noticias-actualidad\/","nextItem":{"@type":"ListItem","@id":"https:\/\/eldigitaldeasturias.com\/magazine365\/un-65-de-espanoles-no-cree-que-la-administracion-sea-responsable-de-reducir-la-siniestralidad-vial\/#listItem","name":"Un 65% de espa\u00f1oles no cree que la Administraci\u00f3n sea responsable de reducir la siniestralidad vial"},"previousItem":{"@type":"ListItem","@id":"https:\/\/eldigitaldeasturias.com\/magazine365#listItem","name":"Home"}},{"@type":"ListItem","@id":"https:\/\/eldigitaldeasturias.com\/magazine365\/un-65-de-espanoles-no-cree-que-la-administracion-sea-responsable-de-reducir-la-siniestralidad-vial\/#listItem","position":3,"name":"Un 65% de espa\u00f1oles no cree que la Administraci\u00f3n sea responsable de reducir la siniestralidad vial","previousItem":{"@type":"ListItem","@id":"https:\/\/eldigitaldeasturias.com\/magazine365\/category\/noticias-actualidad\/#listItem","name":"Noticias y Actualidad"}}]},{"@type":"Organization","@id":"https:\/\/eldigitaldeasturias.com\/magazine365\/#organization","name":"El digital de Asturias","description":"Revista de ocio, turismo y estilo de vida","url":"https:\/\/eldigitaldeasturias.com\/magazine365\/","logo":{"@type":"ImageObject","url":"https:\/\/www.eldigitaldeasturias.com\/noticias\/wp-content\/uploads\/2020\/12\/EDA.jpg","@id":"https:\/\/eldigitaldeasturias.com\/magazine365\/un-65-de-espanoles-no-cree-que-la-administracion-sea-responsable-de-reducir-la-siniestralidad-vial\/#organizationLogo"},"image":{"@id":"https:\/\/eldigitaldeasturias.com\/magazine365\/un-65-de-espanoles-no-cree-que-la-administracion-sea-responsable-de-reducir-la-siniestralidad-vial\/#organizationLogo"}},{"@type":"Person","@id":"https:\/\/eldigitaldeasturias.com\/magazine365\/author\/admin\/#author","url":"https:\/\/eldigitaldeasturias.com\/magazine365\/author\/admin\/","name":"admin","image":{"@type":"ImageObject","@id":"https:\/\/eldigitaldeasturias.com\/magazine365\/un-65-de-espanoles-no-cree-que-la-administracion-sea-responsable-de-reducir-la-siniestralidad-vial\/#authorImage","url":"https:\/\/eldigitaldeasturias.com\/magazine365\/wp-content\/litespeed\/avatar\/e571bcf59a0edd6fa6838245a470f2fe.jpg?ver=1776969259","width":96,"height":96,"caption":"admin"}},{"@type":"WebPage","@id":"https:\/\/eldigitaldeasturias.com\/magazine365\/un-65-de-espanoles-no-cree-que-la-administracion-sea-responsable-de-reducir-la-siniestralidad-vial\/#webpage","url":"https:\/\/eldigitaldeasturias.com\/magazine365\/un-65-de-espanoles-no-cree-que-la-administracion-sea-responsable-de-reducir-la-siniestralidad-vial\/","name":"Un 65% de espa\u00f1oles no cree que la Administraci\u00f3n sea responsable de reducir la siniestralidad vial | El Digital de Asturias","description":"El 65,7 por ciento de los espa\u00f1oles cree que la responsabilidad de reducir la siniestralidad en las carreteras es de los propios conductores, frente al 7 por ciento que se\u00f1ala hacia la Administraci\u00f3n, seg\u00fan el bar\u00f3metro publicado por el Centro de Investigaciones Sociol\u00f3gicas (CIS). Existe, adem\u00e1s, un 26,1 por ciento que cree que ambas partes","inLanguage":"es-ES","isPartOf":{"@id":"https:\/\/eldigitaldeasturias.com\/magazine365\/#website"},"breadcrumb":{"@id":"https:\/\/eldigitaldeasturias.com\/magazine365\/un-65-de-espanoles-no-cree-que-la-administracion-sea-responsable-de-reducir-la-siniestralidad-vial\/#breadcrumblist"},"author":{"@id":"https:\/\/eldigitaldeasturias.com\/magazine365\/author\/admin\/#author"},"creator":{"@id":"https:\/\/eldigitaldeasturias.com\/magazine365\/author\/admin\/#author"},"image":{"@type":"ImageObject","url":"https:\/\/eldigitaldeasturias.com\/magazine365\/wp-content\/uploads\/2016\/06\/fotonoticia_20160606152626_800.jpg","@id":"https:\/\/eldigitaldeasturias.com\/magazine365\/un-65-de-espanoles-no-cree-que-la-administracion-sea-responsable-de-reducir-la-siniestralidad-vial\/#mainImage","width":800,"height":450},"primaryImageOfPage":{"@id":"https:\/\/eldigitaldeasturias.com\/magazine365\/un-65-de-espanoles-no-cree-que-la-administracion-sea-responsable-de-reducir-la-siniestralidad-vial\/#mainImage"},"datePublished":"2016-06-08T10:46:19+02:00","dateModified":"2016-06-08T10:46:19+02:00"},{"@type":"WebSite","@id":"https:\/\/eldigitaldeasturias.com\/magazine365\/#website","url":"https:\/\/eldigitaldeasturias.com\/magazine365\/","name":"El Digital de Asturias","description":"Revista de ocio, turismo y estilo de vida","inLanguage":"es-ES","publisher":{"@id":"https:\/\/eldigitaldeasturias.com\/magazine365\/#organization"}}]},"og:locale":"es_ES","og:site_name":"El Digital de Asturias \u2013 Revista de ocio, turismo y estilo de vida","og:type":"article","og:title":"Un 65% de espa\u00f1oles no cree que la Administraci\u00f3n sea responsable de reducir la siniestralidad vial | El Digital de Asturias","og:description":"El 65,7 por ciento de los espa\u00f1oles cree que la responsabilidad de reducir la siniestralidad en las carreteras es de los propios conductores, frente al 7 por ciento que se\u00f1ala hacia la Administraci\u00f3n, seg\u00fan el bar\u00f3metro publicado por el Centro de Investigaciones Sociol\u00f3gicas (CIS). Existe, adem\u00e1s, un 26,1 por ciento que cree que ambas partes","og:url":"https:\/\/eldigitaldeasturias.com\/magazine365\/un-65-de-espanoles-no-cree-que-la-administracion-sea-responsable-de-reducir-la-siniestralidad-vial\/","og:image":"https:\/\/eldigitaldeasturias.com\/magazine365\/wp-content\/uploads\/2016\/06\/fotonoticia_20160606152626_800.jpg","og:image:secure_url":"https:\/\/eldigitaldeasturias.com\/magazine365\/wp-content\/uploads\/2016\/06\/fotonoticia_20160606152626_800.jpg","og:image:width":800,"og:image:height":450,"article:published_time":"2016-06-08T08:46:19+00:00","article:modified_time":"2016-06-08T08:46:19+00:00","twitter:card":"summary_large_image","twitter:title":"Un 65% de espa\u00f1oles no cree que la Administraci\u00f3n sea responsable de reducir la siniestralidad vial | El Digital de Asturias","twitter:description":"El 65,7 por ciento de los espa\u00f1oles cree que la responsabilidad de reducir la siniestralidad en las carreteras es de los propios conductores, frente al 7 por ciento que se\u00f1ala hacia la Administraci\u00f3n, seg\u00fan el bar\u00f3metro publicado por el Centro de Investigaciones Sociol\u00f3gicas (CIS). Existe, adem\u00e1s, un 26,1 por ciento que cree que ambas partes","twitter:image":"https:\/\/eldigitaldeasturias.com\/magazine365\/wp-content\/uploads\/2016\/06\/fotonoticia_20160606152626_800.jpg"},"aioseo_meta_data":{"post_id":"77885","title":null,"description":null,"keywords":null,"keyphrases":null,"primary_term":null,"canonical_url":null,"og_title":null,"og_description":null,"og_object_type":"default","og_image_type":"default","og_image_url":null,"og_image_width":null,"og_image_height":null,"og_image_custom_url":null,"og_image_custom_fields":null,"og_video":null,"og_custom_url":null,"og_article_section":null,"og_article_tags":null,"twitter_use_og":false,"twitter_card":"default","twitter_image_type":"default","twitter_image_url":null,"twitter_image_custom_url":null,"twitter_image_custom_fields":null,"twitter_title":null,"twitter_description":null,"schema":{"blockGraphs":[],"customGraphs":[],"default":{"data":{"Article":[],"Course":[],"Dataset":[],"FAQPage":[],"Movie":[],"Person":[],"Product":[],"ProductReview":[],"Car":[],"Recipe":[],"Service":[],"SoftwareApplication":[],"WebPage":[]},"graphName":"","isEnabled":true},"graphs":[],"defaultGraph":"","defaultPostTypeGraph":""},"schema_type":null,"schema_type_options":null,"pillar_content":false,"robots_default":true,"robots_noindex":false,"robots_noarchive":false,"robots_nosnippet":false,"robots_nofollow":false,"robots_noimageindex":false,"robots_noodp":false,"robots_notranslate":false,"robots_max_snippet":null,"robots_max_videopreview":null,"robots_max_imagepreview":"large","priority":null,"frequency":null,"location":null,"local_seo":null,"seo_analyzer_scan_date":"2025-09-27 15:49:59","breadcrumb_settings":null,"limit_modified_date":false,"open_ai":null,"ai":null,"created":"2021-03-08 18:07:57","updated":"2025-09-27 15:49:59"},"aioseo_breadcrumb":"<div class=\"aioseo-breadcrumbs\"><span class=\"aioseo-breadcrumb\">\n\t<a href=\"https:\/\/eldigitaldeasturias.com\/magazine365\" title=\"Home\">Home<\/a>\n<\/span><span class=\"aioseo-breadcrumb-separator\">\u2013<\/span><span class=\"aioseo-breadcrumb\">\n\t<a href=\"https:\/\/eldigitaldeasturias.com\/magazine365\/category\/noticias-actualidad\/\" title=\"Noticias y Actualidad\">Noticias y Actualidad<\/a>\n<\/span><span class=\"aioseo-breadcrumb-separator\">\u2013<\/span><span class=\"aioseo-breadcrumb\">\n\t<a href=\"https:\/\/eldigitaldeasturias.com\/magazine365\/un-65-de-espanoles-no-cree-que-la-administracion-sea-responsable-de-reducir-la-siniestralidad-vial\/\" title=\"Un 65% de espa\u00f1oles no cree que la Administraci\u00f3n sea responsable de reducir la siniestralidad vial\">Un 65% de espa\u00f1oles no cree que la Administraci\u00f3n sea responsable de reducir la siniestralidad vial<\/a>\n<\/span><\/div>","aioseo_breadcrumb_json":[{"label":"Home","link":"https:\/\/eldigitaldeasturias.com\/magazine365"},{"label":"Noticias y Actualidad","link":"https:\/\/eldigitaldeasturias.com\/magazine365\/category\/noticias-actualidad\/"},{"label":"Un 65% de espa\u00f1oles no cree que la Administraci\u00f3n sea responsable de reducir la siniestralidad vial","link":"https:\/\/eldigitaldeasturias.com\/magazine365\/un-65-de-espanoles-no-cree-que-la-administracion-sea-responsable-de-reducir-la-siniestralidad-vial\/"}],"_links":{"self":[{"href":"https:\/\/eldigitaldeasturias.com\/magazine365\/wp-json\/wp\/v2\/posts\/77885","targetHints":{"allow":["GET"]}}],"collection":[{"href":"https:\/\/eldigitaldeasturias.com\/magazine365\/wp-json\/wp\/v2\/posts"}],"about":[{"href":"https:\/\/eldigitaldeasturias.com\/magazine365\/wp-json\/wp\/v2\/types\/post"}],"author":[{"embeddable":true,"href":"https:\/\/eldigitaldeasturias.com\/magazine365\/wp-json\/wp\/v2\/users\/1"}],"replies":[{"embeddable":true,"href":"https:\/\/eldigitaldeasturias.com\/magazine365\/wp-json\/wp\/v2\/comments?post=77885"}],"version-history":[{"count":0,"href":"https:\/\/eldigitaldeasturias.com\/magazine365\/wp-json\/wp\/v2\/posts\/77885\/revisions"}],"wp:featuredmedia":[{"embeddable":true,"href":"https:\/\/eldigitaldeasturias.com\/magazine365\/wp-json\/wp\/v2\/media\/77886"}],"wp:attachment":[{"href":"https:\/\/eldigitaldeasturias.com\/magazine365\/wp-json\/wp\/v2\/media?parent=77885"}],"wp:term":[{"taxonomy":"category","embeddable":true,"href":"https:\/\/eldigitaldeasturias.com\/magazine365\/wp-json\/wp\/v2\/categories?post=77885"},{"taxonomy":"post_tag","embeddable":true,"href":"https:\/\/eldigitaldeasturias.com\/magazine365\/wp-json\/wp\/v2\/tags?post=77885"}],"curies":[{"name":"wp","href":"https:\/\/api.w.org\/{rel}","templated":true}]}}