{"id":77882,"date":"2016-06-08T10:45:32","date_gmt":"2016-06-08T08:45:32","guid":{"rendered":"http:\/\/eldigitaldeasturias.com\/magazine365\/?p=77882"},"modified":"2016-06-08T10:45:32","modified_gmt":"2016-06-08T08:45:32","slug":"sacyr-defiende-que-ha-construido-el-canal-de-panama-en-tiempo-record","status":"publish","type":"post","link":"https:\/\/eldigitaldeasturias.com\/magazine365\/sacyr-defiende-que-ha-construido-el-canal-de-panama-en-tiempo-record\/","title":{"rendered":"Sacyr defiende que ha construido el Canal de Panam\u00e1 en \u00abtiempo r\u00e9cord\u00bb"},"content":{"rendered":"<p><img fetchpriority=\"high\" decoding=\"async\" class=\"alignleft size-medium wp-image-77883\" src=\"https:\/\/eldigitaldeasturias.com\/magazine365\/wp-content\/uploads\/2016\/06\/fotonoticia_20160606152210_800-360x240.jpg\" alt=\"fotonoticia_20160606152210_800\" width=\"360\" height=\"240\" srcset=\"https:\/\/eldigitaldeasturias.com\/magazine365\/wp-content\/uploads\/2016\/06\/fotonoticia_20160606152210_800-360x240.jpg 360w, https:\/\/eldigitaldeasturias.com\/magazine365\/wp-content\/uploads\/2016\/06\/fotonoticia_20160606152210_800-650x433.jpg 650w, https:\/\/eldigitaldeasturias.com\/magazine365\/wp-content\/uploads\/2016\/06\/fotonoticia_20160606152210_800-768x512.jpg 768w, https:\/\/eldigitaldeasturias.com\/magazine365\/wp-content\/uploads\/2016\/06\/fotonoticia_20160606152210_800-150x100.jpg 150w, https:\/\/eldigitaldeasturias.com\/magazine365\/wp-content\/uploads\/2016\/06\/fotonoticia_20160606152210_800-450x300.jpg 450w, https:\/\/eldigitaldeasturias.com\/magazine365\/wp-content\/uploads\/2016\/06\/fotonoticia_20160606152210_800-101x66.jpg 101w, https:\/\/eldigitaldeasturias.com\/magazine365\/wp-content\/uploads\/2016\/06\/fotonoticia_20160606152210_800.jpg 800w\" sizes=\"(max-width: 360px) 100vw, 360px\" \/>El consorcio que lidera Sacyr ha construido el nuevo Canal de Panam\u00e1 \u00aben un tiempo r\u00e9cord\u00bb, pese a haber afrontado \u00abdesfavorables condiciones en muchas ocasiones\u00bb, asegura el presidente de la constructora espa\u00f1ola, Manuel Manrique.<\/p>\n<p>El grupo contratista entreg\u00f3 a Panam\u00e1 el pasado 31 de mayo la hist\u00f3rica obra, que se inaugurar\u00e1 el pr\u00f3ximo 26 de junio, a\u00f1o y medio despu\u00e9s de la fecha originariamente fijada para octubre de 2014.<\/p>\n<p>En la actualidad, el consorcio negocia con el pa\u00eds que se reconozca el mayor periodo de tiempo que ha sido necesario para acometer la obra, para que no cuente as\u00ed como retraso.<\/p>\n<p>Sacyr y sus socios tambi\u00e9n negocian el sobrecoste que ha supuesto la obra, dado que se adjudic\u00f3 por 3.192 millones de euros (unos 2.800 millones de euros) y finalmente ha costado 5.581 millones de d\u00f3lares (unos 5.000 millones de euros).<\/p>\n<p>A pesar de todo ello, el presidente de Sacyr asegura que se trata de \u00abun proyecto extraordinario, construido en un tiempo r\u00e9cord\u00bb.<\/p>\n<p>\u00abHemos hecho un ejercicio de responsabilidad global para llevar a cabo el proyecto, muchas veces con elementos muy desfavorables, para que la obra sea una historia de \u00e9xito\u00bb, destac\u00f3 Manrique durante su intervenci\u00f3n en la presentaci\u00f3n de &#8216;Espa\u00f1a Construye&#8217;, la nueva campa\u00f1a de Marca Espa\u00f1a dedicada a la labor de las constructoras en el exterior.<\/p>\n<p>\u00abAl final, el balance es positivo, pese a que hemos pasado momentos dif\u00edciles\u00bb, insisti\u00f3 Manrique en referencia a las tensiones de liquidez que atraves\u00f3 el proyecto a comienzos de 2014, y que llev\u00f3 a parar los trabajos durante unos d\u00edas.<\/p>\n<p>RETOS DEL PROYECTO.<\/p>\n<p>\u00abEs un \u00e9xito para la ingenier\u00eda espa\u00f1ola y para Espa\u00f1a\u00bb, enfatiz\u00f3, tras detallar los retos que han afrontado durante los casi siete a\u00f1os de trabajo que ha supuesto la construcci\u00f3n de las nuevas esclusas, entre los que no mencion\u00f3 los sobrecostes.<\/p>\n<p>Entre los retos de la obra se\u00f1alados por Manrique figuran los que presentaron el terreno, que oblig\u00f3 \u00aba replantear gran parte del proyecto\u00bb, la log\u00edstica de toda la obra, \u00abuna parte fundamental para no perder tiempo y dinero\u00bb, y la innovaci\u00f3n.<\/p>\n<p>\u00abUna obra de estas caracter\u00edsticas requiere innovar constantemente\u00bb, asever\u00f3 y, en este sentido, destac\u00f3 el sistema de tinas de agua con que cuentan las nuevas esclusas, que permiten reciclar el agua que se necesita cada vez que pasa un barco, o la velocidad a la que se abre y cierran las compuertas, que posibilitan el paso de un barco m\u00e1s cada d\u00eda.<\/p>\n<p>\u00abEllo significa 700.000 d\u00f3lares m\u00e1s al d\u00eda para el Canal de Panam\u00e1, 250 millones m\u00e1s al a\u00f1o y 250.000 millones en cien a\u00f1os\u00bb, destac\u00f3 Manrique en referencia al peaje que cada barco paga a Panam\u00e1 por pasar por el Canal.<\/p>\n<p>PARTICIPACION DE 74 EMPRESAS ESPA\u00d1OLAS.<\/p>\n<p>Durante su intervenci\u00f3n, el presidente de Sacyr destac\u00f3 que el sello espa\u00f1ol en el proyecto va m\u00e1s all\u00e1 de la compa\u00f1\u00eda que preside, dado que han contado con otras 74 empresas espa\u00f1olas como subcontratistas de distintas partes y especializaciones de la obra.<\/p>\n<p>\u00abEsta acumulaci\u00f3n de experiencia y capacidad es muy buena para afrontar todo tipo de proyectos\u00bb, indic\u00f3 Manrique, que agradeci\u00f3 la colaboraci\u00f3n de estas empresas, al Gobierno de Panam\u00e1 y todas las instituciones y trabajadores que han participado en el proyecto.<\/p>\n<p>El nuevo Canal de Panam\u00e1 supuesto la construcci\u00f3n de unas nuevas esclusas, un juego en cada Costa, de tres niveles y con compuertas rodadas. Cada una de ellas lleva asociada un complejo de tres grandes tinas de agua reutilizable para facilitar el tr\u00e1nsito de los barcos.<\/p>\n<p>Con la nueva infraestructura, Panam\u00e1 atender\u00e1 a la creciente demanda de tr\u00e1nsito de buques, toda vez que el centenario Canal actual, que genera el 6% del PIB del pa\u00eds, ya ha alcanzado su capacidad m\u00e1xima. Adem\u00e1s, permitir\u00e1 el paso de embarcaciones de mayores dimensiones.<\/p>\n<p>&nbsp;<\/p>\n","protected":false},"excerpt":{"rendered":"<p>El consorcio que lidera Sacyr ha construido el nuevo Canal de Panam\u00e1 \u00aben un tiempo r\u00e9cord\u00bb, pese a haber afrontado \u00abdesfavorables condiciones en muchas ocasiones\u00bb, asegura el presidente de la constructora espa\u00f1ola, Manuel Manrique. El grupo contratista entreg\u00f3 a Panam\u00e1 el pasado 31 de mayo la hist\u00f3rica obra, que se inaugurar\u00e1 el pr\u00f3ximo 26 de<\/p>\n","protected":false},"author":1,"featured_media":77883,"comment_status":"open","ping_status":"closed","sticky":false,"template":"","format":"standard","meta":{"footnotes":""},"categories":[224],"tags":[],"class_list":{"0":"post-77882","1":"post","2":"type-post","3":"status-publish","4":"format-standard","5":"has-post-thumbnail","7":"category-noticias-actualidad"},"aioseo_notices":[],"aioseo_head":"\n\t\t<!-- All in One SEO Pro 4.9.6.1 - aioseo.com -->\n\t<meta name=\"description\" content=\"El consorcio que lidera Sacyr ha construido el nuevo Canal de Panam\u00e1 &quot;en un tiempo r\u00e9cord&quot;, pese a haber afrontado &quot;desfavorables condiciones en muchas ocasiones&quot;, asegura el presidente de la constructora espa\u00f1ola, Manuel Manrique. El grupo contratista entreg\u00f3 a Panam\u00e1 el pasado 31 de mayo la hist\u00f3rica obra, que se inaugurar\u00e1 el pr\u00f3ximo 26 de\" \/>\n\t<meta name=\"robots\" content=\"max-image-preview:large\" \/>\n\t<meta name=\"author\" content=\"admin\"\/>\n\t<meta name=\"google-site-verification\" content=\"UA-38556648-1\" \/>\n\t<meta name=\"keywords\" content=\"noticias y actualidad\" \/>\n\t<link rel=\"canonical\" href=\"https:\/\/eldigitaldeasturias.com\/magazine365\/sacyr-defiende-que-ha-construido-el-canal-de-panama-en-tiempo-record\/\" \/>\n\t<meta name=\"generator\" content=\"All in One SEO Pro (AIOSEO) 4.9.6.1\" \/>\n\t\t<meta property=\"og:locale\" content=\"es_ES\" \/>\n\t\t<meta property=\"og:site_name\" content=\"El Digital de Asturias \u2013 Revista de ocio, turismo y estilo de vida\" \/>\n\t\t<meta property=\"og:type\" content=\"article\" \/>\n\t\t<meta property=\"og:title\" content=\"Sacyr defiende que ha construido el Canal de Panam\u00e1 en \u00abtiempo r\u00e9cord\u00bb | El Digital de Asturias\" \/>\n\t\t<meta property=\"og:description\" content=\"El consorcio que lidera Sacyr ha construido el nuevo Canal de Panam\u00e1 &quot;en un tiempo r\u00e9cord&quot;, pese a haber afrontado &quot;desfavorables condiciones en muchas ocasiones&quot;, asegura el presidente de la constructora espa\u00f1ola, Manuel Manrique. El grupo contratista entreg\u00f3 a Panam\u00e1 el pasado 31 de mayo la hist\u00f3rica obra, que se inaugurar\u00e1 el pr\u00f3ximo 26 de\" \/>\n\t\t<meta property=\"og:url\" content=\"https:\/\/eldigitaldeasturias.com\/magazine365\/sacyr-defiende-que-ha-construido-el-canal-de-panama-en-tiempo-record\/\" \/>\n\t\t<meta property=\"og:image\" content=\"https:\/\/eldigitaldeasturias.com\/magazine365\/wp-content\/uploads\/2016\/06\/fotonoticia_20160606152210_800.jpg\" \/>\n\t\t<meta property=\"og:image:secure_url\" content=\"https:\/\/eldigitaldeasturias.com\/magazine365\/wp-content\/uploads\/2016\/06\/fotonoticia_20160606152210_800.jpg\" \/>\n\t\t<meta property=\"og:image:width\" content=\"800\" \/>\n\t\t<meta property=\"og:image:height\" content=\"533\" \/>\n\t\t<meta property=\"article:published_time\" content=\"2016-06-08T08:45:32+00:00\" \/>\n\t\t<meta property=\"article:modified_time\" content=\"2016-06-08T08:45:32+00:00\" \/>\n\t\t<meta name=\"twitter:card\" content=\"summary_large_image\" \/>\n\t\t<meta name=\"twitter:title\" content=\"Sacyr defiende que ha construido el Canal de Panam\u00e1 en \u00abtiempo r\u00e9cord\u00bb | El Digital de Asturias\" \/>\n\t\t<meta name=\"twitter:description\" content=\"El consorcio que lidera Sacyr ha construido el nuevo Canal de Panam\u00e1 &quot;en un tiempo r\u00e9cord&quot;, pese a haber afrontado &quot;desfavorables condiciones en muchas ocasiones&quot;, asegura el presidente de la constructora espa\u00f1ola, Manuel Manrique. El grupo contratista entreg\u00f3 a Panam\u00e1 el pasado 31 de mayo la hist\u00f3rica obra, que se inaugurar\u00e1 el pr\u00f3ximo 26 de\" \/>\n\t\t<meta name=\"twitter:image\" content=\"https:\/\/eldigitaldeasturias.com\/magazine365\/wp-content\/uploads\/2016\/06\/fotonoticia_20160606152210_800.jpg\" \/>\n\t\t<script type=\"application\/ld+json\" class=\"aioseo-schema\">\n\t\t\t{\"@context\":\"https:\\\/\\\/schema.org\",\"@graph\":[{\"@type\":\"Article\",\"@id\":\"https:\\\/\\\/eldigitaldeasturias.com\\\/magazine365\\\/sacyr-defiende-que-ha-construido-el-canal-de-panama-en-tiempo-record\\\/#article\",\"name\":\"Sacyr defiende que ha construido el Canal de Panam\\u00e1 en \\u00abtiempo r\\u00e9cord\\u00bb | El Digital de Asturias\",\"headline\":\"Sacyr defiende que ha construido el Canal de Panam\\u00e1 en \\u00abtiempo r\\u00e9cord\\u00bb\",\"author\":{\"@id\":\"https:\\\/\\\/eldigitaldeasturias.com\\\/magazine365\\\/author\\\/admin\\\/#author\"},\"publisher\":{\"@id\":\"https:\\\/\\\/eldigitaldeasturias.com\\\/magazine365\\\/#organization\"},\"image\":{\"@type\":\"ImageObject\",\"url\":\"https:\\\/\\\/eldigitaldeasturias.com\\\/magazine365\\\/wp-content\\\/uploads\\\/2016\\\/06\\\/fotonoticia_20160606152210_800.jpg\",\"width\":800,\"height\":533},\"datePublished\":\"2016-06-08T10:45:32+02:00\",\"dateModified\":\"2016-06-08T10:45:32+02:00\",\"inLanguage\":\"es-ES\",\"mainEntityOfPage\":{\"@id\":\"https:\\\/\\\/eldigitaldeasturias.com\\\/magazine365\\\/sacyr-defiende-que-ha-construido-el-canal-de-panama-en-tiempo-record\\\/#webpage\"},\"isPartOf\":{\"@id\":\"https:\\\/\\\/eldigitaldeasturias.com\\\/magazine365\\\/sacyr-defiende-que-ha-construido-el-canal-de-panama-en-tiempo-record\\\/#webpage\"},\"articleSection\":\"Noticias y Actualidad\"},{\"@type\":\"BreadcrumbList\",\"@id\":\"https:\\\/\\\/eldigitaldeasturias.com\\\/magazine365\\\/sacyr-defiende-que-ha-construido-el-canal-de-panama-en-tiempo-record\\\/#breadcrumblist\",\"itemListElement\":[{\"@type\":\"ListItem\",\"@id\":\"https:\\\/\\\/eldigitaldeasturias.com\\\/magazine365#listItem\",\"position\":1,\"name\":\"Home\",\"item\":\"https:\\\/\\\/eldigitaldeasturias.com\\\/magazine365\",\"nextItem\":{\"@type\":\"ListItem\",\"@id\":\"https:\\\/\\\/eldigitaldeasturias.com\\\/magazine365\\\/category\\\/noticias-actualidad\\\/#listItem\",\"name\":\"Noticias y Actualidad\"}},{\"@type\":\"ListItem\",\"@id\":\"https:\\\/\\\/eldigitaldeasturias.com\\\/magazine365\\\/category\\\/noticias-actualidad\\\/#listItem\",\"position\":2,\"name\":\"Noticias y Actualidad\",\"item\":\"https:\\\/\\\/eldigitaldeasturias.com\\\/magazine365\\\/category\\\/noticias-actualidad\\\/\",\"nextItem\":{\"@type\":\"ListItem\",\"@id\":\"https:\\\/\\\/eldigitaldeasturias.com\\\/magazine365\\\/sacyr-defiende-que-ha-construido-el-canal-de-panama-en-tiempo-record\\\/#listItem\",\"name\":\"Sacyr defiende que ha construido el Canal de Panam\\u00e1 en \\u00abtiempo r\\u00e9cord\\u00bb\"},\"previousItem\":{\"@type\":\"ListItem\",\"@id\":\"https:\\\/\\\/eldigitaldeasturias.com\\\/magazine365#listItem\",\"name\":\"Home\"}},{\"@type\":\"ListItem\",\"@id\":\"https:\\\/\\\/eldigitaldeasturias.com\\\/magazine365\\\/sacyr-defiende-que-ha-construido-el-canal-de-panama-en-tiempo-record\\\/#listItem\",\"position\":3,\"name\":\"Sacyr defiende que ha construido el Canal de Panam\\u00e1 en \\u00abtiempo r\\u00e9cord\\u00bb\",\"previousItem\":{\"@type\":\"ListItem\",\"@id\":\"https:\\\/\\\/eldigitaldeasturias.com\\\/magazine365\\\/category\\\/noticias-actualidad\\\/#listItem\",\"name\":\"Noticias y Actualidad\"}}]},{\"@type\":\"Organization\",\"@id\":\"https:\\\/\\\/eldigitaldeasturias.com\\\/magazine365\\\/#organization\",\"name\":\"El digital de Asturias\",\"description\":\"Revista de ocio, turismo y estilo de vida\",\"url\":\"https:\\\/\\\/eldigitaldeasturias.com\\\/magazine365\\\/\",\"logo\":{\"@type\":\"ImageObject\",\"url\":\"https:\\\/\\\/www.eldigitaldeasturias.com\\\/noticias\\\/wp-content\\\/uploads\\\/2020\\\/12\\\/EDA.jpg\",\"@id\":\"https:\\\/\\\/eldigitaldeasturias.com\\\/magazine365\\\/sacyr-defiende-que-ha-construido-el-canal-de-panama-en-tiempo-record\\\/#organizationLogo\"},\"image\":{\"@id\":\"https:\\\/\\\/eldigitaldeasturias.com\\\/magazine365\\\/sacyr-defiende-que-ha-construido-el-canal-de-panama-en-tiempo-record\\\/#organizationLogo\"}},{\"@type\":\"Person\",\"@id\":\"https:\\\/\\\/eldigitaldeasturias.com\\\/magazine365\\\/author\\\/admin\\\/#author\",\"url\":\"https:\\\/\\\/eldigitaldeasturias.com\\\/magazine365\\\/author\\\/admin\\\/\",\"name\":\"admin\",\"image\":{\"@type\":\"ImageObject\",\"@id\":\"https:\\\/\\\/eldigitaldeasturias.com\\\/magazine365\\\/sacyr-defiende-que-ha-construido-el-canal-de-panama-en-tiempo-record\\\/#authorImage\",\"url\":\"https:\\\/\\\/eldigitaldeasturias.com\\\/magazine365\\\/wp-content\\\/litespeed\\\/avatar\\\/e571bcf59a0edd6fa6838245a470f2fe.jpg?ver=1776969259\",\"width\":96,\"height\":96,\"caption\":\"admin\"}},{\"@type\":\"WebPage\",\"@id\":\"https:\\\/\\\/eldigitaldeasturias.com\\\/magazine365\\\/sacyr-defiende-que-ha-construido-el-canal-de-panama-en-tiempo-record\\\/#webpage\",\"url\":\"https:\\\/\\\/eldigitaldeasturias.com\\\/magazine365\\\/sacyr-defiende-que-ha-construido-el-canal-de-panama-en-tiempo-record\\\/\",\"name\":\"Sacyr defiende que ha construido el Canal de Panam\\u00e1 en \\u00abtiempo r\\u00e9cord\\u00bb | El Digital de Asturias\",\"description\":\"El consorcio que lidera Sacyr ha construido el nuevo Canal de Panam\\u00e1 \\\"en un tiempo r\\u00e9cord\\\", pese a haber afrontado \\\"desfavorables condiciones en muchas ocasiones\\\", asegura el presidente de la constructora espa\\u00f1ola, Manuel Manrique. El grupo contratista entreg\\u00f3 a Panam\\u00e1 el pasado 31 de mayo la hist\\u00f3rica obra, que se inaugurar\\u00e1 el pr\\u00f3ximo 26 de\",\"inLanguage\":\"es-ES\",\"isPartOf\":{\"@id\":\"https:\\\/\\\/eldigitaldeasturias.com\\\/magazine365\\\/#website\"},\"breadcrumb\":{\"@id\":\"https:\\\/\\\/eldigitaldeasturias.com\\\/magazine365\\\/sacyr-defiende-que-ha-construido-el-canal-de-panama-en-tiempo-record\\\/#breadcrumblist\"},\"author\":{\"@id\":\"https:\\\/\\\/eldigitaldeasturias.com\\\/magazine365\\\/author\\\/admin\\\/#author\"},\"creator\":{\"@id\":\"https:\\\/\\\/eldigitaldeasturias.com\\\/magazine365\\\/author\\\/admin\\\/#author\"},\"image\":{\"@type\":\"ImageObject\",\"url\":\"https:\\\/\\\/eldigitaldeasturias.com\\\/magazine365\\\/wp-content\\\/uploads\\\/2016\\\/06\\\/fotonoticia_20160606152210_800.jpg\",\"@id\":\"https:\\\/\\\/eldigitaldeasturias.com\\\/magazine365\\\/sacyr-defiende-que-ha-construido-el-canal-de-panama-en-tiempo-record\\\/#mainImage\",\"width\":800,\"height\":533},\"primaryImageOfPage\":{\"@id\":\"https:\\\/\\\/eldigitaldeasturias.com\\\/magazine365\\\/sacyr-defiende-que-ha-construido-el-canal-de-panama-en-tiempo-record\\\/#mainImage\"},\"datePublished\":\"2016-06-08T10:45:32+02:00\",\"dateModified\":\"2016-06-08T10:45:32+02:00\"},{\"@type\":\"WebSite\",\"@id\":\"https:\\\/\\\/eldigitaldeasturias.com\\\/magazine365\\\/#website\",\"url\":\"https:\\\/\\\/eldigitaldeasturias.com\\\/magazine365\\\/\",\"name\":\"El Digital de Asturias\",\"description\":\"Revista de ocio, turismo y estilo de vida\",\"inLanguage\":\"es-ES\",\"publisher\":{\"@id\":\"https:\\\/\\\/eldigitaldeasturias.com\\\/magazine365\\\/#organization\"}}]}\n\t\t<\/script>\n\t\t<!-- All in One SEO Pro -->\r\n\t\t<title>Sacyr defiende que ha construido el Canal de Panam\u00e1 en \u00abtiempo r\u00e9cord\u00bb | El Digital de Asturias<\/title>\n\n","aioseo_head_json":{"title":"Sacyr defiende que ha construido el Canal de Panam\u00e1 en \u00abtiempo r\u00e9cord\u00bb | El Digital de Asturias","description":"El consorcio que lidera Sacyr ha construido el nuevo Canal de Panam\u00e1 \"en un tiempo r\u00e9cord\", pese a haber afrontado \"desfavorables condiciones en muchas ocasiones\", asegura el presidente de la constructora espa\u00f1ola, Manuel Manrique. El grupo contratista entreg\u00f3 a Panam\u00e1 el pasado 31 de mayo la hist\u00f3rica obra, que se inaugurar\u00e1 el pr\u00f3ximo 26 de","canonical_url":"https:\/\/eldigitaldeasturias.com\/magazine365\/sacyr-defiende-que-ha-construido-el-canal-de-panama-en-tiempo-record\/","robots":"max-image-preview:large","keywords":"noticias y actualidad","webmasterTools":{"google-site-verification":"UA-38556648-1","miscellaneous":""},"schema":{"@context":"https:\/\/schema.org","@graph":[{"@type":"Article","@id":"https:\/\/eldigitaldeasturias.com\/magazine365\/sacyr-defiende-que-ha-construido-el-canal-de-panama-en-tiempo-record\/#article","name":"Sacyr defiende que ha construido el Canal de Panam\u00e1 en \u00abtiempo r\u00e9cord\u00bb | El Digital de Asturias","headline":"Sacyr defiende que ha construido el Canal de Panam\u00e1 en \u00abtiempo r\u00e9cord\u00bb","author":{"@id":"https:\/\/eldigitaldeasturias.com\/magazine365\/author\/admin\/#author"},"publisher":{"@id":"https:\/\/eldigitaldeasturias.com\/magazine365\/#organization"},"image":{"@type":"ImageObject","url":"https:\/\/eldigitaldeasturias.com\/magazine365\/wp-content\/uploads\/2016\/06\/fotonoticia_20160606152210_800.jpg","width":800,"height":533},"datePublished":"2016-06-08T10:45:32+02:00","dateModified":"2016-06-08T10:45:32+02:00","inLanguage":"es-ES","mainEntityOfPage":{"@id":"https:\/\/eldigitaldeasturias.com\/magazine365\/sacyr-defiende-que-ha-construido-el-canal-de-panama-en-tiempo-record\/#webpage"},"isPartOf":{"@id":"https:\/\/eldigitaldeasturias.com\/magazine365\/sacyr-defiende-que-ha-construido-el-canal-de-panama-en-tiempo-record\/#webpage"},"articleSection":"Noticias y Actualidad"},{"@type":"BreadcrumbList","@id":"https:\/\/eldigitaldeasturias.com\/magazine365\/sacyr-defiende-que-ha-construido-el-canal-de-panama-en-tiempo-record\/#breadcrumblist","itemListElement":[{"@type":"ListItem","@id":"https:\/\/eldigitaldeasturias.com\/magazine365#listItem","position":1,"name":"Home","item":"https:\/\/eldigitaldeasturias.com\/magazine365","nextItem":{"@type":"ListItem","@id":"https:\/\/eldigitaldeasturias.com\/magazine365\/category\/noticias-actualidad\/#listItem","name":"Noticias y Actualidad"}},{"@type":"ListItem","@id":"https:\/\/eldigitaldeasturias.com\/magazine365\/category\/noticias-actualidad\/#listItem","position":2,"name":"Noticias y Actualidad","item":"https:\/\/eldigitaldeasturias.com\/magazine365\/category\/noticias-actualidad\/","nextItem":{"@type":"ListItem","@id":"https:\/\/eldigitaldeasturias.com\/magazine365\/sacyr-defiende-que-ha-construido-el-canal-de-panama-en-tiempo-record\/#listItem","name":"Sacyr defiende que ha construido el Canal de Panam\u00e1 en \u00abtiempo r\u00e9cord\u00bb"},"previousItem":{"@type":"ListItem","@id":"https:\/\/eldigitaldeasturias.com\/magazine365#listItem","name":"Home"}},{"@type":"ListItem","@id":"https:\/\/eldigitaldeasturias.com\/magazine365\/sacyr-defiende-que-ha-construido-el-canal-de-panama-en-tiempo-record\/#listItem","position":3,"name":"Sacyr defiende que ha construido el Canal de Panam\u00e1 en \u00abtiempo r\u00e9cord\u00bb","previousItem":{"@type":"ListItem","@id":"https:\/\/eldigitaldeasturias.com\/magazine365\/category\/noticias-actualidad\/#listItem","name":"Noticias y Actualidad"}}]},{"@type":"Organization","@id":"https:\/\/eldigitaldeasturias.com\/magazine365\/#organization","name":"El digital de Asturias","description":"Revista de ocio, turismo y estilo de vida","url":"https:\/\/eldigitaldeasturias.com\/magazine365\/","logo":{"@type":"ImageObject","url":"https:\/\/www.eldigitaldeasturias.com\/noticias\/wp-content\/uploads\/2020\/12\/EDA.jpg","@id":"https:\/\/eldigitaldeasturias.com\/magazine365\/sacyr-defiende-que-ha-construido-el-canal-de-panama-en-tiempo-record\/#organizationLogo"},"image":{"@id":"https:\/\/eldigitaldeasturias.com\/magazine365\/sacyr-defiende-que-ha-construido-el-canal-de-panama-en-tiempo-record\/#organizationLogo"}},{"@type":"Person","@id":"https:\/\/eldigitaldeasturias.com\/magazine365\/author\/admin\/#author","url":"https:\/\/eldigitaldeasturias.com\/magazine365\/author\/admin\/","name":"admin","image":{"@type":"ImageObject","@id":"https:\/\/eldigitaldeasturias.com\/magazine365\/sacyr-defiende-que-ha-construido-el-canal-de-panama-en-tiempo-record\/#authorImage","url":"https:\/\/eldigitaldeasturias.com\/magazine365\/wp-content\/litespeed\/avatar\/e571bcf59a0edd6fa6838245a470f2fe.jpg?ver=1776969259","width":96,"height":96,"caption":"admin"}},{"@type":"WebPage","@id":"https:\/\/eldigitaldeasturias.com\/magazine365\/sacyr-defiende-que-ha-construido-el-canal-de-panama-en-tiempo-record\/#webpage","url":"https:\/\/eldigitaldeasturias.com\/magazine365\/sacyr-defiende-que-ha-construido-el-canal-de-panama-en-tiempo-record\/","name":"Sacyr defiende que ha construido el Canal de Panam\u00e1 en \u00abtiempo r\u00e9cord\u00bb | El Digital de Asturias","description":"El consorcio que lidera Sacyr ha construido el nuevo Canal de Panam\u00e1 \"en un tiempo r\u00e9cord\", pese a haber afrontado \"desfavorables condiciones en muchas ocasiones\", asegura el presidente de la constructora espa\u00f1ola, Manuel Manrique. El grupo contratista entreg\u00f3 a Panam\u00e1 el pasado 31 de mayo la hist\u00f3rica obra, que se inaugurar\u00e1 el pr\u00f3ximo 26 de","inLanguage":"es-ES","isPartOf":{"@id":"https:\/\/eldigitaldeasturias.com\/magazine365\/#website"},"breadcrumb":{"@id":"https:\/\/eldigitaldeasturias.com\/magazine365\/sacyr-defiende-que-ha-construido-el-canal-de-panama-en-tiempo-record\/#breadcrumblist"},"author":{"@id":"https:\/\/eldigitaldeasturias.com\/magazine365\/author\/admin\/#author"},"creator":{"@id":"https:\/\/eldigitaldeasturias.com\/magazine365\/author\/admin\/#author"},"image":{"@type":"ImageObject","url":"https:\/\/eldigitaldeasturias.com\/magazine365\/wp-content\/uploads\/2016\/06\/fotonoticia_20160606152210_800.jpg","@id":"https:\/\/eldigitaldeasturias.com\/magazine365\/sacyr-defiende-que-ha-construido-el-canal-de-panama-en-tiempo-record\/#mainImage","width":800,"height":533},"primaryImageOfPage":{"@id":"https:\/\/eldigitaldeasturias.com\/magazine365\/sacyr-defiende-que-ha-construido-el-canal-de-panama-en-tiempo-record\/#mainImage"},"datePublished":"2016-06-08T10:45:32+02:00","dateModified":"2016-06-08T10:45:32+02:00"},{"@type":"WebSite","@id":"https:\/\/eldigitaldeasturias.com\/magazine365\/#website","url":"https:\/\/eldigitaldeasturias.com\/magazine365\/","name":"El Digital de Asturias","description":"Revista de ocio, turismo y estilo de vida","inLanguage":"es-ES","publisher":{"@id":"https:\/\/eldigitaldeasturias.com\/magazine365\/#organization"}}]},"og:locale":"es_ES","og:site_name":"El Digital de Asturias \u2013 Revista de ocio, turismo y estilo de vida","og:type":"article","og:title":"Sacyr defiende que ha construido el Canal de Panam\u00e1 en \u00abtiempo r\u00e9cord\u00bb | El Digital de Asturias","og:description":"El consorcio que lidera Sacyr ha construido el nuevo Canal de Panam\u00e1 &quot;en un tiempo r\u00e9cord&quot;, pese a haber afrontado &quot;desfavorables condiciones en muchas ocasiones&quot;, asegura el presidente de la constructora espa\u00f1ola, Manuel Manrique. El grupo contratista entreg\u00f3 a Panam\u00e1 el pasado 31 de mayo la hist\u00f3rica obra, que se inaugurar\u00e1 el pr\u00f3ximo 26 de","og:url":"https:\/\/eldigitaldeasturias.com\/magazine365\/sacyr-defiende-que-ha-construido-el-canal-de-panama-en-tiempo-record\/","og:image":"https:\/\/eldigitaldeasturias.com\/magazine365\/wp-content\/uploads\/2016\/06\/fotonoticia_20160606152210_800.jpg","og:image:secure_url":"https:\/\/eldigitaldeasturias.com\/magazine365\/wp-content\/uploads\/2016\/06\/fotonoticia_20160606152210_800.jpg","og:image:width":800,"og:image:height":533,"article:published_time":"2016-06-08T08:45:32+00:00","article:modified_time":"2016-06-08T08:45:32+00:00","twitter:card":"summary_large_image","twitter:title":"Sacyr defiende que ha construido el Canal de Panam\u00e1 en \u00abtiempo r\u00e9cord\u00bb | El Digital de Asturias","twitter:description":"El consorcio que lidera Sacyr ha construido el nuevo Canal de Panam\u00e1 &quot;en un tiempo r\u00e9cord&quot;, pese a haber afrontado &quot;desfavorables condiciones en muchas ocasiones&quot;, asegura el presidente de la constructora espa\u00f1ola, Manuel Manrique. El grupo contratista entreg\u00f3 a Panam\u00e1 el pasado 31 de mayo la hist\u00f3rica obra, que se inaugurar\u00e1 el pr\u00f3ximo 26 de","twitter:image":"https:\/\/eldigitaldeasturias.com\/magazine365\/wp-content\/uploads\/2016\/06\/fotonoticia_20160606152210_800.jpg"},"aioseo_meta_data":{"post_id":"77882","title":null,"description":null,"keywords":null,"keyphrases":null,"primary_term":null,"canonical_url":null,"og_title":null,"og_description":null,"og_object_type":"default","og_image_type":"default","og_image_url":null,"og_image_width":null,"og_image_height":null,"og_image_custom_url":null,"og_image_custom_fields":null,"og_video":null,"og_custom_url":null,"og_article_section":null,"og_article_tags":null,"twitter_use_og":false,"twitter_card":"default","twitter_image_type":"default","twitter_image_url":null,"twitter_image_custom_url":null,"twitter_image_custom_fields":null,"twitter_title":null,"twitter_description":null,"schema":{"blockGraphs":[],"customGraphs":[],"default":{"data":{"Article":[],"Course":[],"Dataset":[],"FAQPage":[],"Movie":[],"Person":[],"Product":[],"ProductReview":[],"Car":[],"Recipe":[],"Service":[],"SoftwareApplication":[],"WebPage":[]},"graphName":"","isEnabled":true},"graphs":[]},"schema_type":null,"schema_type_options":null,"pillar_content":false,"robots_default":true,"robots_noindex":false,"robots_noarchive":false,"robots_nosnippet":false,"robots_nofollow":false,"robots_noimageindex":false,"robots_noodp":false,"robots_notranslate":false,"robots_max_snippet":null,"robots_max_videopreview":null,"robots_max_imagepreview":"large","priority":null,"frequency":null,"location":null,"local_seo":null,"seo_analyzer_scan_date":"2025-09-27 15:49:58","breadcrumb_settings":null,"limit_modified_date":false,"open_ai":null,"ai":null,"created":"2021-03-08 18:07:57","updated":"2025-09-27 15:49:58"},"aioseo_breadcrumb":"<div class=\"aioseo-breadcrumbs\"><span class=\"aioseo-breadcrumb\">\n\t<a href=\"https:\/\/eldigitaldeasturias.com\/magazine365\" title=\"Home\">Home<\/a>\n<\/span><span class=\"aioseo-breadcrumb-separator\">\u2013<\/span><span class=\"aioseo-breadcrumb\">\n\t<a href=\"https:\/\/eldigitaldeasturias.com\/magazine365\/category\/noticias-actualidad\/\" title=\"Noticias y Actualidad\">Noticias y Actualidad<\/a>\n<\/span><span class=\"aioseo-breadcrumb-separator\">\u2013<\/span><span class=\"aioseo-breadcrumb\">\n\t<a href=\"https:\/\/eldigitaldeasturias.com\/magazine365\/sacyr-defiende-que-ha-construido-el-canal-de-panama-en-tiempo-record\/\" title=\"Sacyr defiende que ha construido el Canal de Panam\u00e1 en \u00abtiempo r\u00e9cord\u00bb\">Sacyr defiende que ha construido el Canal de Panam\u00e1 en \u00abtiempo r\u00e9cord\u00bb<\/a>\n<\/span><\/div>","aioseo_breadcrumb_json":[{"label":"Home","link":"https:\/\/eldigitaldeasturias.com\/magazine365"},{"label":"Noticias y Actualidad","link":"https:\/\/eldigitaldeasturias.com\/magazine365\/category\/noticias-actualidad\/"},{"label":"Sacyr defiende que ha construido el Canal de Panam\u00e1 en \u00abtiempo r\u00e9cord\u00bb","link":"https:\/\/eldigitaldeasturias.com\/magazine365\/sacyr-defiende-que-ha-construido-el-canal-de-panama-en-tiempo-record\/"}],"_links":{"self":[{"href":"https:\/\/eldigitaldeasturias.com\/magazine365\/wp-json\/wp\/v2\/posts\/77882","targetHints":{"allow":["GET"]}}],"collection":[{"href":"https:\/\/eldigitaldeasturias.com\/magazine365\/wp-json\/wp\/v2\/posts"}],"about":[{"href":"https:\/\/eldigitaldeasturias.com\/magazine365\/wp-json\/wp\/v2\/types\/post"}],"author":[{"embeddable":true,"href":"https:\/\/eldigitaldeasturias.com\/magazine365\/wp-json\/wp\/v2\/users\/1"}],"replies":[{"embeddable":true,"href":"https:\/\/eldigitaldeasturias.com\/magazine365\/wp-json\/wp\/v2\/comments?post=77882"}],"version-history":[{"count":0,"href":"https:\/\/eldigitaldeasturias.com\/magazine365\/wp-json\/wp\/v2\/posts\/77882\/revisions"}],"wp:featuredmedia":[{"embeddable":true,"href":"https:\/\/eldigitaldeasturias.com\/magazine365\/wp-json\/wp\/v2\/media\/77883"}],"wp:attachment":[{"href":"https:\/\/eldigitaldeasturias.com\/magazine365\/wp-json\/wp\/v2\/media?parent=77882"}],"wp:term":[{"taxonomy":"category","embeddable":true,"href":"https:\/\/eldigitaldeasturias.com\/magazine365\/wp-json\/wp\/v2\/categories?post=77882"},{"taxonomy":"post_tag","embeddable":true,"href":"https:\/\/eldigitaldeasturias.com\/magazine365\/wp-json\/wp\/v2\/tags?post=77882"}],"curies":[{"name":"wp","href":"https:\/\/api.w.org\/{rel}","templated":true}]}}