{"id":77871,"date":"2016-06-07T11:56:02","date_gmt":"2016-06-07T09:56:02","guid":{"rendered":"http:\/\/eldigitaldeasturias.com\/magazine365\/?p=77871"},"modified":"2016-06-07T11:56:02","modified_gmt":"2016-06-07T09:56:02","slug":"el-ayuntamiento-de-cordoba-pide-a-una-comision-de-expertos-proponer-como-gestionar-el-turismo-desde-lo-publico","status":"publish","type":"post","link":"https:\/\/eldigitaldeasturias.com\/magazine365\/el-ayuntamiento-de-cordoba-pide-a-una-comision-de-expertos-proponer-como-gestionar-el-turismo-desde-lo-publico\/","title":{"rendered":"El Ayuntamiento de C\u00f3rdoba pide a una comisi\u00f3n de expertos proponer c\u00f3mo gestionar el turismo desde lo p\u00fablico"},"content":{"rendered":"<p><img fetchpriority=\"high\" decoding=\"async\" class=\"alignleft size-medium wp-image-77872\" src=\"https:\/\/eldigitaldeasturias.com\/magazine365\/wp-content\/uploads\/2016\/06\/fotonoticia_20160606145952_800-360x270.jpg\" alt=\"fotonoticia_20160606145952_800\" width=\"360\" height=\"270\" srcset=\"https:\/\/eldigitaldeasturias.com\/magazine365\/wp-content\/uploads\/2016\/06\/fotonoticia_20160606145952_800-360x270.jpg 360w, https:\/\/eldigitaldeasturias.com\/magazine365\/wp-content\/uploads\/2016\/06\/fotonoticia_20160606145952_800-650x488.jpg 650w, https:\/\/eldigitaldeasturias.com\/magazine365\/wp-content\/uploads\/2016\/06\/fotonoticia_20160606145952_800-768x576.jpg 768w, https:\/\/eldigitaldeasturias.com\/magazine365\/wp-content\/uploads\/2016\/06\/fotonoticia_20160606145952_800-150x113.jpg 150w, https:\/\/eldigitaldeasturias.com\/magazine365\/wp-content\/uploads\/2016\/06\/fotonoticia_20160606145952_800-450x338.jpg 450w, https:\/\/eldigitaldeasturias.com\/magazine365\/wp-content\/uploads\/2016\/06\/fotonoticia_20160606145952_800-90x67.jpg 90w, https:\/\/eldigitaldeasturias.com\/magazine365\/wp-content\/uploads\/2016\/06\/fotonoticia_20160606145952_800-164x124.jpg 164w, https:\/\/eldigitaldeasturias.com\/magazine365\/wp-content\/uploads\/2016\/06\/fotonoticia_20160606145952_800-100x75.jpg 100w, https:\/\/eldigitaldeasturias.com\/magazine365\/wp-content\/uploads\/2016\/06\/fotonoticia_20160606145952_800.jpg 800w\" sizes=\"(max-width: 360px) 100vw, 360px\" \/>El delegado de Turismo del Ayuntamiento de C\u00f3rdoba, Pedro Garc\u00eda (IU), ha informado este lunes de que en la comisi\u00f3n de desarrollo del Consistorio, celebrada en esta jornada, ha propuesto crear una comisi\u00f3n de expertos para que \u00abhaga una propuesta sobre c\u00f3mo gestionar el turismo desde lo p\u00fablico y la administraci\u00f3n\u00bb.<\/p>\n<p>En este sentido, el tambi\u00e9n primer teniente de alcalde ha recordado que la gesti\u00f3n del turismo en la capital se ha hecho hasta ahora desde el Ayuntamiento y concretamente desde el Consorcio de Turismo, que \u00abest\u00e1 en fase de disoluci\u00f3n\u00bb, de manera que \u00abse necesita un nuevo \u00f3rgano de gesti\u00f3n que sea m\u00e1s eficaz y eficiente\u00bb, ha subrayado.<\/p>\n<p>De este modo, la comisi\u00f3n contar\u00e1 con 15 miembros, entre ellos \u00e9l como presidente del \u00f3rgano, el secretario y director general de Turismo, un asesor t\u00e9cnico del \u00e1rea de Alcald\u00eda, representantes de la delegaci\u00f3n de Hacienda y de Personal, as\u00ed como integrantes del Consejo Social de la Ciudad y del movimiento ciudadano, de la Universidad de C\u00f3rdoba, de la Confederaci\u00f3n de Empresarios de C\u00f3rdoba, de los sindicatos CCOO, UGT y CTA y el grupo municipal mayoritario, el PP.<\/p>\n<p>Al respecto, el concejal de Turismo ha defendido la labor que haga esta comisi\u00f3n para \u00abgestionar la creaci\u00f3n del nuevo instrumento que permite desde lo p\u00fablico gestionar lo mejor posible todo lo que tiene que ver con el turismo\u00bb.<\/p>\n<p>&nbsp;<\/p>\n","protected":false},"excerpt":{"rendered":"<p>El delegado de Turismo del Ayuntamiento de C\u00f3rdoba, Pedro Garc\u00eda (IU), ha informado este lunes de que en la comisi\u00f3n de desarrollo del Consistorio, celebrada en esta jornada, ha propuesto crear una comisi\u00f3n de expertos para que \u00abhaga una propuesta sobre c\u00f3mo gestionar el turismo desde lo p\u00fablico y la administraci\u00f3n\u00bb. En este sentido, el<\/p>\n","protected":false},"author":1,"featured_media":77872,"comment_status":"open","ping_status":"closed","sticky":false,"template":"","format":"standard","meta":{"footnotes":""},"categories":[224],"tags":[],"class_list":{"0":"post-77871","1":"post","2":"type-post","3":"status-publish","4":"format-standard","5":"has-post-thumbnail","7":"category-noticias-actualidad"},"aioseo_notices":[],"aioseo_head":"\n\t\t<!-- All in One SEO Pro 4.9.6.1 - aioseo.com -->\n\t<meta name=\"description\" content=\"El delegado de Turismo del Ayuntamiento de C\u00f3rdoba, Pedro Garc\u00eda (IU), ha informado este lunes de que en la comisi\u00f3n de desarrollo del Consistorio, celebrada en esta jornada, ha propuesto crear una comisi\u00f3n de expertos para que &quot;haga una propuesta sobre c\u00f3mo gestionar el turismo desde lo p\u00fablico y la administraci\u00f3n&quot;. En este sentido, el\" \/>\n\t<meta name=\"robots\" content=\"max-image-preview:large\" \/>\n\t<meta name=\"author\" content=\"admin\"\/>\n\t<meta name=\"google-site-verification\" content=\"UA-38556648-1\" \/>\n\t<meta name=\"keywords\" content=\"noticias y actualidad\" \/>\n\t<link rel=\"canonical\" href=\"https:\/\/eldigitaldeasturias.com\/magazine365\/el-ayuntamiento-de-cordoba-pide-a-una-comision-de-expertos-proponer-como-gestionar-el-turismo-desde-lo-publico\/\" \/>\n\t<meta name=\"generator\" content=\"All in One SEO Pro (AIOSEO) 4.9.6.1\" \/>\n\t\t<meta property=\"og:locale\" content=\"es_ES\" \/>\n\t\t<meta property=\"og:site_name\" content=\"El Digital de Asturias \u2013 Revista de ocio, turismo y estilo de vida\" \/>\n\t\t<meta property=\"og:type\" content=\"article\" \/>\n\t\t<meta property=\"og:title\" content=\"El Ayuntamiento de C\u00f3rdoba pide a una comisi\u00f3n de expertos proponer c\u00f3mo gestionar el turismo desde lo p\u00fablico | El Digital de Asturias\" \/>\n\t\t<meta property=\"og:description\" content=\"El delegado de Turismo del Ayuntamiento de C\u00f3rdoba, Pedro Garc\u00eda (IU), ha informado este lunes de que en la comisi\u00f3n de desarrollo del Consistorio, celebrada en esta jornada, ha propuesto crear una comisi\u00f3n de expertos para que &quot;haga una propuesta sobre c\u00f3mo gestionar el turismo desde lo p\u00fablico y la administraci\u00f3n&quot;. En este sentido, el\" \/>\n\t\t<meta property=\"og:url\" content=\"https:\/\/eldigitaldeasturias.com\/magazine365\/el-ayuntamiento-de-cordoba-pide-a-una-comision-de-expertos-proponer-como-gestionar-el-turismo-desde-lo-publico\/\" \/>\n\t\t<meta property=\"og:image\" content=\"https:\/\/eldigitaldeasturias.com\/magazine365\/wp-content\/uploads\/2016\/06\/fotonoticia_20160606145952_800.jpg\" \/>\n\t\t<meta property=\"og:image:secure_url\" content=\"https:\/\/eldigitaldeasturias.com\/magazine365\/wp-content\/uploads\/2016\/06\/fotonoticia_20160606145952_800.jpg\" \/>\n\t\t<meta property=\"og:image:width\" content=\"800\" \/>\n\t\t<meta property=\"og:image:height\" content=\"600\" \/>\n\t\t<meta property=\"article:published_time\" content=\"2016-06-07T09:56:02+00:00\" \/>\n\t\t<meta property=\"article:modified_time\" content=\"2016-06-07T09:56:02+00:00\" \/>\n\t\t<meta name=\"twitter:card\" content=\"summary_large_image\" \/>\n\t\t<meta name=\"twitter:title\" content=\"El Ayuntamiento de C\u00f3rdoba pide a una comisi\u00f3n de expertos proponer c\u00f3mo gestionar el turismo desde lo p\u00fablico | El Digital de Asturias\" \/>\n\t\t<meta name=\"twitter:description\" content=\"El delegado de Turismo del Ayuntamiento de C\u00f3rdoba, Pedro Garc\u00eda (IU), ha informado este lunes de que en la comisi\u00f3n de desarrollo del Consistorio, celebrada en esta jornada, ha propuesto crear una comisi\u00f3n de expertos para que &quot;haga una propuesta sobre c\u00f3mo gestionar el turismo desde lo p\u00fablico y la administraci\u00f3n&quot;. En este sentido, el\" \/>\n\t\t<meta name=\"twitter:image\" content=\"https:\/\/eldigitaldeasturias.com\/magazine365\/wp-content\/uploads\/2016\/06\/fotonoticia_20160606145952_800.jpg\" \/>\n\t\t<script type=\"application\/ld+json\" class=\"aioseo-schema\">\n\t\t\t{\"@context\":\"https:\\\/\\\/schema.org\",\"@graph\":[{\"@type\":\"Article\",\"@id\":\"https:\\\/\\\/eldigitaldeasturias.com\\\/magazine365\\\/el-ayuntamiento-de-cordoba-pide-a-una-comision-de-expertos-proponer-como-gestionar-el-turismo-desde-lo-publico\\\/#article\",\"name\":\"El Ayuntamiento de C\\u00f3rdoba pide a una comisi\\u00f3n de expertos proponer c\\u00f3mo gestionar el turismo desde lo p\\u00fablico | El Digital de Asturias\",\"headline\":\"El Ayuntamiento de C\\u00f3rdoba pide a una comisi\\u00f3n de expertos proponer c\\u00f3mo gestionar el turismo desde lo p\\u00fablico\",\"author\":{\"@id\":\"https:\\\/\\\/eldigitaldeasturias.com\\\/magazine365\\\/author\\\/admin\\\/#author\"},\"publisher\":{\"@id\":\"https:\\\/\\\/eldigitaldeasturias.com\\\/magazine365\\\/#organization\"},\"image\":{\"@type\":\"ImageObject\",\"url\":\"https:\\\/\\\/eldigitaldeasturias.com\\\/magazine365\\\/wp-content\\\/uploads\\\/2016\\\/06\\\/fotonoticia_20160606145952_800.jpg\",\"width\":800,\"height\":600},\"datePublished\":\"2016-06-07T11:56:02+02:00\",\"dateModified\":\"2016-06-07T11:56:02+02:00\",\"inLanguage\":\"es-ES\",\"mainEntityOfPage\":{\"@id\":\"https:\\\/\\\/eldigitaldeasturias.com\\\/magazine365\\\/el-ayuntamiento-de-cordoba-pide-a-una-comision-de-expertos-proponer-como-gestionar-el-turismo-desde-lo-publico\\\/#webpage\"},\"isPartOf\":{\"@id\":\"https:\\\/\\\/eldigitaldeasturias.com\\\/magazine365\\\/el-ayuntamiento-de-cordoba-pide-a-una-comision-de-expertos-proponer-como-gestionar-el-turismo-desde-lo-publico\\\/#webpage\"},\"articleSection\":\"Noticias y Actualidad\"},{\"@type\":\"BreadcrumbList\",\"@id\":\"https:\\\/\\\/eldigitaldeasturias.com\\\/magazine365\\\/el-ayuntamiento-de-cordoba-pide-a-una-comision-de-expertos-proponer-como-gestionar-el-turismo-desde-lo-publico\\\/#breadcrumblist\",\"itemListElement\":[{\"@type\":\"ListItem\",\"@id\":\"https:\\\/\\\/eldigitaldeasturias.com\\\/magazine365#listItem\",\"position\":1,\"name\":\"Home\",\"item\":\"https:\\\/\\\/eldigitaldeasturias.com\\\/magazine365\",\"nextItem\":{\"@type\":\"ListItem\",\"@id\":\"https:\\\/\\\/eldigitaldeasturias.com\\\/magazine365\\\/category\\\/noticias-actualidad\\\/#listItem\",\"name\":\"Noticias y Actualidad\"}},{\"@type\":\"ListItem\",\"@id\":\"https:\\\/\\\/eldigitaldeasturias.com\\\/magazine365\\\/category\\\/noticias-actualidad\\\/#listItem\",\"position\":2,\"name\":\"Noticias y Actualidad\",\"item\":\"https:\\\/\\\/eldigitaldeasturias.com\\\/magazine365\\\/category\\\/noticias-actualidad\\\/\",\"nextItem\":{\"@type\":\"ListItem\",\"@id\":\"https:\\\/\\\/eldigitaldeasturias.com\\\/magazine365\\\/el-ayuntamiento-de-cordoba-pide-a-una-comision-de-expertos-proponer-como-gestionar-el-turismo-desde-lo-publico\\\/#listItem\",\"name\":\"El Ayuntamiento de C\\u00f3rdoba pide a una comisi\\u00f3n de expertos proponer c\\u00f3mo gestionar el turismo desde lo p\\u00fablico\"},\"previousItem\":{\"@type\":\"ListItem\",\"@id\":\"https:\\\/\\\/eldigitaldeasturias.com\\\/magazine365#listItem\",\"name\":\"Home\"}},{\"@type\":\"ListItem\",\"@id\":\"https:\\\/\\\/eldigitaldeasturias.com\\\/magazine365\\\/el-ayuntamiento-de-cordoba-pide-a-una-comision-de-expertos-proponer-como-gestionar-el-turismo-desde-lo-publico\\\/#listItem\",\"position\":3,\"name\":\"El Ayuntamiento de C\\u00f3rdoba pide a una comisi\\u00f3n de expertos proponer c\\u00f3mo gestionar el turismo desde lo p\\u00fablico\",\"previousItem\":{\"@type\":\"ListItem\",\"@id\":\"https:\\\/\\\/eldigitaldeasturias.com\\\/magazine365\\\/category\\\/noticias-actualidad\\\/#listItem\",\"name\":\"Noticias y Actualidad\"}}]},{\"@type\":\"Organization\",\"@id\":\"https:\\\/\\\/eldigitaldeasturias.com\\\/magazine365\\\/#organization\",\"name\":\"El digital de Asturias\",\"description\":\"Revista de ocio, turismo y estilo de vida\",\"url\":\"https:\\\/\\\/eldigitaldeasturias.com\\\/magazine365\\\/\",\"logo\":{\"@type\":\"ImageObject\",\"url\":\"https:\\\/\\\/www.eldigitaldeasturias.com\\\/noticias\\\/wp-content\\\/uploads\\\/2020\\\/12\\\/EDA.jpg\",\"@id\":\"https:\\\/\\\/eldigitaldeasturias.com\\\/magazine365\\\/el-ayuntamiento-de-cordoba-pide-a-una-comision-de-expertos-proponer-como-gestionar-el-turismo-desde-lo-publico\\\/#organizationLogo\"},\"image\":{\"@id\":\"https:\\\/\\\/eldigitaldeasturias.com\\\/magazine365\\\/el-ayuntamiento-de-cordoba-pide-a-una-comision-de-expertos-proponer-como-gestionar-el-turismo-desde-lo-publico\\\/#organizationLogo\"}},{\"@type\":\"Person\",\"@id\":\"https:\\\/\\\/eldigitaldeasturias.com\\\/magazine365\\\/author\\\/admin\\\/#author\",\"url\":\"https:\\\/\\\/eldigitaldeasturias.com\\\/magazine365\\\/author\\\/admin\\\/\",\"name\":\"admin\",\"image\":{\"@type\":\"ImageObject\",\"@id\":\"https:\\\/\\\/eldigitaldeasturias.com\\\/magazine365\\\/el-ayuntamiento-de-cordoba-pide-a-una-comision-de-expertos-proponer-como-gestionar-el-turismo-desde-lo-publico\\\/#authorImage\",\"url\":\"https:\\\/\\\/eldigitaldeasturias.com\\\/magazine365\\\/wp-content\\\/litespeed\\\/avatar\\\/e571bcf59a0edd6fa6838245a470f2fe.jpg?ver=1776969259\",\"width\":96,\"height\":96,\"caption\":\"admin\"}},{\"@type\":\"WebPage\",\"@id\":\"https:\\\/\\\/eldigitaldeasturias.com\\\/magazine365\\\/el-ayuntamiento-de-cordoba-pide-a-una-comision-de-expertos-proponer-como-gestionar-el-turismo-desde-lo-publico\\\/#webpage\",\"url\":\"https:\\\/\\\/eldigitaldeasturias.com\\\/magazine365\\\/el-ayuntamiento-de-cordoba-pide-a-una-comision-de-expertos-proponer-como-gestionar-el-turismo-desde-lo-publico\\\/\",\"name\":\"El Ayuntamiento de C\\u00f3rdoba pide a una comisi\\u00f3n de expertos proponer c\\u00f3mo gestionar el turismo desde lo p\\u00fablico | El Digital de Asturias\",\"description\":\"El delegado de Turismo del Ayuntamiento de C\\u00f3rdoba, Pedro Garc\\u00eda (IU), ha informado este lunes de que en la comisi\\u00f3n de desarrollo del Consistorio, celebrada en esta jornada, ha propuesto crear una comisi\\u00f3n de expertos para que \\\"haga una propuesta sobre c\\u00f3mo gestionar el turismo desde lo p\\u00fablico y la administraci\\u00f3n\\\". En este sentido, el\",\"inLanguage\":\"es-ES\",\"isPartOf\":{\"@id\":\"https:\\\/\\\/eldigitaldeasturias.com\\\/magazine365\\\/#website\"},\"breadcrumb\":{\"@id\":\"https:\\\/\\\/eldigitaldeasturias.com\\\/magazine365\\\/el-ayuntamiento-de-cordoba-pide-a-una-comision-de-expertos-proponer-como-gestionar-el-turismo-desde-lo-publico\\\/#breadcrumblist\"},\"author\":{\"@id\":\"https:\\\/\\\/eldigitaldeasturias.com\\\/magazine365\\\/author\\\/admin\\\/#author\"},\"creator\":{\"@id\":\"https:\\\/\\\/eldigitaldeasturias.com\\\/magazine365\\\/author\\\/admin\\\/#author\"},\"image\":{\"@type\":\"ImageObject\",\"url\":\"https:\\\/\\\/eldigitaldeasturias.com\\\/magazine365\\\/wp-content\\\/uploads\\\/2016\\\/06\\\/fotonoticia_20160606145952_800.jpg\",\"@id\":\"https:\\\/\\\/eldigitaldeasturias.com\\\/magazine365\\\/el-ayuntamiento-de-cordoba-pide-a-una-comision-de-expertos-proponer-como-gestionar-el-turismo-desde-lo-publico\\\/#mainImage\",\"width\":800,\"height\":600},\"primaryImageOfPage\":{\"@id\":\"https:\\\/\\\/eldigitaldeasturias.com\\\/magazine365\\\/el-ayuntamiento-de-cordoba-pide-a-una-comision-de-expertos-proponer-como-gestionar-el-turismo-desde-lo-publico\\\/#mainImage\"},\"datePublished\":\"2016-06-07T11:56:02+02:00\",\"dateModified\":\"2016-06-07T11:56:02+02:00\"},{\"@type\":\"WebSite\",\"@id\":\"https:\\\/\\\/eldigitaldeasturias.com\\\/magazine365\\\/#website\",\"url\":\"https:\\\/\\\/eldigitaldeasturias.com\\\/magazine365\\\/\",\"name\":\"El Digital de Asturias\",\"description\":\"Revista de ocio, turismo y estilo de vida\",\"inLanguage\":\"es-ES\",\"publisher\":{\"@id\":\"https:\\\/\\\/eldigitaldeasturias.com\\\/magazine365\\\/#organization\"}}]}\n\t\t<\/script>\n\t\t<!-- All in One SEO Pro -->\r\n\t\t<title>El Ayuntamiento de C\u00f3rdoba pide a una comisi\u00f3n de expertos proponer c\u00f3mo gestionar el turismo desde lo p\u00fablico | El Digital de Asturias<\/title>\n\n","aioseo_head_json":{"title":"El Ayuntamiento de C\u00f3rdoba pide a una comisi\u00f3n de expertos proponer c\u00f3mo gestionar el turismo desde lo p\u00fablico | El Digital de Asturias","description":"El delegado de Turismo del Ayuntamiento de C\u00f3rdoba, Pedro Garc\u00eda (IU), ha informado este lunes de que en la comisi\u00f3n de desarrollo del Consistorio, celebrada en esta jornada, ha propuesto crear una comisi\u00f3n de expertos para que \"haga una propuesta sobre c\u00f3mo gestionar el turismo desde lo p\u00fablico y la administraci\u00f3n\". En este sentido, el","canonical_url":"https:\/\/eldigitaldeasturias.com\/magazine365\/el-ayuntamiento-de-cordoba-pide-a-una-comision-de-expertos-proponer-como-gestionar-el-turismo-desde-lo-publico\/","robots":"max-image-preview:large","keywords":"noticias y actualidad","webmasterTools":{"google-site-verification":"UA-38556648-1","miscellaneous":""},"schema":{"@context":"https:\/\/schema.org","@graph":[{"@type":"Article","@id":"https:\/\/eldigitaldeasturias.com\/magazine365\/el-ayuntamiento-de-cordoba-pide-a-una-comision-de-expertos-proponer-como-gestionar-el-turismo-desde-lo-publico\/#article","name":"El Ayuntamiento de C\u00f3rdoba pide a una comisi\u00f3n de expertos proponer c\u00f3mo gestionar el turismo desde lo p\u00fablico | El Digital de Asturias","headline":"El Ayuntamiento de C\u00f3rdoba pide a una comisi\u00f3n de expertos proponer c\u00f3mo gestionar el turismo desde lo p\u00fablico","author":{"@id":"https:\/\/eldigitaldeasturias.com\/magazine365\/author\/admin\/#author"},"publisher":{"@id":"https:\/\/eldigitaldeasturias.com\/magazine365\/#organization"},"image":{"@type":"ImageObject","url":"https:\/\/eldigitaldeasturias.com\/magazine365\/wp-content\/uploads\/2016\/06\/fotonoticia_20160606145952_800.jpg","width":800,"height":600},"datePublished":"2016-06-07T11:56:02+02:00","dateModified":"2016-06-07T11:56:02+02:00","inLanguage":"es-ES","mainEntityOfPage":{"@id":"https:\/\/eldigitaldeasturias.com\/magazine365\/el-ayuntamiento-de-cordoba-pide-a-una-comision-de-expertos-proponer-como-gestionar-el-turismo-desde-lo-publico\/#webpage"},"isPartOf":{"@id":"https:\/\/eldigitaldeasturias.com\/magazine365\/el-ayuntamiento-de-cordoba-pide-a-una-comision-de-expertos-proponer-como-gestionar-el-turismo-desde-lo-publico\/#webpage"},"articleSection":"Noticias y Actualidad"},{"@type":"BreadcrumbList","@id":"https:\/\/eldigitaldeasturias.com\/magazine365\/el-ayuntamiento-de-cordoba-pide-a-una-comision-de-expertos-proponer-como-gestionar-el-turismo-desde-lo-publico\/#breadcrumblist","itemListElement":[{"@type":"ListItem","@id":"https:\/\/eldigitaldeasturias.com\/magazine365#listItem","position":1,"name":"Home","item":"https:\/\/eldigitaldeasturias.com\/magazine365","nextItem":{"@type":"ListItem","@id":"https:\/\/eldigitaldeasturias.com\/magazine365\/category\/noticias-actualidad\/#listItem","name":"Noticias y Actualidad"}},{"@type":"ListItem","@id":"https:\/\/eldigitaldeasturias.com\/magazine365\/category\/noticias-actualidad\/#listItem","position":2,"name":"Noticias y Actualidad","item":"https:\/\/eldigitaldeasturias.com\/magazine365\/category\/noticias-actualidad\/","nextItem":{"@type":"ListItem","@id":"https:\/\/eldigitaldeasturias.com\/magazine365\/el-ayuntamiento-de-cordoba-pide-a-una-comision-de-expertos-proponer-como-gestionar-el-turismo-desde-lo-publico\/#listItem","name":"El Ayuntamiento de C\u00f3rdoba pide a una comisi\u00f3n de expertos proponer c\u00f3mo gestionar el turismo desde lo p\u00fablico"},"previousItem":{"@type":"ListItem","@id":"https:\/\/eldigitaldeasturias.com\/magazine365#listItem","name":"Home"}},{"@type":"ListItem","@id":"https:\/\/eldigitaldeasturias.com\/magazine365\/el-ayuntamiento-de-cordoba-pide-a-una-comision-de-expertos-proponer-como-gestionar-el-turismo-desde-lo-publico\/#listItem","position":3,"name":"El Ayuntamiento de C\u00f3rdoba pide a una comisi\u00f3n de expertos proponer c\u00f3mo gestionar el turismo desde lo p\u00fablico","previousItem":{"@type":"ListItem","@id":"https:\/\/eldigitaldeasturias.com\/magazine365\/category\/noticias-actualidad\/#listItem","name":"Noticias y Actualidad"}}]},{"@type":"Organization","@id":"https:\/\/eldigitaldeasturias.com\/magazine365\/#organization","name":"El digital de Asturias","description":"Revista de ocio, turismo y estilo de vida","url":"https:\/\/eldigitaldeasturias.com\/magazine365\/","logo":{"@type":"ImageObject","url":"https:\/\/www.eldigitaldeasturias.com\/noticias\/wp-content\/uploads\/2020\/12\/EDA.jpg","@id":"https:\/\/eldigitaldeasturias.com\/magazine365\/el-ayuntamiento-de-cordoba-pide-a-una-comision-de-expertos-proponer-como-gestionar-el-turismo-desde-lo-publico\/#organizationLogo"},"image":{"@id":"https:\/\/eldigitaldeasturias.com\/magazine365\/el-ayuntamiento-de-cordoba-pide-a-una-comision-de-expertos-proponer-como-gestionar-el-turismo-desde-lo-publico\/#organizationLogo"}},{"@type":"Person","@id":"https:\/\/eldigitaldeasturias.com\/magazine365\/author\/admin\/#author","url":"https:\/\/eldigitaldeasturias.com\/magazine365\/author\/admin\/","name":"admin","image":{"@type":"ImageObject","@id":"https:\/\/eldigitaldeasturias.com\/magazine365\/el-ayuntamiento-de-cordoba-pide-a-una-comision-de-expertos-proponer-como-gestionar-el-turismo-desde-lo-publico\/#authorImage","url":"https:\/\/eldigitaldeasturias.com\/magazine365\/wp-content\/litespeed\/avatar\/e571bcf59a0edd6fa6838245a470f2fe.jpg?ver=1776969259","width":96,"height":96,"caption":"admin"}},{"@type":"WebPage","@id":"https:\/\/eldigitaldeasturias.com\/magazine365\/el-ayuntamiento-de-cordoba-pide-a-una-comision-de-expertos-proponer-como-gestionar-el-turismo-desde-lo-publico\/#webpage","url":"https:\/\/eldigitaldeasturias.com\/magazine365\/el-ayuntamiento-de-cordoba-pide-a-una-comision-de-expertos-proponer-como-gestionar-el-turismo-desde-lo-publico\/","name":"El Ayuntamiento de C\u00f3rdoba pide a una comisi\u00f3n de expertos proponer c\u00f3mo gestionar el turismo desde lo p\u00fablico | El Digital de Asturias","description":"El delegado de Turismo del Ayuntamiento de C\u00f3rdoba, Pedro Garc\u00eda (IU), ha informado este lunes de que en la comisi\u00f3n de desarrollo del Consistorio, celebrada en esta jornada, ha propuesto crear una comisi\u00f3n de expertos para que \"haga una propuesta sobre c\u00f3mo gestionar el turismo desde lo p\u00fablico y la administraci\u00f3n\". En este sentido, el","inLanguage":"es-ES","isPartOf":{"@id":"https:\/\/eldigitaldeasturias.com\/magazine365\/#website"},"breadcrumb":{"@id":"https:\/\/eldigitaldeasturias.com\/magazine365\/el-ayuntamiento-de-cordoba-pide-a-una-comision-de-expertos-proponer-como-gestionar-el-turismo-desde-lo-publico\/#breadcrumblist"},"author":{"@id":"https:\/\/eldigitaldeasturias.com\/magazine365\/author\/admin\/#author"},"creator":{"@id":"https:\/\/eldigitaldeasturias.com\/magazine365\/author\/admin\/#author"},"image":{"@type":"ImageObject","url":"https:\/\/eldigitaldeasturias.com\/magazine365\/wp-content\/uploads\/2016\/06\/fotonoticia_20160606145952_800.jpg","@id":"https:\/\/eldigitaldeasturias.com\/magazine365\/el-ayuntamiento-de-cordoba-pide-a-una-comision-de-expertos-proponer-como-gestionar-el-turismo-desde-lo-publico\/#mainImage","width":800,"height":600},"primaryImageOfPage":{"@id":"https:\/\/eldigitaldeasturias.com\/magazine365\/el-ayuntamiento-de-cordoba-pide-a-una-comision-de-expertos-proponer-como-gestionar-el-turismo-desde-lo-publico\/#mainImage"},"datePublished":"2016-06-07T11:56:02+02:00","dateModified":"2016-06-07T11:56:02+02:00"},{"@type":"WebSite","@id":"https:\/\/eldigitaldeasturias.com\/magazine365\/#website","url":"https:\/\/eldigitaldeasturias.com\/magazine365\/","name":"El Digital de Asturias","description":"Revista de ocio, turismo y estilo de vida","inLanguage":"es-ES","publisher":{"@id":"https:\/\/eldigitaldeasturias.com\/magazine365\/#organization"}}]},"og:locale":"es_ES","og:site_name":"El Digital de Asturias \u2013 Revista de ocio, turismo y estilo de vida","og:type":"article","og:title":"El Ayuntamiento de C\u00f3rdoba pide a una comisi\u00f3n de expertos proponer c\u00f3mo gestionar el turismo desde lo p\u00fablico | El Digital de Asturias","og:description":"El delegado de Turismo del Ayuntamiento de C\u00f3rdoba, Pedro Garc\u00eda (IU), ha informado este lunes de que en la comisi\u00f3n de desarrollo del Consistorio, celebrada en esta jornada, ha propuesto crear una comisi\u00f3n de expertos para que &quot;haga una propuesta sobre c\u00f3mo gestionar el turismo desde lo p\u00fablico y la administraci\u00f3n&quot;. En este sentido, el","og:url":"https:\/\/eldigitaldeasturias.com\/magazine365\/el-ayuntamiento-de-cordoba-pide-a-una-comision-de-expertos-proponer-como-gestionar-el-turismo-desde-lo-publico\/","og:image":"https:\/\/eldigitaldeasturias.com\/magazine365\/wp-content\/uploads\/2016\/06\/fotonoticia_20160606145952_800.jpg","og:image:secure_url":"https:\/\/eldigitaldeasturias.com\/magazine365\/wp-content\/uploads\/2016\/06\/fotonoticia_20160606145952_800.jpg","og:image:width":800,"og:image:height":600,"article:published_time":"2016-06-07T09:56:02+00:00","article:modified_time":"2016-06-07T09:56:02+00:00","twitter:card":"summary_large_image","twitter:title":"El Ayuntamiento de C\u00f3rdoba pide a una comisi\u00f3n de expertos proponer c\u00f3mo gestionar el turismo desde lo p\u00fablico | El Digital de Asturias","twitter:description":"El delegado de Turismo del Ayuntamiento de C\u00f3rdoba, Pedro Garc\u00eda (IU), ha informado este lunes de que en la comisi\u00f3n de desarrollo del Consistorio, celebrada en esta jornada, ha propuesto crear una comisi\u00f3n de expertos para que &quot;haga una propuesta sobre c\u00f3mo gestionar el turismo desde lo p\u00fablico y la administraci\u00f3n&quot;. En este sentido, el","twitter:image":"https:\/\/eldigitaldeasturias.com\/magazine365\/wp-content\/uploads\/2016\/06\/fotonoticia_20160606145952_800.jpg"},"aioseo_meta_data":{"post_id":"77871","title":null,"description":null,"keywords":null,"keyphrases":null,"primary_term":null,"canonical_url":null,"og_title":null,"og_description":null,"og_object_type":"default","og_image_type":"default","og_image_url":null,"og_image_width":null,"og_image_height":null,"og_image_custom_url":null,"og_image_custom_fields":null,"og_video":null,"og_custom_url":null,"og_article_section":null,"og_article_tags":null,"twitter_use_og":false,"twitter_card":"default","twitter_image_type":"default","twitter_image_url":null,"twitter_image_custom_url":null,"twitter_image_custom_fields":null,"twitter_title":null,"twitter_description":null,"schema":{"blockGraphs":[],"customGraphs":[],"default":{"data":{"Article":[],"Course":[],"Dataset":[],"FAQPage":[],"Movie":[],"Person":[],"Product":[],"ProductReview":[],"Car":[],"Recipe":[],"Service":[],"SoftwareApplication":[],"WebPage":[]},"graphName":"","isEnabled":true},"graphs":[],"defaultGraph":"","defaultPostTypeGraph":""},"schema_type":null,"schema_type_options":null,"pillar_content":false,"robots_default":true,"robots_noindex":false,"robots_noarchive":false,"robots_nosnippet":false,"robots_nofollow":false,"robots_noimageindex":false,"robots_noodp":false,"robots_notranslate":false,"robots_max_snippet":null,"robots_max_videopreview":null,"robots_max_imagepreview":"large","priority":null,"frequency":null,"location":null,"local_seo":null,"seo_analyzer_scan_date":"2025-09-27 15:48:18","breadcrumb_settings":null,"limit_modified_date":false,"open_ai":null,"ai":null,"created":"2021-03-08 18:07:57","updated":"2025-09-27 15:48:18"},"aioseo_breadcrumb":"<div class=\"aioseo-breadcrumbs\"><span class=\"aioseo-breadcrumb\">\n\t<a href=\"https:\/\/eldigitaldeasturias.com\/magazine365\" title=\"Home\">Home<\/a>\n<\/span><span class=\"aioseo-breadcrumb-separator\">\u2013<\/span><span class=\"aioseo-breadcrumb\">\n\t<a href=\"https:\/\/eldigitaldeasturias.com\/magazine365\/category\/noticias-actualidad\/\" title=\"Noticias y Actualidad\">Noticias y Actualidad<\/a>\n<\/span><span class=\"aioseo-breadcrumb-separator\">\u2013<\/span><span class=\"aioseo-breadcrumb\">\n\t<a href=\"https:\/\/eldigitaldeasturias.com\/magazine365\/el-ayuntamiento-de-cordoba-pide-a-una-comision-de-expertos-proponer-como-gestionar-el-turismo-desde-lo-publico\/\" title=\"El Ayuntamiento de C\u00f3rdoba pide a una comisi\u00f3n de expertos proponer c\u00f3mo gestionar el turismo desde lo p\u00fablico\">El Ayuntamiento de C\u00f3rdoba pide a una comisi\u00f3n de expertos proponer c\u00f3mo gestionar el turismo desde lo p\u00fablico<\/a>\n<\/span><\/div>","aioseo_breadcrumb_json":[{"label":"Home","link":"https:\/\/eldigitaldeasturias.com\/magazine365"},{"label":"Noticias y Actualidad","link":"https:\/\/eldigitaldeasturias.com\/magazine365\/category\/noticias-actualidad\/"},{"label":"El Ayuntamiento de C\u00f3rdoba pide a una comisi\u00f3n de expertos proponer c\u00f3mo gestionar el turismo desde lo p\u00fablico","link":"https:\/\/eldigitaldeasturias.com\/magazine365\/el-ayuntamiento-de-cordoba-pide-a-una-comision-de-expertos-proponer-como-gestionar-el-turismo-desde-lo-publico\/"}],"_links":{"self":[{"href":"https:\/\/eldigitaldeasturias.com\/magazine365\/wp-json\/wp\/v2\/posts\/77871","targetHints":{"allow":["GET"]}}],"collection":[{"href":"https:\/\/eldigitaldeasturias.com\/magazine365\/wp-json\/wp\/v2\/posts"}],"about":[{"href":"https:\/\/eldigitaldeasturias.com\/magazine365\/wp-json\/wp\/v2\/types\/post"}],"author":[{"embeddable":true,"href":"https:\/\/eldigitaldeasturias.com\/magazine365\/wp-json\/wp\/v2\/users\/1"}],"replies":[{"embeddable":true,"href":"https:\/\/eldigitaldeasturias.com\/magazine365\/wp-json\/wp\/v2\/comments?post=77871"}],"version-history":[{"count":0,"href":"https:\/\/eldigitaldeasturias.com\/magazine365\/wp-json\/wp\/v2\/posts\/77871\/revisions"}],"wp:featuredmedia":[{"embeddable":true,"href":"https:\/\/eldigitaldeasturias.com\/magazine365\/wp-json\/wp\/v2\/media\/77872"}],"wp:attachment":[{"href":"https:\/\/eldigitaldeasturias.com\/magazine365\/wp-json\/wp\/v2\/media?parent=77871"}],"wp:term":[{"taxonomy":"category","embeddable":true,"href":"https:\/\/eldigitaldeasturias.com\/magazine365\/wp-json\/wp\/v2\/categories?post=77871"},{"taxonomy":"post_tag","embeddable":true,"href":"https:\/\/eldigitaldeasturias.com\/magazine365\/wp-json\/wp\/v2\/tags?post=77871"}],"curies":[{"name":"wp","href":"https:\/\/api.w.org\/{rel}","templated":true}]}}