{"id":77865,"date":"2016-06-07T11:43:40","date_gmt":"2016-06-07T09:43:40","guid":{"rendered":"http:\/\/eldigitaldeasturias.com\/magazine365\/?p=77865"},"modified":"2016-06-07T11:43:40","modified_gmt":"2016-06-07T09:43:40","slug":"buceo-fotos-y-una-travesia-a-nado-entre-los-actos-en-santander-del-dia-mundial-de-los-oceanos","status":"publish","type":"post","link":"https:\/\/eldigitaldeasturias.com\/magazine365\/buceo-fotos-y-una-travesia-a-nado-entre-los-actos-en-santander-del-dia-mundial-de-los-oceanos\/","title":{"rendered":"Buceo, fotos y una traves\u00eda a nado, entre los actos en Santander del D\u00eda Mundial de los Oc\u00e9anos"},"content":{"rendered":"<p><img fetchpriority=\"high\" decoding=\"async\" class=\"alignleft size-medium wp-image-77866\" src=\"https:\/\/eldigitaldeasturias.com\/magazine365\/wp-content\/uploads\/2016\/06\/fotonoticia_20160606140407_800-360x240.jpg\" alt=\"fotonoticia_20160606140407_800\" width=\"360\" height=\"240\" srcset=\"https:\/\/eldigitaldeasturias.com\/magazine365\/wp-content\/uploads\/2016\/06\/fotonoticia_20160606140407_800-360x240.jpg 360w, https:\/\/eldigitaldeasturias.com\/magazine365\/wp-content\/uploads\/2016\/06\/fotonoticia_20160606140407_800-650x434.jpg 650w, https:\/\/eldigitaldeasturias.com\/magazine365\/wp-content\/uploads\/2016\/06\/fotonoticia_20160606140407_800-768x513.jpg 768w, https:\/\/eldigitaldeasturias.com\/magazine365\/wp-content\/uploads\/2016\/06\/fotonoticia_20160606140407_800-150x100.jpg 150w, https:\/\/eldigitaldeasturias.com\/magazine365\/wp-content\/uploads\/2016\/06\/fotonoticia_20160606140407_800-450x300.jpg 450w, https:\/\/eldigitaldeasturias.com\/magazine365\/wp-content\/uploads\/2016\/06\/fotonoticia_20160606140407_800-101x66.jpg 101w, https:\/\/eldigitaldeasturias.com\/magazine365\/wp-content\/uploads\/2016\/06\/fotonoticia_20160606140407_800.jpg 800w\" sizes=\"(max-width: 360px) 100vw, 360px\" \/>Bautismos de buceo, rutas en barco, jornadas fotogr\u00e1ficas, una traves\u00eda popular a nado y un abrazo a la Isla de Mouro son algunas de las actividades incluidas en el programa con el que Santander se sumar\u00e1 el pr\u00f3ximo fin de semana a la conmemoraci\u00f3n del D\u00eda Mundial de los Oc\u00e9anos, que se celebra cada 8 de junio.<\/p>\n<p>El concejal de Medio Ambiente, Jos\u00e9 Ignacio Quir\u00f3s, ha presentado los actos en rueda de prensa junto a representantes de la asociaci\u00f3n &#8216;Unidos x oc\u00e9anos + sanos&#8217;, que organiza las actividades con la colaboraci\u00f3n del Ayuntamiento de Santander, entre otras entidades.<\/p>\n<p>El objetivo, seg\u00fan ha indicado Quir\u00f3s, es recordar el importante papel que desempe\u00f1an en nuestras vidas los oc\u00e9anos, que concentran el 96 por ciento del agua de la tierra y absorben el 25 por ciento del CO2 que se genera por la actividad humana.<\/p>\n<p>Para ello, se ha organizado un programa de actos con el que se pretende acercar el medio marino a los ciudadanos para que se impliquen en su protecci\u00f3n, tal como han explicado el presidente de &#8216;Unidos x oc\u00e9anos + sanos&#8217;, Rafael de Marco, y Carlos Sainz y Leo del Rinc\u00f3n, miembros tambi\u00e9n de la asociaci\u00f3n.<\/p>\n<p>Las actividades se desarrollar\u00e1n desde el viernes d\u00eda 10 al domingo 12 de junio y culminar\u00e1n con un abrazo simb\u00f3lico a la Isla de Mouro al que est\u00e1n invitadas todas aquellas personas que quieran sumarse para formar un anillo humano en torno a la isla.<\/p>\n<p>Los interesados en participar en este abrazo deber\u00e1n acudir con traje de neopreno y podr\u00e1n llegar hasta la isla por sus propios medios (en piragua, tabla de surf, SUP, trainera, etc\u00e9tera), o en las embarcaciones de la organizaci\u00f3n. En este caso, ser\u00e1 necesario inscribirse previamente (previo abono de 7 euros) antes de las 13.00 horas de 9 de junio.<\/p>\n<p>Tambi\u00e9n se sumar\u00e1n al abrazo a la isla los nadadores que esa misma ma\u00f1ana participar\u00e1n en la IV Traves\u00eda a Nado &#8216;Unidos x oc\u00e9anos + sanos&#8217;, un recorrido de 1.000 metros, abierto a todas las categor\u00edas, desde 12 a\u00f1os, que partir\u00e1 del embarcadero real de la pen\u00ednsula de la Magdalena y tendr\u00e1 la llegada en la cala de la isla de Mouro.<\/p>\n<p>La organizaci\u00f3n habilitar\u00e1 en principio 100 dorsales para la traves\u00eda y los interesados deber\u00e1n inscribirse antes de las 13.00 horas de 9 de junio.<\/p>\n<p>El coste de inscripci\u00f3n es de 7 euros, y tambi\u00e9n existir\u00e1 la posibilidad de participar en la iniciativa &#8216;Nadador 0&#8217;, realizando aportaciones para los proyectos de limpieza del fondo marino y cuidado del medio ambiente que desarrolla la asociaci\u00f3n &#8216;Unidos x oc\u00e9anos + sanos&#8217;.<\/p>\n<p>Con el abrazo a la isla de Mouro se pondr\u00e1 el cierre a un programa de actividades que arrancar\u00e1 el viernes 10 de junio con una charla del director del Museo Mar\u00edtimo del Cant\u00e1brico, Gerardo Garc\u00eda Castrillo, sobre &#8216;El entorno de la Isla de Mouro&#8217;, que se celebrar\u00e1 a las 19.30 horas en el Real Club de Regatas.<\/p>\n<p>Ese mismo d\u00eda se presentar\u00e1n las dos jornadas fotogr\u00e1ficas que se celebrar\u00e1n el s\u00e1bado, en las que se tomar\u00e1n im\u00e1genes que servir\u00e1n de base documental para futuros proyectos de investigaci\u00f3n.<\/p>\n<p>FOTOGRAF\u00cdA SUBACU\u00c1TICA<\/p>\n<p>La primera de ellas, denominada &#8216;Isla de Mouro &#8211; Reserva Marina&#8217;, es una jornada de fotograf\u00eda submarina en la que los participantes fotografiar\u00e1n el fondo marino de la isla, lo que permitir\u00e1 analizar los cambios producidos en los \u00faltimos a\u00f1os, desde que se realizaron los estudios para la declaraci\u00f3n de este espacio como reserva marina, y plantear futuros proyectos de investigaci\u00f3n.<\/p>\n<p>Para ello, se contar\u00e1 con la colaboraci\u00f3n del investigador Francisco S\u00e1nchez, del Instituto Espa\u00f1ol de Oceanograf\u00eda, que dar\u00e1 la visi\u00f3n de los estudios realizados hace dos d\u00e9cadas.<\/p>\n<p>La jornada fotogr\u00e1fica se desarrollar\u00e1 de 11.00 a 13.00 horas del s\u00e1bado y repartir\u00e1 tres premios: el primero, un crucero de buceo al Mar Rojo; y el segundo y tercero, material de buceo.<\/p>\n<p>Tambi\u00e9n se ha organizado otra jornada fotogr\u00e1fica, denominada &#8216;ENP Bah\u00eda de Santander. Red Natura 2000&#8217;, que comenzar\u00e1 a las siete de la tarde y est\u00e1 orientada a la toma de im\u00e1genes de los tres ambientes protegidos: el estuario, el complejo dunar y las islas y sus habitantes.<\/p>\n<p>Asimismo, el s\u00e1bado habr\u00e1 tambi\u00e9n bautismos y sesiones de buceo, un taller de iniciaci\u00f3n al stand up paddle, cursos de surf, piraguas y rutas de naturaleza en barco.<\/p>\n<p>RECONOCIMIENTO A ENRIQUE TALLEDO<\/p>\n<p>Las actividades para conmemorar este d\u00eda terminar\u00e1n el domingo con la Traves\u00eda a Nado y el abrazo a la isla de Mouro, y se completar\u00e1n adem\u00e1s con un reconocimiento al fot\u00f3grafo c\u00e1ntabro Enrique Talledo, colaborador activo de la fundaci\u00f3n Oceana, que lleva veinte a\u00f1os dedicado a la divulgaci\u00f3n y protecci\u00f3n de los oc\u00e9anos.<\/p>\n<p>El programa completo del D\u00eda Mundial de los Oc\u00e9anos y la informaci\u00f3n sobre el importe de las inscripciones y los tel\u00e9fonos y correos electr\u00f3nicos para apuntarse en las actividades puede consultarse en la p\u00e1gina web http:\/\/www.unidosporoceanosmassanos.org\/.<\/p>\n<p>Adem\u00e1s del Ayuntamiento de Santander, colaboran en la iniciativa el Ayuntamiento de Camargo, la escuela de buceo Mourosub, la empresa de ecoturismo Bah\u00eda de Santander y el puerto deportivo Marina de Santander.<\/p>\n","protected":false},"excerpt":{"rendered":"<p>Bautismos de buceo, rutas en barco, jornadas fotogr\u00e1ficas, una traves\u00eda popular a nado y un abrazo a la Isla de Mouro son algunas de las actividades incluidas en el programa con el que Santander se sumar\u00e1 el pr\u00f3ximo fin de semana a la conmemoraci\u00f3n del D\u00eda Mundial de los Oc\u00e9anos, que se celebra cada 8<\/p>\n","protected":false},"author":1,"featured_media":77866,"comment_status":"open","ping_status":"closed","sticky":false,"template":"","format":"standard","meta":{"footnotes":""},"categories":[224],"tags":[],"class_list":{"0":"post-77865","1":"post","2":"type-post","3":"status-publish","4":"format-standard","5":"has-post-thumbnail","7":"category-noticias-actualidad"},"aioseo_notices":[],"aioseo_head":"\n\t\t<!-- All in One SEO Pro 4.9.6.1 - aioseo.com -->\n\t<meta name=\"description\" content=\"Bautismos de buceo, rutas en barco, jornadas fotogr\u00e1ficas, una traves\u00eda popular a nado y un abrazo a la Isla de Mouro son algunas de las actividades incluidas en el programa con el que Santander se sumar\u00e1 el pr\u00f3ximo fin de semana a la conmemoraci\u00f3n del D\u00eda Mundial de los Oc\u00e9anos, que se celebra cada 8\" \/>\n\t<meta name=\"robots\" content=\"max-image-preview:large\" \/>\n\t<meta name=\"author\" content=\"admin\"\/>\n\t<meta name=\"google-site-verification\" content=\"UA-38556648-1\" \/>\n\t<meta name=\"keywords\" content=\"noticias y actualidad\" \/>\n\t<link rel=\"canonical\" href=\"https:\/\/eldigitaldeasturias.com\/magazine365\/buceo-fotos-y-una-travesia-a-nado-entre-los-actos-en-santander-del-dia-mundial-de-los-oceanos\/\" \/>\n\t<meta name=\"generator\" content=\"All in One SEO Pro (AIOSEO) 4.9.6.1\" \/>\n\t\t<meta property=\"og:locale\" content=\"es_ES\" \/>\n\t\t<meta property=\"og:site_name\" content=\"El Digital de Asturias \u2013 Revista de ocio, turismo y estilo de vida\" \/>\n\t\t<meta property=\"og:type\" content=\"article\" \/>\n\t\t<meta property=\"og:title\" content=\"Buceo, fotos y una traves\u00eda a nado, entre los actos en Santander del D\u00eda Mundial de los Oc\u00e9anos | El Digital de Asturias\" \/>\n\t\t<meta property=\"og:description\" content=\"Bautismos de buceo, rutas en barco, jornadas fotogr\u00e1ficas, una traves\u00eda popular a nado y un abrazo a la Isla de Mouro son algunas de las actividades incluidas en el programa con el que Santander se sumar\u00e1 el pr\u00f3ximo fin de semana a la conmemoraci\u00f3n del D\u00eda Mundial de los Oc\u00e9anos, que se celebra cada 8\" \/>\n\t\t<meta property=\"og:url\" content=\"https:\/\/eldigitaldeasturias.com\/magazine365\/buceo-fotos-y-una-travesia-a-nado-entre-los-actos-en-santander-del-dia-mundial-de-los-oceanos\/\" \/>\n\t\t<meta property=\"og:image\" content=\"https:\/\/eldigitaldeasturias.com\/magazine365\/wp-content\/uploads\/2016\/06\/fotonoticia_20160606140407_800.jpg\" \/>\n\t\t<meta property=\"og:image:secure_url\" content=\"https:\/\/eldigitaldeasturias.com\/magazine365\/wp-content\/uploads\/2016\/06\/fotonoticia_20160606140407_800.jpg\" \/>\n\t\t<meta property=\"og:image:width\" content=\"800\" \/>\n\t\t<meta property=\"og:image:height\" content=\"534\" \/>\n\t\t<meta property=\"article:published_time\" content=\"2016-06-07T09:43:40+00:00\" \/>\n\t\t<meta property=\"article:modified_time\" content=\"2016-06-07T09:43:40+00:00\" \/>\n\t\t<meta name=\"twitter:card\" content=\"summary_large_image\" \/>\n\t\t<meta name=\"twitter:title\" content=\"Buceo, fotos y una traves\u00eda a nado, entre los actos en Santander del D\u00eda Mundial de los Oc\u00e9anos | El Digital de Asturias\" \/>\n\t\t<meta name=\"twitter:description\" content=\"Bautismos de buceo, rutas en barco, jornadas fotogr\u00e1ficas, una traves\u00eda popular a nado y un abrazo a la Isla de Mouro son algunas de las actividades incluidas en el programa con el que Santander se sumar\u00e1 el pr\u00f3ximo fin de semana a la conmemoraci\u00f3n del D\u00eda Mundial de los Oc\u00e9anos, que se celebra cada 8\" \/>\n\t\t<meta name=\"twitter:image\" content=\"https:\/\/eldigitaldeasturias.com\/magazine365\/wp-content\/uploads\/2016\/06\/fotonoticia_20160606140407_800.jpg\" \/>\n\t\t<script type=\"application\/ld+json\" class=\"aioseo-schema\">\n\t\t\t{\"@context\":\"https:\\\/\\\/schema.org\",\"@graph\":[{\"@type\":\"Article\",\"@id\":\"https:\\\/\\\/eldigitaldeasturias.com\\\/magazine365\\\/buceo-fotos-y-una-travesia-a-nado-entre-los-actos-en-santander-del-dia-mundial-de-los-oceanos\\\/#article\",\"name\":\"Buceo, fotos y una traves\\u00eda a nado, entre los actos en Santander del D\\u00eda Mundial de los Oc\\u00e9anos | El Digital de Asturias\",\"headline\":\"Buceo, fotos y una traves\\u00eda a nado, entre los actos en Santander del D\\u00eda Mundial de los Oc\\u00e9anos\",\"author\":{\"@id\":\"https:\\\/\\\/eldigitaldeasturias.com\\\/magazine365\\\/author\\\/admin\\\/#author\"},\"publisher\":{\"@id\":\"https:\\\/\\\/eldigitaldeasturias.com\\\/magazine365\\\/#organization\"},\"image\":{\"@type\":\"ImageObject\",\"url\":\"https:\\\/\\\/eldigitaldeasturias.com\\\/magazine365\\\/wp-content\\\/uploads\\\/2016\\\/06\\\/fotonoticia_20160606140407_800.jpg\",\"width\":800,\"height\":534},\"datePublished\":\"2016-06-07T11:43:40+02:00\",\"dateModified\":\"2016-06-07T11:43:40+02:00\",\"inLanguage\":\"es-ES\",\"mainEntityOfPage\":{\"@id\":\"https:\\\/\\\/eldigitaldeasturias.com\\\/magazine365\\\/buceo-fotos-y-una-travesia-a-nado-entre-los-actos-en-santander-del-dia-mundial-de-los-oceanos\\\/#webpage\"},\"isPartOf\":{\"@id\":\"https:\\\/\\\/eldigitaldeasturias.com\\\/magazine365\\\/buceo-fotos-y-una-travesia-a-nado-entre-los-actos-en-santander-del-dia-mundial-de-los-oceanos\\\/#webpage\"},\"articleSection\":\"Noticias y Actualidad\"},{\"@type\":\"BreadcrumbList\",\"@id\":\"https:\\\/\\\/eldigitaldeasturias.com\\\/magazine365\\\/buceo-fotos-y-una-travesia-a-nado-entre-los-actos-en-santander-del-dia-mundial-de-los-oceanos\\\/#breadcrumblist\",\"itemListElement\":[{\"@type\":\"ListItem\",\"@id\":\"https:\\\/\\\/eldigitaldeasturias.com\\\/magazine365#listItem\",\"position\":1,\"name\":\"Home\",\"item\":\"https:\\\/\\\/eldigitaldeasturias.com\\\/magazine365\",\"nextItem\":{\"@type\":\"ListItem\",\"@id\":\"https:\\\/\\\/eldigitaldeasturias.com\\\/magazine365\\\/category\\\/noticias-actualidad\\\/#listItem\",\"name\":\"Noticias y Actualidad\"}},{\"@type\":\"ListItem\",\"@id\":\"https:\\\/\\\/eldigitaldeasturias.com\\\/magazine365\\\/category\\\/noticias-actualidad\\\/#listItem\",\"position\":2,\"name\":\"Noticias y Actualidad\",\"item\":\"https:\\\/\\\/eldigitaldeasturias.com\\\/magazine365\\\/category\\\/noticias-actualidad\\\/\",\"nextItem\":{\"@type\":\"ListItem\",\"@id\":\"https:\\\/\\\/eldigitaldeasturias.com\\\/magazine365\\\/buceo-fotos-y-una-travesia-a-nado-entre-los-actos-en-santander-del-dia-mundial-de-los-oceanos\\\/#listItem\",\"name\":\"Buceo, fotos y una traves\\u00eda a nado, entre los actos en Santander del D\\u00eda Mundial de los Oc\\u00e9anos\"},\"previousItem\":{\"@type\":\"ListItem\",\"@id\":\"https:\\\/\\\/eldigitaldeasturias.com\\\/magazine365#listItem\",\"name\":\"Home\"}},{\"@type\":\"ListItem\",\"@id\":\"https:\\\/\\\/eldigitaldeasturias.com\\\/magazine365\\\/buceo-fotos-y-una-travesia-a-nado-entre-los-actos-en-santander-del-dia-mundial-de-los-oceanos\\\/#listItem\",\"position\":3,\"name\":\"Buceo, fotos y una traves\\u00eda a nado, entre los actos en Santander del D\\u00eda Mundial de los Oc\\u00e9anos\",\"previousItem\":{\"@type\":\"ListItem\",\"@id\":\"https:\\\/\\\/eldigitaldeasturias.com\\\/magazine365\\\/category\\\/noticias-actualidad\\\/#listItem\",\"name\":\"Noticias y Actualidad\"}}]},{\"@type\":\"Organization\",\"@id\":\"https:\\\/\\\/eldigitaldeasturias.com\\\/magazine365\\\/#organization\",\"name\":\"El digital de Asturias\",\"description\":\"Revista de ocio, turismo y estilo de vida\",\"url\":\"https:\\\/\\\/eldigitaldeasturias.com\\\/magazine365\\\/\",\"logo\":{\"@type\":\"ImageObject\",\"url\":\"https:\\\/\\\/www.eldigitaldeasturias.com\\\/noticias\\\/wp-content\\\/uploads\\\/2020\\\/12\\\/EDA.jpg\",\"@id\":\"https:\\\/\\\/eldigitaldeasturias.com\\\/magazine365\\\/buceo-fotos-y-una-travesia-a-nado-entre-los-actos-en-santander-del-dia-mundial-de-los-oceanos\\\/#organizationLogo\"},\"image\":{\"@id\":\"https:\\\/\\\/eldigitaldeasturias.com\\\/magazine365\\\/buceo-fotos-y-una-travesia-a-nado-entre-los-actos-en-santander-del-dia-mundial-de-los-oceanos\\\/#organizationLogo\"}},{\"@type\":\"Person\",\"@id\":\"https:\\\/\\\/eldigitaldeasturias.com\\\/magazine365\\\/author\\\/admin\\\/#author\",\"url\":\"https:\\\/\\\/eldigitaldeasturias.com\\\/magazine365\\\/author\\\/admin\\\/\",\"name\":\"admin\",\"image\":{\"@type\":\"ImageObject\",\"@id\":\"https:\\\/\\\/eldigitaldeasturias.com\\\/magazine365\\\/buceo-fotos-y-una-travesia-a-nado-entre-los-actos-en-santander-del-dia-mundial-de-los-oceanos\\\/#authorImage\",\"url\":\"https:\\\/\\\/eldigitaldeasturias.com\\\/magazine365\\\/wp-content\\\/litespeed\\\/avatar\\\/e571bcf59a0edd6fa6838245a470f2fe.jpg?ver=1776969259\",\"width\":96,\"height\":96,\"caption\":\"admin\"}},{\"@type\":\"WebPage\",\"@id\":\"https:\\\/\\\/eldigitaldeasturias.com\\\/magazine365\\\/buceo-fotos-y-una-travesia-a-nado-entre-los-actos-en-santander-del-dia-mundial-de-los-oceanos\\\/#webpage\",\"url\":\"https:\\\/\\\/eldigitaldeasturias.com\\\/magazine365\\\/buceo-fotos-y-una-travesia-a-nado-entre-los-actos-en-santander-del-dia-mundial-de-los-oceanos\\\/\",\"name\":\"Buceo, fotos y una traves\\u00eda a nado, entre los actos en Santander del D\\u00eda Mundial de los Oc\\u00e9anos | El Digital de Asturias\",\"description\":\"Bautismos de buceo, rutas en barco, jornadas fotogr\\u00e1ficas, una traves\\u00eda popular a nado y un abrazo a la Isla de Mouro son algunas de las actividades incluidas en el programa con el que Santander se sumar\\u00e1 el pr\\u00f3ximo fin de semana a la conmemoraci\\u00f3n del D\\u00eda Mundial de los Oc\\u00e9anos, que se celebra cada 8\",\"inLanguage\":\"es-ES\",\"isPartOf\":{\"@id\":\"https:\\\/\\\/eldigitaldeasturias.com\\\/magazine365\\\/#website\"},\"breadcrumb\":{\"@id\":\"https:\\\/\\\/eldigitaldeasturias.com\\\/magazine365\\\/buceo-fotos-y-una-travesia-a-nado-entre-los-actos-en-santander-del-dia-mundial-de-los-oceanos\\\/#breadcrumblist\"},\"author\":{\"@id\":\"https:\\\/\\\/eldigitaldeasturias.com\\\/magazine365\\\/author\\\/admin\\\/#author\"},\"creator\":{\"@id\":\"https:\\\/\\\/eldigitaldeasturias.com\\\/magazine365\\\/author\\\/admin\\\/#author\"},\"image\":{\"@type\":\"ImageObject\",\"url\":\"https:\\\/\\\/eldigitaldeasturias.com\\\/magazine365\\\/wp-content\\\/uploads\\\/2016\\\/06\\\/fotonoticia_20160606140407_800.jpg\",\"@id\":\"https:\\\/\\\/eldigitaldeasturias.com\\\/magazine365\\\/buceo-fotos-y-una-travesia-a-nado-entre-los-actos-en-santander-del-dia-mundial-de-los-oceanos\\\/#mainImage\",\"width\":800,\"height\":534},\"primaryImageOfPage\":{\"@id\":\"https:\\\/\\\/eldigitaldeasturias.com\\\/magazine365\\\/buceo-fotos-y-una-travesia-a-nado-entre-los-actos-en-santander-del-dia-mundial-de-los-oceanos\\\/#mainImage\"},\"datePublished\":\"2016-06-07T11:43:40+02:00\",\"dateModified\":\"2016-06-07T11:43:40+02:00\"},{\"@type\":\"WebSite\",\"@id\":\"https:\\\/\\\/eldigitaldeasturias.com\\\/magazine365\\\/#website\",\"url\":\"https:\\\/\\\/eldigitaldeasturias.com\\\/magazine365\\\/\",\"name\":\"El Digital de Asturias\",\"description\":\"Revista de ocio, turismo y estilo de vida\",\"inLanguage\":\"es-ES\",\"publisher\":{\"@id\":\"https:\\\/\\\/eldigitaldeasturias.com\\\/magazine365\\\/#organization\"}}]}\n\t\t<\/script>\n\t\t<!-- All in One SEO Pro -->\r\n\t\t<title>Buceo, fotos y una traves\u00eda a nado, entre los actos en Santander del D\u00eda Mundial de los Oc\u00e9anos | El Digital de Asturias<\/title>\n\n","aioseo_head_json":{"title":"Buceo, fotos y una traves\u00eda a nado, entre los actos en Santander del D\u00eda Mundial de los Oc\u00e9anos | El Digital de Asturias","description":"Bautismos de buceo, rutas en barco, jornadas fotogr\u00e1ficas, una traves\u00eda popular a nado y un abrazo a la Isla de Mouro son algunas de las actividades incluidas en el programa con el que Santander se sumar\u00e1 el pr\u00f3ximo fin de semana a la conmemoraci\u00f3n del D\u00eda Mundial de los Oc\u00e9anos, que se celebra cada 8","canonical_url":"https:\/\/eldigitaldeasturias.com\/magazine365\/buceo-fotos-y-una-travesia-a-nado-entre-los-actos-en-santander-del-dia-mundial-de-los-oceanos\/","robots":"max-image-preview:large","keywords":"noticias y actualidad","webmasterTools":{"google-site-verification":"UA-38556648-1","miscellaneous":""},"schema":{"@context":"https:\/\/schema.org","@graph":[{"@type":"Article","@id":"https:\/\/eldigitaldeasturias.com\/magazine365\/buceo-fotos-y-una-travesia-a-nado-entre-los-actos-en-santander-del-dia-mundial-de-los-oceanos\/#article","name":"Buceo, fotos y una traves\u00eda a nado, entre los actos en Santander del D\u00eda Mundial de los Oc\u00e9anos | El Digital de Asturias","headline":"Buceo, fotos y una traves\u00eda a nado, entre los actos en Santander del D\u00eda Mundial de los Oc\u00e9anos","author":{"@id":"https:\/\/eldigitaldeasturias.com\/magazine365\/author\/admin\/#author"},"publisher":{"@id":"https:\/\/eldigitaldeasturias.com\/magazine365\/#organization"},"image":{"@type":"ImageObject","url":"https:\/\/eldigitaldeasturias.com\/magazine365\/wp-content\/uploads\/2016\/06\/fotonoticia_20160606140407_800.jpg","width":800,"height":534},"datePublished":"2016-06-07T11:43:40+02:00","dateModified":"2016-06-07T11:43:40+02:00","inLanguage":"es-ES","mainEntityOfPage":{"@id":"https:\/\/eldigitaldeasturias.com\/magazine365\/buceo-fotos-y-una-travesia-a-nado-entre-los-actos-en-santander-del-dia-mundial-de-los-oceanos\/#webpage"},"isPartOf":{"@id":"https:\/\/eldigitaldeasturias.com\/magazine365\/buceo-fotos-y-una-travesia-a-nado-entre-los-actos-en-santander-del-dia-mundial-de-los-oceanos\/#webpage"},"articleSection":"Noticias y Actualidad"},{"@type":"BreadcrumbList","@id":"https:\/\/eldigitaldeasturias.com\/magazine365\/buceo-fotos-y-una-travesia-a-nado-entre-los-actos-en-santander-del-dia-mundial-de-los-oceanos\/#breadcrumblist","itemListElement":[{"@type":"ListItem","@id":"https:\/\/eldigitaldeasturias.com\/magazine365#listItem","position":1,"name":"Home","item":"https:\/\/eldigitaldeasturias.com\/magazine365","nextItem":{"@type":"ListItem","@id":"https:\/\/eldigitaldeasturias.com\/magazine365\/category\/noticias-actualidad\/#listItem","name":"Noticias y Actualidad"}},{"@type":"ListItem","@id":"https:\/\/eldigitaldeasturias.com\/magazine365\/category\/noticias-actualidad\/#listItem","position":2,"name":"Noticias y Actualidad","item":"https:\/\/eldigitaldeasturias.com\/magazine365\/category\/noticias-actualidad\/","nextItem":{"@type":"ListItem","@id":"https:\/\/eldigitaldeasturias.com\/magazine365\/buceo-fotos-y-una-travesia-a-nado-entre-los-actos-en-santander-del-dia-mundial-de-los-oceanos\/#listItem","name":"Buceo, fotos y una traves\u00eda a nado, entre los actos en Santander del D\u00eda Mundial de los Oc\u00e9anos"},"previousItem":{"@type":"ListItem","@id":"https:\/\/eldigitaldeasturias.com\/magazine365#listItem","name":"Home"}},{"@type":"ListItem","@id":"https:\/\/eldigitaldeasturias.com\/magazine365\/buceo-fotos-y-una-travesia-a-nado-entre-los-actos-en-santander-del-dia-mundial-de-los-oceanos\/#listItem","position":3,"name":"Buceo, fotos y una traves\u00eda a nado, entre los actos en Santander del D\u00eda Mundial de los Oc\u00e9anos","previousItem":{"@type":"ListItem","@id":"https:\/\/eldigitaldeasturias.com\/magazine365\/category\/noticias-actualidad\/#listItem","name":"Noticias y Actualidad"}}]},{"@type":"Organization","@id":"https:\/\/eldigitaldeasturias.com\/magazine365\/#organization","name":"El digital de Asturias","description":"Revista de ocio, turismo y estilo de vida","url":"https:\/\/eldigitaldeasturias.com\/magazine365\/","logo":{"@type":"ImageObject","url":"https:\/\/www.eldigitaldeasturias.com\/noticias\/wp-content\/uploads\/2020\/12\/EDA.jpg","@id":"https:\/\/eldigitaldeasturias.com\/magazine365\/buceo-fotos-y-una-travesia-a-nado-entre-los-actos-en-santander-del-dia-mundial-de-los-oceanos\/#organizationLogo"},"image":{"@id":"https:\/\/eldigitaldeasturias.com\/magazine365\/buceo-fotos-y-una-travesia-a-nado-entre-los-actos-en-santander-del-dia-mundial-de-los-oceanos\/#organizationLogo"}},{"@type":"Person","@id":"https:\/\/eldigitaldeasturias.com\/magazine365\/author\/admin\/#author","url":"https:\/\/eldigitaldeasturias.com\/magazine365\/author\/admin\/","name":"admin","image":{"@type":"ImageObject","@id":"https:\/\/eldigitaldeasturias.com\/magazine365\/buceo-fotos-y-una-travesia-a-nado-entre-los-actos-en-santander-del-dia-mundial-de-los-oceanos\/#authorImage","url":"https:\/\/eldigitaldeasturias.com\/magazine365\/wp-content\/litespeed\/avatar\/e571bcf59a0edd6fa6838245a470f2fe.jpg?ver=1776969259","width":96,"height":96,"caption":"admin"}},{"@type":"WebPage","@id":"https:\/\/eldigitaldeasturias.com\/magazine365\/buceo-fotos-y-una-travesia-a-nado-entre-los-actos-en-santander-del-dia-mundial-de-los-oceanos\/#webpage","url":"https:\/\/eldigitaldeasturias.com\/magazine365\/buceo-fotos-y-una-travesia-a-nado-entre-los-actos-en-santander-del-dia-mundial-de-los-oceanos\/","name":"Buceo, fotos y una traves\u00eda a nado, entre los actos en Santander del D\u00eda Mundial de los Oc\u00e9anos | El Digital de Asturias","description":"Bautismos de buceo, rutas en barco, jornadas fotogr\u00e1ficas, una traves\u00eda popular a nado y un abrazo a la Isla de Mouro son algunas de las actividades incluidas en el programa con el que Santander se sumar\u00e1 el pr\u00f3ximo fin de semana a la conmemoraci\u00f3n del D\u00eda Mundial de los Oc\u00e9anos, que se celebra cada 8","inLanguage":"es-ES","isPartOf":{"@id":"https:\/\/eldigitaldeasturias.com\/magazine365\/#website"},"breadcrumb":{"@id":"https:\/\/eldigitaldeasturias.com\/magazine365\/buceo-fotos-y-una-travesia-a-nado-entre-los-actos-en-santander-del-dia-mundial-de-los-oceanos\/#breadcrumblist"},"author":{"@id":"https:\/\/eldigitaldeasturias.com\/magazine365\/author\/admin\/#author"},"creator":{"@id":"https:\/\/eldigitaldeasturias.com\/magazine365\/author\/admin\/#author"},"image":{"@type":"ImageObject","url":"https:\/\/eldigitaldeasturias.com\/magazine365\/wp-content\/uploads\/2016\/06\/fotonoticia_20160606140407_800.jpg","@id":"https:\/\/eldigitaldeasturias.com\/magazine365\/buceo-fotos-y-una-travesia-a-nado-entre-los-actos-en-santander-del-dia-mundial-de-los-oceanos\/#mainImage","width":800,"height":534},"primaryImageOfPage":{"@id":"https:\/\/eldigitaldeasturias.com\/magazine365\/buceo-fotos-y-una-travesia-a-nado-entre-los-actos-en-santander-del-dia-mundial-de-los-oceanos\/#mainImage"},"datePublished":"2016-06-07T11:43:40+02:00","dateModified":"2016-06-07T11:43:40+02:00"},{"@type":"WebSite","@id":"https:\/\/eldigitaldeasturias.com\/magazine365\/#website","url":"https:\/\/eldigitaldeasturias.com\/magazine365\/","name":"El Digital de Asturias","description":"Revista de ocio, turismo y estilo de vida","inLanguage":"es-ES","publisher":{"@id":"https:\/\/eldigitaldeasturias.com\/magazine365\/#organization"}}]},"og:locale":"es_ES","og:site_name":"El Digital de Asturias \u2013 Revista de ocio, turismo y estilo de vida","og:type":"article","og:title":"Buceo, fotos y una traves\u00eda a nado, entre los actos en Santander del D\u00eda Mundial de los Oc\u00e9anos | El Digital de Asturias","og:description":"Bautismos de buceo, rutas en barco, jornadas fotogr\u00e1ficas, una traves\u00eda popular a nado y un abrazo a la Isla de Mouro son algunas de las actividades incluidas en el programa con el que Santander se sumar\u00e1 el pr\u00f3ximo fin de semana a la conmemoraci\u00f3n del D\u00eda Mundial de los Oc\u00e9anos, que se celebra cada 8","og:url":"https:\/\/eldigitaldeasturias.com\/magazine365\/buceo-fotos-y-una-travesia-a-nado-entre-los-actos-en-santander-del-dia-mundial-de-los-oceanos\/","og:image":"https:\/\/eldigitaldeasturias.com\/magazine365\/wp-content\/uploads\/2016\/06\/fotonoticia_20160606140407_800.jpg","og:image:secure_url":"https:\/\/eldigitaldeasturias.com\/magazine365\/wp-content\/uploads\/2016\/06\/fotonoticia_20160606140407_800.jpg","og:image:width":800,"og:image:height":534,"article:published_time":"2016-06-07T09:43:40+00:00","article:modified_time":"2016-06-07T09:43:40+00:00","twitter:card":"summary_large_image","twitter:title":"Buceo, fotos y una traves\u00eda a nado, entre los actos en Santander del D\u00eda Mundial de los Oc\u00e9anos | El Digital de Asturias","twitter:description":"Bautismos de buceo, rutas en barco, jornadas fotogr\u00e1ficas, una traves\u00eda popular a nado y un abrazo a la Isla de Mouro son algunas de las actividades incluidas en el programa con el que Santander se sumar\u00e1 el pr\u00f3ximo fin de semana a la conmemoraci\u00f3n del D\u00eda Mundial de los Oc\u00e9anos, que se celebra cada 8","twitter:image":"https:\/\/eldigitaldeasturias.com\/magazine365\/wp-content\/uploads\/2016\/06\/fotonoticia_20160606140407_800.jpg"},"aioseo_meta_data":{"post_id":"77865","title":null,"description":null,"keywords":null,"keyphrases":null,"primary_term":null,"canonical_url":null,"og_title":null,"og_description":null,"og_object_type":"default","og_image_type":"default","og_image_url":null,"og_image_width":null,"og_image_height":null,"og_image_custom_url":null,"og_image_custom_fields":null,"og_video":null,"og_custom_url":null,"og_article_section":null,"og_article_tags":null,"twitter_use_og":false,"twitter_card":"default","twitter_image_type":"default","twitter_image_url":null,"twitter_image_custom_url":null,"twitter_image_custom_fields":null,"twitter_title":null,"twitter_description":null,"schema":{"blockGraphs":[],"customGraphs":[],"default":{"data":{"Article":[],"Course":[],"Dataset":[],"FAQPage":[],"Movie":[],"Person":[],"Product":[],"ProductReview":[],"Car":[],"Recipe":[],"Service":[],"SoftwareApplication":[],"WebPage":[]},"graphName":"","isEnabled":true},"graphs":[],"defaultGraph":"","defaultPostTypeGraph":""},"schema_type":null,"schema_type_options":null,"pillar_content":false,"robots_default":true,"robots_noindex":false,"robots_noarchive":false,"robots_nosnippet":false,"robots_nofollow":false,"robots_noimageindex":false,"robots_noodp":false,"robots_notranslate":false,"robots_max_snippet":null,"robots_max_videopreview":null,"robots_max_imagepreview":"large","priority":null,"frequency":null,"location":null,"local_seo":null,"seo_analyzer_scan_date":"2025-09-27 15:48:16","breadcrumb_settings":null,"limit_modified_date":false,"open_ai":null,"ai":null,"created":"2021-03-08 18:07:57","updated":"2025-09-27 15:48:16"},"aioseo_breadcrumb":"<div class=\"aioseo-breadcrumbs\"><span class=\"aioseo-breadcrumb\">\n\t<a href=\"https:\/\/eldigitaldeasturias.com\/magazine365\" title=\"Home\">Home<\/a>\n<\/span><span class=\"aioseo-breadcrumb-separator\">\u2013<\/span><span class=\"aioseo-breadcrumb\">\n\t<a href=\"https:\/\/eldigitaldeasturias.com\/magazine365\/category\/noticias-actualidad\/\" title=\"Noticias y Actualidad\">Noticias y Actualidad<\/a>\n<\/span><span class=\"aioseo-breadcrumb-separator\">\u2013<\/span><span class=\"aioseo-breadcrumb\">\n\t<a href=\"https:\/\/eldigitaldeasturias.com\/magazine365\/buceo-fotos-y-una-travesia-a-nado-entre-los-actos-en-santander-del-dia-mundial-de-los-oceanos\/\" title=\"Buceo, fotos y una traves\u00eda a nado, entre los actos en Santander del D\u00eda Mundial de los Oc\u00e9anos\">Buceo, fotos y una traves\u00eda a nado, entre los actos en Santander del D\u00eda Mundial de los Oc\u00e9anos<\/a>\n<\/span><\/div>","aioseo_breadcrumb_json":[{"label":"Home","link":"https:\/\/eldigitaldeasturias.com\/magazine365"},{"label":"Noticias y Actualidad","link":"https:\/\/eldigitaldeasturias.com\/magazine365\/category\/noticias-actualidad\/"},{"label":"Buceo, fotos y una traves\u00eda a nado, entre los actos en Santander del D\u00eda Mundial de los Oc\u00e9anos","link":"https:\/\/eldigitaldeasturias.com\/magazine365\/buceo-fotos-y-una-travesia-a-nado-entre-los-actos-en-santander-del-dia-mundial-de-los-oceanos\/"}],"_links":{"self":[{"href":"https:\/\/eldigitaldeasturias.com\/magazine365\/wp-json\/wp\/v2\/posts\/77865","targetHints":{"allow":["GET"]}}],"collection":[{"href":"https:\/\/eldigitaldeasturias.com\/magazine365\/wp-json\/wp\/v2\/posts"}],"about":[{"href":"https:\/\/eldigitaldeasturias.com\/magazine365\/wp-json\/wp\/v2\/types\/post"}],"author":[{"embeddable":true,"href":"https:\/\/eldigitaldeasturias.com\/magazine365\/wp-json\/wp\/v2\/users\/1"}],"replies":[{"embeddable":true,"href":"https:\/\/eldigitaldeasturias.com\/magazine365\/wp-json\/wp\/v2\/comments?post=77865"}],"version-history":[{"count":0,"href":"https:\/\/eldigitaldeasturias.com\/magazine365\/wp-json\/wp\/v2\/posts\/77865\/revisions"}],"wp:featuredmedia":[{"embeddable":true,"href":"https:\/\/eldigitaldeasturias.com\/magazine365\/wp-json\/wp\/v2\/media\/77866"}],"wp:attachment":[{"href":"https:\/\/eldigitaldeasturias.com\/magazine365\/wp-json\/wp\/v2\/media?parent=77865"}],"wp:term":[{"taxonomy":"category","embeddable":true,"href":"https:\/\/eldigitaldeasturias.com\/magazine365\/wp-json\/wp\/v2\/categories?post=77865"},{"taxonomy":"post_tag","embeddable":true,"href":"https:\/\/eldigitaldeasturias.com\/magazine365\/wp-json\/wp\/v2\/tags?post=77865"}],"curies":[{"name":"wp","href":"https:\/\/api.w.org\/{rel}","templated":true}]}}