{"id":77850,"date":"2016-06-07T11:33:36","date_gmt":"2016-06-07T09:33:36","guid":{"rendered":"http:\/\/eldigitaldeasturias.com\/magazine365\/?p=77850"},"modified":"2016-06-07T11:33:36","modified_gmt":"2016-06-07T09:33:36","slug":"el-sil-arranca-este-martes-con-la-prevision-de-30-000-visitantes-profesionales","status":"publish","type":"post","link":"https:\/\/eldigitaldeasturias.com\/magazine365\/el-sil-arranca-este-martes-con-la-prevision-de-30-000-visitantes-profesionales\/","title":{"rendered":"El SIL arranca este martes con la previsi\u00f3n de 30.000 visitantes profesionales"},"content":{"rendered":"<p><img fetchpriority=\"high\" decoding=\"async\" class=\"alignleft size-medium wp-image-77851\" src=\"https:\/\/eldigitaldeasturias.com\/magazine365\/wp-content\/uploads\/2016\/06\/fotonoticia_20160606134601_800-360x270.jpg\" alt=\"fotonoticia_20160606134601_800\" width=\"360\" height=\"270\" srcset=\"https:\/\/eldigitaldeasturias.com\/magazine365\/wp-content\/uploads\/2016\/06\/fotonoticia_20160606134601_800-360x270.jpg 360w, https:\/\/eldigitaldeasturias.com\/magazine365\/wp-content\/uploads\/2016\/06\/fotonoticia_20160606134601_800-650x488.jpg 650w, https:\/\/eldigitaldeasturias.com\/magazine365\/wp-content\/uploads\/2016\/06\/fotonoticia_20160606134601_800-768x576.jpg 768w, https:\/\/eldigitaldeasturias.com\/magazine365\/wp-content\/uploads\/2016\/06\/fotonoticia_20160606134601_800-150x113.jpg 150w, https:\/\/eldigitaldeasturias.com\/magazine365\/wp-content\/uploads\/2016\/06\/fotonoticia_20160606134601_800-450x338.jpg 450w, https:\/\/eldigitaldeasturias.com\/magazine365\/wp-content\/uploads\/2016\/06\/fotonoticia_20160606134601_800-90x67.jpg 90w, https:\/\/eldigitaldeasturias.com\/magazine365\/wp-content\/uploads\/2016\/06\/fotonoticia_20160606134601_800-164x124.jpg 164w, https:\/\/eldigitaldeasturias.com\/magazine365\/wp-content\/uploads\/2016\/06\/fotonoticia_20160606134601_800-100x75.jpg 100w, https:\/\/eldigitaldeasturias.com\/magazine365\/wp-content\/uploads\/2016\/06\/fotonoticia_20160606134601_800.jpg 800w\" sizes=\"(max-width: 360px) 100vw, 360px\" \/>El Sal\u00f3n Internacional de la Log\u00edstica y la Manutenci\u00f3n (SIL) 2016 arrancar\u00e1 este martes en el recinto Montju\u00efc de Fira de Barcelona con la previsi\u00f3n de recibir a 30.000 visitantes profesionales hasta el jueves, d\u00eda en que finaliza el certamen.<\/p>\n<p>Inaugurar\u00e1n el XVIII SIL el Secretario de Estado de Infraestructuras, Transporte y Vivienda del Ministerio de Fomento, Julio G\u00f3mez Pomar; el conseller de Territorio y Sostenibilidad de la Generalitat, Josep Rull; la delegada del Gobierno en Catalunya, Llanos de Luna; el Delegado Especial del Estado en el Consorcio de la Zona Franca de Barcelona (CZFB) y presidente del SIL, Jordi Cornet, y el segundo teniente de alcalde del Ayuntamiento de Barcelona, Jaume Collboni.<\/p>\n<p>Tambi\u00e9n estar\u00e1n presentes el ministro de Equipamiento, Transporte y Log\u00edstica de Marruecos, Aziz Rabbah; el secretario general adjunto de la Organizaci\u00f3n Mundial de Aduanas, Sergio M\u00fajica; el presidente de Alacat, Galo Molina; el presidente del Comit\u00e9 de Yiwu en la Conferencia Consultiva Pol\u00edtica del Pueblo Chino, Song Yinghao, y la directora general del SIL, Blanca Sorigu\u00e9.<\/p>\n<p>El SIL 2016 contar\u00e1 con la participaci\u00f3n de 600 empresas, un 10% m\u00e1s que en 2015 y un 45% de car\u00e1cter internacional que se distribuir\u00e1n a lo largo de 22.000 metros cuadrados de superficie divididos en tres grandes zonas de exposici\u00f3n: Infraestructuras y Puertos; Transporte y tecnolog\u00edas aplicadas al transporte e inmolog\u00edstica, y Almacenaje, manutenci\u00f3n, equipamiento e intralog\u00edstica.<\/p>\n<p>El sal\u00f3n, organizado por el CZFB, acoger\u00e1 m\u00e1s de 200 actos por parte de las empresas participantes y ser\u00e1 el epicentro de la innovaci\u00f3n log\u00edstica mundial, ya que acoger\u00e1 la presentaci\u00f3n de 120 novedades.<\/p>\n<p>Este a\u00f1o se ha creado el SIL Smart&amp;Innovation, una zona de exposici\u00f3n y de demostraci\u00f3n de productos, servicios y soluciones tecnol\u00f3gicas innovadoras en \u00e1mbitos como la gesti\u00f3n de las cadenas de suministro, la optimizaci\u00f3n de inventarios y el control de costes.<\/p>\n<p>YIWU, CIUDAD INVITADA<\/p>\n<p>La ciudad invitada al SIL este 2016 es Yiwu (China), considerada como el centro de producci\u00f3n y distribuci\u00f3n de bienes m\u00e1s grande del mundo, que contar\u00e1 con un expositor de 300 metros cuadrados.<\/p>\n<p>Durante el certamen se celebrar\u00e1 un congreso internacional sobre el impacto de la transformaci\u00f3n digital en la cadena de suministro, con la programaci\u00f3n de 30 sesiones, 230 ponentes internacionales y 3.600 asistentes.<\/p>\n<p>El SIL tambi\u00e9n acoger\u00e1 la celebraci\u00f3n del XXXIII Congreso Alacat, la mayor reuni\u00f3n de agentes de carga y operadores log\u00edsticos de Am\u00e9rica Latina y el Caribe, y tambi\u00e9n las reuniones de los consejos directivos de la Federaci\u00f3n Internacional de Asociaciones de Transitarios (Fiata), de la Asociaci\u00f3n Internacional de Agentes Profesionales de Aduanas (Asapra) y de la Asociaci\u00f3n de Transporte A\u00e9reo Internacional (Iata).<\/p>\n<p>LA LOG\u00cdSTICA COMO MOTOR<\/p>\n<p>El sector de la log\u00edstica se ha convertido en uno de los motores econ\u00f3micos de Espa\u00f1a, ya que seg\u00fan datos de la Estrategia Log\u00edstica del Ministerio de Fomento, supone el 5,5% del PIB y emplea a m\u00e1s de 850.000 personas.<\/p>\n<p>En concreto, Espa\u00f1a ocupa la sexta posici\u00f3n mundial en el ranking de infraestructuras para el transporte, seg\u00fan el Foro Econ\u00f3mico Mundial.<\/p>\n<p>&nbsp;<\/p>\n","protected":false},"excerpt":{"rendered":"<p>El Sal\u00f3n Internacional de la Log\u00edstica y la Manutenci\u00f3n (SIL) 2016 arrancar\u00e1 este martes en el recinto Montju\u00efc de Fira de Barcelona con la previsi\u00f3n de recibir a 30.000 visitantes profesionales hasta el jueves, d\u00eda en que finaliza el certamen. Inaugurar\u00e1n el XVIII SIL el Secretario de Estado de Infraestructuras, Transporte y Vivienda del Ministerio<\/p>\n","protected":false},"author":1,"featured_media":77851,"comment_status":"open","ping_status":"closed","sticky":false,"template":"","format":"standard","meta":{"footnotes":""},"categories":[224],"tags":[],"class_list":{"0":"post-77850","1":"post","2":"type-post","3":"status-publish","4":"format-standard","5":"has-post-thumbnail","7":"category-noticias-actualidad"},"aioseo_notices":[],"aioseo_head":"\n\t\t<!-- All in One SEO Pro 4.9.6.1 - aioseo.com -->\n\t<meta name=\"description\" content=\"El Sal\u00f3n Internacional de la Log\u00edstica y la Manutenci\u00f3n (SIL) 2016 arrancar\u00e1 este martes en el recinto Montju\u00efc de Fira de Barcelona con la previsi\u00f3n de recibir a 30.000 visitantes profesionales hasta el jueves, d\u00eda en que finaliza el certamen. Inaugurar\u00e1n el XVIII SIL el Secretario de Estado de Infraestructuras, Transporte y Vivienda del Ministerio\" \/>\n\t<meta name=\"robots\" content=\"max-image-preview:large\" \/>\n\t<meta name=\"author\" content=\"admin\"\/>\n\t<meta name=\"google-site-verification\" content=\"UA-38556648-1\" \/>\n\t<meta name=\"keywords\" content=\"noticias y actualidad\" \/>\n\t<link rel=\"canonical\" href=\"https:\/\/eldigitaldeasturias.com\/magazine365\/el-sil-arranca-este-martes-con-la-prevision-de-30-000-visitantes-profesionales\/\" \/>\n\t<meta name=\"generator\" content=\"All in One SEO Pro (AIOSEO) 4.9.6.1\" \/>\n\t\t<meta property=\"og:locale\" content=\"es_ES\" \/>\n\t\t<meta property=\"og:site_name\" content=\"El Digital de Asturias \u2013 Revista de ocio, turismo y estilo de vida\" \/>\n\t\t<meta property=\"og:type\" content=\"article\" \/>\n\t\t<meta property=\"og:title\" content=\"El SIL arranca este martes con la previsi\u00f3n de 30.000 visitantes profesionales | El Digital de Asturias\" \/>\n\t\t<meta property=\"og:description\" content=\"El Sal\u00f3n Internacional de la Log\u00edstica y la Manutenci\u00f3n (SIL) 2016 arrancar\u00e1 este martes en el recinto Montju\u00efc de Fira de Barcelona con la previsi\u00f3n de recibir a 30.000 visitantes profesionales hasta el jueves, d\u00eda en que finaliza el certamen. Inaugurar\u00e1n el XVIII SIL el Secretario de Estado de Infraestructuras, Transporte y Vivienda del Ministerio\" \/>\n\t\t<meta property=\"og:url\" content=\"https:\/\/eldigitaldeasturias.com\/magazine365\/el-sil-arranca-este-martes-con-la-prevision-de-30-000-visitantes-profesionales\/\" \/>\n\t\t<meta property=\"og:image\" content=\"https:\/\/eldigitaldeasturias.com\/magazine365\/wp-content\/uploads\/2016\/06\/fotonoticia_20160606134601_800.jpg\" \/>\n\t\t<meta property=\"og:image:secure_url\" content=\"https:\/\/eldigitaldeasturias.com\/magazine365\/wp-content\/uploads\/2016\/06\/fotonoticia_20160606134601_800.jpg\" \/>\n\t\t<meta property=\"og:image:width\" content=\"800\" \/>\n\t\t<meta property=\"og:image:height\" content=\"600\" \/>\n\t\t<meta property=\"article:published_time\" content=\"2016-06-07T09:33:36+00:00\" \/>\n\t\t<meta property=\"article:modified_time\" content=\"2016-06-07T09:33:36+00:00\" \/>\n\t\t<meta name=\"twitter:card\" content=\"summary_large_image\" \/>\n\t\t<meta name=\"twitter:title\" content=\"El SIL arranca este martes con la previsi\u00f3n de 30.000 visitantes profesionales | El Digital de Asturias\" \/>\n\t\t<meta name=\"twitter:description\" content=\"El Sal\u00f3n Internacional de la Log\u00edstica y la Manutenci\u00f3n (SIL) 2016 arrancar\u00e1 este martes en el recinto Montju\u00efc de Fira de Barcelona con la previsi\u00f3n de recibir a 30.000 visitantes profesionales hasta el jueves, d\u00eda en que finaliza el certamen. Inaugurar\u00e1n el XVIII SIL el Secretario de Estado de Infraestructuras, Transporte y Vivienda del Ministerio\" \/>\n\t\t<meta name=\"twitter:image\" content=\"https:\/\/eldigitaldeasturias.com\/magazine365\/wp-content\/uploads\/2016\/06\/fotonoticia_20160606134601_800.jpg\" \/>\n\t\t<script type=\"application\/ld+json\" class=\"aioseo-schema\">\n\t\t\t{\"@context\":\"https:\\\/\\\/schema.org\",\"@graph\":[{\"@type\":\"Article\",\"@id\":\"https:\\\/\\\/eldigitaldeasturias.com\\\/magazine365\\\/el-sil-arranca-este-martes-con-la-prevision-de-30-000-visitantes-profesionales\\\/#article\",\"name\":\"El SIL arranca este martes con la previsi\\u00f3n de 30.000 visitantes profesionales | El Digital de Asturias\",\"headline\":\"El SIL arranca este martes con la previsi\\u00f3n de 30.000 visitantes profesionales\",\"author\":{\"@id\":\"https:\\\/\\\/eldigitaldeasturias.com\\\/magazine365\\\/author\\\/admin\\\/#author\"},\"publisher\":{\"@id\":\"https:\\\/\\\/eldigitaldeasturias.com\\\/magazine365\\\/#organization\"},\"image\":{\"@type\":\"ImageObject\",\"url\":\"https:\\\/\\\/eldigitaldeasturias.com\\\/magazine365\\\/wp-content\\\/uploads\\\/2016\\\/06\\\/fotonoticia_20160606134601_800.jpg\",\"width\":800,\"height\":600},\"datePublished\":\"2016-06-07T11:33:36+02:00\",\"dateModified\":\"2016-06-07T11:33:36+02:00\",\"inLanguage\":\"es-ES\",\"mainEntityOfPage\":{\"@id\":\"https:\\\/\\\/eldigitaldeasturias.com\\\/magazine365\\\/el-sil-arranca-este-martes-con-la-prevision-de-30-000-visitantes-profesionales\\\/#webpage\"},\"isPartOf\":{\"@id\":\"https:\\\/\\\/eldigitaldeasturias.com\\\/magazine365\\\/el-sil-arranca-este-martes-con-la-prevision-de-30-000-visitantes-profesionales\\\/#webpage\"},\"articleSection\":\"Noticias y Actualidad\"},{\"@type\":\"BreadcrumbList\",\"@id\":\"https:\\\/\\\/eldigitaldeasturias.com\\\/magazine365\\\/el-sil-arranca-este-martes-con-la-prevision-de-30-000-visitantes-profesionales\\\/#breadcrumblist\",\"itemListElement\":[{\"@type\":\"ListItem\",\"@id\":\"https:\\\/\\\/eldigitaldeasturias.com\\\/magazine365#listItem\",\"position\":1,\"name\":\"Home\",\"item\":\"https:\\\/\\\/eldigitaldeasturias.com\\\/magazine365\",\"nextItem\":{\"@type\":\"ListItem\",\"@id\":\"https:\\\/\\\/eldigitaldeasturias.com\\\/magazine365\\\/category\\\/noticias-actualidad\\\/#listItem\",\"name\":\"Noticias y Actualidad\"}},{\"@type\":\"ListItem\",\"@id\":\"https:\\\/\\\/eldigitaldeasturias.com\\\/magazine365\\\/category\\\/noticias-actualidad\\\/#listItem\",\"position\":2,\"name\":\"Noticias y Actualidad\",\"item\":\"https:\\\/\\\/eldigitaldeasturias.com\\\/magazine365\\\/category\\\/noticias-actualidad\\\/\",\"nextItem\":{\"@type\":\"ListItem\",\"@id\":\"https:\\\/\\\/eldigitaldeasturias.com\\\/magazine365\\\/el-sil-arranca-este-martes-con-la-prevision-de-30-000-visitantes-profesionales\\\/#listItem\",\"name\":\"El SIL arranca este martes con la previsi\\u00f3n de 30.000 visitantes profesionales\"},\"previousItem\":{\"@type\":\"ListItem\",\"@id\":\"https:\\\/\\\/eldigitaldeasturias.com\\\/magazine365#listItem\",\"name\":\"Home\"}},{\"@type\":\"ListItem\",\"@id\":\"https:\\\/\\\/eldigitaldeasturias.com\\\/magazine365\\\/el-sil-arranca-este-martes-con-la-prevision-de-30-000-visitantes-profesionales\\\/#listItem\",\"position\":3,\"name\":\"El SIL arranca este martes con la previsi\\u00f3n de 30.000 visitantes profesionales\",\"previousItem\":{\"@type\":\"ListItem\",\"@id\":\"https:\\\/\\\/eldigitaldeasturias.com\\\/magazine365\\\/category\\\/noticias-actualidad\\\/#listItem\",\"name\":\"Noticias y Actualidad\"}}]},{\"@type\":\"Organization\",\"@id\":\"https:\\\/\\\/eldigitaldeasturias.com\\\/magazine365\\\/#organization\",\"name\":\"El digital de Asturias\",\"description\":\"Revista de ocio, turismo y estilo de vida\",\"url\":\"https:\\\/\\\/eldigitaldeasturias.com\\\/magazine365\\\/\",\"logo\":{\"@type\":\"ImageObject\",\"url\":\"https:\\\/\\\/www.eldigitaldeasturias.com\\\/noticias\\\/wp-content\\\/uploads\\\/2020\\\/12\\\/EDA.jpg\",\"@id\":\"https:\\\/\\\/eldigitaldeasturias.com\\\/magazine365\\\/el-sil-arranca-este-martes-con-la-prevision-de-30-000-visitantes-profesionales\\\/#organizationLogo\"},\"image\":{\"@id\":\"https:\\\/\\\/eldigitaldeasturias.com\\\/magazine365\\\/el-sil-arranca-este-martes-con-la-prevision-de-30-000-visitantes-profesionales\\\/#organizationLogo\"}},{\"@type\":\"Person\",\"@id\":\"https:\\\/\\\/eldigitaldeasturias.com\\\/magazine365\\\/author\\\/admin\\\/#author\",\"url\":\"https:\\\/\\\/eldigitaldeasturias.com\\\/magazine365\\\/author\\\/admin\\\/\",\"name\":\"admin\",\"image\":{\"@type\":\"ImageObject\",\"@id\":\"https:\\\/\\\/eldigitaldeasturias.com\\\/magazine365\\\/el-sil-arranca-este-martes-con-la-prevision-de-30-000-visitantes-profesionales\\\/#authorImage\",\"url\":\"https:\\\/\\\/eldigitaldeasturias.com\\\/magazine365\\\/wp-content\\\/litespeed\\\/avatar\\\/e571bcf59a0edd6fa6838245a470f2fe.jpg?ver=1776969259\",\"width\":96,\"height\":96,\"caption\":\"admin\"}},{\"@type\":\"WebPage\",\"@id\":\"https:\\\/\\\/eldigitaldeasturias.com\\\/magazine365\\\/el-sil-arranca-este-martes-con-la-prevision-de-30-000-visitantes-profesionales\\\/#webpage\",\"url\":\"https:\\\/\\\/eldigitaldeasturias.com\\\/magazine365\\\/el-sil-arranca-este-martes-con-la-prevision-de-30-000-visitantes-profesionales\\\/\",\"name\":\"El SIL arranca este martes con la previsi\\u00f3n de 30.000 visitantes profesionales | El Digital de Asturias\",\"description\":\"El Sal\\u00f3n Internacional de la Log\\u00edstica y la Manutenci\\u00f3n (SIL) 2016 arrancar\\u00e1 este martes en el recinto Montju\\u00efc de Fira de Barcelona con la previsi\\u00f3n de recibir a 30.000 visitantes profesionales hasta el jueves, d\\u00eda en que finaliza el certamen. Inaugurar\\u00e1n el XVIII SIL el Secretario de Estado de Infraestructuras, Transporte y Vivienda del Ministerio\",\"inLanguage\":\"es-ES\",\"isPartOf\":{\"@id\":\"https:\\\/\\\/eldigitaldeasturias.com\\\/magazine365\\\/#website\"},\"breadcrumb\":{\"@id\":\"https:\\\/\\\/eldigitaldeasturias.com\\\/magazine365\\\/el-sil-arranca-este-martes-con-la-prevision-de-30-000-visitantes-profesionales\\\/#breadcrumblist\"},\"author\":{\"@id\":\"https:\\\/\\\/eldigitaldeasturias.com\\\/magazine365\\\/author\\\/admin\\\/#author\"},\"creator\":{\"@id\":\"https:\\\/\\\/eldigitaldeasturias.com\\\/magazine365\\\/author\\\/admin\\\/#author\"},\"image\":{\"@type\":\"ImageObject\",\"url\":\"https:\\\/\\\/eldigitaldeasturias.com\\\/magazine365\\\/wp-content\\\/uploads\\\/2016\\\/06\\\/fotonoticia_20160606134601_800.jpg\",\"@id\":\"https:\\\/\\\/eldigitaldeasturias.com\\\/magazine365\\\/el-sil-arranca-este-martes-con-la-prevision-de-30-000-visitantes-profesionales\\\/#mainImage\",\"width\":800,\"height\":600},\"primaryImageOfPage\":{\"@id\":\"https:\\\/\\\/eldigitaldeasturias.com\\\/magazine365\\\/el-sil-arranca-este-martes-con-la-prevision-de-30-000-visitantes-profesionales\\\/#mainImage\"},\"datePublished\":\"2016-06-07T11:33:36+02:00\",\"dateModified\":\"2016-06-07T11:33:36+02:00\"},{\"@type\":\"WebSite\",\"@id\":\"https:\\\/\\\/eldigitaldeasturias.com\\\/magazine365\\\/#website\",\"url\":\"https:\\\/\\\/eldigitaldeasturias.com\\\/magazine365\\\/\",\"name\":\"El Digital de Asturias\",\"description\":\"Revista de ocio, turismo y estilo de vida\",\"inLanguage\":\"es-ES\",\"publisher\":{\"@id\":\"https:\\\/\\\/eldigitaldeasturias.com\\\/magazine365\\\/#organization\"}}]}\n\t\t<\/script>\n\t\t<!-- All in One SEO Pro -->\r\n\t\t<title>El SIL arranca este martes con la previsi\u00f3n de 30.000 visitantes profesionales | El Digital de Asturias<\/title>\n\n","aioseo_head_json":{"title":"El SIL arranca este martes con la previsi\u00f3n de 30.000 visitantes profesionales | El Digital de Asturias","description":"El Sal\u00f3n Internacional de la Log\u00edstica y la Manutenci\u00f3n (SIL) 2016 arrancar\u00e1 este martes en el recinto Montju\u00efc de Fira de Barcelona con la previsi\u00f3n de recibir a 30.000 visitantes profesionales hasta el jueves, d\u00eda en que finaliza el certamen. Inaugurar\u00e1n el XVIII SIL el Secretario de Estado de Infraestructuras, Transporte y Vivienda del Ministerio","canonical_url":"https:\/\/eldigitaldeasturias.com\/magazine365\/el-sil-arranca-este-martes-con-la-prevision-de-30-000-visitantes-profesionales\/","robots":"max-image-preview:large","keywords":"noticias y actualidad","webmasterTools":{"google-site-verification":"UA-38556648-1","miscellaneous":""},"schema":{"@context":"https:\/\/schema.org","@graph":[{"@type":"Article","@id":"https:\/\/eldigitaldeasturias.com\/magazine365\/el-sil-arranca-este-martes-con-la-prevision-de-30-000-visitantes-profesionales\/#article","name":"El SIL arranca este martes con la previsi\u00f3n de 30.000 visitantes profesionales | El Digital de Asturias","headline":"El SIL arranca este martes con la previsi\u00f3n de 30.000 visitantes profesionales","author":{"@id":"https:\/\/eldigitaldeasturias.com\/magazine365\/author\/admin\/#author"},"publisher":{"@id":"https:\/\/eldigitaldeasturias.com\/magazine365\/#organization"},"image":{"@type":"ImageObject","url":"https:\/\/eldigitaldeasturias.com\/magazine365\/wp-content\/uploads\/2016\/06\/fotonoticia_20160606134601_800.jpg","width":800,"height":600},"datePublished":"2016-06-07T11:33:36+02:00","dateModified":"2016-06-07T11:33:36+02:00","inLanguage":"es-ES","mainEntityOfPage":{"@id":"https:\/\/eldigitaldeasturias.com\/magazine365\/el-sil-arranca-este-martes-con-la-prevision-de-30-000-visitantes-profesionales\/#webpage"},"isPartOf":{"@id":"https:\/\/eldigitaldeasturias.com\/magazine365\/el-sil-arranca-este-martes-con-la-prevision-de-30-000-visitantes-profesionales\/#webpage"},"articleSection":"Noticias y Actualidad"},{"@type":"BreadcrumbList","@id":"https:\/\/eldigitaldeasturias.com\/magazine365\/el-sil-arranca-este-martes-con-la-prevision-de-30-000-visitantes-profesionales\/#breadcrumblist","itemListElement":[{"@type":"ListItem","@id":"https:\/\/eldigitaldeasturias.com\/magazine365#listItem","position":1,"name":"Home","item":"https:\/\/eldigitaldeasturias.com\/magazine365","nextItem":{"@type":"ListItem","@id":"https:\/\/eldigitaldeasturias.com\/magazine365\/category\/noticias-actualidad\/#listItem","name":"Noticias y Actualidad"}},{"@type":"ListItem","@id":"https:\/\/eldigitaldeasturias.com\/magazine365\/category\/noticias-actualidad\/#listItem","position":2,"name":"Noticias y Actualidad","item":"https:\/\/eldigitaldeasturias.com\/magazine365\/category\/noticias-actualidad\/","nextItem":{"@type":"ListItem","@id":"https:\/\/eldigitaldeasturias.com\/magazine365\/el-sil-arranca-este-martes-con-la-prevision-de-30-000-visitantes-profesionales\/#listItem","name":"El SIL arranca este martes con la previsi\u00f3n de 30.000 visitantes profesionales"},"previousItem":{"@type":"ListItem","@id":"https:\/\/eldigitaldeasturias.com\/magazine365#listItem","name":"Home"}},{"@type":"ListItem","@id":"https:\/\/eldigitaldeasturias.com\/magazine365\/el-sil-arranca-este-martes-con-la-prevision-de-30-000-visitantes-profesionales\/#listItem","position":3,"name":"El SIL arranca este martes con la previsi\u00f3n de 30.000 visitantes profesionales","previousItem":{"@type":"ListItem","@id":"https:\/\/eldigitaldeasturias.com\/magazine365\/category\/noticias-actualidad\/#listItem","name":"Noticias y Actualidad"}}]},{"@type":"Organization","@id":"https:\/\/eldigitaldeasturias.com\/magazine365\/#organization","name":"El digital de Asturias","description":"Revista de ocio, turismo y estilo de vida","url":"https:\/\/eldigitaldeasturias.com\/magazine365\/","logo":{"@type":"ImageObject","url":"https:\/\/www.eldigitaldeasturias.com\/noticias\/wp-content\/uploads\/2020\/12\/EDA.jpg","@id":"https:\/\/eldigitaldeasturias.com\/magazine365\/el-sil-arranca-este-martes-con-la-prevision-de-30-000-visitantes-profesionales\/#organizationLogo"},"image":{"@id":"https:\/\/eldigitaldeasturias.com\/magazine365\/el-sil-arranca-este-martes-con-la-prevision-de-30-000-visitantes-profesionales\/#organizationLogo"}},{"@type":"Person","@id":"https:\/\/eldigitaldeasturias.com\/magazine365\/author\/admin\/#author","url":"https:\/\/eldigitaldeasturias.com\/magazine365\/author\/admin\/","name":"admin","image":{"@type":"ImageObject","@id":"https:\/\/eldigitaldeasturias.com\/magazine365\/el-sil-arranca-este-martes-con-la-prevision-de-30-000-visitantes-profesionales\/#authorImage","url":"https:\/\/eldigitaldeasturias.com\/magazine365\/wp-content\/litespeed\/avatar\/e571bcf59a0edd6fa6838245a470f2fe.jpg?ver=1776969259","width":96,"height":96,"caption":"admin"}},{"@type":"WebPage","@id":"https:\/\/eldigitaldeasturias.com\/magazine365\/el-sil-arranca-este-martes-con-la-prevision-de-30-000-visitantes-profesionales\/#webpage","url":"https:\/\/eldigitaldeasturias.com\/magazine365\/el-sil-arranca-este-martes-con-la-prevision-de-30-000-visitantes-profesionales\/","name":"El SIL arranca este martes con la previsi\u00f3n de 30.000 visitantes profesionales | El Digital de Asturias","description":"El Sal\u00f3n Internacional de la Log\u00edstica y la Manutenci\u00f3n (SIL) 2016 arrancar\u00e1 este martes en el recinto Montju\u00efc de Fira de Barcelona con la previsi\u00f3n de recibir a 30.000 visitantes profesionales hasta el jueves, d\u00eda en que finaliza el certamen. Inaugurar\u00e1n el XVIII SIL el Secretario de Estado de Infraestructuras, Transporte y Vivienda del Ministerio","inLanguage":"es-ES","isPartOf":{"@id":"https:\/\/eldigitaldeasturias.com\/magazine365\/#website"},"breadcrumb":{"@id":"https:\/\/eldigitaldeasturias.com\/magazine365\/el-sil-arranca-este-martes-con-la-prevision-de-30-000-visitantes-profesionales\/#breadcrumblist"},"author":{"@id":"https:\/\/eldigitaldeasturias.com\/magazine365\/author\/admin\/#author"},"creator":{"@id":"https:\/\/eldigitaldeasturias.com\/magazine365\/author\/admin\/#author"},"image":{"@type":"ImageObject","url":"https:\/\/eldigitaldeasturias.com\/magazine365\/wp-content\/uploads\/2016\/06\/fotonoticia_20160606134601_800.jpg","@id":"https:\/\/eldigitaldeasturias.com\/magazine365\/el-sil-arranca-este-martes-con-la-prevision-de-30-000-visitantes-profesionales\/#mainImage","width":800,"height":600},"primaryImageOfPage":{"@id":"https:\/\/eldigitaldeasturias.com\/magazine365\/el-sil-arranca-este-martes-con-la-prevision-de-30-000-visitantes-profesionales\/#mainImage"},"datePublished":"2016-06-07T11:33:36+02:00","dateModified":"2016-06-07T11:33:36+02:00"},{"@type":"WebSite","@id":"https:\/\/eldigitaldeasturias.com\/magazine365\/#website","url":"https:\/\/eldigitaldeasturias.com\/magazine365\/","name":"El Digital de Asturias","description":"Revista de ocio, turismo y estilo de vida","inLanguage":"es-ES","publisher":{"@id":"https:\/\/eldigitaldeasturias.com\/magazine365\/#organization"}}]},"og:locale":"es_ES","og:site_name":"El Digital de Asturias \u2013 Revista de ocio, turismo y estilo de vida","og:type":"article","og:title":"El SIL arranca este martes con la previsi\u00f3n de 30.000 visitantes profesionales | El Digital de Asturias","og:description":"El Sal\u00f3n Internacional de la Log\u00edstica y la Manutenci\u00f3n (SIL) 2016 arrancar\u00e1 este martes en el recinto Montju\u00efc de Fira de Barcelona con la previsi\u00f3n de recibir a 30.000 visitantes profesionales hasta el jueves, d\u00eda en que finaliza el certamen. Inaugurar\u00e1n el XVIII SIL el Secretario de Estado de Infraestructuras, Transporte y Vivienda del Ministerio","og:url":"https:\/\/eldigitaldeasturias.com\/magazine365\/el-sil-arranca-este-martes-con-la-prevision-de-30-000-visitantes-profesionales\/","og:image":"https:\/\/eldigitaldeasturias.com\/magazine365\/wp-content\/uploads\/2016\/06\/fotonoticia_20160606134601_800.jpg","og:image:secure_url":"https:\/\/eldigitaldeasturias.com\/magazine365\/wp-content\/uploads\/2016\/06\/fotonoticia_20160606134601_800.jpg","og:image:width":800,"og:image:height":600,"article:published_time":"2016-06-07T09:33:36+00:00","article:modified_time":"2016-06-07T09:33:36+00:00","twitter:card":"summary_large_image","twitter:title":"El SIL arranca este martes con la previsi\u00f3n de 30.000 visitantes profesionales | El Digital de Asturias","twitter:description":"El Sal\u00f3n Internacional de la Log\u00edstica y la Manutenci\u00f3n (SIL) 2016 arrancar\u00e1 este martes en el recinto Montju\u00efc de Fira de Barcelona con la previsi\u00f3n de recibir a 30.000 visitantes profesionales hasta el jueves, d\u00eda en que finaliza el certamen. Inaugurar\u00e1n el XVIII SIL el Secretario de Estado de Infraestructuras, Transporte y Vivienda del Ministerio","twitter:image":"https:\/\/eldigitaldeasturias.com\/magazine365\/wp-content\/uploads\/2016\/06\/fotonoticia_20160606134601_800.jpg"},"aioseo_meta_data":{"post_id":"77850","title":null,"description":null,"keywords":null,"keyphrases":null,"primary_term":null,"canonical_url":null,"og_title":null,"og_description":null,"og_object_type":"default","og_image_type":"default","og_image_url":null,"og_image_width":null,"og_image_height":null,"og_image_custom_url":null,"og_image_custom_fields":null,"og_video":null,"og_custom_url":null,"og_article_section":null,"og_article_tags":null,"twitter_use_og":false,"twitter_card":"default","twitter_image_type":"default","twitter_image_url":null,"twitter_image_custom_url":null,"twitter_image_custom_fields":null,"twitter_title":null,"twitter_description":null,"schema":{"blockGraphs":[],"customGraphs":[],"default":{"data":{"Article":[],"Course":[],"Dataset":[],"FAQPage":[],"Movie":[],"Person":[],"Product":[],"ProductReview":[],"Car":[],"Recipe":[],"Service":[],"SoftwareApplication":[],"WebPage":[]},"graphName":"","isEnabled":true},"graphs":[],"defaultGraph":"","defaultPostTypeGraph":""},"schema_type":null,"schema_type_options":null,"pillar_content":false,"robots_default":true,"robots_noindex":false,"robots_noarchive":false,"robots_nosnippet":false,"robots_nofollow":false,"robots_noimageindex":false,"robots_noodp":false,"robots_notranslate":false,"robots_max_snippet":null,"robots_max_videopreview":null,"robots_max_imagepreview":"large","priority":null,"frequency":null,"location":null,"local_seo":null,"seo_analyzer_scan_date":"2025-09-27 15:47:02","breadcrumb_settings":null,"limit_modified_date":false,"open_ai":null,"ai":null,"created":"2021-03-08 18:07:57","updated":"2025-09-27 15:47:02"},"aioseo_breadcrumb":"<div class=\"aioseo-breadcrumbs\"><span class=\"aioseo-breadcrumb\">\n\t<a href=\"https:\/\/eldigitaldeasturias.com\/magazine365\" title=\"Home\">Home<\/a>\n<\/span><span class=\"aioseo-breadcrumb-separator\">\u2013<\/span><span class=\"aioseo-breadcrumb\">\n\t<a href=\"https:\/\/eldigitaldeasturias.com\/magazine365\/category\/noticias-actualidad\/\" title=\"Noticias y Actualidad\">Noticias y Actualidad<\/a>\n<\/span><span class=\"aioseo-breadcrumb-separator\">\u2013<\/span><span class=\"aioseo-breadcrumb\">\n\t<a href=\"https:\/\/eldigitaldeasturias.com\/magazine365\/el-sil-arranca-este-martes-con-la-prevision-de-30-000-visitantes-profesionales\/\" title=\"El SIL arranca este martes con la previsi\u00f3n de 30.000 visitantes profesionales\">El SIL arranca este martes con la previsi\u00f3n de 30.000 visitantes profesionales<\/a>\n<\/span><\/div>","aioseo_breadcrumb_json":[{"label":"Home","link":"https:\/\/eldigitaldeasturias.com\/magazine365"},{"label":"Noticias y Actualidad","link":"https:\/\/eldigitaldeasturias.com\/magazine365\/category\/noticias-actualidad\/"},{"label":"El SIL arranca este martes con la previsi\u00f3n de 30.000 visitantes profesionales","link":"https:\/\/eldigitaldeasturias.com\/magazine365\/el-sil-arranca-este-martes-con-la-prevision-de-30-000-visitantes-profesionales\/"}],"_links":{"self":[{"href":"https:\/\/eldigitaldeasturias.com\/magazine365\/wp-json\/wp\/v2\/posts\/77850","targetHints":{"allow":["GET"]}}],"collection":[{"href":"https:\/\/eldigitaldeasturias.com\/magazine365\/wp-json\/wp\/v2\/posts"}],"about":[{"href":"https:\/\/eldigitaldeasturias.com\/magazine365\/wp-json\/wp\/v2\/types\/post"}],"author":[{"embeddable":true,"href":"https:\/\/eldigitaldeasturias.com\/magazine365\/wp-json\/wp\/v2\/users\/1"}],"replies":[{"embeddable":true,"href":"https:\/\/eldigitaldeasturias.com\/magazine365\/wp-json\/wp\/v2\/comments?post=77850"}],"version-history":[{"count":0,"href":"https:\/\/eldigitaldeasturias.com\/magazine365\/wp-json\/wp\/v2\/posts\/77850\/revisions"}],"wp:featuredmedia":[{"embeddable":true,"href":"https:\/\/eldigitaldeasturias.com\/magazine365\/wp-json\/wp\/v2\/media\/77851"}],"wp:attachment":[{"href":"https:\/\/eldigitaldeasturias.com\/magazine365\/wp-json\/wp\/v2\/media?parent=77850"}],"wp:term":[{"taxonomy":"category","embeddable":true,"href":"https:\/\/eldigitaldeasturias.com\/magazine365\/wp-json\/wp\/v2\/categories?post=77850"},{"taxonomy":"post_tag","embeddable":true,"href":"https:\/\/eldigitaldeasturias.com\/magazine365\/wp-json\/wp\/v2\/tags?post=77850"}],"curies":[{"name":"wp","href":"https:\/\/api.w.org\/{rel}","templated":true}]}}