{"id":77820,"date":"2016-06-07T10:47:33","date_gmt":"2016-06-07T08:47:33","guid":{"rendered":"http:\/\/eldigitaldeasturias.com\/magazine365\/?p=77820"},"modified":"2016-06-07T10:47:33","modified_gmt":"2016-06-07T08:47:33","slug":"los-hoteleros-valoran-las-directrices-europeas-sobre-economia-colaborativa-aunque-alertan-de-serias-incertidumbres","status":"publish","type":"post","link":"https:\/\/eldigitaldeasturias.com\/magazine365\/los-hoteleros-valoran-las-directrices-europeas-sobre-economia-colaborativa-aunque-alertan-de-serias-incertidumbres\/","title":{"rendered":"Los hoteleros valoran las directrices europeas sobre econom\u00eda colaborativa aunque alertan de \u00abserias incertidumbres\u00bb"},"content":{"rendered":"<p><img fetchpriority=\"high\" decoding=\"async\" class=\"alignleft size-medium wp-image-77821\" src=\"https:\/\/eldigitaldeasturias.com\/magazine365\/wp-content\/uploads\/2016\/06\/fotonoticia_20160606122836_800-360x239.jpg\" alt=\"fotonoticia_20160606122836_800\" width=\"360\" height=\"239\" srcset=\"https:\/\/eldigitaldeasturias.com\/magazine365\/wp-content\/uploads\/2016\/06\/fotonoticia_20160606122836_800-360x239.jpg 360w, https:\/\/eldigitaldeasturias.com\/magazine365\/wp-content\/uploads\/2016\/06\/fotonoticia_20160606122836_800-650x432.jpg 650w, https:\/\/eldigitaldeasturias.com\/magazine365\/wp-content\/uploads\/2016\/06\/fotonoticia_20160606122836_800-768x511.jpg 768w, https:\/\/eldigitaldeasturias.com\/magazine365\/wp-content\/uploads\/2016\/06\/fotonoticia_20160606122836_800-150x100.jpg 150w, https:\/\/eldigitaldeasturias.com\/magazine365\/wp-content\/uploads\/2016\/06\/fotonoticia_20160606122836_800-450x299.jpg 450w, https:\/\/eldigitaldeasturias.com\/magazine365\/wp-content\/uploads\/2016\/06\/fotonoticia_20160606122836_800-121x79.jpg 121w, https:\/\/eldigitaldeasturias.com\/magazine365\/wp-content\/uploads\/2016\/06\/fotonoticia_20160606122836_800-101x66.jpg 101w, https:\/\/eldigitaldeasturias.com\/magazine365\/wp-content\/uploads\/2016\/06\/fotonoticia_20160606122836_800.jpg 800w\" sizes=\"(max-width: 360px) 100vw, 360px\" \/>La Confederaci\u00f3n Espa\u00f1ola de Hoteles y Alojamientos Tur\u00edsticos (CEHAT) ha mostrado su satisfacci\u00f3n por la comunicaci\u00f3n de la Comisi\u00f3n Europea en la que establecen las directrices sobre la econom\u00eda colaborativa, aunque advierte que existen \u00abserias incertidumbres\u00bb para la regulaci\u00f3n de la actividad.<\/p>\n<p>El pasado jueves la Comisi\u00f3n Europea public\u00f3 una comunicaci\u00f3n sobre econom\u00eda colaborativa. Este documento, que no es vinculante, se ha de entender como una comunicaci\u00f3n a los estados miembros para que ordenen, no proh\u00edban, los modelos de negocio surgidos de la econom\u00eda colaborativa, recuerda la patronal hotelera en un comunicado.<\/p>\n<p>La Confederaci\u00f3n hotelera espa\u00f1ola considera que sus demandas han sido reflejadas en una regulaci\u00f3n eficiente, y a\u00f1ade que \u00abque en ning\u00fan momento se ha pretendido prohibir estos modelos de negocio sino la exigencia de igualdad de condiciones para la oferta reglada y los nuevos actores econ\u00f3micos\u00bb.<\/p>\n<p>Los hoteleros espa\u00f1oles apoyan el enfoque de que los proveedores de servicios que los ofrecen de forma permanente deben considerarse comerciantes y sus actividades deben ser consideradas como actividades empresariales.<\/p>\n<p>Asimismo la patronal hotelera ve consolidada la petici\u00f3n de los requisitos de acceso al mercado, pues la Comunicaci\u00f3n establece que pueden incluir las obligaciones propias de autorizaciones de negocios, licencias o incluso requisitos de normas y est\u00e1ndares de calidad m\u00ednima.<\/p>\n<p>RESPONSABILIDAD DE LAS PLATAFORMAS.<\/p>\n<p>Sin embargo, los hoteleros espa\u00f1oles echan en falta que haya normas que indiquen \u00abclaramente\u00bb la responsabilidad de las plataformas que facilitan el intercambio de bienes y servicios y consideran que sigue existiendo la necesidad de clarificar e identificar las actividades comerciales \u00abya que es del todo rechazable que sean las plataformas las que decidan la colaboraci\u00f3n con las Administraciones\u00bb.<\/p>\n<p>Adem\u00e1s los hoteleros aseguran que la Comisi\u00f3n Europea se equivoca cuando considera que la econom\u00eda colaborativa tiene una gran potencial en la creaci\u00f3n de empleo, \u00abya que ha quedado demostrado que el efecto es justamente el contrario y estas actividades conducen a la desaparici\u00f3n del empleo estable y con condiciones laborales regladas\u00bb.<\/p>\n<p>En su opini\u00f3n, la Comisi\u00f3n deber\u00eda enfocarse en ofrecer a todos los participantes en el mercado un sistema de reglas homog\u00e9neo, al tiempo que aplaude el llamamiento expl\u00edcito que se realiza al cumplimiento de la legislaci\u00f3n vigente en relaci\u00f3n a la legislaci\u00f3n laboral y los impuestos.<\/p>\n<p>El sector hotelero espa\u00f1ol ve con esperanza que esta comunicaci\u00f3n siente las bases a una futura regulaci\u00f3n de una actividad econ\u00f3mica \u00abque en la mayor\u00eda de los casos no se puede considerar colaborativa u ocasional\u00bb.<\/p>\n","protected":false},"excerpt":{"rendered":"<p>La Confederaci\u00f3n Espa\u00f1ola de Hoteles y Alojamientos Tur\u00edsticos (CEHAT) ha mostrado su satisfacci\u00f3n por la comunicaci\u00f3n de la Comisi\u00f3n Europea en la que establecen las directrices sobre la econom\u00eda colaborativa, aunque advierte que existen \u00abserias incertidumbres\u00bb para la regulaci\u00f3n de la actividad. El pasado jueves la Comisi\u00f3n Europea public\u00f3 una comunicaci\u00f3n sobre econom\u00eda colaborativa. Este<\/p>\n","protected":false},"author":1,"featured_media":77821,"comment_status":"open","ping_status":"closed","sticky":false,"template":"","format":"standard","meta":{"footnotes":""},"categories":[224],"tags":[],"class_list":{"0":"post-77820","1":"post","2":"type-post","3":"status-publish","4":"format-standard","5":"has-post-thumbnail","7":"category-noticias-actualidad"},"aioseo_notices":[],"aioseo_head":"\n\t\t<!-- All in One SEO Pro 4.9.6.1 - aioseo.com -->\n\t<meta name=\"description\" content=\"La Confederaci\u00f3n Espa\u00f1ola de Hoteles y Alojamientos Tur\u00edsticos (CEHAT) ha mostrado su satisfacci\u00f3n por la comunicaci\u00f3n de la Comisi\u00f3n Europea en la que establecen las directrices sobre la econom\u00eda colaborativa, aunque advierte que existen &quot;serias incertidumbres&quot; para la regulaci\u00f3n de la actividad. El pasado jueves la Comisi\u00f3n Europea public\u00f3 una comunicaci\u00f3n sobre econom\u00eda colaborativa. Este\" \/>\n\t<meta name=\"robots\" content=\"max-image-preview:large\" \/>\n\t<meta name=\"author\" content=\"admin\"\/>\n\t<meta name=\"google-site-verification\" content=\"UA-38556648-1\" \/>\n\t<meta name=\"keywords\" content=\"noticias y actualidad\" \/>\n\t<link rel=\"canonical\" href=\"https:\/\/eldigitaldeasturias.com\/magazine365\/los-hoteleros-valoran-las-directrices-europeas-sobre-economia-colaborativa-aunque-alertan-de-serias-incertidumbres\/\" \/>\n\t<meta name=\"generator\" content=\"All in One SEO Pro (AIOSEO) 4.9.6.1\" \/>\n\t\t<meta property=\"og:locale\" content=\"es_ES\" \/>\n\t\t<meta property=\"og:site_name\" content=\"El Digital de Asturias \u2013 Revista de ocio, turismo y estilo de vida\" \/>\n\t\t<meta property=\"og:type\" content=\"article\" \/>\n\t\t<meta property=\"og:title\" content=\"Los hoteleros valoran las directrices europeas sobre econom\u00eda colaborativa aunque alertan de \u00abserias incertidumbres\u00bb | El Digital de Asturias\" \/>\n\t\t<meta property=\"og:description\" content=\"La Confederaci\u00f3n Espa\u00f1ola de Hoteles y Alojamientos Tur\u00edsticos (CEHAT) ha mostrado su satisfacci\u00f3n por la comunicaci\u00f3n de la Comisi\u00f3n Europea en la que establecen las directrices sobre la econom\u00eda colaborativa, aunque advierte que existen &quot;serias incertidumbres&quot; para la regulaci\u00f3n de la actividad. El pasado jueves la Comisi\u00f3n Europea public\u00f3 una comunicaci\u00f3n sobre econom\u00eda colaborativa. Este\" \/>\n\t\t<meta property=\"og:url\" content=\"https:\/\/eldigitaldeasturias.com\/magazine365\/los-hoteleros-valoran-las-directrices-europeas-sobre-economia-colaborativa-aunque-alertan-de-serias-incertidumbres\/\" \/>\n\t\t<meta property=\"og:image\" content=\"https:\/\/eldigitaldeasturias.com\/magazine365\/wp-content\/uploads\/2016\/06\/fotonoticia_20160606122836_800.jpg\" \/>\n\t\t<meta property=\"og:image:secure_url\" content=\"https:\/\/eldigitaldeasturias.com\/magazine365\/wp-content\/uploads\/2016\/06\/fotonoticia_20160606122836_800.jpg\" \/>\n\t\t<meta property=\"og:image:width\" content=\"800\" \/>\n\t\t<meta property=\"og:image:height\" content=\"532\" \/>\n\t\t<meta property=\"article:published_time\" content=\"2016-06-07T08:47:33+00:00\" \/>\n\t\t<meta property=\"article:modified_time\" content=\"2016-06-07T08:47:33+00:00\" \/>\n\t\t<meta name=\"twitter:card\" content=\"summary_large_image\" \/>\n\t\t<meta name=\"twitter:title\" content=\"Los hoteleros valoran las directrices europeas sobre econom\u00eda colaborativa aunque alertan de \u00abserias incertidumbres\u00bb | El Digital de Asturias\" \/>\n\t\t<meta name=\"twitter:description\" content=\"La Confederaci\u00f3n Espa\u00f1ola de Hoteles y Alojamientos Tur\u00edsticos (CEHAT) ha mostrado su satisfacci\u00f3n por la comunicaci\u00f3n de la Comisi\u00f3n Europea en la que establecen las directrices sobre la econom\u00eda colaborativa, aunque advierte que existen &quot;serias incertidumbres&quot; para la regulaci\u00f3n de la actividad. El pasado jueves la Comisi\u00f3n Europea public\u00f3 una comunicaci\u00f3n sobre econom\u00eda colaborativa. Este\" \/>\n\t\t<meta name=\"twitter:image\" content=\"https:\/\/eldigitaldeasturias.com\/magazine365\/wp-content\/uploads\/2016\/06\/fotonoticia_20160606122836_800.jpg\" \/>\n\t\t<script type=\"application\/ld+json\" class=\"aioseo-schema\">\n\t\t\t{\"@context\":\"https:\\\/\\\/schema.org\",\"@graph\":[{\"@type\":\"Article\",\"@id\":\"https:\\\/\\\/eldigitaldeasturias.com\\\/magazine365\\\/los-hoteleros-valoran-las-directrices-europeas-sobre-economia-colaborativa-aunque-alertan-de-serias-incertidumbres\\\/#article\",\"name\":\"Los hoteleros valoran las directrices europeas sobre econom\\u00eda colaborativa aunque alertan de \\u00abserias incertidumbres\\u00bb | El Digital de Asturias\",\"headline\":\"Los hoteleros valoran las directrices europeas sobre econom\\u00eda colaborativa aunque alertan de \\u00abserias incertidumbres\\u00bb\",\"author\":{\"@id\":\"https:\\\/\\\/eldigitaldeasturias.com\\\/magazine365\\\/author\\\/admin\\\/#author\"},\"publisher\":{\"@id\":\"https:\\\/\\\/eldigitaldeasturias.com\\\/magazine365\\\/#organization\"},\"image\":{\"@type\":\"ImageObject\",\"url\":\"https:\\\/\\\/eldigitaldeasturias.com\\\/magazine365\\\/wp-content\\\/uploads\\\/2016\\\/06\\\/fotonoticia_20160606122836_800.jpg\",\"width\":800,\"height\":532},\"datePublished\":\"2016-06-07T10:47:33+02:00\",\"dateModified\":\"2016-06-07T10:47:33+02:00\",\"inLanguage\":\"es-ES\",\"mainEntityOfPage\":{\"@id\":\"https:\\\/\\\/eldigitaldeasturias.com\\\/magazine365\\\/los-hoteleros-valoran-las-directrices-europeas-sobre-economia-colaborativa-aunque-alertan-de-serias-incertidumbres\\\/#webpage\"},\"isPartOf\":{\"@id\":\"https:\\\/\\\/eldigitaldeasturias.com\\\/magazine365\\\/los-hoteleros-valoran-las-directrices-europeas-sobre-economia-colaborativa-aunque-alertan-de-serias-incertidumbres\\\/#webpage\"},\"articleSection\":\"Noticias y Actualidad\"},{\"@type\":\"BreadcrumbList\",\"@id\":\"https:\\\/\\\/eldigitaldeasturias.com\\\/magazine365\\\/los-hoteleros-valoran-las-directrices-europeas-sobre-economia-colaborativa-aunque-alertan-de-serias-incertidumbres\\\/#breadcrumblist\",\"itemListElement\":[{\"@type\":\"ListItem\",\"@id\":\"https:\\\/\\\/eldigitaldeasturias.com\\\/magazine365#listItem\",\"position\":1,\"name\":\"Home\",\"item\":\"https:\\\/\\\/eldigitaldeasturias.com\\\/magazine365\",\"nextItem\":{\"@type\":\"ListItem\",\"@id\":\"https:\\\/\\\/eldigitaldeasturias.com\\\/magazine365\\\/category\\\/noticias-actualidad\\\/#listItem\",\"name\":\"Noticias y Actualidad\"}},{\"@type\":\"ListItem\",\"@id\":\"https:\\\/\\\/eldigitaldeasturias.com\\\/magazine365\\\/category\\\/noticias-actualidad\\\/#listItem\",\"position\":2,\"name\":\"Noticias y Actualidad\",\"item\":\"https:\\\/\\\/eldigitaldeasturias.com\\\/magazine365\\\/category\\\/noticias-actualidad\\\/\",\"nextItem\":{\"@type\":\"ListItem\",\"@id\":\"https:\\\/\\\/eldigitaldeasturias.com\\\/magazine365\\\/los-hoteleros-valoran-las-directrices-europeas-sobre-economia-colaborativa-aunque-alertan-de-serias-incertidumbres\\\/#listItem\",\"name\":\"Los hoteleros valoran las directrices europeas sobre econom\\u00eda colaborativa aunque alertan de \\u00abserias incertidumbres\\u00bb\"},\"previousItem\":{\"@type\":\"ListItem\",\"@id\":\"https:\\\/\\\/eldigitaldeasturias.com\\\/magazine365#listItem\",\"name\":\"Home\"}},{\"@type\":\"ListItem\",\"@id\":\"https:\\\/\\\/eldigitaldeasturias.com\\\/magazine365\\\/los-hoteleros-valoran-las-directrices-europeas-sobre-economia-colaborativa-aunque-alertan-de-serias-incertidumbres\\\/#listItem\",\"position\":3,\"name\":\"Los hoteleros valoran las directrices europeas sobre econom\\u00eda colaborativa aunque alertan de \\u00abserias incertidumbres\\u00bb\",\"previousItem\":{\"@type\":\"ListItem\",\"@id\":\"https:\\\/\\\/eldigitaldeasturias.com\\\/magazine365\\\/category\\\/noticias-actualidad\\\/#listItem\",\"name\":\"Noticias y Actualidad\"}}]},{\"@type\":\"Organization\",\"@id\":\"https:\\\/\\\/eldigitaldeasturias.com\\\/magazine365\\\/#organization\",\"name\":\"El digital de Asturias\",\"description\":\"Revista de ocio, turismo y estilo de vida\",\"url\":\"https:\\\/\\\/eldigitaldeasturias.com\\\/magazine365\\\/\",\"logo\":{\"@type\":\"ImageObject\",\"url\":\"https:\\\/\\\/www.eldigitaldeasturias.com\\\/noticias\\\/wp-content\\\/uploads\\\/2020\\\/12\\\/EDA.jpg\",\"@id\":\"https:\\\/\\\/eldigitaldeasturias.com\\\/magazine365\\\/los-hoteleros-valoran-las-directrices-europeas-sobre-economia-colaborativa-aunque-alertan-de-serias-incertidumbres\\\/#organizationLogo\"},\"image\":{\"@id\":\"https:\\\/\\\/eldigitaldeasturias.com\\\/magazine365\\\/los-hoteleros-valoran-las-directrices-europeas-sobre-economia-colaborativa-aunque-alertan-de-serias-incertidumbres\\\/#organizationLogo\"}},{\"@type\":\"Person\",\"@id\":\"https:\\\/\\\/eldigitaldeasturias.com\\\/magazine365\\\/author\\\/admin\\\/#author\",\"url\":\"https:\\\/\\\/eldigitaldeasturias.com\\\/magazine365\\\/author\\\/admin\\\/\",\"name\":\"admin\",\"image\":{\"@type\":\"ImageObject\",\"@id\":\"https:\\\/\\\/eldigitaldeasturias.com\\\/magazine365\\\/los-hoteleros-valoran-las-directrices-europeas-sobre-economia-colaborativa-aunque-alertan-de-serias-incertidumbres\\\/#authorImage\",\"url\":\"https:\\\/\\\/eldigitaldeasturias.com\\\/magazine365\\\/wp-content\\\/litespeed\\\/avatar\\\/e571bcf59a0edd6fa6838245a470f2fe.jpg?ver=1776969259\",\"width\":96,\"height\":96,\"caption\":\"admin\"}},{\"@type\":\"WebPage\",\"@id\":\"https:\\\/\\\/eldigitaldeasturias.com\\\/magazine365\\\/los-hoteleros-valoran-las-directrices-europeas-sobre-economia-colaborativa-aunque-alertan-de-serias-incertidumbres\\\/#webpage\",\"url\":\"https:\\\/\\\/eldigitaldeasturias.com\\\/magazine365\\\/los-hoteleros-valoran-las-directrices-europeas-sobre-economia-colaborativa-aunque-alertan-de-serias-incertidumbres\\\/\",\"name\":\"Los hoteleros valoran las directrices europeas sobre econom\\u00eda colaborativa aunque alertan de \\u00abserias incertidumbres\\u00bb | El Digital de Asturias\",\"description\":\"La Confederaci\\u00f3n Espa\\u00f1ola de Hoteles y Alojamientos Tur\\u00edsticos (CEHAT) ha mostrado su satisfacci\\u00f3n por la comunicaci\\u00f3n de la Comisi\\u00f3n Europea en la que establecen las directrices sobre la econom\\u00eda colaborativa, aunque advierte que existen \\\"serias incertidumbres\\\" para la regulaci\\u00f3n de la actividad. El pasado jueves la Comisi\\u00f3n Europea public\\u00f3 una comunicaci\\u00f3n sobre econom\\u00eda colaborativa. Este\",\"inLanguage\":\"es-ES\",\"isPartOf\":{\"@id\":\"https:\\\/\\\/eldigitaldeasturias.com\\\/magazine365\\\/#website\"},\"breadcrumb\":{\"@id\":\"https:\\\/\\\/eldigitaldeasturias.com\\\/magazine365\\\/los-hoteleros-valoran-las-directrices-europeas-sobre-economia-colaborativa-aunque-alertan-de-serias-incertidumbres\\\/#breadcrumblist\"},\"author\":{\"@id\":\"https:\\\/\\\/eldigitaldeasturias.com\\\/magazine365\\\/author\\\/admin\\\/#author\"},\"creator\":{\"@id\":\"https:\\\/\\\/eldigitaldeasturias.com\\\/magazine365\\\/author\\\/admin\\\/#author\"},\"image\":{\"@type\":\"ImageObject\",\"url\":\"https:\\\/\\\/eldigitaldeasturias.com\\\/magazine365\\\/wp-content\\\/uploads\\\/2016\\\/06\\\/fotonoticia_20160606122836_800.jpg\",\"@id\":\"https:\\\/\\\/eldigitaldeasturias.com\\\/magazine365\\\/los-hoteleros-valoran-las-directrices-europeas-sobre-economia-colaborativa-aunque-alertan-de-serias-incertidumbres\\\/#mainImage\",\"width\":800,\"height\":532},\"primaryImageOfPage\":{\"@id\":\"https:\\\/\\\/eldigitaldeasturias.com\\\/magazine365\\\/los-hoteleros-valoran-las-directrices-europeas-sobre-economia-colaborativa-aunque-alertan-de-serias-incertidumbres\\\/#mainImage\"},\"datePublished\":\"2016-06-07T10:47:33+02:00\",\"dateModified\":\"2016-06-07T10:47:33+02:00\"},{\"@type\":\"WebSite\",\"@id\":\"https:\\\/\\\/eldigitaldeasturias.com\\\/magazine365\\\/#website\",\"url\":\"https:\\\/\\\/eldigitaldeasturias.com\\\/magazine365\\\/\",\"name\":\"El Digital de Asturias\",\"description\":\"Revista de ocio, turismo y estilo de vida\",\"inLanguage\":\"es-ES\",\"publisher\":{\"@id\":\"https:\\\/\\\/eldigitaldeasturias.com\\\/magazine365\\\/#organization\"}}]}\n\t\t<\/script>\n\t\t<!-- All in One SEO Pro -->\r\n\t\t<title>Los hoteleros valoran las directrices europeas sobre econom\u00eda colaborativa aunque alertan de \u00abserias incertidumbres\u00bb | El Digital de Asturias<\/title>\n\n","aioseo_head_json":{"title":"Los hoteleros valoran las directrices europeas sobre econom\u00eda colaborativa aunque alertan de \u00abserias incertidumbres\u00bb | El Digital de Asturias","description":"La Confederaci\u00f3n Espa\u00f1ola de Hoteles y Alojamientos Tur\u00edsticos (CEHAT) ha mostrado su satisfacci\u00f3n por la comunicaci\u00f3n de la Comisi\u00f3n Europea en la que establecen las directrices sobre la econom\u00eda colaborativa, aunque advierte que existen \"serias incertidumbres\" para la regulaci\u00f3n de la actividad. El pasado jueves la Comisi\u00f3n Europea public\u00f3 una comunicaci\u00f3n sobre econom\u00eda colaborativa. Este","canonical_url":"https:\/\/eldigitaldeasturias.com\/magazine365\/los-hoteleros-valoran-las-directrices-europeas-sobre-economia-colaborativa-aunque-alertan-de-serias-incertidumbres\/","robots":"max-image-preview:large","keywords":"noticias y actualidad","webmasterTools":{"google-site-verification":"UA-38556648-1","miscellaneous":""},"schema":{"@context":"https:\/\/schema.org","@graph":[{"@type":"Article","@id":"https:\/\/eldigitaldeasturias.com\/magazine365\/los-hoteleros-valoran-las-directrices-europeas-sobre-economia-colaborativa-aunque-alertan-de-serias-incertidumbres\/#article","name":"Los hoteleros valoran las directrices europeas sobre econom\u00eda colaborativa aunque alertan de \u00abserias incertidumbres\u00bb | El Digital de Asturias","headline":"Los hoteleros valoran las directrices europeas sobre econom\u00eda colaborativa aunque alertan de \u00abserias incertidumbres\u00bb","author":{"@id":"https:\/\/eldigitaldeasturias.com\/magazine365\/author\/admin\/#author"},"publisher":{"@id":"https:\/\/eldigitaldeasturias.com\/magazine365\/#organization"},"image":{"@type":"ImageObject","url":"https:\/\/eldigitaldeasturias.com\/magazine365\/wp-content\/uploads\/2016\/06\/fotonoticia_20160606122836_800.jpg","width":800,"height":532},"datePublished":"2016-06-07T10:47:33+02:00","dateModified":"2016-06-07T10:47:33+02:00","inLanguage":"es-ES","mainEntityOfPage":{"@id":"https:\/\/eldigitaldeasturias.com\/magazine365\/los-hoteleros-valoran-las-directrices-europeas-sobre-economia-colaborativa-aunque-alertan-de-serias-incertidumbres\/#webpage"},"isPartOf":{"@id":"https:\/\/eldigitaldeasturias.com\/magazine365\/los-hoteleros-valoran-las-directrices-europeas-sobre-economia-colaborativa-aunque-alertan-de-serias-incertidumbres\/#webpage"},"articleSection":"Noticias y Actualidad"},{"@type":"BreadcrumbList","@id":"https:\/\/eldigitaldeasturias.com\/magazine365\/los-hoteleros-valoran-las-directrices-europeas-sobre-economia-colaborativa-aunque-alertan-de-serias-incertidumbres\/#breadcrumblist","itemListElement":[{"@type":"ListItem","@id":"https:\/\/eldigitaldeasturias.com\/magazine365#listItem","position":1,"name":"Home","item":"https:\/\/eldigitaldeasturias.com\/magazine365","nextItem":{"@type":"ListItem","@id":"https:\/\/eldigitaldeasturias.com\/magazine365\/category\/noticias-actualidad\/#listItem","name":"Noticias y Actualidad"}},{"@type":"ListItem","@id":"https:\/\/eldigitaldeasturias.com\/magazine365\/category\/noticias-actualidad\/#listItem","position":2,"name":"Noticias y Actualidad","item":"https:\/\/eldigitaldeasturias.com\/magazine365\/category\/noticias-actualidad\/","nextItem":{"@type":"ListItem","@id":"https:\/\/eldigitaldeasturias.com\/magazine365\/los-hoteleros-valoran-las-directrices-europeas-sobre-economia-colaborativa-aunque-alertan-de-serias-incertidumbres\/#listItem","name":"Los hoteleros valoran las directrices europeas sobre econom\u00eda colaborativa aunque alertan de \u00abserias incertidumbres\u00bb"},"previousItem":{"@type":"ListItem","@id":"https:\/\/eldigitaldeasturias.com\/magazine365#listItem","name":"Home"}},{"@type":"ListItem","@id":"https:\/\/eldigitaldeasturias.com\/magazine365\/los-hoteleros-valoran-las-directrices-europeas-sobre-economia-colaborativa-aunque-alertan-de-serias-incertidumbres\/#listItem","position":3,"name":"Los hoteleros valoran las directrices europeas sobre econom\u00eda colaborativa aunque alertan de \u00abserias incertidumbres\u00bb","previousItem":{"@type":"ListItem","@id":"https:\/\/eldigitaldeasturias.com\/magazine365\/category\/noticias-actualidad\/#listItem","name":"Noticias y Actualidad"}}]},{"@type":"Organization","@id":"https:\/\/eldigitaldeasturias.com\/magazine365\/#organization","name":"El digital de Asturias","description":"Revista de ocio, turismo y estilo de vida","url":"https:\/\/eldigitaldeasturias.com\/magazine365\/","logo":{"@type":"ImageObject","url":"https:\/\/www.eldigitaldeasturias.com\/noticias\/wp-content\/uploads\/2020\/12\/EDA.jpg","@id":"https:\/\/eldigitaldeasturias.com\/magazine365\/los-hoteleros-valoran-las-directrices-europeas-sobre-economia-colaborativa-aunque-alertan-de-serias-incertidumbres\/#organizationLogo"},"image":{"@id":"https:\/\/eldigitaldeasturias.com\/magazine365\/los-hoteleros-valoran-las-directrices-europeas-sobre-economia-colaborativa-aunque-alertan-de-serias-incertidumbres\/#organizationLogo"}},{"@type":"Person","@id":"https:\/\/eldigitaldeasturias.com\/magazine365\/author\/admin\/#author","url":"https:\/\/eldigitaldeasturias.com\/magazine365\/author\/admin\/","name":"admin","image":{"@type":"ImageObject","@id":"https:\/\/eldigitaldeasturias.com\/magazine365\/los-hoteleros-valoran-las-directrices-europeas-sobre-economia-colaborativa-aunque-alertan-de-serias-incertidumbres\/#authorImage","url":"https:\/\/eldigitaldeasturias.com\/magazine365\/wp-content\/litespeed\/avatar\/e571bcf59a0edd6fa6838245a470f2fe.jpg?ver=1776969259","width":96,"height":96,"caption":"admin"}},{"@type":"WebPage","@id":"https:\/\/eldigitaldeasturias.com\/magazine365\/los-hoteleros-valoran-las-directrices-europeas-sobre-economia-colaborativa-aunque-alertan-de-serias-incertidumbres\/#webpage","url":"https:\/\/eldigitaldeasturias.com\/magazine365\/los-hoteleros-valoran-las-directrices-europeas-sobre-economia-colaborativa-aunque-alertan-de-serias-incertidumbres\/","name":"Los hoteleros valoran las directrices europeas sobre econom\u00eda colaborativa aunque alertan de \u00abserias incertidumbres\u00bb | El Digital de Asturias","description":"La Confederaci\u00f3n Espa\u00f1ola de Hoteles y Alojamientos Tur\u00edsticos (CEHAT) ha mostrado su satisfacci\u00f3n por la comunicaci\u00f3n de la Comisi\u00f3n Europea en la que establecen las directrices sobre la econom\u00eda colaborativa, aunque advierte que existen \"serias incertidumbres\" para la regulaci\u00f3n de la actividad. El pasado jueves la Comisi\u00f3n Europea public\u00f3 una comunicaci\u00f3n sobre econom\u00eda colaborativa. Este","inLanguage":"es-ES","isPartOf":{"@id":"https:\/\/eldigitaldeasturias.com\/magazine365\/#website"},"breadcrumb":{"@id":"https:\/\/eldigitaldeasturias.com\/magazine365\/los-hoteleros-valoran-las-directrices-europeas-sobre-economia-colaborativa-aunque-alertan-de-serias-incertidumbres\/#breadcrumblist"},"author":{"@id":"https:\/\/eldigitaldeasturias.com\/magazine365\/author\/admin\/#author"},"creator":{"@id":"https:\/\/eldigitaldeasturias.com\/magazine365\/author\/admin\/#author"},"image":{"@type":"ImageObject","url":"https:\/\/eldigitaldeasturias.com\/magazine365\/wp-content\/uploads\/2016\/06\/fotonoticia_20160606122836_800.jpg","@id":"https:\/\/eldigitaldeasturias.com\/magazine365\/los-hoteleros-valoran-las-directrices-europeas-sobre-economia-colaborativa-aunque-alertan-de-serias-incertidumbres\/#mainImage","width":800,"height":532},"primaryImageOfPage":{"@id":"https:\/\/eldigitaldeasturias.com\/magazine365\/los-hoteleros-valoran-las-directrices-europeas-sobre-economia-colaborativa-aunque-alertan-de-serias-incertidumbres\/#mainImage"},"datePublished":"2016-06-07T10:47:33+02:00","dateModified":"2016-06-07T10:47:33+02:00"},{"@type":"WebSite","@id":"https:\/\/eldigitaldeasturias.com\/magazine365\/#website","url":"https:\/\/eldigitaldeasturias.com\/magazine365\/","name":"El Digital de Asturias","description":"Revista de ocio, turismo y estilo de vida","inLanguage":"es-ES","publisher":{"@id":"https:\/\/eldigitaldeasturias.com\/magazine365\/#organization"}}]},"og:locale":"es_ES","og:site_name":"El Digital de Asturias \u2013 Revista de ocio, turismo y estilo de vida","og:type":"article","og:title":"Los hoteleros valoran las directrices europeas sobre econom\u00eda colaborativa aunque alertan de \u00abserias incertidumbres\u00bb | El Digital de Asturias","og:description":"La Confederaci\u00f3n Espa\u00f1ola de Hoteles y Alojamientos Tur\u00edsticos (CEHAT) ha mostrado su satisfacci\u00f3n por la comunicaci\u00f3n de la Comisi\u00f3n Europea en la que establecen las directrices sobre la econom\u00eda colaborativa, aunque advierte que existen &quot;serias incertidumbres&quot; para la regulaci\u00f3n de la actividad. El pasado jueves la Comisi\u00f3n Europea public\u00f3 una comunicaci\u00f3n sobre econom\u00eda colaborativa. Este","og:url":"https:\/\/eldigitaldeasturias.com\/magazine365\/los-hoteleros-valoran-las-directrices-europeas-sobre-economia-colaborativa-aunque-alertan-de-serias-incertidumbres\/","og:image":"https:\/\/eldigitaldeasturias.com\/magazine365\/wp-content\/uploads\/2016\/06\/fotonoticia_20160606122836_800.jpg","og:image:secure_url":"https:\/\/eldigitaldeasturias.com\/magazine365\/wp-content\/uploads\/2016\/06\/fotonoticia_20160606122836_800.jpg","og:image:width":800,"og:image:height":532,"article:published_time":"2016-06-07T08:47:33+00:00","article:modified_time":"2016-06-07T08:47:33+00:00","twitter:card":"summary_large_image","twitter:title":"Los hoteleros valoran las directrices europeas sobre econom\u00eda colaborativa aunque alertan de \u00abserias incertidumbres\u00bb | El Digital de Asturias","twitter:description":"La Confederaci\u00f3n Espa\u00f1ola de Hoteles y Alojamientos Tur\u00edsticos (CEHAT) ha mostrado su satisfacci\u00f3n por la comunicaci\u00f3n de la Comisi\u00f3n Europea en la que establecen las directrices sobre la econom\u00eda colaborativa, aunque advierte que existen &quot;serias incertidumbres&quot; para la regulaci\u00f3n de la actividad. El pasado jueves la Comisi\u00f3n Europea public\u00f3 una comunicaci\u00f3n sobre econom\u00eda colaborativa. Este","twitter:image":"https:\/\/eldigitaldeasturias.com\/magazine365\/wp-content\/uploads\/2016\/06\/fotonoticia_20160606122836_800.jpg"},"aioseo_meta_data":{"post_id":"77820","title":null,"description":null,"keywords":null,"keyphrases":null,"primary_term":null,"canonical_url":null,"og_title":null,"og_description":null,"og_object_type":"default","og_image_type":"default","og_image_url":null,"og_image_width":null,"og_image_height":null,"og_image_custom_url":null,"og_image_custom_fields":null,"og_video":null,"og_custom_url":null,"og_article_section":null,"og_article_tags":null,"twitter_use_og":false,"twitter_card":"default","twitter_image_type":"default","twitter_image_url":null,"twitter_image_custom_url":null,"twitter_image_custom_fields":null,"twitter_title":null,"twitter_description":null,"schema":{"blockGraphs":[],"customGraphs":[],"default":{"data":{"Article":[],"Course":[],"Dataset":[],"FAQPage":[],"Movie":[],"Person":[],"Product":[],"ProductReview":[],"Car":[],"Recipe":[],"Service":[],"SoftwareApplication":[],"WebPage":[]},"graphName":"","isEnabled":true},"graphs":[],"defaultGraph":"","defaultPostTypeGraph":""},"schema_type":null,"schema_type_options":null,"pillar_content":false,"robots_default":true,"robots_noindex":false,"robots_noarchive":false,"robots_nosnippet":false,"robots_nofollow":false,"robots_noimageindex":false,"robots_noodp":false,"robots_notranslate":false,"robots_max_snippet":null,"robots_max_videopreview":null,"robots_max_imagepreview":"large","priority":null,"frequency":null,"location":null,"local_seo":null,"seo_analyzer_scan_date":"2025-09-27 15:43:35","breadcrumb_settings":null,"limit_modified_date":false,"open_ai":null,"ai":null,"created":"2021-03-08 18:08:39","updated":"2025-09-27 15:43:35"},"aioseo_breadcrumb":"<div class=\"aioseo-breadcrumbs\"><span class=\"aioseo-breadcrumb\">\n\t<a href=\"https:\/\/eldigitaldeasturias.com\/magazine365\" title=\"Home\">Home<\/a>\n<\/span><span class=\"aioseo-breadcrumb-separator\">\u2013<\/span><span class=\"aioseo-breadcrumb\">\n\t<a href=\"https:\/\/eldigitaldeasturias.com\/magazine365\/category\/noticias-actualidad\/\" title=\"Noticias y Actualidad\">Noticias y Actualidad<\/a>\n<\/span><span class=\"aioseo-breadcrumb-separator\">\u2013<\/span><span class=\"aioseo-breadcrumb\">\n\t<a href=\"https:\/\/eldigitaldeasturias.com\/magazine365\/los-hoteleros-valoran-las-directrices-europeas-sobre-economia-colaborativa-aunque-alertan-de-serias-incertidumbres\/\" title=\"Los hoteleros valoran las directrices europeas sobre econom\u00eda colaborativa aunque alertan de \u00abserias incertidumbres\u00bb\">Los hoteleros valoran las directrices europeas sobre econom\u00eda colaborativa aunque alertan de \u00abserias incertidumbres\u00bb<\/a>\n<\/span><\/div>","aioseo_breadcrumb_json":[{"label":"Home","link":"https:\/\/eldigitaldeasturias.com\/magazine365"},{"label":"Noticias y Actualidad","link":"https:\/\/eldigitaldeasturias.com\/magazine365\/category\/noticias-actualidad\/"},{"label":"Los hoteleros valoran las directrices europeas sobre econom\u00eda colaborativa aunque alertan de \u00abserias incertidumbres\u00bb","link":"https:\/\/eldigitaldeasturias.com\/magazine365\/los-hoteleros-valoran-las-directrices-europeas-sobre-economia-colaborativa-aunque-alertan-de-serias-incertidumbres\/"}],"_links":{"self":[{"href":"https:\/\/eldigitaldeasturias.com\/magazine365\/wp-json\/wp\/v2\/posts\/77820","targetHints":{"allow":["GET"]}}],"collection":[{"href":"https:\/\/eldigitaldeasturias.com\/magazine365\/wp-json\/wp\/v2\/posts"}],"about":[{"href":"https:\/\/eldigitaldeasturias.com\/magazine365\/wp-json\/wp\/v2\/types\/post"}],"author":[{"embeddable":true,"href":"https:\/\/eldigitaldeasturias.com\/magazine365\/wp-json\/wp\/v2\/users\/1"}],"replies":[{"embeddable":true,"href":"https:\/\/eldigitaldeasturias.com\/magazine365\/wp-json\/wp\/v2\/comments?post=77820"}],"version-history":[{"count":0,"href":"https:\/\/eldigitaldeasturias.com\/magazine365\/wp-json\/wp\/v2\/posts\/77820\/revisions"}],"wp:featuredmedia":[{"embeddable":true,"href":"https:\/\/eldigitaldeasturias.com\/magazine365\/wp-json\/wp\/v2\/media\/77821"}],"wp:attachment":[{"href":"https:\/\/eldigitaldeasturias.com\/magazine365\/wp-json\/wp\/v2\/media?parent=77820"}],"wp:term":[{"taxonomy":"category","embeddable":true,"href":"https:\/\/eldigitaldeasturias.com\/magazine365\/wp-json\/wp\/v2\/categories?post=77820"},{"taxonomy":"post_tag","embeddable":true,"href":"https:\/\/eldigitaldeasturias.com\/magazine365\/wp-json\/wp\/v2\/tags?post=77820"}],"curies":[{"name":"wp","href":"https:\/\/api.w.org\/{rel}","templated":true}]}}