{"id":77814,"date":"2016-06-07T10:44:09","date_gmt":"2016-06-07T08:44:09","guid":{"rendered":"http:\/\/eldigitaldeasturias.com\/magazine365\/?p=77814"},"modified":"2016-06-07T10:44:09","modified_gmt":"2016-06-07T08:44:09","slug":"infozoos-y-anima-naturalis-piden-a-marineland-que-replantee-su-escuela-de-verano-para-que-los-ninos-no-toquen-a-animales","status":"publish","type":"post","link":"https:\/\/eldigitaldeasturias.com\/magazine365\/infozoos-y-anima-naturalis-piden-a-marineland-que-replantee-su-escuela-de-verano-para-que-los-ninos-no-toquen-a-animales\/","title":{"rendered":"Infozoos y Anima Naturalis piden a Marineland que replantee su escuela de verano para que los ni\u00f1os no toquen a animales"},"content":{"rendered":"<p><img fetchpriority=\"high\" decoding=\"async\" class=\"alignleft size-medium wp-image-77815\" src=\"https:\/\/eldigitaldeasturias.com\/magazine365\/wp-content\/uploads\/2016\/06\/fotonoticia_20160606113414_800-360x240.jpg\" alt=\"fotonoticia_20160606113414_800\" width=\"360\" height=\"240\" srcset=\"https:\/\/eldigitaldeasturias.com\/magazine365\/wp-content\/uploads\/2016\/06\/fotonoticia_20160606113414_800-360x240.jpg 360w, https:\/\/eldigitaldeasturias.com\/magazine365\/wp-content\/uploads\/2016\/06\/fotonoticia_20160606113414_800-650x433.jpg 650w, https:\/\/eldigitaldeasturias.com\/magazine365\/wp-content\/uploads\/2016\/06\/fotonoticia_20160606113414_800-768x512.jpg 768w, https:\/\/eldigitaldeasturias.com\/magazine365\/wp-content\/uploads\/2016\/06\/fotonoticia_20160606113414_800-150x100.jpg 150w, https:\/\/eldigitaldeasturias.com\/magazine365\/wp-content\/uploads\/2016\/06\/fotonoticia_20160606113414_800-450x300.jpg 450w, https:\/\/eldigitaldeasturias.com\/magazine365\/wp-content\/uploads\/2016\/06\/fotonoticia_20160606113414_800-101x66.jpg 101w, https:\/\/eldigitaldeasturias.com\/magazine365\/wp-content\/uploads\/2016\/06\/fotonoticia_20160606113414_800.jpg 800w\" sizes=\"(max-width: 360px) 100vw, 360px\" \/>Las ONG INFOZOOS y Anima Naturalis se han dirigido al director del parque Marineland, en Mallorca, para manifestarle su preocupaci\u00f3n ante los planes del centro de incluir entre las actividades veraniegas de su &#8216;Escuela para los Peques&#8217;, dirigida a ni\u00f1os de entre 3 y 12 a\u00f1os, el poder \u00abtocar\u00bb y \u00abfotografiarse\u00bb con diversos animales como los delfines.<\/p>\n<p>Las sesiones fotogr\u00e1ficas o las actividades que incluyen el contacto f\u00edsico directo con animales salvajes \u00abno aportan absolutamente nada a la educaci\u00f3n sobre la protecci\u00f3n y preservaci\u00f3n de las especies, funci\u00f3n pedag\u00f3gica que deber\u00eda primar en los objetivos de todo zool\u00f3gico tal y como se recoge en la Ley de Zoos\u00bb. Adem\u00e1s, afirman que este contacto \u00absupone un riesgo de seguridad y una posible v\u00eda de transmisi\u00f3n de enfermedades a los m\u00e1s peque\u00f1os\u00bb.<\/p>\n<p>Adem\u00e1s, seg\u00fan han destacado, este tipo de actividades promueven una imagen distorsionada de la realidad al \u00abmascotizar\u00bb la vida silvestre, presentando a los animales salvajes como algo cercano, cotidiano en la vida urbana, y alejados de su h\u00e1bitat natural.<\/p>\n<p>Asimismo, INFOZOOS recuerda que la Gu\u00eda publicada por el Ministerio de Agricultura, Alimentaci\u00f3n y Medio Ambiente para la aplicaci\u00f3n de la citada ley recomienda que actividades como las mencionadas no se programen en los zoos espa\u00f1oles.<\/p>\n<p>La plataforma invita a Marineland a que se replantee el programa de su escuela de verano e incluya actividades alejadas de un perfil exclusivamente comercial, m\u00e1s encaminadas a fortalecer los valores sobre conservaci\u00f3n de las especies y el respeto hacia estos seres vivos en su propio medio natural.<\/p>\n","protected":false},"excerpt":{"rendered":"<p>Las ONG INFOZOOS y Anima Naturalis se han dirigido al director del parque Marineland, en Mallorca, para manifestarle su preocupaci\u00f3n ante los planes del centro de incluir entre las actividades veraniegas de su &#8216;Escuela para los Peques&#8217;, dirigida a ni\u00f1os de entre 3 y 12 a\u00f1os, el poder \u00abtocar\u00bb y \u00abfotografiarse\u00bb con diversos animales como<\/p>\n","protected":false},"author":1,"featured_media":77815,"comment_status":"open","ping_status":"closed","sticky":false,"template":"","format":"standard","meta":{"footnotes":""},"categories":[224],"tags":[],"class_list":{"0":"post-77814","1":"post","2":"type-post","3":"status-publish","4":"format-standard","5":"has-post-thumbnail","7":"category-noticias-actualidad"},"aioseo_notices":[],"aioseo_head":"\n\t\t<!-- All in One SEO Pro 4.9.6.1 - aioseo.com -->\n\t<meta name=\"description\" content=\"Las ONG INFOZOOS y Anima Naturalis se han dirigido al director del parque Marineland, en Mallorca, para manifestarle su preocupaci\u00f3n ante los planes del centro de incluir entre las actividades veraniegas de su &#039;Escuela para los Peques&#039;, dirigida a ni\u00f1os de entre 3 y 12 a\u00f1os, el poder &quot;tocar&quot; y &quot;fotografiarse&quot; con diversos animales como\" \/>\n\t<meta name=\"robots\" content=\"max-image-preview:large\" \/>\n\t<meta name=\"author\" content=\"admin\"\/>\n\t<meta name=\"google-site-verification\" content=\"UA-38556648-1\" \/>\n\t<meta name=\"keywords\" content=\"noticias y actualidad\" \/>\n\t<link rel=\"canonical\" href=\"https:\/\/eldigitaldeasturias.com\/magazine365\/infozoos-y-anima-naturalis-piden-a-marineland-que-replantee-su-escuela-de-verano-para-que-los-ninos-no-toquen-a-animales\/\" \/>\n\t<meta name=\"generator\" content=\"All in One SEO Pro (AIOSEO) 4.9.6.1\" \/>\n\t\t<meta property=\"og:locale\" content=\"es_ES\" \/>\n\t\t<meta property=\"og:site_name\" content=\"El Digital de Asturias \u2013 Revista de ocio, turismo y estilo de vida\" \/>\n\t\t<meta property=\"og:type\" content=\"article\" \/>\n\t\t<meta property=\"og:title\" content=\"Infozoos y Anima Naturalis piden a Marineland que replantee su escuela de verano para que los ni\u00f1os no toquen a animales | El Digital de Asturias\" \/>\n\t\t<meta property=\"og:description\" content=\"Las ONG INFOZOOS y Anima Naturalis se han dirigido al director del parque Marineland, en Mallorca, para manifestarle su preocupaci\u00f3n ante los planes del centro de incluir entre las actividades veraniegas de su &#039;Escuela para los Peques&#039;, dirigida a ni\u00f1os de entre 3 y 12 a\u00f1os, el poder &quot;tocar&quot; y &quot;fotografiarse&quot; con diversos animales como\" \/>\n\t\t<meta property=\"og:url\" content=\"https:\/\/eldigitaldeasturias.com\/magazine365\/infozoos-y-anima-naturalis-piden-a-marineland-que-replantee-su-escuela-de-verano-para-que-los-ninos-no-toquen-a-animales\/\" \/>\n\t\t<meta property=\"og:image\" content=\"https:\/\/eldigitaldeasturias.com\/magazine365\/wp-content\/uploads\/2016\/06\/fotonoticia_20160606113414_800.jpg\" \/>\n\t\t<meta property=\"og:image:secure_url\" content=\"https:\/\/eldigitaldeasturias.com\/magazine365\/wp-content\/uploads\/2016\/06\/fotonoticia_20160606113414_800.jpg\" \/>\n\t\t<meta property=\"og:image:width\" content=\"800\" \/>\n\t\t<meta property=\"og:image:height\" content=\"533\" \/>\n\t\t<meta property=\"article:published_time\" content=\"2016-06-07T08:44:09+00:00\" \/>\n\t\t<meta property=\"article:modified_time\" content=\"2016-06-07T08:44:09+00:00\" \/>\n\t\t<meta name=\"twitter:card\" content=\"summary_large_image\" \/>\n\t\t<meta name=\"twitter:title\" content=\"Infozoos y Anima Naturalis piden a Marineland que replantee su escuela de verano para que los ni\u00f1os no toquen a animales | El Digital de Asturias\" \/>\n\t\t<meta name=\"twitter:description\" content=\"Las ONG INFOZOOS y Anima Naturalis se han dirigido al director del parque Marineland, en Mallorca, para manifestarle su preocupaci\u00f3n ante los planes del centro de incluir entre las actividades veraniegas de su &#039;Escuela para los Peques&#039;, dirigida a ni\u00f1os de entre 3 y 12 a\u00f1os, el poder &quot;tocar&quot; y &quot;fotografiarse&quot; con diversos animales como\" \/>\n\t\t<meta name=\"twitter:image\" content=\"https:\/\/eldigitaldeasturias.com\/magazine365\/wp-content\/uploads\/2016\/06\/fotonoticia_20160606113414_800.jpg\" \/>\n\t\t<script type=\"application\/ld+json\" class=\"aioseo-schema\">\n\t\t\t{\"@context\":\"https:\\\/\\\/schema.org\",\"@graph\":[{\"@type\":\"Article\",\"@id\":\"https:\\\/\\\/eldigitaldeasturias.com\\\/magazine365\\\/infozoos-y-anima-naturalis-piden-a-marineland-que-replantee-su-escuela-de-verano-para-que-los-ninos-no-toquen-a-animales\\\/#article\",\"name\":\"Infozoos y Anima Naturalis piden a Marineland que replantee su escuela de verano para que los ni\\u00f1os no toquen a animales | El Digital de Asturias\",\"headline\":\"Infozoos y Anima Naturalis piden a Marineland que replantee su escuela de verano para que los ni\\u00f1os no toquen a animales\",\"author\":{\"@id\":\"https:\\\/\\\/eldigitaldeasturias.com\\\/magazine365\\\/author\\\/admin\\\/#author\"},\"publisher\":{\"@id\":\"https:\\\/\\\/eldigitaldeasturias.com\\\/magazine365\\\/#organization\"},\"image\":{\"@type\":\"ImageObject\",\"url\":\"https:\\\/\\\/eldigitaldeasturias.com\\\/magazine365\\\/wp-content\\\/uploads\\\/2016\\\/06\\\/fotonoticia_20160606113414_800.jpg\",\"width\":800,\"height\":533},\"datePublished\":\"2016-06-07T10:44:09+02:00\",\"dateModified\":\"2016-06-07T10:44:09+02:00\",\"inLanguage\":\"es-ES\",\"mainEntityOfPage\":{\"@id\":\"https:\\\/\\\/eldigitaldeasturias.com\\\/magazine365\\\/infozoos-y-anima-naturalis-piden-a-marineland-que-replantee-su-escuela-de-verano-para-que-los-ninos-no-toquen-a-animales\\\/#webpage\"},\"isPartOf\":{\"@id\":\"https:\\\/\\\/eldigitaldeasturias.com\\\/magazine365\\\/infozoos-y-anima-naturalis-piden-a-marineland-que-replantee-su-escuela-de-verano-para-que-los-ninos-no-toquen-a-animales\\\/#webpage\"},\"articleSection\":\"Noticias y Actualidad\"},{\"@type\":\"BreadcrumbList\",\"@id\":\"https:\\\/\\\/eldigitaldeasturias.com\\\/magazine365\\\/infozoos-y-anima-naturalis-piden-a-marineland-que-replantee-su-escuela-de-verano-para-que-los-ninos-no-toquen-a-animales\\\/#breadcrumblist\",\"itemListElement\":[{\"@type\":\"ListItem\",\"@id\":\"https:\\\/\\\/eldigitaldeasturias.com\\\/magazine365#listItem\",\"position\":1,\"name\":\"Home\",\"item\":\"https:\\\/\\\/eldigitaldeasturias.com\\\/magazine365\",\"nextItem\":{\"@type\":\"ListItem\",\"@id\":\"https:\\\/\\\/eldigitaldeasturias.com\\\/magazine365\\\/category\\\/noticias-actualidad\\\/#listItem\",\"name\":\"Noticias y Actualidad\"}},{\"@type\":\"ListItem\",\"@id\":\"https:\\\/\\\/eldigitaldeasturias.com\\\/magazine365\\\/category\\\/noticias-actualidad\\\/#listItem\",\"position\":2,\"name\":\"Noticias y Actualidad\",\"item\":\"https:\\\/\\\/eldigitaldeasturias.com\\\/magazine365\\\/category\\\/noticias-actualidad\\\/\",\"nextItem\":{\"@type\":\"ListItem\",\"@id\":\"https:\\\/\\\/eldigitaldeasturias.com\\\/magazine365\\\/infozoos-y-anima-naturalis-piden-a-marineland-que-replantee-su-escuela-de-verano-para-que-los-ninos-no-toquen-a-animales\\\/#listItem\",\"name\":\"Infozoos y Anima Naturalis piden a Marineland que replantee su escuela de verano para que los ni\\u00f1os no toquen a animales\"},\"previousItem\":{\"@type\":\"ListItem\",\"@id\":\"https:\\\/\\\/eldigitaldeasturias.com\\\/magazine365#listItem\",\"name\":\"Home\"}},{\"@type\":\"ListItem\",\"@id\":\"https:\\\/\\\/eldigitaldeasturias.com\\\/magazine365\\\/infozoos-y-anima-naturalis-piden-a-marineland-que-replantee-su-escuela-de-verano-para-que-los-ninos-no-toquen-a-animales\\\/#listItem\",\"position\":3,\"name\":\"Infozoos y Anima Naturalis piden a Marineland que replantee su escuela de verano para que los ni\\u00f1os no toquen a animales\",\"previousItem\":{\"@type\":\"ListItem\",\"@id\":\"https:\\\/\\\/eldigitaldeasturias.com\\\/magazine365\\\/category\\\/noticias-actualidad\\\/#listItem\",\"name\":\"Noticias y Actualidad\"}}]},{\"@type\":\"Organization\",\"@id\":\"https:\\\/\\\/eldigitaldeasturias.com\\\/magazine365\\\/#organization\",\"name\":\"El digital de Asturias\",\"description\":\"Revista de ocio, turismo y estilo de vida\",\"url\":\"https:\\\/\\\/eldigitaldeasturias.com\\\/magazine365\\\/\",\"logo\":{\"@type\":\"ImageObject\",\"url\":\"https:\\\/\\\/www.eldigitaldeasturias.com\\\/noticias\\\/wp-content\\\/uploads\\\/2020\\\/12\\\/EDA.jpg\",\"@id\":\"https:\\\/\\\/eldigitaldeasturias.com\\\/magazine365\\\/infozoos-y-anima-naturalis-piden-a-marineland-que-replantee-su-escuela-de-verano-para-que-los-ninos-no-toquen-a-animales\\\/#organizationLogo\"},\"image\":{\"@id\":\"https:\\\/\\\/eldigitaldeasturias.com\\\/magazine365\\\/infozoos-y-anima-naturalis-piden-a-marineland-que-replantee-su-escuela-de-verano-para-que-los-ninos-no-toquen-a-animales\\\/#organizationLogo\"}},{\"@type\":\"Person\",\"@id\":\"https:\\\/\\\/eldigitaldeasturias.com\\\/magazine365\\\/author\\\/admin\\\/#author\",\"url\":\"https:\\\/\\\/eldigitaldeasturias.com\\\/magazine365\\\/author\\\/admin\\\/\",\"name\":\"admin\",\"image\":{\"@type\":\"ImageObject\",\"@id\":\"https:\\\/\\\/eldigitaldeasturias.com\\\/magazine365\\\/infozoos-y-anima-naturalis-piden-a-marineland-que-replantee-su-escuela-de-verano-para-que-los-ninos-no-toquen-a-animales\\\/#authorImage\",\"url\":\"https:\\\/\\\/eldigitaldeasturias.com\\\/magazine365\\\/wp-content\\\/litespeed\\\/avatar\\\/e571bcf59a0edd6fa6838245a470f2fe.jpg?ver=1776969259\",\"width\":96,\"height\":96,\"caption\":\"admin\"}},{\"@type\":\"WebPage\",\"@id\":\"https:\\\/\\\/eldigitaldeasturias.com\\\/magazine365\\\/infozoos-y-anima-naturalis-piden-a-marineland-que-replantee-su-escuela-de-verano-para-que-los-ninos-no-toquen-a-animales\\\/#webpage\",\"url\":\"https:\\\/\\\/eldigitaldeasturias.com\\\/magazine365\\\/infozoos-y-anima-naturalis-piden-a-marineland-que-replantee-su-escuela-de-verano-para-que-los-ninos-no-toquen-a-animales\\\/\",\"name\":\"Infozoos y Anima Naturalis piden a Marineland que replantee su escuela de verano para que los ni\\u00f1os no toquen a animales | El Digital de Asturias\",\"description\":\"Las ONG INFOZOOS y Anima Naturalis se han dirigido al director del parque Marineland, en Mallorca, para manifestarle su preocupaci\\u00f3n ante los planes del centro de incluir entre las actividades veraniegas de su 'Escuela para los Peques', dirigida a ni\\u00f1os de entre 3 y 12 a\\u00f1os, el poder \\\"tocar\\\" y \\\"fotografiarse\\\" con diversos animales como\",\"inLanguage\":\"es-ES\",\"isPartOf\":{\"@id\":\"https:\\\/\\\/eldigitaldeasturias.com\\\/magazine365\\\/#website\"},\"breadcrumb\":{\"@id\":\"https:\\\/\\\/eldigitaldeasturias.com\\\/magazine365\\\/infozoos-y-anima-naturalis-piden-a-marineland-que-replantee-su-escuela-de-verano-para-que-los-ninos-no-toquen-a-animales\\\/#breadcrumblist\"},\"author\":{\"@id\":\"https:\\\/\\\/eldigitaldeasturias.com\\\/magazine365\\\/author\\\/admin\\\/#author\"},\"creator\":{\"@id\":\"https:\\\/\\\/eldigitaldeasturias.com\\\/magazine365\\\/author\\\/admin\\\/#author\"},\"image\":{\"@type\":\"ImageObject\",\"url\":\"https:\\\/\\\/eldigitaldeasturias.com\\\/magazine365\\\/wp-content\\\/uploads\\\/2016\\\/06\\\/fotonoticia_20160606113414_800.jpg\",\"@id\":\"https:\\\/\\\/eldigitaldeasturias.com\\\/magazine365\\\/infozoos-y-anima-naturalis-piden-a-marineland-que-replantee-su-escuela-de-verano-para-que-los-ninos-no-toquen-a-animales\\\/#mainImage\",\"width\":800,\"height\":533},\"primaryImageOfPage\":{\"@id\":\"https:\\\/\\\/eldigitaldeasturias.com\\\/magazine365\\\/infozoos-y-anima-naturalis-piden-a-marineland-que-replantee-su-escuela-de-verano-para-que-los-ninos-no-toquen-a-animales\\\/#mainImage\"},\"datePublished\":\"2016-06-07T10:44:09+02:00\",\"dateModified\":\"2016-06-07T10:44:09+02:00\"},{\"@type\":\"WebSite\",\"@id\":\"https:\\\/\\\/eldigitaldeasturias.com\\\/magazine365\\\/#website\",\"url\":\"https:\\\/\\\/eldigitaldeasturias.com\\\/magazine365\\\/\",\"name\":\"El Digital de Asturias\",\"description\":\"Revista de ocio, turismo y estilo de vida\",\"inLanguage\":\"es-ES\",\"publisher\":{\"@id\":\"https:\\\/\\\/eldigitaldeasturias.com\\\/magazine365\\\/#organization\"}}]}\n\t\t<\/script>\n\t\t<!-- All in One SEO Pro -->\r\n\t\t<title>Infozoos y Anima Naturalis piden a Marineland que replantee su escuela de verano para que los ni\u00f1os no toquen a animales | El Digital de Asturias<\/title>\n\n","aioseo_head_json":{"title":"Infozoos y Anima Naturalis piden a Marineland que replantee su escuela de verano para que los ni\u00f1os no toquen a animales | El Digital de Asturias","description":"Las ONG INFOZOOS y Anima Naturalis se han dirigido al director del parque Marineland, en Mallorca, para manifestarle su preocupaci\u00f3n ante los planes del centro de incluir entre las actividades veraniegas de su 'Escuela para los Peques', dirigida a ni\u00f1os de entre 3 y 12 a\u00f1os, el poder \"tocar\" y \"fotografiarse\" con diversos animales como","canonical_url":"https:\/\/eldigitaldeasturias.com\/magazine365\/infozoos-y-anima-naturalis-piden-a-marineland-que-replantee-su-escuela-de-verano-para-que-los-ninos-no-toquen-a-animales\/","robots":"max-image-preview:large","keywords":"noticias y actualidad","webmasterTools":{"google-site-verification":"UA-38556648-1","miscellaneous":""},"schema":{"@context":"https:\/\/schema.org","@graph":[{"@type":"Article","@id":"https:\/\/eldigitaldeasturias.com\/magazine365\/infozoos-y-anima-naturalis-piden-a-marineland-que-replantee-su-escuela-de-verano-para-que-los-ninos-no-toquen-a-animales\/#article","name":"Infozoos y Anima Naturalis piden a Marineland que replantee su escuela de verano para que los ni\u00f1os no toquen a animales | El Digital de Asturias","headline":"Infozoos y Anima Naturalis piden a Marineland que replantee su escuela de verano para que los ni\u00f1os no toquen a animales","author":{"@id":"https:\/\/eldigitaldeasturias.com\/magazine365\/author\/admin\/#author"},"publisher":{"@id":"https:\/\/eldigitaldeasturias.com\/magazine365\/#organization"},"image":{"@type":"ImageObject","url":"https:\/\/eldigitaldeasturias.com\/magazine365\/wp-content\/uploads\/2016\/06\/fotonoticia_20160606113414_800.jpg","width":800,"height":533},"datePublished":"2016-06-07T10:44:09+02:00","dateModified":"2016-06-07T10:44:09+02:00","inLanguage":"es-ES","mainEntityOfPage":{"@id":"https:\/\/eldigitaldeasturias.com\/magazine365\/infozoos-y-anima-naturalis-piden-a-marineland-que-replantee-su-escuela-de-verano-para-que-los-ninos-no-toquen-a-animales\/#webpage"},"isPartOf":{"@id":"https:\/\/eldigitaldeasturias.com\/magazine365\/infozoos-y-anima-naturalis-piden-a-marineland-que-replantee-su-escuela-de-verano-para-que-los-ninos-no-toquen-a-animales\/#webpage"},"articleSection":"Noticias y Actualidad"},{"@type":"BreadcrumbList","@id":"https:\/\/eldigitaldeasturias.com\/magazine365\/infozoos-y-anima-naturalis-piden-a-marineland-que-replantee-su-escuela-de-verano-para-que-los-ninos-no-toquen-a-animales\/#breadcrumblist","itemListElement":[{"@type":"ListItem","@id":"https:\/\/eldigitaldeasturias.com\/magazine365#listItem","position":1,"name":"Home","item":"https:\/\/eldigitaldeasturias.com\/magazine365","nextItem":{"@type":"ListItem","@id":"https:\/\/eldigitaldeasturias.com\/magazine365\/category\/noticias-actualidad\/#listItem","name":"Noticias y Actualidad"}},{"@type":"ListItem","@id":"https:\/\/eldigitaldeasturias.com\/magazine365\/category\/noticias-actualidad\/#listItem","position":2,"name":"Noticias y Actualidad","item":"https:\/\/eldigitaldeasturias.com\/magazine365\/category\/noticias-actualidad\/","nextItem":{"@type":"ListItem","@id":"https:\/\/eldigitaldeasturias.com\/magazine365\/infozoos-y-anima-naturalis-piden-a-marineland-que-replantee-su-escuela-de-verano-para-que-los-ninos-no-toquen-a-animales\/#listItem","name":"Infozoos y Anima Naturalis piden a Marineland que replantee su escuela de verano para que los ni\u00f1os no toquen a animales"},"previousItem":{"@type":"ListItem","@id":"https:\/\/eldigitaldeasturias.com\/magazine365#listItem","name":"Home"}},{"@type":"ListItem","@id":"https:\/\/eldigitaldeasturias.com\/magazine365\/infozoos-y-anima-naturalis-piden-a-marineland-que-replantee-su-escuela-de-verano-para-que-los-ninos-no-toquen-a-animales\/#listItem","position":3,"name":"Infozoos y Anima Naturalis piden a Marineland que replantee su escuela de verano para que los ni\u00f1os no toquen a animales","previousItem":{"@type":"ListItem","@id":"https:\/\/eldigitaldeasturias.com\/magazine365\/category\/noticias-actualidad\/#listItem","name":"Noticias y Actualidad"}}]},{"@type":"Organization","@id":"https:\/\/eldigitaldeasturias.com\/magazine365\/#organization","name":"El digital de Asturias","description":"Revista de ocio, turismo y estilo de vida","url":"https:\/\/eldigitaldeasturias.com\/magazine365\/","logo":{"@type":"ImageObject","url":"https:\/\/www.eldigitaldeasturias.com\/noticias\/wp-content\/uploads\/2020\/12\/EDA.jpg","@id":"https:\/\/eldigitaldeasturias.com\/magazine365\/infozoos-y-anima-naturalis-piden-a-marineland-que-replantee-su-escuela-de-verano-para-que-los-ninos-no-toquen-a-animales\/#organizationLogo"},"image":{"@id":"https:\/\/eldigitaldeasturias.com\/magazine365\/infozoos-y-anima-naturalis-piden-a-marineland-que-replantee-su-escuela-de-verano-para-que-los-ninos-no-toquen-a-animales\/#organizationLogo"}},{"@type":"Person","@id":"https:\/\/eldigitaldeasturias.com\/magazine365\/author\/admin\/#author","url":"https:\/\/eldigitaldeasturias.com\/magazine365\/author\/admin\/","name":"admin","image":{"@type":"ImageObject","@id":"https:\/\/eldigitaldeasturias.com\/magazine365\/infozoos-y-anima-naturalis-piden-a-marineland-que-replantee-su-escuela-de-verano-para-que-los-ninos-no-toquen-a-animales\/#authorImage","url":"https:\/\/eldigitaldeasturias.com\/magazine365\/wp-content\/litespeed\/avatar\/e571bcf59a0edd6fa6838245a470f2fe.jpg?ver=1776969259","width":96,"height":96,"caption":"admin"}},{"@type":"WebPage","@id":"https:\/\/eldigitaldeasturias.com\/magazine365\/infozoos-y-anima-naturalis-piden-a-marineland-que-replantee-su-escuela-de-verano-para-que-los-ninos-no-toquen-a-animales\/#webpage","url":"https:\/\/eldigitaldeasturias.com\/magazine365\/infozoos-y-anima-naturalis-piden-a-marineland-que-replantee-su-escuela-de-verano-para-que-los-ninos-no-toquen-a-animales\/","name":"Infozoos y Anima Naturalis piden a Marineland que replantee su escuela de verano para que los ni\u00f1os no toquen a animales | El Digital de Asturias","description":"Las ONG INFOZOOS y Anima Naturalis se han dirigido al director del parque Marineland, en Mallorca, para manifestarle su preocupaci\u00f3n ante los planes del centro de incluir entre las actividades veraniegas de su 'Escuela para los Peques', dirigida a ni\u00f1os de entre 3 y 12 a\u00f1os, el poder \"tocar\" y \"fotografiarse\" con diversos animales como","inLanguage":"es-ES","isPartOf":{"@id":"https:\/\/eldigitaldeasturias.com\/magazine365\/#website"},"breadcrumb":{"@id":"https:\/\/eldigitaldeasturias.com\/magazine365\/infozoos-y-anima-naturalis-piden-a-marineland-que-replantee-su-escuela-de-verano-para-que-los-ninos-no-toquen-a-animales\/#breadcrumblist"},"author":{"@id":"https:\/\/eldigitaldeasturias.com\/magazine365\/author\/admin\/#author"},"creator":{"@id":"https:\/\/eldigitaldeasturias.com\/magazine365\/author\/admin\/#author"},"image":{"@type":"ImageObject","url":"https:\/\/eldigitaldeasturias.com\/magazine365\/wp-content\/uploads\/2016\/06\/fotonoticia_20160606113414_800.jpg","@id":"https:\/\/eldigitaldeasturias.com\/magazine365\/infozoos-y-anima-naturalis-piden-a-marineland-que-replantee-su-escuela-de-verano-para-que-los-ninos-no-toquen-a-animales\/#mainImage","width":800,"height":533},"primaryImageOfPage":{"@id":"https:\/\/eldigitaldeasturias.com\/magazine365\/infozoos-y-anima-naturalis-piden-a-marineland-que-replantee-su-escuela-de-verano-para-que-los-ninos-no-toquen-a-animales\/#mainImage"},"datePublished":"2016-06-07T10:44:09+02:00","dateModified":"2016-06-07T10:44:09+02:00"},{"@type":"WebSite","@id":"https:\/\/eldigitaldeasturias.com\/magazine365\/#website","url":"https:\/\/eldigitaldeasturias.com\/magazine365\/","name":"El Digital de Asturias","description":"Revista de ocio, turismo y estilo de vida","inLanguage":"es-ES","publisher":{"@id":"https:\/\/eldigitaldeasturias.com\/magazine365\/#organization"}}]},"og:locale":"es_ES","og:site_name":"El Digital de Asturias \u2013 Revista de ocio, turismo y estilo de vida","og:type":"article","og:title":"Infozoos y Anima Naturalis piden a Marineland que replantee su escuela de verano para que los ni\u00f1os no toquen a animales | El Digital de Asturias","og:description":"Las ONG INFOZOOS y Anima Naturalis se han dirigido al director del parque Marineland, en Mallorca, para manifestarle su preocupaci\u00f3n ante los planes del centro de incluir entre las actividades veraniegas de su 'Escuela para los Peques', dirigida a ni\u00f1os de entre 3 y 12 a\u00f1os, el poder &quot;tocar&quot; y &quot;fotografiarse&quot; con diversos animales como","og:url":"https:\/\/eldigitaldeasturias.com\/magazine365\/infozoos-y-anima-naturalis-piden-a-marineland-que-replantee-su-escuela-de-verano-para-que-los-ninos-no-toquen-a-animales\/","og:image":"https:\/\/eldigitaldeasturias.com\/magazine365\/wp-content\/uploads\/2016\/06\/fotonoticia_20160606113414_800.jpg","og:image:secure_url":"https:\/\/eldigitaldeasturias.com\/magazine365\/wp-content\/uploads\/2016\/06\/fotonoticia_20160606113414_800.jpg","og:image:width":800,"og:image:height":533,"article:published_time":"2016-06-07T08:44:09+00:00","article:modified_time":"2016-06-07T08:44:09+00:00","twitter:card":"summary_large_image","twitter:title":"Infozoos y Anima Naturalis piden a Marineland que replantee su escuela de verano para que los ni\u00f1os no toquen a animales | El Digital de Asturias","twitter:description":"Las ONG INFOZOOS y Anima Naturalis se han dirigido al director del parque Marineland, en Mallorca, para manifestarle su preocupaci\u00f3n ante los planes del centro de incluir entre las actividades veraniegas de su 'Escuela para los Peques', dirigida a ni\u00f1os de entre 3 y 12 a\u00f1os, el poder &quot;tocar&quot; y &quot;fotografiarse&quot; con diversos animales como","twitter:image":"https:\/\/eldigitaldeasturias.com\/magazine365\/wp-content\/uploads\/2016\/06\/fotonoticia_20160606113414_800.jpg"},"aioseo_meta_data":{"post_id":"77814","title":null,"description":null,"keywords":null,"keyphrases":null,"primary_term":null,"canonical_url":null,"og_title":null,"og_description":null,"og_object_type":"default","og_image_type":"default","og_image_url":null,"og_image_width":null,"og_image_height":null,"og_image_custom_url":null,"og_image_custom_fields":null,"og_video":null,"og_custom_url":null,"og_article_section":null,"og_article_tags":null,"twitter_use_og":false,"twitter_card":"default","twitter_image_type":"default","twitter_image_url":null,"twitter_image_custom_url":null,"twitter_image_custom_fields":null,"twitter_title":null,"twitter_description":null,"schema":{"blockGraphs":[],"customGraphs":[],"default":{"data":{"Article":[],"Course":[],"Dataset":[],"FAQPage":[],"Movie":[],"Person":[],"Product":[],"ProductReview":[],"Car":[],"Recipe":[],"Service":[],"SoftwareApplication":[],"WebPage":[]},"graphName":"","isEnabled":true},"graphs":[],"defaultGraph":"","defaultPostTypeGraph":""},"schema_type":null,"schema_type_options":null,"pillar_content":false,"robots_default":true,"robots_noindex":false,"robots_noarchive":false,"robots_nosnippet":false,"robots_nofollow":false,"robots_noimageindex":false,"robots_noodp":false,"robots_notranslate":false,"robots_max_snippet":null,"robots_max_videopreview":null,"robots_max_imagepreview":"large","priority":null,"frequency":null,"location":null,"local_seo":null,"seo_analyzer_scan_date":"2025-09-27 15:41:23","breadcrumb_settings":null,"limit_modified_date":false,"open_ai":null,"ai":null,"created":"2021-03-08 18:08:39","updated":"2025-09-27 15:41:23"},"aioseo_breadcrumb":"<div class=\"aioseo-breadcrumbs\"><span class=\"aioseo-breadcrumb\">\n\t<a href=\"https:\/\/eldigitaldeasturias.com\/magazine365\" title=\"Home\">Home<\/a>\n<\/span><span class=\"aioseo-breadcrumb-separator\">\u2013<\/span><span class=\"aioseo-breadcrumb\">\n\t<a href=\"https:\/\/eldigitaldeasturias.com\/magazine365\/category\/noticias-actualidad\/\" title=\"Noticias y Actualidad\">Noticias y Actualidad<\/a>\n<\/span><span class=\"aioseo-breadcrumb-separator\">\u2013<\/span><span class=\"aioseo-breadcrumb\">\n\t<a href=\"https:\/\/eldigitaldeasturias.com\/magazine365\/infozoos-y-anima-naturalis-piden-a-marineland-que-replantee-su-escuela-de-verano-para-que-los-ninos-no-toquen-a-animales\/\" title=\"Infozoos y Anima Naturalis piden a Marineland que replantee su escuela de verano para que los ni\u00f1os no toquen a animales\">Infozoos y Anima Naturalis piden a Marineland que replantee su escuela de verano para que los ni\u00f1os no toquen a animales<\/a>\n<\/span><\/div>","aioseo_breadcrumb_json":[{"label":"Home","link":"https:\/\/eldigitaldeasturias.com\/magazine365"},{"label":"Noticias y Actualidad","link":"https:\/\/eldigitaldeasturias.com\/magazine365\/category\/noticias-actualidad\/"},{"label":"Infozoos y Anima Naturalis piden a Marineland que replantee su escuela de verano para que los ni\u00f1os no toquen a animales","link":"https:\/\/eldigitaldeasturias.com\/magazine365\/infozoos-y-anima-naturalis-piden-a-marineland-que-replantee-su-escuela-de-verano-para-que-los-ninos-no-toquen-a-animales\/"}],"_links":{"self":[{"href":"https:\/\/eldigitaldeasturias.com\/magazine365\/wp-json\/wp\/v2\/posts\/77814","targetHints":{"allow":["GET"]}}],"collection":[{"href":"https:\/\/eldigitaldeasturias.com\/magazine365\/wp-json\/wp\/v2\/posts"}],"about":[{"href":"https:\/\/eldigitaldeasturias.com\/magazine365\/wp-json\/wp\/v2\/types\/post"}],"author":[{"embeddable":true,"href":"https:\/\/eldigitaldeasturias.com\/magazine365\/wp-json\/wp\/v2\/users\/1"}],"replies":[{"embeddable":true,"href":"https:\/\/eldigitaldeasturias.com\/magazine365\/wp-json\/wp\/v2\/comments?post=77814"}],"version-history":[{"count":0,"href":"https:\/\/eldigitaldeasturias.com\/magazine365\/wp-json\/wp\/v2\/posts\/77814\/revisions"}],"wp:featuredmedia":[{"embeddable":true,"href":"https:\/\/eldigitaldeasturias.com\/magazine365\/wp-json\/wp\/v2\/media\/77815"}],"wp:attachment":[{"href":"https:\/\/eldigitaldeasturias.com\/magazine365\/wp-json\/wp\/v2\/media?parent=77814"}],"wp:term":[{"taxonomy":"category","embeddable":true,"href":"https:\/\/eldigitaldeasturias.com\/magazine365\/wp-json\/wp\/v2\/categories?post=77814"},{"taxonomy":"post_tag","embeddable":true,"href":"https:\/\/eldigitaldeasturias.com\/magazine365\/wp-json\/wp\/v2\/tags?post=77814"}],"curies":[{"name":"wp","href":"https:\/\/api.w.org\/{rel}","templated":true}]}}