{"id":77747,"date":"2016-06-06T10:34:00","date_gmt":"2016-06-06T08:34:00","guid":{"rendered":"http:\/\/eldigitaldeasturias.com\/magazine365\/?p=77747"},"modified":"2016-06-06T10:34:00","modified_gmt":"2016-06-06T08:34:00","slug":"la-diputacion-de-castellon-coordina-con-hoteles-y-campings-acciones-para-luchar-contra-la-plaga-del-mosquito","status":"publish","type":"post","link":"https:\/\/eldigitaldeasturias.com\/magazine365\/la-diputacion-de-castellon-coordina-con-hoteles-y-campings-acciones-para-luchar-contra-la-plaga-del-mosquito\/","title":{"rendered":"La Diputaci\u00f3n de Castell\u00f3n coordina con hoteles y campings acciones para luchar contra la plaga del mosquito"},"content":{"rendered":"<p><img fetchpriority=\"high\" decoding=\"async\" class=\"alignleft size-medium wp-image-77748\" src=\"https:\/\/eldigitaldeasturias.com\/magazine365\/wp-content\/uploads\/2016\/06\/fotonoticia_20160603171136_800-360x236.jpg\" alt=\"fotonoticia_20160603171136_800\" width=\"360\" height=\"236\" srcset=\"https:\/\/eldigitaldeasturias.com\/magazine365\/wp-content\/uploads\/2016\/06\/fotonoticia_20160603171136_800-360x236.jpg 360w, https:\/\/eldigitaldeasturias.com\/magazine365\/wp-content\/uploads\/2016\/06\/fotonoticia_20160603171136_800-650x427.jpg 650w, https:\/\/eldigitaldeasturias.com\/magazine365\/wp-content\/uploads\/2016\/06\/fotonoticia_20160603171136_800-768x504.jpg 768w, https:\/\/eldigitaldeasturias.com\/magazine365\/wp-content\/uploads\/2016\/06\/fotonoticia_20160603171136_800-150x98.jpg 150w, https:\/\/eldigitaldeasturias.com\/magazine365\/wp-content\/uploads\/2016\/06\/fotonoticia_20160603171136_800-450x295.jpg 450w, https:\/\/eldigitaldeasturias.com\/magazine365\/wp-content\/uploads\/2016\/06\/fotonoticia_20160603171136_800-121x79.jpg 121w, https:\/\/eldigitaldeasturias.com\/magazine365\/wp-content\/uploads\/2016\/06\/fotonoticia_20160603171136_800-101x66.jpg 101w, https:\/\/eldigitaldeasturias.com\/magazine365\/wp-content\/uploads\/2016\/06\/fotonoticia_20160603171136_800-326x213.jpg 326w, https:\/\/eldigitaldeasturias.com\/magazine365\/wp-content\/uploads\/2016\/06\/fotonoticia_20160603171136_800.jpg 800w\" sizes=\"(max-width: 360px) 100vw, 360px\" \/>La Diputaci\u00f3n de Castell\u00f3n ha reunido este viernes en una sesi\u00f3n de trabajo a profesionales hoteleros y responsables de campings de la provincia de Castell\u00f3n con el objetivo de exponer la bater\u00eda de acciones emprendida por la instituci\u00f3n para luchar contra los mosquitos, a trav\u00e9s del Servicio Provincial de Plagas, y conocer las experiencias de \u00e9xito ya implementadas por el sector tur\u00edstico, seg\u00fan ha informado la instituci\u00f3n provincial en un comunicado.<\/p>\n<p>\u00abSomos conscientes de la importancia de la prevenci\u00f3n en este campo, de c\u00f3mo una actuaci\u00f3n coordinada es fundamental para mitigar el impacto de la problem\u00e1tica\u00bb, ha se\u00f1alado el diputado de Desarrollo Sostenible, Mario Garc\u00eda, quien ha a\u00f1adido que \u00abla plaga tiene una afecci\u00f3n directa al sector tur\u00edstico, cuya red empresarial est\u00e1 muy preparada, por delante de nosotros, por lo que queremos caminar juntos en este campo\u00bb.<\/p>\n<p>\u00abEs por ello que -seg\u00fan ha dicho- hoy no se hemos expuesto nuestro trabajo, sino escuchado la acci\u00f3n ya aplicada por los profesionales del sector, de modo que, fruto de esta colaboraci\u00f3n, el mosquito no perjudique a los turistas que durante este verano vienen a Castell\u00f3n a disfrutar de la excelencia de nuestra provincia\u00bb.<\/p>\n<p>El diputado provincial ha considerado que para actuar de la mano de los profesionales es \u00abfundamental\u00bb que la comunicaci\u00f3n entre ambos sea constante y la informaci\u00f3n fluida. De ah\u00ed que se convoquen este tipo de reuniones de trabajo, \u00abque permiten reforzar las acciones que llevamos desarrollando desde hace meses de una forma coordinada\u00bb.<\/p>\n<p>En este sentido, ha apuntado que, teniendo en cuenta que el turismo es una pieza \u00abclave\u00bb de la base econ\u00f3mica de la provincia, \u00abcreemos que cualquier paso que se d\u00e9 en materia de asesoramiento, prospecciones, estudios cient\u00edficos y tratamientos debe ir necesariamente coordinada con este pilar de nuestra econom\u00eda\u00bb.<\/p>\n<p>COORDINACI\u00d3N<\/p>\n<p>El Gobierno provincial est\u00e1 ejerciendo de coordinador con los ayuntamientos y empresarios a fin de actuar de forma efectiva en la lucha contra esta plaga. La Diputaci\u00f3n, adem\u00e1s de convocar una l\u00ednea de ayudas de 400.000 euros para financiar tratamientos en los 135 municipios de la provincia, asesora y facilita informaci\u00f3n de utilidad para prevenir el desarrollo de este insecto.<\/p>\n<p>Por el contrario, ha lamentado Garc\u00eda, \u00ablas acciones que nos han llegado del Consell han sido solo te\u00f3ricas, pues no se ha visto todav\u00eda ni un solo euro dedicado a ayudar a nuestros municipios en la lucha contra esta plaga\u00bb. \u00abLos anuncios est\u00e1n muy bien pero hay que actuar\u00bb, ha finalizado.<\/p>\n","protected":false},"excerpt":{"rendered":"<p>La Diputaci\u00f3n de Castell\u00f3n ha reunido este viernes en una sesi\u00f3n de trabajo a profesionales hoteleros y responsables de campings de la provincia de Castell\u00f3n con el objetivo de exponer la bater\u00eda de acciones emprendida por la instituci\u00f3n para luchar contra los mosquitos, a trav\u00e9s del Servicio Provincial de Plagas, y conocer las experiencias de<\/p>\n","protected":false},"author":1,"featured_media":77748,"comment_status":"open","ping_status":"closed","sticky":false,"template":"","format":"standard","meta":{"footnotes":""},"categories":[224],"tags":[],"class_list":{"0":"post-77747","1":"post","2":"type-post","3":"status-publish","4":"format-standard","5":"has-post-thumbnail","7":"category-noticias-actualidad"},"aioseo_notices":[],"aioseo_head":"\n\t\t<!-- All in One SEO Pro 4.9.6.1 - aioseo.com -->\n\t<meta name=\"description\" content=\"La Diputaci\u00f3n de Castell\u00f3n ha reunido este viernes en una sesi\u00f3n de trabajo a profesionales hoteleros y responsables de campings de la provincia de Castell\u00f3n con el objetivo de exponer la bater\u00eda de acciones emprendida por la instituci\u00f3n para luchar contra los mosquitos, a trav\u00e9s del Servicio Provincial de Plagas, y conocer las experiencias de\" \/>\n\t<meta name=\"robots\" content=\"max-image-preview:large\" \/>\n\t<meta name=\"author\" content=\"admin\"\/>\n\t<meta name=\"google-site-verification\" content=\"UA-38556648-1\" \/>\n\t<meta name=\"keywords\" content=\"noticias y actualidad\" \/>\n\t<link rel=\"canonical\" href=\"https:\/\/eldigitaldeasturias.com\/magazine365\/la-diputacion-de-castellon-coordina-con-hoteles-y-campings-acciones-para-luchar-contra-la-plaga-del-mosquito\/\" \/>\n\t<meta name=\"generator\" content=\"All in One SEO Pro (AIOSEO) 4.9.6.1\" \/>\n\t\t<meta property=\"og:locale\" content=\"es_ES\" \/>\n\t\t<meta property=\"og:site_name\" content=\"El Digital de Asturias \u2013 Revista de ocio, turismo y estilo de vida\" \/>\n\t\t<meta property=\"og:type\" content=\"article\" \/>\n\t\t<meta property=\"og:title\" content=\"La Diputaci\u00f3n de Castell\u00f3n coordina con hoteles y campings acciones para luchar contra la plaga del mosquito | El Digital de Asturias\" \/>\n\t\t<meta property=\"og:description\" content=\"La Diputaci\u00f3n de Castell\u00f3n ha reunido este viernes en una sesi\u00f3n de trabajo a profesionales hoteleros y responsables de campings de la provincia de Castell\u00f3n con el objetivo de exponer la bater\u00eda de acciones emprendida por la instituci\u00f3n para luchar contra los mosquitos, a trav\u00e9s del Servicio Provincial de Plagas, y conocer las experiencias de\" \/>\n\t\t<meta property=\"og:url\" content=\"https:\/\/eldigitaldeasturias.com\/magazine365\/la-diputacion-de-castellon-coordina-con-hoteles-y-campings-acciones-para-luchar-contra-la-plaga-del-mosquito\/\" \/>\n\t\t<meta property=\"og:image\" content=\"https:\/\/eldigitaldeasturias.com\/magazine365\/wp-content\/uploads\/2016\/06\/fotonoticia_20160603171136_800.jpg\" \/>\n\t\t<meta property=\"og:image:secure_url\" content=\"https:\/\/eldigitaldeasturias.com\/magazine365\/wp-content\/uploads\/2016\/06\/fotonoticia_20160603171136_800.jpg\" \/>\n\t\t<meta property=\"og:image:width\" content=\"800\" \/>\n\t\t<meta property=\"og:image:height\" content=\"525\" \/>\n\t\t<meta property=\"article:published_time\" content=\"2016-06-06T08:34:00+00:00\" \/>\n\t\t<meta property=\"article:modified_time\" content=\"2016-06-06T08:34:00+00:00\" \/>\n\t\t<meta name=\"twitter:card\" content=\"summary_large_image\" \/>\n\t\t<meta name=\"twitter:title\" content=\"La Diputaci\u00f3n de Castell\u00f3n coordina con hoteles y campings acciones para luchar contra la plaga del mosquito | El Digital de Asturias\" \/>\n\t\t<meta name=\"twitter:description\" content=\"La Diputaci\u00f3n de Castell\u00f3n ha reunido este viernes en una sesi\u00f3n de trabajo a profesionales hoteleros y responsables de campings de la provincia de Castell\u00f3n con el objetivo de exponer la bater\u00eda de acciones emprendida por la instituci\u00f3n para luchar contra los mosquitos, a trav\u00e9s del Servicio Provincial de Plagas, y conocer las experiencias de\" \/>\n\t\t<meta name=\"twitter:image\" content=\"https:\/\/eldigitaldeasturias.com\/magazine365\/wp-content\/uploads\/2016\/06\/fotonoticia_20160603171136_800.jpg\" \/>\n\t\t<script type=\"application\/ld+json\" class=\"aioseo-schema\">\n\t\t\t{\"@context\":\"https:\\\/\\\/schema.org\",\"@graph\":[{\"@type\":\"Article\",\"@id\":\"https:\\\/\\\/eldigitaldeasturias.com\\\/magazine365\\\/la-diputacion-de-castellon-coordina-con-hoteles-y-campings-acciones-para-luchar-contra-la-plaga-del-mosquito\\\/#article\",\"name\":\"La Diputaci\\u00f3n de Castell\\u00f3n coordina con hoteles y campings acciones para luchar contra la plaga del mosquito | El Digital de Asturias\",\"headline\":\"La Diputaci\\u00f3n de Castell\\u00f3n coordina con hoteles y campings acciones para luchar contra la plaga del mosquito\",\"author\":{\"@id\":\"https:\\\/\\\/eldigitaldeasturias.com\\\/magazine365\\\/author\\\/admin\\\/#author\"},\"publisher\":{\"@id\":\"https:\\\/\\\/eldigitaldeasturias.com\\\/magazine365\\\/#organization\"},\"image\":{\"@type\":\"ImageObject\",\"url\":\"https:\\\/\\\/eldigitaldeasturias.com\\\/magazine365\\\/wp-content\\\/uploads\\\/2016\\\/06\\\/fotonoticia_20160603171136_800.jpg\",\"width\":800,\"height\":525},\"datePublished\":\"2016-06-06T10:34:00+02:00\",\"dateModified\":\"2016-06-06T10:34:00+02:00\",\"inLanguage\":\"es-ES\",\"mainEntityOfPage\":{\"@id\":\"https:\\\/\\\/eldigitaldeasturias.com\\\/magazine365\\\/la-diputacion-de-castellon-coordina-con-hoteles-y-campings-acciones-para-luchar-contra-la-plaga-del-mosquito\\\/#webpage\"},\"isPartOf\":{\"@id\":\"https:\\\/\\\/eldigitaldeasturias.com\\\/magazine365\\\/la-diputacion-de-castellon-coordina-con-hoteles-y-campings-acciones-para-luchar-contra-la-plaga-del-mosquito\\\/#webpage\"},\"articleSection\":\"Noticias y Actualidad\"},{\"@type\":\"BreadcrumbList\",\"@id\":\"https:\\\/\\\/eldigitaldeasturias.com\\\/magazine365\\\/la-diputacion-de-castellon-coordina-con-hoteles-y-campings-acciones-para-luchar-contra-la-plaga-del-mosquito\\\/#breadcrumblist\",\"itemListElement\":[{\"@type\":\"ListItem\",\"@id\":\"https:\\\/\\\/eldigitaldeasturias.com\\\/magazine365#listItem\",\"position\":1,\"name\":\"Home\",\"item\":\"https:\\\/\\\/eldigitaldeasturias.com\\\/magazine365\",\"nextItem\":{\"@type\":\"ListItem\",\"@id\":\"https:\\\/\\\/eldigitaldeasturias.com\\\/magazine365\\\/category\\\/noticias-actualidad\\\/#listItem\",\"name\":\"Noticias y Actualidad\"}},{\"@type\":\"ListItem\",\"@id\":\"https:\\\/\\\/eldigitaldeasturias.com\\\/magazine365\\\/category\\\/noticias-actualidad\\\/#listItem\",\"position\":2,\"name\":\"Noticias y Actualidad\",\"item\":\"https:\\\/\\\/eldigitaldeasturias.com\\\/magazine365\\\/category\\\/noticias-actualidad\\\/\",\"nextItem\":{\"@type\":\"ListItem\",\"@id\":\"https:\\\/\\\/eldigitaldeasturias.com\\\/magazine365\\\/la-diputacion-de-castellon-coordina-con-hoteles-y-campings-acciones-para-luchar-contra-la-plaga-del-mosquito\\\/#listItem\",\"name\":\"La Diputaci\\u00f3n de Castell\\u00f3n coordina con hoteles y campings acciones para luchar contra la plaga del mosquito\"},\"previousItem\":{\"@type\":\"ListItem\",\"@id\":\"https:\\\/\\\/eldigitaldeasturias.com\\\/magazine365#listItem\",\"name\":\"Home\"}},{\"@type\":\"ListItem\",\"@id\":\"https:\\\/\\\/eldigitaldeasturias.com\\\/magazine365\\\/la-diputacion-de-castellon-coordina-con-hoteles-y-campings-acciones-para-luchar-contra-la-plaga-del-mosquito\\\/#listItem\",\"position\":3,\"name\":\"La Diputaci\\u00f3n de Castell\\u00f3n coordina con hoteles y campings acciones para luchar contra la plaga del mosquito\",\"previousItem\":{\"@type\":\"ListItem\",\"@id\":\"https:\\\/\\\/eldigitaldeasturias.com\\\/magazine365\\\/category\\\/noticias-actualidad\\\/#listItem\",\"name\":\"Noticias y Actualidad\"}}]},{\"@type\":\"Organization\",\"@id\":\"https:\\\/\\\/eldigitaldeasturias.com\\\/magazine365\\\/#organization\",\"name\":\"El digital de Asturias\",\"description\":\"Revista de ocio, turismo y estilo de vida\",\"url\":\"https:\\\/\\\/eldigitaldeasturias.com\\\/magazine365\\\/\",\"logo\":{\"@type\":\"ImageObject\",\"url\":\"https:\\\/\\\/www.eldigitaldeasturias.com\\\/noticias\\\/wp-content\\\/uploads\\\/2020\\\/12\\\/EDA.jpg\",\"@id\":\"https:\\\/\\\/eldigitaldeasturias.com\\\/magazine365\\\/la-diputacion-de-castellon-coordina-con-hoteles-y-campings-acciones-para-luchar-contra-la-plaga-del-mosquito\\\/#organizationLogo\"},\"image\":{\"@id\":\"https:\\\/\\\/eldigitaldeasturias.com\\\/magazine365\\\/la-diputacion-de-castellon-coordina-con-hoteles-y-campings-acciones-para-luchar-contra-la-plaga-del-mosquito\\\/#organizationLogo\"}},{\"@type\":\"Person\",\"@id\":\"https:\\\/\\\/eldigitaldeasturias.com\\\/magazine365\\\/author\\\/admin\\\/#author\",\"url\":\"https:\\\/\\\/eldigitaldeasturias.com\\\/magazine365\\\/author\\\/admin\\\/\",\"name\":\"admin\",\"image\":{\"@type\":\"ImageObject\",\"@id\":\"https:\\\/\\\/eldigitaldeasturias.com\\\/magazine365\\\/la-diputacion-de-castellon-coordina-con-hoteles-y-campings-acciones-para-luchar-contra-la-plaga-del-mosquito\\\/#authorImage\",\"url\":\"https:\\\/\\\/eldigitaldeasturias.com\\\/magazine365\\\/wp-content\\\/litespeed\\\/avatar\\\/e571bcf59a0edd6fa6838245a470f2fe.jpg?ver=1776969259\",\"width\":96,\"height\":96,\"caption\":\"admin\"}},{\"@type\":\"WebPage\",\"@id\":\"https:\\\/\\\/eldigitaldeasturias.com\\\/magazine365\\\/la-diputacion-de-castellon-coordina-con-hoteles-y-campings-acciones-para-luchar-contra-la-plaga-del-mosquito\\\/#webpage\",\"url\":\"https:\\\/\\\/eldigitaldeasturias.com\\\/magazine365\\\/la-diputacion-de-castellon-coordina-con-hoteles-y-campings-acciones-para-luchar-contra-la-plaga-del-mosquito\\\/\",\"name\":\"La Diputaci\\u00f3n de Castell\\u00f3n coordina con hoteles y campings acciones para luchar contra la plaga del mosquito | El Digital de Asturias\",\"description\":\"La Diputaci\\u00f3n de Castell\\u00f3n ha reunido este viernes en una sesi\\u00f3n de trabajo a profesionales hoteleros y responsables de campings de la provincia de Castell\\u00f3n con el objetivo de exponer la bater\\u00eda de acciones emprendida por la instituci\\u00f3n para luchar contra los mosquitos, a trav\\u00e9s del Servicio Provincial de Plagas, y conocer las experiencias de\",\"inLanguage\":\"es-ES\",\"isPartOf\":{\"@id\":\"https:\\\/\\\/eldigitaldeasturias.com\\\/magazine365\\\/#website\"},\"breadcrumb\":{\"@id\":\"https:\\\/\\\/eldigitaldeasturias.com\\\/magazine365\\\/la-diputacion-de-castellon-coordina-con-hoteles-y-campings-acciones-para-luchar-contra-la-plaga-del-mosquito\\\/#breadcrumblist\"},\"author\":{\"@id\":\"https:\\\/\\\/eldigitaldeasturias.com\\\/magazine365\\\/author\\\/admin\\\/#author\"},\"creator\":{\"@id\":\"https:\\\/\\\/eldigitaldeasturias.com\\\/magazine365\\\/author\\\/admin\\\/#author\"},\"image\":{\"@type\":\"ImageObject\",\"url\":\"https:\\\/\\\/eldigitaldeasturias.com\\\/magazine365\\\/wp-content\\\/uploads\\\/2016\\\/06\\\/fotonoticia_20160603171136_800.jpg\",\"@id\":\"https:\\\/\\\/eldigitaldeasturias.com\\\/magazine365\\\/la-diputacion-de-castellon-coordina-con-hoteles-y-campings-acciones-para-luchar-contra-la-plaga-del-mosquito\\\/#mainImage\",\"width\":800,\"height\":525},\"primaryImageOfPage\":{\"@id\":\"https:\\\/\\\/eldigitaldeasturias.com\\\/magazine365\\\/la-diputacion-de-castellon-coordina-con-hoteles-y-campings-acciones-para-luchar-contra-la-plaga-del-mosquito\\\/#mainImage\"},\"datePublished\":\"2016-06-06T10:34:00+02:00\",\"dateModified\":\"2016-06-06T10:34:00+02:00\"},{\"@type\":\"WebSite\",\"@id\":\"https:\\\/\\\/eldigitaldeasturias.com\\\/magazine365\\\/#website\",\"url\":\"https:\\\/\\\/eldigitaldeasturias.com\\\/magazine365\\\/\",\"name\":\"El Digital de Asturias\",\"description\":\"Revista de ocio, turismo y estilo de vida\",\"inLanguage\":\"es-ES\",\"publisher\":{\"@id\":\"https:\\\/\\\/eldigitaldeasturias.com\\\/magazine365\\\/#organization\"}}]}\n\t\t<\/script>\n\t\t<!-- All in One SEO Pro -->\r\n\t\t<title>La Diputaci\u00f3n de Castell\u00f3n coordina con hoteles y campings acciones para luchar contra la plaga del mosquito | El Digital de Asturias<\/title>\n\n","aioseo_head_json":{"title":"La Diputaci\u00f3n de Castell\u00f3n coordina con hoteles y campings acciones para luchar contra la plaga del mosquito | El Digital de Asturias","description":"La Diputaci\u00f3n de Castell\u00f3n ha reunido este viernes en una sesi\u00f3n de trabajo a profesionales hoteleros y responsables de campings de la provincia de Castell\u00f3n con el objetivo de exponer la bater\u00eda de acciones emprendida por la instituci\u00f3n para luchar contra los mosquitos, a trav\u00e9s del Servicio Provincial de Plagas, y conocer las experiencias de","canonical_url":"https:\/\/eldigitaldeasturias.com\/magazine365\/la-diputacion-de-castellon-coordina-con-hoteles-y-campings-acciones-para-luchar-contra-la-plaga-del-mosquito\/","robots":"max-image-preview:large","keywords":"noticias y actualidad","webmasterTools":{"google-site-verification":"UA-38556648-1","miscellaneous":""},"schema":{"@context":"https:\/\/schema.org","@graph":[{"@type":"Article","@id":"https:\/\/eldigitaldeasturias.com\/magazine365\/la-diputacion-de-castellon-coordina-con-hoteles-y-campings-acciones-para-luchar-contra-la-plaga-del-mosquito\/#article","name":"La Diputaci\u00f3n de Castell\u00f3n coordina con hoteles y campings acciones para luchar contra la plaga del mosquito | El Digital de Asturias","headline":"La Diputaci\u00f3n de Castell\u00f3n coordina con hoteles y campings acciones para luchar contra la plaga del mosquito","author":{"@id":"https:\/\/eldigitaldeasturias.com\/magazine365\/author\/admin\/#author"},"publisher":{"@id":"https:\/\/eldigitaldeasturias.com\/magazine365\/#organization"},"image":{"@type":"ImageObject","url":"https:\/\/eldigitaldeasturias.com\/magazine365\/wp-content\/uploads\/2016\/06\/fotonoticia_20160603171136_800.jpg","width":800,"height":525},"datePublished":"2016-06-06T10:34:00+02:00","dateModified":"2016-06-06T10:34:00+02:00","inLanguage":"es-ES","mainEntityOfPage":{"@id":"https:\/\/eldigitaldeasturias.com\/magazine365\/la-diputacion-de-castellon-coordina-con-hoteles-y-campings-acciones-para-luchar-contra-la-plaga-del-mosquito\/#webpage"},"isPartOf":{"@id":"https:\/\/eldigitaldeasturias.com\/magazine365\/la-diputacion-de-castellon-coordina-con-hoteles-y-campings-acciones-para-luchar-contra-la-plaga-del-mosquito\/#webpage"},"articleSection":"Noticias y Actualidad"},{"@type":"BreadcrumbList","@id":"https:\/\/eldigitaldeasturias.com\/magazine365\/la-diputacion-de-castellon-coordina-con-hoteles-y-campings-acciones-para-luchar-contra-la-plaga-del-mosquito\/#breadcrumblist","itemListElement":[{"@type":"ListItem","@id":"https:\/\/eldigitaldeasturias.com\/magazine365#listItem","position":1,"name":"Home","item":"https:\/\/eldigitaldeasturias.com\/magazine365","nextItem":{"@type":"ListItem","@id":"https:\/\/eldigitaldeasturias.com\/magazine365\/category\/noticias-actualidad\/#listItem","name":"Noticias y Actualidad"}},{"@type":"ListItem","@id":"https:\/\/eldigitaldeasturias.com\/magazine365\/category\/noticias-actualidad\/#listItem","position":2,"name":"Noticias y Actualidad","item":"https:\/\/eldigitaldeasturias.com\/magazine365\/category\/noticias-actualidad\/","nextItem":{"@type":"ListItem","@id":"https:\/\/eldigitaldeasturias.com\/magazine365\/la-diputacion-de-castellon-coordina-con-hoteles-y-campings-acciones-para-luchar-contra-la-plaga-del-mosquito\/#listItem","name":"La Diputaci\u00f3n de Castell\u00f3n coordina con hoteles y campings acciones para luchar contra la plaga del mosquito"},"previousItem":{"@type":"ListItem","@id":"https:\/\/eldigitaldeasturias.com\/magazine365#listItem","name":"Home"}},{"@type":"ListItem","@id":"https:\/\/eldigitaldeasturias.com\/magazine365\/la-diputacion-de-castellon-coordina-con-hoteles-y-campings-acciones-para-luchar-contra-la-plaga-del-mosquito\/#listItem","position":3,"name":"La Diputaci\u00f3n de Castell\u00f3n coordina con hoteles y campings acciones para luchar contra la plaga del mosquito","previousItem":{"@type":"ListItem","@id":"https:\/\/eldigitaldeasturias.com\/magazine365\/category\/noticias-actualidad\/#listItem","name":"Noticias y Actualidad"}}]},{"@type":"Organization","@id":"https:\/\/eldigitaldeasturias.com\/magazine365\/#organization","name":"El digital de Asturias","description":"Revista de ocio, turismo y estilo de vida","url":"https:\/\/eldigitaldeasturias.com\/magazine365\/","logo":{"@type":"ImageObject","url":"https:\/\/www.eldigitaldeasturias.com\/noticias\/wp-content\/uploads\/2020\/12\/EDA.jpg","@id":"https:\/\/eldigitaldeasturias.com\/magazine365\/la-diputacion-de-castellon-coordina-con-hoteles-y-campings-acciones-para-luchar-contra-la-plaga-del-mosquito\/#organizationLogo"},"image":{"@id":"https:\/\/eldigitaldeasturias.com\/magazine365\/la-diputacion-de-castellon-coordina-con-hoteles-y-campings-acciones-para-luchar-contra-la-plaga-del-mosquito\/#organizationLogo"}},{"@type":"Person","@id":"https:\/\/eldigitaldeasturias.com\/magazine365\/author\/admin\/#author","url":"https:\/\/eldigitaldeasturias.com\/magazine365\/author\/admin\/","name":"admin","image":{"@type":"ImageObject","@id":"https:\/\/eldigitaldeasturias.com\/magazine365\/la-diputacion-de-castellon-coordina-con-hoteles-y-campings-acciones-para-luchar-contra-la-plaga-del-mosquito\/#authorImage","url":"https:\/\/eldigitaldeasturias.com\/magazine365\/wp-content\/litespeed\/avatar\/e571bcf59a0edd6fa6838245a470f2fe.jpg?ver=1776969259","width":96,"height":96,"caption":"admin"}},{"@type":"WebPage","@id":"https:\/\/eldigitaldeasturias.com\/magazine365\/la-diputacion-de-castellon-coordina-con-hoteles-y-campings-acciones-para-luchar-contra-la-plaga-del-mosquito\/#webpage","url":"https:\/\/eldigitaldeasturias.com\/magazine365\/la-diputacion-de-castellon-coordina-con-hoteles-y-campings-acciones-para-luchar-contra-la-plaga-del-mosquito\/","name":"La Diputaci\u00f3n de Castell\u00f3n coordina con hoteles y campings acciones para luchar contra la plaga del mosquito | El Digital de Asturias","description":"La Diputaci\u00f3n de Castell\u00f3n ha reunido este viernes en una sesi\u00f3n de trabajo a profesionales hoteleros y responsables de campings de la provincia de Castell\u00f3n con el objetivo de exponer la bater\u00eda de acciones emprendida por la instituci\u00f3n para luchar contra los mosquitos, a trav\u00e9s del Servicio Provincial de Plagas, y conocer las experiencias de","inLanguage":"es-ES","isPartOf":{"@id":"https:\/\/eldigitaldeasturias.com\/magazine365\/#website"},"breadcrumb":{"@id":"https:\/\/eldigitaldeasturias.com\/magazine365\/la-diputacion-de-castellon-coordina-con-hoteles-y-campings-acciones-para-luchar-contra-la-plaga-del-mosquito\/#breadcrumblist"},"author":{"@id":"https:\/\/eldigitaldeasturias.com\/magazine365\/author\/admin\/#author"},"creator":{"@id":"https:\/\/eldigitaldeasturias.com\/magazine365\/author\/admin\/#author"},"image":{"@type":"ImageObject","url":"https:\/\/eldigitaldeasturias.com\/magazine365\/wp-content\/uploads\/2016\/06\/fotonoticia_20160603171136_800.jpg","@id":"https:\/\/eldigitaldeasturias.com\/magazine365\/la-diputacion-de-castellon-coordina-con-hoteles-y-campings-acciones-para-luchar-contra-la-plaga-del-mosquito\/#mainImage","width":800,"height":525},"primaryImageOfPage":{"@id":"https:\/\/eldigitaldeasturias.com\/magazine365\/la-diputacion-de-castellon-coordina-con-hoteles-y-campings-acciones-para-luchar-contra-la-plaga-del-mosquito\/#mainImage"},"datePublished":"2016-06-06T10:34:00+02:00","dateModified":"2016-06-06T10:34:00+02:00"},{"@type":"WebSite","@id":"https:\/\/eldigitaldeasturias.com\/magazine365\/#website","url":"https:\/\/eldigitaldeasturias.com\/magazine365\/","name":"El Digital de Asturias","description":"Revista de ocio, turismo y estilo de vida","inLanguage":"es-ES","publisher":{"@id":"https:\/\/eldigitaldeasturias.com\/magazine365\/#organization"}}]},"og:locale":"es_ES","og:site_name":"El Digital de Asturias \u2013 Revista de ocio, turismo y estilo de vida","og:type":"article","og:title":"La Diputaci\u00f3n de Castell\u00f3n coordina con hoteles y campings acciones para luchar contra la plaga del mosquito | El Digital de Asturias","og:description":"La Diputaci\u00f3n de Castell\u00f3n ha reunido este viernes en una sesi\u00f3n de trabajo a profesionales hoteleros y responsables de campings de la provincia de Castell\u00f3n con el objetivo de exponer la bater\u00eda de acciones emprendida por la instituci\u00f3n para luchar contra los mosquitos, a trav\u00e9s del Servicio Provincial de Plagas, y conocer las experiencias de","og:url":"https:\/\/eldigitaldeasturias.com\/magazine365\/la-diputacion-de-castellon-coordina-con-hoteles-y-campings-acciones-para-luchar-contra-la-plaga-del-mosquito\/","og:image":"https:\/\/eldigitaldeasturias.com\/magazine365\/wp-content\/uploads\/2016\/06\/fotonoticia_20160603171136_800.jpg","og:image:secure_url":"https:\/\/eldigitaldeasturias.com\/magazine365\/wp-content\/uploads\/2016\/06\/fotonoticia_20160603171136_800.jpg","og:image:width":800,"og:image:height":525,"article:published_time":"2016-06-06T08:34:00+00:00","article:modified_time":"2016-06-06T08:34:00+00:00","twitter:card":"summary_large_image","twitter:title":"La Diputaci\u00f3n de Castell\u00f3n coordina con hoteles y campings acciones para luchar contra la plaga del mosquito | El Digital de Asturias","twitter:description":"La Diputaci\u00f3n de Castell\u00f3n ha reunido este viernes en una sesi\u00f3n de trabajo a profesionales hoteleros y responsables de campings de la provincia de Castell\u00f3n con el objetivo de exponer la bater\u00eda de acciones emprendida por la instituci\u00f3n para luchar contra los mosquitos, a trav\u00e9s del Servicio Provincial de Plagas, y conocer las experiencias de","twitter:image":"https:\/\/eldigitaldeasturias.com\/magazine365\/wp-content\/uploads\/2016\/06\/fotonoticia_20160603171136_800.jpg"},"aioseo_meta_data":{"post_id":"77747","title":null,"description":null,"keywords":null,"keyphrases":null,"primary_term":null,"canonical_url":null,"og_title":null,"og_description":null,"og_object_type":"default","og_image_type":"default","og_image_url":null,"og_image_width":null,"og_image_height":null,"og_image_custom_url":null,"og_image_custom_fields":null,"og_video":null,"og_custom_url":null,"og_article_section":null,"og_article_tags":null,"twitter_use_og":false,"twitter_card":"default","twitter_image_type":"default","twitter_image_url":null,"twitter_image_custom_url":null,"twitter_image_custom_fields":null,"twitter_title":null,"twitter_description":null,"schema":{"blockGraphs":[],"customGraphs":[],"default":{"data":{"Article":[],"Course":[],"Dataset":[],"FAQPage":[],"Movie":[],"Person":[],"Product":[],"ProductReview":[],"Car":[],"Recipe":[],"Service":[],"SoftwareApplication":[],"WebPage":[]},"graphName":"","isEnabled":true},"graphs":[],"defaultGraph":"","defaultPostTypeGraph":""},"schema_type":null,"schema_type_options":null,"pillar_content":false,"robots_default":true,"robots_noindex":false,"robots_noarchive":false,"robots_nosnippet":false,"robots_nofollow":false,"robots_noimageindex":false,"robots_noodp":false,"robots_notranslate":false,"robots_max_snippet":null,"robots_max_videopreview":null,"robots_max_imagepreview":"large","priority":null,"frequency":null,"location":null,"local_seo":null,"seo_analyzer_scan_date":"2025-09-27 15:34:15","breadcrumb_settings":null,"limit_modified_date":false,"open_ai":null,"ai":null,"created":"2021-03-08 18:09:42","updated":"2025-09-27 15:34:15"},"aioseo_breadcrumb":"<div class=\"aioseo-breadcrumbs\"><span class=\"aioseo-breadcrumb\">\n\t<a href=\"https:\/\/eldigitaldeasturias.com\/magazine365\" title=\"Home\">Home<\/a>\n<\/span><span class=\"aioseo-breadcrumb-separator\">\u2013<\/span><span class=\"aioseo-breadcrumb\">\n\t<a href=\"https:\/\/eldigitaldeasturias.com\/magazine365\/category\/noticias-actualidad\/\" title=\"Noticias y Actualidad\">Noticias y Actualidad<\/a>\n<\/span><span class=\"aioseo-breadcrumb-separator\">\u2013<\/span><span class=\"aioseo-breadcrumb\">\n\t<a href=\"https:\/\/eldigitaldeasturias.com\/magazine365\/la-diputacion-de-castellon-coordina-con-hoteles-y-campings-acciones-para-luchar-contra-la-plaga-del-mosquito\/\" title=\"La Diputaci\u00f3n de Castell\u00f3n coordina con hoteles y campings acciones para luchar contra la plaga del mosquito\">La Diputaci\u00f3n de Castell\u00f3n coordina con hoteles y campings acciones para luchar contra la plaga del mosquito<\/a>\n<\/span><\/div>","aioseo_breadcrumb_json":[{"label":"Home","link":"https:\/\/eldigitaldeasturias.com\/magazine365"},{"label":"Noticias y Actualidad","link":"https:\/\/eldigitaldeasturias.com\/magazine365\/category\/noticias-actualidad\/"},{"label":"La Diputaci\u00f3n de Castell\u00f3n coordina con hoteles y campings acciones para luchar contra la plaga del mosquito","link":"https:\/\/eldigitaldeasturias.com\/magazine365\/la-diputacion-de-castellon-coordina-con-hoteles-y-campings-acciones-para-luchar-contra-la-plaga-del-mosquito\/"}],"_links":{"self":[{"href":"https:\/\/eldigitaldeasturias.com\/magazine365\/wp-json\/wp\/v2\/posts\/77747","targetHints":{"allow":["GET"]}}],"collection":[{"href":"https:\/\/eldigitaldeasturias.com\/magazine365\/wp-json\/wp\/v2\/posts"}],"about":[{"href":"https:\/\/eldigitaldeasturias.com\/magazine365\/wp-json\/wp\/v2\/types\/post"}],"author":[{"embeddable":true,"href":"https:\/\/eldigitaldeasturias.com\/magazine365\/wp-json\/wp\/v2\/users\/1"}],"replies":[{"embeddable":true,"href":"https:\/\/eldigitaldeasturias.com\/magazine365\/wp-json\/wp\/v2\/comments?post=77747"}],"version-history":[{"count":0,"href":"https:\/\/eldigitaldeasturias.com\/magazine365\/wp-json\/wp\/v2\/posts\/77747\/revisions"}],"wp:featuredmedia":[{"embeddable":true,"href":"https:\/\/eldigitaldeasturias.com\/magazine365\/wp-json\/wp\/v2\/media\/77748"}],"wp:attachment":[{"href":"https:\/\/eldigitaldeasturias.com\/magazine365\/wp-json\/wp\/v2\/media?parent=77747"}],"wp:term":[{"taxonomy":"category","embeddable":true,"href":"https:\/\/eldigitaldeasturias.com\/magazine365\/wp-json\/wp\/v2\/categories?post=77747"},{"taxonomy":"post_tag","embeddable":true,"href":"https:\/\/eldigitaldeasturias.com\/magazine365\/wp-json\/wp\/v2\/tags?post=77747"}],"curies":[{"name":"wp","href":"https:\/\/api.w.org\/{rel}","templated":true}]}}