{"id":77732,"date":"2016-06-06T10:29:32","date_gmt":"2016-06-06T08:29:32","guid":{"rendered":"http:\/\/eldigitaldeasturias.com\/magazine365\/?p=77732"},"modified":"2016-06-06T10:29:32","modified_gmt":"2016-06-06T08:29:32","slug":"metro-amplia-la-informacion-sobre-personajes-historicos-que-dan-nombre-a-una-treintena-de-estaciones","status":"publish","type":"post","link":"https:\/\/eldigitaldeasturias.com\/magazine365\/metro-amplia-la-informacion-sobre-personajes-historicos-que-dan-nombre-a-una-treintena-de-estaciones\/","title":{"rendered":"Metro ampl\u00eda la informaci\u00f3n sobre personajes hist\u00f3ricos que dan nombre a una treintena de estaciones"},"content":{"rendered":"<p><img fetchpriority=\"high\" decoding=\"async\" class=\"alignleft size-medium wp-image-77733\" src=\"https:\/\/eldigitaldeasturias.com\/magazine365\/wp-content\/uploads\/2016\/06\/fotonoticia_20160603155525_800-360x236.jpg\" alt=\"fotonoticia_20160603155525_800\" width=\"360\" height=\"236\" srcset=\"https:\/\/eldigitaldeasturias.com\/magazine365\/wp-content\/uploads\/2016\/06\/fotonoticia_20160603155525_800-360x236.jpg 360w, https:\/\/eldigitaldeasturias.com\/magazine365\/wp-content\/uploads\/2016\/06\/fotonoticia_20160603155525_800-650x427.jpg 650w, https:\/\/eldigitaldeasturias.com\/magazine365\/wp-content\/uploads\/2016\/06\/fotonoticia_20160603155525_800-768x504.jpg 768w, https:\/\/eldigitaldeasturias.com\/magazine365\/wp-content\/uploads\/2016\/06\/fotonoticia_20160603155525_800-150x98.jpg 150w, https:\/\/eldigitaldeasturias.com\/magazine365\/wp-content\/uploads\/2016\/06\/fotonoticia_20160603155525_800-450x295.jpg 450w, https:\/\/eldigitaldeasturias.com\/magazine365\/wp-content\/uploads\/2016\/06\/fotonoticia_20160603155525_800-121x79.jpg 121w, https:\/\/eldigitaldeasturias.com\/magazine365\/wp-content\/uploads\/2016\/06\/fotonoticia_20160603155525_800-101x66.jpg 101w, https:\/\/eldigitaldeasturias.com\/magazine365\/wp-content\/uploads\/2016\/06\/fotonoticia_20160603155525_800-326x213.jpg 326w, https:\/\/eldigitaldeasturias.com\/magazine365\/wp-content\/uploads\/2016\/06\/fotonoticia_20160603155525_800.jpg 800w\" sizes=\"(max-width: 360px) 100vw, 360px\" \/>Metro ampl\u00eda la informaci\u00f3n sobre personajes hist\u00f3ricos que dan nombre a estaciones en una treintena m\u00e1s de paradas despu\u00e9s de firmarse este viernes la renovaci\u00f3n del convenio entre el suburbano, la Academia Metro y la Real Academia de la Historia, ha informado el Gobierno regional en un comunicado.<\/p>\n<p>De este modo, el Metro seguir\u00e1 dando a conocer a los viajeros la vida de personajes hist\u00f3ricos que dieron nombre a las estaciones. Se suman a las 25 estaciones que cuentan ya con carteles explicativos sobre la historia de personajes relevantes de la vida cultural, pol\u00edtica o social espa\u00f1olas.<\/p>\n<p>La renovaci\u00f3n del convenio que desarrolla la iniciativa cultural Correspondencia con la historia ha tenido lugar en la estaci\u00f3n de Ventura Rodr\u00edguez, donde el consejero de Transportes, Vivienda e Infraestructuras, Pedro Roll\u00e1n, ha presentado el cartel sobre la vida del arquitecto que proyect\u00f3 y dirigi\u00f3 las obras de construcci\u00f3n del Palacio de Liria y que da nombre a esta estaci\u00f3n de la l\u00ednea 3 de Metro.<\/p>\n<p>Durante los pr\u00f3ximos meses, otras 29 estaciones permitir\u00e1n al viajero conocer la importancia y la vida de los personajes que les han dado nombre, como Alonso Cano, Alonso de Mendoza, Alvarado, Arg\u00fcelles, Conde de Casal, Diego de Le\u00f3n, Duque de Pastrana, Francos Rodr\u00edguez, Herrera Oria, Juan de la Cierva, Juli\u00e1n Besteiro, Lista, Manuel Becerra, Manuel de Falla, Manuela Malasa\u00f1a, Marqu\u00e9s de la Valdavia, Marqu\u00e9s de Vadillo, Pr\u00edncipe P\u00edo, Quintana, Reyes Cat\u00f3licos, R\u00edos Rosas, Sainz de Baranda, San Crist\u00f3bal, San Ferm\u00edn-Orcasur, San Fernando, San Lorenzo, Serrano, Suances y Usera.<\/p>\n<p>Adem\u00e1s de aportar datos biogr\u00e1ficos del personaje, cada cartel cuenta con un c\u00f3digo QR que puede leerse con un tel\u00e9fono inteligente o tableta para que el viajero que lo desee puede profundizar m\u00e1s en las biograf\u00edas accediendo a una informaci\u00f3n m\u00e1s completa y exhaustiva del Diccionario Biogr\u00e1fico Espa\u00f1ol.<\/p>\n","protected":false},"excerpt":{"rendered":"<p>Metro ampl\u00eda la informaci\u00f3n sobre personajes hist\u00f3ricos que dan nombre a estaciones en una treintena m\u00e1s de paradas despu\u00e9s de firmarse este viernes la renovaci\u00f3n del convenio entre el suburbano, la Academia Metro y la Real Academia de la Historia, ha informado el Gobierno regional en un comunicado. De este modo, el Metro seguir\u00e1 dando<\/p>\n","protected":false},"author":1,"featured_media":77733,"comment_status":"open","ping_status":"closed","sticky":false,"template":"","format":"standard","meta":{"footnotes":""},"categories":[224],"tags":[],"class_list":{"0":"post-77732","1":"post","2":"type-post","3":"status-publish","4":"format-standard","5":"has-post-thumbnail","7":"category-noticias-actualidad"},"aioseo_notices":[],"aioseo_head":"\n\t\t<!-- All in One SEO Pro 4.9.6.1 - aioseo.com -->\n\t<meta name=\"description\" content=\"Metro ampl\u00eda la informaci\u00f3n sobre personajes hist\u00f3ricos que dan nombre a estaciones en una treintena m\u00e1s de paradas despu\u00e9s de firmarse este viernes la renovaci\u00f3n del convenio entre el suburbano, la Academia Metro y la Real Academia de la Historia, ha informado el Gobierno regional en un comunicado. De este modo, el Metro seguir\u00e1 dando\" \/>\n\t<meta name=\"robots\" content=\"max-image-preview:large\" \/>\n\t<meta name=\"author\" content=\"admin\"\/>\n\t<meta name=\"google-site-verification\" content=\"UA-38556648-1\" \/>\n\t<meta name=\"keywords\" content=\"noticias y actualidad\" \/>\n\t<link rel=\"canonical\" href=\"https:\/\/eldigitaldeasturias.com\/magazine365\/metro-amplia-la-informacion-sobre-personajes-historicos-que-dan-nombre-a-una-treintena-de-estaciones\/\" \/>\n\t<meta name=\"generator\" content=\"All in One SEO Pro (AIOSEO) 4.9.6.1\" \/>\n\t\t<meta property=\"og:locale\" content=\"es_ES\" \/>\n\t\t<meta property=\"og:site_name\" content=\"El Digital de Asturias \u2013 Revista de ocio, turismo y estilo de vida\" \/>\n\t\t<meta property=\"og:type\" content=\"article\" \/>\n\t\t<meta property=\"og:title\" content=\"Metro ampl\u00eda la informaci\u00f3n sobre personajes hist\u00f3ricos que dan nombre a una treintena de estaciones | El Digital de Asturias\" \/>\n\t\t<meta property=\"og:description\" content=\"Metro ampl\u00eda la informaci\u00f3n sobre personajes hist\u00f3ricos que dan nombre a estaciones en una treintena m\u00e1s de paradas despu\u00e9s de firmarse este viernes la renovaci\u00f3n del convenio entre el suburbano, la Academia Metro y la Real Academia de la Historia, ha informado el Gobierno regional en un comunicado. De este modo, el Metro seguir\u00e1 dando\" \/>\n\t\t<meta property=\"og:url\" content=\"https:\/\/eldigitaldeasturias.com\/magazine365\/metro-amplia-la-informacion-sobre-personajes-historicos-que-dan-nombre-a-una-treintena-de-estaciones\/\" \/>\n\t\t<meta property=\"og:image\" content=\"https:\/\/eldigitaldeasturias.com\/magazine365\/wp-content\/uploads\/2016\/06\/fotonoticia_20160603155525_800.jpg\" \/>\n\t\t<meta property=\"og:image:secure_url\" content=\"https:\/\/eldigitaldeasturias.com\/magazine365\/wp-content\/uploads\/2016\/06\/fotonoticia_20160603155525_800.jpg\" \/>\n\t\t<meta property=\"og:image:width\" content=\"800\" \/>\n\t\t<meta property=\"og:image:height\" content=\"525\" \/>\n\t\t<meta property=\"article:published_time\" content=\"2016-06-06T08:29:32+00:00\" \/>\n\t\t<meta property=\"article:modified_time\" content=\"2016-06-06T08:29:32+00:00\" \/>\n\t\t<meta name=\"twitter:card\" content=\"summary_large_image\" \/>\n\t\t<meta name=\"twitter:title\" content=\"Metro ampl\u00eda la informaci\u00f3n sobre personajes hist\u00f3ricos que dan nombre a una treintena de estaciones | El Digital de Asturias\" \/>\n\t\t<meta name=\"twitter:description\" content=\"Metro ampl\u00eda la informaci\u00f3n sobre personajes hist\u00f3ricos que dan nombre a estaciones en una treintena m\u00e1s de paradas despu\u00e9s de firmarse este viernes la renovaci\u00f3n del convenio entre el suburbano, la Academia Metro y la Real Academia de la Historia, ha informado el Gobierno regional en un comunicado. De este modo, el Metro seguir\u00e1 dando\" \/>\n\t\t<meta name=\"twitter:image\" content=\"https:\/\/eldigitaldeasturias.com\/magazine365\/wp-content\/uploads\/2016\/06\/fotonoticia_20160603155525_800.jpg\" \/>\n\t\t<script type=\"application\/ld+json\" class=\"aioseo-schema\">\n\t\t\t{\"@context\":\"https:\\\/\\\/schema.org\",\"@graph\":[{\"@type\":\"Article\",\"@id\":\"https:\\\/\\\/eldigitaldeasturias.com\\\/magazine365\\\/metro-amplia-la-informacion-sobre-personajes-historicos-que-dan-nombre-a-una-treintena-de-estaciones\\\/#article\",\"name\":\"Metro ampl\\u00eda la informaci\\u00f3n sobre personajes hist\\u00f3ricos que dan nombre a una treintena de estaciones | El Digital de Asturias\",\"headline\":\"Metro ampl\\u00eda la informaci\\u00f3n sobre personajes hist\\u00f3ricos que dan nombre a una treintena de estaciones\",\"author\":{\"@id\":\"https:\\\/\\\/eldigitaldeasturias.com\\\/magazine365\\\/author\\\/admin\\\/#author\"},\"publisher\":{\"@id\":\"https:\\\/\\\/eldigitaldeasturias.com\\\/magazine365\\\/#organization\"},\"image\":{\"@type\":\"ImageObject\",\"url\":\"https:\\\/\\\/eldigitaldeasturias.com\\\/magazine365\\\/wp-content\\\/uploads\\\/2016\\\/06\\\/fotonoticia_20160603155525_800.jpg\",\"width\":800,\"height\":525},\"datePublished\":\"2016-06-06T10:29:32+02:00\",\"dateModified\":\"2016-06-06T10:29:32+02:00\",\"inLanguage\":\"es-ES\",\"mainEntityOfPage\":{\"@id\":\"https:\\\/\\\/eldigitaldeasturias.com\\\/magazine365\\\/metro-amplia-la-informacion-sobre-personajes-historicos-que-dan-nombre-a-una-treintena-de-estaciones\\\/#webpage\"},\"isPartOf\":{\"@id\":\"https:\\\/\\\/eldigitaldeasturias.com\\\/magazine365\\\/metro-amplia-la-informacion-sobre-personajes-historicos-que-dan-nombre-a-una-treintena-de-estaciones\\\/#webpage\"},\"articleSection\":\"Noticias y Actualidad\"},{\"@type\":\"BreadcrumbList\",\"@id\":\"https:\\\/\\\/eldigitaldeasturias.com\\\/magazine365\\\/metro-amplia-la-informacion-sobre-personajes-historicos-que-dan-nombre-a-una-treintena-de-estaciones\\\/#breadcrumblist\",\"itemListElement\":[{\"@type\":\"ListItem\",\"@id\":\"https:\\\/\\\/eldigitaldeasturias.com\\\/magazine365#listItem\",\"position\":1,\"name\":\"Home\",\"item\":\"https:\\\/\\\/eldigitaldeasturias.com\\\/magazine365\",\"nextItem\":{\"@type\":\"ListItem\",\"@id\":\"https:\\\/\\\/eldigitaldeasturias.com\\\/magazine365\\\/category\\\/noticias-actualidad\\\/#listItem\",\"name\":\"Noticias y Actualidad\"}},{\"@type\":\"ListItem\",\"@id\":\"https:\\\/\\\/eldigitaldeasturias.com\\\/magazine365\\\/category\\\/noticias-actualidad\\\/#listItem\",\"position\":2,\"name\":\"Noticias y Actualidad\",\"item\":\"https:\\\/\\\/eldigitaldeasturias.com\\\/magazine365\\\/category\\\/noticias-actualidad\\\/\",\"nextItem\":{\"@type\":\"ListItem\",\"@id\":\"https:\\\/\\\/eldigitaldeasturias.com\\\/magazine365\\\/metro-amplia-la-informacion-sobre-personajes-historicos-que-dan-nombre-a-una-treintena-de-estaciones\\\/#listItem\",\"name\":\"Metro ampl\\u00eda la informaci\\u00f3n sobre personajes hist\\u00f3ricos que dan nombre a una treintena de estaciones\"},\"previousItem\":{\"@type\":\"ListItem\",\"@id\":\"https:\\\/\\\/eldigitaldeasturias.com\\\/magazine365#listItem\",\"name\":\"Home\"}},{\"@type\":\"ListItem\",\"@id\":\"https:\\\/\\\/eldigitaldeasturias.com\\\/magazine365\\\/metro-amplia-la-informacion-sobre-personajes-historicos-que-dan-nombre-a-una-treintena-de-estaciones\\\/#listItem\",\"position\":3,\"name\":\"Metro ampl\\u00eda la informaci\\u00f3n sobre personajes hist\\u00f3ricos que dan nombre a una treintena de estaciones\",\"previousItem\":{\"@type\":\"ListItem\",\"@id\":\"https:\\\/\\\/eldigitaldeasturias.com\\\/magazine365\\\/category\\\/noticias-actualidad\\\/#listItem\",\"name\":\"Noticias y Actualidad\"}}]},{\"@type\":\"Organization\",\"@id\":\"https:\\\/\\\/eldigitaldeasturias.com\\\/magazine365\\\/#organization\",\"name\":\"El digital de Asturias\",\"description\":\"Revista de ocio, turismo y estilo de vida\",\"url\":\"https:\\\/\\\/eldigitaldeasturias.com\\\/magazine365\\\/\",\"logo\":{\"@type\":\"ImageObject\",\"url\":\"https:\\\/\\\/www.eldigitaldeasturias.com\\\/noticias\\\/wp-content\\\/uploads\\\/2020\\\/12\\\/EDA.jpg\",\"@id\":\"https:\\\/\\\/eldigitaldeasturias.com\\\/magazine365\\\/metro-amplia-la-informacion-sobre-personajes-historicos-que-dan-nombre-a-una-treintena-de-estaciones\\\/#organizationLogo\"},\"image\":{\"@id\":\"https:\\\/\\\/eldigitaldeasturias.com\\\/magazine365\\\/metro-amplia-la-informacion-sobre-personajes-historicos-que-dan-nombre-a-una-treintena-de-estaciones\\\/#organizationLogo\"}},{\"@type\":\"Person\",\"@id\":\"https:\\\/\\\/eldigitaldeasturias.com\\\/magazine365\\\/author\\\/admin\\\/#author\",\"url\":\"https:\\\/\\\/eldigitaldeasturias.com\\\/magazine365\\\/author\\\/admin\\\/\",\"name\":\"admin\",\"image\":{\"@type\":\"ImageObject\",\"@id\":\"https:\\\/\\\/eldigitaldeasturias.com\\\/magazine365\\\/metro-amplia-la-informacion-sobre-personajes-historicos-que-dan-nombre-a-una-treintena-de-estaciones\\\/#authorImage\",\"url\":\"https:\\\/\\\/eldigitaldeasturias.com\\\/magazine365\\\/wp-content\\\/litespeed\\\/avatar\\\/e571bcf59a0edd6fa6838245a470f2fe.jpg?ver=1776969259\",\"width\":96,\"height\":96,\"caption\":\"admin\"}},{\"@type\":\"WebPage\",\"@id\":\"https:\\\/\\\/eldigitaldeasturias.com\\\/magazine365\\\/metro-amplia-la-informacion-sobre-personajes-historicos-que-dan-nombre-a-una-treintena-de-estaciones\\\/#webpage\",\"url\":\"https:\\\/\\\/eldigitaldeasturias.com\\\/magazine365\\\/metro-amplia-la-informacion-sobre-personajes-historicos-que-dan-nombre-a-una-treintena-de-estaciones\\\/\",\"name\":\"Metro ampl\\u00eda la informaci\\u00f3n sobre personajes hist\\u00f3ricos que dan nombre a una treintena de estaciones | El Digital de Asturias\",\"description\":\"Metro ampl\\u00eda la informaci\\u00f3n sobre personajes hist\\u00f3ricos que dan nombre a estaciones en una treintena m\\u00e1s de paradas despu\\u00e9s de firmarse este viernes la renovaci\\u00f3n del convenio entre el suburbano, la Academia Metro y la Real Academia de la Historia, ha informado el Gobierno regional en un comunicado. De este modo, el Metro seguir\\u00e1 dando\",\"inLanguage\":\"es-ES\",\"isPartOf\":{\"@id\":\"https:\\\/\\\/eldigitaldeasturias.com\\\/magazine365\\\/#website\"},\"breadcrumb\":{\"@id\":\"https:\\\/\\\/eldigitaldeasturias.com\\\/magazine365\\\/metro-amplia-la-informacion-sobre-personajes-historicos-que-dan-nombre-a-una-treintena-de-estaciones\\\/#breadcrumblist\"},\"author\":{\"@id\":\"https:\\\/\\\/eldigitaldeasturias.com\\\/magazine365\\\/author\\\/admin\\\/#author\"},\"creator\":{\"@id\":\"https:\\\/\\\/eldigitaldeasturias.com\\\/magazine365\\\/author\\\/admin\\\/#author\"},\"image\":{\"@type\":\"ImageObject\",\"url\":\"https:\\\/\\\/eldigitaldeasturias.com\\\/magazine365\\\/wp-content\\\/uploads\\\/2016\\\/06\\\/fotonoticia_20160603155525_800.jpg\",\"@id\":\"https:\\\/\\\/eldigitaldeasturias.com\\\/magazine365\\\/metro-amplia-la-informacion-sobre-personajes-historicos-que-dan-nombre-a-una-treintena-de-estaciones\\\/#mainImage\",\"width\":800,\"height\":525},\"primaryImageOfPage\":{\"@id\":\"https:\\\/\\\/eldigitaldeasturias.com\\\/magazine365\\\/metro-amplia-la-informacion-sobre-personajes-historicos-que-dan-nombre-a-una-treintena-de-estaciones\\\/#mainImage\"},\"datePublished\":\"2016-06-06T10:29:32+02:00\",\"dateModified\":\"2016-06-06T10:29:32+02:00\"},{\"@type\":\"WebSite\",\"@id\":\"https:\\\/\\\/eldigitaldeasturias.com\\\/magazine365\\\/#website\",\"url\":\"https:\\\/\\\/eldigitaldeasturias.com\\\/magazine365\\\/\",\"name\":\"El Digital de Asturias\",\"description\":\"Revista de ocio, turismo y estilo de vida\",\"inLanguage\":\"es-ES\",\"publisher\":{\"@id\":\"https:\\\/\\\/eldigitaldeasturias.com\\\/magazine365\\\/#organization\"}}]}\n\t\t<\/script>\n\t\t<!-- All in One SEO Pro -->\r\n\t\t<title>Metro ampl\u00eda la informaci\u00f3n sobre personajes hist\u00f3ricos que dan nombre a una treintena de estaciones | El Digital de Asturias<\/title>\n\n","aioseo_head_json":{"title":"Metro ampl\u00eda la informaci\u00f3n sobre personajes hist\u00f3ricos que dan nombre a una treintena de estaciones | El Digital de Asturias","description":"Metro ampl\u00eda la informaci\u00f3n sobre personajes hist\u00f3ricos que dan nombre a estaciones en una treintena m\u00e1s de paradas despu\u00e9s de firmarse este viernes la renovaci\u00f3n del convenio entre el suburbano, la Academia Metro y la Real Academia de la Historia, ha informado el Gobierno regional en un comunicado. De este modo, el Metro seguir\u00e1 dando","canonical_url":"https:\/\/eldigitaldeasturias.com\/magazine365\/metro-amplia-la-informacion-sobre-personajes-historicos-que-dan-nombre-a-una-treintena-de-estaciones\/","robots":"max-image-preview:large","keywords":"noticias y actualidad","webmasterTools":{"google-site-verification":"UA-38556648-1","miscellaneous":""},"schema":{"@context":"https:\/\/schema.org","@graph":[{"@type":"Article","@id":"https:\/\/eldigitaldeasturias.com\/magazine365\/metro-amplia-la-informacion-sobre-personajes-historicos-que-dan-nombre-a-una-treintena-de-estaciones\/#article","name":"Metro ampl\u00eda la informaci\u00f3n sobre personajes hist\u00f3ricos que dan nombre a una treintena de estaciones | El Digital de Asturias","headline":"Metro ampl\u00eda la informaci\u00f3n sobre personajes hist\u00f3ricos que dan nombre a una treintena de estaciones","author":{"@id":"https:\/\/eldigitaldeasturias.com\/magazine365\/author\/admin\/#author"},"publisher":{"@id":"https:\/\/eldigitaldeasturias.com\/magazine365\/#organization"},"image":{"@type":"ImageObject","url":"https:\/\/eldigitaldeasturias.com\/magazine365\/wp-content\/uploads\/2016\/06\/fotonoticia_20160603155525_800.jpg","width":800,"height":525},"datePublished":"2016-06-06T10:29:32+02:00","dateModified":"2016-06-06T10:29:32+02:00","inLanguage":"es-ES","mainEntityOfPage":{"@id":"https:\/\/eldigitaldeasturias.com\/magazine365\/metro-amplia-la-informacion-sobre-personajes-historicos-que-dan-nombre-a-una-treintena-de-estaciones\/#webpage"},"isPartOf":{"@id":"https:\/\/eldigitaldeasturias.com\/magazine365\/metro-amplia-la-informacion-sobre-personajes-historicos-que-dan-nombre-a-una-treintena-de-estaciones\/#webpage"},"articleSection":"Noticias y Actualidad"},{"@type":"BreadcrumbList","@id":"https:\/\/eldigitaldeasturias.com\/magazine365\/metro-amplia-la-informacion-sobre-personajes-historicos-que-dan-nombre-a-una-treintena-de-estaciones\/#breadcrumblist","itemListElement":[{"@type":"ListItem","@id":"https:\/\/eldigitaldeasturias.com\/magazine365#listItem","position":1,"name":"Home","item":"https:\/\/eldigitaldeasturias.com\/magazine365","nextItem":{"@type":"ListItem","@id":"https:\/\/eldigitaldeasturias.com\/magazine365\/category\/noticias-actualidad\/#listItem","name":"Noticias y Actualidad"}},{"@type":"ListItem","@id":"https:\/\/eldigitaldeasturias.com\/magazine365\/category\/noticias-actualidad\/#listItem","position":2,"name":"Noticias y Actualidad","item":"https:\/\/eldigitaldeasturias.com\/magazine365\/category\/noticias-actualidad\/","nextItem":{"@type":"ListItem","@id":"https:\/\/eldigitaldeasturias.com\/magazine365\/metro-amplia-la-informacion-sobre-personajes-historicos-que-dan-nombre-a-una-treintena-de-estaciones\/#listItem","name":"Metro ampl\u00eda la informaci\u00f3n sobre personajes hist\u00f3ricos que dan nombre a una treintena de estaciones"},"previousItem":{"@type":"ListItem","@id":"https:\/\/eldigitaldeasturias.com\/magazine365#listItem","name":"Home"}},{"@type":"ListItem","@id":"https:\/\/eldigitaldeasturias.com\/magazine365\/metro-amplia-la-informacion-sobre-personajes-historicos-que-dan-nombre-a-una-treintena-de-estaciones\/#listItem","position":3,"name":"Metro ampl\u00eda la informaci\u00f3n sobre personajes hist\u00f3ricos que dan nombre a una treintena de estaciones","previousItem":{"@type":"ListItem","@id":"https:\/\/eldigitaldeasturias.com\/magazine365\/category\/noticias-actualidad\/#listItem","name":"Noticias y Actualidad"}}]},{"@type":"Organization","@id":"https:\/\/eldigitaldeasturias.com\/magazine365\/#organization","name":"El digital de Asturias","description":"Revista de ocio, turismo y estilo de vida","url":"https:\/\/eldigitaldeasturias.com\/magazine365\/","logo":{"@type":"ImageObject","url":"https:\/\/www.eldigitaldeasturias.com\/noticias\/wp-content\/uploads\/2020\/12\/EDA.jpg","@id":"https:\/\/eldigitaldeasturias.com\/magazine365\/metro-amplia-la-informacion-sobre-personajes-historicos-que-dan-nombre-a-una-treintena-de-estaciones\/#organizationLogo"},"image":{"@id":"https:\/\/eldigitaldeasturias.com\/magazine365\/metro-amplia-la-informacion-sobre-personajes-historicos-que-dan-nombre-a-una-treintena-de-estaciones\/#organizationLogo"}},{"@type":"Person","@id":"https:\/\/eldigitaldeasturias.com\/magazine365\/author\/admin\/#author","url":"https:\/\/eldigitaldeasturias.com\/magazine365\/author\/admin\/","name":"admin","image":{"@type":"ImageObject","@id":"https:\/\/eldigitaldeasturias.com\/magazine365\/metro-amplia-la-informacion-sobre-personajes-historicos-que-dan-nombre-a-una-treintena-de-estaciones\/#authorImage","url":"https:\/\/eldigitaldeasturias.com\/magazine365\/wp-content\/litespeed\/avatar\/e571bcf59a0edd6fa6838245a470f2fe.jpg?ver=1776969259","width":96,"height":96,"caption":"admin"}},{"@type":"WebPage","@id":"https:\/\/eldigitaldeasturias.com\/magazine365\/metro-amplia-la-informacion-sobre-personajes-historicos-que-dan-nombre-a-una-treintena-de-estaciones\/#webpage","url":"https:\/\/eldigitaldeasturias.com\/magazine365\/metro-amplia-la-informacion-sobre-personajes-historicos-que-dan-nombre-a-una-treintena-de-estaciones\/","name":"Metro ampl\u00eda la informaci\u00f3n sobre personajes hist\u00f3ricos que dan nombre a una treintena de estaciones | El Digital de Asturias","description":"Metro ampl\u00eda la informaci\u00f3n sobre personajes hist\u00f3ricos que dan nombre a estaciones en una treintena m\u00e1s de paradas despu\u00e9s de firmarse este viernes la renovaci\u00f3n del convenio entre el suburbano, la Academia Metro y la Real Academia de la Historia, ha informado el Gobierno regional en un comunicado. De este modo, el Metro seguir\u00e1 dando","inLanguage":"es-ES","isPartOf":{"@id":"https:\/\/eldigitaldeasturias.com\/magazine365\/#website"},"breadcrumb":{"@id":"https:\/\/eldigitaldeasturias.com\/magazine365\/metro-amplia-la-informacion-sobre-personajes-historicos-que-dan-nombre-a-una-treintena-de-estaciones\/#breadcrumblist"},"author":{"@id":"https:\/\/eldigitaldeasturias.com\/magazine365\/author\/admin\/#author"},"creator":{"@id":"https:\/\/eldigitaldeasturias.com\/magazine365\/author\/admin\/#author"},"image":{"@type":"ImageObject","url":"https:\/\/eldigitaldeasturias.com\/magazine365\/wp-content\/uploads\/2016\/06\/fotonoticia_20160603155525_800.jpg","@id":"https:\/\/eldigitaldeasturias.com\/magazine365\/metro-amplia-la-informacion-sobre-personajes-historicos-que-dan-nombre-a-una-treintena-de-estaciones\/#mainImage","width":800,"height":525},"primaryImageOfPage":{"@id":"https:\/\/eldigitaldeasturias.com\/magazine365\/metro-amplia-la-informacion-sobre-personajes-historicos-que-dan-nombre-a-una-treintena-de-estaciones\/#mainImage"},"datePublished":"2016-06-06T10:29:32+02:00","dateModified":"2016-06-06T10:29:32+02:00"},{"@type":"WebSite","@id":"https:\/\/eldigitaldeasturias.com\/magazine365\/#website","url":"https:\/\/eldigitaldeasturias.com\/magazine365\/","name":"El Digital de Asturias","description":"Revista de ocio, turismo y estilo de vida","inLanguage":"es-ES","publisher":{"@id":"https:\/\/eldigitaldeasturias.com\/magazine365\/#organization"}}]},"og:locale":"es_ES","og:site_name":"El Digital de Asturias \u2013 Revista de ocio, turismo y estilo de vida","og:type":"article","og:title":"Metro ampl\u00eda la informaci\u00f3n sobre personajes hist\u00f3ricos que dan nombre a una treintena de estaciones | El Digital de Asturias","og:description":"Metro ampl\u00eda la informaci\u00f3n sobre personajes hist\u00f3ricos que dan nombre a estaciones en una treintena m\u00e1s de paradas despu\u00e9s de firmarse este viernes la renovaci\u00f3n del convenio entre el suburbano, la Academia Metro y la Real Academia de la Historia, ha informado el Gobierno regional en un comunicado. De este modo, el Metro seguir\u00e1 dando","og:url":"https:\/\/eldigitaldeasturias.com\/magazine365\/metro-amplia-la-informacion-sobre-personajes-historicos-que-dan-nombre-a-una-treintena-de-estaciones\/","og:image":"https:\/\/eldigitaldeasturias.com\/magazine365\/wp-content\/uploads\/2016\/06\/fotonoticia_20160603155525_800.jpg","og:image:secure_url":"https:\/\/eldigitaldeasturias.com\/magazine365\/wp-content\/uploads\/2016\/06\/fotonoticia_20160603155525_800.jpg","og:image:width":800,"og:image:height":525,"article:published_time":"2016-06-06T08:29:32+00:00","article:modified_time":"2016-06-06T08:29:32+00:00","twitter:card":"summary_large_image","twitter:title":"Metro ampl\u00eda la informaci\u00f3n sobre personajes hist\u00f3ricos que dan nombre a una treintena de estaciones | El Digital de Asturias","twitter:description":"Metro ampl\u00eda la informaci\u00f3n sobre personajes hist\u00f3ricos que dan nombre a estaciones en una treintena m\u00e1s de paradas despu\u00e9s de firmarse este viernes la renovaci\u00f3n del convenio entre el suburbano, la Academia Metro y la Real Academia de la Historia, ha informado el Gobierno regional en un comunicado. De este modo, el Metro seguir\u00e1 dando","twitter:image":"https:\/\/eldigitaldeasturias.com\/magazine365\/wp-content\/uploads\/2016\/06\/fotonoticia_20160603155525_800.jpg"},"aioseo_meta_data":{"post_id":"77732","title":null,"description":null,"keywords":null,"keyphrases":null,"primary_term":null,"canonical_url":null,"og_title":null,"og_description":null,"og_object_type":"default","og_image_type":"default","og_image_url":null,"og_image_width":null,"og_image_height":null,"og_image_custom_url":null,"og_image_custom_fields":null,"og_video":null,"og_custom_url":null,"og_article_section":null,"og_article_tags":null,"twitter_use_og":false,"twitter_card":"default","twitter_image_type":"default","twitter_image_url":null,"twitter_image_custom_url":null,"twitter_image_custom_fields":null,"twitter_title":null,"twitter_description":null,"schema":{"blockGraphs":[],"customGraphs":[],"default":{"data":{"Article":[],"Course":[],"Dataset":[],"FAQPage":[],"Movie":[],"Person":[],"Product":[],"ProductReview":[],"Car":[],"Recipe":[],"Service":[],"SoftwareApplication":[],"WebPage":[]},"graphName":"","isEnabled":true},"graphs":[],"defaultGraph":"","defaultPostTypeGraph":""},"schema_type":null,"schema_type_options":null,"pillar_content":false,"robots_default":true,"robots_noindex":false,"robots_noarchive":false,"robots_nosnippet":false,"robots_nofollow":false,"robots_noimageindex":false,"robots_noodp":false,"robots_notranslate":false,"robots_max_snippet":null,"robots_max_videopreview":null,"robots_max_imagepreview":"large","priority":null,"frequency":null,"location":null,"local_seo":null,"seo_analyzer_scan_date":"2025-09-27 15:32:45","breadcrumb_settings":null,"limit_modified_date":false,"open_ai":null,"ai":null,"created":"2021-03-08 18:09:42","updated":"2025-09-27 15:32:45"},"aioseo_breadcrumb":"<div class=\"aioseo-breadcrumbs\"><span class=\"aioseo-breadcrumb\">\n\t<a href=\"https:\/\/eldigitaldeasturias.com\/magazine365\" title=\"Home\">Home<\/a>\n<\/span><span class=\"aioseo-breadcrumb-separator\">\u2013<\/span><span class=\"aioseo-breadcrumb\">\n\t<a href=\"https:\/\/eldigitaldeasturias.com\/magazine365\/category\/noticias-actualidad\/\" title=\"Noticias y Actualidad\">Noticias y Actualidad<\/a>\n<\/span><span class=\"aioseo-breadcrumb-separator\">\u2013<\/span><span class=\"aioseo-breadcrumb\">\n\t<a href=\"https:\/\/eldigitaldeasturias.com\/magazine365\/metro-amplia-la-informacion-sobre-personajes-historicos-que-dan-nombre-a-una-treintena-de-estaciones\/\" title=\"Metro ampl\u00eda la informaci\u00f3n sobre personajes hist\u00f3ricos que dan nombre a una treintena de estaciones\">Metro ampl\u00eda la informaci\u00f3n sobre personajes hist\u00f3ricos que dan nombre a una treintena de estaciones<\/a>\n<\/span><\/div>","aioseo_breadcrumb_json":[{"label":"Home","link":"https:\/\/eldigitaldeasturias.com\/magazine365"},{"label":"Noticias y Actualidad","link":"https:\/\/eldigitaldeasturias.com\/magazine365\/category\/noticias-actualidad\/"},{"label":"Metro ampl\u00eda la informaci\u00f3n sobre personajes hist\u00f3ricos que dan nombre a una treintena de estaciones","link":"https:\/\/eldigitaldeasturias.com\/magazine365\/metro-amplia-la-informacion-sobre-personajes-historicos-que-dan-nombre-a-una-treintena-de-estaciones\/"}],"_links":{"self":[{"href":"https:\/\/eldigitaldeasturias.com\/magazine365\/wp-json\/wp\/v2\/posts\/77732","targetHints":{"allow":["GET"]}}],"collection":[{"href":"https:\/\/eldigitaldeasturias.com\/magazine365\/wp-json\/wp\/v2\/posts"}],"about":[{"href":"https:\/\/eldigitaldeasturias.com\/magazine365\/wp-json\/wp\/v2\/types\/post"}],"author":[{"embeddable":true,"href":"https:\/\/eldigitaldeasturias.com\/magazine365\/wp-json\/wp\/v2\/users\/1"}],"replies":[{"embeddable":true,"href":"https:\/\/eldigitaldeasturias.com\/magazine365\/wp-json\/wp\/v2\/comments?post=77732"}],"version-history":[{"count":0,"href":"https:\/\/eldigitaldeasturias.com\/magazine365\/wp-json\/wp\/v2\/posts\/77732\/revisions"}],"wp:featuredmedia":[{"embeddable":true,"href":"https:\/\/eldigitaldeasturias.com\/magazine365\/wp-json\/wp\/v2\/media\/77733"}],"wp:attachment":[{"href":"https:\/\/eldigitaldeasturias.com\/magazine365\/wp-json\/wp\/v2\/media?parent=77732"}],"wp:term":[{"taxonomy":"category","embeddable":true,"href":"https:\/\/eldigitaldeasturias.com\/magazine365\/wp-json\/wp\/v2\/categories?post=77732"},{"taxonomy":"post_tag","embeddable":true,"href":"https:\/\/eldigitaldeasturias.com\/magazine365\/wp-json\/wp\/v2\/tags?post=77732"}],"curies":[{"name":"wp","href":"https:\/\/api.w.org\/{rel}","templated":true}]}}