{"id":77729,"date":"2016-06-06T10:28:47","date_gmt":"2016-06-06T08:28:47","guid":{"rendered":"http:\/\/eldigitaldeasturias.com\/magazine365\/?p=77729"},"modified":"2016-06-06T10:28:47","modified_gmt":"2016-06-06T08:28:47","slug":"colectivos-reclaman-al-ayuntamiento-de-jaen-un-plan-de-descontaminacion-visual-de-los-bic","status":"publish","type":"post","link":"https:\/\/eldigitaldeasturias.com\/magazine365\/colectivos-reclaman-al-ayuntamiento-de-jaen-un-plan-de-descontaminacion-visual-de-los-bic\/","title":{"rendered":"Colectivos reclaman al Ayuntamiento de Ja\u00e9n un plan de descontaminaci\u00f3n visual de los BIC"},"content":{"rendered":"<p><img fetchpriority=\"high\" decoding=\"async\" class=\"alignleft size-medium wp-image-77730\" src=\"https:\/\/eldigitaldeasturias.com\/magazine365\/wp-content\/uploads\/2016\/06\/fotonoticia_20160603155006_800-360x203.jpg\" alt=\"fotonoticia_20160603155006_800\" width=\"360\" height=\"203\" srcset=\"https:\/\/eldigitaldeasturias.com\/magazine365\/wp-content\/uploads\/2016\/06\/fotonoticia_20160603155006_800-360x203.jpg 360w, https:\/\/eldigitaldeasturias.com\/magazine365\/wp-content\/uploads\/2016\/06\/fotonoticia_20160603155006_800-650x366.jpg 650w, https:\/\/eldigitaldeasturias.com\/magazine365\/wp-content\/uploads\/2016\/06\/fotonoticia_20160603155006_800-768x432.jpg 768w, https:\/\/eldigitaldeasturias.com\/magazine365\/wp-content\/uploads\/2016\/06\/fotonoticia_20160603155006_800-150x84.jpg 150w, https:\/\/eldigitaldeasturias.com\/magazine365\/wp-content\/uploads\/2016\/06\/fotonoticia_20160603155006_800-450x253.jpg 450w, https:\/\/eldigitaldeasturias.com\/magazine365\/wp-content\/uploads\/2016\/06\/fotonoticia_20160603155006_800-499x280.jpg 499w, https:\/\/eldigitaldeasturias.com\/magazine365\/wp-content\/uploads\/2016\/06\/fotonoticia_20160603155006_800-510x289.jpg 510w, https:\/\/eldigitaldeasturias.com\/magazine365\/wp-content\/uploads\/2016\/06\/fotonoticia_20160603155006_800.jpg 800w\" sizes=\"(max-width: 360px) 100vw, 360px\" \/>La asociaci\u00f3n &#8216;Inicativas , andamios para las ideas&#8217; junto con Ecologistas en Acci\u00f3n y Acci\u00f3n Conjunta por el Patrimonio de Ja\u00e9n han registrado un escrito instando al Ayuntamiento de Ja\u00e9n a cumplir con la Ley de Patrimonio Hist\u00f3rico de Andaluc\u00eda y as\u00ed elaborar un plan de descontaminaci\u00f3n visual para todos los bienes culturales (BIC) inscritos en el Cat\u00e1logo General del Patrimonio Hist\u00f3rico Andaluz.<\/p>\n<p>El representante de Acci\u00f3n Conjunta, Francisco Jim\u00e9nez, ha indicado a los periodistas que el entorno de muchos de los monumentos e inmuebles que integran el Conjunto Hist\u00f3rico de Ja\u00e9n, declarado Bien de Inter\u00e9s Cultural (BIC) se encuentra en \u00abun deficiente estado de conservaci\u00f3n\u00bb lo que dificulta su disfrute.<\/p>\n<p>Cableados por fuera de las fachadas, antenas, publicidad, r\u00f3tulos o toldos son algunas de las cuestiones que se pretende evitar con la elaboraci\u00f3n de este plan de descontaminaci\u00f3n que ahora se le est\u00e1 exigiendo al consistorio jiennense, una vez que en 2010 expir\u00f3 el plazo marcado por la ley para que los ayuntamientos elaboraran su plan de descontaminaci\u00f3n visual que debe ser aprobado por la Consejer\u00eda de Cultura.<\/p>\n<p>El plan que se le exige al Ayuntamiento de Ja\u00e9n no ser\u00e1 solo para el casco hist\u00f3rico de la capital sino que afectar\u00e1 a cualquier BIC ubicado en el t\u00e9rmino municipal.<\/p>\n<p>Tambi\u00e9n se le reclama en el escrito, que en sinton\u00eda con este plan, los t\u00e9cnicos municipales y tambi\u00e9n de la administraci\u00f3n auton\u00f3mica \u00abpropicien un marco convenido general con las compa\u00f1\u00edas el\u00e9ctricas y de telefon\u00eda que ayude a afrontar la descontaminaci\u00f3n de estas instalaciones\u00bb.<\/p>\n<p>Adem\u00e1s del escrito registrado en el Ayuntamiento, los colectivos que lo suscriben han registrado otro escrito en la Junta de Andaluc\u00eda en la que se pide a la Consejer\u00eda de Cultura que inste al consistorio jiennense a la elaboraci\u00f3n de dicho plan de descontaminaci\u00f3n visual porque as\u00ed viene recogido como \u00abimperativo legal\u00bb en la normativa andaluza.<\/p>\n<p>El portavoz de &#8216;Andamios&#8217;, Carlos Illana, se ha mostrado confiado en que tanto Ayuntamiento como Junta tomen nota de la petici\u00f3n que han registrado, al tiempo que ha apuntado que de no ser as\u00ed no se descarta reclamarlo por la v\u00eda de lo contencioso-administrativo.<\/p>\n","protected":false},"excerpt":{"rendered":"<p>La asociaci\u00f3n &#8216;Inicativas , andamios para las ideas&#8217; junto con Ecologistas en Acci\u00f3n y Acci\u00f3n Conjunta por el Patrimonio de Ja\u00e9n han registrado un escrito instando al Ayuntamiento de Ja\u00e9n a cumplir con la Ley de Patrimonio Hist\u00f3rico de Andaluc\u00eda y as\u00ed elaborar un plan de descontaminaci\u00f3n visual para todos los bienes culturales (BIC) inscritos<\/p>\n","protected":false},"author":1,"featured_media":77730,"comment_status":"open","ping_status":"closed","sticky":false,"template":"","format":"standard","meta":{"footnotes":""},"categories":[224],"tags":[],"class_list":{"0":"post-77729","1":"post","2":"type-post","3":"status-publish","4":"format-standard","5":"has-post-thumbnail","7":"category-noticias-actualidad"},"aioseo_notices":[],"aioseo_head":"\n\t\t<!-- All in One SEO Pro 4.9.6.1 - aioseo.com -->\n\t<meta name=\"description\" content=\"La asociaci\u00f3n &#039;Inicativas , andamios para las ideas&#039; junto con Ecologistas en Acci\u00f3n y Acci\u00f3n Conjunta por el Patrimonio de Ja\u00e9n han registrado un escrito instando al Ayuntamiento de Ja\u00e9n a cumplir con la Ley de Patrimonio Hist\u00f3rico de Andaluc\u00eda y as\u00ed elaborar un plan de descontaminaci\u00f3n visual para todos los bienes culturales (BIC) inscritos\" \/>\n\t<meta name=\"robots\" content=\"max-image-preview:large\" \/>\n\t<meta name=\"author\" content=\"admin\"\/>\n\t<meta name=\"google-site-verification\" content=\"UA-38556648-1\" \/>\n\t<meta name=\"keywords\" content=\"noticias y actualidad\" \/>\n\t<link rel=\"canonical\" href=\"https:\/\/eldigitaldeasturias.com\/magazine365\/colectivos-reclaman-al-ayuntamiento-de-jaen-un-plan-de-descontaminacion-visual-de-los-bic\/\" \/>\n\t<meta name=\"generator\" content=\"All in One SEO Pro (AIOSEO) 4.9.6.1\" \/>\n\t\t<meta property=\"og:locale\" content=\"es_ES\" \/>\n\t\t<meta property=\"og:site_name\" content=\"El Digital de Asturias \u2013 Revista de ocio, turismo y estilo de vida\" \/>\n\t\t<meta property=\"og:type\" content=\"article\" \/>\n\t\t<meta property=\"og:title\" content=\"Colectivos reclaman al Ayuntamiento de Ja\u00e9n un plan de descontaminaci\u00f3n visual de los BIC | El Digital de Asturias\" \/>\n\t\t<meta property=\"og:description\" content=\"La asociaci\u00f3n &#039;Inicativas , andamios para las ideas&#039; junto con Ecologistas en Acci\u00f3n y Acci\u00f3n Conjunta por el Patrimonio de Ja\u00e9n han registrado un escrito instando al Ayuntamiento de Ja\u00e9n a cumplir con la Ley de Patrimonio Hist\u00f3rico de Andaluc\u00eda y as\u00ed elaborar un plan de descontaminaci\u00f3n visual para todos los bienes culturales (BIC) inscritos\" \/>\n\t\t<meta property=\"og:url\" content=\"https:\/\/eldigitaldeasturias.com\/magazine365\/colectivos-reclaman-al-ayuntamiento-de-jaen-un-plan-de-descontaminacion-visual-de-los-bic\/\" \/>\n\t\t<meta property=\"og:image\" content=\"https:\/\/eldigitaldeasturias.com\/magazine365\/wp-content\/uploads\/2016\/06\/fotonoticia_20160603155006_800.jpg\" \/>\n\t\t<meta property=\"og:image:secure_url\" content=\"https:\/\/eldigitaldeasturias.com\/magazine365\/wp-content\/uploads\/2016\/06\/fotonoticia_20160603155006_800.jpg\" \/>\n\t\t<meta property=\"og:image:width\" content=\"800\" \/>\n\t\t<meta property=\"og:image:height\" content=\"450\" \/>\n\t\t<meta property=\"article:published_time\" content=\"2016-06-06T08:28:47+00:00\" \/>\n\t\t<meta property=\"article:modified_time\" content=\"2016-06-06T08:28:47+00:00\" \/>\n\t\t<meta name=\"twitter:card\" content=\"summary_large_image\" \/>\n\t\t<meta name=\"twitter:title\" content=\"Colectivos reclaman al Ayuntamiento de Ja\u00e9n un plan de descontaminaci\u00f3n visual de los BIC | El Digital de Asturias\" \/>\n\t\t<meta name=\"twitter:description\" content=\"La asociaci\u00f3n &#039;Inicativas , andamios para las ideas&#039; junto con Ecologistas en Acci\u00f3n y Acci\u00f3n Conjunta por el Patrimonio de Ja\u00e9n han registrado un escrito instando al Ayuntamiento de Ja\u00e9n a cumplir con la Ley de Patrimonio Hist\u00f3rico de Andaluc\u00eda y as\u00ed elaborar un plan de descontaminaci\u00f3n visual para todos los bienes culturales (BIC) inscritos\" \/>\n\t\t<meta name=\"twitter:image\" content=\"https:\/\/eldigitaldeasturias.com\/magazine365\/wp-content\/uploads\/2016\/06\/fotonoticia_20160603155006_800.jpg\" \/>\n\t\t<script type=\"application\/ld+json\" class=\"aioseo-schema\">\n\t\t\t{\"@context\":\"https:\\\/\\\/schema.org\",\"@graph\":[{\"@type\":\"Article\",\"@id\":\"https:\\\/\\\/eldigitaldeasturias.com\\\/magazine365\\\/colectivos-reclaman-al-ayuntamiento-de-jaen-un-plan-de-descontaminacion-visual-de-los-bic\\\/#article\",\"name\":\"Colectivos reclaman al Ayuntamiento de Ja\\u00e9n un plan de descontaminaci\\u00f3n visual de los BIC | El Digital de Asturias\",\"headline\":\"Colectivos reclaman al Ayuntamiento de Ja\\u00e9n un plan de descontaminaci\\u00f3n visual de los BIC\",\"author\":{\"@id\":\"https:\\\/\\\/eldigitaldeasturias.com\\\/magazine365\\\/author\\\/admin\\\/#author\"},\"publisher\":{\"@id\":\"https:\\\/\\\/eldigitaldeasturias.com\\\/magazine365\\\/#organization\"},\"image\":{\"@type\":\"ImageObject\",\"url\":\"https:\\\/\\\/eldigitaldeasturias.com\\\/magazine365\\\/wp-content\\\/uploads\\\/2016\\\/06\\\/fotonoticia_20160603155006_800.jpg\",\"width\":800,\"height\":450},\"datePublished\":\"2016-06-06T10:28:47+02:00\",\"dateModified\":\"2016-06-06T10:28:47+02:00\",\"inLanguage\":\"es-ES\",\"mainEntityOfPage\":{\"@id\":\"https:\\\/\\\/eldigitaldeasturias.com\\\/magazine365\\\/colectivos-reclaman-al-ayuntamiento-de-jaen-un-plan-de-descontaminacion-visual-de-los-bic\\\/#webpage\"},\"isPartOf\":{\"@id\":\"https:\\\/\\\/eldigitaldeasturias.com\\\/magazine365\\\/colectivos-reclaman-al-ayuntamiento-de-jaen-un-plan-de-descontaminacion-visual-de-los-bic\\\/#webpage\"},\"articleSection\":\"Noticias y Actualidad\"},{\"@type\":\"BreadcrumbList\",\"@id\":\"https:\\\/\\\/eldigitaldeasturias.com\\\/magazine365\\\/colectivos-reclaman-al-ayuntamiento-de-jaen-un-plan-de-descontaminacion-visual-de-los-bic\\\/#breadcrumblist\",\"itemListElement\":[{\"@type\":\"ListItem\",\"@id\":\"https:\\\/\\\/eldigitaldeasturias.com\\\/magazine365#listItem\",\"position\":1,\"name\":\"Home\",\"item\":\"https:\\\/\\\/eldigitaldeasturias.com\\\/magazine365\",\"nextItem\":{\"@type\":\"ListItem\",\"@id\":\"https:\\\/\\\/eldigitaldeasturias.com\\\/magazine365\\\/category\\\/noticias-actualidad\\\/#listItem\",\"name\":\"Noticias y Actualidad\"}},{\"@type\":\"ListItem\",\"@id\":\"https:\\\/\\\/eldigitaldeasturias.com\\\/magazine365\\\/category\\\/noticias-actualidad\\\/#listItem\",\"position\":2,\"name\":\"Noticias y Actualidad\",\"item\":\"https:\\\/\\\/eldigitaldeasturias.com\\\/magazine365\\\/category\\\/noticias-actualidad\\\/\",\"nextItem\":{\"@type\":\"ListItem\",\"@id\":\"https:\\\/\\\/eldigitaldeasturias.com\\\/magazine365\\\/colectivos-reclaman-al-ayuntamiento-de-jaen-un-plan-de-descontaminacion-visual-de-los-bic\\\/#listItem\",\"name\":\"Colectivos reclaman al Ayuntamiento de Ja\\u00e9n un plan de descontaminaci\\u00f3n visual de los BIC\"},\"previousItem\":{\"@type\":\"ListItem\",\"@id\":\"https:\\\/\\\/eldigitaldeasturias.com\\\/magazine365#listItem\",\"name\":\"Home\"}},{\"@type\":\"ListItem\",\"@id\":\"https:\\\/\\\/eldigitaldeasturias.com\\\/magazine365\\\/colectivos-reclaman-al-ayuntamiento-de-jaen-un-plan-de-descontaminacion-visual-de-los-bic\\\/#listItem\",\"position\":3,\"name\":\"Colectivos reclaman al Ayuntamiento de Ja\\u00e9n un plan de descontaminaci\\u00f3n visual de los BIC\",\"previousItem\":{\"@type\":\"ListItem\",\"@id\":\"https:\\\/\\\/eldigitaldeasturias.com\\\/magazine365\\\/category\\\/noticias-actualidad\\\/#listItem\",\"name\":\"Noticias y Actualidad\"}}]},{\"@type\":\"Organization\",\"@id\":\"https:\\\/\\\/eldigitaldeasturias.com\\\/magazine365\\\/#organization\",\"name\":\"El digital de Asturias\",\"description\":\"Revista de ocio, turismo y estilo de vida\",\"url\":\"https:\\\/\\\/eldigitaldeasturias.com\\\/magazine365\\\/\",\"logo\":{\"@type\":\"ImageObject\",\"url\":\"https:\\\/\\\/www.eldigitaldeasturias.com\\\/noticias\\\/wp-content\\\/uploads\\\/2020\\\/12\\\/EDA.jpg\",\"@id\":\"https:\\\/\\\/eldigitaldeasturias.com\\\/magazine365\\\/colectivos-reclaman-al-ayuntamiento-de-jaen-un-plan-de-descontaminacion-visual-de-los-bic\\\/#organizationLogo\"},\"image\":{\"@id\":\"https:\\\/\\\/eldigitaldeasturias.com\\\/magazine365\\\/colectivos-reclaman-al-ayuntamiento-de-jaen-un-plan-de-descontaminacion-visual-de-los-bic\\\/#organizationLogo\"}},{\"@type\":\"Person\",\"@id\":\"https:\\\/\\\/eldigitaldeasturias.com\\\/magazine365\\\/author\\\/admin\\\/#author\",\"url\":\"https:\\\/\\\/eldigitaldeasturias.com\\\/magazine365\\\/author\\\/admin\\\/\",\"name\":\"admin\",\"image\":{\"@type\":\"ImageObject\",\"@id\":\"https:\\\/\\\/eldigitaldeasturias.com\\\/magazine365\\\/colectivos-reclaman-al-ayuntamiento-de-jaen-un-plan-de-descontaminacion-visual-de-los-bic\\\/#authorImage\",\"url\":\"https:\\\/\\\/eldigitaldeasturias.com\\\/magazine365\\\/wp-content\\\/litespeed\\\/avatar\\\/e571bcf59a0edd6fa6838245a470f2fe.jpg?ver=1776969259\",\"width\":96,\"height\":96,\"caption\":\"admin\"}},{\"@type\":\"WebPage\",\"@id\":\"https:\\\/\\\/eldigitaldeasturias.com\\\/magazine365\\\/colectivos-reclaman-al-ayuntamiento-de-jaen-un-plan-de-descontaminacion-visual-de-los-bic\\\/#webpage\",\"url\":\"https:\\\/\\\/eldigitaldeasturias.com\\\/magazine365\\\/colectivos-reclaman-al-ayuntamiento-de-jaen-un-plan-de-descontaminacion-visual-de-los-bic\\\/\",\"name\":\"Colectivos reclaman al Ayuntamiento de Ja\\u00e9n un plan de descontaminaci\\u00f3n visual de los BIC | El Digital de Asturias\",\"description\":\"La asociaci\\u00f3n 'Inicativas , andamios para las ideas' junto con Ecologistas en Acci\\u00f3n y Acci\\u00f3n Conjunta por el Patrimonio de Ja\\u00e9n han registrado un escrito instando al Ayuntamiento de Ja\\u00e9n a cumplir con la Ley de Patrimonio Hist\\u00f3rico de Andaluc\\u00eda y as\\u00ed elaborar un plan de descontaminaci\\u00f3n visual para todos los bienes culturales (BIC) inscritos\",\"inLanguage\":\"es-ES\",\"isPartOf\":{\"@id\":\"https:\\\/\\\/eldigitaldeasturias.com\\\/magazine365\\\/#website\"},\"breadcrumb\":{\"@id\":\"https:\\\/\\\/eldigitaldeasturias.com\\\/magazine365\\\/colectivos-reclaman-al-ayuntamiento-de-jaen-un-plan-de-descontaminacion-visual-de-los-bic\\\/#breadcrumblist\"},\"author\":{\"@id\":\"https:\\\/\\\/eldigitaldeasturias.com\\\/magazine365\\\/author\\\/admin\\\/#author\"},\"creator\":{\"@id\":\"https:\\\/\\\/eldigitaldeasturias.com\\\/magazine365\\\/author\\\/admin\\\/#author\"},\"image\":{\"@type\":\"ImageObject\",\"url\":\"https:\\\/\\\/eldigitaldeasturias.com\\\/magazine365\\\/wp-content\\\/uploads\\\/2016\\\/06\\\/fotonoticia_20160603155006_800.jpg\",\"@id\":\"https:\\\/\\\/eldigitaldeasturias.com\\\/magazine365\\\/colectivos-reclaman-al-ayuntamiento-de-jaen-un-plan-de-descontaminacion-visual-de-los-bic\\\/#mainImage\",\"width\":800,\"height\":450},\"primaryImageOfPage\":{\"@id\":\"https:\\\/\\\/eldigitaldeasturias.com\\\/magazine365\\\/colectivos-reclaman-al-ayuntamiento-de-jaen-un-plan-de-descontaminacion-visual-de-los-bic\\\/#mainImage\"},\"datePublished\":\"2016-06-06T10:28:47+02:00\",\"dateModified\":\"2016-06-06T10:28:47+02:00\"},{\"@type\":\"WebSite\",\"@id\":\"https:\\\/\\\/eldigitaldeasturias.com\\\/magazine365\\\/#website\",\"url\":\"https:\\\/\\\/eldigitaldeasturias.com\\\/magazine365\\\/\",\"name\":\"El Digital de Asturias\",\"description\":\"Revista de ocio, turismo y estilo de vida\",\"inLanguage\":\"es-ES\",\"publisher\":{\"@id\":\"https:\\\/\\\/eldigitaldeasturias.com\\\/magazine365\\\/#organization\"}}]}\n\t\t<\/script>\n\t\t<!-- All in One SEO Pro -->\r\n\t\t<title>Colectivos reclaman al Ayuntamiento de Ja\u00e9n un plan de descontaminaci\u00f3n visual de los BIC | El Digital de Asturias<\/title>\n\n","aioseo_head_json":{"title":"Colectivos reclaman al Ayuntamiento de Ja\u00e9n un plan de descontaminaci\u00f3n visual de los BIC | El Digital de Asturias","description":"La asociaci\u00f3n 'Inicativas , andamios para las ideas' junto con Ecologistas en Acci\u00f3n y Acci\u00f3n Conjunta por el Patrimonio de Ja\u00e9n han registrado un escrito instando al Ayuntamiento de Ja\u00e9n a cumplir con la Ley de Patrimonio Hist\u00f3rico de Andaluc\u00eda y as\u00ed elaborar un plan de descontaminaci\u00f3n visual para todos los bienes culturales (BIC) inscritos","canonical_url":"https:\/\/eldigitaldeasturias.com\/magazine365\/colectivos-reclaman-al-ayuntamiento-de-jaen-un-plan-de-descontaminacion-visual-de-los-bic\/","robots":"max-image-preview:large","keywords":"noticias y actualidad","webmasterTools":{"google-site-verification":"UA-38556648-1","miscellaneous":""},"schema":{"@context":"https:\/\/schema.org","@graph":[{"@type":"Article","@id":"https:\/\/eldigitaldeasturias.com\/magazine365\/colectivos-reclaman-al-ayuntamiento-de-jaen-un-plan-de-descontaminacion-visual-de-los-bic\/#article","name":"Colectivos reclaman al Ayuntamiento de Ja\u00e9n un plan de descontaminaci\u00f3n visual de los BIC | El Digital de Asturias","headline":"Colectivos reclaman al Ayuntamiento de Ja\u00e9n un plan de descontaminaci\u00f3n visual de los BIC","author":{"@id":"https:\/\/eldigitaldeasturias.com\/magazine365\/author\/admin\/#author"},"publisher":{"@id":"https:\/\/eldigitaldeasturias.com\/magazine365\/#organization"},"image":{"@type":"ImageObject","url":"https:\/\/eldigitaldeasturias.com\/magazine365\/wp-content\/uploads\/2016\/06\/fotonoticia_20160603155006_800.jpg","width":800,"height":450},"datePublished":"2016-06-06T10:28:47+02:00","dateModified":"2016-06-06T10:28:47+02:00","inLanguage":"es-ES","mainEntityOfPage":{"@id":"https:\/\/eldigitaldeasturias.com\/magazine365\/colectivos-reclaman-al-ayuntamiento-de-jaen-un-plan-de-descontaminacion-visual-de-los-bic\/#webpage"},"isPartOf":{"@id":"https:\/\/eldigitaldeasturias.com\/magazine365\/colectivos-reclaman-al-ayuntamiento-de-jaen-un-plan-de-descontaminacion-visual-de-los-bic\/#webpage"},"articleSection":"Noticias y Actualidad"},{"@type":"BreadcrumbList","@id":"https:\/\/eldigitaldeasturias.com\/magazine365\/colectivos-reclaman-al-ayuntamiento-de-jaen-un-plan-de-descontaminacion-visual-de-los-bic\/#breadcrumblist","itemListElement":[{"@type":"ListItem","@id":"https:\/\/eldigitaldeasturias.com\/magazine365#listItem","position":1,"name":"Home","item":"https:\/\/eldigitaldeasturias.com\/magazine365","nextItem":{"@type":"ListItem","@id":"https:\/\/eldigitaldeasturias.com\/magazine365\/category\/noticias-actualidad\/#listItem","name":"Noticias y Actualidad"}},{"@type":"ListItem","@id":"https:\/\/eldigitaldeasturias.com\/magazine365\/category\/noticias-actualidad\/#listItem","position":2,"name":"Noticias y Actualidad","item":"https:\/\/eldigitaldeasturias.com\/magazine365\/category\/noticias-actualidad\/","nextItem":{"@type":"ListItem","@id":"https:\/\/eldigitaldeasturias.com\/magazine365\/colectivos-reclaman-al-ayuntamiento-de-jaen-un-plan-de-descontaminacion-visual-de-los-bic\/#listItem","name":"Colectivos reclaman al Ayuntamiento de Ja\u00e9n un plan de descontaminaci\u00f3n visual de los BIC"},"previousItem":{"@type":"ListItem","@id":"https:\/\/eldigitaldeasturias.com\/magazine365#listItem","name":"Home"}},{"@type":"ListItem","@id":"https:\/\/eldigitaldeasturias.com\/magazine365\/colectivos-reclaman-al-ayuntamiento-de-jaen-un-plan-de-descontaminacion-visual-de-los-bic\/#listItem","position":3,"name":"Colectivos reclaman al Ayuntamiento de Ja\u00e9n un plan de descontaminaci\u00f3n visual de los BIC","previousItem":{"@type":"ListItem","@id":"https:\/\/eldigitaldeasturias.com\/magazine365\/category\/noticias-actualidad\/#listItem","name":"Noticias y Actualidad"}}]},{"@type":"Organization","@id":"https:\/\/eldigitaldeasturias.com\/magazine365\/#organization","name":"El digital de Asturias","description":"Revista de ocio, turismo y estilo de vida","url":"https:\/\/eldigitaldeasturias.com\/magazine365\/","logo":{"@type":"ImageObject","url":"https:\/\/www.eldigitaldeasturias.com\/noticias\/wp-content\/uploads\/2020\/12\/EDA.jpg","@id":"https:\/\/eldigitaldeasturias.com\/magazine365\/colectivos-reclaman-al-ayuntamiento-de-jaen-un-plan-de-descontaminacion-visual-de-los-bic\/#organizationLogo"},"image":{"@id":"https:\/\/eldigitaldeasturias.com\/magazine365\/colectivos-reclaman-al-ayuntamiento-de-jaen-un-plan-de-descontaminacion-visual-de-los-bic\/#organizationLogo"}},{"@type":"Person","@id":"https:\/\/eldigitaldeasturias.com\/magazine365\/author\/admin\/#author","url":"https:\/\/eldigitaldeasturias.com\/magazine365\/author\/admin\/","name":"admin","image":{"@type":"ImageObject","@id":"https:\/\/eldigitaldeasturias.com\/magazine365\/colectivos-reclaman-al-ayuntamiento-de-jaen-un-plan-de-descontaminacion-visual-de-los-bic\/#authorImage","url":"https:\/\/eldigitaldeasturias.com\/magazine365\/wp-content\/litespeed\/avatar\/e571bcf59a0edd6fa6838245a470f2fe.jpg?ver=1776969259","width":96,"height":96,"caption":"admin"}},{"@type":"WebPage","@id":"https:\/\/eldigitaldeasturias.com\/magazine365\/colectivos-reclaman-al-ayuntamiento-de-jaen-un-plan-de-descontaminacion-visual-de-los-bic\/#webpage","url":"https:\/\/eldigitaldeasturias.com\/magazine365\/colectivos-reclaman-al-ayuntamiento-de-jaen-un-plan-de-descontaminacion-visual-de-los-bic\/","name":"Colectivos reclaman al Ayuntamiento de Ja\u00e9n un plan de descontaminaci\u00f3n visual de los BIC | El Digital de Asturias","description":"La asociaci\u00f3n 'Inicativas , andamios para las ideas' junto con Ecologistas en Acci\u00f3n y Acci\u00f3n Conjunta por el Patrimonio de Ja\u00e9n han registrado un escrito instando al Ayuntamiento de Ja\u00e9n a cumplir con la Ley de Patrimonio Hist\u00f3rico de Andaluc\u00eda y as\u00ed elaborar un plan de descontaminaci\u00f3n visual para todos los bienes culturales (BIC) inscritos","inLanguage":"es-ES","isPartOf":{"@id":"https:\/\/eldigitaldeasturias.com\/magazine365\/#website"},"breadcrumb":{"@id":"https:\/\/eldigitaldeasturias.com\/magazine365\/colectivos-reclaman-al-ayuntamiento-de-jaen-un-plan-de-descontaminacion-visual-de-los-bic\/#breadcrumblist"},"author":{"@id":"https:\/\/eldigitaldeasturias.com\/magazine365\/author\/admin\/#author"},"creator":{"@id":"https:\/\/eldigitaldeasturias.com\/magazine365\/author\/admin\/#author"},"image":{"@type":"ImageObject","url":"https:\/\/eldigitaldeasturias.com\/magazine365\/wp-content\/uploads\/2016\/06\/fotonoticia_20160603155006_800.jpg","@id":"https:\/\/eldigitaldeasturias.com\/magazine365\/colectivos-reclaman-al-ayuntamiento-de-jaen-un-plan-de-descontaminacion-visual-de-los-bic\/#mainImage","width":800,"height":450},"primaryImageOfPage":{"@id":"https:\/\/eldigitaldeasturias.com\/magazine365\/colectivos-reclaman-al-ayuntamiento-de-jaen-un-plan-de-descontaminacion-visual-de-los-bic\/#mainImage"},"datePublished":"2016-06-06T10:28:47+02:00","dateModified":"2016-06-06T10:28:47+02:00"},{"@type":"WebSite","@id":"https:\/\/eldigitaldeasturias.com\/magazine365\/#website","url":"https:\/\/eldigitaldeasturias.com\/magazine365\/","name":"El Digital de Asturias","description":"Revista de ocio, turismo y estilo de vida","inLanguage":"es-ES","publisher":{"@id":"https:\/\/eldigitaldeasturias.com\/magazine365\/#organization"}}]},"og:locale":"es_ES","og:site_name":"El Digital de Asturias \u2013 Revista de ocio, turismo y estilo de vida","og:type":"article","og:title":"Colectivos reclaman al Ayuntamiento de Ja\u00e9n un plan de descontaminaci\u00f3n visual de los BIC | El Digital de Asturias","og:description":"La asociaci\u00f3n 'Inicativas , andamios para las ideas' junto con Ecologistas en Acci\u00f3n y Acci\u00f3n Conjunta por el Patrimonio de Ja\u00e9n han registrado un escrito instando al Ayuntamiento de Ja\u00e9n a cumplir con la Ley de Patrimonio Hist\u00f3rico de Andaluc\u00eda y as\u00ed elaborar un plan de descontaminaci\u00f3n visual para todos los bienes culturales (BIC) inscritos","og:url":"https:\/\/eldigitaldeasturias.com\/magazine365\/colectivos-reclaman-al-ayuntamiento-de-jaen-un-plan-de-descontaminacion-visual-de-los-bic\/","og:image":"https:\/\/eldigitaldeasturias.com\/magazine365\/wp-content\/uploads\/2016\/06\/fotonoticia_20160603155006_800.jpg","og:image:secure_url":"https:\/\/eldigitaldeasturias.com\/magazine365\/wp-content\/uploads\/2016\/06\/fotonoticia_20160603155006_800.jpg","og:image:width":800,"og:image:height":450,"article:published_time":"2016-06-06T08:28:47+00:00","article:modified_time":"2016-06-06T08:28:47+00:00","twitter:card":"summary_large_image","twitter:title":"Colectivos reclaman al Ayuntamiento de Ja\u00e9n un plan de descontaminaci\u00f3n visual de los BIC | El Digital de Asturias","twitter:description":"La asociaci\u00f3n 'Inicativas , andamios para las ideas' junto con Ecologistas en Acci\u00f3n y Acci\u00f3n Conjunta por el Patrimonio de Ja\u00e9n han registrado un escrito instando al Ayuntamiento de Ja\u00e9n a cumplir con la Ley de Patrimonio Hist\u00f3rico de Andaluc\u00eda y as\u00ed elaborar un plan de descontaminaci\u00f3n visual para todos los bienes culturales (BIC) inscritos","twitter:image":"https:\/\/eldigitaldeasturias.com\/magazine365\/wp-content\/uploads\/2016\/06\/fotonoticia_20160603155006_800.jpg"},"aioseo_meta_data":{"post_id":"77729","title":null,"description":null,"keywords":null,"keyphrases":null,"primary_term":null,"canonical_url":null,"og_title":null,"og_description":null,"og_object_type":"default","og_image_type":"default","og_image_url":null,"og_image_width":null,"og_image_height":null,"og_image_custom_url":null,"og_image_custom_fields":null,"og_video":null,"og_custom_url":null,"og_article_section":null,"og_article_tags":null,"twitter_use_og":false,"twitter_card":"default","twitter_image_type":"default","twitter_image_url":null,"twitter_image_custom_url":null,"twitter_image_custom_fields":null,"twitter_title":null,"twitter_description":null,"schema":{"blockGraphs":[],"customGraphs":[],"default":{"data":{"Article":[],"Course":[],"Dataset":[],"FAQPage":[],"Movie":[],"Person":[],"Product":[],"ProductReview":[],"Car":[],"Recipe":[],"Service":[],"SoftwareApplication":[],"WebPage":[]},"graphName":"","isEnabled":true},"graphs":[],"defaultGraph":"","defaultPostTypeGraph":""},"schema_type":null,"schema_type_options":null,"pillar_content":false,"robots_default":true,"robots_noindex":false,"robots_noarchive":false,"robots_nosnippet":false,"robots_nofollow":false,"robots_noimageindex":false,"robots_noodp":false,"robots_notranslate":false,"robots_max_snippet":null,"robots_max_videopreview":null,"robots_max_imagepreview":"large","priority":null,"frequency":null,"location":null,"local_seo":null,"seo_analyzer_scan_date":"2025-09-27 15:32:43","breadcrumb_settings":null,"limit_modified_date":false,"open_ai":null,"ai":null,"created":"2021-03-08 18:09:42","updated":"2025-09-27 15:32:43"},"aioseo_breadcrumb":"<div class=\"aioseo-breadcrumbs\"><span class=\"aioseo-breadcrumb\">\n\t<a href=\"https:\/\/eldigitaldeasturias.com\/magazine365\" title=\"Home\">Home<\/a>\n<\/span><span class=\"aioseo-breadcrumb-separator\">\u2013<\/span><span class=\"aioseo-breadcrumb\">\n\t<a href=\"https:\/\/eldigitaldeasturias.com\/magazine365\/category\/noticias-actualidad\/\" title=\"Noticias y Actualidad\">Noticias y Actualidad<\/a>\n<\/span><span class=\"aioseo-breadcrumb-separator\">\u2013<\/span><span class=\"aioseo-breadcrumb\">\n\t<a href=\"https:\/\/eldigitaldeasturias.com\/magazine365\/colectivos-reclaman-al-ayuntamiento-de-jaen-un-plan-de-descontaminacion-visual-de-los-bic\/\" title=\"Colectivos reclaman al Ayuntamiento de Ja\u00e9n un plan de descontaminaci\u00f3n visual de los BIC\">Colectivos reclaman al Ayuntamiento de Ja\u00e9n un plan de descontaminaci\u00f3n visual de los BIC<\/a>\n<\/span><\/div>","aioseo_breadcrumb_json":[{"label":"Home","link":"https:\/\/eldigitaldeasturias.com\/magazine365"},{"label":"Noticias y Actualidad","link":"https:\/\/eldigitaldeasturias.com\/magazine365\/category\/noticias-actualidad\/"},{"label":"Colectivos reclaman al Ayuntamiento de Ja\u00e9n un plan de descontaminaci\u00f3n visual de los BIC","link":"https:\/\/eldigitaldeasturias.com\/magazine365\/colectivos-reclaman-al-ayuntamiento-de-jaen-un-plan-de-descontaminacion-visual-de-los-bic\/"}],"_links":{"self":[{"href":"https:\/\/eldigitaldeasturias.com\/magazine365\/wp-json\/wp\/v2\/posts\/77729","targetHints":{"allow":["GET"]}}],"collection":[{"href":"https:\/\/eldigitaldeasturias.com\/magazine365\/wp-json\/wp\/v2\/posts"}],"about":[{"href":"https:\/\/eldigitaldeasturias.com\/magazine365\/wp-json\/wp\/v2\/types\/post"}],"author":[{"embeddable":true,"href":"https:\/\/eldigitaldeasturias.com\/magazine365\/wp-json\/wp\/v2\/users\/1"}],"replies":[{"embeddable":true,"href":"https:\/\/eldigitaldeasturias.com\/magazine365\/wp-json\/wp\/v2\/comments?post=77729"}],"version-history":[{"count":0,"href":"https:\/\/eldigitaldeasturias.com\/magazine365\/wp-json\/wp\/v2\/posts\/77729\/revisions"}],"wp:featuredmedia":[{"embeddable":true,"href":"https:\/\/eldigitaldeasturias.com\/magazine365\/wp-json\/wp\/v2\/media\/77730"}],"wp:attachment":[{"href":"https:\/\/eldigitaldeasturias.com\/magazine365\/wp-json\/wp\/v2\/media?parent=77729"}],"wp:term":[{"taxonomy":"category","embeddable":true,"href":"https:\/\/eldigitaldeasturias.com\/magazine365\/wp-json\/wp\/v2\/categories?post=77729"},{"taxonomy":"post_tag","embeddable":true,"href":"https:\/\/eldigitaldeasturias.com\/magazine365\/wp-json\/wp\/v2\/tags?post=77729"}],"curies":[{"name":"wp","href":"https:\/\/api.w.org\/{rel}","templated":true}]}}