{"id":77723,"date":"2016-06-06T10:27:14","date_gmt":"2016-06-06T08:27:14","guid":{"rendered":"http:\/\/eldigitaldeasturias.com\/magazine365\/?p=77723"},"modified":"2016-06-06T10:27:14","modified_gmt":"2016-06-06T08:27:14","slug":"la-junta-destaca-consolidacion-de-espacio-natural-de-sierra-nevada-como-referente-de-turismo-responsable","status":"publish","type":"post","link":"https:\/\/eldigitaldeasturias.com\/magazine365\/la-junta-destaca-consolidacion-de-espacio-natural-de-sierra-nevada-como-referente-de-turismo-responsable\/","title":{"rendered":"La Junta destaca consolidaci\u00f3n de Espacio Natural de Sierra Nevada como referente de turismo responsable"},"content":{"rendered":"<p><img fetchpriority=\"high\" decoding=\"async\" class=\"alignleft size-medium wp-image-77724\" src=\"https:\/\/eldigitaldeasturias.com\/magazine365\/wp-content\/uploads\/2016\/06\/fotonoticia_20160603154421_800-360x203.jpg\" alt=\"fotonoticia_20160603154421_800\" width=\"360\" height=\"203\" srcset=\"https:\/\/eldigitaldeasturias.com\/magazine365\/wp-content\/uploads\/2016\/06\/fotonoticia_20160603154421_800-360x203.jpg 360w, https:\/\/eldigitaldeasturias.com\/magazine365\/wp-content\/uploads\/2016\/06\/fotonoticia_20160603154421_800-650x366.jpg 650w, https:\/\/eldigitaldeasturias.com\/magazine365\/wp-content\/uploads\/2016\/06\/fotonoticia_20160603154421_800-768x432.jpg 768w, https:\/\/eldigitaldeasturias.com\/magazine365\/wp-content\/uploads\/2016\/06\/fotonoticia_20160603154421_800-150x84.jpg 150w, https:\/\/eldigitaldeasturias.com\/magazine365\/wp-content\/uploads\/2016\/06\/fotonoticia_20160603154421_800-450x253.jpg 450w, https:\/\/eldigitaldeasturias.com\/magazine365\/wp-content\/uploads\/2016\/06\/fotonoticia_20160603154421_800-499x280.jpg 499w, https:\/\/eldigitaldeasturias.com\/magazine365\/wp-content\/uploads\/2016\/06\/fotonoticia_20160603154421_800-510x289.jpg 510w, https:\/\/eldigitaldeasturias.com\/magazine365\/wp-content\/uploads\/2016\/06\/fotonoticia_20160603154421_800.jpg 800w\" sizes=\"(max-width: 360px) 100vw, 360px\" \/>El consejero de Medio Ambiente y Ordenaci\u00f3n del Territorio, Jos\u00e9 Fiscal, ha destacado este viernes la consolidaci\u00f3n del Espacio Natural de Sierra Nevada como un referente de uso p\u00fablico y turismo responsable, con motivo de la reuni\u00f3n del pleno del Consejo de Participaci\u00f3n en Granada, presidido por el exdirector general de la Unesco Federico Mayor Zaragoza.<\/p>\n<p>En su intervenci\u00f3n, el titular de Medio Ambiente ha subrayado el aumento significativo de visitantes del espacio protegido en los \u00faltimos a\u00f1os, ya que ya casi alcanza las 800.000 personas, sin contar el mill\u00f3n de personas que asisti\u00f3 a la estaci\u00f3n de esqu\u00ed. Tambi\u00e9n ha remarcado la inversi\u00f3n realizada durante el pasado a\u00f1o en el enclave, con un presupuesto de 11, 6 millones de euros.<\/p>\n<p>El consejero ha afirmado que el objetivo \u00absiempre va a ser compatibilizar el desarrollo socioecon\u00f3mico y sostenible de la poblaci\u00f3n de los municipios de este espacio protegido preservando la fragilidad de los ecosistemas y el car\u00e1cter \u00fanico de las Altas Cumbres de Sierra Nevada\u00bb.<\/p>\n<p>Entre los temas de inter\u00e9s abordados en el Consejo de Participaci\u00f3n, se ha presentado un documento de recomendaciones y propuestas para el desarrollo de la agricultura sostenible y un estudio para la Ordenaci\u00f3n Agrohidrol\u00f3gica en la cuenca del r\u00edo Grande de B\u00e9rchules y su plan de gesti\u00f3n asociado. \u00abCon estos documentos y estudios perseguimos avanzar en el desarrollo sostenible del territorio pensando a largo plazo, en el futuro\u00bb, ha mantenido.<\/p>\n<p>El consejero tambi\u00e9n se ha referido al II Plan de Desarrollo Sostenible del Espacio Natural. Sobre \u00e9l, ha indicado que contiene los objetivos, pilares y l\u00edneas estrat\u00e9gicas, de las que emanan 31 programas de actuaci\u00f3n y 125 medidas especificas que se realizar\u00e1n en los pr\u00f3ximos a\u00f1os.<\/p>\n<p>Asimismo, Jos\u00e9 Fiscal ha subrayado cuestiones vinculadas a la Memoria de Actividades y Resultados de 2015. Entre ellas, al mantenimiento y la ampliaci\u00f3n de la red de equipamientos de uso p\u00fablico, con 127 instalaciones de distinta tipolog\u00eda: refugios, miradores, senderos, \u00e1reas recreativas, as\u00ed como el trabajo realizado en las cuestiones vinculadas con la educaci\u00f3n ambiental, la concienciaci\u00f3n y sensibilizaci\u00f3n, la investigaci\u00f3n y las acciones vinculadas a la conservaci\u00f3n de la rica biodiversidad vegetal del espacio.<\/p>\n<p>En concreto, unos 1.300 participantes, entre alumnos de primaria, secundaria y formaci\u00f3n profesional y ocupacional y unos 150 docentes han formado parte de las actividades educativas desarrolladas en 2015. Adem\u00e1s, se han realizado diversos campos de voluntariado, tanto de la Red de Voluntariado Ambiental de Sierra Nevada como de varias organizaciones no gubernamentales y ecologistas.<\/p>\n<p>Por otro lado, el consejero ha valorado los avances en la consolidaci\u00f3n del tejido empresarial en el espacio protegido, gracias a la implicaci\u00f3n de 43 empresas que trabajan con la Carta Europea de Turismo Sostenible y con otras 26 licitarias de la Marca Parque Natural que, con sus productos diferenciados y de calidad, aportan valor a\u00f1adido y reconocimiento a Sierra Nevada.<\/p>\n<p>En el \u00e1mbito de la investigaci\u00f3n, Fiscal ha recordado la intensa labor del Observatorio de Cambio Clim\u00e1tico y la puesta en marcha del programa europeo Life Adaptamed. Un proyecto liderado por la Consejer\u00eda en el participan tambi\u00e9n la Universidad de Granada, la Universidad de Almer\u00eda, la Estaci\u00f3n Biol\u00f3gica de Do\u00f1ana, el Parque de las Ciencias de Granada y la empresa Aguas Fontvella y Lanjar\u00f3n como cofinaciadores.<\/p>\n<p>Esta iniciativa cuenta con un presupuesto de 5,5 millones de euros y un horizonte temporal hasta 2020 y pretende definir las herramientas con las que mejorar la capacidad de adaptaci\u00f3n de ecosistemas mediterr\u00e1neos vulnerables al cambio clim\u00e1tico. El Life Adaptamed se centrar\u00e1 en los espacios naturales de Sierra Nevada y Do\u00f1ana, y en el parque natural de Cabo de Gata-N\u00edjar. Los tres, Reserva de la Biosfera declaradas por la Unesco.<\/p>\n<p>CAMPA\u00d1A &#8216;COMPORTAMIENTO RESPONSABLE EN EL PARQUE NATURAL Y EL PARQUE NACIONAL&#8217;<\/p>\n<p>El consejero de Medio Ambiente y Ordenaci\u00f3n del Territorio tambi\u00e9n ha presentado una nueva campa\u00f1a de sensibilizaci\u00f3n titulada &#8216;Comportamiento Responsable en el Parque Natural y Parque Nacional de Sierra Nevada&#8217;. Esta iniciativa persigue concienciar a los visitantes sobre c\u00f3mo deben comportase en un espacio protegido e involucra a diversos colectivos y asociaciones como son la Federaci\u00f3n Andaluza de Monta\u00f1a, senderistas, ciclistas, gu\u00edas, o agentes de medio ambiente.<\/p>\n<p>Para desarrollar esta campa\u00f1a se ha elaborado un completo material gr\u00e1fico informativo de divulgaci\u00f3n y concienciaci\u00f3n social vinculada a las actividades de uso p\u00fablico en altas cumbres. Un total de nueve fichas ilustradas que incluyen recomendaciones para disfrutar de una experiencia de ocio, deporte o ecoturismo en Sierra Nevada sin provocar da\u00f1os al medio ambiente.<\/p>\n<p>Federico Mayor Zaragoza, que ha reflexionado sobre el papel que la ciudadan\u00eda tiene actualmente para mejorar la habitabilidad en la Tierra, ha aclarado que la campa\u00f1a se resume de la siguiente forma: \u00abNo dejen huella. Pasen, miren, observen, emoci\u00f3nense, pero no dejen huella\u00bb.<\/p>\n","protected":false},"excerpt":{"rendered":"<p>El consejero de Medio Ambiente y Ordenaci\u00f3n del Territorio, Jos\u00e9 Fiscal, ha destacado este viernes la consolidaci\u00f3n del Espacio Natural de Sierra Nevada como un referente de uso p\u00fablico y turismo responsable, con motivo de la reuni\u00f3n del pleno del Consejo de Participaci\u00f3n en Granada, presidido por el exdirector general de la Unesco Federico Mayor<\/p>\n","protected":false},"author":1,"featured_media":77724,"comment_status":"open","ping_status":"closed","sticky":false,"template":"","format":"standard","meta":{"footnotes":""},"categories":[224],"tags":[],"class_list":{"0":"post-77723","1":"post","2":"type-post","3":"status-publish","4":"format-standard","5":"has-post-thumbnail","7":"category-noticias-actualidad"},"aioseo_notices":[],"aioseo_head":"\n\t\t<!-- All in One SEO Pro 4.9.6.1 - aioseo.com -->\n\t<meta name=\"description\" content=\"El consejero de Medio Ambiente y Ordenaci\u00f3n del Territorio, Jos\u00e9 Fiscal, ha destacado este viernes la consolidaci\u00f3n del Espacio Natural de Sierra Nevada como un referente de uso p\u00fablico y turismo responsable, con motivo de la reuni\u00f3n del pleno del Consejo de Participaci\u00f3n en Granada, presidido por el exdirector general de la Unesco Federico Mayor\" \/>\n\t<meta name=\"robots\" content=\"max-image-preview:large\" \/>\n\t<meta name=\"author\" content=\"admin\"\/>\n\t<meta name=\"google-site-verification\" content=\"UA-38556648-1\" \/>\n\t<meta name=\"keywords\" content=\"noticias y actualidad\" \/>\n\t<link rel=\"canonical\" href=\"https:\/\/eldigitaldeasturias.com\/magazine365\/la-junta-destaca-consolidacion-de-espacio-natural-de-sierra-nevada-como-referente-de-turismo-responsable\/\" \/>\n\t<meta name=\"generator\" content=\"All in One SEO Pro (AIOSEO) 4.9.6.1\" \/>\n\t\t<meta property=\"og:locale\" content=\"es_ES\" \/>\n\t\t<meta property=\"og:site_name\" content=\"El Digital de Asturias \u2013 Revista de ocio, turismo y estilo de vida\" \/>\n\t\t<meta property=\"og:type\" content=\"article\" \/>\n\t\t<meta property=\"og:title\" content=\"La Junta destaca consolidaci\u00f3n de Espacio Natural de Sierra Nevada como referente de turismo responsable | El Digital de Asturias\" \/>\n\t\t<meta property=\"og:description\" content=\"El consejero de Medio Ambiente y Ordenaci\u00f3n del Territorio, Jos\u00e9 Fiscal, ha destacado este viernes la consolidaci\u00f3n del Espacio Natural de Sierra Nevada como un referente de uso p\u00fablico y turismo responsable, con motivo de la reuni\u00f3n del pleno del Consejo de Participaci\u00f3n en Granada, presidido por el exdirector general de la Unesco Federico Mayor\" \/>\n\t\t<meta property=\"og:url\" content=\"https:\/\/eldigitaldeasturias.com\/magazine365\/la-junta-destaca-consolidacion-de-espacio-natural-de-sierra-nevada-como-referente-de-turismo-responsable\/\" \/>\n\t\t<meta property=\"og:image\" content=\"https:\/\/eldigitaldeasturias.com\/magazine365\/wp-content\/uploads\/2016\/06\/fotonoticia_20160603154421_800.jpg\" \/>\n\t\t<meta property=\"og:image:secure_url\" content=\"https:\/\/eldigitaldeasturias.com\/magazine365\/wp-content\/uploads\/2016\/06\/fotonoticia_20160603154421_800.jpg\" \/>\n\t\t<meta property=\"og:image:width\" content=\"800\" \/>\n\t\t<meta property=\"og:image:height\" content=\"450\" \/>\n\t\t<meta property=\"article:published_time\" content=\"2016-06-06T08:27:14+00:00\" \/>\n\t\t<meta property=\"article:modified_time\" content=\"2016-06-06T08:27:14+00:00\" \/>\n\t\t<meta name=\"twitter:card\" content=\"summary_large_image\" \/>\n\t\t<meta name=\"twitter:title\" content=\"La Junta destaca consolidaci\u00f3n de Espacio Natural de Sierra Nevada como referente de turismo responsable | El Digital de Asturias\" \/>\n\t\t<meta name=\"twitter:description\" content=\"El consejero de Medio Ambiente y Ordenaci\u00f3n del Territorio, Jos\u00e9 Fiscal, ha destacado este viernes la consolidaci\u00f3n del Espacio Natural de Sierra Nevada como un referente de uso p\u00fablico y turismo responsable, con motivo de la reuni\u00f3n del pleno del Consejo de Participaci\u00f3n en Granada, presidido por el exdirector general de la Unesco Federico Mayor\" \/>\n\t\t<meta name=\"twitter:image\" content=\"https:\/\/eldigitaldeasturias.com\/magazine365\/wp-content\/uploads\/2016\/06\/fotonoticia_20160603154421_800.jpg\" \/>\n\t\t<script type=\"application\/ld+json\" class=\"aioseo-schema\">\n\t\t\t{\"@context\":\"https:\\\/\\\/schema.org\",\"@graph\":[{\"@type\":\"Article\",\"@id\":\"https:\\\/\\\/eldigitaldeasturias.com\\\/magazine365\\\/la-junta-destaca-consolidacion-de-espacio-natural-de-sierra-nevada-como-referente-de-turismo-responsable\\\/#article\",\"name\":\"La Junta destaca consolidaci\\u00f3n de Espacio Natural de Sierra Nevada como referente de turismo responsable | El Digital de Asturias\",\"headline\":\"La Junta destaca consolidaci\\u00f3n de Espacio Natural de Sierra Nevada como referente de turismo responsable\",\"author\":{\"@id\":\"https:\\\/\\\/eldigitaldeasturias.com\\\/magazine365\\\/author\\\/admin\\\/#author\"},\"publisher\":{\"@id\":\"https:\\\/\\\/eldigitaldeasturias.com\\\/magazine365\\\/#organization\"},\"image\":{\"@type\":\"ImageObject\",\"url\":\"https:\\\/\\\/eldigitaldeasturias.com\\\/magazine365\\\/wp-content\\\/uploads\\\/2016\\\/06\\\/fotonoticia_20160603154421_800.jpg\",\"width\":800,\"height\":450},\"datePublished\":\"2016-06-06T10:27:14+02:00\",\"dateModified\":\"2016-06-06T10:27:14+02:00\",\"inLanguage\":\"es-ES\",\"mainEntityOfPage\":{\"@id\":\"https:\\\/\\\/eldigitaldeasturias.com\\\/magazine365\\\/la-junta-destaca-consolidacion-de-espacio-natural-de-sierra-nevada-como-referente-de-turismo-responsable\\\/#webpage\"},\"isPartOf\":{\"@id\":\"https:\\\/\\\/eldigitaldeasturias.com\\\/magazine365\\\/la-junta-destaca-consolidacion-de-espacio-natural-de-sierra-nevada-como-referente-de-turismo-responsable\\\/#webpage\"},\"articleSection\":\"Noticias y Actualidad\"},{\"@type\":\"BreadcrumbList\",\"@id\":\"https:\\\/\\\/eldigitaldeasturias.com\\\/magazine365\\\/la-junta-destaca-consolidacion-de-espacio-natural-de-sierra-nevada-como-referente-de-turismo-responsable\\\/#breadcrumblist\",\"itemListElement\":[{\"@type\":\"ListItem\",\"@id\":\"https:\\\/\\\/eldigitaldeasturias.com\\\/magazine365#listItem\",\"position\":1,\"name\":\"Home\",\"item\":\"https:\\\/\\\/eldigitaldeasturias.com\\\/magazine365\",\"nextItem\":{\"@type\":\"ListItem\",\"@id\":\"https:\\\/\\\/eldigitaldeasturias.com\\\/magazine365\\\/category\\\/noticias-actualidad\\\/#listItem\",\"name\":\"Noticias y Actualidad\"}},{\"@type\":\"ListItem\",\"@id\":\"https:\\\/\\\/eldigitaldeasturias.com\\\/magazine365\\\/category\\\/noticias-actualidad\\\/#listItem\",\"position\":2,\"name\":\"Noticias y Actualidad\",\"item\":\"https:\\\/\\\/eldigitaldeasturias.com\\\/magazine365\\\/category\\\/noticias-actualidad\\\/\",\"nextItem\":{\"@type\":\"ListItem\",\"@id\":\"https:\\\/\\\/eldigitaldeasturias.com\\\/magazine365\\\/la-junta-destaca-consolidacion-de-espacio-natural-de-sierra-nevada-como-referente-de-turismo-responsable\\\/#listItem\",\"name\":\"La Junta destaca consolidaci\\u00f3n de Espacio Natural de Sierra Nevada como referente de turismo responsable\"},\"previousItem\":{\"@type\":\"ListItem\",\"@id\":\"https:\\\/\\\/eldigitaldeasturias.com\\\/magazine365#listItem\",\"name\":\"Home\"}},{\"@type\":\"ListItem\",\"@id\":\"https:\\\/\\\/eldigitaldeasturias.com\\\/magazine365\\\/la-junta-destaca-consolidacion-de-espacio-natural-de-sierra-nevada-como-referente-de-turismo-responsable\\\/#listItem\",\"position\":3,\"name\":\"La Junta destaca consolidaci\\u00f3n de Espacio Natural de Sierra Nevada como referente de turismo responsable\",\"previousItem\":{\"@type\":\"ListItem\",\"@id\":\"https:\\\/\\\/eldigitaldeasturias.com\\\/magazine365\\\/category\\\/noticias-actualidad\\\/#listItem\",\"name\":\"Noticias y Actualidad\"}}]},{\"@type\":\"Organization\",\"@id\":\"https:\\\/\\\/eldigitaldeasturias.com\\\/magazine365\\\/#organization\",\"name\":\"El digital de Asturias\",\"description\":\"Revista de ocio, turismo y estilo de vida\",\"url\":\"https:\\\/\\\/eldigitaldeasturias.com\\\/magazine365\\\/\",\"logo\":{\"@type\":\"ImageObject\",\"url\":\"https:\\\/\\\/www.eldigitaldeasturias.com\\\/noticias\\\/wp-content\\\/uploads\\\/2020\\\/12\\\/EDA.jpg\",\"@id\":\"https:\\\/\\\/eldigitaldeasturias.com\\\/magazine365\\\/la-junta-destaca-consolidacion-de-espacio-natural-de-sierra-nevada-como-referente-de-turismo-responsable\\\/#organizationLogo\"},\"image\":{\"@id\":\"https:\\\/\\\/eldigitaldeasturias.com\\\/magazine365\\\/la-junta-destaca-consolidacion-de-espacio-natural-de-sierra-nevada-como-referente-de-turismo-responsable\\\/#organizationLogo\"}},{\"@type\":\"Person\",\"@id\":\"https:\\\/\\\/eldigitaldeasturias.com\\\/magazine365\\\/author\\\/admin\\\/#author\",\"url\":\"https:\\\/\\\/eldigitaldeasturias.com\\\/magazine365\\\/author\\\/admin\\\/\",\"name\":\"admin\",\"image\":{\"@type\":\"ImageObject\",\"@id\":\"https:\\\/\\\/eldigitaldeasturias.com\\\/magazine365\\\/la-junta-destaca-consolidacion-de-espacio-natural-de-sierra-nevada-como-referente-de-turismo-responsable\\\/#authorImage\",\"url\":\"https:\\\/\\\/eldigitaldeasturias.com\\\/magazine365\\\/wp-content\\\/litespeed\\\/avatar\\\/e571bcf59a0edd6fa6838245a470f2fe.jpg?ver=1776969259\",\"width\":96,\"height\":96,\"caption\":\"admin\"}},{\"@type\":\"WebPage\",\"@id\":\"https:\\\/\\\/eldigitaldeasturias.com\\\/magazine365\\\/la-junta-destaca-consolidacion-de-espacio-natural-de-sierra-nevada-como-referente-de-turismo-responsable\\\/#webpage\",\"url\":\"https:\\\/\\\/eldigitaldeasturias.com\\\/magazine365\\\/la-junta-destaca-consolidacion-de-espacio-natural-de-sierra-nevada-como-referente-de-turismo-responsable\\\/\",\"name\":\"La Junta destaca consolidaci\\u00f3n de Espacio Natural de Sierra Nevada como referente de turismo responsable | El Digital de Asturias\",\"description\":\"El consejero de Medio Ambiente y Ordenaci\\u00f3n del Territorio, Jos\\u00e9 Fiscal, ha destacado este viernes la consolidaci\\u00f3n del Espacio Natural de Sierra Nevada como un referente de uso p\\u00fablico y turismo responsable, con motivo de la reuni\\u00f3n del pleno del Consejo de Participaci\\u00f3n en Granada, presidido por el exdirector general de la Unesco Federico Mayor\",\"inLanguage\":\"es-ES\",\"isPartOf\":{\"@id\":\"https:\\\/\\\/eldigitaldeasturias.com\\\/magazine365\\\/#website\"},\"breadcrumb\":{\"@id\":\"https:\\\/\\\/eldigitaldeasturias.com\\\/magazine365\\\/la-junta-destaca-consolidacion-de-espacio-natural-de-sierra-nevada-como-referente-de-turismo-responsable\\\/#breadcrumblist\"},\"author\":{\"@id\":\"https:\\\/\\\/eldigitaldeasturias.com\\\/magazine365\\\/author\\\/admin\\\/#author\"},\"creator\":{\"@id\":\"https:\\\/\\\/eldigitaldeasturias.com\\\/magazine365\\\/author\\\/admin\\\/#author\"},\"image\":{\"@type\":\"ImageObject\",\"url\":\"https:\\\/\\\/eldigitaldeasturias.com\\\/magazine365\\\/wp-content\\\/uploads\\\/2016\\\/06\\\/fotonoticia_20160603154421_800.jpg\",\"@id\":\"https:\\\/\\\/eldigitaldeasturias.com\\\/magazine365\\\/la-junta-destaca-consolidacion-de-espacio-natural-de-sierra-nevada-como-referente-de-turismo-responsable\\\/#mainImage\",\"width\":800,\"height\":450},\"primaryImageOfPage\":{\"@id\":\"https:\\\/\\\/eldigitaldeasturias.com\\\/magazine365\\\/la-junta-destaca-consolidacion-de-espacio-natural-de-sierra-nevada-como-referente-de-turismo-responsable\\\/#mainImage\"},\"datePublished\":\"2016-06-06T10:27:14+02:00\",\"dateModified\":\"2016-06-06T10:27:14+02:00\"},{\"@type\":\"WebSite\",\"@id\":\"https:\\\/\\\/eldigitaldeasturias.com\\\/magazine365\\\/#website\",\"url\":\"https:\\\/\\\/eldigitaldeasturias.com\\\/magazine365\\\/\",\"name\":\"El Digital de Asturias\",\"description\":\"Revista de ocio, turismo y estilo de vida\",\"inLanguage\":\"es-ES\",\"publisher\":{\"@id\":\"https:\\\/\\\/eldigitaldeasturias.com\\\/magazine365\\\/#organization\"}}]}\n\t\t<\/script>\n\t\t<!-- All in One SEO Pro -->\r\n\t\t<title>La Junta destaca consolidaci\u00f3n de Espacio Natural de Sierra Nevada como referente de turismo responsable | El Digital de Asturias<\/title>\n\n","aioseo_head_json":{"title":"La Junta destaca consolidaci\u00f3n de Espacio Natural de Sierra Nevada como referente de turismo responsable | El Digital de Asturias","description":"El consejero de Medio Ambiente y Ordenaci\u00f3n del Territorio, Jos\u00e9 Fiscal, ha destacado este viernes la consolidaci\u00f3n del Espacio Natural de Sierra Nevada como un referente de uso p\u00fablico y turismo responsable, con motivo de la reuni\u00f3n del pleno del Consejo de Participaci\u00f3n en Granada, presidido por el exdirector general de la Unesco Federico Mayor","canonical_url":"https:\/\/eldigitaldeasturias.com\/magazine365\/la-junta-destaca-consolidacion-de-espacio-natural-de-sierra-nevada-como-referente-de-turismo-responsable\/","robots":"max-image-preview:large","keywords":"noticias y actualidad","webmasterTools":{"google-site-verification":"UA-38556648-1","miscellaneous":""},"schema":{"@context":"https:\/\/schema.org","@graph":[{"@type":"Article","@id":"https:\/\/eldigitaldeasturias.com\/magazine365\/la-junta-destaca-consolidacion-de-espacio-natural-de-sierra-nevada-como-referente-de-turismo-responsable\/#article","name":"La Junta destaca consolidaci\u00f3n de Espacio Natural de Sierra Nevada como referente de turismo responsable | El Digital de Asturias","headline":"La Junta destaca consolidaci\u00f3n de Espacio Natural de Sierra Nevada como referente de turismo responsable","author":{"@id":"https:\/\/eldigitaldeasturias.com\/magazine365\/author\/admin\/#author"},"publisher":{"@id":"https:\/\/eldigitaldeasturias.com\/magazine365\/#organization"},"image":{"@type":"ImageObject","url":"https:\/\/eldigitaldeasturias.com\/magazine365\/wp-content\/uploads\/2016\/06\/fotonoticia_20160603154421_800.jpg","width":800,"height":450},"datePublished":"2016-06-06T10:27:14+02:00","dateModified":"2016-06-06T10:27:14+02:00","inLanguage":"es-ES","mainEntityOfPage":{"@id":"https:\/\/eldigitaldeasturias.com\/magazine365\/la-junta-destaca-consolidacion-de-espacio-natural-de-sierra-nevada-como-referente-de-turismo-responsable\/#webpage"},"isPartOf":{"@id":"https:\/\/eldigitaldeasturias.com\/magazine365\/la-junta-destaca-consolidacion-de-espacio-natural-de-sierra-nevada-como-referente-de-turismo-responsable\/#webpage"},"articleSection":"Noticias y Actualidad"},{"@type":"BreadcrumbList","@id":"https:\/\/eldigitaldeasturias.com\/magazine365\/la-junta-destaca-consolidacion-de-espacio-natural-de-sierra-nevada-como-referente-de-turismo-responsable\/#breadcrumblist","itemListElement":[{"@type":"ListItem","@id":"https:\/\/eldigitaldeasturias.com\/magazine365#listItem","position":1,"name":"Home","item":"https:\/\/eldigitaldeasturias.com\/magazine365","nextItem":{"@type":"ListItem","@id":"https:\/\/eldigitaldeasturias.com\/magazine365\/category\/noticias-actualidad\/#listItem","name":"Noticias y Actualidad"}},{"@type":"ListItem","@id":"https:\/\/eldigitaldeasturias.com\/magazine365\/category\/noticias-actualidad\/#listItem","position":2,"name":"Noticias y Actualidad","item":"https:\/\/eldigitaldeasturias.com\/magazine365\/category\/noticias-actualidad\/","nextItem":{"@type":"ListItem","@id":"https:\/\/eldigitaldeasturias.com\/magazine365\/la-junta-destaca-consolidacion-de-espacio-natural-de-sierra-nevada-como-referente-de-turismo-responsable\/#listItem","name":"La Junta destaca consolidaci\u00f3n de Espacio Natural de Sierra Nevada como referente de turismo responsable"},"previousItem":{"@type":"ListItem","@id":"https:\/\/eldigitaldeasturias.com\/magazine365#listItem","name":"Home"}},{"@type":"ListItem","@id":"https:\/\/eldigitaldeasturias.com\/magazine365\/la-junta-destaca-consolidacion-de-espacio-natural-de-sierra-nevada-como-referente-de-turismo-responsable\/#listItem","position":3,"name":"La Junta destaca consolidaci\u00f3n de Espacio Natural de Sierra Nevada como referente de turismo responsable","previousItem":{"@type":"ListItem","@id":"https:\/\/eldigitaldeasturias.com\/magazine365\/category\/noticias-actualidad\/#listItem","name":"Noticias y Actualidad"}}]},{"@type":"Organization","@id":"https:\/\/eldigitaldeasturias.com\/magazine365\/#organization","name":"El digital de Asturias","description":"Revista de ocio, turismo y estilo de vida","url":"https:\/\/eldigitaldeasturias.com\/magazine365\/","logo":{"@type":"ImageObject","url":"https:\/\/www.eldigitaldeasturias.com\/noticias\/wp-content\/uploads\/2020\/12\/EDA.jpg","@id":"https:\/\/eldigitaldeasturias.com\/magazine365\/la-junta-destaca-consolidacion-de-espacio-natural-de-sierra-nevada-como-referente-de-turismo-responsable\/#organizationLogo"},"image":{"@id":"https:\/\/eldigitaldeasturias.com\/magazine365\/la-junta-destaca-consolidacion-de-espacio-natural-de-sierra-nevada-como-referente-de-turismo-responsable\/#organizationLogo"}},{"@type":"Person","@id":"https:\/\/eldigitaldeasturias.com\/magazine365\/author\/admin\/#author","url":"https:\/\/eldigitaldeasturias.com\/magazine365\/author\/admin\/","name":"admin","image":{"@type":"ImageObject","@id":"https:\/\/eldigitaldeasturias.com\/magazine365\/la-junta-destaca-consolidacion-de-espacio-natural-de-sierra-nevada-como-referente-de-turismo-responsable\/#authorImage","url":"https:\/\/eldigitaldeasturias.com\/magazine365\/wp-content\/litespeed\/avatar\/e571bcf59a0edd6fa6838245a470f2fe.jpg?ver=1776969259","width":96,"height":96,"caption":"admin"}},{"@type":"WebPage","@id":"https:\/\/eldigitaldeasturias.com\/magazine365\/la-junta-destaca-consolidacion-de-espacio-natural-de-sierra-nevada-como-referente-de-turismo-responsable\/#webpage","url":"https:\/\/eldigitaldeasturias.com\/magazine365\/la-junta-destaca-consolidacion-de-espacio-natural-de-sierra-nevada-como-referente-de-turismo-responsable\/","name":"La Junta destaca consolidaci\u00f3n de Espacio Natural de Sierra Nevada como referente de turismo responsable | El Digital de Asturias","description":"El consejero de Medio Ambiente y Ordenaci\u00f3n del Territorio, Jos\u00e9 Fiscal, ha destacado este viernes la consolidaci\u00f3n del Espacio Natural de Sierra Nevada como un referente de uso p\u00fablico y turismo responsable, con motivo de la reuni\u00f3n del pleno del Consejo de Participaci\u00f3n en Granada, presidido por el exdirector general de la Unesco Federico Mayor","inLanguage":"es-ES","isPartOf":{"@id":"https:\/\/eldigitaldeasturias.com\/magazine365\/#website"},"breadcrumb":{"@id":"https:\/\/eldigitaldeasturias.com\/magazine365\/la-junta-destaca-consolidacion-de-espacio-natural-de-sierra-nevada-como-referente-de-turismo-responsable\/#breadcrumblist"},"author":{"@id":"https:\/\/eldigitaldeasturias.com\/magazine365\/author\/admin\/#author"},"creator":{"@id":"https:\/\/eldigitaldeasturias.com\/magazine365\/author\/admin\/#author"},"image":{"@type":"ImageObject","url":"https:\/\/eldigitaldeasturias.com\/magazine365\/wp-content\/uploads\/2016\/06\/fotonoticia_20160603154421_800.jpg","@id":"https:\/\/eldigitaldeasturias.com\/magazine365\/la-junta-destaca-consolidacion-de-espacio-natural-de-sierra-nevada-como-referente-de-turismo-responsable\/#mainImage","width":800,"height":450},"primaryImageOfPage":{"@id":"https:\/\/eldigitaldeasturias.com\/magazine365\/la-junta-destaca-consolidacion-de-espacio-natural-de-sierra-nevada-como-referente-de-turismo-responsable\/#mainImage"},"datePublished":"2016-06-06T10:27:14+02:00","dateModified":"2016-06-06T10:27:14+02:00"},{"@type":"WebSite","@id":"https:\/\/eldigitaldeasturias.com\/magazine365\/#website","url":"https:\/\/eldigitaldeasturias.com\/magazine365\/","name":"El Digital de Asturias","description":"Revista de ocio, turismo y estilo de vida","inLanguage":"es-ES","publisher":{"@id":"https:\/\/eldigitaldeasturias.com\/magazine365\/#organization"}}]},"og:locale":"es_ES","og:site_name":"El Digital de Asturias \u2013 Revista de ocio, turismo y estilo de vida","og:type":"article","og:title":"La Junta destaca consolidaci\u00f3n de Espacio Natural de Sierra Nevada como referente de turismo responsable | El Digital de Asturias","og:description":"El consejero de Medio Ambiente y Ordenaci\u00f3n del Territorio, Jos\u00e9 Fiscal, ha destacado este viernes la consolidaci\u00f3n del Espacio Natural de Sierra Nevada como un referente de uso p\u00fablico y turismo responsable, con motivo de la reuni\u00f3n del pleno del Consejo de Participaci\u00f3n en Granada, presidido por el exdirector general de la Unesco Federico Mayor","og:url":"https:\/\/eldigitaldeasturias.com\/magazine365\/la-junta-destaca-consolidacion-de-espacio-natural-de-sierra-nevada-como-referente-de-turismo-responsable\/","og:image":"https:\/\/eldigitaldeasturias.com\/magazine365\/wp-content\/uploads\/2016\/06\/fotonoticia_20160603154421_800.jpg","og:image:secure_url":"https:\/\/eldigitaldeasturias.com\/magazine365\/wp-content\/uploads\/2016\/06\/fotonoticia_20160603154421_800.jpg","og:image:width":800,"og:image:height":450,"article:published_time":"2016-06-06T08:27:14+00:00","article:modified_time":"2016-06-06T08:27:14+00:00","twitter:card":"summary_large_image","twitter:title":"La Junta destaca consolidaci\u00f3n de Espacio Natural de Sierra Nevada como referente de turismo responsable | El Digital de Asturias","twitter:description":"El consejero de Medio Ambiente y Ordenaci\u00f3n del Territorio, Jos\u00e9 Fiscal, ha destacado este viernes la consolidaci\u00f3n del Espacio Natural de Sierra Nevada como un referente de uso p\u00fablico y turismo responsable, con motivo de la reuni\u00f3n del pleno del Consejo de Participaci\u00f3n en Granada, presidido por el exdirector general de la Unesco Federico Mayor","twitter:image":"https:\/\/eldigitaldeasturias.com\/magazine365\/wp-content\/uploads\/2016\/06\/fotonoticia_20160603154421_800.jpg"},"aioseo_meta_data":{"post_id":"77723","title":null,"description":null,"keywords":null,"keyphrases":null,"primary_term":null,"canonical_url":null,"og_title":null,"og_description":null,"og_object_type":"default","og_image_type":"default","og_image_url":null,"og_image_width":null,"og_image_height":null,"og_image_custom_url":null,"og_image_custom_fields":null,"og_video":null,"og_custom_url":null,"og_article_section":null,"og_article_tags":null,"twitter_use_og":false,"twitter_card":"default","twitter_image_type":"default","twitter_image_url":null,"twitter_image_custom_url":null,"twitter_image_custom_fields":null,"twitter_title":null,"twitter_description":null,"schema":{"blockGraphs":[],"customGraphs":[],"default":{"data":{"Article":[],"Course":[],"Dataset":[],"FAQPage":[],"Movie":[],"Person":[],"Product":[],"ProductReview":[],"Car":[],"Recipe":[],"Service":[],"SoftwareApplication":[],"WebPage":[]},"graphName":"","isEnabled":true},"graphs":[],"defaultGraph":"","defaultPostTypeGraph":""},"schema_type":null,"schema_type_options":null,"pillar_content":false,"robots_default":true,"robots_noindex":false,"robots_noarchive":false,"robots_nosnippet":false,"robots_nofollow":false,"robots_noimageindex":false,"robots_noodp":false,"robots_notranslate":false,"robots_max_snippet":null,"robots_max_videopreview":null,"robots_max_imagepreview":"large","priority":null,"frequency":null,"location":null,"local_seo":null,"seo_analyzer_scan_date":"2025-09-27 15:30:00","breadcrumb_settings":null,"limit_modified_date":false,"open_ai":null,"ai":null,"created":"2021-03-08 18:09:42","updated":"2025-09-27 15:30:00"},"aioseo_breadcrumb":"<div class=\"aioseo-breadcrumbs\"><span class=\"aioseo-breadcrumb\">\n\t<a href=\"https:\/\/eldigitaldeasturias.com\/magazine365\" title=\"Home\">Home<\/a>\n<\/span><span class=\"aioseo-breadcrumb-separator\">\u2013<\/span><span class=\"aioseo-breadcrumb\">\n\t<a href=\"https:\/\/eldigitaldeasturias.com\/magazine365\/category\/noticias-actualidad\/\" title=\"Noticias y Actualidad\">Noticias y Actualidad<\/a>\n<\/span><span class=\"aioseo-breadcrumb-separator\">\u2013<\/span><span class=\"aioseo-breadcrumb\">\n\t<a href=\"https:\/\/eldigitaldeasturias.com\/magazine365\/la-junta-destaca-consolidacion-de-espacio-natural-de-sierra-nevada-como-referente-de-turismo-responsable\/\" title=\"La Junta destaca consolidaci\u00f3n de Espacio Natural de Sierra Nevada como referente de turismo responsable\">La Junta destaca consolidaci\u00f3n de Espacio Natural de Sierra Nevada como referente de turismo responsable<\/a>\n<\/span><\/div>","aioseo_breadcrumb_json":[{"label":"Home","link":"https:\/\/eldigitaldeasturias.com\/magazine365"},{"label":"Noticias y Actualidad","link":"https:\/\/eldigitaldeasturias.com\/magazine365\/category\/noticias-actualidad\/"},{"label":"La Junta destaca consolidaci\u00f3n de Espacio Natural de Sierra Nevada como referente de turismo responsable","link":"https:\/\/eldigitaldeasturias.com\/magazine365\/la-junta-destaca-consolidacion-de-espacio-natural-de-sierra-nevada-como-referente-de-turismo-responsable\/"}],"_links":{"self":[{"href":"https:\/\/eldigitaldeasturias.com\/magazine365\/wp-json\/wp\/v2\/posts\/77723","targetHints":{"allow":["GET"]}}],"collection":[{"href":"https:\/\/eldigitaldeasturias.com\/magazine365\/wp-json\/wp\/v2\/posts"}],"about":[{"href":"https:\/\/eldigitaldeasturias.com\/magazine365\/wp-json\/wp\/v2\/types\/post"}],"author":[{"embeddable":true,"href":"https:\/\/eldigitaldeasturias.com\/magazine365\/wp-json\/wp\/v2\/users\/1"}],"replies":[{"embeddable":true,"href":"https:\/\/eldigitaldeasturias.com\/magazine365\/wp-json\/wp\/v2\/comments?post=77723"}],"version-history":[{"count":0,"href":"https:\/\/eldigitaldeasturias.com\/magazine365\/wp-json\/wp\/v2\/posts\/77723\/revisions"}],"wp:featuredmedia":[{"embeddable":true,"href":"https:\/\/eldigitaldeasturias.com\/magazine365\/wp-json\/wp\/v2\/media\/77724"}],"wp:attachment":[{"href":"https:\/\/eldigitaldeasturias.com\/magazine365\/wp-json\/wp\/v2\/media?parent=77723"}],"wp:term":[{"taxonomy":"category","embeddable":true,"href":"https:\/\/eldigitaldeasturias.com\/magazine365\/wp-json\/wp\/v2\/categories?post=77723"},{"taxonomy":"post_tag","embeddable":true,"href":"https:\/\/eldigitaldeasturias.com\/magazine365\/wp-json\/wp\/v2\/tags?post=77723"}],"curies":[{"name":"wp","href":"https:\/\/api.w.org\/{rel}","templated":true}]}}