{"id":77717,"date":"2016-06-06T10:25:45","date_gmt":"2016-06-06T08:25:45","guid":{"rendered":"http:\/\/eldigitaldeasturias.com\/magazine365\/?p=77717"},"modified":"2016-06-06T10:25:45","modified_gmt":"2016-06-06T08:25:45","slug":"aerolineas-asociadas-de-etihad-airways-firman-una-declaracion-contra-el-trafico-ilegal-de-fauna-y-flora-silvestres","status":"publish","type":"post","link":"https:\/\/eldigitaldeasturias.com\/magazine365\/aerolineas-asociadas-de-etihad-airways-firman-una-declaracion-contra-el-trafico-ilegal-de-fauna-y-flora-silvestres\/","title":{"rendered":"Aerol\u00edneas asociadas de Etihad Airways firman una declaraci\u00f3n contra el tr\u00e1fico ilegal de fauna y flora silvestres"},"content":{"rendered":"<p><img fetchpriority=\"high\" decoding=\"async\" class=\"alignleft size-medium wp-image-77718\" src=\"https:\/\/eldigitaldeasturias.com\/magazine365\/wp-content\/uploads\/2016\/06\/fotonoticia_20160603151442_800-360x228.jpg\" alt=\"fotonoticia_20160603151442_800\" width=\"360\" height=\"228\" srcset=\"https:\/\/eldigitaldeasturias.com\/magazine365\/wp-content\/uploads\/2016\/06\/fotonoticia_20160603151442_800-360x228.jpg 360w, https:\/\/eldigitaldeasturias.com\/magazine365\/wp-content\/uploads\/2016\/06\/fotonoticia_20160603151442_800-650x412.jpg 650w, https:\/\/eldigitaldeasturias.com\/magazine365\/wp-content\/uploads\/2016\/06\/fotonoticia_20160603151442_800-768x487.jpg 768w, https:\/\/eldigitaldeasturias.com\/magazine365\/wp-content\/uploads\/2016\/06\/fotonoticia_20160603151442_800-150x95.jpg 150w, https:\/\/eldigitaldeasturias.com\/magazine365\/wp-content\/uploads\/2016\/06\/fotonoticia_20160603151442_800-450x285.jpg 450w, https:\/\/eldigitaldeasturias.com\/magazine365\/wp-content\/uploads\/2016\/06\/fotonoticia_20160603151442_800-269x170.jpg 269w, https:\/\/eldigitaldeasturias.com\/magazine365\/wp-content\/uploads\/2016\/06\/fotonoticia_20160603151442_800-365x230.jpg 365w, https:\/\/eldigitaldeasturias.com\/magazine365\/wp-content\/uploads\/2016\/06\/fotonoticia_20160603151442_800-355x226.jpg 355w, https:\/\/eldigitaldeasturias.com\/magazine365\/wp-content\/uploads\/2016\/06\/fotonoticia_20160603151442_800-160x100.jpg 160w, https:\/\/eldigitaldeasturias.com\/magazine365\/wp-content\/uploads\/2016\/06\/fotonoticia_20160603151442_800.jpg 800w\" sizes=\"(max-width: 360px) 100vw, 360px\" \/>Cinco de las aerol\u00edneas asociadas de Etihad Airways han firmado la Declaraci\u00f3n de Buckingham Palace, comprometi\u00e9ndose a importantes medidas para luchar contra el tr\u00e1fico ilegal de la fauna y flora silvestres y a cumplir con los esfuerzos para ayudar a proteger a muchas de las especies ic\u00f3nicas de fauna silvestre del mundo.<\/p>\n<p>La Declaraci\u00f3n &#8216;United for Wildlife&#8217;, una alianza internacional sobre el transporte de los productos ilegales de vida silvestre, se firm\u00f3 en la Asamblea General Anual de IATA general que se celebra actualmente en Dubl\u00edn. Alitalia, airberlin, Air Serbia, Air Seychelles y Virgin Australia se han sumado tambi\u00e9n a la firma siguiendo el ejemplo de Etihad Airways, que se adhiri\u00f3 en marzo de este a\u00f1o.<\/p>\n<p>United for Wildlife es una alianza sin precedentes de las organizaciones de conservaci\u00f3n y la Fundaci\u00f3n Real de El Duque y la Duquesa de Cambridge y el pr\u00edncipe Harry. La iniciativa tiene como objetivo abordar los problemas actuales de conservaci\u00f3n con un enfoque inicial en el apoyo a los esfuerzos para prevenir el creciente comercio ilegal de animales y plantas en todo el mundo.<\/p>\n<p>La alianza con las agencias de transporte se puso en marcha en el Banco Mundial en diciembre de 2014, en donde se identificaron las acciones espec\u00edficas que la industria del transporte puede llevar a cabo para apoyar a SAR el Duque de Cambridge en lo se refiere a \u00abla lucha contra la extinci\u00f3n\u00bb.<\/p>\n<p>Jet Airways firm\u00f3 la declaraci\u00f3n en abril, coincidiendo con la visita del Duque y la Duquesa de Cambridge a la India.<\/p>\n<p>La Declaraci\u00f3n incluye once compromisos desarrollados para apoyar los esfuerzos mundiales para prevenir el contrabando ilegal de la flora y la fauna silvestres, que fomentan la industria del transporte espec\u00edficamente para ayudar a cerrar las rutas explotadas por los traficantes.<\/p>\n","protected":false},"excerpt":{"rendered":"<p>Cinco de las aerol\u00edneas asociadas de Etihad Airways han firmado la Declaraci\u00f3n de Buckingham Palace, comprometi\u00e9ndose a importantes medidas para luchar contra el tr\u00e1fico ilegal de la fauna y flora silvestres y a cumplir con los esfuerzos para ayudar a proteger a muchas de las especies ic\u00f3nicas de fauna silvestre del mundo. La Declaraci\u00f3n &#8216;United<\/p>\n","protected":false},"author":1,"featured_media":77718,"comment_status":"open","ping_status":"closed","sticky":false,"template":"","format":"standard","meta":{"footnotes":""},"categories":[224],"tags":[],"class_list":{"0":"post-77717","1":"post","2":"type-post","3":"status-publish","4":"format-standard","5":"has-post-thumbnail","7":"category-noticias-actualidad"},"aioseo_notices":[],"aioseo_head":"\n\t\t<!-- All in One SEO Pro 4.9.6.1 - aioseo.com -->\n\t<meta name=\"description\" content=\"Cinco de las aerol\u00edneas asociadas de Etihad Airways han firmado la Declaraci\u00f3n de Buckingham Palace, comprometi\u00e9ndose a importantes medidas para luchar contra el tr\u00e1fico ilegal de la fauna y flora silvestres y a cumplir con los esfuerzos para ayudar a proteger a muchas de las especies ic\u00f3nicas de fauna silvestre del mundo. La Declaraci\u00f3n &#039;United\" \/>\n\t<meta name=\"robots\" content=\"max-image-preview:large\" \/>\n\t<meta name=\"author\" content=\"admin\"\/>\n\t<meta name=\"google-site-verification\" content=\"UA-38556648-1\" \/>\n\t<meta name=\"keywords\" content=\"noticias y actualidad\" \/>\n\t<link rel=\"canonical\" href=\"https:\/\/eldigitaldeasturias.com\/magazine365\/aerolineas-asociadas-de-etihad-airways-firman-una-declaracion-contra-el-trafico-ilegal-de-fauna-y-flora-silvestres\/\" \/>\n\t<meta name=\"generator\" content=\"All in One SEO Pro (AIOSEO) 4.9.6.1\" \/>\n\t\t<meta property=\"og:locale\" content=\"es_ES\" \/>\n\t\t<meta property=\"og:site_name\" content=\"El Digital de Asturias \u2013 Revista de ocio, turismo y estilo de vida\" \/>\n\t\t<meta property=\"og:type\" content=\"article\" \/>\n\t\t<meta property=\"og:title\" content=\"Aerol\u00edneas asociadas de Etihad Airways firman una declaraci\u00f3n contra el tr\u00e1fico ilegal de fauna y flora silvestres | El Digital de Asturias\" \/>\n\t\t<meta property=\"og:description\" content=\"Cinco de las aerol\u00edneas asociadas de Etihad Airways han firmado la Declaraci\u00f3n de Buckingham Palace, comprometi\u00e9ndose a importantes medidas para luchar contra el tr\u00e1fico ilegal de la fauna y flora silvestres y a cumplir con los esfuerzos para ayudar a proteger a muchas de las especies ic\u00f3nicas de fauna silvestre del mundo. La Declaraci\u00f3n &#039;United\" \/>\n\t\t<meta property=\"og:url\" content=\"https:\/\/eldigitaldeasturias.com\/magazine365\/aerolineas-asociadas-de-etihad-airways-firman-una-declaracion-contra-el-trafico-ilegal-de-fauna-y-flora-silvestres\/\" \/>\n\t\t<meta property=\"og:image\" content=\"https:\/\/eldigitaldeasturias.com\/magazine365\/wp-content\/uploads\/2016\/06\/fotonoticia_20160603151442_800.jpg\" \/>\n\t\t<meta property=\"og:image:secure_url\" content=\"https:\/\/eldigitaldeasturias.com\/magazine365\/wp-content\/uploads\/2016\/06\/fotonoticia_20160603151442_800.jpg\" \/>\n\t\t<meta property=\"og:image:width\" content=\"800\" \/>\n\t\t<meta property=\"og:image:height\" content=\"507\" \/>\n\t\t<meta property=\"article:published_time\" content=\"2016-06-06T08:25:45+00:00\" \/>\n\t\t<meta property=\"article:modified_time\" content=\"2016-06-06T08:25:45+00:00\" \/>\n\t\t<meta name=\"twitter:card\" content=\"summary_large_image\" \/>\n\t\t<meta name=\"twitter:title\" content=\"Aerol\u00edneas asociadas de Etihad Airways firman una declaraci\u00f3n contra el tr\u00e1fico ilegal de fauna y flora silvestres | El Digital de Asturias\" \/>\n\t\t<meta name=\"twitter:description\" content=\"Cinco de las aerol\u00edneas asociadas de Etihad Airways han firmado la Declaraci\u00f3n de Buckingham Palace, comprometi\u00e9ndose a importantes medidas para luchar contra el tr\u00e1fico ilegal de la fauna y flora silvestres y a cumplir con los esfuerzos para ayudar a proteger a muchas de las especies ic\u00f3nicas de fauna silvestre del mundo. La Declaraci\u00f3n &#039;United\" \/>\n\t\t<meta name=\"twitter:image\" content=\"https:\/\/eldigitaldeasturias.com\/magazine365\/wp-content\/uploads\/2016\/06\/fotonoticia_20160603151442_800.jpg\" \/>\n\t\t<script type=\"application\/ld+json\" class=\"aioseo-schema\">\n\t\t\t{\"@context\":\"https:\\\/\\\/schema.org\",\"@graph\":[{\"@type\":\"Article\",\"@id\":\"https:\\\/\\\/eldigitaldeasturias.com\\\/magazine365\\\/aerolineas-asociadas-de-etihad-airways-firman-una-declaracion-contra-el-trafico-ilegal-de-fauna-y-flora-silvestres\\\/#article\",\"name\":\"Aerol\\u00edneas asociadas de Etihad Airways firman una declaraci\\u00f3n contra el tr\\u00e1fico ilegal de fauna y flora silvestres | El Digital de Asturias\",\"headline\":\"Aerol\\u00edneas asociadas de Etihad Airways firman una declaraci\\u00f3n contra el tr\\u00e1fico ilegal de fauna y flora silvestres\",\"author\":{\"@id\":\"https:\\\/\\\/eldigitaldeasturias.com\\\/magazine365\\\/author\\\/admin\\\/#author\"},\"publisher\":{\"@id\":\"https:\\\/\\\/eldigitaldeasturias.com\\\/magazine365\\\/#organization\"},\"image\":{\"@type\":\"ImageObject\",\"url\":\"https:\\\/\\\/eldigitaldeasturias.com\\\/magazine365\\\/wp-content\\\/uploads\\\/2016\\\/06\\\/fotonoticia_20160603151442_800.jpg\",\"width\":800,\"height\":507},\"datePublished\":\"2016-06-06T10:25:45+02:00\",\"dateModified\":\"2016-06-06T10:25:45+02:00\",\"inLanguage\":\"es-ES\",\"mainEntityOfPage\":{\"@id\":\"https:\\\/\\\/eldigitaldeasturias.com\\\/magazine365\\\/aerolineas-asociadas-de-etihad-airways-firman-una-declaracion-contra-el-trafico-ilegal-de-fauna-y-flora-silvestres\\\/#webpage\"},\"isPartOf\":{\"@id\":\"https:\\\/\\\/eldigitaldeasturias.com\\\/magazine365\\\/aerolineas-asociadas-de-etihad-airways-firman-una-declaracion-contra-el-trafico-ilegal-de-fauna-y-flora-silvestres\\\/#webpage\"},\"articleSection\":\"Noticias y Actualidad\"},{\"@type\":\"BreadcrumbList\",\"@id\":\"https:\\\/\\\/eldigitaldeasturias.com\\\/magazine365\\\/aerolineas-asociadas-de-etihad-airways-firman-una-declaracion-contra-el-trafico-ilegal-de-fauna-y-flora-silvestres\\\/#breadcrumblist\",\"itemListElement\":[{\"@type\":\"ListItem\",\"@id\":\"https:\\\/\\\/eldigitaldeasturias.com\\\/magazine365#listItem\",\"position\":1,\"name\":\"Home\",\"item\":\"https:\\\/\\\/eldigitaldeasturias.com\\\/magazine365\",\"nextItem\":{\"@type\":\"ListItem\",\"@id\":\"https:\\\/\\\/eldigitaldeasturias.com\\\/magazine365\\\/category\\\/noticias-actualidad\\\/#listItem\",\"name\":\"Noticias y Actualidad\"}},{\"@type\":\"ListItem\",\"@id\":\"https:\\\/\\\/eldigitaldeasturias.com\\\/magazine365\\\/category\\\/noticias-actualidad\\\/#listItem\",\"position\":2,\"name\":\"Noticias y Actualidad\",\"item\":\"https:\\\/\\\/eldigitaldeasturias.com\\\/magazine365\\\/category\\\/noticias-actualidad\\\/\",\"nextItem\":{\"@type\":\"ListItem\",\"@id\":\"https:\\\/\\\/eldigitaldeasturias.com\\\/magazine365\\\/aerolineas-asociadas-de-etihad-airways-firman-una-declaracion-contra-el-trafico-ilegal-de-fauna-y-flora-silvestres\\\/#listItem\",\"name\":\"Aerol\\u00edneas asociadas de Etihad Airways firman una declaraci\\u00f3n contra el tr\\u00e1fico ilegal de fauna y flora silvestres\"},\"previousItem\":{\"@type\":\"ListItem\",\"@id\":\"https:\\\/\\\/eldigitaldeasturias.com\\\/magazine365#listItem\",\"name\":\"Home\"}},{\"@type\":\"ListItem\",\"@id\":\"https:\\\/\\\/eldigitaldeasturias.com\\\/magazine365\\\/aerolineas-asociadas-de-etihad-airways-firman-una-declaracion-contra-el-trafico-ilegal-de-fauna-y-flora-silvestres\\\/#listItem\",\"position\":3,\"name\":\"Aerol\\u00edneas asociadas de Etihad Airways firman una declaraci\\u00f3n contra el tr\\u00e1fico ilegal de fauna y flora silvestres\",\"previousItem\":{\"@type\":\"ListItem\",\"@id\":\"https:\\\/\\\/eldigitaldeasturias.com\\\/magazine365\\\/category\\\/noticias-actualidad\\\/#listItem\",\"name\":\"Noticias y Actualidad\"}}]},{\"@type\":\"Organization\",\"@id\":\"https:\\\/\\\/eldigitaldeasturias.com\\\/magazine365\\\/#organization\",\"name\":\"El digital de Asturias\",\"description\":\"Revista de ocio, turismo y estilo de vida\",\"url\":\"https:\\\/\\\/eldigitaldeasturias.com\\\/magazine365\\\/\",\"logo\":{\"@type\":\"ImageObject\",\"url\":\"https:\\\/\\\/www.eldigitaldeasturias.com\\\/noticias\\\/wp-content\\\/uploads\\\/2020\\\/12\\\/EDA.jpg\",\"@id\":\"https:\\\/\\\/eldigitaldeasturias.com\\\/magazine365\\\/aerolineas-asociadas-de-etihad-airways-firman-una-declaracion-contra-el-trafico-ilegal-de-fauna-y-flora-silvestres\\\/#organizationLogo\"},\"image\":{\"@id\":\"https:\\\/\\\/eldigitaldeasturias.com\\\/magazine365\\\/aerolineas-asociadas-de-etihad-airways-firman-una-declaracion-contra-el-trafico-ilegal-de-fauna-y-flora-silvestres\\\/#organizationLogo\"}},{\"@type\":\"Person\",\"@id\":\"https:\\\/\\\/eldigitaldeasturias.com\\\/magazine365\\\/author\\\/admin\\\/#author\",\"url\":\"https:\\\/\\\/eldigitaldeasturias.com\\\/magazine365\\\/author\\\/admin\\\/\",\"name\":\"admin\",\"image\":{\"@type\":\"ImageObject\",\"@id\":\"https:\\\/\\\/eldigitaldeasturias.com\\\/magazine365\\\/aerolineas-asociadas-de-etihad-airways-firman-una-declaracion-contra-el-trafico-ilegal-de-fauna-y-flora-silvestres\\\/#authorImage\",\"url\":\"https:\\\/\\\/eldigitaldeasturias.com\\\/magazine365\\\/wp-content\\\/litespeed\\\/avatar\\\/e571bcf59a0edd6fa6838245a470f2fe.jpg?ver=1776969259\",\"width\":96,\"height\":96,\"caption\":\"admin\"}},{\"@type\":\"WebPage\",\"@id\":\"https:\\\/\\\/eldigitaldeasturias.com\\\/magazine365\\\/aerolineas-asociadas-de-etihad-airways-firman-una-declaracion-contra-el-trafico-ilegal-de-fauna-y-flora-silvestres\\\/#webpage\",\"url\":\"https:\\\/\\\/eldigitaldeasturias.com\\\/magazine365\\\/aerolineas-asociadas-de-etihad-airways-firman-una-declaracion-contra-el-trafico-ilegal-de-fauna-y-flora-silvestres\\\/\",\"name\":\"Aerol\\u00edneas asociadas de Etihad Airways firman una declaraci\\u00f3n contra el tr\\u00e1fico ilegal de fauna y flora silvestres | El Digital de Asturias\",\"description\":\"Cinco de las aerol\\u00edneas asociadas de Etihad Airways han firmado la Declaraci\\u00f3n de Buckingham Palace, comprometi\\u00e9ndose a importantes medidas para luchar contra el tr\\u00e1fico ilegal de la fauna y flora silvestres y a cumplir con los esfuerzos para ayudar a proteger a muchas de las especies ic\\u00f3nicas de fauna silvestre del mundo. La Declaraci\\u00f3n 'United\",\"inLanguage\":\"es-ES\",\"isPartOf\":{\"@id\":\"https:\\\/\\\/eldigitaldeasturias.com\\\/magazine365\\\/#website\"},\"breadcrumb\":{\"@id\":\"https:\\\/\\\/eldigitaldeasturias.com\\\/magazine365\\\/aerolineas-asociadas-de-etihad-airways-firman-una-declaracion-contra-el-trafico-ilegal-de-fauna-y-flora-silvestres\\\/#breadcrumblist\"},\"author\":{\"@id\":\"https:\\\/\\\/eldigitaldeasturias.com\\\/magazine365\\\/author\\\/admin\\\/#author\"},\"creator\":{\"@id\":\"https:\\\/\\\/eldigitaldeasturias.com\\\/magazine365\\\/author\\\/admin\\\/#author\"},\"image\":{\"@type\":\"ImageObject\",\"url\":\"https:\\\/\\\/eldigitaldeasturias.com\\\/magazine365\\\/wp-content\\\/uploads\\\/2016\\\/06\\\/fotonoticia_20160603151442_800.jpg\",\"@id\":\"https:\\\/\\\/eldigitaldeasturias.com\\\/magazine365\\\/aerolineas-asociadas-de-etihad-airways-firman-una-declaracion-contra-el-trafico-ilegal-de-fauna-y-flora-silvestres\\\/#mainImage\",\"width\":800,\"height\":507},\"primaryImageOfPage\":{\"@id\":\"https:\\\/\\\/eldigitaldeasturias.com\\\/magazine365\\\/aerolineas-asociadas-de-etihad-airways-firman-una-declaracion-contra-el-trafico-ilegal-de-fauna-y-flora-silvestres\\\/#mainImage\"},\"datePublished\":\"2016-06-06T10:25:45+02:00\",\"dateModified\":\"2016-06-06T10:25:45+02:00\"},{\"@type\":\"WebSite\",\"@id\":\"https:\\\/\\\/eldigitaldeasturias.com\\\/magazine365\\\/#website\",\"url\":\"https:\\\/\\\/eldigitaldeasturias.com\\\/magazine365\\\/\",\"name\":\"El Digital de Asturias\",\"description\":\"Revista de ocio, turismo y estilo de vida\",\"inLanguage\":\"es-ES\",\"publisher\":{\"@id\":\"https:\\\/\\\/eldigitaldeasturias.com\\\/magazine365\\\/#organization\"}}]}\n\t\t<\/script>\n\t\t<!-- All in One SEO Pro -->\r\n\t\t<title>Aerol\u00edneas asociadas de Etihad Airways firman una declaraci\u00f3n contra el tr\u00e1fico ilegal de fauna y flora silvestres | El Digital de Asturias<\/title>\n\n","aioseo_head_json":{"title":"Aerol\u00edneas asociadas de Etihad Airways firman una declaraci\u00f3n contra el tr\u00e1fico ilegal de fauna y flora silvestres | El Digital de Asturias","description":"Cinco de las aerol\u00edneas asociadas de Etihad Airways han firmado la Declaraci\u00f3n de Buckingham Palace, comprometi\u00e9ndose a importantes medidas para luchar contra el tr\u00e1fico ilegal de la fauna y flora silvestres y a cumplir con los esfuerzos para ayudar a proteger a muchas de las especies ic\u00f3nicas de fauna silvestre del mundo. La Declaraci\u00f3n 'United","canonical_url":"https:\/\/eldigitaldeasturias.com\/magazine365\/aerolineas-asociadas-de-etihad-airways-firman-una-declaracion-contra-el-trafico-ilegal-de-fauna-y-flora-silvestres\/","robots":"max-image-preview:large","keywords":"noticias y actualidad","webmasterTools":{"google-site-verification":"UA-38556648-1","miscellaneous":""},"schema":{"@context":"https:\/\/schema.org","@graph":[{"@type":"Article","@id":"https:\/\/eldigitaldeasturias.com\/magazine365\/aerolineas-asociadas-de-etihad-airways-firman-una-declaracion-contra-el-trafico-ilegal-de-fauna-y-flora-silvestres\/#article","name":"Aerol\u00edneas asociadas de Etihad Airways firman una declaraci\u00f3n contra el tr\u00e1fico ilegal de fauna y flora silvestres | El Digital de Asturias","headline":"Aerol\u00edneas asociadas de Etihad Airways firman una declaraci\u00f3n contra el tr\u00e1fico ilegal de fauna y flora silvestres","author":{"@id":"https:\/\/eldigitaldeasturias.com\/magazine365\/author\/admin\/#author"},"publisher":{"@id":"https:\/\/eldigitaldeasturias.com\/magazine365\/#organization"},"image":{"@type":"ImageObject","url":"https:\/\/eldigitaldeasturias.com\/magazine365\/wp-content\/uploads\/2016\/06\/fotonoticia_20160603151442_800.jpg","width":800,"height":507},"datePublished":"2016-06-06T10:25:45+02:00","dateModified":"2016-06-06T10:25:45+02:00","inLanguage":"es-ES","mainEntityOfPage":{"@id":"https:\/\/eldigitaldeasturias.com\/magazine365\/aerolineas-asociadas-de-etihad-airways-firman-una-declaracion-contra-el-trafico-ilegal-de-fauna-y-flora-silvestres\/#webpage"},"isPartOf":{"@id":"https:\/\/eldigitaldeasturias.com\/magazine365\/aerolineas-asociadas-de-etihad-airways-firman-una-declaracion-contra-el-trafico-ilegal-de-fauna-y-flora-silvestres\/#webpage"},"articleSection":"Noticias y Actualidad"},{"@type":"BreadcrumbList","@id":"https:\/\/eldigitaldeasturias.com\/magazine365\/aerolineas-asociadas-de-etihad-airways-firman-una-declaracion-contra-el-trafico-ilegal-de-fauna-y-flora-silvestres\/#breadcrumblist","itemListElement":[{"@type":"ListItem","@id":"https:\/\/eldigitaldeasturias.com\/magazine365#listItem","position":1,"name":"Home","item":"https:\/\/eldigitaldeasturias.com\/magazine365","nextItem":{"@type":"ListItem","@id":"https:\/\/eldigitaldeasturias.com\/magazine365\/category\/noticias-actualidad\/#listItem","name":"Noticias y Actualidad"}},{"@type":"ListItem","@id":"https:\/\/eldigitaldeasturias.com\/magazine365\/category\/noticias-actualidad\/#listItem","position":2,"name":"Noticias y Actualidad","item":"https:\/\/eldigitaldeasturias.com\/magazine365\/category\/noticias-actualidad\/","nextItem":{"@type":"ListItem","@id":"https:\/\/eldigitaldeasturias.com\/magazine365\/aerolineas-asociadas-de-etihad-airways-firman-una-declaracion-contra-el-trafico-ilegal-de-fauna-y-flora-silvestres\/#listItem","name":"Aerol\u00edneas asociadas de Etihad Airways firman una declaraci\u00f3n contra el tr\u00e1fico ilegal de fauna y flora silvestres"},"previousItem":{"@type":"ListItem","@id":"https:\/\/eldigitaldeasturias.com\/magazine365#listItem","name":"Home"}},{"@type":"ListItem","@id":"https:\/\/eldigitaldeasturias.com\/magazine365\/aerolineas-asociadas-de-etihad-airways-firman-una-declaracion-contra-el-trafico-ilegal-de-fauna-y-flora-silvestres\/#listItem","position":3,"name":"Aerol\u00edneas asociadas de Etihad Airways firman una declaraci\u00f3n contra el tr\u00e1fico ilegal de fauna y flora silvestres","previousItem":{"@type":"ListItem","@id":"https:\/\/eldigitaldeasturias.com\/magazine365\/category\/noticias-actualidad\/#listItem","name":"Noticias y Actualidad"}}]},{"@type":"Organization","@id":"https:\/\/eldigitaldeasturias.com\/magazine365\/#organization","name":"El digital de Asturias","description":"Revista de ocio, turismo y estilo de vida","url":"https:\/\/eldigitaldeasturias.com\/magazine365\/","logo":{"@type":"ImageObject","url":"https:\/\/www.eldigitaldeasturias.com\/noticias\/wp-content\/uploads\/2020\/12\/EDA.jpg","@id":"https:\/\/eldigitaldeasturias.com\/magazine365\/aerolineas-asociadas-de-etihad-airways-firman-una-declaracion-contra-el-trafico-ilegal-de-fauna-y-flora-silvestres\/#organizationLogo"},"image":{"@id":"https:\/\/eldigitaldeasturias.com\/magazine365\/aerolineas-asociadas-de-etihad-airways-firman-una-declaracion-contra-el-trafico-ilegal-de-fauna-y-flora-silvestres\/#organizationLogo"}},{"@type":"Person","@id":"https:\/\/eldigitaldeasturias.com\/magazine365\/author\/admin\/#author","url":"https:\/\/eldigitaldeasturias.com\/magazine365\/author\/admin\/","name":"admin","image":{"@type":"ImageObject","@id":"https:\/\/eldigitaldeasturias.com\/magazine365\/aerolineas-asociadas-de-etihad-airways-firman-una-declaracion-contra-el-trafico-ilegal-de-fauna-y-flora-silvestres\/#authorImage","url":"https:\/\/eldigitaldeasturias.com\/magazine365\/wp-content\/litespeed\/avatar\/e571bcf59a0edd6fa6838245a470f2fe.jpg?ver=1776969259","width":96,"height":96,"caption":"admin"}},{"@type":"WebPage","@id":"https:\/\/eldigitaldeasturias.com\/magazine365\/aerolineas-asociadas-de-etihad-airways-firman-una-declaracion-contra-el-trafico-ilegal-de-fauna-y-flora-silvestres\/#webpage","url":"https:\/\/eldigitaldeasturias.com\/magazine365\/aerolineas-asociadas-de-etihad-airways-firman-una-declaracion-contra-el-trafico-ilegal-de-fauna-y-flora-silvestres\/","name":"Aerol\u00edneas asociadas de Etihad Airways firman una declaraci\u00f3n contra el tr\u00e1fico ilegal de fauna y flora silvestres | El Digital de Asturias","description":"Cinco de las aerol\u00edneas asociadas de Etihad Airways han firmado la Declaraci\u00f3n de Buckingham Palace, comprometi\u00e9ndose a importantes medidas para luchar contra el tr\u00e1fico ilegal de la fauna y flora silvestres y a cumplir con los esfuerzos para ayudar a proteger a muchas de las especies ic\u00f3nicas de fauna silvestre del mundo. La Declaraci\u00f3n 'United","inLanguage":"es-ES","isPartOf":{"@id":"https:\/\/eldigitaldeasturias.com\/magazine365\/#website"},"breadcrumb":{"@id":"https:\/\/eldigitaldeasturias.com\/magazine365\/aerolineas-asociadas-de-etihad-airways-firman-una-declaracion-contra-el-trafico-ilegal-de-fauna-y-flora-silvestres\/#breadcrumblist"},"author":{"@id":"https:\/\/eldigitaldeasturias.com\/magazine365\/author\/admin\/#author"},"creator":{"@id":"https:\/\/eldigitaldeasturias.com\/magazine365\/author\/admin\/#author"},"image":{"@type":"ImageObject","url":"https:\/\/eldigitaldeasturias.com\/magazine365\/wp-content\/uploads\/2016\/06\/fotonoticia_20160603151442_800.jpg","@id":"https:\/\/eldigitaldeasturias.com\/magazine365\/aerolineas-asociadas-de-etihad-airways-firman-una-declaracion-contra-el-trafico-ilegal-de-fauna-y-flora-silvestres\/#mainImage","width":800,"height":507},"primaryImageOfPage":{"@id":"https:\/\/eldigitaldeasturias.com\/magazine365\/aerolineas-asociadas-de-etihad-airways-firman-una-declaracion-contra-el-trafico-ilegal-de-fauna-y-flora-silvestres\/#mainImage"},"datePublished":"2016-06-06T10:25:45+02:00","dateModified":"2016-06-06T10:25:45+02:00"},{"@type":"WebSite","@id":"https:\/\/eldigitaldeasturias.com\/magazine365\/#website","url":"https:\/\/eldigitaldeasturias.com\/magazine365\/","name":"El Digital de Asturias","description":"Revista de ocio, turismo y estilo de vida","inLanguage":"es-ES","publisher":{"@id":"https:\/\/eldigitaldeasturias.com\/magazine365\/#organization"}}]},"og:locale":"es_ES","og:site_name":"El Digital de Asturias \u2013 Revista de ocio, turismo y estilo de vida","og:type":"article","og:title":"Aerol\u00edneas asociadas de Etihad Airways firman una declaraci\u00f3n contra el tr\u00e1fico ilegal de fauna y flora silvestres | El Digital de Asturias","og:description":"Cinco de las aerol\u00edneas asociadas de Etihad Airways han firmado la Declaraci\u00f3n de Buckingham Palace, comprometi\u00e9ndose a importantes medidas para luchar contra el tr\u00e1fico ilegal de la fauna y flora silvestres y a cumplir con los esfuerzos para ayudar a proteger a muchas de las especies ic\u00f3nicas de fauna silvestre del mundo. La Declaraci\u00f3n 'United","og:url":"https:\/\/eldigitaldeasturias.com\/magazine365\/aerolineas-asociadas-de-etihad-airways-firman-una-declaracion-contra-el-trafico-ilegal-de-fauna-y-flora-silvestres\/","og:image":"https:\/\/eldigitaldeasturias.com\/magazine365\/wp-content\/uploads\/2016\/06\/fotonoticia_20160603151442_800.jpg","og:image:secure_url":"https:\/\/eldigitaldeasturias.com\/magazine365\/wp-content\/uploads\/2016\/06\/fotonoticia_20160603151442_800.jpg","og:image:width":800,"og:image:height":507,"article:published_time":"2016-06-06T08:25:45+00:00","article:modified_time":"2016-06-06T08:25:45+00:00","twitter:card":"summary_large_image","twitter:title":"Aerol\u00edneas asociadas de Etihad Airways firman una declaraci\u00f3n contra el tr\u00e1fico ilegal de fauna y flora silvestres | El Digital de Asturias","twitter:description":"Cinco de las aerol\u00edneas asociadas de Etihad Airways han firmado la Declaraci\u00f3n de Buckingham Palace, comprometi\u00e9ndose a importantes medidas para luchar contra el tr\u00e1fico ilegal de la fauna y flora silvestres y a cumplir con los esfuerzos para ayudar a proteger a muchas de las especies ic\u00f3nicas de fauna silvestre del mundo. La Declaraci\u00f3n 'United","twitter:image":"https:\/\/eldigitaldeasturias.com\/magazine365\/wp-content\/uploads\/2016\/06\/fotonoticia_20160603151442_800.jpg"},"aioseo_meta_data":{"post_id":"77717","title":null,"description":null,"keywords":null,"keyphrases":null,"primary_term":null,"canonical_url":null,"og_title":null,"og_description":null,"og_object_type":"default","og_image_type":"default","og_image_url":null,"og_image_width":null,"og_image_height":null,"og_image_custom_url":null,"og_image_custom_fields":null,"og_video":null,"og_custom_url":null,"og_article_section":null,"og_article_tags":null,"twitter_use_og":false,"twitter_card":"default","twitter_image_type":"default","twitter_image_url":null,"twitter_image_custom_url":null,"twitter_image_custom_fields":null,"twitter_title":null,"twitter_description":null,"schema":{"blockGraphs":[],"customGraphs":[],"default":{"data":{"Article":[],"Course":[],"Dataset":[],"FAQPage":[],"Movie":[],"Person":[],"Product":[],"ProductReview":[],"Car":[],"Recipe":[],"Service":[],"SoftwareApplication":[],"WebPage":[]},"graphName":"","isEnabled":true},"graphs":[],"defaultGraph":"","defaultPostTypeGraph":""},"schema_type":null,"schema_type_options":null,"pillar_content":false,"robots_default":true,"robots_noindex":false,"robots_noarchive":false,"robots_nosnippet":false,"robots_nofollow":false,"robots_noimageindex":false,"robots_noodp":false,"robots_notranslate":false,"robots_max_snippet":null,"robots_max_videopreview":null,"robots_max_imagepreview":"large","priority":null,"frequency":null,"location":null,"local_seo":null,"seo_analyzer_scan_date":"2025-09-27 15:29:57","breadcrumb_settings":null,"limit_modified_date":false,"open_ai":null,"ai":null,"created":"2021-03-08 18:09:42","updated":"2025-09-27 15:29:57"},"aioseo_breadcrumb":"<div class=\"aioseo-breadcrumbs\"><span class=\"aioseo-breadcrumb\">\n\t<a href=\"https:\/\/eldigitaldeasturias.com\/magazine365\" title=\"Home\">Home<\/a>\n<\/span><span class=\"aioseo-breadcrumb-separator\">\u2013<\/span><span class=\"aioseo-breadcrumb\">\n\t<a href=\"https:\/\/eldigitaldeasturias.com\/magazine365\/category\/noticias-actualidad\/\" title=\"Noticias y Actualidad\">Noticias y Actualidad<\/a>\n<\/span><span class=\"aioseo-breadcrumb-separator\">\u2013<\/span><span class=\"aioseo-breadcrumb\">\n\t<a href=\"https:\/\/eldigitaldeasturias.com\/magazine365\/aerolineas-asociadas-de-etihad-airways-firman-una-declaracion-contra-el-trafico-ilegal-de-fauna-y-flora-silvestres\/\" title=\"Aerol\u00edneas asociadas de Etihad Airways firman una declaraci\u00f3n contra el tr\u00e1fico ilegal de fauna y flora silvestres\">Aerol\u00edneas asociadas de Etihad Airways firman una declaraci\u00f3n contra el tr\u00e1fico ilegal de fauna y flora silvestres<\/a>\n<\/span><\/div>","aioseo_breadcrumb_json":[{"label":"Home","link":"https:\/\/eldigitaldeasturias.com\/magazine365"},{"label":"Noticias y Actualidad","link":"https:\/\/eldigitaldeasturias.com\/magazine365\/category\/noticias-actualidad\/"},{"label":"Aerol\u00edneas asociadas de Etihad Airways firman una declaraci\u00f3n contra el tr\u00e1fico ilegal de fauna y flora silvestres","link":"https:\/\/eldigitaldeasturias.com\/magazine365\/aerolineas-asociadas-de-etihad-airways-firman-una-declaracion-contra-el-trafico-ilegal-de-fauna-y-flora-silvestres\/"}],"_links":{"self":[{"href":"https:\/\/eldigitaldeasturias.com\/magazine365\/wp-json\/wp\/v2\/posts\/77717","targetHints":{"allow":["GET"]}}],"collection":[{"href":"https:\/\/eldigitaldeasturias.com\/magazine365\/wp-json\/wp\/v2\/posts"}],"about":[{"href":"https:\/\/eldigitaldeasturias.com\/magazine365\/wp-json\/wp\/v2\/types\/post"}],"author":[{"embeddable":true,"href":"https:\/\/eldigitaldeasturias.com\/magazine365\/wp-json\/wp\/v2\/users\/1"}],"replies":[{"embeddable":true,"href":"https:\/\/eldigitaldeasturias.com\/magazine365\/wp-json\/wp\/v2\/comments?post=77717"}],"version-history":[{"count":0,"href":"https:\/\/eldigitaldeasturias.com\/magazine365\/wp-json\/wp\/v2\/posts\/77717\/revisions"}],"wp:featuredmedia":[{"embeddable":true,"href":"https:\/\/eldigitaldeasturias.com\/magazine365\/wp-json\/wp\/v2\/media\/77718"}],"wp:attachment":[{"href":"https:\/\/eldigitaldeasturias.com\/magazine365\/wp-json\/wp\/v2\/media?parent=77717"}],"wp:term":[{"taxonomy":"category","embeddable":true,"href":"https:\/\/eldigitaldeasturias.com\/magazine365\/wp-json\/wp\/v2\/categories?post=77717"},{"taxonomy":"post_tag","embeddable":true,"href":"https:\/\/eldigitaldeasturias.com\/magazine365\/wp-json\/wp\/v2\/tags?post=77717"}],"curies":[{"name":"wp","href":"https:\/\/api.w.org\/{rel}","templated":true}]}}