{"id":77711,"date":"2016-06-06T10:23:42","date_gmt":"2016-06-06T08:23:42","guid":{"rendered":"http:\/\/eldigitaldeasturias.com\/magazine365\/?p=77711"},"modified":"2016-06-06T10:23:42","modified_gmt":"2016-06-06T08:23:42","slug":"la-diputacion-de-badajoz-muestra-su-oferta-turistica-en-dos-certamenes-en-llerena-y-montijo","status":"publish","type":"post","link":"https:\/\/eldigitaldeasturias.com\/magazine365\/la-diputacion-de-badajoz-muestra-su-oferta-turistica-en-dos-certamenes-en-llerena-y-montijo\/","title":{"rendered":"La Diputaci\u00f3n de Badajoz muestra su oferta tur\u00edstica en dos cert\u00e1menes en Llerena y Montijo"},"content":{"rendered":"<p><img fetchpriority=\"high\" decoding=\"async\" class=\"alignleft size-medium wp-image-77712\" src=\"https:\/\/eldigitaldeasturias.com\/magazine365\/wp-content\/uploads\/2016\/06\/fotonoticia_20160603145931_800-360x216.jpg\" alt=\"fotonoticia_20160603145931_800\" width=\"360\" height=\"216\" srcset=\"https:\/\/eldigitaldeasturias.com\/magazine365\/wp-content\/uploads\/2016\/06\/fotonoticia_20160603145931_800-360x216.jpg 360w, https:\/\/eldigitaldeasturias.com\/magazine365\/wp-content\/uploads\/2016\/06\/fotonoticia_20160603145931_800-650x390.jpg 650w, https:\/\/eldigitaldeasturias.com\/magazine365\/wp-content\/uploads\/2016\/06\/fotonoticia_20160603145931_800-768x461.jpg 768w, https:\/\/eldigitaldeasturias.com\/magazine365\/wp-content\/uploads\/2016\/06\/fotonoticia_20160603145931_800-150x90.jpg 150w, https:\/\/eldigitaldeasturias.com\/magazine365\/wp-content\/uploads\/2016\/06\/fotonoticia_20160603145931_800-450x270.jpg 450w, https:\/\/eldigitaldeasturias.com\/magazine365\/wp-content\/uploads\/2016\/06\/fotonoticia_20160603145931_800.jpg 800w\" sizes=\"(max-width: 360px) 100vw, 360px\" \/>La Diputaci\u00f3n de Badajoz, a trav\u00e9s del Patronato Provincial de Turismo y Tauromaquia, muestra su oferta tur\u00edstica, desde este viernes al domingo pr\u00f3ximo, d\u00eda 5, en la IV Feria Extreme\u00f1a de la Naturaleza, Caza, Pesca, Ocio y Tiempo Libre (Ferexnat), que tiene lugar en Llerena y en la I Feria de la Empresa y el Comercio (Feycom), que se celebra en Montijo.<\/p>\n<p>La inauguraci\u00f3n de Ferexnat ha corrido a cargo del diputado del Patronato Provincial de Turismo y Tauromaquia, Lorenzo Molina que, durante su intervenci\u00f3n, ha manifestado que la instituci\u00f3n provincial contin\u00faa apoyando iniciativas como \u00e9sta, destinadas a contribuir al desarrollo econ\u00f3mico de su comarca, promoviendo la dinamizaci\u00f3n empresarial.<\/p>\n<p>Molina ha explicado que desde la instituci\u00f3n a la que representa se est\u00e1 trabajando para mejorar las infraestructuras y servicios de los pueblos de la provincia, innovando en pol\u00edticas dinamizadoras de la vida en las zonas rurales, ha dicho.<\/p>\n<p>Asimismo, Lorenzo Molina ha indicado que esta feria tiene entre sus objetivos la promoci\u00f3n del turismo de interior, puesto que atraer\u00e1 a \u00abmuchas\u00bb personas que tambi\u00e9n visitar\u00e1n Llerena, una ciudad eminentemente monumental y art\u00edstica declara Conjunto Hist\u00f3rico Art\u00edstico en el a\u00f1o 1966.<\/p>\n<p>Tambi\u00e9n ha mencionado que uno de los objetivos de la diputaci\u00f3n es la mejora de la posici\u00f3n de la provincia de Badajoz como destino tur\u00edstico y el impulso de las potencialidades de los distintos territorios para generar empleo.<\/p>\n<p>Para finalizar, Molina ha agradecido a la Asociaci\u00f3n de Empresarios Siglo XXI y al Ayuntamiento de Llerena, la oportunidad de poder inaugurar este evento y ha invitado a todos los asistentes a conocer la ciudad y perderse por sus calles, explica la diputaci\u00f3n pacense en nota de prensa.<\/p>\n<p>EXPOSICI\u00d3N<\/p>\n<p>Ferexnat, que en esta edici\u00f3n cuenta con la participaci\u00f3n de un mayor n\u00famero de empresas y expositores de la comarca y de las provincias andaluzas cercanas, tambi\u00e9n cuenta con la exposici\u00f3n \u00ab\u00bfD\u00f3nde Va Qu\u00e9?\u00bb, organizada por el Consorcio Medioambiental de la Diputaci\u00f3n de Badajoz, Promedio, con la que se pretende mejorar el conocimiento de la ciudadan\u00eda sobre el reciclaje y la conservaci\u00f3n de la riqueza natural de la provincia de Badajoz.<\/p>\n<p>La feria contar\u00e1 con novedades como el D\u00eda del Mayor y una mejora en el programa de actividades de la tercera edici\u00f3n del D\u00eda del Cazador, adem\u00e1s de exposiciones, exhibiciones, concursos, conferencias y actividades deportivas y de ocio.<\/p>\n<p>En la inauguraci\u00f3n tambi\u00e9n han estado el alcalde de Llerena, Valent\u00edn Cort\u00e9s; el diputado comarcal, Jos\u00e9 Francisco Casta\u00f1o; presidente y miembro de la Junta Directiva de la Asociaci\u00f3n de Empresarios de Llerena y Comarca Siglo XXI, Juan Miguel Llorente y Carlos Pizarro; el presidente de la Federaci\u00f3n de Caza de Extremadura, Jos\u00e9 Mar\u00eda Gallardo, as\u00ed como alcaldes de la comarca.<\/p>\n","protected":false},"excerpt":{"rendered":"<p>La Diputaci\u00f3n de Badajoz, a trav\u00e9s del Patronato Provincial de Turismo y Tauromaquia, muestra su oferta tur\u00edstica, desde este viernes al domingo pr\u00f3ximo, d\u00eda 5, en la IV Feria Extreme\u00f1a de la Naturaleza, Caza, Pesca, Ocio y Tiempo Libre (Ferexnat), que tiene lugar en Llerena y en la I Feria de la Empresa y el<\/p>\n","protected":false},"author":1,"featured_media":77712,"comment_status":"open","ping_status":"closed","sticky":false,"template":"","format":"standard","meta":{"footnotes":""},"categories":[224],"tags":[],"class_list":{"0":"post-77711","1":"post","2":"type-post","3":"status-publish","4":"format-standard","5":"has-post-thumbnail","7":"category-noticias-actualidad"},"aioseo_notices":[],"aioseo_head":"\n\t\t<!-- All in One SEO Pro 4.9.6.1 - aioseo.com -->\n\t<meta name=\"description\" content=\"La Diputaci\u00f3n de Badajoz, a trav\u00e9s del Patronato Provincial de Turismo y Tauromaquia, muestra su oferta tur\u00edstica, desde este viernes al domingo pr\u00f3ximo, d\u00eda 5, en la IV Feria Extreme\u00f1a de la Naturaleza, Caza, Pesca, Ocio y Tiempo Libre (Ferexnat), que tiene lugar en Llerena y en la I Feria de la Empresa y el\" \/>\n\t<meta name=\"robots\" content=\"max-image-preview:large\" \/>\n\t<meta name=\"author\" content=\"admin\"\/>\n\t<meta name=\"google-site-verification\" content=\"UA-38556648-1\" \/>\n\t<meta name=\"keywords\" content=\"noticias y actualidad\" \/>\n\t<link rel=\"canonical\" href=\"https:\/\/eldigitaldeasturias.com\/magazine365\/la-diputacion-de-badajoz-muestra-su-oferta-turistica-en-dos-certamenes-en-llerena-y-montijo\/\" \/>\n\t<meta name=\"generator\" content=\"All in One SEO Pro (AIOSEO) 4.9.6.1\" \/>\n\t\t<meta property=\"og:locale\" content=\"es_ES\" \/>\n\t\t<meta property=\"og:site_name\" content=\"El Digital de Asturias \u2013 Revista de ocio, turismo y estilo de vida\" \/>\n\t\t<meta property=\"og:type\" content=\"article\" \/>\n\t\t<meta property=\"og:title\" content=\"La Diputaci\u00f3n de Badajoz muestra su oferta tur\u00edstica en dos cert\u00e1menes en Llerena y Montijo | El Digital de Asturias\" \/>\n\t\t<meta property=\"og:description\" content=\"La Diputaci\u00f3n de Badajoz, a trav\u00e9s del Patronato Provincial de Turismo y Tauromaquia, muestra su oferta tur\u00edstica, desde este viernes al domingo pr\u00f3ximo, d\u00eda 5, en la IV Feria Extreme\u00f1a de la Naturaleza, Caza, Pesca, Ocio y Tiempo Libre (Ferexnat), que tiene lugar en Llerena y en la I Feria de la Empresa y el\" \/>\n\t\t<meta property=\"og:url\" content=\"https:\/\/eldigitaldeasturias.com\/magazine365\/la-diputacion-de-badajoz-muestra-su-oferta-turistica-en-dos-certamenes-en-llerena-y-montijo\/\" \/>\n\t\t<meta property=\"og:image\" content=\"https:\/\/eldigitaldeasturias.com\/magazine365\/wp-content\/uploads\/2016\/06\/fotonoticia_20160603145931_800.jpg\" \/>\n\t\t<meta property=\"og:image:secure_url\" content=\"https:\/\/eldigitaldeasturias.com\/magazine365\/wp-content\/uploads\/2016\/06\/fotonoticia_20160603145931_800.jpg\" \/>\n\t\t<meta property=\"og:image:width\" content=\"800\" \/>\n\t\t<meta property=\"og:image:height\" content=\"480\" \/>\n\t\t<meta property=\"article:published_time\" content=\"2016-06-06T08:23:42+00:00\" \/>\n\t\t<meta property=\"article:modified_time\" content=\"2016-06-06T08:23:42+00:00\" \/>\n\t\t<meta name=\"twitter:card\" content=\"summary_large_image\" \/>\n\t\t<meta name=\"twitter:title\" content=\"La Diputaci\u00f3n de Badajoz muestra su oferta tur\u00edstica en dos cert\u00e1menes en Llerena y Montijo | El Digital de Asturias\" \/>\n\t\t<meta name=\"twitter:description\" content=\"La Diputaci\u00f3n de Badajoz, a trav\u00e9s del Patronato Provincial de Turismo y Tauromaquia, muestra su oferta tur\u00edstica, desde este viernes al domingo pr\u00f3ximo, d\u00eda 5, en la IV Feria Extreme\u00f1a de la Naturaleza, Caza, Pesca, Ocio y Tiempo Libre (Ferexnat), que tiene lugar en Llerena y en la I Feria de la Empresa y el\" \/>\n\t\t<meta name=\"twitter:image\" content=\"https:\/\/eldigitaldeasturias.com\/magazine365\/wp-content\/uploads\/2016\/06\/fotonoticia_20160603145931_800.jpg\" \/>\n\t\t<script type=\"application\/ld+json\" class=\"aioseo-schema\">\n\t\t\t{\"@context\":\"https:\\\/\\\/schema.org\",\"@graph\":[{\"@type\":\"Article\",\"@id\":\"https:\\\/\\\/eldigitaldeasturias.com\\\/magazine365\\\/la-diputacion-de-badajoz-muestra-su-oferta-turistica-en-dos-certamenes-en-llerena-y-montijo\\\/#article\",\"name\":\"La Diputaci\\u00f3n de Badajoz muestra su oferta tur\\u00edstica en dos cert\\u00e1menes en Llerena y Montijo | El Digital de Asturias\",\"headline\":\"La Diputaci\\u00f3n de Badajoz muestra su oferta tur\\u00edstica en dos cert\\u00e1menes en Llerena y Montijo\",\"author\":{\"@id\":\"https:\\\/\\\/eldigitaldeasturias.com\\\/magazine365\\\/author\\\/admin\\\/#author\"},\"publisher\":{\"@id\":\"https:\\\/\\\/eldigitaldeasturias.com\\\/magazine365\\\/#organization\"},\"image\":{\"@type\":\"ImageObject\",\"url\":\"https:\\\/\\\/eldigitaldeasturias.com\\\/magazine365\\\/wp-content\\\/uploads\\\/2016\\\/06\\\/fotonoticia_20160603145931_800.jpg\",\"width\":800,\"height\":480},\"datePublished\":\"2016-06-06T10:23:42+02:00\",\"dateModified\":\"2016-06-06T10:23:42+02:00\",\"inLanguage\":\"es-ES\",\"mainEntityOfPage\":{\"@id\":\"https:\\\/\\\/eldigitaldeasturias.com\\\/magazine365\\\/la-diputacion-de-badajoz-muestra-su-oferta-turistica-en-dos-certamenes-en-llerena-y-montijo\\\/#webpage\"},\"isPartOf\":{\"@id\":\"https:\\\/\\\/eldigitaldeasturias.com\\\/magazine365\\\/la-diputacion-de-badajoz-muestra-su-oferta-turistica-en-dos-certamenes-en-llerena-y-montijo\\\/#webpage\"},\"articleSection\":\"Noticias y Actualidad\"},{\"@type\":\"BreadcrumbList\",\"@id\":\"https:\\\/\\\/eldigitaldeasturias.com\\\/magazine365\\\/la-diputacion-de-badajoz-muestra-su-oferta-turistica-en-dos-certamenes-en-llerena-y-montijo\\\/#breadcrumblist\",\"itemListElement\":[{\"@type\":\"ListItem\",\"@id\":\"https:\\\/\\\/eldigitaldeasturias.com\\\/magazine365#listItem\",\"position\":1,\"name\":\"Home\",\"item\":\"https:\\\/\\\/eldigitaldeasturias.com\\\/magazine365\",\"nextItem\":{\"@type\":\"ListItem\",\"@id\":\"https:\\\/\\\/eldigitaldeasturias.com\\\/magazine365\\\/category\\\/noticias-actualidad\\\/#listItem\",\"name\":\"Noticias y Actualidad\"}},{\"@type\":\"ListItem\",\"@id\":\"https:\\\/\\\/eldigitaldeasturias.com\\\/magazine365\\\/category\\\/noticias-actualidad\\\/#listItem\",\"position\":2,\"name\":\"Noticias y Actualidad\",\"item\":\"https:\\\/\\\/eldigitaldeasturias.com\\\/magazine365\\\/category\\\/noticias-actualidad\\\/\",\"nextItem\":{\"@type\":\"ListItem\",\"@id\":\"https:\\\/\\\/eldigitaldeasturias.com\\\/magazine365\\\/la-diputacion-de-badajoz-muestra-su-oferta-turistica-en-dos-certamenes-en-llerena-y-montijo\\\/#listItem\",\"name\":\"La Diputaci\\u00f3n de Badajoz muestra su oferta tur\\u00edstica en dos cert\\u00e1menes en Llerena y Montijo\"},\"previousItem\":{\"@type\":\"ListItem\",\"@id\":\"https:\\\/\\\/eldigitaldeasturias.com\\\/magazine365#listItem\",\"name\":\"Home\"}},{\"@type\":\"ListItem\",\"@id\":\"https:\\\/\\\/eldigitaldeasturias.com\\\/magazine365\\\/la-diputacion-de-badajoz-muestra-su-oferta-turistica-en-dos-certamenes-en-llerena-y-montijo\\\/#listItem\",\"position\":3,\"name\":\"La Diputaci\\u00f3n de Badajoz muestra su oferta tur\\u00edstica en dos cert\\u00e1menes en Llerena y Montijo\",\"previousItem\":{\"@type\":\"ListItem\",\"@id\":\"https:\\\/\\\/eldigitaldeasturias.com\\\/magazine365\\\/category\\\/noticias-actualidad\\\/#listItem\",\"name\":\"Noticias y Actualidad\"}}]},{\"@type\":\"Organization\",\"@id\":\"https:\\\/\\\/eldigitaldeasturias.com\\\/magazine365\\\/#organization\",\"name\":\"El digital de Asturias\",\"description\":\"Revista de ocio, turismo y estilo de vida\",\"url\":\"https:\\\/\\\/eldigitaldeasturias.com\\\/magazine365\\\/\",\"logo\":{\"@type\":\"ImageObject\",\"url\":\"https:\\\/\\\/www.eldigitaldeasturias.com\\\/noticias\\\/wp-content\\\/uploads\\\/2020\\\/12\\\/EDA.jpg\",\"@id\":\"https:\\\/\\\/eldigitaldeasturias.com\\\/magazine365\\\/la-diputacion-de-badajoz-muestra-su-oferta-turistica-en-dos-certamenes-en-llerena-y-montijo\\\/#organizationLogo\"},\"image\":{\"@id\":\"https:\\\/\\\/eldigitaldeasturias.com\\\/magazine365\\\/la-diputacion-de-badajoz-muestra-su-oferta-turistica-en-dos-certamenes-en-llerena-y-montijo\\\/#organizationLogo\"}},{\"@type\":\"Person\",\"@id\":\"https:\\\/\\\/eldigitaldeasturias.com\\\/magazine365\\\/author\\\/admin\\\/#author\",\"url\":\"https:\\\/\\\/eldigitaldeasturias.com\\\/magazine365\\\/author\\\/admin\\\/\",\"name\":\"admin\",\"image\":{\"@type\":\"ImageObject\",\"@id\":\"https:\\\/\\\/eldigitaldeasturias.com\\\/magazine365\\\/la-diputacion-de-badajoz-muestra-su-oferta-turistica-en-dos-certamenes-en-llerena-y-montijo\\\/#authorImage\",\"url\":\"https:\\\/\\\/eldigitaldeasturias.com\\\/magazine365\\\/wp-content\\\/litespeed\\\/avatar\\\/e571bcf59a0edd6fa6838245a470f2fe.jpg?ver=1776969259\",\"width\":96,\"height\":96,\"caption\":\"admin\"}},{\"@type\":\"WebPage\",\"@id\":\"https:\\\/\\\/eldigitaldeasturias.com\\\/magazine365\\\/la-diputacion-de-badajoz-muestra-su-oferta-turistica-en-dos-certamenes-en-llerena-y-montijo\\\/#webpage\",\"url\":\"https:\\\/\\\/eldigitaldeasturias.com\\\/magazine365\\\/la-diputacion-de-badajoz-muestra-su-oferta-turistica-en-dos-certamenes-en-llerena-y-montijo\\\/\",\"name\":\"La Diputaci\\u00f3n de Badajoz muestra su oferta tur\\u00edstica en dos cert\\u00e1menes en Llerena y Montijo | El Digital de Asturias\",\"description\":\"La Diputaci\\u00f3n de Badajoz, a trav\\u00e9s del Patronato Provincial de Turismo y Tauromaquia, muestra su oferta tur\\u00edstica, desde este viernes al domingo pr\\u00f3ximo, d\\u00eda 5, en la IV Feria Extreme\\u00f1a de la Naturaleza, Caza, Pesca, Ocio y Tiempo Libre (Ferexnat), que tiene lugar en Llerena y en la I Feria de la Empresa y el\",\"inLanguage\":\"es-ES\",\"isPartOf\":{\"@id\":\"https:\\\/\\\/eldigitaldeasturias.com\\\/magazine365\\\/#website\"},\"breadcrumb\":{\"@id\":\"https:\\\/\\\/eldigitaldeasturias.com\\\/magazine365\\\/la-diputacion-de-badajoz-muestra-su-oferta-turistica-en-dos-certamenes-en-llerena-y-montijo\\\/#breadcrumblist\"},\"author\":{\"@id\":\"https:\\\/\\\/eldigitaldeasturias.com\\\/magazine365\\\/author\\\/admin\\\/#author\"},\"creator\":{\"@id\":\"https:\\\/\\\/eldigitaldeasturias.com\\\/magazine365\\\/author\\\/admin\\\/#author\"},\"image\":{\"@type\":\"ImageObject\",\"url\":\"https:\\\/\\\/eldigitaldeasturias.com\\\/magazine365\\\/wp-content\\\/uploads\\\/2016\\\/06\\\/fotonoticia_20160603145931_800.jpg\",\"@id\":\"https:\\\/\\\/eldigitaldeasturias.com\\\/magazine365\\\/la-diputacion-de-badajoz-muestra-su-oferta-turistica-en-dos-certamenes-en-llerena-y-montijo\\\/#mainImage\",\"width\":800,\"height\":480},\"primaryImageOfPage\":{\"@id\":\"https:\\\/\\\/eldigitaldeasturias.com\\\/magazine365\\\/la-diputacion-de-badajoz-muestra-su-oferta-turistica-en-dos-certamenes-en-llerena-y-montijo\\\/#mainImage\"},\"datePublished\":\"2016-06-06T10:23:42+02:00\",\"dateModified\":\"2016-06-06T10:23:42+02:00\"},{\"@type\":\"WebSite\",\"@id\":\"https:\\\/\\\/eldigitaldeasturias.com\\\/magazine365\\\/#website\",\"url\":\"https:\\\/\\\/eldigitaldeasturias.com\\\/magazine365\\\/\",\"name\":\"El Digital de Asturias\",\"description\":\"Revista de ocio, turismo y estilo de vida\",\"inLanguage\":\"es-ES\",\"publisher\":{\"@id\":\"https:\\\/\\\/eldigitaldeasturias.com\\\/magazine365\\\/#organization\"}}]}\n\t\t<\/script>\n\t\t<!-- All in One SEO Pro -->\r\n\t\t<title>La Diputaci\u00f3n de Badajoz muestra su oferta tur\u00edstica en dos cert\u00e1menes en Llerena y Montijo | El Digital de Asturias<\/title>\n\n","aioseo_head_json":{"title":"La Diputaci\u00f3n de Badajoz muestra su oferta tur\u00edstica en dos cert\u00e1menes en Llerena y Montijo | El Digital de Asturias","description":"La Diputaci\u00f3n de Badajoz, a trav\u00e9s del Patronato Provincial de Turismo y Tauromaquia, muestra su oferta tur\u00edstica, desde este viernes al domingo pr\u00f3ximo, d\u00eda 5, en la IV Feria Extreme\u00f1a de la Naturaleza, Caza, Pesca, Ocio y Tiempo Libre (Ferexnat), que tiene lugar en Llerena y en la I Feria de la Empresa y el","canonical_url":"https:\/\/eldigitaldeasturias.com\/magazine365\/la-diputacion-de-badajoz-muestra-su-oferta-turistica-en-dos-certamenes-en-llerena-y-montijo\/","robots":"max-image-preview:large","keywords":"noticias y actualidad","webmasterTools":{"google-site-verification":"UA-38556648-1","miscellaneous":""},"schema":{"@context":"https:\/\/schema.org","@graph":[{"@type":"Article","@id":"https:\/\/eldigitaldeasturias.com\/magazine365\/la-diputacion-de-badajoz-muestra-su-oferta-turistica-en-dos-certamenes-en-llerena-y-montijo\/#article","name":"La Diputaci\u00f3n de Badajoz muestra su oferta tur\u00edstica en dos cert\u00e1menes en Llerena y Montijo | El Digital de Asturias","headline":"La Diputaci\u00f3n de Badajoz muestra su oferta tur\u00edstica en dos cert\u00e1menes en Llerena y Montijo","author":{"@id":"https:\/\/eldigitaldeasturias.com\/magazine365\/author\/admin\/#author"},"publisher":{"@id":"https:\/\/eldigitaldeasturias.com\/magazine365\/#organization"},"image":{"@type":"ImageObject","url":"https:\/\/eldigitaldeasturias.com\/magazine365\/wp-content\/uploads\/2016\/06\/fotonoticia_20160603145931_800.jpg","width":800,"height":480},"datePublished":"2016-06-06T10:23:42+02:00","dateModified":"2016-06-06T10:23:42+02:00","inLanguage":"es-ES","mainEntityOfPage":{"@id":"https:\/\/eldigitaldeasturias.com\/magazine365\/la-diputacion-de-badajoz-muestra-su-oferta-turistica-en-dos-certamenes-en-llerena-y-montijo\/#webpage"},"isPartOf":{"@id":"https:\/\/eldigitaldeasturias.com\/magazine365\/la-diputacion-de-badajoz-muestra-su-oferta-turistica-en-dos-certamenes-en-llerena-y-montijo\/#webpage"},"articleSection":"Noticias y Actualidad"},{"@type":"BreadcrumbList","@id":"https:\/\/eldigitaldeasturias.com\/magazine365\/la-diputacion-de-badajoz-muestra-su-oferta-turistica-en-dos-certamenes-en-llerena-y-montijo\/#breadcrumblist","itemListElement":[{"@type":"ListItem","@id":"https:\/\/eldigitaldeasturias.com\/magazine365#listItem","position":1,"name":"Home","item":"https:\/\/eldigitaldeasturias.com\/magazine365","nextItem":{"@type":"ListItem","@id":"https:\/\/eldigitaldeasturias.com\/magazine365\/category\/noticias-actualidad\/#listItem","name":"Noticias y Actualidad"}},{"@type":"ListItem","@id":"https:\/\/eldigitaldeasturias.com\/magazine365\/category\/noticias-actualidad\/#listItem","position":2,"name":"Noticias y Actualidad","item":"https:\/\/eldigitaldeasturias.com\/magazine365\/category\/noticias-actualidad\/","nextItem":{"@type":"ListItem","@id":"https:\/\/eldigitaldeasturias.com\/magazine365\/la-diputacion-de-badajoz-muestra-su-oferta-turistica-en-dos-certamenes-en-llerena-y-montijo\/#listItem","name":"La Diputaci\u00f3n de Badajoz muestra su oferta tur\u00edstica en dos cert\u00e1menes en Llerena y Montijo"},"previousItem":{"@type":"ListItem","@id":"https:\/\/eldigitaldeasturias.com\/magazine365#listItem","name":"Home"}},{"@type":"ListItem","@id":"https:\/\/eldigitaldeasturias.com\/magazine365\/la-diputacion-de-badajoz-muestra-su-oferta-turistica-en-dos-certamenes-en-llerena-y-montijo\/#listItem","position":3,"name":"La Diputaci\u00f3n de Badajoz muestra su oferta tur\u00edstica en dos cert\u00e1menes en Llerena y Montijo","previousItem":{"@type":"ListItem","@id":"https:\/\/eldigitaldeasturias.com\/magazine365\/category\/noticias-actualidad\/#listItem","name":"Noticias y Actualidad"}}]},{"@type":"Organization","@id":"https:\/\/eldigitaldeasturias.com\/magazine365\/#organization","name":"El digital de Asturias","description":"Revista de ocio, turismo y estilo de vida","url":"https:\/\/eldigitaldeasturias.com\/magazine365\/","logo":{"@type":"ImageObject","url":"https:\/\/www.eldigitaldeasturias.com\/noticias\/wp-content\/uploads\/2020\/12\/EDA.jpg","@id":"https:\/\/eldigitaldeasturias.com\/magazine365\/la-diputacion-de-badajoz-muestra-su-oferta-turistica-en-dos-certamenes-en-llerena-y-montijo\/#organizationLogo"},"image":{"@id":"https:\/\/eldigitaldeasturias.com\/magazine365\/la-diputacion-de-badajoz-muestra-su-oferta-turistica-en-dos-certamenes-en-llerena-y-montijo\/#organizationLogo"}},{"@type":"Person","@id":"https:\/\/eldigitaldeasturias.com\/magazine365\/author\/admin\/#author","url":"https:\/\/eldigitaldeasturias.com\/magazine365\/author\/admin\/","name":"admin","image":{"@type":"ImageObject","@id":"https:\/\/eldigitaldeasturias.com\/magazine365\/la-diputacion-de-badajoz-muestra-su-oferta-turistica-en-dos-certamenes-en-llerena-y-montijo\/#authorImage","url":"https:\/\/eldigitaldeasturias.com\/magazine365\/wp-content\/litespeed\/avatar\/e571bcf59a0edd6fa6838245a470f2fe.jpg?ver=1776969259","width":96,"height":96,"caption":"admin"}},{"@type":"WebPage","@id":"https:\/\/eldigitaldeasturias.com\/magazine365\/la-diputacion-de-badajoz-muestra-su-oferta-turistica-en-dos-certamenes-en-llerena-y-montijo\/#webpage","url":"https:\/\/eldigitaldeasturias.com\/magazine365\/la-diputacion-de-badajoz-muestra-su-oferta-turistica-en-dos-certamenes-en-llerena-y-montijo\/","name":"La Diputaci\u00f3n de Badajoz muestra su oferta tur\u00edstica en dos cert\u00e1menes en Llerena y Montijo | El Digital de Asturias","description":"La Diputaci\u00f3n de Badajoz, a trav\u00e9s del Patronato Provincial de Turismo y Tauromaquia, muestra su oferta tur\u00edstica, desde este viernes al domingo pr\u00f3ximo, d\u00eda 5, en la IV Feria Extreme\u00f1a de la Naturaleza, Caza, Pesca, Ocio y Tiempo Libre (Ferexnat), que tiene lugar en Llerena y en la I Feria de la Empresa y el","inLanguage":"es-ES","isPartOf":{"@id":"https:\/\/eldigitaldeasturias.com\/magazine365\/#website"},"breadcrumb":{"@id":"https:\/\/eldigitaldeasturias.com\/magazine365\/la-diputacion-de-badajoz-muestra-su-oferta-turistica-en-dos-certamenes-en-llerena-y-montijo\/#breadcrumblist"},"author":{"@id":"https:\/\/eldigitaldeasturias.com\/magazine365\/author\/admin\/#author"},"creator":{"@id":"https:\/\/eldigitaldeasturias.com\/magazine365\/author\/admin\/#author"},"image":{"@type":"ImageObject","url":"https:\/\/eldigitaldeasturias.com\/magazine365\/wp-content\/uploads\/2016\/06\/fotonoticia_20160603145931_800.jpg","@id":"https:\/\/eldigitaldeasturias.com\/magazine365\/la-diputacion-de-badajoz-muestra-su-oferta-turistica-en-dos-certamenes-en-llerena-y-montijo\/#mainImage","width":800,"height":480},"primaryImageOfPage":{"@id":"https:\/\/eldigitaldeasturias.com\/magazine365\/la-diputacion-de-badajoz-muestra-su-oferta-turistica-en-dos-certamenes-en-llerena-y-montijo\/#mainImage"},"datePublished":"2016-06-06T10:23:42+02:00","dateModified":"2016-06-06T10:23:42+02:00"},{"@type":"WebSite","@id":"https:\/\/eldigitaldeasturias.com\/magazine365\/#website","url":"https:\/\/eldigitaldeasturias.com\/magazine365\/","name":"El Digital de Asturias","description":"Revista de ocio, turismo y estilo de vida","inLanguage":"es-ES","publisher":{"@id":"https:\/\/eldigitaldeasturias.com\/magazine365\/#organization"}}]},"og:locale":"es_ES","og:site_name":"El Digital de Asturias \u2013 Revista de ocio, turismo y estilo de vida","og:type":"article","og:title":"La Diputaci\u00f3n de Badajoz muestra su oferta tur\u00edstica en dos cert\u00e1menes en Llerena y Montijo | El Digital de Asturias","og:description":"La Diputaci\u00f3n de Badajoz, a trav\u00e9s del Patronato Provincial de Turismo y Tauromaquia, muestra su oferta tur\u00edstica, desde este viernes al domingo pr\u00f3ximo, d\u00eda 5, en la IV Feria Extreme\u00f1a de la Naturaleza, Caza, Pesca, Ocio y Tiempo Libre (Ferexnat), que tiene lugar en Llerena y en la I Feria de la Empresa y el","og:url":"https:\/\/eldigitaldeasturias.com\/magazine365\/la-diputacion-de-badajoz-muestra-su-oferta-turistica-en-dos-certamenes-en-llerena-y-montijo\/","og:image":"https:\/\/eldigitaldeasturias.com\/magazine365\/wp-content\/uploads\/2016\/06\/fotonoticia_20160603145931_800.jpg","og:image:secure_url":"https:\/\/eldigitaldeasturias.com\/magazine365\/wp-content\/uploads\/2016\/06\/fotonoticia_20160603145931_800.jpg","og:image:width":800,"og:image:height":480,"article:published_time":"2016-06-06T08:23:42+00:00","article:modified_time":"2016-06-06T08:23:42+00:00","twitter:card":"summary_large_image","twitter:title":"La Diputaci\u00f3n de Badajoz muestra su oferta tur\u00edstica en dos cert\u00e1menes en Llerena y Montijo | El Digital de Asturias","twitter:description":"La Diputaci\u00f3n de Badajoz, a trav\u00e9s del Patronato Provincial de Turismo y Tauromaquia, muestra su oferta tur\u00edstica, desde este viernes al domingo pr\u00f3ximo, d\u00eda 5, en la IV Feria Extreme\u00f1a de la Naturaleza, Caza, Pesca, Ocio y Tiempo Libre (Ferexnat), que tiene lugar en Llerena y en la I Feria de la Empresa y el","twitter:image":"https:\/\/eldigitaldeasturias.com\/magazine365\/wp-content\/uploads\/2016\/06\/fotonoticia_20160603145931_800.jpg"},"aioseo_meta_data":{"post_id":"77711","title":null,"description":null,"keywords":null,"keyphrases":null,"primary_term":null,"canonical_url":null,"og_title":null,"og_description":null,"og_object_type":"default","og_image_type":"default","og_image_url":null,"og_image_width":null,"og_image_height":null,"og_image_custom_url":null,"og_image_custom_fields":null,"og_video":null,"og_custom_url":null,"og_article_section":null,"og_article_tags":null,"twitter_use_og":false,"twitter_card":"default","twitter_image_type":"default","twitter_image_url":null,"twitter_image_custom_url":null,"twitter_image_custom_fields":null,"twitter_title":null,"twitter_description":null,"schema":{"blockGraphs":[],"customGraphs":[],"default":{"data":{"Article":[],"Course":[],"Dataset":[],"FAQPage":[],"Movie":[],"Person":[],"Product":[],"ProductReview":[],"Car":[],"Recipe":[],"Service":[],"SoftwareApplication":[],"WebPage":[]},"graphName":"","isEnabled":true},"graphs":[]},"schema_type":null,"schema_type_options":null,"pillar_content":false,"robots_default":true,"robots_noindex":false,"robots_noarchive":false,"robots_nosnippet":false,"robots_nofollow":false,"robots_noimageindex":false,"robots_noodp":false,"robots_notranslate":false,"robots_max_snippet":null,"robots_max_videopreview":null,"robots_max_imagepreview":"large","priority":null,"frequency":null,"location":null,"local_seo":null,"seo_analyzer_scan_date":"2025-09-27 15:27:22","breadcrumb_settings":null,"limit_modified_date":false,"open_ai":null,"ai":null,"created":"2021-03-08 18:09:42","updated":"2025-09-27 15:27:22"},"aioseo_breadcrumb":"<div class=\"aioseo-breadcrumbs\"><span class=\"aioseo-breadcrumb\">\n\t<a href=\"https:\/\/eldigitaldeasturias.com\/magazine365\" title=\"Home\">Home<\/a>\n<\/span><span class=\"aioseo-breadcrumb-separator\">\u2013<\/span><span class=\"aioseo-breadcrumb\">\n\t<a href=\"https:\/\/eldigitaldeasturias.com\/magazine365\/category\/noticias-actualidad\/\" title=\"Noticias y Actualidad\">Noticias y Actualidad<\/a>\n<\/span><span class=\"aioseo-breadcrumb-separator\">\u2013<\/span><span class=\"aioseo-breadcrumb\">\n\t<a href=\"https:\/\/eldigitaldeasturias.com\/magazine365\/la-diputacion-de-badajoz-muestra-su-oferta-turistica-en-dos-certamenes-en-llerena-y-montijo\/\" title=\"La Diputaci\u00f3n de Badajoz muestra su oferta tur\u00edstica en dos cert\u00e1menes en Llerena y Montijo\">La Diputaci\u00f3n de Badajoz muestra su oferta tur\u00edstica en dos cert\u00e1menes en Llerena y Montijo<\/a>\n<\/span><\/div>","aioseo_breadcrumb_json":[{"label":"Home","link":"https:\/\/eldigitaldeasturias.com\/magazine365"},{"label":"Noticias y Actualidad","link":"https:\/\/eldigitaldeasturias.com\/magazine365\/category\/noticias-actualidad\/"},{"label":"La Diputaci\u00f3n de Badajoz muestra su oferta tur\u00edstica en dos cert\u00e1menes en Llerena y Montijo","link":"https:\/\/eldigitaldeasturias.com\/magazine365\/la-diputacion-de-badajoz-muestra-su-oferta-turistica-en-dos-certamenes-en-llerena-y-montijo\/"}],"_links":{"self":[{"href":"https:\/\/eldigitaldeasturias.com\/magazine365\/wp-json\/wp\/v2\/posts\/77711","targetHints":{"allow":["GET"]}}],"collection":[{"href":"https:\/\/eldigitaldeasturias.com\/magazine365\/wp-json\/wp\/v2\/posts"}],"about":[{"href":"https:\/\/eldigitaldeasturias.com\/magazine365\/wp-json\/wp\/v2\/types\/post"}],"author":[{"embeddable":true,"href":"https:\/\/eldigitaldeasturias.com\/magazine365\/wp-json\/wp\/v2\/users\/1"}],"replies":[{"embeddable":true,"href":"https:\/\/eldigitaldeasturias.com\/magazine365\/wp-json\/wp\/v2\/comments?post=77711"}],"version-history":[{"count":0,"href":"https:\/\/eldigitaldeasturias.com\/magazine365\/wp-json\/wp\/v2\/posts\/77711\/revisions"}],"wp:featuredmedia":[{"embeddable":true,"href":"https:\/\/eldigitaldeasturias.com\/magazine365\/wp-json\/wp\/v2\/media\/77712"}],"wp:attachment":[{"href":"https:\/\/eldigitaldeasturias.com\/magazine365\/wp-json\/wp\/v2\/media?parent=77711"}],"wp:term":[{"taxonomy":"category","embeddable":true,"href":"https:\/\/eldigitaldeasturias.com\/magazine365\/wp-json\/wp\/v2\/categories?post=77711"},{"taxonomy":"post_tag","embeddable":true,"href":"https:\/\/eldigitaldeasturias.com\/magazine365\/wp-json\/wp\/v2\/tags?post=77711"}],"curies":[{"name":"wp","href":"https:\/\/api.w.org\/{rel}","templated":true}]}}