{"id":77704,"date":"2016-06-06T07:59:52","date_gmt":"2016-06-06T05:59:52","guid":{"rendered":"http:\/\/eldigitaldeasturias.com\/magazine365\/?p=77704"},"modified":"2016-06-06T07:59:52","modified_gmt":"2016-06-06T05:59:52","slug":"jornadas-gastronomicas-de-la-ruta-del-vino-de-rueda","status":"publish","type":"post","link":"https:\/\/eldigitaldeasturias.com\/magazine365\/jornadas-gastronomicas-de-la-ruta-del-vino-de-rueda\/","title":{"rendered":"Jornadas Gastron\u00f3micas de la Ruta del Vino de Rueda"},"content":{"rendered":"<p><img fetchpriority=\"high\" decoding=\"async\" class=\"alignleft size-medium wp-image-77705\" src=\"https:\/\/eldigitaldeasturias.com\/magazine365\/wp-content\/uploads\/2016\/06\/fotonoticia_20160603144409_800-360x270.jpg\" alt=\"fotonoticia_20160603144409_800\" width=\"360\" height=\"270\" srcset=\"https:\/\/eldigitaldeasturias.com\/magazine365\/wp-content\/uploads\/2016\/06\/fotonoticia_20160603144409_800-360x270.jpg 360w, https:\/\/eldigitaldeasturias.com\/magazine365\/wp-content\/uploads\/2016\/06\/fotonoticia_20160603144409_800-650x488.jpg 650w, https:\/\/eldigitaldeasturias.com\/magazine365\/wp-content\/uploads\/2016\/06\/fotonoticia_20160603144409_800-768x576.jpg 768w, https:\/\/eldigitaldeasturias.com\/magazine365\/wp-content\/uploads\/2016\/06\/fotonoticia_20160603144409_800-150x113.jpg 150w, https:\/\/eldigitaldeasturias.com\/magazine365\/wp-content\/uploads\/2016\/06\/fotonoticia_20160603144409_800-450x338.jpg 450w, https:\/\/eldigitaldeasturias.com\/magazine365\/wp-content\/uploads\/2016\/06\/fotonoticia_20160603144409_800-90x67.jpg 90w, https:\/\/eldigitaldeasturias.com\/magazine365\/wp-content\/uploads\/2016\/06\/fotonoticia_20160603144409_800-164x124.jpg 164w, https:\/\/eldigitaldeasturias.com\/magazine365\/wp-content\/uploads\/2016\/06\/fotonoticia_20160603144409_800-100x75.jpg 100w, https:\/\/eldigitaldeasturias.com\/magazine365\/wp-content\/uploads\/2016\/06\/fotonoticia_20160603144409_800.jpg 800w\" sizes=\"(max-width: 360px) 100vw, 360px\" \/>Chefs y bodegueros de cuatro municipios vallisoletanos pertenecientes a la Ruta del Vino de Rueda han dise\u00f1ado una serie de men\u00fas especiales con motivo de sus I Jornadas Gastron\u00f3micas, que se celebrar\u00e1n del 5 al 26 de junio, cada d\u00eda en un establecimiento distinto.<\/p>\n<p>La iniciativa nace con el objetivo de \u00abpromocionar el Enoturismo y multiplicar la visibilidad de sus establecimientos de hosteler\u00eda\u00bb, para lo que se acercar\u00e1 a los comensales \u00abla excelencia de sus fogones\u00bb, seg\u00fan ha destacado la gerente de la Ruta, Mar\u00eda \u00c1ngeles Jim\u00e9nez.<\/p>\n<p>Por ello, se establecer\u00e1 un calendario de men\u00fas especiales en los que chefs y bodegueros se unir\u00e1n para elaborar y elegir el maridaje de cada plato, adem\u00e1s de realizar las catas de los vinos en exclusiva para los visitantes. Asimismo, las bodegas repartir\u00e1n entre los asistentes a cada cena o comida promociones de dos por uno en visitas guiadas a sus instalaciones.<\/p>\n<p>La colaboraci\u00f3n entre restaurantes y bodegas para estas jornadas gastron\u00f3micas tendr\u00e1 una fecha exacta en forma de men\u00fas programados con precios que oscilan entre los doce y los 76 euros, de modo que el representante de la bodega protagonista del maridaje acudir\u00e1 al restaurante para realizar la cata dirigida de los vinos, adem\u00e1s de presentar y explicar el perfil enotur\u00edstico de la misma bodega, mientras que el cocinero efectuar\u00e1 una presentaci\u00f3n de cada uno de sus platos.<\/p>\n<p>El calendario de las jornadas arrancar\u00e1 este domingo, 5 de junio, a las 14.30 horas en la Taper\u00eda La Fragua de La Seca con la colaboraci\u00f3n de la bodega Finca Montepedroso, donde se ofrecer\u00e1 un men\u00fa de tapeo para estas jornadas. La propuesta incluye Tosta de Merluza al gele\u00e9 de Verdejo, Nido de patata relleno con pulpo, huevo de codorniz y virutas de jam\u00f3n y Rulo de hojaldre relleno de morcilla, cebolla caramelizada y queso de cabra. Las creaciones estar\u00e1n acompa\u00f1adas de los vinos Finca Montepedroso Verdejo 2015, Finca Antigua Merlot y Vi\u00f1a Bujanda Viura, por un precio de doce euros por persona.<\/p>\n<p>El viernes 10 de junio, a las 21.00 horas, Castilla Termal Balneario de Olmedo se une a la Bodega Javier Sanz Viticultor para proponer Escabeche de jarretes de conejo y pechugas de perdiz, ensalada de pamplinas, vino tinto liofilizado y crema de yogurt griego; Hamburguesa de sepia, rape y langostinos, pan polar, cebolletas frescas en tempura, hortalizas de ra\u00edz crujientes y salsa de soja dulce y Torrija caramelizada con helado. Los vinos que maridar\u00e1n los platos son Javier Sanz Verdejo 2015, Javier Sanz Tinto Roble 2014 y V Dulce de Invierno. Este men\u00fa tiene un precio de 35 euros e incluye caf\u00e9 o infusiones.<\/p>\n<p>Por su parte, el domingo 12 de junio a las 14.30 horas Reposter\u00eda La Giralda de Castilla de Matapozuelos colaborar\u00e1 con la Bodega Garciar\u00e9valo en un men\u00fa de tapeo que incluye Aperitivos Delicias de la Tierra, Empanada de conejo (Premio Artesano del A\u00f1o Tierra de Sabor) y Viaje de Dulces Artesanos La Giralda de Castilla. La bodega servir\u00e1 Tres Olmos Verdejo Classic 2015, Harenna y Harenna Borr\u00f3n Rosado. Esta propuesta tiene un coste de doce euros por persona.<\/p>\n<p>MEDINA DEL CAMPO<\/p>\n<p>El viernes 17 de junio a las 14.30 horas el Hotel Balneario Palacio de Las Salinas de Medina del Campo y Bodega Reina de Castilla ponen a disposici\u00f3n de los comensales Garbanzos de Picopardal con langostinos, bacalao y calamares en ensalada tibia; Rabo de toro en crepineta con manzana reineta y quenelle de setas y Mouse de frutas al frizzante de Rueda. Acompa\u00f1ar\u00e1n los platos Reina de Castilla Verdejo 2015, Reina de Castilla Sauvignon Blanc 2015 y Reina de Castilla Verdejo fermentado en barrica 2014. Esta comida est\u00e1 disponible por 35 euros.<\/p>\n<p>Asimismo, el s\u00e1bado 18 de junio a las 14.30 horas el Mes\u00f3n de Pedro de Matapozuelos y Bodegas Grupo Yllera han elaborado una propuesta que consiste en Surtidos de quesos rincones de Valladolid, Nuestras croquetas caseras de at\u00fan y huevo y El conejo a la parrilla y los pinchos de lechazo a la brasa de sarmiento y encina acompa\u00f1ados de la ensalada t\u00edpica del Mes\u00f3n. Yllera Verdejo Vendimia Nocturna, Espumoso Yllera Priv\u00e9 y Pepe Yllera ser\u00e1n los vinos que mariden con las creaciones del chef. A todo ello se suma, para finalizar, Tarta Pinariega con nuestro flan casero y helado, acompa\u00f1ado de un Yllera 5.5 y un caf\u00e9 o infusi\u00f3n. Este men\u00fa tiene un coste de 27 euros por persona.<\/p>\n<p>Domingo 19 de junio a las 14.00 horas de nuevo Reposter\u00eda La Giralda de Castilla protagonizar la jornada pero, en este caso, en colaboraci\u00f3n con Bodegas Menade. Ser\u00e1 una nueva oportunidad de maridar las propuestas gastron\u00f3micas de dicho establecimiento con Menade Verdejo 2015, V3 2013 y Espumoso Duo Blanc por doce euros por persona.<\/p>\n<p>El viernes 24 de junio a las 21.00 horas el Restaurante El Caballero de Olmedo y Bodega Castelo de Medina se unen en una cena protagonizada por Ensalada de queso de cabra a la plancha con brotes, pasas, pi\u00f1ones y dulce de membrillos; Verduras naturales salteadas con pesto de pi\u00f1ones; Bacalao cecial al Siglo de Oro; Lechazo asado &#8216;frio&#8217; con salsa espa\u00f1ola, postre casero y caf\u00e9 o infusi\u00f3n. La bodega propondr\u00e1 Castelo Ros\u00e9 2015, Castelo de Medina Verdejo 2015 y Castelo Noble 2013. El men\u00fa tiene un precio de 30 euros por persona.<\/p>\n<p>Por \u00faltimo, el s\u00e1bado 25 y el domingo 26 a las 14.30 horas el restaurante La Botica (Matapozuelos), distinguido con una Estrella Michelin, cerrar\u00e1 el calendario gastron\u00f3mico con dos men\u00fas de comida que se servir\u00e1n ambos d\u00edas, aunque con colaboraciones de maridaje diferentes. As\u00ed, Miguel \u00c1ngel de la Cruz servir\u00e1 a sus comensales Palos; Hojas secas; Seta impregnada en horchata de avellanas y su pralin\u00e9; Cono; Nuestro pan de leche, ajo blanco de pi\u00f1\u00f3n y trucha; La ciruela; Licuado de apio y manzana con huevas de trucha; Esp\u00e1rrago blanco de la huerta de Lu\u00eds San Jos\u00e9 con plantas anisadas; Alcachofas con almendras y criadilla de tierra, acelga roja y tr\u00e9bol de prado; Endibias en su tinta y lili\u00e1ceas, crema de aguaturmas; Huevo de leche de oveja ahumado, setas de primavera; Colmenillas a la crema con h\u00edgado de pato y velo de uvas pasificadas; Venado, membrillos y pi\u00f1as de pino; Sorbete de frutos rojos silvestres y vinagre de sa\u00faco; Nuestra tarta de manzana y Dulces para el caf\u00e9.<\/p>\n<p>La Botica contar\u00e1 el s\u00e1bado con los vinos de Bodegas y Vi\u00f1edos Verderrub\u00ed: Verderrub\u00ed 2015 Ecol\u00f3gico, Atipyque 2013, Pita 2012, La Bonera 2013 y La Bonera Rosado, mientras que para el domingo, Bodegas Menade servir\u00e1 Menade Verdejo 2015, Menade Sauvignon 2015, V3, Menade Nosso y Dulce Menade. El men\u00fa tendr\u00e1 un coste de 76 euros por persona.<\/p>\n<p>Las jornadas se han presentado este viernes en el Palacio Pimentel de Valladolid, sede de la Diputaci\u00f3n Provincial, y ha contado con la presencia del diputado de Asistencia y Cooperaci\u00f3n a Municipios, Alberto Collantes, quien ha aprovechado la ocasi\u00f3n para felicitar al municipio de Mojados, \u00faltima incorporaci\u00f3n a esta Ruta del Vino de Rueda.<\/p>\n<p>&nbsp;<\/p>\n","protected":false},"excerpt":{"rendered":"<p>Chefs y bodegueros de cuatro municipios vallisoletanos pertenecientes a la Ruta del Vino de Rueda han dise\u00f1ado una serie de men\u00fas especiales con motivo de sus I Jornadas Gastron\u00f3micas, que se celebrar\u00e1n del 5 al 26 de junio, cada d\u00eda en un establecimiento distinto. La iniciativa nace con el objetivo de \u00abpromocionar el Enoturismo y<\/p>\n","protected":false},"author":1,"featured_media":77705,"comment_status":"open","ping_status":"closed","sticky":false,"template":"","format":"standard","meta":{"footnotes":""},"categories":[224],"tags":[],"class_list":{"0":"post-77704","1":"post","2":"type-post","3":"status-publish","4":"format-standard","5":"has-post-thumbnail","7":"category-noticias-actualidad"},"aioseo_notices":[],"aioseo_head":"\n\t\t<!-- All in One SEO Pro 4.9.6.1 - aioseo.com -->\n\t<meta name=\"description\" content=\"Chefs y bodegueros de cuatro municipios vallisoletanos pertenecientes a la Ruta del Vino de Rueda han dise\u00f1ado una serie de men\u00fas especiales con motivo de sus I Jornadas Gastron\u00f3micas, que se celebrar\u00e1n del 5 al 26 de junio, cada d\u00eda en un establecimiento distinto. La iniciativa nace con el objetivo de &quot;promocionar el Enoturismo y\" \/>\n\t<meta name=\"robots\" content=\"max-image-preview:large\" \/>\n\t<meta name=\"author\" content=\"admin\"\/>\n\t<meta name=\"google-site-verification\" content=\"UA-38556648-1\" \/>\n\t<meta name=\"keywords\" content=\"noticias y actualidad\" \/>\n\t<link rel=\"canonical\" href=\"https:\/\/eldigitaldeasturias.com\/magazine365\/jornadas-gastronomicas-de-la-ruta-del-vino-de-rueda\/\" \/>\n\t<meta name=\"generator\" content=\"All in One SEO Pro (AIOSEO) 4.9.6.1\" \/>\n\t\t<meta property=\"og:locale\" content=\"es_ES\" \/>\n\t\t<meta property=\"og:site_name\" content=\"El Digital de Asturias \u2013 Revista de ocio, turismo y estilo de vida\" \/>\n\t\t<meta property=\"og:type\" content=\"article\" \/>\n\t\t<meta property=\"og:title\" content=\"Jornadas Gastron\u00f3micas de la Ruta del Vino de Rueda | El Digital de Asturias\" \/>\n\t\t<meta property=\"og:description\" content=\"Chefs y bodegueros de cuatro municipios vallisoletanos pertenecientes a la Ruta del Vino de Rueda han dise\u00f1ado una serie de men\u00fas especiales con motivo de sus I Jornadas Gastron\u00f3micas, que se celebrar\u00e1n del 5 al 26 de junio, cada d\u00eda en un establecimiento distinto. La iniciativa nace con el objetivo de &quot;promocionar el Enoturismo y\" \/>\n\t\t<meta property=\"og:url\" content=\"https:\/\/eldigitaldeasturias.com\/magazine365\/jornadas-gastronomicas-de-la-ruta-del-vino-de-rueda\/\" \/>\n\t\t<meta property=\"og:image\" content=\"https:\/\/eldigitaldeasturias.com\/magazine365\/wp-content\/uploads\/2016\/06\/fotonoticia_20160603144409_800.jpg\" \/>\n\t\t<meta property=\"og:image:secure_url\" content=\"https:\/\/eldigitaldeasturias.com\/magazine365\/wp-content\/uploads\/2016\/06\/fotonoticia_20160603144409_800.jpg\" \/>\n\t\t<meta property=\"og:image:width\" content=\"800\" \/>\n\t\t<meta property=\"og:image:height\" content=\"600\" \/>\n\t\t<meta property=\"article:published_time\" content=\"2016-06-06T05:59:52+00:00\" \/>\n\t\t<meta property=\"article:modified_time\" content=\"2016-06-06T05:59:52+00:00\" \/>\n\t\t<meta name=\"twitter:card\" content=\"summary_large_image\" \/>\n\t\t<meta name=\"twitter:title\" content=\"Jornadas Gastron\u00f3micas de la Ruta del Vino de Rueda | El Digital de Asturias\" \/>\n\t\t<meta name=\"twitter:description\" content=\"Chefs y bodegueros de cuatro municipios vallisoletanos pertenecientes a la Ruta del Vino de Rueda han dise\u00f1ado una serie de men\u00fas especiales con motivo de sus I Jornadas Gastron\u00f3micas, que se celebrar\u00e1n del 5 al 26 de junio, cada d\u00eda en un establecimiento distinto. La iniciativa nace con el objetivo de &quot;promocionar el Enoturismo y\" \/>\n\t\t<meta name=\"twitter:image\" content=\"https:\/\/eldigitaldeasturias.com\/magazine365\/wp-content\/uploads\/2016\/06\/fotonoticia_20160603144409_800.jpg\" \/>\n\t\t<script type=\"application\/ld+json\" class=\"aioseo-schema\">\n\t\t\t{\"@context\":\"https:\\\/\\\/schema.org\",\"@graph\":[{\"@type\":\"Article\",\"@id\":\"https:\\\/\\\/eldigitaldeasturias.com\\\/magazine365\\\/jornadas-gastronomicas-de-la-ruta-del-vino-de-rueda\\\/#article\",\"name\":\"Jornadas Gastron\\u00f3micas de la Ruta del Vino de Rueda | El Digital de Asturias\",\"headline\":\"Jornadas Gastron\\u00f3micas de la Ruta del Vino de Rueda\",\"author\":{\"@id\":\"https:\\\/\\\/eldigitaldeasturias.com\\\/magazine365\\\/author\\\/admin\\\/#author\"},\"publisher\":{\"@id\":\"https:\\\/\\\/eldigitaldeasturias.com\\\/magazine365\\\/#organization\"},\"image\":{\"@type\":\"ImageObject\",\"url\":\"https:\\\/\\\/eldigitaldeasturias.com\\\/magazine365\\\/wp-content\\\/uploads\\\/2016\\\/06\\\/fotonoticia_20160603144409_800.jpg\",\"width\":800,\"height\":600},\"datePublished\":\"2016-06-06T07:59:52+02:00\",\"dateModified\":\"2016-06-06T07:59:52+02:00\",\"inLanguage\":\"es-ES\",\"mainEntityOfPage\":{\"@id\":\"https:\\\/\\\/eldigitaldeasturias.com\\\/magazine365\\\/jornadas-gastronomicas-de-la-ruta-del-vino-de-rueda\\\/#webpage\"},\"isPartOf\":{\"@id\":\"https:\\\/\\\/eldigitaldeasturias.com\\\/magazine365\\\/jornadas-gastronomicas-de-la-ruta-del-vino-de-rueda\\\/#webpage\"},\"articleSection\":\"Noticias y Actualidad\"},{\"@type\":\"BreadcrumbList\",\"@id\":\"https:\\\/\\\/eldigitaldeasturias.com\\\/magazine365\\\/jornadas-gastronomicas-de-la-ruta-del-vino-de-rueda\\\/#breadcrumblist\",\"itemListElement\":[{\"@type\":\"ListItem\",\"@id\":\"https:\\\/\\\/eldigitaldeasturias.com\\\/magazine365#listItem\",\"position\":1,\"name\":\"Home\",\"item\":\"https:\\\/\\\/eldigitaldeasturias.com\\\/magazine365\",\"nextItem\":{\"@type\":\"ListItem\",\"@id\":\"https:\\\/\\\/eldigitaldeasturias.com\\\/magazine365\\\/category\\\/noticias-actualidad\\\/#listItem\",\"name\":\"Noticias y Actualidad\"}},{\"@type\":\"ListItem\",\"@id\":\"https:\\\/\\\/eldigitaldeasturias.com\\\/magazine365\\\/category\\\/noticias-actualidad\\\/#listItem\",\"position\":2,\"name\":\"Noticias y Actualidad\",\"item\":\"https:\\\/\\\/eldigitaldeasturias.com\\\/magazine365\\\/category\\\/noticias-actualidad\\\/\",\"nextItem\":{\"@type\":\"ListItem\",\"@id\":\"https:\\\/\\\/eldigitaldeasturias.com\\\/magazine365\\\/jornadas-gastronomicas-de-la-ruta-del-vino-de-rueda\\\/#listItem\",\"name\":\"Jornadas Gastron\\u00f3micas de la Ruta del Vino de Rueda\"},\"previousItem\":{\"@type\":\"ListItem\",\"@id\":\"https:\\\/\\\/eldigitaldeasturias.com\\\/magazine365#listItem\",\"name\":\"Home\"}},{\"@type\":\"ListItem\",\"@id\":\"https:\\\/\\\/eldigitaldeasturias.com\\\/magazine365\\\/jornadas-gastronomicas-de-la-ruta-del-vino-de-rueda\\\/#listItem\",\"position\":3,\"name\":\"Jornadas Gastron\\u00f3micas de la Ruta del Vino de Rueda\",\"previousItem\":{\"@type\":\"ListItem\",\"@id\":\"https:\\\/\\\/eldigitaldeasturias.com\\\/magazine365\\\/category\\\/noticias-actualidad\\\/#listItem\",\"name\":\"Noticias y Actualidad\"}}]},{\"@type\":\"Organization\",\"@id\":\"https:\\\/\\\/eldigitaldeasturias.com\\\/magazine365\\\/#organization\",\"name\":\"El digital de Asturias\",\"description\":\"Revista de ocio, turismo y estilo de vida\",\"url\":\"https:\\\/\\\/eldigitaldeasturias.com\\\/magazine365\\\/\",\"logo\":{\"@type\":\"ImageObject\",\"url\":\"https:\\\/\\\/www.eldigitaldeasturias.com\\\/noticias\\\/wp-content\\\/uploads\\\/2020\\\/12\\\/EDA.jpg\",\"@id\":\"https:\\\/\\\/eldigitaldeasturias.com\\\/magazine365\\\/jornadas-gastronomicas-de-la-ruta-del-vino-de-rueda\\\/#organizationLogo\"},\"image\":{\"@id\":\"https:\\\/\\\/eldigitaldeasturias.com\\\/magazine365\\\/jornadas-gastronomicas-de-la-ruta-del-vino-de-rueda\\\/#organizationLogo\"}},{\"@type\":\"Person\",\"@id\":\"https:\\\/\\\/eldigitaldeasturias.com\\\/magazine365\\\/author\\\/admin\\\/#author\",\"url\":\"https:\\\/\\\/eldigitaldeasturias.com\\\/magazine365\\\/author\\\/admin\\\/\",\"name\":\"admin\",\"image\":{\"@type\":\"ImageObject\",\"@id\":\"https:\\\/\\\/eldigitaldeasturias.com\\\/magazine365\\\/jornadas-gastronomicas-de-la-ruta-del-vino-de-rueda\\\/#authorImage\",\"url\":\"https:\\\/\\\/eldigitaldeasturias.com\\\/magazine365\\\/wp-content\\\/litespeed\\\/avatar\\\/e571bcf59a0edd6fa6838245a470f2fe.jpg?ver=1776969259\",\"width\":96,\"height\":96,\"caption\":\"admin\"}},{\"@type\":\"WebPage\",\"@id\":\"https:\\\/\\\/eldigitaldeasturias.com\\\/magazine365\\\/jornadas-gastronomicas-de-la-ruta-del-vino-de-rueda\\\/#webpage\",\"url\":\"https:\\\/\\\/eldigitaldeasturias.com\\\/magazine365\\\/jornadas-gastronomicas-de-la-ruta-del-vino-de-rueda\\\/\",\"name\":\"Jornadas Gastron\\u00f3micas de la Ruta del Vino de Rueda | El Digital de Asturias\",\"description\":\"Chefs y bodegueros de cuatro municipios vallisoletanos pertenecientes a la Ruta del Vino de Rueda han dise\\u00f1ado una serie de men\\u00fas especiales con motivo de sus I Jornadas Gastron\\u00f3micas, que se celebrar\\u00e1n del 5 al 26 de junio, cada d\\u00eda en un establecimiento distinto. La iniciativa nace con el objetivo de \\\"promocionar el Enoturismo y\",\"inLanguage\":\"es-ES\",\"isPartOf\":{\"@id\":\"https:\\\/\\\/eldigitaldeasturias.com\\\/magazine365\\\/#website\"},\"breadcrumb\":{\"@id\":\"https:\\\/\\\/eldigitaldeasturias.com\\\/magazine365\\\/jornadas-gastronomicas-de-la-ruta-del-vino-de-rueda\\\/#breadcrumblist\"},\"author\":{\"@id\":\"https:\\\/\\\/eldigitaldeasturias.com\\\/magazine365\\\/author\\\/admin\\\/#author\"},\"creator\":{\"@id\":\"https:\\\/\\\/eldigitaldeasturias.com\\\/magazine365\\\/author\\\/admin\\\/#author\"},\"image\":{\"@type\":\"ImageObject\",\"url\":\"https:\\\/\\\/eldigitaldeasturias.com\\\/magazine365\\\/wp-content\\\/uploads\\\/2016\\\/06\\\/fotonoticia_20160603144409_800.jpg\",\"@id\":\"https:\\\/\\\/eldigitaldeasturias.com\\\/magazine365\\\/jornadas-gastronomicas-de-la-ruta-del-vino-de-rueda\\\/#mainImage\",\"width\":800,\"height\":600},\"primaryImageOfPage\":{\"@id\":\"https:\\\/\\\/eldigitaldeasturias.com\\\/magazine365\\\/jornadas-gastronomicas-de-la-ruta-del-vino-de-rueda\\\/#mainImage\"},\"datePublished\":\"2016-06-06T07:59:52+02:00\",\"dateModified\":\"2016-06-06T07:59:52+02:00\"},{\"@type\":\"WebSite\",\"@id\":\"https:\\\/\\\/eldigitaldeasturias.com\\\/magazine365\\\/#website\",\"url\":\"https:\\\/\\\/eldigitaldeasturias.com\\\/magazine365\\\/\",\"name\":\"El Digital de Asturias\",\"description\":\"Revista de ocio, turismo y estilo de vida\",\"inLanguage\":\"es-ES\",\"publisher\":{\"@id\":\"https:\\\/\\\/eldigitaldeasturias.com\\\/magazine365\\\/#organization\"}}]}\n\t\t<\/script>\n\t\t<!-- All in One SEO Pro -->\r\n\t\t<title>Jornadas Gastron\u00f3micas de la Ruta del Vino de Rueda | El Digital de Asturias<\/title>\n\n","aioseo_head_json":{"title":"Jornadas Gastron\u00f3micas de la Ruta del Vino de Rueda | El Digital de Asturias","description":"Chefs y bodegueros de cuatro municipios vallisoletanos pertenecientes a la Ruta del Vino de Rueda han dise\u00f1ado una serie de men\u00fas especiales con motivo de sus I Jornadas Gastron\u00f3micas, que se celebrar\u00e1n del 5 al 26 de junio, cada d\u00eda en un establecimiento distinto. La iniciativa nace con el objetivo de \"promocionar el Enoturismo y","canonical_url":"https:\/\/eldigitaldeasturias.com\/magazine365\/jornadas-gastronomicas-de-la-ruta-del-vino-de-rueda\/","robots":"max-image-preview:large","keywords":"noticias y actualidad","webmasterTools":{"google-site-verification":"UA-38556648-1","miscellaneous":""},"schema":{"@context":"https:\/\/schema.org","@graph":[{"@type":"Article","@id":"https:\/\/eldigitaldeasturias.com\/magazine365\/jornadas-gastronomicas-de-la-ruta-del-vino-de-rueda\/#article","name":"Jornadas Gastron\u00f3micas de la Ruta del Vino de Rueda | El Digital de Asturias","headline":"Jornadas Gastron\u00f3micas de la Ruta del Vino de Rueda","author":{"@id":"https:\/\/eldigitaldeasturias.com\/magazine365\/author\/admin\/#author"},"publisher":{"@id":"https:\/\/eldigitaldeasturias.com\/magazine365\/#organization"},"image":{"@type":"ImageObject","url":"https:\/\/eldigitaldeasturias.com\/magazine365\/wp-content\/uploads\/2016\/06\/fotonoticia_20160603144409_800.jpg","width":800,"height":600},"datePublished":"2016-06-06T07:59:52+02:00","dateModified":"2016-06-06T07:59:52+02:00","inLanguage":"es-ES","mainEntityOfPage":{"@id":"https:\/\/eldigitaldeasturias.com\/magazine365\/jornadas-gastronomicas-de-la-ruta-del-vino-de-rueda\/#webpage"},"isPartOf":{"@id":"https:\/\/eldigitaldeasturias.com\/magazine365\/jornadas-gastronomicas-de-la-ruta-del-vino-de-rueda\/#webpage"},"articleSection":"Noticias y Actualidad"},{"@type":"BreadcrumbList","@id":"https:\/\/eldigitaldeasturias.com\/magazine365\/jornadas-gastronomicas-de-la-ruta-del-vino-de-rueda\/#breadcrumblist","itemListElement":[{"@type":"ListItem","@id":"https:\/\/eldigitaldeasturias.com\/magazine365#listItem","position":1,"name":"Home","item":"https:\/\/eldigitaldeasturias.com\/magazine365","nextItem":{"@type":"ListItem","@id":"https:\/\/eldigitaldeasturias.com\/magazine365\/category\/noticias-actualidad\/#listItem","name":"Noticias y Actualidad"}},{"@type":"ListItem","@id":"https:\/\/eldigitaldeasturias.com\/magazine365\/category\/noticias-actualidad\/#listItem","position":2,"name":"Noticias y Actualidad","item":"https:\/\/eldigitaldeasturias.com\/magazine365\/category\/noticias-actualidad\/","nextItem":{"@type":"ListItem","@id":"https:\/\/eldigitaldeasturias.com\/magazine365\/jornadas-gastronomicas-de-la-ruta-del-vino-de-rueda\/#listItem","name":"Jornadas Gastron\u00f3micas de la Ruta del Vino de Rueda"},"previousItem":{"@type":"ListItem","@id":"https:\/\/eldigitaldeasturias.com\/magazine365#listItem","name":"Home"}},{"@type":"ListItem","@id":"https:\/\/eldigitaldeasturias.com\/magazine365\/jornadas-gastronomicas-de-la-ruta-del-vino-de-rueda\/#listItem","position":3,"name":"Jornadas Gastron\u00f3micas de la Ruta del Vino de Rueda","previousItem":{"@type":"ListItem","@id":"https:\/\/eldigitaldeasturias.com\/magazine365\/category\/noticias-actualidad\/#listItem","name":"Noticias y Actualidad"}}]},{"@type":"Organization","@id":"https:\/\/eldigitaldeasturias.com\/magazine365\/#organization","name":"El digital de Asturias","description":"Revista de ocio, turismo y estilo de vida","url":"https:\/\/eldigitaldeasturias.com\/magazine365\/","logo":{"@type":"ImageObject","url":"https:\/\/www.eldigitaldeasturias.com\/noticias\/wp-content\/uploads\/2020\/12\/EDA.jpg","@id":"https:\/\/eldigitaldeasturias.com\/magazine365\/jornadas-gastronomicas-de-la-ruta-del-vino-de-rueda\/#organizationLogo"},"image":{"@id":"https:\/\/eldigitaldeasturias.com\/magazine365\/jornadas-gastronomicas-de-la-ruta-del-vino-de-rueda\/#organizationLogo"}},{"@type":"Person","@id":"https:\/\/eldigitaldeasturias.com\/magazine365\/author\/admin\/#author","url":"https:\/\/eldigitaldeasturias.com\/magazine365\/author\/admin\/","name":"admin","image":{"@type":"ImageObject","@id":"https:\/\/eldigitaldeasturias.com\/magazine365\/jornadas-gastronomicas-de-la-ruta-del-vino-de-rueda\/#authorImage","url":"https:\/\/eldigitaldeasturias.com\/magazine365\/wp-content\/litespeed\/avatar\/e571bcf59a0edd6fa6838245a470f2fe.jpg?ver=1776969259","width":96,"height":96,"caption":"admin"}},{"@type":"WebPage","@id":"https:\/\/eldigitaldeasturias.com\/magazine365\/jornadas-gastronomicas-de-la-ruta-del-vino-de-rueda\/#webpage","url":"https:\/\/eldigitaldeasturias.com\/magazine365\/jornadas-gastronomicas-de-la-ruta-del-vino-de-rueda\/","name":"Jornadas Gastron\u00f3micas de la Ruta del Vino de Rueda | El Digital de Asturias","description":"Chefs y bodegueros de cuatro municipios vallisoletanos pertenecientes a la Ruta del Vino de Rueda han dise\u00f1ado una serie de men\u00fas especiales con motivo de sus I Jornadas Gastron\u00f3micas, que se celebrar\u00e1n del 5 al 26 de junio, cada d\u00eda en un establecimiento distinto. La iniciativa nace con el objetivo de \"promocionar el Enoturismo y","inLanguage":"es-ES","isPartOf":{"@id":"https:\/\/eldigitaldeasturias.com\/magazine365\/#website"},"breadcrumb":{"@id":"https:\/\/eldigitaldeasturias.com\/magazine365\/jornadas-gastronomicas-de-la-ruta-del-vino-de-rueda\/#breadcrumblist"},"author":{"@id":"https:\/\/eldigitaldeasturias.com\/magazine365\/author\/admin\/#author"},"creator":{"@id":"https:\/\/eldigitaldeasturias.com\/magazine365\/author\/admin\/#author"},"image":{"@type":"ImageObject","url":"https:\/\/eldigitaldeasturias.com\/magazine365\/wp-content\/uploads\/2016\/06\/fotonoticia_20160603144409_800.jpg","@id":"https:\/\/eldigitaldeasturias.com\/magazine365\/jornadas-gastronomicas-de-la-ruta-del-vino-de-rueda\/#mainImage","width":800,"height":600},"primaryImageOfPage":{"@id":"https:\/\/eldigitaldeasturias.com\/magazine365\/jornadas-gastronomicas-de-la-ruta-del-vino-de-rueda\/#mainImage"},"datePublished":"2016-06-06T07:59:52+02:00","dateModified":"2016-06-06T07:59:52+02:00"},{"@type":"WebSite","@id":"https:\/\/eldigitaldeasturias.com\/magazine365\/#website","url":"https:\/\/eldigitaldeasturias.com\/magazine365\/","name":"El Digital de Asturias","description":"Revista de ocio, turismo y estilo de vida","inLanguage":"es-ES","publisher":{"@id":"https:\/\/eldigitaldeasturias.com\/magazine365\/#organization"}}]},"og:locale":"es_ES","og:site_name":"El Digital de Asturias \u2013 Revista de ocio, turismo y estilo de vida","og:type":"article","og:title":"Jornadas Gastron\u00f3micas de la Ruta del Vino de Rueda | El Digital de Asturias","og:description":"Chefs y bodegueros de cuatro municipios vallisoletanos pertenecientes a la Ruta del Vino de Rueda han dise\u00f1ado una serie de men\u00fas especiales con motivo de sus I Jornadas Gastron\u00f3micas, que se celebrar\u00e1n del 5 al 26 de junio, cada d\u00eda en un establecimiento distinto. La iniciativa nace con el objetivo de &quot;promocionar el Enoturismo y","og:url":"https:\/\/eldigitaldeasturias.com\/magazine365\/jornadas-gastronomicas-de-la-ruta-del-vino-de-rueda\/","og:image":"https:\/\/eldigitaldeasturias.com\/magazine365\/wp-content\/uploads\/2016\/06\/fotonoticia_20160603144409_800.jpg","og:image:secure_url":"https:\/\/eldigitaldeasturias.com\/magazine365\/wp-content\/uploads\/2016\/06\/fotonoticia_20160603144409_800.jpg","og:image:width":800,"og:image:height":600,"article:published_time":"2016-06-06T05:59:52+00:00","article:modified_time":"2016-06-06T05:59:52+00:00","twitter:card":"summary_large_image","twitter:title":"Jornadas Gastron\u00f3micas de la Ruta del Vino de Rueda | El Digital de Asturias","twitter:description":"Chefs y bodegueros de cuatro municipios vallisoletanos pertenecientes a la Ruta del Vino de Rueda han dise\u00f1ado una serie de men\u00fas especiales con motivo de sus I Jornadas Gastron\u00f3micas, que se celebrar\u00e1n del 5 al 26 de junio, cada d\u00eda en un establecimiento distinto. La iniciativa nace con el objetivo de &quot;promocionar el Enoturismo y","twitter:image":"https:\/\/eldigitaldeasturias.com\/magazine365\/wp-content\/uploads\/2016\/06\/fotonoticia_20160603144409_800.jpg"},"aioseo_meta_data":{"post_id":"77704","title":null,"description":null,"keywords":null,"keyphrases":null,"primary_term":null,"canonical_url":null,"og_title":null,"og_description":null,"og_object_type":"default","og_image_type":"default","og_image_url":null,"og_image_width":null,"og_image_height":null,"og_image_custom_url":null,"og_image_custom_fields":null,"og_video":null,"og_custom_url":null,"og_article_section":null,"og_article_tags":null,"twitter_use_og":false,"twitter_card":"default","twitter_image_type":"default","twitter_image_url":null,"twitter_image_custom_url":null,"twitter_image_custom_fields":null,"twitter_title":null,"twitter_description":null,"schema":{"blockGraphs":[],"customGraphs":[],"default":{"data":{"Article":[],"Course":[],"Dataset":[],"FAQPage":[],"Movie":[],"Person":[],"Product":[],"ProductReview":[],"Car":[],"Recipe":[],"Service":[],"SoftwareApplication":[],"WebPage":[]},"graphName":"","isEnabled":true},"graphs":[],"defaultGraph":"","defaultPostTypeGraph":""},"schema_type":null,"schema_type_options":null,"pillar_content":false,"robots_default":true,"robots_noindex":false,"robots_noarchive":false,"robots_nosnippet":false,"robots_nofollow":false,"robots_noimageindex":false,"robots_noodp":false,"robots_notranslate":false,"robots_max_snippet":null,"robots_max_videopreview":null,"robots_max_imagepreview":"large","priority":null,"frequency":null,"location":null,"local_seo":null,"seo_analyzer_scan_date":"2025-09-27 15:27:20","breadcrumb_settings":null,"limit_modified_date":false,"open_ai":null,"ai":null,"created":"2021-03-08 18:09:42","updated":"2025-09-27 15:27:20"},"aioseo_breadcrumb":"<div class=\"aioseo-breadcrumbs\"><span class=\"aioseo-breadcrumb\">\n\t<a href=\"https:\/\/eldigitaldeasturias.com\/magazine365\" title=\"Home\">Home<\/a>\n<\/span><span class=\"aioseo-breadcrumb-separator\">\u2013<\/span><span class=\"aioseo-breadcrumb\">\n\t<a href=\"https:\/\/eldigitaldeasturias.com\/magazine365\/category\/noticias-actualidad\/\" title=\"Noticias y Actualidad\">Noticias y Actualidad<\/a>\n<\/span><span class=\"aioseo-breadcrumb-separator\">\u2013<\/span><span class=\"aioseo-breadcrumb\">\n\t<a href=\"https:\/\/eldigitaldeasturias.com\/magazine365\/jornadas-gastronomicas-de-la-ruta-del-vino-de-rueda\/\" title=\"Jornadas Gastron\u00f3micas de la Ruta del Vino de Rueda\">Jornadas Gastron\u00f3micas de la Ruta del Vino de Rueda<\/a>\n<\/span><\/div>","aioseo_breadcrumb_json":[{"label":"Home","link":"https:\/\/eldigitaldeasturias.com\/magazine365"},{"label":"Noticias y Actualidad","link":"https:\/\/eldigitaldeasturias.com\/magazine365\/category\/noticias-actualidad\/"},{"label":"Jornadas Gastron\u00f3micas de la Ruta del Vino de Rueda","link":"https:\/\/eldigitaldeasturias.com\/magazine365\/jornadas-gastronomicas-de-la-ruta-del-vino-de-rueda\/"}],"_links":{"self":[{"href":"https:\/\/eldigitaldeasturias.com\/magazine365\/wp-json\/wp\/v2\/posts\/77704","targetHints":{"allow":["GET"]}}],"collection":[{"href":"https:\/\/eldigitaldeasturias.com\/magazine365\/wp-json\/wp\/v2\/posts"}],"about":[{"href":"https:\/\/eldigitaldeasturias.com\/magazine365\/wp-json\/wp\/v2\/types\/post"}],"author":[{"embeddable":true,"href":"https:\/\/eldigitaldeasturias.com\/magazine365\/wp-json\/wp\/v2\/users\/1"}],"replies":[{"embeddable":true,"href":"https:\/\/eldigitaldeasturias.com\/magazine365\/wp-json\/wp\/v2\/comments?post=77704"}],"version-history":[{"count":0,"href":"https:\/\/eldigitaldeasturias.com\/magazine365\/wp-json\/wp\/v2\/posts\/77704\/revisions"}],"wp:featuredmedia":[{"embeddable":true,"href":"https:\/\/eldigitaldeasturias.com\/magazine365\/wp-json\/wp\/v2\/media\/77705"}],"wp:attachment":[{"href":"https:\/\/eldigitaldeasturias.com\/magazine365\/wp-json\/wp\/v2\/media?parent=77704"}],"wp:term":[{"taxonomy":"category","embeddable":true,"href":"https:\/\/eldigitaldeasturias.com\/magazine365\/wp-json\/wp\/v2\/categories?post=77704"},{"taxonomy":"post_tag","embeddable":true,"href":"https:\/\/eldigitaldeasturias.com\/magazine365\/wp-json\/wp\/v2\/tags?post=77704"}],"curies":[{"name":"wp","href":"https:\/\/api.w.org\/{rel}","templated":true}]}}