{"id":777,"date":"2014-01-12T19:26:15","date_gmt":"2014-01-12T20:26:15","guid":{"rendered":"http:\/\/eldigitaldeasturias.com\/magazine365\/?p=777"},"modified":"2014-01-12T19:26:15","modified_gmt":"2014-01-12T20:26:15","slug":"domecq-se-lamenta-de-que-el-consumo-de-vino-haya-caido-enormemente-en-espana","status":"publish","type":"post","link":"https:\/\/eldigitaldeasturias.com\/magazine365\/domecq-se-lamenta-de-que-el-consumo-de-vino-haya-caido-enormemente-en-espana\/","title":{"rendered":"Domecq se lamenta de que el consumo de vino haya ca\u00eddo enormemente en Espa\u00f1a"},"content":{"rendered":"<p><img fetchpriority=\"high\" decoding=\"async\" class=\"alignleft size-medium wp-image-778\" alt=\"5843513w\" src=\"https:\/\/eldigitaldeasturias.com\/magazine365\/wp-content\/uploads\/2014\/01\/5843513w-200x300.jpg\" width=\"200\" height=\"300\" \/>Jerez de la Frontera (C\u00e1diz), 12 ene (EFE).- Qu\u00edmico, en\u00f3logo y, sobre todo, continuador de una gran saga bodeguera, Beltr\u00e1n Domecq, presidente del Consejo Regulador del Jerez, cree que es \u00abtrist\u00edsimo\u00bb que el consumo de vino haya ca\u00eddo en Espa\u00f1a en las \u00faltimas cuatro d\u00e9cadas desde los 60 a los 20 litros por persona y a\u00f1o.<\/p>\n<p>Pero casi m\u00e1s que esta \u00abenorme\u00bb ca\u00edda del consumo que no se ha registrado en pa\u00edses como Francia e Italia, a Beltr\u00e1n Domecq (Jerez, 1946) le duele la falta de conocimiento que hay en Espa\u00f1a sobre este \u00abproducto natural\u00bb, a pesar de que es el pa\u00eds \u00abn\u00famero 1 en superficie de vi\u00f1a, con un mill\u00f3n de hect\u00e1reas\u00bb.<\/p>\n<p>Un desconocimiento que afecta especialmente a los vinos del Marco de Jerez, unos caldos con siglos a sus espaldas, a los que ya Shakespeare dedic\u00f3 \u00abgrandes frases\u00bb y que siguen siendo tan desconocidos dentro de Espa\u00f1a como venerados fuera.<\/p>\n<p>Por eso, promocionarlos se ha convertido en el reto del Consejo Regulador de la Denominaci\u00f3n de Origen (D.O.) Jerez-X\u00e9r\u00e9s-Sherry en este a\u00f1o en el que, adem\u00e1s, Jerez de la Frontera es la \u00abCiudad Europea del Vino 2014\u00bb.<\/p>\n<p>Fino, Manzanilla, Oloroso, Amontillado, Pedro Xim\u00e9nez (el segundo vino m\u00e1s dulce del mundo) o Cream&#8230; el marco de Jerez produce once variedades distintas de caldos, que seg\u00fan Domecq, poseen \u00abuna versatilidad \u00fanica en el mundo\u00bb y son capaces de acompa\u00f1ar los platos m\u00e1s dif\u00edciles de maridar, como esp\u00e1rragos, alcachofas o vinagretas, y cualquier momento o situaci\u00f3n del d\u00eda.<\/p>\n<p>\u00abEn un Consejo de Ministros yo servir\u00eda un Palo Cortado\u00bb, dice, mientras asegura que hay vinos de Jerez perfectos para acompa\u00f1ar carnes, quesos y hasta el sushi.<\/p>\n<p>El Marco de Jerez ha cerrado un a\u00f1o en el que sus ventas, de unos 45 millones de litros al a\u00f1o, han bajado un cuatro por ciento.<\/p>\n<p>Las ventas en Espa\u00f1a, que se disparan en las ferias andaluzas, han descendido un dos por ciento, pero a\u00fan as\u00ed se mantienen en un treinta por ciento del total, al nivel de las de Inglaterra, un pa\u00eds al que se exportaban ya en el siglo XIV y que hasta hace unos a\u00f1os fue su primer mercado.<\/p>\n<p>Holanda y Alemania ocupan el tercer y cuarto puesto entre los clientes del Jerez, seguidos de EE.UU., donde el a\u00f1o pasado las ventas de estos vinos crecieron un once por ciento, mientras que en Jap\u00f3n, donde ya hay competiciones de venenciadores, el incremento ha llegado al 17 por ciento.<\/p>\n<p>Los vinos del Marco de Jerez llegan a los consumidores con una media de cuatro a\u00f1os de envejecimiento, aunque se venden incluso con certificaci\u00f3n de m\u00e1s de treinta a\u00f1os.<\/p>\n<p>Estos se pueden encontrar por unos 60 euros. \u00abA m\u00ed me parecen demasiado baratos, teniendo en cuenta que son algo \u00fanico\u00bb, dice Domecq, que se queja de que en general los precios se mantienen como hace veinte a\u00f1os y destaca que peri\u00f3dicos y revistas de prestigio internacional han afirmado que son los que tienen la mejor relaci\u00f3n calidad-precio.<\/p>\n<p>Le irrita que en muchos bares no traten al Jerez \u00abcomo a un vino\u00bb y lo sirvan en \u00abla copa m\u00e1s peque\u00f1a que tengan\u00bb y tambi\u00e9n escuchar que \u00abes muy cabez\u00f3n\u00bb, cuando tiene una graduaci\u00f3n de unos 15 grados \u00abcomo muchos vinos de mesa nacionales y extranjeros\u00bb, aunque los envejecidos pueden llegar a los 20.<\/p>\n<p>Lo que s\u00ed asegura es que los vinos de Jerez, que, solo con sus procesos naturales, aglutinan \u00abentre 700 y mil componentes qu\u00edmicos\u00bb hay que beberlos \u00abcon la intenci\u00f3n de saborear\u00bb y, como todos, \u00abcon moderaci\u00f3n\u00bb.<\/p>\n<p>Y defiende que son \u00absan\u00edsimos\u00bb, hasta el punto de que puede \u00abcertificar\u00bb que su padre lleg\u00f3 a los 82 a\u00f1os y beb\u00eda tres botellas de vino de Jerez al d\u00eda. \u00abEstaba inc\u00f3lume, com\u00eda, los repart\u00eda muy bien a lo largo del d\u00eda, ten\u00eda el h\u00edgado de un ni\u00f1o de tres a\u00f1os\u00bb, cuenta.<\/p>\n<p>Domecq sabore\u00f3 a los \u00abocho o diez\u00bb a\u00f1os sus primeros vinos de la mano de su abuelo, que le ense\u00f1\u00f3 \u00abqu\u00e9 es y c\u00f3mo y cu\u00e1nto se debe beber\u00bb, una oportunidad que cree que no han tenido los miles de j\u00f3venes que acuden a botellones y toman \u00abbebidas de origen cuestionable\u00bb.<\/p>\n<p>\u00abEn casa es donde est\u00e1 la educaci\u00f3n de un hijo, para que aprenda a beber hay que ense\u00f1arles, igual hasta ech\u00e1ndole un poquito de agua, a que hay una cosa que se llama vino cuyo beneficio es el sabor, no perder el sentido\u00bb.<\/p>\n<p>El sabor y, de paso, los \u00abmisterios\u00bb que rodean la elaboraci\u00f3n de los vinos de Jerez, de los que forman parte palabras tan sugerentes como \u00abvelo de flor\u00bb y que Beltr\u00e1n Domecq ha recogido recientemente en un libro porque \u00abconocerlos es amarlos\u00bb.<\/p>\n<p>Isabel Laguna<\/p>\n<p>&nbsp;<\/p>\n","protected":false},"excerpt":{"rendered":"<p>Jerez de la Frontera (C\u00e1diz), 12 ene (EFE).- Qu\u00edmico, en\u00f3logo y, sobre todo, continuador de una gran saga bodeguera, Beltr\u00e1n Domecq, presidente del Consejo Regulador del Jerez, cree que es \u00abtrist\u00edsimo\u00bb que el consumo de vino haya ca\u00eddo en Espa\u00f1a en las \u00faltimas cuatro d\u00e9cadas desde los 60 a los 20 litros por persona y<\/p>\n","protected":false},"author":1,"featured_media":778,"comment_status":"open","ping_status":"open","sticky":false,"template":"","format":"standard","meta":{"footnotes":""},"categories":[224],"tags":[],"class_list":{"0":"post-777","1":"post","2":"type-post","3":"status-publish","4":"format-standard","5":"has-post-thumbnail","7":"category-noticias-actualidad"},"aioseo_notices":[],"aioseo_head":"\n\t\t<!-- All in One SEO Pro 4.9.6.1 - aioseo.com -->\n\t<meta name=\"description\" content=\"Jerez de la Frontera (C\u00e1diz), 12 ene (EFE).- Qu\u00edmico, en\u00f3logo y, sobre todo, continuador de una gran saga bodeguera, Beltr\u00e1n Domecq, presidente del Consejo Regulador del Jerez, cree que es &quot;trist\u00edsimo&quot; que el consumo de vino haya ca\u00eddo en Espa\u00f1a en las \u00faltimas cuatro d\u00e9cadas desde los 60 a los 20 litros por persona y\" \/>\n\t<meta name=\"robots\" content=\"max-image-preview:large\" \/>\n\t<meta name=\"author\" content=\"admin\"\/>\n\t<meta name=\"google-site-verification\" content=\"UA-38556648-1\" \/>\n\t<meta name=\"keywords\" content=\"noticias y actualidad\" \/>\n\t<link rel=\"canonical\" href=\"https:\/\/eldigitaldeasturias.com\/magazine365\/domecq-se-lamenta-de-que-el-consumo-de-vino-haya-caido-enormemente-en-espana\/\" \/>\n\t<meta name=\"generator\" content=\"All in One SEO Pro (AIOSEO) 4.9.6.1\" \/>\n\t\t<meta property=\"og:locale\" content=\"es_ES\" \/>\n\t\t<meta property=\"og:site_name\" content=\"El Digital de Asturias \u2013 Revista de ocio, turismo y estilo de vida\" \/>\n\t\t<meta property=\"og:type\" content=\"article\" \/>\n\t\t<meta property=\"og:title\" content=\"Domecq se lamenta de que el consumo de vino haya ca\u00eddo enormemente en Espa\u00f1a | El Digital de Asturias\" \/>\n\t\t<meta property=\"og:description\" content=\"Jerez de la Frontera (C\u00e1diz), 12 ene (EFE).- Qu\u00edmico, en\u00f3logo y, sobre todo, continuador de una gran saga bodeguera, Beltr\u00e1n Domecq, presidente del Consejo Regulador del Jerez, cree que es &quot;trist\u00edsimo&quot; que el consumo de vino haya ca\u00eddo en Espa\u00f1a en las \u00faltimas cuatro d\u00e9cadas desde los 60 a los 20 litros por persona y\" \/>\n\t\t<meta property=\"og:url\" content=\"https:\/\/eldigitaldeasturias.com\/magazine365\/domecq-se-lamenta-de-que-el-consumo-de-vino-haya-caido-enormemente-en-espana\/\" \/>\n\t\t<meta property=\"og:image\" content=\"https:\/\/eldigitaldeasturias.com\/magazine365\/wp-content\/uploads\/2014\/01\/5843513w.jpg\" \/>\n\t\t<meta property=\"og:image:secure_url\" content=\"https:\/\/eldigitaldeasturias.com\/magazine365\/wp-content\/uploads\/2014\/01\/5843513w.jpg\" \/>\n\t\t<meta property=\"og:image:width\" content=\"700\" \/>\n\t\t<meta property=\"og:image:height\" content=\"1046\" \/>\n\t\t<meta property=\"article:published_time\" content=\"2014-01-12T20:26:15+00:00\" \/>\n\t\t<meta property=\"article:modified_time\" content=\"2014-01-12T20:26:15+00:00\" \/>\n\t\t<meta name=\"twitter:card\" content=\"summary_large_image\" \/>\n\t\t<meta name=\"twitter:title\" content=\"Domecq se lamenta de que el consumo de vino haya ca\u00eddo enormemente en Espa\u00f1a | El Digital de Asturias\" \/>\n\t\t<meta name=\"twitter:description\" content=\"Jerez de la Frontera (C\u00e1diz), 12 ene (EFE).- Qu\u00edmico, en\u00f3logo y, sobre todo, continuador de una gran saga bodeguera, Beltr\u00e1n Domecq, presidente del Consejo Regulador del Jerez, cree que es &quot;trist\u00edsimo&quot; que el consumo de vino haya ca\u00eddo en Espa\u00f1a en las \u00faltimas cuatro d\u00e9cadas desde los 60 a los 20 litros por persona y\" \/>\n\t\t<meta name=\"twitter:image\" content=\"https:\/\/eldigitaldeasturias.com\/magazine365\/wp-content\/uploads\/2014\/01\/5843513w.jpg\" \/>\n\t\t<script type=\"application\/ld+json\" class=\"aioseo-schema\">\n\t\t\t{\"@context\":\"https:\\\/\\\/schema.org\",\"@graph\":[{\"@type\":\"Article\",\"@id\":\"https:\\\/\\\/eldigitaldeasturias.com\\\/magazine365\\\/domecq-se-lamenta-de-que-el-consumo-de-vino-haya-caido-enormemente-en-espana\\\/#article\",\"name\":\"Domecq se lamenta de que el consumo de vino haya ca\\u00eddo enormemente en Espa\\u00f1a | El Digital de Asturias\",\"headline\":\"Domecq se lamenta de que el consumo de vino haya ca\\u00eddo enormemente en Espa\\u00f1a\",\"author\":{\"@id\":\"https:\\\/\\\/eldigitaldeasturias.com\\\/magazine365\\\/author\\\/admin\\\/#author\"},\"publisher\":{\"@id\":\"https:\\\/\\\/eldigitaldeasturias.com\\\/magazine365\\\/#organization\"},\"image\":{\"@type\":\"ImageObject\",\"url\":\"https:\\\/\\\/eldigitaldeasturias.com\\\/magazine365\\\/wp-content\\\/uploads\\\/2014\\\/01\\\/5843513w.jpg\",\"width\":700,\"height\":1046},\"datePublished\":\"2014-01-12T19:26:15+01:00\",\"dateModified\":\"2014-01-12T19:26:15+01:00\",\"inLanguage\":\"es-ES\",\"mainEntityOfPage\":{\"@id\":\"https:\\\/\\\/eldigitaldeasturias.com\\\/magazine365\\\/domecq-se-lamenta-de-que-el-consumo-de-vino-haya-caido-enormemente-en-espana\\\/#webpage\"},\"isPartOf\":{\"@id\":\"https:\\\/\\\/eldigitaldeasturias.com\\\/magazine365\\\/domecq-se-lamenta-de-que-el-consumo-de-vino-haya-caido-enormemente-en-espana\\\/#webpage\"},\"articleSection\":\"Noticias y Actualidad\"},{\"@type\":\"BreadcrumbList\",\"@id\":\"https:\\\/\\\/eldigitaldeasturias.com\\\/magazine365\\\/domecq-se-lamenta-de-que-el-consumo-de-vino-haya-caido-enormemente-en-espana\\\/#breadcrumblist\",\"itemListElement\":[{\"@type\":\"ListItem\",\"@id\":\"https:\\\/\\\/eldigitaldeasturias.com\\\/magazine365#listItem\",\"position\":1,\"name\":\"Home\",\"item\":\"https:\\\/\\\/eldigitaldeasturias.com\\\/magazine365\",\"nextItem\":{\"@type\":\"ListItem\",\"@id\":\"https:\\\/\\\/eldigitaldeasturias.com\\\/magazine365\\\/category\\\/noticias-actualidad\\\/#listItem\",\"name\":\"Noticias y Actualidad\"}},{\"@type\":\"ListItem\",\"@id\":\"https:\\\/\\\/eldigitaldeasturias.com\\\/magazine365\\\/category\\\/noticias-actualidad\\\/#listItem\",\"position\":2,\"name\":\"Noticias y Actualidad\",\"item\":\"https:\\\/\\\/eldigitaldeasturias.com\\\/magazine365\\\/category\\\/noticias-actualidad\\\/\",\"nextItem\":{\"@type\":\"ListItem\",\"@id\":\"https:\\\/\\\/eldigitaldeasturias.com\\\/magazine365\\\/domecq-se-lamenta-de-que-el-consumo-de-vino-haya-caido-enormemente-en-espana\\\/#listItem\",\"name\":\"Domecq se lamenta de que el consumo de vino haya ca\\u00eddo enormemente en Espa\\u00f1a\"},\"previousItem\":{\"@type\":\"ListItem\",\"@id\":\"https:\\\/\\\/eldigitaldeasturias.com\\\/magazine365#listItem\",\"name\":\"Home\"}},{\"@type\":\"ListItem\",\"@id\":\"https:\\\/\\\/eldigitaldeasturias.com\\\/magazine365\\\/domecq-se-lamenta-de-que-el-consumo-de-vino-haya-caido-enormemente-en-espana\\\/#listItem\",\"position\":3,\"name\":\"Domecq se lamenta de que el consumo de vino haya ca\\u00eddo enormemente en Espa\\u00f1a\",\"previousItem\":{\"@type\":\"ListItem\",\"@id\":\"https:\\\/\\\/eldigitaldeasturias.com\\\/magazine365\\\/category\\\/noticias-actualidad\\\/#listItem\",\"name\":\"Noticias y Actualidad\"}}]},{\"@type\":\"Organization\",\"@id\":\"https:\\\/\\\/eldigitaldeasturias.com\\\/magazine365\\\/#organization\",\"name\":\"El digital de Asturias\",\"description\":\"Revista de ocio, turismo y estilo de vida\",\"url\":\"https:\\\/\\\/eldigitaldeasturias.com\\\/magazine365\\\/\",\"logo\":{\"@type\":\"ImageObject\",\"url\":\"https:\\\/\\\/www.eldigitaldeasturias.com\\\/noticias\\\/wp-content\\\/uploads\\\/2020\\\/12\\\/EDA.jpg\",\"@id\":\"https:\\\/\\\/eldigitaldeasturias.com\\\/magazine365\\\/domecq-se-lamenta-de-que-el-consumo-de-vino-haya-caido-enormemente-en-espana\\\/#organizationLogo\"},\"image\":{\"@id\":\"https:\\\/\\\/eldigitaldeasturias.com\\\/magazine365\\\/domecq-se-lamenta-de-que-el-consumo-de-vino-haya-caido-enormemente-en-espana\\\/#organizationLogo\"}},{\"@type\":\"Person\",\"@id\":\"https:\\\/\\\/eldigitaldeasturias.com\\\/magazine365\\\/author\\\/admin\\\/#author\",\"url\":\"https:\\\/\\\/eldigitaldeasturias.com\\\/magazine365\\\/author\\\/admin\\\/\",\"name\":\"admin\",\"image\":{\"@type\":\"ImageObject\",\"@id\":\"https:\\\/\\\/eldigitaldeasturias.com\\\/magazine365\\\/domecq-se-lamenta-de-que-el-consumo-de-vino-haya-caido-enormemente-en-espana\\\/#authorImage\",\"url\":\"https:\\\/\\\/eldigitaldeasturias.com\\\/magazine365\\\/wp-content\\\/litespeed\\\/avatar\\\/e571bcf59a0edd6fa6838245a470f2fe.jpg?ver=1776969259\",\"width\":96,\"height\":96,\"caption\":\"admin\"}},{\"@type\":\"WebPage\",\"@id\":\"https:\\\/\\\/eldigitaldeasturias.com\\\/magazine365\\\/domecq-se-lamenta-de-que-el-consumo-de-vino-haya-caido-enormemente-en-espana\\\/#webpage\",\"url\":\"https:\\\/\\\/eldigitaldeasturias.com\\\/magazine365\\\/domecq-se-lamenta-de-que-el-consumo-de-vino-haya-caido-enormemente-en-espana\\\/\",\"name\":\"Domecq se lamenta de que el consumo de vino haya ca\\u00eddo enormemente en Espa\\u00f1a | El Digital de Asturias\",\"description\":\"Jerez de la Frontera (C\\u00e1diz), 12 ene (EFE).- Qu\\u00edmico, en\\u00f3logo y, sobre todo, continuador de una gran saga bodeguera, Beltr\\u00e1n Domecq, presidente del Consejo Regulador del Jerez, cree que es \\\"trist\\u00edsimo\\\" que el consumo de vino haya ca\\u00eddo en Espa\\u00f1a en las \\u00faltimas cuatro d\\u00e9cadas desde los 60 a los 20 litros por persona y\",\"inLanguage\":\"es-ES\",\"isPartOf\":{\"@id\":\"https:\\\/\\\/eldigitaldeasturias.com\\\/magazine365\\\/#website\"},\"breadcrumb\":{\"@id\":\"https:\\\/\\\/eldigitaldeasturias.com\\\/magazine365\\\/domecq-se-lamenta-de-que-el-consumo-de-vino-haya-caido-enormemente-en-espana\\\/#breadcrumblist\"},\"author\":{\"@id\":\"https:\\\/\\\/eldigitaldeasturias.com\\\/magazine365\\\/author\\\/admin\\\/#author\"},\"creator\":{\"@id\":\"https:\\\/\\\/eldigitaldeasturias.com\\\/magazine365\\\/author\\\/admin\\\/#author\"},\"image\":{\"@type\":\"ImageObject\",\"url\":\"https:\\\/\\\/eldigitaldeasturias.com\\\/magazine365\\\/wp-content\\\/uploads\\\/2014\\\/01\\\/5843513w.jpg\",\"@id\":\"https:\\\/\\\/eldigitaldeasturias.com\\\/magazine365\\\/domecq-se-lamenta-de-que-el-consumo-de-vino-haya-caido-enormemente-en-espana\\\/#mainImage\",\"width\":700,\"height\":1046},\"primaryImageOfPage\":{\"@id\":\"https:\\\/\\\/eldigitaldeasturias.com\\\/magazine365\\\/domecq-se-lamenta-de-que-el-consumo-de-vino-haya-caido-enormemente-en-espana\\\/#mainImage\"},\"datePublished\":\"2014-01-12T19:26:15+01:00\",\"dateModified\":\"2014-01-12T19:26:15+01:00\"},{\"@type\":\"WebSite\",\"@id\":\"https:\\\/\\\/eldigitaldeasturias.com\\\/magazine365\\\/#website\",\"url\":\"https:\\\/\\\/eldigitaldeasturias.com\\\/magazine365\\\/\",\"name\":\"El Digital de Asturias\",\"description\":\"Revista de ocio, turismo y estilo de vida\",\"inLanguage\":\"es-ES\",\"publisher\":{\"@id\":\"https:\\\/\\\/eldigitaldeasturias.com\\\/magazine365\\\/#organization\"}}]}\n\t\t<\/script>\n\t\t<!-- All in One SEO Pro -->\r\n\t\t<title>Domecq se lamenta de que el consumo de vino haya ca\u00eddo enormemente en Espa\u00f1a | El Digital de Asturias<\/title>\n\n","aioseo_head_json":{"title":"Domecq se lamenta de que el consumo de vino haya ca\u00eddo enormemente en Espa\u00f1a | El Digital de Asturias","description":"Jerez de la Frontera (C\u00e1diz), 12 ene (EFE).- Qu\u00edmico, en\u00f3logo y, sobre todo, continuador de una gran saga bodeguera, Beltr\u00e1n Domecq, presidente del Consejo Regulador del Jerez, cree que es \"trist\u00edsimo\" que el consumo de vino haya ca\u00eddo en Espa\u00f1a en las \u00faltimas cuatro d\u00e9cadas desde los 60 a los 20 litros por persona y","canonical_url":"https:\/\/eldigitaldeasturias.com\/magazine365\/domecq-se-lamenta-de-que-el-consumo-de-vino-haya-caido-enormemente-en-espana\/","robots":"max-image-preview:large","keywords":"noticias y actualidad","webmasterTools":{"google-site-verification":"UA-38556648-1","miscellaneous":""},"schema":{"@context":"https:\/\/schema.org","@graph":[{"@type":"Article","@id":"https:\/\/eldigitaldeasturias.com\/magazine365\/domecq-se-lamenta-de-que-el-consumo-de-vino-haya-caido-enormemente-en-espana\/#article","name":"Domecq se lamenta de que el consumo de vino haya ca\u00eddo enormemente en Espa\u00f1a | El Digital de Asturias","headline":"Domecq se lamenta de que el consumo de vino haya ca\u00eddo enormemente en Espa\u00f1a","author":{"@id":"https:\/\/eldigitaldeasturias.com\/magazine365\/author\/admin\/#author"},"publisher":{"@id":"https:\/\/eldigitaldeasturias.com\/magazine365\/#organization"},"image":{"@type":"ImageObject","url":"https:\/\/eldigitaldeasturias.com\/magazine365\/wp-content\/uploads\/2014\/01\/5843513w.jpg","width":700,"height":1046},"datePublished":"2014-01-12T19:26:15+01:00","dateModified":"2014-01-12T19:26:15+01:00","inLanguage":"es-ES","mainEntityOfPage":{"@id":"https:\/\/eldigitaldeasturias.com\/magazine365\/domecq-se-lamenta-de-que-el-consumo-de-vino-haya-caido-enormemente-en-espana\/#webpage"},"isPartOf":{"@id":"https:\/\/eldigitaldeasturias.com\/magazine365\/domecq-se-lamenta-de-que-el-consumo-de-vino-haya-caido-enormemente-en-espana\/#webpage"},"articleSection":"Noticias y Actualidad"},{"@type":"BreadcrumbList","@id":"https:\/\/eldigitaldeasturias.com\/magazine365\/domecq-se-lamenta-de-que-el-consumo-de-vino-haya-caido-enormemente-en-espana\/#breadcrumblist","itemListElement":[{"@type":"ListItem","@id":"https:\/\/eldigitaldeasturias.com\/magazine365#listItem","position":1,"name":"Home","item":"https:\/\/eldigitaldeasturias.com\/magazine365","nextItem":{"@type":"ListItem","@id":"https:\/\/eldigitaldeasturias.com\/magazine365\/category\/noticias-actualidad\/#listItem","name":"Noticias y Actualidad"}},{"@type":"ListItem","@id":"https:\/\/eldigitaldeasturias.com\/magazine365\/category\/noticias-actualidad\/#listItem","position":2,"name":"Noticias y Actualidad","item":"https:\/\/eldigitaldeasturias.com\/magazine365\/category\/noticias-actualidad\/","nextItem":{"@type":"ListItem","@id":"https:\/\/eldigitaldeasturias.com\/magazine365\/domecq-se-lamenta-de-que-el-consumo-de-vino-haya-caido-enormemente-en-espana\/#listItem","name":"Domecq se lamenta de que el consumo de vino haya ca\u00eddo enormemente en Espa\u00f1a"},"previousItem":{"@type":"ListItem","@id":"https:\/\/eldigitaldeasturias.com\/magazine365#listItem","name":"Home"}},{"@type":"ListItem","@id":"https:\/\/eldigitaldeasturias.com\/magazine365\/domecq-se-lamenta-de-que-el-consumo-de-vino-haya-caido-enormemente-en-espana\/#listItem","position":3,"name":"Domecq se lamenta de que el consumo de vino haya ca\u00eddo enormemente en Espa\u00f1a","previousItem":{"@type":"ListItem","@id":"https:\/\/eldigitaldeasturias.com\/magazine365\/category\/noticias-actualidad\/#listItem","name":"Noticias y Actualidad"}}]},{"@type":"Organization","@id":"https:\/\/eldigitaldeasturias.com\/magazine365\/#organization","name":"El digital de Asturias","description":"Revista de ocio, turismo y estilo de vida","url":"https:\/\/eldigitaldeasturias.com\/magazine365\/","logo":{"@type":"ImageObject","url":"https:\/\/www.eldigitaldeasturias.com\/noticias\/wp-content\/uploads\/2020\/12\/EDA.jpg","@id":"https:\/\/eldigitaldeasturias.com\/magazine365\/domecq-se-lamenta-de-que-el-consumo-de-vino-haya-caido-enormemente-en-espana\/#organizationLogo"},"image":{"@id":"https:\/\/eldigitaldeasturias.com\/magazine365\/domecq-se-lamenta-de-que-el-consumo-de-vino-haya-caido-enormemente-en-espana\/#organizationLogo"}},{"@type":"Person","@id":"https:\/\/eldigitaldeasturias.com\/magazine365\/author\/admin\/#author","url":"https:\/\/eldigitaldeasturias.com\/magazine365\/author\/admin\/","name":"admin","image":{"@type":"ImageObject","@id":"https:\/\/eldigitaldeasturias.com\/magazine365\/domecq-se-lamenta-de-que-el-consumo-de-vino-haya-caido-enormemente-en-espana\/#authorImage","url":"https:\/\/eldigitaldeasturias.com\/magazine365\/wp-content\/litespeed\/avatar\/e571bcf59a0edd6fa6838245a470f2fe.jpg?ver=1776969259","width":96,"height":96,"caption":"admin"}},{"@type":"WebPage","@id":"https:\/\/eldigitaldeasturias.com\/magazine365\/domecq-se-lamenta-de-que-el-consumo-de-vino-haya-caido-enormemente-en-espana\/#webpage","url":"https:\/\/eldigitaldeasturias.com\/magazine365\/domecq-se-lamenta-de-que-el-consumo-de-vino-haya-caido-enormemente-en-espana\/","name":"Domecq se lamenta de que el consumo de vino haya ca\u00eddo enormemente en Espa\u00f1a | El Digital de Asturias","description":"Jerez de la Frontera (C\u00e1diz), 12 ene (EFE).- Qu\u00edmico, en\u00f3logo y, sobre todo, continuador de una gran saga bodeguera, Beltr\u00e1n Domecq, presidente del Consejo Regulador del Jerez, cree que es \"trist\u00edsimo\" que el consumo de vino haya ca\u00eddo en Espa\u00f1a en las \u00faltimas cuatro d\u00e9cadas desde los 60 a los 20 litros por persona y","inLanguage":"es-ES","isPartOf":{"@id":"https:\/\/eldigitaldeasturias.com\/magazine365\/#website"},"breadcrumb":{"@id":"https:\/\/eldigitaldeasturias.com\/magazine365\/domecq-se-lamenta-de-que-el-consumo-de-vino-haya-caido-enormemente-en-espana\/#breadcrumblist"},"author":{"@id":"https:\/\/eldigitaldeasturias.com\/magazine365\/author\/admin\/#author"},"creator":{"@id":"https:\/\/eldigitaldeasturias.com\/magazine365\/author\/admin\/#author"},"image":{"@type":"ImageObject","url":"https:\/\/eldigitaldeasturias.com\/magazine365\/wp-content\/uploads\/2014\/01\/5843513w.jpg","@id":"https:\/\/eldigitaldeasturias.com\/magazine365\/domecq-se-lamenta-de-que-el-consumo-de-vino-haya-caido-enormemente-en-espana\/#mainImage","width":700,"height":1046},"primaryImageOfPage":{"@id":"https:\/\/eldigitaldeasturias.com\/magazine365\/domecq-se-lamenta-de-que-el-consumo-de-vino-haya-caido-enormemente-en-espana\/#mainImage"},"datePublished":"2014-01-12T19:26:15+01:00","dateModified":"2014-01-12T19:26:15+01:00"},{"@type":"WebSite","@id":"https:\/\/eldigitaldeasturias.com\/magazine365\/#website","url":"https:\/\/eldigitaldeasturias.com\/magazine365\/","name":"El Digital de Asturias","description":"Revista de ocio, turismo y estilo de vida","inLanguage":"es-ES","publisher":{"@id":"https:\/\/eldigitaldeasturias.com\/magazine365\/#organization"}}]},"og:locale":"es_ES","og:site_name":"El Digital de Asturias \u2013 Revista de ocio, turismo y estilo de vida","og:type":"article","og:title":"Domecq se lamenta de que el consumo de vino haya ca\u00eddo enormemente en Espa\u00f1a | El Digital de Asturias","og:description":"Jerez de la Frontera (C\u00e1diz), 12 ene (EFE).- Qu\u00edmico, en\u00f3logo y, sobre todo, continuador de una gran saga bodeguera, Beltr\u00e1n Domecq, presidente del Consejo Regulador del Jerez, cree que es &quot;trist\u00edsimo&quot; que el consumo de vino haya ca\u00eddo en Espa\u00f1a en las \u00faltimas cuatro d\u00e9cadas desde los 60 a los 20 litros por persona y","og:url":"https:\/\/eldigitaldeasturias.com\/magazine365\/domecq-se-lamenta-de-que-el-consumo-de-vino-haya-caido-enormemente-en-espana\/","og:image":"https:\/\/eldigitaldeasturias.com\/magazine365\/wp-content\/uploads\/2014\/01\/5843513w.jpg","og:image:secure_url":"https:\/\/eldigitaldeasturias.com\/magazine365\/wp-content\/uploads\/2014\/01\/5843513w.jpg","og:image:width":700,"og:image:height":1046,"article:published_time":"2014-01-12T20:26:15+00:00","article:modified_time":"2014-01-12T20:26:15+00:00","twitter:card":"summary_large_image","twitter:title":"Domecq se lamenta de que el consumo de vino haya ca\u00eddo enormemente en Espa\u00f1a | El Digital de Asturias","twitter:description":"Jerez de la Frontera (C\u00e1diz), 12 ene (EFE).- Qu\u00edmico, en\u00f3logo y, sobre todo, continuador de una gran saga bodeguera, Beltr\u00e1n Domecq, presidente del Consejo Regulador del Jerez, cree que es &quot;trist\u00edsimo&quot; que el consumo de vino haya ca\u00eddo en Espa\u00f1a en las \u00faltimas cuatro d\u00e9cadas desde los 60 a los 20 litros por persona y","twitter:image":"https:\/\/eldigitaldeasturias.com\/magazine365\/wp-content\/uploads\/2014\/01\/5843513w.jpg"},"aioseo_meta_data":{"post_id":"777","title":null,"description":null,"keywords":null,"keyphrases":null,"primary_term":null,"canonical_url":null,"og_title":null,"og_description":null,"og_object_type":"default","og_image_type":"default","og_image_url":null,"og_image_width":null,"og_image_height":null,"og_image_custom_url":null,"og_image_custom_fields":null,"og_video":null,"og_custom_url":null,"og_article_section":null,"og_article_tags":null,"twitter_use_og":false,"twitter_card":"default","twitter_image_type":"default","twitter_image_url":null,"twitter_image_custom_url":null,"twitter_image_custom_fields":null,"twitter_title":null,"twitter_description":null,"schema":{"blockGraphs":[],"customGraphs":[],"default":{"data":{"Article":[],"Course":[],"Dataset":[],"FAQPage":[],"Movie":[],"Person":[],"Product":[],"ProductReview":[],"Car":[],"Recipe":[],"Service":[],"SoftwareApplication":[],"WebPage":[]},"graphName":"","isEnabled":true},"graphs":[],"defaultGraph":"","defaultPostTypeGraph":""},"schema_type":null,"schema_type_options":null,"pillar_content":false,"robots_default":true,"robots_noindex":false,"robots_noarchive":false,"robots_nosnippet":false,"robots_nofollow":false,"robots_noimageindex":false,"robots_noodp":false,"robots_notranslate":false,"robots_max_snippet":null,"robots_max_videopreview":null,"robots_max_imagepreview":"large","priority":null,"frequency":null,"location":null,"local_seo":null,"seo_analyzer_scan_date":"2025-09-16 08:10:58","breadcrumb_settings":null,"limit_modified_date":false,"open_ai":null,"ai":null,"created":"2020-12-21 13:34:35","updated":"2025-09-16 08:10:58"},"aioseo_breadcrumb":"<div class=\"aioseo-breadcrumbs\"><span class=\"aioseo-breadcrumb\">\n\t<a href=\"https:\/\/eldigitaldeasturias.com\/magazine365\" title=\"Home\">Home<\/a>\n<\/span><span class=\"aioseo-breadcrumb-separator\">\u2013<\/span><span class=\"aioseo-breadcrumb\">\n\t<a href=\"https:\/\/eldigitaldeasturias.com\/magazine365\/category\/noticias-actualidad\/\" title=\"Noticias y Actualidad\">Noticias y Actualidad<\/a>\n<\/span><span class=\"aioseo-breadcrumb-separator\">\u2013<\/span><span class=\"aioseo-breadcrumb\">\n\t<a href=\"https:\/\/eldigitaldeasturias.com\/magazine365\/domecq-se-lamenta-de-que-el-consumo-de-vino-haya-caido-enormemente-en-espana\/\" title=\"Domecq se lamenta de que el consumo de vino haya ca\u00eddo enormemente en Espa\u00f1a\">Domecq se lamenta de que el consumo de vino haya ca\u00eddo enormemente en Espa\u00f1a<\/a>\n<\/span><\/div>","aioseo_breadcrumb_json":[{"label":"Home","link":"https:\/\/eldigitaldeasturias.com\/magazine365"},{"label":"Noticias y Actualidad","link":"https:\/\/eldigitaldeasturias.com\/magazine365\/category\/noticias-actualidad\/"},{"label":"Domecq se lamenta de que el consumo de vino haya ca\u00eddo enormemente en Espa\u00f1a","link":"https:\/\/eldigitaldeasturias.com\/magazine365\/domecq-se-lamenta-de-que-el-consumo-de-vino-haya-caido-enormemente-en-espana\/"}],"_links":{"self":[{"href":"https:\/\/eldigitaldeasturias.com\/magazine365\/wp-json\/wp\/v2\/posts\/777","targetHints":{"allow":["GET"]}}],"collection":[{"href":"https:\/\/eldigitaldeasturias.com\/magazine365\/wp-json\/wp\/v2\/posts"}],"about":[{"href":"https:\/\/eldigitaldeasturias.com\/magazine365\/wp-json\/wp\/v2\/types\/post"}],"author":[{"embeddable":true,"href":"https:\/\/eldigitaldeasturias.com\/magazine365\/wp-json\/wp\/v2\/users\/1"}],"replies":[{"embeddable":true,"href":"https:\/\/eldigitaldeasturias.com\/magazine365\/wp-json\/wp\/v2\/comments?post=777"}],"version-history":[{"count":0,"href":"https:\/\/eldigitaldeasturias.com\/magazine365\/wp-json\/wp\/v2\/posts\/777\/revisions"}],"wp:featuredmedia":[{"embeddable":true,"href":"https:\/\/eldigitaldeasturias.com\/magazine365\/wp-json\/wp\/v2\/media\/778"}],"wp:attachment":[{"href":"https:\/\/eldigitaldeasturias.com\/magazine365\/wp-json\/wp\/v2\/media?parent=777"}],"wp:term":[{"taxonomy":"category","embeddable":true,"href":"https:\/\/eldigitaldeasturias.com\/magazine365\/wp-json\/wp\/v2\/categories?post=777"},{"taxonomy":"post_tag","embeddable":true,"href":"https:\/\/eldigitaldeasturias.com\/magazine365\/wp-json\/wp\/v2\/tags?post=777"}],"curies":[{"name":"wp","href":"https:\/\/api.w.org\/{rel}","templated":true}]}}