{"id":77698,"date":"2016-06-06T07:57:53","date_gmt":"2016-06-06T05:57:53","guid":{"rendered":"http:\/\/eldigitaldeasturias.com\/magazine365\/?p=77698"},"modified":"2016-06-06T07:57:53","modified_gmt":"2016-06-06T05:57:53","slug":"el-aeropuerto-de-barcelona-retoma-la-operativa-especial-de-facturacion-de-cruceristas","status":"publish","type":"post","link":"https:\/\/eldigitaldeasturias.com\/magazine365\/el-aeropuerto-de-barcelona-retoma-la-operativa-especial-de-facturacion-de-cruceristas\/","title":{"rendered":"El Aeropuerto de Barcelona retoma la operativa especial de facturaci\u00f3n de cruceristas"},"content":{"rendered":"<p><img fetchpriority=\"high\" decoding=\"async\" class=\"alignleft size-medium wp-image-77699\" src=\"https:\/\/eldigitaldeasturias.com\/magazine365\/wp-content\/uploads\/2016\/06\/fotonoticia_20160603141944_800-360x270.jpg\" alt=\"fotonoticia_20160603141944_800\" width=\"360\" height=\"270\" srcset=\"https:\/\/eldigitaldeasturias.com\/magazine365\/wp-content\/uploads\/2016\/06\/fotonoticia_20160603141944_800-360x270.jpg 360w, https:\/\/eldigitaldeasturias.com\/magazine365\/wp-content\/uploads\/2016\/06\/fotonoticia_20160603141944_800-650x488.jpg 650w, https:\/\/eldigitaldeasturias.com\/magazine365\/wp-content\/uploads\/2016\/06\/fotonoticia_20160603141944_800-768x576.jpg 768w, https:\/\/eldigitaldeasturias.com\/magazine365\/wp-content\/uploads\/2016\/06\/fotonoticia_20160603141944_800-150x113.jpg 150w, https:\/\/eldigitaldeasturias.com\/magazine365\/wp-content\/uploads\/2016\/06\/fotonoticia_20160603141944_800-450x338.jpg 450w, https:\/\/eldigitaldeasturias.com\/magazine365\/wp-content\/uploads\/2016\/06\/fotonoticia_20160603141944_800-90x67.jpg 90w, https:\/\/eldigitaldeasturias.com\/magazine365\/wp-content\/uploads\/2016\/06\/fotonoticia_20160603141944_800-164x124.jpg 164w, https:\/\/eldigitaldeasturias.com\/magazine365\/wp-content\/uploads\/2016\/06\/fotonoticia_20160603141944_800-100x75.jpg 100w, https:\/\/eldigitaldeasturias.com\/magazine365\/wp-content\/uploads\/2016\/06\/fotonoticia_20160603141944_800.jpg 800w\" sizes=\"(max-width: 360px) 100vw, 360px\" \/>El Aeropuerto de Barcelona pondr\u00e1 en marcha este domingo la facturaci\u00f3n de pasajeros de cruceros, que durar\u00e1 hasta el 30 de octubre y que permite a estos usuarios facturar su equipaje en el vest\u00edbulo Intermodal de la T1 habilitado espec\u00edficamente para esta funci\u00f3n.<\/p>\n<p>Seg\u00fan ha informado el Aeropuerto este viernes en un comunicado, las compa\u00f1\u00edas Air France-KLM y British Airways disponen de 14 mostradores exclusivos para facturar los equipajes de los pasajeros que llegan a Barcelona en crucero y posteriormente se van en avi\u00f3n.<\/p>\n<p>Los pasajeros que llegan al Puerto de Barcelona con los cruceros de Celebrity, Norwegian Cruise Line y Royal Caribbean y que solicitan el servicio con antelaci\u00f3n disponen de autocares especiales que les trasladan directamente al vest\u00edbulo Intermodal del Aeropuerto.<\/p>\n<p>Asimismo, este domingo se retomar\u00e1 la facturaci\u00f3n Aeropuerto-Puerto, con la que los pasajeros que llegan a Barcelona en avi\u00f3n para despu\u00e9s embarcar en el crucero Harmony of the Seas de Royal Caribbean &#8211;el m\u00e1s grande del mundo&#8211; pueden realizar la facturaci\u00f3n de sus equipajes, recoger las tarjetas de embarque en el vest\u00edbulo Intermodal y ser trasladados al Puerto.<\/p>\n<p>Esta operativa destinada a pasajeros de cruceros se puso en marcha en 2010 y el a\u00f1o pasado la utilizaron cerca de 9.000 cruceristas.<\/p>\n<p>&nbsp;<\/p>\n","protected":false},"excerpt":{"rendered":"<p>El Aeropuerto de Barcelona pondr\u00e1 en marcha este domingo la facturaci\u00f3n de pasajeros de cruceros, que durar\u00e1 hasta el 30 de octubre y que permite a estos usuarios facturar su equipaje en el vest\u00edbulo Intermodal de la T1 habilitado espec\u00edficamente para esta funci\u00f3n. Seg\u00fan ha informado el Aeropuerto este viernes en un comunicado, las compa\u00f1\u00edas<\/p>\n","protected":false},"author":1,"featured_media":77699,"comment_status":"open","ping_status":"closed","sticky":false,"template":"","format":"standard","meta":{"footnotes":""},"categories":[224],"tags":[],"class_list":{"0":"post-77698","1":"post","2":"type-post","3":"status-publish","4":"format-standard","5":"has-post-thumbnail","7":"category-noticias-actualidad"},"aioseo_notices":[],"aioseo_head":"\n\t\t<!-- All in One SEO Pro 4.9.6.1 - aioseo.com -->\n\t<meta name=\"description\" content=\"El Aeropuerto de Barcelona pondr\u00e1 en marcha este domingo la facturaci\u00f3n de pasajeros de cruceros, que durar\u00e1 hasta el 30 de octubre y que permite a estos usuarios facturar su equipaje en el vest\u00edbulo Intermodal de la T1 habilitado espec\u00edficamente para esta funci\u00f3n. Seg\u00fan ha informado el Aeropuerto este viernes en un comunicado, las compa\u00f1\u00edas\" \/>\n\t<meta name=\"robots\" content=\"max-image-preview:large\" \/>\n\t<meta name=\"author\" content=\"admin\"\/>\n\t<meta name=\"google-site-verification\" content=\"UA-38556648-1\" \/>\n\t<meta name=\"keywords\" content=\"noticias y actualidad\" \/>\n\t<link rel=\"canonical\" href=\"https:\/\/eldigitaldeasturias.com\/magazine365\/el-aeropuerto-de-barcelona-retoma-la-operativa-especial-de-facturacion-de-cruceristas\/\" \/>\n\t<meta name=\"generator\" content=\"All in One SEO Pro (AIOSEO) 4.9.6.1\" \/>\n\t\t<meta property=\"og:locale\" content=\"es_ES\" \/>\n\t\t<meta property=\"og:site_name\" content=\"El Digital de Asturias \u2013 Revista de ocio, turismo y estilo de vida\" \/>\n\t\t<meta property=\"og:type\" content=\"article\" \/>\n\t\t<meta property=\"og:title\" content=\"El Aeropuerto de Barcelona retoma la operativa especial de facturaci\u00f3n de cruceristas | El Digital de Asturias\" \/>\n\t\t<meta property=\"og:description\" content=\"El Aeropuerto de Barcelona pondr\u00e1 en marcha este domingo la facturaci\u00f3n de pasajeros de cruceros, que durar\u00e1 hasta el 30 de octubre y que permite a estos usuarios facturar su equipaje en el vest\u00edbulo Intermodal de la T1 habilitado espec\u00edficamente para esta funci\u00f3n. Seg\u00fan ha informado el Aeropuerto este viernes en un comunicado, las compa\u00f1\u00edas\" \/>\n\t\t<meta property=\"og:url\" content=\"https:\/\/eldigitaldeasturias.com\/magazine365\/el-aeropuerto-de-barcelona-retoma-la-operativa-especial-de-facturacion-de-cruceristas\/\" \/>\n\t\t<meta property=\"og:image\" content=\"https:\/\/eldigitaldeasturias.com\/magazine365\/wp-content\/uploads\/2016\/06\/fotonoticia_20160603141944_800.jpg\" \/>\n\t\t<meta property=\"og:image:secure_url\" content=\"https:\/\/eldigitaldeasturias.com\/magazine365\/wp-content\/uploads\/2016\/06\/fotonoticia_20160603141944_800.jpg\" \/>\n\t\t<meta property=\"og:image:width\" content=\"800\" \/>\n\t\t<meta property=\"og:image:height\" content=\"600\" \/>\n\t\t<meta property=\"article:published_time\" content=\"2016-06-06T05:57:53+00:00\" \/>\n\t\t<meta property=\"article:modified_time\" content=\"2016-06-06T05:57:53+00:00\" \/>\n\t\t<meta name=\"twitter:card\" content=\"summary_large_image\" \/>\n\t\t<meta name=\"twitter:title\" content=\"El Aeropuerto de Barcelona retoma la operativa especial de facturaci\u00f3n de cruceristas | El Digital de Asturias\" \/>\n\t\t<meta name=\"twitter:description\" content=\"El Aeropuerto de Barcelona pondr\u00e1 en marcha este domingo la facturaci\u00f3n de pasajeros de cruceros, que durar\u00e1 hasta el 30 de octubre y que permite a estos usuarios facturar su equipaje en el vest\u00edbulo Intermodal de la T1 habilitado espec\u00edficamente para esta funci\u00f3n. Seg\u00fan ha informado el Aeropuerto este viernes en un comunicado, las compa\u00f1\u00edas\" \/>\n\t\t<meta name=\"twitter:image\" content=\"https:\/\/eldigitaldeasturias.com\/magazine365\/wp-content\/uploads\/2016\/06\/fotonoticia_20160603141944_800.jpg\" \/>\n\t\t<script type=\"application\/ld+json\" class=\"aioseo-schema\">\n\t\t\t{\"@context\":\"https:\\\/\\\/schema.org\",\"@graph\":[{\"@type\":\"Article\",\"@id\":\"https:\\\/\\\/eldigitaldeasturias.com\\\/magazine365\\\/el-aeropuerto-de-barcelona-retoma-la-operativa-especial-de-facturacion-de-cruceristas\\\/#article\",\"name\":\"El Aeropuerto de Barcelona retoma la operativa especial de facturaci\\u00f3n de cruceristas | El Digital de Asturias\",\"headline\":\"El Aeropuerto de Barcelona retoma la operativa especial de facturaci\\u00f3n de cruceristas\",\"author\":{\"@id\":\"https:\\\/\\\/eldigitaldeasturias.com\\\/magazine365\\\/author\\\/admin\\\/#author\"},\"publisher\":{\"@id\":\"https:\\\/\\\/eldigitaldeasturias.com\\\/magazine365\\\/#organization\"},\"image\":{\"@type\":\"ImageObject\",\"url\":\"https:\\\/\\\/eldigitaldeasturias.com\\\/magazine365\\\/wp-content\\\/uploads\\\/2016\\\/06\\\/fotonoticia_20160603141944_800.jpg\",\"width\":800,\"height\":600},\"datePublished\":\"2016-06-06T07:57:53+02:00\",\"dateModified\":\"2016-06-06T07:57:53+02:00\",\"inLanguage\":\"es-ES\",\"mainEntityOfPage\":{\"@id\":\"https:\\\/\\\/eldigitaldeasturias.com\\\/magazine365\\\/el-aeropuerto-de-barcelona-retoma-la-operativa-especial-de-facturacion-de-cruceristas\\\/#webpage\"},\"isPartOf\":{\"@id\":\"https:\\\/\\\/eldigitaldeasturias.com\\\/magazine365\\\/el-aeropuerto-de-barcelona-retoma-la-operativa-especial-de-facturacion-de-cruceristas\\\/#webpage\"},\"articleSection\":\"Noticias y Actualidad\"},{\"@type\":\"BreadcrumbList\",\"@id\":\"https:\\\/\\\/eldigitaldeasturias.com\\\/magazine365\\\/el-aeropuerto-de-barcelona-retoma-la-operativa-especial-de-facturacion-de-cruceristas\\\/#breadcrumblist\",\"itemListElement\":[{\"@type\":\"ListItem\",\"@id\":\"https:\\\/\\\/eldigitaldeasturias.com\\\/magazine365#listItem\",\"position\":1,\"name\":\"Home\",\"item\":\"https:\\\/\\\/eldigitaldeasturias.com\\\/magazine365\",\"nextItem\":{\"@type\":\"ListItem\",\"@id\":\"https:\\\/\\\/eldigitaldeasturias.com\\\/magazine365\\\/category\\\/noticias-actualidad\\\/#listItem\",\"name\":\"Noticias y Actualidad\"}},{\"@type\":\"ListItem\",\"@id\":\"https:\\\/\\\/eldigitaldeasturias.com\\\/magazine365\\\/category\\\/noticias-actualidad\\\/#listItem\",\"position\":2,\"name\":\"Noticias y Actualidad\",\"item\":\"https:\\\/\\\/eldigitaldeasturias.com\\\/magazine365\\\/category\\\/noticias-actualidad\\\/\",\"nextItem\":{\"@type\":\"ListItem\",\"@id\":\"https:\\\/\\\/eldigitaldeasturias.com\\\/magazine365\\\/el-aeropuerto-de-barcelona-retoma-la-operativa-especial-de-facturacion-de-cruceristas\\\/#listItem\",\"name\":\"El Aeropuerto de Barcelona retoma la operativa especial de facturaci\\u00f3n de cruceristas\"},\"previousItem\":{\"@type\":\"ListItem\",\"@id\":\"https:\\\/\\\/eldigitaldeasturias.com\\\/magazine365#listItem\",\"name\":\"Home\"}},{\"@type\":\"ListItem\",\"@id\":\"https:\\\/\\\/eldigitaldeasturias.com\\\/magazine365\\\/el-aeropuerto-de-barcelona-retoma-la-operativa-especial-de-facturacion-de-cruceristas\\\/#listItem\",\"position\":3,\"name\":\"El Aeropuerto de Barcelona retoma la operativa especial de facturaci\\u00f3n de cruceristas\",\"previousItem\":{\"@type\":\"ListItem\",\"@id\":\"https:\\\/\\\/eldigitaldeasturias.com\\\/magazine365\\\/category\\\/noticias-actualidad\\\/#listItem\",\"name\":\"Noticias y Actualidad\"}}]},{\"@type\":\"Organization\",\"@id\":\"https:\\\/\\\/eldigitaldeasturias.com\\\/magazine365\\\/#organization\",\"name\":\"El digital de Asturias\",\"description\":\"Revista de ocio, turismo y estilo de vida\",\"url\":\"https:\\\/\\\/eldigitaldeasturias.com\\\/magazine365\\\/\",\"logo\":{\"@type\":\"ImageObject\",\"url\":\"https:\\\/\\\/www.eldigitaldeasturias.com\\\/noticias\\\/wp-content\\\/uploads\\\/2020\\\/12\\\/EDA.jpg\",\"@id\":\"https:\\\/\\\/eldigitaldeasturias.com\\\/magazine365\\\/el-aeropuerto-de-barcelona-retoma-la-operativa-especial-de-facturacion-de-cruceristas\\\/#organizationLogo\"},\"image\":{\"@id\":\"https:\\\/\\\/eldigitaldeasturias.com\\\/magazine365\\\/el-aeropuerto-de-barcelona-retoma-la-operativa-especial-de-facturacion-de-cruceristas\\\/#organizationLogo\"}},{\"@type\":\"Person\",\"@id\":\"https:\\\/\\\/eldigitaldeasturias.com\\\/magazine365\\\/author\\\/admin\\\/#author\",\"url\":\"https:\\\/\\\/eldigitaldeasturias.com\\\/magazine365\\\/author\\\/admin\\\/\",\"name\":\"admin\",\"image\":{\"@type\":\"ImageObject\",\"@id\":\"https:\\\/\\\/eldigitaldeasturias.com\\\/magazine365\\\/el-aeropuerto-de-barcelona-retoma-la-operativa-especial-de-facturacion-de-cruceristas\\\/#authorImage\",\"url\":\"https:\\\/\\\/eldigitaldeasturias.com\\\/magazine365\\\/wp-content\\\/litespeed\\\/avatar\\\/e571bcf59a0edd6fa6838245a470f2fe.jpg?ver=1776969259\",\"width\":96,\"height\":96,\"caption\":\"admin\"}},{\"@type\":\"WebPage\",\"@id\":\"https:\\\/\\\/eldigitaldeasturias.com\\\/magazine365\\\/el-aeropuerto-de-barcelona-retoma-la-operativa-especial-de-facturacion-de-cruceristas\\\/#webpage\",\"url\":\"https:\\\/\\\/eldigitaldeasturias.com\\\/magazine365\\\/el-aeropuerto-de-barcelona-retoma-la-operativa-especial-de-facturacion-de-cruceristas\\\/\",\"name\":\"El Aeropuerto de Barcelona retoma la operativa especial de facturaci\\u00f3n de cruceristas | El Digital de Asturias\",\"description\":\"El Aeropuerto de Barcelona pondr\\u00e1 en marcha este domingo la facturaci\\u00f3n de pasajeros de cruceros, que durar\\u00e1 hasta el 30 de octubre y que permite a estos usuarios facturar su equipaje en el vest\\u00edbulo Intermodal de la T1 habilitado espec\\u00edficamente para esta funci\\u00f3n. Seg\\u00fan ha informado el Aeropuerto este viernes en un comunicado, las compa\\u00f1\\u00edas\",\"inLanguage\":\"es-ES\",\"isPartOf\":{\"@id\":\"https:\\\/\\\/eldigitaldeasturias.com\\\/magazine365\\\/#website\"},\"breadcrumb\":{\"@id\":\"https:\\\/\\\/eldigitaldeasturias.com\\\/magazine365\\\/el-aeropuerto-de-barcelona-retoma-la-operativa-especial-de-facturacion-de-cruceristas\\\/#breadcrumblist\"},\"author\":{\"@id\":\"https:\\\/\\\/eldigitaldeasturias.com\\\/magazine365\\\/author\\\/admin\\\/#author\"},\"creator\":{\"@id\":\"https:\\\/\\\/eldigitaldeasturias.com\\\/magazine365\\\/author\\\/admin\\\/#author\"},\"image\":{\"@type\":\"ImageObject\",\"url\":\"https:\\\/\\\/eldigitaldeasturias.com\\\/magazine365\\\/wp-content\\\/uploads\\\/2016\\\/06\\\/fotonoticia_20160603141944_800.jpg\",\"@id\":\"https:\\\/\\\/eldigitaldeasturias.com\\\/magazine365\\\/el-aeropuerto-de-barcelona-retoma-la-operativa-especial-de-facturacion-de-cruceristas\\\/#mainImage\",\"width\":800,\"height\":600},\"primaryImageOfPage\":{\"@id\":\"https:\\\/\\\/eldigitaldeasturias.com\\\/magazine365\\\/el-aeropuerto-de-barcelona-retoma-la-operativa-especial-de-facturacion-de-cruceristas\\\/#mainImage\"},\"datePublished\":\"2016-06-06T07:57:53+02:00\",\"dateModified\":\"2016-06-06T07:57:53+02:00\"},{\"@type\":\"WebSite\",\"@id\":\"https:\\\/\\\/eldigitaldeasturias.com\\\/magazine365\\\/#website\",\"url\":\"https:\\\/\\\/eldigitaldeasturias.com\\\/magazine365\\\/\",\"name\":\"El Digital de Asturias\",\"description\":\"Revista de ocio, turismo y estilo de vida\",\"inLanguage\":\"es-ES\",\"publisher\":{\"@id\":\"https:\\\/\\\/eldigitaldeasturias.com\\\/magazine365\\\/#organization\"}}]}\n\t\t<\/script>\n\t\t<!-- All in One SEO Pro -->\r\n\t\t<title>El Aeropuerto de Barcelona retoma la operativa especial de facturaci\u00f3n de cruceristas | El Digital de Asturias<\/title>\n\n","aioseo_head_json":{"title":"El Aeropuerto de Barcelona retoma la operativa especial de facturaci\u00f3n de cruceristas | El Digital de Asturias","description":"El Aeropuerto de Barcelona pondr\u00e1 en marcha este domingo la facturaci\u00f3n de pasajeros de cruceros, que durar\u00e1 hasta el 30 de octubre y que permite a estos usuarios facturar su equipaje en el vest\u00edbulo Intermodal de la T1 habilitado espec\u00edficamente para esta funci\u00f3n. Seg\u00fan ha informado el Aeropuerto este viernes en un comunicado, las compa\u00f1\u00edas","canonical_url":"https:\/\/eldigitaldeasturias.com\/magazine365\/el-aeropuerto-de-barcelona-retoma-la-operativa-especial-de-facturacion-de-cruceristas\/","robots":"max-image-preview:large","keywords":"noticias y actualidad","webmasterTools":{"google-site-verification":"UA-38556648-1","miscellaneous":""},"schema":{"@context":"https:\/\/schema.org","@graph":[{"@type":"Article","@id":"https:\/\/eldigitaldeasturias.com\/magazine365\/el-aeropuerto-de-barcelona-retoma-la-operativa-especial-de-facturacion-de-cruceristas\/#article","name":"El Aeropuerto de Barcelona retoma la operativa especial de facturaci\u00f3n de cruceristas | El Digital de Asturias","headline":"El Aeropuerto de Barcelona retoma la operativa especial de facturaci\u00f3n de cruceristas","author":{"@id":"https:\/\/eldigitaldeasturias.com\/magazine365\/author\/admin\/#author"},"publisher":{"@id":"https:\/\/eldigitaldeasturias.com\/magazine365\/#organization"},"image":{"@type":"ImageObject","url":"https:\/\/eldigitaldeasturias.com\/magazine365\/wp-content\/uploads\/2016\/06\/fotonoticia_20160603141944_800.jpg","width":800,"height":600},"datePublished":"2016-06-06T07:57:53+02:00","dateModified":"2016-06-06T07:57:53+02:00","inLanguage":"es-ES","mainEntityOfPage":{"@id":"https:\/\/eldigitaldeasturias.com\/magazine365\/el-aeropuerto-de-barcelona-retoma-la-operativa-especial-de-facturacion-de-cruceristas\/#webpage"},"isPartOf":{"@id":"https:\/\/eldigitaldeasturias.com\/magazine365\/el-aeropuerto-de-barcelona-retoma-la-operativa-especial-de-facturacion-de-cruceristas\/#webpage"},"articleSection":"Noticias y Actualidad"},{"@type":"BreadcrumbList","@id":"https:\/\/eldigitaldeasturias.com\/magazine365\/el-aeropuerto-de-barcelona-retoma-la-operativa-especial-de-facturacion-de-cruceristas\/#breadcrumblist","itemListElement":[{"@type":"ListItem","@id":"https:\/\/eldigitaldeasturias.com\/magazine365#listItem","position":1,"name":"Home","item":"https:\/\/eldigitaldeasturias.com\/magazine365","nextItem":{"@type":"ListItem","@id":"https:\/\/eldigitaldeasturias.com\/magazine365\/category\/noticias-actualidad\/#listItem","name":"Noticias y Actualidad"}},{"@type":"ListItem","@id":"https:\/\/eldigitaldeasturias.com\/magazine365\/category\/noticias-actualidad\/#listItem","position":2,"name":"Noticias y Actualidad","item":"https:\/\/eldigitaldeasturias.com\/magazine365\/category\/noticias-actualidad\/","nextItem":{"@type":"ListItem","@id":"https:\/\/eldigitaldeasturias.com\/magazine365\/el-aeropuerto-de-barcelona-retoma-la-operativa-especial-de-facturacion-de-cruceristas\/#listItem","name":"El Aeropuerto de Barcelona retoma la operativa especial de facturaci\u00f3n de cruceristas"},"previousItem":{"@type":"ListItem","@id":"https:\/\/eldigitaldeasturias.com\/magazine365#listItem","name":"Home"}},{"@type":"ListItem","@id":"https:\/\/eldigitaldeasturias.com\/magazine365\/el-aeropuerto-de-barcelona-retoma-la-operativa-especial-de-facturacion-de-cruceristas\/#listItem","position":3,"name":"El Aeropuerto de Barcelona retoma la operativa especial de facturaci\u00f3n de cruceristas","previousItem":{"@type":"ListItem","@id":"https:\/\/eldigitaldeasturias.com\/magazine365\/category\/noticias-actualidad\/#listItem","name":"Noticias y Actualidad"}}]},{"@type":"Organization","@id":"https:\/\/eldigitaldeasturias.com\/magazine365\/#organization","name":"El digital de Asturias","description":"Revista de ocio, turismo y estilo de vida","url":"https:\/\/eldigitaldeasturias.com\/magazine365\/","logo":{"@type":"ImageObject","url":"https:\/\/www.eldigitaldeasturias.com\/noticias\/wp-content\/uploads\/2020\/12\/EDA.jpg","@id":"https:\/\/eldigitaldeasturias.com\/magazine365\/el-aeropuerto-de-barcelona-retoma-la-operativa-especial-de-facturacion-de-cruceristas\/#organizationLogo"},"image":{"@id":"https:\/\/eldigitaldeasturias.com\/magazine365\/el-aeropuerto-de-barcelona-retoma-la-operativa-especial-de-facturacion-de-cruceristas\/#organizationLogo"}},{"@type":"Person","@id":"https:\/\/eldigitaldeasturias.com\/magazine365\/author\/admin\/#author","url":"https:\/\/eldigitaldeasturias.com\/magazine365\/author\/admin\/","name":"admin","image":{"@type":"ImageObject","@id":"https:\/\/eldigitaldeasturias.com\/magazine365\/el-aeropuerto-de-barcelona-retoma-la-operativa-especial-de-facturacion-de-cruceristas\/#authorImage","url":"https:\/\/eldigitaldeasturias.com\/magazine365\/wp-content\/litespeed\/avatar\/e571bcf59a0edd6fa6838245a470f2fe.jpg?ver=1776969259","width":96,"height":96,"caption":"admin"}},{"@type":"WebPage","@id":"https:\/\/eldigitaldeasturias.com\/magazine365\/el-aeropuerto-de-barcelona-retoma-la-operativa-especial-de-facturacion-de-cruceristas\/#webpage","url":"https:\/\/eldigitaldeasturias.com\/magazine365\/el-aeropuerto-de-barcelona-retoma-la-operativa-especial-de-facturacion-de-cruceristas\/","name":"El Aeropuerto de Barcelona retoma la operativa especial de facturaci\u00f3n de cruceristas | El Digital de Asturias","description":"El Aeropuerto de Barcelona pondr\u00e1 en marcha este domingo la facturaci\u00f3n de pasajeros de cruceros, que durar\u00e1 hasta el 30 de octubre y que permite a estos usuarios facturar su equipaje en el vest\u00edbulo Intermodal de la T1 habilitado espec\u00edficamente para esta funci\u00f3n. Seg\u00fan ha informado el Aeropuerto este viernes en un comunicado, las compa\u00f1\u00edas","inLanguage":"es-ES","isPartOf":{"@id":"https:\/\/eldigitaldeasturias.com\/magazine365\/#website"},"breadcrumb":{"@id":"https:\/\/eldigitaldeasturias.com\/magazine365\/el-aeropuerto-de-barcelona-retoma-la-operativa-especial-de-facturacion-de-cruceristas\/#breadcrumblist"},"author":{"@id":"https:\/\/eldigitaldeasturias.com\/magazine365\/author\/admin\/#author"},"creator":{"@id":"https:\/\/eldigitaldeasturias.com\/magazine365\/author\/admin\/#author"},"image":{"@type":"ImageObject","url":"https:\/\/eldigitaldeasturias.com\/magazine365\/wp-content\/uploads\/2016\/06\/fotonoticia_20160603141944_800.jpg","@id":"https:\/\/eldigitaldeasturias.com\/magazine365\/el-aeropuerto-de-barcelona-retoma-la-operativa-especial-de-facturacion-de-cruceristas\/#mainImage","width":800,"height":600},"primaryImageOfPage":{"@id":"https:\/\/eldigitaldeasturias.com\/magazine365\/el-aeropuerto-de-barcelona-retoma-la-operativa-especial-de-facturacion-de-cruceristas\/#mainImage"},"datePublished":"2016-06-06T07:57:53+02:00","dateModified":"2016-06-06T07:57:53+02:00"},{"@type":"WebSite","@id":"https:\/\/eldigitaldeasturias.com\/magazine365\/#website","url":"https:\/\/eldigitaldeasturias.com\/magazine365\/","name":"El Digital de Asturias","description":"Revista de ocio, turismo y estilo de vida","inLanguage":"es-ES","publisher":{"@id":"https:\/\/eldigitaldeasturias.com\/magazine365\/#organization"}}]},"og:locale":"es_ES","og:site_name":"El Digital de Asturias \u2013 Revista de ocio, turismo y estilo de vida","og:type":"article","og:title":"El Aeropuerto de Barcelona retoma la operativa especial de facturaci\u00f3n de cruceristas | El Digital de Asturias","og:description":"El Aeropuerto de Barcelona pondr\u00e1 en marcha este domingo la facturaci\u00f3n de pasajeros de cruceros, que durar\u00e1 hasta el 30 de octubre y que permite a estos usuarios facturar su equipaje en el vest\u00edbulo Intermodal de la T1 habilitado espec\u00edficamente para esta funci\u00f3n. Seg\u00fan ha informado el Aeropuerto este viernes en un comunicado, las compa\u00f1\u00edas","og:url":"https:\/\/eldigitaldeasturias.com\/magazine365\/el-aeropuerto-de-barcelona-retoma-la-operativa-especial-de-facturacion-de-cruceristas\/","og:image":"https:\/\/eldigitaldeasturias.com\/magazine365\/wp-content\/uploads\/2016\/06\/fotonoticia_20160603141944_800.jpg","og:image:secure_url":"https:\/\/eldigitaldeasturias.com\/magazine365\/wp-content\/uploads\/2016\/06\/fotonoticia_20160603141944_800.jpg","og:image:width":800,"og:image:height":600,"article:published_time":"2016-06-06T05:57:53+00:00","article:modified_time":"2016-06-06T05:57:53+00:00","twitter:card":"summary_large_image","twitter:title":"El Aeropuerto de Barcelona retoma la operativa especial de facturaci\u00f3n de cruceristas | El Digital de Asturias","twitter:description":"El Aeropuerto de Barcelona pondr\u00e1 en marcha este domingo la facturaci\u00f3n de pasajeros de cruceros, que durar\u00e1 hasta el 30 de octubre y que permite a estos usuarios facturar su equipaje en el vest\u00edbulo Intermodal de la T1 habilitado espec\u00edficamente para esta funci\u00f3n. Seg\u00fan ha informado el Aeropuerto este viernes en un comunicado, las compa\u00f1\u00edas","twitter:image":"https:\/\/eldigitaldeasturias.com\/magazine365\/wp-content\/uploads\/2016\/06\/fotonoticia_20160603141944_800.jpg"},"aioseo_meta_data":{"post_id":"77698","title":null,"description":null,"keywords":null,"keyphrases":null,"primary_term":null,"canonical_url":null,"og_title":null,"og_description":null,"og_object_type":"default","og_image_type":"default","og_image_url":null,"og_image_width":null,"og_image_height":null,"og_image_custom_url":null,"og_image_custom_fields":null,"og_video":null,"og_custom_url":null,"og_article_section":null,"og_article_tags":null,"twitter_use_og":false,"twitter_card":"default","twitter_image_type":"default","twitter_image_url":null,"twitter_image_custom_url":null,"twitter_image_custom_fields":null,"twitter_title":null,"twitter_description":null,"schema":{"blockGraphs":[],"customGraphs":[],"default":{"data":{"Article":[],"Course":[],"Dataset":[],"FAQPage":[],"Movie":[],"Person":[],"Product":[],"ProductReview":[],"Car":[],"Recipe":[],"Service":[],"SoftwareApplication":[],"WebPage":[]},"graphName":"","isEnabled":true},"graphs":[],"defaultGraph":"","defaultPostTypeGraph":""},"schema_type":null,"schema_type_options":null,"pillar_content":false,"robots_default":true,"robots_noindex":false,"robots_noarchive":false,"robots_nosnippet":false,"robots_nofollow":false,"robots_noimageindex":false,"robots_noodp":false,"robots_notranslate":false,"robots_max_snippet":null,"robots_max_videopreview":null,"robots_max_imagepreview":"large","priority":null,"frequency":null,"location":null,"local_seo":null,"seo_analyzer_scan_date":"2025-09-27 15:27:17","breadcrumb_settings":null,"limit_modified_date":false,"open_ai":null,"ai":null,"created":"2021-03-08 18:09:42","updated":"2025-09-27 15:27:17"},"aioseo_breadcrumb":"<div class=\"aioseo-breadcrumbs\"><span class=\"aioseo-breadcrumb\">\n\t<a href=\"https:\/\/eldigitaldeasturias.com\/magazine365\" title=\"Home\">Home<\/a>\n<\/span><span class=\"aioseo-breadcrumb-separator\">\u2013<\/span><span class=\"aioseo-breadcrumb\">\n\t<a href=\"https:\/\/eldigitaldeasturias.com\/magazine365\/category\/noticias-actualidad\/\" title=\"Noticias y Actualidad\">Noticias y Actualidad<\/a>\n<\/span><span class=\"aioseo-breadcrumb-separator\">\u2013<\/span><span class=\"aioseo-breadcrumb\">\n\t<a href=\"https:\/\/eldigitaldeasturias.com\/magazine365\/el-aeropuerto-de-barcelona-retoma-la-operativa-especial-de-facturacion-de-cruceristas\/\" title=\"El Aeropuerto de Barcelona retoma la operativa especial de facturaci\u00f3n de cruceristas\">El Aeropuerto de Barcelona retoma la operativa especial de facturaci\u00f3n de cruceristas<\/a>\n<\/span><\/div>","aioseo_breadcrumb_json":[{"label":"Home","link":"https:\/\/eldigitaldeasturias.com\/magazine365"},{"label":"Noticias y Actualidad","link":"https:\/\/eldigitaldeasturias.com\/magazine365\/category\/noticias-actualidad\/"},{"label":"El Aeropuerto de Barcelona retoma la operativa especial de facturaci\u00f3n de cruceristas","link":"https:\/\/eldigitaldeasturias.com\/magazine365\/el-aeropuerto-de-barcelona-retoma-la-operativa-especial-de-facturacion-de-cruceristas\/"}],"_links":{"self":[{"href":"https:\/\/eldigitaldeasturias.com\/magazine365\/wp-json\/wp\/v2\/posts\/77698","targetHints":{"allow":["GET"]}}],"collection":[{"href":"https:\/\/eldigitaldeasturias.com\/magazine365\/wp-json\/wp\/v2\/posts"}],"about":[{"href":"https:\/\/eldigitaldeasturias.com\/magazine365\/wp-json\/wp\/v2\/types\/post"}],"author":[{"embeddable":true,"href":"https:\/\/eldigitaldeasturias.com\/magazine365\/wp-json\/wp\/v2\/users\/1"}],"replies":[{"embeddable":true,"href":"https:\/\/eldigitaldeasturias.com\/magazine365\/wp-json\/wp\/v2\/comments?post=77698"}],"version-history":[{"count":0,"href":"https:\/\/eldigitaldeasturias.com\/magazine365\/wp-json\/wp\/v2\/posts\/77698\/revisions"}],"wp:featuredmedia":[{"embeddable":true,"href":"https:\/\/eldigitaldeasturias.com\/magazine365\/wp-json\/wp\/v2\/media\/77699"}],"wp:attachment":[{"href":"https:\/\/eldigitaldeasturias.com\/magazine365\/wp-json\/wp\/v2\/media?parent=77698"}],"wp:term":[{"taxonomy":"category","embeddable":true,"href":"https:\/\/eldigitaldeasturias.com\/magazine365\/wp-json\/wp\/v2\/categories?post=77698"},{"taxonomy":"post_tag","embeddable":true,"href":"https:\/\/eldigitaldeasturias.com\/magazine365\/wp-json\/wp\/v2\/tags?post=77698"}],"curies":[{"name":"wp","href":"https:\/\/api.w.org\/{rel}","templated":true}]}}