{"id":77671,"date":"2016-06-06T07:22:15","date_gmt":"2016-06-06T05:22:15","guid":{"rendered":"http:\/\/eldigitaldeasturias.com\/magazine365\/?p=77671"},"modified":"2016-06-06T07:22:15","modified_gmt":"2016-06-06T05:22:15","slug":"la-dgt-realizo-controles-a-38-000-vehiculos-dentro-de-la-campana-de-motos-y-bicis-y-denuncio-a-690-conductores","status":"publish","type":"post","link":"https:\/\/eldigitaldeasturias.com\/magazine365\/la-dgt-realizo-controles-a-38-000-vehiculos-dentro-de-la-campana-de-motos-y-bicis-y-denuncio-a-690-conductores\/","title":{"rendered":"La DGT realiz\u00f3 controles a 38.000 veh\u00edculos dentro de la campa\u00f1a de motos y bicis y denunci\u00f3 a 690 conductores"},"content":{"rendered":"<p><img fetchpriority=\"high\" decoding=\"async\" class=\"alignleft size-medium wp-image-77672\" src=\"https:\/\/eldigitaldeasturias.com\/magazine365\/wp-content\/uploads\/2016\/06\/fotonoticia_20160603122453_800-360x233.jpg\" alt=\"fotonoticia_20160603122453_800\" width=\"360\" height=\"233\" srcset=\"https:\/\/eldigitaldeasturias.com\/magazine365\/wp-content\/uploads\/2016\/06\/fotonoticia_20160603122453_800-360x233.jpg 360w, https:\/\/eldigitaldeasturias.com\/magazine365\/wp-content\/uploads\/2016\/06\/fotonoticia_20160603122453_800-650x420.jpg 650w, https:\/\/eldigitaldeasturias.com\/magazine365\/wp-content\/uploads\/2016\/06\/fotonoticia_20160603122453_800-768x496.jpg 768w, https:\/\/eldigitaldeasturias.com\/magazine365\/wp-content\/uploads\/2016\/06\/fotonoticia_20160603122453_800-150x97.jpg 150w, https:\/\/eldigitaldeasturias.com\/magazine365\/wp-content\/uploads\/2016\/06\/fotonoticia_20160603122453_800-450x291.jpg 450w, https:\/\/eldigitaldeasturias.com\/magazine365\/wp-content\/uploads\/2016\/06\/fotonoticia_20160603122453_800-225x145.jpg 225w, https:\/\/eldigitaldeasturias.com\/magazine365\/wp-content\/uploads\/2016\/06\/fotonoticia_20160603122453_800-121x79.jpg 121w, https:\/\/eldigitaldeasturias.com\/magazine365\/wp-content\/uploads\/2016\/06\/fotonoticia_20160603122453_800-101x66.jpg 101w, https:\/\/eldigitaldeasturias.com\/magazine365\/wp-content\/uploads\/2016\/06\/fotonoticia_20160603122453_800.jpg 800w\" sizes=\"(max-width: 360px) 100vw, 360px\" \/>La Direcci\u00f3n General de Tr\u00e1fico (DGT) ha controlado 23.706 motos y 14.200 bicicletas y bicicletas durante la campa\u00f1a especial realizada en los dos \u00faltimos fines de semana del mes de mayo en la que fueron denunciados 690 usuarios.<\/p>\n<p>En el caso de los ciclistas, la no utilizaci\u00f3n o el uso inadecuado del casco ha sido la infracci\u00f3n m\u00e1s cometida, ya que 21 usuarios de bici no hac\u00edan uso del mismo, pese a ser obligatorio en v\u00edas interurbanas. Asimismo, ocho ciclistas fueron denunciados por hacer uso de auriculares y otros cuatro por utilizar el tel\u00e9fono m\u00f3vil. Adem\u00e1s siete lo fueron por no respetar una se\u00f1al vertical o sem\u00e1foro y otro por dar positivo en alcohol.<\/p>\n<p>Respecto a la vigilancia de motoristas, el 77% de las motos controladas fueron en carreteras convencionales (18.405) y 522 motoristas fueron denunciados en estas v\u00edas. En autopistas y autov\u00edas, fueron controlados 5.301 motoristas y 112 denunciados.<\/p>\n<p>El exceso de velocidad fue la infracci\u00f3n m\u00e1s cometida, ya que en los cuatro d\u00edas de campa\u00f1a, 242 motoristas circulaban a velocidades superiores a la permitida.<\/p>\n<p>Circular con la ITV caducada, desfavorable o negativa ha sido la segunda infracci\u00f3n m\u00e1s com\u00fan entre los motoristas; concretamente 87 de ellos fueron denunciados por este precepto. Para la DGT, esta infracci\u00f3n resulta llamativa en un momento en el que el mantenimiento del veh\u00edculo es esencial debido al envejecido parque de motos, cuya edad media es de 15 a\u00f1os.<\/p>\n<p>Esta circunstancia se refleja en la siniestralidad, donde la edad de las motos en las que viajaban los motoristas fallecidos sigue aumentando (7,8 a\u00f1os en 2014 y 9,6 a\u00f1os en 2015) y el 9 por ciento de las motos en las que se desplazaban las v\u00edctimas mortales ten\u00edan la ITV caducada<\/p>\n<p>Adelantar en lugares donde no est\u00e1 permitido supuso la denuncia de 47 motoristas. Otros 22 fueron denunciados por no llevar el casco puesto o hacer un uso inadecuado del mismo.<\/p>\n<p>Adem\u00e1s de los controles de velocidad, adelantamientos y uso del casco, los agentes de Tr\u00e1fico han realizado controles de alcoholemia y de drogas entre los conductores de motos. En total, 31 motoristas dieron positivo en la prueba de alcohol, lo que significa que circulaban con una tasa de alcohol superior a la permitida y otros 6 dieron positivo en drogas.<\/p>\n","protected":false},"excerpt":{"rendered":"<p>La Direcci\u00f3n General de Tr\u00e1fico (DGT) ha controlado 23.706 motos y 14.200 bicicletas y bicicletas durante la campa\u00f1a especial realizada en los dos \u00faltimos fines de semana del mes de mayo en la que fueron denunciados 690 usuarios. En el caso de los ciclistas, la no utilizaci\u00f3n o el uso inadecuado del casco ha sido<\/p>\n","protected":false},"author":1,"featured_media":77672,"comment_status":"open","ping_status":"closed","sticky":false,"template":"","format":"standard","meta":{"footnotes":""},"categories":[224],"tags":[],"class_list":{"0":"post-77671","1":"post","2":"type-post","3":"status-publish","4":"format-standard","5":"has-post-thumbnail","7":"category-noticias-actualidad"},"aioseo_notices":[],"aioseo_head":"\n\t\t<!-- All in One SEO Pro 4.9.6.1 - aioseo.com -->\n\t<meta name=\"description\" content=\"La Direcci\u00f3n General de Tr\u00e1fico (DGT) ha controlado 23.706 motos y 14.200 bicicletas y bicicletas durante la campa\u00f1a especial realizada en los dos \u00faltimos fines de semana del mes de mayo en la que fueron denunciados 690 usuarios. En el caso de los ciclistas, la no utilizaci\u00f3n o el uso inadecuado del casco ha sido\" \/>\n\t<meta name=\"robots\" content=\"max-image-preview:large\" \/>\n\t<meta name=\"author\" content=\"admin\"\/>\n\t<meta name=\"google-site-verification\" content=\"UA-38556648-1\" \/>\n\t<meta name=\"keywords\" content=\"noticias y actualidad\" \/>\n\t<link rel=\"canonical\" href=\"https:\/\/eldigitaldeasturias.com\/magazine365\/la-dgt-realizo-controles-a-38-000-vehiculos-dentro-de-la-campana-de-motos-y-bicis-y-denuncio-a-690-conductores\/\" \/>\n\t<meta name=\"generator\" content=\"All in One SEO Pro (AIOSEO) 4.9.6.1\" \/>\n\t\t<meta property=\"og:locale\" content=\"es_ES\" \/>\n\t\t<meta property=\"og:site_name\" content=\"El Digital de Asturias \u2013 Revista de ocio, turismo y estilo de vida\" \/>\n\t\t<meta property=\"og:type\" content=\"article\" \/>\n\t\t<meta property=\"og:title\" content=\"La DGT realiz\u00f3 controles a 38.000 veh\u00edculos dentro de la campa\u00f1a de motos y bicis y denunci\u00f3 a 690 conductores | El Digital de Asturias\" \/>\n\t\t<meta property=\"og:description\" content=\"La Direcci\u00f3n General de Tr\u00e1fico (DGT) ha controlado 23.706 motos y 14.200 bicicletas y bicicletas durante la campa\u00f1a especial realizada en los dos \u00faltimos fines de semana del mes de mayo en la que fueron denunciados 690 usuarios. En el caso de los ciclistas, la no utilizaci\u00f3n o el uso inadecuado del casco ha sido\" \/>\n\t\t<meta property=\"og:url\" content=\"https:\/\/eldigitaldeasturias.com\/magazine365\/la-dgt-realizo-controles-a-38-000-vehiculos-dentro-de-la-campana-de-motos-y-bicis-y-denuncio-a-690-conductores\/\" \/>\n\t\t<meta property=\"og:image\" content=\"https:\/\/eldigitaldeasturias.com\/magazine365\/wp-content\/uploads\/2016\/06\/fotonoticia_20160603122453_800.jpg\" \/>\n\t\t<meta property=\"og:image:secure_url\" content=\"https:\/\/eldigitaldeasturias.com\/magazine365\/wp-content\/uploads\/2016\/06\/fotonoticia_20160603122453_800.jpg\" \/>\n\t\t<meta property=\"og:image:width\" content=\"800\" \/>\n\t\t<meta property=\"og:image:height\" content=\"517\" \/>\n\t\t<meta property=\"article:published_time\" content=\"2016-06-06T05:22:15+00:00\" \/>\n\t\t<meta property=\"article:modified_time\" content=\"2016-06-06T05:22:15+00:00\" \/>\n\t\t<meta name=\"twitter:card\" content=\"summary_large_image\" \/>\n\t\t<meta name=\"twitter:title\" content=\"La DGT realiz\u00f3 controles a 38.000 veh\u00edculos dentro de la campa\u00f1a de motos y bicis y denunci\u00f3 a 690 conductores | El Digital de Asturias\" \/>\n\t\t<meta name=\"twitter:description\" content=\"La Direcci\u00f3n General de Tr\u00e1fico (DGT) ha controlado 23.706 motos y 14.200 bicicletas y bicicletas durante la campa\u00f1a especial realizada en los dos \u00faltimos fines de semana del mes de mayo en la que fueron denunciados 690 usuarios. En el caso de los ciclistas, la no utilizaci\u00f3n o el uso inadecuado del casco ha sido\" \/>\n\t\t<meta name=\"twitter:image\" content=\"https:\/\/eldigitaldeasturias.com\/magazine365\/wp-content\/uploads\/2016\/06\/fotonoticia_20160603122453_800.jpg\" \/>\n\t\t<script type=\"application\/ld+json\" class=\"aioseo-schema\">\n\t\t\t{\"@context\":\"https:\\\/\\\/schema.org\",\"@graph\":[{\"@type\":\"Article\",\"@id\":\"https:\\\/\\\/eldigitaldeasturias.com\\\/magazine365\\\/la-dgt-realizo-controles-a-38-000-vehiculos-dentro-de-la-campana-de-motos-y-bicis-y-denuncio-a-690-conductores\\\/#article\",\"name\":\"La DGT realiz\\u00f3 controles a 38.000 veh\\u00edculos dentro de la campa\\u00f1a de motos y bicis y denunci\\u00f3 a 690 conductores | El Digital de Asturias\",\"headline\":\"La DGT realiz\\u00f3 controles a 38.000 veh\\u00edculos dentro de la campa\\u00f1a de motos y bicis y denunci\\u00f3 a 690 conductores\",\"author\":{\"@id\":\"https:\\\/\\\/eldigitaldeasturias.com\\\/magazine365\\\/author\\\/admin\\\/#author\"},\"publisher\":{\"@id\":\"https:\\\/\\\/eldigitaldeasturias.com\\\/magazine365\\\/#organization\"},\"image\":{\"@type\":\"ImageObject\",\"url\":\"https:\\\/\\\/eldigitaldeasturias.com\\\/magazine365\\\/wp-content\\\/uploads\\\/2016\\\/06\\\/fotonoticia_20160603122453_800.jpg\",\"width\":800,\"height\":517},\"datePublished\":\"2016-06-06T07:22:15+02:00\",\"dateModified\":\"2016-06-06T07:22:15+02:00\",\"inLanguage\":\"es-ES\",\"mainEntityOfPage\":{\"@id\":\"https:\\\/\\\/eldigitaldeasturias.com\\\/magazine365\\\/la-dgt-realizo-controles-a-38-000-vehiculos-dentro-de-la-campana-de-motos-y-bicis-y-denuncio-a-690-conductores\\\/#webpage\"},\"isPartOf\":{\"@id\":\"https:\\\/\\\/eldigitaldeasturias.com\\\/magazine365\\\/la-dgt-realizo-controles-a-38-000-vehiculos-dentro-de-la-campana-de-motos-y-bicis-y-denuncio-a-690-conductores\\\/#webpage\"},\"articleSection\":\"Noticias y Actualidad\"},{\"@type\":\"BreadcrumbList\",\"@id\":\"https:\\\/\\\/eldigitaldeasturias.com\\\/magazine365\\\/la-dgt-realizo-controles-a-38-000-vehiculos-dentro-de-la-campana-de-motos-y-bicis-y-denuncio-a-690-conductores\\\/#breadcrumblist\",\"itemListElement\":[{\"@type\":\"ListItem\",\"@id\":\"https:\\\/\\\/eldigitaldeasturias.com\\\/magazine365#listItem\",\"position\":1,\"name\":\"Home\",\"item\":\"https:\\\/\\\/eldigitaldeasturias.com\\\/magazine365\",\"nextItem\":{\"@type\":\"ListItem\",\"@id\":\"https:\\\/\\\/eldigitaldeasturias.com\\\/magazine365\\\/category\\\/noticias-actualidad\\\/#listItem\",\"name\":\"Noticias y Actualidad\"}},{\"@type\":\"ListItem\",\"@id\":\"https:\\\/\\\/eldigitaldeasturias.com\\\/magazine365\\\/category\\\/noticias-actualidad\\\/#listItem\",\"position\":2,\"name\":\"Noticias y Actualidad\",\"item\":\"https:\\\/\\\/eldigitaldeasturias.com\\\/magazine365\\\/category\\\/noticias-actualidad\\\/\",\"nextItem\":{\"@type\":\"ListItem\",\"@id\":\"https:\\\/\\\/eldigitaldeasturias.com\\\/magazine365\\\/la-dgt-realizo-controles-a-38-000-vehiculos-dentro-de-la-campana-de-motos-y-bicis-y-denuncio-a-690-conductores\\\/#listItem\",\"name\":\"La DGT realiz\\u00f3 controles a 38.000 veh\\u00edculos dentro de la campa\\u00f1a de motos y bicis y denunci\\u00f3 a 690 conductores\"},\"previousItem\":{\"@type\":\"ListItem\",\"@id\":\"https:\\\/\\\/eldigitaldeasturias.com\\\/magazine365#listItem\",\"name\":\"Home\"}},{\"@type\":\"ListItem\",\"@id\":\"https:\\\/\\\/eldigitaldeasturias.com\\\/magazine365\\\/la-dgt-realizo-controles-a-38-000-vehiculos-dentro-de-la-campana-de-motos-y-bicis-y-denuncio-a-690-conductores\\\/#listItem\",\"position\":3,\"name\":\"La DGT realiz\\u00f3 controles a 38.000 veh\\u00edculos dentro de la campa\\u00f1a de motos y bicis y denunci\\u00f3 a 690 conductores\",\"previousItem\":{\"@type\":\"ListItem\",\"@id\":\"https:\\\/\\\/eldigitaldeasturias.com\\\/magazine365\\\/category\\\/noticias-actualidad\\\/#listItem\",\"name\":\"Noticias y Actualidad\"}}]},{\"@type\":\"Organization\",\"@id\":\"https:\\\/\\\/eldigitaldeasturias.com\\\/magazine365\\\/#organization\",\"name\":\"El digital de Asturias\",\"description\":\"Revista de ocio, turismo y estilo de vida\",\"url\":\"https:\\\/\\\/eldigitaldeasturias.com\\\/magazine365\\\/\",\"logo\":{\"@type\":\"ImageObject\",\"url\":\"https:\\\/\\\/www.eldigitaldeasturias.com\\\/noticias\\\/wp-content\\\/uploads\\\/2020\\\/12\\\/EDA.jpg\",\"@id\":\"https:\\\/\\\/eldigitaldeasturias.com\\\/magazine365\\\/la-dgt-realizo-controles-a-38-000-vehiculos-dentro-de-la-campana-de-motos-y-bicis-y-denuncio-a-690-conductores\\\/#organizationLogo\"},\"image\":{\"@id\":\"https:\\\/\\\/eldigitaldeasturias.com\\\/magazine365\\\/la-dgt-realizo-controles-a-38-000-vehiculos-dentro-de-la-campana-de-motos-y-bicis-y-denuncio-a-690-conductores\\\/#organizationLogo\"}},{\"@type\":\"Person\",\"@id\":\"https:\\\/\\\/eldigitaldeasturias.com\\\/magazine365\\\/author\\\/admin\\\/#author\",\"url\":\"https:\\\/\\\/eldigitaldeasturias.com\\\/magazine365\\\/author\\\/admin\\\/\",\"name\":\"admin\",\"image\":{\"@type\":\"ImageObject\",\"@id\":\"https:\\\/\\\/eldigitaldeasturias.com\\\/magazine365\\\/la-dgt-realizo-controles-a-38-000-vehiculos-dentro-de-la-campana-de-motos-y-bicis-y-denuncio-a-690-conductores\\\/#authorImage\",\"url\":\"https:\\\/\\\/eldigitaldeasturias.com\\\/magazine365\\\/wp-content\\\/litespeed\\\/avatar\\\/e571bcf59a0edd6fa6838245a470f2fe.jpg?ver=1776969259\",\"width\":96,\"height\":96,\"caption\":\"admin\"}},{\"@type\":\"WebPage\",\"@id\":\"https:\\\/\\\/eldigitaldeasturias.com\\\/magazine365\\\/la-dgt-realizo-controles-a-38-000-vehiculos-dentro-de-la-campana-de-motos-y-bicis-y-denuncio-a-690-conductores\\\/#webpage\",\"url\":\"https:\\\/\\\/eldigitaldeasturias.com\\\/magazine365\\\/la-dgt-realizo-controles-a-38-000-vehiculos-dentro-de-la-campana-de-motos-y-bicis-y-denuncio-a-690-conductores\\\/\",\"name\":\"La DGT realiz\\u00f3 controles a 38.000 veh\\u00edculos dentro de la campa\\u00f1a de motos y bicis y denunci\\u00f3 a 690 conductores | El Digital de Asturias\",\"description\":\"La Direcci\\u00f3n General de Tr\\u00e1fico (DGT) ha controlado 23.706 motos y 14.200 bicicletas y bicicletas durante la campa\\u00f1a especial realizada en los dos \\u00faltimos fines de semana del mes de mayo en la que fueron denunciados 690 usuarios. En el caso de los ciclistas, la no utilizaci\\u00f3n o el uso inadecuado del casco ha sido\",\"inLanguage\":\"es-ES\",\"isPartOf\":{\"@id\":\"https:\\\/\\\/eldigitaldeasturias.com\\\/magazine365\\\/#website\"},\"breadcrumb\":{\"@id\":\"https:\\\/\\\/eldigitaldeasturias.com\\\/magazine365\\\/la-dgt-realizo-controles-a-38-000-vehiculos-dentro-de-la-campana-de-motos-y-bicis-y-denuncio-a-690-conductores\\\/#breadcrumblist\"},\"author\":{\"@id\":\"https:\\\/\\\/eldigitaldeasturias.com\\\/magazine365\\\/author\\\/admin\\\/#author\"},\"creator\":{\"@id\":\"https:\\\/\\\/eldigitaldeasturias.com\\\/magazine365\\\/author\\\/admin\\\/#author\"},\"image\":{\"@type\":\"ImageObject\",\"url\":\"https:\\\/\\\/eldigitaldeasturias.com\\\/magazine365\\\/wp-content\\\/uploads\\\/2016\\\/06\\\/fotonoticia_20160603122453_800.jpg\",\"@id\":\"https:\\\/\\\/eldigitaldeasturias.com\\\/magazine365\\\/la-dgt-realizo-controles-a-38-000-vehiculos-dentro-de-la-campana-de-motos-y-bicis-y-denuncio-a-690-conductores\\\/#mainImage\",\"width\":800,\"height\":517},\"primaryImageOfPage\":{\"@id\":\"https:\\\/\\\/eldigitaldeasturias.com\\\/magazine365\\\/la-dgt-realizo-controles-a-38-000-vehiculos-dentro-de-la-campana-de-motos-y-bicis-y-denuncio-a-690-conductores\\\/#mainImage\"},\"datePublished\":\"2016-06-06T07:22:15+02:00\",\"dateModified\":\"2016-06-06T07:22:15+02:00\"},{\"@type\":\"WebSite\",\"@id\":\"https:\\\/\\\/eldigitaldeasturias.com\\\/magazine365\\\/#website\",\"url\":\"https:\\\/\\\/eldigitaldeasturias.com\\\/magazine365\\\/\",\"name\":\"El Digital de Asturias\",\"description\":\"Revista de ocio, turismo y estilo de vida\",\"inLanguage\":\"es-ES\",\"publisher\":{\"@id\":\"https:\\\/\\\/eldigitaldeasturias.com\\\/magazine365\\\/#organization\"}}]}\n\t\t<\/script>\n\t\t<!-- All in One SEO Pro -->\r\n\t\t<title>La DGT realiz\u00f3 controles a 38.000 veh\u00edculos dentro de la campa\u00f1a de motos y bicis y denunci\u00f3 a 690 conductores | El Digital de Asturias<\/title>\n\n","aioseo_head_json":{"title":"La DGT realiz\u00f3 controles a 38.000 veh\u00edculos dentro de la campa\u00f1a de motos y bicis y denunci\u00f3 a 690 conductores | El Digital de Asturias","description":"La Direcci\u00f3n General de Tr\u00e1fico (DGT) ha controlado 23.706 motos y 14.200 bicicletas y bicicletas durante la campa\u00f1a especial realizada en los dos \u00faltimos fines de semana del mes de mayo en la que fueron denunciados 690 usuarios. En el caso de los ciclistas, la no utilizaci\u00f3n o el uso inadecuado del casco ha sido","canonical_url":"https:\/\/eldigitaldeasturias.com\/magazine365\/la-dgt-realizo-controles-a-38-000-vehiculos-dentro-de-la-campana-de-motos-y-bicis-y-denuncio-a-690-conductores\/","robots":"max-image-preview:large","keywords":"noticias y actualidad","webmasterTools":{"google-site-verification":"UA-38556648-1","miscellaneous":""},"schema":{"@context":"https:\/\/schema.org","@graph":[{"@type":"Article","@id":"https:\/\/eldigitaldeasturias.com\/magazine365\/la-dgt-realizo-controles-a-38-000-vehiculos-dentro-de-la-campana-de-motos-y-bicis-y-denuncio-a-690-conductores\/#article","name":"La DGT realiz\u00f3 controles a 38.000 veh\u00edculos dentro de la campa\u00f1a de motos y bicis y denunci\u00f3 a 690 conductores | El Digital de Asturias","headline":"La DGT realiz\u00f3 controles a 38.000 veh\u00edculos dentro de la campa\u00f1a de motos y bicis y denunci\u00f3 a 690 conductores","author":{"@id":"https:\/\/eldigitaldeasturias.com\/magazine365\/author\/admin\/#author"},"publisher":{"@id":"https:\/\/eldigitaldeasturias.com\/magazine365\/#organization"},"image":{"@type":"ImageObject","url":"https:\/\/eldigitaldeasturias.com\/magazine365\/wp-content\/uploads\/2016\/06\/fotonoticia_20160603122453_800.jpg","width":800,"height":517},"datePublished":"2016-06-06T07:22:15+02:00","dateModified":"2016-06-06T07:22:15+02:00","inLanguage":"es-ES","mainEntityOfPage":{"@id":"https:\/\/eldigitaldeasturias.com\/magazine365\/la-dgt-realizo-controles-a-38-000-vehiculos-dentro-de-la-campana-de-motos-y-bicis-y-denuncio-a-690-conductores\/#webpage"},"isPartOf":{"@id":"https:\/\/eldigitaldeasturias.com\/magazine365\/la-dgt-realizo-controles-a-38-000-vehiculos-dentro-de-la-campana-de-motos-y-bicis-y-denuncio-a-690-conductores\/#webpage"},"articleSection":"Noticias y Actualidad"},{"@type":"BreadcrumbList","@id":"https:\/\/eldigitaldeasturias.com\/magazine365\/la-dgt-realizo-controles-a-38-000-vehiculos-dentro-de-la-campana-de-motos-y-bicis-y-denuncio-a-690-conductores\/#breadcrumblist","itemListElement":[{"@type":"ListItem","@id":"https:\/\/eldigitaldeasturias.com\/magazine365#listItem","position":1,"name":"Home","item":"https:\/\/eldigitaldeasturias.com\/magazine365","nextItem":{"@type":"ListItem","@id":"https:\/\/eldigitaldeasturias.com\/magazine365\/category\/noticias-actualidad\/#listItem","name":"Noticias y Actualidad"}},{"@type":"ListItem","@id":"https:\/\/eldigitaldeasturias.com\/magazine365\/category\/noticias-actualidad\/#listItem","position":2,"name":"Noticias y Actualidad","item":"https:\/\/eldigitaldeasturias.com\/magazine365\/category\/noticias-actualidad\/","nextItem":{"@type":"ListItem","@id":"https:\/\/eldigitaldeasturias.com\/magazine365\/la-dgt-realizo-controles-a-38-000-vehiculos-dentro-de-la-campana-de-motos-y-bicis-y-denuncio-a-690-conductores\/#listItem","name":"La DGT realiz\u00f3 controles a 38.000 veh\u00edculos dentro de la campa\u00f1a de motos y bicis y denunci\u00f3 a 690 conductores"},"previousItem":{"@type":"ListItem","@id":"https:\/\/eldigitaldeasturias.com\/magazine365#listItem","name":"Home"}},{"@type":"ListItem","@id":"https:\/\/eldigitaldeasturias.com\/magazine365\/la-dgt-realizo-controles-a-38-000-vehiculos-dentro-de-la-campana-de-motos-y-bicis-y-denuncio-a-690-conductores\/#listItem","position":3,"name":"La DGT realiz\u00f3 controles a 38.000 veh\u00edculos dentro de la campa\u00f1a de motos y bicis y denunci\u00f3 a 690 conductores","previousItem":{"@type":"ListItem","@id":"https:\/\/eldigitaldeasturias.com\/magazine365\/category\/noticias-actualidad\/#listItem","name":"Noticias y Actualidad"}}]},{"@type":"Organization","@id":"https:\/\/eldigitaldeasturias.com\/magazine365\/#organization","name":"El digital de Asturias","description":"Revista de ocio, turismo y estilo de vida","url":"https:\/\/eldigitaldeasturias.com\/magazine365\/","logo":{"@type":"ImageObject","url":"https:\/\/www.eldigitaldeasturias.com\/noticias\/wp-content\/uploads\/2020\/12\/EDA.jpg","@id":"https:\/\/eldigitaldeasturias.com\/magazine365\/la-dgt-realizo-controles-a-38-000-vehiculos-dentro-de-la-campana-de-motos-y-bicis-y-denuncio-a-690-conductores\/#organizationLogo"},"image":{"@id":"https:\/\/eldigitaldeasturias.com\/magazine365\/la-dgt-realizo-controles-a-38-000-vehiculos-dentro-de-la-campana-de-motos-y-bicis-y-denuncio-a-690-conductores\/#organizationLogo"}},{"@type":"Person","@id":"https:\/\/eldigitaldeasturias.com\/magazine365\/author\/admin\/#author","url":"https:\/\/eldigitaldeasturias.com\/magazine365\/author\/admin\/","name":"admin","image":{"@type":"ImageObject","@id":"https:\/\/eldigitaldeasturias.com\/magazine365\/la-dgt-realizo-controles-a-38-000-vehiculos-dentro-de-la-campana-de-motos-y-bicis-y-denuncio-a-690-conductores\/#authorImage","url":"https:\/\/eldigitaldeasturias.com\/magazine365\/wp-content\/litespeed\/avatar\/e571bcf59a0edd6fa6838245a470f2fe.jpg?ver=1776969259","width":96,"height":96,"caption":"admin"}},{"@type":"WebPage","@id":"https:\/\/eldigitaldeasturias.com\/magazine365\/la-dgt-realizo-controles-a-38-000-vehiculos-dentro-de-la-campana-de-motos-y-bicis-y-denuncio-a-690-conductores\/#webpage","url":"https:\/\/eldigitaldeasturias.com\/magazine365\/la-dgt-realizo-controles-a-38-000-vehiculos-dentro-de-la-campana-de-motos-y-bicis-y-denuncio-a-690-conductores\/","name":"La DGT realiz\u00f3 controles a 38.000 veh\u00edculos dentro de la campa\u00f1a de motos y bicis y denunci\u00f3 a 690 conductores | El Digital de Asturias","description":"La Direcci\u00f3n General de Tr\u00e1fico (DGT) ha controlado 23.706 motos y 14.200 bicicletas y bicicletas durante la campa\u00f1a especial realizada en los dos \u00faltimos fines de semana del mes de mayo en la que fueron denunciados 690 usuarios. En el caso de los ciclistas, la no utilizaci\u00f3n o el uso inadecuado del casco ha sido","inLanguage":"es-ES","isPartOf":{"@id":"https:\/\/eldigitaldeasturias.com\/magazine365\/#website"},"breadcrumb":{"@id":"https:\/\/eldigitaldeasturias.com\/magazine365\/la-dgt-realizo-controles-a-38-000-vehiculos-dentro-de-la-campana-de-motos-y-bicis-y-denuncio-a-690-conductores\/#breadcrumblist"},"author":{"@id":"https:\/\/eldigitaldeasturias.com\/magazine365\/author\/admin\/#author"},"creator":{"@id":"https:\/\/eldigitaldeasturias.com\/magazine365\/author\/admin\/#author"},"image":{"@type":"ImageObject","url":"https:\/\/eldigitaldeasturias.com\/magazine365\/wp-content\/uploads\/2016\/06\/fotonoticia_20160603122453_800.jpg","@id":"https:\/\/eldigitaldeasturias.com\/magazine365\/la-dgt-realizo-controles-a-38-000-vehiculos-dentro-de-la-campana-de-motos-y-bicis-y-denuncio-a-690-conductores\/#mainImage","width":800,"height":517},"primaryImageOfPage":{"@id":"https:\/\/eldigitaldeasturias.com\/magazine365\/la-dgt-realizo-controles-a-38-000-vehiculos-dentro-de-la-campana-de-motos-y-bicis-y-denuncio-a-690-conductores\/#mainImage"},"datePublished":"2016-06-06T07:22:15+02:00","dateModified":"2016-06-06T07:22:15+02:00"},{"@type":"WebSite","@id":"https:\/\/eldigitaldeasturias.com\/magazine365\/#website","url":"https:\/\/eldigitaldeasturias.com\/magazine365\/","name":"El Digital de Asturias","description":"Revista de ocio, turismo y estilo de vida","inLanguage":"es-ES","publisher":{"@id":"https:\/\/eldigitaldeasturias.com\/magazine365\/#organization"}}]},"og:locale":"es_ES","og:site_name":"El Digital de Asturias \u2013 Revista de ocio, turismo y estilo de vida","og:type":"article","og:title":"La DGT realiz\u00f3 controles a 38.000 veh\u00edculos dentro de la campa\u00f1a de motos y bicis y denunci\u00f3 a 690 conductores | El Digital de Asturias","og:description":"La Direcci\u00f3n General de Tr\u00e1fico (DGT) ha controlado 23.706 motos y 14.200 bicicletas y bicicletas durante la campa\u00f1a especial realizada en los dos \u00faltimos fines de semana del mes de mayo en la que fueron denunciados 690 usuarios. En el caso de los ciclistas, la no utilizaci\u00f3n o el uso inadecuado del casco ha sido","og:url":"https:\/\/eldigitaldeasturias.com\/magazine365\/la-dgt-realizo-controles-a-38-000-vehiculos-dentro-de-la-campana-de-motos-y-bicis-y-denuncio-a-690-conductores\/","og:image":"https:\/\/eldigitaldeasturias.com\/magazine365\/wp-content\/uploads\/2016\/06\/fotonoticia_20160603122453_800.jpg","og:image:secure_url":"https:\/\/eldigitaldeasturias.com\/magazine365\/wp-content\/uploads\/2016\/06\/fotonoticia_20160603122453_800.jpg","og:image:width":800,"og:image:height":517,"article:published_time":"2016-06-06T05:22:15+00:00","article:modified_time":"2016-06-06T05:22:15+00:00","twitter:card":"summary_large_image","twitter:title":"La DGT realiz\u00f3 controles a 38.000 veh\u00edculos dentro de la campa\u00f1a de motos y bicis y denunci\u00f3 a 690 conductores | El Digital de Asturias","twitter:description":"La Direcci\u00f3n General de Tr\u00e1fico (DGT) ha controlado 23.706 motos y 14.200 bicicletas y bicicletas durante la campa\u00f1a especial realizada en los dos \u00faltimos fines de semana del mes de mayo en la que fueron denunciados 690 usuarios. En el caso de los ciclistas, la no utilizaci\u00f3n o el uso inadecuado del casco ha sido","twitter:image":"https:\/\/eldigitaldeasturias.com\/magazine365\/wp-content\/uploads\/2016\/06\/fotonoticia_20160603122453_800.jpg"},"aioseo_meta_data":{"post_id":"77671","title":null,"description":null,"keywords":null,"keyphrases":null,"primary_term":null,"canonical_url":null,"og_title":null,"og_description":null,"og_object_type":"default","og_image_type":"default","og_image_url":null,"og_image_width":null,"og_image_height":null,"og_image_custom_url":null,"og_image_custom_fields":null,"og_video":null,"og_custom_url":null,"og_article_section":null,"og_article_tags":null,"twitter_use_og":false,"twitter_card":"default","twitter_image_type":"default","twitter_image_url":null,"twitter_image_custom_url":null,"twitter_image_custom_fields":null,"twitter_title":null,"twitter_description":null,"schema":{"blockGraphs":[],"customGraphs":[],"default":{"data":{"Article":[],"Course":[],"Dataset":[],"FAQPage":[],"Movie":[],"Person":[],"Product":[],"ProductReview":[],"Car":[],"Recipe":[],"Service":[],"SoftwareApplication":[],"WebPage":[]},"graphName":"","isEnabled":true},"graphs":[],"defaultGraph":"","defaultPostTypeGraph":""},"schema_type":null,"schema_type_options":null,"pillar_content":false,"robots_default":true,"robots_noindex":false,"robots_noarchive":false,"robots_nosnippet":false,"robots_nofollow":false,"robots_noimageindex":false,"robots_noodp":false,"robots_notranslate":false,"robots_max_snippet":null,"robots_max_videopreview":null,"robots_max_imagepreview":"large","priority":null,"frequency":null,"location":null,"local_seo":null,"seo_analyzer_scan_date":"2025-09-27 15:23:05","breadcrumb_settings":null,"limit_modified_date":false,"open_ai":null,"ai":null,"created":"2021-03-08 18:11:06","updated":"2025-09-27 15:23:05"},"aioseo_breadcrumb":"<div class=\"aioseo-breadcrumbs\"><span class=\"aioseo-breadcrumb\">\n\t<a href=\"https:\/\/eldigitaldeasturias.com\/magazine365\" title=\"Home\">Home<\/a>\n<\/span><span class=\"aioseo-breadcrumb-separator\">\u2013<\/span><span class=\"aioseo-breadcrumb\">\n\t<a href=\"https:\/\/eldigitaldeasturias.com\/magazine365\/category\/noticias-actualidad\/\" title=\"Noticias y Actualidad\">Noticias y Actualidad<\/a>\n<\/span><span class=\"aioseo-breadcrumb-separator\">\u2013<\/span><span class=\"aioseo-breadcrumb\">\n\t<a href=\"https:\/\/eldigitaldeasturias.com\/magazine365\/la-dgt-realizo-controles-a-38-000-vehiculos-dentro-de-la-campana-de-motos-y-bicis-y-denuncio-a-690-conductores\/\" title=\"La DGT realiz\u00f3 controles a 38.000 veh\u00edculos dentro de la campa\u00f1a de motos y bicis y denunci\u00f3 a 690 conductores\">La DGT realiz\u00f3 controles a 38.000 veh\u00edculos dentro de la campa\u00f1a de motos y bicis y denunci\u00f3 a 690 conductores<\/a>\n<\/span><\/div>","aioseo_breadcrumb_json":[{"label":"Home","link":"https:\/\/eldigitaldeasturias.com\/magazine365"},{"label":"Noticias y Actualidad","link":"https:\/\/eldigitaldeasturias.com\/magazine365\/category\/noticias-actualidad\/"},{"label":"La DGT realiz\u00f3 controles a 38.000 veh\u00edculos dentro de la campa\u00f1a de motos y bicis y denunci\u00f3 a 690 conductores","link":"https:\/\/eldigitaldeasturias.com\/magazine365\/la-dgt-realizo-controles-a-38-000-vehiculos-dentro-de-la-campana-de-motos-y-bicis-y-denuncio-a-690-conductores\/"}],"_links":{"self":[{"href":"https:\/\/eldigitaldeasturias.com\/magazine365\/wp-json\/wp\/v2\/posts\/77671","targetHints":{"allow":["GET"]}}],"collection":[{"href":"https:\/\/eldigitaldeasturias.com\/magazine365\/wp-json\/wp\/v2\/posts"}],"about":[{"href":"https:\/\/eldigitaldeasturias.com\/magazine365\/wp-json\/wp\/v2\/types\/post"}],"author":[{"embeddable":true,"href":"https:\/\/eldigitaldeasturias.com\/magazine365\/wp-json\/wp\/v2\/users\/1"}],"replies":[{"embeddable":true,"href":"https:\/\/eldigitaldeasturias.com\/magazine365\/wp-json\/wp\/v2\/comments?post=77671"}],"version-history":[{"count":0,"href":"https:\/\/eldigitaldeasturias.com\/magazine365\/wp-json\/wp\/v2\/posts\/77671\/revisions"}],"wp:featuredmedia":[{"embeddable":true,"href":"https:\/\/eldigitaldeasturias.com\/magazine365\/wp-json\/wp\/v2\/media\/77672"}],"wp:attachment":[{"href":"https:\/\/eldigitaldeasturias.com\/magazine365\/wp-json\/wp\/v2\/media?parent=77671"}],"wp:term":[{"taxonomy":"category","embeddable":true,"href":"https:\/\/eldigitaldeasturias.com\/magazine365\/wp-json\/wp\/v2\/categories?post=77671"},{"taxonomy":"post_tag","embeddable":true,"href":"https:\/\/eldigitaldeasturias.com\/magazine365\/wp-json\/wp\/v2\/tags?post=77671"}],"curies":[{"name":"wp","href":"https:\/\/api.w.org\/{rel}","templated":true}]}}