{"id":77668,"date":"2016-06-06T07:21:21","date_gmt":"2016-06-06T05:21:21","guid":{"rendered":"http:\/\/eldigitaldeasturias.com\/magazine365\/?p=77668"},"modified":"2016-06-06T07:21:21","modified_gmt":"2016-06-06T05:21:21","slug":"la-dgt-tendra-identificados-desde-septiembre-los-coches-de-car-sharing","status":"publish","type":"post","link":"https:\/\/eldigitaldeasturias.com\/magazine365\/la-dgt-tendra-identificados-desde-septiembre-los-coches-de-car-sharing\/","title":{"rendered":"La DGT tendr\u00e1 identificados desde septiembre los coches de &#8216;car sharing&#8217;"},"content":{"rendered":"<p><img fetchpriority=\"high\" decoding=\"async\" class=\"alignleft size-medium wp-image-77669\" src=\"https:\/\/eldigitaldeasturias.com\/magazine365\/wp-content\/uploads\/2016\/06\/fotonoticia_20160603122259_800-360x203.jpg\" alt=\"fotonoticia_20160603122259_800\" width=\"360\" height=\"203\" srcset=\"https:\/\/eldigitaldeasturias.com\/magazine365\/wp-content\/uploads\/2016\/06\/fotonoticia_20160603122259_800-360x203.jpg 360w, https:\/\/eldigitaldeasturias.com\/magazine365\/wp-content\/uploads\/2016\/06\/fotonoticia_20160603122259_800-650x366.jpg 650w, https:\/\/eldigitaldeasturias.com\/magazine365\/wp-content\/uploads\/2016\/06\/fotonoticia_20160603122259_800-768x432.jpg 768w, https:\/\/eldigitaldeasturias.com\/magazine365\/wp-content\/uploads\/2016\/06\/fotonoticia_20160603122259_800-150x84.jpg 150w, https:\/\/eldigitaldeasturias.com\/magazine365\/wp-content\/uploads\/2016\/06\/fotonoticia_20160603122259_800-450x253.jpg 450w, https:\/\/eldigitaldeasturias.com\/magazine365\/wp-content\/uploads\/2016\/06\/fotonoticia_20160603122259_800-499x280.jpg 499w, https:\/\/eldigitaldeasturias.com\/magazine365\/wp-content\/uploads\/2016\/06\/fotonoticia_20160603122259_800-510x289.jpg 510w, https:\/\/eldigitaldeasturias.com\/magazine365\/wp-content\/uploads\/2016\/06\/fotonoticia_20160603122259_800.jpg 800w\" sizes=\"(max-width: 360px) 100vw, 360px\" \/>La Direcci\u00f3n General de Tr\u00e1fico (DGT) crear\u00e1 una central de datos para coches de &#8216;car sharing&#8217;, que estar\u00e1 lista para el pr\u00f3ximo mes de septiembre, seg\u00fan ha informado el departamento que dirige Mar\u00eda Segu\u00ed durante la cuarta Conferencia de la Asociaci\u00f3n Espa\u00f1ola de Car Sharing (AEC).<\/p>\n<p>Seg\u00fan ha indicado Tr\u00e1fico, esta central de datos permitir\u00e1 que estos veh\u00edculos est\u00e9n identificados. Adem\u00e1s, se les asignar\u00e1 \u00abdeterminados privilegios seg\u00fan su grado de implicaci\u00f3n en el proyecto de movilidad sostenible, con el objetivo de reducir las emisiones, minimizar las congestiones y cumplir la hoja de ruta de cero fallecidos y lesionados\u00bb.<\/p>\n<p>Adicionalmente, la DGT considera habilitar en un futuro pr\u00f3ximo medidas como una gu\u00eda de buenas pr\u00e1cticas en &#8216;car sharing&#8217; para municipios y la libre circulaci\u00f3n de este tipo de veh\u00edculos en los carriles Bus-VAO.<\/p>\n<p>Ante estos anuncios, la AEC se ha mostrado \u00abentusiasmada&#8217; y ha recalcado la importancia de una mayor involucraci\u00f3n por parte de las administraciones p\u00fablicas para el \u00e9xito de estas iniciativas de movilidad.<\/p>\n<p>Su presidente, Pau Noy, ha puesto como ejemplo la colaboraci\u00f3n p\u00fablico-privada en Par\u00eds \u00abque cuenta con un descuento del 35 por ciento en las plazas de aparcamiento en superficie para los usuarios de coche compartido\u00bb, Londres \u00aben donde las plazas son gratuitas\u00bb, o en Hanover, donde el &#8216;car sharing&#8217; \u00abest\u00e1 absolutamente integrado con el transporte p\u00fablico\u00bb.<\/p>\n<p>Por su parte, el representante de la Asociaci\u00f3n Espa\u00f1ola de Fabricantes de Autom\u00f3viles Turismos y Camiones (Anfac), Guillermo Garc\u00eda, ha destacado que \u00abel &#8216;car sharing&#8217; es eficiente, profesional y bueno para todos; sustituye coches privados e implica una movilidad m\u00e1s fluida\u00bb. Adem\u00e1s, ha destacado que estas iniciativas son buenas \u00abcuando hay colaboraci\u00f3n p\u00fablico &#8211; privada\u00bb.<\/p>\n<p>El secretario t\u00e9cnico de la Federaci\u00f3n Espa\u00f1ola del Taxi, Emilio Dom\u00ednguez, ha asegurado que \u00abel &#8216;car sharing&#8217; es una ventaja para los usuarios y no supone un competidor del taxi, sino un complemento en la medida en que elimina veh\u00edculos particulares de la circulaci\u00f3n\u00bb.<\/p>\n<p>De la misma manera, Pau Noy, presidente de la Asociaci\u00f3n Nacional de Car Sharing, ha puesto de relieve que \u00abotras ciudades europeas de nuestro entorno reciben una mayor colaboraci\u00f3n por parte de las administraciones p\u00fablicas. Par\u00eds, por ejemplo, cuenta con un descuento del 35% en las plazas de aparcamiento en superficie para los usuarios de coche compartido, en Londres las plazas son gratuitas y en Hanover el &#8216;car sharing&#8217; est\u00e1 absolutamente integrado con el transporte p\u00fablico\u00bb.<\/p>\n","protected":false},"excerpt":{"rendered":"<p>La Direcci\u00f3n General de Tr\u00e1fico (DGT) crear\u00e1 una central de datos para coches de &#8216;car sharing&#8217;, que estar\u00e1 lista para el pr\u00f3ximo mes de septiembre, seg\u00fan ha informado el departamento que dirige Mar\u00eda Segu\u00ed durante la cuarta Conferencia de la Asociaci\u00f3n Espa\u00f1ola de Car Sharing (AEC). Seg\u00fan ha indicado Tr\u00e1fico, esta central de datos permitir\u00e1<\/p>\n","protected":false},"author":1,"featured_media":77669,"comment_status":"open","ping_status":"closed","sticky":false,"template":"","format":"standard","meta":{"footnotes":""},"categories":[224],"tags":[],"class_list":{"0":"post-77668","1":"post","2":"type-post","3":"status-publish","4":"format-standard","5":"has-post-thumbnail","7":"category-noticias-actualidad"},"aioseo_notices":[],"aioseo_head":"\n\t\t<!-- All in One SEO Pro 4.9.6.1 - aioseo.com -->\n\t<meta name=\"description\" content=\"La Direcci\u00f3n General de Tr\u00e1fico (DGT) crear\u00e1 una central de datos para coches de &#039;car sharing&#039;, que estar\u00e1 lista para el pr\u00f3ximo mes de septiembre, seg\u00fan ha informado el departamento que dirige Mar\u00eda Segu\u00ed durante la cuarta Conferencia de la Asociaci\u00f3n Espa\u00f1ola de Car Sharing (AEC). Seg\u00fan ha indicado Tr\u00e1fico, esta central de datos permitir\u00e1\" \/>\n\t<meta name=\"robots\" content=\"max-image-preview:large\" \/>\n\t<meta name=\"author\" content=\"admin\"\/>\n\t<meta name=\"google-site-verification\" content=\"UA-38556648-1\" \/>\n\t<meta name=\"keywords\" content=\"noticias y actualidad\" \/>\n\t<link rel=\"canonical\" href=\"https:\/\/eldigitaldeasturias.com\/magazine365\/la-dgt-tendra-identificados-desde-septiembre-los-coches-de-car-sharing\/\" \/>\n\t<meta name=\"generator\" content=\"All in One SEO Pro (AIOSEO) 4.9.6.1\" \/>\n\t\t<meta property=\"og:locale\" content=\"es_ES\" \/>\n\t\t<meta property=\"og:site_name\" content=\"El Digital de Asturias \u2013 Revista de ocio, turismo y estilo de vida\" \/>\n\t\t<meta property=\"og:type\" content=\"article\" \/>\n\t\t<meta property=\"og:title\" content=\"La DGT tendr\u00e1 identificados desde septiembre los coches de \u2018car sharing\u2019 | El Digital de Asturias\" \/>\n\t\t<meta property=\"og:description\" content=\"La Direcci\u00f3n General de Tr\u00e1fico (DGT) crear\u00e1 una central de datos para coches de &#039;car sharing&#039;, que estar\u00e1 lista para el pr\u00f3ximo mes de septiembre, seg\u00fan ha informado el departamento que dirige Mar\u00eda Segu\u00ed durante la cuarta Conferencia de la Asociaci\u00f3n Espa\u00f1ola de Car Sharing (AEC). Seg\u00fan ha indicado Tr\u00e1fico, esta central de datos permitir\u00e1\" \/>\n\t\t<meta property=\"og:url\" content=\"https:\/\/eldigitaldeasturias.com\/magazine365\/la-dgt-tendra-identificados-desde-septiembre-los-coches-de-car-sharing\/\" \/>\n\t\t<meta property=\"og:image\" content=\"https:\/\/eldigitaldeasturias.com\/magazine365\/wp-content\/uploads\/2016\/06\/fotonoticia_20160603122259_800.jpg\" \/>\n\t\t<meta property=\"og:image:secure_url\" content=\"https:\/\/eldigitaldeasturias.com\/magazine365\/wp-content\/uploads\/2016\/06\/fotonoticia_20160603122259_800.jpg\" \/>\n\t\t<meta property=\"og:image:width\" content=\"800\" \/>\n\t\t<meta property=\"og:image:height\" content=\"450\" \/>\n\t\t<meta property=\"article:published_time\" content=\"2016-06-06T05:21:21+00:00\" \/>\n\t\t<meta property=\"article:modified_time\" content=\"2016-06-06T05:21:21+00:00\" \/>\n\t\t<meta name=\"twitter:card\" content=\"summary_large_image\" \/>\n\t\t<meta name=\"twitter:title\" content=\"La DGT tendr\u00e1 identificados desde septiembre los coches de \u2018car sharing\u2019 | El Digital de Asturias\" \/>\n\t\t<meta name=\"twitter:description\" content=\"La Direcci\u00f3n General de Tr\u00e1fico (DGT) crear\u00e1 una central de datos para coches de &#039;car sharing&#039;, que estar\u00e1 lista para el pr\u00f3ximo mes de septiembre, seg\u00fan ha informado el departamento que dirige Mar\u00eda Segu\u00ed durante la cuarta Conferencia de la Asociaci\u00f3n Espa\u00f1ola de Car Sharing (AEC). Seg\u00fan ha indicado Tr\u00e1fico, esta central de datos permitir\u00e1\" \/>\n\t\t<meta name=\"twitter:image\" content=\"https:\/\/eldigitaldeasturias.com\/magazine365\/wp-content\/uploads\/2016\/06\/fotonoticia_20160603122259_800.jpg\" \/>\n\t\t<script type=\"application\/ld+json\" class=\"aioseo-schema\">\n\t\t\t{\"@context\":\"https:\\\/\\\/schema.org\",\"@graph\":[{\"@type\":\"Article\",\"@id\":\"https:\\\/\\\/eldigitaldeasturias.com\\\/magazine365\\\/la-dgt-tendra-identificados-desde-septiembre-los-coches-de-car-sharing\\\/#article\",\"name\":\"La DGT tendr\\u00e1 identificados desde septiembre los coches de \\u2018car sharing\\u2019 | El Digital de Asturias\",\"headline\":\"La DGT tendr\\u00e1 identificados desde septiembre los coches de &#8216;car sharing&#8217;\",\"author\":{\"@id\":\"https:\\\/\\\/eldigitaldeasturias.com\\\/magazine365\\\/author\\\/admin\\\/#author\"},\"publisher\":{\"@id\":\"https:\\\/\\\/eldigitaldeasturias.com\\\/magazine365\\\/#organization\"},\"image\":{\"@type\":\"ImageObject\",\"url\":\"https:\\\/\\\/eldigitaldeasturias.com\\\/magazine365\\\/wp-content\\\/uploads\\\/2016\\\/06\\\/fotonoticia_20160603122259_800.jpg\",\"width\":800,\"height\":450},\"datePublished\":\"2016-06-06T07:21:21+02:00\",\"dateModified\":\"2016-06-06T07:21:21+02:00\",\"inLanguage\":\"es-ES\",\"mainEntityOfPage\":{\"@id\":\"https:\\\/\\\/eldigitaldeasturias.com\\\/magazine365\\\/la-dgt-tendra-identificados-desde-septiembre-los-coches-de-car-sharing\\\/#webpage\"},\"isPartOf\":{\"@id\":\"https:\\\/\\\/eldigitaldeasturias.com\\\/magazine365\\\/la-dgt-tendra-identificados-desde-septiembre-los-coches-de-car-sharing\\\/#webpage\"},\"articleSection\":\"Noticias y Actualidad\"},{\"@type\":\"BreadcrumbList\",\"@id\":\"https:\\\/\\\/eldigitaldeasturias.com\\\/magazine365\\\/la-dgt-tendra-identificados-desde-septiembre-los-coches-de-car-sharing\\\/#breadcrumblist\",\"itemListElement\":[{\"@type\":\"ListItem\",\"@id\":\"https:\\\/\\\/eldigitaldeasturias.com\\\/magazine365#listItem\",\"position\":1,\"name\":\"Home\",\"item\":\"https:\\\/\\\/eldigitaldeasturias.com\\\/magazine365\",\"nextItem\":{\"@type\":\"ListItem\",\"@id\":\"https:\\\/\\\/eldigitaldeasturias.com\\\/magazine365\\\/category\\\/noticias-actualidad\\\/#listItem\",\"name\":\"Noticias y Actualidad\"}},{\"@type\":\"ListItem\",\"@id\":\"https:\\\/\\\/eldigitaldeasturias.com\\\/magazine365\\\/category\\\/noticias-actualidad\\\/#listItem\",\"position\":2,\"name\":\"Noticias y Actualidad\",\"item\":\"https:\\\/\\\/eldigitaldeasturias.com\\\/magazine365\\\/category\\\/noticias-actualidad\\\/\",\"nextItem\":{\"@type\":\"ListItem\",\"@id\":\"https:\\\/\\\/eldigitaldeasturias.com\\\/magazine365\\\/la-dgt-tendra-identificados-desde-septiembre-los-coches-de-car-sharing\\\/#listItem\",\"name\":\"La DGT tendr\\u00e1 identificados desde septiembre los coches de &#8216;car sharing&#8217;\"},\"previousItem\":{\"@type\":\"ListItem\",\"@id\":\"https:\\\/\\\/eldigitaldeasturias.com\\\/magazine365#listItem\",\"name\":\"Home\"}},{\"@type\":\"ListItem\",\"@id\":\"https:\\\/\\\/eldigitaldeasturias.com\\\/magazine365\\\/la-dgt-tendra-identificados-desde-septiembre-los-coches-de-car-sharing\\\/#listItem\",\"position\":3,\"name\":\"La DGT tendr\\u00e1 identificados desde septiembre los coches de &#8216;car sharing&#8217;\",\"previousItem\":{\"@type\":\"ListItem\",\"@id\":\"https:\\\/\\\/eldigitaldeasturias.com\\\/magazine365\\\/category\\\/noticias-actualidad\\\/#listItem\",\"name\":\"Noticias y Actualidad\"}}]},{\"@type\":\"Organization\",\"@id\":\"https:\\\/\\\/eldigitaldeasturias.com\\\/magazine365\\\/#organization\",\"name\":\"El digital de Asturias\",\"description\":\"Revista de ocio, turismo y estilo de vida\",\"url\":\"https:\\\/\\\/eldigitaldeasturias.com\\\/magazine365\\\/\",\"logo\":{\"@type\":\"ImageObject\",\"url\":\"https:\\\/\\\/www.eldigitaldeasturias.com\\\/noticias\\\/wp-content\\\/uploads\\\/2020\\\/12\\\/EDA.jpg\",\"@id\":\"https:\\\/\\\/eldigitaldeasturias.com\\\/magazine365\\\/la-dgt-tendra-identificados-desde-septiembre-los-coches-de-car-sharing\\\/#organizationLogo\"},\"image\":{\"@id\":\"https:\\\/\\\/eldigitaldeasturias.com\\\/magazine365\\\/la-dgt-tendra-identificados-desde-septiembre-los-coches-de-car-sharing\\\/#organizationLogo\"}},{\"@type\":\"Person\",\"@id\":\"https:\\\/\\\/eldigitaldeasturias.com\\\/magazine365\\\/author\\\/admin\\\/#author\",\"url\":\"https:\\\/\\\/eldigitaldeasturias.com\\\/magazine365\\\/author\\\/admin\\\/\",\"name\":\"admin\",\"image\":{\"@type\":\"ImageObject\",\"@id\":\"https:\\\/\\\/eldigitaldeasturias.com\\\/magazine365\\\/la-dgt-tendra-identificados-desde-septiembre-los-coches-de-car-sharing\\\/#authorImage\",\"url\":\"https:\\\/\\\/eldigitaldeasturias.com\\\/magazine365\\\/wp-content\\\/litespeed\\\/avatar\\\/e571bcf59a0edd6fa6838245a470f2fe.jpg?ver=1776969259\",\"width\":96,\"height\":96,\"caption\":\"admin\"}},{\"@type\":\"WebPage\",\"@id\":\"https:\\\/\\\/eldigitaldeasturias.com\\\/magazine365\\\/la-dgt-tendra-identificados-desde-septiembre-los-coches-de-car-sharing\\\/#webpage\",\"url\":\"https:\\\/\\\/eldigitaldeasturias.com\\\/magazine365\\\/la-dgt-tendra-identificados-desde-septiembre-los-coches-de-car-sharing\\\/\",\"name\":\"La DGT tendr\\u00e1 identificados desde septiembre los coches de \\u2018car sharing\\u2019 | El Digital de Asturias\",\"description\":\"La Direcci\\u00f3n General de Tr\\u00e1fico (DGT) crear\\u00e1 una central de datos para coches de 'car sharing', que estar\\u00e1 lista para el pr\\u00f3ximo mes de septiembre, seg\\u00fan ha informado el departamento que dirige Mar\\u00eda Segu\\u00ed durante la cuarta Conferencia de la Asociaci\\u00f3n Espa\\u00f1ola de Car Sharing (AEC). Seg\\u00fan ha indicado Tr\\u00e1fico, esta central de datos permitir\\u00e1\",\"inLanguage\":\"es-ES\",\"isPartOf\":{\"@id\":\"https:\\\/\\\/eldigitaldeasturias.com\\\/magazine365\\\/#website\"},\"breadcrumb\":{\"@id\":\"https:\\\/\\\/eldigitaldeasturias.com\\\/magazine365\\\/la-dgt-tendra-identificados-desde-septiembre-los-coches-de-car-sharing\\\/#breadcrumblist\"},\"author\":{\"@id\":\"https:\\\/\\\/eldigitaldeasturias.com\\\/magazine365\\\/author\\\/admin\\\/#author\"},\"creator\":{\"@id\":\"https:\\\/\\\/eldigitaldeasturias.com\\\/magazine365\\\/author\\\/admin\\\/#author\"},\"image\":{\"@type\":\"ImageObject\",\"url\":\"https:\\\/\\\/eldigitaldeasturias.com\\\/magazine365\\\/wp-content\\\/uploads\\\/2016\\\/06\\\/fotonoticia_20160603122259_800.jpg\",\"@id\":\"https:\\\/\\\/eldigitaldeasturias.com\\\/magazine365\\\/la-dgt-tendra-identificados-desde-septiembre-los-coches-de-car-sharing\\\/#mainImage\",\"width\":800,\"height\":450},\"primaryImageOfPage\":{\"@id\":\"https:\\\/\\\/eldigitaldeasturias.com\\\/magazine365\\\/la-dgt-tendra-identificados-desde-septiembre-los-coches-de-car-sharing\\\/#mainImage\"},\"datePublished\":\"2016-06-06T07:21:21+02:00\",\"dateModified\":\"2016-06-06T07:21:21+02:00\"},{\"@type\":\"WebSite\",\"@id\":\"https:\\\/\\\/eldigitaldeasturias.com\\\/magazine365\\\/#website\",\"url\":\"https:\\\/\\\/eldigitaldeasturias.com\\\/magazine365\\\/\",\"name\":\"El Digital de Asturias\",\"description\":\"Revista de ocio, turismo y estilo de vida\",\"inLanguage\":\"es-ES\",\"publisher\":{\"@id\":\"https:\\\/\\\/eldigitaldeasturias.com\\\/magazine365\\\/#organization\"}}]}\n\t\t<\/script>\n\t\t<!-- All in One SEO Pro -->\r\n\t\t<title>La DGT tendr\u00e1 identificados desde septiembre los coches de \u2018car sharing\u2019 | El Digital de Asturias<\/title>\n\n","aioseo_head_json":{"title":"La DGT tendr\u00e1 identificados desde septiembre los coches de \u2018car sharing\u2019 | El Digital de Asturias","description":"La Direcci\u00f3n General de Tr\u00e1fico (DGT) crear\u00e1 una central de datos para coches de 'car sharing', que estar\u00e1 lista para el pr\u00f3ximo mes de septiembre, seg\u00fan ha informado el departamento que dirige Mar\u00eda Segu\u00ed durante la cuarta Conferencia de la Asociaci\u00f3n Espa\u00f1ola de Car Sharing (AEC). Seg\u00fan ha indicado Tr\u00e1fico, esta central de datos permitir\u00e1","canonical_url":"https:\/\/eldigitaldeasturias.com\/magazine365\/la-dgt-tendra-identificados-desde-septiembre-los-coches-de-car-sharing\/","robots":"max-image-preview:large","keywords":"noticias y actualidad","webmasterTools":{"google-site-verification":"UA-38556648-1","miscellaneous":""},"schema":{"@context":"https:\/\/schema.org","@graph":[{"@type":"Article","@id":"https:\/\/eldigitaldeasturias.com\/magazine365\/la-dgt-tendra-identificados-desde-septiembre-los-coches-de-car-sharing\/#article","name":"La DGT tendr\u00e1 identificados desde septiembre los coches de \u2018car sharing\u2019 | El Digital de Asturias","headline":"La DGT tendr\u00e1 identificados desde septiembre los coches de &#8216;car sharing&#8217;","author":{"@id":"https:\/\/eldigitaldeasturias.com\/magazine365\/author\/admin\/#author"},"publisher":{"@id":"https:\/\/eldigitaldeasturias.com\/magazine365\/#organization"},"image":{"@type":"ImageObject","url":"https:\/\/eldigitaldeasturias.com\/magazine365\/wp-content\/uploads\/2016\/06\/fotonoticia_20160603122259_800.jpg","width":800,"height":450},"datePublished":"2016-06-06T07:21:21+02:00","dateModified":"2016-06-06T07:21:21+02:00","inLanguage":"es-ES","mainEntityOfPage":{"@id":"https:\/\/eldigitaldeasturias.com\/magazine365\/la-dgt-tendra-identificados-desde-septiembre-los-coches-de-car-sharing\/#webpage"},"isPartOf":{"@id":"https:\/\/eldigitaldeasturias.com\/magazine365\/la-dgt-tendra-identificados-desde-septiembre-los-coches-de-car-sharing\/#webpage"},"articleSection":"Noticias y Actualidad"},{"@type":"BreadcrumbList","@id":"https:\/\/eldigitaldeasturias.com\/magazine365\/la-dgt-tendra-identificados-desde-septiembre-los-coches-de-car-sharing\/#breadcrumblist","itemListElement":[{"@type":"ListItem","@id":"https:\/\/eldigitaldeasturias.com\/magazine365#listItem","position":1,"name":"Home","item":"https:\/\/eldigitaldeasturias.com\/magazine365","nextItem":{"@type":"ListItem","@id":"https:\/\/eldigitaldeasturias.com\/magazine365\/category\/noticias-actualidad\/#listItem","name":"Noticias y Actualidad"}},{"@type":"ListItem","@id":"https:\/\/eldigitaldeasturias.com\/magazine365\/category\/noticias-actualidad\/#listItem","position":2,"name":"Noticias y Actualidad","item":"https:\/\/eldigitaldeasturias.com\/magazine365\/category\/noticias-actualidad\/","nextItem":{"@type":"ListItem","@id":"https:\/\/eldigitaldeasturias.com\/magazine365\/la-dgt-tendra-identificados-desde-septiembre-los-coches-de-car-sharing\/#listItem","name":"La DGT tendr\u00e1 identificados desde septiembre los coches de &#8216;car sharing&#8217;"},"previousItem":{"@type":"ListItem","@id":"https:\/\/eldigitaldeasturias.com\/magazine365#listItem","name":"Home"}},{"@type":"ListItem","@id":"https:\/\/eldigitaldeasturias.com\/magazine365\/la-dgt-tendra-identificados-desde-septiembre-los-coches-de-car-sharing\/#listItem","position":3,"name":"La DGT tendr\u00e1 identificados desde septiembre los coches de &#8216;car sharing&#8217;","previousItem":{"@type":"ListItem","@id":"https:\/\/eldigitaldeasturias.com\/magazine365\/category\/noticias-actualidad\/#listItem","name":"Noticias y Actualidad"}}]},{"@type":"Organization","@id":"https:\/\/eldigitaldeasturias.com\/magazine365\/#organization","name":"El digital de Asturias","description":"Revista de ocio, turismo y estilo de vida","url":"https:\/\/eldigitaldeasturias.com\/magazine365\/","logo":{"@type":"ImageObject","url":"https:\/\/www.eldigitaldeasturias.com\/noticias\/wp-content\/uploads\/2020\/12\/EDA.jpg","@id":"https:\/\/eldigitaldeasturias.com\/magazine365\/la-dgt-tendra-identificados-desde-septiembre-los-coches-de-car-sharing\/#organizationLogo"},"image":{"@id":"https:\/\/eldigitaldeasturias.com\/magazine365\/la-dgt-tendra-identificados-desde-septiembre-los-coches-de-car-sharing\/#organizationLogo"}},{"@type":"Person","@id":"https:\/\/eldigitaldeasturias.com\/magazine365\/author\/admin\/#author","url":"https:\/\/eldigitaldeasturias.com\/magazine365\/author\/admin\/","name":"admin","image":{"@type":"ImageObject","@id":"https:\/\/eldigitaldeasturias.com\/magazine365\/la-dgt-tendra-identificados-desde-septiembre-los-coches-de-car-sharing\/#authorImage","url":"https:\/\/eldigitaldeasturias.com\/magazine365\/wp-content\/litespeed\/avatar\/e571bcf59a0edd6fa6838245a470f2fe.jpg?ver=1776969259","width":96,"height":96,"caption":"admin"}},{"@type":"WebPage","@id":"https:\/\/eldigitaldeasturias.com\/magazine365\/la-dgt-tendra-identificados-desde-septiembre-los-coches-de-car-sharing\/#webpage","url":"https:\/\/eldigitaldeasturias.com\/magazine365\/la-dgt-tendra-identificados-desde-septiembre-los-coches-de-car-sharing\/","name":"La DGT tendr\u00e1 identificados desde septiembre los coches de \u2018car sharing\u2019 | El Digital de Asturias","description":"La Direcci\u00f3n General de Tr\u00e1fico (DGT) crear\u00e1 una central de datos para coches de 'car sharing', que estar\u00e1 lista para el pr\u00f3ximo mes de septiembre, seg\u00fan ha informado el departamento que dirige Mar\u00eda Segu\u00ed durante la cuarta Conferencia de la Asociaci\u00f3n Espa\u00f1ola de Car Sharing (AEC). Seg\u00fan ha indicado Tr\u00e1fico, esta central de datos permitir\u00e1","inLanguage":"es-ES","isPartOf":{"@id":"https:\/\/eldigitaldeasturias.com\/magazine365\/#website"},"breadcrumb":{"@id":"https:\/\/eldigitaldeasturias.com\/magazine365\/la-dgt-tendra-identificados-desde-septiembre-los-coches-de-car-sharing\/#breadcrumblist"},"author":{"@id":"https:\/\/eldigitaldeasturias.com\/magazine365\/author\/admin\/#author"},"creator":{"@id":"https:\/\/eldigitaldeasturias.com\/magazine365\/author\/admin\/#author"},"image":{"@type":"ImageObject","url":"https:\/\/eldigitaldeasturias.com\/magazine365\/wp-content\/uploads\/2016\/06\/fotonoticia_20160603122259_800.jpg","@id":"https:\/\/eldigitaldeasturias.com\/magazine365\/la-dgt-tendra-identificados-desde-septiembre-los-coches-de-car-sharing\/#mainImage","width":800,"height":450},"primaryImageOfPage":{"@id":"https:\/\/eldigitaldeasturias.com\/magazine365\/la-dgt-tendra-identificados-desde-septiembre-los-coches-de-car-sharing\/#mainImage"},"datePublished":"2016-06-06T07:21:21+02:00","dateModified":"2016-06-06T07:21:21+02:00"},{"@type":"WebSite","@id":"https:\/\/eldigitaldeasturias.com\/magazine365\/#website","url":"https:\/\/eldigitaldeasturias.com\/magazine365\/","name":"El Digital de Asturias","description":"Revista de ocio, turismo y estilo de vida","inLanguage":"es-ES","publisher":{"@id":"https:\/\/eldigitaldeasturias.com\/magazine365\/#organization"}}]},"og:locale":"es_ES","og:site_name":"El Digital de Asturias \u2013 Revista de ocio, turismo y estilo de vida","og:type":"article","og:title":"La DGT tendr\u00e1 identificados desde septiembre los coches de \u2018car sharing\u2019 | El Digital de Asturias","og:description":"La Direcci\u00f3n General de Tr\u00e1fico (DGT) crear\u00e1 una central de datos para coches de 'car sharing', que estar\u00e1 lista para el pr\u00f3ximo mes de septiembre, seg\u00fan ha informado el departamento que dirige Mar\u00eda Segu\u00ed durante la cuarta Conferencia de la Asociaci\u00f3n Espa\u00f1ola de Car Sharing (AEC). Seg\u00fan ha indicado Tr\u00e1fico, esta central de datos permitir\u00e1","og:url":"https:\/\/eldigitaldeasturias.com\/magazine365\/la-dgt-tendra-identificados-desde-septiembre-los-coches-de-car-sharing\/","og:image":"https:\/\/eldigitaldeasturias.com\/magazine365\/wp-content\/uploads\/2016\/06\/fotonoticia_20160603122259_800.jpg","og:image:secure_url":"https:\/\/eldigitaldeasturias.com\/magazine365\/wp-content\/uploads\/2016\/06\/fotonoticia_20160603122259_800.jpg","og:image:width":800,"og:image:height":450,"article:published_time":"2016-06-06T05:21:21+00:00","article:modified_time":"2016-06-06T05:21:21+00:00","twitter:card":"summary_large_image","twitter:title":"La DGT tendr\u00e1 identificados desde septiembre los coches de \u2018car sharing\u2019 | El Digital de Asturias","twitter:description":"La Direcci\u00f3n General de Tr\u00e1fico (DGT) crear\u00e1 una central de datos para coches de 'car sharing', que estar\u00e1 lista para el pr\u00f3ximo mes de septiembre, seg\u00fan ha informado el departamento que dirige Mar\u00eda Segu\u00ed durante la cuarta Conferencia de la Asociaci\u00f3n Espa\u00f1ola de Car Sharing (AEC). Seg\u00fan ha indicado Tr\u00e1fico, esta central de datos permitir\u00e1","twitter:image":"https:\/\/eldigitaldeasturias.com\/magazine365\/wp-content\/uploads\/2016\/06\/fotonoticia_20160603122259_800.jpg"},"aioseo_meta_data":{"post_id":"77668","title":null,"description":null,"keywords":null,"keyphrases":null,"primary_term":null,"canonical_url":null,"og_title":null,"og_description":null,"og_object_type":"default","og_image_type":"default","og_image_url":null,"og_image_width":null,"og_image_height":null,"og_image_custom_url":null,"og_image_custom_fields":null,"og_video":null,"og_custom_url":null,"og_article_section":null,"og_article_tags":null,"twitter_use_og":false,"twitter_card":"default","twitter_image_type":"default","twitter_image_url":null,"twitter_image_custom_url":null,"twitter_image_custom_fields":null,"twitter_title":null,"twitter_description":null,"schema":{"blockGraphs":[],"customGraphs":[],"default":{"data":{"Article":[],"Course":[],"Dataset":[],"FAQPage":[],"Movie":[],"Person":[],"Product":[],"ProductReview":[],"Car":[],"Recipe":[],"Service":[],"SoftwareApplication":[],"WebPage":[]},"graphName":"","isEnabled":true},"graphs":[],"defaultGraph":"","defaultPostTypeGraph":""},"schema_type":null,"schema_type_options":null,"pillar_content":false,"robots_default":true,"robots_noindex":false,"robots_noarchive":false,"robots_nosnippet":false,"robots_nofollow":false,"robots_noimageindex":false,"robots_noodp":false,"robots_notranslate":false,"robots_max_snippet":null,"robots_max_videopreview":null,"robots_max_imagepreview":"large","priority":null,"frequency":null,"location":null,"local_seo":null,"seo_analyzer_scan_date":"2025-09-27 15:23:04","breadcrumb_settings":null,"limit_modified_date":false,"open_ai":null,"ai":null,"created":"2021-03-08 18:11:06","updated":"2025-09-27 15:23:04"},"aioseo_breadcrumb":"<div class=\"aioseo-breadcrumbs\"><span class=\"aioseo-breadcrumb\">\n\t<a href=\"https:\/\/eldigitaldeasturias.com\/magazine365\" title=\"Home\">Home<\/a>\n<\/span><span class=\"aioseo-breadcrumb-separator\">\u2013<\/span><span class=\"aioseo-breadcrumb\">\n\t<a href=\"https:\/\/eldigitaldeasturias.com\/magazine365\/category\/noticias-actualidad\/\" title=\"Noticias y Actualidad\">Noticias y Actualidad<\/a>\n<\/span><span class=\"aioseo-breadcrumb-separator\">\u2013<\/span><span class=\"aioseo-breadcrumb\">\n\t<a href=\"https:\/\/eldigitaldeasturias.com\/magazine365\/la-dgt-tendra-identificados-desde-septiembre-los-coches-de-car-sharing\/\" title=\"La DGT tendr\u00e1 identificados desde septiembre los coches de \u2018car sharing\u2019\">La DGT tendr\u00e1 identificados desde septiembre los coches de \u2018car sharing\u2019<\/a>\n<\/span><\/div>","aioseo_breadcrumb_json":[{"label":"Home","link":"https:\/\/eldigitaldeasturias.com\/magazine365"},{"label":"Noticias y Actualidad","link":"https:\/\/eldigitaldeasturias.com\/magazine365\/category\/noticias-actualidad\/"},{"label":"La DGT tendr\u00e1 identificados desde septiembre los coches de &#8216;car sharing&#8217;","link":"https:\/\/eldigitaldeasturias.com\/magazine365\/la-dgt-tendra-identificados-desde-septiembre-los-coches-de-car-sharing\/"}],"_links":{"self":[{"href":"https:\/\/eldigitaldeasturias.com\/magazine365\/wp-json\/wp\/v2\/posts\/77668","targetHints":{"allow":["GET"]}}],"collection":[{"href":"https:\/\/eldigitaldeasturias.com\/magazine365\/wp-json\/wp\/v2\/posts"}],"about":[{"href":"https:\/\/eldigitaldeasturias.com\/magazine365\/wp-json\/wp\/v2\/types\/post"}],"author":[{"embeddable":true,"href":"https:\/\/eldigitaldeasturias.com\/magazine365\/wp-json\/wp\/v2\/users\/1"}],"replies":[{"embeddable":true,"href":"https:\/\/eldigitaldeasturias.com\/magazine365\/wp-json\/wp\/v2\/comments?post=77668"}],"version-history":[{"count":0,"href":"https:\/\/eldigitaldeasturias.com\/magazine365\/wp-json\/wp\/v2\/posts\/77668\/revisions"}],"wp:featuredmedia":[{"embeddable":true,"href":"https:\/\/eldigitaldeasturias.com\/magazine365\/wp-json\/wp\/v2\/media\/77669"}],"wp:attachment":[{"href":"https:\/\/eldigitaldeasturias.com\/magazine365\/wp-json\/wp\/v2\/media?parent=77668"}],"wp:term":[{"taxonomy":"category","embeddable":true,"href":"https:\/\/eldigitaldeasturias.com\/magazine365\/wp-json\/wp\/v2\/categories?post=77668"},{"taxonomy":"post_tag","embeddable":true,"href":"https:\/\/eldigitaldeasturias.com\/magazine365\/wp-json\/wp\/v2\/tags?post=77668"}],"curies":[{"name":"wp","href":"https:\/\/api.w.org\/{rel}","templated":true}]}}