{"id":77662,"date":"2016-06-06T07:16:18","date_gmt":"2016-06-06T05:16:18","guid":{"rendered":"http:\/\/eldigitaldeasturias.com\/magazine365\/?p=77662"},"modified":"2016-06-06T07:16:18","modified_gmt":"2016-06-06T05:16:18","slug":"tous-abrira-13-viviendas-de-uso-turistico-en-la-avenida-diagonal","status":"publish","type":"post","link":"https:\/\/eldigitaldeasturias.com\/magazine365\/tous-abrira-13-viviendas-de-uso-turistico-en-la-avenida-diagonal\/","title":{"rendered":"Tous abrir\u00e1 13 viviendas de uso tur\u00edstico en la avenida Diagonal"},"content":{"rendered":"<p><img fetchpriority=\"high\" decoding=\"async\" class=\"alignleft size-medium wp-image-77663\" src=\"https:\/\/eldigitaldeasturias.com\/magazine365\/wp-content\/uploads\/2016\/06\/fotonoticia_20160603120832_800-360x240.jpg\" alt=\"fotonoticia_20160603120832_800\" width=\"360\" height=\"240\" srcset=\"https:\/\/eldigitaldeasturias.com\/magazine365\/wp-content\/uploads\/2016\/06\/fotonoticia_20160603120832_800-360x240.jpg 360w, https:\/\/eldigitaldeasturias.com\/magazine365\/wp-content\/uploads\/2016\/06\/fotonoticia_20160603120832_800-650x434.jpg 650w, https:\/\/eldigitaldeasturias.com\/magazine365\/wp-content\/uploads\/2016\/06\/fotonoticia_20160603120832_800-768x513.jpg 768w, https:\/\/eldigitaldeasturias.com\/magazine365\/wp-content\/uploads\/2016\/06\/fotonoticia_20160603120832_800-150x100.jpg 150w, https:\/\/eldigitaldeasturias.com\/magazine365\/wp-content\/uploads\/2016\/06\/fotonoticia_20160603120832_800-450x300.jpg 450w, https:\/\/eldigitaldeasturias.com\/magazine365\/wp-content\/uploads\/2016\/06\/fotonoticia_20160603120832_800-101x66.jpg 101w, https:\/\/eldigitaldeasturias.com\/magazine365\/wp-content\/uploads\/2016\/06\/fotonoticia_20160603120832_800.jpg 800w\" sizes=\"(max-width: 360px) 100vw, 360px\" \/>La familia joyera Tous abrir\u00e1 13 viviendas de uso tur\u00edstico en la avenida Diagonal de Barcelona, en el edificio del n\u00famero 478, donde la marca cuenta con una tienda que ocupa la planta baja, ha informado la compa\u00f1\u00eda a Europa Press.<\/p>\n<p>Los Tous compraron este edificio de 11.000 metros cuadrados en 2012 por un importe de 10 millones de euros, y en 2013 abri\u00f3 una de sus tiendas insignia, seg\u00fan publica este viernes &#8216;Expansi\u00f3n&#8217;.<\/p>\n<p>La compa\u00f1\u00eda ha explicado que el edificio, que hace esquina con V\u00eda Augusta, se est\u00e1 reformando para habilitar 13 viviendas de uso tur\u00edstico y que se prev\u00e9 poder iniciar su comercializaci\u00f3n a trav\u00e9s del operador Aspasios Boutique Apartments a partir del 31 de julio de 2017.<\/p>\n<p>La fecha de finalizaci\u00f3n de las obras est\u00e1 prevista para el 31 de mayo de 2017, y a partir de entonces se realizar\u00e1n las adecuaciones pertinentes de mobiliario y de acondicionamiento.<\/p>\n<p>Fundada en 1920 y con sede en Manresa (Barcelona), Tous gener\u00f3 unas ventas de 368 millones en 2015, un 18,3% m\u00e1s que el a\u00f1o anterior, y actualmente est\u00e1 presente en los cinco continentes con m\u00e1s de 500 tiendas en cerca de 50 pa\u00edses.<\/p>\n","protected":false},"excerpt":{"rendered":"<p>La familia joyera Tous abrir\u00e1 13 viviendas de uso tur\u00edstico en la avenida Diagonal de Barcelona, en el edificio del n\u00famero 478, donde la marca cuenta con una tienda que ocupa la planta baja, ha informado la compa\u00f1\u00eda a Europa Press. Los Tous compraron este edificio de 11.000 metros cuadrados en 2012 por un importe<\/p>\n","protected":false},"author":1,"featured_media":77663,"comment_status":"open","ping_status":"closed","sticky":false,"template":"","format":"standard","meta":{"footnotes":""},"categories":[224],"tags":[],"class_list":{"0":"post-77662","1":"post","2":"type-post","3":"status-publish","4":"format-standard","5":"has-post-thumbnail","7":"category-noticias-actualidad"},"aioseo_notices":[],"aioseo_head":"\n\t\t<!-- All in One SEO Pro 4.9.6.1 - aioseo.com -->\n\t<meta name=\"description\" content=\"La familia joyera Tous abrir\u00e1 13 viviendas de uso tur\u00edstico en la avenida Diagonal de Barcelona, en el edificio del n\u00famero 478, donde la marca cuenta con una tienda que ocupa la planta baja, ha informado la compa\u00f1\u00eda a Europa Press. Los Tous compraron este edificio de 11.000 metros cuadrados en 2012 por un importe\" \/>\n\t<meta name=\"robots\" content=\"max-image-preview:large\" \/>\n\t<meta name=\"author\" content=\"admin\"\/>\n\t<meta name=\"google-site-verification\" content=\"UA-38556648-1\" \/>\n\t<meta name=\"keywords\" content=\"noticias y actualidad\" \/>\n\t<link rel=\"canonical\" href=\"https:\/\/eldigitaldeasturias.com\/magazine365\/tous-abrira-13-viviendas-de-uso-turistico-en-la-avenida-diagonal\/\" \/>\n\t<meta name=\"generator\" content=\"All in One SEO Pro (AIOSEO) 4.9.6.1\" \/>\n\t\t<meta property=\"og:locale\" content=\"es_ES\" \/>\n\t\t<meta property=\"og:site_name\" content=\"El Digital de Asturias \u2013 Revista de ocio, turismo y estilo de vida\" \/>\n\t\t<meta property=\"og:type\" content=\"article\" \/>\n\t\t<meta property=\"og:title\" content=\"Tous abrir\u00e1 13 viviendas de uso tur\u00edstico en la avenida Diagonal | El Digital de Asturias\" \/>\n\t\t<meta property=\"og:description\" content=\"La familia joyera Tous abrir\u00e1 13 viviendas de uso tur\u00edstico en la avenida Diagonal de Barcelona, en el edificio del n\u00famero 478, donde la marca cuenta con una tienda que ocupa la planta baja, ha informado la compa\u00f1\u00eda a Europa Press. Los Tous compraron este edificio de 11.000 metros cuadrados en 2012 por un importe\" \/>\n\t\t<meta property=\"og:url\" content=\"https:\/\/eldigitaldeasturias.com\/magazine365\/tous-abrira-13-viviendas-de-uso-turistico-en-la-avenida-diagonal\/\" \/>\n\t\t<meta property=\"og:image\" content=\"https:\/\/eldigitaldeasturias.com\/magazine365\/wp-content\/uploads\/2016\/06\/fotonoticia_20160603120832_800.jpg\" \/>\n\t\t<meta property=\"og:image:secure_url\" content=\"https:\/\/eldigitaldeasturias.com\/magazine365\/wp-content\/uploads\/2016\/06\/fotonoticia_20160603120832_800.jpg\" \/>\n\t\t<meta property=\"og:image:width\" content=\"800\" \/>\n\t\t<meta property=\"og:image:height\" content=\"534\" \/>\n\t\t<meta property=\"article:published_time\" content=\"2016-06-06T05:16:18+00:00\" \/>\n\t\t<meta property=\"article:modified_time\" content=\"2016-06-06T05:16:18+00:00\" \/>\n\t\t<meta name=\"twitter:card\" content=\"summary_large_image\" \/>\n\t\t<meta name=\"twitter:title\" content=\"Tous abrir\u00e1 13 viviendas de uso tur\u00edstico en la avenida Diagonal | El Digital de Asturias\" \/>\n\t\t<meta name=\"twitter:description\" content=\"La familia joyera Tous abrir\u00e1 13 viviendas de uso tur\u00edstico en la avenida Diagonal de Barcelona, en el edificio del n\u00famero 478, donde la marca cuenta con una tienda que ocupa la planta baja, ha informado la compa\u00f1\u00eda a Europa Press. Los Tous compraron este edificio de 11.000 metros cuadrados en 2012 por un importe\" \/>\n\t\t<meta name=\"twitter:image\" content=\"https:\/\/eldigitaldeasturias.com\/magazine365\/wp-content\/uploads\/2016\/06\/fotonoticia_20160603120832_800.jpg\" \/>\n\t\t<script type=\"application\/ld+json\" class=\"aioseo-schema\">\n\t\t\t{\"@context\":\"https:\\\/\\\/schema.org\",\"@graph\":[{\"@type\":\"Article\",\"@id\":\"https:\\\/\\\/eldigitaldeasturias.com\\\/magazine365\\\/tous-abrira-13-viviendas-de-uso-turistico-en-la-avenida-diagonal\\\/#article\",\"name\":\"Tous abrir\\u00e1 13 viviendas de uso tur\\u00edstico en la avenida Diagonal | El Digital de Asturias\",\"headline\":\"Tous abrir\\u00e1 13 viviendas de uso tur\\u00edstico en la avenida Diagonal\",\"author\":{\"@id\":\"https:\\\/\\\/eldigitaldeasturias.com\\\/magazine365\\\/author\\\/admin\\\/#author\"},\"publisher\":{\"@id\":\"https:\\\/\\\/eldigitaldeasturias.com\\\/magazine365\\\/#organization\"},\"image\":{\"@type\":\"ImageObject\",\"url\":\"https:\\\/\\\/eldigitaldeasturias.com\\\/magazine365\\\/wp-content\\\/uploads\\\/2016\\\/06\\\/fotonoticia_20160603120832_800.jpg\",\"width\":800,\"height\":534},\"datePublished\":\"2016-06-06T07:16:18+02:00\",\"dateModified\":\"2016-06-06T07:16:18+02:00\",\"inLanguage\":\"es-ES\",\"mainEntityOfPage\":{\"@id\":\"https:\\\/\\\/eldigitaldeasturias.com\\\/magazine365\\\/tous-abrira-13-viviendas-de-uso-turistico-en-la-avenida-diagonal\\\/#webpage\"},\"isPartOf\":{\"@id\":\"https:\\\/\\\/eldigitaldeasturias.com\\\/magazine365\\\/tous-abrira-13-viviendas-de-uso-turistico-en-la-avenida-diagonal\\\/#webpage\"},\"articleSection\":\"Noticias y Actualidad\"},{\"@type\":\"BreadcrumbList\",\"@id\":\"https:\\\/\\\/eldigitaldeasturias.com\\\/magazine365\\\/tous-abrira-13-viviendas-de-uso-turistico-en-la-avenida-diagonal\\\/#breadcrumblist\",\"itemListElement\":[{\"@type\":\"ListItem\",\"@id\":\"https:\\\/\\\/eldigitaldeasturias.com\\\/magazine365#listItem\",\"position\":1,\"name\":\"Home\",\"item\":\"https:\\\/\\\/eldigitaldeasturias.com\\\/magazine365\",\"nextItem\":{\"@type\":\"ListItem\",\"@id\":\"https:\\\/\\\/eldigitaldeasturias.com\\\/magazine365\\\/category\\\/noticias-actualidad\\\/#listItem\",\"name\":\"Noticias y Actualidad\"}},{\"@type\":\"ListItem\",\"@id\":\"https:\\\/\\\/eldigitaldeasturias.com\\\/magazine365\\\/category\\\/noticias-actualidad\\\/#listItem\",\"position\":2,\"name\":\"Noticias y Actualidad\",\"item\":\"https:\\\/\\\/eldigitaldeasturias.com\\\/magazine365\\\/category\\\/noticias-actualidad\\\/\",\"nextItem\":{\"@type\":\"ListItem\",\"@id\":\"https:\\\/\\\/eldigitaldeasturias.com\\\/magazine365\\\/tous-abrira-13-viviendas-de-uso-turistico-en-la-avenida-diagonal\\\/#listItem\",\"name\":\"Tous abrir\\u00e1 13 viviendas de uso tur\\u00edstico en la avenida Diagonal\"},\"previousItem\":{\"@type\":\"ListItem\",\"@id\":\"https:\\\/\\\/eldigitaldeasturias.com\\\/magazine365#listItem\",\"name\":\"Home\"}},{\"@type\":\"ListItem\",\"@id\":\"https:\\\/\\\/eldigitaldeasturias.com\\\/magazine365\\\/tous-abrira-13-viviendas-de-uso-turistico-en-la-avenida-diagonal\\\/#listItem\",\"position\":3,\"name\":\"Tous abrir\\u00e1 13 viviendas de uso tur\\u00edstico en la avenida Diagonal\",\"previousItem\":{\"@type\":\"ListItem\",\"@id\":\"https:\\\/\\\/eldigitaldeasturias.com\\\/magazine365\\\/category\\\/noticias-actualidad\\\/#listItem\",\"name\":\"Noticias y Actualidad\"}}]},{\"@type\":\"Organization\",\"@id\":\"https:\\\/\\\/eldigitaldeasturias.com\\\/magazine365\\\/#organization\",\"name\":\"El digital de Asturias\",\"description\":\"Revista de ocio, turismo y estilo de vida\",\"url\":\"https:\\\/\\\/eldigitaldeasturias.com\\\/magazine365\\\/\",\"logo\":{\"@type\":\"ImageObject\",\"url\":\"https:\\\/\\\/www.eldigitaldeasturias.com\\\/noticias\\\/wp-content\\\/uploads\\\/2020\\\/12\\\/EDA.jpg\",\"@id\":\"https:\\\/\\\/eldigitaldeasturias.com\\\/magazine365\\\/tous-abrira-13-viviendas-de-uso-turistico-en-la-avenida-diagonal\\\/#organizationLogo\"},\"image\":{\"@id\":\"https:\\\/\\\/eldigitaldeasturias.com\\\/magazine365\\\/tous-abrira-13-viviendas-de-uso-turistico-en-la-avenida-diagonal\\\/#organizationLogo\"}},{\"@type\":\"Person\",\"@id\":\"https:\\\/\\\/eldigitaldeasturias.com\\\/magazine365\\\/author\\\/admin\\\/#author\",\"url\":\"https:\\\/\\\/eldigitaldeasturias.com\\\/magazine365\\\/author\\\/admin\\\/\",\"name\":\"admin\",\"image\":{\"@type\":\"ImageObject\",\"@id\":\"https:\\\/\\\/eldigitaldeasturias.com\\\/magazine365\\\/tous-abrira-13-viviendas-de-uso-turistico-en-la-avenida-diagonal\\\/#authorImage\",\"url\":\"https:\\\/\\\/eldigitaldeasturias.com\\\/magazine365\\\/wp-content\\\/litespeed\\\/avatar\\\/e571bcf59a0edd6fa6838245a470f2fe.jpg?ver=1776969259\",\"width\":96,\"height\":96,\"caption\":\"admin\"}},{\"@type\":\"WebPage\",\"@id\":\"https:\\\/\\\/eldigitaldeasturias.com\\\/magazine365\\\/tous-abrira-13-viviendas-de-uso-turistico-en-la-avenida-diagonal\\\/#webpage\",\"url\":\"https:\\\/\\\/eldigitaldeasturias.com\\\/magazine365\\\/tous-abrira-13-viviendas-de-uso-turistico-en-la-avenida-diagonal\\\/\",\"name\":\"Tous abrir\\u00e1 13 viviendas de uso tur\\u00edstico en la avenida Diagonal | El Digital de Asturias\",\"description\":\"La familia joyera Tous abrir\\u00e1 13 viviendas de uso tur\\u00edstico en la avenida Diagonal de Barcelona, en el edificio del n\\u00famero 478, donde la marca cuenta con una tienda que ocupa la planta baja, ha informado la compa\\u00f1\\u00eda a Europa Press. Los Tous compraron este edificio de 11.000 metros cuadrados en 2012 por un importe\",\"inLanguage\":\"es-ES\",\"isPartOf\":{\"@id\":\"https:\\\/\\\/eldigitaldeasturias.com\\\/magazine365\\\/#website\"},\"breadcrumb\":{\"@id\":\"https:\\\/\\\/eldigitaldeasturias.com\\\/magazine365\\\/tous-abrira-13-viviendas-de-uso-turistico-en-la-avenida-diagonal\\\/#breadcrumblist\"},\"author\":{\"@id\":\"https:\\\/\\\/eldigitaldeasturias.com\\\/magazine365\\\/author\\\/admin\\\/#author\"},\"creator\":{\"@id\":\"https:\\\/\\\/eldigitaldeasturias.com\\\/magazine365\\\/author\\\/admin\\\/#author\"},\"image\":{\"@type\":\"ImageObject\",\"url\":\"https:\\\/\\\/eldigitaldeasturias.com\\\/magazine365\\\/wp-content\\\/uploads\\\/2016\\\/06\\\/fotonoticia_20160603120832_800.jpg\",\"@id\":\"https:\\\/\\\/eldigitaldeasturias.com\\\/magazine365\\\/tous-abrira-13-viviendas-de-uso-turistico-en-la-avenida-diagonal\\\/#mainImage\",\"width\":800,\"height\":534},\"primaryImageOfPage\":{\"@id\":\"https:\\\/\\\/eldigitaldeasturias.com\\\/magazine365\\\/tous-abrira-13-viviendas-de-uso-turistico-en-la-avenida-diagonal\\\/#mainImage\"},\"datePublished\":\"2016-06-06T07:16:18+02:00\",\"dateModified\":\"2016-06-06T07:16:18+02:00\"},{\"@type\":\"WebSite\",\"@id\":\"https:\\\/\\\/eldigitaldeasturias.com\\\/magazine365\\\/#website\",\"url\":\"https:\\\/\\\/eldigitaldeasturias.com\\\/magazine365\\\/\",\"name\":\"El Digital de Asturias\",\"description\":\"Revista de ocio, turismo y estilo de vida\",\"inLanguage\":\"es-ES\",\"publisher\":{\"@id\":\"https:\\\/\\\/eldigitaldeasturias.com\\\/magazine365\\\/#organization\"}}]}\n\t\t<\/script>\n\t\t<!-- All in One SEO Pro -->\r\n\t\t<title>Tous abrir\u00e1 13 viviendas de uso tur\u00edstico en la avenida Diagonal | El Digital de Asturias<\/title>\n\n","aioseo_head_json":{"title":"Tous abrir\u00e1 13 viviendas de uso tur\u00edstico en la avenida Diagonal | El Digital de Asturias","description":"La familia joyera Tous abrir\u00e1 13 viviendas de uso tur\u00edstico en la avenida Diagonal de Barcelona, en el edificio del n\u00famero 478, donde la marca cuenta con una tienda que ocupa la planta baja, ha informado la compa\u00f1\u00eda a Europa Press. Los Tous compraron este edificio de 11.000 metros cuadrados en 2012 por un importe","canonical_url":"https:\/\/eldigitaldeasturias.com\/magazine365\/tous-abrira-13-viviendas-de-uso-turistico-en-la-avenida-diagonal\/","robots":"max-image-preview:large","keywords":"noticias y actualidad","webmasterTools":{"google-site-verification":"UA-38556648-1","miscellaneous":""},"schema":{"@context":"https:\/\/schema.org","@graph":[{"@type":"Article","@id":"https:\/\/eldigitaldeasturias.com\/magazine365\/tous-abrira-13-viviendas-de-uso-turistico-en-la-avenida-diagonal\/#article","name":"Tous abrir\u00e1 13 viviendas de uso tur\u00edstico en la avenida Diagonal | El Digital de Asturias","headline":"Tous abrir\u00e1 13 viviendas de uso tur\u00edstico en la avenida Diagonal","author":{"@id":"https:\/\/eldigitaldeasturias.com\/magazine365\/author\/admin\/#author"},"publisher":{"@id":"https:\/\/eldigitaldeasturias.com\/magazine365\/#organization"},"image":{"@type":"ImageObject","url":"https:\/\/eldigitaldeasturias.com\/magazine365\/wp-content\/uploads\/2016\/06\/fotonoticia_20160603120832_800.jpg","width":800,"height":534},"datePublished":"2016-06-06T07:16:18+02:00","dateModified":"2016-06-06T07:16:18+02:00","inLanguage":"es-ES","mainEntityOfPage":{"@id":"https:\/\/eldigitaldeasturias.com\/magazine365\/tous-abrira-13-viviendas-de-uso-turistico-en-la-avenida-diagonal\/#webpage"},"isPartOf":{"@id":"https:\/\/eldigitaldeasturias.com\/magazine365\/tous-abrira-13-viviendas-de-uso-turistico-en-la-avenida-diagonal\/#webpage"},"articleSection":"Noticias y Actualidad"},{"@type":"BreadcrumbList","@id":"https:\/\/eldigitaldeasturias.com\/magazine365\/tous-abrira-13-viviendas-de-uso-turistico-en-la-avenida-diagonal\/#breadcrumblist","itemListElement":[{"@type":"ListItem","@id":"https:\/\/eldigitaldeasturias.com\/magazine365#listItem","position":1,"name":"Home","item":"https:\/\/eldigitaldeasturias.com\/magazine365","nextItem":{"@type":"ListItem","@id":"https:\/\/eldigitaldeasturias.com\/magazine365\/category\/noticias-actualidad\/#listItem","name":"Noticias y Actualidad"}},{"@type":"ListItem","@id":"https:\/\/eldigitaldeasturias.com\/magazine365\/category\/noticias-actualidad\/#listItem","position":2,"name":"Noticias y Actualidad","item":"https:\/\/eldigitaldeasturias.com\/magazine365\/category\/noticias-actualidad\/","nextItem":{"@type":"ListItem","@id":"https:\/\/eldigitaldeasturias.com\/magazine365\/tous-abrira-13-viviendas-de-uso-turistico-en-la-avenida-diagonal\/#listItem","name":"Tous abrir\u00e1 13 viviendas de uso tur\u00edstico en la avenida Diagonal"},"previousItem":{"@type":"ListItem","@id":"https:\/\/eldigitaldeasturias.com\/magazine365#listItem","name":"Home"}},{"@type":"ListItem","@id":"https:\/\/eldigitaldeasturias.com\/magazine365\/tous-abrira-13-viviendas-de-uso-turistico-en-la-avenida-diagonal\/#listItem","position":3,"name":"Tous abrir\u00e1 13 viviendas de uso tur\u00edstico en la avenida Diagonal","previousItem":{"@type":"ListItem","@id":"https:\/\/eldigitaldeasturias.com\/magazine365\/category\/noticias-actualidad\/#listItem","name":"Noticias y Actualidad"}}]},{"@type":"Organization","@id":"https:\/\/eldigitaldeasturias.com\/magazine365\/#organization","name":"El digital de Asturias","description":"Revista de ocio, turismo y estilo de vida","url":"https:\/\/eldigitaldeasturias.com\/magazine365\/","logo":{"@type":"ImageObject","url":"https:\/\/www.eldigitaldeasturias.com\/noticias\/wp-content\/uploads\/2020\/12\/EDA.jpg","@id":"https:\/\/eldigitaldeasturias.com\/magazine365\/tous-abrira-13-viviendas-de-uso-turistico-en-la-avenida-diagonal\/#organizationLogo"},"image":{"@id":"https:\/\/eldigitaldeasturias.com\/magazine365\/tous-abrira-13-viviendas-de-uso-turistico-en-la-avenida-diagonal\/#organizationLogo"}},{"@type":"Person","@id":"https:\/\/eldigitaldeasturias.com\/magazine365\/author\/admin\/#author","url":"https:\/\/eldigitaldeasturias.com\/magazine365\/author\/admin\/","name":"admin","image":{"@type":"ImageObject","@id":"https:\/\/eldigitaldeasturias.com\/magazine365\/tous-abrira-13-viviendas-de-uso-turistico-en-la-avenida-diagonal\/#authorImage","url":"https:\/\/eldigitaldeasturias.com\/magazine365\/wp-content\/litespeed\/avatar\/e571bcf59a0edd6fa6838245a470f2fe.jpg?ver=1776969259","width":96,"height":96,"caption":"admin"}},{"@type":"WebPage","@id":"https:\/\/eldigitaldeasturias.com\/magazine365\/tous-abrira-13-viviendas-de-uso-turistico-en-la-avenida-diagonal\/#webpage","url":"https:\/\/eldigitaldeasturias.com\/magazine365\/tous-abrira-13-viviendas-de-uso-turistico-en-la-avenida-diagonal\/","name":"Tous abrir\u00e1 13 viviendas de uso tur\u00edstico en la avenida Diagonal | El Digital de Asturias","description":"La familia joyera Tous abrir\u00e1 13 viviendas de uso tur\u00edstico en la avenida Diagonal de Barcelona, en el edificio del n\u00famero 478, donde la marca cuenta con una tienda que ocupa la planta baja, ha informado la compa\u00f1\u00eda a Europa Press. Los Tous compraron este edificio de 11.000 metros cuadrados en 2012 por un importe","inLanguage":"es-ES","isPartOf":{"@id":"https:\/\/eldigitaldeasturias.com\/magazine365\/#website"},"breadcrumb":{"@id":"https:\/\/eldigitaldeasturias.com\/magazine365\/tous-abrira-13-viviendas-de-uso-turistico-en-la-avenida-diagonal\/#breadcrumblist"},"author":{"@id":"https:\/\/eldigitaldeasturias.com\/magazine365\/author\/admin\/#author"},"creator":{"@id":"https:\/\/eldigitaldeasturias.com\/magazine365\/author\/admin\/#author"},"image":{"@type":"ImageObject","url":"https:\/\/eldigitaldeasturias.com\/magazine365\/wp-content\/uploads\/2016\/06\/fotonoticia_20160603120832_800.jpg","@id":"https:\/\/eldigitaldeasturias.com\/magazine365\/tous-abrira-13-viviendas-de-uso-turistico-en-la-avenida-diagonal\/#mainImage","width":800,"height":534},"primaryImageOfPage":{"@id":"https:\/\/eldigitaldeasturias.com\/magazine365\/tous-abrira-13-viviendas-de-uso-turistico-en-la-avenida-diagonal\/#mainImage"},"datePublished":"2016-06-06T07:16:18+02:00","dateModified":"2016-06-06T07:16:18+02:00"},{"@type":"WebSite","@id":"https:\/\/eldigitaldeasturias.com\/magazine365\/#website","url":"https:\/\/eldigitaldeasturias.com\/magazine365\/","name":"El Digital de Asturias","description":"Revista de ocio, turismo y estilo de vida","inLanguage":"es-ES","publisher":{"@id":"https:\/\/eldigitaldeasturias.com\/magazine365\/#organization"}}]},"og:locale":"es_ES","og:site_name":"El Digital de Asturias \u2013 Revista de ocio, turismo y estilo de vida","og:type":"article","og:title":"Tous abrir\u00e1 13 viviendas de uso tur\u00edstico en la avenida Diagonal | El Digital de Asturias","og:description":"La familia joyera Tous abrir\u00e1 13 viviendas de uso tur\u00edstico en la avenida Diagonal de Barcelona, en el edificio del n\u00famero 478, donde la marca cuenta con una tienda que ocupa la planta baja, ha informado la compa\u00f1\u00eda a Europa Press. Los Tous compraron este edificio de 11.000 metros cuadrados en 2012 por un importe","og:url":"https:\/\/eldigitaldeasturias.com\/magazine365\/tous-abrira-13-viviendas-de-uso-turistico-en-la-avenida-diagonal\/","og:image":"https:\/\/eldigitaldeasturias.com\/magazine365\/wp-content\/uploads\/2016\/06\/fotonoticia_20160603120832_800.jpg","og:image:secure_url":"https:\/\/eldigitaldeasturias.com\/magazine365\/wp-content\/uploads\/2016\/06\/fotonoticia_20160603120832_800.jpg","og:image:width":800,"og:image:height":534,"article:published_time":"2016-06-06T05:16:18+00:00","article:modified_time":"2016-06-06T05:16:18+00:00","twitter:card":"summary_large_image","twitter:title":"Tous abrir\u00e1 13 viviendas de uso tur\u00edstico en la avenida Diagonal | El Digital de Asturias","twitter:description":"La familia joyera Tous abrir\u00e1 13 viviendas de uso tur\u00edstico en la avenida Diagonal de Barcelona, en el edificio del n\u00famero 478, donde la marca cuenta con una tienda que ocupa la planta baja, ha informado la compa\u00f1\u00eda a Europa Press. Los Tous compraron este edificio de 11.000 metros cuadrados en 2012 por un importe","twitter:image":"https:\/\/eldigitaldeasturias.com\/magazine365\/wp-content\/uploads\/2016\/06\/fotonoticia_20160603120832_800.jpg"},"aioseo_meta_data":{"post_id":"77662","title":null,"description":null,"keywords":null,"keyphrases":null,"primary_term":null,"canonical_url":null,"og_title":null,"og_description":null,"og_object_type":"default","og_image_type":"default","og_image_url":null,"og_image_width":null,"og_image_height":null,"og_image_custom_url":null,"og_image_custom_fields":null,"og_video":null,"og_custom_url":null,"og_article_section":null,"og_article_tags":null,"twitter_use_og":false,"twitter_card":"default","twitter_image_type":"default","twitter_image_url":null,"twitter_image_custom_url":null,"twitter_image_custom_fields":null,"twitter_title":null,"twitter_description":null,"schema":{"blockGraphs":[],"customGraphs":[],"default":{"data":{"Article":[],"Course":[],"Dataset":[],"FAQPage":[],"Movie":[],"Person":[],"Product":[],"ProductReview":[],"Car":[],"Recipe":[],"Service":[],"SoftwareApplication":[],"WebPage":[]},"graphName":"","isEnabled":true},"graphs":[],"defaultGraph":"","defaultPostTypeGraph":""},"schema_type":null,"schema_type_options":null,"pillar_content":false,"robots_default":true,"robots_noindex":false,"robots_noarchive":false,"robots_nosnippet":false,"robots_nofollow":false,"robots_noimageindex":false,"robots_noodp":false,"robots_notranslate":false,"robots_max_snippet":null,"robots_max_videopreview":null,"robots_max_imagepreview":"large","priority":null,"frequency":null,"location":null,"local_seo":null,"seo_analyzer_scan_date":"2025-09-27 15:21:11","breadcrumb_settings":null,"limit_modified_date":false,"open_ai":null,"ai":null,"created":"2021-03-08 18:11:06","updated":"2025-09-27 15:21:11"},"aioseo_breadcrumb":"<div class=\"aioseo-breadcrumbs\"><span class=\"aioseo-breadcrumb\">\n\t<a href=\"https:\/\/eldigitaldeasturias.com\/magazine365\" title=\"Home\">Home<\/a>\n<\/span><span class=\"aioseo-breadcrumb-separator\">\u2013<\/span><span class=\"aioseo-breadcrumb\">\n\t<a href=\"https:\/\/eldigitaldeasturias.com\/magazine365\/category\/noticias-actualidad\/\" title=\"Noticias y Actualidad\">Noticias y Actualidad<\/a>\n<\/span><span class=\"aioseo-breadcrumb-separator\">\u2013<\/span><span class=\"aioseo-breadcrumb\">\n\t<a href=\"https:\/\/eldigitaldeasturias.com\/magazine365\/tous-abrira-13-viviendas-de-uso-turistico-en-la-avenida-diagonal\/\" title=\"Tous abrir\u00e1 13 viviendas de uso tur\u00edstico en la avenida Diagonal\">Tous abrir\u00e1 13 viviendas de uso tur\u00edstico en la avenida Diagonal<\/a>\n<\/span><\/div>","aioseo_breadcrumb_json":[{"label":"Home","link":"https:\/\/eldigitaldeasturias.com\/magazine365"},{"label":"Noticias y Actualidad","link":"https:\/\/eldigitaldeasturias.com\/magazine365\/category\/noticias-actualidad\/"},{"label":"Tous abrir\u00e1 13 viviendas de uso tur\u00edstico en la avenida Diagonal","link":"https:\/\/eldigitaldeasturias.com\/magazine365\/tous-abrira-13-viviendas-de-uso-turistico-en-la-avenida-diagonal\/"}],"_links":{"self":[{"href":"https:\/\/eldigitaldeasturias.com\/magazine365\/wp-json\/wp\/v2\/posts\/77662","targetHints":{"allow":["GET"]}}],"collection":[{"href":"https:\/\/eldigitaldeasturias.com\/magazine365\/wp-json\/wp\/v2\/posts"}],"about":[{"href":"https:\/\/eldigitaldeasturias.com\/magazine365\/wp-json\/wp\/v2\/types\/post"}],"author":[{"embeddable":true,"href":"https:\/\/eldigitaldeasturias.com\/magazine365\/wp-json\/wp\/v2\/users\/1"}],"replies":[{"embeddable":true,"href":"https:\/\/eldigitaldeasturias.com\/magazine365\/wp-json\/wp\/v2\/comments?post=77662"}],"version-history":[{"count":0,"href":"https:\/\/eldigitaldeasturias.com\/magazine365\/wp-json\/wp\/v2\/posts\/77662\/revisions"}],"wp:featuredmedia":[{"embeddable":true,"href":"https:\/\/eldigitaldeasturias.com\/magazine365\/wp-json\/wp\/v2\/media\/77663"}],"wp:attachment":[{"href":"https:\/\/eldigitaldeasturias.com\/magazine365\/wp-json\/wp\/v2\/media?parent=77662"}],"wp:term":[{"taxonomy":"category","embeddable":true,"href":"https:\/\/eldigitaldeasturias.com\/magazine365\/wp-json\/wp\/v2\/categories?post=77662"},{"taxonomy":"post_tag","embeddable":true,"href":"https:\/\/eldigitaldeasturias.com\/magazine365\/wp-json\/wp\/v2\/tags?post=77662"}],"curies":[{"name":"wp","href":"https:\/\/api.w.org\/{rel}","templated":true}]}}