{"id":77638,"date":"2016-06-06T07:03:31","date_gmt":"2016-06-06T05:03:31","guid":{"rendered":"http:\/\/eldigitaldeasturias.com\/magazine365\/?p=77638"},"modified":"2016-06-06T07:03:31","modified_gmt":"2016-06-06T05:03:31","slug":"avianca-amplia-su-alianza-con-amadeus","status":"publish","type":"post","link":"https:\/\/eldigitaldeasturias.com\/magazine365\/avianca-amplia-su-alianza-con-amadeus\/","title":{"rendered":"Avianca ampl\u00eda su alianza con Amadeus"},"content":{"rendered":"<p><img fetchpriority=\"high\" decoding=\"async\" class=\"alignleft size-medium wp-image-77639\" src=\"https:\/\/eldigitaldeasturias.com\/magazine365\/wp-content\/uploads\/2016\/06\/fotonoticia_20160603102347_800-360x239.jpg\" alt=\"fotonoticia_20160603102347_800\" width=\"360\" height=\"239\" srcset=\"https:\/\/eldigitaldeasturias.com\/magazine365\/wp-content\/uploads\/2016\/06\/fotonoticia_20160603102347_800-360x239.jpg 360w, https:\/\/eldigitaldeasturias.com\/magazine365\/wp-content\/uploads\/2016\/06\/fotonoticia_20160603102347_800-650x431.jpg 650w, https:\/\/eldigitaldeasturias.com\/magazine365\/wp-content\/uploads\/2016\/06\/fotonoticia_20160603102347_800-768x510.jpg 768w, https:\/\/eldigitaldeasturias.com\/magazine365\/wp-content\/uploads\/2016\/06\/fotonoticia_20160603102347_800-150x100.jpg 150w, https:\/\/eldigitaldeasturias.com\/magazine365\/wp-content\/uploads\/2016\/06\/fotonoticia_20160603102347_800-450x299.jpg 450w, https:\/\/eldigitaldeasturias.com\/magazine365\/wp-content\/uploads\/2016\/06\/fotonoticia_20160603102347_800-121x79.jpg 121w, https:\/\/eldigitaldeasturias.com\/magazine365\/wp-content\/uploads\/2016\/06\/fotonoticia_20160603102347_800-101x66.jpg 101w, https:\/\/eldigitaldeasturias.com\/magazine365\/wp-content\/uploads\/2016\/06\/fotonoticia_20160603102347_800.jpg 800w\" sizes=\"(max-width: 360px) 100vw, 360px\" \/>Avianca ha ampliado su alianza con Amadeus a largo plazo con el fin de mejorar la experiencia de usuario e impulsar sus ingresos, seg\u00fan informaron ambas entidades en un comunicado conjunto.<\/p>\n<p>El objetivo de la compa\u00f1\u00eda a\u00e9rea es involucrar al viajeros en los procesos de b\u00fasqueda de vuelos, reserva, servicios en el aeropuerto o estancia en hoteles.<\/p>\n<p>\u00abCon el nuevo sistema, potenciamos nuestras capacidades digitales en todos los canales y mercados, conectando con nuestros clientes en todas las etapas de sus viajes, vali\u00e9ndonos del contexto, la relevancia y sus perfiles particulares\u00bb, ha afirmado el vicepresidente ejecutivo de Ingresos y director de Riesgos de la compa\u00f1\u00eda de Avianca, Estuardo Ortiz.<\/p>\n<p>Para ello, Amadeus se ha centrado en la gesti\u00f3n de la experiencia del cliente en los aeropuertos para que los clientes puedan disponer de una amplia gama de productos servicios adaptados a los perfiles y necesidades particulares.<\/p>\n<p>Asimismo, la extensi\u00f3n del contrato del sistema de tecnolog\u00eda Alt\u00e9a Suite permitir\u00e1 a Avianca continuar gestionando sus procesos de reservas, inventario y control de operaciones en los aer\u00f3dromos desde la plataforma de Amadeus.<\/p>\n<p>Esta tecnolog\u00eda proporciona a las aerol\u00edneas una visi\u00f3n integrada de todos los procesos fundamentales de la gesti\u00f3n de viajeros aporta beneficios tangibles a ambas partes.<\/p>\n","protected":false},"excerpt":{"rendered":"<p>Avianca ha ampliado su alianza con Amadeus a largo plazo con el fin de mejorar la experiencia de usuario e impulsar sus ingresos, seg\u00fan informaron ambas entidades en un comunicado conjunto. El objetivo de la compa\u00f1\u00eda a\u00e9rea es involucrar al viajeros en los procesos de b\u00fasqueda de vuelos, reserva, servicios en el aeropuerto o estancia<\/p>\n","protected":false},"author":1,"featured_media":77639,"comment_status":"open","ping_status":"closed","sticky":false,"template":"","format":"standard","meta":{"footnotes":""},"categories":[224],"tags":[],"class_list":{"0":"post-77638","1":"post","2":"type-post","3":"status-publish","4":"format-standard","5":"has-post-thumbnail","7":"category-noticias-actualidad"},"aioseo_notices":[],"aioseo_head":"\n\t\t<!-- All in One SEO Pro 4.9.6.1 - aioseo.com -->\n\t<meta name=\"description\" content=\"Avianca ha ampliado su alianza con Amadeus a largo plazo con el fin de mejorar la experiencia de usuario e impulsar sus ingresos, seg\u00fan informaron ambas entidades en un comunicado conjunto. El objetivo de la compa\u00f1\u00eda a\u00e9rea es involucrar al viajeros en los procesos de b\u00fasqueda de vuelos, reserva, servicios en el aeropuerto o estancia\" \/>\n\t<meta name=\"robots\" content=\"max-image-preview:large\" \/>\n\t<meta name=\"author\" content=\"admin\"\/>\n\t<meta name=\"google-site-verification\" content=\"UA-38556648-1\" \/>\n\t<meta name=\"keywords\" content=\"noticias y actualidad\" \/>\n\t<link rel=\"canonical\" href=\"https:\/\/eldigitaldeasturias.com\/magazine365\/avianca-amplia-su-alianza-con-amadeus\/\" \/>\n\t<meta name=\"generator\" content=\"All in One SEO Pro (AIOSEO) 4.9.6.1\" \/>\n\t\t<meta property=\"og:locale\" content=\"es_ES\" \/>\n\t\t<meta property=\"og:site_name\" content=\"El Digital de Asturias \u2013 Revista de ocio, turismo y estilo de vida\" \/>\n\t\t<meta property=\"og:type\" content=\"article\" \/>\n\t\t<meta property=\"og:title\" content=\"Avianca ampl\u00eda su alianza con Amadeus | El Digital de Asturias\" \/>\n\t\t<meta property=\"og:description\" content=\"Avianca ha ampliado su alianza con Amadeus a largo plazo con el fin de mejorar la experiencia de usuario e impulsar sus ingresos, seg\u00fan informaron ambas entidades en un comunicado conjunto. El objetivo de la compa\u00f1\u00eda a\u00e9rea es involucrar al viajeros en los procesos de b\u00fasqueda de vuelos, reserva, servicios en el aeropuerto o estancia\" \/>\n\t\t<meta property=\"og:url\" content=\"https:\/\/eldigitaldeasturias.com\/magazine365\/avianca-amplia-su-alianza-con-amadeus\/\" \/>\n\t\t<meta property=\"og:image\" content=\"https:\/\/eldigitaldeasturias.com\/magazine365\/wp-content\/uploads\/2016\/06\/fotonoticia_20160603102347_800.jpg\" \/>\n\t\t<meta property=\"og:image:secure_url\" content=\"https:\/\/eldigitaldeasturias.com\/magazine365\/wp-content\/uploads\/2016\/06\/fotonoticia_20160603102347_800.jpg\" \/>\n\t\t<meta property=\"og:image:width\" content=\"800\" \/>\n\t\t<meta property=\"og:image:height\" content=\"531\" \/>\n\t\t<meta property=\"article:published_time\" content=\"2016-06-06T05:03:31+00:00\" \/>\n\t\t<meta property=\"article:modified_time\" content=\"2016-06-06T05:03:31+00:00\" \/>\n\t\t<meta name=\"twitter:card\" content=\"summary_large_image\" \/>\n\t\t<meta name=\"twitter:title\" content=\"Avianca ampl\u00eda su alianza con Amadeus | El Digital de Asturias\" \/>\n\t\t<meta name=\"twitter:description\" content=\"Avianca ha ampliado su alianza con Amadeus a largo plazo con el fin de mejorar la experiencia de usuario e impulsar sus ingresos, seg\u00fan informaron ambas entidades en un comunicado conjunto. El objetivo de la compa\u00f1\u00eda a\u00e9rea es involucrar al viajeros en los procesos de b\u00fasqueda de vuelos, reserva, servicios en el aeropuerto o estancia\" \/>\n\t\t<meta name=\"twitter:image\" content=\"https:\/\/eldigitaldeasturias.com\/magazine365\/wp-content\/uploads\/2016\/06\/fotonoticia_20160603102347_800.jpg\" \/>\n\t\t<script type=\"application\/ld+json\" class=\"aioseo-schema\">\n\t\t\t{\"@context\":\"https:\\\/\\\/schema.org\",\"@graph\":[{\"@type\":\"Article\",\"@id\":\"https:\\\/\\\/eldigitaldeasturias.com\\\/magazine365\\\/avianca-amplia-su-alianza-con-amadeus\\\/#article\",\"name\":\"Avianca ampl\\u00eda su alianza con Amadeus | El Digital de Asturias\",\"headline\":\"Avianca ampl\\u00eda su alianza con Amadeus\",\"author\":{\"@id\":\"https:\\\/\\\/eldigitaldeasturias.com\\\/magazine365\\\/author\\\/admin\\\/#author\"},\"publisher\":{\"@id\":\"https:\\\/\\\/eldigitaldeasturias.com\\\/magazine365\\\/#organization\"},\"image\":{\"@type\":\"ImageObject\",\"url\":\"https:\\\/\\\/eldigitaldeasturias.com\\\/magazine365\\\/wp-content\\\/uploads\\\/2016\\\/06\\\/fotonoticia_20160603102347_800.jpg\",\"width\":800,\"height\":531},\"datePublished\":\"2016-06-06T07:03:31+02:00\",\"dateModified\":\"2016-06-06T07:03:31+02:00\",\"inLanguage\":\"es-ES\",\"mainEntityOfPage\":{\"@id\":\"https:\\\/\\\/eldigitaldeasturias.com\\\/magazine365\\\/avianca-amplia-su-alianza-con-amadeus\\\/#webpage\"},\"isPartOf\":{\"@id\":\"https:\\\/\\\/eldigitaldeasturias.com\\\/magazine365\\\/avianca-amplia-su-alianza-con-amadeus\\\/#webpage\"},\"articleSection\":\"Noticias y Actualidad\"},{\"@type\":\"BreadcrumbList\",\"@id\":\"https:\\\/\\\/eldigitaldeasturias.com\\\/magazine365\\\/avianca-amplia-su-alianza-con-amadeus\\\/#breadcrumblist\",\"itemListElement\":[{\"@type\":\"ListItem\",\"@id\":\"https:\\\/\\\/eldigitaldeasturias.com\\\/magazine365#listItem\",\"position\":1,\"name\":\"Home\",\"item\":\"https:\\\/\\\/eldigitaldeasturias.com\\\/magazine365\",\"nextItem\":{\"@type\":\"ListItem\",\"@id\":\"https:\\\/\\\/eldigitaldeasturias.com\\\/magazine365\\\/category\\\/noticias-actualidad\\\/#listItem\",\"name\":\"Noticias y Actualidad\"}},{\"@type\":\"ListItem\",\"@id\":\"https:\\\/\\\/eldigitaldeasturias.com\\\/magazine365\\\/category\\\/noticias-actualidad\\\/#listItem\",\"position\":2,\"name\":\"Noticias y Actualidad\",\"item\":\"https:\\\/\\\/eldigitaldeasturias.com\\\/magazine365\\\/category\\\/noticias-actualidad\\\/\",\"nextItem\":{\"@type\":\"ListItem\",\"@id\":\"https:\\\/\\\/eldigitaldeasturias.com\\\/magazine365\\\/avianca-amplia-su-alianza-con-amadeus\\\/#listItem\",\"name\":\"Avianca ampl\\u00eda su alianza con Amadeus\"},\"previousItem\":{\"@type\":\"ListItem\",\"@id\":\"https:\\\/\\\/eldigitaldeasturias.com\\\/magazine365#listItem\",\"name\":\"Home\"}},{\"@type\":\"ListItem\",\"@id\":\"https:\\\/\\\/eldigitaldeasturias.com\\\/magazine365\\\/avianca-amplia-su-alianza-con-amadeus\\\/#listItem\",\"position\":3,\"name\":\"Avianca ampl\\u00eda su alianza con Amadeus\",\"previousItem\":{\"@type\":\"ListItem\",\"@id\":\"https:\\\/\\\/eldigitaldeasturias.com\\\/magazine365\\\/category\\\/noticias-actualidad\\\/#listItem\",\"name\":\"Noticias y Actualidad\"}}]},{\"@type\":\"Organization\",\"@id\":\"https:\\\/\\\/eldigitaldeasturias.com\\\/magazine365\\\/#organization\",\"name\":\"El digital de Asturias\",\"description\":\"Revista de ocio, turismo y estilo de vida\",\"url\":\"https:\\\/\\\/eldigitaldeasturias.com\\\/magazine365\\\/\",\"logo\":{\"@type\":\"ImageObject\",\"url\":\"https:\\\/\\\/www.eldigitaldeasturias.com\\\/noticias\\\/wp-content\\\/uploads\\\/2020\\\/12\\\/EDA.jpg\",\"@id\":\"https:\\\/\\\/eldigitaldeasturias.com\\\/magazine365\\\/avianca-amplia-su-alianza-con-amadeus\\\/#organizationLogo\"},\"image\":{\"@id\":\"https:\\\/\\\/eldigitaldeasturias.com\\\/magazine365\\\/avianca-amplia-su-alianza-con-amadeus\\\/#organizationLogo\"}},{\"@type\":\"Person\",\"@id\":\"https:\\\/\\\/eldigitaldeasturias.com\\\/magazine365\\\/author\\\/admin\\\/#author\",\"url\":\"https:\\\/\\\/eldigitaldeasturias.com\\\/magazine365\\\/author\\\/admin\\\/\",\"name\":\"admin\",\"image\":{\"@type\":\"ImageObject\",\"@id\":\"https:\\\/\\\/eldigitaldeasturias.com\\\/magazine365\\\/avianca-amplia-su-alianza-con-amadeus\\\/#authorImage\",\"url\":\"https:\\\/\\\/eldigitaldeasturias.com\\\/magazine365\\\/wp-content\\\/litespeed\\\/avatar\\\/e571bcf59a0edd6fa6838245a470f2fe.jpg?ver=1776969259\",\"width\":96,\"height\":96,\"caption\":\"admin\"}},{\"@type\":\"WebPage\",\"@id\":\"https:\\\/\\\/eldigitaldeasturias.com\\\/magazine365\\\/avianca-amplia-su-alianza-con-amadeus\\\/#webpage\",\"url\":\"https:\\\/\\\/eldigitaldeasturias.com\\\/magazine365\\\/avianca-amplia-su-alianza-con-amadeus\\\/\",\"name\":\"Avianca ampl\\u00eda su alianza con Amadeus | El Digital de Asturias\",\"description\":\"Avianca ha ampliado su alianza con Amadeus a largo plazo con el fin de mejorar la experiencia de usuario e impulsar sus ingresos, seg\\u00fan informaron ambas entidades en un comunicado conjunto. El objetivo de la compa\\u00f1\\u00eda a\\u00e9rea es involucrar al viajeros en los procesos de b\\u00fasqueda de vuelos, reserva, servicios en el aeropuerto o estancia\",\"inLanguage\":\"es-ES\",\"isPartOf\":{\"@id\":\"https:\\\/\\\/eldigitaldeasturias.com\\\/magazine365\\\/#website\"},\"breadcrumb\":{\"@id\":\"https:\\\/\\\/eldigitaldeasturias.com\\\/magazine365\\\/avianca-amplia-su-alianza-con-amadeus\\\/#breadcrumblist\"},\"author\":{\"@id\":\"https:\\\/\\\/eldigitaldeasturias.com\\\/magazine365\\\/author\\\/admin\\\/#author\"},\"creator\":{\"@id\":\"https:\\\/\\\/eldigitaldeasturias.com\\\/magazine365\\\/author\\\/admin\\\/#author\"},\"image\":{\"@type\":\"ImageObject\",\"url\":\"https:\\\/\\\/eldigitaldeasturias.com\\\/magazine365\\\/wp-content\\\/uploads\\\/2016\\\/06\\\/fotonoticia_20160603102347_800.jpg\",\"@id\":\"https:\\\/\\\/eldigitaldeasturias.com\\\/magazine365\\\/avianca-amplia-su-alianza-con-amadeus\\\/#mainImage\",\"width\":800,\"height\":531},\"primaryImageOfPage\":{\"@id\":\"https:\\\/\\\/eldigitaldeasturias.com\\\/magazine365\\\/avianca-amplia-su-alianza-con-amadeus\\\/#mainImage\"},\"datePublished\":\"2016-06-06T07:03:31+02:00\",\"dateModified\":\"2016-06-06T07:03:31+02:00\"},{\"@type\":\"WebSite\",\"@id\":\"https:\\\/\\\/eldigitaldeasturias.com\\\/magazine365\\\/#website\",\"url\":\"https:\\\/\\\/eldigitaldeasturias.com\\\/magazine365\\\/\",\"name\":\"El Digital de Asturias\",\"description\":\"Revista de ocio, turismo y estilo de vida\",\"inLanguage\":\"es-ES\",\"publisher\":{\"@id\":\"https:\\\/\\\/eldigitaldeasturias.com\\\/magazine365\\\/#organization\"}}]}\n\t\t<\/script>\n\t\t<!-- All in One SEO Pro -->\r\n\t\t<title>Avianca ampl\u00eda su alianza con Amadeus | El Digital de Asturias<\/title>\n\n","aioseo_head_json":{"title":"Avianca ampl\u00eda su alianza con Amadeus | El Digital de Asturias","description":"Avianca ha ampliado su alianza con Amadeus a largo plazo con el fin de mejorar la experiencia de usuario e impulsar sus ingresos, seg\u00fan informaron ambas entidades en un comunicado conjunto. El objetivo de la compa\u00f1\u00eda a\u00e9rea es involucrar al viajeros en los procesos de b\u00fasqueda de vuelos, reserva, servicios en el aeropuerto o estancia","canonical_url":"https:\/\/eldigitaldeasturias.com\/magazine365\/avianca-amplia-su-alianza-con-amadeus\/","robots":"max-image-preview:large","keywords":"noticias y actualidad","webmasterTools":{"google-site-verification":"UA-38556648-1","miscellaneous":""},"schema":{"@context":"https:\/\/schema.org","@graph":[{"@type":"Article","@id":"https:\/\/eldigitaldeasturias.com\/magazine365\/avianca-amplia-su-alianza-con-amadeus\/#article","name":"Avianca ampl\u00eda su alianza con Amadeus | El Digital de Asturias","headline":"Avianca ampl\u00eda su alianza con Amadeus","author":{"@id":"https:\/\/eldigitaldeasturias.com\/magazine365\/author\/admin\/#author"},"publisher":{"@id":"https:\/\/eldigitaldeasturias.com\/magazine365\/#organization"},"image":{"@type":"ImageObject","url":"https:\/\/eldigitaldeasturias.com\/magazine365\/wp-content\/uploads\/2016\/06\/fotonoticia_20160603102347_800.jpg","width":800,"height":531},"datePublished":"2016-06-06T07:03:31+02:00","dateModified":"2016-06-06T07:03:31+02:00","inLanguage":"es-ES","mainEntityOfPage":{"@id":"https:\/\/eldigitaldeasturias.com\/magazine365\/avianca-amplia-su-alianza-con-amadeus\/#webpage"},"isPartOf":{"@id":"https:\/\/eldigitaldeasturias.com\/magazine365\/avianca-amplia-su-alianza-con-amadeus\/#webpage"},"articleSection":"Noticias y Actualidad"},{"@type":"BreadcrumbList","@id":"https:\/\/eldigitaldeasturias.com\/magazine365\/avianca-amplia-su-alianza-con-amadeus\/#breadcrumblist","itemListElement":[{"@type":"ListItem","@id":"https:\/\/eldigitaldeasturias.com\/magazine365#listItem","position":1,"name":"Home","item":"https:\/\/eldigitaldeasturias.com\/magazine365","nextItem":{"@type":"ListItem","@id":"https:\/\/eldigitaldeasturias.com\/magazine365\/category\/noticias-actualidad\/#listItem","name":"Noticias y Actualidad"}},{"@type":"ListItem","@id":"https:\/\/eldigitaldeasturias.com\/magazine365\/category\/noticias-actualidad\/#listItem","position":2,"name":"Noticias y Actualidad","item":"https:\/\/eldigitaldeasturias.com\/magazine365\/category\/noticias-actualidad\/","nextItem":{"@type":"ListItem","@id":"https:\/\/eldigitaldeasturias.com\/magazine365\/avianca-amplia-su-alianza-con-amadeus\/#listItem","name":"Avianca ampl\u00eda su alianza con Amadeus"},"previousItem":{"@type":"ListItem","@id":"https:\/\/eldigitaldeasturias.com\/magazine365#listItem","name":"Home"}},{"@type":"ListItem","@id":"https:\/\/eldigitaldeasturias.com\/magazine365\/avianca-amplia-su-alianza-con-amadeus\/#listItem","position":3,"name":"Avianca ampl\u00eda su alianza con Amadeus","previousItem":{"@type":"ListItem","@id":"https:\/\/eldigitaldeasturias.com\/magazine365\/category\/noticias-actualidad\/#listItem","name":"Noticias y Actualidad"}}]},{"@type":"Organization","@id":"https:\/\/eldigitaldeasturias.com\/magazine365\/#organization","name":"El digital de Asturias","description":"Revista de ocio, turismo y estilo de vida","url":"https:\/\/eldigitaldeasturias.com\/magazine365\/","logo":{"@type":"ImageObject","url":"https:\/\/www.eldigitaldeasturias.com\/noticias\/wp-content\/uploads\/2020\/12\/EDA.jpg","@id":"https:\/\/eldigitaldeasturias.com\/magazine365\/avianca-amplia-su-alianza-con-amadeus\/#organizationLogo"},"image":{"@id":"https:\/\/eldigitaldeasturias.com\/magazine365\/avianca-amplia-su-alianza-con-amadeus\/#organizationLogo"}},{"@type":"Person","@id":"https:\/\/eldigitaldeasturias.com\/magazine365\/author\/admin\/#author","url":"https:\/\/eldigitaldeasturias.com\/magazine365\/author\/admin\/","name":"admin","image":{"@type":"ImageObject","@id":"https:\/\/eldigitaldeasturias.com\/magazine365\/avianca-amplia-su-alianza-con-amadeus\/#authorImage","url":"https:\/\/eldigitaldeasturias.com\/magazine365\/wp-content\/litespeed\/avatar\/e571bcf59a0edd6fa6838245a470f2fe.jpg?ver=1776969259","width":96,"height":96,"caption":"admin"}},{"@type":"WebPage","@id":"https:\/\/eldigitaldeasturias.com\/magazine365\/avianca-amplia-su-alianza-con-amadeus\/#webpage","url":"https:\/\/eldigitaldeasturias.com\/magazine365\/avianca-amplia-su-alianza-con-amadeus\/","name":"Avianca ampl\u00eda su alianza con Amadeus | El Digital de Asturias","description":"Avianca ha ampliado su alianza con Amadeus a largo plazo con el fin de mejorar la experiencia de usuario e impulsar sus ingresos, seg\u00fan informaron ambas entidades en un comunicado conjunto. El objetivo de la compa\u00f1\u00eda a\u00e9rea es involucrar al viajeros en los procesos de b\u00fasqueda de vuelos, reserva, servicios en el aeropuerto o estancia","inLanguage":"es-ES","isPartOf":{"@id":"https:\/\/eldigitaldeasturias.com\/magazine365\/#website"},"breadcrumb":{"@id":"https:\/\/eldigitaldeasturias.com\/magazine365\/avianca-amplia-su-alianza-con-amadeus\/#breadcrumblist"},"author":{"@id":"https:\/\/eldigitaldeasturias.com\/magazine365\/author\/admin\/#author"},"creator":{"@id":"https:\/\/eldigitaldeasturias.com\/magazine365\/author\/admin\/#author"},"image":{"@type":"ImageObject","url":"https:\/\/eldigitaldeasturias.com\/magazine365\/wp-content\/uploads\/2016\/06\/fotonoticia_20160603102347_800.jpg","@id":"https:\/\/eldigitaldeasturias.com\/magazine365\/avianca-amplia-su-alianza-con-amadeus\/#mainImage","width":800,"height":531},"primaryImageOfPage":{"@id":"https:\/\/eldigitaldeasturias.com\/magazine365\/avianca-amplia-su-alianza-con-amadeus\/#mainImage"},"datePublished":"2016-06-06T07:03:31+02:00","dateModified":"2016-06-06T07:03:31+02:00"},{"@type":"WebSite","@id":"https:\/\/eldigitaldeasturias.com\/magazine365\/#website","url":"https:\/\/eldigitaldeasturias.com\/magazine365\/","name":"El Digital de Asturias","description":"Revista de ocio, turismo y estilo de vida","inLanguage":"es-ES","publisher":{"@id":"https:\/\/eldigitaldeasturias.com\/magazine365\/#organization"}}]},"og:locale":"es_ES","og:site_name":"El Digital de Asturias \u2013 Revista de ocio, turismo y estilo de vida","og:type":"article","og:title":"Avianca ampl\u00eda su alianza con Amadeus | El Digital de Asturias","og:description":"Avianca ha ampliado su alianza con Amadeus a largo plazo con el fin de mejorar la experiencia de usuario e impulsar sus ingresos, seg\u00fan informaron ambas entidades en un comunicado conjunto. El objetivo de la compa\u00f1\u00eda a\u00e9rea es involucrar al viajeros en los procesos de b\u00fasqueda de vuelos, reserva, servicios en el aeropuerto o estancia","og:url":"https:\/\/eldigitaldeasturias.com\/magazine365\/avianca-amplia-su-alianza-con-amadeus\/","og:image":"https:\/\/eldigitaldeasturias.com\/magazine365\/wp-content\/uploads\/2016\/06\/fotonoticia_20160603102347_800.jpg","og:image:secure_url":"https:\/\/eldigitaldeasturias.com\/magazine365\/wp-content\/uploads\/2016\/06\/fotonoticia_20160603102347_800.jpg","og:image:width":800,"og:image:height":531,"article:published_time":"2016-06-06T05:03:31+00:00","article:modified_time":"2016-06-06T05:03:31+00:00","twitter:card":"summary_large_image","twitter:title":"Avianca ampl\u00eda su alianza con Amadeus | El Digital de Asturias","twitter:description":"Avianca ha ampliado su alianza con Amadeus a largo plazo con el fin de mejorar la experiencia de usuario e impulsar sus ingresos, seg\u00fan informaron ambas entidades en un comunicado conjunto. El objetivo de la compa\u00f1\u00eda a\u00e9rea es involucrar al viajeros en los procesos de b\u00fasqueda de vuelos, reserva, servicios en el aeropuerto o estancia","twitter:image":"https:\/\/eldigitaldeasturias.com\/magazine365\/wp-content\/uploads\/2016\/06\/fotonoticia_20160603102347_800.jpg"},"aioseo_meta_data":{"post_id":"77638","title":null,"description":null,"keywords":null,"keyphrases":null,"primary_term":null,"canonical_url":null,"og_title":null,"og_description":null,"og_object_type":"default","og_image_type":"default","og_image_url":null,"og_image_width":null,"og_image_height":null,"og_image_custom_url":null,"og_image_custom_fields":null,"og_video":null,"og_custom_url":null,"og_article_section":null,"og_article_tags":null,"twitter_use_og":false,"twitter_card":"default","twitter_image_type":"default","twitter_image_url":null,"twitter_image_custom_url":null,"twitter_image_custom_fields":null,"twitter_title":null,"twitter_description":null,"schema":{"blockGraphs":[],"customGraphs":[],"default":{"data":{"Article":[],"Course":[],"Dataset":[],"FAQPage":[],"Movie":[],"Person":[],"Product":[],"ProductReview":[],"Car":[],"Recipe":[],"Service":[],"SoftwareApplication":[],"WebPage":[]},"graphName":"","isEnabled":true},"graphs":[],"defaultGraph":"","defaultPostTypeGraph":""},"schema_type":null,"schema_type_options":null,"pillar_content":false,"robots_default":true,"robots_noindex":false,"robots_noarchive":false,"robots_nosnippet":false,"robots_nofollow":false,"robots_noimageindex":false,"robots_noodp":false,"robots_notranslate":false,"robots_max_snippet":null,"robots_max_videopreview":null,"robots_max_imagepreview":"large","priority":null,"frequency":null,"location":null,"local_seo":null,"seo_analyzer_scan_date":"2025-09-27 15:18:51","breadcrumb_settings":null,"limit_modified_date":false,"open_ai":null,"ai":null,"created":"2021-03-08 18:11:06","updated":"2025-09-27 15:18:51"},"aioseo_breadcrumb":"<div class=\"aioseo-breadcrumbs\"><span class=\"aioseo-breadcrumb\">\n\t<a href=\"https:\/\/eldigitaldeasturias.com\/magazine365\" title=\"Home\">Home<\/a>\n<\/span><span class=\"aioseo-breadcrumb-separator\">\u2013<\/span><span class=\"aioseo-breadcrumb\">\n\t<a href=\"https:\/\/eldigitaldeasturias.com\/magazine365\/category\/noticias-actualidad\/\" title=\"Noticias y Actualidad\">Noticias y Actualidad<\/a>\n<\/span><span class=\"aioseo-breadcrumb-separator\">\u2013<\/span><span class=\"aioseo-breadcrumb\">\n\t<a href=\"https:\/\/eldigitaldeasturias.com\/magazine365\/avianca-amplia-su-alianza-con-amadeus\/\" title=\"Avianca ampl\u00eda su alianza con Amadeus\">Avianca ampl\u00eda su alianza con Amadeus<\/a>\n<\/span><\/div>","aioseo_breadcrumb_json":[{"label":"Home","link":"https:\/\/eldigitaldeasturias.com\/magazine365"},{"label":"Noticias y Actualidad","link":"https:\/\/eldigitaldeasturias.com\/magazine365\/category\/noticias-actualidad\/"},{"label":"Avianca ampl\u00eda su alianza con Amadeus","link":"https:\/\/eldigitaldeasturias.com\/magazine365\/avianca-amplia-su-alianza-con-amadeus\/"}],"_links":{"self":[{"href":"https:\/\/eldigitaldeasturias.com\/magazine365\/wp-json\/wp\/v2\/posts\/77638","targetHints":{"allow":["GET"]}}],"collection":[{"href":"https:\/\/eldigitaldeasturias.com\/magazine365\/wp-json\/wp\/v2\/posts"}],"about":[{"href":"https:\/\/eldigitaldeasturias.com\/magazine365\/wp-json\/wp\/v2\/types\/post"}],"author":[{"embeddable":true,"href":"https:\/\/eldigitaldeasturias.com\/magazine365\/wp-json\/wp\/v2\/users\/1"}],"replies":[{"embeddable":true,"href":"https:\/\/eldigitaldeasturias.com\/magazine365\/wp-json\/wp\/v2\/comments?post=77638"}],"version-history":[{"count":0,"href":"https:\/\/eldigitaldeasturias.com\/magazine365\/wp-json\/wp\/v2\/posts\/77638\/revisions"}],"wp:featuredmedia":[{"embeddable":true,"href":"https:\/\/eldigitaldeasturias.com\/magazine365\/wp-json\/wp\/v2\/media\/77639"}],"wp:attachment":[{"href":"https:\/\/eldigitaldeasturias.com\/magazine365\/wp-json\/wp\/v2\/media?parent=77638"}],"wp:term":[{"taxonomy":"category","embeddable":true,"href":"https:\/\/eldigitaldeasturias.com\/magazine365\/wp-json\/wp\/v2\/categories?post=77638"},{"taxonomy":"post_tag","embeddable":true,"href":"https:\/\/eldigitaldeasturias.com\/magazine365\/wp-json\/wp\/v2\/tags?post=77638"}],"curies":[{"name":"wp","href":"https:\/\/api.w.org\/{rel}","templated":true}]}}