{"id":77612,"date":"2016-06-05T12:09:03","date_gmt":"2016-06-05T10:09:03","guid":{"rendered":"http:\/\/eldigitaldeasturias.com\/magazine365\/?p=77612"},"modified":"2016-06-05T12:09:03","modified_gmt":"2016-06-05T10:09:03","slug":"feria-de-la-cereza-en-el-valle-del-jerte","status":"publish","type":"post","link":"https:\/\/eldigitaldeasturias.com\/magazine365\/feria-de-la-cereza-en-el-valle-del-jerte\/","title":{"rendered":"Feria de la Cereza en el Valle del Jerte"},"content":{"rendered":"<p><img fetchpriority=\"high\" decoding=\"async\" class=\"alignleft size-medium wp-image-77613\" src=\"https:\/\/eldigitaldeasturias.com\/magazine365\/wp-content\/uploads\/2016\/06\/fotonoticia_20160602135351_800-360x239.jpg\" alt=\"fotonoticia_20160602135351_800\" width=\"360\" height=\"239\" srcset=\"https:\/\/eldigitaldeasturias.com\/magazine365\/wp-content\/uploads\/2016\/06\/fotonoticia_20160602135351_800-360x239.jpg 360w, https:\/\/eldigitaldeasturias.com\/magazine365\/wp-content\/uploads\/2016\/06\/fotonoticia_20160602135351_800-650x431.jpg 650w, https:\/\/eldigitaldeasturias.com\/magazine365\/wp-content\/uploads\/2016\/06\/fotonoticia_20160602135351_800-768x510.jpg 768w, https:\/\/eldigitaldeasturias.com\/magazine365\/wp-content\/uploads\/2016\/06\/fotonoticia_20160602135351_800-150x100.jpg 150w, https:\/\/eldigitaldeasturias.com\/magazine365\/wp-content\/uploads\/2016\/06\/fotonoticia_20160602135351_800-450x299.jpg 450w, https:\/\/eldigitaldeasturias.com\/magazine365\/wp-content\/uploads\/2016\/06\/fotonoticia_20160602135351_800-121x79.jpg 121w, https:\/\/eldigitaldeasturias.com\/magazine365\/wp-content\/uploads\/2016\/06\/fotonoticia_20160602135351_800-101x66.jpg 101w, https:\/\/eldigitaldeasturias.com\/magazine365\/wp-content\/uploads\/2016\/06\/fotonoticia_20160602135351_800.jpg 800w\" sizes=\"(max-width: 360px) 100vw, 360px\" \/>La VII Feria de la Cereza en el Valle del Jerte ofrecer\u00e1 este domingo, 5 de junio, en Piornal (C\u00e1ceres), degustaciones y catas de este fruto, cuyas actividades se desarrollar\u00e1n entre las 10,00 y las 14,00 horas.<\/p>\n<p>Adem\u00e1s, tambi\u00e9n habr\u00e1 espacio para un mercado de cerezas con la presencia de cooperativas y productores, productos derivados o artesan\u00eda contempor\u00e1nea, degustaci\u00f3n de gazpacho de cerezas, animaci\u00f3n de calle, juegos, talleres y cuentacuentos para los m\u00e1s peque\u00f1os.<\/p>\n<p>Este a\u00f1o como novedad tendr\u00e1 lugar un taller gastron\u00f3mico que mostrar\u00e1 las posibilidades de este producto en la cocina y los visitantes aprender\u00e1n a diferenciar distintas variedades de este fruto, seg\u00fan ha informado en nota de prensa la Sociedad para la Promoci\u00f3n y Desarrollo del Valle del Jerte (Soprodevaje).<\/p>\n<p>Asimismo, tambi\u00e9n habr\u00e1 tiempo para el senderismo con la ruta PR-CC12 &#8216;Los Llanos &#8211; Cascada del Calder\u00f3n&#8217;, que partir\u00e1 a las 09,00 horas desde la puerta de la iglesia de la localidad.<\/p>\n<p>M\u00e1s tarde, tendr\u00e1 lugar una Ruta Cultural Etnogr\u00e1fica guiada por la localidad que invitar\u00e1 a los participantes a descubrir la historia y rincones del municipio, con salidas a las 11,00 y a las 13,00 horas tambi\u00e9n desde la puerta de la Iglesia.<\/p>\n<p>Adem\u00e1s, coincidiendo con la feria, la Cooperativa San Jos\u00e9 de Piornal celebra una jornada de puertas abiertas con muestra y cata de cerezas de 11,00h a 13,00 horas.<\/p>\n<p>Tambi\u00e9n, este fin de semana ser\u00e1 la primera oportunidad para disfrutar de las creaciones de las XI Jornadas Gastron\u00f3micas de la Cereza Picota, cuyos platos fueron presentados este pasado mi\u00e9rcoles en Jerte durante el acto de inauguraci\u00f3n de La Cerecera.<\/p>\n<p>La VII Feria de la Cereza es uno de los actos enmarcados en la Cerecera 2016 organizada por la Soprodevaje y que se extiende hasta finales de julio con diferentes propuestas culturales, gastron\u00f3micas y de ocio en los once municipios de la comarca.<\/p>\n","protected":false},"excerpt":{"rendered":"<p>La VII Feria de la Cereza en el Valle del Jerte ofrecer\u00e1 este domingo, 5 de junio, en Piornal (C\u00e1ceres), degustaciones y catas de este fruto, cuyas actividades se desarrollar\u00e1n entre las 10,00 y las 14,00 horas. Adem\u00e1s, tambi\u00e9n habr\u00e1 espacio para un mercado de cerezas con la presencia de cooperativas y productores, productos derivados<\/p>\n","protected":false},"author":1,"featured_media":77613,"comment_status":"open","ping_status":"closed","sticky":false,"template":"","format":"standard","meta":{"footnotes":""},"categories":[224],"tags":[],"class_list":{"0":"post-77612","1":"post","2":"type-post","3":"status-publish","4":"format-standard","5":"has-post-thumbnail","7":"category-noticias-actualidad"},"aioseo_notices":[],"aioseo_head":"\n\t\t<!-- All in One SEO Pro 4.9.6.1 - aioseo.com -->\n\t<meta name=\"description\" content=\"La VII Feria de la Cereza en el Valle del Jerte ofrecer\u00e1 este domingo, 5 de junio, en Piornal (C\u00e1ceres), degustaciones y catas de este fruto, cuyas actividades se desarrollar\u00e1n entre las 10,00 y las 14,00 horas. Adem\u00e1s, tambi\u00e9n habr\u00e1 espacio para un mercado de cerezas con la presencia de cooperativas y productores, productos derivados\" \/>\n\t<meta name=\"robots\" content=\"max-image-preview:large\" \/>\n\t<meta name=\"author\" content=\"admin\"\/>\n\t<meta name=\"google-site-verification\" content=\"UA-38556648-1\" \/>\n\t<meta name=\"keywords\" content=\"noticias y actualidad\" \/>\n\t<link rel=\"canonical\" href=\"https:\/\/eldigitaldeasturias.com\/magazine365\/feria-de-la-cereza-en-el-valle-del-jerte\/\" \/>\n\t<meta name=\"generator\" content=\"All in One SEO Pro (AIOSEO) 4.9.6.1\" \/>\n\t\t<meta property=\"og:locale\" content=\"es_ES\" \/>\n\t\t<meta property=\"og:site_name\" content=\"El Digital de Asturias \u2013 Revista de ocio, turismo y estilo de vida\" \/>\n\t\t<meta property=\"og:type\" content=\"article\" \/>\n\t\t<meta property=\"og:title\" content=\"Feria de la Cereza en el Valle del Jerte | El Digital de Asturias\" \/>\n\t\t<meta property=\"og:description\" content=\"La VII Feria de la Cereza en el Valle del Jerte ofrecer\u00e1 este domingo, 5 de junio, en Piornal (C\u00e1ceres), degustaciones y catas de este fruto, cuyas actividades se desarrollar\u00e1n entre las 10,00 y las 14,00 horas. Adem\u00e1s, tambi\u00e9n habr\u00e1 espacio para un mercado de cerezas con la presencia de cooperativas y productores, productos derivados\" \/>\n\t\t<meta property=\"og:url\" content=\"https:\/\/eldigitaldeasturias.com\/magazine365\/feria-de-la-cereza-en-el-valle-del-jerte\/\" \/>\n\t\t<meta property=\"og:image\" content=\"https:\/\/eldigitaldeasturias.com\/magazine365\/wp-content\/uploads\/2016\/06\/fotonoticia_20160602135351_800.jpg\" \/>\n\t\t<meta property=\"og:image:secure_url\" content=\"https:\/\/eldigitaldeasturias.com\/magazine365\/wp-content\/uploads\/2016\/06\/fotonoticia_20160602135351_800.jpg\" \/>\n\t\t<meta property=\"og:image:width\" content=\"800\" \/>\n\t\t<meta property=\"og:image:height\" content=\"531\" \/>\n\t\t<meta property=\"article:published_time\" content=\"2016-06-05T10:09:03+00:00\" \/>\n\t\t<meta property=\"article:modified_time\" content=\"2016-06-05T10:09:03+00:00\" \/>\n\t\t<meta name=\"twitter:card\" content=\"summary_large_image\" \/>\n\t\t<meta name=\"twitter:title\" content=\"Feria de la Cereza en el Valle del Jerte | El Digital de Asturias\" \/>\n\t\t<meta name=\"twitter:description\" content=\"La VII Feria de la Cereza en el Valle del Jerte ofrecer\u00e1 este domingo, 5 de junio, en Piornal (C\u00e1ceres), degustaciones y catas de este fruto, cuyas actividades se desarrollar\u00e1n entre las 10,00 y las 14,00 horas. Adem\u00e1s, tambi\u00e9n habr\u00e1 espacio para un mercado de cerezas con la presencia de cooperativas y productores, productos derivados\" \/>\n\t\t<meta name=\"twitter:image\" content=\"https:\/\/eldigitaldeasturias.com\/magazine365\/wp-content\/uploads\/2016\/06\/fotonoticia_20160602135351_800.jpg\" \/>\n\t\t<script type=\"application\/ld+json\" class=\"aioseo-schema\">\n\t\t\t{\"@context\":\"https:\\\/\\\/schema.org\",\"@graph\":[{\"@type\":\"Article\",\"@id\":\"https:\\\/\\\/eldigitaldeasturias.com\\\/magazine365\\\/feria-de-la-cereza-en-el-valle-del-jerte\\\/#article\",\"name\":\"Feria de la Cereza en el Valle del Jerte | El Digital de Asturias\",\"headline\":\"Feria de la Cereza en el Valle del Jerte\",\"author\":{\"@id\":\"https:\\\/\\\/eldigitaldeasturias.com\\\/magazine365\\\/author\\\/admin\\\/#author\"},\"publisher\":{\"@id\":\"https:\\\/\\\/eldigitaldeasturias.com\\\/magazine365\\\/#organization\"},\"image\":{\"@type\":\"ImageObject\",\"url\":\"https:\\\/\\\/eldigitaldeasturias.com\\\/magazine365\\\/wp-content\\\/uploads\\\/2016\\\/06\\\/fotonoticia_20160602135351_800.jpg\",\"width\":800,\"height\":531},\"datePublished\":\"2016-06-05T12:09:03+02:00\",\"dateModified\":\"2016-06-05T12:09:03+02:00\",\"inLanguage\":\"es-ES\",\"mainEntityOfPage\":{\"@id\":\"https:\\\/\\\/eldigitaldeasturias.com\\\/magazine365\\\/feria-de-la-cereza-en-el-valle-del-jerte\\\/#webpage\"},\"isPartOf\":{\"@id\":\"https:\\\/\\\/eldigitaldeasturias.com\\\/magazine365\\\/feria-de-la-cereza-en-el-valle-del-jerte\\\/#webpage\"},\"articleSection\":\"Noticias y Actualidad\"},{\"@type\":\"BreadcrumbList\",\"@id\":\"https:\\\/\\\/eldigitaldeasturias.com\\\/magazine365\\\/feria-de-la-cereza-en-el-valle-del-jerte\\\/#breadcrumblist\",\"itemListElement\":[{\"@type\":\"ListItem\",\"@id\":\"https:\\\/\\\/eldigitaldeasturias.com\\\/magazine365#listItem\",\"position\":1,\"name\":\"Home\",\"item\":\"https:\\\/\\\/eldigitaldeasturias.com\\\/magazine365\",\"nextItem\":{\"@type\":\"ListItem\",\"@id\":\"https:\\\/\\\/eldigitaldeasturias.com\\\/magazine365\\\/category\\\/noticias-actualidad\\\/#listItem\",\"name\":\"Noticias y Actualidad\"}},{\"@type\":\"ListItem\",\"@id\":\"https:\\\/\\\/eldigitaldeasturias.com\\\/magazine365\\\/category\\\/noticias-actualidad\\\/#listItem\",\"position\":2,\"name\":\"Noticias y Actualidad\",\"item\":\"https:\\\/\\\/eldigitaldeasturias.com\\\/magazine365\\\/category\\\/noticias-actualidad\\\/\",\"nextItem\":{\"@type\":\"ListItem\",\"@id\":\"https:\\\/\\\/eldigitaldeasturias.com\\\/magazine365\\\/feria-de-la-cereza-en-el-valle-del-jerte\\\/#listItem\",\"name\":\"Feria de la Cereza en el Valle del Jerte\"},\"previousItem\":{\"@type\":\"ListItem\",\"@id\":\"https:\\\/\\\/eldigitaldeasturias.com\\\/magazine365#listItem\",\"name\":\"Home\"}},{\"@type\":\"ListItem\",\"@id\":\"https:\\\/\\\/eldigitaldeasturias.com\\\/magazine365\\\/feria-de-la-cereza-en-el-valle-del-jerte\\\/#listItem\",\"position\":3,\"name\":\"Feria de la Cereza en el Valle del Jerte\",\"previousItem\":{\"@type\":\"ListItem\",\"@id\":\"https:\\\/\\\/eldigitaldeasturias.com\\\/magazine365\\\/category\\\/noticias-actualidad\\\/#listItem\",\"name\":\"Noticias y Actualidad\"}}]},{\"@type\":\"Organization\",\"@id\":\"https:\\\/\\\/eldigitaldeasturias.com\\\/magazine365\\\/#organization\",\"name\":\"El digital de Asturias\",\"description\":\"Revista de ocio, turismo y estilo de vida\",\"url\":\"https:\\\/\\\/eldigitaldeasturias.com\\\/magazine365\\\/\",\"logo\":{\"@type\":\"ImageObject\",\"url\":\"https:\\\/\\\/www.eldigitaldeasturias.com\\\/noticias\\\/wp-content\\\/uploads\\\/2020\\\/12\\\/EDA.jpg\",\"@id\":\"https:\\\/\\\/eldigitaldeasturias.com\\\/magazine365\\\/feria-de-la-cereza-en-el-valle-del-jerte\\\/#organizationLogo\"},\"image\":{\"@id\":\"https:\\\/\\\/eldigitaldeasturias.com\\\/magazine365\\\/feria-de-la-cereza-en-el-valle-del-jerte\\\/#organizationLogo\"}},{\"@type\":\"Person\",\"@id\":\"https:\\\/\\\/eldigitaldeasturias.com\\\/magazine365\\\/author\\\/admin\\\/#author\",\"url\":\"https:\\\/\\\/eldigitaldeasturias.com\\\/magazine365\\\/author\\\/admin\\\/\",\"name\":\"admin\",\"image\":{\"@type\":\"ImageObject\",\"@id\":\"https:\\\/\\\/eldigitaldeasturias.com\\\/magazine365\\\/feria-de-la-cereza-en-el-valle-del-jerte\\\/#authorImage\",\"url\":\"https:\\\/\\\/eldigitaldeasturias.com\\\/magazine365\\\/wp-content\\\/litespeed\\\/avatar\\\/e571bcf59a0edd6fa6838245a470f2fe.jpg?ver=1776969259\",\"width\":96,\"height\":96,\"caption\":\"admin\"}},{\"@type\":\"WebPage\",\"@id\":\"https:\\\/\\\/eldigitaldeasturias.com\\\/magazine365\\\/feria-de-la-cereza-en-el-valle-del-jerte\\\/#webpage\",\"url\":\"https:\\\/\\\/eldigitaldeasturias.com\\\/magazine365\\\/feria-de-la-cereza-en-el-valle-del-jerte\\\/\",\"name\":\"Feria de la Cereza en el Valle del Jerte | El Digital de Asturias\",\"description\":\"La VII Feria de la Cereza en el Valle del Jerte ofrecer\\u00e1 este domingo, 5 de junio, en Piornal (C\\u00e1ceres), degustaciones y catas de este fruto, cuyas actividades se desarrollar\\u00e1n entre las 10,00 y las 14,00 horas. Adem\\u00e1s, tambi\\u00e9n habr\\u00e1 espacio para un mercado de cerezas con la presencia de cooperativas y productores, productos derivados\",\"inLanguage\":\"es-ES\",\"isPartOf\":{\"@id\":\"https:\\\/\\\/eldigitaldeasturias.com\\\/magazine365\\\/#website\"},\"breadcrumb\":{\"@id\":\"https:\\\/\\\/eldigitaldeasturias.com\\\/magazine365\\\/feria-de-la-cereza-en-el-valle-del-jerte\\\/#breadcrumblist\"},\"author\":{\"@id\":\"https:\\\/\\\/eldigitaldeasturias.com\\\/magazine365\\\/author\\\/admin\\\/#author\"},\"creator\":{\"@id\":\"https:\\\/\\\/eldigitaldeasturias.com\\\/magazine365\\\/author\\\/admin\\\/#author\"},\"image\":{\"@type\":\"ImageObject\",\"url\":\"https:\\\/\\\/eldigitaldeasturias.com\\\/magazine365\\\/wp-content\\\/uploads\\\/2016\\\/06\\\/fotonoticia_20160602135351_800.jpg\",\"@id\":\"https:\\\/\\\/eldigitaldeasturias.com\\\/magazine365\\\/feria-de-la-cereza-en-el-valle-del-jerte\\\/#mainImage\",\"width\":800,\"height\":531},\"primaryImageOfPage\":{\"@id\":\"https:\\\/\\\/eldigitaldeasturias.com\\\/magazine365\\\/feria-de-la-cereza-en-el-valle-del-jerte\\\/#mainImage\"},\"datePublished\":\"2016-06-05T12:09:03+02:00\",\"dateModified\":\"2016-06-05T12:09:03+02:00\"},{\"@type\":\"WebSite\",\"@id\":\"https:\\\/\\\/eldigitaldeasturias.com\\\/magazine365\\\/#website\",\"url\":\"https:\\\/\\\/eldigitaldeasturias.com\\\/magazine365\\\/\",\"name\":\"El Digital de Asturias\",\"description\":\"Revista de ocio, turismo y estilo de vida\",\"inLanguage\":\"es-ES\",\"publisher\":{\"@id\":\"https:\\\/\\\/eldigitaldeasturias.com\\\/magazine365\\\/#organization\"}}]}\n\t\t<\/script>\n\t\t<!-- All in One SEO Pro -->\r\n\t\t<title>Feria de la Cereza en el Valle del Jerte | El Digital de Asturias<\/title>\n\n","aioseo_head_json":{"title":"Feria de la Cereza en el Valle del Jerte | El Digital de Asturias","description":"La VII Feria de la Cereza en el Valle del Jerte ofrecer\u00e1 este domingo, 5 de junio, en Piornal (C\u00e1ceres), degustaciones y catas de este fruto, cuyas actividades se desarrollar\u00e1n entre las 10,00 y las 14,00 horas. Adem\u00e1s, tambi\u00e9n habr\u00e1 espacio para un mercado de cerezas con la presencia de cooperativas y productores, productos derivados","canonical_url":"https:\/\/eldigitaldeasturias.com\/magazine365\/feria-de-la-cereza-en-el-valle-del-jerte\/","robots":"max-image-preview:large","keywords":"noticias y actualidad","webmasterTools":{"google-site-verification":"UA-38556648-1","miscellaneous":""},"schema":{"@context":"https:\/\/schema.org","@graph":[{"@type":"Article","@id":"https:\/\/eldigitaldeasturias.com\/magazine365\/feria-de-la-cereza-en-el-valle-del-jerte\/#article","name":"Feria de la Cereza en el Valle del Jerte | El Digital de Asturias","headline":"Feria de la Cereza en el Valle del Jerte","author":{"@id":"https:\/\/eldigitaldeasturias.com\/magazine365\/author\/admin\/#author"},"publisher":{"@id":"https:\/\/eldigitaldeasturias.com\/magazine365\/#organization"},"image":{"@type":"ImageObject","url":"https:\/\/eldigitaldeasturias.com\/magazine365\/wp-content\/uploads\/2016\/06\/fotonoticia_20160602135351_800.jpg","width":800,"height":531},"datePublished":"2016-06-05T12:09:03+02:00","dateModified":"2016-06-05T12:09:03+02:00","inLanguage":"es-ES","mainEntityOfPage":{"@id":"https:\/\/eldigitaldeasturias.com\/magazine365\/feria-de-la-cereza-en-el-valle-del-jerte\/#webpage"},"isPartOf":{"@id":"https:\/\/eldigitaldeasturias.com\/magazine365\/feria-de-la-cereza-en-el-valle-del-jerte\/#webpage"},"articleSection":"Noticias y Actualidad"},{"@type":"BreadcrumbList","@id":"https:\/\/eldigitaldeasturias.com\/magazine365\/feria-de-la-cereza-en-el-valle-del-jerte\/#breadcrumblist","itemListElement":[{"@type":"ListItem","@id":"https:\/\/eldigitaldeasturias.com\/magazine365#listItem","position":1,"name":"Home","item":"https:\/\/eldigitaldeasturias.com\/magazine365","nextItem":{"@type":"ListItem","@id":"https:\/\/eldigitaldeasturias.com\/magazine365\/category\/noticias-actualidad\/#listItem","name":"Noticias y Actualidad"}},{"@type":"ListItem","@id":"https:\/\/eldigitaldeasturias.com\/magazine365\/category\/noticias-actualidad\/#listItem","position":2,"name":"Noticias y Actualidad","item":"https:\/\/eldigitaldeasturias.com\/magazine365\/category\/noticias-actualidad\/","nextItem":{"@type":"ListItem","@id":"https:\/\/eldigitaldeasturias.com\/magazine365\/feria-de-la-cereza-en-el-valle-del-jerte\/#listItem","name":"Feria de la Cereza en el Valle del Jerte"},"previousItem":{"@type":"ListItem","@id":"https:\/\/eldigitaldeasturias.com\/magazine365#listItem","name":"Home"}},{"@type":"ListItem","@id":"https:\/\/eldigitaldeasturias.com\/magazine365\/feria-de-la-cereza-en-el-valle-del-jerte\/#listItem","position":3,"name":"Feria de la Cereza en el Valle del Jerte","previousItem":{"@type":"ListItem","@id":"https:\/\/eldigitaldeasturias.com\/magazine365\/category\/noticias-actualidad\/#listItem","name":"Noticias y Actualidad"}}]},{"@type":"Organization","@id":"https:\/\/eldigitaldeasturias.com\/magazine365\/#organization","name":"El digital de Asturias","description":"Revista de ocio, turismo y estilo de vida","url":"https:\/\/eldigitaldeasturias.com\/magazine365\/","logo":{"@type":"ImageObject","url":"https:\/\/www.eldigitaldeasturias.com\/noticias\/wp-content\/uploads\/2020\/12\/EDA.jpg","@id":"https:\/\/eldigitaldeasturias.com\/magazine365\/feria-de-la-cereza-en-el-valle-del-jerte\/#organizationLogo"},"image":{"@id":"https:\/\/eldigitaldeasturias.com\/magazine365\/feria-de-la-cereza-en-el-valle-del-jerte\/#organizationLogo"}},{"@type":"Person","@id":"https:\/\/eldigitaldeasturias.com\/magazine365\/author\/admin\/#author","url":"https:\/\/eldigitaldeasturias.com\/magazine365\/author\/admin\/","name":"admin","image":{"@type":"ImageObject","@id":"https:\/\/eldigitaldeasturias.com\/magazine365\/feria-de-la-cereza-en-el-valle-del-jerte\/#authorImage","url":"https:\/\/eldigitaldeasturias.com\/magazine365\/wp-content\/litespeed\/avatar\/e571bcf59a0edd6fa6838245a470f2fe.jpg?ver=1776969259","width":96,"height":96,"caption":"admin"}},{"@type":"WebPage","@id":"https:\/\/eldigitaldeasturias.com\/magazine365\/feria-de-la-cereza-en-el-valle-del-jerte\/#webpage","url":"https:\/\/eldigitaldeasturias.com\/magazine365\/feria-de-la-cereza-en-el-valle-del-jerte\/","name":"Feria de la Cereza en el Valle del Jerte | El Digital de Asturias","description":"La VII Feria de la Cereza en el Valle del Jerte ofrecer\u00e1 este domingo, 5 de junio, en Piornal (C\u00e1ceres), degustaciones y catas de este fruto, cuyas actividades se desarrollar\u00e1n entre las 10,00 y las 14,00 horas. Adem\u00e1s, tambi\u00e9n habr\u00e1 espacio para un mercado de cerezas con la presencia de cooperativas y productores, productos derivados","inLanguage":"es-ES","isPartOf":{"@id":"https:\/\/eldigitaldeasturias.com\/magazine365\/#website"},"breadcrumb":{"@id":"https:\/\/eldigitaldeasturias.com\/magazine365\/feria-de-la-cereza-en-el-valle-del-jerte\/#breadcrumblist"},"author":{"@id":"https:\/\/eldigitaldeasturias.com\/magazine365\/author\/admin\/#author"},"creator":{"@id":"https:\/\/eldigitaldeasturias.com\/magazine365\/author\/admin\/#author"},"image":{"@type":"ImageObject","url":"https:\/\/eldigitaldeasturias.com\/magazine365\/wp-content\/uploads\/2016\/06\/fotonoticia_20160602135351_800.jpg","@id":"https:\/\/eldigitaldeasturias.com\/magazine365\/feria-de-la-cereza-en-el-valle-del-jerte\/#mainImage","width":800,"height":531},"primaryImageOfPage":{"@id":"https:\/\/eldigitaldeasturias.com\/magazine365\/feria-de-la-cereza-en-el-valle-del-jerte\/#mainImage"},"datePublished":"2016-06-05T12:09:03+02:00","dateModified":"2016-06-05T12:09:03+02:00"},{"@type":"WebSite","@id":"https:\/\/eldigitaldeasturias.com\/magazine365\/#website","url":"https:\/\/eldigitaldeasturias.com\/magazine365\/","name":"El Digital de Asturias","description":"Revista de ocio, turismo y estilo de vida","inLanguage":"es-ES","publisher":{"@id":"https:\/\/eldigitaldeasturias.com\/magazine365\/#organization"}}]},"og:locale":"es_ES","og:site_name":"El Digital de Asturias \u2013 Revista de ocio, turismo y estilo de vida","og:type":"article","og:title":"Feria de la Cereza en el Valle del Jerte | El Digital de Asturias","og:description":"La VII Feria de la Cereza en el Valle del Jerte ofrecer\u00e1 este domingo, 5 de junio, en Piornal (C\u00e1ceres), degustaciones y catas de este fruto, cuyas actividades se desarrollar\u00e1n entre las 10,00 y las 14,00 horas. Adem\u00e1s, tambi\u00e9n habr\u00e1 espacio para un mercado de cerezas con la presencia de cooperativas y productores, productos derivados","og:url":"https:\/\/eldigitaldeasturias.com\/magazine365\/feria-de-la-cereza-en-el-valle-del-jerte\/","og:image":"https:\/\/eldigitaldeasturias.com\/magazine365\/wp-content\/uploads\/2016\/06\/fotonoticia_20160602135351_800.jpg","og:image:secure_url":"https:\/\/eldigitaldeasturias.com\/magazine365\/wp-content\/uploads\/2016\/06\/fotonoticia_20160602135351_800.jpg","og:image:width":800,"og:image:height":531,"article:published_time":"2016-06-05T10:09:03+00:00","article:modified_time":"2016-06-05T10:09:03+00:00","twitter:card":"summary_large_image","twitter:title":"Feria de la Cereza en el Valle del Jerte | El Digital de Asturias","twitter:description":"La VII Feria de la Cereza en el Valle del Jerte ofrecer\u00e1 este domingo, 5 de junio, en Piornal (C\u00e1ceres), degustaciones y catas de este fruto, cuyas actividades se desarrollar\u00e1n entre las 10,00 y las 14,00 horas. Adem\u00e1s, tambi\u00e9n habr\u00e1 espacio para un mercado de cerezas con la presencia de cooperativas y productores, productos derivados","twitter:image":"https:\/\/eldigitaldeasturias.com\/magazine365\/wp-content\/uploads\/2016\/06\/fotonoticia_20160602135351_800.jpg"},"aioseo_meta_data":{"post_id":"77612","title":null,"description":null,"keywords":null,"keyphrases":null,"primary_term":null,"canonical_url":null,"og_title":null,"og_description":null,"og_object_type":"default","og_image_type":"default","og_image_url":null,"og_image_width":null,"og_image_height":null,"og_image_custom_url":null,"og_image_custom_fields":null,"og_video":null,"og_custom_url":null,"og_article_section":null,"og_article_tags":null,"twitter_use_og":false,"twitter_card":"default","twitter_image_type":"default","twitter_image_url":null,"twitter_image_custom_url":null,"twitter_image_custom_fields":null,"twitter_title":null,"twitter_description":null,"schema":{"blockGraphs":[],"customGraphs":[],"default":{"data":{"Article":[],"Course":[],"Dataset":[],"FAQPage":[],"Movie":[],"Person":[],"Product":[],"ProductReview":[],"Car":[],"Recipe":[],"Service":[],"SoftwareApplication":[],"WebPage":[]},"graphName":"","isEnabled":true},"graphs":[],"defaultGraph":"","defaultPostTypeGraph":""},"schema_type":null,"schema_type_options":null,"pillar_content":false,"robots_default":true,"robots_noindex":false,"robots_noarchive":false,"robots_nosnippet":false,"robots_nofollow":false,"robots_noimageindex":false,"robots_noodp":false,"robots_notranslate":false,"robots_max_snippet":null,"robots_max_videopreview":null,"robots_max_imagepreview":"large","priority":null,"frequency":null,"location":null,"local_seo":null,"seo_analyzer_scan_date":"2025-09-27 15:15:28","breadcrumb_settings":null,"limit_modified_date":false,"open_ai":null,"ai":null,"created":"2021-03-08 18:11:06","updated":"2025-09-27 15:15:28"},"aioseo_breadcrumb":"<div class=\"aioseo-breadcrumbs\"><span class=\"aioseo-breadcrumb\">\n\t<a href=\"https:\/\/eldigitaldeasturias.com\/magazine365\" title=\"Home\">Home<\/a>\n<\/span><span class=\"aioseo-breadcrumb-separator\">\u2013<\/span><span class=\"aioseo-breadcrumb\">\n\t<a href=\"https:\/\/eldigitaldeasturias.com\/magazine365\/category\/noticias-actualidad\/\" title=\"Noticias y Actualidad\">Noticias y Actualidad<\/a>\n<\/span><span class=\"aioseo-breadcrumb-separator\">\u2013<\/span><span class=\"aioseo-breadcrumb\">\n\t<a href=\"https:\/\/eldigitaldeasturias.com\/magazine365\/feria-de-la-cereza-en-el-valle-del-jerte\/\" title=\"Feria de la Cereza en el Valle del Jerte\">Feria de la Cereza en el Valle del Jerte<\/a>\n<\/span><\/div>","aioseo_breadcrumb_json":[{"label":"Home","link":"https:\/\/eldigitaldeasturias.com\/magazine365"},{"label":"Noticias y Actualidad","link":"https:\/\/eldigitaldeasturias.com\/magazine365\/category\/noticias-actualidad\/"},{"label":"Feria de la Cereza en el Valle del Jerte","link":"https:\/\/eldigitaldeasturias.com\/magazine365\/feria-de-la-cereza-en-el-valle-del-jerte\/"}],"_links":{"self":[{"href":"https:\/\/eldigitaldeasturias.com\/magazine365\/wp-json\/wp\/v2\/posts\/77612","targetHints":{"allow":["GET"]}}],"collection":[{"href":"https:\/\/eldigitaldeasturias.com\/magazine365\/wp-json\/wp\/v2\/posts"}],"about":[{"href":"https:\/\/eldigitaldeasturias.com\/magazine365\/wp-json\/wp\/v2\/types\/post"}],"author":[{"embeddable":true,"href":"https:\/\/eldigitaldeasturias.com\/magazine365\/wp-json\/wp\/v2\/users\/1"}],"replies":[{"embeddable":true,"href":"https:\/\/eldigitaldeasturias.com\/magazine365\/wp-json\/wp\/v2\/comments?post=77612"}],"version-history":[{"count":0,"href":"https:\/\/eldigitaldeasturias.com\/magazine365\/wp-json\/wp\/v2\/posts\/77612\/revisions"}],"wp:featuredmedia":[{"embeddable":true,"href":"https:\/\/eldigitaldeasturias.com\/magazine365\/wp-json\/wp\/v2\/media\/77613"}],"wp:attachment":[{"href":"https:\/\/eldigitaldeasturias.com\/magazine365\/wp-json\/wp\/v2\/media?parent=77612"}],"wp:term":[{"taxonomy":"category","embeddable":true,"href":"https:\/\/eldigitaldeasturias.com\/magazine365\/wp-json\/wp\/v2\/categories?post=77612"},{"taxonomy":"post_tag","embeddable":true,"href":"https:\/\/eldigitaldeasturias.com\/magazine365\/wp-json\/wp\/v2\/tags?post=77612"}],"curies":[{"name":"wp","href":"https:\/\/api.w.org\/{rel}","templated":true}]}}