{"id":77594,"date":"2016-06-05T12:02:45","date_gmt":"2016-06-05T10:02:45","guid":{"rendered":"http:\/\/eldigitaldeasturias.com\/magazine365\/?p=77594"},"modified":"2016-06-05T12:02:45","modified_gmt":"2016-06-05T10:02:45","slug":"pacto-por-el-mar-menor-reclama-que-se-ponga-fin-a-las-intervenciones-descontroladas-que-danan-a-la-laguna","status":"publish","type":"post","link":"https:\/\/eldigitaldeasturias.com\/magazine365\/pacto-por-el-mar-menor-reclama-que-se-ponga-fin-a-las-intervenciones-descontroladas-que-danan-a-la-laguna\/","title":{"rendered":"Pacto por el Mar Menor reclama que se ponga fin a las \u00abintervenciones descontroladas que da\u00f1an a la laguna\u00bb"},"content":{"rendered":"<p><img fetchpriority=\"high\" decoding=\"async\" class=\"alignleft size-medium wp-image-77595\" src=\"https:\/\/eldigitaldeasturias.com\/magazine365\/wp-content\/uploads\/2016\/06\/fotonoticia_20160602121413_800-360x270.jpg\" alt=\"fotonoticia_20160602121413_800\" width=\"360\" height=\"270\" srcset=\"https:\/\/eldigitaldeasturias.com\/magazine365\/wp-content\/uploads\/2016\/06\/fotonoticia_20160602121413_800-360x270.jpg 360w, https:\/\/eldigitaldeasturias.com\/magazine365\/wp-content\/uploads\/2016\/06\/fotonoticia_20160602121413_800-650x488.jpg 650w, https:\/\/eldigitaldeasturias.com\/magazine365\/wp-content\/uploads\/2016\/06\/fotonoticia_20160602121413_800-768x576.jpg 768w, https:\/\/eldigitaldeasturias.com\/magazine365\/wp-content\/uploads\/2016\/06\/fotonoticia_20160602121413_800-150x113.jpg 150w, https:\/\/eldigitaldeasturias.com\/magazine365\/wp-content\/uploads\/2016\/06\/fotonoticia_20160602121413_800-450x338.jpg 450w, https:\/\/eldigitaldeasturias.com\/magazine365\/wp-content\/uploads\/2016\/06\/fotonoticia_20160602121413_800-90x67.jpg 90w, https:\/\/eldigitaldeasturias.com\/magazine365\/wp-content\/uploads\/2016\/06\/fotonoticia_20160602121413_800-164x124.jpg 164w, https:\/\/eldigitaldeasturias.com\/magazine365\/wp-content\/uploads\/2016\/06\/fotonoticia_20160602121413_800-100x75.jpg 100w, https:\/\/eldigitaldeasturias.com\/magazine365\/wp-content\/uploads\/2016\/06\/fotonoticia_20160602121413_800.jpg 800w\" sizes=\"(max-width: 360px) 100vw, 360px\" \/>La Plataforma Pacto por el Mar Menor ha insistido en la \u00aburgencia\u00bb de redactar y aprobar el Plan de Gesti\u00f3n Integral de los Espacios Protegidos del Mar Menor \u00aba la mayor brevedad\u00bb con el fin de acabar con \u00abintervenciones descontroladas que tanto da\u00f1o causan a la laguna\u00bb.<\/p>\n<p>A pesar de las conclusiones extra\u00eddas de las Jornadas cient\u00edfico-t\u00e9cnicas celebradas el 30 de mayo en la UPCT de Cartagena y las del pasado mes de diciembre en la Universidad de Murcia, ambas organizadas por esta Plataforma social y las continuas advertencias de los investigadores expertos en el Mar Menor, \u00ablas malas pr\u00e1cticas por parte de algunos ayuntamientos de su entorno no cesan\u00bb.<\/p>\n<p>As\u00ed, denuncian que \u00aben los \u00faltimos d\u00edas de las mal llamadas regeneraciones de playas y limpiezas utilizando maquinaria pesada que entran dentro del agua removiendo fondos y que contribuyen de forma importante al deterioro de la laguna\u00bb.<\/p>\n<p>Desde Pacto por el Mar Menor exigen a la Consejer\u00eda de Medio Ambiente, ayuntamientos, Demarcaci\u00f3n de Costas y dem\u00e1s organismos implicados que \u00abimpidan y cesen definitivamente estas actuaciones que, con una supuesta justificaci\u00f3n est\u00e9tica, lo \u00fanico que consiguen es empeorar la calidad de las aguas hasta el extremo de que en un plazo breve dejar\u00e1n de tener atractivo alguno para el turismo\u00bb.<\/p>\n<p>Este viernes, a las 20.00 horas, han organizado junto con L.A. Eco-Cultural de los Alc\u00e1zares una conferencia en el sal\u00f3n de plenos del Ayuntamiento de los Alc\u00e1zares y el d\u00eda 12 del mismo mes, una marcha en bicicleta con salidas desde Los Alc\u00e1zares y los Urrutias a las 11.00 horas y posterior concentraci\u00f3n en la desembocadura de la Rambla de El Albuj\u00f3n a las 12.00 horas.<\/p>\n<p>La extrema turbidez y la degradaci\u00f3n se han adue\u00f1ado del Mar Menor hasta el punto de que \u00e9ste podr\u00eda ser el \u00faltimo a\u00f1o de la mayor laguna salada litoral de Espa\u00f1a, que ya ha perdido la tradicional transparencia de sus aguas, seg\u00fan expone, en declaraciones a Europa Press, la portavoz de la Plataforma Pacto por el Mar Menor, Isabel Rubio.<\/p>\n<p>CATALOGADO COMO PARQUE NATURAL.<\/p>\n<p>Seg\u00fan Rubio, el Mar Menor, catalogado como Parque Natural, humedal Ramsar, Zona Especialmente Protegida de Importancia para el Mediterr\u00e1neo (Convenio de Barcelona), Zona de Especial Protecci\u00f3n para las Aves y Lugar de Importancia para la Conservaci\u00f3n perteneciente a la Red Natura 2000, \u00abha sufrido un grave y progresivo deterioro en las \u00faltimas d\u00e9cadas y la protecci\u00f3n internacional que tiene no se est\u00e1 respetando\u00bb.<\/p>\n<p>\u00abLas distintas administraciones no ha hecho nada por evitar la entrada de vertidos durante los 365 d\u00edas del a\u00f1o procedentes, principalmente, de la rambla de El Albuj\u00f3n\u00bb, lamenta Rubio, quien se\u00f1ala que su progresivo deterioro se debe a \u00e9ste y otros factores, tales como \u00abuna excesiva presi\u00f3n urban\u00edstica, malas pr\u00e1cticas de los ayuntamientos, como, por ejemplo, las llamadas regeneraciones de playas, proliferaci\u00f3n de espigones e infraestructuras que han impedido la din\u00e1mica natural de las corrientes marinas\u00bb.<\/p>\n<p>Estos vertidos son, principalmente, de origen agr\u00edcola, en forma de abonos con gran presencia de fosfatos y \u00abesta acumulaci\u00f3n de nutrientes imposibles de asimilar por el ecosistema ha provocado que el Mar Menor se encuentre en una situaci\u00f3n extrema y pr\u00f3ximo a un punto de no retorno\u00bb.<\/p>\n<p>La portavoz de la plataforma, que aglutina a ciudadanos, asociaciones vecinales, profesionales y ecologistas, la totalidad de los sindicatos mayoritarios y una amplia representaci\u00f3n de los cient\u00edficos de la Regi\u00f3n, ha manifestado que \u00abeste proceso de deterioro se inici\u00f3 en la d\u00e9cada de los setenta con el ensanchamiento del canal del Estacio y se podr\u00eda haber evitado si la Administraci\u00f3n regional hubiera desarrollado el Plan de Gesti\u00f3n de los Espacios Naturales que alberga la laguna y hubiera ejercido un m\u00ednimo control sobre las actividades que se desarrollan en su entorno, y si la Confederaci\u00f3n Hidrogr\u00e1fica del Segura hubiese impedido el continuo vertido de aguas residuales de la desalaci\u00f3n y drenaje del Campo de Cartagena\u00bb.<\/p>\n<p>Adem\u00e1s, recuerda que \u00abla invasi\u00f3n de medusas de a\u00f1os pasados se ha debido a la acumulaci\u00f3n de los nutrientes que vierte la rambla del Albuj\u00f3n y el arrastre de desechos de todo tipo por la lluvia\u00bb.<\/p>\n<p>De hecho, ha advertido que cuando las precipitaciones son intensas se dan situaciones como las vividas por los vecinos de Mar de Cristal e Islas Menores, que a causa de la transformaci\u00f3n de tierras de secano en explotaciones intensivas sin previsi\u00f3n alguna \u00abha provocado riadas que han inundado las localidades y la llegada de grandes cantidades de esti\u00e9rcol a la playa\u00bb.<\/p>\n<p>Este gran n\u00famero de agresiones ha supuesto \u00abuna profunda transformaci\u00f3n de sus ecosistemas y ha roto su delicado equilibrio, haciendo peligrar su rica biodiversidad\u00bb, lamenta.<\/p>\n<p>Los perjuicios, avisa Rubio, \u00abno s\u00f3lo son para el medio ambiente, sino tambi\u00e9n econ\u00f3micos, por el turismo que entra a la laguna, y los negocios que se puedan cerrar si Mar Menor pierde su atractivo\u00bb.<\/p>\n<p>As\u00ed, ha dejado claro que \u00e9ste \u00abes el primer a\u00f1o en el que el Mar Menor adquiere ese color marr\u00f3n, por lo que podr\u00edamos asistir a su muerte como laguna de agua transparente\u00bb.<\/p>\n<p>Desde la Plataforma se reivindica la necesidad urgente de que \u00abcesen los vertidos continuos de la Rambla de El Albuj\u00f3n, as\u00ed como que se apruebe el Plan de gesti\u00f3n integral del Mar Menor para su protecci\u00f3n, que sirva para una correcta coordinaci\u00f3n de las administraciones con competencias sobre este espacio singular y un control eficaz de las actividades que en su entorno se desarrollan\u00bb.<\/p>\n<p>Rubio tambi\u00e9n ha demandado \u00abque los ayuntamientos comprendan que lo que llaman regeneraci\u00f3n de playas constituye una agresi\u00f3n m\u00e1s al Mar Menor, puesto que se est\u00e1n removiendo los fondos y se contribuye a que las aguas est\u00e9n turbias y fangosas\u00bb.<\/p>\n<p>Igualmente, cree necesario un \u00abcontrol sobre las embarcaciones de motor\u00bb, y ha llamado la atenci\u00f3n respecto a que \u00abtenemos mas puertos deportivos por m2 que cualquier otra zona del Mediterr\u00e1neo\u00bb.<\/p>\n","protected":false},"excerpt":{"rendered":"<p>La Plataforma Pacto por el Mar Menor ha insistido en la \u00aburgencia\u00bb de redactar y aprobar el Plan de Gesti\u00f3n Integral de los Espacios Protegidos del Mar Menor \u00aba la mayor brevedad\u00bb con el fin de acabar con \u00abintervenciones descontroladas que tanto da\u00f1o causan a la laguna\u00bb. A pesar de las conclusiones extra\u00eddas de las<\/p>\n","protected":false},"author":1,"featured_media":77595,"comment_status":"open","ping_status":"closed","sticky":false,"template":"","format":"standard","meta":{"footnotes":""},"categories":[224],"tags":[],"class_list":{"0":"post-77594","1":"post","2":"type-post","3":"status-publish","4":"format-standard","5":"has-post-thumbnail","7":"category-noticias-actualidad"},"aioseo_notices":[],"aioseo_head":"\n\t\t<!-- All in One SEO Pro 4.9.6.1 - aioseo.com -->\n\t<meta name=\"description\" content=\"La Plataforma Pacto por el Mar Menor ha insistido en la &quot;urgencia&quot; de redactar y aprobar el Plan de Gesti\u00f3n Integral de los Espacios Protegidos del Mar Menor &quot;a la mayor brevedad&quot; con el fin de acabar con &quot;intervenciones descontroladas que tanto da\u00f1o causan a la laguna&quot;. A pesar de las conclusiones extra\u00eddas de las\" \/>\n\t<meta name=\"robots\" content=\"max-image-preview:large\" \/>\n\t<meta name=\"author\" content=\"admin\"\/>\n\t<meta name=\"google-site-verification\" content=\"UA-38556648-1\" \/>\n\t<meta name=\"keywords\" content=\"noticias y actualidad\" \/>\n\t<link rel=\"canonical\" href=\"https:\/\/eldigitaldeasturias.com\/magazine365\/pacto-por-el-mar-menor-reclama-que-se-ponga-fin-a-las-intervenciones-descontroladas-que-danan-a-la-laguna\/\" \/>\n\t<meta name=\"generator\" content=\"All in One SEO Pro (AIOSEO) 4.9.6.1\" \/>\n\t\t<meta property=\"og:locale\" content=\"es_ES\" \/>\n\t\t<meta property=\"og:site_name\" content=\"El Digital de Asturias \u2013 Revista de ocio, turismo y estilo de vida\" \/>\n\t\t<meta property=\"og:type\" content=\"article\" \/>\n\t\t<meta property=\"og:title\" content=\"Pacto por el Mar Menor reclama que se ponga fin a las \u00abintervenciones descontroladas que da\u00f1an a la laguna\u00bb | El Digital de Asturias\" \/>\n\t\t<meta property=\"og:description\" content=\"La Plataforma Pacto por el Mar Menor ha insistido en la &quot;urgencia&quot; de redactar y aprobar el Plan de Gesti\u00f3n Integral de los Espacios Protegidos del Mar Menor &quot;a la mayor brevedad&quot; con el fin de acabar con &quot;intervenciones descontroladas que tanto da\u00f1o causan a la laguna&quot;. A pesar de las conclusiones extra\u00eddas de las\" \/>\n\t\t<meta property=\"og:url\" content=\"https:\/\/eldigitaldeasturias.com\/magazine365\/pacto-por-el-mar-menor-reclama-que-se-ponga-fin-a-las-intervenciones-descontroladas-que-danan-a-la-laguna\/\" \/>\n\t\t<meta property=\"og:image\" content=\"https:\/\/eldigitaldeasturias.com\/magazine365\/wp-content\/uploads\/2016\/06\/fotonoticia_20160602121413_800.jpg\" \/>\n\t\t<meta property=\"og:image:secure_url\" content=\"https:\/\/eldigitaldeasturias.com\/magazine365\/wp-content\/uploads\/2016\/06\/fotonoticia_20160602121413_800.jpg\" \/>\n\t\t<meta property=\"og:image:width\" content=\"800\" \/>\n\t\t<meta property=\"og:image:height\" content=\"600\" \/>\n\t\t<meta property=\"article:published_time\" content=\"2016-06-05T10:02:45+00:00\" \/>\n\t\t<meta property=\"article:modified_time\" content=\"2016-06-05T10:02:45+00:00\" \/>\n\t\t<meta name=\"twitter:card\" content=\"summary_large_image\" \/>\n\t\t<meta name=\"twitter:title\" content=\"Pacto por el Mar Menor reclama que se ponga fin a las \u00abintervenciones descontroladas que da\u00f1an a la laguna\u00bb | El Digital de Asturias\" \/>\n\t\t<meta name=\"twitter:description\" content=\"La Plataforma Pacto por el Mar Menor ha insistido en la &quot;urgencia&quot; de redactar y aprobar el Plan de Gesti\u00f3n Integral de los Espacios Protegidos del Mar Menor &quot;a la mayor brevedad&quot; con el fin de acabar con &quot;intervenciones descontroladas que tanto da\u00f1o causan a la laguna&quot;. A pesar de las conclusiones extra\u00eddas de las\" \/>\n\t\t<meta name=\"twitter:image\" content=\"https:\/\/eldigitaldeasturias.com\/magazine365\/wp-content\/uploads\/2016\/06\/fotonoticia_20160602121413_800.jpg\" \/>\n\t\t<script type=\"application\/ld+json\" class=\"aioseo-schema\">\n\t\t\t{\"@context\":\"https:\\\/\\\/schema.org\",\"@graph\":[{\"@type\":\"Article\",\"@id\":\"https:\\\/\\\/eldigitaldeasturias.com\\\/magazine365\\\/pacto-por-el-mar-menor-reclama-que-se-ponga-fin-a-las-intervenciones-descontroladas-que-danan-a-la-laguna\\\/#article\",\"name\":\"Pacto por el Mar Menor reclama que se ponga fin a las \\u00abintervenciones descontroladas que da\\u00f1an a la laguna\\u00bb | El Digital de Asturias\",\"headline\":\"Pacto por el Mar Menor reclama que se ponga fin a las \\u00abintervenciones descontroladas que da\\u00f1an a la laguna\\u00bb\",\"author\":{\"@id\":\"https:\\\/\\\/eldigitaldeasturias.com\\\/magazine365\\\/author\\\/admin\\\/#author\"},\"publisher\":{\"@id\":\"https:\\\/\\\/eldigitaldeasturias.com\\\/magazine365\\\/#organization\"},\"image\":{\"@type\":\"ImageObject\",\"url\":\"https:\\\/\\\/eldigitaldeasturias.com\\\/magazine365\\\/wp-content\\\/uploads\\\/2016\\\/06\\\/fotonoticia_20160602121413_800.jpg\",\"width\":800,\"height\":600},\"datePublished\":\"2016-06-05T12:02:45+02:00\",\"dateModified\":\"2016-06-05T12:02:45+02:00\",\"inLanguage\":\"es-ES\",\"mainEntityOfPage\":{\"@id\":\"https:\\\/\\\/eldigitaldeasturias.com\\\/magazine365\\\/pacto-por-el-mar-menor-reclama-que-se-ponga-fin-a-las-intervenciones-descontroladas-que-danan-a-la-laguna\\\/#webpage\"},\"isPartOf\":{\"@id\":\"https:\\\/\\\/eldigitaldeasturias.com\\\/magazine365\\\/pacto-por-el-mar-menor-reclama-que-se-ponga-fin-a-las-intervenciones-descontroladas-que-danan-a-la-laguna\\\/#webpage\"},\"articleSection\":\"Noticias y Actualidad\"},{\"@type\":\"BreadcrumbList\",\"@id\":\"https:\\\/\\\/eldigitaldeasturias.com\\\/magazine365\\\/pacto-por-el-mar-menor-reclama-que-se-ponga-fin-a-las-intervenciones-descontroladas-que-danan-a-la-laguna\\\/#breadcrumblist\",\"itemListElement\":[{\"@type\":\"ListItem\",\"@id\":\"https:\\\/\\\/eldigitaldeasturias.com\\\/magazine365#listItem\",\"position\":1,\"name\":\"Home\",\"item\":\"https:\\\/\\\/eldigitaldeasturias.com\\\/magazine365\",\"nextItem\":{\"@type\":\"ListItem\",\"@id\":\"https:\\\/\\\/eldigitaldeasturias.com\\\/magazine365\\\/category\\\/noticias-actualidad\\\/#listItem\",\"name\":\"Noticias y Actualidad\"}},{\"@type\":\"ListItem\",\"@id\":\"https:\\\/\\\/eldigitaldeasturias.com\\\/magazine365\\\/category\\\/noticias-actualidad\\\/#listItem\",\"position\":2,\"name\":\"Noticias y Actualidad\",\"item\":\"https:\\\/\\\/eldigitaldeasturias.com\\\/magazine365\\\/category\\\/noticias-actualidad\\\/\",\"nextItem\":{\"@type\":\"ListItem\",\"@id\":\"https:\\\/\\\/eldigitaldeasturias.com\\\/magazine365\\\/pacto-por-el-mar-menor-reclama-que-se-ponga-fin-a-las-intervenciones-descontroladas-que-danan-a-la-laguna\\\/#listItem\",\"name\":\"Pacto por el Mar Menor reclama que se ponga fin a las \\u00abintervenciones descontroladas que da\\u00f1an a la laguna\\u00bb\"},\"previousItem\":{\"@type\":\"ListItem\",\"@id\":\"https:\\\/\\\/eldigitaldeasturias.com\\\/magazine365#listItem\",\"name\":\"Home\"}},{\"@type\":\"ListItem\",\"@id\":\"https:\\\/\\\/eldigitaldeasturias.com\\\/magazine365\\\/pacto-por-el-mar-menor-reclama-que-se-ponga-fin-a-las-intervenciones-descontroladas-que-danan-a-la-laguna\\\/#listItem\",\"position\":3,\"name\":\"Pacto por el Mar Menor reclama que se ponga fin a las \\u00abintervenciones descontroladas que da\\u00f1an a la laguna\\u00bb\",\"previousItem\":{\"@type\":\"ListItem\",\"@id\":\"https:\\\/\\\/eldigitaldeasturias.com\\\/magazine365\\\/category\\\/noticias-actualidad\\\/#listItem\",\"name\":\"Noticias y Actualidad\"}}]},{\"@type\":\"Organization\",\"@id\":\"https:\\\/\\\/eldigitaldeasturias.com\\\/magazine365\\\/#organization\",\"name\":\"El digital de Asturias\",\"description\":\"Revista de ocio, turismo y estilo de vida\",\"url\":\"https:\\\/\\\/eldigitaldeasturias.com\\\/magazine365\\\/\",\"logo\":{\"@type\":\"ImageObject\",\"url\":\"https:\\\/\\\/www.eldigitaldeasturias.com\\\/noticias\\\/wp-content\\\/uploads\\\/2020\\\/12\\\/EDA.jpg\",\"@id\":\"https:\\\/\\\/eldigitaldeasturias.com\\\/magazine365\\\/pacto-por-el-mar-menor-reclama-que-se-ponga-fin-a-las-intervenciones-descontroladas-que-danan-a-la-laguna\\\/#organizationLogo\"},\"image\":{\"@id\":\"https:\\\/\\\/eldigitaldeasturias.com\\\/magazine365\\\/pacto-por-el-mar-menor-reclama-que-se-ponga-fin-a-las-intervenciones-descontroladas-que-danan-a-la-laguna\\\/#organizationLogo\"}},{\"@type\":\"Person\",\"@id\":\"https:\\\/\\\/eldigitaldeasturias.com\\\/magazine365\\\/author\\\/admin\\\/#author\",\"url\":\"https:\\\/\\\/eldigitaldeasturias.com\\\/magazine365\\\/author\\\/admin\\\/\",\"name\":\"admin\",\"image\":{\"@type\":\"ImageObject\",\"@id\":\"https:\\\/\\\/eldigitaldeasturias.com\\\/magazine365\\\/pacto-por-el-mar-menor-reclama-que-se-ponga-fin-a-las-intervenciones-descontroladas-que-danan-a-la-laguna\\\/#authorImage\",\"url\":\"https:\\\/\\\/eldigitaldeasturias.com\\\/magazine365\\\/wp-content\\\/litespeed\\\/avatar\\\/e571bcf59a0edd6fa6838245a470f2fe.jpg?ver=1776969259\",\"width\":96,\"height\":96,\"caption\":\"admin\"}},{\"@type\":\"WebPage\",\"@id\":\"https:\\\/\\\/eldigitaldeasturias.com\\\/magazine365\\\/pacto-por-el-mar-menor-reclama-que-se-ponga-fin-a-las-intervenciones-descontroladas-que-danan-a-la-laguna\\\/#webpage\",\"url\":\"https:\\\/\\\/eldigitaldeasturias.com\\\/magazine365\\\/pacto-por-el-mar-menor-reclama-que-se-ponga-fin-a-las-intervenciones-descontroladas-que-danan-a-la-laguna\\\/\",\"name\":\"Pacto por el Mar Menor reclama que se ponga fin a las \\u00abintervenciones descontroladas que da\\u00f1an a la laguna\\u00bb | El Digital de Asturias\",\"description\":\"La Plataforma Pacto por el Mar Menor ha insistido en la \\\"urgencia\\\" de redactar y aprobar el Plan de Gesti\\u00f3n Integral de los Espacios Protegidos del Mar Menor \\\"a la mayor brevedad\\\" con el fin de acabar con \\\"intervenciones descontroladas que tanto da\\u00f1o causan a la laguna\\\". A pesar de las conclusiones extra\\u00eddas de las\",\"inLanguage\":\"es-ES\",\"isPartOf\":{\"@id\":\"https:\\\/\\\/eldigitaldeasturias.com\\\/magazine365\\\/#website\"},\"breadcrumb\":{\"@id\":\"https:\\\/\\\/eldigitaldeasturias.com\\\/magazine365\\\/pacto-por-el-mar-menor-reclama-que-se-ponga-fin-a-las-intervenciones-descontroladas-que-danan-a-la-laguna\\\/#breadcrumblist\"},\"author\":{\"@id\":\"https:\\\/\\\/eldigitaldeasturias.com\\\/magazine365\\\/author\\\/admin\\\/#author\"},\"creator\":{\"@id\":\"https:\\\/\\\/eldigitaldeasturias.com\\\/magazine365\\\/author\\\/admin\\\/#author\"},\"image\":{\"@type\":\"ImageObject\",\"url\":\"https:\\\/\\\/eldigitaldeasturias.com\\\/magazine365\\\/wp-content\\\/uploads\\\/2016\\\/06\\\/fotonoticia_20160602121413_800.jpg\",\"@id\":\"https:\\\/\\\/eldigitaldeasturias.com\\\/magazine365\\\/pacto-por-el-mar-menor-reclama-que-se-ponga-fin-a-las-intervenciones-descontroladas-que-danan-a-la-laguna\\\/#mainImage\",\"width\":800,\"height\":600},\"primaryImageOfPage\":{\"@id\":\"https:\\\/\\\/eldigitaldeasturias.com\\\/magazine365\\\/pacto-por-el-mar-menor-reclama-que-se-ponga-fin-a-las-intervenciones-descontroladas-que-danan-a-la-laguna\\\/#mainImage\"},\"datePublished\":\"2016-06-05T12:02:45+02:00\",\"dateModified\":\"2016-06-05T12:02:45+02:00\"},{\"@type\":\"WebSite\",\"@id\":\"https:\\\/\\\/eldigitaldeasturias.com\\\/magazine365\\\/#website\",\"url\":\"https:\\\/\\\/eldigitaldeasturias.com\\\/magazine365\\\/\",\"name\":\"El Digital de Asturias\",\"description\":\"Revista de ocio, turismo y estilo de vida\",\"inLanguage\":\"es-ES\",\"publisher\":{\"@id\":\"https:\\\/\\\/eldigitaldeasturias.com\\\/magazine365\\\/#organization\"}}]}\n\t\t<\/script>\n\t\t<!-- All in One SEO Pro -->\r\n\t\t<title>Pacto por el Mar Menor reclama que se ponga fin a las \u00abintervenciones descontroladas que da\u00f1an a la laguna\u00bb | El Digital de Asturias<\/title>\n\n","aioseo_head_json":{"title":"Pacto por el Mar Menor reclama que se ponga fin a las \u00abintervenciones descontroladas que da\u00f1an a la laguna\u00bb | El Digital de Asturias","description":"La Plataforma Pacto por el Mar Menor ha insistido en la \"urgencia\" de redactar y aprobar el Plan de Gesti\u00f3n Integral de los Espacios Protegidos del Mar Menor \"a la mayor brevedad\" con el fin de acabar con \"intervenciones descontroladas que tanto da\u00f1o causan a la laguna\". A pesar de las conclusiones extra\u00eddas de las","canonical_url":"https:\/\/eldigitaldeasturias.com\/magazine365\/pacto-por-el-mar-menor-reclama-que-se-ponga-fin-a-las-intervenciones-descontroladas-que-danan-a-la-laguna\/","robots":"max-image-preview:large","keywords":"noticias y actualidad","webmasterTools":{"google-site-verification":"UA-38556648-1","miscellaneous":""},"schema":{"@context":"https:\/\/schema.org","@graph":[{"@type":"Article","@id":"https:\/\/eldigitaldeasturias.com\/magazine365\/pacto-por-el-mar-menor-reclama-que-se-ponga-fin-a-las-intervenciones-descontroladas-que-danan-a-la-laguna\/#article","name":"Pacto por el Mar Menor reclama que se ponga fin a las \u00abintervenciones descontroladas que da\u00f1an a la laguna\u00bb | El Digital de Asturias","headline":"Pacto por el Mar Menor reclama que se ponga fin a las \u00abintervenciones descontroladas que da\u00f1an a la laguna\u00bb","author":{"@id":"https:\/\/eldigitaldeasturias.com\/magazine365\/author\/admin\/#author"},"publisher":{"@id":"https:\/\/eldigitaldeasturias.com\/magazine365\/#organization"},"image":{"@type":"ImageObject","url":"https:\/\/eldigitaldeasturias.com\/magazine365\/wp-content\/uploads\/2016\/06\/fotonoticia_20160602121413_800.jpg","width":800,"height":600},"datePublished":"2016-06-05T12:02:45+02:00","dateModified":"2016-06-05T12:02:45+02:00","inLanguage":"es-ES","mainEntityOfPage":{"@id":"https:\/\/eldigitaldeasturias.com\/magazine365\/pacto-por-el-mar-menor-reclama-que-se-ponga-fin-a-las-intervenciones-descontroladas-que-danan-a-la-laguna\/#webpage"},"isPartOf":{"@id":"https:\/\/eldigitaldeasturias.com\/magazine365\/pacto-por-el-mar-menor-reclama-que-se-ponga-fin-a-las-intervenciones-descontroladas-que-danan-a-la-laguna\/#webpage"},"articleSection":"Noticias y Actualidad"},{"@type":"BreadcrumbList","@id":"https:\/\/eldigitaldeasturias.com\/magazine365\/pacto-por-el-mar-menor-reclama-que-se-ponga-fin-a-las-intervenciones-descontroladas-que-danan-a-la-laguna\/#breadcrumblist","itemListElement":[{"@type":"ListItem","@id":"https:\/\/eldigitaldeasturias.com\/magazine365#listItem","position":1,"name":"Home","item":"https:\/\/eldigitaldeasturias.com\/magazine365","nextItem":{"@type":"ListItem","@id":"https:\/\/eldigitaldeasturias.com\/magazine365\/category\/noticias-actualidad\/#listItem","name":"Noticias y Actualidad"}},{"@type":"ListItem","@id":"https:\/\/eldigitaldeasturias.com\/magazine365\/category\/noticias-actualidad\/#listItem","position":2,"name":"Noticias y Actualidad","item":"https:\/\/eldigitaldeasturias.com\/magazine365\/category\/noticias-actualidad\/","nextItem":{"@type":"ListItem","@id":"https:\/\/eldigitaldeasturias.com\/magazine365\/pacto-por-el-mar-menor-reclama-que-se-ponga-fin-a-las-intervenciones-descontroladas-que-danan-a-la-laguna\/#listItem","name":"Pacto por el Mar Menor reclama que se ponga fin a las \u00abintervenciones descontroladas que da\u00f1an a la laguna\u00bb"},"previousItem":{"@type":"ListItem","@id":"https:\/\/eldigitaldeasturias.com\/magazine365#listItem","name":"Home"}},{"@type":"ListItem","@id":"https:\/\/eldigitaldeasturias.com\/magazine365\/pacto-por-el-mar-menor-reclama-que-se-ponga-fin-a-las-intervenciones-descontroladas-que-danan-a-la-laguna\/#listItem","position":3,"name":"Pacto por el Mar Menor reclama que se ponga fin a las \u00abintervenciones descontroladas que da\u00f1an a la laguna\u00bb","previousItem":{"@type":"ListItem","@id":"https:\/\/eldigitaldeasturias.com\/magazine365\/category\/noticias-actualidad\/#listItem","name":"Noticias y Actualidad"}}]},{"@type":"Organization","@id":"https:\/\/eldigitaldeasturias.com\/magazine365\/#organization","name":"El digital de Asturias","description":"Revista de ocio, turismo y estilo de vida","url":"https:\/\/eldigitaldeasturias.com\/magazine365\/","logo":{"@type":"ImageObject","url":"https:\/\/www.eldigitaldeasturias.com\/noticias\/wp-content\/uploads\/2020\/12\/EDA.jpg","@id":"https:\/\/eldigitaldeasturias.com\/magazine365\/pacto-por-el-mar-menor-reclama-que-se-ponga-fin-a-las-intervenciones-descontroladas-que-danan-a-la-laguna\/#organizationLogo"},"image":{"@id":"https:\/\/eldigitaldeasturias.com\/magazine365\/pacto-por-el-mar-menor-reclama-que-se-ponga-fin-a-las-intervenciones-descontroladas-que-danan-a-la-laguna\/#organizationLogo"}},{"@type":"Person","@id":"https:\/\/eldigitaldeasturias.com\/magazine365\/author\/admin\/#author","url":"https:\/\/eldigitaldeasturias.com\/magazine365\/author\/admin\/","name":"admin","image":{"@type":"ImageObject","@id":"https:\/\/eldigitaldeasturias.com\/magazine365\/pacto-por-el-mar-menor-reclama-que-se-ponga-fin-a-las-intervenciones-descontroladas-que-danan-a-la-laguna\/#authorImage","url":"https:\/\/eldigitaldeasturias.com\/magazine365\/wp-content\/litespeed\/avatar\/e571bcf59a0edd6fa6838245a470f2fe.jpg?ver=1776969259","width":96,"height":96,"caption":"admin"}},{"@type":"WebPage","@id":"https:\/\/eldigitaldeasturias.com\/magazine365\/pacto-por-el-mar-menor-reclama-que-se-ponga-fin-a-las-intervenciones-descontroladas-que-danan-a-la-laguna\/#webpage","url":"https:\/\/eldigitaldeasturias.com\/magazine365\/pacto-por-el-mar-menor-reclama-que-se-ponga-fin-a-las-intervenciones-descontroladas-que-danan-a-la-laguna\/","name":"Pacto por el Mar Menor reclama que se ponga fin a las \u00abintervenciones descontroladas que da\u00f1an a la laguna\u00bb | El Digital de Asturias","description":"La Plataforma Pacto por el Mar Menor ha insistido en la \"urgencia\" de redactar y aprobar el Plan de Gesti\u00f3n Integral de los Espacios Protegidos del Mar Menor \"a la mayor brevedad\" con el fin de acabar con \"intervenciones descontroladas que tanto da\u00f1o causan a la laguna\". A pesar de las conclusiones extra\u00eddas de las","inLanguage":"es-ES","isPartOf":{"@id":"https:\/\/eldigitaldeasturias.com\/magazine365\/#website"},"breadcrumb":{"@id":"https:\/\/eldigitaldeasturias.com\/magazine365\/pacto-por-el-mar-menor-reclama-que-se-ponga-fin-a-las-intervenciones-descontroladas-que-danan-a-la-laguna\/#breadcrumblist"},"author":{"@id":"https:\/\/eldigitaldeasturias.com\/magazine365\/author\/admin\/#author"},"creator":{"@id":"https:\/\/eldigitaldeasturias.com\/magazine365\/author\/admin\/#author"},"image":{"@type":"ImageObject","url":"https:\/\/eldigitaldeasturias.com\/magazine365\/wp-content\/uploads\/2016\/06\/fotonoticia_20160602121413_800.jpg","@id":"https:\/\/eldigitaldeasturias.com\/magazine365\/pacto-por-el-mar-menor-reclama-que-se-ponga-fin-a-las-intervenciones-descontroladas-que-danan-a-la-laguna\/#mainImage","width":800,"height":600},"primaryImageOfPage":{"@id":"https:\/\/eldigitaldeasturias.com\/magazine365\/pacto-por-el-mar-menor-reclama-que-se-ponga-fin-a-las-intervenciones-descontroladas-que-danan-a-la-laguna\/#mainImage"},"datePublished":"2016-06-05T12:02:45+02:00","dateModified":"2016-06-05T12:02:45+02:00"},{"@type":"WebSite","@id":"https:\/\/eldigitaldeasturias.com\/magazine365\/#website","url":"https:\/\/eldigitaldeasturias.com\/magazine365\/","name":"El Digital de Asturias","description":"Revista de ocio, turismo y estilo de vida","inLanguage":"es-ES","publisher":{"@id":"https:\/\/eldigitaldeasturias.com\/magazine365\/#organization"}}]},"og:locale":"es_ES","og:site_name":"El Digital de Asturias \u2013 Revista de ocio, turismo y estilo de vida","og:type":"article","og:title":"Pacto por el Mar Menor reclama que se ponga fin a las \u00abintervenciones descontroladas que da\u00f1an a la laguna\u00bb | El Digital de Asturias","og:description":"La Plataforma Pacto por el Mar Menor ha insistido en la &quot;urgencia&quot; de redactar y aprobar el Plan de Gesti\u00f3n Integral de los Espacios Protegidos del Mar Menor &quot;a la mayor brevedad&quot; con el fin de acabar con &quot;intervenciones descontroladas que tanto da\u00f1o causan a la laguna&quot;. A pesar de las conclusiones extra\u00eddas de las","og:url":"https:\/\/eldigitaldeasturias.com\/magazine365\/pacto-por-el-mar-menor-reclama-que-se-ponga-fin-a-las-intervenciones-descontroladas-que-danan-a-la-laguna\/","og:image":"https:\/\/eldigitaldeasturias.com\/magazine365\/wp-content\/uploads\/2016\/06\/fotonoticia_20160602121413_800.jpg","og:image:secure_url":"https:\/\/eldigitaldeasturias.com\/magazine365\/wp-content\/uploads\/2016\/06\/fotonoticia_20160602121413_800.jpg","og:image:width":800,"og:image:height":600,"article:published_time":"2016-06-05T10:02:45+00:00","article:modified_time":"2016-06-05T10:02:45+00:00","twitter:card":"summary_large_image","twitter:title":"Pacto por el Mar Menor reclama que se ponga fin a las \u00abintervenciones descontroladas que da\u00f1an a la laguna\u00bb | El Digital de Asturias","twitter:description":"La Plataforma Pacto por el Mar Menor ha insistido en la &quot;urgencia&quot; de redactar y aprobar el Plan de Gesti\u00f3n Integral de los Espacios Protegidos del Mar Menor &quot;a la mayor brevedad&quot; con el fin de acabar con &quot;intervenciones descontroladas que tanto da\u00f1o causan a la laguna&quot;. A pesar de las conclusiones extra\u00eddas de las","twitter:image":"https:\/\/eldigitaldeasturias.com\/magazine365\/wp-content\/uploads\/2016\/06\/fotonoticia_20160602121413_800.jpg"},"aioseo_meta_data":{"post_id":"77594","title":null,"description":null,"keywords":null,"keyphrases":null,"primary_term":null,"canonical_url":null,"og_title":null,"og_description":null,"og_object_type":"default","og_image_type":"default","og_image_url":null,"og_image_width":null,"og_image_height":null,"og_image_custom_url":null,"og_image_custom_fields":null,"og_video":null,"og_custom_url":null,"og_article_section":null,"og_article_tags":null,"twitter_use_og":false,"twitter_card":"default","twitter_image_type":"default","twitter_image_url":null,"twitter_image_custom_url":null,"twitter_image_custom_fields":null,"twitter_title":null,"twitter_description":null,"schema":{"blockGraphs":[],"customGraphs":[],"default":{"data":{"Article":[],"Course":[],"Dataset":[],"FAQPage":[],"Movie":[],"Person":[],"Product":[],"ProductReview":[],"Car":[],"Recipe":[],"Service":[],"SoftwareApplication":[],"WebPage":[]},"graphName":"","isEnabled":true},"graphs":[],"defaultGraph":"","defaultPostTypeGraph":""},"schema_type":null,"schema_type_options":null,"pillar_content":false,"robots_default":true,"robots_noindex":false,"robots_noarchive":false,"robots_nosnippet":false,"robots_nofollow":false,"robots_noimageindex":false,"robots_noodp":false,"robots_notranslate":false,"robots_max_snippet":null,"robots_max_videopreview":null,"robots_max_imagepreview":"large","priority":null,"frequency":null,"location":null,"local_seo":null,"seo_analyzer_scan_date":"2025-09-27 15:13:55","breadcrumb_settings":null,"limit_modified_date":false,"open_ai":null,"ai":null,"created":"2021-03-08 18:11:48","updated":"2025-09-27 15:13:55"},"aioseo_breadcrumb":"<div class=\"aioseo-breadcrumbs\"><span class=\"aioseo-breadcrumb\">\n\t<a href=\"https:\/\/eldigitaldeasturias.com\/magazine365\" title=\"Home\">Home<\/a>\n<\/span><span class=\"aioseo-breadcrumb-separator\">\u2013<\/span><span class=\"aioseo-breadcrumb\">\n\t<a href=\"https:\/\/eldigitaldeasturias.com\/magazine365\/category\/noticias-actualidad\/\" title=\"Noticias y Actualidad\">Noticias y Actualidad<\/a>\n<\/span><span class=\"aioseo-breadcrumb-separator\">\u2013<\/span><span class=\"aioseo-breadcrumb\">\n\t<a href=\"https:\/\/eldigitaldeasturias.com\/magazine365\/pacto-por-el-mar-menor-reclama-que-se-ponga-fin-a-las-intervenciones-descontroladas-que-danan-a-la-laguna\/\" title=\"Pacto por el Mar Menor reclama que se ponga fin a las \u00abintervenciones descontroladas que da\u00f1an a la laguna\u00bb\">Pacto por el Mar Menor reclama que se ponga fin a las \u00abintervenciones descontroladas que da\u00f1an a la laguna\u00bb<\/a>\n<\/span><\/div>","aioseo_breadcrumb_json":[{"label":"Home","link":"https:\/\/eldigitaldeasturias.com\/magazine365"},{"label":"Noticias y Actualidad","link":"https:\/\/eldigitaldeasturias.com\/magazine365\/category\/noticias-actualidad\/"},{"label":"Pacto por el Mar Menor reclama que se ponga fin a las \u00abintervenciones descontroladas que da\u00f1an a la laguna\u00bb","link":"https:\/\/eldigitaldeasturias.com\/magazine365\/pacto-por-el-mar-menor-reclama-que-se-ponga-fin-a-las-intervenciones-descontroladas-que-danan-a-la-laguna\/"}],"_links":{"self":[{"href":"https:\/\/eldigitaldeasturias.com\/magazine365\/wp-json\/wp\/v2\/posts\/77594","targetHints":{"allow":["GET"]}}],"collection":[{"href":"https:\/\/eldigitaldeasturias.com\/magazine365\/wp-json\/wp\/v2\/posts"}],"about":[{"href":"https:\/\/eldigitaldeasturias.com\/magazine365\/wp-json\/wp\/v2\/types\/post"}],"author":[{"embeddable":true,"href":"https:\/\/eldigitaldeasturias.com\/magazine365\/wp-json\/wp\/v2\/users\/1"}],"replies":[{"embeddable":true,"href":"https:\/\/eldigitaldeasturias.com\/magazine365\/wp-json\/wp\/v2\/comments?post=77594"}],"version-history":[{"count":0,"href":"https:\/\/eldigitaldeasturias.com\/magazine365\/wp-json\/wp\/v2\/posts\/77594\/revisions"}],"wp:featuredmedia":[{"embeddable":true,"href":"https:\/\/eldigitaldeasturias.com\/magazine365\/wp-json\/wp\/v2\/media\/77595"}],"wp:attachment":[{"href":"https:\/\/eldigitaldeasturias.com\/magazine365\/wp-json\/wp\/v2\/media?parent=77594"}],"wp:term":[{"taxonomy":"category","embeddable":true,"href":"https:\/\/eldigitaldeasturias.com\/magazine365\/wp-json\/wp\/v2\/categories?post=77594"},{"taxonomy":"post_tag","embeddable":true,"href":"https:\/\/eldigitaldeasturias.com\/magazine365\/wp-json\/wp\/v2\/tags?post=77594"}],"curies":[{"name":"wp","href":"https:\/\/api.w.org\/{rel}","templated":true}]}}