{"id":77576,"date":"2016-06-04T05:44:29","date_gmt":"2016-06-04T03:44:29","guid":{"rendered":"http:\/\/eldigitaldeasturias.com\/magazine365\/?p=77576"},"modified":"2016-06-04T05:44:29","modified_gmt":"2016-06-04T03:44:29","slug":"ashal-resalta-que-almeria-debe-tener-una-posicion-de-privilegio-en-el-turismo-gastronomico","status":"publish","type":"post","link":"https:\/\/eldigitaldeasturias.com\/magazine365\/ashal-resalta-que-almeria-debe-tener-una-posicion-de-privilegio-en-el-turismo-gastronomico\/","title":{"rendered":"Ashal resalta que Almer\u00eda debe tener una posici\u00f3n de privilegio en el turismo gastron\u00f3mico"},"content":{"rendered":"<p><img fetchpriority=\"high\" decoding=\"async\" class=\"alignleft size-medium wp-image-77577\" src=\"https:\/\/eldigitaldeasturias.com\/magazine365\/wp-content\/uploads\/2016\/06\/fotonoticia_20160602091128_800-300x300.jpg\" alt=\"fotonoticia_20160602091128_800\" width=\"300\" height=\"300\" srcset=\"https:\/\/eldigitaldeasturias.com\/magazine365\/wp-content\/uploads\/2016\/06\/fotonoticia_20160602091128_800-300x300.jpg 300w, https:\/\/eldigitaldeasturias.com\/magazine365\/wp-content\/uploads\/2016\/06\/fotonoticia_20160602091128_800-640x640.jpg 640w, https:\/\/eldigitaldeasturias.com\/magazine365\/wp-content\/uploads\/2016\/06\/fotonoticia_20160602091128_800-768x768.jpg 768w, https:\/\/eldigitaldeasturias.com\/magazine365\/wp-content\/uploads\/2016\/06\/fotonoticia_20160602091128_800-150x150.jpg 150w, https:\/\/eldigitaldeasturias.com\/magazine365\/wp-content\/uploads\/2016\/06\/fotonoticia_20160602091128_800-450x450.jpg 450w, https:\/\/eldigitaldeasturias.com\/magazine365\/wp-content\/uploads\/2016\/06\/fotonoticia_20160602091128_800-50x50.jpg 50w, https:\/\/eldigitaldeasturias.com\/magazine365\/wp-content\/uploads\/2016\/06\/fotonoticia_20160602091128_800-301x300.jpg 301w, https:\/\/eldigitaldeasturias.com\/magazine365\/wp-content\/uploads\/2016\/06\/fotonoticia_20160602091128_800-135x135.jpg 135w, https:\/\/eldigitaldeasturias.com\/magazine365\/wp-content\/uploads\/2016\/06\/fotonoticia_20160602091128_800-100x100.jpg 100w, https:\/\/eldigitaldeasturias.com\/magazine365\/wp-content\/uploads\/2016\/06\/fotonoticia_20160602091128_800.jpg 800w\" sizes=\"(max-width: 300px) 100vw, 300px\" \/>Con la ambici\u00f3n de posicionar a Almer\u00eda como \u00abcapital andaluza de la gastronom\u00eda\u00bb, la Asociaci\u00f3n Provincial de Empresarios de Hosteler\u00eda de Almer\u00eda (Ashal), pone en marcha un a\u00f1o m\u00e1s la cuarta edici\u00f3n de las Jornadas de Cocina de Temporada.<\/p>\n<p>El presidente de Ashal, Diego Garc\u00eda, junto a la concejal de Recursos Humanos y Promoci\u00f3n del Ayuntamiento de Almer\u00eda, Lola de Haro, y Jos\u00e9 Mar\u00eda Azor\u00edn en representaci\u00f3n del Banco de Alimentos por imposibilidad de asistencia de su presidente, han dado este mi\u00e9rcoles a conocer los pormenores de un evento que arranca este viernes 3 de junio y se prolongar\u00e1 a lo largo de dos semanas, hasta el d\u00eda 19, seg\u00fan ha informado la Asociaci\u00f3n Provincial.<\/p>\n<p>En esta ocasi\u00f3n son 13 &#8211;ocho de Almer\u00eda capital, dos de Moj\u00e1car y uno de Vera, Laujar de Andarax y Viator&#8211;, los establecimientos que participan en una iniciativa que trata de acercar hasta esta provincia al turista gastron\u00f3mico que \u00abpuede encontrar no s\u00f3lo los mejores chef del pa\u00eds sino tambi\u00e9n las materias primas con las que realizar sus platos\u00bb.<\/p>\n<p>Como ha explicado Diego Garc\u00eda, \u00abel turismo gastron\u00f3mico representa una experiencia m\u00e1s amplia que la que ofrece el turismo culinario. Implica conocer la cultura del lugar, sus productos, su preparaci\u00f3n y, obviamente, su degustaci\u00f3n\u00bb. \u00abDesde este punto de vista, tenemos que ser capaces de ofrecer una experiencia cien por cien gastron\u00f3mica y fomentar actividades que agrupen las tres C b\u00e1sicas de toda experiencia gastron\u00f3mica que se precie: Conocer, cocinar, comer\u00bb, ha a\u00f1adido.<\/p>\n<p>Para el presidente de Ashal, \u00abel turista gastron\u00f3mico, con poder adquisitivo y nivel educativo m\u00e1s elevado que el convencional busca adem\u00e1s del deleite gustativo, la profundizaci\u00f3n en la cultura de la tierra que visita, el contacto directo con las materias primas, los productores, sus t\u00e9cnicas\u00bb por lo que Almer\u00eda debe de tener una \u00abposici\u00f3n de privilegio\u00bb ya que \u00abcontamos con una ventaja\u00bb y es que \u00aba la calidad de nuestras cocinas se une la cercan\u00eda geogr\u00e1fica de nuestras fuentes de materias primas\u00bb.<\/p>\n<p>Con este punto de partida, arranca esta cuarta edici\u00f3n con la que Ashal busca redondear su calendario de citas gastron\u00f3micas a lo largo de todo el a\u00f1o. En esta ocasi\u00f3n, adem\u00e1s, los hosteleros van a colaborar con el Banco de Alimentos ya que de cada men\u00fa que se sirva, que no superar\u00e1 los 26 euros, uno se destinar\u00e1 a la labor social de esta ONG con la que tambi\u00e9n se est\u00e1 colaborando a trav\u00e9s de la Tapa Solidaria presentada hace unos d\u00edas y en la que se han implicado treinta socios de Asahal. El sector hostelero de Almer\u00eda quiere mostrar su apoyo al Banco de Alimentos y su Fundaci\u00f3n \u00abpor la gran labor que est\u00e1n llevando a cabo en estos momentos tan delicados para muchas familias\u00bb, ha dicho Garc\u00eda,<\/p>\n","protected":false},"excerpt":{"rendered":"<p>Con la ambici\u00f3n de posicionar a Almer\u00eda como \u00abcapital andaluza de la gastronom\u00eda\u00bb, la Asociaci\u00f3n Provincial de Empresarios de Hosteler\u00eda de Almer\u00eda (Ashal), pone en marcha un a\u00f1o m\u00e1s la cuarta edici\u00f3n de las Jornadas de Cocina de Temporada. El presidente de Ashal, Diego Garc\u00eda, junto a la concejal de Recursos Humanos y Promoci\u00f3n del<\/p>\n","protected":false},"author":1,"featured_media":77577,"comment_status":"open","ping_status":"closed","sticky":false,"template":"","format":"standard","meta":{"footnotes":""},"categories":[224],"tags":[],"class_list":{"0":"post-77576","1":"post","2":"type-post","3":"status-publish","4":"format-standard","5":"has-post-thumbnail","7":"category-noticias-actualidad"},"aioseo_notices":[],"aioseo_head":"\n\t\t<!-- All in One SEO Pro 4.9.6.1 - aioseo.com -->\n\t<meta name=\"description\" content=\"Con la ambici\u00f3n de posicionar a Almer\u00eda como &quot;capital andaluza de la gastronom\u00eda&quot;, la Asociaci\u00f3n Provincial de Empresarios de Hosteler\u00eda de Almer\u00eda (Ashal), pone en marcha un a\u00f1o m\u00e1s la cuarta edici\u00f3n de las Jornadas de Cocina de Temporada. El presidente de Ashal, Diego Garc\u00eda, junto a la concejal de Recursos Humanos y Promoci\u00f3n del\" \/>\n\t<meta name=\"robots\" content=\"max-image-preview:large\" \/>\n\t<meta name=\"author\" content=\"admin\"\/>\n\t<meta name=\"google-site-verification\" content=\"UA-38556648-1\" \/>\n\t<meta name=\"keywords\" content=\"noticias y actualidad\" \/>\n\t<link rel=\"canonical\" href=\"https:\/\/eldigitaldeasturias.com\/magazine365\/ashal-resalta-que-almeria-debe-tener-una-posicion-de-privilegio-en-el-turismo-gastronomico\/\" \/>\n\t<meta name=\"generator\" content=\"All in One SEO Pro (AIOSEO) 4.9.6.1\" \/>\n\t\t<meta property=\"og:locale\" content=\"es_ES\" \/>\n\t\t<meta property=\"og:site_name\" content=\"El Digital de Asturias \u2013 Revista de ocio, turismo y estilo de vida\" \/>\n\t\t<meta property=\"og:type\" content=\"article\" \/>\n\t\t<meta property=\"og:title\" content=\"Ashal resalta que Almer\u00eda debe tener una posici\u00f3n de privilegio en el turismo gastron\u00f3mico | El Digital de Asturias\" \/>\n\t\t<meta property=\"og:description\" content=\"Con la ambici\u00f3n de posicionar a Almer\u00eda como &quot;capital andaluza de la gastronom\u00eda&quot;, la Asociaci\u00f3n Provincial de Empresarios de Hosteler\u00eda de Almer\u00eda (Ashal), pone en marcha un a\u00f1o m\u00e1s la cuarta edici\u00f3n de las Jornadas de Cocina de Temporada. El presidente de Ashal, Diego Garc\u00eda, junto a la concejal de Recursos Humanos y Promoci\u00f3n del\" \/>\n\t\t<meta property=\"og:url\" content=\"https:\/\/eldigitaldeasturias.com\/magazine365\/ashal-resalta-que-almeria-debe-tener-una-posicion-de-privilegio-en-el-turismo-gastronomico\/\" \/>\n\t\t<meta property=\"og:image\" content=\"https:\/\/eldigitaldeasturias.com\/magazine365\/wp-content\/uploads\/2016\/06\/fotonoticia_20160602091128_800.jpg\" \/>\n\t\t<meta property=\"og:image:secure_url\" content=\"https:\/\/eldigitaldeasturias.com\/magazine365\/wp-content\/uploads\/2016\/06\/fotonoticia_20160602091128_800.jpg\" \/>\n\t\t<meta property=\"og:image:width\" content=\"800\" \/>\n\t\t<meta property=\"og:image:height\" content=\"800\" \/>\n\t\t<meta property=\"article:published_time\" content=\"2016-06-04T03:44:29+00:00\" \/>\n\t\t<meta property=\"article:modified_time\" content=\"2016-06-04T03:44:29+00:00\" \/>\n\t\t<meta name=\"twitter:card\" content=\"summary_large_image\" \/>\n\t\t<meta name=\"twitter:title\" content=\"Ashal resalta que Almer\u00eda debe tener una posici\u00f3n de privilegio en el turismo gastron\u00f3mico | El Digital de Asturias\" \/>\n\t\t<meta name=\"twitter:description\" content=\"Con la ambici\u00f3n de posicionar a Almer\u00eda como &quot;capital andaluza de la gastronom\u00eda&quot;, la Asociaci\u00f3n Provincial de Empresarios de Hosteler\u00eda de Almer\u00eda (Ashal), pone en marcha un a\u00f1o m\u00e1s la cuarta edici\u00f3n de las Jornadas de Cocina de Temporada. El presidente de Ashal, Diego Garc\u00eda, junto a la concejal de Recursos Humanos y Promoci\u00f3n del\" \/>\n\t\t<meta name=\"twitter:image\" content=\"https:\/\/eldigitaldeasturias.com\/magazine365\/wp-content\/uploads\/2016\/06\/fotonoticia_20160602091128_800.jpg\" \/>\n\t\t<script type=\"application\/ld+json\" class=\"aioseo-schema\">\n\t\t\t{\"@context\":\"https:\\\/\\\/schema.org\",\"@graph\":[{\"@type\":\"Article\",\"@id\":\"https:\\\/\\\/eldigitaldeasturias.com\\\/magazine365\\\/ashal-resalta-que-almeria-debe-tener-una-posicion-de-privilegio-en-el-turismo-gastronomico\\\/#article\",\"name\":\"Ashal resalta que Almer\\u00eda debe tener una posici\\u00f3n de privilegio en el turismo gastron\\u00f3mico | El Digital de Asturias\",\"headline\":\"Ashal resalta que Almer\\u00eda debe tener una posici\\u00f3n de privilegio en el turismo gastron\\u00f3mico\",\"author\":{\"@id\":\"https:\\\/\\\/eldigitaldeasturias.com\\\/magazine365\\\/author\\\/admin\\\/#author\"},\"publisher\":{\"@id\":\"https:\\\/\\\/eldigitaldeasturias.com\\\/magazine365\\\/#organization\"},\"image\":{\"@type\":\"ImageObject\",\"url\":\"https:\\\/\\\/eldigitaldeasturias.com\\\/magazine365\\\/wp-content\\\/uploads\\\/2016\\\/06\\\/fotonoticia_20160602091128_800.jpg\",\"width\":800,\"height\":800},\"datePublished\":\"2016-06-04T05:44:29+02:00\",\"dateModified\":\"2016-06-04T05:44:29+02:00\",\"inLanguage\":\"es-ES\",\"mainEntityOfPage\":{\"@id\":\"https:\\\/\\\/eldigitaldeasturias.com\\\/magazine365\\\/ashal-resalta-que-almeria-debe-tener-una-posicion-de-privilegio-en-el-turismo-gastronomico\\\/#webpage\"},\"isPartOf\":{\"@id\":\"https:\\\/\\\/eldigitaldeasturias.com\\\/magazine365\\\/ashal-resalta-que-almeria-debe-tener-una-posicion-de-privilegio-en-el-turismo-gastronomico\\\/#webpage\"},\"articleSection\":\"Noticias y Actualidad\"},{\"@type\":\"BreadcrumbList\",\"@id\":\"https:\\\/\\\/eldigitaldeasturias.com\\\/magazine365\\\/ashal-resalta-que-almeria-debe-tener-una-posicion-de-privilegio-en-el-turismo-gastronomico\\\/#breadcrumblist\",\"itemListElement\":[{\"@type\":\"ListItem\",\"@id\":\"https:\\\/\\\/eldigitaldeasturias.com\\\/magazine365#listItem\",\"position\":1,\"name\":\"Home\",\"item\":\"https:\\\/\\\/eldigitaldeasturias.com\\\/magazine365\",\"nextItem\":{\"@type\":\"ListItem\",\"@id\":\"https:\\\/\\\/eldigitaldeasturias.com\\\/magazine365\\\/category\\\/noticias-actualidad\\\/#listItem\",\"name\":\"Noticias y Actualidad\"}},{\"@type\":\"ListItem\",\"@id\":\"https:\\\/\\\/eldigitaldeasturias.com\\\/magazine365\\\/category\\\/noticias-actualidad\\\/#listItem\",\"position\":2,\"name\":\"Noticias y Actualidad\",\"item\":\"https:\\\/\\\/eldigitaldeasturias.com\\\/magazine365\\\/category\\\/noticias-actualidad\\\/\",\"nextItem\":{\"@type\":\"ListItem\",\"@id\":\"https:\\\/\\\/eldigitaldeasturias.com\\\/magazine365\\\/ashal-resalta-que-almeria-debe-tener-una-posicion-de-privilegio-en-el-turismo-gastronomico\\\/#listItem\",\"name\":\"Ashal resalta que Almer\\u00eda debe tener una posici\\u00f3n de privilegio en el turismo gastron\\u00f3mico\"},\"previousItem\":{\"@type\":\"ListItem\",\"@id\":\"https:\\\/\\\/eldigitaldeasturias.com\\\/magazine365#listItem\",\"name\":\"Home\"}},{\"@type\":\"ListItem\",\"@id\":\"https:\\\/\\\/eldigitaldeasturias.com\\\/magazine365\\\/ashal-resalta-que-almeria-debe-tener-una-posicion-de-privilegio-en-el-turismo-gastronomico\\\/#listItem\",\"position\":3,\"name\":\"Ashal resalta que Almer\\u00eda debe tener una posici\\u00f3n de privilegio en el turismo gastron\\u00f3mico\",\"previousItem\":{\"@type\":\"ListItem\",\"@id\":\"https:\\\/\\\/eldigitaldeasturias.com\\\/magazine365\\\/category\\\/noticias-actualidad\\\/#listItem\",\"name\":\"Noticias y Actualidad\"}}]},{\"@type\":\"Organization\",\"@id\":\"https:\\\/\\\/eldigitaldeasturias.com\\\/magazine365\\\/#organization\",\"name\":\"El digital de Asturias\",\"description\":\"Revista de ocio, turismo y estilo de vida\",\"url\":\"https:\\\/\\\/eldigitaldeasturias.com\\\/magazine365\\\/\",\"logo\":{\"@type\":\"ImageObject\",\"url\":\"https:\\\/\\\/www.eldigitaldeasturias.com\\\/noticias\\\/wp-content\\\/uploads\\\/2020\\\/12\\\/EDA.jpg\",\"@id\":\"https:\\\/\\\/eldigitaldeasturias.com\\\/magazine365\\\/ashal-resalta-que-almeria-debe-tener-una-posicion-de-privilegio-en-el-turismo-gastronomico\\\/#organizationLogo\"},\"image\":{\"@id\":\"https:\\\/\\\/eldigitaldeasturias.com\\\/magazine365\\\/ashal-resalta-que-almeria-debe-tener-una-posicion-de-privilegio-en-el-turismo-gastronomico\\\/#organizationLogo\"}},{\"@type\":\"Person\",\"@id\":\"https:\\\/\\\/eldigitaldeasturias.com\\\/magazine365\\\/author\\\/admin\\\/#author\",\"url\":\"https:\\\/\\\/eldigitaldeasturias.com\\\/magazine365\\\/author\\\/admin\\\/\",\"name\":\"admin\",\"image\":{\"@type\":\"ImageObject\",\"@id\":\"https:\\\/\\\/eldigitaldeasturias.com\\\/magazine365\\\/ashal-resalta-que-almeria-debe-tener-una-posicion-de-privilegio-en-el-turismo-gastronomico\\\/#authorImage\",\"url\":\"https:\\\/\\\/eldigitaldeasturias.com\\\/magazine365\\\/wp-content\\\/litespeed\\\/avatar\\\/e571bcf59a0edd6fa6838245a470f2fe.jpg?ver=1776969259\",\"width\":96,\"height\":96,\"caption\":\"admin\"}},{\"@type\":\"WebPage\",\"@id\":\"https:\\\/\\\/eldigitaldeasturias.com\\\/magazine365\\\/ashal-resalta-que-almeria-debe-tener-una-posicion-de-privilegio-en-el-turismo-gastronomico\\\/#webpage\",\"url\":\"https:\\\/\\\/eldigitaldeasturias.com\\\/magazine365\\\/ashal-resalta-que-almeria-debe-tener-una-posicion-de-privilegio-en-el-turismo-gastronomico\\\/\",\"name\":\"Ashal resalta que Almer\\u00eda debe tener una posici\\u00f3n de privilegio en el turismo gastron\\u00f3mico | El Digital de Asturias\",\"description\":\"Con la ambici\\u00f3n de posicionar a Almer\\u00eda como \\\"capital andaluza de la gastronom\\u00eda\\\", la Asociaci\\u00f3n Provincial de Empresarios de Hosteler\\u00eda de Almer\\u00eda (Ashal), pone en marcha un a\\u00f1o m\\u00e1s la cuarta edici\\u00f3n de las Jornadas de Cocina de Temporada. El presidente de Ashal, Diego Garc\\u00eda, junto a la concejal de Recursos Humanos y Promoci\\u00f3n del\",\"inLanguage\":\"es-ES\",\"isPartOf\":{\"@id\":\"https:\\\/\\\/eldigitaldeasturias.com\\\/magazine365\\\/#website\"},\"breadcrumb\":{\"@id\":\"https:\\\/\\\/eldigitaldeasturias.com\\\/magazine365\\\/ashal-resalta-que-almeria-debe-tener-una-posicion-de-privilegio-en-el-turismo-gastronomico\\\/#breadcrumblist\"},\"author\":{\"@id\":\"https:\\\/\\\/eldigitaldeasturias.com\\\/magazine365\\\/author\\\/admin\\\/#author\"},\"creator\":{\"@id\":\"https:\\\/\\\/eldigitaldeasturias.com\\\/magazine365\\\/author\\\/admin\\\/#author\"},\"image\":{\"@type\":\"ImageObject\",\"url\":\"https:\\\/\\\/eldigitaldeasturias.com\\\/magazine365\\\/wp-content\\\/uploads\\\/2016\\\/06\\\/fotonoticia_20160602091128_800.jpg\",\"@id\":\"https:\\\/\\\/eldigitaldeasturias.com\\\/magazine365\\\/ashal-resalta-que-almeria-debe-tener-una-posicion-de-privilegio-en-el-turismo-gastronomico\\\/#mainImage\",\"width\":800,\"height\":800},\"primaryImageOfPage\":{\"@id\":\"https:\\\/\\\/eldigitaldeasturias.com\\\/magazine365\\\/ashal-resalta-que-almeria-debe-tener-una-posicion-de-privilegio-en-el-turismo-gastronomico\\\/#mainImage\"},\"datePublished\":\"2016-06-04T05:44:29+02:00\",\"dateModified\":\"2016-06-04T05:44:29+02:00\"},{\"@type\":\"WebSite\",\"@id\":\"https:\\\/\\\/eldigitaldeasturias.com\\\/magazine365\\\/#website\",\"url\":\"https:\\\/\\\/eldigitaldeasturias.com\\\/magazine365\\\/\",\"name\":\"El Digital de Asturias\",\"description\":\"Revista de ocio, turismo y estilo de vida\",\"inLanguage\":\"es-ES\",\"publisher\":{\"@id\":\"https:\\\/\\\/eldigitaldeasturias.com\\\/magazine365\\\/#organization\"}}]}\n\t\t<\/script>\n\t\t<!-- All in One SEO Pro -->\r\n\t\t<title>Ashal resalta que Almer\u00eda debe tener una posici\u00f3n de privilegio en el turismo gastron\u00f3mico | El Digital de Asturias<\/title>\n\n","aioseo_head_json":{"title":"Ashal resalta que Almer\u00eda debe tener una posici\u00f3n de privilegio en el turismo gastron\u00f3mico | El Digital de Asturias","description":"Con la ambici\u00f3n de posicionar a Almer\u00eda como \"capital andaluza de la gastronom\u00eda\", la Asociaci\u00f3n Provincial de Empresarios de Hosteler\u00eda de Almer\u00eda (Ashal), pone en marcha un a\u00f1o m\u00e1s la cuarta edici\u00f3n de las Jornadas de Cocina de Temporada. El presidente de Ashal, Diego Garc\u00eda, junto a la concejal de Recursos Humanos y Promoci\u00f3n del","canonical_url":"https:\/\/eldigitaldeasturias.com\/magazine365\/ashal-resalta-que-almeria-debe-tener-una-posicion-de-privilegio-en-el-turismo-gastronomico\/","robots":"max-image-preview:large","keywords":"noticias y actualidad","webmasterTools":{"google-site-verification":"UA-38556648-1","miscellaneous":""},"schema":{"@context":"https:\/\/schema.org","@graph":[{"@type":"Article","@id":"https:\/\/eldigitaldeasturias.com\/magazine365\/ashal-resalta-que-almeria-debe-tener-una-posicion-de-privilegio-en-el-turismo-gastronomico\/#article","name":"Ashal resalta que Almer\u00eda debe tener una posici\u00f3n de privilegio en el turismo gastron\u00f3mico | El Digital de Asturias","headline":"Ashal resalta que Almer\u00eda debe tener una posici\u00f3n de privilegio en el turismo gastron\u00f3mico","author":{"@id":"https:\/\/eldigitaldeasturias.com\/magazine365\/author\/admin\/#author"},"publisher":{"@id":"https:\/\/eldigitaldeasturias.com\/magazine365\/#organization"},"image":{"@type":"ImageObject","url":"https:\/\/eldigitaldeasturias.com\/magazine365\/wp-content\/uploads\/2016\/06\/fotonoticia_20160602091128_800.jpg","width":800,"height":800},"datePublished":"2016-06-04T05:44:29+02:00","dateModified":"2016-06-04T05:44:29+02:00","inLanguage":"es-ES","mainEntityOfPage":{"@id":"https:\/\/eldigitaldeasturias.com\/magazine365\/ashal-resalta-que-almeria-debe-tener-una-posicion-de-privilegio-en-el-turismo-gastronomico\/#webpage"},"isPartOf":{"@id":"https:\/\/eldigitaldeasturias.com\/magazine365\/ashal-resalta-que-almeria-debe-tener-una-posicion-de-privilegio-en-el-turismo-gastronomico\/#webpage"},"articleSection":"Noticias y Actualidad"},{"@type":"BreadcrumbList","@id":"https:\/\/eldigitaldeasturias.com\/magazine365\/ashal-resalta-que-almeria-debe-tener-una-posicion-de-privilegio-en-el-turismo-gastronomico\/#breadcrumblist","itemListElement":[{"@type":"ListItem","@id":"https:\/\/eldigitaldeasturias.com\/magazine365#listItem","position":1,"name":"Home","item":"https:\/\/eldigitaldeasturias.com\/magazine365","nextItem":{"@type":"ListItem","@id":"https:\/\/eldigitaldeasturias.com\/magazine365\/category\/noticias-actualidad\/#listItem","name":"Noticias y Actualidad"}},{"@type":"ListItem","@id":"https:\/\/eldigitaldeasturias.com\/magazine365\/category\/noticias-actualidad\/#listItem","position":2,"name":"Noticias y Actualidad","item":"https:\/\/eldigitaldeasturias.com\/magazine365\/category\/noticias-actualidad\/","nextItem":{"@type":"ListItem","@id":"https:\/\/eldigitaldeasturias.com\/magazine365\/ashal-resalta-que-almeria-debe-tener-una-posicion-de-privilegio-en-el-turismo-gastronomico\/#listItem","name":"Ashal resalta que Almer\u00eda debe tener una posici\u00f3n de privilegio en el turismo gastron\u00f3mico"},"previousItem":{"@type":"ListItem","@id":"https:\/\/eldigitaldeasturias.com\/magazine365#listItem","name":"Home"}},{"@type":"ListItem","@id":"https:\/\/eldigitaldeasturias.com\/magazine365\/ashal-resalta-que-almeria-debe-tener-una-posicion-de-privilegio-en-el-turismo-gastronomico\/#listItem","position":3,"name":"Ashal resalta que Almer\u00eda debe tener una posici\u00f3n de privilegio en el turismo gastron\u00f3mico","previousItem":{"@type":"ListItem","@id":"https:\/\/eldigitaldeasturias.com\/magazine365\/category\/noticias-actualidad\/#listItem","name":"Noticias y Actualidad"}}]},{"@type":"Organization","@id":"https:\/\/eldigitaldeasturias.com\/magazine365\/#organization","name":"El digital de Asturias","description":"Revista de ocio, turismo y estilo de vida","url":"https:\/\/eldigitaldeasturias.com\/magazine365\/","logo":{"@type":"ImageObject","url":"https:\/\/www.eldigitaldeasturias.com\/noticias\/wp-content\/uploads\/2020\/12\/EDA.jpg","@id":"https:\/\/eldigitaldeasturias.com\/magazine365\/ashal-resalta-que-almeria-debe-tener-una-posicion-de-privilegio-en-el-turismo-gastronomico\/#organizationLogo"},"image":{"@id":"https:\/\/eldigitaldeasturias.com\/magazine365\/ashal-resalta-que-almeria-debe-tener-una-posicion-de-privilegio-en-el-turismo-gastronomico\/#organizationLogo"}},{"@type":"Person","@id":"https:\/\/eldigitaldeasturias.com\/magazine365\/author\/admin\/#author","url":"https:\/\/eldigitaldeasturias.com\/magazine365\/author\/admin\/","name":"admin","image":{"@type":"ImageObject","@id":"https:\/\/eldigitaldeasturias.com\/magazine365\/ashal-resalta-que-almeria-debe-tener-una-posicion-de-privilegio-en-el-turismo-gastronomico\/#authorImage","url":"https:\/\/eldigitaldeasturias.com\/magazine365\/wp-content\/litespeed\/avatar\/e571bcf59a0edd6fa6838245a470f2fe.jpg?ver=1776969259","width":96,"height":96,"caption":"admin"}},{"@type":"WebPage","@id":"https:\/\/eldigitaldeasturias.com\/magazine365\/ashal-resalta-que-almeria-debe-tener-una-posicion-de-privilegio-en-el-turismo-gastronomico\/#webpage","url":"https:\/\/eldigitaldeasturias.com\/magazine365\/ashal-resalta-que-almeria-debe-tener-una-posicion-de-privilegio-en-el-turismo-gastronomico\/","name":"Ashal resalta que Almer\u00eda debe tener una posici\u00f3n de privilegio en el turismo gastron\u00f3mico | El Digital de Asturias","description":"Con la ambici\u00f3n de posicionar a Almer\u00eda como \"capital andaluza de la gastronom\u00eda\", la Asociaci\u00f3n Provincial de Empresarios de Hosteler\u00eda de Almer\u00eda (Ashal), pone en marcha un a\u00f1o m\u00e1s la cuarta edici\u00f3n de las Jornadas de Cocina de Temporada. El presidente de Ashal, Diego Garc\u00eda, junto a la concejal de Recursos Humanos y Promoci\u00f3n del","inLanguage":"es-ES","isPartOf":{"@id":"https:\/\/eldigitaldeasturias.com\/magazine365\/#website"},"breadcrumb":{"@id":"https:\/\/eldigitaldeasturias.com\/magazine365\/ashal-resalta-que-almeria-debe-tener-una-posicion-de-privilegio-en-el-turismo-gastronomico\/#breadcrumblist"},"author":{"@id":"https:\/\/eldigitaldeasturias.com\/magazine365\/author\/admin\/#author"},"creator":{"@id":"https:\/\/eldigitaldeasturias.com\/magazine365\/author\/admin\/#author"},"image":{"@type":"ImageObject","url":"https:\/\/eldigitaldeasturias.com\/magazine365\/wp-content\/uploads\/2016\/06\/fotonoticia_20160602091128_800.jpg","@id":"https:\/\/eldigitaldeasturias.com\/magazine365\/ashal-resalta-que-almeria-debe-tener-una-posicion-de-privilegio-en-el-turismo-gastronomico\/#mainImage","width":800,"height":800},"primaryImageOfPage":{"@id":"https:\/\/eldigitaldeasturias.com\/magazine365\/ashal-resalta-que-almeria-debe-tener-una-posicion-de-privilegio-en-el-turismo-gastronomico\/#mainImage"},"datePublished":"2016-06-04T05:44:29+02:00","dateModified":"2016-06-04T05:44:29+02:00"},{"@type":"WebSite","@id":"https:\/\/eldigitaldeasturias.com\/magazine365\/#website","url":"https:\/\/eldigitaldeasturias.com\/magazine365\/","name":"El Digital de Asturias","description":"Revista de ocio, turismo y estilo de vida","inLanguage":"es-ES","publisher":{"@id":"https:\/\/eldigitaldeasturias.com\/magazine365\/#organization"}}]},"og:locale":"es_ES","og:site_name":"El Digital de Asturias \u2013 Revista de ocio, turismo y estilo de vida","og:type":"article","og:title":"Ashal resalta que Almer\u00eda debe tener una posici\u00f3n de privilegio en el turismo gastron\u00f3mico | El Digital de Asturias","og:description":"Con la ambici\u00f3n de posicionar a Almer\u00eda como &quot;capital andaluza de la gastronom\u00eda&quot;, la Asociaci\u00f3n Provincial de Empresarios de Hosteler\u00eda de Almer\u00eda (Ashal), pone en marcha un a\u00f1o m\u00e1s la cuarta edici\u00f3n de las Jornadas de Cocina de Temporada. El presidente de Ashal, Diego Garc\u00eda, junto a la concejal de Recursos Humanos y Promoci\u00f3n del","og:url":"https:\/\/eldigitaldeasturias.com\/magazine365\/ashal-resalta-que-almeria-debe-tener-una-posicion-de-privilegio-en-el-turismo-gastronomico\/","og:image":"https:\/\/eldigitaldeasturias.com\/magazine365\/wp-content\/uploads\/2016\/06\/fotonoticia_20160602091128_800.jpg","og:image:secure_url":"https:\/\/eldigitaldeasturias.com\/magazine365\/wp-content\/uploads\/2016\/06\/fotonoticia_20160602091128_800.jpg","og:image:width":800,"og:image:height":800,"article:published_time":"2016-06-04T03:44:29+00:00","article:modified_time":"2016-06-04T03:44:29+00:00","twitter:card":"summary_large_image","twitter:title":"Ashal resalta que Almer\u00eda debe tener una posici\u00f3n de privilegio en el turismo gastron\u00f3mico | El Digital de Asturias","twitter:description":"Con la ambici\u00f3n de posicionar a Almer\u00eda como &quot;capital andaluza de la gastronom\u00eda&quot;, la Asociaci\u00f3n Provincial de Empresarios de Hosteler\u00eda de Almer\u00eda (Ashal), pone en marcha un a\u00f1o m\u00e1s la cuarta edici\u00f3n de las Jornadas de Cocina de Temporada. El presidente de Ashal, Diego Garc\u00eda, junto a la concejal de Recursos Humanos y Promoci\u00f3n del","twitter:image":"https:\/\/eldigitaldeasturias.com\/magazine365\/wp-content\/uploads\/2016\/06\/fotonoticia_20160602091128_800.jpg"},"aioseo_meta_data":{"post_id":"77576","title":null,"description":null,"keywords":null,"keyphrases":null,"primary_term":null,"canonical_url":null,"og_title":null,"og_description":null,"og_object_type":"default","og_image_type":"default","og_image_url":null,"og_image_width":null,"og_image_height":null,"og_image_custom_url":null,"og_image_custom_fields":null,"og_video":null,"og_custom_url":null,"og_article_section":null,"og_article_tags":null,"twitter_use_og":false,"twitter_card":"default","twitter_image_type":"default","twitter_image_url":null,"twitter_image_custom_url":null,"twitter_image_custom_fields":null,"twitter_title":null,"twitter_description":null,"schema":{"blockGraphs":[],"customGraphs":[],"default":{"data":{"Article":[],"Course":[],"Dataset":[],"FAQPage":[],"Movie":[],"Person":[],"Product":[],"ProductReview":[],"Car":[],"Recipe":[],"Service":[],"SoftwareApplication":[],"WebPage":[]},"graphName":"","isEnabled":true},"graphs":[],"defaultGraph":"","defaultPostTypeGraph":""},"schema_type":null,"schema_type_options":null,"pillar_content":false,"robots_default":true,"robots_noindex":false,"robots_noarchive":false,"robots_nosnippet":false,"robots_nofollow":false,"robots_noimageindex":false,"robots_noodp":false,"robots_notranslate":false,"robots_max_snippet":null,"robots_max_videopreview":null,"robots_max_imagepreview":"large","priority":null,"frequency":null,"location":null,"local_seo":null,"seo_analyzer_scan_date":"2025-09-27 15:11:28","breadcrumb_settings":null,"limit_modified_date":false,"open_ai":null,"ai":null,"created":"2021-03-08 18:11:48","updated":"2025-09-27 15:11:28"},"aioseo_breadcrumb":"<div class=\"aioseo-breadcrumbs\"><span class=\"aioseo-breadcrumb\">\n\t<a href=\"https:\/\/eldigitaldeasturias.com\/magazine365\" title=\"Home\">Home<\/a>\n<\/span><span class=\"aioseo-breadcrumb-separator\">\u2013<\/span><span class=\"aioseo-breadcrumb\">\n\t<a href=\"https:\/\/eldigitaldeasturias.com\/magazine365\/category\/noticias-actualidad\/\" title=\"Noticias y Actualidad\">Noticias y Actualidad<\/a>\n<\/span><span class=\"aioseo-breadcrumb-separator\">\u2013<\/span><span class=\"aioseo-breadcrumb\">\n\t<a href=\"https:\/\/eldigitaldeasturias.com\/magazine365\/ashal-resalta-que-almeria-debe-tener-una-posicion-de-privilegio-en-el-turismo-gastronomico\/\" title=\"Ashal resalta que Almer\u00eda debe tener una posici\u00f3n de privilegio en el turismo gastron\u00f3mico\">Ashal resalta que Almer\u00eda debe tener una posici\u00f3n de privilegio en el turismo gastron\u00f3mico<\/a>\n<\/span><\/div>","aioseo_breadcrumb_json":[{"label":"Home","link":"https:\/\/eldigitaldeasturias.com\/magazine365"},{"label":"Noticias y Actualidad","link":"https:\/\/eldigitaldeasturias.com\/magazine365\/category\/noticias-actualidad\/"},{"label":"Ashal resalta que Almer\u00eda debe tener una posici\u00f3n de privilegio en el turismo gastron\u00f3mico","link":"https:\/\/eldigitaldeasturias.com\/magazine365\/ashal-resalta-que-almeria-debe-tener-una-posicion-de-privilegio-en-el-turismo-gastronomico\/"}],"_links":{"self":[{"href":"https:\/\/eldigitaldeasturias.com\/magazine365\/wp-json\/wp\/v2\/posts\/77576","targetHints":{"allow":["GET"]}}],"collection":[{"href":"https:\/\/eldigitaldeasturias.com\/magazine365\/wp-json\/wp\/v2\/posts"}],"about":[{"href":"https:\/\/eldigitaldeasturias.com\/magazine365\/wp-json\/wp\/v2\/types\/post"}],"author":[{"embeddable":true,"href":"https:\/\/eldigitaldeasturias.com\/magazine365\/wp-json\/wp\/v2\/users\/1"}],"replies":[{"embeddable":true,"href":"https:\/\/eldigitaldeasturias.com\/magazine365\/wp-json\/wp\/v2\/comments?post=77576"}],"version-history":[{"count":0,"href":"https:\/\/eldigitaldeasturias.com\/magazine365\/wp-json\/wp\/v2\/posts\/77576\/revisions"}],"wp:featuredmedia":[{"embeddable":true,"href":"https:\/\/eldigitaldeasturias.com\/magazine365\/wp-json\/wp\/v2\/media\/77577"}],"wp:attachment":[{"href":"https:\/\/eldigitaldeasturias.com\/magazine365\/wp-json\/wp\/v2\/media?parent=77576"}],"wp:term":[{"taxonomy":"category","embeddable":true,"href":"https:\/\/eldigitaldeasturias.com\/magazine365\/wp-json\/wp\/v2\/categories?post=77576"},{"taxonomy":"post_tag","embeddable":true,"href":"https:\/\/eldigitaldeasturias.com\/magazine365\/wp-json\/wp\/v2\/tags?post=77576"}],"curies":[{"name":"wp","href":"https:\/\/api.w.org\/{rel}","templated":true}]}}