{"id":77555,"date":"2016-06-04T05:28:01","date_gmt":"2016-06-04T03:28:01","guid":{"rendered":"http:\/\/eldigitaldeasturias.com\/magazine365\/?p=77555"},"modified":"2016-06-04T05:28:01","modified_gmt":"2016-06-04T03:28:01","slug":"el-puerto-de-barcelona-y-enagas-colaboran-para-hacer-del-enclave-un-hub-de-gnl","status":"publish","type":"post","link":"https:\/\/eldigitaldeasturias.com\/magazine365\/el-puerto-de-barcelona-y-enagas-colaboran-para-hacer-del-enclave-un-hub-de-gnl\/","title":{"rendered":"El Puerto de Barcelona y Enag\u00e1s colaboran para hacer del enclave un &#8216;hub&#8217; de GNL"},"content":{"rendered":"<p><img fetchpriority=\"high\" decoding=\"async\" class=\"alignleft size-medium wp-image-77556\" src=\"https:\/\/eldigitaldeasturias.com\/magazine365\/wp-content\/uploads\/2016\/06\/fotonoticia_20160601181422_800-360x240.jpg\" alt=\"fotonoticia_20160601181422_800\" width=\"360\" height=\"240\" srcset=\"https:\/\/eldigitaldeasturias.com\/magazine365\/wp-content\/uploads\/2016\/06\/fotonoticia_20160601181422_800-360x240.jpg 360w, https:\/\/eldigitaldeasturias.com\/magazine365\/wp-content\/uploads\/2016\/06\/fotonoticia_20160601181422_800-650x433.jpg 650w, https:\/\/eldigitaldeasturias.com\/magazine365\/wp-content\/uploads\/2016\/06\/fotonoticia_20160601181422_800-768x512.jpg 768w, https:\/\/eldigitaldeasturias.com\/magazine365\/wp-content\/uploads\/2016\/06\/fotonoticia_20160601181422_800-150x100.jpg 150w, https:\/\/eldigitaldeasturias.com\/magazine365\/wp-content\/uploads\/2016\/06\/fotonoticia_20160601181422_800-450x300.jpg 450w, https:\/\/eldigitaldeasturias.com\/magazine365\/wp-content\/uploads\/2016\/06\/fotonoticia_20160601181422_800-101x66.jpg 101w, https:\/\/eldigitaldeasturias.com\/magazine365\/wp-content\/uploads\/2016\/06\/fotonoticia_20160601181422_800.jpg 800w\" sizes=\"(max-width: 360px) 100vw, 360px\" \/>El presidente del Puerto de Barcelona, Sixte Cambra, y el consejero delegado de Enag\u00e1s, Marcelino Oreja, han firmado este mi\u00e9rcoles un convenio para la promoci\u00f3n de nuevos servicios log\u00edsticos de gas natural licuado (GNL) en la planta de regasificaci\u00f3n que la compa\u00f1\u00eda gestiona en el recinto portuario con el objetivo de convertirlo en un &#8216;hub&#8217; de distribuci\u00f3n de GNL en el Mediterr\u00e1neo.<\/p>\n<p>En rueda de prensa, Cambra ha explicado que la apuesta por el GNL es fundamental para adaptarse a grandes navieras, como Balearia, Carnival y MSC, ya que ya han hecho encargos de embarcaciones que funcionen con este tipo de combustible, algo que ocurrir\u00e1 a partir de 2017: \u00abQueremos ser su puerto base\u00bb.<\/p>\n<p>Puertos del Estado ha fijado bonificaciones del 50% sobre la tasa de este tipo de embarcaciones, y el Puerto de Barcelona quiere sumar un 20% adicional, una medida que deber\u00e1 aprobar el Ministerio de Fomento ya que el enclave catal\u00e1n no tiene autonom\u00eda para fijar las tarifas.<\/p>\n<p>\u00abSe crear\u00e1 un efecto llamada si ofrecemos bonificaciones m\u00e1s ventajosas. Otras compa\u00f1\u00edas vendr\u00e1n al Puerto de Barcelona para poder competir con las mismas condiciones\u00bb, ha destacado Cambra.<\/p>\n<p>ALTERNATIVA MEDIOAMBIENTAL.<\/p>\n<p>El GNL se est\u00e1 utilizando como combustible para el transporte de mercanc\u00edas, tanto mar\u00edtimo como terrestre, y se estima que a finales de este 2016 un centenar de embarcaciones sean propulsadas por GNL, ya que supone una reducci\u00f3n del 80% en la emisi\u00f3n de NOx y del 100% en la emisi\u00f3n de part\u00edculas en suspensi\u00f3n y de \u00f3xidos de azufre respecto a los carburantes derivados del petr\u00f3leo.<\/p>\n<p>La planta de almacenamiento y regasificaci\u00f3n de Enag\u00e1s en el Puerto de Barcelona est\u00e1 operativa desde 1969 y representa una gran oportunidad para desarrollar el proceso de cambio de combustible en el enclave portuario.<\/p>\n<p>La compa\u00f1\u00eda invertir\u00e1 1,5 millones de euros en su terminal adaptando los muelles de atraque para poder realizar la operaci\u00f3n de carga, una actuaci\u00f3n en la que Enag\u00e1s ha trabajado dos a\u00f1os y que prev\u00e9 estar operativa en 2017: \u00abTenemos que adelantarnos a la industria para que los buques puedan venir aqu\u00ed\u00bb, ha dicho Oreja.<\/p>\n","protected":false},"excerpt":{"rendered":"<p>El presidente del Puerto de Barcelona, Sixte Cambra, y el consejero delegado de Enag\u00e1s, Marcelino Oreja, han firmado este mi\u00e9rcoles un convenio para la promoci\u00f3n de nuevos servicios log\u00edsticos de gas natural licuado (GNL) en la planta de regasificaci\u00f3n que la compa\u00f1\u00eda gestiona en el recinto portuario con el objetivo de convertirlo en un &#8216;hub&#8217;<\/p>\n","protected":false},"author":1,"featured_media":77556,"comment_status":"open","ping_status":"closed","sticky":false,"template":"","format":"standard","meta":{"footnotes":""},"categories":[224],"tags":[],"class_list":{"0":"post-77555","1":"post","2":"type-post","3":"status-publish","4":"format-standard","5":"has-post-thumbnail","7":"category-noticias-actualidad"},"aioseo_notices":[],"aioseo_head":"\n\t\t<!-- All in One SEO Pro 4.9.6.1 - aioseo.com -->\n\t<meta name=\"description\" content=\"El presidente del Puerto de Barcelona, Sixte Cambra, y el consejero delegado de Enag\u00e1s, Marcelino Oreja, han firmado este mi\u00e9rcoles un convenio para la promoci\u00f3n de nuevos servicios log\u00edsticos de gas natural licuado (GNL) en la planta de regasificaci\u00f3n que la compa\u00f1\u00eda gestiona en el recinto portuario con el objetivo de convertirlo en un &#039;hub&#039;\" \/>\n\t<meta name=\"robots\" content=\"max-image-preview:large\" \/>\n\t<meta name=\"author\" content=\"admin\"\/>\n\t<meta name=\"google-site-verification\" content=\"UA-38556648-1\" \/>\n\t<meta name=\"keywords\" content=\"noticias y actualidad\" \/>\n\t<link rel=\"canonical\" href=\"https:\/\/eldigitaldeasturias.com\/magazine365\/el-puerto-de-barcelona-y-enagas-colaboran-para-hacer-del-enclave-un-hub-de-gnl\/\" \/>\n\t<meta name=\"generator\" content=\"All in One SEO Pro (AIOSEO) 4.9.6.1\" \/>\n\t\t<meta property=\"og:locale\" content=\"es_ES\" \/>\n\t\t<meta property=\"og:site_name\" content=\"El Digital de Asturias \u2013 Revista de ocio, turismo y estilo de vida\" \/>\n\t\t<meta property=\"og:type\" content=\"article\" \/>\n\t\t<meta property=\"og:title\" content=\"El Puerto de Barcelona y Enag\u00e1s colaboran para hacer del enclave un \u2018hub\u2019 de GNL | El Digital de Asturias\" \/>\n\t\t<meta property=\"og:description\" content=\"El presidente del Puerto de Barcelona, Sixte Cambra, y el consejero delegado de Enag\u00e1s, Marcelino Oreja, han firmado este mi\u00e9rcoles un convenio para la promoci\u00f3n de nuevos servicios log\u00edsticos de gas natural licuado (GNL) en la planta de regasificaci\u00f3n que la compa\u00f1\u00eda gestiona en el recinto portuario con el objetivo de convertirlo en un &#039;hub&#039;\" \/>\n\t\t<meta property=\"og:url\" content=\"https:\/\/eldigitaldeasturias.com\/magazine365\/el-puerto-de-barcelona-y-enagas-colaboran-para-hacer-del-enclave-un-hub-de-gnl\/\" \/>\n\t\t<meta property=\"og:image\" content=\"https:\/\/eldigitaldeasturias.com\/magazine365\/wp-content\/uploads\/2016\/06\/fotonoticia_20160601181422_800.jpg\" \/>\n\t\t<meta property=\"og:image:secure_url\" content=\"https:\/\/eldigitaldeasturias.com\/magazine365\/wp-content\/uploads\/2016\/06\/fotonoticia_20160601181422_800.jpg\" \/>\n\t\t<meta property=\"og:image:width\" content=\"800\" \/>\n\t\t<meta property=\"og:image:height\" content=\"533\" \/>\n\t\t<meta property=\"article:published_time\" content=\"2016-06-04T03:28:01+00:00\" \/>\n\t\t<meta property=\"article:modified_time\" content=\"2016-06-04T03:28:01+00:00\" \/>\n\t\t<meta name=\"twitter:card\" content=\"summary_large_image\" \/>\n\t\t<meta name=\"twitter:title\" content=\"El Puerto de Barcelona y Enag\u00e1s colaboran para hacer del enclave un \u2018hub\u2019 de GNL | El Digital de Asturias\" \/>\n\t\t<meta name=\"twitter:description\" content=\"El presidente del Puerto de Barcelona, Sixte Cambra, y el consejero delegado de Enag\u00e1s, Marcelino Oreja, han firmado este mi\u00e9rcoles un convenio para la promoci\u00f3n de nuevos servicios log\u00edsticos de gas natural licuado (GNL) en la planta de regasificaci\u00f3n que la compa\u00f1\u00eda gestiona en el recinto portuario con el objetivo de convertirlo en un &#039;hub&#039;\" \/>\n\t\t<meta name=\"twitter:image\" content=\"https:\/\/eldigitaldeasturias.com\/magazine365\/wp-content\/uploads\/2016\/06\/fotonoticia_20160601181422_800.jpg\" \/>\n\t\t<script type=\"application\/ld+json\" class=\"aioseo-schema\">\n\t\t\t{\"@context\":\"https:\\\/\\\/schema.org\",\"@graph\":[{\"@type\":\"Article\",\"@id\":\"https:\\\/\\\/eldigitaldeasturias.com\\\/magazine365\\\/el-puerto-de-barcelona-y-enagas-colaboran-para-hacer-del-enclave-un-hub-de-gnl\\\/#article\",\"name\":\"El Puerto de Barcelona y Enag\\u00e1s colaboran para hacer del enclave un \\u2018hub\\u2019 de GNL | El Digital de Asturias\",\"headline\":\"El Puerto de Barcelona y Enag\\u00e1s colaboran para hacer del enclave un &#8216;hub&#8217; de GNL\",\"author\":{\"@id\":\"https:\\\/\\\/eldigitaldeasturias.com\\\/magazine365\\\/author\\\/admin\\\/#author\"},\"publisher\":{\"@id\":\"https:\\\/\\\/eldigitaldeasturias.com\\\/magazine365\\\/#organization\"},\"image\":{\"@type\":\"ImageObject\",\"url\":\"https:\\\/\\\/eldigitaldeasturias.com\\\/magazine365\\\/wp-content\\\/uploads\\\/2016\\\/06\\\/fotonoticia_20160601181422_800.jpg\",\"width\":800,\"height\":533},\"datePublished\":\"2016-06-04T05:28:01+02:00\",\"dateModified\":\"2016-06-04T05:28:01+02:00\",\"inLanguage\":\"es-ES\",\"mainEntityOfPage\":{\"@id\":\"https:\\\/\\\/eldigitaldeasturias.com\\\/magazine365\\\/el-puerto-de-barcelona-y-enagas-colaboran-para-hacer-del-enclave-un-hub-de-gnl\\\/#webpage\"},\"isPartOf\":{\"@id\":\"https:\\\/\\\/eldigitaldeasturias.com\\\/magazine365\\\/el-puerto-de-barcelona-y-enagas-colaboran-para-hacer-del-enclave-un-hub-de-gnl\\\/#webpage\"},\"articleSection\":\"Noticias y Actualidad\"},{\"@type\":\"BreadcrumbList\",\"@id\":\"https:\\\/\\\/eldigitaldeasturias.com\\\/magazine365\\\/el-puerto-de-barcelona-y-enagas-colaboran-para-hacer-del-enclave-un-hub-de-gnl\\\/#breadcrumblist\",\"itemListElement\":[{\"@type\":\"ListItem\",\"@id\":\"https:\\\/\\\/eldigitaldeasturias.com\\\/magazine365#listItem\",\"position\":1,\"name\":\"Home\",\"item\":\"https:\\\/\\\/eldigitaldeasturias.com\\\/magazine365\",\"nextItem\":{\"@type\":\"ListItem\",\"@id\":\"https:\\\/\\\/eldigitaldeasturias.com\\\/magazine365\\\/category\\\/noticias-actualidad\\\/#listItem\",\"name\":\"Noticias y Actualidad\"}},{\"@type\":\"ListItem\",\"@id\":\"https:\\\/\\\/eldigitaldeasturias.com\\\/magazine365\\\/category\\\/noticias-actualidad\\\/#listItem\",\"position\":2,\"name\":\"Noticias y Actualidad\",\"item\":\"https:\\\/\\\/eldigitaldeasturias.com\\\/magazine365\\\/category\\\/noticias-actualidad\\\/\",\"nextItem\":{\"@type\":\"ListItem\",\"@id\":\"https:\\\/\\\/eldigitaldeasturias.com\\\/magazine365\\\/el-puerto-de-barcelona-y-enagas-colaboran-para-hacer-del-enclave-un-hub-de-gnl\\\/#listItem\",\"name\":\"El Puerto de Barcelona y Enag\\u00e1s colaboran para hacer del enclave un &#8216;hub&#8217; de GNL\"},\"previousItem\":{\"@type\":\"ListItem\",\"@id\":\"https:\\\/\\\/eldigitaldeasturias.com\\\/magazine365#listItem\",\"name\":\"Home\"}},{\"@type\":\"ListItem\",\"@id\":\"https:\\\/\\\/eldigitaldeasturias.com\\\/magazine365\\\/el-puerto-de-barcelona-y-enagas-colaboran-para-hacer-del-enclave-un-hub-de-gnl\\\/#listItem\",\"position\":3,\"name\":\"El Puerto de Barcelona y Enag\\u00e1s colaboran para hacer del enclave un &#8216;hub&#8217; de GNL\",\"previousItem\":{\"@type\":\"ListItem\",\"@id\":\"https:\\\/\\\/eldigitaldeasturias.com\\\/magazine365\\\/category\\\/noticias-actualidad\\\/#listItem\",\"name\":\"Noticias y Actualidad\"}}]},{\"@type\":\"Organization\",\"@id\":\"https:\\\/\\\/eldigitaldeasturias.com\\\/magazine365\\\/#organization\",\"name\":\"El digital de Asturias\",\"description\":\"Revista de ocio, turismo y estilo de vida\",\"url\":\"https:\\\/\\\/eldigitaldeasturias.com\\\/magazine365\\\/\",\"logo\":{\"@type\":\"ImageObject\",\"url\":\"https:\\\/\\\/www.eldigitaldeasturias.com\\\/noticias\\\/wp-content\\\/uploads\\\/2020\\\/12\\\/EDA.jpg\",\"@id\":\"https:\\\/\\\/eldigitaldeasturias.com\\\/magazine365\\\/el-puerto-de-barcelona-y-enagas-colaboran-para-hacer-del-enclave-un-hub-de-gnl\\\/#organizationLogo\"},\"image\":{\"@id\":\"https:\\\/\\\/eldigitaldeasturias.com\\\/magazine365\\\/el-puerto-de-barcelona-y-enagas-colaboran-para-hacer-del-enclave-un-hub-de-gnl\\\/#organizationLogo\"}},{\"@type\":\"Person\",\"@id\":\"https:\\\/\\\/eldigitaldeasturias.com\\\/magazine365\\\/author\\\/admin\\\/#author\",\"url\":\"https:\\\/\\\/eldigitaldeasturias.com\\\/magazine365\\\/author\\\/admin\\\/\",\"name\":\"admin\",\"image\":{\"@type\":\"ImageObject\",\"@id\":\"https:\\\/\\\/eldigitaldeasturias.com\\\/magazine365\\\/el-puerto-de-barcelona-y-enagas-colaboran-para-hacer-del-enclave-un-hub-de-gnl\\\/#authorImage\",\"url\":\"https:\\\/\\\/eldigitaldeasturias.com\\\/magazine365\\\/wp-content\\\/litespeed\\\/avatar\\\/e571bcf59a0edd6fa6838245a470f2fe.jpg?ver=1776969259\",\"width\":96,\"height\":96,\"caption\":\"admin\"}},{\"@type\":\"WebPage\",\"@id\":\"https:\\\/\\\/eldigitaldeasturias.com\\\/magazine365\\\/el-puerto-de-barcelona-y-enagas-colaboran-para-hacer-del-enclave-un-hub-de-gnl\\\/#webpage\",\"url\":\"https:\\\/\\\/eldigitaldeasturias.com\\\/magazine365\\\/el-puerto-de-barcelona-y-enagas-colaboran-para-hacer-del-enclave-un-hub-de-gnl\\\/\",\"name\":\"El Puerto de Barcelona y Enag\\u00e1s colaboran para hacer del enclave un \\u2018hub\\u2019 de GNL | El Digital de Asturias\",\"description\":\"El presidente del Puerto de Barcelona, Sixte Cambra, y el consejero delegado de Enag\\u00e1s, Marcelino Oreja, han firmado este mi\\u00e9rcoles un convenio para la promoci\\u00f3n de nuevos servicios log\\u00edsticos de gas natural licuado (GNL) en la planta de regasificaci\\u00f3n que la compa\\u00f1\\u00eda gestiona en el recinto portuario con el objetivo de convertirlo en un 'hub'\",\"inLanguage\":\"es-ES\",\"isPartOf\":{\"@id\":\"https:\\\/\\\/eldigitaldeasturias.com\\\/magazine365\\\/#website\"},\"breadcrumb\":{\"@id\":\"https:\\\/\\\/eldigitaldeasturias.com\\\/magazine365\\\/el-puerto-de-barcelona-y-enagas-colaboran-para-hacer-del-enclave-un-hub-de-gnl\\\/#breadcrumblist\"},\"author\":{\"@id\":\"https:\\\/\\\/eldigitaldeasturias.com\\\/magazine365\\\/author\\\/admin\\\/#author\"},\"creator\":{\"@id\":\"https:\\\/\\\/eldigitaldeasturias.com\\\/magazine365\\\/author\\\/admin\\\/#author\"},\"image\":{\"@type\":\"ImageObject\",\"url\":\"https:\\\/\\\/eldigitaldeasturias.com\\\/magazine365\\\/wp-content\\\/uploads\\\/2016\\\/06\\\/fotonoticia_20160601181422_800.jpg\",\"@id\":\"https:\\\/\\\/eldigitaldeasturias.com\\\/magazine365\\\/el-puerto-de-barcelona-y-enagas-colaboran-para-hacer-del-enclave-un-hub-de-gnl\\\/#mainImage\",\"width\":800,\"height\":533},\"primaryImageOfPage\":{\"@id\":\"https:\\\/\\\/eldigitaldeasturias.com\\\/magazine365\\\/el-puerto-de-barcelona-y-enagas-colaboran-para-hacer-del-enclave-un-hub-de-gnl\\\/#mainImage\"},\"datePublished\":\"2016-06-04T05:28:01+02:00\",\"dateModified\":\"2016-06-04T05:28:01+02:00\"},{\"@type\":\"WebSite\",\"@id\":\"https:\\\/\\\/eldigitaldeasturias.com\\\/magazine365\\\/#website\",\"url\":\"https:\\\/\\\/eldigitaldeasturias.com\\\/magazine365\\\/\",\"name\":\"El Digital de Asturias\",\"description\":\"Revista de ocio, turismo y estilo de vida\",\"inLanguage\":\"es-ES\",\"publisher\":{\"@id\":\"https:\\\/\\\/eldigitaldeasturias.com\\\/magazine365\\\/#organization\"}}]}\n\t\t<\/script>\n\t\t<!-- All in One SEO Pro -->\r\n\t\t<title>El Puerto de Barcelona y Enag\u00e1s colaboran para hacer del enclave un \u2018hub\u2019 de GNL | El Digital de Asturias<\/title>\n\n","aioseo_head_json":{"title":"El Puerto de Barcelona y Enag\u00e1s colaboran para hacer del enclave un \u2018hub\u2019 de GNL | El Digital de Asturias","description":"El presidente del Puerto de Barcelona, Sixte Cambra, y el consejero delegado de Enag\u00e1s, Marcelino Oreja, han firmado este mi\u00e9rcoles un convenio para la promoci\u00f3n de nuevos servicios log\u00edsticos de gas natural licuado (GNL) en la planta de regasificaci\u00f3n que la compa\u00f1\u00eda gestiona en el recinto portuario con el objetivo de convertirlo en un 'hub'","canonical_url":"https:\/\/eldigitaldeasturias.com\/magazine365\/el-puerto-de-barcelona-y-enagas-colaboran-para-hacer-del-enclave-un-hub-de-gnl\/","robots":"max-image-preview:large","keywords":"noticias y actualidad","webmasterTools":{"google-site-verification":"UA-38556648-1","miscellaneous":""},"schema":{"@context":"https:\/\/schema.org","@graph":[{"@type":"Article","@id":"https:\/\/eldigitaldeasturias.com\/magazine365\/el-puerto-de-barcelona-y-enagas-colaboran-para-hacer-del-enclave-un-hub-de-gnl\/#article","name":"El Puerto de Barcelona y Enag\u00e1s colaboran para hacer del enclave un \u2018hub\u2019 de GNL | El Digital de Asturias","headline":"El Puerto de Barcelona y Enag\u00e1s colaboran para hacer del enclave un &#8216;hub&#8217; de GNL","author":{"@id":"https:\/\/eldigitaldeasturias.com\/magazine365\/author\/admin\/#author"},"publisher":{"@id":"https:\/\/eldigitaldeasturias.com\/magazine365\/#organization"},"image":{"@type":"ImageObject","url":"https:\/\/eldigitaldeasturias.com\/magazine365\/wp-content\/uploads\/2016\/06\/fotonoticia_20160601181422_800.jpg","width":800,"height":533},"datePublished":"2016-06-04T05:28:01+02:00","dateModified":"2016-06-04T05:28:01+02:00","inLanguage":"es-ES","mainEntityOfPage":{"@id":"https:\/\/eldigitaldeasturias.com\/magazine365\/el-puerto-de-barcelona-y-enagas-colaboran-para-hacer-del-enclave-un-hub-de-gnl\/#webpage"},"isPartOf":{"@id":"https:\/\/eldigitaldeasturias.com\/magazine365\/el-puerto-de-barcelona-y-enagas-colaboran-para-hacer-del-enclave-un-hub-de-gnl\/#webpage"},"articleSection":"Noticias y Actualidad"},{"@type":"BreadcrumbList","@id":"https:\/\/eldigitaldeasturias.com\/magazine365\/el-puerto-de-barcelona-y-enagas-colaboran-para-hacer-del-enclave-un-hub-de-gnl\/#breadcrumblist","itemListElement":[{"@type":"ListItem","@id":"https:\/\/eldigitaldeasturias.com\/magazine365#listItem","position":1,"name":"Home","item":"https:\/\/eldigitaldeasturias.com\/magazine365","nextItem":{"@type":"ListItem","@id":"https:\/\/eldigitaldeasturias.com\/magazine365\/category\/noticias-actualidad\/#listItem","name":"Noticias y Actualidad"}},{"@type":"ListItem","@id":"https:\/\/eldigitaldeasturias.com\/magazine365\/category\/noticias-actualidad\/#listItem","position":2,"name":"Noticias y Actualidad","item":"https:\/\/eldigitaldeasturias.com\/magazine365\/category\/noticias-actualidad\/","nextItem":{"@type":"ListItem","@id":"https:\/\/eldigitaldeasturias.com\/magazine365\/el-puerto-de-barcelona-y-enagas-colaboran-para-hacer-del-enclave-un-hub-de-gnl\/#listItem","name":"El Puerto de Barcelona y Enag\u00e1s colaboran para hacer del enclave un &#8216;hub&#8217; de GNL"},"previousItem":{"@type":"ListItem","@id":"https:\/\/eldigitaldeasturias.com\/magazine365#listItem","name":"Home"}},{"@type":"ListItem","@id":"https:\/\/eldigitaldeasturias.com\/magazine365\/el-puerto-de-barcelona-y-enagas-colaboran-para-hacer-del-enclave-un-hub-de-gnl\/#listItem","position":3,"name":"El Puerto de Barcelona y Enag\u00e1s colaboran para hacer del enclave un &#8216;hub&#8217; de GNL","previousItem":{"@type":"ListItem","@id":"https:\/\/eldigitaldeasturias.com\/magazine365\/category\/noticias-actualidad\/#listItem","name":"Noticias y Actualidad"}}]},{"@type":"Organization","@id":"https:\/\/eldigitaldeasturias.com\/magazine365\/#organization","name":"El digital de Asturias","description":"Revista de ocio, turismo y estilo de vida","url":"https:\/\/eldigitaldeasturias.com\/magazine365\/","logo":{"@type":"ImageObject","url":"https:\/\/www.eldigitaldeasturias.com\/noticias\/wp-content\/uploads\/2020\/12\/EDA.jpg","@id":"https:\/\/eldigitaldeasturias.com\/magazine365\/el-puerto-de-barcelona-y-enagas-colaboran-para-hacer-del-enclave-un-hub-de-gnl\/#organizationLogo"},"image":{"@id":"https:\/\/eldigitaldeasturias.com\/magazine365\/el-puerto-de-barcelona-y-enagas-colaboran-para-hacer-del-enclave-un-hub-de-gnl\/#organizationLogo"}},{"@type":"Person","@id":"https:\/\/eldigitaldeasturias.com\/magazine365\/author\/admin\/#author","url":"https:\/\/eldigitaldeasturias.com\/magazine365\/author\/admin\/","name":"admin","image":{"@type":"ImageObject","@id":"https:\/\/eldigitaldeasturias.com\/magazine365\/el-puerto-de-barcelona-y-enagas-colaboran-para-hacer-del-enclave-un-hub-de-gnl\/#authorImage","url":"https:\/\/eldigitaldeasturias.com\/magazine365\/wp-content\/litespeed\/avatar\/e571bcf59a0edd6fa6838245a470f2fe.jpg?ver=1776969259","width":96,"height":96,"caption":"admin"}},{"@type":"WebPage","@id":"https:\/\/eldigitaldeasturias.com\/magazine365\/el-puerto-de-barcelona-y-enagas-colaboran-para-hacer-del-enclave-un-hub-de-gnl\/#webpage","url":"https:\/\/eldigitaldeasturias.com\/magazine365\/el-puerto-de-barcelona-y-enagas-colaboran-para-hacer-del-enclave-un-hub-de-gnl\/","name":"El Puerto de Barcelona y Enag\u00e1s colaboran para hacer del enclave un \u2018hub\u2019 de GNL | El Digital de Asturias","description":"El presidente del Puerto de Barcelona, Sixte Cambra, y el consejero delegado de Enag\u00e1s, Marcelino Oreja, han firmado este mi\u00e9rcoles un convenio para la promoci\u00f3n de nuevos servicios log\u00edsticos de gas natural licuado (GNL) en la planta de regasificaci\u00f3n que la compa\u00f1\u00eda gestiona en el recinto portuario con el objetivo de convertirlo en un 'hub'","inLanguage":"es-ES","isPartOf":{"@id":"https:\/\/eldigitaldeasturias.com\/magazine365\/#website"},"breadcrumb":{"@id":"https:\/\/eldigitaldeasturias.com\/magazine365\/el-puerto-de-barcelona-y-enagas-colaboran-para-hacer-del-enclave-un-hub-de-gnl\/#breadcrumblist"},"author":{"@id":"https:\/\/eldigitaldeasturias.com\/magazine365\/author\/admin\/#author"},"creator":{"@id":"https:\/\/eldigitaldeasturias.com\/magazine365\/author\/admin\/#author"},"image":{"@type":"ImageObject","url":"https:\/\/eldigitaldeasturias.com\/magazine365\/wp-content\/uploads\/2016\/06\/fotonoticia_20160601181422_800.jpg","@id":"https:\/\/eldigitaldeasturias.com\/magazine365\/el-puerto-de-barcelona-y-enagas-colaboran-para-hacer-del-enclave-un-hub-de-gnl\/#mainImage","width":800,"height":533},"primaryImageOfPage":{"@id":"https:\/\/eldigitaldeasturias.com\/magazine365\/el-puerto-de-barcelona-y-enagas-colaboran-para-hacer-del-enclave-un-hub-de-gnl\/#mainImage"},"datePublished":"2016-06-04T05:28:01+02:00","dateModified":"2016-06-04T05:28:01+02:00"},{"@type":"WebSite","@id":"https:\/\/eldigitaldeasturias.com\/magazine365\/#website","url":"https:\/\/eldigitaldeasturias.com\/magazine365\/","name":"El Digital de Asturias","description":"Revista de ocio, turismo y estilo de vida","inLanguage":"es-ES","publisher":{"@id":"https:\/\/eldigitaldeasturias.com\/magazine365\/#organization"}}]},"og:locale":"es_ES","og:site_name":"El Digital de Asturias \u2013 Revista de ocio, turismo y estilo de vida","og:type":"article","og:title":"El Puerto de Barcelona y Enag\u00e1s colaboran para hacer del enclave un \u2018hub\u2019 de GNL | El Digital de Asturias","og:description":"El presidente del Puerto de Barcelona, Sixte Cambra, y el consejero delegado de Enag\u00e1s, Marcelino Oreja, han firmado este mi\u00e9rcoles un convenio para la promoci\u00f3n de nuevos servicios log\u00edsticos de gas natural licuado (GNL) en la planta de regasificaci\u00f3n que la compa\u00f1\u00eda gestiona en el recinto portuario con el objetivo de convertirlo en un 'hub'","og:url":"https:\/\/eldigitaldeasturias.com\/magazine365\/el-puerto-de-barcelona-y-enagas-colaboran-para-hacer-del-enclave-un-hub-de-gnl\/","og:image":"https:\/\/eldigitaldeasturias.com\/magazine365\/wp-content\/uploads\/2016\/06\/fotonoticia_20160601181422_800.jpg","og:image:secure_url":"https:\/\/eldigitaldeasturias.com\/magazine365\/wp-content\/uploads\/2016\/06\/fotonoticia_20160601181422_800.jpg","og:image:width":800,"og:image:height":533,"article:published_time":"2016-06-04T03:28:01+00:00","article:modified_time":"2016-06-04T03:28:01+00:00","twitter:card":"summary_large_image","twitter:title":"El Puerto de Barcelona y Enag\u00e1s colaboran para hacer del enclave un \u2018hub\u2019 de GNL | El Digital de Asturias","twitter:description":"El presidente del Puerto de Barcelona, Sixte Cambra, y el consejero delegado de Enag\u00e1s, Marcelino Oreja, han firmado este mi\u00e9rcoles un convenio para la promoci\u00f3n de nuevos servicios log\u00edsticos de gas natural licuado (GNL) en la planta de regasificaci\u00f3n que la compa\u00f1\u00eda gestiona en el recinto portuario con el objetivo de convertirlo en un 'hub'","twitter:image":"https:\/\/eldigitaldeasturias.com\/magazine365\/wp-content\/uploads\/2016\/06\/fotonoticia_20160601181422_800.jpg"},"aioseo_meta_data":{"post_id":"77555","title":null,"description":null,"keywords":null,"keyphrases":null,"primary_term":null,"canonical_url":null,"og_title":null,"og_description":null,"og_object_type":"default","og_image_type":"default","og_image_url":null,"og_image_width":null,"og_image_height":null,"og_image_custom_url":null,"og_image_custom_fields":null,"og_video":null,"og_custom_url":null,"og_article_section":null,"og_article_tags":null,"twitter_use_og":false,"twitter_card":"default","twitter_image_type":"default","twitter_image_url":null,"twitter_image_custom_url":null,"twitter_image_custom_fields":null,"twitter_title":null,"twitter_description":null,"schema":{"blockGraphs":[],"customGraphs":[],"default":{"data":{"Article":[],"Course":[],"Dataset":[],"FAQPage":[],"Movie":[],"Person":[],"Product":[],"ProductReview":[],"Car":[],"Recipe":[],"Service":[],"SoftwareApplication":[],"WebPage":[]},"graphName":"","isEnabled":true},"graphs":[],"defaultGraph":"","defaultPostTypeGraph":""},"schema_type":null,"schema_type_options":null,"pillar_content":false,"robots_default":true,"robots_noindex":false,"robots_noarchive":false,"robots_nosnippet":false,"robots_nofollow":false,"robots_noimageindex":false,"robots_noodp":false,"robots_notranslate":false,"robots_max_snippet":null,"robots_max_videopreview":null,"robots_max_imagepreview":"large","priority":null,"frequency":null,"location":null,"local_seo":null,"seo_analyzer_scan_date":"2025-09-27 15:08:12","breadcrumb_settings":null,"limit_modified_date":false,"open_ai":null,"ai":null,"created":"2021-03-08 18:11:48","updated":"2025-09-27 15:08:12"},"aioseo_breadcrumb":"<div class=\"aioseo-breadcrumbs\"><span class=\"aioseo-breadcrumb\">\n\t<a href=\"https:\/\/eldigitaldeasturias.com\/magazine365\" title=\"Home\">Home<\/a>\n<\/span><span class=\"aioseo-breadcrumb-separator\">\u2013<\/span><span class=\"aioseo-breadcrumb\">\n\t<a href=\"https:\/\/eldigitaldeasturias.com\/magazine365\/category\/noticias-actualidad\/\" title=\"Noticias y Actualidad\">Noticias y Actualidad<\/a>\n<\/span><span class=\"aioseo-breadcrumb-separator\">\u2013<\/span><span class=\"aioseo-breadcrumb\">\n\t<a href=\"https:\/\/eldigitaldeasturias.com\/magazine365\/el-puerto-de-barcelona-y-enagas-colaboran-para-hacer-del-enclave-un-hub-de-gnl\/\" title=\"El Puerto de Barcelona y Enag\u00e1s colaboran para hacer del enclave un \u2018hub\u2019 de GNL\">El Puerto de Barcelona y Enag\u00e1s colaboran para hacer del enclave un \u2018hub\u2019 de GNL<\/a>\n<\/span><\/div>","aioseo_breadcrumb_json":[{"label":"Home","link":"https:\/\/eldigitaldeasturias.com\/magazine365"},{"label":"Noticias y Actualidad","link":"https:\/\/eldigitaldeasturias.com\/magazine365\/category\/noticias-actualidad\/"},{"label":"El Puerto de Barcelona y Enag\u00e1s colaboran para hacer del enclave un &#8216;hub&#8217; de GNL","link":"https:\/\/eldigitaldeasturias.com\/magazine365\/el-puerto-de-barcelona-y-enagas-colaboran-para-hacer-del-enclave-un-hub-de-gnl\/"}],"_links":{"self":[{"href":"https:\/\/eldigitaldeasturias.com\/magazine365\/wp-json\/wp\/v2\/posts\/77555","targetHints":{"allow":["GET"]}}],"collection":[{"href":"https:\/\/eldigitaldeasturias.com\/magazine365\/wp-json\/wp\/v2\/posts"}],"about":[{"href":"https:\/\/eldigitaldeasturias.com\/magazine365\/wp-json\/wp\/v2\/types\/post"}],"author":[{"embeddable":true,"href":"https:\/\/eldigitaldeasturias.com\/magazine365\/wp-json\/wp\/v2\/users\/1"}],"replies":[{"embeddable":true,"href":"https:\/\/eldigitaldeasturias.com\/magazine365\/wp-json\/wp\/v2\/comments?post=77555"}],"version-history":[{"count":0,"href":"https:\/\/eldigitaldeasturias.com\/magazine365\/wp-json\/wp\/v2\/posts\/77555\/revisions"}],"wp:featuredmedia":[{"embeddable":true,"href":"https:\/\/eldigitaldeasturias.com\/magazine365\/wp-json\/wp\/v2\/media\/77556"}],"wp:attachment":[{"href":"https:\/\/eldigitaldeasturias.com\/magazine365\/wp-json\/wp\/v2\/media?parent=77555"}],"wp:term":[{"taxonomy":"category","embeddable":true,"href":"https:\/\/eldigitaldeasturias.com\/magazine365\/wp-json\/wp\/v2\/categories?post=77555"},{"taxonomy":"post_tag","embeddable":true,"href":"https:\/\/eldigitaldeasturias.com\/magazine365\/wp-json\/wp\/v2\/tags?post=77555"}],"curies":[{"name":"wp","href":"https:\/\/api.w.org\/{rel}","templated":true}]}}