{"id":77549,"date":"2016-06-04T05:25:38","date_gmt":"2016-06-04T03:25:38","guid":{"rendered":"http:\/\/eldigitaldeasturias.com\/magazine365\/?p=77549"},"modified":"2016-06-04T05:25:38","modified_gmt":"2016-06-04T03:25:38","slug":"unos-13-000-jovenes-cuentan-con-la-tarjeta-renfe-joven","status":"publish","type":"post","link":"https:\/\/eldigitaldeasturias.com\/magazine365\/unos-13-000-jovenes-cuentan-con-la-tarjeta-renfe-joven\/","title":{"rendered":"Unos 13.000 j\u00f3venes cuentan con la tarjeta &#8216;+Renfe Joven&#8217;"},"content":{"rendered":"<p><img fetchpriority=\"high\" decoding=\"async\" class=\"alignleft size-medium wp-image-77550\" src=\"https:\/\/eldigitaldeasturias.com\/magazine365\/wp-content\/uploads\/2016\/06\/fotonoticia_20160601181231_800-360x243.jpg\" alt=\"fotonoticia_20160601181231_800\" width=\"360\" height=\"243\" srcset=\"https:\/\/eldigitaldeasturias.com\/magazine365\/wp-content\/uploads\/2016\/06\/fotonoticia_20160601181231_800-360x243.jpg 360w, https:\/\/eldigitaldeasturias.com\/magazine365\/wp-content\/uploads\/2016\/06\/fotonoticia_20160601181231_800-650x438.jpg 650w, https:\/\/eldigitaldeasturias.com\/magazine365\/wp-content\/uploads\/2016\/06\/fotonoticia_20160601181231_800-768x517.jpg 768w, https:\/\/eldigitaldeasturias.com\/magazine365\/wp-content\/uploads\/2016\/06\/fotonoticia_20160601181231_800-150x101.jpg 150w, https:\/\/eldigitaldeasturias.com\/magazine365\/wp-content\/uploads\/2016\/06\/fotonoticia_20160601181231_800-450x303.jpg 450w, https:\/\/eldigitaldeasturias.com\/magazine365\/wp-content\/uploads\/2016\/06\/fotonoticia_20160601181231_800.jpg 800w\" sizes=\"(max-width: 360px) 100vw, 360px\" \/>Unos 13.000 j\u00f3venes cuentan con la tarjeta &#8216;+Renfe Joven&#8217;, que permite a los viajeros de entre 14 y 25 a\u00f1os de edad lograr descuentos de hasta el 50% en el precio de los billetes de tren AVE y Larga Distancia si se compran con antelaci\u00f3n.<\/p>\n<p>La compa\u00f1\u00eda suma este n\u00famero de clientes a su programa de fidelizaci\u00f3n de j\u00f3venes viajeros a los cuatro meses de su lanzamiento, el pasado 9 de febrero.<\/p>\n<p>La tarjeta se puede adquirir a trav\u00e9s de la web de Renfe por un precio de 50 euros. Con ella, los j\u00f3venes obtienen una rebaja del 30% en el precio del billete si lo compran con menos de quince d\u00edas de antelaci\u00f3n, del 40% si se adquiere entre 15 y 29 d\u00edas antes de la fecha del viaje y del 50% si se compra una antelaci\u00f3n de m\u00e1s de treinta d\u00edas.<\/p>\n<p>La tarjeta tambi\u00e9n permite aplicar descuentos del 25% para el resto de los trenes de Renfe, desde los Avant hasta los de Cercan\u00edas, sin que en este caso sea necesario comprar los billetes con una determinada antelaci\u00f3n.<\/p>\n<p>Con esta iniciativa, la compa\u00f1\u00eda pretende atraer a los j\u00f3venes al ferrocarril, despu\u00e9s de que sus trenes AVE y Larga Distancia transportaran un volumen hist\u00f3rico de 30,8 millones de pasajeros en 2015.<\/p>\n<p>Asimismo, se enmarca en la estrategia comercial de la operadora, centrada en aumentar y fidelizar pasajeros y de \u00abmejorar continuamente su servicio\u00bb.<\/p>\n<p>En esta l\u00ednea se circunscriben el programa de fidelizaci\u00f3n &#8216;+Renfe&#8217; de la compa\u00f1\u00eda, que actualmente cumple su primer a\u00f1o con alrededor de un millones de clientes. Seg\u00fan inform\u00f3 Renfe, la mayor parte de los puntos que logran los viajeros con esta tarjeta se canjean por nuevos billetes de tren.<\/p>\n","protected":false},"excerpt":{"rendered":"<p>Unos 13.000 j\u00f3venes cuentan con la tarjeta &#8216;+Renfe Joven&#8217;, que permite a los viajeros de entre 14 y 25 a\u00f1os de edad lograr descuentos de hasta el 50% en el precio de los billetes de tren AVE y Larga Distancia si se compran con antelaci\u00f3n. La compa\u00f1\u00eda suma este n\u00famero de clientes a su programa<\/p>\n","protected":false},"author":1,"featured_media":77550,"comment_status":"open","ping_status":"closed","sticky":false,"template":"","format":"standard","meta":{"footnotes":""},"categories":[224],"tags":[],"class_list":{"0":"post-77549","1":"post","2":"type-post","3":"status-publish","4":"format-standard","5":"has-post-thumbnail","7":"category-noticias-actualidad"},"aioseo_notices":[],"aioseo_head":"\n\t\t<!-- All in One SEO Pro 4.9.6.1 - aioseo.com -->\n\t<meta name=\"description\" content=\"Unos 13.000 j\u00f3venes cuentan con la tarjeta &#039;+Renfe Joven&#039;, que permite a los viajeros de entre 14 y 25 a\u00f1os de edad lograr descuentos de hasta el 50% en el precio de los billetes de tren AVE y Larga Distancia si se compran con antelaci\u00f3n. La compa\u00f1\u00eda suma este n\u00famero de clientes a su programa\" \/>\n\t<meta name=\"robots\" content=\"max-image-preview:large\" \/>\n\t<meta name=\"author\" content=\"admin\"\/>\n\t<meta name=\"google-site-verification\" content=\"UA-38556648-1\" \/>\n\t<meta name=\"keywords\" content=\"noticias y actualidad\" \/>\n\t<link rel=\"canonical\" href=\"https:\/\/eldigitaldeasturias.com\/magazine365\/unos-13-000-jovenes-cuentan-con-la-tarjeta-renfe-joven\/\" \/>\n\t<meta name=\"generator\" content=\"All in One SEO Pro (AIOSEO) 4.9.6.1\" \/>\n\t\t<meta property=\"og:locale\" content=\"es_ES\" \/>\n\t\t<meta property=\"og:site_name\" content=\"El Digital de Asturias \u2013 Revista de ocio, turismo y estilo de vida\" \/>\n\t\t<meta property=\"og:type\" content=\"article\" \/>\n\t\t<meta property=\"og:title\" content=\"Unos 13.000 j\u00f3venes cuentan con la tarjeta \u2018+Renfe Joven\u2019 | El Digital de Asturias\" \/>\n\t\t<meta property=\"og:description\" content=\"Unos 13.000 j\u00f3venes cuentan con la tarjeta &#039;+Renfe Joven&#039;, que permite a los viajeros de entre 14 y 25 a\u00f1os de edad lograr descuentos de hasta el 50% en el precio de los billetes de tren AVE y Larga Distancia si se compran con antelaci\u00f3n. La compa\u00f1\u00eda suma este n\u00famero de clientes a su programa\" \/>\n\t\t<meta property=\"og:url\" content=\"https:\/\/eldigitaldeasturias.com\/magazine365\/unos-13-000-jovenes-cuentan-con-la-tarjeta-renfe-joven\/\" \/>\n\t\t<meta property=\"og:image\" content=\"https:\/\/eldigitaldeasturias.com\/magazine365\/wp-content\/uploads\/2016\/06\/fotonoticia_20160601181231_800.jpg\" \/>\n\t\t<meta property=\"og:image:secure_url\" content=\"https:\/\/eldigitaldeasturias.com\/magazine365\/wp-content\/uploads\/2016\/06\/fotonoticia_20160601181231_800.jpg\" \/>\n\t\t<meta property=\"og:image:width\" content=\"800\" \/>\n\t\t<meta property=\"og:image:height\" content=\"539\" \/>\n\t\t<meta property=\"article:published_time\" content=\"2016-06-04T03:25:38+00:00\" \/>\n\t\t<meta property=\"article:modified_time\" content=\"2016-06-04T03:25:38+00:00\" \/>\n\t\t<meta name=\"twitter:card\" content=\"summary_large_image\" \/>\n\t\t<meta name=\"twitter:title\" content=\"Unos 13.000 j\u00f3venes cuentan con la tarjeta \u2018+Renfe Joven\u2019 | El Digital de Asturias\" \/>\n\t\t<meta name=\"twitter:description\" content=\"Unos 13.000 j\u00f3venes cuentan con la tarjeta &#039;+Renfe Joven&#039;, que permite a los viajeros de entre 14 y 25 a\u00f1os de edad lograr descuentos de hasta el 50% en el precio de los billetes de tren AVE y Larga Distancia si se compran con antelaci\u00f3n. La compa\u00f1\u00eda suma este n\u00famero de clientes a su programa\" \/>\n\t\t<meta name=\"twitter:image\" content=\"https:\/\/eldigitaldeasturias.com\/magazine365\/wp-content\/uploads\/2016\/06\/fotonoticia_20160601181231_800.jpg\" \/>\n\t\t<script type=\"application\/ld+json\" class=\"aioseo-schema\">\n\t\t\t{\"@context\":\"https:\\\/\\\/schema.org\",\"@graph\":[{\"@type\":\"Article\",\"@id\":\"https:\\\/\\\/eldigitaldeasturias.com\\\/magazine365\\\/unos-13-000-jovenes-cuentan-con-la-tarjeta-renfe-joven\\\/#article\",\"name\":\"Unos 13.000 j\\u00f3venes cuentan con la tarjeta \\u2018+Renfe Joven\\u2019 | El Digital de Asturias\",\"headline\":\"Unos 13.000 j\\u00f3venes cuentan con la tarjeta &#8216;+Renfe Joven&#8217;\",\"author\":{\"@id\":\"https:\\\/\\\/eldigitaldeasturias.com\\\/magazine365\\\/author\\\/admin\\\/#author\"},\"publisher\":{\"@id\":\"https:\\\/\\\/eldigitaldeasturias.com\\\/magazine365\\\/#organization\"},\"image\":{\"@type\":\"ImageObject\",\"url\":\"https:\\\/\\\/eldigitaldeasturias.com\\\/magazine365\\\/wp-content\\\/uploads\\\/2016\\\/06\\\/fotonoticia_20160601181231_800.jpg\",\"width\":800,\"height\":539},\"datePublished\":\"2016-06-04T05:25:38+02:00\",\"dateModified\":\"2016-06-04T05:25:38+02:00\",\"inLanguage\":\"es-ES\",\"mainEntityOfPage\":{\"@id\":\"https:\\\/\\\/eldigitaldeasturias.com\\\/magazine365\\\/unos-13-000-jovenes-cuentan-con-la-tarjeta-renfe-joven\\\/#webpage\"},\"isPartOf\":{\"@id\":\"https:\\\/\\\/eldigitaldeasturias.com\\\/magazine365\\\/unos-13-000-jovenes-cuentan-con-la-tarjeta-renfe-joven\\\/#webpage\"},\"articleSection\":\"Noticias y Actualidad\"},{\"@type\":\"BreadcrumbList\",\"@id\":\"https:\\\/\\\/eldigitaldeasturias.com\\\/magazine365\\\/unos-13-000-jovenes-cuentan-con-la-tarjeta-renfe-joven\\\/#breadcrumblist\",\"itemListElement\":[{\"@type\":\"ListItem\",\"@id\":\"https:\\\/\\\/eldigitaldeasturias.com\\\/magazine365#listItem\",\"position\":1,\"name\":\"Home\",\"item\":\"https:\\\/\\\/eldigitaldeasturias.com\\\/magazine365\",\"nextItem\":{\"@type\":\"ListItem\",\"@id\":\"https:\\\/\\\/eldigitaldeasturias.com\\\/magazine365\\\/category\\\/noticias-actualidad\\\/#listItem\",\"name\":\"Noticias y Actualidad\"}},{\"@type\":\"ListItem\",\"@id\":\"https:\\\/\\\/eldigitaldeasturias.com\\\/magazine365\\\/category\\\/noticias-actualidad\\\/#listItem\",\"position\":2,\"name\":\"Noticias y Actualidad\",\"item\":\"https:\\\/\\\/eldigitaldeasturias.com\\\/magazine365\\\/category\\\/noticias-actualidad\\\/\",\"nextItem\":{\"@type\":\"ListItem\",\"@id\":\"https:\\\/\\\/eldigitaldeasturias.com\\\/magazine365\\\/unos-13-000-jovenes-cuentan-con-la-tarjeta-renfe-joven\\\/#listItem\",\"name\":\"Unos 13.000 j\\u00f3venes cuentan con la tarjeta &#8216;+Renfe Joven&#8217;\"},\"previousItem\":{\"@type\":\"ListItem\",\"@id\":\"https:\\\/\\\/eldigitaldeasturias.com\\\/magazine365#listItem\",\"name\":\"Home\"}},{\"@type\":\"ListItem\",\"@id\":\"https:\\\/\\\/eldigitaldeasturias.com\\\/magazine365\\\/unos-13-000-jovenes-cuentan-con-la-tarjeta-renfe-joven\\\/#listItem\",\"position\":3,\"name\":\"Unos 13.000 j\\u00f3venes cuentan con la tarjeta &#8216;+Renfe Joven&#8217;\",\"previousItem\":{\"@type\":\"ListItem\",\"@id\":\"https:\\\/\\\/eldigitaldeasturias.com\\\/magazine365\\\/category\\\/noticias-actualidad\\\/#listItem\",\"name\":\"Noticias y Actualidad\"}}]},{\"@type\":\"Organization\",\"@id\":\"https:\\\/\\\/eldigitaldeasturias.com\\\/magazine365\\\/#organization\",\"name\":\"El digital de Asturias\",\"description\":\"Revista de ocio, turismo y estilo de vida\",\"url\":\"https:\\\/\\\/eldigitaldeasturias.com\\\/magazine365\\\/\",\"logo\":{\"@type\":\"ImageObject\",\"url\":\"https:\\\/\\\/www.eldigitaldeasturias.com\\\/noticias\\\/wp-content\\\/uploads\\\/2020\\\/12\\\/EDA.jpg\",\"@id\":\"https:\\\/\\\/eldigitaldeasturias.com\\\/magazine365\\\/unos-13-000-jovenes-cuentan-con-la-tarjeta-renfe-joven\\\/#organizationLogo\"},\"image\":{\"@id\":\"https:\\\/\\\/eldigitaldeasturias.com\\\/magazine365\\\/unos-13-000-jovenes-cuentan-con-la-tarjeta-renfe-joven\\\/#organizationLogo\"}},{\"@type\":\"Person\",\"@id\":\"https:\\\/\\\/eldigitaldeasturias.com\\\/magazine365\\\/author\\\/admin\\\/#author\",\"url\":\"https:\\\/\\\/eldigitaldeasturias.com\\\/magazine365\\\/author\\\/admin\\\/\",\"name\":\"admin\",\"image\":{\"@type\":\"ImageObject\",\"@id\":\"https:\\\/\\\/eldigitaldeasturias.com\\\/magazine365\\\/unos-13-000-jovenes-cuentan-con-la-tarjeta-renfe-joven\\\/#authorImage\",\"url\":\"https:\\\/\\\/eldigitaldeasturias.com\\\/magazine365\\\/wp-content\\\/litespeed\\\/avatar\\\/e571bcf59a0edd6fa6838245a470f2fe.jpg?ver=1776969259\",\"width\":96,\"height\":96,\"caption\":\"admin\"}},{\"@type\":\"WebPage\",\"@id\":\"https:\\\/\\\/eldigitaldeasturias.com\\\/magazine365\\\/unos-13-000-jovenes-cuentan-con-la-tarjeta-renfe-joven\\\/#webpage\",\"url\":\"https:\\\/\\\/eldigitaldeasturias.com\\\/magazine365\\\/unos-13-000-jovenes-cuentan-con-la-tarjeta-renfe-joven\\\/\",\"name\":\"Unos 13.000 j\\u00f3venes cuentan con la tarjeta \\u2018+Renfe Joven\\u2019 | El Digital de Asturias\",\"description\":\"Unos 13.000 j\\u00f3venes cuentan con la tarjeta '+Renfe Joven', que permite a los viajeros de entre 14 y 25 a\\u00f1os de edad lograr descuentos de hasta el 50% en el precio de los billetes de tren AVE y Larga Distancia si se compran con antelaci\\u00f3n. La compa\\u00f1\\u00eda suma este n\\u00famero de clientes a su programa\",\"inLanguage\":\"es-ES\",\"isPartOf\":{\"@id\":\"https:\\\/\\\/eldigitaldeasturias.com\\\/magazine365\\\/#website\"},\"breadcrumb\":{\"@id\":\"https:\\\/\\\/eldigitaldeasturias.com\\\/magazine365\\\/unos-13-000-jovenes-cuentan-con-la-tarjeta-renfe-joven\\\/#breadcrumblist\"},\"author\":{\"@id\":\"https:\\\/\\\/eldigitaldeasturias.com\\\/magazine365\\\/author\\\/admin\\\/#author\"},\"creator\":{\"@id\":\"https:\\\/\\\/eldigitaldeasturias.com\\\/magazine365\\\/author\\\/admin\\\/#author\"},\"image\":{\"@type\":\"ImageObject\",\"url\":\"https:\\\/\\\/eldigitaldeasturias.com\\\/magazine365\\\/wp-content\\\/uploads\\\/2016\\\/06\\\/fotonoticia_20160601181231_800.jpg\",\"@id\":\"https:\\\/\\\/eldigitaldeasturias.com\\\/magazine365\\\/unos-13-000-jovenes-cuentan-con-la-tarjeta-renfe-joven\\\/#mainImage\",\"width\":800,\"height\":539},\"primaryImageOfPage\":{\"@id\":\"https:\\\/\\\/eldigitaldeasturias.com\\\/magazine365\\\/unos-13-000-jovenes-cuentan-con-la-tarjeta-renfe-joven\\\/#mainImage\"},\"datePublished\":\"2016-06-04T05:25:38+02:00\",\"dateModified\":\"2016-06-04T05:25:38+02:00\"},{\"@type\":\"WebSite\",\"@id\":\"https:\\\/\\\/eldigitaldeasturias.com\\\/magazine365\\\/#website\",\"url\":\"https:\\\/\\\/eldigitaldeasturias.com\\\/magazine365\\\/\",\"name\":\"El Digital de Asturias\",\"description\":\"Revista de ocio, turismo y estilo de vida\",\"inLanguage\":\"es-ES\",\"publisher\":{\"@id\":\"https:\\\/\\\/eldigitaldeasturias.com\\\/magazine365\\\/#organization\"}}]}\n\t\t<\/script>\n\t\t<!-- All in One SEO Pro -->\r\n\t\t<title>Unos 13.000 j\u00f3venes cuentan con la tarjeta \u2018+Renfe Joven\u2019 | El Digital de Asturias<\/title>\n\n","aioseo_head_json":{"title":"Unos 13.000 j\u00f3venes cuentan con la tarjeta \u2018+Renfe Joven\u2019 | El Digital de Asturias","description":"Unos 13.000 j\u00f3venes cuentan con la tarjeta '+Renfe Joven', que permite a los viajeros de entre 14 y 25 a\u00f1os de edad lograr descuentos de hasta el 50% en el precio de los billetes de tren AVE y Larga Distancia si se compran con antelaci\u00f3n. La compa\u00f1\u00eda suma este n\u00famero de clientes a su programa","canonical_url":"https:\/\/eldigitaldeasturias.com\/magazine365\/unos-13-000-jovenes-cuentan-con-la-tarjeta-renfe-joven\/","robots":"max-image-preview:large","keywords":"noticias y actualidad","webmasterTools":{"google-site-verification":"UA-38556648-1","miscellaneous":""},"schema":{"@context":"https:\/\/schema.org","@graph":[{"@type":"Article","@id":"https:\/\/eldigitaldeasturias.com\/magazine365\/unos-13-000-jovenes-cuentan-con-la-tarjeta-renfe-joven\/#article","name":"Unos 13.000 j\u00f3venes cuentan con la tarjeta \u2018+Renfe Joven\u2019 | El Digital de Asturias","headline":"Unos 13.000 j\u00f3venes cuentan con la tarjeta &#8216;+Renfe Joven&#8217;","author":{"@id":"https:\/\/eldigitaldeasturias.com\/magazine365\/author\/admin\/#author"},"publisher":{"@id":"https:\/\/eldigitaldeasturias.com\/magazine365\/#organization"},"image":{"@type":"ImageObject","url":"https:\/\/eldigitaldeasturias.com\/magazine365\/wp-content\/uploads\/2016\/06\/fotonoticia_20160601181231_800.jpg","width":800,"height":539},"datePublished":"2016-06-04T05:25:38+02:00","dateModified":"2016-06-04T05:25:38+02:00","inLanguage":"es-ES","mainEntityOfPage":{"@id":"https:\/\/eldigitaldeasturias.com\/magazine365\/unos-13-000-jovenes-cuentan-con-la-tarjeta-renfe-joven\/#webpage"},"isPartOf":{"@id":"https:\/\/eldigitaldeasturias.com\/magazine365\/unos-13-000-jovenes-cuentan-con-la-tarjeta-renfe-joven\/#webpage"},"articleSection":"Noticias y Actualidad"},{"@type":"BreadcrumbList","@id":"https:\/\/eldigitaldeasturias.com\/magazine365\/unos-13-000-jovenes-cuentan-con-la-tarjeta-renfe-joven\/#breadcrumblist","itemListElement":[{"@type":"ListItem","@id":"https:\/\/eldigitaldeasturias.com\/magazine365#listItem","position":1,"name":"Home","item":"https:\/\/eldigitaldeasturias.com\/magazine365","nextItem":{"@type":"ListItem","@id":"https:\/\/eldigitaldeasturias.com\/magazine365\/category\/noticias-actualidad\/#listItem","name":"Noticias y Actualidad"}},{"@type":"ListItem","@id":"https:\/\/eldigitaldeasturias.com\/magazine365\/category\/noticias-actualidad\/#listItem","position":2,"name":"Noticias y Actualidad","item":"https:\/\/eldigitaldeasturias.com\/magazine365\/category\/noticias-actualidad\/","nextItem":{"@type":"ListItem","@id":"https:\/\/eldigitaldeasturias.com\/magazine365\/unos-13-000-jovenes-cuentan-con-la-tarjeta-renfe-joven\/#listItem","name":"Unos 13.000 j\u00f3venes cuentan con la tarjeta &#8216;+Renfe Joven&#8217;"},"previousItem":{"@type":"ListItem","@id":"https:\/\/eldigitaldeasturias.com\/magazine365#listItem","name":"Home"}},{"@type":"ListItem","@id":"https:\/\/eldigitaldeasturias.com\/magazine365\/unos-13-000-jovenes-cuentan-con-la-tarjeta-renfe-joven\/#listItem","position":3,"name":"Unos 13.000 j\u00f3venes cuentan con la tarjeta &#8216;+Renfe Joven&#8217;","previousItem":{"@type":"ListItem","@id":"https:\/\/eldigitaldeasturias.com\/magazine365\/category\/noticias-actualidad\/#listItem","name":"Noticias y Actualidad"}}]},{"@type":"Organization","@id":"https:\/\/eldigitaldeasturias.com\/magazine365\/#organization","name":"El digital de Asturias","description":"Revista de ocio, turismo y estilo de vida","url":"https:\/\/eldigitaldeasturias.com\/magazine365\/","logo":{"@type":"ImageObject","url":"https:\/\/www.eldigitaldeasturias.com\/noticias\/wp-content\/uploads\/2020\/12\/EDA.jpg","@id":"https:\/\/eldigitaldeasturias.com\/magazine365\/unos-13-000-jovenes-cuentan-con-la-tarjeta-renfe-joven\/#organizationLogo"},"image":{"@id":"https:\/\/eldigitaldeasturias.com\/magazine365\/unos-13-000-jovenes-cuentan-con-la-tarjeta-renfe-joven\/#organizationLogo"}},{"@type":"Person","@id":"https:\/\/eldigitaldeasturias.com\/magazine365\/author\/admin\/#author","url":"https:\/\/eldigitaldeasturias.com\/magazine365\/author\/admin\/","name":"admin","image":{"@type":"ImageObject","@id":"https:\/\/eldigitaldeasturias.com\/magazine365\/unos-13-000-jovenes-cuentan-con-la-tarjeta-renfe-joven\/#authorImage","url":"https:\/\/eldigitaldeasturias.com\/magazine365\/wp-content\/litespeed\/avatar\/e571bcf59a0edd6fa6838245a470f2fe.jpg?ver=1776969259","width":96,"height":96,"caption":"admin"}},{"@type":"WebPage","@id":"https:\/\/eldigitaldeasturias.com\/magazine365\/unos-13-000-jovenes-cuentan-con-la-tarjeta-renfe-joven\/#webpage","url":"https:\/\/eldigitaldeasturias.com\/magazine365\/unos-13-000-jovenes-cuentan-con-la-tarjeta-renfe-joven\/","name":"Unos 13.000 j\u00f3venes cuentan con la tarjeta \u2018+Renfe Joven\u2019 | El Digital de Asturias","description":"Unos 13.000 j\u00f3venes cuentan con la tarjeta '+Renfe Joven', que permite a los viajeros de entre 14 y 25 a\u00f1os de edad lograr descuentos de hasta el 50% en el precio de los billetes de tren AVE y Larga Distancia si se compran con antelaci\u00f3n. La compa\u00f1\u00eda suma este n\u00famero de clientes a su programa","inLanguage":"es-ES","isPartOf":{"@id":"https:\/\/eldigitaldeasturias.com\/magazine365\/#website"},"breadcrumb":{"@id":"https:\/\/eldigitaldeasturias.com\/magazine365\/unos-13-000-jovenes-cuentan-con-la-tarjeta-renfe-joven\/#breadcrumblist"},"author":{"@id":"https:\/\/eldigitaldeasturias.com\/magazine365\/author\/admin\/#author"},"creator":{"@id":"https:\/\/eldigitaldeasturias.com\/magazine365\/author\/admin\/#author"},"image":{"@type":"ImageObject","url":"https:\/\/eldigitaldeasturias.com\/magazine365\/wp-content\/uploads\/2016\/06\/fotonoticia_20160601181231_800.jpg","@id":"https:\/\/eldigitaldeasturias.com\/magazine365\/unos-13-000-jovenes-cuentan-con-la-tarjeta-renfe-joven\/#mainImage","width":800,"height":539},"primaryImageOfPage":{"@id":"https:\/\/eldigitaldeasturias.com\/magazine365\/unos-13-000-jovenes-cuentan-con-la-tarjeta-renfe-joven\/#mainImage"},"datePublished":"2016-06-04T05:25:38+02:00","dateModified":"2016-06-04T05:25:38+02:00"},{"@type":"WebSite","@id":"https:\/\/eldigitaldeasturias.com\/magazine365\/#website","url":"https:\/\/eldigitaldeasturias.com\/magazine365\/","name":"El Digital de Asturias","description":"Revista de ocio, turismo y estilo de vida","inLanguage":"es-ES","publisher":{"@id":"https:\/\/eldigitaldeasturias.com\/magazine365\/#organization"}}]},"og:locale":"es_ES","og:site_name":"El Digital de Asturias \u2013 Revista de ocio, turismo y estilo de vida","og:type":"article","og:title":"Unos 13.000 j\u00f3venes cuentan con la tarjeta \u2018+Renfe Joven\u2019 | El Digital de Asturias","og:description":"Unos 13.000 j\u00f3venes cuentan con la tarjeta '+Renfe Joven', que permite a los viajeros de entre 14 y 25 a\u00f1os de edad lograr descuentos de hasta el 50% en el precio de los billetes de tren AVE y Larga Distancia si se compran con antelaci\u00f3n. La compa\u00f1\u00eda suma este n\u00famero de clientes a su programa","og:url":"https:\/\/eldigitaldeasturias.com\/magazine365\/unos-13-000-jovenes-cuentan-con-la-tarjeta-renfe-joven\/","og:image":"https:\/\/eldigitaldeasturias.com\/magazine365\/wp-content\/uploads\/2016\/06\/fotonoticia_20160601181231_800.jpg","og:image:secure_url":"https:\/\/eldigitaldeasturias.com\/magazine365\/wp-content\/uploads\/2016\/06\/fotonoticia_20160601181231_800.jpg","og:image:width":800,"og:image:height":539,"article:published_time":"2016-06-04T03:25:38+00:00","article:modified_time":"2016-06-04T03:25:38+00:00","twitter:card":"summary_large_image","twitter:title":"Unos 13.000 j\u00f3venes cuentan con la tarjeta \u2018+Renfe Joven\u2019 | El Digital de Asturias","twitter:description":"Unos 13.000 j\u00f3venes cuentan con la tarjeta '+Renfe Joven', que permite a los viajeros de entre 14 y 25 a\u00f1os de edad lograr descuentos de hasta el 50% en el precio de los billetes de tren AVE y Larga Distancia si se compran con antelaci\u00f3n. La compa\u00f1\u00eda suma este n\u00famero de clientes a su programa","twitter:image":"https:\/\/eldigitaldeasturias.com\/magazine365\/wp-content\/uploads\/2016\/06\/fotonoticia_20160601181231_800.jpg"},"aioseo_meta_data":{"post_id":"77549","title":null,"description":null,"keywords":null,"keyphrases":null,"primary_term":null,"canonical_url":null,"og_title":null,"og_description":null,"og_object_type":"default","og_image_type":"default","og_image_url":null,"og_image_width":null,"og_image_height":null,"og_image_custom_url":null,"og_image_custom_fields":null,"og_video":null,"og_custom_url":null,"og_article_section":null,"og_article_tags":null,"twitter_use_og":false,"twitter_card":"default","twitter_image_type":"default","twitter_image_url":null,"twitter_image_custom_url":null,"twitter_image_custom_fields":null,"twitter_title":null,"twitter_description":null,"schema":{"blockGraphs":[],"customGraphs":[],"default":{"data":{"Article":[],"Course":[],"Dataset":[],"FAQPage":[],"Movie":[],"Person":[],"Product":[],"ProductReview":[],"Car":[],"Recipe":[],"Service":[],"SoftwareApplication":[],"WebPage":[]},"graphName":"","isEnabled":true},"graphs":[],"defaultGraph":"","defaultPostTypeGraph":""},"schema_type":null,"schema_type_options":null,"pillar_content":false,"robots_default":true,"robots_noindex":false,"robots_noarchive":false,"robots_nosnippet":false,"robots_nofollow":false,"robots_noimageindex":false,"robots_noodp":false,"robots_notranslate":false,"robots_max_snippet":null,"robots_max_videopreview":null,"robots_max_imagepreview":"large","priority":null,"frequency":null,"location":null,"local_seo":null,"seo_analyzer_scan_date":"2025-09-27 15:08:10","breadcrumb_settings":null,"limit_modified_date":false,"open_ai":null,"ai":null,"created":"2021-03-08 18:11:48","updated":"2025-09-27 15:08:10"},"aioseo_breadcrumb":"<div class=\"aioseo-breadcrumbs\"><span class=\"aioseo-breadcrumb\">\n\t<a href=\"https:\/\/eldigitaldeasturias.com\/magazine365\" title=\"Home\">Home<\/a>\n<\/span><span class=\"aioseo-breadcrumb-separator\">\u2013<\/span><span class=\"aioseo-breadcrumb\">\n\t<a href=\"https:\/\/eldigitaldeasturias.com\/magazine365\/category\/noticias-actualidad\/\" title=\"Noticias y Actualidad\">Noticias y Actualidad<\/a>\n<\/span><span class=\"aioseo-breadcrumb-separator\">\u2013<\/span><span class=\"aioseo-breadcrumb\">\n\t<a href=\"https:\/\/eldigitaldeasturias.com\/magazine365\/unos-13-000-jovenes-cuentan-con-la-tarjeta-renfe-joven\/\" title=\"Unos 13.000 j\u00f3venes cuentan con la tarjeta \u2018+Renfe Joven\u2019\">Unos 13.000 j\u00f3venes cuentan con la tarjeta \u2018+Renfe Joven\u2019<\/a>\n<\/span><\/div>","aioseo_breadcrumb_json":[{"label":"Home","link":"https:\/\/eldigitaldeasturias.com\/magazine365"},{"label":"Noticias y Actualidad","link":"https:\/\/eldigitaldeasturias.com\/magazine365\/category\/noticias-actualidad\/"},{"label":"Unos 13.000 j\u00f3venes cuentan con la tarjeta &#8216;+Renfe Joven&#8217;","link":"https:\/\/eldigitaldeasturias.com\/magazine365\/unos-13-000-jovenes-cuentan-con-la-tarjeta-renfe-joven\/"}],"_links":{"self":[{"href":"https:\/\/eldigitaldeasturias.com\/magazine365\/wp-json\/wp\/v2\/posts\/77549","targetHints":{"allow":["GET"]}}],"collection":[{"href":"https:\/\/eldigitaldeasturias.com\/magazine365\/wp-json\/wp\/v2\/posts"}],"about":[{"href":"https:\/\/eldigitaldeasturias.com\/magazine365\/wp-json\/wp\/v2\/types\/post"}],"author":[{"embeddable":true,"href":"https:\/\/eldigitaldeasturias.com\/magazine365\/wp-json\/wp\/v2\/users\/1"}],"replies":[{"embeddable":true,"href":"https:\/\/eldigitaldeasturias.com\/magazine365\/wp-json\/wp\/v2\/comments?post=77549"}],"version-history":[{"count":0,"href":"https:\/\/eldigitaldeasturias.com\/magazine365\/wp-json\/wp\/v2\/posts\/77549\/revisions"}],"wp:featuredmedia":[{"embeddable":true,"href":"https:\/\/eldigitaldeasturias.com\/magazine365\/wp-json\/wp\/v2\/media\/77550"}],"wp:attachment":[{"href":"https:\/\/eldigitaldeasturias.com\/magazine365\/wp-json\/wp\/v2\/media?parent=77549"}],"wp:term":[{"taxonomy":"category","embeddable":true,"href":"https:\/\/eldigitaldeasturias.com\/magazine365\/wp-json\/wp\/v2\/categories?post=77549"},{"taxonomy":"post_tag","embeddable":true,"href":"https:\/\/eldigitaldeasturias.com\/magazine365\/wp-json\/wp\/v2\/tags?post=77549"}],"curies":[{"name":"wp","href":"https:\/\/api.w.org\/{rel}","templated":true}]}}