{"id":77546,"date":"2016-06-04T05:22:02","date_gmt":"2016-06-04T03:22:02","guid":{"rendered":"http:\/\/eldigitaldeasturias.com\/magazine365\/?p=77546"},"modified":"2016-06-04T05:22:02","modified_gmt":"2016-06-04T03:22:02","slug":"los-dos-congresos-de-fin-de-semana-en-fibes-tendran-un-impacto-economico-de-tres-millones-en-sevilla","status":"publish","type":"post","link":"https:\/\/eldigitaldeasturias.com\/magazine365\/los-dos-congresos-de-fin-de-semana-en-fibes-tendran-un-impacto-economico-de-tres-millones-en-sevilla\/","title":{"rendered":"Los dos congresos de fin de semana en Fibes tendr\u00e1n un impacto econ\u00f3mico de tres millones en Sevilla"},"content":{"rendered":"<p><img fetchpriority=\"high\" decoding=\"async\" class=\"alignleft size-medium wp-image-77547\" src=\"https:\/\/eldigitaldeasturias.com\/magazine365\/wp-content\/uploads\/2016\/06\/fotonoticia_20160601172545_800-360x229.jpg\" alt=\"fotonoticia_20160601172545_800\" width=\"360\" height=\"229\" srcset=\"https:\/\/eldigitaldeasturias.com\/magazine365\/wp-content\/uploads\/2016\/06\/fotonoticia_20160601172545_800-360x229.jpg 360w, https:\/\/eldigitaldeasturias.com\/magazine365\/wp-content\/uploads\/2016\/06\/fotonoticia_20160601172545_800-650x413.jpg 650w, https:\/\/eldigitaldeasturias.com\/magazine365\/wp-content\/uploads\/2016\/06\/fotonoticia_20160601172545_800-768x488.jpg 768w, https:\/\/eldigitaldeasturias.com\/magazine365\/wp-content\/uploads\/2016\/06\/fotonoticia_20160601172545_800-150x95.jpg 150w, https:\/\/eldigitaldeasturias.com\/magazine365\/wp-content\/uploads\/2016\/06\/fotonoticia_20160601172545_800-450x286.jpg 450w, https:\/\/eldigitaldeasturias.com\/magazine365\/wp-content\/uploads\/2016\/06\/fotonoticia_20160601172545_800-269x170.jpg 269w, https:\/\/eldigitaldeasturias.com\/magazine365\/wp-content\/uploads\/2016\/06\/fotonoticia_20160601172545_800-355x226.jpg 355w, https:\/\/eldigitaldeasturias.com\/magazine365\/wp-content\/uploads\/2016\/06\/fotonoticia_20160601172545_800.jpg 800w\" sizes=\"(max-width: 360px) 100vw, 360px\" \/>Las dos convenciones de directivos y profesionales que se celebrar\u00e1n el pr\u00f3ximo fin de semana en el Palacio de Congresos y Exposiciones de Sevilla (Fibes) generar\u00e1n en la ciudad un impacto econ\u00f3mico estimado en tres millones de euros, entre los propios ingresos del recinto y los reportados a hoteles, restaurantes y bares y empresas que est\u00e1n especializadas en la organizaci\u00f3n y asistencia de eventos.<\/p>\n<p>En concreto, en el tramo final de esta semana se desarrollar\u00e1n el &#8216;Asta Destination Expo&#8217;, evento internacional que trae a la capital hispalense a centenares de agentes y operadores tur\u00edsticos estadounidenses que forman parte de la American Society of Travel Agents (ASTA, por sus siglas en ingl\u00e9s), y el 20\u00ba Congreso Nacional y el 1\u00ba Internacional de Administradores de Fincas, que re\u00fane a m\u00e1s de mil expertos en la materia de todo el mundo.<\/p>\n<p>Los c\u00e1lculos realizados por Contursa, sociedad participada por el Ayuntamiento y la Diputaci\u00f3n y gestora del Palacio de Exposiciones y Congresos de Sevilla, indican que los asistentes a ambos congresos generar\u00e1n en la ciudad de Sevilla en torno a 5.500 pernoctaciones hoteleras, siendo la de los administradores de fincas la convenci\u00f3n que reportar\u00e1 m\u00e1s noches de hotel, seg\u00fan detalla el Consistorio en un comunicado.<\/p>\n<p>\u00abEl Palacio de Exposiciones y Congresos est\u00e1 contribuyendo a desestacionalizar el turismo en la ciudad y a dinamizar su econom\u00eda, tal y como demuestran estos dos congresos\u00bb, seg\u00fan ha comentado el delegado de H\u00e1bitat Urbano, Cultura y Turismo del Ayuntamiento de Sevilla y consejero delegado de Contursa. Mu\u00f1oz, adem\u00e1s, ha anunciado que Fibes ha logrado romper \u00absu tradicional sequ\u00eda\u00bb de verano dado que ha programado diversos eventos y convenciones en parte de los meses de julio y agosto y principios de septiembre.<\/p>\n","protected":false},"excerpt":{"rendered":"<p>Las dos convenciones de directivos y profesionales que se celebrar\u00e1n el pr\u00f3ximo fin de semana en el Palacio de Congresos y Exposiciones de Sevilla (Fibes) generar\u00e1n en la ciudad un impacto econ\u00f3mico estimado en tres millones de euros, entre los propios ingresos del recinto y los reportados a hoteles, restaurantes y bares y empresas que<\/p>\n","protected":false},"author":1,"featured_media":77547,"comment_status":"open","ping_status":"closed","sticky":false,"template":"","format":"standard","meta":{"footnotes":""},"categories":[224],"tags":[],"class_list":{"0":"post-77546","1":"post","2":"type-post","3":"status-publish","4":"format-standard","5":"has-post-thumbnail","7":"category-noticias-actualidad"},"aioseo_notices":[],"aioseo_head":"\n\t\t<!-- All in One SEO Pro 4.9.6.1 - aioseo.com -->\n\t<meta name=\"description\" content=\"Las dos convenciones de directivos y profesionales que se celebrar\u00e1n el pr\u00f3ximo fin de semana en el Palacio de Congresos y Exposiciones de Sevilla (Fibes) generar\u00e1n en la ciudad un impacto econ\u00f3mico estimado en tres millones de euros, entre los propios ingresos del recinto y los reportados a hoteles, restaurantes y bares y empresas que\" \/>\n\t<meta name=\"robots\" content=\"max-image-preview:large\" \/>\n\t<meta name=\"author\" content=\"admin\"\/>\n\t<meta name=\"google-site-verification\" content=\"UA-38556648-1\" \/>\n\t<meta name=\"keywords\" content=\"noticias y actualidad\" \/>\n\t<link rel=\"canonical\" href=\"https:\/\/eldigitaldeasturias.com\/magazine365\/los-dos-congresos-de-fin-de-semana-en-fibes-tendran-un-impacto-economico-de-tres-millones-en-sevilla\/\" \/>\n\t<meta name=\"generator\" content=\"All in One SEO Pro (AIOSEO) 4.9.6.1\" \/>\n\t\t<meta property=\"og:locale\" content=\"es_ES\" \/>\n\t\t<meta property=\"og:site_name\" content=\"El Digital de Asturias \u2013 Revista de ocio, turismo y estilo de vida\" \/>\n\t\t<meta property=\"og:type\" content=\"article\" \/>\n\t\t<meta property=\"og:title\" content=\"Los dos congresos de fin de semana en Fibes tendr\u00e1n un impacto econ\u00f3mico de tres millones en Sevilla | El Digital de Asturias\" \/>\n\t\t<meta property=\"og:description\" content=\"Las dos convenciones de directivos y profesionales que se celebrar\u00e1n el pr\u00f3ximo fin de semana en el Palacio de Congresos y Exposiciones de Sevilla (Fibes) generar\u00e1n en la ciudad un impacto econ\u00f3mico estimado en tres millones de euros, entre los propios ingresos del recinto y los reportados a hoteles, restaurantes y bares y empresas que\" \/>\n\t\t<meta property=\"og:url\" content=\"https:\/\/eldigitaldeasturias.com\/magazine365\/los-dos-congresos-de-fin-de-semana-en-fibes-tendran-un-impacto-economico-de-tres-millones-en-sevilla\/\" \/>\n\t\t<meta property=\"og:image\" content=\"https:\/\/eldigitaldeasturias.com\/magazine365\/wp-content\/uploads\/2016\/06\/fotonoticia_20160601172545_800.jpg\" \/>\n\t\t<meta property=\"og:image:secure_url\" content=\"https:\/\/eldigitaldeasturias.com\/magazine365\/wp-content\/uploads\/2016\/06\/fotonoticia_20160601172545_800.jpg\" \/>\n\t\t<meta property=\"og:image:width\" content=\"800\" \/>\n\t\t<meta property=\"og:image:height\" content=\"508\" \/>\n\t\t<meta property=\"article:published_time\" content=\"2016-06-04T03:22:02+00:00\" \/>\n\t\t<meta property=\"article:modified_time\" content=\"2016-06-04T03:22:02+00:00\" \/>\n\t\t<meta name=\"twitter:card\" content=\"summary_large_image\" \/>\n\t\t<meta name=\"twitter:title\" content=\"Los dos congresos de fin de semana en Fibes tendr\u00e1n un impacto econ\u00f3mico de tres millones en Sevilla | El Digital de Asturias\" \/>\n\t\t<meta name=\"twitter:description\" content=\"Las dos convenciones de directivos y profesionales que se celebrar\u00e1n el pr\u00f3ximo fin de semana en el Palacio de Congresos y Exposiciones de Sevilla (Fibes) generar\u00e1n en la ciudad un impacto econ\u00f3mico estimado en tres millones de euros, entre los propios ingresos del recinto y los reportados a hoteles, restaurantes y bares y empresas que\" \/>\n\t\t<meta name=\"twitter:image\" content=\"https:\/\/eldigitaldeasturias.com\/magazine365\/wp-content\/uploads\/2016\/06\/fotonoticia_20160601172545_800.jpg\" \/>\n\t\t<script type=\"application\/ld+json\" class=\"aioseo-schema\">\n\t\t\t{\"@context\":\"https:\\\/\\\/schema.org\",\"@graph\":[{\"@type\":\"Article\",\"@id\":\"https:\\\/\\\/eldigitaldeasturias.com\\\/magazine365\\\/los-dos-congresos-de-fin-de-semana-en-fibes-tendran-un-impacto-economico-de-tres-millones-en-sevilla\\\/#article\",\"name\":\"Los dos congresos de fin de semana en Fibes tendr\\u00e1n un impacto econ\\u00f3mico de tres millones en Sevilla | El Digital de Asturias\",\"headline\":\"Los dos congresos de fin de semana en Fibes tendr\\u00e1n un impacto econ\\u00f3mico de tres millones en Sevilla\",\"author\":{\"@id\":\"https:\\\/\\\/eldigitaldeasturias.com\\\/magazine365\\\/author\\\/admin\\\/#author\"},\"publisher\":{\"@id\":\"https:\\\/\\\/eldigitaldeasturias.com\\\/magazine365\\\/#organization\"},\"image\":{\"@type\":\"ImageObject\",\"url\":\"https:\\\/\\\/eldigitaldeasturias.com\\\/magazine365\\\/wp-content\\\/uploads\\\/2016\\\/06\\\/fotonoticia_20160601172545_800.jpg\",\"width\":800,\"height\":508},\"datePublished\":\"2016-06-04T05:22:02+02:00\",\"dateModified\":\"2016-06-04T05:22:02+02:00\",\"inLanguage\":\"es-ES\",\"mainEntityOfPage\":{\"@id\":\"https:\\\/\\\/eldigitaldeasturias.com\\\/magazine365\\\/los-dos-congresos-de-fin-de-semana-en-fibes-tendran-un-impacto-economico-de-tres-millones-en-sevilla\\\/#webpage\"},\"isPartOf\":{\"@id\":\"https:\\\/\\\/eldigitaldeasturias.com\\\/magazine365\\\/los-dos-congresos-de-fin-de-semana-en-fibes-tendran-un-impacto-economico-de-tres-millones-en-sevilla\\\/#webpage\"},\"articleSection\":\"Noticias y Actualidad\"},{\"@type\":\"BreadcrumbList\",\"@id\":\"https:\\\/\\\/eldigitaldeasturias.com\\\/magazine365\\\/los-dos-congresos-de-fin-de-semana-en-fibes-tendran-un-impacto-economico-de-tres-millones-en-sevilla\\\/#breadcrumblist\",\"itemListElement\":[{\"@type\":\"ListItem\",\"@id\":\"https:\\\/\\\/eldigitaldeasturias.com\\\/magazine365#listItem\",\"position\":1,\"name\":\"Home\",\"item\":\"https:\\\/\\\/eldigitaldeasturias.com\\\/magazine365\",\"nextItem\":{\"@type\":\"ListItem\",\"@id\":\"https:\\\/\\\/eldigitaldeasturias.com\\\/magazine365\\\/category\\\/noticias-actualidad\\\/#listItem\",\"name\":\"Noticias y Actualidad\"}},{\"@type\":\"ListItem\",\"@id\":\"https:\\\/\\\/eldigitaldeasturias.com\\\/magazine365\\\/category\\\/noticias-actualidad\\\/#listItem\",\"position\":2,\"name\":\"Noticias y Actualidad\",\"item\":\"https:\\\/\\\/eldigitaldeasturias.com\\\/magazine365\\\/category\\\/noticias-actualidad\\\/\",\"nextItem\":{\"@type\":\"ListItem\",\"@id\":\"https:\\\/\\\/eldigitaldeasturias.com\\\/magazine365\\\/los-dos-congresos-de-fin-de-semana-en-fibes-tendran-un-impacto-economico-de-tres-millones-en-sevilla\\\/#listItem\",\"name\":\"Los dos congresos de fin de semana en Fibes tendr\\u00e1n un impacto econ\\u00f3mico de tres millones en Sevilla\"},\"previousItem\":{\"@type\":\"ListItem\",\"@id\":\"https:\\\/\\\/eldigitaldeasturias.com\\\/magazine365#listItem\",\"name\":\"Home\"}},{\"@type\":\"ListItem\",\"@id\":\"https:\\\/\\\/eldigitaldeasturias.com\\\/magazine365\\\/los-dos-congresos-de-fin-de-semana-en-fibes-tendran-un-impacto-economico-de-tres-millones-en-sevilla\\\/#listItem\",\"position\":3,\"name\":\"Los dos congresos de fin de semana en Fibes tendr\\u00e1n un impacto econ\\u00f3mico de tres millones en Sevilla\",\"previousItem\":{\"@type\":\"ListItem\",\"@id\":\"https:\\\/\\\/eldigitaldeasturias.com\\\/magazine365\\\/category\\\/noticias-actualidad\\\/#listItem\",\"name\":\"Noticias y Actualidad\"}}]},{\"@type\":\"Organization\",\"@id\":\"https:\\\/\\\/eldigitaldeasturias.com\\\/magazine365\\\/#organization\",\"name\":\"El digital de Asturias\",\"description\":\"Revista de ocio, turismo y estilo de vida\",\"url\":\"https:\\\/\\\/eldigitaldeasturias.com\\\/magazine365\\\/\",\"logo\":{\"@type\":\"ImageObject\",\"url\":\"https:\\\/\\\/www.eldigitaldeasturias.com\\\/noticias\\\/wp-content\\\/uploads\\\/2020\\\/12\\\/EDA.jpg\",\"@id\":\"https:\\\/\\\/eldigitaldeasturias.com\\\/magazine365\\\/los-dos-congresos-de-fin-de-semana-en-fibes-tendran-un-impacto-economico-de-tres-millones-en-sevilla\\\/#organizationLogo\"},\"image\":{\"@id\":\"https:\\\/\\\/eldigitaldeasturias.com\\\/magazine365\\\/los-dos-congresos-de-fin-de-semana-en-fibes-tendran-un-impacto-economico-de-tres-millones-en-sevilla\\\/#organizationLogo\"}},{\"@type\":\"Person\",\"@id\":\"https:\\\/\\\/eldigitaldeasturias.com\\\/magazine365\\\/author\\\/admin\\\/#author\",\"url\":\"https:\\\/\\\/eldigitaldeasturias.com\\\/magazine365\\\/author\\\/admin\\\/\",\"name\":\"admin\",\"image\":{\"@type\":\"ImageObject\",\"@id\":\"https:\\\/\\\/eldigitaldeasturias.com\\\/magazine365\\\/los-dos-congresos-de-fin-de-semana-en-fibes-tendran-un-impacto-economico-de-tres-millones-en-sevilla\\\/#authorImage\",\"url\":\"https:\\\/\\\/eldigitaldeasturias.com\\\/magazine365\\\/wp-content\\\/litespeed\\\/avatar\\\/e571bcf59a0edd6fa6838245a470f2fe.jpg?ver=1777574230\",\"width\":96,\"height\":96,\"caption\":\"admin\"}},{\"@type\":\"WebPage\",\"@id\":\"https:\\\/\\\/eldigitaldeasturias.com\\\/magazine365\\\/los-dos-congresos-de-fin-de-semana-en-fibes-tendran-un-impacto-economico-de-tres-millones-en-sevilla\\\/#webpage\",\"url\":\"https:\\\/\\\/eldigitaldeasturias.com\\\/magazine365\\\/los-dos-congresos-de-fin-de-semana-en-fibes-tendran-un-impacto-economico-de-tres-millones-en-sevilla\\\/\",\"name\":\"Los dos congresos de fin de semana en Fibes tendr\\u00e1n un impacto econ\\u00f3mico de tres millones en Sevilla | El Digital de Asturias\",\"description\":\"Las dos convenciones de directivos y profesionales que se celebrar\\u00e1n el pr\\u00f3ximo fin de semana en el Palacio de Congresos y Exposiciones de Sevilla (Fibes) generar\\u00e1n en la ciudad un impacto econ\\u00f3mico estimado en tres millones de euros, entre los propios ingresos del recinto y los reportados a hoteles, restaurantes y bares y empresas que\",\"inLanguage\":\"es-ES\",\"isPartOf\":{\"@id\":\"https:\\\/\\\/eldigitaldeasturias.com\\\/magazine365\\\/#website\"},\"breadcrumb\":{\"@id\":\"https:\\\/\\\/eldigitaldeasturias.com\\\/magazine365\\\/los-dos-congresos-de-fin-de-semana-en-fibes-tendran-un-impacto-economico-de-tres-millones-en-sevilla\\\/#breadcrumblist\"},\"author\":{\"@id\":\"https:\\\/\\\/eldigitaldeasturias.com\\\/magazine365\\\/author\\\/admin\\\/#author\"},\"creator\":{\"@id\":\"https:\\\/\\\/eldigitaldeasturias.com\\\/magazine365\\\/author\\\/admin\\\/#author\"},\"image\":{\"@type\":\"ImageObject\",\"url\":\"https:\\\/\\\/eldigitaldeasturias.com\\\/magazine365\\\/wp-content\\\/uploads\\\/2016\\\/06\\\/fotonoticia_20160601172545_800.jpg\",\"@id\":\"https:\\\/\\\/eldigitaldeasturias.com\\\/magazine365\\\/los-dos-congresos-de-fin-de-semana-en-fibes-tendran-un-impacto-economico-de-tres-millones-en-sevilla\\\/#mainImage\",\"width\":800,\"height\":508},\"primaryImageOfPage\":{\"@id\":\"https:\\\/\\\/eldigitaldeasturias.com\\\/magazine365\\\/los-dos-congresos-de-fin-de-semana-en-fibes-tendran-un-impacto-economico-de-tres-millones-en-sevilla\\\/#mainImage\"},\"datePublished\":\"2016-06-04T05:22:02+02:00\",\"dateModified\":\"2016-06-04T05:22:02+02:00\"},{\"@type\":\"WebSite\",\"@id\":\"https:\\\/\\\/eldigitaldeasturias.com\\\/magazine365\\\/#website\",\"url\":\"https:\\\/\\\/eldigitaldeasturias.com\\\/magazine365\\\/\",\"name\":\"El Digital de Asturias\",\"description\":\"Revista de ocio, turismo y estilo de vida\",\"inLanguage\":\"es-ES\",\"publisher\":{\"@id\":\"https:\\\/\\\/eldigitaldeasturias.com\\\/magazine365\\\/#organization\"}}]}\n\t\t<\/script>\n\t\t<!-- All in One SEO Pro -->\r\n\t\t<title>Los dos congresos de fin de semana en Fibes tendr\u00e1n un impacto econ\u00f3mico de tres millones en Sevilla | El Digital de Asturias<\/title>\n\n","aioseo_head_json":{"title":"Los dos congresos de fin de semana en Fibes tendr\u00e1n un impacto econ\u00f3mico de tres millones en Sevilla | El Digital de Asturias","description":"Las dos convenciones de directivos y profesionales que se celebrar\u00e1n el pr\u00f3ximo fin de semana en el Palacio de Congresos y Exposiciones de Sevilla (Fibes) generar\u00e1n en la ciudad un impacto econ\u00f3mico estimado en tres millones de euros, entre los propios ingresos del recinto y los reportados a hoteles, restaurantes y bares y empresas que","canonical_url":"https:\/\/eldigitaldeasturias.com\/magazine365\/los-dos-congresos-de-fin-de-semana-en-fibes-tendran-un-impacto-economico-de-tres-millones-en-sevilla\/","robots":"max-image-preview:large","keywords":"noticias y actualidad","webmasterTools":{"google-site-verification":"UA-38556648-1","miscellaneous":""},"schema":{"@context":"https:\/\/schema.org","@graph":[{"@type":"Article","@id":"https:\/\/eldigitaldeasturias.com\/magazine365\/los-dos-congresos-de-fin-de-semana-en-fibes-tendran-un-impacto-economico-de-tres-millones-en-sevilla\/#article","name":"Los dos congresos de fin de semana en Fibes tendr\u00e1n un impacto econ\u00f3mico de tres millones en Sevilla | El Digital de Asturias","headline":"Los dos congresos de fin de semana en Fibes tendr\u00e1n un impacto econ\u00f3mico de tres millones en Sevilla","author":{"@id":"https:\/\/eldigitaldeasturias.com\/magazine365\/author\/admin\/#author"},"publisher":{"@id":"https:\/\/eldigitaldeasturias.com\/magazine365\/#organization"},"image":{"@type":"ImageObject","url":"https:\/\/eldigitaldeasturias.com\/magazine365\/wp-content\/uploads\/2016\/06\/fotonoticia_20160601172545_800.jpg","width":800,"height":508},"datePublished":"2016-06-04T05:22:02+02:00","dateModified":"2016-06-04T05:22:02+02:00","inLanguage":"es-ES","mainEntityOfPage":{"@id":"https:\/\/eldigitaldeasturias.com\/magazine365\/los-dos-congresos-de-fin-de-semana-en-fibes-tendran-un-impacto-economico-de-tres-millones-en-sevilla\/#webpage"},"isPartOf":{"@id":"https:\/\/eldigitaldeasturias.com\/magazine365\/los-dos-congresos-de-fin-de-semana-en-fibes-tendran-un-impacto-economico-de-tres-millones-en-sevilla\/#webpage"},"articleSection":"Noticias y Actualidad"},{"@type":"BreadcrumbList","@id":"https:\/\/eldigitaldeasturias.com\/magazine365\/los-dos-congresos-de-fin-de-semana-en-fibes-tendran-un-impacto-economico-de-tres-millones-en-sevilla\/#breadcrumblist","itemListElement":[{"@type":"ListItem","@id":"https:\/\/eldigitaldeasturias.com\/magazine365#listItem","position":1,"name":"Home","item":"https:\/\/eldigitaldeasturias.com\/magazine365","nextItem":{"@type":"ListItem","@id":"https:\/\/eldigitaldeasturias.com\/magazine365\/category\/noticias-actualidad\/#listItem","name":"Noticias y Actualidad"}},{"@type":"ListItem","@id":"https:\/\/eldigitaldeasturias.com\/magazine365\/category\/noticias-actualidad\/#listItem","position":2,"name":"Noticias y Actualidad","item":"https:\/\/eldigitaldeasturias.com\/magazine365\/category\/noticias-actualidad\/","nextItem":{"@type":"ListItem","@id":"https:\/\/eldigitaldeasturias.com\/magazine365\/los-dos-congresos-de-fin-de-semana-en-fibes-tendran-un-impacto-economico-de-tres-millones-en-sevilla\/#listItem","name":"Los dos congresos de fin de semana en Fibes tendr\u00e1n un impacto econ\u00f3mico de tres millones en Sevilla"},"previousItem":{"@type":"ListItem","@id":"https:\/\/eldigitaldeasturias.com\/magazine365#listItem","name":"Home"}},{"@type":"ListItem","@id":"https:\/\/eldigitaldeasturias.com\/magazine365\/los-dos-congresos-de-fin-de-semana-en-fibes-tendran-un-impacto-economico-de-tres-millones-en-sevilla\/#listItem","position":3,"name":"Los dos congresos de fin de semana en Fibes tendr\u00e1n un impacto econ\u00f3mico de tres millones en Sevilla","previousItem":{"@type":"ListItem","@id":"https:\/\/eldigitaldeasturias.com\/magazine365\/category\/noticias-actualidad\/#listItem","name":"Noticias y Actualidad"}}]},{"@type":"Organization","@id":"https:\/\/eldigitaldeasturias.com\/magazine365\/#organization","name":"El digital de Asturias","description":"Revista de ocio, turismo y estilo de vida","url":"https:\/\/eldigitaldeasturias.com\/magazine365\/","logo":{"@type":"ImageObject","url":"https:\/\/www.eldigitaldeasturias.com\/noticias\/wp-content\/uploads\/2020\/12\/EDA.jpg","@id":"https:\/\/eldigitaldeasturias.com\/magazine365\/los-dos-congresos-de-fin-de-semana-en-fibes-tendran-un-impacto-economico-de-tres-millones-en-sevilla\/#organizationLogo"},"image":{"@id":"https:\/\/eldigitaldeasturias.com\/magazine365\/los-dos-congresos-de-fin-de-semana-en-fibes-tendran-un-impacto-economico-de-tres-millones-en-sevilla\/#organizationLogo"}},{"@type":"Person","@id":"https:\/\/eldigitaldeasturias.com\/magazine365\/author\/admin\/#author","url":"https:\/\/eldigitaldeasturias.com\/magazine365\/author\/admin\/","name":"admin","image":{"@type":"ImageObject","@id":"https:\/\/eldigitaldeasturias.com\/magazine365\/los-dos-congresos-de-fin-de-semana-en-fibes-tendran-un-impacto-economico-de-tres-millones-en-sevilla\/#authorImage","url":"https:\/\/eldigitaldeasturias.com\/magazine365\/wp-content\/litespeed\/avatar\/e571bcf59a0edd6fa6838245a470f2fe.jpg?ver=1777574230","width":96,"height":96,"caption":"admin"}},{"@type":"WebPage","@id":"https:\/\/eldigitaldeasturias.com\/magazine365\/los-dos-congresos-de-fin-de-semana-en-fibes-tendran-un-impacto-economico-de-tres-millones-en-sevilla\/#webpage","url":"https:\/\/eldigitaldeasturias.com\/magazine365\/los-dos-congresos-de-fin-de-semana-en-fibes-tendran-un-impacto-economico-de-tres-millones-en-sevilla\/","name":"Los dos congresos de fin de semana en Fibes tendr\u00e1n un impacto econ\u00f3mico de tres millones en Sevilla | El Digital de Asturias","description":"Las dos convenciones de directivos y profesionales que se celebrar\u00e1n el pr\u00f3ximo fin de semana en el Palacio de Congresos y Exposiciones de Sevilla (Fibes) generar\u00e1n en la ciudad un impacto econ\u00f3mico estimado en tres millones de euros, entre los propios ingresos del recinto y los reportados a hoteles, restaurantes y bares y empresas que","inLanguage":"es-ES","isPartOf":{"@id":"https:\/\/eldigitaldeasturias.com\/magazine365\/#website"},"breadcrumb":{"@id":"https:\/\/eldigitaldeasturias.com\/magazine365\/los-dos-congresos-de-fin-de-semana-en-fibes-tendran-un-impacto-economico-de-tres-millones-en-sevilla\/#breadcrumblist"},"author":{"@id":"https:\/\/eldigitaldeasturias.com\/magazine365\/author\/admin\/#author"},"creator":{"@id":"https:\/\/eldigitaldeasturias.com\/magazine365\/author\/admin\/#author"},"image":{"@type":"ImageObject","url":"https:\/\/eldigitaldeasturias.com\/magazine365\/wp-content\/uploads\/2016\/06\/fotonoticia_20160601172545_800.jpg","@id":"https:\/\/eldigitaldeasturias.com\/magazine365\/los-dos-congresos-de-fin-de-semana-en-fibes-tendran-un-impacto-economico-de-tres-millones-en-sevilla\/#mainImage","width":800,"height":508},"primaryImageOfPage":{"@id":"https:\/\/eldigitaldeasturias.com\/magazine365\/los-dos-congresos-de-fin-de-semana-en-fibes-tendran-un-impacto-economico-de-tres-millones-en-sevilla\/#mainImage"},"datePublished":"2016-06-04T05:22:02+02:00","dateModified":"2016-06-04T05:22:02+02:00"},{"@type":"WebSite","@id":"https:\/\/eldigitaldeasturias.com\/magazine365\/#website","url":"https:\/\/eldigitaldeasturias.com\/magazine365\/","name":"El Digital de Asturias","description":"Revista de ocio, turismo y estilo de vida","inLanguage":"es-ES","publisher":{"@id":"https:\/\/eldigitaldeasturias.com\/magazine365\/#organization"}}]},"og:locale":"es_ES","og:site_name":"El Digital de Asturias \u2013 Revista de ocio, turismo y estilo de vida","og:type":"article","og:title":"Los dos congresos de fin de semana en Fibes tendr\u00e1n un impacto econ\u00f3mico de tres millones en Sevilla | El Digital de Asturias","og:description":"Las dos convenciones de directivos y profesionales que se celebrar\u00e1n el pr\u00f3ximo fin de semana en el Palacio de Congresos y Exposiciones de Sevilla (Fibes) generar\u00e1n en la ciudad un impacto econ\u00f3mico estimado en tres millones de euros, entre los propios ingresos del recinto y los reportados a hoteles, restaurantes y bares y empresas que","og:url":"https:\/\/eldigitaldeasturias.com\/magazine365\/los-dos-congresos-de-fin-de-semana-en-fibes-tendran-un-impacto-economico-de-tres-millones-en-sevilla\/","og:image":"https:\/\/eldigitaldeasturias.com\/magazine365\/wp-content\/uploads\/2016\/06\/fotonoticia_20160601172545_800.jpg","og:image:secure_url":"https:\/\/eldigitaldeasturias.com\/magazine365\/wp-content\/uploads\/2016\/06\/fotonoticia_20160601172545_800.jpg","og:image:width":800,"og:image:height":508,"article:published_time":"2016-06-04T03:22:02+00:00","article:modified_time":"2016-06-04T03:22:02+00:00","twitter:card":"summary_large_image","twitter:title":"Los dos congresos de fin de semana en Fibes tendr\u00e1n un impacto econ\u00f3mico de tres millones en Sevilla | El Digital de Asturias","twitter:description":"Las dos convenciones de directivos y profesionales que se celebrar\u00e1n el pr\u00f3ximo fin de semana en el Palacio de Congresos y Exposiciones de Sevilla (Fibes) generar\u00e1n en la ciudad un impacto econ\u00f3mico estimado en tres millones de euros, entre los propios ingresos del recinto y los reportados a hoteles, restaurantes y bares y empresas que","twitter:image":"https:\/\/eldigitaldeasturias.com\/magazine365\/wp-content\/uploads\/2016\/06\/fotonoticia_20160601172545_800.jpg"},"aioseo_meta_data":{"post_id":"77546","title":null,"description":null,"keywords":null,"keyphrases":null,"primary_term":null,"canonical_url":null,"og_title":null,"og_description":null,"og_object_type":"default","og_image_type":"default","og_image_url":null,"og_image_width":null,"og_image_height":null,"og_image_custom_url":null,"og_image_custom_fields":null,"og_video":null,"og_custom_url":null,"og_article_section":null,"og_article_tags":null,"twitter_use_og":false,"twitter_card":"default","twitter_image_type":"default","twitter_image_url":null,"twitter_image_custom_url":null,"twitter_image_custom_fields":null,"twitter_title":null,"twitter_description":null,"schema":{"blockGraphs":[],"customGraphs":[],"default":{"data":{"Article":[],"Course":[],"Dataset":[],"FAQPage":[],"Movie":[],"Person":[],"Product":[],"ProductReview":[],"Car":[],"Recipe":[],"Service":[],"SoftwareApplication":[],"WebPage":[]},"graphName":"","isEnabled":true},"graphs":[],"defaultGraph":"","defaultPostTypeGraph":""},"schema_type":null,"schema_type_options":null,"pillar_content":false,"robots_default":true,"robots_noindex":false,"robots_noarchive":false,"robots_nosnippet":false,"robots_nofollow":false,"robots_noimageindex":false,"robots_noodp":false,"robots_notranslate":false,"robots_max_snippet":null,"robots_max_videopreview":null,"robots_max_imagepreview":"large","priority":null,"frequency":null,"location":null,"local_seo":null,"seo_analyzer_scan_date":"2025-09-27 15:08:09","breadcrumb_settings":null,"limit_modified_date":false,"open_ai":null,"ai":null,"created":"2021-03-08 18:11:48","updated":"2025-09-27 15:08:09"},"aioseo_breadcrumb":"<div class=\"aioseo-breadcrumbs\"><span class=\"aioseo-breadcrumb\">\n\t<a href=\"https:\/\/eldigitaldeasturias.com\/magazine365\" title=\"Home\">Home<\/a>\n<\/span><span class=\"aioseo-breadcrumb-separator\">\u2013<\/span><span class=\"aioseo-breadcrumb\">\n\t<a href=\"https:\/\/eldigitaldeasturias.com\/magazine365\/category\/noticias-actualidad\/\" title=\"Noticias y Actualidad\">Noticias y Actualidad<\/a>\n<\/span><span class=\"aioseo-breadcrumb-separator\">\u2013<\/span><span class=\"aioseo-breadcrumb\">\n\t<a href=\"https:\/\/eldigitaldeasturias.com\/magazine365\/los-dos-congresos-de-fin-de-semana-en-fibes-tendran-un-impacto-economico-de-tres-millones-en-sevilla\/\" title=\"Los dos congresos de fin de semana en Fibes tendr\u00e1n un impacto econ\u00f3mico de tres millones en Sevilla\">Los dos congresos de fin de semana en Fibes tendr\u00e1n un impacto econ\u00f3mico de tres millones en Sevilla<\/a>\n<\/span><\/div>","aioseo_breadcrumb_json":[{"label":"Home","link":"https:\/\/eldigitaldeasturias.com\/magazine365"},{"label":"Noticias y Actualidad","link":"https:\/\/eldigitaldeasturias.com\/magazine365\/category\/noticias-actualidad\/"},{"label":"Los dos congresos de fin de semana en Fibes tendr\u00e1n un impacto econ\u00f3mico de tres millones en Sevilla","link":"https:\/\/eldigitaldeasturias.com\/magazine365\/los-dos-congresos-de-fin-de-semana-en-fibes-tendran-un-impacto-economico-de-tres-millones-en-sevilla\/"}],"_links":{"self":[{"href":"https:\/\/eldigitaldeasturias.com\/magazine365\/wp-json\/wp\/v2\/posts\/77546","targetHints":{"allow":["GET"]}}],"collection":[{"href":"https:\/\/eldigitaldeasturias.com\/magazine365\/wp-json\/wp\/v2\/posts"}],"about":[{"href":"https:\/\/eldigitaldeasturias.com\/magazine365\/wp-json\/wp\/v2\/types\/post"}],"author":[{"embeddable":true,"href":"https:\/\/eldigitaldeasturias.com\/magazine365\/wp-json\/wp\/v2\/users\/1"}],"replies":[{"embeddable":true,"href":"https:\/\/eldigitaldeasturias.com\/magazine365\/wp-json\/wp\/v2\/comments?post=77546"}],"version-history":[{"count":0,"href":"https:\/\/eldigitaldeasturias.com\/magazine365\/wp-json\/wp\/v2\/posts\/77546\/revisions"}],"wp:featuredmedia":[{"embeddable":true,"href":"https:\/\/eldigitaldeasturias.com\/magazine365\/wp-json\/wp\/v2\/media\/77547"}],"wp:attachment":[{"href":"https:\/\/eldigitaldeasturias.com\/magazine365\/wp-json\/wp\/v2\/media?parent=77546"}],"wp:term":[{"taxonomy":"category","embeddable":true,"href":"https:\/\/eldigitaldeasturias.com\/magazine365\/wp-json\/wp\/v2\/categories?post=77546"},{"taxonomy":"post_tag","embeddable":true,"href":"https:\/\/eldigitaldeasturias.com\/magazine365\/wp-json\/wp\/v2\/tags?post=77546"}],"curies":[{"name":"wp","href":"https:\/\/api.w.org\/{rel}","templated":true}]}}