{"id":77543,"date":"2016-06-04T05:21:07","date_gmt":"2016-06-04T03:21:07","guid":{"rendered":"http:\/\/eldigitaldeasturias.com\/magazine365\/?p=77543"},"modified":"2016-06-04T05:21:07","modified_gmt":"2016-06-04T03:21:07","slug":"la-generalitat-valenciana-reclama-la-modernizacion-de-la-linea-ferroviaria-valencia-teruel-zaragoza","status":"publish","type":"post","link":"https:\/\/eldigitaldeasturias.com\/magazine365\/la-generalitat-valenciana-reclama-la-modernizacion-de-la-linea-ferroviaria-valencia-teruel-zaragoza\/","title":{"rendered":"La Generalitat Valenciana reclama la modernizaci\u00f3n de la l\u00ednea ferroviaria Valencia-Teruel-Zaragoza"},"content":{"rendered":"<p><img fetchpriority=\"high\" decoding=\"async\" class=\"alignleft size-medium wp-image-77544\" src=\"https:\/\/eldigitaldeasturias.com\/magazine365\/wp-content\/uploads\/2016\/06\/fotonoticia_20160601172350_800-360x240.jpg\" alt=\"fotonoticia_20160601172350_800\" width=\"360\" height=\"240\" srcset=\"https:\/\/eldigitaldeasturias.com\/magazine365\/wp-content\/uploads\/2016\/06\/fotonoticia_20160601172350_800-360x240.jpg 360w, https:\/\/eldigitaldeasturias.com\/magazine365\/wp-content\/uploads\/2016\/06\/fotonoticia_20160601172350_800-650x433.jpg 650w, https:\/\/eldigitaldeasturias.com\/magazine365\/wp-content\/uploads\/2016\/06\/fotonoticia_20160601172350_800-768x512.jpg 768w, https:\/\/eldigitaldeasturias.com\/magazine365\/wp-content\/uploads\/2016\/06\/fotonoticia_20160601172350_800-150x100.jpg 150w, https:\/\/eldigitaldeasturias.com\/magazine365\/wp-content\/uploads\/2016\/06\/fotonoticia_20160601172350_800-450x300.jpg 450w, https:\/\/eldigitaldeasturias.com\/magazine365\/wp-content\/uploads\/2016\/06\/fotonoticia_20160601172350_800-101x66.jpg 101w, https:\/\/eldigitaldeasturias.com\/magazine365\/wp-content\/uploads\/2016\/06\/fotonoticia_20160601172350_800.jpg 800w\" sizes=\"(max-width: 360px) 100vw, 360px\" \/>La consellera de Vivienda, Obras P\u00fablica y Vertebraci\u00f3n del Territorio, Mar\u00eda Jos\u00e9 Salvador, ha reclamado al Gobierno la modernizaci\u00f3n de la l\u00ednea ferroviaria que conecta Valencia con las localidades aragonesas de Teruel y Zaragoza y ha calificado de \u00abinaceptable\u00bb la inversi\u00f3n estatal realizada hasta el momento en este tramo \u00abvital\u00bb para el desarrollo de Arag\u00f3n y la Comunitat.<\/p>\n<p>As\u00ed lo ha exigido en su intervenci\u00f3n en el desayuno de trabajo organizado este mi\u00e9rcoles por el diario Expansi\u00f3n sobre &#8216;La l\u00ednea Zaragoza-Teruel-Valencia. Una oportunidad para el desarrollo econ\u00f3mico en Arag\u00f3n y Comunitat&#8217;, en el que tambi\u00e9n ha participado el secretario auton\u00f3mico de Vivienda, Josep Vicent Boira, ha informado la Generalitat en un comunicado.<\/p>\n<p>Salvador ha centrado su ponencia en el \u00abescaso\u00bb presupuesto previsto por el Ministerio de Fomento para la modernizaci\u00f3n de esta l\u00ednea, de \u00abdos millones de euros en 2016 y 18,5 millones de euros a tres a\u00f1os vista\u00bb, cuando ha subrayado que este tramo \u00abno tiene los par\u00e1metros m\u00ednimos exigibles\u00bb.<\/p>\n<p>Por tanto, ha reivindicado que \u00abes necesaria una inversi\u00f3n del Estado en toda la l\u00ednea que permita su modernizaci\u00f3n integral\u00bb, lo que, para ella, \u00abimplica aspectos como la inclusi\u00f3n del tren-tierra, ampliaci\u00f3n de estaciones y apartaderos para trenes m\u00e1s largos y la electrificaci\u00f3n\u00bb.<\/p>\n<p>En este sentido, la consellera ha subrayado que el estado de la infraestructura y la superestructura ferroviaria del tramo Valencia-Teruel-Zaragoza \u00abes totalmente inadmisible para una conexi\u00f3n ferroviaria entre la tercera y la quinta ciudad con m\u00e1s poblaci\u00f3n de Espa\u00f1a\u00bb, por lo que ha insistido en que \u00abdebe modernizarse urgentemente\u00bb.<\/p>\n<p>Asimismo, ha remarcado que el Gobierno valenciano \u00abno va a renunciar a vincular el potencial del puerto de Valencia con el del centro log\u00edstico de Zaragoza\u00bb y ha asegurado que la l\u00ednea ferroviaria \u00abes una apuesta estrat\u00e9gica para el futuro de las dos comunidades\u00bb.<\/p>\n<p>\u00abNo se trata solo de una cuesti\u00f3n de infraestructuras de comunicaci\u00f3n, sino de instrumentos para promover el desarrollo econ\u00f3mico y social de las personas y de los territorios\u00bb, ha manifestado Salvador.<\/p>\n<p>BENEFICIOS PARA MERCANC\u00cdAS Y PASAJEROS<\/p>\n<p>Al respecto, la titular de Obras P\u00fablicas ha sostenido que la modernizaci\u00f3n del tramo \u00abimplicar\u00eda un claro beneficio tanto para mercanc\u00edas como para pasajeros\u00bb, ya que permitir\u00eda mejorar nodos log\u00edsticos como Zaragoza-Plaza y Teruel-Platea con la Autoridad Portuaria de Valencia, primera del Mediterr\u00e1neo en tr\u00e1fico de contenedores\u00bb.<\/p>\n<p>Mar\u00eda Jos\u00e9 Salvador ha detallado que la actualizaci\u00f3n de la v\u00eda tambi\u00e9n supondr\u00eda la mejora de \u00abotros sectores nuevos que puedan aparecer como consecuencia del desarrollo del sector log\u00edstico y de unas mejores comunicaciones\u00bb.<\/p>\n<p>L\u00cdNEA SIN ELECTRIFICAR<\/p>\n<p>Por otro lado, la consellera ha apuntado que, en la actualidad, esta l\u00ednea \u00abpresenta una v\u00eda \u00fanica sin electrificar y con pendientes elevadas, lo que implica circulaci\u00f3n lenta y trenes cortos con poca capacidad de carga y grandes dificultades para el transporte ferroviario de mercanc\u00edas\u00bb. \u00abPor no hablar de los niveles de saturaci\u00f3n que presentan algunos subtramos\u00bb, ha a\u00f1adida.<\/p>\n<p>Ante esta situaci\u00f3n, Salvador ha recordado que en el pasado mes de septiembre los Gobiernos auton\u00f3micos de Arag\u00f3n y la Comunitat acordaron una declaraci\u00f3n a favor de las infraestructuras viarias y ferroviarias de inter\u00e9s com\u00fan, y defendieron una actuaci\u00f3n en distintas fases en el tramo que une Valencia con Zaragoza para \u00abconseguir una mayor viabilidad\u00bb.<\/p>\n<p>En estos acuerdos ratificados por los presidentes de ambas regiones, los socialistas Javier Lamb\u00e1n y Ximo Puig, reivindicaban la necesidad de \u00abcambiar el planteamiento centralista y miope que tiene el Estado en materia de infraestructuras\u00bb y de potenciar el eje Arag\u00f3n-puerto de Valencia.<\/p>\n<p>Salvador ha apuntado que en noviembre de 2015 traslad\u00f3 esta posici\u00f3n a la ministra de Fomento, Ana Pastor, en \u00abla \u00fanica reuni\u00f3n de trabajo mantenida hasta el momento\u00bb.<\/p>\n<p>RESPUESTA \u00abDEFICIENTE\u00bb DEL GOBIERNO<\/p>\n<p>Sin embargo, la responsable auton\u00f3mica de Obras P\u00fablicas ha criticado que \u00abhasta hoy, la respuesta del Estado ha sido bastante deficiente, por calificarla de alguna manera\u00bb.<\/p>\n<p>Ha se\u00f1alado que el planteamiento de Fomento \u00abera que la Comunitat sufragara parte de las inversiones\u00bb, algo que \u00abobvia la distribuci\u00f3n competencial establecida por la Constituci\u00f3n adem\u00e1s de suponer una carga adicional para una fuertemente infrafinanciada como la valenciana\u00bb.<\/p>\n<p>\u00abSOLO DOS GRANDES CIUDADES SIN AVE\u00bb<\/p>\n<p>Por su parte, el secretario auton\u00f3mico ha denunciado en su intervenci\u00f3n que \u00aben Espa\u00f1a solo hay dos conexiones de grandes ciudades sin alta velocidad: Valencia-Barcelona y Valencia-Zaragoza\u00bb, as\u00ed como que la l\u00ednea Sagunto-Zaragoza \u00abes una reivindicaci\u00f3n hist\u00f3rica que se remonta 90 a\u00f1os atr\u00e1s y que sigue olvidada por Fomento\u00bb, que, en su opini\u00f3n, \u00abha abandonado el transporte de mercanc\u00edas por ferrocarril dej\u00e1ndolo sin inversiones\u00bb.<\/p>\n<p>Del mismo modo, Josep Vicent Boira ha criticado la \u00abescasa\u00bb inversi\u00f3n del Gobierno en los accesos a los puertos frente a \u00ablos millones de euros que se presupuestan para la Alta Velocidad\u00bb, donde, seg\u00fan \u00e9l, \u00abse ha destinado el 95% de los fondos de Cohesi\u00f3n y Feder\u00bb.<\/p>\n","protected":false},"excerpt":{"rendered":"<p>La consellera de Vivienda, Obras P\u00fablica y Vertebraci\u00f3n del Territorio, Mar\u00eda Jos\u00e9 Salvador, ha reclamado al Gobierno la modernizaci\u00f3n de la l\u00ednea ferroviaria que conecta Valencia con las localidades aragonesas de Teruel y Zaragoza y ha calificado de \u00abinaceptable\u00bb la inversi\u00f3n estatal realizada hasta el momento en este tramo \u00abvital\u00bb para el desarrollo de Arag\u00f3n<\/p>\n","protected":false},"author":1,"featured_media":77544,"comment_status":"open","ping_status":"closed","sticky":false,"template":"","format":"standard","meta":{"footnotes":""},"categories":[224],"tags":[],"class_list":{"0":"post-77543","1":"post","2":"type-post","3":"status-publish","4":"format-standard","5":"has-post-thumbnail","7":"category-noticias-actualidad"},"aioseo_notices":[],"aioseo_head":"\n\t\t<!-- All in One SEO Pro 4.9.6.1 - aioseo.com -->\n\t<meta name=\"description\" content=\"La consellera de Vivienda, Obras P\u00fablica y Vertebraci\u00f3n del Territorio, Mar\u00eda Jos\u00e9 Salvador, ha reclamado al Gobierno la modernizaci\u00f3n de la l\u00ednea ferroviaria que conecta Valencia con las localidades aragonesas de Teruel y Zaragoza y ha calificado de &quot;inaceptable&quot; la inversi\u00f3n estatal realizada hasta el momento en este tramo &quot;vital&quot; para el desarrollo de Arag\u00f3n\" \/>\n\t<meta name=\"robots\" content=\"max-image-preview:large\" \/>\n\t<meta name=\"author\" content=\"admin\"\/>\n\t<meta name=\"google-site-verification\" content=\"UA-38556648-1\" \/>\n\t<meta name=\"keywords\" content=\"noticias y actualidad\" \/>\n\t<link rel=\"canonical\" href=\"https:\/\/eldigitaldeasturias.com\/magazine365\/la-generalitat-valenciana-reclama-la-modernizacion-de-la-linea-ferroviaria-valencia-teruel-zaragoza\/\" \/>\n\t<meta name=\"generator\" content=\"All in One SEO Pro (AIOSEO) 4.9.6.1\" \/>\n\t\t<meta property=\"og:locale\" content=\"es_ES\" \/>\n\t\t<meta property=\"og:site_name\" content=\"El Digital de Asturias \u2013 Revista de ocio, turismo y estilo de vida\" \/>\n\t\t<meta property=\"og:type\" content=\"article\" \/>\n\t\t<meta property=\"og:title\" content=\"La Generalitat Valenciana reclama la modernizaci\u00f3n de la l\u00ednea ferroviaria Valencia-Teruel-Zaragoza | El Digital de Asturias\" \/>\n\t\t<meta property=\"og:description\" content=\"La consellera de Vivienda, Obras P\u00fablica y Vertebraci\u00f3n del Territorio, Mar\u00eda Jos\u00e9 Salvador, ha reclamado al Gobierno la modernizaci\u00f3n de la l\u00ednea ferroviaria que conecta Valencia con las localidades aragonesas de Teruel y Zaragoza y ha calificado de &quot;inaceptable&quot; la inversi\u00f3n estatal realizada hasta el momento en este tramo &quot;vital&quot; para el desarrollo de Arag\u00f3n\" \/>\n\t\t<meta property=\"og:url\" content=\"https:\/\/eldigitaldeasturias.com\/magazine365\/la-generalitat-valenciana-reclama-la-modernizacion-de-la-linea-ferroviaria-valencia-teruel-zaragoza\/\" \/>\n\t\t<meta property=\"og:image\" content=\"https:\/\/eldigitaldeasturias.com\/magazine365\/wp-content\/uploads\/2016\/06\/fotonoticia_20160601172350_800.jpg\" \/>\n\t\t<meta property=\"og:image:secure_url\" content=\"https:\/\/eldigitaldeasturias.com\/magazine365\/wp-content\/uploads\/2016\/06\/fotonoticia_20160601172350_800.jpg\" \/>\n\t\t<meta property=\"og:image:width\" content=\"800\" \/>\n\t\t<meta property=\"og:image:height\" content=\"533\" \/>\n\t\t<meta property=\"article:published_time\" content=\"2016-06-04T03:21:07+00:00\" \/>\n\t\t<meta property=\"article:modified_time\" content=\"2016-06-04T03:21:07+00:00\" \/>\n\t\t<meta name=\"twitter:card\" content=\"summary_large_image\" \/>\n\t\t<meta name=\"twitter:title\" content=\"La Generalitat Valenciana reclama la modernizaci\u00f3n de la l\u00ednea ferroviaria Valencia-Teruel-Zaragoza | El Digital de Asturias\" \/>\n\t\t<meta name=\"twitter:description\" content=\"La consellera de Vivienda, Obras P\u00fablica y Vertebraci\u00f3n del Territorio, Mar\u00eda Jos\u00e9 Salvador, ha reclamado al Gobierno la modernizaci\u00f3n de la l\u00ednea ferroviaria que conecta Valencia con las localidades aragonesas de Teruel y Zaragoza y ha calificado de &quot;inaceptable&quot; la inversi\u00f3n estatal realizada hasta el momento en este tramo &quot;vital&quot; para el desarrollo de Arag\u00f3n\" \/>\n\t\t<meta name=\"twitter:image\" content=\"https:\/\/eldigitaldeasturias.com\/magazine365\/wp-content\/uploads\/2016\/06\/fotonoticia_20160601172350_800.jpg\" \/>\n\t\t<script type=\"application\/ld+json\" class=\"aioseo-schema\">\n\t\t\t{\"@context\":\"https:\\\/\\\/schema.org\",\"@graph\":[{\"@type\":\"Article\",\"@id\":\"https:\\\/\\\/eldigitaldeasturias.com\\\/magazine365\\\/la-generalitat-valenciana-reclama-la-modernizacion-de-la-linea-ferroviaria-valencia-teruel-zaragoza\\\/#article\",\"name\":\"La Generalitat Valenciana reclama la modernizaci\\u00f3n de la l\\u00ednea ferroviaria Valencia-Teruel-Zaragoza | El Digital de Asturias\",\"headline\":\"La Generalitat Valenciana reclama la modernizaci\\u00f3n de la l\\u00ednea ferroviaria Valencia-Teruel-Zaragoza\",\"author\":{\"@id\":\"https:\\\/\\\/eldigitaldeasturias.com\\\/magazine365\\\/author\\\/admin\\\/#author\"},\"publisher\":{\"@id\":\"https:\\\/\\\/eldigitaldeasturias.com\\\/magazine365\\\/#organization\"},\"image\":{\"@type\":\"ImageObject\",\"url\":\"https:\\\/\\\/eldigitaldeasturias.com\\\/magazine365\\\/wp-content\\\/uploads\\\/2016\\\/06\\\/fotonoticia_20160601172350_800.jpg\",\"width\":800,\"height\":533},\"datePublished\":\"2016-06-04T05:21:07+02:00\",\"dateModified\":\"2016-06-04T05:21:07+02:00\",\"inLanguage\":\"es-ES\",\"mainEntityOfPage\":{\"@id\":\"https:\\\/\\\/eldigitaldeasturias.com\\\/magazine365\\\/la-generalitat-valenciana-reclama-la-modernizacion-de-la-linea-ferroviaria-valencia-teruel-zaragoza\\\/#webpage\"},\"isPartOf\":{\"@id\":\"https:\\\/\\\/eldigitaldeasturias.com\\\/magazine365\\\/la-generalitat-valenciana-reclama-la-modernizacion-de-la-linea-ferroviaria-valencia-teruel-zaragoza\\\/#webpage\"},\"articleSection\":\"Noticias y Actualidad\"},{\"@type\":\"BreadcrumbList\",\"@id\":\"https:\\\/\\\/eldigitaldeasturias.com\\\/magazine365\\\/la-generalitat-valenciana-reclama-la-modernizacion-de-la-linea-ferroviaria-valencia-teruel-zaragoza\\\/#breadcrumblist\",\"itemListElement\":[{\"@type\":\"ListItem\",\"@id\":\"https:\\\/\\\/eldigitaldeasturias.com\\\/magazine365#listItem\",\"position\":1,\"name\":\"Home\",\"item\":\"https:\\\/\\\/eldigitaldeasturias.com\\\/magazine365\",\"nextItem\":{\"@type\":\"ListItem\",\"@id\":\"https:\\\/\\\/eldigitaldeasturias.com\\\/magazine365\\\/category\\\/noticias-actualidad\\\/#listItem\",\"name\":\"Noticias y Actualidad\"}},{\"@type\":\"ListItem\",\"@id\":\"https:\\\/\\\/eldigitaldeasturias.com\\\/magazine365\\\/category\\\/noticias-actualidad\\\/#listItem\",\"position\":2,\"name\":\"Noticias y Actualidad\",\"item\":\"https:\\\/\\\/eldigitaldeasturias.com\\\/magazine365\\\/category\\\/noticias-actualidad\\\/\",\"nextItem\":{\"@type\":\"ListItem\",\"@id\":\"https:\\\/\\\/eldigitaldeasturias.com\\\/magazine365\\\/la-generalitat-valenciana-reclama-la-modernizacion-de-la-linea-ferroviaria-valencia-teruel-zaragoza\\\/#listItem\",\"name\":\"La Generalitat Valenciana reclama la modernizaci\\u00f3n de la l\\u00ednea ferroviaria Valencia-Teruel-Zaragoza\"},\"previousItem\":{\"@type\":\"ListItem\",\"@id\":\"https:\\\/\\\/eldigitaldeasturias.com\\\/magazine365#listItem\",\"name\":\"Home\"}},{\"@type\":\"ListItem\",\"@id\":\"https:\\\/\\\/eldigitaldeasturias.com\\\/magazine365\\\/la-generalitat-valenciana-reclama-la-modernizacion-de-la-linea-ferroviaria-valencia-teruel-zaragoza\\\/#listItem\",\"position\":3,\"name\":\"La Generalitat Valenciana reclama la modernizaci\\u00f3n de la l\\u00ednea ferroviaria Valencia-Teruel-Zaragoza\",\"previousItem\":{\"@type\":\"ListItem\",\"@id\":\"https:\\\/\\\/eldigitaldeasturias.com\\\/magazine365\\\/category\\\/noticias-actualidad\\\/#listItem\",\"name\":\"Noticias y Actualidad\"}}]},{\"@type\":\"Organization\",\"@id\":\"https:\\\/\\\/eldigitaldeasturias.com\\\/magazine365\\\/#organization\",\"name\":\"El digital de Asturias\",\"description\":\"Revista de ocio, turismo y estilo de vida\",\"url\":\"https:\\\/\\\/eldigitaldeasturias.com\\\/magazine365\\\/\",\"logo\":{\"@type\":\"ImageObject\",\"url\":\"https:\\\/\\\/www.eldigitaldeasturias.com\\\/noticias\\\/wp-content\\\/uploads\\\/2020\\\/12\\\/EDA.jpg\",\"@id\":\"https:\\\/\\\/eldigitaldeasturias.com\\\/magazine365\\\/la-generalitat-valenciana-reclama-la-modernizacion-de-la-linea-ferroviaria-valencia-teruel-zaragoza\\\/#organizationLogo\"},\"image\":{\"@id\":\"https:\\\/\\\/eldigitaldeasturias.com\\\/magazine365\\\/la-generalitat-valenciana-reclama-la-modernizacion-de-la-linea-ferroviaria-valencia-teruel-zaragoza\\\/#organizationLogo\"}},{\"@type\":\"Person\",\"@id\":\"https:\\\/\\\/eldigitaldeasturias.com\\\/magazine365\\\/author\\\/admin\\\/#author\",\"url\":\"https:\\\/\\\/eldigitaldeasturias.com\\\/magazine365\\\/author\\\/admin\\\/\",\"name\":\"admin\",\"image\":{\"@type\":\"ImageObject\",\"@id\":\"https:\\\/\\\/eldigitaldeasturias.com\\\/magazine365\\\/la-generalitat-valenciana-reclama-la-modernizacion-de-la-linea-ferroviaria-valencia-teruel-zaragoza\\\/#authorImage\",\"url\":\"https:\\\/\\\/eldigitaldeasturias.com\\\/magazine365\\\/wp-content\\\/litespeed\\\/avatar\\\/e571bcf59a0edd6fa6838245a470f2fe.jpg?ver=1776969259\",\"width\":96,\"height\":96,\"caption\":\"admin\"}},{\"@type\":\"WebPage\",\"@id\":\"https:\\\/\\\/eldigitaldeasturias.com\\\/magazine365\\\/la-generalitat-valenciana-reclama-la-modernizacion-de-la-linea-ferroviaria-valencia-teruel-zaragoza\\\/#webpage\",\"url\":\"https:\\\/\\\/eldigitaldeasturias.com\\\/magazine365\\\/la-generalitat-valenciana-reclama-la-modernizacion-de-la-linea-ferroviaria-valencia-teruel-zaragoza\\\/\",\"name\":\"La Generalitat Valenciana reclama la modernizaci\\u00f3n de la l\\u00ednea ferroviaria Valencia-Teruel-Zaragoza | El Digital de Asturias\",\"description\":\"La consellera de Vivienda, Obras P\\u00fablica y Vertebraci\\u00f3n del Territorio, Mar\\u00eda Jos\\u00e9 Salvador, ha reclamado al Gobierno la modernizaci\\u00f3n de la l\\u00ednea ferroviaria que conecta Valencia con las localidades aragonesas de Teruel y Zaragoza y ha calificado de \\\"inaceptable\\\" la inversi\\u00f3n estatal realizada hasta el momento en este tramo \\\"vital\\\" para el desarrollo de Arag\\u00f3n\",\"inLanguage\":\"es-ES\",\"isPartOf\":{\"@id\":\"https:\\\/\\\/eldigitaldeasturias.com\\\/magazine365\\\/#website\"},\"breadcrumb\":{\"@id\":\"https:\\\/\\\/eldigitaldeasturias.com\\\/magazine365\\\/la-generalitat-valenciana-reclama-la-modernizacion-de-la-linea-ferroviaria-valencia-teruel-zaragoza\\\/#breadcrumblist\"},\"author\":{\"@id\":\"https:\\\/\\\/eldigitaldeasturias.com\\\/magazine365\\\/author\\\/admin\\\/#author\"},\"creator\":{\"@id\":\"https:\\\/\\\/eldigitaldeasturias.com\\\/magazine365\\\/author\\\/admin\\\/#author\"},\"image\":{\"@type\":\"ImageObject\",\"url\":\"https:\\\/\\\/eldigitaldeasturias.com\\\/magazine365\\\/wp-content\\\/uploads\\\/2016\\\/06\\\/fotonoticia_20160601172350_800.jpg\",\"@id\":\"https:\\\/\\\/eldigitaldeasturias.com\\\/magazine365\\\/la-generalitat-valenciana-reclama-la-modernizacion-de-la-linea-ferroviaria-valencia-teruel-zaragoza\\\/#mainImage\",\"width\":800,\"height\":533},\"primaryImageOfPage\":{\"@id\":\"https:\\\/\\\/eldigitaldeasturias.com\\\/magazine365\\\/la-generalitat-valenciana-reclama-la-modernizacion-de-la-linea-ferroviaria-valencia-teruel-zaragoza\\\/#mainImage\"},\"datePublished\":\"2016-06-04T05:21:07+02:00\",\"dateModified\":\"2016-06-04T05:21:07+02:00\"},{\"@type\":\"WebSite\",\"@id\":\"https:\\\/\\\/eldigitaldeasturias.com\\\/magazine365\\\/#website\",\"url\":\"https:\\\/\\\/eldigitaldeasturias.com\\\/magazine365\\\/\",\"name\":\"El Digital de Asturias\",\"description\":\"Revista de ocio, turismo y estilo de vida\",\"inLanguage\":\"es-ES\",\"publisher\":{\"@id\":\"https:\\\/\\\/eldigitaldeasturias.com\\\/magazine365\\\/#organization\"}}]}\n\t\t<\/script>\n\t\t<!-- All in One SEO Pro -->\r\n\t\t<title>La Generalitat Valenciana reclama la modernizaci\u00f3n de la l\u00ednea ferroviaria Valencia-Teruel-Zaragoza | El Digital de Asturias<\/title>\n\n","aioseo_head_json":{"title":"La Generalitat Valenciana reclama la modernizaci\u00f3n de la l\u00ednea ferroviaria Valencia-Teruel-Zaragoza | El Digital de Asturias","description":"La consellera de Vivienda, Obras P\u00fablica y Vertebraci\u00f3n del Territorio, Mar\u00eda Jos\u00e9 Salvador, ha reclamado al Gobierno la modernizaci\u00f3n de la l\u00ednea ferroviaria que conecta Valencia con las localidades aragonesas de Teruel y Zaragoza y ha calificado de \"inaceptable\" la inversi\u00f3n estatal realizada hasta el momento en este tramo \"vital\" para el desarrollo de Arag\u00f3n","canonical_url":"https:\/\/eldigitaldeasturias.com\/magazine365\/la-generalitat-valenciana-reclama-la-modernizacion-de-la-linea-ferroviaria-valencia-teruel-zaragoza\/","robots":"max-image-preview:large","keywords":"noticias y actualidad","webmasterTools":{"google-site-verification":"UA-38556648-1","miscellaneous":""},"schema":{"@context":"https:\/\/schema.org","@graph":[{"@type":"Article","@id":"https:\/\/eldigitaldeasturias.com\/magazine365\/la-generalitat-valenciana-reclama-la-modernizacion-de-la-linea-ferroviaria-valencia-teruel-zaragoza\/#article","name":"La Generalitat Valenciana reclama la modernizaci\u00f3n de la l\u00ednea ferroviaria Valencia-Teruel-Zaragoza | El Digital de Asturias","headline":"La Generalitat Valenciana reclama la modernizaci\u00f3n de la l\u00ednea ferroviaria Valencia-Teruel-Zaragoza","author":{"@id":"https:\/\/eldigitaldeasturias.com\/magazine365\/author\/admin\/#author"},"publisher":{"@id":"https:\/\/eldigitaldeasturias.com\/magazine365\/#organization"},"image":{"@type":"ImageObject","url":"https:\/\/eldigitaldeasturias.com\/magazine365\/wp-content\/uploads\/2016\/06\/fotonoticia_20160601172350_800.jpg","width":800,"height":533},"datePublished":"2016-06-04T05:21:07+02:00","dateModified":"2016-06-04T05:21:07+02:00","inLanguage":"es-ES","mainEntityOfPage":{"@id":"https:\/\/eldigitaldeasturias.com\/magazine365\/la-generalitat-valenciana-reclama-la-modernizacion-de-la-linea-ferroviaria-valencia-teruel-zaragoza\/#webpage"},"isPartOf":{"@id":"https:\/\/eldigitaldeasturias.com\/magazine365\/la-generalitat-valenciana-reclama-la-modernizacion-de-la-linea-ferroviaria-valencia-teruel-zaragoza\/#webpage"},"articleSection":"Noticias y Actualidad"},{"@type":"BreadcrumbList","@id":"https:\/\/eldigitaldeasturias.com\/magazine365\/la-generalitat-valenciana-reclama-la-modernizacion-de-la-linea-ferroviaria-valencia-teruel-zaragoza\/#breadcrumblist","itemListElement":[{"@type":"ListItem","@id":"https:\/\/eldigitaldeasturias.com\/magazine365#listItem","position":1,"name":"Home","item":"https:\/\/eldigitaldeasturias.com\/magazine365","nextItem":{"@type":"ListItem","@id":"https:\/\/eldigitaldeasturias.com\/magazine365\/category\/noticias-actualidad\/#listItem","name":"Noticias y Actualidad"}},{"@type":"ListItem","@id":"https:\/\/eldigitaldeasturias.com\/magazine365\/category\/noticias-actualidad\/#listItem","position":2,"name":"Noticias y Actualidad","item":"https:\/\/eldigitaldeasturias.com\/magazine365\/category\/noticias-actualidad\/","nextItem":{"@type":"ListItem","@id":"https:\/\/eldigitaldeasturias.com\/magazine365\/la-generalitat-valenciana-reclama-la-modernizacion-de-la-linea-ferroviaria-valencia-teruel-zaragoza\/#listItem","name":"La Generalitat Valenciana reclama la modernizaci\u00f3n de la l\u00ednea ferroviaria Valencia-Teruel-Zaragoza"},"previousItem":{"@type":"ListItem","@id":"https:\/\/eldigitaldeasturias.com\/magazine365#listItem","name":"Home"}},{"@type":"ListItem","@id":"https:\/\/eldigitaldeasturias.com\/magazine365\/la-generalitat-valenciana-reclama-la-modernizacion-de-la-linea-ferroviaria-valencia-teruel-zaragoza\/#listItem","position":3,"name":"La Generalitat Valenciana reclama la modernizaci\u00f3n de la l\u00ednea ferroviaria Valencia-Teruel-Zaragoza","previousItem":{"@type":"ListItem","@id":"https:\/\/eldigitaldeasturias.com\/magazine365\/category\/noticias-actualidad\/#listItem","name":"Noticias y Actualidad"}}]},{"@type":"Organization","@id":"https:\/\/eldigitaldeasturias.com\/magazine365\/#organization","name":"El digital de Asturias","description":"Revista de ocio, turismo y estilo de vida","url":"https:\/\/eldigitaldeasturias.com\/magazine365\/","logo":{"@type":"ImageObject","url":"https:\/\/www.eldigitaldeasturias.com\/noticias\/wp-content\/uploads\/2020\/12\/EDA.jpg","@id":"https:\/\/eldigitaldeasturias.com\/magazine365\/la-generalitat-valenciana-reclama-la-modernizacion-de-la-linea-ferroviaria-valencia-teruel-zaragoza\/#organizationLogo"},"image":{"@id":"https:\/\/eldigitaldeasturias.com\/magazine365\/la-generalitat-valenciana-reclama-la-modernizacion-de-la-linea-ferroviaria-valencia-teruel-zaragoza\/#organizationLogo"}},{"@type":"Person","@id":"https:\/\/eldigitaldeasturias.com\/magazine365\/author\/admin\/#author","url":"https:\/\/eldigitaldeasturias.com\/magazine365\/author\/admin\/","name":"admin","image":{"@type":"ImageObject","@id":"https:\/\/eldigitaldeasturias.com\/magazine365\/la-generalitat-valenciana-reclama-la-modernizacion-de-la-linea-ferroviaria-valencia-teruel-zaragoza\/#authorImage","url":"https:\/\/eldigitaldeasturias.com\/magazine365\/wp-content\/litespeed\/avatar\/e571bcf59a0edd6fa6838245a470f2fe.jpg?ver=1776969259","width":96,"height":96,"caption":"admin"}},{"@type":"WebPage","@id":"https:\/\/eldigitaldeasturias.com\/magazine365\/la-generalitat-valenciana-reclama-la-modernizacion-de-la-linea-ferroviaria-valencia-teruel-zaragoza\/#webpage","url":"https:\/\/eldigitaldeasturias.com\/magazine365\/la-generalitat-valenciana-reclama-la-modernizacion-de-la-linea-ferroviaria-valencia-teruel-zaragoza\/","name":"La Generalitat Valenciana reclama la modernizaci\u00f3n de la l\u00ednea ferroviaria Valencia-Teruel-Zaragoza | El Digital de Asturias","description":"La consellera de Vivienda, Obras P\u00fablica y Vertebraci\u00f3n del Territorio, Mar\u00eda Jos\u00e9 Salvador, ha reclamado al Gobierno la modernizaci\u00f3n de la l\u00ednea ferroviaria que conecta Valencia con las localidades aragonesas de Teruel y Zaragoza y ha calificado de \"inaceptable\" la inversi\u00f3n estatal realizada hasta el momento en este tramo \"vital\" para el desarrollo de Arag\u00f3n","inLanguage":"es-ES","isPartOf":{"@id":"https:\/\/eldigitaldeasturias.com\/magazine365\/#website"},"breadcrumb":{"@id":"https:\/\/eldigitaldeasturias.com\/magazine365\/la-generalitat-valenciana-reclama-la-modernizacion-de-la-linea-ferroviaria-valencia-teruel-zaragoza\/#breadcrumblist"},"author":{"@id":"https:\/\/eldigitaldeasturias.com\/magazine365\/author\/admin\/#author"},"creator":{"@id":"https:\/\/eldigitaldeasturias.com\/magazine365\/author\/admin\/#author"},"image":{"@type":"ImageObject","url":"https:\/\/eldigitaldeasturias.com\/magazine365\/wp-content\/uploads\/2016\/06\/fotonoticia_20160601172350_800.jpg","@id":"https:\/\/eldigitaldeasturias.com\/magazine365\/la-generalitat-valenciana-reclama-la-modernizacion-de-la-linea-ferroviaria-valencia-teruel-zaragoza\/#mainImage","width":800,"height":533},"primaryImageOfPage":{"@id":"https:\/\/eldigitaldeasturias.com\/magazine365\/la-generalitat-valenciana-reclama-la-modernizacion-de-la-linea-ferroviaria-valencia-teruel-zaragoza\/#mainImage"},"datePublished":"2016-06-04T05:21:07+02:00","dateModified":"2016-06-04T05:21:07+02:00"},{"@type":"WebSite","@id":"https:\/\/eldigitaldeasturias.com\/magazine365\/#website","url":"https:\/\/eldigitaldeasturias.com\/magazine365\/","name":"El Digital de Asturias","description":"Revista de ocio, turismo y estilo de vida","inLanguage":"es-ES","publisher":{"@id":"https:\/\/eldigitaldeasturias.com\/magazine365\/#organization"}}]},"og:locale":"es_ES","og:site_name":"El Digital de Asturias \u2013 Revista de ocio, turismo y estilo de vida","og:type":"article","og:title":"La Generalitat Valenciana reclama la modernizaci\u00f3n de la l\u00ednea ferroviaria Valencia-Teruel-Zaragoza | El Digital de Asturias","og:description":"La consellera de Vivienda, Obras P\u00fablica y Vertebraci\u00f3n del Territorio, Mar\u00eda Jos\u00e9 Salvador, ha reclamado al Gobierno la modernizaci\u00f3n de la l\u00ednea ferroviaria que conecta Valencia con las localidades aragonesas de Teruel y Zaragoza y ha calificado de &quot;inaceptable&quot; la inversi\u00f3n estatal realizada hasta el momento en este tramo &quot;vital&quot; para el desarrollo de Arag\u00f3n","og:url":"https:\/\/eldigitaldeasturias.com\/magazine365\/la-generalitat-valenciana-reclama-la-modernizacion-de-la-linea-ferroviaria-valencia-teruel-zaragoza\/","og:image":"https:\/\/eldigitaldeasturias.com\/magazine365\/wp-content\/uploads\/2016\/06\/fotonoticia_20160601172350_800.jpg","og:image:secure_url":"https:\/\/eldigitaldeasturias.com\/magazine365\/wp-content\/uploads\/2016\/06\/fotonoticia_20160601172350_800.jpg","og:image:width":800,"og:image:height":533,"article:published_time":"2016-06-04T03:21:07+00:00","article:modified_time":"2016-06-04T03:21:07+00:00","twitter:card":"summary_large_image","twitter:title":"La Generalitat Valenciana reclama la modernizaci\u00f3n de la l\u00ednea ferroviaria Valencia-Teruel-Zaragoza | El Digital de Asturias","twitter:description":"La consellera de Vivienda, Obras P\u00fablica y Vertebraci\u00f3n del Territorio, Mar\u00eda Jos\u00e9 Salvador, ha reclamado al Gobierno la modernizaci\u00f3n de la l\u00ednea ferroviaria que conecta Valencia con las localidades aragonesas de Teruel y Zaragoza y ha calificado de &quot;inaceptable&quot; la inversi\u00f3n estatal realizada hasta el momento en este tramo &quot;vital&quot; para el desarrollo de Arag\u00f3n","twitter:image":"https:\/\/eldigitaldeasturias.com\/magazine365\/wp-content\/uploads\/2016\/06\/fotonoticia_20160601172350_800.jpg"},"aioseo_meta_data":{"post_id":"77543","title":null,"description":null,"keywords":null,"keyphrases":null,"primary_term":null,"canonical_url":null,"og_title":null,"og_description":null,"og_object_type":"default","og_image_type":"default","og_image_url":null,"og_image_width":null,"og_image_height":null,"og_image_custom_url":null,"og_image_custom_fields":null,"og_video":null,"og_custom_url":null,"og_article_section":null,"og_article_tags":null,"twitter_use_og":false,"twitter_card":"default","twitter_image_type":"default","twitter_image_url":null,"twitter_image_custom_url":null,"twitter_image_custom_fields":null,"twitter_title":null,"twitter_description":null,"schema":{"blockGraphs":[],"customGraphs":[],"default":{"data":{"Article":[],"Course":[],"Dataset":[],"FAQPage":[],"Movie":[],"Person":[],"Product":[],"ProductReview":[],"Car":[],"Recipe":[],"Service":[],"SoftwareApplication":[],"WebPage":[]},"graphName":"","isEnabled":true},"graphs":[],"defaultGraph":"","defaultPostTypeGraph":""},"schema_type":null,"schema_type_options":null,"pillar_content":false,"robots_default":true,"robots_noindex":false,"robots_noarchive":false,"robots_nosnippet":false,"robots_nofollow":false,"robots_noimageindex":false,"robots_noodp":false,"robots_notranslate":false,"robots_max_snippet":null,"robots_max_videopreview":null,"robots_max_imagepreview":"large","priority":null,"frequency":null,"location":null,"local_seo":null,"seo_analyzer_scan_date":"2025-09-27 15:05:25","breadcrumb_settings":null,"limit_modified_date":false,"open_ai":null,"ai":null,"created":"2021-03-08 18:11:48","updated":"2025-09-27 15:05:25"},"aioseo_breadcrumb":"<div class=\"aioseo-breadcrumbs\"><span class=\"aioseo-breadcrumb\">\n\t<a href=\"https:\/\/eldigitaldeasturias.com\/magazine365\" title=\"Home\">Home<\/a>\n<\/span><span class=\"aioseo-breadcrumb-separator\">\u2013<\/span><span class=\"aioseo-breadcrumb\">\n\t<a href=\"https:\/\/eldigitaldeasturias.com\/magazine365\/category\/noticias-actualidad\/\" title=\"Noticias y Actualidad\">Noticias y Actualidad<\/a>\n<\/span><span class=\"aioseo-breadcrumb-separator\">\u2013<\/span><span class=\"aioseo-breadcrumb\">\n\t<a href=\"https:\/\/eldigitaldeasturias.com\/magazine365\/la-generalitat-valenciana-reclama-la-modernizacion-de-la-linea-ferroviaria-valencia-teruel-zaragoza\/\" title=\"La Generalitat Valenciana reclama la modernizaci\u00f3n de la l\u00ednea ferroviaria Valencia-Teruel-Zaragoza\">La Generalitat Valenciana reclama la modernizaci\u00f3n de la l\u00ednea ferroviaria Valencia-Teruel-Zaragoza<\/a>\n<\/span><\/div>","aioseo_breadcrumb_json":[{"label":"Home","link":"https:\/\/eldigitaldeasturias.com\/magazine365"},{"label":"Noticias y Actualidad","link":"https:\/\/eldigitaldeasturias.com\/magazine365\/category\/noticias-actualidad\/"},{"label":"La Generalitat Valenciana reclama la modernizaci\u00f3n de la l\u00ednea ferroviaria Valencia-Teruel-Zaragoza","link":"https:\/\/eldigitaldeasturias.com\/magazine365\/la-generalitat-valenciana-reclama-la-modernizacion-de-la-linea-ferroviaria-valencia-teruel-zaragoza\/"}],"_links":{"self":[{"href":"https:\/\/eldigitaldeasturias.com\/magazine365\/wp-json\/wp\/v2\/posts\/77543","targetHints":{"allow":["GET"]}}],"collection":[{"href":"https:\/\/eldigitaldeasturias.com\/magazine365\/wp-json\/wp\/v2\/posts"}],"about":[{"href":"https:\/\/eldigitaldeasturias.com\/magazine365\/wp-json\/wp\/v2\/types\/post"}],"author":[{"embeddable":true,"href":"https:\/\/eldigitaldeasturias.com\/magazine365\/wp-json\/wp\/v2\/users\/1"}],"replies":[{"embeddable":true,"href":"https:\/\/eldigitaldeasturias.com\/magazine365\/wp-json\/wp\/v2\/comments?post=77543"}],"version-history":[{"count":0,"href":"https:\/\/eldigitaldeasturias.com\/magazine365\/wp-json\/wp\/v2\/posts\/77543\/revisions"}],"wp:featuredmedia":[{"embeddable":true,"href":"https:\/\/eldigitaldeasturias.com\/magazine365\/wp-json\/wp\/v2\/media\/77544"}],"wp:attachment":[{"href":"https:\/\/eldigitaldeasturias.com\/magazine365\/wp-json\/wp\/v2\/media?parent=77543"}],"wp:term":[{"taxonomy":"category","embeddable":true,"href":"https:\/\/eldigitaldeasturias.com\/magazine365\/wp-json\/wp\/v2\/categories?post=77543"},{"taxonomy":"post_tag","embeddable":true,"href":"https:\/\/eldigitaldeasturias.com\/magazine365\/wp-json\/wp\/v2\/tags?post=77543"}],"curies":[{"name":"wp","href":"https:\/\/api.w.org\/{rel}","templated":true}]}}