{"id":77537,"date":"2016-06-04T05:18:22","date_gmt":"2016-06-04T03:18:22","guid":{"rendered":"http:\/\/eldigitaldeasturias.com\/magazine365\/?p=77537"},"modified":"2016-06-04T05:18:22","modified_gmt":"2016-06-04T03:18:22","slug":"el-harmony-of-the-seas-en-vigo","status":"publish","type":"post","link":"https:\/\/eldigitaldeasturias.com\/magazine365\/el-harmony-of-the-seas-en-vigo\/","title":{"rendered":"El &#8216;Harmony of the Seas&#8217; en Vigo"},"content":{"rendered":"<p><img fetchpriority=\"high\" decoding=\"async\" class=\"alignleft size-medium wp-image-77538\" src=\"https:\/\/eldigitaldeasturias.com\/magazine365\/wp-content\/uploads\/2016\/06\/fotonoticia_20160601171856_800-360x270.jpg\" alt=\"fotonoticia_20160601171856_800\" width=\"360\" height=\"270\" srcset=\"https:\/\/eldigitaldeasturias.com\/magazine365\/wp-content\/uploads\/2016\/06\/fotonoticia_20160601171856_800-360x270.jpg 360w, https:\/\/eldigitaldeasturias.com\/magazine365\/wp-content\/uploads\/2016\/06\/fotonoticia_20160601171856_800-650x488.jpg 650w, https:\/\/eldigitaldeasturias.com\/magazine365\/wp-content\/uploads\/2016\/06\/fotonoticia_20160601171856_800-768x576.jpg 768w, https:\/\/eldigitaldeasturias.com\/magazine365\/wp-content\/uploads\/2016\/06\/fotonoticia_20160601171856_800-150x113.jpg 150w, https:\/\/eldigitaldeasturias.com\/magazine365\/wp-content\/uploads\/2016\/06\/fotonoticia_20160601171856_800-450x338.jpg 450w, https:\/\/eldigitaldeasturias.com\/magazine365\/wp-content\/uploads\/2016\/06\/fotonoticia_20160601171856_800-90x67.jpg 90w, https:\/\/eldigitaldeasturias.com\/magazine365\/wp-content\/uploads\/2016\/06\/fotonoticia_20160601171856_800-164x124.jpg 164w, https:\/\/eldigitaldeasturias.com\/magazine365\/wp-content\/uploads\/2016\/06\/fotonoticia_20160601171856_800-100x75.jpg 100w, https:\/\/eldigitaldeasturias.com\/magazine365\/wp-content\/uploads\/2016\/06\/fotonoticia_20160601171856_800.jpg 800w\" sizes=\"(max-width: 360px) 100vw, 360px\" \/>El &#8216;Harmony of the Seas&#8217; de la Royal Caribeann, el crucero m\u00e1s grande del mundo, ha hecho escala este mi\u00e9rcoles en el Puerto de Vigo. Se trata de un buque con un registro bruto de casi 227.000 toneladas, 18 cubiertas, parque acu\u00e1tico interactivo, 20 restaurantes, y m\u00faltiples atracciones, entre ellas, la presencia de camareros robot.<\/p>\n<p>Este crucero, construido durante 32 meses en el astillero STX France, tiene capacidad para 6.780 pasajeros (en m\u00e1s de 2.700 camarotes) y 2.100 tripulantes, y est\u00e1 dividido en 7 &#8216;vecindarios exclusivos&#8217;: Central Park, Boardwalk, Royal Promenade, piscinas y Sports Zone, Vitality at Sea Spa y Fitness Center, Entertainment Place y Youth Zone.<\/p>\n<p>El &#8216;Harmony of the Seas&#8217; es el primer barco que cuenta con innovaciones tecnol\u00f3gicas como el Bionic Bar, con camareros robot que preparan c\u00f3cteles, balcones virtuales en los camarotes interiores, o la conexi\u00f3n a Internet m\u00e1s r\u00e1pida de altamar.<\/p>\n<p>Entre las principales atracciones de este crucero de 18 cubiertas est\u00e1 un parque acu\u00e1tico interactivo con instalaciones para ni\u00f1os, pero tambi\u00e9n para adultos, como el tobog\u00e1n m\u00e1s alto en altamar (33 metros de ca\u00edda) o un tr\u00edo de toboganes acu\u00e1ticos.<\/p>\n<p>ESPECT\u00c1CULOS Y GASTRONOM\u00cdA<\/p>\n<p>Tambi\u00e9n ofrece a los pasajeros una amplia variedad de espect\u00e1culos (musicales, espect\u00e1culos sobre hielo o actuaciones acrob\u00e1ticas), y una actividad grupal en la que los participantes deber\u00e1n resolver un enigma. A todo esto, se suman experiencias para los m\u00e1s j\u00f3venes, como DreamWorks o Adventure Ocean.<\/p>\n<p>Por otra parte, el crucero cuenta con 20 restaurantes que ofrecen una gran variedad gastron\u00f3mica, como comida japonesa o mexicana, adem\u00e1s de la oferta creativa de Wonderland Imaginative Cuisine.<\/p>\n<p>Desde Vigo, el &#8216;Harmony of the Seas&#8217; pondr\u00e1 rumbo a M\u00e1laga, y desde all\u00ed a Barcelona, que ser\u00e1 su puerto base y donde el pr\u00f3ximo 5 de junio tendr\u00e1 lugar el acto de inauguraci\u00f3n de este coloso del mar.<\/p>\n<p>Durante esta primavera y verano, el barco ofrecer\u00e1 cruceros por el Mediterr\u00e1neo desde la ciudad condal, con escalas en Palma de Mallorca, Marsella, La Spezia, Roma y N\u00e1poles. Ya en oto\u00f1o, se establecer\u00e1 en la base de Fort Lauderdale, en Florida (EE.UU.) para hacer cruceros por el Caribe.<\/p>\n","protected":false},"excerpt":{"rendered":"<p>El &#8216;Harmony of the Seas&#8217; de la Royal Caribeann, el crucero m\u00e1s grande del mundo, ha hecho escala este mi\u00e9rcoles en el Puerto de Vigo. Se trata de un buque con un registro bruto de casi 227.000 toneladas, 18 cubiertas, parque acu\u00e1tico interactivo, 20 restaurantes, y m\u00faltiples atracciones, entre ellas, la presencia de camareros robot.<\/p>\n","protected":false},"author":1,"featured_media":77538,"comment_status":"open","ping_status":"closed","sticky":false,"template":"","format":"standard","meta":{"footnotes":""},"categories":[224],"tags":[],"class_list":{"0":"post-77537","1":"post","2":"type-post","3":"status-publish","4":"format-standard","5":"has-post-thumbnail","7":"category-noticias-actualidad"},"aioseo_notices":[],"aioseo_head":"\n\t\t<!-- All in One SEO Pro 4.9.6.1 - aioseo.com -->\n\t<meta name=\"description\" content=\"El &#039;Harmony of the Seas&#039; de la Royal Caribeann, el crucero m\u00e1s grande del mundo, ha hecho escala este mi\u00e9rcoles en el Puerto de Vigo. Se trata de un buque con un registro bruto de casi 227.000 toneladas, 18 cubiertas, parque acu\u00e1tico interactivo, 20 restaurantes, y m\u00faltiples atracciones, entre ellas, la presencia de camareros robot.\" \/>\n\t<meta name=\"robots\" content=\"max-image-preview:large\" \/>\n\t<meta name=\"author\" content=\"admin\"\/>\n\t<meta name=\"google-site-verification\" content=\"UA-38556648-1\" \/>\n\t<meta name=\"keywords\" content=\"noticias y actualidad\" \/>\n\t<link rel=\"canonical\" href=\"https:\/\/eldigitaldeasturias.com\/magazine365\/el-harmony-of-the-seas-en-vigo\/\" \/>\n\t<meta name=\"generator\" content=\"All in One SEO Pro (AIOSEO) 4.9.6.1\" \/>\n\t\t<meta property=\"og:locale\" content=\"es_ES\" \/>\n\t\t<meta property=\"og:site_name\" content=\"El Digital de Asturias \u2013 Revista de ocio, turismo y estilo de vida\" \/>\n\t\t<meta property=\"og:type\" content=\"article\" \/>\n\t\t<meta property=\"og:title\" content=\"El \u2018Harmony of the Seas\u2019 en Vigo | El Digital de Asturias\" \/>\n\t\t<meta property=\"og:description\" content=\"El &#039;Harmony of the Seas&#039; de la Royal Caribeann, el crucero m\u00e1s grande del mundo, ha hecho escala este mi\u00e9rcoles en el Puerto de Vigo. Se trata de un buque con un registro bruto de casi 227.000 toneladas, 18 cubiertas, parque acu\u00e1tico interactivo, 20 restaurantes, y m\u00faltiples atracciones, entre ellas, la presencia de camareros robot.\" \/>\n\t\t<meta property=\"og:url\" content=\"https:\/\/eldigitaldeasturias.com\/magazine365\/el-harmony-of-the-seas-en-vigo\/\" \/>\n\t\t<meta property=\"og:image\" content=\"https:\/\/eldigitaldeasturias.com\/magazine365\/wp-content\/uploads\/2016\/06\/fotonoticia_20160601171856_800.jpg\" \/>\n\t\t<meta property=\"og:image:secure_url\" content=\"https:\/\/eldigitaldeasturias.com\/magazine365\/wp-content\/uploads\/2016\/06\/fotonoticia_20160601171856_800.jpg\" \/>\n\t\t<meta property=\"og:image:width\" content=\"800\" \/>\n\t\t<meta property=\"og:image:height\" content=\"600\" \/>\n\t\t<meta property=\"article:published_time\" content=\"2016-06-04T03:18:22+00:00\" \/>\n\t\t<meta property=\"article:modified_time\" content=\"2016-06-04T03:18:22+00:00\" \/>\n\t\t<meta name=\"twitter:card\" content=\"summary_large_image\" \/>\n\t\t<meta name=\"twitter:title\" content=\"El \u2018Harmony of the Seas\u2019 en Vigo | El Digital de Asturias\" \/>\n\t\t<meta name=\"twitter:description\" content=\"El &#039;Harmony of the Seas&#039; de la Royal Caribeann, el crucero m\u00e1s grande del mundo, ha hecho escala este mi\u00e9rcoles en el Puerto de Vigo. Se trata de un buque con un registro bruto de casi 227.000 toneladas, 18 cubiertas, parque acu\u00e1tico interactivo, 20 restaurantes, y m\u00faltiples atracciones, entre ellas, la presencia de camareros robot.\" \/>\n\t\t<meta name=\"twitter:image\" content=\"https:\/\/eldigitaldeasturias.com\/magazine365\/wp-content\/uploads\/2016\/06\/fotonoticia_20160601171856_800.jpg\" \/>\n\t\t<script type=\"application\/ld+json\" class=\"aioseo-schema\">\n\t\t\t{\"@context\":\"https:\\\/\\\/schema.org\",\"@graph\":[{\"@type\":\"Article\",\"@id\":\"https:\\\/\\\/eldigitaldeasturias.com\\\/magazine365\\\/el-harmony-of-the-seas-en-vigo\\\/#article\",\"name\":\"El \\u2018Harmony of the Seas\\u2019 en Vigo | El Digital de Asturias\",\"headline\":\"El &#8216;Harmony of the Seas&#8217; en Vigo\",\"author\":{\"@id\":\"https:\\\/\\\/eldigitaldeasturias.com\\\/magazine365\\\/author\\\/admin\\\/#author\"},\"publisher\":{\"@id\":\"https:\\\/\\\/eldigitaldeasturias.com\\\/magazine365\\\/#organization\"},\"image\":{\"@type\":\"ImageObject\",\"url\":\"https:\\\/\\\/eldigitaldeasturias.com\\\/magazine365\\\/wp-content\\\/uploads\\\/2016\\\/06\\\/fotonoticia_20160601171856_800.jpg\",\"width\":800,\"height\":600},\"datePublished\":\"2016-06-04T05:18:22+02:00\",\"dateModified\":\"2016-06-04T05:18:22+02:00\",\"inLanguage\":\"es-ES\",\"mainEntityOfPage\":{\"@id\":\"https:\\\/\\\/eldigitaldeasturias.com\\\/magazine365\\\/el-harmony-of-the-seas-en-vigo\\\/#webpage\"},\"isPartOf\":{\"@id\":\"https:\\\/\\\/eldigitaldeasturias.com\\\/magazine365\\\/el-harmony-of-the-seas-en-vigo\\\/#webpage\"},\"articleSection\":\"Noticias y Actualidad\"},{\"@type\":\"BreadcrumbList\",\"@id\":\"https:\\\/\\\/eldigitaldeasturias.com\\\/magazine365\\\/el-harmony-of-the-seas-en-vigo\\\/#breadcrumblist\",\"itemListElement\":[{\"@type\":\"ListItem\",\"@id\":\"https:\\\/\\\/eldigitaldeasturias.com\\\/magazine365#listItem\",\"position\":1,\"name\":\"Home\",\"item\":\"https:\\\/\\\/eldigitaldeasturias.com\\\/magazine365\",\"nextItem\":{\"@type\":\"ListItem\",\"@id\":\"https:\\\/\\\/eldigitaldeasturias.com\\\/magazine365\\\/category\\\/noticias-actualidad\\\/#listItem\",\"name\":\"Noticias y Actualidad\"}},{\"@type\":\"ListItem\",\"@id\":\"https:\\\/\\\/eldigitaldeasturias.com\\\/magazine365\\\/category\\\/noticias-actualidad\\\/#listItem\",\"position\":2,\"name\":\"Noticias y Actualidad\",\"item\":\"https:\\\/\\\/eldigitaldeasturias.com\\\/magazine365\\\/category\\\/noticias-actualidad\\\/\",\"nextItem\":{\"@type\":\"ListItem\",\"@id\":\"https:\\\/\\\/eldigitaldeasturias.com\\\/magazine365\\\/el-harmony-of-the-seas-en-vigo\\\/#listItem\",\"name\":\"El &#8216;Harmony of the Seas&#8217; en Vigo\"},\"previousItem\":{\"@type\":\"ListItem\",\"@id\":\"https:\\\/\\\/eldigitaldeasturias.com\\\/magazine365#listItem\",\"name\":\"Home\"}},{\"@type\":\"ListItem\",\"@id\":\"https:\\\/\\\/eldigitaldeasturias.com\\\/magazine365\\\/el-harmony-of-the-seas-en-vigo\\\/#listItem\",\"position\":3,\"name\":\"El &#8216;Harmony of the Seas&#8217; en Vigo\",\"previousItem\":{\"@type\":\"ListItem\",\"@id\":\"https:\\\/\\\/eldigitaldeasturias.com\\\/magazine365\\\/category\\\/noticias-actualidad\\\/#listItem\",\"name\":\"Noticias y Actualidad\"}}]},{\"@type\":\"Organization\",\"@id\":\"https:\\\/\\\/eldigitaldeasturias.com\\\/magazine365\\\/#organization\",\"name\":\"El digital de Asturias\",\"description\":\"Revista de ocio, turismo y estilo de vida\",\"url\":\"https:\\\/\\\/eldigitaldeasturias.com\\\/magazine365\\\/\",\"logo\":{\"@type\":\"ImageObject\",\"url\":\"https:\\\/\\\/www.eldigitaldeasturias.com\\\/noticias\\\/wp-content\\\/uploads\\\/2020\\\/12\\\/EDA.jpg\",\"@id\":\"https:\\\/\\\/eldigitaldeasturias.com\\\/magazine365\\\/el-harmony-of-the-seas-en-vigo\\\/#organizationLogo\"},\"image\":{\"@id\":\"https:\\\/\\\/eldigitaldeasturias.com\\\/magazine365\\\/el-harmony-of-the-seas-en-vigo\\\/#organizationLogo\"}},{\"@type\":\"Person\",\"@id\":\"https:\\\/\\\/eldigitaldeasturias.com\\\/magazine365\\\/author\\\/admin\\\/#author\",\"url\":\"https:\\\/\\\/eldigitaldeasturias.com\\\/magazine365\\\/author\\\/admin\\\/\",\"name\":\"admin\",\"image\":{\"@type\":\"ImageObject\",\"@id\":\"https:\\\/\\\/eldigitaldeasturias.com\\\/magazine365\\\/el-harmony-of-the-seas-en-vigo\\\/#authorImage\",\"url\":\"https:\\\/\\\/eldigitaldeasturias.com\\\/magazine365\\\/wp-content\\\/litespeed\\\/avatar\\\/e571bcf59a0edd6fa6838245a470f2fe.jpg?ver=1776969259\",\"width\":96,\"height\":96,\"caption\":\"admin\"}},{\"@type\":\"WebPage\",\"@id\":\"https:\\\/\\\/eldigitaldeasturias.com\\\/magazine365\\\/el-harmony-of-the-seas-en-vigo\\\/#webpage\",\"url\":\"https:\\\/\\\/eldigitaldeasturias.com\\\/magazine365\\\/el-harmony-of-the-seas-en-vigo\\\/\",\"name\":\"El \\u2018Harmony of the Seas\\u2019 en Vigo | El Digital de Asturias\",\"description\":\"El 'Harmony of the Seas' de la Royal Caribeann, el crucero m\\u00e1s grande del mundo, ha hecho escala este mi\\u00e9rcoles en el Puerto de Vigo. Se trata de un buque con un registro bruto de casi 227.000 toneladas, 18 cubiertas, parque acu\\u00e1tico interactivo, 20 restaurantes, y m\\u00faltiples atracciones, entre ellas, la presencia de camareros robot.\",\"inLanguage\":\"es-ES\",\"isPartOf\":{\"@id\":\"https:\\\/\\\/eldigitaldeasturias.com\\\/magazine365\\\/#website\"},\"breadcrumb\":{\"@id\":\"https:\\\/\\\/eldigitaldeasturias.com\\\/magazine365\\\/el-harmony-of-the-seas-en-vigo\\\/#breadcrumblist\"},\"author\":{\"@id\":\"https:\\\/\\\/eldigitaldeasturias.com\\\/magazine365\\\/author\\\/admin\\\/#author\"},\"creator\":{\"@id\":\"https:\\\/\\\/eldigitaldeasturias.com\\\/magazine365\\\/author\\\/admin\\\/#author\"},\"image\":{\"@type\":\"ImageObject\",\"url\":\"https:\\\/\\\/eldigitaldeasturias.com\\\/magazine365\\\/wp-content\\\/uploads\\\/2016\\\/06\\\/fotonoticia_20160601171856_800.jpg\",\"@id\":\"https:\\\/\\\/eldigitaldeasturias.com\\\/magazine365\\\/el-harmony-of-the-seas-en-vigo\\\/#mainImage\",\"width\":800,\"height\":600},\"primaryImageOfPage\":{\"@id\":\"https:\\\/\\\/eldigitaldeasturias.com\\\/magazine365\\\/el-harmony-of-the-seas-en-vigo\\\/#mainImage\"},\"datePublished\":\"2016-06-04T05:18:22+02:00\",\"dateModified\":\"2016-06-04T05:18:22+02:00\"},{\"@type\":\"WebSite\",\"@id\":\"https:\\\/\\\/eldigitaldeasturias.com\\\/magazine365\\\/#website\",\"url\":\"https:\\\/\\\/eldigitaldeasturias.com\\\/magazine365\\\/\",\"name\":\"El Digital de Asturias\",\"description\":\"Revista de ocio, turismo y estilo de vida\",\"inLanguage\":\"es-ES\",\"publisher\":{\"@id\":\"https:\\\/\\\/eldigitaldeasturias.com\\\/magazine365\\\/#organization\"}}]}\n\t\t<\/script>\n\t\t<!-- All in One SEO Pro -->\r\n\t\t<title>El \u2018Harmony of the Seas\u2019 en Vigo | El Digital de Asturias<\/title>\n\n","aioseo_head_json":{"title":"El \u2018Harmony of the Seas\u2019 en Vigo | El Digital de Asturias","description":"El 'Harmony of the Seas' de la Royal Caribeann, el crucero m\u00e1s grande del mundo, ha hecho escala este mi\u00e9rcoles en el Puerto de Vigo. Se trata de un buque con un registro bruto de casi 227.000 toneladas, 18 cubiertas, parque acu\u00e1tico interactivo, 20 restaurantes, y m\u00faltiples atracciones, entre ellas, la presencia de camareros robot.","canonical_url":"https:\/\/eldigitaldeasturias.com\/magazine365\/el-harmony-of-the-seas-en-vigo\/","robots":"max-image-preview:large","keywords":"noticias y actualidad","webmasterTools":{"google-site-verification":"UA-38556648-1","miscellaneous":""},"schema":{"@context":"https:\/\/schema.org","@graph":[{"@type":"Article","@id":"https:\/\/eldigitaldeasturias.com\/magazine365\/el-harmony-of-the-seas-en-vigo\/#article","name":"El \u2018Harmony of the Seas\u2019 en Vigo | El Digital de Asturias","headline":"El &#8216;Harmony of the Seas&#8217; en Vigo","author":{"@id":"https:\/\/eldigitaldeasturias.com\/magazine365\/author\/admin\/#author"},"publisher":{"@id":"https:\/\/eldigitaldeasturias.com\/magazine365\/#organization"},"image":{"@type":"ImageObject","url":"https:\/\/eldigitaldeasturias.com\/magazine365\/wp-content\/uploads\/2016\/06\/fotonoticia_20160601171856_800.jpg","width":800,"height":600},"datePublished":"2016-06-04T05:18:22+02:00","dateModified":"2016-06-04T05:18:22+02:00","inLanguage":"es-ES","mainEntityOfPage":{"@id":"https:\/\/eldigitaldeasturias.com\/magazine365\/el-harmony-of-the-seas-en-vigo\/#webpage"},"isPartOf":{"@id":"https:\/\/eldigitaldeasturias.com\/magazine365\/el-harmony-of-the-seas-en-vigo\/#webpage"},"articleSection":"Noticias y Actualidad"},{"@type":"BreadcrumbList","@id":"https:\/\/eldigitaldeasturias.com\/magazine365\/el-harmony-of-the-seas-en-vigo\/#breadcrumblist","itemListElement":[{"@type":"ListItem","@id":"https:\/\/eldigitaldeasturias.com\/magazine365#listItem","position":1,"name":"Home","item":"https:\/\/eldigitaldeasturias.com\/magazine365","nextItem":{"@type":"ListItem","@id":"https:\/\/eldigitaldeasturias.com\/magazine365\/category\/noticias-actualidad\/#listItem","name":"Noticias y Actualidad"}},{"@type":"ListItem","@id":"https:\/\/eldigitaldeasturias.com\/magazine365\/category\/noticias-actualidad\/#listItem","position":2,"name":"Noticias y Actualidad","item":"https:\/\/eldigitaldeasturias.com\/magazine365\/category\/noticias-actualidad\/","nextItem":{"@type":"ListItem","@id":"https:\/\/eldigitaldeasturias.com\/magazine365\/el-harmony-of-the-seas-en-vigo\/#listItem","name":"El &#8216;Harmony of the Seas&#8217; en Vigo"},"previousItem":{"@type":"ListItem","@id":"https:\/\/eldigitaldeasturias.com\/magazine365#listItem","name":"Home"}},{"@type":"ListItem","@id":"https:\/\/eldigitaldeasturias.com\/magazine365\/el-harmony-of-the-seas-en-vigo\/#listItem","position":3,"name":"El &#8216;Harmony of the Seas&#8217; en Vigo","previousItem":{"@type":"ListItem","@id":"https:\/\/eldigitaldeasturias.com\/magazine365\/category\/noticias-actualidad\/#listItem","name":"Noticias y Actualidad"}}]},{"@type":"Organization","@id":"https:\/\/eldigitaldeasturias.com\/magazine365\/#organization","name":"El digital de Asturias","description":"Revista de ocio, turismo y estilo de vida","url":"https:\/\/eldigitaldeasturias.com\/magazine365\/","logo":{"@type":"ImageObject","url":"https:\/\/www.eldigitaldeasturias.com\/noticias\/wp-content\/uploads\/2020\/12\/EDA.jpg","@id":"https:\/\/eldigitaldeasturias.com\/magazine365\/el-harmony-of-the-seas-en-vigo\/#organizationLogo"},"image":{"@id":"https:\/\/eldigitaldeasturias.com\/magazine365\/el-harmony-of-the-seas-en-vigo\/#organizationLogo"}},{"@type":"Person","@id":"https:\/\/eldigitaldeasturias.com\/magazine365\/author\/admin\/#author","url":"https:\/\/eldigitaldeasturias.com\/magazine365\/author\/admin\/","name":"admin","image":{"@type":"ImageObject","@id":"https:\/\/eldigitaldeasturias.com\/magazine365\/el-harmony-of-the-seas-en-vigo\/#authorImage","url":"https:\/\/eldigitaldeasturias.com\/magazine365\/wp-content\/litespeed\/avatar\/e571bcf59a0edd6fa6838245a470f2fe.jpg?ver=1776969259","width":96,"height":96,"caption":"admin"}},{"@type":"WebPage","@id":"https:\/\/eldigitaldeasturias.com\/magazine365\/el-harmony-of-the-seas-en-vigo\/#webpage","url":"https:\/\/eldigitaldeasturias.com\/magazine365\/el-harmony-of-the-seas-en-vigo\/","name":"El \u2018Harmony of the Seas\u2019 en Vigo | El Digital de Asturias","description":"El 'Harmony of the Seas' de la Royal Caribeann, el crucero m\u00e1s grande del mundo, ha hecho escala este mi\u00e9rcoles en el Puerto de Vigo. Se trata de un buque con un registro bruto de casi 227.000 toneladas, 18 cubiertas, parque acu\u00e1tico interactivo, 20 restaurantes, y m\u00faltiples atracciones, entre ellas, la presencia de camareros robot.","inLanguage":"es-ES","isPartOf":{"@id":"https:\/\/eldigitaldeasturias.com\/magazine365\/#website"},"breadcrumb":{"@id":"https:\/\/eldigitaldeasturias.com\/magazine365\/el-harmony-of-the-seas-en-vigo\/#breadcrumblist"},"author":{"@id":"https:\/\/eldigitaldeasturias.com\/magazine365\/author\/admin\/#author"},"creator":{"@id":"https:\/\/eldigitaldeasturias.com\/magazine365\/author\/admin\/#author"},"image":{"@type":"ImageObject","url":"https:\/\/eldigitaldeasturias.com\/magazine365\/wp-content\/uploads\/2016\/06\/fotonoticia_20160601171856_800.jpg","@id":"https:\/\/eldigitaldeasturias.com\/magazine365\/el-harmony-of-the-seas-en-vigo\/#mainImage","width":800,"height":600},"primaryImageOfPage":{"@id":"https:\/\/eldigitaldeasturias.com\/magazine365\/el-harmony-of-the-seas-en-vigo\/#mainImage"},"datePublished":"2016-06-04T05:18:22+02:00","dateModified":"2016-06-04T05:18:22+02:00"},{"@type":"WebSite","@id":"https:\/\/eldigitaldeasturias.com\/magazine365\/#website","url":"https:\/\/eldigitaldeasturias.com\/magazine365\/","name":"El Digital de Asturias","description":"Revista de ocio, turismo y estilo de vida","inLanguage":"es-ES","publisher":{"@id":"https:\/\/eldigitaldeasturias.com\/magazine365\/#organization"}}]},"og:locale":"es_ES","og:site_name":"El Digital de Asturias \u2013 Revista de ocio, turismo y estilo de vida","og:type":"article","og:title":"El \u2018Harmony of the Seas\u2019 en Vigo | El Digital de Asturias","og:description":"El 'Harmony of the Seas' de la Royal Caribeann, el crucero m\u00e1s grande del mundo, ha hecho escala este mi\u00e9rcoles en el Puerto de Vigo. Se trata de un buque con un registro bruto de casi 227.000 toneladas, 18 cubiertas, parque acu\u00e1tico interactivo, 20 restaurantes, y m\u00faltiples atracciones, entre ellas, la presencia de camareros robot.","og:url":"https:\/\/eldigitaldeasturias.com\/magazine365\/el-harmony-of-the-seas-en-vigo\/","og:image":"https:\/\/eldigitaldeasturias.com\/magazine365\/wp-content\/uploads\/2016\/06\/fotonoticia_20160601171856_800.jpg","og:image:secure_url":"https:\/\/eldigitaldeasturias.com\/magazine365\/wp-content\/uploads\/2016\/06\/fotonoticia_20160601171856_800.jpg","og:image:width":800,"og:image:height":600,"article:published_time":"2016-06-04T03:18:22+00:00","article:modified_time":"2016-06-04T03:18:22+00:00","twitter:card":"summary_large_image","twitter:title":"El \u2018Harmony of the Seas\u2019 en Vigo | El Digital de Asturias","twitter:description":"El 'Harmony of the Seas' de la Royal Caribeann, el crucero m\u00e1s grande del mundo, ha hecho escala este mi\u00e9rcoles en el Puerto de Vigo. Se trata de un buque con un registro bruto de casi 227.000 toneladas, 18 cubiertas, parque acu\u00e1tico interactivo, 20 restaurantes, y m\u00faltiples atracciones, entre ellas, la presencia de camareros robot.","twitter:image":"https:\/\/eldigitaldeasturias.com\/magazine365\/wp-content\/uploads\/2016\/06\/fotonoticia_20160601171856_800.jpg"},"aioseo_meta_data":{"post_id":"77537","title":null,"description":null,"keywords":null,"keyphrases":null,"primary_term":null,"canonical_url":null,"og_title":null,"og_description":null,"og_object_type":"default","og_image_type":"default","og_image_url":null,"og_image_width":null,"og_image_height":null,"og_image_custom_url":null,"og_image_custom_fields":null,"og_video":null,"og_custom_url":null,"og_article_section":null,"og_article_tags":null,"twitter_use_og":false,"twitter_card":"default","twitter_image_type":"default","twitter_image_url":null,"twitter_image_custom_url":null,"twitter_image_custom_fields":null,"twitter_title":null,"twitter_description":null,"schema":{"blockGraphs":[],"customGraphs":[],"default":{"data":{"Article":[],"Course":[],"Dataset":[],"FAQPage":[],"Movie":[],"Person":[],"Product":[],"ProductReview":[],"Car":[],"Recipe":[],"Service":[],"SoftwareApplication":[],"WebPage":[]},"graphName":"","isEnabled":true},"graphs":[],"defaultGraph":"","defaultPostTypeGraph":""},"schema_type":null,"schema_type_options":null,"pillar_content":false,"robots_default":true,"robots_noindex":false,"robots_noarchive":false,"robots_nosnippet":false,"robots_nofollow":false,"robots_noimageindex":false,"robots_noodp":false,"robots_notranslate":false,"robots_max_snippet":null,"robots_max_videopreview":null,"robots_max_imagepreview":"large","priority":null,"frequency":null,"location":null,"local_seo":null,"seo_analyzer_scan_date":"2025-09-27 15:05:22","breadcrumb_settings":null,"limit_modified_date":false,"open_ai":null,"ai":null,"created":"2021-03-08 18:11:48","updated":"2025-09-27 15:05:22"},"aioseo_breadcrumb":"<div class=\"aioseo-breadcrumbs\"><span class=\"aioseo-breadcrumb\">\n\t<a href=\"https:\/\/eldigitaldeasturias.com\/magazine365\" title=\"Home\">Home<\/a>\n<\/span><span class=\"aioseo-breadcrumb-separator\">\u2013<\/span><span class=\"aioseo-breadcrumb\">\n\t<a href=\"https:\/\/eldigitaldeasturias.com\/magazine365\/category\/noticias-actualidad\/\" title=\"Noticias y Actualidad\">Noticias y Actualidad<\/a>\n<\/span><span class=\"aioseo-breadcrumb-separator\">\u2013<\/span><span class=\"aioseo-breadcrumb\">\n\t<a href=\"https:\/\/eldigitaldeasturias.com\/magazine365\/el-harmony-of-the-seas-en-vigo\/\" title=\"El \u2018Harmony of the Seas\u2019 en Vigo\">El \u2018Harmony of the Seas\u2019 en Vigo<\/a>\n<\/span><\/div>","aioseo_breadcrumb_json":[{"label":"Home","link":"https:\/\/eldigitaldeasturias.com\/magazine365"},{"label":"Noticias y Actualidad","link":"https:\/\/eldigitaldeasturias.com\/magazine365\/category\/noticias-actualidad\/"},{"label":"El &#8216;Harmony of the Seas&#8217; en Vigo","link":"https:\/\/eldigitaldeasturias.com\/magazine365\/el-harmony-of-the-seas-en-vigo\/"}],"_links":{"self":[{"href":"https:\/\/eldigitaldeasturias.com\/magazine365\/wp-json\/wp\/v2\/posts\/77537","targetHints":{"allow":["GET"]}}],"collection":[{"href":"https:\/\/eldigitaldeasturias.com\/magazine365\/wp-json\/wp\/v2\/posts"}],"about":[{"href":"https:\/\/eldigitaldeasturias.com\/magazine365\/wp-json\/wp\/v2\/types\/post"}],"author":[{"embeddable":true,"href":"https:\/\/eldigitaldeasturias.com\/magazine365\/wp-json\/wp\/v2\/users\/1"}],"replies":[{"embeddable":true,"href":"https:\/\/eldigitaldeasturias.com\/magazine365\/wp-json\/wp\/v2\/comments?post=77537"}],"version-history":[{"count":0,"href":"https:\/\/eldigitaldeasturias.com\/magazine365\/wp-json\/wp\/v2\/posts\/77537\/revisions"}],"wp:featuredmedia":[{"embeddable":true,"href":"https:\/\/eldigitaldeasturias.com\/magazine365\/wp-json\/wp\/v2\/media\/77538"}],"wp:attachment":[{"href":"https:\/\/eldigitaldeasturias.com\/magazine365\/wp-json\/wp\/v2\/media?parent=77537"}],"wp:term":[{"taxonomy":"category","embeddable":true,"href":"https:\/\/eldigitaldeasturias.com\/magazine365\/wp-json\/wp\/v2\/categories?post=77537"},{"taxonomy":"post_tag","embeddable":true,"href":"https:\/\/eldigitaldeasturias.com\/magazine365\/wp-json\/wp\/v2\/tags?post=77537"}],"curies":[{"name":"wp","href":"https:\/\/api.w.org\/{rel}","templated":true}]}}