{"id":77518,"date":"2016-06-04T05:05:42","date_gmt":"2016-06-04T03:05:42","guid":{"rendered":"http:\/\/eldigitaldeasturias.com\/magazine365\/?p=77518"},"modified":"2016-06-04T05:05:42","modified_gmt":"2016-06-04T03:05:42","slug":"nuevo-servicio-de-autobus-entre-granada-y-el-aeropuerto","status":"publish","type":"post","link":"https:\/\/eldigitaldeasturias.com\/magazine365\/nuevo-servicio-de-autobus-entre-granada-y-el-aeropuerto\/","title":{"rendered":"Nuevo servicio de autob\u00fas entre Granada y el aeropuerto"},"content":{"rendered":"<p><img fetchpriority=\"high\" decoding=\"async\" class=\"alignleft size-medium wp-image-77519\" src=\"https:\/\/eldigitaldeasturias.com\/magazine365\/wp-content\/uploads\/2016\/06\/fotonoticia_20160601154031_800-360x270.jpg\" alt=\"fotonoticia_20160601154031_800\" width=\"360\" height=\"270\" srcset=\"https:\/\/eldigitaldeasturias.com\/magazine365\/wp-content\/uploads\/2016\/06\/fotonoticia_20160601154031_800-360x270.jpg 360w, https:\/\/eldigitaldeasturias.com\/magazine365\/wp-content\/uploads\/2016\/06\/fotonoticia_20160601154031_800-650x488.jpg 650w, https:\/\/eldigitaldeasturias.com\/magazine365\/wp-content\/uploads\/2016\/06\/fotonoticia_20160601154031_800-768x576.jpg 768w, https:\/\/eldigitaldeasturias.com\/magazine365\/wp-content\/uploads\/2016\/06\/fotonoticia_20160601154031_800-150x113.jpg 150w, https:\/\/eldigitaldeasturias.com\/magazine365\/wp-content\/uploads\/2016\/06\/fotonoticia_20160601154031_800-450x338.jpg 450w, https:\/\/eldigitaldeasturias.com\/magazine365\/wp-content\/uploads\/2016\/06\/fotonoticia_20160601154031_800-90x67.jpg 90w, https:\/\/eldigitaldeasturias.com\/magazine365\/wp-content\/uploads\/2016\/06\/fotonoticia_20160601154031_800-164x124.jpg 164w, https:\/\/eldigitaldeasturias.com\/magazine365\/wp-content\/uploads\/2016\/06\/fotonoticia_20160601154031_800-100x75.jpg 100w, https:\/\/eldigitaldeasturias.com\/magazine365\/wp-content\/uploads\/2016\/06\/fotonoticia_20160601154031_800.jpg 800w\" sizes=\"(max-width: 360px) 100vw, 360px\" \/>El nuevo servicio de autob\u00fas que conecta la ciudad de Granada con el aeropuerto Federico Garc\u00eda Lorca Granada-Ja\u00e9n comienza este mi\u00e9rcoles su actividad operado por la empresa de transportes de viajeros por carretera Alsa, tras el concurso p\u00fablico convocado por la Consejer\u00eda de Fomento y Vivienda para la renovaci\u00f3n de las concesiones auton\u00f3micas, en este caso la VJA-400 Granada-Aeropuerto-Cac\u00edn, parcialmente integrada en el Consorcio de Transporte Metropolitano.<\/p>\n<p>Durante la presentaci\u00f3n del nuevo servicio, el director general de Movilidad de la Junta, Rafael Chac\u00f3n, acompa\u00f1ado del alcalde de Granada, Francisco Cuenca, ha subrayado que \u00abel objetivo es mejorar el servicio que se presta a los ciudadanos, al tiempo que cumplimos los principios de la movilidad sostenible, pues la adaptaci\u00f3n de los autobuses al programa de vuelos y el incremento del horario posibilita a los viajeros utilizar el transporte p\u00fablico para desplazarse al aeropuerto o a la ciudad\u00bb.<\/p>\n<p>El nuevo servicio realizar\u00e1 92 expediciones semanales, frente a las 70 que realizaba el operador anterior, lo que supone un incremento del 30 por ciento. Operar\u00e1 entre 10 y 14 expediciones diarias en funci\u00f3n del d\u00eda de la semana, entre las 5.15 y las 21.45 horas.<\/p>\n<p>El billete tiene un precio de 2,70 euros el trayecto, un 10 por ciento menos sobre la tarifa m\u00e1xima establecida para el trayecto Granada-Aeropuerto.<\/p>\n<p>Las salidas se realizar\u00e1n desde el Palacio de Congresos de Granada y efectuar\u00e1 varias paradas en distintos puntos de la ciudad para facilitar la recogida de viajeros.<\/p>\n<p>Estas se han establecido en Centro (Puerta Real), Catedral, Triunfo y la Estaci\u00f3n de Autobuses, antes de dirigirse al aeropuerto.<\/p>\n<p>En sentido inverso, desde el aeropuerto de Granada, efectuar\u00e1 su salida 20 minutos despu\u00e9s de la llegada de cada vuelo, aunque estos horarios se adaptar\u00e1n en funci\u00f3n de la estacionalidad de los vuelos programados.<\/p>\n<p>Sobre las caracter\u00edsticas de los autobuses, el director de Alsa en Granada, Valeriano D\u00edaz, ha explicado que se le ofrecer\u00e1 a los viajeros un servicio a bordo que incluye recepci\u00f3n, etiquetado y entrega individualizada de equipajes, WiFi gratuito durante el trayecto y tomas de corriente y conexiones USB para la carga de tel\u00e9fonos y dispositivos m\u00f3viles.<\/p>\n<p>El servicio se operar\u00e1 con veh\u00edculos de \u00faltima generaci\u00f3n, que ir\u00e1n serigrafiados espec\u00edficamente para este trayecto.<\/p>\n<p>Incorporan adem\u00e1s importantes mejoras, entre las que desataca plazas adaptadas para Personas con Movilidad Reducida (PMR) y c\u00e1maras laterales para el control de los equipajes.<\/p>\n<p>Adem\u00e1s de los sistemas de seguridad activa y pasiva m\u00e1s innovadores del mercado, los veh\u00edculos est\u00e1n equipados con desfibrilador semiautom\u00e1tico (DESA) a bordo y sistema de control etilom\u00e9trico (&#8216;Alcolock&#8217;).<\/p>\n<p>En el \u00e1mbito de la eficiencia energ\u00e9tica y el medio ambiente, el operador implantar\u00e1 la Norma UNE-EN ISO 14064 de Inventario de Gases de Efecto Invernadero, introducir\u00e1 medidas para reducir el consumo y programas de formaci\u00f3n en conducci\u00f3n ecoeficiente.<\/p>\n","protected":false},"excerpt":{"rendered":"<p>El nuevo servicio de autob\u00fas que conecta la ciudad de Granada con el aeropuerto Federico Garc\u00eda Lorca Granada-Ja\u00e9n comienza este mi\u00e9rcoles su actividad operado por la empresa de transportes de viajeros por carretera Alsa, tras el concurso p\u00fablico convocado por la Consejer\u00eda de Fomento y Vivienda para la renovaci\u00f3n de las concesiones auton\u00f3micas, en este<\/p>\n","protected":false},"author":1,"featured_media":77519,"comment_status":"open","ping_status":"closed","sticky":false,"template":"","format":"standard","meta":{"footnotes":""},"categories":[224],"tags":[],"class_list":{"0":"post-77518","1":"post","2":"type-post","3":"status-publish","4":"format-standard","5":"has-post-thumbnail","7":"category-noticias-actualidad"},"aioseo_notices":[],"aioseo_head":"\n\t\t<!-- All in One SEO Pro 4.9.6.1 - aioseo.com -->\n\t<meta name=\"description\" content=\"El nuevo servicio de autob\u00fas que conecta la ciudad de Granada con el aeropuerto Federico Garc\u00eda Lorca Granada-Ja\u00e9n comienza este mi\u00e9rcoles su actividad operado por la empresa de transportes de viajeros por carretera Alsa, tras el concurso p\u00fablico convocado por la Consejer\u00eda de Fomento y Vivienda para la renovaci\u00f3n de las concesiones auton\u00f3micas, en este\" \/>\n\t<meta name=\"robots\" content=\"max-image-preview:large\" \/>\n\t<meta name=\"author\" content=\"admin\"\/>\n\t<meta name=\"google-site-verification\" content=\"UA-38556648-1\" \/>\n\t<meta name=\"keywords\" content=\"noticias y actualidad\" \/>\n\t<link rel=\"canonical\" href=\"https:\/\/eldigitaldeasturias.com\/magazine365\/nuevo-servicio-de-autobus-entre-granada-y-el-aeropuerto\/\" \/>\n\t<meta name=\"generator\" content=\"All in One SEO Pro (AIOSEO) 4.9.6.1\" \/>\n\t\t<meta property=\"og:locale\" content=\"es_ES\" \/>\n\t\t<meta property=\"og:site_name\" content=\"El Digital de Asturias \u2013 Revista de ocio, turismo y estilo de vida\" \/>\n\t\t<meta property=\"og:type\" content=\"article\" \/>\n\t\t<meta property=\"og:title\" content=\"Nuevo servicio de autob\u00fas entre Granada y el aeropuerto | El Digital de Asturias\" \/>\n\t\t<meta property=\"og:description\" content=\"El nuevo servicio de autob\u00fas que conecta la ciudad de Granada con el aeropuerto Federico Garc\u00eda Lorca Granada-Ja\u00e9n comienza este mi\u00e9rcoles su actividad operado por la empresa de transportes de viajeros por carretera Alsa, tras el concurso p\u00fablico convocado por la Consejer\u00eda de Fomento y Vivienda para la renovaci\u00f3n de las concesiones auton\u00f3micas, en este\" \/>\n\t\t<meta property=\"og:url\" content=\"https:\/\/eldigitaldeasturias.com\/magazine365\/nuevo-servicio-de-autobus-entre-granada-y-el-aeropuerto\/\" \/>\n\t\t<meta property=\"og:image\" content=\"https:\/\/eldigitaldeasturias.com\/magazine365\/wp-content\/uploads\/2016\/06\/fotonoticia_20160601154031_800.jpg\" \/>\n\t\t<meta property=\"og:image:secure_url\" content=\"https:\/\/eldigitaldeasturias.com\/magazine365\/wp-content\/uploads\/2016\/06\/fotonoticia_20160601154031_800.jpg\" \/>\n\t\t<meta property=\"og:image:width\" content=\"800\" \/>\n\t\t<meta property=\"og:image:height\" content=\"600\" \/>\n\t\t<meta property=\"article:published_time\" content=\"2016-06-04T03:05:42+00:00\" \/>\n\t\t<meta property=\"article:modified_time\" content=\"2016-06-04T03:05:42+00:00\" \/>\n\t\t<meta name=\"twitter:card\" content=\"summary_large_image\" \/>\n\t\t<meta name=\"twitter:title\" content=\"Nuevo servicio de autob\u00fas entre Granada y el aeropuerto | El Digital de Asturias\" \/>\n\t\t<meta name=\"twitter:description\" content=\"El nuevo servicio de autob\u00fas que conecta la ciudad de Granada con el aeropuerto Federico Garc\u00eda Lorca Granada-Ja\u00e9n comienza este mi\u00e9rcoles su actividad operado por la empresa de transportes de viajeros por carretera Alsa, tras el concurso p\u00fablico convocado por la Consejer\u00eda de Fomento y Vivienda para la renovaci\u00f3n de las concesiones auton\u00f3micas, en este\" \/>\n\t\t<meta name=\"twitter:image\" content=\"https:\/\/eldigitaldeasturias.com\/magazine365\/wp-content\/uploads\/2016\/06\/fotonoticia_20160601154031_800.jpg\" \/>\n\t\t<script type=\"application\/ld+json\" class=\"aioseo-schema\">\n\t\t\t{\"@context\":\"https:\\\/\\\/schema.org\",\"@graph\":[{\"@type\":\"Article\",\"@id\":\"https:\\\/\\\/eldigitaldeasturias.com\\\/magazine365\\\/nuevo-servicio-de-autobus-entre-granada-y-el-aeropuerto\\\/#article\",\"name\":\"Nuevo servicio de autob\\u00fas entre Granada y el aeropuerto | El Digital de Asturias\",\"headline\":\"Nuevo servicio de autob\\u00fas entre Granada y el aeropuerto\",\"author\":{\"@id\":\"https:\\\/\\\/eldigitaldeasturias.com\\\/magazine365\\\/author\\\/admin\\\/#author\"},\"publisher\":{\"@id\":\"https:\\\/\\\/eldigitaldeasturias.com\\\/magazine365\\\/#organization\"},\"image\":{\"@type\":\"ImageObject\",\"url\":\"https:\\\/\\\/eldigitaldeasturias.com\\\/magazine365\\\/wp-content\\\/uploads\\\/2016\\\/06\\\/fotonoticia_20160601154031_800.jpg\",\"width\":800,\"height\":600},\"datePublished\":\"2016-06-04T05:05:42+02:00\",\"dateModified\":\"2016-06-04T05:05:42+02:00\",\"inLanguage\":\"es-ES\",\"mainEntityOfPage\":{\"@id\":\"https:\\\/\\\/eldigitaldeasturias.com\\\/magazine365\\\/nuevo-servicio-de-autobus-entre-granada-y-el-aeropuerto\\\/#webpage\"},\"isPartOf\":{\"@id\":\"https:\\\/\\\/eldigitaldeasturias.com\\\/magazine365\\\/nuevo-servicio-de-autobus-entre-granada-y-el-aeropuerto\\\/#webpage\"},\"articleSection\":\"Noticias y Actualidad\"},{\"@type\":\"BreadcrumbList\",\"@id\":\"https:\\\/\\\/eldigitaldeasturias.com\\\/magazine365\\\/nuevo-servicio-de-autobus-entre-granada-y-el-aeropuerto\\\/#breadcrumblist\",\"itemListElement\":[{\"@type\":\"ListItem\",\"@id\":\"https:\\\/\\\/eldigitaldeasturias.com\\\/magazine365#listItem\",\"position\":1,\"name\":\"Home\",\"item\":\"https:\\\/\\\/eldigitaldeasturias.com\\\/magazine365\",\"nextItem\":{\"@type\":\"ListItem\",\"@id\":\"https:\\\/\\\/eldigitaldeasturias.com\\\/magazine365\\\/category\\\/noticias-actualidad\\\/#listItem\",\"name\":\"Noticias y Actualidad\"}},{\"@type\":\"ListItem\",\"@id\":\"https:\\\/\\\/eldigitaldeasturias.com\\\/magazine365\\\/category\\\/noticias-actualidad\\\/#listItem\",\"position\":2,\"name\":\"Noticias y Actualidad\",\"item\":\"https:\\\/\\\/eldigitaldeasturias.com\\\/magazine365\\\/category\\\/noticias-actualidad\\\/\",\"nextItem\":{\"@type\":\"ListItem\",\"@id\":\"https:\\\/\\\/eldigitaldeasturias.com\\\/magazine365\\\/nuevo-servicio-de-autobus-entre-granada-y-el-aeropuerto\\\/#listItem\",\"name\":\"Nuevo servicio de autob\\u00fas entre Granada y el aeropuerto\"},\"previousItem\":{\"@type\":\"ListItem\",\"@id\":\"https:\\\/\\\/eldigitaldeasturias.com\\\/magazine365#listItem\",\"name\":\"Home\"}},{\"@type\":\"ListItem\",\"@id\":\"https:\\\/\\\/eldigitaldeasturias.com\\\/magazine365\\\/nuevo-servicio-de-autobus-entre-granada-y-el-aeropuerto\\\/#listItem\",\"position\":3,\"name\":\"Nuevo servicio de autob\\u00fas entre Granada y el aeropuerto\",\"previousItem\":{\"@type\":\"ListItem\",\"@id\":\"https:\\\/\\\/eldigitaldeasturias.com\\\/magazine365\\\/category\\\/noticias-actualidad\\\/#listItem\",\"name\":\"Noticias y Actualidad\"}}]},{\"@type\":\"Organization\",\"@id\":\"https:\\\/\\\/eldigitaldeasturias.com\\\/magazine365\\\/#organization\",\"name\":\"El digital de Asturias\",\"description\":\"Revista de ocio, turismo y estilo de vida\",\"url\":\"https:\\\/\\\/eldigitaldeasturias.com\\\/magazine365\\\/\",\"logo\":{\"@type\":\"ImageObject\",\"url\":\"https:\\\/\\\/www.eldigitaldeasturias.com\\\/noticias\\\/wp-content\\\/uploads\\\/2020\\\/12\\\/EDA.jpg\",\"@id\":\"https:\\\/\\\/eldigitaldeasturias.com\\\/magazine365\\\/nuevo-servicio-de-autobus-entre-granada-y-el-aeropuerto\\\/#organizationLogo\"},\"image\":{\"@id\":\"https:\\\/\\\/eldigitaldeasturias.com\\\/magazine365\\\/nuevo-servicio-de-autobus-entre-granada-y-el-aeropuerto\\\/#organizationLogo\"}},{\"@type\":\"Person\",\"@id\":\"https:\\\/\\\/eldigitaldeasturias.com\\\/magazine365\\\/author\\\/admin\\\/#author\",\"url\":\"https:\\\/\\\/eldigitaldeasturias.com\\\/magazine365\\\/author\\\/admin\\\/\",\"name\":\"admin\",\"image\":{\"@type\":\"ImageObject\",\"@id\":\"https:\\\/\\\/eldigitaldeasturias.com\\\/magazine365\\\/nuevo-servicio-de-autobus-entre-granada-y-el-aeropuerto\\\/#authorImage\",\"url\":\"https:\\\/\\\/eldigitaldeasturias.com\\\/magazine365\\\/wp-content\\\/litespeed\\\/avatar\\\/e571bcf59a0edd6fa6838245a470f2fe.jpg?ver=1776969259\",\"width\":96,\"height\":96,\"caption\":\"admin\"}},{\"@type\":\"WebPage\",\"@id\":\"https:\\\/\\\/eldigitaldeasturias.com\\\/magazine365\\\/nuevo-servicio-de-autobus-entre-granada-y-el-aeropuerto\\\/#webpage\",\"url\":\"https:\\\/\\\/eldigitaldeasturias.com\\\/magazine365\\\/nuevo-servicio-de-autobus-entre-granada-y-el-aeropuerto\\\/\",\"name\":\"Nuevo servicio de autob\\u00fas entre Granada y el aeropuerto | El Digital de Asturias\",\"description\":\"El nuevo servicio de autob\\u00fas que conecta la ciudad de Granada con el aeropuerto Federico Garc\\u00eda Lorca Granada-Ja\\u00e9n comienza este mi\\u00e9rcoles su actividad operado por la empresa de transportes de viajeros por carretera Alsa, tras el concurso p\\u00fablico convocado por la Consejer\\u00eda de Fomento y Vivienda para la renovaci\\u00f3n de las concesiones auton\\u00f3micas, en este\",\"inLanguage\":\"es-ES\",\"isPartOf\":{\"@id\":\"https:\\\/\\\/eldigitaldeasturias.com\\\/magazine365\\\/#website\"},\"breadcrumb\":{\"@id\":\"https:\\\/\\\/eldigitaldeasturias.com\\\/magazine365\\\/nuevo-servicio-de-autobus-entre-granada-y-el-aeropuerto\\\/#breadcrumblist\"},\"author\":{\"@id\":\"https:\\\/\\\/eldigitaldeasturias.com\\\/magazine365\\\/author\\\/admin\\\/#author\"},\"creator\":{\"@id\":\"https:\\\/\\\/eldigitaldeasturias.com\\\/magazine365\\\/author\\\/admin\\\/#author\"},\"image\":{\"@type\":\"ImageObject\",\"url\":\"https:\\\/\\\/eldigitaldeasturias.com\\\/magazine365\\\/wp-content\\\/uploads\\\/2016\\\/06\\\/fotonoticia_20160601154031_800.jpg\",\"@id\":\"https:\\\/\\\/eldigitaldeasturias.com\\\/magazine365\\\/nuevo-servicio-de-autobus-entre-granada-y-el-aeropuerto\\\/#mainImage\",\"width\":800,\"height\":600},\"primaryImageOfPage\":{\"@id\":\"https:\\\/\\\/eldigitaldeasturias.com\\\/magazine365\\\/nuevo-servicio-de-autobus-entre-granada-y-el-aeropuerto\\\/#mainImage\"},\"datePublished\":\"2016-06-04T05:05:42+02:00\",\"dateModified\":\"2016-06-04T05:05:42+02:00\"},{\"@type\":\"WebSite\",\"@id\":\"https:\\\/\\\/eldigitaldeasturias.com\\\/magazine365\\\/#website\",\"url\":\"https:\\\/\\\/eldigitaldeasturias.com\\\/magazine365\\\/\",\"name\":\"El Digital de Asturias\",\"description\":\"Revista de ocio, turismo y estilo de vida\",\"inLanguage\":\"es-ES\",\"publisher\":{\"@id\":\"https:\\\/\\\/eldigitaldeasturias.com\\\/magazine365\\\/#organization\"}}]}\n\t\t<\/script>\n\t\t<!-- All in One SEO Pro -->\r\n\t\t<title>Nuevo servicio de autob\u00fas entre Granada y el aeropuerto | El Digital de Asturias<\/title>\n\n","aioseo_head_json":{"title":"Nuevo servicio de autob\u00fas entre Granada y el aeropuerto | El Digital de Asturias","description":"El nuevo servicio de autob\u00fas que conecta la ciudad de Granada con el aeropuerto Federico Garc\u00eda Lorca Granada-Ja\u00e9n comienza este mi\u00e9rcoles su actividad operado por la empresa de transportes de viajeros por carretera Alsa, tras el concurso p\u00fablico convocado por la Consejer\u00eda de Fomento y Vivienda para la renovaci\u00f3n de las concesiones auton\u00f3micas, en este","canonical_url":"https:\/\/eldigitaldeasturias.com\/magazine365\/nuevo-servicio-de-autobus-entre-granada-y-el-aeropuerto\/","robots":"max-image-preview:large","keywords":"noticias y actualidad","webmasterTools":{"google-site-verification":"UA-38556648-1","miscellaneous":""},"schema":{"@context":"https:\/\/schema.org","@graph":[{"@type":"Article","@id":"https:\/\/eldigitaldeasturias.com\/magazine365\/nuevo-servicio-de-autobus-entre-granada-y-el-aeropuerto\/#article","name":"Nuevo servicio de autob\u00fas entre Granada y el aeropuerto | El Digital de Asturias","headline":"Nuevo servicio de autob\u00fas entre Granada y el aeropuerto","author":{"@id":"https:\/\/eldigitaldeasturias.com\/magazine365\/author\/admin\/#author"},"publisher":{"@id":"https:\/\/eldigitaldeasturias.com\/magazine365\/#organization"},"image":{"@type":"ImageObject","url":"https:\/\/eldigitaldeasturias.com\/magazine365\/wp-content\/uploads\/2016\/06\/fotonoticia_20160601154031_800.jpg","width":800,"height":600},"datePublished":"2016-06-04T05:05:42+02:00","dateModified":"2016-06-04T05:05:42+02:00","inLanguage":"es-ES","mainEntityOfPage":{"@id":"https:\/\/eldigitaldeasturias.com\/magazine365\/nuevo-servicio-de-autobus-entre-granada-y-el-aeropuerto\/#webpage"},"isPartOf":{"@id":"https:\/\/eldigitaldeasturias.com\/magazine365\/nuevo-servicio-de-autobus-entre-granada-y-el-aeropuerto\/#webpage"},"articleSection":"Noticias y Actualidad"},{"@type":"BreadcrumbList","@id":"https:\/\/eldigitaldeasturias.com\/magazine365\/nuevo-servicio-de-autobus-entre-granada-y-el-aeropuerto\/#breadcrumblist","itemListElement":[{"@type":"ListItem","@id":"https:\/\/eldigitaldeasturias.com\/magazine365#listItem","position":1,"name":"Home","item":"https:\/\/eldigitaldeasturias.com\/magazine365","nextItem":{"@type":"ListItem","@id":"https:\/\/eldigitaldeasturias.com\/magazine365\/category\/noticias-actualidad\/#listItem","name":"Noticias y Actualidad"}},{"@type":"ListItem","@id":"https:\/\/eldigitaldeasturias.com\/magazine365\/category\/noticias-actualidad\/#listItem","position":2,"name":"Noticias y Actualidad","item":"https:\/\/eldigitaldeasturias.com\/magazine365\/category\/noticias-actualidad\/","nextItem":{"@type":"ListItem","@id":"https:\/\/eldigitaldeasturias.com\/magazine365\/nuevo-servicio-de-autobus-entre-granada-y-el-aeropuerto\/#listItem","name":"Nuevo servicio de autob\u00fas entre Granada y el aeropuerto"},"previousItem":{"@type":"ListItem","@id":"https:\/\/eldigitaldeasturias.com\/magazine365#listItem","name":"Home"}},{"@type":"ListItem","@id":"https:\/\/eldigitaldeasturias.com\/magazine365\/nuevo-servicio-de-autobus-entre-granada-y-el-aeropuerto\/#listItem","position":3,"name":"Nuevo servicio de autob\u00fas entre Granada y el aeropuerto","previousItem":{"@type":"ListItem","@id":"https:\/\/eldigitaldeasturias.com\/magazine365\/category\/noticias-actualidad\/#listItem","name":"Noticias y Actualidad"}}]},{"@type":"Organization","@id":"https:\/\/eldigitaldeasturias.com\/magazine365\/#organization","name":"El digital de Asturias","description":"Revista de ocio, turismo y estilo de vida","url":"https:\/\/eldigitaldeasturias.com\/magazine365\/","logo":{"@type":"ImageObject","url":"https:\/\/www.eldigitaldeasturias.com\/noticias\/wp-content\/uploads\/2020\/12\/EDA.jpg","@id":"https:\/\/eldigitaldeasturias.com\/magazine365\/nuevo-servicio-de-autobus-entre-granada-y-el-aeropuerto\/#organizationLogo"},"image":{"@id":"https:\/\/eldigitaldeasturias.com\/magazine365\/nuevo-servicio-de-autobus-entre-granada-y-el-aeropuerto\/#organizationLogo"}},{"@type":"Person","@id":"https:\/\/eldigitaldeasturias.com\/magazine365\/author\/admin\/#author","url":"https:\/\/eldigitaldeasturias.com\/magazine365\/author\/admin\/","name":"admin","image":{"@type":"ImageObject","@id":"https:\/\/eldigitaldeasturias.com\/magazine365\/nuevo-servicio-de-autobus-entre-granada-y-el-aeropuerto\/#authorImage","url":"https:\/\/eldigitaldeasturias.com\/magazine365\/wp-content\/litespeed\/avatar\/e571bcf59a0edd6fa6838245a470f2fe.jpg?ver=1776969259","width":96,"height":96,"caption":"admin"}},{"@type":"WebPage","@id":"https:\/\/eldigitaldeasturias.com\/magazine365\/nuevo-servicio-de-autobus-entre-granada-y-el-aeropuerto\/#webpage","url":"https:\/\/eldigitaldeasturias.com\/magazine365\/nuevo-servicio-de-autobus-entre-granada-y-el-aeropuerto\/","name":"Nuevo servicio de autob\u00fas entre Granada y el aeropuerto | El Digital de Asturias","description":"El nuevo servicio de autob\u00fas que conecta la ciudad de Granada con el aeropuerto Federico Garc\u00eda Lorca Granada-Ja\u00e9n comienza este mi\u00e9rcoles su actividad operado por la empresa de transportes de viajeros por carretera Alsa, tras el concurso p\u00fablico convocado por la Consejer\u00eda de Fomento y Vivienda para la renovaci\u00f3n de las concesiones auton\u00f3micas, en este","inLanguage":"es-ES","isPartOf":{"@id":"https:\/\/eldigitaldeasturias.com\/magazine365\/#website"},"breadcrumb":{"@id":"https:\/\/eldigitaldeasturias.com\/magazine365\/nuevo-servicio-de-autobus-entre-granada-y-el-aeropuerto\/#breadcrumblist"},"author":{"@id":"https:\/\/eldigitaldeasturias.com\/magazine365\/author\/admin\/#author"},"creator":{"@id":"https:\/\/eldigitaldeasturias.com\/magazine365\/author\/admin\/#author"},"image":{"@type":"ImageObject","url":"https:\/\/eldigitaldeasturias.com\/magazine365\/wp-content\/uploads\/2016\/06\/fotonoticia_20160601154031_800.jpg","@id":"https:\/\/eldigitaldeasturias.com\/magazine365\/nuevo-servicio-de-autobus-entre-granada-y-el-aeropuerto\/#mainImage","width":800,"height":600},"primaryImageOfPage":{"@id":"https:\/\/eldigitaldeasturias.com\/magazine365\/nuevo-servicio-de-autobus-entre-granada-y-el-aeropuerto\/#mainImage"},"datePublished":"2016-06-04T05:05:42+02:00","dateModified":"2016-06-04T05:05:42+02:00"},{"@type":"WebSite","@id":"https:\/\/eldigitaldeasturias.com\/magazine365\/#website","url":"https:\/\/eldigitaldeasturias.com\/magazine365\/","name":"El Digital de Asturias","description":"Revista de ocio, turismo y estilo de vida","inLanguage":"es-ES","publisher":{"@id":"https:\/\/eldigitaldeasturias.com\/magazine365\/#organization"}}]},"og:locale":"es_ES","og:site_name":"El Digital de Asturias \u2013 Revista de ocio, turismo y estilo de vida","og:type":"article","og:title":"Nuevo servicio de autob\u00fas entre Granada y el aeropuerto | El Digital de Asturias","og:description":"El nuevo servicio de autob\u00fas que conecta la ciudad de Granada con el aeropuerto Federico Garc\u00eda Lorca Granada-Ja\u00e9n comienza este mi\u00e9rcoles su actividad operado por la empresa de transportes de viajeros por carretera Alsa, tras el concurso p\u00fablico convocado por la Consejer\u00eda de Fomento y Vivienda para la renovaci\u00f3n de las concesiones auton\u00f3micas, en este","og:url":"https:\/\/eldigitaldeasturias.com\/magazine365\/nuevo-servicio-de-autobus-entre-granada-y-el-aeropuerto\/","og:image":"https:\/\/eldigitaldeasturias.com\/magazine365\/wp-content\/uploads\/2016\/06\/fotonoticia_20160601154031_800.jpg","og:image:secure_url":"https:\/\/eldigitaldeasturias.com\/magazine365\/wp-content\/uploads\/2016\/06\/fotonoticia_20160601154031_800.jpg","og:image:width":800,"og:image:height":600,"article:published_time":"2016-06-04T03:05:42+00:00","article:modified_time":"2016-06-04T03:05:42+00:00","twitter:card":"summary_large_image","twitter:title":"Nuevo servicio de autob\u00fas entre Granada y el aeropuerto | El Digital de Asturias","twitter:description":"El nuevo servicio de autob\u00fas que conecta la ciudad de Granada con el aeropuerto Federico Garc\u00eda Lorca Granada-Ja\u00e9n comienza este mi\u00e9rcoles su actividad operado por la empresa de transportes de viajeros por carretera Alsa, tras el concurso p\u00fablico convocado por la Consejer\u00eda de Fomento y Vivienda para la renovaci\u00f3n de las concesiones auton\u00f3micas, en este","twitter:image":"https:\/\/eldigitaldeasturias.com\/magazine365\/wp-content\/uploads\/2016\/06\/fotonoticia_20160601154031_800.jpg"},"aioseo_meta_data":{"post_id":"77518","title":null,"description":null,"keywords":null,"keyphrases":null,"primary_term":null,"canonical_url":null,"og_title":null,"og_description":null,"og_object_type":"default","og_image_type":"default","og_image_url":null,"og_image_width":null,"og_image_height":null,"og_image_custom_url":null,"og_image_custom_fields":null,"og_video":null,"og_custom_url":null,"og_article_section":null,"og_article_tags":null,"twitter_use_og":false,"twitter_card":"default","twitter_image_type":"default","twitter_image_url":null,"twitter_image_custom_url":null,"twitter_image_custom_fields":null,"twitter_title":null,"twitter_description":null,"schema":{"blockGraphs":[],"customGraphs":[],"default":{"data":{"Article":[],"Course":[],"Dataset":[],"FAQPage":[],"Movie":[],"Person":[],"Product":[],"ProductReview":[],"Car":[],"Recipe":[],"Service":[],"SoftwareApplication":[],"WebPage":[]},"graphName":"","isEnabled":true},"graphs":[],"defaultGraph":"","defaultPostTypeGraph":""},"schema_type":null,"schema_type_options":null,"pillar_content":false,"robots_default":true,"robots_noindex":false,"robots_noarchive":false,"robots_nosnippet":false,"robots_nofollow":false,"robots_noimageindex":false,"robots_noodp":false,"robots_notranslate":false,"robots_max_snippet":null,"robots_max_videopreview":null,"robots_max_imagepreview":"large","priority":null,"frequency":null,"location":null,"local_seo":null,"seo_analyzer_scan_date":"2025-09-27 15:03:20","breadcrumb_settings":null,"limit_modified_date":false,"open_ai":null,"ai":null,"created":"2021-03-08 18:14:03","updated":"2025-09-27 15:03:20"},"aioseo_breadcrumb":"<div class=\"aioseo-breadcrumbs\"><span class=\"aioseo-breadcrumb\">\n\t<a href=\"https:\/\/eldigitaldeasturias.com\/magazine365\" title=\"Home\">Home<\/a>\n<\/span><span class=\"aioseo-breadcrumb-separator\">\u2013<\/span><span class=\"aioseo-breadcrumb\">\n\t<a href=\"https:\/\/eldigitaldeasturias.com\/magazine365\/category\/noticias-actualidad\/\" title=\"Noticias y Actualidad\">Noticias y Actualidad<\/a>\n<\/span><span class=\"aioseo-breadcrumb-separator\">\u2013<\/span><span class=\"aioseo-breadcrumb\">\n\t<a href=\"https:\/\/eldigitaldeasturias.com\/magazine365\/nuevo-servicio-de-autobus-entre-granada-y-el-aeropuerto\/\" title=\"Nuevo servicio de autob\u00fas entre Granada y el aeropuerto\">Nuevo servicio de autob\u00fas entre Granada y el aeropuerto<\/a>\n<\/span><\/div>","aioseo_breadcrumb_json":[{"label":"Home","link":"https:\/\/eldigitaldeasturias.com\/magazine365"},{"label":"Noticias y Actualidad","link":"https:\/\/eldigitaldeasturias.com\/magazine365\/category\/noticias-actualidad\/"},{"label":"Nuevo servicio de autob\u00fas entre Granada y el aeropuerto","link":"https:\/\/eldigitaldeasturias.com\/magazine365\/nuevo-servicio-de-autobus-entre-granada-y-el-aeropuerto\/"}],"_links":{"self":[{"href":"https:\/\/eldigitaldeasturias.com\/magazine365\/wp-json\/wp\/v2\/posts\/77518","targetHints":{"allow":["GET"]}}],"collection":[{"href":"https:\/\/eldigitaldeasturias.com\/magazine365\/wp-json\/wp\/v2\/posts"}],"about":[{"href":"https:\/\/eldigitaldeasturias.com\/magazine365\/wp-json\/wp\/v2\/types\/post"}],"author":[{"embeddable":true,"href":"https:\/\/eldigitaldeasturias.com\/magazine365\/wp-json\/wp\/v2\/users\/1"}],"replies":[{"embeddable":true,"href":"https:\/\/eldigitaldeasturias.com\/magazine365\/wp-json\/wp\/v2\/comments?post=77518"}],"version-history":[{"count":0,"href":"https:\/\/eldigitaldeasturias.com\/magazine365\/wp-json\/wp\/v2\/posts\/77518\/revisions"}],"wp:featuredmedia":[{"embeddable":true,"href":"https:\/\/eldigitaldeasturias.com\/magazine365\/wp-json\/wp\/v2\/media\/77519"}],"wp:attachment":[{"href":"https:\/\/eldigitaldeasturias.com\/magazine365\/wp-json\/wp\/v2\/media?parent=77518"}],"wp:term":[{"taxonomy":"category","embeddable":true,"href":"https:\/\/eldigitaldeasturias.com\/magazine365\/wp-json\/wp\/v2\/categories?post=77518"},{"taxonomy":"post_tag","embeddable":true,"href":"https:\/\/eldigitaldeasturias.com\/magazine365\/wp-json\/wp\/v2\/tags?post=77518"}],"curies":[{"name":"wp","href":"https:\/\/api.w.org\/{rel}","templated":true}]}}