{"id":77515,"date":"2016-06-04T05:04:38","date_gmt":"2016-06-04T03:04:38","guid":{"rendered":"http:\/\/eldigitaldeasturias.com\/magazine365\/?p=77515"},"modified":"2016-06-04T05:04:38","modified_gmt":"2016-06-04T03:04:38","slug":"el-aeropuerto-de-valencia-estrena-ruta-a-moscu","status":"publish","type":"post","link":"https:\/\/eldigitaldeasturias.com\/magazine365\/el-aeropuerto-de-valencia-estrena-ruta-a-moscu\/","title":{"rendered":"El aeropuerto de Valencia estrena ruta a Mosc\u00fa"},"content":{"rendered":"<p><img fetchpriority=\"high\" decoding=\"async\" class=\"alignleft size-medium wp-image-77516\" src=\"https:\/\/eldigitaldeasturias.com\/magazine365\/wp-content\/uploads\/2016\/06\/fotonoticia_20160601153659_800-360x195.jpg\" alt=\"fotonoticia_20160601153659_800\" width=\"360\" height=\"195\" srcset=\"https:\/\/eldigitaldeasturias.com\/magazine365\/wp-content\/uploads\/2016\/06\/fotonoticia_20160601153659_800-360x195.jpg 360w, https:\/\/eldigitaldeasturias.com\/magazine365\/wp-content\/uploads\/2016\/06\/fotonoticia_20160601153659_800-650x352.jpg 650w, https:\/\/eldigitaldeasturias.com\/magazine365\/wp-content\/uploads\/2016\/06\/fotonoticia_20160601153659_800-768x416.jpg 768w, https:\/\/eldigitaldeasturias.com\/magazine365\/wp-content\/uploads\/2016\/06\/fotonoticia_20160601153659_800-150x81.jpg 150w, https:\/\/eldigitaldeasturias.com\/magazine365\/wp-content\/uploads\/2016\/06\/fotonoticia_20160601153659_800-450x244.jpg 450w, https:\/\/eldigitaldeasturias.com\/magazine365\/wp-content\/uploads\/2016\/06\/fotonoticia_20160601153659_800.jpg 800w\" sizes=\"(max-width: 360px) 100vw, 360px\" \/>El aeropuerto de Valencia ha estrenado este mi\u00e9rcoles una ruta a Mosc\u00fa de la mano de la compa\u00f1\u00eda a\u00e9rea Aeroflot, seg\u00fan ha informado Aena en un comunicado.<\/p>\n<p>Esta conexi\u00f3n supone un incremento \u00abconsiderable\u00bb de vuelos con la capital rusa, puesto que la compa\u00f1\u00eda ofrece un enlace diario desde el aeropuerto valenciano. Adem\u00e1s, este nuevo enlace se suma a la oferta de la aerol\u00ednea Siberian Airlines que tambi\u00e9n cuenta con vuelos a Mosc\u00fa.<\/p>\n","protected":false},"excerpt":{"rendered":"<p>El aeropuerto de Valencia ha estrenado este mi\u00e9rcoles una ruta a Mosc\u00fa de la mano de la compa\u00f1\u00eda a\u00e9rea Aeroflot, seg\u00fan ha informado Aena en un comunicado. Esta conexi\u00f3n supone un incremento \u00abconsiderable\u00bb de vuelos con la capital rusa, puesto que la compa\u00f1\u00eda ofrece un enlace diario desde el aeropuerto valenciano. Adem\u00e1s, este nuevo enlace<\/p>\n","protected":false},"author":1,"featured_media":77516,"comment_status":"open","ping_status":"closed","sticky":false,"template":"","format":"standard","meta":{"footnotes":""},"categories":[224],"tags":[],"class_list":{"0":"post-77515","1":"post","2":"type-post","3":"status-publish","4":"format-standard","5":"has-post-thumbnail","7":"category-noticias-actualidad"},"aioseo_notices":[],"aioseo_head":"\n\t\t<!-- All in One SEO Pro 4.9.6.1 - aioseo.com -->\n\t<meta name=\"description\" content=\"El aeropuerto de Valencia ha estrenado este mi\u00e9rcoles una ruta a Mosc\u00fa de la mano de la compa\u00f1\u00eda a\u00e9rea Aeroflot, seg\u00fan ha informado Aena en un comunicado. Esta conexi\u00f3n supone un incremento &quot;considerable&quot; de vuelos con la capital rusa, puesto que la compa\u00f1\u00eda ofrece un enlace diario desde el aeropuerto valenciano. Adem\u00e1s, este nuevo enlace\" \/>\n\t<meta name=\"robots\" content=\"max-image-preview:large\" \/>\n\t<meta name=\"author\" content=\"admin\"\/>\n\t<meta name=\"google-site-verification\" content=\"UA-38556648-1\" \/>\n\t<meta name=\"keywords\" content=\"noticias y actualidad\" \/>\n\t<link rel=\"canonical\" href=\"https:\/\/eldigitaldeasturias.com\/magazine365\/el-aeropuerto-de-valencia-estrena-ruta-a-moscu\/\" \/>\n\t<meta name=\"generator\" content=\"All in One SEO Pro (AIOSEO) 4.9.6.1\" \/>\n\t\t<meta property=\"og:locale\" content=\"es_ES\" \/>\n\t\t<meta property=\"og:site_name\" content=\"El Digital de Asturias \u2013 Revista de ocio, turismo y estilo de vida\" \/>\n\t\t<meta property=\"og:type\" content=\"article\" \/>\n\t\t<meta property=\"og:title\" content=\"El aeropuerto de Valencia estrena ruta a Mosc\u00fa | El Digital de Asturias\" \/>\n\t\t<meta property=\"og:description\" content=\"El aeropuerto de Valencia ha estrenado este mi\u00e9rcoles una ruta a Mosc\u00fa de la mano de la compa\u00f1\u00eda a\u00e9rea Aeroflot, seg\u00fan ha informado Aena en un comunicado. Esta conexi\u00f3n supone un incremento &quot;considerable&quot; de vuelos con la capital rusa, puesto que la compa\u00f1\u00eda ofrece un enlace diario desde el aeropuerto valenciano. Adem\u00e1s, este nuevo enlace\" \/>\n\t\t<meta property=\"og:url\" content=\"https:\/\/eldigitaldeasturias.com\/magazine365\/el-aeropuerto-de-valencia-estrena-ruta-a-moscu\/\" \/>\n\t\t<meta property=\"og:image\" content=\"https:\/\/eldigitaldeasturias.com\/magazine365\/wp-content\/uploads\/2016\/06\/fotonoticia_20160601153659_800.jpg\" \/>\n\t\t<meta property=\"og:image:secure_url\" content=\"https:\/\/eldigitaldeasturias.com\/magazine365\/wp-content\/uploads\/2016\/06\/fotonoticia_20160601153659_800.jpg\" \/>\n\t\t<meta property=\"og:image:width\" content=\"800\" \/>\n\t\t<meta property=\"og:image:height\" content=\"433\" \/>\n\t\t<meta property=\"article:published_time\" content=\"2016-06-04T03:04:38+00:00\" \/>\n\t\t<meta property=\"article:modified_time\" content=\"2016-06-04T03:04:38+00:00\" \/>\n\t\t<meta name=\"twitter:card\" content=\"summary_large_image\" \/>\n\t\t<meta name=\"twitter:title\" content=\"El aeropuerto de Valencia estrena ruta a Mosc\u00fa | El Digital de Asturias\" \/>\n\t\t<meta name=\"twitter:description\" content=\"El aeropuerto de Valencia ha estrenado este mi\u00e9rcoles una ruta a Mosc\u00fa de la mano de la compa\u00f1\u00eda a\u00e9rea Aeroflot, seg\u00fan ha informado Aena en un comunicado. Esta conexi\u00f3n supone un incremento &quot;considerable&quot; de vuelos con la capital rusa, puesto que la compa\u00f1\u00eda ofrece un enlace diario desde el aeropuerto valenciano. Adem\u00e1s, este nuevo enlace\" \/>\n\t\t<meta name=\"twitter:image\" content=\"https:\/\/eldigitaldeasturias.com\/magazine365\/wp-content\/uploads\/2016\/06\/fotonoticia_20160601153659_800.jpg\" \/>\n\t\t<script type=\"application\/ld+json\" class=\"aioseo-schema\">\n\t\t\t{\"@context\":\"https:\\\/\\\/schema.org\",\"@graph\":[{\"@type\":\"Article\",\"@id\":\"https:\\\/\\\/eldigitaldeasturias.com\\\/magazine365\\\/el-aeropuerto-de-valencia-estrena-ruta-a-moscu\\\/#article\",\"name\":\"El aeropuerto de Valencia estrena ruta a Mosc\\u00fa | El Digital de Asturias\",\"headline\":\"El aeropuerto de Valencia estrena ruta a Mosc\\u00fa\",\"author\":{\"@id\":\"https:\\\/\\\/eldigitaldeasturias.com\\\/magazine365\\\/author\\\/admin\\\/#author\"},\"publisher\":{\"@id\":\"https:\\\/\\\/eldigitaldeasturias.com\\\/magazine365\\\/#organization\"},\"image\":{\"@type\":\"ImageObject\",\"url\":\"https:\\\/\\\/eldigitaldeasturias.com\\\/magazine365\\\/wp-content\\\/uploads\\\/2016\\\/06\\\/fotonoticia_20160601153659_800.jpg\",\"width\":800,\"height\":433},\"datePublished\":\"2016-06-04T05:04:38+02:00\",\"dateModified\":\"2016-06-04T05:04:38+02:00\",\"inLanguage\":\"es-ES\",\"mainEntityOfPage\":{\"@id\":\"https:\\\/\\\/eldigitaldeasturias.com\\\/magazine365\\\/el-aeropuerto-de-valencia-estrena-ruta-a-moscu\\\/#webpage\"},\"isPartOf\":{\"@id\":\"https:\\\/\\\/eldigitaldeasturias.com\\\/magazine365\\\/el-aeropuerto-de-valencia-estrena-ruta-a-moscu\\\/#webpage\"},\"articleSection\":\"Noticias y Actualidad\"},{\"@type\":\"BreadcrumbList\",\"@id\":\"https:\\\/\\\/eldigitaldeasturias.com\\\/magazine365\\\/el-aeropuerto-de-valencia-estrena-ruta-a-moscu\\\/#breadcrumblist\",\"itemListElement\":[{\"@type\":\"ListItem\",\"@id\":\"https:\\\/\\\/eldigitaldeasturias.com\\\/magazine365#listItem\",\"position\":1,\"name\":\"Home\",\"item\":\"https:\\\/\\\/eldigitaldeasturias.com\\\/magazine365\",\"nextItem\":{\"@type\":\"ListItem\",\"@id\":\"https:\\\/\\\/eldigitaldeasturias.com\\\/magazine365\\\/category\\\/noticias-actualidad\\\/#listItem\",\"name\":\"Noticias y Actualidad\"}},{\"@type\":\"ListItem\",\"@id\":\"https:\\\/\\\/eldigitaldeasturias.com\\\/magazine365\\\/category\\\/noticias-actualidad\\\/#listItem\",\"position\":2,\"name\":\"Noticias y Actualidad\",\"item\":\"https:\\\/\\\/eldigitaldeasturias.com\\\/magazine365\\\/category\\\/noticias-actualidad\\\/\",\"nextItem\":{\"@type\":\"ListItem\",\"@id\":\"https:\\\/\\\/eldigitaldeasturias.com\\\/magazine365\\\/el-aeropuerto-de-valencia-estrena-ruta-a-moscu\\\/#listItem\",\"name\":\"El aeropuerto de Valencia estrena ruta a Mosc\\u00fa\"},\"previousItem\":{\"@type\":\"ListItem\",\"@id\":\"https:\\\/\\\/eldigitaldeasturias.com\\\/magazine365#listItem\",\"name\":\"Home\"}},{\"@type\":\"ListItem\",\"@id\":\"https:\\\/\\\/eldigitaldeasturias.com\\\/magazine365\\\/el-aeropuerto-de-valencia-estrena-ruta-a-moscu\\\/#listItem\",\"position\":3,\"name\":\"El aeropuerto de Valencia estrena ruta a Mosc\\u00fa\",\"previousItem\":{\"@type\":\"ListItem\",\"@id\":\"https:\\\/\\\/eldigitaldeasturias.com\\\/magazine365\\\/category\\\/noticias-actualidad\\\/#listItem\",\"name\":\"Noticias y Actualidad\"}}]},{\"@type\":\"Organization\",\"@id\":\"https:\\\/\\\/eldigitaldeasturias.com\\\/magazine365\\\/#organization\",\"name\":\"El digital de Asturias\",\"description\":\"Revista de ocio, turismo y estilo de vida\",\"url\":\"https:\\\/\\\/eldigitaldeasturias.com\\\/magazine365\\\/\",\"logo\":{\"@type\":\"ImageObject\",\"url\":\"https:\\\/\\\/www.eldigitaldeasturias.com\\\/noticias\\\/wp-content\\\/uploads\\\/2020\\\/12\\\/EDA.jpg\",\"@id\":\"https:\\\/\\\/eldigitaldeasturias.com\\\/magazine365\\\/el-aeropuerto-de-valencia-estrena-ruta-a-moscu\\\/#organizationLogo\"},\"image\":{\"@id\":\"https:\\\/\\\/eldigitaldeasturias.com\\\/magazine365\\\/el-aeropuerto-de-valencia-estrena-ruta-a-moscu\\\/#organizationLogo\"}},{\"@type\":\"Person\",\"@id\":\"https:\\\/\\\/eldigitaldeasturias.com\\\/magazine365\\\/author\\\/admin\\\/#author\",\"url\":\"https:\\\/\\\/eldigitaldeasturias.com\\\/magazine365\\\/author\\\/admin\\\/\",\"name\":\"admin\",\"image\":{\"@type\":\"ImageObject\",\"@id\":\"https:\\\/\\\/eldigitaldeasturias.com\\\/magazine365\\\/el-aeropuerto-de-valencia-estrena-ruta-a-moscu\\\/#authorImage\",\"url\":\"https:\\\/\\\/eldigitaldeasturias.com\\\/magazine365\\\/wp-content\\\/litespeed\\\/avatar\\\/e571bcf59a0edd6fa6838245a470f2fe.jpg?ver=1776969259\",\"width\":96,\"height\":96,\"caption\":\"admin\"}},{\"@type\":\"WebPage\",\"@id\":\"https:\\\/\\\/eldigitaldeasturias.com\\\/magazine365\\\/el-aeropuerto-de-valencia-estrena-ruta-a-moscu\\\/#webpage\",\"url\":\"https:\\\/\\\/eldigitaldeasturias.com\\\/magazine365\\\/el-aeropuerto-de-valencia-estrena-ruta-a-moscu\\\/\",\"name\":\"El aeropuerto de Valencia estrena ruta a Mosc\\u00fa | El Digital de Asturias\",\"description\":\"El aeropuerto de Valencia ha estrenado este mi\\u00e9rcoles una ruta a Mosc\\u00fa de la mano de la compa\\u00f1\\u00eda a\\u00e9rea Aeroflot, seg\\u00fan ha informado Aena en un comunicado. Esta conexi\\u00f3n supone un incremento \\\"considerable\\\" de vuelos con la capital rusa, puesto que la compa\\u00f1\\u00eda ofrece un enlace diario desde el aeropuerto valenciano. Adem\\u00e1s, este nuevo enlace\",\"inLanguage\":\"es-ES\",\"isPartOf\":{\"@id\":\"https:\\\/\\\/eldigitaldeasturias.com\\\/magazine365\\\/#website\"},\"breadcrumb\":{\"@id\":\"https:\\\/\\\/eldigitaldeasturias.com\\\/magazine365\\\/el-aeropuerto-de-valencia-estrena-ruta-a-moscu\\\/#breadcrumblist\"},\"author\":{\"@id\":\"https:\\\/\\\/eldigitaldeasturias.com\\\/magazine365\\\/author\\\/admin\\\/#author\"},\"creator\":{\"@id\":\"https:\\\/\\\/eldigitaldeasturias.com\\\/magazine365\\\/author\\\/admin\\\/#author\"},\"image\":{\"@type\":\"ImageObject\",\"url\":\"https:\\\/\\\/eldigitaldeasturias.com\\\/magazine365\\\/wp-content\\\/uploads\\\/2016\\\/06\\\/fotonoticia_20160601153659_800.jpg\",\"@id\":\"https:\\\/\\\/eldigitaldeasturias.com\\\/magazine365\\\/el-aeropuerto-de-valencia-estrena-ruta-a-moscu\\\/#mainImage\",\"width\":800,\"height\":433},\"primaryImageOfPage\":{\"@id\":\"https:\\\/\\\/eldigitaldeasturias.com\\\/magazine365\\\/el-aeropuerto-de-valencia-estrena-ruta-a-moscu\\\/#mainImage\"},\"datePublished\":\"2016-06-04T05:04:38+02:00\",\"dateModified\":\"2016-06-04T05:04:38+02:00\"},{\"@type\":\"WebSite\",\"@id\":\"https:\\\/\\\/eldigitaldeasturias.com\\\/magazine365\\\/#website\",\"url\":\"https:\\\/\\\/eldigitaldeasturias.com\\\/magazine365\\\/\",\"name\":\"El Digital de Asturias\",\"description\":\"Revista de ocio, turismo y estilo de vida\",\"inLanguage\":\"es-ES\",\"publisher\":{\"@id\":\"https:\\\/\\\/eldigitaldeasturias.com\\\/magazine365\\\/#organization\"}}]}\n\t\t<\/script>\n\t\t<!-- All in One SEO Pro -->\r\n\t\t<title>El aeropuerto de Valencia estrena ruta a Mosc\u00fa | El Digital de Asturias<\/title>\n\n","aioseo_head_json":{"title":"El aeropuerto de Valencia estrena ruta a Mosc\u00fa | El Digital de Asturias","description":"El aeropuerto de Valencia ha estrenado este mi\u00e9rcoles una ruta a Mosc\u00fa de la mano de la compa\u00f1\u00eda a\u00e9rea Aeroflot, seg\u00fan ha informado Aena en un comunicado. Esta conexi\u00f3n supone un incremento \"considerable\" de vuelos con la capital rusa, puesto que la compa\u00f1\u00eda ofrece un enlace diario desde el aeropuerto valenciano. Adem\u00e1s, este nuevo enlace","canonical_url":"https:\/\/eldigitaldeasturias.com\/magazine365\/el-aeropuerto-de-valencia-estrena-ruta-a-moscu\/","robots":"max-image-preview:large","keywords":"noticias y actualidad","webmasterTools":{"google-site-verification":"UA-38556648-1","miscellaneous":""},"schema":{"@context":"https:\/\/schema.org","@graph":[{"@type":"Article","@id":"https:\/\/eldigitaldeasturias.com\/magazine365\/el-aeropuerto-de-valencia-estrena-ruta-a-moscu\/#article","name":"El aeropuerto de Valencia estrena ruta a Mosc\u00fa | El Digital de Asturias","headline":"El aeropuerto de Valencia estrena ruta a Mosc\u00fa","author":{"@id":"https:\/\/eldigitaldeasturias.com\/magazine365\/author\/admin\/#author"},"publisher":{"@id":"https:\/\/eldigitaldeasturias.com\/magazine365\/#organization"},"image":{"@type":"ImageObject","url":"https:\/\/eldigitaldeasturias.com\/magazine365\/wp-content\/uploads\/2016\/06\/fotonoticia_20160601153659_800.jpg","width":800,"height":433},"datePublished":"2016-06-04T05:04:38+02:00","dateModified":"2016-06-04T05:04:38+02:00","inLanguage":"es-ES","mainEntityOfPage":{"@id":"https:\/\/eldigitaldeasturias.com\/magazine365\/el-aeropuerto-de-valencia-estrena-ruta-a-moscu\/#webpage"},"isPartOf":{"@id":"https:\/\/eldigitaldeasturias.com\/magazine365\/el-aeropuerto-de-valencia-estrena-ruta-a-moscu\/#webpage"},"articleSection":"Noticias y Actualidad"},{"@type":"BreadcrumbList","@id":"https:\/\/eldigitaldeasturias.com\/magazine365\/el-aeropuerto-de-valencia-estrena-ruta-a-moscu\/#breadcrumblist","itemListElement":[{"@type":"ListItem","@id":"https:\/\/eldigitaldeasturias.com\/magazine365#listItem","position":1,"name":"Home","item":"https:\/\/eldigitaldeasturias.com\/magazine365","nextItem":{"@type":"ListItem","@id":"https:\/\/eldigitaldeasturias.com\/magazine365\/category\/noticias-actualidad\/#listItem","name":"Noticias y Actualidad"}},{"@type":"ListItem","@id":"https:\/\/eldigitaldeasturias.com\/magazine365\/category\/noticias-actualidad\/#listItem","position":2,"name":"Noticias y Actualidad","item":"https:\/\/eldigitaldeasturias.com\/magazine365\/category\/noticias-actualidad\/","nextItem":{"@type":"ListItem","@id":"https:\/\/eldigitaldeasturias.com\/magazine365\/el-aeropuerto-de-valencia-estrena-ruta-a-moscu\/#listItem","name":"El aeropuerto de Valencia estrena ruta a Mosc\u00fa"},"previousItem":{"@type":"ListItem","@id":"https:\/\/eldigitaldeasturias.com\/magazine365#listItem","name":"Home"}},{"@type":"ListItem","@id":"https:\/\/eldigitaldeasturias.com\/magazine365\/el-aeropuerto-de-valencia-estrena-ruta-a-moscu\/#listItem","position":3,"name":"El aeropuerto de Valencia estrena ruta a Mosc\u00fa","previousItem":{"@type":"ListItem","@id":"https:\/\/eldigitaldeasturias.com\/magazine365\/category\/noticias-actualidad\/#listItem","name":"Noticias y Actualidad"}}]},{"@type":"Organization","@id":"https:\/\/eldigitaldeasturias.com\/magazine365\/#organization","name":"El digital de Asturias","description":"Revista de ocio, turismo y estilo de vida","url":"https:\/\/eldigitaldeasturias.com\/magazine365\/","logo":{"@type":"ImageObject","url":"https:\/\/www.eldigitaldeasturias.com\/noticias\/wp-content\/uploads\/2020\/12\/EDA.jpg","@id":"https:\/\/eldigitaldeasturias.com\/magazine365\/el-aeropuerto-de-valencia-estrena-ruta-a-moscu\/#organizationLogo"},"image":{"@id":"https:\/\/eldigitaldeasturias.com\/magazine365\/el-aeropuerto-de-valencia-estrena-ruta-a-moscu\/#organizationLogo"}},{"@type":"Person","@id":"https:\/\/eldigitaldeasturias.com\/magazine365\/author\/admin\/#author","url":"https:\/\/eldigitaldeasturias.com\/magazine365\/author\/admin\/","name":"admin","image":{"@type":"ImageObject","@id":"https:\/\/eldigitaldeasturias.com\/magazine365\/el-aeropuerto-de-valencia-estrena-ruta-a-moscu\/#authorImage","url":"https:\/\/eldigitaldeasturias.com\/magazine365\/wp-content\/litespeed\/avatar\/e571bcf59a0edd6fa6838245a470f2fe.jpg?ver=1776969259","width":96,"height":96,"caption":"admin"}},{"@type":"WebPage","@id":"https:\/\/eldigitaldeasturias.com\/magazine365\/el-aeropuerto-de-valencia-estrena-ruta-a-moscu\/#webpage","url":"https:\/\/eldigitaldeasturias.com\/magazine365\/el-aeropuerto-de-valencia-estrena-ruta-a-moscu\/","name":"El aeropuerto de Valencia estrena ruta a Mosc\u00fa | El Digital de Asturias","description":"El aeropuerto de Valencia ha estrenado este mi\u00e9rcoles una ruta a Mosc\u00fa de la mano de la compa\u00f1\u00eda a\u00e9rea Aeroflot, seg\u00fan ha informado Aena en un comunicado. Esta conexi\u00f3n supone un incremento \"considerable\" de vuelos con la capital rusa, puesto que la compa\u00f1\u00eda ofrece un enlace diario desde el aeropuerto valenciano. Adem\u00e1s, este nuevo enlace","inLanguage":"es-ES","isPartOf":{"@id":"https:\/\/eldigitaldeasturias.com\/magazine365\/#website"},"breadcrumb":{"@id":"https:\/\/eldigitaldeasturias.com\/magazine365\/el-aeropuerto-de-valencia-estrena-ruta-a-moscu\/#breadcrumblist"},"author":{"@id":"https:\/\/eldigitaldeasturias.com\/magazine365\/author\/admin\/#author"},"creator":{"@id":"https:\/\/eldigitaldeasturias.com\/magazine365\/author\/admin\/#author"},"image":{"@type":"ImageObject","url":"https:\/\/eldigitaldeasturias.com\/magazine365\/wp-content\/uploads\/2016\/06\/fotonoticia_20160601153659_800.jpg","@id":"https:\/\/eldigitaldeasturias.com\/magazine365\/el-aeropuerto-de-valencia-estrena-ruta-a-moscu\/#mainImage","width":800,"height":433},"primaryImageOfPage":{"@id":"https:\/\/eldigitaldeasturias.com\/magazine365\/el-aeropuerto-de-valencia-estrena-ruta-a-moscu\/#mainImage"},"datePublished":"2016-06-04T05:04:38+02:00","dateModified":"2016-06-04T05:04:38+02:00"},{"@type":"WebSite","@id":"https:\/\/eldigitaldeasturias.com\/magazine365\/#website","url":"https:\/\/eldigitaldeasturias.com\/magazine365\/","name":"El Digital de Asturias","description":"Revista de ocio, turismo y estilo de vida","inLanguage":"es-ES","publisher":{"@id":"https:\/\/eldigitaldeasturias.com\/magazine365\/#organization"}}]},"og:locale":"es_ES","og:site_name":"El Digital de Asturias \u2013 Revista de ocio, turismo y estilo de vida","og:type":"article","og:title":"El aeropuerto de Valencia estrena ruta a Mosc\u00fa | El Digital de Asturias","og:description":"El aeropuerto de Valencia ha estrenado este mi\u00e9rcoles una ruta a Mosc\u00fa de la mano de la compa\u00f1\u00eda a\u00e9rea Aeroflot, seg\u00fan ha informado Aena en un comunicado. Esta conexi\u00f3n supone un incremento &quot;considerable&quot; de vuelos con la capital rusa, puesto que la compa\u00f1\u00eda ofrece un enlace diario desde el aeropuerto valenciano. Adem\u00e1s, este nuevo enlace","og:url":"https:\/\/eldigitaldeasturias.com\/magazine365\/el-aeropuerto-de-valencia-estrena-ruta-a-moscu\/","og:image":"https:\/\/eldigitaldeasturias.com\/magazine365\/wp-content\/uploads\/2016\/06\/fotonoticia_20160601153659_800.jpg","og:image:secure_url":"https:\/\/eldigitaldeasturias.com\/magazine365\/wp-content\/uploads\/2016\/06\/fotonoticia_20160601153659_800.jpg","og:image:width":800,"og:image:height":433,"article:published_time":"2016-06-04T03:04:38+00:00","article:modified_time":"2016-06-04T03:04:38+00:00","twitter:card":"summary_large_image","twitter:title":"El aeropuerto de Valencia estrena ruta a Mosc\u00fa | El Digital de Asturias","twitter:description":"El aeropuerto de Valencia ha estrenado este mi\u00e9rcoles una ruta a Mosc\u00fa de la mano de la compa\u00f1\u00eda a\u00e9rea Aeroflot, seg\u00fan ha informado Aena en un comunicado. Esta conexi\u00f3n supone un incremento &quot;considerable&quot; de vuelos con la capital rusa, puesto que la compa\u00f1\u00eda ofrece un enlace diario desde el aeropuerto valenciano. Adem\u00e1s, este nuevo enlace","twitter:image":"https:\/\/eldigitaldeasturias.com\/magazine365\/wp-content\/uploads\/2016\/06\/fotonoticia_20160601153659_800.jpg"},"aioseo_meta_data":{"post_id":"77515","title":null,"description":null,"keywords":null,"keyphrases":null,"primary_term":null,"canonical_url":null,"og_title":null,"og_description":null,"og_object_type":"default","og_image_type":"default","og_image_url":null,"og_image_width":null,"og_image_height":null,"og_image_custom_url":null,"og_image_custom_fields":null,"og_video":null,"og_custom_url":null,"og_article_section":null,"og_article_tags":null,"twitter_use_og":false,"twitter_card":"default","twitter_image_type":"default","twitter_image_url":null,"twitter_image_custom_url":null,"twitter_image_custom_fields":null,"twitter_title":null,"twitter_description":null,"schema":{"blockGraphs":[],"customGraphs":[],"default":{"data":{"Article":[],"Course":[],"Dataset":[],"FAQPage":[],"Movie":[],"Person":[],"Product":[],"ProductReview":[],"Car":[],"Recipe":[],"Service":[],"SoftwareApplication":[],"WebPage":[]},"graphName":"","isEnabled":true},"graphs":[],"defaultGraph":"","defaultPostTypeGraph":""},"schema_type":null,"schema_type_options":null,"pillar_content":false,"robots_default":true,"robots_noindex":false,"robots_noarchive":false,"robots_nosnippet":false,"robots_nofollow":false,"robots_noimageindex":false,"robots_noodp":false,"robots_notranslate":false,"robots_max_snippet":null,"robots_max_videopreview":null,"robots_max_imagepreview":"large","priority":null,"frequency":null,"location":null,"local_seo":null,"seo_analyzer_scan_date":"2025-09-27 15:03:19","breadcrumb_settings":null,"limit_modified_date":false,"open_ai":null,"ai":null,"created":"2021-03-08 18:14:03","updated":"2025-09-27 15:03:19"},"aioseo_breadcrumb":"<div class=\"aioseo-breadcrumbs\"><span class=\"aioseo-breadcrumb\">\n\t<a href=\"https:\/\/eldigitaldeasturias.com\/magazine365\" title=\"Home\">Home<\/a>\n<\/span><span class=\"aioseo-breadcrumb-separator\">\u2013<\/span><span class=\"aioseo-breadcrumb\">\n\t<a href=\"https:\/\/eldigitaldeasturias.com\/magazine365\/category\/noticias-actualidad\/\" title=\"Noticias y Actualidad\">Noticias y Actualidad<\/a>\n<\/span><span class=\"aioseo-breadcrumb-separator\">\u2013<\/span><span class=\"aioseo-breadcrumb\">\n\t<a href=\"https:\/\/eldigitaldeasturias.com\/magazine365\/el-aeropuerto-de-valencia-estrena-ruta-a-moscu\/\" title=\"El aeropuerto de Valencia estrena ruta a Mosc\u00fa\">El aeropuerto de Valencia estrena ruta a Mosc\u00fa<\/a>\n<\/span><\/div>","aioseo_breadcrumb_json":[{"label":"Home","link":"https:\/\/eldigitaldeasturias.com\/magazine365"},{"label":"Noticias y Actualidad","link":"https:\/\/eldigitaldeasturias.com\/magazine365\/category\/noticias-actualidad\/"},{"label":"El aeropuerto de Valencia estrena ruta a Mosc\u00fa","link":"https:\/\/eldigitaldeasturias.com\/magazine365\/el-aeropuerto-de-valencia-estrena-ruta-a-moscu\/"}],"_links":{"self":[{"href":"https:\/\/eldigitaldeasturias.com\/magazine365\/wp-json\/wp\/v2\/posts\/77515","targetHints":{"allow":["GET"]}}],"collection":[{"href":"https:\/\/eldigitaldeasturias.com\/magazine365\/wp-json\/wp\/v2\/posts"}],"about":[{"href":"https:\/\/eldigitaldeasturias.com\/magazine365\/wp-json\/wp\/v2\/types\/post"}],"author":[{"embeddable":true,"href":"https:\/\/eldigitaldeasturias.com\/magazine365\/wp-json\/wp\/v2\/users\/1"}],"replies":[{"embeddable":true,"href":"https:\/\/eldigitaldeasturias.com\/magazine365\/wp-json\/wp\/v2\/comments?post=77515"}],"version-history":[{"count":0,"href":"https:\/\/eldigitaldeasturias.com\/magazine365\/wp-json\/wp\/v2\/posts\/77515\/revisions"}],"wp:featuredmedia":[{"embeddable":true,"href":"https:\/\/eldigitaldeasturias.com\/magazine365\/wp-json\/wp\/v2\/media\/77516"}],"wp:attachment":[{"href":"https:\/\/eldigitaldeasturias.com\/magazine365\/wp-json\/wp\/v2\/media?parent=77515"}],"wp:term":[{"taxonomy":"category","embeddable":true,"href":"https:\/\/eldigitaldeasturias.com\/magazine365\/wp-json\/wp\/v2\/categories?post=77515"},{"taxonomy":"post_tag","embeddable":true,"href":"https:\/\/eldigitaldeasturias.com\/magazine365\/wp-json\/wp\/v2\/tags?post=77515"}],"curies":[{"name":"wp","href":"https:\/\/api.w.org\/{rel}","templated":true}]}}