{"id":77512,"date":"2016-06-04T05:03:43","date_gmt":"2016-06-04T03:03:43","guid":{"rendered":"http:\/\/eldigitaldeasturias.com\/magazine365\/?p=77512"},"modified":"2016-06-04T05:03:43","modified_gmt":"2016-06-04T03:03:43","slug":"vueling-da-por-totalmente-descartado-volar-entre-las-islas-canarias","status":"publish","type":"post","link":"https:\/\/eldigitaldeasturias.com\/magazine365\/vueling-da-por-totalmente-descartado-volar-entre-las-islas-canarias\/","title":{"rendered":"Vueling da por \u00abtotalmente descartado\u00bb volar entre las Islas Canarias"},"content":{"rendered":"<p><img fetchpriority=\"high\" decoding=\"async\" class=\"alignleft size-medium wp-image-77513\" src=\"https:\/\/eldigitaldeasturias.com\/magazine365\/wp-content\/uploads\/2016\/06\/fotonoticia_20160601153549_800-360x250.jpg\" alt=\"fotonoticia_20160601153549_800\" width=\"360\" height=\"250\" srcset=\"https:\/\/eldigitaldeasturias.com\/magazine365\/wp-content\/uploads\/2016\/06\/fotonoticia_20160601153549_800-360x250.jpg 360w, https:\/\/eldigitaldeasturias.com\/magazine365\/wp-content\/uploads\/2016\/06\/fotonoticia_20160601153549_800-650x451.jpg 650w, https:\/\/eldigitaldeasturias.com\/magazine365\/wp-content\/uploads\/2016\/06\/fotonoticia_20160601153549_800-768x533.jpg 768w, https:\/\/eldigitaldeasturias.com\/magazine365\/wp-content\/uploads\/2016\/06\/fotonoticia_20160601153549_800-150x104.jpg 150w, https:\/\/eldigitaldeasturias.com\/magazine365\/wp-content\/uploads\/2016\/06\/fotonoticia_20160601153549_800-450x312.jpg 450w, https:\/\/eldigitaldeasturias.com\/magazine365\/wp-content\/uploads\/2016\/06\/fotonoticia_20160601153549_800.jpg 800w\" sizes=\"(max-width: 360px) 100vw, 360px\" \/>El director de Estrategia y Alianzas de Vueling, Fernando Estrada, ha dicho este mi\u00e9rcoles que est\u00e1 \u00abtotalmente descartado\u00bb que la aerol\u00ednea pueda operar en el mercado interinsular canario porque no est\u00e1 entre sus objetivos estrat\u00e9gicos.<\/p>\n<p>En una rueda de prensa en la que ha presentado la nueva sucursal de Vueling en Tenerife, ha dicho que la estrategia de la compa\u00f1\u00eda pasa por potenciar los vuelos de corta y media distancia, y por ello, ha se\u00f1alado que \u00abcruzar el charco\u00bb hacia Am\u00e9rica tambi\u00e9n est\u00e1 descartado.<\/p>\n<p>En el caso de \u00c1frica, donde Binter ya cuenta con varia rutas, ha reconocido que es un mercado \u00aben estudio\u00bb, especialmente porque cuenta con tres bases en Canarias, pero ha dejado claro que \u00aba corto plazo no est\u00e1 contemplado\u00bb.<\/p>\n","protected":false},"excerpt":{"rendered":"<p>El director de Estrategia y Alianzas de Vueling, Fernando Estrada, ha dicho este mi\u00e9rcoles que est\u00e1 \u00abtotalmente descartado\u00bb que la aerol\u00ednea pueda operar en el mercado interinsular canario porque no est\u00e1 entre sus objetivos estrat\u00e9gicos. En una rueda de prensa en la que ha presentado la nueva sucursal de Vueling en Tenerife, ha dicho que<\/p>\n","protected":false},"author":1,"featured_media":77513,"comment_status":"open","ping_status":"closed","sticky":false,"template":"","format":"standard","meta":{"footnotes":""},"categories":[224],"tags":[],"class_list":{"0":"post-77512","1":"post","2":"type-post","3":"status-publish","4":"format-standard","5":"has-post-thumbnail","7":"category-noticias-actualidad"},"aioseo_notices":[],"aioseo_head":"\n\t\t<!-- All in One SEO Pro 4.9.6.1 - aioseo.com -->\n\t<meta name=\"description\" content=\"El director de Estrategia y Alianzas de Vueling, Fernando Estrada, ha dicho este mi\u00e9rcoles que est\u00e1 &quot;totalmente descartado&quot; que la aerol\u00ednea pueda operar en el mercado interinsular canario porque no est\u00e1 entre sus objetivos estrat\u00e9gicos. En una rueda de prensa en la que ha presentado la nueva sucursal de Vueling en Tenerife, ha dicho que\" \/>\n\t<meta name=\"robots\" content=\"max-image-preview:large\" \/>\n\t<meta name=\"author\" content=\"admin\"\/>\n\t<meta name=\"google-site-verification\" content=\"UA-38556648-1\" \/>\n\t<meta name=\"keywords\" content=\"noticias y actualidad\" \/>\n\t<link rel=\"canonical\" href=\"https:\/\/eldigitaldeasturias.com\/magazine365\/vueling-da-por-totalmente-descartado-volar-entre-las-islas-canarias\/\" \/>\n\t<meta name=\"generator\" content=\"All in One SEO Pro (AIOSEO) 4.9.6.1\" \/>\n\t\t<meta property=\"og:locale\" content=\"es_ES\" \/>\n\t\t<meta property=\"og:site_name\" content=\"El Digital de Asturias \u2013 Revista de ocio, turismo y estilo de vida\" \/>\n\t\t<meta property=\"og:type\" content=\"article\" \/>\n\t\t<meta property=\"og:title\" content=\"Vueling da por \u00abtotalmente descartado\u00bb volar entre las Islas Canarias | El Digital de Asturias\" \/>\n\t\t<meta property=\"og:description\" content=\"El director de Estrategia y Alianzas de Vueling, Fernando Estrada, ha dicho este mi\u00e9rcoles que est\u00e1 &quot;totalmente descartado&quot; que la aerol\u00ednea pueda operar en el mercado interinsular canario porque no est\u00e1 entre sus objetivos estrat\u00e9gicos. En una rueda de prensa en la que ha presentado la nueva sucursal de Vueling en Tenerife, ha dicho que\" \/>\n\t\t<meta property=\"og:url\" content=\"https:\/\/eldigitaldeasturias.com\/magazine365\/vueling-da-por-totalmente-descartado-volar-entre-las-islas-canarias\/\" \/>\n\t\t<meta property=\"og:image\" content=\"https:\/\/eldigitaldeasturias.com\/magazine365\/wp-content\/uploads\/2016\/06\/fotonoticia_20160601153549_800.jpg\" \/>\n\t\t<meta property=\"og:image:secure_url\" content=\"https:\/\/eldigitaldeasturias.com\/magazine365\/wp-content\/uploads\/2016\/06\/fotonoticia_20160601153549_800.jpg\" \/>\n\t\t<meta property=\"og:image:width\" content=\"800\" \/>\n\t\t<meta property=\"og:image:height\" content=\"555\" \/>\n\t\t<meta property=\"article:published_time\" content=\"2016-06-04T03:03:43+00:00\" \/>\n\t\t<meta property=\"article:modified_time\" content=\"2016-06-04T03:03:43+00:00\" \/>\n\t\t<meta name=\"twitter:card\" content=\"summary_large_image\" \/>\n\t\t<meta name=\"twitter:title\" content=\"Vueling da por \u00abtotalmente descartado\u00bb volar entre las Islas Canarias | El Digital de Asturias\" \/>\n\t\t<meta name=\"twitter:description\" content=\"El director de Estrategia y Alianzas de Vueling, Fernando Estrada, ha dicho este mi\u00e9rcoles que est\u00e1 &quot;totalmente descartado&quot; que la aerol\u00ednea pueda operar en el mercado interinsular canario porque no est\u00e1 entre sus objetivos estrat\u00e9gicos. En una rueda de prensa en la que ha presentado la nueva sucursal de Vueling en Tenerife, ha dicho que\" \/>\n\t\t<meta name=\"twitter:image\" content=\"https:\/\/eldigitaldeasturias.com\/magazine365\/wp-content\/uploads\/2016\/06\/fotonoticia_20160601153549_800.jpg\" \/>\n\t\t<script type=\"application\/ld+json\" class=\"aioseo-schema\">\n\t\t\t{\"@context\":\"https:\\\/\\\/schema.org\",\"@graph\":[{\"@type\":\"Article\",\"@id\":\"https:\\\/\\\/eldigitaldeasturias.com\\\/magazine365\\\/vueling-da-por-totalmente-descartado-volar-entre-las-islas-canarias\\\/#article\",\"name\":\"Vueling da por \\u00abtotalmente descartado\\u00bb volar entre las Islas Canarias | El Digital de Asturias\",\"headline\":\"Vueling da por \\u00abtotalmente descartado\\u00bb volar entre las Islas Canarias\",\"author\":{\"@id\":\"https:\\\/\\\/eldigitaldeasturias.com\\\/magazine365\\\/author\\\/admin\\\/#author\"},\"publisher\":{\"@id\":\"https:\\\/\\\/eldigitaldeasturias.com\\\/magazine365\\\/#organization\"},\"image\":{\"@type\":\"ImageObject\",\"url\":\"https:\\\/\\\/eldigitaldeasturias.com\\\/magazine365\\\/wp-content\\\/uploads\\\/2016\\\/06\\\/fotonoticia_20160601153549_800.jpg\",\"width\":800,\"height\":555},\"datePublished\":\"2016-06-04T05:03:43+02:00\",\"dateModified\":\"2016-06-04T05:03:43+02:00\",\"inLanguage\":\"es-ES\",\"mainEntityOfPage\":{\"@id\":\"https:\\\/\\\/eldigitaldeasturias.com\\\/magazine365\\\/vueling-da-por-totalmente-descartado-volar-entre-las-islas-canarias\\\/#webpage\"},\"isPartOf\":{\"@id\":\"https:\\\/\\\/eldigitaldeasturias.com\\\/magazine365\\\/vueling-da-por-totalmente-descartado-volar-entre-las-islas-canarias\\\/#webpage\"},\"articleSection\":\"Noticias y Actualidad\"},{\"@type\":\"BreadcrumbList\",\"@id\":\"https:\\\/\\\/eldigitaldeasturias.com\\\/magazine365\\\/vueling-da-por-totalmente-descartado-volar-entre-las-islas-canarias\\\/#breadcrumblist\",\"itemListElement\":[{\"@type\":\"ListItem\",\"@id\":\"https:\\\/\\\/eldigitaldeasturias.com\\\/magazine365#listItem\",\"position\":1,\"name\":\"Home\",\"item\":\"https:\\\/\\\/eldigitaldeasturias.com\\\/magazine365\",\"nextItem\":{\"@type\":\"ListItem\",\"@id\":\"https:\\\/\\\/eldigitaldeasturias.com\\\/magazine365\\\/category\\\/noticias-actualidad\\\/#listItem\",\"name\":\"Noticias y Actualidad\"}},{\"@type\":\"ListItem\",\"@id\":\"https:\\\/\\\/eldigitaldeasturias.com\\\/magazine365\\\/category\\\/noticias-actualidad\\\/#listItem\",\"position\":2,\"name\":\"Noticias y Actualidad\",\"item\":\"https:\\\/\\\/eldigitaldeasturias.com\\\/magazine365\\\/category\\\/noticias-actualidad\\\/\",\"nextItem\":{\"@type\":\"ListItem\",\"@id\":\"https:\\\/\\\/eldigitaldeasturias.com\\\/magazine365\\\/vueling-da-por-totalmente-descartado-volar-entre-las-islas-canarias\\\/#listItem\",\"name\":\"Vueling da por \\u00abtotalmente descartado\\u00bb volar entre las Islas Canarias\"},\"previousItem\":{\"@type\":\"ListItem\",\"@id\":\"https:\\\/\\\/eldigitaldeasturias.com\\\/magazine365#listItem\",\"name\":\"Home\"}},{\"@type\":\"ListItem\",\"@id\":\"https:\\\/\\\/eldigitaldeasturias.com\\\/magazine365\\\/vueling-da-por-totalmente-descartado-volar-entre-las-islas-canarias\\\/#listItem\",\"position\":3,\"name\":\"Vueling da por \\u00abtotalmente descartado\\u00bb volar entre las Islas Canarias\",\"previousItem\":{\"@type\":\"ListItem\",\"@id\":\"https:\\\/\\\/eldigitaldeasturias.com\\\/magazine365\\\/category\\\/noticias-actualidad\\\/#listItem\",\"name\":\"Noticias y Actualidad\"}}]},{\"@type\":\"Organization\",\"@id\":\"https:\\\/\\\/eldigitaldeasturias.com\\\/magazine365\\\/#organization\",\"name\":\"El digital de Asturias\",\"description\":\"Revista de ocio, turismo y estilo de vida\",\"url\":\"https:\\\/\\\/eldigitaldeasturias.com\\\/magazine365\\\/\",\"logo\":{\"@type\":\"ImageObject\",\"url\":\"https:\\\/\\\/www.eldigitaldeasturias.com\\\/noticias\\\/wp-content\\\/uploads\\\/2020\\\/12\\\/EDA.jpg\",\"@id\":\"https:\\\/\\\/eldigitaldeasturias.com\\\/magazine365\\\/vueling-da-por-totalmente-descartado-volar-entre-las-islas-canarias\\\/#organizationLogo\"},\"image\":{\"@id\":\"https:\\\/\\\/eldigitaldeasturias.com\\\/magazine365\\\/vueling-da-por-totalmente-descartado-volar-entre-las-islas-canarias\\\/#organizationLogo\"}},{\"@type\":\"Person\",\"@id\":\"https:\\\/\\\/eldigitaldeasturias.com\\\/magazine365\\\/author\\\/admin\\\/#author\",\"url\":\"https:\\\/\\\/eldigitaldeasturias.com\\\/magazine365\\\/author\\\/admin\\\/\",\"name\":\"admin\",\"image\":{\"@type\":\"ImageObject\",\"@id\":\"https:\\\/\\\/eldigitaldeasturias.com\\\/magazine365\\\/vueling-da-por-totalmente-descartado-volar-entre-las-islas-canarias\\\/#authorImage\",\"url\":\"https:\\\/\\\/eldigitaldeasturias.com\\\/magazine365\\\/wp-content\\\/litespeed\\\/avatar\\\/e571bcf59a0edd6fa6838245a470f2fe.jpg?ver=1776969259\",\"width\":96,\"height\":96,\"caption\":\"admin\"}},{\"@type\":\"WebPage\",\"@id\":\"https:\\\/\\\/eldigitaldeasturias.com\\\/magazine365\\\/vueling-da-por-totalmente-descartado-volar-entre-las-islas-canarias\\\/#webpage\",\"url\":\"https:\\\/\\\/eldigitaldeasturias.com\\\/magazine365\\\/vueling-da-por-totalmente-descartado-volar-entre-las-islas-canarias\\\/\",\"name\":\"Vueling da por \\u00abtotalmente descartado\\u00bb volar entre las Islas Canarias | El Digital de Asturias\",\"description\":\"El director de Estrategia y Alianzas de Vueling, Fernando Estrada, ha dicho este mi\\u00e9rcoles que est\\u00e1 \\\"totalmente descartado\\\" que la aerol\\u00ednea pueda operar en el mercado interinsular canario porque no est\\u00e1 entre sus objetivos estrat\\u00e9gicos. En una rueda de prensa en la que ha presentado la nueva sucursal de Vueling en Tenerife, ha dicho que\",\"inLanguage\":\"es-ES\",\"isPartOf\":{\"@id\":\"https:\\\/\\\/eldigitaldeasturias.com\\\/magazine365\\\/#website\"},\"breadcrumb\":{\"@id\":\"https:\\\/\\\/eldigitaldeasturias.com\\\/magazine365\\\/vueling-da-por-totalmente-descartado-volar-entre-las-islas-canarias\\\/#breadcrumblist\"},\"author\":{\"@id\":\"https:\\\/\\\/eldigitaldeasturias.com\\\/magazine365\\\/author\\\/admin\\\/#author\"},\"creator\":{\"@id\":\"https:\\\/\\\/eldigitaldeasturias.com\\\/magazine365\\\/author\\\/admin\\\/#author\"},\"image\":{\"@type\":\"ImageObject\",\"url\":\"https:\\\/\\\/eldigitaldeasturias.com\\\/magazine365\\\/wp-content\\\/uploads\\\/2016\\\/06\\\/fotonoticia_20160601153549_800.jpg\",\"@id\":\"https:\\\/\\\/eldigitaldeasturias.com\\\/magazine365\\\/vueling-da-por-totalmente-descartado-volar-entre-las-islas-canarias\\\/#mainImage\",\"width\":800,\"height\":555},\"primaryImageOfPage\":{\"@id\":\"https:\\\/\\\/eldigitaldeasturias.com\\\/magazine365\\\/vueling-da-por-totalmente-descartado-volar-entre-las-islas-canarias\\\/#mainImage\"},\"datePublished\":\"2016-06-04T05:03:43+02:00\",\"dateModified\":\"2016-06-04T05:03:43+02:00\"},{\"@type\":\"WebSite\",\"@id\":\"https:\\\/\\\/eldigitaldeasturias.com\\\/magazine365\\\/#website\",\"url\":\"https:\\\/\\\/eldigitaldeasturias.com\\\/magazine365\\\/\",\"name\":\"El Digital de Asturias\",\"description\":\"Revista de ocio, turismo y estilo de vida\",\"inLanguage\":\"es-ES\",\"publisher\":{\"@id\":\"https:\\\/\\\/eldigitaldeasturias.com\\\/magazine365\\\/#organization\"}}]}\n\t\t<\/script>\n\t\t<!-- All in One SEO Pro -->\r\n\t\t<title>Vueling da por \u00abtotalmente descartado\u00bb volar entre las Islas Canarias | El Digital de Asturias<\/title>\n\n","aioseo_head_json":{"title":"Vueling da por \u00abtotalmente descartado\u00bb volar entre las Islas Canarias | El Digital de Asturias","description":"El director de Estrategia y Alianzas de Vueling, Fernando Estrada, ha dicho este mi\u00e9rcoles que est\u00e1 \"totalmente descartado\" que la aerol\u00ednea pueda operar en el mercado interinsular canario porque no est\u00e1 entre sus objetivos estrat\u00e9gicos. En una rueda de prensa en la que ha presentado la nueva sucursal de Vueling en Tenerife, ha dicho que","canonical_url":"https:\/\/eldigitaldeasturias.com\/magazine365\/vueling-da-por-totalmente-descartado-volar-entre-las-islas-canarias\/","robots":"max-image-preview:large","keywords":"noticias y actualidad","webmasterTools":{"google-site-verification":"UA-38556648-1","miscellaneous":""},"schema":{"@context":"https:\/\/schema.org","@graph":[{"@type":"Article","@id":"https:\/\/eldigitaldeasturias.com\/magazine365\/vueling-da-por-totalmente-descartado-volar-entre-las-islas-canarias\/#article","name":"Vueling da por \u00abtotalmente descartado\u00bb volar entre las Islas Canarias | El Digital de Asturias","headline":"Vueling da por \u00abtotalmente descartado\u00bb volar entre las Islas Canarias","author":{"@id":"https:\/\/eldigitaldeasturias.com\/magazine365\/author\/admin\/#author"},"publisher":{"@id":"https:\/\/eldigitaldeasturias.com\/magazine365\/#organization"},"image":{"@type":"ImageObject","url":"https:\/\/eldigitaldeasturias.com\/magazine365\/wp-content\/uploads\/2016\/06\/fotonoticia_20160601153549_800.jpg","width":800,"height":555},"datePublished":"2016-06-04T05:03:43+02:00","dateModified":"2016-06-04T05:03:43+02:00","inLanguage":"es-ES","mainEntityOfPage":{"@id":"https:\/\/eldigitaldeasturias.com\/magazine365\/vueling-da-por-totalmente-descartado-volar-entre-las-islas-canarias\/#webpage"},"isPartOf":{"@id":"https:\/\/eldigitaldeasturias.com\/magazine365\/vueling-da-por-totalmente-descartado-volar-entre-las-islas-canarias\/#webpage"},"articleSection":"Noticias y Actualidad"},{"@type":"BreadcrumbList","@id":"https:\/\/eldigitaldeasturias.com\/magazine365\/vueling-da-por-totalmente-descartado-volar-entre-las-islas-canarias\/#breadcrumblist","itemListElement":[{"@type":"ListItem","@id":"https:\/\/eldigitaldeasturias.com\/magazine365#listItem","position":1,"name":"Home","item":"https:\/\/eldigitaldeasturias.com\/magazine365","nextItem":{"@type":"ListItem","@id":"https:\/\/eldigitaldeasturias.com\/magazine365\/category\/noticias-actualidad\/#listItem","name":"Noticias y Actualidad"}},{"@type":"ListItem","@id":"https:\/\/eldigitaldeasturias.com\/magazine365\/category\/noticias-actualidad\/#listItem","position":2,"name":"Noticias y Actualidad","item":"https:\/\/eldigitaldeasturias.com\/magazine365\/category\/noticias-actualidad\/","nextItem":{"@type":"ListItem","@id":"https:\/\/eldigitaldeasturias.com\/magazine365\/vueling-da-por-totalmente-descartado-volar-entre-las-islas-canarias\/#listItem","name":"Vueling da por \u00abtotalmente descartado\u00bb volar entre las Islas Canarias"},"previousItem":{"@type":"ListItem","@id":"https:\/\/eldigitaldeasturias.com\/magazine365#listItem","name":"Home"}},{"@type":"ListItem","@id":"https:\/\/eldigitaldeasturias.com\/magazine365\/vueling-da-por-totalmente-descartado-volar-entre-las-islas-canarias\/#listItem","position":3,"name":"Vueling da por \u00abtotalmente descartado\u00bb volar entre las Islas Canarias","previousItem":{"@type":"ListItem","@id":"https:\/\/eldigitaldeasturias.com\/magazine365\/category\/noticias-actualidad\/#listItem","name":"Noticias y Actualidad"}}]},{"@type":"Organization","@id":"https:\/\/eldigitaldeasturias.com\/magazine365\/#organization","name":"El digital de Asturias","description":"Revista de ocio, turismo y estilo de vida","url":"https:\/\/eldigitaldeasturias.com\/magazine365\/","logo":{"@type":"ImageObject","url":"https:\/\/www.eldigitaldeasturias.com\/noticias\/wp-content\/uploads\/2020\/12\/EDA.jpg","@id":"https:\/\/eldigitaldeasturias.com\/magazine365\/vueling-da-por-totalmente-descartado-volar-entre-las-islas-canarias\/#organizationLogo"},"image":{"@id":"https:\/\/eldigitaldeasturias.com\/magazine365\/vueling-da-por-totalmente-descartado-volar-entre-las-islas-canarias\/#organizationLogo"}},{"@type":"Person","@id":"https:\/\/eldigitaldeasturias.com\/magazine365\/author\/admin\/#author","url":"https:\/\/eldigitaldeasturias.com\/magazine365\/author\/admin\/","name":"admin","image":{"@type":"ImageObject","@id":"https:\/\/eldigitaldeasturias.com\/magazine365\/vueling-da-por-totalmente-descartado-volar-entre-las-islas-canarias\/#authorImage","url":"https:\/\/eldigitaldeasturias.com\/magazine365\/wp-content\/litespeed\/avatar\/e571bcf59a0edd6fa6838245a470f2fe.jpg?ver=1776969259","width":96,"height":96,"caption":"admin"}},{"@type":"WebPage","@id":"https:\/\/eldigitaldeasturias.com\/magazine365\/vueling-da-por-totalmente-descartado-volar-entre-las-islas-canarias\/#webpage","url":"https:\/\/eldigitaldeasturias.com\/magazine365\/vueling-da-por-totalmente-descartado-volar-entre-las-islas-canarias\/","name":"Vueling da por \u00abtotalmente descartado\u00bb volar entre las Islas Canarias | El Digital de Asturias","description":"El director de Estrategia y Alianzas de Vueling, Fernando Estrada, ha dicho este mi\u00e9rcoles que est\u00e1 \"totalmente descartado\" que la aerol\u00ednea pueda operar en el mercado interinsular canario porque no est\u00e1 entre sus objetivos estrat\u00e9gicos. En una rueda de prensa en la que ha presentado la nueva sucursal de Vueling en Tenerife, ha dicho que","inLanguage":"es-ES","isPartOf":{"@id":"https:\/\/eldigitaldeasturias.com\/magazine365\/#website"},"breadcrumb":{"@id":"https:\/\/eldigitaldeasturias.com\/magazine365\/vueling-da-por-totalmente-descartado-volar-entre-las-islas-canarias\/#breadcrumblist"},"author":{"@id":"https:\/\/eldigitaldeasturias.com\/magazine365\/author\/admin\/#author"},"creator":{"@id":"https:\/\/eldigitaldeasturias.com\/magazine365\/author\/admin\/#author"},"image":{"@type":"ImageObject","url":"https:\/\/eldigitaldeasturias.com\/magazine365\/wp-content\/uploads\/2016\/06\/fotonoticia_20160601153549_800.jpg","@id":"https:\/\/eldigitaldeasturias.com\/magazine365\/vueling-da-por-totalmente-descartado-volar-entre-las-islas-canarias\/#mainImage","width":800,"height":555},"primaryImageOfPage":{"@id":"https:\/\/eldigitaldeasturias.com\/magazine365\/vueling-da-por-totalmente-descartado-volar-entre-las-islas-canarias\/#mainImage"},"datePublished":"2016-06-04T05:03:43+02:00","dateModified":"2016-06-04T05:03:43+02:00"},{"@type":"WebSite","@id":"https:\/\/eldigitaldeasturias.com\/magazine365\/#website","url":"https:\/\/eldigitaldeasturias.com\/magazine365\/","name":"El Digital de Asturias","description":"Revista de ocio, turismo y estilo de vida","inLanguage":"es-ES","publisher":{"@id":"https:\/\/eldigitaldeasturias.com\/magazine365\/#organization"}}]},"og:locale":"es_ES","og:site_name":"El Digital de Asturias \u2013 Revista de ocio, turismo y estilo de vida","og:type":"article","og:title":"Vueling da por \u00abtotalmente descartado\u00bb volar entre las Islas Canarias | El Digital de Asturias","og:description":"El director de Estrategia y Alianzas de Vueling, Fernando Estrada, ha dicho este mi\u00e9rcoles que est\u00e1 &quot;totalmente descartado&quot; que la aerol\u00ednea pueda operar en el mercado interinsular canario porque no est\u00e1 entre sus objetivos estrat\u00e9gicos. En una rueda de prensa en la que ha presentado la nueva sucursal de Vueling en Tenerife, ha dicho que","og:url":"https:\/\/eldigitaldeasturias.com\/magazine365\/vueling-da-por-totalmente-descartado-volar-entre-las-islas-canarias\/","og:image":"https:\/\/eldigitaldeasturias.com\/magazine365\/wp-content\/uploads\/2016\/06\/fotonoticia_20160601153549_800.jpg","og:image:secure_url":"https:\/\/eldigitaldeasturias.com\/magazine365\/wp-content\/uploads\/2016\/06\/fotonoticia_20160601153549_800.jpg","og:image:width":800,"og:image:height":555,"article:published_time":"2016-06-04T03:03:43+00:00","article:modified_time":"2016-06-04T03:03:43+00:00","twitter:card":"summary_large_image","twitter:title":"Vueling da por \u00abtotalmente descartado\u00bb volar entre las Islas Canarias | El Digital de Asturias","twitter:description":"El director de Estrategia y Alianzas de Vueling, Fernando Estrada, ha dicho este mi\u00e9rcoles que est\u00e1 &quot;totalmente descartado&quot; que la aerol\u00ednea pueda operar en el mercado interinsular canario porque no est\u00e1 entre sus objetivos estrat\u00e9gicos. En una rueda de prensa en la que ha presentado la nueva sucursal de Vueling en Tenerife, ha dicho que","twitter:image":"https:\/\/eldigitaldeasturias.com\/magazine365\/wp-content\/uploads\/2016\/06\/fotonoticia_20160601153549_800.jpg"},"aioseo_meta_data":{"post_id":"77512","title":null,"description":null,"keywords":null,"keyphrases":null,"primary_term":null,"canonical_url":null,"og_title":null,"og_description":null,"og_object_type":"default","og_image_type":"default","og_image_url":null,"og_image_width":null,"og_image_height":null,"og_image_custom_url":null,"og_image_custom_fields":null,"og_video":null,"og_custom_url":null,"og_article_section":null,"og_article_tags":null,"twitter_use_og":false,"twitter_card":"default","twitter_image_type":"default","twitter_image_url":null,"twitter_image_custom_url":null,"twitter_image_custom_fields":null,"twitter_title":null,"twitter_description":null,"schema":{"blockGraphs":[],"customGraphs":[],"default":{"data":{"Article":[],"Course":[],"Dataset":[],"FAQPage":[],"Movie":[],"Person":[],"Product":[],"ProductReview":[],"Car":[],"Recipe":[],"Service":[],"SoftwareApplication":[],"WebPage":[]},"graphName":"","isEnabled":true},"graphs":[]},"schema_type":null,"schema_type_options":null,"pillar_content":false,"robots_default":true,"robots_noindex":false,"robots_noarchive":false,"robots_nosnippet":false,"robots_nofollow":false,"robots_noimageindex":false,"robots_noodp":false,"robots_notranslate":false,"robots_max_snippet":null,"robots_max_videopreview":null,"robots_max_imagepreview":"large","priority":null,"frequency":null,"location":null,"local_seo":null,"seo_analyzer_scan_date":"2025-09-27 15:01:44","breadcrumb_settings":null,"limit_modified_date":false,"open_ai":null,"ai":null,"created":"2021-03-08 18:14:03","updated":"2025-09-27 15:01:44"},"aioseo_breadcrumb":"<div class=\"aioseo-breadcrumbs\"><span class=\"aioseo-breadcrumb\">\n\t<a href=\"https:\/\/eldigitaldeasturias.com\/magazine365\" title=\"Home\">Home<\/a>\n<\/span><span class=\"aioseo-breadcrumb-separator\">\u2013<\/span><span class=\"aioseo-breadcrumb\">\n\t<a href=\"https:\/\/eldigitaldeasturias.com\/magazine365\/category\/noticias-actualidad\/\" title=\"Noticias y Actualidad\">Noticias y Actualidad<\/a>\n<\/span><span class=\"aioseo-breadcrumb-separator\">\u2013<\/span><span class=\"aioseo-breadcrumb\">\n\t<a href=\"https:\/\/eldigitaldeasturias.com\/magazine365\/vueling-da-por-totalmente-descartado-volar-entre-las-islas-canarias\/\" title=\"Vueling da por \u00abtotalmente descartado\u00bb volar entre las Islas Canarias\">Vueling da por \u00abtotalmente descartado\u00bb volar entre las Islas Canarias<\/a>\n<\/span><\/div>","aioseo_breadcrumb_json":[{"label":"Home","link":"https:\/\/eldigitaldeasturias.com\/magazine365"},{"label":"Noticias y Actualidad","link":"https:\/\/eldigitaldeasturias.com\/magazine365\/category\/noticias-actualidad\/"},{"label":"Vueling da por \u00abtotalmente descartado\u00bb volar entre las Islas Canarias","link":"https:\/\/eldigitaldeasturias.com\/magazine365\/vueling-da-por-totalmente-descartado-volar-entre-las-islas-canarias\/"}],"_links":{"self":[{"href":"https:\/\/eldigitaldeasturias.com\/magazine365\/wp-json\/wp\/v2\/posts\/77512","targetHints":{"allow":["GET"]}}],"collection":[{"href":"https:\/\/eldigitaldeasturias.com\/magazine365\/wp-json\/wp\/v2\/posts"}],"about":[{"href":"https:\/\/eldigitaldeasturias.com\/magazine365\/wp-json\/wp\/v2\/types\/post"}],"author":[{"embeddable":true,"href":"https:\/\/eldigitaldeasturias.com\/magazine365\/wp-json\/wp\/v2\/users\/1"}],"replies":[{"embeddable":true,"href":"https:\/\/eldigitaldeasturias.com\/magazine365\/wp-json\/wp\/v2\/comments?post=77512"}],"version-history":[{"count":0,"href":"https:\/\/eldigitaldeasturias.com\/magazine365\/wp-json\/wp\/v2\/posts\/77512\/revisions"}],"wp:featuredmedia":[{"embeddable":true,"href":"https:\/\/eldigitaldeasturias.com\/magazine365\/wp-json\/wp\/v2\/media\/77513"}],"wp:attachment":[{"href":"https:\/\/eldigitaldeasturias.com\/magazine365\/wp-json\/wp\/v2\/media?parent=77512"}],"wp:term":[{"taxonomy":"category","embeddable":true,"href":"https:\/\/eldigitaldeasturias.com\/magazine365\/wp-json\/wp\/v2\/categories?post=77512"},{"taxonomy":"post_tag","embeddable":true,"href":"https:\/\/eldigitaldeasturias.com\/magazine365\/wp-json\/wp\/v2\/tags?post=77512"}],"curies":[{"name":"wp","href":"https:\/\/api.w.org\/{rel}","templated":true}]}}