{"id":77506,"date":"2016-06-04T05:01:30","date_gmt":"2016-06-04T03:01:30","guid":{"rendered":"http:\/\/eldigitaldeasturias.com\/magazine365\/?p=77506"},"modified":"2016-06-04T05:01:30","modified_gmt":"2016-06-04T03:01:30","slug":"el-promotor-del-marbella-luxury-weekend-redisena-el-evento","status":"publish","type":"post","link":"https:\/\/eldigitaldeasturias.com\/magazine365\/el-promotor-del-marbella-luxury-weekend-redisena-el-evento\/","title":{"rendered":"El promotor del Marbella Luxury Weekend redise\u00f1a el evento"},"content":{"rendered":"<p><img fetchpriority=\"high\" decoding=\"async\" class=\"alignleft size-medium wp-image-77507\" src=\"https:\/\/eldigitaldeasturias.com\/magazine365\/wp-content\/uploads\/2016\/06\/fotonoticia_20160601153348_800-360x238.jpg\" alt=\"fotonoticia_20160601153348_800\" width=\"360\" height=\"238\" srcset=\"https:\/\/eldigitaldeasturias.com\/magazine365\/wp-content\/uploads\/2016\/06\/fotonoticia_20160601153348_800-360x238.jpg 360w, https:\/\/eldigitaldeasturias.com\/magazine365\/wp-content\/uploads\/2016\/06\/fotonoticia_20160601153348_800-650x430.jpg 650w, https:\/\/eldigitaldeasturias.com\/magazine365\/wp-content\/uploads\/2016\/06\/fotonoticia_20160601153348_800-768x508.jpg 768w, https:\/\/eldigitaldeasturias.com\/magazine365\/wp-content\/uploads\/2016\/06\/fotonoticia_20160601153348_800-150x99.jpg 150w, https:\/\/eldigitaldeasturias.com\/magazine365\/wp-content\/uploads\/2016\/06\/fotonoticia_20160601153348_800-450x298.jpg 450w, https:\/\/eldigitaldeasturias.com\/magazine365\/wp-content\/uploads\/2016\/06\/fotonoticia_20160601153348_800-121x79.jpg 121w, https:\/\/eldigitaldeasturias.com\/magazine365\/wp-content\/uploads\/2016\/06\/fotonoticia_20160601153348_800-101x66.jpg 101w, https:\/\/eldigitaldeasturias.com\/magazine365\/wp-content\/uploads\/2016\/06\/fotonoticia_20160601153348_800.jpg 800w\" sizes=\"(max-width: 360px) 100vw, 360px\" \/>El promotor de la feria del lujo Marbella Luxury Weekend, el empresario Miguel G\u00f3mez Molina, ha explicado este mi\u00e9rcoles el nuevo formato que tendr\u00e1 la cita tur\u00edstica este verano para tratar de salvar la marca despu\u00e9s de que el Ayuntamiento de Marbella (M\u00e1laga) anunciara su renuncia a apoyar el evento ante la falta de iniciativa privada.<\/p>\n<p>G\u00f3mez Molina, que ha comparecido en rueda de prensa junto al concejal de Turismo y al presidente del Centro de Iniciativas Tur\u00edsticas (CIT), Juan Jos\u00e9 Gonz\u00e1lez, ha explicado que se puso en contacto con el Consistorio para \u00abrelanzar\u00bb la feria \u00aben un formato m\u00e1s reducido pero m\u00e1s potente\u00bb y que se celebrar\u00e1 el 3 y 4 de junio en Benabol\u00e1, Puerto Ban\u00fas, entre las 21.30 y 00.00 horas.<\/p>\n<p>El primer d\u00eda, la marca Fred, que pertenece al grupo Louis Vuitton, presentar\u00e1 una campa\u00f1a internacional de su colecci\u00f3n tras elegir Marbella como la puerta de entrada al mercado nacional. Al d\u00eda siguiente se presentar\u00e1n las \u00faltimas novedades de la firma de joyas Cuervo y Sobrinos a la que acudir\u00e1 el pianista Chucho Vald\u00e9s.<\/p>\n<p>\u00abEl Luxury Weekend es un activo que se puede fomentar siempre que se haga de la manera adecuada. No queremos seguir la senda de la feria del millonaria que se ha ido extendiendo por la accesibilidad a la misma, sino llevar la feria a las cotas que hab\u00edamos ideado en un principio\u00bb, ha se\u00f1alado.<\/p>\n<p>En este sentido, ha a\u00f1adido que \u00abeste a\u00f1o haremos una peque\u00f1a versi\u00f3n de la feria y el pr\u00f3ximo, una gran actividad sobre el paraguas del Luxury Weekend\u00bb, ha indicado G\u00f3mez Molina, que ha adelantado que, entre otras propuestas, se celebrar\u00e1 la pr\u00f3xima temporada un foro de marcas de lujo.<\/p>\n<p>El empresario ha asegurado que el proyecto se puede activar desde el sector privado y \u00absin subvenciones municipales m\u00e1s all\u00e1 de la necesaria colaboraci\u00f3n\u00bb del Ayuntamiento.<\/p>\n<p>El concejal de Turismo ha explicado que el Ayuntamiento desisti\u00f3 de respaldar la feria porque \u00abno se consegu\u00eda el objetivo de potenciar al sector del lujo en Marbella\u00bb. \u00abSe trata de un sector selecto, por lo que organizar eventos que eran masivos no eran la mejor v\u00eda para atraer a un p\u00fablico que tiene la sensaci\u00f3n de ser escogido entre los ciudadanos\u00bb, ha se\u00f1alado.<\/p>\n<p>Porcuna ha indicado que, cuando se public\u00f3 que el Ayuntamiento no continuar\u00eda con el Luxury Weekend, \u00abG\u00f3mez Molina se puso en contacto con el Consistorio para que la marca no se perdiera, pero encauzando el formato\u00bb.<\/p>\n<p>El presidente del CIT ha agradecido la iniciativa de G\u00f3mez Molina, \u00abdel que naci\u00f3 la primigenia idea del Luxury Weekend\u00bb, para retomar la feria. \u00abMe ha alegrado mucho que, a la vista de que la feria se perdiese por falta de financiaci\u00f3n, haya sido el propio Miguel el que haya tomado la iniciativa de intentar hace un Luxury para este a\u00f1o que salve la marca y trabajar duramente para que el pr\u00f3ximo a\u00f1o la cita sea debidamente enfocado\u00bb, ha indicado.<\/p>\n","protected":false},"excerpt":{"rendered":"<p>El promotor de la feria del lujo Marbella Luxury Weekend, el empresario Miguel G\u00f3mez Molina, ha explicado este mi\u00e9rcoles el nuevo formato que tendr\u00e1 la cita tur\u00edstica este verano para tratar de salvar la marca despu\u00e9s de que el Ayuntamiento de Marbella (M\u00e1laga) anunciara su renuncia a apoyar el evento ante la falta de iniciativa<\/p>\n","protected":false},"author":1,"featured_media":77507,"comment_status":"open","ping_status":"closed","sticky":false,"template":"","format":"standard","meta":{"footnotes":""},"categories":[224],"tags":[],"class_list":{"0":"post-77506","1":"post","2":"type-post","3":"status-publish","4":"format-standard","5":"has-post-thumbnail","7":"category-noticias-actualidad"},"aioseo_notices":[],"aioseo_head":"\n\t\t<!-- All in One SEO Pro 4.9.6.1 - aioseo.com -->\n\t<meta name=\"description\" content=\"El promotor de la feria del lujo Marbella Luxury Weekend, el empresario Miguel G\u00f3mez Molina, ha explicado este mi\u00e9rcoles el nuevo formato que tendr\u00e1 la cita tur\u00edstica este verano para tratar de salvar la marca despu\u00e9s de que el Ayuntamiento de Marbella (M\u00e1laga) anunciara su renuncia a apoyar el evento ante la falta de iniciativa\" \/>\n\t<meta name=\"robots\" content=\"max-image-preview:large\" \/>\n\t<meta name=\"author\" content=\"admin\"\/>\n\t<meta name=\"google-site-verification\" content=\"UA-38556648-1\" \/>\n\t<meta name=\"keywords\" content=\"noticias y actualidad\" \/>\n\t<link rel=\"canonical\" href=\"https:\/\/eldigitaldeasturias.com\/magazine365\/el-promotor-del-marbella-luxury-weekend-redisena-el-evento\/\" \/>\n\t<meta name=\"generator\" content=\"All in One SEO Pro (AIOSEO) 4.9.6.1\" \/>\n\t\t<meta property=\"og:locale\" content=\"es_ES\" \/>\n\t\t<meta property=\"og:site_name\" content=\"El Digital de Asturias \u2013 Revista de ocio, turismo y estilo de vida\" \/>\n\t\t<meta property=\"og:type\" content=\"article\" \/>\n\t\t<meta property=\"og:title\" content=\"El promotor del Marbella Luxury Weekend redise\u00f1a el evento | El Digital de Asturias\" \/>\n\t\t<meta property=\"og:description\" content=\"El promotor de la feria del lujo Marbella Luxury Weekend, el empresario Miguel G\u00f3mez Molina, ha explicado este mi\u00e9rcoles el nuevo formato que tendr\u00e1 la cita tur\u00edstica este verano para tratar de salvar la marca despu\u00e9s de que el Ayuntamiento de Marbella (M\u00e1laga) anunciara su renuncia a apoyar el evento ante la falta de iniciativa\" \/>\n\t\t<meta property=\"og:url\" content=\"https:\/\/eldigitaldeasturias.com\/magazine365\/el-promotor-del-marbella-luxury-weekend-redisena-el-evento\/\" \/>\n\t\t<meta property=\"og:image\" content=\"https:\/\/eldigitaldeasturias.com\/magazine365\/wp-content\/uploads\/2016\/06\/fotonoticia_20160601153348_800.jpg\" \/>\n\t\t<meta property=\"og:image:secure_url\" content=\"https:\/\/eldigitaldeasturias.com\/magazine365\/wp-content\/uploads\/2016\/06\/fotonoticia_20160601153348_800.jpg\" \/>\n\t\t<meta property=\"og:image:width\" content=\"800\" \/>\n\t\t<meta property=\"og:image:height\" content=\"529\" \/>\n\t\t<meta property=\"article:published_time\" content=\"2016-06-04T03:01:30+00:00\" \/>\n\t\t<meta property=\"article:modified_time\" content=\"2016-06-04T03:01:30+00:00\" \/>\n\t\t<meta name=\"twitter:card\" content=\"summary_large_image\" \/>\n\t\t<meta name=\"twitter:title\" content=\"El promotor del Marbella Luxury Weekend redise\u00f1a el evento | El Digital de Asturias\" \/>\n\t\t<meta name=\"twitter:description\" content=\"El promotor de la feria del lujo Marbella Luxury Weekend, el empresario Miguel G\u00f3mez Molina, ha explicado este mi\u00e9rcoles el nuevo formato que tendr\u00e1 la cita tur\u00edstica este verano para tratar de salvar la marca despu\u00e9s de que el Ayuntamiento de Marbella (M\u00e1laga) anunciara su renuncia a apoyar el evento ante la falta de iniciativa\" \/>\n\t\t<meta name=\"twitter:image\" content=\"https:\/\/eldigitaldeasturias.com\/magazine365\/wp-content\/uploads\/2016\/06\/fotonoticia_20160601153348_800.jpg\" \/>\n\t\t<script type=\"application\/ld+json\" class=\"aioseo-schema\">\n\t\t\t{\"@context\":\"https:\\\/\\\/schema.org\",\"@graph\":[{\"@type\":\"Article\",\"@id\":\"https:\\\/\\\/eldigitaldeasturias.com\\\/magazine365\\\/el-promotor-del-marbella-luxury-weekend-redisena-el-evento\\\/#article\",\"name\":\"El promotor del Marbella Luxury Weekend redise\\u00f1a el evento | El Digital de Asturias\",\"headline\":\"El promotor del Marbella Luxury Weekend redise\\u00f1a el evento\",\"author\":{\"@id\":\"https:\\\/\\\/eldigitaldeasturias.com\\\/magazine365\\\/author\\\/admin\\\/#author\"},\"publisher\":{\"@id\":\"https:\\\/\\\/eldigitaldeasturias.com\\\/magazine365\\\/#organization\"},\"image\":{\"@type\":\"ImageObject\",\"url\":\"https:\\\/\\\/eldigitaldeasturias.com\\\/magazine365\\\/wp-content\\\/uploads\\\/2016\\\/06\\\/fotonoticia_20160601153348_800.jpg\",\"width\":800,\"height\":529},\"datePublished\":\"2016-06-04T05:01:30+02:00\",\"dateModified\":\"2016-06-04T05:01:30+02:00\",\"inLanguage\":\"es-ES\",\"mainEntityOfPage\":{\"@id\":\"https:\\\/\\\/eldigitaldeasturias.com\\\/magazine365\\\/el-promotor-del-marbella-luxury-weekend-redisena-el-evento\\\/#webpage\"},\"isPartOf\":{\"@id\":\"https:\\\/\\\/eldigitaldeasturias.com\\\/magazine365\\\/el-promotor-del-marbella-luxury-weekend-redisena-el-evento\\\/#webpage\"},\"articleSection\":\"Noticias y Actualidad\"},{\"@type\":\"BreadcrumbList\",\"@id\":\"https:\\\/\\\/eldigitaldeasturias.com\\\/magazine365\\\/el-promotor-del-marbella-luxury-weekend-redisena-el-evento\\\/#breadcrumblist\",\"itemListElement\":[{\"@type\":\"ListItem\",\"@id\":\"https:\\\/\\\/eldigitaldeasturias.com\\\/magazine365#listItem\",\"position\":1,\"name\":\"Home\",\"item\":\"https:\\\/\\\/eldigitaldeasturias.com\\\/magazine365\",\"nextItem\":{\"@type\":\"ListItem\",\"@id\":\"https:\\\/\\\/eldigitaldeasturias.com\\\/magazine365\\\/category\\\/noticias-actualidad\\\/#listItem\",\"name\":\"Noticias y Actualidad\"}},{\"@type\":\"ListItem\",\"@id\":\"https:\\\/\\\/eldigitaldeasturias.com\\\/magazine365\\\/category\\\/noticias-actualidad\\\/#listItem\",\"position\":2,\"name\":\"Noticias y Actualidad\",\"item\":\"https:\\\/\\\/eldigitaldeasturias.com\\\/magazine365\\\/category\\\/noticias-actualidad\\\/\",\"nextItem\":{\"@type\":\"ListItem\",\"@id\":\"https:\\\/\\\/eldigitaldeasturias.com\\\/magazine365\\\/el-promotor-del-marbella-luxury-weekend-redisena-el-evento\\\/#listItem\",\"name\":\"El promotor del Marbella Luxury Weekend redise\\u00f1a el evento\"},\"previousItem\":{\"@type\":\"ListItem\",\"@id\":\"https:\\\/\\\/eldigitaldeasturias.com\\\/magazine365#listItem\",\"name\":\"Home\"}},{\"@type\":\"ListItem\",\"@id\":\"https:\\\/\\\/eldigitaldeasturias.com\\\/magazine365\\\/el-promotor-del-marbella-luxury-weekend-redisena-el-evento\\\/#listItem\",\"position\":3,\"name\":\"El promotor del Marbella Luxury Weekend redise\\u00f1a el evento\",\"previousItem\":{\"@type\":\"ListItem\",\"@id\":\"https:\\\/\\\/eldigitaldeasturias.com\\\/magazine365\\\/category\\\/noticias-actualidad\\\/#listItem\",\"name\":\"Noticias y Actualidad\"}}]},{\"@type\":\"Organization\",\"@id\":\"https:\\\/\\\/eldigitaldeasturias.com\\\/magazine365\\\/#organization\",\"name\":\"El digital de Asturias\",\"description\":\"Revista de ocio, turismo y estilo de vida\",\"url\":\"https:\\\/\\\/eldigitaldeasturias.com\\\/magazine365\\\/\",\"logo\":{\"@type\":\"ImageObject\",\"url\":\"https:\\\/\\\/www.eldigitaldeasturias.com\\\/noticias\\\/wp-content\\\/uploads\\\/2020\\\/12\\\/EDA.jpg\",\"@id\":\"https:\\\/\\\/eldigitaldeasturias.com\\\/magazine365\\\/el-promotor-del-marbella-luxury-weekend-redisena-el-evento\\\/#organizationLogo\"},\"image\":{\"@id\":\"https:\\\/\\\/eldigitaldeasturias.com\\\/magazine365\\\/el-promotor-del-marbella-luxury-weekend-redisena-el-evento\\\/#organizationLogo\"}},{\"@type\":\"Person\",\"@id\":\"https:\\\/\\\/eldigitaldeasturias.com\\\/magazine365\\\/author\\\/admin\\\/#author\",\"url\":\"https:\\\/\\\/eldigitaldeasturias.com\\\/magazine365\\\/author\\\/admin\\\/\",\"name\":\"admin\",\"image\":{\"@type\":\"ImageObject\",\"@id\":\"https:\\\/\\\/eldigitaldeasturias.com\\\/magazine365\\\/el-promotor-del-marbella-luxury-weekend-redisena-el-evento\\\/#authorImage\",\"url\":\"https:\\\/\\\/eldigitaldeasturias.com\\\/magazine365\\\/wp-content\\\/litespeed\\\/avatar\\\/e571bcf59a0edd6fa6838245a470f2fe.jpg?ver=1776969259\",\"width\":96,\"height\":96,\"caption\":\"admin\"}},{\"@type\":\"WebPage\",\"@id\":\"https:\\\/\\\/eldigitaldeasturias.com\\\/magazine365\\\/el-promotor-del-marbella-luxury-weekend-redisena-el-evento\\\/#webpage\",\"url\":\"https:\\\/\\\/eldigitaldeasturias.com\\\/magazine365\\\/el-promotor-del-marbella-luxury-weekend-redisena-el-evento\\\/\",\"name\":\"El promotor del Marbella Luxury Weekend redise\\u00f1a el evento | El Digital de Asturias\",\"description\":\"El promotor de la feria del lujo Marbella Luxury Weekend, el empresario Miguel G\\u00f3mez Molina, ha explicado este mi\\u00e9rcoles el nuevo formato que tendr\\u00e1 la cita tur\\u00edstica este verano para tratar de salvar la marca despu\\u00e9s de que el Ayuntamiento de Marbella (M\\u00e1laga) anunciara su renuncia a apoyar el evento ante la falta de iniciativa\",\"inLanguage\":\"es-ES\",\"isPartOf\":{\"@id\":\"https:\\\/\\\/eldigitaldeasturias.com\\\/magazine365\\\/#website\"},\"breadcrumb\":{\"@id\":\"https:\\\/\\\/eldigitaldeasturias.com\\\/magazine365\\\/el-promotor-del-marbella-luxury-weekend-redisena-el-evento\\\/#breadcrumblist\"},\"author\":{\"@id\":\"https:\\\/\\\/eldigitaldeasturias.com\\\/magazine365\\\/author\\\/admin\\\/#author\"},\"creator\":{\"@id\":\"https:\\\/\\\/eldigitaldeasturias.com\\\/magazine365\\\/author\\\/admin\\\/#author\"},\"image\":{\"@type\":\"ImageObject\",\"url\":\"https:\\\/\\\/eldigitaldeasturias.com\\\/magazine365\\\/wp-content\\\/uploads\\\/2016\\\/06\\\/fotonoticia_20160601153348_800.jpg\",\"@id\":\"https:\\\/\\\/eldigitaldeasturias.com\\\/magazine365\\\/el-promotor-del-marbella-luxury-weekend-redisena-el-evento\\\/#mainImage\",\"width\":800,\"height\":529},\"primaryImageOfPage\":{\"@id\":\"https:\\\/\\\/eldigitaldeasturias.com\\\/magazine365\\\/el-promotor-del-marbella-luxury-weekend-redisena-el-evento\\\/#mainImage\"},\"datePublished\":\"2016-06-04T05:01:30+02:00\",\"dateModified\":\"2016-06-04T05:01:30+02:00\"},{\"@type\":\"WebSite\",\"@id\":\"https:\\\/\\\/eldigitaldeasturias.com\\\/magazine365\\\/#website\",\"url\":\"https:\\\/\\\/eldigitaldeasturias.com\\\/magazine365\\\/\",\"name\":\"El Digital de Asturias\",\"description\":\"Revista de ocio, turismo y estilo de vida\",\"inLanguage\":\"es-ES\",\"publisher\":{\"@id\":\"https:\\\/\\\/eldigitaldeasturias.com\\\/magazine365\\\/#organization\"}}]}\n\t\t<\/script>\n\t\t<!-- All in One SEO Pro -->\r\n\t\t<title>El promotor del Marbella Luxury Weekend redise\u00f1a el evento | El Digital de Asturias<\/title>\n\n","aioseo_head_json":{"title":"El promotor del Marbella Luxury Weekend redise\u00f1a el evento | El Digital de Asturias","description":"El promotor de la feria del lujo Marbella Luxury Weekend, el empresario Miguel G\u00f3mez Molina, ha explicado este mi\u00e9rcoles el nuevo formato que tendr\u00e1 la cita tur\u00edstica este verano para tratar de salvar la marca despu\u00e9s de que el Ayuntamiento de Marbella (M\u00e1laga) anunciara su renuncia a apoyar el evento ante la falta de iniciativa","canonical_url":"https:\/\/eldigitaldeasturias.com\/magazine365\/el-promotor-del-marbella-luxury-weekend-redisena-el-evento\/","robots":"max-image-preview:large","keywords":"noticias y actualidad","webmasterTools":{"google-site-verification":"UA-38556648-1","miscellaneous":""},"schema":{"@context":"https:\/\/schema.org","@graph":[{"@type":"Article","@id":"https:\/\/eldigitaldeasturias.com\/magazine365\/el-promotor-del-marbella-luxury-weekend-redisena-el-evento\/#article","name":"El promotor del Marbella Luxury Weekend redise\u00f1a el evento | El Digital de Asturias","headline":"El promotor del Marbella Luxury Weekend redise\u00f1a el evento","author":{"@id":"https:\/\/eldigitaldeasturias.com\/magazine365\/author\/admin\/#author"},"publisher":{"@id":"https:\/\/eldigitaldeasturias.com\/magazine365\/#organization"},"image":{"@type":"ImageObject","url":"https:\/\/eldigitaldeasturias.com\/magazine365\/wp-content\/uploads\/2016\/06\/fotonoticia_20160601153348_800.jpg","width":800,"height":529},"datePublished":"2016-06-04T05:01:30+02:00","dateModified":"2016-06-04T05:01:30+02:00","inLanguage":"es-ES","mainEntityOfPage":{"@id":"https:\/\/eldigitaldeasturias.com\/magazine365\/el-promotor-del-marbella-luxury-weekend-redisena-el-evento\/#webpage"},"isPartOf":{"@id":"https:\/\/eldigitaldeasturias.com\/magazine365\/el-promotor-del-marbella-luxury-weekend-redisena-el-evento\/#webpage"},"articleSection":"Noticias y Actualidad"},{"@type":"BreadcrumbList","@id":"https:\/\/eldigitaldeasturias.com\/magazine365\/el-promotor-del-marbella-luxury-weekend-redisena-el-evento\/#breadcrumblist","itemListElement":[{"@type":"ListItem","@id":"https:\/\/eldigitaldeasturias.com\/magazine365#listItem","position":1,"name":"Home","item":"https:\/\/eldigitaldeasturias.com\/magazine365","nextItem":{"@type":"ListItem","@id":"https:\/\/eldigitaldeasturias.com\/magazine365\/category\/noticias-actualidad\/#listItem","name":"Noticias y Actualidad"}},{"@type":"ListItem","@id":"https:\/\/eldigitaldeasturias.com\/magazine365\/category\/noticias-actualidad\/#listItem","position":2,"name":"Noticias y Actualidad","item":"https:\/\/eldigitaldeasturias.com\/magazine365\/category\/noticias-actualidad\/","nextItem":{"@type":"ListItem","@id":"https:\/\/eldigitaldeasturias.com\/magazine365\/el-promotor-del-marbella-luxury-weekend-redisena-el-evento\/#listItem","name":"El promotor del Marbella Luxury Weekend redise\u00f1a el evento"},"previousItem":{"@type":"ListItem","@id":"https:\/\/eldigitaldeasturias.com\/magazine365#listItem","name":"Home"}},{"@type":"ListItem","@id":"https:\/\/eldigitaldeasturias.com\/magazine365\/el-promotor-del-marbella-luxury-weekend-redisena-el-evento\/#listItem","position":3,"name":"El promotor del Marbella Luxury Weekend redise\u00f1a el evento","previousItem":{"@type":"ListItem","@id":"https:\/\/eldigitaldeasturias.com\/magazine365\/category\/noticias-actualidad\/#listItem","name":"Noticias y Actualidad"}}]},{"@type":"Organization","@id":"https:\/\/eldigitaldeasturias.com\/magazine365\/#organization","name":"El digital de Asturias","description":"Revista de ocio, turismo y estilo de vida","url":"https:\/\/eldigitaldeasturias.com\/magazine365\/","logo":{"@type":"ImageObject","url":"https:\/\/www.eldigitaldeasturias.com\/noticias\/wp-content\/uploads\/2020\/12\/EDA.jpg","@id":"https:\/\/eldigitaldeasturias.com\/magazine365\/el-promotor-del-marbella-luxury-weekend-redisena-el-evento\/#organizationLogo"},"image":{"@id":"https:\/\/eldigitaldeasturias.com\/magazine365\/el-promotor-del-marbella-luxury-weekend-redisena-el-evento\/#organizationLogo"}},{"@type":"Person","@id":"https:\/\/eldigitaldeasturias.com\/magazine365\/author\/admin\/#author","url":"https:\/\/eldigitaldeasturias.com\/magazine365\/author\/admin\/","name":"admin","image":{"@type":"ImageObject","@id":"https:\/\/eldigitaldeasturias.com\/magazine365\/el-promotor-del-marbella-luxury-weekend-redisena-el-evento\/#authorImage","url":"https:\/\/eldigitaldeasturias.com\/magazine365\/wp-content\/litespeed\/avatar\/e571bcf59a0edd6fa6838245a470f2fe.jpg?ver=1776969259","width":96,"height":96,"caption":"admin"}},{"@type":"WebPage","@id":"https:\/\/eldigitaldeasturias.com\/magazine365\/el-promotor-del-marbella-luxury-weekend-redisena-el-evento\/#webpage","url":"https:\/\/eldigitaldeasturias.com\/magazine365\/el-promotor-del-marbella-luxury-weekend-redisena-el-evento\/","name":"El promotor del Marbella Luxury Weekend redise\u00f1a el evento | El Digital de Asturias","description":"El promotor de la feria del lujo Marbella Luxury Weekend, el empresario Miguel G\u00f3mez Molina, ha explicado este mi\u00e9rcoles el nuevo formato que tendr\u00e1 la cita tur\u00edstica este verano para tratar de salvar la marca despu\u00e9s de que el Ayuntamiento de Marbella (M\u00e1laga) anunciara su renuncia a apoyar el evento ante la falta de iniciativa","inLanguage":"es-ES","isPartOf":{"@id":"https:\/\/eldigitaldeasturias.com\/magazine365\/#website"},"breadcrumb":{"@id":"https:\/\/eldigitaldeasturias.com\/magazine365\/el-promotor-del-marbella-luxury-weekend-redisena-el-evento\/#breadcrumblist"},"author":{"@id":"https:\/\/eldigitaldeasturias.com\/magazine365\/author\/admin\/#author"},"creator":{"@id":"https:\/\/eldigitaldeasturias.com\/magazine365\/author\/admin\/#author"},"image":{"@type":"ImageObject","url":"https:\/\/eldigitaldeasturias.com\/magazine365\/wp-content\/uploads\/2016\/06\/fotonoticia_20160601153348_800.jpg","@id":"https:\/\/eldigitaldeasturias.com\/magazine365\/el-promotor-del-marbella-luxury-weekend-redisena-el-evento\/#mainImage","width":800,"height":529},"primaryImageOfPage":{"@id":"https:\/\/eldigitaldeasturias.com\/magazine365\/el-promotor-del-marbella-luxury-weekend-redisena-el-evento\/#mainImage"},"datePublished":"2016-06-04T05:01:30+02:00","dateModified":"2016-06-04T05:01:30+02:00"},{"@type":"WebSite","@id":"https:\/\/eldigitaldeasturias.com\/magazine365\/#website","url":"https:\/\/eldigitaldeasturias.com\/magazine365\/","name":"El Digital de Asturias","description":"Revista de ocio, turismo y estilo de vida","inLanguage":"es-ES","publisher":{"@id":"https:\/\/eldigitaldeasturias.com\/magazine365\/#organization"}}]},"og:locale":"es_ES","og:site_name":"El Digital de Asturias \u2013 Revista de ocio, turismo y estilo de vida","og:type":"article","og:title":"El promotor del Marbella Luxury Weekend redise\u00f1a el evento | El Digital de Asturias","og:description":"El promotor de la feria del lujo Marbella Luxury Weekend, el empresario Miguel G\u00f3mez Molina, ha explicado este mi\u00e9rcoles el nuevo formato que tendr\u00e1 la cita tur\u00edstica este verano para tratar de salvar la marca despu\u00e9s de que el Ayuntamiento de Marbella (M\u00e1laga) anunciara su renuncia a apoyar el evento ante la falta de iniciativa","og:url":"https:\/\/eldigitaldeasturias.com\/magazine365\/el-promotor-del-marbella-luxury-weekend-redisena-el-evento\/","og:image":"https:\/\/eldigitaldeasturias.com\/magazine365\/wp-content\/uploads\/2016\/06\/fotonoticia_20160601153348_800.jpg","og:image:secure_url":"https:\/\/eldigitaldeasturias.com\/magazine365\/wp-content\/uploads\/2016\/06\/fotonoticia_20160601153348_800.jpg","og:image:width":800,"og:image:height":529,"article:published_time":"2016-06-04T03:01:30+00:00","article:modified_time":"2016-06-04T03:01:30+00:00","twitter:card":"summary_large_image","twitter:title":"El promotor del Marbella Luxury Weekend redise\u00f1a el evento | El Digital de Asturias","twitter:description":"El promotor de la feria del lujo Marbella Luxury Weekend, el empresario Miguel G\u00f3mez Molina, ha explicado este mi\u00e9rcoles el nuevo formato que tendr\u00e1 la cita tur\u00edstica este verano para tratar de salvar la marca despu\u00e9s de que el Ayuntamiento de Marbella (M\u00e1laga) anunciara su renuncia a apoyar el evento ante la falta de iniciativa","twitter:image":"https:\/\/eldigitaldeasturias.com\/magazine365\/wp-content\/uploads\/2016\/06\/fotonoticia_20160601153348_800.jpg"},"aioseo_meta_data":{"post_id":"77506","title":null,"description":null,"keywords":null,"keyphrases":null,"primary_term":null,"canonical_url":null,"og_title":null,"og_description":null,"og_object_type":"default","og_image_type":"default","og_image_url":null,"og_image_width":null,"og_image_height":null,"og_image_custom_url":null,"og_image_custom_fields":null,"og_video":null,"og_custom_url":null,"og_article_section":null,"og_article_tags":null,"twitter_use_og":false,"twitter_card":"default","twitter_image_type":"default","twitter_image_url":null,"twitter_image_custom_url":null,"twitter_image_custom_fields":null,"twitter_title":null,"twitter_description":null,"schema":{"blockGraphs":[],"customGraphs":[],"default":{"data":{"Article":[],"Course":[],"Dataset":[],"FAQPage":[],"Movie":[],"Person":[],"Product":[],"ProductReview":[],"Car":[],"Recipe":[],"Service":[],"SoftwareApplication":[],"WebPage":[]},"graphName":"","isEnabled":true},"graphs":[],"defaultGraph":"","defaultPostTypeGraph":""},"schema_type":null,"schema_type_options":null,"pillar_content":false,"robots_default":true,"robots_noindex":false,"robots_noarchive":false,"robots_nosnippet":false,"robots_nofollow":false,"robots_noimageindex":false,"robots_noodp":false,"robots_notranslate":false,"robots_max_snippet":null,"robots_max_videopreview":null,"robots_max_imagepreview":"large","priority":null,"frequency":null,"location":null,"local_seo":null,"seo_analyzer_scan_date":"2025-09-27 15:01:42","breadcrumb_settings":null,"limit_modified_date":false,"open_ai":null,"ai":null,"created":"2021-03-08 18:14:03","updated":"2025-09-27 15:01:42"},"aioseo_breadcrumb":"<div class=\"aioseo-breadcrumbs\"><span class=\"aioseo-breadcrumb\">\n\t<a href=\"https:\/\/eldigitaldeasturias.com\/magazine365\" title=\"Home\">Home<\/a>\n<\/span><span class=\"aioseo-breadcrumb-separator\">\u2013<\/span><span class=\"aioseo-breadcrumb\">\n\t<a href=\"https:\/\/eldigitaldeasturias.com\/magazine365\/category\/noticias-actualidad\/\" title=\"Noticias y Actualidad\">Noticias y Actualidad<\/a>\n<\/span><span class=\"aioseo-breadcrumb-separator\">\u2013<\/span><span class=\"aioseo-breadcrumb\">\n\t<a href=\"https:\/\/eldigitaldeasturias.com\/magazine365\/el-promotor-del-marbella-luxury-weekend-redisena-el-evento\/\" title=\"El promotor del Marbella Luxury Weekend redise\u00f1a el evento\">El promotor del Marbella Luxury Weekend redise\u00f1a el evento<\/a>\n<\/span><\/div>","aioseo_breadcrumb_json":[{"label":"Home","link":"https:\/\/eldigitaldeasturias.com\/magazine365"},{"label":"Noticias y Actualidad","link":"https:\/\/eldigitaldeasturias.com\/magazine365\/category\/noticias-actualidad\/"},{"label":"El promotor del Marbella Luxury Weekend redise\u00f1a el evento","link":"https:\/\/eldigitaldeasturias.com\/magazine365\/el-promotor-del-marbella-luxury-weekend-redisena-el-evento\/"}],"_links":{"self":[{"href":"https:\/\/eldigitaldeasturias.com\/magazine365\/wp-json\/wp\/v2\/posts\/77506","targetHints":{"allow":["GET"]}}],"collection":[{"href":"https:\/\/eldigitaldeasturias.com\/magazine365\/wp-json\/wp\/v2\/posts"}],"about":[{"href":"https:\/\/eldigitaldeasturias.com\/magazine365\/wp-json\/wp\/v2\/types\/post"}],"author":[{"embeddable":true,"href":"https:\/\/eldigitaldeasturias.com\/magazine365\/wp-json\/wp\/v2\/users\/1"}],"replies":[{"embeddable":true,"href":"https:\/\/eldigitaldeasturias.com\/magazine365\/wp-json\/wp\/v2\/comments?post=77506"}],"version-history":[{"count":0,"href":"https:\/\/eldigitaldeasturias.com\/magazine365\/wp-json\/wp\/v2\/posts\/77506\/revisions"}],"wp:featuredmedia":[{"embeddable":true,"href":"https:\/\/eldigitaldeasturias.com\/magazine365\/wp-json\/wp\/v2\/media\/77507"}],"wp:attachment":[{"href":"https:\/\/eldigitaldeasturias.com\/magazine365\/wp-json\/wp\/v2\/media?parent=77506"}],"wp:term":[{"taxonomy":"category","embeddable":true,"href":"https:\/\/eldigitaldeasturias.com\/magazine365\/wp-json\/wp\/v2\/categories?post=77506"},{"taxonomy":"post_tag","embeddable":true,"href":"https:\/\/eldigitaldeasturias.com\/magazine365\/wp-json\/wp\/v2\/tags?post=77506"}],"curies":[{"name":"wp","href":"https:\/\/api.w.org\/{rel}","templated":true}]}}