{"id":77494,"date":"2016-06-04T04:51:57","date_gmt":"2016-06-04T02:51:57","guid":{"rendered":"http:\/\/eldigitaldeasturias.com\/magazine365\/?p=77494"},"modified":"2016-06-04T04:51:57","modified_gmt":"2016-06-04T02:51:57","slug":"la-torre-eiffel-se-iluminara-durante-la-eurocopa-con-los-colores-del-pais-que-mas-apoyo-de-sus-aficionados-reciba","status":"publish","type":"post","link":"https:\/\/eldigitaldeasturias.com\/magazine365\/la-torre-eiffel-se-iluminara-durante-la-eurocopa-con-los-colores-del-pais-que-mas-apoyo-de-sus-aficionados-reciba\/","title":{"rendered":"La Torre Eiffel se iluminar\u00e1 durante la Eurocopa con los colores del pa\u00eds que m\u00e1s apoyo de sus aficionados reciba"},"content":{"rendered":"<p><img fetchpriority=\"high\" decoding=\"async\" class=\"alignleft size-medium wp-image-77495\" src=\"https:\/\/eldigitaldeasturias.com\/magazine365\/wp-content\/uploads\/2016\/06\/fotonoticia_20160601140059_800-360x197.jpg\" alt=\"fotonoticia_20160601140059_800\" width=\"360\" height=\"197\" srcset=\"https:\/\/eldigitaldeasturias.com\/magazine365\/wp-content\/uploads\/2016\/06\/fotonoticia_20160601140059_800-360x197.jpg 360w, https:\/\/eldigitaldeasturias.com\/magazine365\/wp-content\/uploads\/2016\/06\/fotonoticia_20160601140059_800-650x355.jpg 650w, https:\/\/eldigitaldeasturias.com\/magazine365\/wp-content\/uploads\/2016\/06\/fotonoticia_20160601140059_800-768x420.jpg 768w, https:\/\/eldigitaldeasturias.com\/magazine365\/wp-content\/uploads\/2016\/06\/fotonoticia_20160601140059_800-150x82.jpg 150w, https:\/\/eldigitaldeasturias.com\/magazine365\/wp-content\/uploads\/2016\/06\/fotonoticia_20160601140059_800-450x246.jpg 450w, https:\/\/eldigitaldeasturias.com\/magazine365\/wp-content\/uploads\/2016\/06\/fotonoticia_20160601140059_800.jpg 800w\" sizes=\"(max-width: 360px) 100vw, 360px\" \/>La Torre Eiffel se iluminar\u00e1 durante la Eurocopa, que comenzar\u00e1 el pr\u00f3ximo 10 de junio, con los colores del pa\u00eds que m\u00e1s apoyo de sus aficionados reciba a trav\u00e9s de las redes sociales, gracias a una iniciativa de Orange, patrocinador oficial y proveedor oficial de los servicios de telecomunicaciones del torneo UEFA EURO 2016.<\/p>\n<p>Asimismo, cualquier aficionado desde cualquier parte del mundo, sea o no cliente de la compa\u00f1\u00eda, podr\u00e1 participar en esta acci\u00f3n utilizando el &#8216;hashtag&#8217; de su equipo favorito entre los que jueguen cada d\u00eda. Estos mensajes o v\u00eddeos se contar\u00e1n cada jornada, entre las 00.01 horas y las 21.30 horas, hora central europea.<\/p>\n<p>Diez minutos despu\u00e9s del pitido final del \u00faltimo de los partidos disputados, la conocida como &#8216;Dama de Hierro&#8217; lucir\u00e1 los colores del pa\u00eds que haya recibido un mayor respaldo de sus aficionados a trav\u00e9s de las redes sociales.<\/p>\n<p>Tambi\u00e9n se seleccionar\u00e1n los mejores mensajes compartidos por los seguidores y ser\u00e1n proyectados sobre la Torre Eiffel. Asimismo, la iluminaci\u00f3n tambi\u00e9n podr\u00e1 ser contemplada en directo a trav\u00e9s de la &#8216;web&#8217; OrangeSponsorsYou.com.<\/p>\n<p>&#8216;FAN DEL PARTIDO&#8217;.<\/p>\n<p>Durante cada partido del campeonato, Orange buscar\u00e1 entre los asistentes al que m\u00e1s destaque por la fuerza con la que anima a su equipo y se le nombrar\u00e1 &#8216;Fan del Partido&#8217;. UEFA anunciar\u00e1 al aficionado elegido en el descanso del partido y su imagen ser\u00e1 proyectada en las pantallas del estadio, en la Torre Eiffel y en los perfiles sociales de Orange.<\/p>\n<p>Adem\u00e1s, la empresa de telecomunicaciones y la UEFA otorgar\u00e1n al aficionado ganador al final del encuentro el trofeo que le reconocer\u00e1 oficialmente como &#8216;Fan del Partido&#8217;.<\/p>\n<p>Para ello, la compa\u00f1\u00eda contar\u00e1 con un equipo especial de fot\u00f3grafos dedicados a localizar en cada partido a esos aficionados que brillen por la entrega a sus colores.<\/p>\n<p>La Torre Eiffel es uno de los lugares del mundo en el que se toman m\u00e1s selfies, por delante del &#8216;Big Ben&#8217; Londinense y del &#8216;Empire State Building&#8217; en la Gran Manzana, y el monumento de pago m\u00e1s visitado del mundo. Entre 15.000 y 20.000 personas que visitan cada d\u00eda este emblem\u00e1tico lugar.<\/p>\n","protected":false},"excerpt":{"rendered":"<p>La Torre Eiffel se iluminar\u00e1 durante la Eurocopa, que comenzar\u00e1 el pr\u00f3ximo 10 de junio, con los colores del pa\u00eds que m\u00e1s apoyo de sus aficionados reciba a trav\u00e9s de las redes sociales, gracias a una iniciativa de Orange, patrocinador oficial y proveedor oficial de los servicios de telecomunicaciones del torneo UEFA EURO 2016. Asimismo,<\/p>\n","protected":false},"author":1,"featured_media":77495,"comment_status":"open","ping_status":"closed","sticky":false,"template":"","format":"standard","meta":{"footnotes":""},"categories":[224],"tags":[],"class_list":{"0":"post-77494","1":"post","2":"type-post","3":"status-publish","4":"format-standard","5":"has-post-thumbnail","7":"category-noticias-actualidad"},"aioseo_notices":[],"aioseo_head":"\n\t\t<!-- All in One SEO Pro 4.9.6.1 - aioseo.com -->\n\t<meta name=\"description\" content=\"La Torre Eiffel se iluminar\u00e1 durante la Eurocopa, que comenzar\u00e1 el pr\u00f3ximo 10 de junio, con los colores del pa\u00eds que m\u00e1s apoyo de sus aficionados reciba a trav\u00e9s de las redes sociales, gracias a una iniciativa de Orange, patrocinador oficial y proveedor oficial de los servicios de telecomunicaciones del torneo UEFA EURO 2016. Asimismo,\" \/>\n\t<meta name=\"robots\" content=\"max-image-preview:large\" \/>\n\t<meta name=\"author\" content=\"admin\"\/>\n\t<meta name=\"google-site-verification\" content=\"UA-38556648-1\" \/>\n\t<meta name=\"keywords\" content=\"noticias y actualidad\" \/>\n\t<link rel=\"canonical\" href=\"https:\/\/eldigitaldeasturias.com\/magazine365\/la-torre-eiffel-se-iluminara-durante-la-eurocopa-con-los-colores-del-pais-que-mas-apoyo-de-sus-aficionados-reciba\/\" \/>\n\t<meta name=\"generator\" content=\"All in One SEO Pro (AIOSEO) 4.9.6.1\" \/>\n\t\t<meta property=\"og:locale\" content=\"es_ES\" \/>\n\t\t<meta property=\"og:site_name\" content=\"El Digital de Asturias \u2013 Revista de ocio, turismo y estilo de vida\" \/>\n\t\t<meta property=\"og:type\" content=\"article\" \/>\n\t\t<meta property=\"og:title\" content=\"La Torre Eiffel se iluminar\u00e1 durante la Eurocopa con los colores del pa\u00eds que m\u00e1s apoyo de sus aficionados reciba | El Digital de Asturias\" \/>\n\t\t<meta property=\"og:description\" content=\"La Torre Eiffel se iluminar\u00e1 durante la Eurocopa, que comenzar\u00e1 el pr\u00f3ximo 10 de junio, con los colores del pa\u00eds que m\u00e1s apoyo de sus aficionados reciba a trav\u00e9s de las redes sociales, gracias a una iniciativa de Orange, patrocinador oficial y proveedor oficial de los servicios de telecomunicaciones del torneo UEFA EURO 2016. Asimismo,\" \/>\n\t\t<meta property=\"og:url\" content=\"https:\/\/eldigitaldeasturias.com\/magazine365\/la-torre-eiffel-se-iluminara-durante-la-eurocopa-con-los-colores-del-pais-que-mas-apoyo-de-sus-aficionados-reciba\/\" \/>\n\t\t<meta property=\"og:image\" content=\"https:\/\/eldigitaldeasturias.com\/magazine365\/wp-content\/uploads\/2016\/06\/fotonoticia_20160601140059_800.jpg\" \/>\n\t\t<meta property=\"og:image:secure_url\" content=\"https:\/\/eldigitaldeasturias.com\/magazine365\/wp-content\/uploads\/2016\/06\/fotonoticia_20160601140059_800.jpg\" \/>\n\t\t<meta property=\"og:image:width\" content=\"800\" \/>\n\t\t<meta property=\"og:image:height\" content=\"437\" \/>\n\t\t<meta property=\"article:published_time\" content=\"2016-06-04T02:51:57+00:00\" \/>\n\t\t<meta property=\"article:modified_time\" content=\"2016-06-04T02:51:57+00:00\" \/>\n\t\t<meta name=\"twitter:card\" content=\"summary_large_image\" \/>\n\t\t<meta name=\"twitter:title\" content=\"La Torre Eiffel se iluminar\u00e1 durante la Eurocopa con los colores del pa\u00eds que m\u00e1s apoyo de sus aficionados reciba | El Digital de Asturias\" \/>\n\t\t<meta name=\"twitter:description\" content=\"La Torre Eiffel se iluminar\u00e1 durante la Eurocopa, que comenzar\u00e1 el pr\u00f3ximo 10 de junio, con los colores del pa\u00eds que m\u00e1s apoyo de sus aficionados reciba a trav\u00e9s de las redes sociales, gracias a una iniciativa de Orange, patrocinador oficial y proveedor oficial de los servicios de telecomunicaciones del torneo UEFA EURO 2016. Asimismo,\" \/>\n\t\t<meta name=\"twitter:image\" content=\"https:\/\/eldigitaldeasturias.com\/magazine365\/wp-content\/uploads\/2016\/06\/fotonoticia_20160601140059_800.jpg\" \/>\n\t\t<script type=\"application\/ld+json\" class=\"aioseo-schema\">\n\t\t\t{\"@context\":\"https:\\\/\\\/schema.org\",\"@graph\":[{\"@type\":\"Article\",\"@id\":\"https:\\\/\\\/eldigitaldeasturias.com\\\/magazine365\\\/la-torre-eiffel-se-iluminara-durante-la-eurocopa-con-los-colores-del-pais-que-mas-apoyo-de-sus-aficionados-reciba\\\/#article\",\"name\":\"La Torre Eiffel se iluminar\\u00e1 durante la Eurocopa con los colores del pa\\u00eds que m\\u00e1s apoyo de sus aficionados reciba | El Digital de Asturias\",\"headline\":\"La Torre Eiffel se iluminar\\u00e1 durante la Eurocopa con los colores del pa\\u00eds que m\\u00e1s apoyo de sus aficionados reciba\",\"author\":{\"@id\":\"https:\\\/\\\/eldigitaldeasturias.com\\\/magazine365\\\/author\\\/admin\\\/#author\"},\"publisher\":{\"@id\":\"https:\\\/\\\/eldigitaldeasturias.com\\\/magazine365\\\/#organization\"},\"image\":{\"@type\":\"ImageObject\",\"url\":\"https:\\\/\\\/eldigitaldeasturias.com\\\/magazine365\\\/wp-content\\\/uploads\\\/2016\\\/06\\\/fotonoticia_20160601140059_800.jpg\",\"width\":800,\"height\":437},\"datePublished\":\"2016-06-04T04:51:57+02:00\",\"dateModified\":\"2016-06-04T04:51:57+02:00\",\"inLanguage\":\"es-ES\",\"mainEntityOfPage\":{\"@id\":\"https:\\\/\\\/eldigitaldeasturias.com\\\/magazine365\\\/la-torre-eiffel-se-iluminara-durante-la-eurocopa-con-los-colores-del-pais-que-mas-apoyo-de-sus-aficionados-reciba\\\/#webpage\"},\"isPartOf\":{\"@id\":\"https:\\\/\\\/eldigitaldeasturias.com\\\/magazine365\\\/la-torre-eiffel-se-iluminara-durante-la-eurocopa-con-los-colores-del-pais-que-mas-apoyo-de-sus-aficionados-reciba\\\/#webpage\"},\"articleSection\":\"Noticias y Actualidad\"},{\"@type\":\"BreadcrumbList\",\"@id\":\"https:\\\/\\\/eldigitaldeasturias.com\\\/magazine365\\\/la-torre-eiffel-se-iluminara-durante-la-eurocopa-con-los-colores-del-pais-que-mas-apoyo-de-sus-aficionados-reciba\\\/#breadcrumblist\",\"itemListElement\":[{\"@type\":\"ListItem\",\"@id\":\"https:\\\/\\\/eldigitaldeasturias.com\\\/magazine365#listItem\",\"position\":1,\"name\":\"Home\",\"item\":\"https:\\\/\\\/eldigitaldeasturias.com\\\/magazine365\",\"nextItem\":{\"@type\":\"ListItem\",\"@id\":\"https:\\\/\\\/eldigitaldeasturias.com\\\/magazine365\\\/category\\\/noticias-actualidad\\\/#listItem\",\"name\":\"Noticias y Actualidad\"}},{\"@type\":\"ListItem\",\"@id\":\"https:\\\/\\\/eldigitaldeasturias.com\\\/magazine365\\\/category\\\/noticias-actualidad\\\/#listItem\",\"position\":2,\"name\":\"Noticias y Actualidad\",\"item\":\"https:\\\/\\\/eldigitaldeasturias.com\\\/magazine365\\\/category\\\/noticias-actualidad\\\/\",\"nextItem\":{\"@type\":\"ListItem\",\"@id\":\"https:\\\/\\\/eldigitaldeasturias.com\\\/magazine365\\\/la-torre-eiffel-se-iluminara-durante-la-eurocopa-con-los-colores-del-pais-que-mas-apoyo-de-sus-aficionados-reciba\\\/#listItem\",\"name\":\"La Torre Eiffel se iluminar\\u00e1 durante la Eurocopa con los colores del pa\\u00eds que m\\u00e1s apoyo de sus aficionados reciba\"},\"previousItem\":{\"@type\":\"ListItem\",\"@id\":\"https:\\\/\\\/eldigitaldeasturias.com\\\/magazine365#listItem\",\"name\":\"Home\"}},{\"@type\":\"ListItem\",\"@id\":\"https:\\\/\\\/eldigitaldeasturias.com\\\/magazine365\\\/la-torre-eiffel-se-iluminara-durante-la-eurocopa-con-los-colores-del-pais-que-mas-apoyo-de-sus-aficionados-reciba\\\/#listItem\",\"position\":3,\"name\":\"La Torre Eiffel se iluminar\\u00e1 durante la Eurocopa con los colores del pa\\u00eds que m\\u00e1s apoyo de sus aficionados reciba\",\"previousItem\":{\"@type\":\"ListItem\",\"@id\":\"https:\\\/\\\/eldigitaldeasturias.com\\\/magazine365\\\/category\\\/noticias-actualidad\\\/#listItem\",\"name\":\"Noticias y Actualidad\"}}]},{\"@type\":\"Organization\",\"@id\":\"https:\\\/\\\/eldigitaldeasturias.com\\\/magazine365\\\/#organization\",\"name\":\"El digital de Asturias\",\"description\":\"Revista de ocio, turismo y estilo de vida\",\"url\":\"https:\\\/\\\/eldigitaldeasturias.com\\\/magazine365\\\/\",\"logo\":{\"@type\":\"ImageObject\",\"url\":\"https:\\\/\\\/www.eldigitaldeasturias.com\\\/noticias\\\/wp-content\\\/uploads\\\/2020\\\/12\\\/EDA.jpg\",\"@id\":\"https:\\\/\\\/eldigitaldeasturias.com\\\/magazine365\\\/la-torre-eiffel-se-iluminara-durante-la-eurocopa-con-los-colores-del-pais-que-mas-apoyo-de-sus-aficionados-reciba\\\/#organizationLogo\"},\"image\":{\"@id\":\"https:\\\/\\\/eldigitaldeasturias.com\\\/magazine365\\\/la-torre-eiffel-se-iluminara-durante-la-eurocopa-con-los-colores-del-pais-que-mas-apoyo-de-sus-aficionados-reciba\\\/#organizationLogo\"}},{\"@type\":\"Person\",\"@id\":\"https:\\\/\\\/eldigitaldeasturias.com\\\/magazine365\\\/author\\\/admin\\\/#author\",\"url\":\"https:\\\/\\\/eldigitaldeasturias.com\\\/magazine365\\\/author\\\/admin\\\/\",\"name\":\"admin\",\"image\":{\"@type\":\"ImageObject\",\"@id\":\"https:\\\/\\\/eldigitaldeasturias.com\\\/magazine365\\\/la-torre-eiffel-se-iluminara-durante-la-eurocopa-con-los-colores-del-pais-que-mas-apoyo-de-sus-aficionados-reciba\\\/#authorImage\",\"url\":\"https:\\\/\\\/eldigitaldeasturias.com\\\/magazine365\\\/wp-content\\\/litespeed\\\/avatar\\\/e571bcf59a0edd6fa6838245a470f2fe.jpg?ver=1776969259\",\"width\":96,\"height\":96,\"caption\":\"admin\"}},{\"@type\":\"WebPage\",\"@id\":\"https:\\\/\\\/eldigitaldeasturias.com\\\/magazine365\\\/la-torre-eiffel-se-iluminara-durante-la-eurocopa-con-los-colores-del-pais-que-mas-apoyo-de-sus-aficionados-reciba\\\/#webpage\",\"url\":\"https:\\\/\\\/eldigitaldeasturias.com\\\/magazine365\\\/la-torre-eiffel-se-iluminara-durante-la-eurocopa-con-los-colores-del-pais-que-mas-apoyo-de-sus-aficionados-reciba\\\/\",\"name\":\"La Torre Eiffel se iluminar\\u00e1 durante la Eurocopa con los colores del pa\\u00eds que m\\u00e1s apoyo de sus aficionados reciba | El Digital de Asturias\",\"description\":\"La Torre Eiffel se iluminar\\u00e1 durante la Eurocopa, que comenzar\\u00e1 el pr\\u00f3ximo 10 de junio, con los colores del pa\\u00eds que m\\u00e1s apoyo de sus aficionados reciba a trav\\u00e9s de las redes sociales, gracias a una iniciativa de Orange, patrocinador oficial y proveedor oficial de los servicios de telecomunicaciones del torneo UEFA EURO 2016. Asimismo,\",\"inLanguage\":\"es-ES\",\"isPartOf\":{\"@id\":\"https:\\\/\\\/eldigitaldeasturias.com\\\/magazine365\\\/#website\"},\"breadcrumb\":{\"@id\":\"https:\\\/\\\/eldigitaldeasturias.com\\\/magazine365\\\/la-torre-eiffel-se-iluminara-durante-la-eurocopa-con-los-colores-del-pais-que-mas-apoyo-de-sus-aficionados-reciba\\\/#breadcrumblist\"},\"author\":{\"@id\":\"https:\\\/\\\/eldigitaldeasturias.com\\\/magazine365\\\/author\\\/admin\\\/#author\"},\"creator\":{\"@id\":\"https:\\\/\\\/eldigitaldeasturias.com\\\/magazine365\\\/author\\\/admin\\\/#author\"},\"image\":{\"@type\":\"ImageObject\",\"url\":\"https:\\\/\\\/eldigitaldeasturias.com\\\/magazine365\\\/wp-content\\\/uploads\\\/2016\\\/06\\\/fotonoticia_20160601140059_800.jpg\",\"@id\":\"https:\\\/\\\/eldigitaldeasturias.com\\\/magazine365\\\/la-torre-eiffel-se-iluminara-durante-la-eurocopa-con-los-colores-del-pais-que-mas-apoyo-de-sus-aficionados-reciba\\\/#mainImage\",\"width\":800,\"height\":437},\"primaryImageOfPage\":{\"@id\":\"https:\\\/\\\/eldigitaldeasturias.com\\\/magazine365\\\/la-torre-eiffel-se-iluminara-durante-la-eurocopa-con-los-colores-del-pais-que-mas-apoyo-de-sus-aficionados-reciba\\\/#mainImage\"},\"datePublished\":\"2016-06-04T04:51:57+02:00\",\"dateModified\":\"2016-06-04T04:51:57+02:00\"},{\"@type\":\"WebSite\",\"@id\":\"https:\\\/\\\/eldigitaldeasturias.com\\\/magazine365\\\/#website\",\"url\":\"https:\\\/\\\/eldigitaldeasturias.com\\\/magazine365\\\/\",\"name\":\"El Digital de Asturias\",\"description\":\"Revista de ocio, turismo y estilo de vida\",\"inLanguage\":\"es-ES\",\"publisher\":{\"@id\":\"https:\\\/\\\/eldigitaldeasturias.com\\\/magazine365\\\/#organization\"}}]}\n\t\t<\/script>\n\t\t<!-- All in One SEO Pro -->\r\n\t\t<title>La Torre Eiffel se iluminar\u00e1 durante la Eurocopa con los colores del pa\u00eds que m\u00e1s apoyo de sus aficionados reciba | El Digital de Asturias<\/title>\n\n","aioseo_head_json":{"title":"La Torre Eiffel se iluminar\u00e1 durante la Eurocopa con los colores del pa\u00eds que m\u00e1s apoyo de sus aficionados reciba | El Digital de Asturias","description":"La Torre Eiffel se iluminar\u00e1 durante la Eurocopa, que comenzar\u00e1 el pr\u00f3ximo 10 de junio, con los colores del pa\u00eds que m\u00e1s apoyo de sus aficionados reciba a trav\u00e9s de las redes sociales, gracias a una iniciativa de Orange, patrocinador oficial y proveedor oficial de los servicios de telecomunicaciones del torneo UEFA EURO 2016. Asimismo,","canonical_url":"https:\/\/eldigitaldeasturias.com\/magazine365\/la-torre-eiffel-se-iluminara-durante-la-eurocopa-con-los-colores-del-pais-que-mas-apoyo-de-sus-aficionados-reciba\/","robots":"max-image-preview:large","keywords":"noticias y actualidad","webmasterTools":{"google-site-verification":"UA-38556648-1","miscellaneous":""},"schema":{"@context":"https:\/\/schema.org","@graph":[{"@type":"Article","@id":"https:\/\/eldigitaldeasturias.com\/magazine365\/la-torre-eiffel-se-iluminara-durante-la-eurocopa-con-los-colores-del-pais-que-mas-apoyo-de-sus-aficionados-reciba\/#article","name":"La Torre Eiffel se iluminar\u00e1 durante la Eurocopa con los colores del pa\u00eds que m\u00e1s apoyo de sus aficionados reciba | El Digital de Asturias","headline":"La Torre Eiffel se iluminar\u00e1 durante la Eurocopa con los colores del pa\u00eds que m\u00e1s apoyo de sus aficionados reciba","author":{"@id":"https:\/\/eldigitaldeasturias.com\/magazine365\/author\/admin\/#author"},"publisher":{"@id":"https:\/\/eldigitaldeasturias.com\/magazine365\/#organization"},"image":{"@type":"ImageObject","url":"https:\/\/eldigitaldeasturias.com\/magazine365\/wp-content\/uploads\/2016\/06\/fotonoticia_20160601140059_800.jpg","width":800,"height":437},"datePublished":"2016-06-04T04:51:57+02:00","dateModified":"2016-06-04T04:51:57+02:00","inLanguage":"es-ES","mainEntityOfPage":{"@id":"https:\/\/eldigitaldeasturias.com\/magazine365\/la-torre-eiffel-se-iluminara-durante-la-eurocopa-con-los-colores-del-pais-que-mas-apoyo-de-sus-aficionados-reciba\/#webpage"},"isPartOf":{"@id":"https:\/\/eldigitaldeasturias.com\/magazine365\/la-torre-eiffel-se-iluminara-durante-la-eurocopa-con-los-colores-del-pais-que-mas-apoyo-de-sus-aficionados-reciba\/#webpage"},"articleSection":"Noticias y Actualidad"},{"@type":"BreadcrumbList","@id":"https:\/\/eldigitaldeasturias.com\/magazine365\/la-torre-eiffel-se-iluminara-durante-la-eurocopa-con-los-colores-del-pais-que-mas-apoyo-de-sus-aficionados-reciba\/#breadcrumblist","itemListElement":[{"@type":"ListItem","@id":"https:\/\/eldigitaldeasturias.com\/magazine365#listItem","position":1,"name":"Home","item":"https:\/\/eldigitaldeasturias.com\/magazine365","nextItem":{"@type":"ListItem","@id":"https:\/\/eldigitaldeasturias.com\/magazine365\/category\/noticias-actualidad\/#listItem","name":"Noticias y Actualidad"}},{"@type":"ListItem","@id":"https:\/\/eldigitaldeasturias.com\/magazine365\/category\/noticias-actualidad\/#listItem","position":2,"name":"Noticias y Actualidad","item":"https:\/\/eldigitaldeasturias.com\/magazine365\/category\/noticias-actualidad\/","nextItem":{"@type":"ListItem","@id":"https:\/\/eldigitaldeasturias.com\/magazine365\/la-torre-eiffel-se-iluminara-durante-la-eurocopa-con-los-colores-del-pais-que-mas-apoyo-de-sus-aficionados-reciba\/#listItem","name":"La Torre Eiffel se iluminar\u00e1 durante la Eurocopa con los colores del pa\u00eds que m\u00e1s apoyo de sus aficionados reciba"},"previousItem":{"@type":"ListItem","@id":"https:\/\/eldigitaldeasturias.com\/magazine365#listItem","name":"Home"}},{"@type":"ListItem","@id":"https:\/\/eldigitaldeasturias.com\/magazine365\/la-torre-eiffel-se-iluminara-durante-la-eurocopa-con-los-colores-del-pais-que-mas-apoyo-de-sus-aficionados-reciba\/#listItem","position":3,"name":"La Torre Eiffel se iluminar\u00e1 durante la Eurocopa con los colores del pa\u00eds que m\u00e1s apoyo de sus aficionados reciba","previousItem":{"@type":"ListItem","@id":"https:\/\/eldigitaldeasturias.com\/magazine365\/category\/noticias-actualidad\/#listItem","name":"Noticias y Actualidad"}}]},{"@type":"Organization","@id":"https:\/\/eldigitaldeasturias.com\/magazine365\/#organization","name":"El digital de Asturias","description":"Revista de ocio, turismo y estilo de vida","url":"https:\/\/eldigitaldeasturias.com\/magazine365\/","logo":{"@type":"ImageObject","url":"https:\/\/www.eldigitaldeasturias.com\/noticias\/wp-content\/uploads\/2020\/12\/EDA.jpg","@id":"https:\/\/eldigitaldeasturias.com\/magazine365\/la-torre-eiffel-se-iluminara-durante-la-eurocopa-con-los-colores-del-pais-que-mas-apoyo-de-sus-aficionados-reciba\/#organizationLogo"},"image":{"@id":"https:\/\/eldigitaldeasturias.com\/magazine365\/la-torre-eiffel-se-iluminara-durante-la-eurocopa-con-los-colores-del-pais-que-mas-apoyo-de-sus-aficionados-reciba\/#organizationLogo"}},{"@type":"Person","@id":"https:\/\/eldigitaldeasturias.com\/magazine365\/author\/admin\/#author","url":"https:\/\/eldigitaldeasturias.com\/magazine365\/author\/admin\/","name":"admin","image":{"@type":"ImageObject","@id":"https:\/\/eldigitaldeasturias.com\/magazine365\/la-torre-eiffel-se-iluminara-durante-la-eurocopa-con-los-colores-del-pais-que-mas-apoyo-de-sus-aficionados-reciba\/#authorImage","url":"https:\/\/eldigitaldeasturias.com\/magazine365\/wp-content\/litespeed\/avatar\/e571bcf59a0edd6fa6838245a470f2fe.jpg?ver=1776969259","width":96,"height":96,"caption":"admin"}},{"@type":"WebPage","@id":"https:\/\/eldigitaldeasturias.com\/magazine365\/la-torre-eiffel-se-iluminara-durante-la-eurocopa-con-los-colores-del-pais-que-mas-apoyo-de-sus-aficionados-reciba\/#webpage","url":"https:\/\/eldigitaldeasturias.com\/magazine365\/la-torre-eiffel-se-iluminara-durante-la-eurocopa-con-los-colores-del-pais-que-mas-apoyo-de-sus-aficionados-reciba\/","name":"La Torre Eiffel se iluminar\u00e1 durante la Eurocopa con los colores del pa\u00eds que m\u00e1s apoyo de sus aficionados reciba | El Digital de Asturias","description":"La Torre Eiffel se iluminar\u00e1 durante la Eurocopa, que comenzar\u00e1 el pr\u00f3ximo 10 de junio, con los colores del pa\u00eds que m\u00e1s apoyo de sus aficionados reciba a trav\u00e9s de las redes sociales, gracias a una iniciativa de Orange, patrocinador oficial y proveedor oficial de los servicios de telecomunicaciones del torneo UEFA EURO 2016. Asimismo,","inLanguage":"es-ES","isPartOf":{"@id":"https:\/\/eldigitaldeasturias.com\/magazine365\/#website"},"breadcrumb":{"@id":"https:\/\/eldigitaldeasturias.com\/magazine365\/la-torre-eiffel-se-iluminara-durante-la-eurocopa-con-los-colores-del-pais-que-mas-apoyo-de-sus-aficionados-reciba\/#breadcrumblist"},"author":{"@id":"https:\/\/eldigitaldeasturias.com\/magazine365\/author\/admin\/#author"},"creator":{"@id":"https:\/\/eldigitaldeasturias.com\/magazine365\/author\/admin\/#author"},"image":{"@type":"ImageObject","url":"https:\/\/eldigitaldeasturias.com\/magazine365\/wp-content\/uploads\/2016\/06\/fotonoticia_20160601140059_800.jpg","@id":"https:\/\/eldigitaldeasturias.com\/magazine365\/la-torre-eiffel-se-iluminara-durante-la-eurocopa-con-los-colores-del-pais-que-mas-apoyo-de-sus-aficionados-reciba\/#mainImage","width":800,"height":437},"primaryImageOfPage":{"@id":"https:\/\/eldigitaldeasturias.com\/magazine365\/la-torre-eiffel-se-iluminara-durante-la-eurocopa-con-los-colores-del-pais-que-mas-apoyo-de-sus-aficionados-reciba\/#mainImage"},"datePublished":"2016-06-04T04:51:57+02:00","dateModified":"2016-06-04T04:51:57+02:00"},{"@type":"WebSite","@id":"https:\/\/eldigitaldeasturias.com\/magazine365\/#website","url":"https:\/\/eldigitaldeasturias.com\/magazine365\/","name":"El Digital de Asturias","description":"Revista de ocio, turismo y estilo de vida","inLanguage":"es-ES","publisher":{"@id":"https:\/\/eldigitaldeasturias.com\/magazine365\/#organization"}}]},"og:locale":"es_ES","og:site_name":"El Digital de Asturias \u2013 Revista de ocio, turismo y estilo de vida","og:type":"article","og:title":"La Torre Eiffel se iluminar\u00e1 durante la Eurocopa con los colores del pa\u00eds que m\u00e1s apoyo de sus aficionados reciba | El Digital de Asturias","og:description":"La Torre Eiffel se iluminar\u00e1 durante la Eurocopa, que comenzar\u00e1 el pr\u00f3ximo 10 de junio, con los colores del pa\u00eds que m\u00e1s apoyo de sus aficionados reciba a trav\u00e9s de las redes sociales, gracias a una iniciativa de Orange, patrocinador oficial y proveedor oficial de los servicios de telecomunicaciones del torneo UEFA EURO 2016. Asimismo,","og:url":"https:\/\/eldigitaldeasturias.com\/magazine365\/la-torre-eiffel-se-iluminara-durante-la-eurocopa-con-los-colores-del-pais-que-mas-apoyo-de-sus-aficionados-reciba\/","og:image":"https:\/\/eldigitaldeasturias.com\/magazine365\/wp-content\/uploads\/2016\/06\/fotonoticia_20160601140059_800.jpg","og:image:secure_url":"https:\/\/eldigitaldeasturias.com\/magazine365\/wp-content\/uploads\/2016\/06\/fotonoticia_20160601140059_800.jpg","og:image:width":800,"og:image:height":437,"article:published_time":"2016-06-04T02:51:57+00:00","article:modified_time":"2016-06-04T02:51:57+00:00","twitter:card":"summary_large_image","twitter:title":"La Torre Eiffel se iluminar\u00e1 durante la Eurocopa con los colores del pa\u00eds que m\u00e1s apoyo de sus aficionados reciba | El Digital de Asturias","twitter:description":"La Torre Eiffel se iluminar\u00e1 durante la Eurocopa, que comenzar\u00e1 el pr\u00f3ximo 10 de junio, con los colores del pa\u00eds que m\u00e1s apoyo de sus aficionados reciba a trav\u00e9s de las redes sociales, gracias a una iniciativa de Orange, patrocinador oficial y proveedor oficial de los servicios de telecomunicaciones del torneo UEFA EURO 2016. Asimismo,","twitter:image":"https:\/\/eldigitaldeasturias.com\/magazine365\/wp-content\/uploads\/2016\/06\/fotonoticia_20160601140059_800.jpg"},"aioseo_meta_data":{"post_id":"77494","title":null,"description":null,"keywords":null,"keyphrases":null,"primary_term":null,"canonical_url":null,"og_title":null,"og_description":null,"og_object_type":"default","og_image_type":"default","og_image_url":null,"og_image_width":null,"og_image_height":null,"og_image_custom_url":null,"og_image_custom_fields":null,"og_video":null,"og_custom_url":null,"og_article_section":null,"og_article_tags":null,"twitter_use_og":false,"twitter_card":"default","twitter_image_type":"default","twitter_image_url":null,"twitter_image_custom_url":null,"twitter_image_custom_fields":null,"twitter_title":null,"twitter_description":null,"schema":{"blockGraphs":[],"customGraphs":[],"default":{"data":{"Article":[],"Course":[],"Dataset":[],"FAQPage":[],"Movie":[],"Person":[],"Product":[],"ProductReview":[],"Car":[],"Recipe":[],"Service":[],"SoftwareApplication":[],"WebPage":[]},"graphName":"","isEnabled":true},"graphs":[],"defaultGraph":"","defaultPostTypeGraph":""},"schema_type":null,"schema_type_options":null,"pillar_content":false,"robots_default":true,"robots_noindex":false,"robots_noarchive":false,"robots_nosnippet":false,"robots_nofollow":false,"robots_noimageindex":false,"robots_noodp":false,"robots_notranslate":false,"robots_max_snippet":null,"robots_max_videopreview":null,"robots_max_imagepreview":"large","priority":null,"frequency":null,"location":null,"local_seo":null,"seo_analyzer_scan_date":"2025-09-27 14:59:03","breadcrumb_settings":null,"limit_modified_date":false,"open_ai":null,"ai":null,"created":"2021-03-08 18:14:03","updated":"2025-09-27 14:59:03"},"aioseo_breadcrumb":"<div class=\"aioseo-breadcrumbs\"><span class=\"aioseo-breadcrumb\">\n\t<a href=\"https:\/\/eldigitaldeasturias.com\/magazine365\" title=\"Home\">Home<\/a>\n<\/span><span class=\"aioseo-breadcrumb-separator\">\u2013<\/span><span class=\"aioseo-breadcrumb\">\n\t<a href=\"https:\/\/eldigitaldeasturias.com\/magazine365\/category\/noticias-actualidad\/\" title=\"Noticias y Actualidad\">Noticias y Actualidad<\/a>\n<\/span><span class=\"aioseo-breadcrumb-separator\">\u2013<\/span><span class=\"aioseo-breadcrumb\">\n\t<a href=\"https:\/\/eldigitaldeasturias.com\/magazine365\/la-torre-eiffel-se-iluminara-durante-la-eurocopa-con-los-colores-del-pais-que-mas-apoyo-de-sus-aficionados-reciba\/\" title=\"La Torre Eiffel se iluminar\u00e1 durante la Eurocopa con los colores del pa\u00eds que m\u00e1s apoyo de sus aficionados reciba\">La Torre Eiffel se iluminar\u00e1 durante la Eurocopa con los colores del pa\u00eds que m\u00e1s apoyo de sus aficionados reciba<\/a>\n<\/span><\/div>","aioseo_breadcrumb_json":[{"label":"Home","link":"https:\/\/eldigitaldeasturias.com\/magazine365"},{"label":"Noticias y Actualidad","link":"https:\/\/eldigitaldeasturias.com\/magazine365\/category\/noticias-actualidad\/"},{"label":"La Torre Eiffel se iluminar\u00e1 durante la Eurocopa con los colores del pa\u00eds que m\u00e1s apoyo de sus aficionados reciba","link":"https:\/\/eldigitaldeasturias.com\/magazine365\/la-torre-eiffel-se-iluminara-durante-la-eurocopa-con-los-colores-del-pais-que-mas-apoyo-de-sus-aficionados-reciba\/"}],"_links":{"self":[{"href":"https:\/\/eldigitaldeasturias.com\/magazine365\/wp-json\/wp\/v2\/posts\/77494","targetHints":{"allow":["GET"]}}],"collection":[{"href":"https:\/\/eldigitaldeasturias.com\/magazine365\/wp-json\/wp\/v2\/posts"}],"about":[{"href":"https:\/\/eldigitaldeasturias.com\/magazine365\/wp-json\/wp\/v2\/types\/post"}],"author":[{"embeddable":true,"href":"https:\/\/eldigitaldeasturias.com\/magazine365\/wp-json\/wp\/v2\/users\/1"}],"replies":[{"embeddable":true,"href":"https:\/\/eldigitaldeasturias.com\/magazine365\/wp-json\/wp\/v2\/comments?post=77494"}],"version-history":[{"count":0,"href":"https:\/\/eldigitaldeasturias.com\/magazine365\/wp-json\/wp\/v2\/posts\/77494\/revisions"}],"wp:featuredmedia":[{"embeddable":true,"href":"https:\/\/eldigitaldeasturias.com\/magazine365\/wp-json\/wp\/v2\/media\/77495"}],"wp:attachment":[{"href":"https:\/\/eldigitaldeasturias.com\/magazine365\/wp-json\/wp\/v2\/media?parent=77494"}],"wp:term":[{"taxonomy":"category","embeddable":true,"href":"https:\/\/eldigitaldeasturias.com\/magazine365\/wp-json\/wp\/v2\/categories?post=77494"},{"taxonomy":"post_tag","embeddable":true,"href":"https:\/\/eldigitaldeasturias.com\/magazine365\/wp-json\/wp\/v2\/tags?post=77494"}],"curies":[{"name":"wp","href":"https:\/\/api.w.org\/{rel}","templated":true}]}}