{"id":77482,"date":"2016-06-04T04:36:42","date_gmt":"2016-06-04T02:36:42","guid":{"rendered":"http:\/\/eldigitaldeasturias.com\/magazine365\/?p=77482"},"modified":"2016-06-04T04:36:42","modified_gmt":"2016-06-04T02:36:42","slug":"logis-hoteles-diversificara-y-ampliara-su-oferta","status":"publish","type":"post","link":"https:\/\/eldigitaldeasturias.com\/magazine365\/logis-hoteles-diversificara-y-ampliara-su-oferta\/","title":{"rendered":"Logis Hoteles diversificar\u00e1 y ampliar\u00e1 su oferta"},"content":{"rendered":"<p><img fetchpriority=\"high\" decoding=\"async\" class=\"alignleft size-medium wp-image-77483\" src=\"https:\/\/eldigitaldeasturias.com\/magazine365\/wp-content\/uploads\/2016\/06\/fotonoticia_20160601120334_800-360x240.jpg\" alt=\"fotonoticia_20160601120334_800\" width=\"360\" height=\"240\" srcset=\"https:\/\/eldigitaldeasturias.com\/magazine365\/wp-content\/uploads\/2016\/06\/fotonoticia_20160601120334_800-360x240.jpg 360w, https:\/\/eldigitaldeasturias.com\/magazine365\/wp-content\/uploads\/2016\/06\/fotonoticia_20160601120334_800-650x433.jpg 650w, https:\/\/eldigitaldeasturias.com\/magazine365\/wp-content\/uploads\/2016\/06\/fotonoticia_20160601120334_800-768x512.jpg 768w, https:\/\/eldigitaldeasturias.com\/magazine365\/wp-content\/uploads\/2016\/06\/fotonoticia_20160601120334_800-150x100.jpg 150w, https:\/\/eldigitaldeasturias.com\/magazine365\/wp-content\/uploads\/2016\/06\/fotonoticia_20160601120334_800-450x300.jpg 450w, https:\/\/eldigitaldeasturias.com\/magazine365\/wp-content\/uploads\/2016\/06\/fotonoticia_20160601120334_800-101x66.jpg 101w, https:\/\/eldigitaldeasturias.com\/magazine365\/wp-content\/uploads\/2016\/06\/fotonoticia_20160601120334_800.jpg 800w\" sizes=\"(max-width: 360px) 100vw, 360px\" \/>Logis Hoteles diversificar\u00e1 y ampliar\u00e1 su oferta con nuevas tipolog\u00edas de alojamientos, crear\u00e1 una nueva &#8216;web&#8217; para optimizar las ventas desarrollar\u00e1 su comunicaci\u00f3n bajo el concepto &#8216;Bienvenido al placer Logis como parte de sus objetivos para el a\u00f1o 2017, ha informado la compa\u00f1\u00eda.<\/p>\n<p>\u00abNos preocupamos por la eficacia y el compromiso de la marca Logis entre nuestros asociados, lo cual incluye un mejor soporte para cada establecimiento afiliado que les permita un crecimiento sostenible y competitivo\u00bb, ha afirmado el presidente de la Federaci\u00f3n Internacional de Logis (FIL), Fabrice Galland.<\/p>\n<p>Asimismo y ante el aumento de la competencia, FIL ha decidido realizar una serie de reformas basadas en la profesionalizaci\u00f3n y fortalecimiento de la marca, as\u00ed como fijando un nuevo est\u00e1ndar de calidad.<\/p>\n<p>Los objetivos de estos cambios son garantizar un mejor servicio, desarrollo y rentabilidad de las instituciones, el crecimiento de la marca en el mercado y respetando los valores de Logis.<\/p>\n<p>Para ello, se ha desarrollado una nueva estructura comercial de ventas con 25 nuevos asesores t\u00e9cnicos y de negocio, cinco directores regionales y dos asesores comerciales. Adem\u00e1s, todos los hoteles tendr\u00e1n una tarifa \u00fanica y centralizada bas\u00e1ndose en los servicios ofertados. Tambi\u00e9n se han fijado unos nuevos criterios de calidad donde la experiencia cobra una mayor importancia.<\/p>\n","protected":false},"excerpt":{"rendered":"<p>Logis Hoteles diversificar\u00e1 y ampliar\u00e1 su oferta con nuevas tipolog\u00edas de alojamientos, crear\u00e1 una nueva &#8216;web&#8217; para optimizar las ventas desarrollar\u00e1 su comunicaci\u00f3n bajo el concepto &#8216;Bienvenido al placer Logis como parte de sus objetivos para el a\u00f1o 2017, ha informado la compa\u00f1\u00eda. \u00abNos preocupamos por la eficacia y el compromiso de la marca Logis<\/p>\n","protected":false},"author":1,"featured_media":77483,"comment_status":"open","ping_status":"closed","sticky":false,"template":"","format":"standard","meta":{"footnotes":""},"categories":[224],"tags":[],"class_list":{"0":"post-77482","1":"post","2":"type-post","3":"status-publish","4":"format-standard","5":"has-post-thumbnail","7":"category-noticias-actualidad"},"aioseo_notices":[],"aioseo_head":"\n\t\t<!-- All in One SEO Pro 4.9.6.1 - aioseo.com -->\n\t<meta name=\"description\" content=\"Logis Hoteles diversificar\u00e1 y ampliar\u00e1 su oferta con nuevas tipolog\u00edas de alojamientos, crear\u00e1 una nueva &#039;web&#039; para optimizar las ventas desarrollar\u00e1 su comunicaci\u00f3n bajo el concepto &#039;Bienvenido al placer Logis como parte de sus objetivos para el a\u00f1o 2017, ha informado la compa\u00f1\u00eda. &quot;Nos preocupamos por la eficacia y el compromiso de la marca Logis\" \/>\n\t<meta name=\"robots\" content=\"max-image-preview:large\" \/>\n\t<meta name=\"author\" content=\"admin\"\/>\n\t<meta name=\"google-site-verification\" content=\"UA-38556648-1\" \/>\n\t<meta name=\"keywords\" content=\"noticias y actualidad\" \/>\n\t<link rel=\"canonical\" href=\"https:\/\/eldigitaldeasturias.com\/magazine365\/logis-hoteles-diversificara-y-ampliara-su-oferta\/\" \/>\n\t<meta name=\"generator\" content=\"All in One SEO Pro (AIOSEO) 4.9.6.1\" \/>\n\t\t<meta property=\"og:locale\" content=\"es_ES\" \/>\n\t\t<meta property=\"og:site_name\" content=\"El Digital de Asturias \u2013 Revista de ocio, turismo y estilo de vida\" \/>\n\t\t<meta property=\"og:type\" content=\"article\" \/>\n\t\t<meta property=\"og:title\" content=\"Logis Hoteles diversificar\u00e1 y ampliar\u00e1 su oferta | El Digital de Asturias\" \/>\n\t\t<meta property=\"og:description\" content=\"Logis Hoteles diversificar\u00e1 y ampliar\u00e1 su oferta con nuevas tipolog\u00edas de alojamientos, crear\u00e1 una nueva &#039;web&#039; para optimizar las ventas desarrollar\u00e1 su comunicaci\u00f3n bajo el concepto &#039;Bienvenido al placer Logis como parte de sus objetivos para el a\u00f1o 2017, ha informado la compa\u00f1\u00eda. &quot;Nos preocupamos por la eficacia y el compromiso de la marca Logis\" \/>\n\t\t<meta property=\"og:url\" content=\"https:\/\/eldigitaldeasturias.com\/magazine365\/logis-hoteles-diversificara-y-ampliara-su-oferta\/\" \/>\n\t\t<meta property=\"og:image\" content=\"https:\/\/eldigitaldeasturias.com\/magazine365\/wp-content\/uploads\/2016\/06\/fotonoticia_20160601120334_800.jpg\" \/>\n\t\t<meta property=\"og:image:secure_url\" content=\"https:\/\/eldigitaldeasturias.com\/magazine365\/wp-content\/uploads\/2016\/06\/fotonoticia_20160601120334_800.jpg\" \/>\n\t\t<meta property=\"og:image:width\" content=\"800\" \/>\n\t\t<meta property=\"og:image:height\" content=\"533\" \/>\n\t\t<meta property=\"article:published_time\" content=\"2016-06-04T02:36:42+00:00\" \/>\n\t\t<meta property=\"article:modified_time\" content=\"2016-06-04T02:36:42+00:00\" \/>\n\t\t<meta name=\"twitter:card\" content=\"summary_large_image\" \/>\n\t\t<meta name=\"twitter:title\" content=\"Logis Hoteles diversificar\u00e1 y ampliar\u00e1 su oferta | El Digital de Asturias\" \/>\n\t\t<meta name=\"twitter:description\" content=\"Logis Hoteles diversificar\u00e1 y ampliar\u00e1 su oferta con nuevas tipolog\u00edas de alojamientos, crear\u00e1 una nueva &#039;web&#039; para optimizar las ventas desarrollar\u00e1 su comunicaci\u00f3n bajo el concepto &#039;Bienvenido al placer Logis como parte de sus objetivos para el a\u00f1o 2017, ha informado la compa\u00f1\u00eda. &quot;Nos preocupamos por la eficacia y el compromiso de la marca Logis\" \/>\n\t\t<meta name=\"twitter:image\" content=\"https:\/\/eldigitaldeasturias.com\/magazine365\/wp-content\/uploads\/2016\/06\/fotonoticia_20160601120334_800.jpg\" \/>\n\t\t<script type=\"application\/ld+json\" class=\"aioseo-schema\">\n\t\t\t{\"@context\":\"https:\\\/\\\/schema.org\",\"@graph\":[{\"@type\":\"Article\",\"@id\":\"https:\\\/\\\/eldigitaldeasturias.com\\\/magazine365\\\/logis-hoteles-diversificara-y-ampliara-su-oferta\\\/#article\",\"name\":\"Logis Hoteles diversificar\\u00e1 y ampliar\\u00e1 su oferta | El Digital de Asturias\",\"headline\":\"Logis Hoteles diversificar\\u00e1 y ampliar\\u00e1 su oferta\",\"author\":{\"@id\":\"https:\\\/\\\/eldigitaldeasturias.com\\\/magazine365\\\/author\\\/admin\\\/#author\"},\"publisher\":{\"@id\":\"https:\\\/\\\/eldigitaldeasturias.com\\\/magazine365\\\/#organization\"},\"image\":{\"@type\":\"ImageObject\",\"url\":\"https:\\\/\\\/eldigitaldeasturias.com\\\/magazine365\\\/wp-content\\\/uploads\\\/2016\\\/06\\\/fotonoticia_20160601120334_800.jpg\",\"width\":800,\"height\":533},\"datePublished\":\"2016-06-04T04:36:42+02:00\",\"dateModified\":\"2016-06-04T04:36:42+02:00\",\"inLanguage\":\"es-ES\",\"mainEntityOfPage\":{\"@id\":\"https:\\\/\\\/eldigitaldeasturias.com\\\/magazine365\\\/logis-hoteles-diversificara-y-ampliara-su-oferta\\\/#webpage\"},\"isPartOf\":{\"@id\":\"https:\\\/\\\/eldigitaldeasturias.com\\\/magazine365\\\/logis-hoteles-diversificara-y-ampliara-su-oferta\\\/#webpage\"},\"articleSection\":\"Noticias y Actualidad\"},{\"@type\":\"BreadcrumbList\",\"@id\":\"https:\\\/\\\/eldigitaldeasturias.com\\\/magazine365\\\/logis-hoteles-diversificara-y-ampliara-su-oferta\\\/#breadcrumblist\",\"itemListElement\":[{\"@type\":\"ListItem\",\"@id\":\"https:\\\/\\\/eldigitaldeasturias.com\\\/magazine365#listItem\",\"position\":1,\"name\":\"Home\",\"item\":\"https:\\\/\\\/eldigitaldeasturias.com\\\/magazine365\",\"nextItem\":{\"@type\":\"ListItem\",\"@id\":\"https:\\\/\\\/eldigitaldeasturias.com\\\/magazine365\\\/category\\\/noticias-actualidad\\\/#listItem\",\"name\":\"Noticias y Actualidad\"}},{\"@type\":\"ListItem\",\"@id\":\"https:\\\/\\\/eldigitaldeasturias.com\\\/magazine365\\\/category\\\/noticias-actualidad\\\/#listItem\",\"position\":2,\"name\":\"Noticias y Actualidad\",\"item\":\"https:\\\/\\\/eldigitaldeasturias.com\\\/magazine365\\\/category\\\/noticias-actualidad\\\/\",\"nextItem\":{\"@type\":\"ListItem\",\"@id\":\"https:\\\/\\\/eldigitaldeasturias.com\\\/magazine365\\\/logis-hoteles-diversificara-y-ampliara-su-oferta\\\/#listItem\",\"name\":\"Logis Hoteles diversificar\\u00e1 y ampliar\\u00e1 su oferta\"},\"previousItem\":{\"@type\":\"ListItem\",\"@id\":\"https:\\\/\\\/eldigitaldeasturias.com\\\/magazine365#listItem\",\"name\":\"Home\"}},{\"@type\":\"ListItem\",\"@id\":\"https:\\\/\\\/eldigitaldeasturias.com\\\/magazine365\\\/logis-hoteles-diversificara-y-ampliara-su-oferta\\\/#listItem\",\"position\":3,\"name\":\"Logis Hoteles diversificar\\u00e1 y ampliar\\u00e1 su oferta\",\"previousItem\":{\"@type\":\"ListItem\",\"@id\":\"https:\\\/\\\/eldigitaldeasturias.com\\\/magazine365\\\/category\\\/noticias-actualidad\\\/#listItem\",\"name\":\"Noticias y Actualidad\"}}]},{\"@type\":\"Organization\",\"@id\":\"https:\\\/\\\/eldigitaldeasturias.com\\\/magazine365\\\/#organization\",\"name\":\"El digital de Asturias\",\"description\":\"Revista de ocio, turismo y estilo de vida\",\"url\":\"https:\\\/\\\/eldigitaldeasturias.com\\\/magazine365\\\/\",\"logo\":{\"@type\":\"ImageObject\",\"url\":\"https:\\\/\\\/www.eldigitaldeasturias.com\\\/noticias\\\/wp-content\\\/uploads\\\/2020\\\/12\\\/EDA.jpg\",\"@id\":\"https:\\\/\\\/eldigitaldeasturias.com\\\/magazine365\\\/logis-hoteles-diversificara-y-ampliara-su-oferta\\\/#organizationLogo\"},\"image\":{\"@id\":\"https:\\\/\\\/eldigitaldeasturias.com\\\/magazine365\\\/logis-hoteles-diversificara-y-ampliara-su-oferta\\\/#organizationLogo\"}},{\"@type\":\"Person\",\"@id\":\"https:\\\/\\\/eldigitaldeasturias.com\\\/magazine365\\\/author\\\/admin\\\/#author\",\"url\":\"https:\\\/\\\/eldigitaldeasturias.com\\\/magazine365\\\/author\\\/admin\\\/\",\"name\":\"admin\",\"image\":{\"@type\":\"ImageObject\",\"@id\":\"https:\\\/\\\/eldigitaldeasturias.com\\\/magazine365\\\/logis-hoteles-diversificara-y-ampliara-su-oferta\\\/#authorImage\",\"url\":\"https:\\\/\\\/eldigitaldeasturias.com\\\/magazine365\\\/wp-content\\\/litespeed\\\/avatar\\\/e571bcf59a0edd6fa6838245a470f2fe.jpg?ver=1776969259\",\"width\":96,\"height\":96,\"caption\":\"admin\"}},{\"@type\":\"WebPage\",\"@id\":\"https:\\\/\\\/eldigitaldeasturias.com\\\/magazine365\\\/logis-hoteles-diversificara-y-ampliara-su-oferta\\\/#webpage\",\"url\":\"https:\\\/\\\/eldigitaldeasturias.com\\\/magazine365\\\/logis-hoteles-diversificara-y-ampliara-su-oferta\\\/\",\"name\":\"Logis Hoteles diversificar\\u00e1 y ampliar\\u00e1 su oferta | El Digital de Asturias\",\"description\":\"Logis Hoteles diversificar\\u00e1 y ampliar\\u00e1 su oferta con nuevas tipolog\\u00edas de alojamientos, crear\\u00e1 una nueva 'web' para optimizar las ventas desarrollar\\u00e1 su comunicaci\\u00f3n bajo el concepto 'Bienvenido al placer Logis como parte de sus objetivos para el a\\u00f1o 2017, ha informado la compa\\u00f1\\u00eda. \\\"Nos preocupamos por la eficacia y el compromiso de la marca Logis\",\"inLanguage\":\"es-ES\",\"isPartOf\":{\"@id\":\"https:\\\/\\\/eldigitaldeasturias.com\\\/magazine365\\\/#website\"},\"breadcrumb\":{\"@id\":\"https:\\\/\\\/eldigitaldeasturias.com\\\/magazine365\\\/logis-hoteles-diversificara-y-ampliara-su-oferta\\\/#breadcrumblist\"},\"author\":{\"@id\":\"https:\\\/\\\/eldigitaldeasturias.com\\\/magazine365\\\/author\\\/admin\\\/#author\"},\"creator\":{\"@id\":\"https:\\\/\\\/eldigitaldeasturias.com\\\/magazine365\\\/author\\\/admin\\\/#author\"},\"image\":{\"@type\":\"ImageObject\",\"url\":\"https:\\\/\\\/eldigitaldeasturias.com\\\/magazine365\\\/wp-content\\\/uploads\\\/2016\\\/06\\\/fotonoticia_20160601120334_800.jpg\",\"@id\":\"https:\\\/\\\/eldigitaldeasturias.com\\\/magazine365\\\/logis-hoteles-diversificara-y-ampliara-su-oferta\\\/#mainImage\",\"width\":800,\"height\":533},\"primaryImageOfPage\":{\"@id\":\"https:\\\/\\\/eldigitaldeasturias.com\\\/magazine365\\\/logis-hoteles-diversificara-y-ampliara-su-oferta\\\/#mainImage\"},\"datePublished\":\"2016-06-04T04:36:42+02:00\",\"dateModified\":\"2016-06-04T04:36:42+02:00\"},{\"@type\":\"WebSite\",\"@id\":\"https:\\\/\\\/eldigitaldeasturias.com\\\/magazine365\\\/#website\",\"url\":\"https:\\\/\\\/eldigitaldeasturias.com\\\/magazine365\\\/\",\"name\":\"El Digital de Asturias\",\"description\":\"Revista de ocio, turismo y estilo de vida\",\"inLanguage\":\"es-ES\",\"publisher\":{\"@id\":\"https:\\\/\\\/eldigitaldeasturias.com\\\/magazine365\\\/#organization\"}}]}\n\t\t<\/script>\n\t\t<!-- All in One SEO Pro -->\r\n\t\t<title>Logis Hoteles diversificar\u00e1 y ampliar\u00e1 su oferta | El Digital de Asturias<\/title>\n\n","aioseo_head_json":{"title":"Logis Hoteles diversificar\u00e1 y ampliar\u00e1 su oferta | El Digital de Asturias","description":"Logis Hoteles diversificar\u00e1 y ampliar\u00e1 su oferta con nuevas tipolog\u00edas de alojamientos, crear\u00e1 una nueva 'web' para optimizar las ventas desarrollar\u00e1 su comunicaci\u00f3n bajo el concepto 'Bienvenido al placer Logis como parte de sus objetivos para el a\u00f1o 2017, ha informado la compa\u00f1\u00eda. \"Nos preocupamos por la eficacia y el compromiso de la marca Logis","canonical_url":"https:\/\/eldigitaldeasturias.com\/magazine365\/logis-hoteles-diversificara-y-ampliara-su-oferta\/","robots":"max-image-preview:large","keywords":"noticias y actualidad","webmasterTools":{"google-site-verification":"UA-38556648-1","miscellaneous":""},"schema":{"@context":"https:\/\/schema.org","@graph":[{"@type":"Article","@id":"https:\/\/eldigitaldeasturias.com\/magazine365\/logis-hoteles-diversificara-y-ampliara-su-oferta\/#article","name":"Logis Hoteles diversificar\u00e1 y ampliar\u00e1 su oferta | El Digital de Asturias","headline":"Logis Hoteles diversificar\u00e1 y ampliar\u00e1 su oferta","author":{"@id":"https:\/\/eldigitaldeasturias.com\/magazine365\/author\/admin\/#author"},"publisher":{"@id":"https:\/\/eldigitaldeasturias.com\/magazine365\/#organization"},"image":{"@type":"ImageObject","url":"https:\/\/eldigitaldeasturias.com\/magazine365\/wp-content\/uploads\/2016\/06\/fotonoticia_20160601120334_800.jpg","width":800,"height":533},"datePublished":"2016-06-04T04:36:42+02:00","dateModified":"2016-06-04T04:36:42+02:00","inLanguage":"es-ES","mainEntityOfPage":{"@id":"https:\/\/eldigitaldeasturias.com\/magazine365\/logis-hoteles-diversificara-y-ampliara-su-oferta\/#webpage"},"isPartOf":{"@id":"https:\/\/eldigitaldeasturias.com\/magazine365\/logis-hoteles-diversificara-y-ampliara-su-oferta\/#webpage"},"articleSection":"Noticias y Actualidad"},{"@type":"BreadcrumbList","@id":"https:\/\/eldigitaldeasturias.com\/magazine365\/logis-hoteles-diversificara-y-ampliara-su-oferta\/#breadcrumblist","itemListElement":[{"@type":"ListItem","@id":"https:\/\/eldigitaldeasturias.com\/magazine365#listItem","position":1,"name":"Home","item":"https:\/\/eldigitaldeasturias.com\/magazine365","nextItem":{"@type":"ListItem","@id":"https:\/\/eldigitaldeasturias.com\/magazine365\/category\/noticias-actualidad\/#listItem","name":"Noticias y Actualidad"}},{"@type":"ListItem","@id":"https:\/\/eldigitaldeasturias.com\/magazine365\/category\/noticias-actualidad\/#listItem","position":2,"name":"Noticias y Actualidad","item":"https:\/\/eldigitaldeasturias.com\/magazine365\/category\/noticias-actualidad\/","nextItem":{"@type":"ListItem","@id":"https:\/\/eldigitaldeasturias.com\/magazine365\/logis-hoteles-diversificara-y-ampliara-su-oferta\/#listItem","name":"Logis Hoteles diversificar\u00e1 y ampliar\u00e1 su oferta"},"previousItem":{"@type":"ListItem","@id":"https:\/\/eldigitaldeasturias.com\/magazine365#listItem","name":"Home"}},{"@type":"ListItem","@id":"https:\/\/eldigitaldeasturias.com\/magazine365\/logis-hoteles-diversificara-y-ampliara-su-oferta\/#listItem","position":3,"name":"Logis Hoteles diversificar\u00e1 y ampliar\u00e1 su oferta","previousItem":{"@type":"ListItem","@id":"https:\/\/eldigitaldeasturias.com\/magazine365\/category\/noticias-actualidad\/#listItem","name":"Noticias y Actualidad"}}]},{"@type":"Organization","@id":"https:\/\/eldigitaldeasturias.com\/magazine365\/#organization","name":"El digital de Asturias","description":"Revista de ocio, turismo y estilo de vida","url":"https:\/\/eldigitaldeasturias.com\/magazine365\/","logo":{"@type":"ImageObject","url":"https:\/\/www.eldigitaldeasturias.com\/noticias\/wp-content\/uploads\/2020\/12\/EDA.jpg","@id":"https:\/\/eldigitaldeasturias.com\/magazine365\/logis-hoteles-diversificara-y-ampliara-su-oferta\/#organizationLogo"},"image":{"@id":"https:\/\/eldigitaldeasturias.com\/magazine365\/logis-hoteles-diversificara-y-ampliara-su-oferta\/#organizationLogo"}},{"@type":"Person","@id":"https:\/\/eldigitaldeasturias.com\/magazine365\/author\/admin\/#author","url":"https:\/\/eldigitaldeasturias.com\/magazine365\/author\/admin\/","name":"admin","image":{"@type":"ImageObject","@id":"https:\/\/eldigitaldeasturias.com\/magazine365\/logis-hoteles-diversificara-y-ampliara-su-oferta\/#authorImage","url":"https:\/\/eldigitaldeasturias.com\/magazine365\/wp-content\/litespeed\/avatar\/e571bcf59a0edd6fa6838245a470f2fe.jpg?ver=1776969259","width":96,"height":96,"caption":"admin"}},{"@type":"WebPage","@id":"https:\/\/eldigitaldeasturias.com\/magazine365\/logis-hoteles-diversificara-y-ampliara-su-oferta\/#webpage","url":"https:\/\/eldigitaldeasturias.com\/magazine365\/logis-hoteles-diversificara-y-ampliara-su-oferta\/","name":"Logis Hoteles diversificar\u00e1 y ampliar\u00e1 su oferta | El Digital de Asturias","description":"Logis Hoteles diversificar\u00e1 y ampliar\u00e1 su oferta con nuevas tipolog\u00edas de alojamientos, crear\u00e1 una nueva 'web' para optimizar las ventas desarrollar\u00e1 su comunicaci\u00f3n bajo el concepto 'Bienvenido al placer Logis como parte de sus objetivos para el a\u00f1o 2017, ha informado la compa\u00f1\u00eda. \"Nos preocupamos por la eficacia y el compromiso de la marca Logis","inLanguage":"es-ES","isPartOf":{"@id":"https:\/\/eldigitaldeasturias.com\/magazine365\/#website"},"breadcrumb":{"@id":"https:\/\/eldigitaldeasturias.com\/magazine365\/logis-hoteles-diversificara-y-ampliara-su-oferta\/#breadcrumblist"},"author":{"@id":"https:\/\/eldigitaldeasturias.com\/magazine365\/author\/admin\/#author"},"creator":{"@id":"https:\/\/eldigitaldeasturias.com\/magazine365\/author\/admin\/#author"},"image":{"@type":"ImageObject","url":"https:\/\/eldigitaldeasturias.com\/magazine365\/wp-content\/uploads\/2016\/06\/fotonoticia_20160601120334_800.jpg","@id":"https:\/\/eldigitaldeasturias.com\/magazine365\/logis-hoteles-diversificara-y-ampliara-su-oferta\/#mainImage","width":800,"height":533},"primaryImageOfPage":{"@id":"https:\/\/eldigitaldeasturias.com\/magazine365\/logis-hoteles-diversificara-y-ampliara-su-oferta\/#mainImage"},"datePublished":"2016-06-04T04:36:42+02:00","dateModified":"2016-06-04T04:36:42+02:00"},{"@type":"WebSite","@id":"https:\/\/eldigitaldeasturias.com\/magazine365\/#website","url":"https:\/\/eldigitaldeasturias.com\/magazine365\/","name":"El Digital de Asturias","description":"Revista de ocio, turismo y estilo de vida","inLanguage":"es-ES","publisher":{"@id":"https:\/\/eldigitaldeasturias.com\/magazine365\/#organization"}}]},"og:locale":"es_ES","og:site_name":"El Digital de Asturias \u2013 Revista de ocio, turismo y estilo de vida","og:type":"article","og:title":"Logis Hoteles diversificar\u00e1 y ampliar\u00e1 su oferta | El Digital de Asturias","og:description":"Logis Hoteles diversificar\u00e1 y ampliar\u00e1 su oferta con nuevas tipolog\u00edas de alojamientos, crear\u00e1 una nueva 'web' para optimizar las ventas desarrollar\u00e1 su comunicaci\u00f3n bajo el concepto 'Bienvenido al placer Logis como parte de sus objetivos para el a\u00f1o 2017, ha informado la compa\u00f1\u00eda. &quot;Nos preocupamos por la eficacia y el compromiso de la marca Logis","og:url":"https:\/\/eldigitaldeasturias.com\/magazine365\/logis-hoteles-diversificara-y-ampliara-su-oferta\/","og:image":"https:\/\/eldigitaldeasturias.com\/magazine365\/wp-content\/uploads\/2016\/06\/fotonoticia_20160601120334_800.jpg","og:image:secure_url":"https:\/\/eldigitaldeasturias.com\/magazine365\/wp-content\/uploads\/2016\/06\/fotonoticia_20160601120334_800.jpg","og:image:width":800,"og:image:height":533,"article:published_time":"2016-06-04T02:36:42+00:00","article:modified_time":"2016-06-04T02:36:42+00:00","twitter:card":"summary_large_image","twitter:title":"Logis Hoteles diversificar\u00e1 y ampliar\u00e1 su oferta | El Digital de Asturias","twitter:description":"Logis Hoteles diversificar\u00e1 y ampliar\u00e1 su oferta con nuevas tipolog\u00edas de alojamientos, crear\u00e1 una nueva 'web' para optimizar las ventas desarrollar\u00e1 su comunicaci\u00f3n bajo el concepto 'Bienvenido al placer Logis como parte de sus objetivos para el a\u00f1o 2017, ha informado la compa\u00f1\u00eda. &quot;Nos preocupamos por la eficacia y el compromiso de la marca Logis","twitter:image":"https:\/\/eldigitaldeasturias.com\/magazine365\/wp-content\/uploads\/2016\/06\/fotonoticia_20160601120334_800.jpg"},"aioseo_meta_data":{"post_id":"77482","title":null,"description":null,"keywords":null,"keyphrases":null,"primary_term":null,"canonical_url":null,"og_title":null,"og_description":null,"og_object_type":"default","og_image_type":"default","og_image_url":null,"og_image_width":null,"og_image_height":null,"og_image_custom_url":null,"og_image_custom_fields":null,"og_video":null,"og_custom_url":null,"og_article_section":null,"og_article_tags":null,"twitter_use_og":false,"twitter_card":"default","twitter_image_type":"default","twitter_image_url":null,"twitter_image_custom_url":null,"twitter_image_custom_fields":null,"twitter_title":null,"twitter_description":null,"schema":{"blockGraphs":[],"customGraphs":[],"default":{"data":{"Article":[],"Course":[],"Dataset":[],"FAQPage":[],"Movie":[],"Person":[],"Product":[],"ProductReview":[],"Car":[],"Recipe":[],"Service":[],"SoftwareApplication":[],"WebPage":[]},"graphName":"","isEnabled":true},"graphs":[],"defaultGraph":"","defaultPostTypeGraph":""},"schema_type":null,"schema_type_options":null,"pillar_content":false,"robots_default":true,"robots_noindex":false,"robots_noarchive":false,"robots_nosnippet":false,"robots_nofollow":false,"robots_noimageindex":false,"robots_noodp":false,"robots_notranslate":false,"robots_max_snippet":null,"robots_max_videopreview":null,"robots_max_imagepreview":"large","priority":null,"frequency":null,"location":null,"local_seo":null,"seo_analyzer_scan_date":"2025-09-27 14:57:39","breadcrumb_settings":null,"limit_modified_date":false,"open_ai":null,"ai":null,"created":"2021-03-08 18:14:03","updated":"2025-09-27 14:57:39"},"aioseo_breadcrumb":"<div class=\"aioseo-breadcrumbs\"><span class=\"aioseo-breadcrumb\">\n\t<a href=\"https:\/\/eldigitaldeasturias.com\/magazine365\" title=\"Home\">Home<\/a>\n<\/span><span class=\"aioseo-breadcrumb-separator\">\u2013<\/span><span class=\"aioseo-breadcrumb\">\n\t<a href=\"https:\/\/eldigitaldeasturias.com\/magazine365\/category\/noticias-actualidad\/\" title=\"Noticias y Actualidad\">Noticias y Actualidad<\/a>\n<\/span><span class=\"aioseo-breadcrumb-separator\">\u2013<\/span><span class=\"aioseo-breadcrumb\">\n\t<a href=\"https:\/\/eldigitaldeasturias.com\/magazine365\/logis-hoteles-diversificara-y-ampliara-su-oferta\/\" title=\"Logis Hoteles diversificar\u00e1 y ampliar\u00e1 su oferta\">Logis Hoteles diversificar\u00e1 y ampliar\u00e1 su oferta<\/a>\n<\/span><\/div>","aioseo_breadcrumb_json":[{"label":"Home","link":"https:\/\/eldigitaldeasturias.com\/magazine365"},{"label":"Noticias y Actualidad","link":"https:\/\/eldigitaldeasturias.com\/magazine365\/category\/noticias-actualidad\/"},{"label":"Logis Hoteles diversificar\u00e1 y ampliar\u00e1 su oferta","link":"https:\/\/eldigitaldeasturias.com\/magazine365\/logis-hoteles-diversificara-y-ampliara-su-oferta\/"}],"_links":{"self":[{"href":"https:\/\/eldigitaldeasturias.com\/magazine365\/wp-json\/wp\/v2\/posts\/77482","targetHints":{"allow":["GET"]}}],"collection":[{"href":"https:\/\/eldigitaldeasturias.com\/magazine365\/wp-json\/wp\/v2\/posts"}],"about":[{"href":"https:\/\/eldigitaldeasturias.com\/magazine365\/wp-json\/wp\/v2\/types\/post"}],"author":[{"embeddable":true,"href":"https:\/\/eldigitaldeasturias.com\/magazine365\/wp-json\/wp\/v2\/users\/1"}],"replies":[{"embeddable":true,"href":"https:\/\/eldigitaldeasturias.com\/magazine365\/wp-json\/wp\/v2\/comments?post=77482"}],"version-history":[{"count":0,"href":"https:\/\/eldigitaldeasturias.com\/magazine365\/wp-json\/wp\/v2\/posts\/77482\/revisions"}],"wp:featuredmedia":[{"embeddable":true,"href":"https:\/\/eldigitaldeasturias.com\/magazine365\/wp-json\/wp\/v2\/media\/77483"}],"wp:attachment":[{"href":"https:\/\/eldigitaldeasturias.com\/magazine365\/wp-json\/wp\/v2\/media?parent=77482"}],"wp:term":[{"taxonomy":"category","embeddable":true,"href":"https:\/\/eldigitaldeasturias.com\/magazine365\/wp-json\/wp\/v2\/categories?post=77482"},{"taxonomy":"post_tag","embeddable":true,"href":"https:\/\/eldigitaldeasturias.com\/magazine365\/wp-json\/wp\/v2\/tags?post=77482"}],"curies":[{"name":"wp","href":"https:\/\/api.w.org\/{rel}","templated":true}]}}