{"id":77479,"date":"2016-06-04T04:35:50","date_gmt":"2016-06-04T02:35:50","guid":{"rendered":"http:\/\/eldigitaldeasturias.com\/magazine365\/?p=77479"},"modified":"2016-06-04T04:35:50","modified_gmt":"2016-06-04T02:35:50","slug":"salvemos-mojacar-lleva-a-estrasburgo-el-fallo-de-tsja-que-declaro-legal-la-licencia-del-algarrobico","status":"publish","type":"post","link":"https:\/\/eldigitaldeasturias.com\/magazine365\/salvemos-mojacar-lleva-a-estrasburgo-el-fallo-de-tsja-que-declaro-legal-la-licencia-del-algarrobico\/","title":{"rendered":"Salvemos Moj\u00e1car lleva a Estrasburgo el fallo de TSJA que declar\u00f3 legal la licencia del Algarrobico"},"content":{"rendered":"<p><img fetchpriority=\"high\" decoding=\"async\" class=\"alignleft size-medium wp-image-77480\" src=\"https:\/\/eldigitaldeasturias.com\/magazine365\/wp-content\/uploads\/2016\/06\/fotonoticia_20160601120108_800-360x270.jpg\" alt=\"fotonoticia_20160601120108_800\" width=\"360\" height=\"270\" srcset=\"https:\/\/eldigitaldeasturias.com\/magazine365\/wp-content\/uploads\/2016\/06\/fotonoticia_20160601120108_800-360x270.jpg 360w, https:\/\/eldigitaldeasturias.com\/magazine365\/wp-content\/uploads\/2016\/06\/fotonoticia_20160601120108_800-650x488.jpg 650w, https:\/\/eldigitaldeasturias.com\/magazine365\/wp-content\/uploads\/2016\/06\/fotonoticia_20160601120108_800-768x576.jpg 768w, https:\/\/eldigitaldeasturias.com\/magazine365\/wp-content\/uploads\/2016\/06\/fotonoticia_20160601120108_800-150x113.jpg 150w, https:\/\/eldigitaldeasturias.com\/magazine365\/wp-content\/uploads\/2016\/06\/fotonoticia_20160601120108_800-450x338.jpg 450w, https:\/\/eldigitaldeasturias.com\/magazine365\/wp-content\/uploads\/2016\/06\/fotonoticia_20160601120108_800-90x67.jpg 90w, https:\/\/eldigitaldeasturias.com\/magazine365\/wp-content\/uploads\/2016\/06\/fotonoticia_20160601120108_800-164x124.jpg 164w, https:\/\/eldigitaldeasturias.com\/magazine365\/wp-content\/uploads\/2016\/06\/fotonoticia_20160601120108_800-100x75.jpg 100w, https:\/\/eldigitaldeasturias.com\/magazine365\/wp-content\/uploads\/2016\/06\/fotonoticia_20160601120108_800.jpg 800w\" sizes=\"(max-width: 360px) 100vw, 360px\" \/>La asociaci\u00f3n conservacionista Salvemos Moj\u00e1car ha presentado una demanda en el Tribunal Europeo de Estrasburgo contra la sentencia del TSJA del 29 de julio de 2014 que declar\u00f3 que la licencia municipal de obras concedida en 2003 a Azata del Sol para construir el hotel en el paraje de El Algarrobico, en Carboneras (Almer\u00eda), era conforme a derecho y no violaba ni la Ley de Costas ni la normativa que protege los valores medioambientales del parque natural de Cabo de Gata-N\u00edjar, lo que posteriormente fue rectificado por el Tribunal Supremo.<\/p>\n<p>Seg\u00fan ha indicado en una nota la entidad, el fallo del que fue ponente el actual magistrado del TS Rafael Toledano declar\u00f3 legal la licencia de obras del hotel \u00absin entrar a resolver el fondo de la cuesti\u00f3n, es decir que el hotel invade los 100 metros de la servidumbre de protecci\u00f3n establecida por la Ley de Costas, y que el inmueble est\u00e1 construido en terrenos no urbanizables dentro del Parque Natural de Cabo de Gata\u00bb.<\/p>\n<p>Salvemos Moj\u00e1car ha alegado ante el Tribunal de Estrasburgo que la sentencia \u00abno entra a juzgar la pretensiones fundamentales en que las partes basan sus alegaciones y que por tanto se ha vulnerado el derecho a la tutela judicial efectiva\u00bb.<\/p>\n<p>Seg\u00fan interpretan, se basa en que la licencia de obras \u00abes legal porque el Ayuntamiento de Carboneras clasifica los terrenos como urbanizables, sin tener en cuenta que est\u00e1 clasificaci\u00f3n es nula de pleno derecho por ser contraria al PORN, Plan de Ordenaci\u00f3n del Parque Natural, norma de rango superior\u00bb.<\/p>\n<p>\u00abLa Administraci\u00f3n no puede derribar un inmueble con licencia de obras declarada legal por sentencia firme, por lo que la sentencia ha provocado una demora de varios a\u00f1os m\u00e1s en el derribo del hotel\u00bb, han observado.<\/p>\n<p>La asociaci\u00f3n ha recordado que fue expulsada del procedimiento \u00abpor haber presentado fuera de plazo un certificado\u00bb. \u00abTambi\u00e9n expuls\u00f3 de hecho al abogado del Estado al que ni siquiera cita en la sentencia, ni tiene en cuenta las alegaciones que hizo en la vista oral. La sentencia tampoco menciona las alegaciones que hizo el letrado de la Junta de Andaluc\u00eda en la vista oral celebrada en Granada el 14 de enero de 2014\u00bb, han a\u00f1adido.<\/p>\n<p>Este fallo del Alto Tribunal andaluz recurrido ahora a Estrasburgo anul\u00f3 la sentencia que en 2008 dict\u00f3 el juez de instancia de Almer\u00eda Jes\u00fas Rivera en el que se declaraba ilegal la licencia de obras por invadir el hotel la servidumbre de protecci\u00f3n y estar construido en espacio protegido. El magistrado dio traslado de lo actuado al Ministerio Fiscal por considerar que la licencia de obras era constitutiva de un presunto delito de prevaricaci\u00f3n y contra la ordenaci\u00f3n del territorio, pero el fiscal archiv\u00f3 el caso, seg\u00fan apunta el colectivo.<\/p>\n<p>El TSJA tiene que decidir a\u00fan si es correcto o no que los terrenos est\u00e9n clasificados como urbanizables en el PGOU de Carboneras. \u00abSi la sentencia dice que los terrenos son urbanizables, la \u00fanica forma de demoler el hotel ser\u00e1 que la Junta de Andaluc\u00eda ejecute las sentencias que le reconocen ser propietaria de los terrenos y del hotel por ejercer el derecho de retracto en 2006. Si la sentencia del TSJA dijese que los terrenos son protegidos, la sentencia de 29 de julio de 2014 habr\u00eda quedado sin apoyo legal y entonces ser\u00eda factible pedir la demolici\u00f3n del hotel sin necesidad de que la Junta ejecute el derecho de retracto\u00bb, han a\u00f1adido.<\/p>\n","protected":false},"excerpt":{"rendered":"<p>La asociaci\u00f3n conservacionista Salvemos Moj\u00e1car ha presentado una demanda en el Tribunal Europeo de Estrasburgo contra la sentencia del TSJA del 29 de julio de 2014 que declar\u00f3 que la licencia municipal de obras concedida en 2003 a Azata del Sol para construir el hotel en el paraje de El Algarrobico, en Carboneras (Almer\u00eda), era<\/p>\n","protected":false},"author":1,"featured_media":77480,"comment_status":"open","ping_status":"closed","sticky":false,"template":"","format":"standard","meta":{"footnotes":""},"categories":[224],"tags":[],"class_list":{"0":"post-77479","1":"post","2":"type-post","3":"status-publish","4":"format-standard","5":"has-post-thumbnail","7":"category-noticias-actualidad"},"aioseo_notices":[],"aioseo_head":"\n\t\t<!-- All in One SEO Pro 4.9.6.1 - aioseo.com -->\n\t<meta name=\"description\" content=\"La asociaci\u00f3n conservacionista Salvemos Moj\u00e1car ha presentado una demanda en el Tribunal Europeo de Estrasburgo contra la sentencia del TSJA del 29 de julio de 2014 que declar\u00f3 que la licencia municipal de obras concedida en 2003 a Azata del Sol para construir el hotel en el paraje de El Algarrobico, en Carboneras (Almer\u00eda), era\" \/>\n\t<meta name=\"robots\" content=\"max-image-preview:large\" \/>\n\t<meta name=\"author\" content=\"admin\"\/>\n\t<meta name=\"google-site-verification\" content=\"UA-38556648-1\" \/>\n\t<meta name=\"keywords\" content=\"noticias y actualidad\" \/>\n\t<link rel=\"canonical\" href=\"https:\/\/eldigitaldeasturias.com\/magazine365\/salvemos-mojacar-lleva-a-estrasburgo-el-fallo-de-tsja-que-declaro-legal-la-licencia-del-algarrobico\/\" \/>\n\t<meta name=\"generator\" content=\"All in One SEO Pro (AIOSEO) 4.9.6.1\" \/>\n\t\t<meta property=\"og:locale\" content=\"es_ES\" \/>\n\t\t<meta property=\"og:site_name\" content=\"El Digital de Asturias \u2013 Revista de ocio, turismo y estilo de vida\" \/>\n\t\t<meta property=\"og:type\" content=\"article\" \/>\n\t\t<meta property=\"og:title\" content=\"Salvemos Moj\u00e1car lleva a Estrasburgo el fallo de TSJA que declar\u00f3 legal la licencia del Algarrobico | El Digital de Asturias\" \/>\n\t\t<meta property=\"og:description\" content=\"La asociaci\u00f3n conservacionista Salvemos Moj\u00e1car ha presentado una demanda en el Tribunal Europeo de Estrasburgo contra la sentencia del TSJA del 29 de julio de 2014 que declar\u00f3 que la licencia municipal de obras concedida en 2003 a Azata del Sol para construir el hotel en el paraje de El Algarrobico, en Carboneras (Almer\u00eda), era\" \/>\n\t\t<meta property=\"og:url\" content=\"https:\/\/eldigitaldeasturias.com\/magazine365\/salvemos-mojacar-lleva-a-estrasburgo-el-fallo-de-tsja-que-declaro-legal-la-licencia-del-algarrobico\/\" \/>\n\t\t<meta property=\"og:image\" content=\"https:\/\/eldigitaldeasturias.com\/magazine365\/wp-content\/uploads\/2016\/06\/fotonoticia_20160601120108_800.jpg\" \/>\n\t\t<meta property=\"og:image:secure_url\" content=\"https:\/\/eldigitaldeasturias.com\/magazine365\/wp-content\/uploads\/2016\/06\/fotonoticia_20160601120108_800.jpg\" \/>\n\t\t<meta property=\"og:image:width\" content=\"800\" \/>\n\t\t<meta property=\"og:image:height\" content=\"600\" \/>\n\t\t<meta property=\"article:published_time\" content=\"2016-06-04T02:35:50+00:00\" \/>\n\t\t<meta property=\"article:modified_time\" content=\"2016-06-04T02:35:50+00:00\" \/>\n\t\t<meta name=\"twitter:card\" content=\"summary_large_image\" \/>\n\t\t<meta name=\"twitter:title\" content=\"Salvemos Moj\u00e1car lleva a Estrasburgo el fallo de TSJA que declar\u00f3 legal la licencia del Algarrobico | El Digital de Asturias\" \/>\n\t\t<meta name=\"twitter:description\" content=\"La asociaci\u00f3n conservacionista Salvemos Moj\u00e1car ha presentado una demanda en el Tribunal Europeo de Estrasburgo contra la sentencia del TSJA del 29 de julio de 2014 que declar\u00f3 que la licencia municipal de obras concedida en 2003 a Azata del Sol para construir el hotel en el paraje de El Algarrobico, en Carboneras (Almer\u00eda), era\" \/>\n\t\t<meta name=\"twitter:image\" content=\"https:\/\/eldigitaldeasturias.com\/magazine365\/wp-content\/uploads\/2016\/06\/fotonoticia_20160601120108_800.jpg\" \/>\n\t\t<script type=\"application\/ld+json\" class=\"aioseo-schema\">\n\t\t\t{\"@context\":\"https:\\\/\\\/schema.org\",\"@graph\":[{\"@type\":\"Article\",\"@id\":\"https:\\\/\\\/eldigitaldeasturias.com\\\/magazine365\\\/salvemos-mojacar-lleva-a-estrasburgo-el-fallo-de-tsja-que-declaro-legal-la-licencia-del-algarrobico\\\/#article\",\"name\":\"Salvemos Moj\\u00e1car lleva a Estrasburgo el fallo de TSJA que declar\\u00f3 legal la licencia del Algarrobico | El Digital de Asturias\",\"headline\":\"Salvemos Moj\\u00e1car lleva a Estrasburgo el fallo de TSJA que declar\\u00f3 legal la licencia del Algarrobico\",\"author\":{\"@id\":\"https:\\\/\\\/eldigitaldeasturias.com\\\/magazine365\\\/author\\\/admin\\\/#author\"},\"publisher\":{\"@id\":\"https:\\\/\\\/eldigitaldeasturias.com\\\/magazine365\\\/#organization\"},\"image\":{\"@type\":\"ImageObject\",\"url\":\"https:\\\/\\\/eldigitaldeasturias.com\\\/magazine365\\\/wp-content\\\/uploads\\\/2016\\\/06\\\/fotonoticia_20160601120108_800.jpg\",\"width\":800,\"height\":600},\"datePublished\":\"2016-06-04T04:35:50+02:00\",\"dateModified\":\"2016-06-04T04:35:50+02:00\",\"inLanguage\":\"es-ES\",\"mainEntityOfPage\":{\"@id\":\"https:\\\/\\\/eldigitaldeasturias.com\\\/magazine365\\\/salvemos-mojacar-lleva-a-estrasburgo-el-fallo-de-tsja-que-declaro-legal-la-licencia-del-algarrobico\\\/#webpage\"},\"isPartOf\":{\"@id\":\"https:\\\/\\\/eldigitaldeasturias.com\\\/magazine365\\\/salvemos-mojacar-lleva-a-estrasburgo-el-fallo-de-tsja-que-declaro-legal-la-licencia-del-algarrobico\\\/#webpage\"},\"articleSection\":\"Noticias y Actualidad\"},{\"@type\":\"BreadcrumbList\",\"@id\":\"https:\\\/\\\/eldigitaldeasturias.com\\\/magazine365\\\/salvemos-mojacar-lleva-a-estrasburgo-el-fallo-de-tsja-que-declaro-legal-la-licencia-del-algarrobico\\\/#breadcrumblist\",\"itemListElement\":[{\"@type\":\"ListItem\",\"@id\":\"https:\\\/\\\/eldigitaldeasturias.com\\\/magazine365#listItem\",\"position\":1,\"name\":\"Home\",\"item\":\"https:\\\/\\\/eldigitaldeasturias.com\\\/magazine365\",\"nextItem\":{\"@type\":\"ListItem\",\"@id\":\"https:\\\/\\\/eldigitaldeasturias.com\\\/magazine365\\\/category\\\/noticias-actualidad\\\/#listItem\",\"name\":\"Noticias y Actualidad\"}},{\"@type\":\"ListItem\",\"@id\":\"https:\\\/\\\/eldigitaldeasturias.com\\\/magazine365\\\/category\\\/noticias-actualidad\\\/#listItem\",\"position\":2,\"name\":\"Noticias y Actualidad\",\"item\":\"https:\\\/\\\/eldigitaldeasturias.com\\\/magazine365\\\/category\\\/noticias-actualidad\\\/\",\"nextItem\":{\"@type\":\"ListItem\",\"@id\":\"https:\\\/\\\/eldigitaldeasturias.com\\\/magazine365\\\/salvemos-mojacar-lleva-a-estrasburgo-el-fallo-de-tsja-que-declaro-legal-la-licencia-del-algarrobico\\\/#listItem\",\"name\":\"Salvemos Moj\\u00e1car lleva a Estrasburgo el fallo de TSJA que declar\\u00f3 legal la licencia del Algarrobico\"},\"previousItem\":{\"@type\":\"ListItem\",\"@id\":\"https:\\\/\\\/eldigitaldeasturias.com\\\/magazine365#listItem\",\"name\":\"Home\"}},{\"@type\":\"ListItem\",\"@id\":\"https:\\\/\\\/eldigitaldeasturias.com\\\/magazine365\\\/salvemos-mojacar-lleva-a-estrasburgo-el-fallo-de-tsja-que-declaro-legal-la-licencia-del-algarrobico\\\/#listItem\",\"position\":3,\"name\":\"Salvemos Moj\\u00e1car lleva a Estrasburgo el fallo de TSJA que declar\\u00f3 legal la licencia del Algarrobico\",\"previousItem\":{\"@type\":\"ListItem\",\"@id\":\"https:\\\/\\\/eldigitaldeasturias.com\\\/magazine365\\\/category\\\/noticias-actualidad\\\/#listItem\",\"name\":\"Noticias y Actualidad\"}}]},{\"@type\":\"Organization\",\"@id\":\"https:\\\/\\\/eldigitaldeasturias.com\\\/magazine365\\\/#organization\",\"name\":\"El digital de Asturias\",\"description\":\"Revista de ocio, turismo y estilo de vida\",\"url\":\"https:\\\/\\\/eldigitaldeasturias.com\\\/magazine365\\\/\",\"logo\":{\"@type\":\"ImageObject\",\"url\":\"https:\\\/\\\/www.eldigitaldeasturias.com\\\/noticias\\\/wp-content\\\/uploads\\\/2020\\\/12\\\/EDA.jpg\",\"@id\":\"https:\\\/\\\/eldigitaldeasturias.com\\\/magazine365\\\/salvemos-mojacar-lleva-a-estrasburgo-el-fallo-de-tsja-que-declaro-legal-la-licencia-del-algarrobico\\\/#organizationLogo\"},\"image\":{\"@id\":\"https:\\\/\\\/eldigitaldeasturias.com\\\/magazine365\\\/salvemos-mojacar-lleva-a-estrasburgo-el-fallo-de-tsja-que-declaro-legal-la-licencia-del-algarrobico\\\/#organizationLogo\"}},{\"@type\":\"Person\",\"@id\":\"https:\\\/\\\/eldigitaldeasturias.com\\\/magazine365\\\/author\\\/admin\\\/#author\",\"url\":\"https:\\\/\\\/eldigitaldeasturias.com\\\/magazine365\\\/author\\\/admin\\\/\",\"name\":\"admin\",\"image\":{\"@type\":\"ImageObject\",\"@id\":\"https:\\\/\\\/eldigitaldeasturias.com\\\/magazine365\\\/salvemos-mojacar-lleva-a-estrasburgo-el-fallo-de-tsja-que-declaro-legal-la-licencia-del-algarrobico\\\/#authorImage\",\"url\":\"https:\\\/\\\/eldigitaldeasturias.com\\\/magazine365\\\/wp-content\\\/litespeed\\\/avatar\\\/e571bcf59a0edd6fa6838245a470f2fe.jpg?ver=1776969259\",\"width\":96,\"height\":96,\"caption\":\"admin\"}},{\"@type\":\"WebPage\",\"@id\":\"https:\\\/\\\/eldigitaldeasturias.com\\\/magazine365\\\/salvemos-mojacar-lleva-a-estrasburgo-el-fallo-de-tsja-que-declaro-legal-la-licencia-del-algarrobico\\\/#webpage\",\"url\":\"https:\\\/\\\/eldigitaldeasturias.com\\\/magazine365\\\/salvemos-mojacar-lleva-a-estrasburgo-el-fallo-de-tsja-que-declaro-legal-la-licencia-del-algarrobico\\\/\",\"name\":\"Salvemos Moj\\u00e1car lleva a Estrasburgo el fallo de TSJA que declar\\u00f3 legal la licencia del Algarrobico | El Digital de Asturias\",\"description\":\"La asociaci\\u00f3n conservacionista Salvemos Moj\\u00e1car ha presentado una demanda en el Tribunal Europeo de Estrasburgo contra la sentencia del TSJA del 29 de julio de 2014 que declar\\u00f3 que la licencia municipal de obras concedida en 2003 a Azata del Sol para construir el hotel en el paraje de El Algarrobico, en Carboneras (Almer\\u00eda), era\",\"inLanguage\":\"es-ES\",\"isPartOf\":{\"@id\":\"https:\\\/\\\/eldigitaldeasturias.com\\\/magazine365\\\/#website\"},\"breadcrumb\":{\"@id\":\"https:\\\/\\\/eldigitaldeasturias.com\\\/magazine365\\\/salvemos-mojacar-lleva-a-estrasburgo-el-fallo-de-tsja-que-declaro-legal-la-licencia-del-algarrobico\\\/#breadcrumblist\"},\"author\":{\"@id\":\"https:\\\/\\\/eldigitaldeasturias.com\\\/magazine365\\\/author\\\/admin\\\/#author\"},\"creator\":{\"@id\":\"https:\\\/\\\/eldigitaldeasturias.com\\\/magazine365\\\/author\\\/admin\\\/#author\"},\"image\":{\"@type\":\"ImageObject\",\"url\":\"https:\\\/\\\/eldigitaldeasturias.com\\\/magazine365\\\/wp-content\\\/uploads\\\/2016\\\/06\\\/fotonoticia_20160601120108_800.jpg\",\"@id\":\"https:\\\/\\\/eldigitaldeasturias.com\\\/magazine365\\\/salvemos-mojacar-lleva-a-estrasburgo-el-fallo-de-tsja-que-declaro-legal-la-licencia-del-algarrobico\\\/#mainImage\",\"width\":800,\"height\":600},\"primaryImageOfPage\":{\"@id\":\"https:\\\/\\\/eldigitaldeasturias.com\\\/magazine365\\\/salvemos-mojacar-lleva-a-estrasburgo-el-fallo-de-tsja-que-declaro-legal-la-licencia-del-algarrobico\\\/#mainImage\"},\"datePublished\":\"2016-06-04T04:35:50+02:00\",\"dateModified\":\"2016-06-04T04:35:50+02:00\"},{\"@type\":\"WebSite\",\"@id\":\"https:\\\/\\\/eldigitaldeasturias.com\\\/magazine365\\\/#website\",\"url\":\"https:\\\/\\\/eldigitaldeasturias.com\\\/magazine365\\\/\",\"name\":\"El Digital de Asturias\",\"description\":\"Revista de ocio, turismo y estilo de vida\",\"inLanguage\":\"es-ES\",\"publisher\":{\"@id\":\"https:\\\/\\\/eldigitaldeasturias.com\\\/magazine365\\\/#organization\"}}]}\n\t\t<\/script>\n\t\t<!-- All in One SEO Pro -->\r\n\t\t<title>Salvemos Moj\u00e1car lleva a Estrasburgo el fallo de TSJA que declar\u00f3 legal la licencia del Algarrobico | El Digital de Asturias<\/title>\n\n","aioseo_head_json":{"title":"Salvemos Moj\u00e1car lleva a Estrasburgo el fallo de TSJA que declar\u00f3 legal la licencia del Algarrobico | El Digital de Asturias","description":"La asociaci\u00f3n conservacionista Salvemos Moj\u00e1car ha presentado una demanda en el Tribunal Europeo de Estrasburgo contra la sentencia del TSJA del 29 de julio de 2014 que declar\u00f3 que la licencia municipal de obras concedida en 2003 a Azata del Sol para construir el hotel en el paraje de El Algarrobico, en Carboneras (Almer\u00eda), era","canonical_url":"https:\/\/eldigitaldeasturias.com\/magazine365\/salvemos-mojacar-lleva-a-estrasburgo-el-fallo-de-tsja-que-declaro-legal-la-licencia-del-algarrobico\/","robots":"max-image-preview:large","keywords":"noticias y actualidad","webmasterTools":{"google-site-verification":"UA-38556648-1","miscellaneous":""},"schema":{"@context":"https:\/\/schema.org","@graph":[{"@type":"Article","@id":"https:\/\/eldigitaldeasturias.com\/magazine365\/salvemos-mojacar-lleva-a-estrasburgo-el-fallo-de-tsja-que-declaro-legal-la-licencia-del-algarrobico\/#article","name":"Salvemos Moj\u00e1car lleva a Estrasburgo el fallo de TSJA que declar\u00f3 legal la licencia del Algarrobico | El Digital de Asturias","headline":"Salvemos Moj\u00e1car lleva a Estrasburgo el fallo de TSJA que declar\u00f3 legal la licencia del Algarrobico","author":{"@id":"https:\/\/eldigitaldeasturias.com\/magazine365\/author\/admin\/#author"},"publisher":{"@id":"https:\/\/eldigitaldeasturias.com\/magazine365\/#organization"},"image":{"@type":"ImageObject","url":"https:\/\/eldigitaldeasturias.com\/magazine365\/wp-content\/uploads\/2016\/06\/fotonoticia_20160601120108_800.jpg","width":800,"height":600},"datePublished":"2016-06-04T04:35:50+02:00","dateModified":"2016-06-04T04:35:50+02:00","inLanguage":"es-ES","mainEntityOfPage":{"@id":"https:\/\/eldigitaldeasturias.com\/magazine365\/salvemos-mojacar-lleva-a-estrasburgo-el-fallo-de-tsja-que-declaro-legal-la-licencia-del-algarrobico\/#webpage"},"isPartOf":{"@id":"https:\/\/eldigitaldeasturias.com\/magazine365\/salvemos-mojacar-lleva-a-estrasburgo-el-fallo-de-tsja-que-declaro-legal-la-licencia-del-algarrobico\/#webpage"},"articleSection":"Noticias y Actualidad"},{"@type":"BreadcrumbList","@id":"https:\/\/eldigitaldeasturias.com\/magazine365\/salvemos-mojacar-lleva-a-estrasburgo-el-fallo-de-tsja-que-declaro-legal-la-licencia-del-algarrobico\/#breadcrumblist","itemListElement":[{"@type":"ListItem","@id":"https:\/\/eldigitaldeasturias.com\/magazine365#listItem","position":1,"name":"Home","item":"https:\/\/eldigitaldeasturias.com\/magazine365","nextItem":{"@type":"ListItem","@id":"https:\/\/eldigitaldeasturias.com\/magazine365\/category\/noticias-actualidad\/#listItem","name":"Noticias y Actualidad"}},{"@type":"ListItem","@id":"https:\/\/eldigitaldeasturias.com\/magazine365\/category\/noticias-actualidad\/#listItem","position":2,"name":"Noticias y Actualidad","item":"https:\/\/eldigitaldeasturias.com\/magazine365\/category\/noticias-actualidad\/","nextItem":{"@type":"ListItem","@id":"https:\/\/eldigitaldeasturias.com\/magazine365\/salvemos-mojacar-lleva-a-estrasburgo-el-fallo-de-tsja-que-declaro-legal-la-licencia-del-algarrobico\/#listItem","name":"Salvemos Moj\u00e1car lleva a Estrasburgo el fallo de TSJA que declar\u00f3 legal la licencia del Algarrobico"},"previousItem":{"@type":"ListItem","@id":"https:\/\/eldigitaldeasturias.com\/magazine365#listItem","name":"Home"}},{"@type":"ListItem","@id":"https:\/\/eldigitaldeasturias.com\/magazine365\/salvemos-mojacar-lleva-a-estrasburgo-el-fallo-de-tsja-que-declaro-legal-la-licencia-del-algarrobico\/#listItem","position":3,"name":"Salvemos Moj\u00e1car lleva a Estrasburgo el fallo de TSJA que declar\u00f3 legal la licencia del Algarrobico","previousItem":{"@type":"ListItem","@id":"https:\/\/eldigitaldeasturias.com\/magazine365\/category\/noticias-actualidad\/#listItem","name":"Noticias y Actualidad"}}]},{"@type":"Organization","@id":"https:\/\/eldigitaldeasturias.com\/magazine365\/#organization","name":"El digital de Asturias","description":"Revista de ocio, turismo y estilo de vida","url":"https:\/\/eldigitaldeasturias.com\/magazine365\/","logo":{"@type":"ImageObject","url":"https:\/\/www.eldigitaldeasturias.com\/noticias\/wp-content\/uploads\/2020\/12\/EDA.jpg","@id":"https:\/\/eldigitaldeasturias.com\/magazine365\/salvemos-mojacar-lleva-a-estrasburgo-el-fallo-de-tsja-que-declaro-legal-la-licencia-del-algarrobico\/#organizationLogo"},"image":{"@id":"https:\/\/eldigitaldeasturias.com\/magazine365\/salvemos-mojacar-lleva-a-estrasburgo-el-fallo-de-tsja-que-declaro-legal-la-licencia-del-algarrobico\/#organizationLogo"}},{"@type":"Person","@id":"https:\/\/eldigitaldeasturias.com\/magazine365\/author\/admin\/#author","url":"https:\/\/eldigitaldeasturias.com\/magazine365\/author\/admin\/","name":"admin","image":{"@type":"ImageObject","@id":"https:\/\/eldigitaldeasturias.com\/magazine365\/salvemos-mojacar-lleva-a-estrasburgo-el-fallo-de-tsja-que-declaro-legal-la-licencia-del-algarrobico\/#authorImage","url":"https:\/\/eldigitaldeasturias.com\/magazine365\/wp-content\/litespeed\/avatar\/e571bcf59a0edd6fa6838245a470f2fe.jpg?ver=1776969259","width":96,"height":96,"caption":"admin"}},{"@type":"WebPage","@id":"https:\/\/eldigitaldeasturias.com\/magazine365\/salvemos-mojacar-lleva-a-estrasburgo-el-fallo-de-tsja-que-declaro-legal-la-licencia-del-algarrobico\/#webpage","url":"https:\/\/eldigitaldeasturias.com\/magazine365\/salvemos-mojacar-lleva-a-estrasburgo-el-fallo-de-tsja-que-declaro-legal-la-licencia-del-algarrobico\/","name":"Salvemos Moj\u00e1car lleva a Estrasburgo el fallo de TSJA que declar\u00f3 legal la licencia del Algarrobico | El Digital de Asturias","description":"La asociaci\u00f3n conservacionista Salvemos Moj\u00e1car ha presentado una demanda en el Tribunal Europeo de Estrasburgo contra la sentencia del TSJA del 29 de julio de 2014 que declar\u00f3 que la licencia municipal de obras concedida en 2003 a Azata del Sol para construir el hotel en el paraje de El Algarrobico, en Carboneras (Almer\u00eda), era","inLanguage":"es-ES","isPartOf":{"@id":"https:\/\/eldigitaldeasturias.com\/magazine365\/#website"},"breadcrumb":{"@id":"https:\/\/eldigitaldeasturias.com\/magazine365\/salvemos-mojacar-lleva-a-estrasburgo-el-fallo-de-tsja-que-declaro-legal-la-licencia-del-algarrobico\/#breadcrumblist"},"author":{"@id":"https:\/\/eldigitaldeasturias.com\/magazine365\/author\/admin\/#author"},"creator":{"@id":"https:\/\/eldigitaldeasturias.com\/magazine365\/author\/admin\/#author"},"image":{"@type":"ImageObject","url":"https:\/\/eldigitaldeasturias.com\/magazine365\/wp-content\/uploads\/2016\/06\/fotonoticia_20160601120108_800.jpg","@id":"https:\/\/eldigitaldeasturias.com\/magazine365\/salvemos-mojacar-lleva-a-estrasburgo-el-fallo-de-tsja-que-declaro-legal-la-licencia-del-algarrobico\/#mainImage","width":800,"height":600},"primaryImageOfPage":{"@id":"https:\/\/eldigitaldeasturias.com\/magazine365\/salvemos-mojacar-lleva-a-estrasburgo-el-fallo-de-tsja-que-declaro-legal-la-licencia-del-algarrobico\/#mainImage"},"datePublished":"2016-06-04T04:35:50+02:00","dateModified":"2016-06-04T04:35:50+02:00"},{"@type":"WebSite","@id":"https:\/\/eldigitaldeasturias.com\/magazine365\/#website","url":"https:\/\/eldigitaldeasturias.com\/magazine365\/","name":"El Digital de Asturias","description":"Revista de ocio, turismo y estilo de vida","inLanguage":"es-ES","publisher":{"@id":"https:\/\/eldigitaldeasturias.com\/magazine365\/#organization"}}]},"og:locale":"es_ES","og:site_name":"El Digital de Asturias \u2013 Revista de ocio, turismo y estilo de vida","og:type":"article","og:title":"Salvemos Moj\u00e1car lleva a Estrasburgo el fallo de TSJA que declar\u00f3 legal la licencia del Algarrobico | El Digital de Asturias","og:description":"La asociaci\u00f3n conservacionista Salvemos Moj\u00e1car ha presentado una demanda en el Tribunal Europeo de Estrasburgo contra la sentencia del TSJA del 29 de julio de 2014 que declar\u00f3 que la licencia municipal de obras concedida en 2003 a Azata del Sol para construir el hotel en el paraje de El Algarrobico, en Carboneras (Almer\u00eda), era","og:url":"https:\/\/eldigitaldeasturias.com\/magazine365\/salvemos-mojacar-lleva-a-estrasburgo-el-fallo-de-tsja-que-declaro-legal-la-licencia-del-algarrobico\/","og:image":"https:\/\/eldigitaldeasturias.com\/magazine365\/wp-content\/uploads\/2016\/06\/fotonoticia_20160601120108_800.jpg","og:image:secure_url":"https:\/\/eldigitaldeasturias.com\/magazine365\/wp-content\/uploads\/2016\/06\/fotonoticia_20160601120108_800.jpg","og:image:width":800,"og:image:height":600,"article:published_time":"2016-06-04T02:35:50+00:00","article:modified_time":"2016-06-04T02:35:50+00:00","twitter:card":"summary_large_image","twitter:title":"Salvemos Moj\u00e1car lleva a Estrasburgo el fallo de TSJA que declar\u00f3 legal la licencia del Algarrobico | El Digital de Asturias","twitter:description":"La asociaci\u00f3n conservacionista Salvemos Moj\u00e1car ha presentado una demanda en el Tribunal Europeo de Estrasburgo contra la sentencia del TSJA del 29 de julio de 2014 que declar\u00f3 que la licencia municipal de obras concedida en 2003 a Azata del Sol para construir el hotel en el paraje de El Algarrobico, en Carboneras (Almer\u00eda), era","twitter:image":"https:\/\/eldigitaldeasturias.com\/magazine365\/wp-content\/uploads\/2016\/06\/fotonoticia_20160601120108_800.jpg"},"aioseo_meta_data":{"post_id":"77479","title":null,"description":null,"keywords":null,"keyphrases":null,"primary_term":null,"canonical_url":null,"og_title":null,"og_description":null,"og_object_type":"default","og_image_type":"default","og_image_url":null,"og_image_width":null,"og_image_height":null,"og_image_custom_url":null,"og_image_custom_fields":null,"og_video":null,"og_custom_url":null,"og_article_section":null,"og_article_tags":null,"twitter_use_og":false,"twitter_card":"default","twitter_image_type":"default","twitter_image_url":null,"twitter_image_custom_url":null,"twitter_image_custom_fields":null,"twitter_title":null,"twitter_description":null,"schema":{"blockGraphs":[],"customGraphs":[],"default":{"data":{"Article":[],"Course":[],"Dataset":[],"FAQPage":[],"Movie":[],"Person":[],"Product":[],"ProductReview":[],"Car":[],"Recipe":[],"Service":[],"SoftwareApplication":[],"WebPage":[]},"graphName":"","isEnabled":true},"graphs":[]},"schema_type":null,"schema_type_options":null,"pillar_content":false,"robots_default":true,"robots_noindex":false,"robots_noarchive":false,"robots_nosnippet":false,"robots_nofollow":false,"robots_noimageindex":false,"robots_noodp":false,"robots_notranslate":false,"robots_max_snippet":null,"robots_max_videopreview":null,"robots_max_imagepreview":"large","priority":null,"frequency":null,"location":null,"local_seo":null,"seo_analyzer_scan_date":"2025-09-27 14:57:38","breadcrumb_settings":null,"limit_modified_date":false,"open_ai":null,"ai":null,"created":"2021-03-08 18:14:03","updated":"2025-09-27 14:57:38"},"aioseo_breadcrumb":"<div class=\"aioseo-breadcrumbs\"><span class=\"aioseo-breadcrumb\">\n\t<a href=\"https:\/\/eldigitaldeasturias.com\/magazine365\" title=\"Home\">Home<\/a>\n<\/span><span class=\"aioseo-breadcrumb-separator\">\u2013<\/span><span class=\"aioseo-breadcrumb\">\n\t<a href=\"https:\/\/eldigitaldeasturias.com\/magazine365\/category\/noticias-actualidad\/\" title=\"Noticias y Actualidad\">Noticias y Actualidad<\/a>\n<\/span><span class=\"aioseo-breadcrumb-separator\">\u2013<\/span><span class=\"aioseo-breadcrumb\">\n\t<a href=\"https:\/\/eldigitaldeasturias.com\/magazine365\/salvemos-mojacar-lleva-a-estrasburgo-el-fallo-de-tsja-que-declaro-legal-la-licencia-del-algarrobico\/\" title=\"Salvemos Moj\u00e1car lleva a Estrasburgo el fallo de TSJA que declar\u00f3 legal la licencia del Algarrobico\">Salvemos Moj\u00e1car lleva a Estrasburgo el fallo de TSJA que declar\u00f3 legal la licencia del Algarrobico<\/a>\n<\/span><\/div>","aioseo_breadcrumb_json":[{"label":"Home","link":"https:\/\/eldigitaldeasturias.com\/magazine365"},{"label":"Noticias y Actualidad","link":"https:\/\/eldigitaldeasturias.com\/magazine365\/category\/noticias-actualidad\/"},{"label":"Salvemos Moj\u00e1car lleva a Estrasburgo el fallo de TSJA que declar\u00f3 legal la licencia del Algarrobico","link":"https:\/\/eldigitaldeasturias.com\/magazine365\/salvemos-mojacar-lleva-a-estrasburgo-el-fallo-de-tsja-que-declaro-legal-la-licencia-del-algarrobico\/"}],"_links":{"self":[{"href":"https:\/\/eldigitaldeasturias.com\/magazine365\/wp-json\/wp\/v2\/posts\/77479","targetHints":{"allow":["GET"]}}],"collection":[{"href":"https:\/\/eldigitaldeasturias.com\/magazine365\/wp-json\/wp\/v2\/posts"}],"about":[{"href":"https:\/\/eldigitaldeasturias.com\/magazine365\/wp-json\/wp\/v2\/types\/post"}],"author":[{"embeddable":true,"href":"https:\/\/eldigitaldeasturias.com\/magazine365\/wp-json\/wp\/v2\/users\/1"}],"replies":[{"embeddable":true,"href":"https:\/\/eldigitaldeasturias.com\/magazine365\/wp-json\/wp\/v2\/comments?post=77479"}],"version-history":[{"count":0,"href":"https:\/\/eldigitaldeasturias.com\/magazine365\/wp-json\/wp\/v2\/posts\/77479\/revisions"}],"wp:featuredmedia":[{"embeddable":true,"href":"https:\/\/eldigitaldeasturias.com\/magazine365\/wp-json\/wp\/v2\/media\/77480"}],"wp:attachment":[{"href":"https:\/\/eldigitaldeasturias.com\/magazine365\/wp-json\/wp\/v2\/media?parent=77479"}],"wp:term":[{"taxonomy":"category","embeddable":true,"href":"https:\/\/eldigitaldeasturias.com\/magazine365\/wp-json\/wp\/v2\/categories?post=77479"},{"taxonomy":"post_tag","embeddable":true,"href":"https:\/\/eldigitaldeasturias.com\/magazine365\/wp-json\/wp\/v2\/tags?post=77479"}],"curies":[{"name":"wp","href":"https:\/\/api.w.org\/{rel}","templated":true}]}}