{"id":77473,"date":"2016-06-04T04:33:39","date_gmt":"2016-06-04T02:33:39","guid":{"rendered":"http:\/\/eldigitaldeasturias.com\/magazine365\/?p=77473"},"modified":"2016-06-04T04:33:39","modified_gmt":"2016-06-04T02:33:39","slug":"la-universitat-de-valencia-impartira-un-postgrado-para-ser-experto-universitario-en-fallas-y-creatividad","status":"publish","type":"post","link":"https:\/\/eldigitaldeasturias.com\/magazine365\/la-universitat-de-valencia-impartira-un-postgrado-para-ser-experto-universitario-en-fallas-y-creatividad\/","title":{"rendered":"La Universitat de Val\u00e8ncia impartir\u00e1 un postgrado para ser experto universitario en Fallas y Creatividad"},"content":{"rendered":"<p><img fetchpriority=\"high\" decoding=\"async\" class=\"alignleft size-medium wp-image-77474\" src=\"https:\/\/eldigitaldeasturias.com\/magazine365\/wp-content\/uploads\/2016\/06\/fotonoticia_20160601115524_800-360x270.jpg\" alt=\"fotonoticia_20160601115524_800\" width=\"360\" height=\"270\" srcset=\"https:\/\/eldigitaldeasturias.com\/magazine365\/wp-content\/uploads\/2016\/06\/fotonoticia_20160601115524_800-360x270.jpg 360w, https:\/\/eldigitaldeasturias.com\/magazine365\/wp-content\/uploads\/2016\/06\/fotonoticia_20160601115524_800-650x488.jpg 650w, https:\/\/eldigitaldeasturias.com\/magazine365\/wp-content\/uploads\/2016\/06\/fotonoticia_20160601115524_800-768x576.jpg 768w, https:\/\/eldigitaldeasturias.com\/magazine365\/wp-content\/uploads\/2016\/06\/fotonoticia_20160601115524_800-150x113.jpg 150w, https:\/\/eldigitaldeasturias.com\/magazine365\/wp-content\/uploads\/2016\/06\/fotonoticia_20160601115524_800-450x338.jpg 450w, https:\/\/eldigitaldeasturias.com\/magazine365\/wp-content\/uploads\/2016\/06\/fotonoticia_20160601115524_800-90x67.jpg 90w, https:\/\/eldigitaldeasturias.com\/magazine365\/wp-content\/uploads\/2016\/06\/fotonoticia_20160601115524_800-164x124.jpg 164w, https:\/\/eldigitaldeasturias.com\/magazine365\/wp-content\/uploads\/2016\/06\/fotonoticia_20160601115524_800-100x75.jpg 100w, https:\/\/eldigitaldeasturias.com\/magazine365\/wp-content\/uploads\/2016\/06\/fotonoticia_20160601115524_800.jpg 800w\" sizes=\"(max-width: 360px) 100vw, 360px\" \/>La Universitat de Val\u00e8ncia (UV) ha aprobado el T\u00edtulo de Experto Universitario en Fallas y Creatividad a propuesta del Instituto Universitario de Creatividad e Innovaciones Educativas y el Departamento de Sociolog\u00eda y Antropolog\u00eda Social de la instituci\u00f3n educativa.<\/p>\n<p>Se trata de un t\u00edtulo \u00abnecesario, puesto que las Fallas constituyen una manifestaci\u00f3n cultural y festiva de primer orden, profundamente arraigada a la cultura valenciana y a su identidad, y repleta de actividades culturales enriquecedoras para el conjunto de la sociedad, tanto a nivel cultural, econ\u00f3mico y social\u00bb.<\/p>\n<p>Asimismo, la posible declaraci\u00f3n de las Fallas a Patrimonio Inmaterial de la Humanidad por la Unesco \u00abtambi\u00e9n precisa de unos estudios universitarios espec\u00edficos sobre las Fallas, para profundizar en su conocimiento e investigaci\u00f3n\u00bb, recalcan los responsables del Instituto Universitario de Creatividad en un comunicado.<\/p>\n<p>La titulaci\u00f3n &#8211;que eleva el estudio de las Fallas a rango universitario&#8211; ser\u00e1 codirigida por los profesores Gil-Manuel Hern\u00e0ndez y Ricard Ramon, de la Universitat de Val\u00e8ncia.<\/p>\n<p>El postgrado &#8211;que se impartir\u00e1 en valenciano&#8211; plantea la necesidad de unos estudios de especializaci\u00f3n de nivel universitario sobre las Fallas, para estudiarlas a fondo y fomentar la formaci\u00f3n de profesionales de varios \u00e1mbitos, como por ejemplo turismo, arte, gesti\u00f3n cultural, profesionales de museos y cents festivos, artistas falleros, titulados del Ciclo Formativo Superior de Artista Fallero, licenciados en Bellas artes, historiadores, soci\u00f3logos, maestros, pedagogos, dise\u00f1adores, ilustradores y artistas, as\u00ed como personas interesadas al profundizar en la cultura fallera.<\/p>\n<p>En su ejercicio profesional podr\u00e1n aplicar estos conocimientos para desarrollar nuevos proyectes d interacci\u00f3n social, cultural y econ\u00f3mica en la fiesta fallera, fomentando su desarrollo futuro para convertirla, todav\u00eda m\u00e1s, en un \u00abtriple eje fundamental para la vida social, econ\u00f3mica y cultural de Valencia, con todas las implicaciones y beneficios que compuerta\u00bb.<\/p>\n<p>TRES BLOQUES<\/p>\n<p>El t\u00edtulo consta de 15 cr\u00e9ditos articulados en tres grandes bloques docentes de 5 cr\u00e9ditos cada uno: Arte, fiesta y experiencia est\u00e9tica;<\/p>\n<p>Fallas, creaci\u00f3n y creatividad y Falles, sociedad y patrimonio.<\/p>\n<p>Como salidas profesionales, los impulsores de la iniciativa destacan los diversos \u00e1mbitos profesionales vinculados a las Fallas, del sector del dise\u00f1o y la creaci\u00f3n de monumentos, as\u00ed como los \u00e1mbitos vinculados al turismo, actividades socioculturales y gesti\u00f3n cultural, adem\u00e1s de actividades art\u00edsticas y asociacionismo en general.<\/p>\n<p>Entre los docentes hay profesores como Rom\u00e0 de Calle, Antonio Ari\u00f1o, Ricard Huerta, Rosa Yag\u00fce, Pau Rausell, Jes\u00fas Peris, Jes\u00fas Catal\u00e0 o Jos\u00e9 Maria N\u00e0cher; estudiosos de las Fallas como Ricard Catal\u00e0, Vicent Borrego, Josep Llu\u00eds Marin, Antonio Herrero, Joan Castell\u00f3, Antoni Colomina, Llu\u00eds Mesa, Frederic Orihuela, Jos\u00e9 Mart\u00ednez Tormo, Rafael Solaz y Rub\u00e9n Tello, entre otros, y artistas falleros como V\u00edctor Valero, Paco Pellicer o Marisa Falc\u00f3<\/p>\n<p>&nbsp;<\/p>\n","protected":false},"excerpt":{"rendered":"<p>La Universitat de Val\u00e8ncia (UV) ha aprobado el T\u00edtulo de Experto Universitario en Fallas y Creatividad a propuesta del Instituto Universitario de Creatividad e Innovaciones Educativas y el Departamento de Sociolog\u00eda y Antropolog\u00eda Social de la instituci\u00f3n educativa. Se trata de un t\u00edtulo \u00abnecesario, puesto que las Fallas constituyen una manifestaci\u00f3n cultural y festiva de<\/p>\n","protected":false},"author":1,"featured_media":77474,"comment_status":"open","ping_status":"closed","sticky":false,"template":"","format":"standard","meta":{"footnotes":""},"categories":[224],"tags":[],"class_list":{"0":"post-77473","1":"post","2":"type-post","3":"status-publish","4":"format-standard","5":"has-post-thumbnail","7":"category-noticias-actualidad"},"aioseo_notices":[],"aioseo_head":"\n\t\t<!-- All in One SEO Pro 4.9.6.1 - aioseo.com -->\n\t<meta name=\"description\" content=\"La Universitat de Val\u00e8ncia (UV) ha aprobado el T\u00edtulo de Experto Universitario en Fallas y Creatividad a propuesta del Instituto Universitario de Creatividad e Innovaciones Educativas y el Departamento de Sociolog\u00eda y Antropolog\u00eda Social de la instituci\u00f3n educativa. Se trata de un t\u00edtulo &quot;necesario, puesto que las Fallas constituyen una manifestaci\u00f3n cultural y festiva de\" \/>\n\t<meta name=\"robots\" content=\"max-image-preview:large\" \/>\n\t<meta name=\"author\" content=\"admin\"\/>\n\t<meta name=\"google-site-verification\" content=\"UA-38556648-1\" \/>\n\t<meta name=\"keywords\" content=\"noticias y actualidad\" \/>\n\t<link rel=\"canonical\" href=\"https:\/\/eldigitaldeasturias.com\/magazine365\/la-universitat-de-valencia-impartira-un-postgrado-para-ser-experto-universitario-en-fallas-y-creatividad\/\" \/>\n\t<meta name=\"generator\" content=\"All in One SEO Pro (AIOSEO) 4.9.6.1\" \/>\n\t\t<meta property=\"og:locale\" content=\"es_ES\" \/>\n\t\t<meta property=\"og:site_name\" content=\"El Digital de Asturias \u2013 Revista de ocio, turismo y estilo de vida\" \/>\n\t\t<meta property=\"og:type\" content=\"article\" \/>\n\t\t<meta property=\"og:title\" content=\"La Universitat de Val\u00e8ncia impartir\u00e1 un postgrado para ser experto universitario en Fallas y Creatividad | El Digital de Asturias\" \/>\n\t\t<meta property=\"og:description\" content=\"La Universitat de Val\u00e8ncia (UV) ha aprobado el T\u00edtulo de Experto Universitario en Fallas y Creatividad a propuesta del Instituto Universitario de Creatividad e Innovaciones Educativas y el Departamento de Sociolog\u00eda y Antropolog\u00eda Social de la instituci\u00f3n educativa. Se trata de un t\u00edtulo &quot;necesario, puesto que las Fallas constituyen una manifestaci\u00f3n cultural y festiva de\" \/>\n\t\t<meta property=\"og:url\" content=\"https:\/\/eldigitaldeasturias.com\/magazine365\/la-universitat-de-valencia-impartira-un-postgrado-para-ser-experto-universitario-en-fallas-y-creatividad\/\" \/>\n\t\t<meta property=\"og:image\" content=\"https:\/\/eldigitaldeasturias.com\/magazine365\/wp-content\/uploads\/2016\/06\/fotonoticia_20160601115524_800.jpg\" \/>\n\t\t<meta property=\"og:image:secure_url\" content=\"https:\/\/eldigitaldeasturias.com\/magazine365\/wp-content\/uploads\/2016\/06\/fotonoticia_20160601115524_800.jpg\" \/>\n\t\t<meta property=\"og:image:width\" content=\"800\" \/>\n\t\t<meta property=\"og:image:height\" content=\"600\" \/>\n\t\t<meta property=\"article:published_time\" content=\"2016-06-04T02:33:39+00:00\" \/>\n\t\t<meta property=\"article:modified_time\" content=\"2016-06-04T02:33:39+00:00\" \/>\n\t\t<meta name=\"twitter:card\" content=\"summary_large_image\" \/>\n\t\t<meta name=\"twitter:title\" content=\"La Universitat de Val\u00e8ncia impartir\u00e1 un postgrado para ser experto universitario en Fallas y Creatividad | El Digital de Asturias\" \/>\n\t\t<meta name=\"twitter:description\" content=\"La Universitat de Val\u00e8ncia (UV) ha aprobado el T\u00edtulo de Experto Universitario en Fallas y Creatividad a propuesta del Instituto Universitario de Creatividad e Innovaciones Educativas y el Departamento de Sociolog\u00eda y Antropolog\u00eda Social de la instituci\u00f3n educativa. Se trata de un t\u00edtulo &quot;necesario, puesto que las Fallas constituyen una manifestaci\u00f3n cultural y festiva de\" \/>\n\t\t<meta name=\"twitter:image\" content=\"https:\/\/eldigitaldeasturias.com\/magazine365\/wp-content\/uploads\/2016\/06\/fotonoticia_20160601115524_800.jpg\" \/>\n\t\t<script type=\"application\/ld+json\" class=\"aioseo-schema\">\n\t\t\t{\"@context\":\"https:\\\/\\\/schema.org\",\"@graph\":[{\"@type\":\"Article\",\"@id\":\"https:\\\/\\\/eldigitaldeasturias.com\\\/magazine365\\\/la-universitat-de-valencia-impartira-un-postgrado-para-ser-experto-universitario-en-fallas-y-creatividad\\\/#article\",\"name\":\"La Universitat de Val\\u00e8ncia impartir\\u00e1 un postgrado para ser experto universitario en Fallas y Creatividad | El Digital de Asturias\",\"headline\":\"La Universitat de Val\\u00e8ncia impartir\\u00e1 un postgrado para ser experto universitario en Fallas y Creatividad\",\"author\":{\"@id\":\"https:\\\/\\\/eldigitaldeasturias.com\\\/magazine365\\\/author\\\/admin\\\/#author\"},\"publisher\":{\"@id\":\"https:\\\/\\\/eldigitaldeasturias.com\\\/magazine365\\\/#organization\"},\"image\":{\"@type\":\"ImageObject\",\"url\":\"https:\\\/\\\/eldigitaldeasturias.com\\\/magazine365\\\/wp-content\\\/uploads\\\/2016\\\/06\\\/fotonoticia_20160601115524_800.jpg\",\"width\":800,\"height\":600},\"datePublished\":\"2016-06-04T04:33:39+02:00\",\"dateModified\":\"2016-06-04T04:33:39+02:00\",\"inLanguage\":\"es-ES\",\"mainEntityOfPage\":{\"@id\":\"https:\\\/\\\/eldigitaldeasturias.com\\\/magazine365\\\/la-universitat-de-valencia-impartira-un-postgrado-para-ser-experto-universitario-en-fallas-y-creatividad\\\/#webpage\"},\"isPartOf\":{\"@id\":\"https:\\\/\\\/eldigitaldeasturias.com\\\/magazine365\\\/la-universitat-de-valencia-impartira-un-postgrado-para-ser-experto-universitario-en-fallas-y-creatividad\\\/#webpage\"},\"articleSection\":\"Noticias y Actualidad\"},{\"@type\":\"BreadcrumbList\",\"@id\":\"https:\\\/\\\/eldigitaldeasturias.com\\\/magazine365\\\/la-universitat-de-valencia-impartira-un-postgrado-para-ser-experto-universitario-en-fallas-y-creatividad\\\/#breadcrumblist\",\"itemListElement\":[{\"@type\":\"ListItem\",\"@id\":\"https:\\\/\\\/eldigitaldeasturias.com\\\/magazine365#listItem\",\"position\":1,\"name\":\"Home\",\"item\":\"https:\\\/\\\/eldigitaldeasturias.com\\\/magazine365\",\"nextItem\":{\"@type\":\"ListItem\",\"@id\":\"https:\\\/\\\/eldigitaldeasturias.com\\\/magazine365\\\/category\\\/noticias-actualidad\\\/#listItem\",\"name\":\"Noticias y Actualidad\"}},{\"@type\":\"ListItem\",\"@id\":\"https:\\\/\\\/eldigitaldeasturias.com\\\/magazine365\\\/category\\\/noticias-actualidad\\\/#listItem\",\"position\":2,\"name\":\"Noticias y Actualidad\",\"item\":\"https:\\\/\\\/eldigitaldeasturias.com\\\/magazine365\\\/category\\\/noticias-actualidad\\\/\",\"nextItem\":{\"@type\":\"ListItem\",\"@id\":\"https:\\\/\\\/eldigitaldeasturias.com\\\/magazine365\\\/la-universitat-de-valencia-impartira-un-postgrado-para-ser-experto-universitario-en-fallas-y-creatividad\\\/#listItem\",\"name\":\"La Universitat de Val\\u00e8ncia impartir\\u00e1 un postgrado para ser experto universitario en Fallas y Creatividad\"},\"previousItem\":{\"@type\":\"ListItem\",\"@id\":\"https:\\\/\\\/eldigitaldeasturias.com\\\/magazine365#listItem\",\"name\":\"Home\"}},{\"@type\":\"ListItem\",\"@id\":\"https:\\\/\\\/eldigitaldeasturias.com\\\/magazine365\\\/la-universitat-de-valencia-impartira-un-postgrado-para-ser-experto-universitario-en-fallas-y-creatividad\\\/#listItem\",\"position\":3,\"name\":\"La Universitat de Val\\u00e8ncia impartir\\u00e1 un postgrado para ser experto universitario en Fallas y Creatividad\",\"previousItem\":{\"@type\":\"ListItem\",\"@id\":\"https:\\\/\\\/eldigitaldeasturias.com\\\/magazine365\\\/category\\\/noticias-actualidad\\\/#listItem\",\"name\":\"Noticias y Actualidad\"}}]},{\"@type\":\"Organization\",\"@id\":\"https:\\\/\\\/eldigitaldeasturias.com\\\/magazine365\\\/#organization\",\"name\":\"El digital de Asturias\",\"description\":\"Revista de ocio, turismo y estilo de vida\",\"url\":\"https:\\\/\\\/eldigitaldeasturias.com\\\/magazine365\\\/\",\"logo\":{\"@type\":\"ImageObject\",\"url\":\"https:\\\/\\\/www.eldigitaldeasturias.com\\\/noticias\\\/wp-content\\\/uploads\\\/2020\\\/12\\\/EDA.jpg\",\"@id\":\"https:\\\/\\\/eldigitaldeasturias.com\\\/magazine365\\\/la-universitat-de-valencia-impartira-un-postgrado-para-ser-experto-universitario-en-fallas-y-creatividad\\\/#organizationLogo\"},\"image\":{\"@id\":\"https:\\\/\\\/eldigitaldeasturias.com\\\/magazine365\\\/la-universitat-de-valencia-impartira-un-postgrado-para-ser-experto-universitario-en-fallas-y-creatividad\\\/#organizationLogo\"}},{\"@type\":\"Person\",\"@id\":\"https:\\\/\\\/eldigitaldeasturias.com\\\/magazine365\\\/author\\\/admin\\\/#author\",\"url\":\"https:\\\/\\\/eldigitaldeasturias.com\\\/magazine365\\\/author\\\/admin\\\/\",\"name\":\"admin\",\"image\":{\"@type\":\"ImageObject\",\"@id\":\"https:\\\/\\\/eldigitaldeasturias.com\\\/magazine365\\\/la-universitat-de-valencia-impartira-un-postgrado-para-ser-experto-universitario-en-fallas-y-creatividad\\\/#authorImage\",\"url\":\"https:\\\/\\\/eldigitaldeasturias.com\\\/magazine365\\\/wp-content\\\/litespeed\\\/avatar\\\/e571bcf59a0edd6fa6838245a470f2fe.jpg?ver=1776969259\",\"width\":96,\"height\":96,\"caption\":\"admin\"}},{\"@type\":\"WebPage\",\"@id\":\"https:\\\/\\\/eldigitaldeasturias.com\\\/magazine365\\\/la-universitat-de-valencia-impartira-un-postgrado-para-ser-experto-universitario-en-fallas-y-creatividad\\\/#webpage\",\"url\":\"https:\\\/\\\/eldigitaldeasturias.com\\\/magazine365\\\/la-universitat-de-valencia-impartira-un-postgrado-para-ser-experto-universitario-en-fallas-y-creatividad\\\/\",\"name\":\"La Universitat de Val\\u00e8ncia impartir\\u00e1 un postgrado para ser experto universitario en Fallas y Creatividad | El Digital de Asturias\",\"description\":\"La Universitat de Val\\u00e8ncia (UV) ha aprobado el T\\u00edtulo de Experto Universitario en Fallas y Creatividad a propuesta del Instituto Universitario de Creatividad e Innovaciones Educativas y el Departamento de Sociolog\\u00eda y Antropolog\\u00eda Social de la instituci\\u00f3n educativa. Se trata de un t\\u00edtulo \\\"necesario, puesto que las Fallas constituyen una manifestaci\\u00f3n cultural y festiva de\",\"inLanguage\":\"es-ES\",\"isPartOf\":{\"@id\":\"https:\\\/\\\/eldigitaldeasturias.com\\\/magazine365\\\/#website\"},\"breadcrumb\":{\"@id\":\"https:\\\/\\\/eldigitaldeasturias.com\\\/magazine365\\\/la-universitat-de-valencia-impartira-un-postgrado-para-ser-experto-universitario-en-fallas-y-creatividad\\\/#breadcrumblist\"},\"author\":{\"@id\":\"https:\\\/\\\/eldigitaldeasturias.com\\\/magazine365\\\/author\\\/admin\\\/#author\"},\"creator\":{\"@id\":\"https:\\\/\\\/eldigitaldeasturias.com\\\/magazine365\\\/author\\\/admin\\\/#author\"},\"image\":{\"@type\":\"ImageObject\",\"url\":\"https:\\\/\\\/eldigitaldeasturias.com\\\/magazine365\\\/wp-content\\\/uploads\\\/2016\\\/06\\\/fotonoticia_20160601115524_800.jpg\",\"@id\":\"https:\\\/\\\/eldigitaldeasturias.com\\\/magazine365\\\/la-universitat-de-valencia-impartira-un-postgrado-para-ser-experto-universitario-en-fallas-y-creatividad\\\/#mainImage\",\"width\":800,\"height\":600},\"primaryImageOfPage\":{\"@id\":\"https:\\\/\\\/eldigitaldeasturias.com\\\/magazine365\\\/la-universitat-de-valencia-impartira-un-postgrado-para-ser-experto-universitario-en-fallas-y-creatividad\\\/#mainImage\"},\"datePublished\":\"2016-06-04T04:33:39+02:00\",\"dateModified\":\"2016-06-04T04:33:39+02:00\"},{\"@type\":\"WebSite\",\"@id\":\"https:\\\/\\\/eldigitaldeasturias.com\\\/magazine365\\\/#website\",\"url\":\"https:\\\/\\\/eldigitaldeasturias.com\\\/magazine365\\\/\",\"name\":\"El Digital de Asturias\",\"description\":\"Revista de ocio, turismo y estilo de vida\",\"inLanguage\":\"es-ES\",\"publisher\":{\"@id\":\"https:\\\/\\\/eldigitaldeasturias.com\\\/magazine365\\\/#organization\"}}]}\n\t\t<\/script>\n\t\t<!-- All in One SEO Pro -->\r\n\t\t<title>La Universitat de Val\u00e8ncia impartir\u00e1 un postgrado para ser experto universitario en Fallas y Creatividad | El Digital de Asturias<\/title>\n\n","aioseo_head_json":{"title":"La Universitat de Val\u00e8ncia impartir\u00e1 un postgrado para ser experto universitario en Fallas y Creatividad | El Digital de Asturias","description":"La Universitat de Val\u00e8ncia (UV) ha aprobado el T\u00edtulo de Experto Universitario en Fallas y Creatividad a propuesta del Instituto Universitario de Creatividad e Innovaciones Educativas y el Departamento de Sociolog\u00eda y Antropolog\u00eda Social de la instituci\u00f3n educativa. Se trata de un t\u00edtulo \"necesario, puesto que las Fallas constituyen una manifestaci\u00f3n cultural y festiva de","canonical_url":"https:\/\/eldigitaldeasturias.com\/magazine365\/la-universitat-de-valencia-impartira-un-postgrado-para-ser-experto-universitario-en-fallas-y-creatividad\/","robots":"max-image-preview:large","keywords":"noticias y actualidad","webmasterTools":{"google-site-verification":"UA-38556648-1","miscellaneous":""},"schema":{"@context":"https:\/\/schema.org","@graph":[{"@type":"Article","@id":"https:\/\/eldigitaldeasturias.com\/magazine365\/la-universitat-de-valencia-impartira-un-postgrado-para-ser-experto-universitario-en-fallas-y-creatividad\/#article","name":"La Universitat de Val\u00e8ncia impartir\u00e1 un postgrado para ser experto universitario en Fallas y Creatividad | El Digital de Asturias","headline":"La Universitat de Val\u00e8ncia impartir\u00e1 un postgrado para ser experto universitario en Fallas y Creatividad","author":{"@id":"https:\/\/eldigitaldeasturias.com\/magazine365\/author\/admin\/#author"},"publisher":{"@id":"https:\/\/eldigitaldeasturias.com\/magazine365\/#organization"},"image":{"@type":"ImageObject","url":"https:\/\/eldigitaldeasturias.com\/magazine365\/wp-content\/uploads\/2016\/06\/fotonoticia_20160601115524_800.jpg","width":800,"height":600},"datePublished":"2016-06-04T04:33:39+02:00","dateModified":"2016-06-04T04:33:39+02:00","inLanguage":"es-ES","mainEntityOfPage":{"@id":"https:\/\/eldigitaldeasturias.com\/magazine365\/la-universitat-de-valencia-impartira-un-postgrado-para-ser-experto-universitario-en-fallas-y-creatividad\/#webpage"},"isPartOf":{"@id":"https:\/\/eldigitaldeasturias.com\/magazine365\/la-universitat-de-valencia-impartira-un-postgrado-para-ser-experto-universitario-en-fallas-y-creatividad\/#webpage"},"articleSection":"Noticias y Actualidad"},{"@type":"BreadcrumbList","@id":"https:\/\/eldigitaldeasturias.com\/magazine365\/la-universitat-de-valencia-impartira-un-postgrado-para-ser-experto-universitario-en-fallas-y-creatividad\/#breadcrumblist","itemListElement":[{"@type":"ListItem","@id":"https:\/\/eldigitaldeasturias.com\/magazine365#listItem","position":1,"name":"Home","item":"https:\/\/eldigitaldeasturias.com\/magazine365","nextItem":{"@type":"ListItem","@id":"https:\/\/eldigitaldeasturias.com\/magazine365\/category\/noticias-actualidad\/#listItem","name":"Noticias y Actualidad"}},{"@type":"ListItem","@id":"https:\/\/eldigitaldeasturias.com\/magazine365\/category\/noticias-actualidad\/#listItem","position":2,"name":"Noticias y Actualidad","item":"https:\/\/eldigitaldeasturias.com\/magazine365\/category\/noticias-actualidad\/","nextItem":{"@type":"ListItem","@id":"https:\/\/eldigitaldeasturias.com\/magazine365\/la-universitat-de-valencia-impartira-un-postgrado-para-ser-experto-universitario-en-fallas-y-creatividad\/#listItem","name":"La Universitat de Val\u00e8ncia impartir\u00e1 un postgrado para ser experto universitario en Fallas y Creatividad"},"previousItem":{"@type":"ListItem","@id":"https:\/\/eldigitaldeasturias.com\/magazine365#listItem","name":"Home"}},{"@type":"ListItem","@id":"https:\/\/eldigitaldeasturias.com\/magazine365\/la-universitat-de-valencia-impartira-un-postgrado-para-ser-experto-universitario-en-fallas-y-creatividad\/#listItem","position":3,"name":"La Universitat de Val\u00e8ncia impartir\u00e1 un postgrado para ser experto universitario en Fallas y Creatividad","previousItem":{"@type":"ListItem","@id":"https:\/\/eldigitaldeasturias.com\/magazine365\/category\/noticias-actualidad\/#listItem","name":"Noticias y Actualidad"}}]},{"@type":"Organization","@id":"https:\/\/eldigitaldeasturias.com\/magazine365\/#organization","name":"El digital de Asturias","description":"Revista de ocio, turismo y estilo de vida","url":"https:\/\/eldigitaldeasturias.com\/magazine365\/","logo":{"@type":"ImageObject","url":"https:\/\/www.eldigitaldeasturias.com\/noticias\/wp-content\/uploads\/2020\/12\/EDA.jpg","@id":"https:\/\/eldigitaldeasturias.com\/magazine365\/la-universitat-de-valencia-impartira-un-postgrado-para-ser-experto-universitario-en-fallas-y-creatividad\/#organizationLogo"},"image":{"@id":"https:\/\/eldigitaldeasturias.com\/magazine365\/la-universitat-de-valencia-impartira-un-postgrado-para-ser-experto-universitario-en-fallas-y-creatividad\/#organizationLogo"}},{"@type":"Person","@id":"https:\/\/eldigitaldeasturias.com\/magazine365\/author\/admin\/#author","url":"https:\/\/eldigitaldeasturias.com\/magazine365\/author\/admin\/","name":"admin","image":{"@type":"ImageObject","@id":"https:\/\/eldigitaldeasturias.com\/magazine365\/la-universitat-de-valencia-impartira-un-postgrado-para-ser-experto-universitario-en-fallas-y-creatividad\/#authorImage","url":"https:\/\/eldigitaldeasturias.com\/magazine365\/wp-content\/litespeed\/avatar\/e571bcf59a0edd6fa6838245a470f2fe.jpg?ver=1776969259","width":96,"height":96,"caption":"admin"}},{"@type":"WebPage","@id":"https:\/\/eldigitaldeasturias.com\/magazine365\/la-universitat-de-valencia-impartira-un-postgrado-para-ser-experto-universitario-en-fallas-y-creatividad\/#webpage","url":"https:\/\/eldigitaldeasturias.com\/magazine365\/la-universitat-de-valencia-impartira-un-postgrado-para-ser-experto-universitario-en-fallas-y-creatividad\/","name":"La Universitat de Val\u00e8ncia impartir\u00e1 un postgrado para ser experto universitario en Fallas y Creatividad | El Digital de Asturias","description":"La Universitat de Val\u00e8ncia (UV) ha aprobado el T\u00edtulo de Experto Universitario en Fallas y Creatividad a propuesta del Instituto Universitario de Creatividad e Innovaciones Educativas y el Departamento de Sociolog\u00eda y Antropolog\u00eda Social de la instituci\u00f3n educativa. Se trata de un t\u00edtulo \"necesario, puesto que las Fallas constituyen una manifestaci\u00f3n cultural y festiva de","inLanguage":"es-ES","isPartOf":{"@id":"https:\/\/eldigitaldeasturias.com\/magazine365\/#website"},"breadcrumb":{"@id":"https:\/\/eldigitaldeasturias.com\/magazine365\/la-universitat-de-valencia-impartira-un-postgrado-para-ser-experto-universitario-en-fallas-y-creatividad\/#breadcrumblist"},"author":{"@id":"https:\/\/eldigitaldeasturias.com\/magazine365\/author\/admin\/#author"},"creator":{"@id":"https:\/\/eldigitaldeasturias.com\/magazine365\/author\/admin\/#author"},"image":{"@type":"ImageObject","url":"https:\/\/eldigitaldeasturias.com\/magazine365\/wp-content\/uploads\/2016\/06\/fotonoticia_20160601115524_800.jpg","@id":"https:\/\/eldigitaldeasturias.com\/magazine365\/la-universitat-de-valencia-impartira-un-postgrado-para-ser-experto-universitario-en-fallas-y-creatividad\/#mainImage","width":800,"height":600},"primaryImageOfPage":{"@id":"https:\/\/eldigitaldeasturias.com\/magazine365\/la-universitat-de-valencia-impartira-un-postgrado-para-ser-experto-universitario-en-fallas-y-creatividad\/#mainImage"},"datePublished":"2016-06-04T04:33:39+02:00","dateModified":"2016-06-04T04:33:39+02:00"},{"@type":"WebSite","@id":"https:\/\/eldigitaldeasturias.com\/magazine365\/#website","url":"https:\/\/eldigitaldeasturias.com\/magazine365\/","name":"El Digital de Asturias","description":"Revista de ocio, turismo y estilo de vida","inLanguage":"es-ES","publisher":{"@id":"https:\/\/eldigitaldeasturias.com\/magazine365\/#organization"}}]},"og:locale":"es_ES","og:site_name":"El Digital de Asturias \u2013 Revista de ocio, turismo y estilo de vida","og:type":"article","og:title":"La Universitat de Val\u00e8ncia impartir\u00e1 un postgrado para ser experto universitario en Fallas y Creatividad | El Digital de Asturias","og:description":"La Universitat de Val\u00e8ncia (UV) ha aprobado el T\u00edtulo de Experto Universitario en Fallas y Creatividad a propuesta del Instituto Universitario de Creatividad e Innovaciones Educativas y el Departamento de Sociolog\u00eda y Antropolog\u00eda Social de la instituci\u00f3n educativa. Se trata de un t\u00edtulo &quot;necesario, puesto que las Fallas constituyen una manifestaci\u00f3n cultural y festiva de","og:url":"https:\/\/eldigitaldeasturias.com\/magazine365\/la-universitat-de-valencia-impartira-un-postgrado-para-ser-experto-universitario-en-fallas-y-creatividad\/","og:image":"https:\/\/eldigitaldeasturias.com\/magazine365\/wp-content\/uploads\/2016\/06\/fotonoticia_20160601115524_800.jpg","og:image:secure_url":"https:\/\/eldigitaldeasturias.com\/magazine365\/wp-content\/uploads\/2016\/06\/fotonoticia_20160601115524_800.jpg","og:image:width":800,"og:image:height":600,"article:published_time":"2016-06-04T02:33:39+00:00","article:modified_time":"2016-06-04T02:33:39+00:00","twitter:card":"summary_large_image","twitter:title":"La Universitat de Val\u00e8ncia impartir\u00e1 un postgrado para ser experto universitario en Fallas y Creatividad | El Digital de Asturias","twitter:description":"La Universitat de Val\u00e8ncia (UV) ha aprobado el T\u00edtulo de Experto Universitario en Fallas y Creatividad a propuesta del Instituto Universitario de Creatividad e Innovaciones Educativas y el Departamento de Sociolog\u00eda y Antropolog\u00eda Social de la instituci\u00f3n educativa. Se trata de un t\u00edtulo &quot;necesario, puesto que las Fallas constituyen una manifestaci\u00f3n cultural y festiva de","twitter:image":"https:\/\/eldigitaldeasturias.com\/magazine365\/wp-content\/uploads\/2016\/06\/fotonoticia_20160601115524_800.jpg"},"aioseo_meta_data":{"post_id":"77473","title":null,"description":null,"keywords":null,"keyphrases":null,"primary_term":null,"canonical_url":null,"og_title":null,"og_description":null,"og_object_type":"default","og_image_type":"default","og_image_url":null,"og_image_width":null,"og_image_height":null,"og_image_custom_url":null,"og_image_custom_fields":null,"og_video":null,"og_custom_url":null,"og_article_section":null,"og_article_tags":null,"twitter_use_og":false,"twitter_card":"default","twitter_image_type":"default","twitter_image_url":null,"twitter_image_custom_url":null,"twitter_image_custom_fields":null,"twitter_title":null,"twitter_description":null,"schema":{"blockGraphs":[],"customGraphs":[],"default":{"data":{"Article":[],"Course":[],"Dataset":[],"FAQPage":[],"Movie":[],"Person":[],"Product":[],"ProductReview":[],"Car":[],"Recipe":[],"Service":[],"SoftwareApplication":[],"WebPage":[]},"graphName":"","isEnabled":true},"graphs":[],"defaultGraph":"","defaultPostTypeGraph":""},"schema_type":null,"schema_type_options":null,"pillar_content":false,"robots_default":true,"robots_noindex":false,"robots_noarchive":false,"robots_nosnippet":false,"robots_nofollow":false,"robots_noimageindex":false,"robots_noodp":false,"robots_notranslate":false,"robots_max_snippet":null,"robots_max_videopreview":null,"robots_max_imagepreview":"large","priority":null,"frequency":null,"location":null,"local_seo":null,"seo_analyzer_scan_date":"2025-09-27 14:57:36","breadcrumb_settings":null,"limit_modified_date":false,"open_ai":null,"ai":null,"created":"2021-03-08 18:14:03","updated":"2025-09-27 14:57:36"},"aioseo_breadcrumb":"<div class=\"aioseo-breadcrumbs\"><span class=\"aioseo-breadcrumb\">\n\t<a href=\"https:\/\/eldigitaldeasturias.com\/magazine365\" title=\"Home\">Home<\/a>\n<\/span><span class=\"aioseo-breadcrumb-separator\">\u2013<\/span><span class=\"aioseo-breadcrumb\">\n\t<a href=\"https:\/\/eldigitaldeasturias.com\/magazine365\/category\/noticias-actualidad\/\" title=\"Noticias y Actualidad\">Noticias y Actualidad<\/a>\n<\/span><span class=\"aioseo-breadcrumb-separator\">\u2013<\/span><span class=\"aioseo-breadcrumb\">\n\t<a href=\"https:\/\/eldigitaldeasturias.com\/magazine365\/la-universitat-de-valencia-impartira-un-postgrado-para-ser-experto-universitario-en-fallas-y-creatividad\/\" title=\"La Universitat de Val\u00e8ncia impartir\u00e1 un postgrado para ser experto universitario en Fallas y Creatividad\">La Universitat de Val\u00e8ncia impartir\u00e1 un postgrado para ser experto universitario en Fallas y Creatividad<\/a>\n<\/span><\/div>","aioseo_breadcrumb_json":[{"label":"Home","link":"https:\/\/eldigitaldeasturias.com\/magazine365"},{"label":"Noticias y Actualidad","link":"https:\/\/eldigitaldeasturias.com\/magazine365\/category\/noticias-actualidad\/"},{"label":"La Universitat de Val\u00e8ncia impartir\u00e1 un postgrado para ser experto universitario en Fallas y Creatividad","link":"https:\/\/eldigitaldeasturias.com\/magazine365\/la-universitat-de-valencia-impartira-un-postgrado-para-ser-experto-universitario-en-fallas-y-creatividad\/"}],"_links":{"self":[{"href":"https:\/\/eldigitaldeasturias.com\/magazine365\/wp-json\/wp\/v2\/posts\/77473","targetHints":{"allow":["GET"]}}],"collection":[{"href":"https:\/\/eldigitaldeasturias.com\/magazine365\/wp-json\/wp\/v2\/posts"}],"about":[{"href":"https:\/\/eldigitaldeasturias.com\/magazine365\/wp-json\/wp\/v2\/types\/post"}],"author":[{"embeddable":true,"href":"https:\/\/eldigitaldeasturias.com\/magazine365\/wp-json\/wp\/v2\/users\/1"}],"replies":[{"embeddable":true,"href":"https:\/\/eldigitaldeasturias.com\/magazine365\/wp-json\/wp\/v2\/comments?post=77473"}],"version-history":[{"count":0,"href":"https:\/\/eldigitaldeasturias.com\/magazine365\/wp-json\/wp\/v2\/posts\/77473\/revisions"}],"wp:featuredmedia":[{"embeddable":true,"href":"https:\/\/eldigitaldeasturias.com\/magazine365\/wp-json\/wp\/v2\/media\/77474"}],"wp:attachment":[{"href":"https:\/\/eldigitaldeasturias.com\/magazine365\/wp-json\/wp\/v2\/media?parent=77473"}],"wp:term":[{"taxonomy":"category","embeddable":true,"href":"https:\/\/eldigitaldeasturias.com\/magazine365\/wp-json\/wp\/v2\/categories?post=77473"},{"taxonomy":"post_tag","embeddable":true,"href":"https:\/\/eldigitaldeasturias.com\/magazine365\/wp-json\/wp\/v2\/tags?post=77473"}],"curies":[{"name":"wp","href":"https:\/\/api.w.org\/{rel}","templated":true}]}}