{"id":77469,"date":"2016-06-02T07:21:01","date_gmt":"2016-06-02T05:21:01","guid":{"rendered":"http:\/\/eldigitaldeasturias.com\/magazine365\/?p=77469"},"modified":"2016-06-02T07:21:01","modified_gmt":"2016-06-02T05:21:01","slug":"wwf-advierte-de-que-el-numero-de-elefantes-de-tanzania-se-reducira-en-seis-anos-si-no-se-toman-medidas","status":"publish","type":"post","link":"https:\/\/eldigitaldeasturias.com\/magazine365\/wwf-advierte-de-que-el-numero-de-elefantes-de-tanzania-se-reducira-en-seis-anos-si-no-se-toman-medidas\/","title":{"rendered":"WWF advierte de que el n\u00famero de elefantes de Tanzania se reducir\u00e1 en seis a\u00f1os si no se toman medidas"},"content":{"rendered":"<p><img fetchpriority=\"high\" decoding=\"async\" class=\"alignleft size-medium wp-image-77470\" src=\"https:\/\/eldigitaldeasturias.com\/magazine365\/wp-content\/uploads\/2016\/06\/fotonoticia_20160601114849_800-200x300.jpg\" alt=\"fotonoticia_20160601114849_800\" width=\"200\" height=\"300\" srcset=\"https:\/\/eldigitaldeasturias.com\/magazine365\/wp-content\/uploads\/2016\/06\/fotonoticia_20160601114849_800-200x300.jpg 200w, https:\/\/eldigitaldeasturias.com\/magazine365\/wp-content\/uploads\/2016\/06\/fotonoticia_20160601114849_800-427x640.jpg 427w, https:\/\/eldigitaldeasturias.com\/magazine365\/wp-content\/uploads\/2016\/06\/fotonoticia_20160601114849_800-768x1152.jpg 768w, https:\/\/eldigitaldeasturias.com\/magazine365\/wp-content\/uploads\/2016\/06\/fotonoticia_20160601114849_800-150x225.jpg 150w, https:\/\/eldigitaldeasturias.com\/magazine365\/wp-content\/uploads\/2016\/06\/fotonoticia_20160601114849_800-450x675.jpg 450w, https:\/\/eldigitaldeasturias.com\/magazine365\/wp-content\/uploads\/2016\/06\/fotonoticia_20160601114849_800.jpg 800w\" sizes=\"(max-width: 200px) 100vw, 200px\" \/>La organizaci\u00f3n animalista Fondo Mundial para la Naturaleza (WWF, por sus siglas en ingl\u00e9s) ha advertido este mi\u00e9rcoles de que la reserva de caza de Selous, ubicada en el sureste de Tanzania y la m\u00e1s antigua de todo \u00c1frica, podr\u00eda ver decrecer su poblaci\u00f3n de elefantes en seis a\u00f1os si no se toman medidas urgentes para frenar la caza furtiva a escala industrial.<\/p>\n<p>Selous es la zona protegida de mayor tama\u00f1o del pa\u00eds y alberga a una de las mayores concentraciones de elefantes del continente, pero la creciente de caza furtiva para conseguir el marfil de sus colmillos ha reducido la poblaci\u00f3n de elefantes en un 90 por ciento en menos de 40 a\u00f1os, seg\u00fan el \u00faltimo estudio de WWf.<\/p>\n<p>De los cerca de 110.000 elefantes que en su momento cubr\u00edan la sabana, los humedales y los bosques de Selous, s\u00f3lo quedan unos 15.000 ejemplares. Este estudio, elaborado por Dalberg Global Development Advisors y patrocinado por WWF, muestra que la p\u00e9rdida de elefantes en Selous podr\u00eda tener un efecto negativo en la econom\u00eda del pa\u00eds, que se basa en su naturaleza, y que por ello se podr\u00eda poner en peligro el modo de subsistencia de 1,2 millones de personas.<\/p>\n<p>El turismo en Selous generan cerca de seis millones de d\u00f3lares cada a\u00f1o y la industria tur\u00edstica representa una contribuci\u00f3n anual combinada de 5.000 millones al producto interior bruto de Tanzania, que posee activos de renombre mundial, como el monte Kilimanjaro o el parque nacional del Serengueti.<\/p>\n<p>\u00abSelous es el \u00fanico sitio Patrimonio de la Humanidad en Tanzania y una de las \u00e1reas silvestres m\u00e1s extensas de \u00c1frica. Su valor para Tanzania &#8211;y para el resto del mundo&#8211; depende de sus poblaciones animales y de sus inmaculados ecosistemas\u00bb, ha asegurado el director de WWF para el pa\u00eds, Amani Ngusaru.<\/p>\n<p>En 2014, la UNESCO dio a Selous el estatus de Patrimonio de la Humanidad en peligro, debido a la severidad de la caza furtiva de elefantes. En el momento actual de crisis, una media de seis elefantes de la reserva son cazados por grupos criminales cada d\u00eda.<\/p>\n<p>La UNESCO tambi\u00e9n ha expresado su preocupaci\u00f3n por otra de las actividades industriales potencialmente da\u00f1inas que est\u00e1n amenazando la reserva: la exploraci\u00f3n minera, gasista y petrolera, as\u00ed como la construcci\u00f3n de presas.<\/p>\n","protected":false},"excerpt":{"rendered":"<p>La organizaci\u00f3n animalista Fondo Mundial para la Naturaleza (WWF, por sus siglas en ingl\u00e9s) ha advertido este mi\u00e9rcoles de que la reserva de caza de Selous, ubicada en el sureste de Tanzania y la m\u00e1s antigua de todo \u00c1frica, podr\u00eda ver decrecer su poblaci\u00f3n de elefantes en seis a\u00f1os si no se toman medidas urgentes<\/p>\n","protected":false},"author":1,"featured_media":77470,"comment_status":"open","ping_status":"closed","sticky":false,"template":"","format":"standard","meta":{"footnotes":""},"categories":[224],"tags":[],"class_list":{"0":"post-77469","1":"post","2":"type-post","3":"status-publish","4":"format-standard","5":"has-post-thumbnail","7":"category-noticias-actualidad"},"aioseo_notices":[],"aioseo_head":"\n\t\t<!-- All in One SEO Pro 4.9.6.1 - aioseo.com -->\n\t<meta name=\"description\" content=\"La organizaci\u00f3n animalista Fondo Mundial para la Naturaleza (WWF, por sus siglas en ingl\u00e9s) ha advertido este mi\u00e9rcoles de que la reserva de caza de Selous, ubicada en el sureste de Tanzania y la m\u00e1s antigua de todo \u00c1frica, podr\u00eda ver decrecer su poblaci\u00f3n de elefantes en seis a\u00f1os si no se toman medidas urgentes\" \/>\n\t<meta name=\"robots\" content=\"max-image-preview:large\" \/>\n\t<meta name=\"author\" content=\"admin\"\/>\n\t<meta name=\"google-site-verification\" content=\"UA-38556648-1\" \/>\n\t<meta name=\"keywords\" content=\"noticias y actualidad\" \/>\n\t<link rel=\"canonical\" href=\"https:\/\/eldigitaldeasturias.com\/magazine365\/wwf-advierte-de-que-el-numero-de-elefantes-de-tanzania-se-reducira-en-seis-anos-si-no-se-toman-medidas\/\" \/>\n\t<meta name=\"generator\" content=\"All in One SEO Pro (AIOSEO) 4.9.6.1\" \/>\n\t\t<meta property=\"og:locale\" content=\"es_ES\" \/>\n\t\t<meta property=\"og:site_name\" content=\"El Digital de Asturias \u2013 Revista de ocio, turismo y estilo de vida\" \/>\n\t\t<meta property=\"og:type\" content=\"article\" \/>\n\t\t<meta property=\"og:title\" content=\"WWF advierte de que el n\u00famero de elefantes de Tanzania se reducir\u00e1 en seis a\u00f1os si no se toman medidas | El Digital de Asturias\" \/>\n\t\t<meta property=\"og:description\" content=\"La organizaci\u00f3n animalista Fondo Mundial para la Naturaleza (WWF, por sus siglas en ingl\u00e9s) ha advertido este mi\u00e9rcoles de que la reserva de caza de Selous, ubicada en el sureste de Tanzania y la m\u00e1s antigua de todo \u00c1frica, podr\u00eda ver decrecer su poblaci\u00f3n de elefantes en seis a\u00f1os si no se toman medidas urgentes\" \/>\n\t\t<meta property=\"og:url\" content=\"https:\/\/eldigitaldeasturias.com\/magazine365\/wwf-advierte-de-que-el-numero-de-elefantes-de-tanzania-se-reducira-en-seis-anos-si-no-se-toman-medidas\/\" \/>\n\t\t<meta property=\"og:image\" content=\"https:\/\/eldigitaldeasturias.com\/magazine365\/wp-content\/uploads\/2016\/06\/fotonoticia_20160601114849_800.jpg\" \/>\n\t\t<meta property=\"og:image:secure_url\" content=\"https:\/\/eldigitaldeasturias.com\/magazine365\/wp-content\/uploads\/2016\/06\/fotonoticia_20160601114849_800.jpg\" \/>\n\t\t<meta property=\"og:image:width\" content=\"800\" \/>\n\t\t<meta property=\"og:image:height\" content=\"1200\" \/>\n\t\t<meta property=\"article:published_time\" content=\"2016-06-02T05:21:01+00:00\" \/>\n\t\t<meta property=\"article:modified_time\" content=\"2016-06-02T05:21:01+00:00\" \/>\n\t\t<meta name=\"twitter:card\" content=\"summary_large_image\" \/>\n\t\t<meta name=\"twitter:title\" content=\"WWF advierte de que el n\u00famero de elefantes de Tanzania se reducir\u00e1 en seis a\u00f1os si no se toman medidas | El Digital de Asturias\" \/>\n\t\t<meta name=\"twitter:description\" content=\"La organizaci\u00f3n animalista Fondo Mundial para la Naturaleza (WWF, por sus siglas en ingl\u00e9s) ha advertido este mi\u00e9rcoles de que la reserva de caza de Selous, ubicada en el sureste de Tanzania y la m\u00e1s antigua de todo \u00c1frica, podr\u00eda ver decrecer su poblaci\u00f3n de elefantes en seis a\u00f1os si no se toman medidas urgentes\" \/>\n\t\t<meta name=\"twitter:image\" content=\"https:\/\/eldigitaldeasturias.com\/magazine365\/wp-content\/uploads\/2016\/06\/fotonoticia_20160601114849_800.jpg\" \/>\n\t\t<script type=\"application\/ld+json\" class=\"aioseo-schema\">\n\t\t\t{\"@context\":\"https:\\\/\\\/schema.org\",\"@graph\":[{\"@type\":\"Article\",\"@id\":\"https:\\\/\\\/eldigitaldeasturias.com\\\/magazine365\\\/wwf-advierte-de-que-el-numero-de-elefantes-de-tanzania-se-reducira-en-seis-anos-si-no-se-toman-medidas\\\/#article\",\"name\":\"WWF advierte de que el n\\u00famero de elefantes de Tanzania se reducir\\u00e1 en seis a\\u00f1os si no se toman medidas | El Digital de Asturias\",\"headline\":\"WWF advierte de que el n\\u00famero de elefantes de Tanzania se reducir\\u00e1 en seis a\\u00f1os si no se toman medidas\",\"author\":{\"@id\":\"https:\\\/\\\/eldigitaldeasturias.com\\\/magazine365\\\/author\\\/admin\\\/#author\"},\"publisher\":{\"@id\":\"https:\\\/\\\/eldigitaldeasturias.com\\\/magazine365\\\/#organization\"},\"image\":{\"@type\":\"ImageObject\",\"url\":\"https:\\\/\\\/eldigitaldeasturias.com\\\/magazine365\\\/wp-content\\\/uploads\\\/2016\\\/06\\\/fotonoticia_20160601114849_800.jpg\",\"width\":800,\"height\":1200},\"datePublished\":\"2016-06-02T07:21:01+02:00\",\"dateModified\":\"2016-06-02T07:21:01+02:00\",\"inLanguage\":\"es-ES\",\"mainEntityOfPage\":{\"@id\":\"https:\\\/\\\/eldigitaldeasturias.com\\\/magazine365\\\/wwf-advierte-de-que-el-numero-de-elefantes-de-tanzania-se-reducira-en-seis-anos-si-no-se-toman-medidas\\\/#webpage\"},\"isPartOf\":{\"@id\":\"https:\\\/\\\/eldigitaldeasturias.com\\\/magazine365\\\/wwf-advierte-de-que-el-numero-de-elefantes-de-tanzania-se-reducira-en-seis-anos-si-no-se-toman-medidas\\\/#webpage\"},\"articleSection\":\"Noticias y Actualidad\"},{\"@type\":\"BreadcrumbList\",\"@id\":\"https:\\\/\\\/eldigitaldeasturias.com\\\/magazine365\\\/wwf-advierte-de-que-el-numero-de-elefantes-de-tanzania-se-reducira-en-seis-anos-si-no-se-toman-medidas\\\/#breadcrumblist\",\"itemListElement\":[{\"@type\":\"ListItem\",\"@id\":\"https:\\\/\\\/eldigitaldeasturias.com\\\/magazine365#listItem\",\"position\":1,\"name\":\"Home\",\"item\":\"https:\\\/\\\/eldigitaldeasturias.com\\\/magazine365\",\"nextItem\":{\"@type\":\"ListItem\",\"@id\":\"https:\\\/\\\/eldigitaldeasturias.com\\\/magazine365\\\/category\\\/noticias-actualidad\\\/#listItem\",\"name\":\"Noticias y Actualidad\"}},{\"@type\":\"ListItem\",\"@id\":\"https:\\\/\\\/eldigitaldeasturias.com\\\/magazine365\\\/category\\\/noticias-actualidad\\\/#listItem\",\"position\":2,\"name\":\"Noticias y Actualidad\",\"item\":\"https:\\\/\\\/eldigitaldeasturias.com\\\/magazine365\\\/category\\\/noticias-actualidad\\\/\",\"nextItem\":{\"@type\":\"ListItem\",\"@id\":\"https:\\\/\\\/eldigitaldeasturias.com\\\/magazine365\\\/wwf-advierte-de-que-el-numero-de-elefantes-de-tanzania-se-reducira-en-seis-anos-si-no-se-toman-medidas\\\/#listItem\",\"name\":\"WWF advierte de que el n\\u00famero de elefantes de Tanzania se reducir\\u00e1 en seis a\\u00f1os si no se toman medidas\"},\"previousItem\":{\"@type\":\"ListItem\",\"@id\":\"https:\\\/\\\/eldigitaldeasturias.com\\\/magazine365#listItem\",\"name\":\"Home\"}},{\"@type\":\"ListItem\",\"@id\":\"https:\\\/\\\/eldigitaldeasturias.com\\\/magazine365\\\/wwf-advierte-de-que-el-numero-de-elefantes-de-tanzania-se-reducira-en-seis-anos-si-no-se-toman-medidas\\\/#listItem\",\"position\":3,\"name\":\"WWF advierte de que el n\\u00famero de elefantes de Tanzania se reducir\\u00e1 en seis a\\u00f1os si no se toman medidas\",\"previousItem\":{\"@type\":\"ListItem\",\"@id\":\"https:\\\/\\\/eldigitaldeasturias.com\\\/magazine365\\\/category\\\/noticias-actualidad\\\/#listItem\",\"name\":\"Noticias y Actualidad\"}}]},{\"@type\":\"Organization\",\"@id\":\"https:\\\/\\\/eldigitaldeasturias.com\\\/magazine365\\\/#organization\",\"name\":\"El digital de Asturias\",\"description\":\"Revista de ocio, turismo y estilo de vida\",\"url\":\"https:\\\/\\\/eldigitaldeasturias.com\\\/magazine365\\\/\",\"logo\":{\"@type\":\"ImageObject\",\"url\":\"https:\\\/\\\/www.eldigitaldeasturias.com\\\/noticias\\\/wp-content\\\/uploads\\\/2020\\\/12\\\/EDA.jpg\",\"@id\":\"https:\\\/\\\/eldigitaldeasturias.com\\\/magazine365\\\/wwf-advierte-de-que-el-numero-de-elefantes-de-tanzania-se-reducira-en-seis-anos-si-no-se-toman-medidas\\\/#organizationLogo\"},\"image\":{\"@id\":\"https:\\\/\\\/eldigitaldeasturias.com\\\/magazine365\\\/wwf-advierte-de-que-el-numero-de-elefantes-de-tanzania-se-reducira-en-seis-anos-si-no-se-toman-medidas\\\/#organizationLogo\"}},{\"@type\":\"Person\",\"@id\":\"https:\\\/\\\/eldigitaldeasturias.com\\\/magazine365\\\/author\\\/admin\\\/#author\",\"url\":\"https:\\\/\\\/eldigitaldeasturias.com\\\/magazine365\\\/author\\\/admin\\\/\",\"name\":\"admin\",\"image\":{\"@type\":\"ImageObject\",\"@id\":\"https:\\\/\\\/eldigitaldeasturias.com\\\/magazine365\\\/wwf-advierte-de-que-el-numero-de-elefantes-de-tanzania-se-reducira-en-seis-anos-si-no-se-toman-medidas\\\/#authorImage\",\"url\":\"https:\\\/\\\/eldigitaldeasturias.com\\\/magazine365\\\/wp-content\\\/litespeed\\\/avatar\\\/e571bcf59a0edd6fa6838245a470f2fe.jpg?ver=1776969259\",\"width\":96,\"height\":96,\"caption\":\"admin\"}},{\"@type\":\"WebPage\",\"@id\":\"https:\\\/\\\/eldigitaldeasturias.com\\\/magazine365\\\/wwf-advierte-de-que-el-numero-de-elefantes-de-tanzania-se-reducira-en-seis-anos-si-no-se-toman-medidas\\\/#webpage\",\"url\":\"https:\\\/\\\/eldigitaldeasturias.com\\\/magazine365\\\/wwf-advierte-de-que-el-numero-de-elefantes-de-tanzania-se-reducira-en-seis-anos-si-no-se-toman-medidas\\\/\",\"name\":\"WWF advierte de que el n\\u00famero de elefantes de Tanzania se reducir\\u00e1 en seis a\\u00f1os si no se toman medidas | El Digital de Asturias\",\"description\":\"La organizaci\\u00f3n animalista Fondo Mundial para la Naturaleza (WWF, por sus siglas en ingl\\u00e9s) ha advertido este mi\\u00e9rcoles de que la reserva de caza de Selous, ubicada en el sureste de Tanzania y la m\\u00e1s antigua de todo \\u00c1frica, podr\\u00eda ver decrecer su poblaci\\u00f3n de elefantes en seis a\\u00f1os si no se toman medidas urgentes\",\"inLanguage\":\"es-ES\",\"isPartOf\":{\"@id\":\"https:\\\/\\\/eldigitaldeasturias.com\\\/magazine365\\\/#website\"},\"breadcrumb\":{\"@id\":\"https:\\\/\\\/eldigitaldeasturias.com\\\/magazine365\\\/wwf-advierte-de-que-el-numero-de-elefantes-de-tanzania-se-reducira-en-seis-anos-si-no-se-toman-medidas\\\/#breadcrumblist\"},\"author\":{\"@id\":\"https:\\\/\\\/eldigitaldeasturias.com\\\/magazine365\\\/author\\\/admin\\\/#author\"},\"creator\":{\"@id\":\"https:\\\/\\\/eldigitaldeasturias.com\\\/magazine365\\\/author\\\/admin\\\/#author\"},\"image\":{\"@type\":\"ImageObject\",\"url\":\"https:\\\/\\\/eldigitaldeasturias.com\\\/magazine365\\\/wp-content\\\/uploads\\\/2016\\\/06\\\/fotonoticia_20160601114849_800.jpg\",\"@id\":\"https:\\\/\\\/eldigitaldeasturias.com\\\/magazine365\\\/wwf-advierte-de-que-el-numero-de-elefantes-de-tanzania-se-reducira-en-seis-anos-si-no-se-toman-medidas\\\/#mainImage\",\"width\":800,\"height\":1200},\"primaryImageOfPage\":{\"@id\":\"https:\\\/\\\/eldigitaldeasturias.com\\\/magazine365\\\/wwf-advierte-de-que-el-numero-de-elefantes-de-tanzania-se-reducira-en-seis-anos-si-no-se-toman-medidas\\\/#mainImage\"},\"datePublished\":\"2016-06-02T07:21:01+02:00\",\"dateModified\":\"2016-06-02T07:21:01+02:00\"},{\"@type\":\"WebSite\",\"@id\":\"https:\\\/\\\/eldigitaldeasturias.com\\\/magazine365\\\/#website\",\"url\":\"https:\\\/\\\/eldigitaldeasturias.com\\\/magazine365\\\/\",\"name\":\"El Digital de Asturias\",\"description\":\"Revista de ocio, turismo y estilo de vida\",\"inLanguage\":\"es-ES\",\"publisher\":{\"@id\":\"https:\\\/\\\/eldigitaldeasturias.com\\\/magazine365\\\/#organization\"}}]}\n\t\t<\/script>\n\t\t<!-- All in One SEO Pro -->\r\n\t\t<title>WWF advierte de que el n\u00famero de elefantes de Tanzania se reducir\u00e1 en seis a\u00f1os si no se toman medidas | El Digital de Asturias<\/title>\n\n","aioseo_head_json":{"title":"WWF advierte de que el n\u00famero de elefantes de Tanzania se reducir\u00e1 en seis a\u00f1os si no se toman medidas | El Digital de Asturias","description":"La organizaci\u00f3n animalista Fondo Mundial para la Naturaleza (WWF, por sus siglas en ingl\u00e9s) ha advertido este mi\u00e9rcoles de que la reserva de caza de Selous, ubicada en el sureste de Tanzania y la m\u00e1s antigua de todo \u00c1frica, podr\u00eda ver decrecer su poblaci\u00f3n de elefantes en seis a\u00f1os si no se toman medidas urgentes","canonical_url":"https:\/\/eldigitaldeasturias.com\/magazine365\/wwf-advierte-de-que-el-numero-de-elefantes-de-tanzania-se-reducira-en-seis-anos-si-no-se-toman-medidas\/","robots":"max-image-preview:large","keywords":"noticias y actualidad","webmasterTools":{"google-site-verification":"UA-38556648-1","miscellaneous":""},"schema":{"@context":"https:\/\/schema.org","@graph":[{"@type":"Article","@id":"https:\/\/eldigitaldeasturias.com\/magazine365\/wwf-advierte-de-que-el-numero-de-elefantes-de-tanzania-se-reducira-en-seis-anos-si-no-se-toman-medidas\/#article","name":"WWF advierte de que el n\u00famero de elefantes de Tanzania se reducir\u00e1 en seis a\u00f1os si no se toman medidas | El Digital de Asturias","headline":"WWF advierte de que el n\u00famero de elefantes de Tanzania se reducir\u00e1 en seis a\u00f1os si no se toman medidas","author":{"@id":"https:\/\/eldigitaldeasturias.com\/magazine365\/author\/admin\/#author"},"publisher":{"@id":"https:\/\/eldigitaldeasturias.com\/magazine365\/#organization"},"image":{"@type":"ImageObject","url":"https:\/\/eldigitaldeasturias.com\/magazine365\/wp-content\/uploads\/2016\/06\/fotonoticia_20160601114849_800.jpg","width":800,"height":1200},"datePublished":"2016-06-02T07:21:01+02:00","dateModified":"2016-06-02T07:21:01+02:00","inLanguage":"es-ES","mainEntityOfPage":{"@id":"https:\/\/eldigitaldeasturias.com\/magazine365\/wwf-advierte-de-que-el-numero-de-elefantes-de-tanzania-se-reducira-en-seis-anos-si-no-se-toman-medidas\/#webpage"},"isPartOf":{"@id":"https:\/\/eldigitaldeasturias.com\/magazine365\/wwf-advierte-de-que-el-numero-de-elefantes-de-tanzania-se-reducira-en-seis-anos-si-no-se-toman-medidas\/#webpage"},"articleSection":"Noticias y Actualidad"},{"@type":"BreadcrumbList","@id":"https:\/\/eldigitaldeasturias.com\/magazine365\/wwf-advierte-de-que-el-numero-de-elefantes-de-tanzania-se-reducira-en-seis-anos-si-no-se-toman-medidas\/#breadcrumblist","itemListElement":[{"@type":"ListItem","@id":"https:\/\/eldigitaldeasturias.com\/magazine365#listItem","position":1,"name":"Home","item":"https:\/\/eldigitaldeasturias.com\/magazine365","nextItem":{"@type":"ListItem","@id":"https:\/\/eldigitaldeasturias.com\/magazine365\/category\/noticias-actualidad\/#listItem","name":"Noticias y Actualidad"}},{"@type":"ListItem","@id":"https:\/\/eldigitaldeasturias.com\/magazine365\/category\/noticias-actualidad\/#listItem","position":2,"name":"Noticias y Actualidad","item":"https:\/\/eldigitaldeasturias.com\/magazine365\/category\/noticias-actualidad\/","nextItem":{"@type":"ListItem","@id":"https:\/\/eldigitaldeasturias.com\/magazine365\/wwf-advierte-de-que-el-numero-de-elefantes-de-tanzania-se-reducira-en-seis-anos-si-no-se-toman-medidas\/#listItem","name":"WWF advierte de que el n\u00famero de elefantes de Tanzania se reducir\u00e1 en seis a\u00f1os si no se toman medidas"},"previousItem":{"@type":"ListItem","@id":"https:\/\/eldigitaldeasturias.com\/magazine365#listItem","name":"Home"}},{"@type":"ListItem","@id":"https:\/\/eldigitaldeasturias.com\/magazine365\/wwf-advierte-de-que-el-numero-de-elefantes-de-tanzania-se-reducira-en-seis-anos-si-no-se-toman-medidas\/#listItem","position":3,"name":"WWF advierte de que el n\u00famero de elefantes de Tanzania se reducir\u00e1 en seis a\u00f1os si no se toman medidas","previousItem":{"@type":"ListItem","@id":"https:\/\/eldigitaldeasturias.com\/magazine365\/category\/noticias-actualidad\/#listItem","name":"Noticias y Actualidad"}}]},{"@type":"Organization","@id":"https:\/\/eldigitaldeasturias.com\/magazine365\/#organization","name":"El digital de Asturias","description":"Revista de ocio, turismo y estilo de vida","url":"https:\/\/eldigitaldeasturias.com\/magazine365\/","logo":{"@type":"ImageObject","url":"https:\/\/www.eldigitaldeasturias.com\/noticias\/wp-content\/uploads\/2020\/12\/EDA.jpg","@id":"https:\/\/eldigitaldeasturias.com\/magazine365\/wwf-advierte-de-que-el-numero-de-elefantes-de-tanzania-se-reducira-en-seis-anos-si-no-se-toman-medidas\/#organizationLogo"},"image":{"@id":"https:\/\/eldigitaldeasturias.com\/magazine365\/wwf-advierte-de-que-el-numero-de-elefantes-de-tanzania-se-reducira-en-seis-anos-si-no-se-toman-medidas\/#organizationLogo"}},{"@type":"Person","@id":"https:\/\/eldigitaldeasturias.com\/magazine365\/author\/admin\/#author","url":"https:\/\/eldigitaldeasturias.com\/magazine365\/author\/admin\/","name":"admin","image":{"@type":"ImageObject","@id":"https:\/\/eldigitaldeasturias.com\/magazine365\/wwf-advierte-de-que-el-numero-de-elefantes-de-tanzania-se-reducira-en-seis-anos-si-no-se-toman-medidas\/#authorImage","url":"https:\/\/eldigitaldeasturias.com\/magazine365\/wp-content\/litespeed\/avatar\/e571bcf59a0edd6fa6838245a470f2fe.jpg?ver=1776969259","width":96,"height":96,"caption":"admin"}},{"@type":"WebPage","@id":"https:\/\/eldigitaldeasturias.com\/magazine365\/wwf-advierte-de-que-el-numero-de-elefantes-de-tanzania-se-reducira-en-seis-anos-si-no-se-toman-medidas\/#webpage","url":"https:\/\/eldigitaldeasturias.com\/magazine365\/wwf-advierte-de-que-el-numero-de-elefantes-de-tanzania-se-reducira-en-seis-anos-si-no-se-toman-medidas\/","name":"WWF advierte de que el n\u00famero de elefantes de Tanzania se reducir\u00e1 en seis a\u00f1os si no se toman medidas | El Digital de Asturias","description":"La organizaci\u00f3n animalista Fondo Mundial para la Naturaleza (WWF, por sus siglas en ingl\u00e9s) ha advertido este mi\u00e9rcoles de que la reserva de caza de Selous, ubicada en el sureste de Tanzania y la m\u00e1s antigua de todo \u00c1frica, podr\u00eda ver decrecer su poblaci\u00f3n de elefantes en seis a\u00f1os si no se toman medidas urgentes","inLanguage":"es-ES","isPartOf":{"@id":"https:\/\/eldigitaldeasturias.com\/magazine365\/#website"},"breadcrumb":{"@id":"https:\/\/eldigitaldeasturias.com\/magazine365\/wwf-advierte-de-que-el-numero-de-elefantes-de-tanzania-se-reducira-en-seis-anos-si-no-se-toman-medidas\/#breadcrumblist"},"author":{"@id":"https:\/\/eldigitaldeasturias.com\/magazine365\/author\/admin\/#author"},"creator":{"@id":"https:\/\/eldigitaldeasturias.com\/magazine365\/author\/admin\/#author"},"image":{"@type":"ImageObject","url":"https:\/\/eldigitaldeasturias.com\/magazine365\/wp-content\/uploads\/2016\/06\/fotonoticia_20160601114849_800.jpg","@id":"https:\/\/eldigitaldeasturias.com\/magazine365\/wwf-advierte-de-que-el-numero-de-elefantes-de-tanzania-se-reducira-en-seis-anos-si-no-se-toman-medidas\/#mainImage","width":800,"height":1200},"primaryImageOfPage":{"@id":"https:\/\/eldigitaldeasturias.com\/magazine365\/wwf-advierte-de-que-el-numero-de-elefantes-de-tanzania-se-reducira-en-seis-anos-si-no-se-toman-medidas\/#mainImage"},"datePublished":"2016-06-02T07:21:01+02:00","dateModified":"2016-06-02T07:21:01+02:00"},{"@type":"WebSite","@id":"https:\/\/eldigitaldeasturias.com\/magazine365\/#website","url":"https:\/\/eldigitaldeasturias.com\/magazine365\/","name":"El Digital de Asturias","description":"Revista de ocio, turismo y estilo de vida","inLanguage":"es-ES","publisher":{"@id":"https:\/\/eldigitaldeasturias.com\/magazine365\/#organization"}}]},"og:locale":"es_ES","og:site_name":"El Digital de Asturias \u2013 Revista de ocio, turismo y estilo de vida","og:type":"article","og:title":"WWF advierte de que el n\u00famero de elefantes de Tanzania se reducir\u00e1 en seis a\u00f1os si no se toman medidas | El Digital de Asturias","og:description":"La organizaci\u00f3n animalista Fondo Mundial para la Naturaleza (WWF, por sus siglas en ingl\u00e9s) ha advertido este mi\u00e9rcoles de que la reserva de caza de Selous, ubicada en el sureste de Tanzania y la m\u00e1s antigua de todo \u00c1frica, podr\u00eda ver decrecer su poblaci\u00f3n de elefantes en seis a\u00f1os si no se toman medidas urgentes","og:url":"https:\/\/eldigitaldeasturias.com\/magazine365\/wwf-advierte-de-que-el-numero-de-elefantes-de-tanzania-se-reducira-en-seis-anos-si-no-se-toman-medidas\/","og:image":"https:\/\/eldigitaldeasturias.com\/magazine365\/wp-content\/uploads\/2016\/06\/fotonoticia_20160601114849_800.jpg","og:image:secure_url":"https:\/\/eldigitaldeasturias.com\/magazine365\/wp-content\/uploads\/2016\/06\/fotonoticia_20160601114849_800.jpg","og:image:width":800,"og:image:height":1200,"article:published_time":"2016-06-02T05:21:01+00:00","article:modified_time":"2016-06-02T05:21:01+00:00","twitter:card":"summary_large_image","twitter:title":"WWF advierte de que el n\u00famero de elefantes de Tanzania se reducir\u00e1 en seis a\u00f1os si no se toman medidas | El Digital de Asturias","twitter:description":"La organizaci\u00f3n animalista Fondo Mundial para la Naturaleza (WWF, por sus siglas en ingl\u00e9s) ha advertido este mi\u00e9rcoles de que la reserva de caza de Selous, ubicada en el sureste de Tanzania y la m\u00e1s antigua de todo \u00c1frica, podr\u00eda ver decrecer su poblaci\u00f3n de elefantes en seis a\u00f1os si no se toman medidas urgentes","twitter:image":"https:\/\/eldigitaldeasturias.com\/magazine365\/wp-content\/uploads\/2016\/06\/fotonoticia_20160601114849_800.jpg"},"aioseo_meta_data":{"post_id":"77469","title":null,"description":null,"keywords":null,"keyphrases":null,"primary_term":null,"canonical_url":null,"og_title":null,"og_description":null,"og_object_type":"default","og_image_type":"default","og_image_url":null,"og_image_width":null,"og_image_height":null,"og_image_custom_url":null,"og_image_custom_fields":null,"og_video":null,"og_custom_url":null,"og_article_section":null,"og_article_tags":null,"twitter_use_og":false,"twitter_card":"default","twitter_image_type":"default","twitter_image_url":null,"twitter_image_custom_url":null,"twitter_image_custom_fields":null,"twitter_title":null,"twitter_description":null,"schema":{"blockGraphs":[],"customGraphs":[],"default":{"data":{"Article":[],"Course":[],"Dataset":[],"FAQPage":[],"Movie":[],"Person":[],"Product":[],"ProductReview":[],"Car":[],"Recipe":[],"Service":[],"SoftwareApplication":[],"WebPage":[]},"graphName":"","isEnabled":true},"graphs":[],"defaultGraph":"","defaultPostTypeGraph":""},"schema_type":null,"schema_type_options":null,"pillar_content":false,"robots_default":true,"robots_noindex":false,"robots_noarchive":false,"robots_nosnippet":false,"robots_nofollow":false,"robots_noimageindex":false,"robots_noodp":false,"robots_notranslate":false,"robots_max_snippet":null,"robots_max_videopreview":null,"robots_max_imagepreview":"large","priority":null,"frequency":null,"location":null,"local_seo":null,"seo_analyzer_scan_date":"2025-09-27 14:57:34","breadcrumb_settings":null,"limit_modified_date":false,"open_ai":null,"ai":null,"created":"2021-03-08 18:14:03","updated":"2025-09-27 14:57:34"},"aioseo_breadcrumb":"<div class=\"aioseo-breadcrumbs\"><span class=\"aioseo-breadcrumb\">\n\t<a href=\"https:\/\/eldigitaldeasturias.com\/magazine365\" title=\"Home\">Home<\/a>\n<\/span><span class=\"aioseo-breadcrumb-separator\">\u2013<\/span><span class=\"aioseo-breadcrumb\">\n\t<a href=\"https:\/\/eldigitaldeasturias.com\/magazine365\/category\/noticias-actualidad\/\" title=\"Noticias y Actualidad\">Noticias y Actualidad<\/a>\n<\/span><span class=\"aioseo-breadcrumb-separator\">\u2013<\/span><span class=\"aioseo-breadcrumb\">\n\t<a href=\"https:\/\/eldigitaldeasturias.com\/magazine365\/wwf-advierte-de-que-el-numero-de-elefantes-de-tanzania-se-reducira-en-seis-anos-si-no-se-toman-medidas\/\" title=\"WWF advierte de que el n\u00famero de elefantes de Tanzania se reducir\u00e1 en seis a\u00f1os si no se toman medidas\">WWF advierte de que el n\u00famero de elefantes de Tanzania se reducir\u00e1 en seis a\u00f1os si no se toman medidas<\/a>\n<\/span><\/div>","aioseo_breadcrumb_json":[{"label":"Home","link":"https:\/\/eldigitaldeasturias.com\/magazine365"},{"label":"Noticias y Actualidad","link":"https:\/\/eldigitaldeasturias.com\/magazine365\/category\/noticias-actualidad\/"},{"label":"WWF advierte de que el n\u00famero de elefantes de Tanzania se reducir\u00e1 en seis a\u00f1os si no se toman medidas","link":"https:\/\/eldigitaldeasturias.com\/magazine365\/wwf-advierte-de-que-el-numero-de-elefantes-de-tanzania-se-reducira-en-seis-anos-si-no-se-toman-medidas\/"}],"_links":{"self":[{"href":"https:\/\/eldigitaldeasturias.com\/magazine365\/wp-json\/wp\/v2\/posts\/77469","targetHints":{"allow":["GET"]}}],"collection":[{"href":"https:\/\/eldigitaldeasturias.com\/magazine365\/wp-json\/wp\/v2\/posts"}],"about":[{"href":"https:\/\/eldigitaldeasturias.com\/magazine365\/wp-json\/wp\/v2\/types\/post"}],"author":[{"embeddable":true,"href":"https:\/\/eldigitaldeasturias.com\/magazine365\/wp-json\/wp\/v2\/users\/1"}],"replies":[{"embeddable":true,"href":"https:\/\/eldigitaldeasturias.com\/magazine365\/wp-json\/wp\/v2\/comments?post=77469"}],"version-history":[{"count":0,"href":"https:\/\/eldigitaldeasturias.com\/magazine365\/wp-json\/wp\/v2\/posts\/77469\/revisions"}],"wp:featuredmedia":[{"embeddable":true,"href":"https:\/\/eldigitaldeasturias.com\/magazine365\/wp-json\/wp\/v2\/media\/77470"}],"wp:attachment":[{"href":"https:\/\/eldigitaldeasturias.com\/magazine365\/wp-json\/wp\/v2\/media?parent=77469"}],"wp:term":[{"taxonomy":"category","embeddable":true,"href":"https:\/\/eldigitaldeasturias.com\/magazine365\/wp-json\/wp\/v2\/categories?post=77469"},{"taxonomy":"post_tag","embeddable":true,"href":"https:\/\/eldigitaldeasturias.com\/magazine365\/wp-json\/wp\/v2\/tags?post=77469"}],"curies":[{"name":"wp","href":"https:\/\/api.w.org\/{rel}","templated":true}]}}