{"id":77466,"date":"2016-06-02T07:19:54","date_gmt":"2016-06-02T05:19:54","guid":{"rendered":"http:\/\/eldigitaldeasturias.com\/magazine365\/?p=77466"},"modified":"2016-06-02T07:19:54","modified_gmt":"2016-06-02T05:19:54","slug":"el-numero-de-peregrinos-a-santiago-de-compostela-aumento-un-548-en-mayo","status":"publish","type":"post","link":"https:\/\/eldigitaldeasturias.com\/magazine365\/el-numero-de-peregrinos-a-santiago-de-compostela-aumento-un-548-en-mayo\/","title":{"rendered":"El n\u00famero de peregrinos a Santiago de Compostela aument\u00f3 un 5,48% en mayo"},"content":{"rendered":"<p><img fetchpriority=\"high\" decoding=\"async\" class=\"alignleft size-medium wp-image-77467\" src=\"https:\/\/eldigitaldeasturias.com\/magazine365\/wp-content\/uploads\/2016\/06\/fotonoticia_20160601114500_800-360x236.jpg\" alt=\"fotonoticia_20160601114500_800\" width=\"360\" height=\"236\" srcset=\"https:\/\/eldigitaldeasturias.com\/magazine365\/wp-content\/uploads\/2016\/06\/fotonoticia_20160601114500_800-360x236.jpg 360w, https:\/\/eldigitaldeasturias.com\/magazine365\/wp-content\/uploads\/2016\/06\/fotonoticia_20160601114500_800-650x427.jpg 650w, https:\/\/eldigitaldeasturias.com\/magazine365\/wp-content\/uploads\/2016\/06\/fotonoticia_20160601114500_800-768x504.jpg 768w, https:\/\/eldigitaldeasturias.com\/magazine365\/wp-content\/uploads\/2016\/06\/fotonoticia_20160601114500_800-150x98.jpg 150w, https:\/\/eldigitaldeasturias.com\/magazine365\/wp-content\/uploads\/2016\/06\/fotonoticia_20160601114500_800-450x295.jpg 450w, https:\/\/eldigitaldeasturias.com\/magazine365\/wp-content\/uploads\/2016\/06\/fotonoticia_20160601114500_800-121x79.jpg 121w, https:\/\/eldigitaldeasturias.com\/magazine365\/wp-content\/uploads\/2016\/06\/fotonoticia_20160601114500_800-101x66.jpg 101w, https:\/\/eldigitaldeasturias.com\/magazine365\/wp-content\/uploads\/2016\/06\/fotonoticia_20160601114500_800-326x213.jpg 326w, https:\/\/eldigitaldeasturias.com\/magazine365\/wp-content\/uploads\/2016\/06\/fotonoticia_20160601114500_800.jpg 800w\" sizes=\"(max-width: 360px) 100vw, 360px\" \/>El n\u00famero de peregrinos a Santiago de Compostela aument\u00f3 un 5,48% en mayo respecto al mismo mes del a\u00f1o anterior, hasta alcanzar los 32.782, lo que supone 1.704 m\u00e1s que en 2015.<\/p>\n<p>En lo que va de a\u00f1o, Compostela recibi\u00f3 a un total de 61.989 peregrinos, lo que supone un 9,4% m\u00e1s que los 56.641 llegados en los cinco primeros meses de 2015.<\/p>\n<p>Seg\u00fan ha informado este mi\u00e9rcoles la Oficina del Peregrino, dependiente de la Catedral de Santiago, en mayo de este a\u00f1o tambi\u00e9n hay un repunte respecto al mismo mes del \u00faltimo a\u00f1o A\u00f1o Santo, en 2010, en el que llegaron 28.849 personas, lo que supone 3.933 menos que este a\u00f1o.<\/p>\n<p>Entre el total de peregrinos de mayo, la mayor\u00eda proceden de Espa\u00f1a, 9.383 del total (28,62%). El siguiente pa\u00eds en procedencia es Alemania, con 4.042 peregrinos (12,33%). Tras ellos, 2.407 de Italia (7,34%); 2.374 de Estados Unidos (7,24%); 1.504 de Portugal (4,59%) y 1.486 de Francia (4,53%).<\/p>\n<p>La mayor\u00eda de los peregrinos llegados en mayo, casi 30.000, realizaron el Camino a pie. Asimismo, 2.920 llegaron en bicicleta, 112 en caballo y 12 en silla de ruedas. El Camino franc\u00e9s es el que aglutina m\u00e1s caminantes, con el 65% del total; seguido en importancia por el Camino Portugu\u00e9s (19,5%) y del Norte (4,5%).<\/p>\n","protected":false},"excerpt":{"rendered":"<p>El n\u00famero de peregrinos a Santiago de Compostela aument\u00f3 un 5,48% en mayo respecto al mismo mes del a\u00f1o anterior, hasta alcanzar los 32.782, lo que supone 1.704 m\u00e1s que en 2015. En lo que va de a\u00f1o, Compostela recibi\u00f3 a un total de 61.989 peregrinos, lo que supone un 9,4% m\u00e1s que los 56.641<\/p>\n","protected":false},"author":1,"featured_media":77467,"comment_status":"open","ping_status":"closed","sticky":false,"template":"","format":"standard","meta":{"footnotes":""},"categories":[224],"tags":[],"class_list":{"0":"post-77466","1":"post","2":"type-post","3":"status-publish","4":"format-standard","5":"has-post-thumbnail","7":"category-noticias-actualidad"},"aioseo_notices":[],"aioseo_head":"\n\t\t<!-- All in One SEO Pro 4.9.6.1 - aioseo.com -->\n\t<meta name=\"description\" content=\"El n\u00famero de peregrinos a Santiago de Compostela aument\u00f3 un 5,48% en mayo respecto al mismo mes del a\u00f1o anterior, hasta alcanzar los 32.782, lo que supone 1.704 m\u00e1s que en 2015. En lo que va de a\u00f1o, Compostela recibi\u00f3 a un total de 61.989 peregrinos, lo que supone un 9,4% m\u00e1s que los 56.641\" \/>\n\t<meta name=\"robots\" content=\"max-image-preview:large\" \/>\n\t<meta name=\"author\" content=\"admin\"\/>\n\t<meta name=\"google-site-verification\" content=\"UA-38556648-1\" \/>\n\t<meta name=\"keywords\" content=\"noticias y actualidad\" \/>\n\t<link rel=\"canonical\" href=\"https:\/\/eldigitaldeasturias.com\/magazine365\/el-numero-de-peregrinos-a-santiago-de-compostela-aumento-un-548-en-mayo\/\" \/>\n\t<meta name=\"generator\" content=\"All in One SEO Pro (AIOSEO) 4.9.6.1\" \/>\n\t\t<meta property=\"og:locale\" content=\"es_ES\" \/>\n\t\t<meta property=\"og:site_name\" content=\"El Digital de Asturias \u2013 Revista de ocio, turismo y estilo de vida\" \/>\n\t\t<meta property=\"og:type\" content=\"article\" \/>\n\t\t<meta property=\"og:title\" content=\"El n\u00famero de peregrinos a Santiago de Compostela aument\u00f3 un 5,48% en mayo | El Digital de Asturias\" \/>\n\t\t<meta property=\"og:description\" content=\"El n\u00famero de peregrinos a Santiago de Compostela aument\u00f3 un 5,48% en mayo respecto al mismo mes del a\u00f1o anterior, hasta alcanzar los 32.782, lo que supone 1.704 m\u00e1s que en 2015. En lo que va de a\u00f1o, Compostela recibi\u00f3 a un total de 61.989 peregrinos, lo que supone un 9,4% m\u00e1s que los 56.641\" \/>\n\t\t<meta property=\"og:url\" content=\"https:\/\/eldigitaldeasturias.com\/magazine365\/el-numero-de-peregrinos-a-santiago-de-compostela-aumento-un-548-en-mayo\/\" \/>\n\t\t<meta property=\"og:image\" content=\"https:\/\/eldigitaldeasturias.com\/magazine365\/wp-content\/uploads\/2016\/06\/fotonoticia_20160601114500_800.jpg\" \/>\n\t\t<meta property=\"og:image:secure_url\" content=\"https:\/\/eldigitaldeasturias.com\/magazine365\/wp-content\/uploads\/2016\/06\/fotonoticia_20160601114500_800.jpg\" \/>\n\t\t<meta property=\"og:image:width\" content=\"800\" \/>\n\t\t<meta property=\"og:image:height\" content=\"525\" \/>\n\t\t<meta property=\"article:published_time\" content=\"2016-06-02T05:19:54+00:00\" \/>\n\t\t<meta property=\"article:modified_time\" content=\"2016-06-02T05:19:54+00:00\" \/>\n\t\t<meta name=\"twitter:card\" content=\"summary_large_image\" \/>\n\t\t<meta name=\"twitter:title\" content=\"El n\u00famero de peregrinos a Santiago de Compostela aument\u00f3 un 5,48% en mayo | El Digital de Asturias\" \/>\n\t\t<meta name=\"twitter:description\" content=\"El n\u00famero de peregrinos a Santiago de Compostela aument\u00f3 un 5,48% en mayo respecto al mismo mes del a\u00f1o anterior, hasta alcanzar los 32.782, lo que supone 1.704 m\u00e1s que en 2015. En lo que va de a\u00f1o, Compostela recibi\u00f3 a un total de 61.989 peregrinos, lo que supone un 9,4% m\u00e1s que los 56.641\" \/>\n\t\t<meta name=\"twitter:image\" content=\"https:\/\/eldigitaldeasturias.com\/magazine365\/wp-content\/uploads\/2016\/06\/fotonoticia_20160601114500_800.jpg\" \/>\n\t\t<script type=\"application\/ld+json\" class=\"aioseo-schema\">\n\t\t\t{\"@context\":\"https:\\\/\\\/schema.org\",\"@graph\":[{\"@type\":\"Article\",\"@id\":\"https:\\\/\\\/eldigitaldeasturias.com\\\/magazine365\\\/el-numero-de-peregrinos-a-santiago-de-compostela-aumento-un-548-en-mayo\\\/#article\",\"name\":\"El n\\u00famero de peregrinos a Santiago de Compostela aument\\u00f3 un 5,48% en mayo | El Digital de Asturias\",\"headline\":\"El n\\u00famero de peregrinos a Santiago de Compostela aument\\u00f3 un 5,48% en mayo\",\"author\":{\"@id\":\"https:\\\/\\\/eldigitaldeasturias.com\\\/magazine365\\\/author\\\/admin\\\/#author\"},\"publisher\":{\"@id\":\"https:\\\/\\\/eldigitaldeasturias.com\\\/magazine365\\\/#organization\"},\"image\":{\"@type\":\"ImageObject\",\"url\":\"https:\\\/\\\/eldigitaldeasturias.com\\\/magazine365\\\/wp-content\\\/uploads\\\/2016\\\/06\\\/fotonoticia_20160601114500_800.jpg\",\"width\":800,\"height\":525},\"datePublished\":\"2016-06-02T07:19:54+02:00\",\"dateModified\":\"2016-06-02T07:19:54+02:00\",\"inLanguage\":\"es-ES\",\"mainEntityOfPage\":{\"@id\":\"https:\\\/\\\/eldigitaldeasturias.com\\\/magazine365\\\/el-numero-de-peregrinos-a-santiago-de-compostela-aumento-un-548-en-mayo\\\/#webpage\"},\"isPartOf\":{\"@id\":\"https:\\\/\\\/eldigitaldeasturias.com\\\/magazine365\\\/el-numero-de-peregrinos-a-santiago-de-compostela-aumento-un-548-en-mayo\\\/#webpage\"},\"articleSection\":\"Noticias y Actualidad\"},{\"@type\":\"BreadcrumbList\",\"@id\":\"https:\\\/\\\/eldigitaldeasturias.com\\\/magazine365\\\/el-numero-de-peregrinos-a-santiago-de-compostela-aumento-un-548-en-mayo\\\/#breadcrumblist\",\"itemListElement\":[{\"@type\":\"ListItem\",\"@id\":\"https:\\\/\\\/eldigitaldeasturias.com\\\/magazine365#listItem\",\"position\":1,\"name\":\"Home\",\"item\":\"https:\\\/\\\/eldigitaldeasturias.com\\\/magazine365\",\"nextItem\":{\"@type\":\"ListItem\",\"@id\":\"https:\\\/\\\/eldigitaldeasturias.com\\\/magazine365\\\/category\\\/noticias-actualidad\\\/#listItem\",\"name\":\"Noticias y Actualidad\"}},{\"@type\":\"ListItem\",\"@id\":\"https:\\\/\\\/eldigitaldeasturias.com\\\/magazine365\\\/category\\\/noticias-actualidad\\\/#listItem\",\"position\":2,\"name\":\"Noticias y Actualidad\",\"item\":\"https:\\\/\\\/eldigitaldeasturias.com\\\/magazine365\\\/category\\\/noticias-actualidad\\\/\",\"nextItem\":{\"@type\":\"ListItem\",\"@id\":\"https:\\\/\\\/eldigitaldeasturias.com\\\/magazine365\\\/el-numero-de-peregrinos-a-santiago-de-compostela-aumento-un-548-en-mayo\\\/#listItem\",\"name\":\"El n\\u00famero de peregrinos a Santiago de Compostela aument\\u00f3 un 5,48% en mayo\"},\"previousItem\":{\"@type\":\"ListItem\",\"@id\":\"https:\\\/\\\/eldigitaldeasturias.com\\\/magazine365#listItem\",\"name\":\"Home\"}},{\"@type\":\"ListItem\",\"@id\":\"https:\\\/\\\/eldigitaldeasturias.com\\\/magazine365\\\/el-numero-de-peregrinos-a-santiago-de-compostela-aumento-un-548-en-mayo\\\/#listItem\",\"position\":3,\"name\":\"El n\\u00famero de peregrinos a Santiago de Compostela aument\\u00f3 un 5,48% en mayo\",\"previousItem\":{\"@type\":\"ListItem\",\"@id\":\"https:\\\/\\\/eldigitaldeasturias.com\\\/magazine365\\\/category\\\/noticias-actualidad\\\/#listItem\",\"name\":\"Noticias y Actualidad\"}}]},{\"@type\":\"Organization\",\"@id\":\"https:\\\/\\\/eldigitaldeasturias.com\\\/magazine365\\\/#organization\",\"name\":\"El digital de Asturias\",\"description\":\"Revista de ocio, turismo y estilo de vida\",\"url\":\"https:\\\/\\\/eldigitaldeasturias.com\\\/magazine365\\\/\",\"logo\":{\"@type\":\"ImageObject\",\"url\":\"https:\\\/\\\/www.eldigitaldeasturias.com\\\/noticias\\\/wp-content\\\/uploads\\\/2020\\\/12\\\/EDA.jpg\",\"@id\":\"https:\\\/\\\/eldigitaldeasturias.com\\\/magazine365\\\/el-numero-de-peregrinos-a-santiago-de-compostela-aumento-un-548-en-mayo\\\/#organizationLogo\"},\"image\":{\"@id\":\"https:\\\/\\\/eldigitaldeasturias.com\\\/magazine365\\\/el-numero-de-peregrinos-a-santiago-de-compostela-aumento-un-548-en-mayo\\\/#organizationLogo\"}},{\"@type\":\"Person\",\"@id\":\"https:\\\/\\\/eldigitaldeasturias.com\\\/magazine365\\\/author\\\/admin\\\/#author\",\"url\":\"https:\\\/\\\/eldigitaldeasturias.com\\\/magazine365\\\/author\\\/admin\\\/\",\"name\":\"admin\",\"image\":{\"@type\":\"ImageObject\",\"@id\":\"https:\\\/\\\/eldigitaldeasturias.com\\\/magazine365\\\/el-numero-de-peregrinos-a-santiago-de-compostela-aumento-un-548-en-mayo\\\/#authorImage\",\"url\":\"https:\\\/\\\/eldigitaldeasturias.com\\\/magazine365\\\/wp-content\\\/litespeed\\\/avatar\\\/e571bcf59a0edd6fa6838245a470f2fe.jpg?ver=1776969259\",\"width\":96,\"height\":96,\"caption\":\"admin\"}},{\"@type\":\"WebPage\",\"@id\":\"https:\\\/\\\/eldigitaldeasturias.com\\\/magazine365\\\/el-numero-de-peregrinos-a-santiago-de-compostela-aumento-un-548-en-mayo\\\/#webpage\",\"url\":\"https:\\\/\\\/eldigitaldeasturias.com\\\/magazine365\\\/el-numero-de-peregrinos-a-santiago-de-compostela-aumento-un-548-en-mayo\\\/\",\"name\":\"El n\\u00famero de peregrinos a Santiago de Compostela aument\\u00f3 un 5,48% en mayo | El Digital de Asturias\",\"description\":\"El n\\u00famero de peregrinos a Santiago de Compostela aument\\u00f3 un 5,48% en mayo respecto al mismo mes del a\\u00f1o anterior, hasta alcanzar los 32.782, lo que supone 1.704 m\\u00e1s que en 2015. En lo que va de a\\u00f1o, Compostela recibi\\u00f3 a un total de 61.989 peregrinos, lo que supone un 9,4% m\\u00e1s que los 56.641\",\"inLanguage\":\"es-ES\",\"isPartOf\":{\"@id\":\"https:\\\/\\\/eldigitaldeasturias.com\\\/magazine365\\\/#website\"},\"breadcrumb\":{\"@id\":\"https:\\\/\\\/eldigitaldeasturias.com\\\/magazine365\\\/el-numero-de-peregrinos-a-santiago-de-compostela-aumento-un-548-en-mayo\\\/#breadcrumblist\"},\"author\":{\"@id\":\"https:\\\/\\\/eldigitaldeasturias.com\\\/magazine365\\\/author\\\/admin\\\/#author\"},\"creator\":{\"@id\":\"https:\\\/\\\/eldigitaldeasturias.com\\\/magazine365\\\/author\\\/admin\\\/#author\"},\"image\":{\"@type\":\"ImageObject\",\"url\":\"https:\\\/\\\/eldigitaldeasturias.com\\\/magazine365\\\/wp-content\\\/uploads\\\/2016\\\/06\\\/fotonoticia_20160601114500_800.jpg\",\"@id\":\"https:\\\/\\\/eldigitaldeasturias.com\\\/magazine365\\\/el-numero-de-peregrinos-a-santiago-de-compostela-aumento-un-548-en-mayo\\\/#mainImage\",\"width\":800,\"height\":525},\"primaryImageOfPage\":{\"@id\":\"https:\\\/\\\/eldigitaldeasturias.com\\\/magazine365\\\/el-numero-de-peregrinos-a-santiago-de-compostela-aumento-un-548-en-mayo\\\/#mainImage\"},\"datePublished\":\"2016-06-02T07:19:54+02:00\",\"dateModified\":\"2016-06-02T07:19:54+02:00\"},{\"@type\":\"WebSite\",\"@id\":\"https:\\\/\\\/eldigitaldeasturias.com\\\/magazine365\\\/#website\",\"url\":\"https:\\\/\\\/eldigitaldeasturias.com\\\/magazine365\\\/\",\"name\":\"El Digital de Asturias\",\"description\":\"Revista de ocio, turismo y estilo de vida\",\"inLanguage\":\"es-ES\",\"publisher\":{\"@id\":\"https:\\\/\\\/eldigitaldeasturias.com\\\/magazine365\\\/#organization\"}}]}\n\t\t<\/script>\n\t\t<!-- All in One SEO Pro -->\r\n\t\t<title>El n\u00famero de peregrinos a Santiago de Compostela aument\u00f3 un 5,48% en mayo | El Digital de Asturias<\/title>\n\n","aioseo_head_json":{"title":"El n\u00famero de peregrinos a Santiago de Compostela aument\u00f3 un 5,48% en mayo | El Digital de Asturias","description":"El n\u00famero de peregrinos a Santiago de Compostela aument\u00f3 un 5,48% en mayo respecto al mismo mes del a\u00f1o anterior, hasta alcanzar los 32.782, lo que supone 1.704 m\u00e1s que en 2015. En lo que va de a\u00f1o, Compostela recibi\u00f3 a un total de 61.989 peregrinos, lo que supone un 9,4% m\u00e1s que los 56.641","canonical_url":"https:\/\/eldigitaldeasturias.com\/magazine365\/el-numero-de-peregrinos-a-santiago-de-compostela-aumento-un-548-en-mayo\/","robots":"max-image-preview:large","keywords":"noticias y actualidad","webmasterTools":{"google-site-verification":"UA-38556648-1","miscellaneous":""},"schema":{"@context":"https:\/\/schema.org","@graph":[{"@type":"Article","@id":"https:\/\/eldigitaldeasturias.com\/magazine365\/el-numero-de-peregrinos-a-santiago-de-compostela-aumento-un-548-en-mayo\/#article","name":"El n\u00famero de peregrinos a Santiago de Compostela aument\u00f3 un 5,48% en mayo | El Digital de Asturias","headline":"El n\u00famero de peregrinos a Santiago de Compostela aument\u00f3 un 5,48% en mayo","author":{"@id":"https:\/\/eldigitaldeasturias.com\/magazine365\/author\/admin\/#author"},"publisher":{"@id":"https:\/\/eldigitaldeasturias.com\/magazine365\/#organization"},"image":{"@type":"ImageObject","url":"https:\/\/eldigitaldeasturias.com\/magazine365\/wp-content\/uploads\/2016\/06\/fotonoticia_20160601114500_800.jpg","width":800,"height":525},"datePublished":"2016-06-02T07:19:54+02:00","dateModified":"2016-06-02T07:19:54+02:00","inLanguage":"es-ES","mainEntityOfPage":{"@id":"https:\/\/eldigitaldeasturias.com\/magazine365\/el-numero-de-peregrinos-a-santiago-de-compostela-aumento-un-548-en-mayo\/#webpage"},"isPartOf":{"@id":"https:\/\/eldigitaldeasturias.com\/magazine365\/el-numero-de-peregrinos-a-santiago-de-compostela-aumento-un-548-en-mayo\/#webpage"},"articleSection":"Noticias y Actualidad"},{"@type":"BreadcrumbList","@id":"https:\/\/eldigitaldeasturias.com\/magazine365\/el-numero-de-peregrinos-a-santiago-de-compostela-aumento-un-548-en-mayo\/#breadcrumblist","itemListElement":[{"@type":"ListItem","@id":"https:\/\/eldigitaldeasturias.com\/magazine365#listItem","position":1,"name":"Home","item":"https:\/\/eldigitaldeasturias.com\/magazine365","nextItem":{"@type":"ListItem","@id":"https:\/\/eldigitaldeasturias.com\/magazine365\/category\/noticias-actualidad\/#listItem","name":"Noticias y Actualidad"}},{"@type":"ListItem","@id":"https:\/\/eldigitaldeasturias.com\/magazine365\/category\/noticias-actualidad\/#listItem","position":2,"name":"Noticias y Actualidad","item":"https:\/\/eldigitaldeasturias.com\/magazine365\/category\/noticias-actualidad\/","nextItem":{"@type":"ListItem","@id":"https:\/\/eldigitaldeasturias.com\/magazine365\/el-numero-de-peregrinos-a-santiago-de-compostela-aumento-un-548-en-mayo\/#listItem","name":"El n\u00famero de peregrinos a Santiago de Compostela aument\u00f3 un 5,48% en mayo"},"previousItem":{"@type":"ListItem","@id":"https:\/\/eldigitaldeasturias.com\/magazine365#listItem","name":"Home"}},{"@type":"ListItem","@id":"https:\/\/eldigitaldeasturias.com\/magazine365\/el-numero-de-peregrinos-a-santiago-de-compostela-aumento-un-548-en-mayo\/#listItem","position":3,"name":"El n\u00famero de peregrinos a Santiago de Compostela aument\u00f3 un 5,48% en mayo","previousItem":{"@type":"ListItem","@id":"https:\/\/eldigitaldeasturias.com\/magazine365\/category\/noticias-actualidad\/#listItem","name":"Noticias y Actualidad"}}]},{"@type":"Organization","@id":"https:\/\/eldigitaldeasturias.com\/magazine365\/#organization","name":"El digital de Asturias","description":"Revista de ocio, turismo y estilo de vida","url":"https:\/\/eldigitaldeasturias.com\/magazine365\/","logo":{"@type":"ImageObject","url":"https:\/\/www.eldigitaldeasturias.com\/noticias\/wp-content\/uploads\/2020\/12\/EDA.jpg","@id":"https:\/\/eldigitaldeasturias.com\/magazine365\/el-numero-de-peregrinos-a-santiago-de-compostela-aumento-un-548-en-mayo\/#organizationLogo"},"image":{"@id":"https:\/\/eldigitaldeasturias.com\/magazine365\/el-numero-de-peregrinos-a-santiago-de-compostela-aumento-un-548-en-mayo\/#organizationLogo"}},{"@type":"Person","@id":"https:\/\/eldigitaldeasturias.com\/magazine365\/author\/admin\/#author","url":"https:\/\/eldigitaldeasturias.com\/magazine365\/author\/admin\/","name":"admin","image":{"@type":"ImageObject","@id":"https:\/\/eldigitaldeasturias.com\/magazine365\/el-numero-de-peregrinos-a-santiago-de-compostela-aumento-un-548-en-mayo\/#authorImage","url":"https:\/\/eldigitaldeasturias.com\/magazine365\/wp-content\/litespeed\/avatar\/e571bcf59a0edd6fa6838245a470f2fe.jpg?ver=1776969259","width":96,"height":96,"caption":"admin"}},{"@type":"WebPage","@id":"https:\/\/eldigitaldeasturias.com\/magazine365\/el-numero-de-peregrinos-a-santiago-de-compostela-aumento-un-548-en-mayo\/#webpage","url":"https:\/\/eldigitaldeasturias.com\/magazine365\/el-numero-de-peregrinos-a-santiago-de-compostela-aumento-un-548-en-mayo\/","name":"El n\u00famero de peregrinos a Santiago de Compostela aument\u00f3 un 5,48% en mayo | El Digital de Asturias","description":"El n\u00famero de peregrinos a Santiago de Compostela aument\u00f3 un 5,48% en mayo respecto al mismo mes del a\u00f1o anterior, hasta alcanzar los 32.782, lo que supone 1.704 m\u00e1s que en 2015. En lo que va de a\u00f1o, Compostela recibi\u00f3 a un total de 61.989 peregrinos, lo que supone un 9,4% m\u00e1s que los 56.641","inLanguage":"es-ES","isPartOf":{"@id":"https:\/\/eldigitaldeasturias.com\/magazine365\/#website"},"breadcrumb":{"@id":"https:\/\/eldigitaldeasturias.com\/magazine365\/el-numero-de-peregrinos-a-santiago-de-compostela-aumento-un-548-en-mayo\/#breadcrumblist"},"author":{"@id":"https:\/\/eldigitaldeasturias.com\/magazine365\/author\/admin\/#author"},"creator":{"@id":"https:\/\/eldigitaldeasturias.com\/magazine365\/author\/admin\/#author"},"image":{"@type":"ImageObject","url":"https:\/\/eldigitaldeasturias.com\/magazine365\/wp-content\/uploads\/2016\/06\/fotonoticia_20160601114500_800.jpg","@id":"https:\/\/eldigitaldeasturias.com\/magazine365\/el-numero-de-peregrinos-a-santiago-de-compostela-aumento-un-548-en-mayo\/#mainImage","width":800,"height":525},"primaryImageOfPage":{"@id":"https:\/\/eldigitaldeasturias.com\/magazine365\/el-numero-de-peregrinos-a-santiago-de-compostela-aumento-un-548-en-mayo\/#mainImage"},"datePublished":"2016-06-02T07:19:54+02:00","dateModified":"2016-06-02T07:19:54+02:00"},{"@type":"WebSite","@id":"https:\/\/eldigitaldeasturias.com\/magazine365\/#website","url":"https:\/\/eldigitaldeasturias.com\/magazine365\/","name":"El Digital de Asturias","description":"Revista de ocio, turismo y estilo de vida","inLanguage":"es-ES","publisher":{"@id":"https:\/\/eldigitaldeasturias.com\/magazine365\/#organization"}}]},"og:locale":"es_ES","og:site_name":"El Digital de Asturias \u2013 Revista de ocio, turismo y estilo de vida","og:type":"article","og:title":"El n\u00famero de peregrinos a Santiago de Compostela aument\u00f3 un 5,48% en mayo | El Digital de Asturias","og:description":"El n\u00famero de peregrinos a Santiago de Compostela aument\u00f3 un 5,48% en mayo respecto al mismo mes del a\u00f1o anterior, hasta alcanzar los 32.782, lo que supone 1.704 m\u00e1s que en 2015. En lo que va de a\u00f1o, Compostela recibi\u00f3 a un total de 61.989 peregrinos, lo que supone un 9,4% m\u00e1s que los 56.641","og:url":"https:\/\/eldigitaldeasturias.com\/magazine365\/el-numero-de-peregrinos-a-santiago-de-compostela-aumento-un-548-en-mayo\/","og:image":"https:\/\/eldigitaldeasturias.com\/magazine365\/wp-content\/uploads\/2016\/06\/fotonoticia_20160601114500_800.jpg","og:image:secure_url":"https:\/\/eldigitaldeasturias.com\/magazine365\/wp-content\/uploads\/2016\/06\/fotonoticia_20160601114500_800.jpg","og:image:width":800,"og:image:height":525,"article:published_time":"2016-06-02T05:19:54+00:00","article:modified_time":"2016-06-02T05:19:54+00:00","twitter:card":"summary_large_image","twitter:title":"El n\u00famero de peregrinos a Santiago de Compostela aument\u00f3 un 5,48% en mayo | El Digital de Asturias","twitter:description":"El n\u00famero de peregrinos a Santiago de Compostela aument\u00f3 un 5,48% en mayo respecto al mismo mes del a\u00f1o anterior, hasta alcanzar los 32.782, lo que supone 1.704 m\u00e1s que en 2015. En lo que va de a\u00f1o, Compostela recibi\u00f3 a un total de 61.989 peregrinos, lo que supone un 9,4% m\u00e1s que los 56.641","twitter:image":"https:\/\/eldigitaldeasturias.com\/magazine365\/wp-content\/uploads\/2016\/06\/fotonoticia_20160601114500_800.jpg"},"aioseo_meta_data":{"post_id":"77466","title":null,"description":null,"keywords":null,"keyphrases":null,"primary_term":null,"canonical_url":null,"og_title":null,"og_description":null,"og_object_type":"default","og_image_type":"default","og_image_url":null,"og_image_width":null,"og_image_height":null,"og_image_custom_url":null,"og_image_custom_fields":null,"og_video":null,"og_custom_url":null,"og_article_section":null,"og_article_tags":null,"twitter_use_og":false,"twitter_card":"default","twitter_image_type":"default","twitter_image_url":null,"twitter_image_custom_url":null,"twitter_image_custom_fields":null,"twitter_title":null,"twitter_description":null,"schema":{"blockGraphs":[],"customGraphs":[],"default":{"data":{"Article":[],"Course":[],"Dataset":[],"FAQPage":[],"Movie":[],"Person":[],"Product":[],"ProductReview":[],"Car":[],"Recipe":[],"Service":[],"SoftwareApplication":[],"WebPage":[]},"graphName":"","isEnabled":true},"graphs":[],"defaultGraph":"","defaultPostTypeGraph":""},"schema_type":null,"schema_type_options":null,"pillar_content":false,"robots_default":true,"robots_noindex":false,"robots_noarchive":false,"robots_nosnippet":false,"robots_nofollow":false,"robots_noimageindex":false,"robots_noodp":false,"robots_notranslate":false,"robots_max_snippet":null,"robots_max_videopreview":null,"robots_max_imagepreview":"large","priority":null,"frequency":null,"location":null,"local_seo":null,"seo_analyzer_scan_date":"2025-09-27 14:56:17","breadcrumb_settings":null,"limit_modified_date":false,"open_ai":null,"ai":null,"created":"2021-03-08 18:14:03","updated":"2025-09-27 14:56:17"},"aioseo_breadcrumb":"<div class=\"aioseo-breadcrumbs\"><span class=\"aioseo-breadcrumb\">\n\t<a href=\"https:\/\/eldigitaldeasturias.com\/magazine365\" title=\"Home\">Home<\/a>\n<\/span><span class=\"aioseo-breadcrumb-separator\">\u2013<\/span><span class=\"aioseo-breadcrumb\">\n\t<a href=\"https:\/\/eldigitaldeasturias.com\/magazine365\/category\/noticias-actualidad\/\" title=\"Noticias y Actualidad\">Noticias y Actualidad<\/a>\n<\/span><span class=\"aioseo-breadcrumb-separator\">\u2013<\/span><span class=\"aioseo-breadcrumb\">\n\t<a href=\"https:\/\/eldigitaldeasturias.com\/magazine365\/el-numero-de-peregrinos-a-santiago-de-compostela-aumento-un-548-en-mayo\/\" title=\"El n\u00famero de peregrinos a Santiago de Compostela aument\u00f3 un 5,48% en mayo\">El n\u00famero de peregrinos a Santiago de Compostela aument\u00f3 un 5,48% en mayo<\/a>\n<\/span><\/div>","aioseo_breadcrumb_json":[{"label":"Home","link":"https:\/\/eldigitaldeasturias.com\/magazine365"},{"label":"Noticias y Actualidad","link":"https:\/\/eldigitaldeasturias.com\/magazine365\/category\/noticias-actualidad\/"},{"label":"El n\u00famero de peregrinos a Santiago de Compostela aument\u00f3 un 5,48% en mayo","link":"https:\/\/eldigitaldeasturias.com\/magazine365\/el-numero-de-peregrinos-a-santiago-de-compostela-aumento-un-548-en-mayo\/"}],"_links":{"self":[{"href":"https:\/\/eldigitaldeasturias.com\/magazine365\/wp-json\/wp\/v2\/posts\/77466","targetHints":{"allow":["GET"]}}],"collection":[{"href":"https:\/\/eldigitaldeasturias.com\/magazine365\/wp-json\/wp\/v2\/posts"}],"about":[{"href":"https:\/\/eldigitaldeasturias.com\/magazine365\/wp-json\/wp\/v2\/types\/post"}],"author":[{"embeddable":true,"href":"https:\/\/eldigitaldeasturias.com\/magazine365\/wp-json\/wp\/v2\/users\/1"}],"replies":[{"embeddable":true,"href":"https:\/\/eldigitaldeasturias.com\/magazine365\/wp-json\/wp\/v2\/comments?post=77466"}],"version-history":[{"count":0,"href":"https:\/\/eldigitaldeasturias.com\/magazine365\/wp-json\/wp\/v2\/posts\/77466\/revisions"}],"wp:featuredmedia":[{"embeddable":true,"href":"https:\/\/eldigitaldeasturias.com\/magazine365\/wp-json\/wp\/v2\/media\/77467"}],"wp:attachment":[{"href":"https:\/\/eldigitaldeasturias.com\/magazine365\/wp-json\/wp\/v2\/media?parent=77466"}],"wp:term":[{"taxonomy":"category","embeddable":true,"href":"https:\/\/eldigitaldeasturias.com\/magazine365\/wp-json\/wp\/v2\/categories?post=77466"},{"taxonomy":"post_tag","embeddable":true,"href":"https:\/\/eldigitaldeasturias.com\/magazine365\/wp-json\/wp\/v2\/tags?post=77466"}],"curies":[{"name":"wp","href":"https:\/\/api.w.org\/{rel}","templated":true}]}}