{"id":77460,"date":"2016-06-02T07:18:09","date_gmt":"2016-06-02T05:18:09","guid":{"rendered":"http:\/\/eldigitaldeasturias.com\/magazine365\/?p=77460"},"modified":"2016-06-02T07:18:09","modified_gmt":"2016-06-02T05:18:09","slug":"las-playas-de-barcelona-activan-los-servicios-municipales-para-la-temporada-alta","status":"publish","type":"post","link":"https:\/\/eldigitaldeasturias.com\/magazine365\/las-playas-de-barcelona-activan-los-servicios-municipales-para-la-temporada-alta\/","title":{"rendered":"Las playas de Barcelona activan los servicios municipales para la temporada alta"},"content":{"rendered":"<p><img fetchpriority=\"high\" decoding=\"async\" class=\"alignleft size-medium wp-image-77461\" src=\"https:\/\/eldigitaldeasturias.com\/magazine365\/wp-content\/uploads\/2016\/06\/fotonoticia_20160601114137_800-360x270.jpg\" alt=\"fotonoticia_20160601114137_800\" width=\"360\" height=\"270\" srcset=\"https:\/\/eldigitaldeasturias.com\/magazine365\/wp-content\/uploads\/2016\/06\/fotonoticia_20160601114137_800-360x270.jpg 360w, https:\/\/eldigitaldeasturias.com\/magazine365\/wp-content\/uploads\/2016\/06\/fotonoticia_20160601114137_800-650x488.jpg 650w, https:\/\/eldigitaldeasturias.com\/magazine365\/wp-content\/uploads\/2016\/06\/fotonoticia_20160601114137_800-768x576.jpg 768w, https:\/\/eldigitaldeasturias.com\/magazine365\/wp-content\/uploads\/2016\/06\/fotonoticia_20160601114137_800-150x113.jpg 150w, https:\/\/eldigitaldeasturias.com\/magazine365\/wp-content\/uploads\/2016\/06\/fotonoticia_20160601114137_800-450x338.jpg 450w, https:\/\/eldigitaldeasturias.com\/magazine365\/wp-content\/uploads\/2016\/06\/fotonoticia_20160601114137_800-90x67.jpg 90w, https:\/\/eldigitaldeasturias.com\/magazine365\/wp-content\/uploads\/2016\/06\/fotonoticia_20160601114137_800-164x124.jpg 164w, https:\/\/eldigitaldeasturias.com\/magazine365\/wp-content\/uploads\/2016\/06\/fotonoticia_20160601114137_800-100x75.jpg 100w, https:\/\/eldigitaldeasturias.com\/magazine365\/wp-content\/uploads\/2016\/06\/fotonoticia_20160601114137_800.jpg 800w\" sizes=\"(max-width: 360px) 100vw, 360px\" \/>El Ayuntamiento de Barcelona ha activado este mi\u00e9rcoles los servicios municipales para la temporada alta de playas en la ciudad, un dispositivo que se mantendr\u00e1 hasta el 11 de septiembre, cuando se pasar\u00e1 a temporada media.<\/p>\n<p>El servicio de limpieza ser\u00e1 de 21 equipos con 40 operarios, que trabajar\u00e1n entre el 1 de junio y el 30 de septiembre incluyendo festivos y domingos, y se dispondr\u00e1 de 126 ba\u00f1os p\u00fablicos y 92 duchas activas, ha explicado el consistorio en un comunicado.<\/p>\n<p>Adem\u00e1s, 20 chiringuitos ofrecer\u00e1n sus servicios m\u00e1s all\u00e1 de la zona de las mesas en un radio de 50 metros de su ubicaci\u00f3n, para mejorar el servicio y disuadir la venta ambulante ilegal: los chiringuitos de Ciutat Vella abrir\u00e1n de 9.00 a 0.00 horas y los de Sant Mart\u00ed de 9.00 a 2.00.<\/p>\n<p>Las playas de la Barceloneta, Nova Ic\u00e0ria y las zonas de ba\u00f1o del F\u00f2rum dispondr\u00e1n de servicios de apoyo para que se puedan ba\u00f1ar para personas con diversidad funcional, con vestuarios, sillas y gr\u00faas elevadoras, as\u00ed como reserva de plazas de aparcamiento y ba\u00f1os y duchas adaptadas.<\/p>\n<p>Este servicio estar\u00e1 disponible los fines de semana y festivos de junio del 1 de julio al 15 de septiembre, de 11.00 a 14.00 horas en la Barceloneta y ba\u00f1os del F\u00f2rum, y en la Nova Ic\u00e0ria de 11.00 a 14.00 y de 16.00 a 19.00 horas.<\/p>\n<p>La temporada arranca con el distintivo &#8216;Bandera Blava&#8217;, que reconoce las buenas pr\u00e1cticas en las playas urbanas y acredita la limpieza del agua y la tierra, la facilidad de acceso, la ausencia de veh\u00edculos circulando, los servicios y una se\u00f1alizaci\u00f3n adecuada, entre otros aspectos.<\/p>\n","protected":false},"excerpt":{"rendered":"<p>El Ayuntamiento de Barcelona ha activado este mi\u00e9rcoles los servicios municipales para la temporada alta de playas en la ciudad, un dispositivo que se mantendr\u00e1 hasta el 11 de septiembre, cuando se pasar\u00e1 a temporada media. El servicio de limpieza ser\u00e1 de 21 equipos con 40 operarios, que trabajar\u00e1n entre el 1 de junio y<\/p>\n","protected":false},"author":1,"featured_media":77461,"comment_status":"open","ping_status":"closed","sticky":false,"template":"","format":"standard","meta":{"footnotes":""},"categories":[224],"tags":[],"class_list":{"0":"post-77460","1":"post","2":"type-post","3":"status-publish","4":"format-standard","5":"has-post-thumbnail","7":"category-noticias-actualidad"},"aioseo_notices":[],"aioseo_head":"\n\t\t<!-- All in One SEO Pro 4.9.6.1 - aioseo.com -->\n\t<meta name=\"description\" content=\"El Ayuntamiento de Barcelona ha activado este mi\u00e9rcoles los servicios municipales para la temporada alta de playas en la ciudad, un dispositivo que se mantendr\u00e1 hasta el 11 de septiembre, cuando se pasar\u00e1 a temporada media. El servicio de limpieza ser\u00e1 de 21 equipos con 40 operarios, que trabajar\u00e1n entre el 1 de junio y\" \/>\n\t<meta name=\"robots\" content=\"max-image-preview:large\" \/>\n\t<meta name=\"author\" content=\"admin\"\/>\n\t<meta name=\"google-site-verification\" content=\"UA-38556648-1\" \/>\n\t<meta name=\"keywords\" content=\"noticias y actualidad\" \/>\n\t<link rel=\"canonical\" href=\"https:\/\/eldigitaldeasturias.com\/magazine365\/las-playas-de-barcelona-activan-los-servicios-municipales-para-la-temporada-alta\/\" \/>\n\t<meta name=\"generator\" content=\"All in One SEO Pro (AIOSEO) 4.9.6.1\" \/>\n\t\t<meta property=\"og:locale\" content=\"es_ES\" \/>\n\t\t<meta property=\"og:site_name\" content=\"El Digital de Asturias \u2013 Revista de ocio, turismo y estilo de vida\" \/>\n\t\t<meta property=\"og:type\" content=\"article\" \/>\n\t\t<meta property=\"og:title\" content=\"Las playas de Barcelona activan los servicios municipales para la temporada alta | El Digital de Asturias\" \/>\n\t\t<meta property=\"og:description\" content=\"El Ayuntamiento de Barcelona ha activado este mi\u00e9rcoles los servicios municipales para la temporada alta de playas en la ciudad, un dispositivo que se mantendr\u00e1 hasta el 11 de septiembre, cuando se pasar\u00e1 a temporada media. El servicio de limpieza ser\u00e1 de 21 equipos con 40 operarios, que trabajar\u00e1n entre el 1 de junio y\" \/>\n\t\t<meta property=\"og:url\" content=\"https:\/\/eldigitaldeasturias.com\/magazine365\/las-playas-de-barcelona-activan-los-servicios-municipales-para-la-temporada-alta\/\" \/>\n\t\t<meta property=\"og:image\" content=\"https:\/\/eldigitaldeasturias.com\/magazine365\/wp-content\/uploads\/2016\/06\/fotonoticia_20160601114137_800.jpg\" \/>\n\t\t<meta property=\"og:image:secure_url\" content=\"https:\/\/eldigitaldeasturias.com\/magazine365\/wp-content\/uploads\/2016\/06\/fotonoticia_20160601114137_800.jpg\" \/>\n\t\t<meta property=\"og:image:width\" content=\"800\" \/>\n\t\t<meta property=\"og:image:height\" content=\"600\" \/>\n\t\t<meta property=\"article:published_time\" content=\"2016-06-02T05:18:09+00:00\" \/>\n\t\t<meta property=\"article:modified_time\" content=\"2016-06-02T05:18:09+00:00\" \/>\n\t\t<meta name=\"twitter:card\" content=\"summary_large_image\" \/>\n\t\t<meta name=\"twitter:title\" content=\"Las playas de Barcelona activan los servicios municipales para la temporada alta | El Digital de Asturias\" \/>\n\t\t<meta name=\"twitter:description\" content=\"El Ayuntamiento de Barcelona ha activado este mi\u00e9rcoles los servicios municipales para la temporada alta de playas en la ciudad, un dispositivo que se mantendr\u00e1 hasta el 11 de septiembre, cuando se pasar\u00e1 a temporada media. El servicio de limpieza ser\u00e1 de 21 equipos con 40 operarios, que trabajar\u00e1n entre el 1 de junio y\" \/>\n\t\t<meta name=\"twitter:image\" content=\"https:\/\/eldigitaldeasturias.com\/magazine365\/wp-content\/uploads\/2016\/06\/fotonoticia_20160601114137_800.jpg\" \/>\n\t\t<script type=\"application\/ld+json\" class=\"aioseo-schema\">\n\t\t\t{\"@context\":\"https:\\\/\\\/schema.org\",\"@graph\":[{\"@type\":\"Article\",\"@id\":\"https:\\\/\\\/eldigitaldeasturias.com\\\/magazine365\\\/las-playas-de-barcelona-activan-los-servicios-municipales-para-la-temporada-alta\\\/#article\",\"name\":\"Las playas de Barcelona activan los servicios municipales para la temporada alta | El Digital de Asturias\",\"headline\":\"Las playas de Barcelona activan los servicios municipales para la temporada alta\",\"author\":{\"@id\":\"https:\\\/\\\/eldigitaldeasturias.com\\\/magazine365\\\/author\\\/admin\\\/#author\"},\"publisher\":{\"@id\":\"https:\\\/\\\/eldigitaldeasturias.com\\\/magazine365\\\/#organization\"},\"image\":{\"@type\":\"ImageObject\",\"url\":\"https:\\\/\\\/eldigitaldeasturias.com\\\/magazine365\\\/wp-content\\\/uploads\\\/2016\\\/06\\\/fotonoticia_20160601114137_800.jpg\",\"width\":800,\"height\":600},\"datePublished\":\"2016-06-02T07:18:09+02:00\",\"dateModified\":\"2016-06-02T07:18:09+02:00\",\"inLanguage\":\"es-ES\",\"mainEntityOfPage\":{\"@id\":\"https:\\\/\\\/eldigitaldeasturias.com\\\/magazine365\\\/las-playas-de-barcelona-activan-los-servicios-municipales-para-la-temporada-alta\\\/#webpage\"},\"isPartOf\":{\"@id\":\"https:\\\/\\\/eldigitaldeasturias.com\\\/magazine365\\\/las-playas-de-barcelona-activan-los-servicios-municipales-para-la-temporada-alta\\\/#webpage\"},\"articleSection\":\"Noticias y Actualidad\"},{\"@type\":\"BreadcrumbList\",\"@id\":\"https:\\\/\\\/eldigitaldeasturias.com\\\/magazine365\\\/las-playas-de-barcelona-activan-los-servicios-municipales-para-la-temporada-alta\\\/#breadcrumblist\",\"itemListElement\":[{\"@type\":\"ListItem\",\"@id\":\"https:\\\/\\\/eldigitaldeasturias.com\\\/magazine365#listItem\",\"position\":1,\"name\":\"Home\",\"item\":\"https:\\\/\\\/eldigitaldeasturias.com\\\/magazine365\",\"nextItem\":{\"@type\":\"ListItem\",\"@id\":\"https:\\\/\\\/eldigitaldeasturias.com\\\/magazine365\\\/category\\\/noticias-actualidad\\\/#listItem\",\"name\":\"Noticias y Actualidad\"}},{\"@type\":\"ListItem\",\"@id\":\"https:\\\/\\\/eldigitaldeasturias.com\\\/magazine365\\\/category\\\/noticias-actualidad\\\/#listItem\",\"position\":2,\"name\":\"Noticias y Actualidad\",\"item\":\"https:\\\/\\\/eldigitaldeasturias.com\\\/magazine365\\\/category\\\/noticias-actualidad\\\/\",\"nextItem\":{\"@type\":\"ListItem\",\"@id\":\"https:\\\/\\\/eldigitaldeasturias.com\\\/magazine365\\\/las-playas-de-barcelona-activan-los-servicios-municipales-para-la-temporada-alta\\\/#listItem\",\"name\":\"Las playas de Barcelona activan los servicios municipales para la temporada alta\"},\"previousItem\":{\"@type\":\"ListItem\",\"@id\":\"https:\\\/\\\/eldigitaldeasturias.com\\\/magazine365#listItem\",\"name\":\"Home\"}},{\"@type\":\"ListItem\",\"@id\":\"https:\\\/\\\/eldigitaldeasturias.com\\\/magazine365\\\/las-playas-de-barcelona-activan-los-servicios-municipales-para-la-temporada-alta\\\/#listItem\",\"position\":3,\"name\":\"Las playas de Barcelona activan los servicios municipales para la temporada alta\",\"previousItem\":{\"@type\":\"ListItem\",\"@id\":\"https:\\\/\\\/eldigitaldeasturias.com\\\/magazine365\\\/category\\\/noticias-actualidad\\\/#listItem\",\"name\":\"Noticias y Actualidad\"}}]},{\"@type\":\"Organization\",\"@id\":\"https:\\\/\\\/eldigitaldeasturias.com\\\/magazine365\\\/#organization\",\"name\":\"El digital de Asturias\",\"description\":\"Revista de ocio, turismo y estilo de vida\",\"url\":\"https:\\\/\\\/eldigitaldeasturias.com\\\/magazine365\\\/\",\"logo\":{\"@type\":\"ImageObject\",\"url\":\"https:\\\/\\\/www.eldigitaldeasturias.com\\\/noticias\\\/wp-content\\\/uploads\\\/2020\\\/12\\\/EDA.jpg\",\"@id\":\"https:\\\/\\\/eldigitaldeasturias.com\\\/magazine365\\\/las-playas-de-barcelona-activan-los-servicios-municipales-para-la-temporada-alta\\\/#organizationLogo\"},\"image\":{\"@id\":\"https:\\\/\\\/eldigitaldeasturias.com\\\/magazine365\\\/las-playas-de-barcelona-activan-los-servicios-municipales-para-la-temporada-alta\\\/#organizationLogo\"}},{\"@type\":\"Person\",\"@id\":\"https:\\\/\\\/eldigitaldeasturias.com\\\/magazine365\\\/author\\\/admin\\\/#author\",\"url\":\"https:\\\/\\\/eldigitaldeasturias.com\\\/magazine365\\\/author\\\/admin\\\/\",\"name\":\"admin\",\"image\":{\"@type\":\"ImageObject\",\"@id\":\"https:\\\/\\\/eldigitaldeasturias.com\\\/magazine365\\\/las-playas-de-barcelona-activan-los-servicios-municipales-para-la-temporada-alta\\\/#authorImage\",\"url\":\"https:\\\/\\\/eldigitaldeasturias.com\\\/magazine365\\\/wp-content\\\/litespeed\\\/avatar\\\/e571bcf59a0edd6fa6838245a470f2fe.jpg?ver=1776969259\",\"width\":96,\"height\":96,\"caption\":\"admin\"}},{\"@type\":\"WebPage\",\"@id\":\"https:\\\/\\\/eldigitaldeasturias.com\\\/magazine365\\\/las-playas-de-barcelona-activan-los-servicios-municipales-para-la-temporada-alta\\\/#webpage\",\"url\":\"https:\\\/\\\/eldigitaldeasturias.com\\\/magazine365\\\/las-playas-de-barcelona-activan-los-servicios-municipales-para-la-temporada-alta\\\/\",\"name\":\"Las playas de Barcelona activan los servicios municipales para la temporada alta | El Digital de Asturias\",\"description\":\"El Ayuntamiento de Barcelona ha activado este mi\\u00e9rcoles los servicios municipales para la temporada alta de playas en la ciudad, un dispositivo que se mantendr\\u00e1 hasta el 11 de septiembre, cuando se pasar\\u00e1 a temporada media. El servicio de limpieza ser\\u00e1 de 21 equipos con 40 operarios, que trabajar\\u00e1n entre el 1 de junio y\",\"inLanguage\":\"es-ES\",\"isPartOf\":{\"@id\":\"https:\\\/\\\/eldigitaldeasturias.com\\\/magazine365\\\/#website\"},\"breadcrumb\":{\"@id\":\"https:\\\/\\\/eldigitaldeasturias.com\\\/magazine365\\\/las-playas-de-barcelona-activan-los-servicios-municipales-para-la-temporada-alta\\\/#breadcrumblist\"},\"author\":{\"@id\":\"https:\\\/\\\/eldigitaldeasturias.com\\\/magazine365\\\/author\\\/admin\\\/#author\"},\"creator\":{\"@id\":\"https:\\\/\\\/eldigitaldeasturias.com\\\/magazine365\\\/author\\\/admin\\\/#author\"},\"image\":{\"@type\":\"ImageObject\",\"url\":\"https:\\\/\\\/eldigitaldeasturias.com\\\/magazine365\\\/wp-content\\\/uploads\\\/2016\\\/06\\\/fotonoticia_20160601114137_800.jpg\",\"@id\":\"https:\\\/\\\/eldigitaldeasturias.com\\\/magazine365\\\/las-playas-de-barcelona-activan-los-servicios-municipales-para-la-temporada-alta\\\/#mainImage\",\"width\":800,\"height\":600},\"primaryImageOfPage\":{\"@id\":\"https:\\\/\\\/eldigitaldeasturias.com\\\/magazine365\\\/las-playas-de-barcelona-activan-los-servicios-municipales-para-la-temporada-alta\\\/#mainImage\"},\"datePublished\":\"2016-06-02T07:18:09+02:00\",\"dateModified\":\"2016-06-02T07:18:09+02:00\"},{\"@type\":\"WebSite\",\"@id\":\"https:\\\/\\\/eldigitaldeasturias.com\\\/magazine365\\\/#website\",\"url\":\"https:\\\/\\\/eldigitaldeasturias.com\\\/magazine365\\\/\",\"name\":\"El Digital de Asturias\",\"description\":\"Revista de ocio, turismo y estilo de vida\",\"inLanguage\":\"es-ES\",\"publisher\":{\"@id\":\"https:\\\/\\\/eldigitaldeasturias.com\\\/magazine365\\\/#organization\"}}]}\n\t\t<\/script>\n\t\t<!-- All in One SEO Pro -->\r\n\t\t<title>Las playas de Barcelona activan los servicios municipales para la temporada alta | El Digital de Asturias<\/title>\n\n","aioseo_head_json":{"title":"Las playas de Barcelona activan los servicios municipales para la temporada alta | El Digital de Asturias","description":"El Ayuntamiento de Barcelona ha activado este mi\u00e9rcoles los servicios municipales para la temporada alta de playas en la ciudad, un dispositivo que se mantendr\u00e1 hasta el 11 de septiembre, cuando se pasar\u00e1 a temporada media. El servicio de limpieza ser\u00e1 de 21 equipos con 40 operarios, que trabajar\u00e1n entre el 1 de junio y","canonical_url":"https:\/\/eldigitaldeasturias.com\/magazine365\/las-playas-de-barcelona-activan-los-servicios-municipales-para-la-temporada-alta\/","robots":"max-image-preview:large","keywords":"noticias y actualidad","webmasterTools":{"google-site-verification":"UA-38556648-1","miscellaneous":""},"schema":{"@context":"https:\/\/schema.org","@graph":[{"@type":"Article","@id":"https:\/\/eldigitaldeasturias.com\/magazine365\/las-playas-de-barcelona-activan-los-servicios-municipales-para-la-temporada-alta\/#article","name":"Las playas de Barcelona activan los servicios municipales para la temporada alta | El Digital de Asturias","headline":"Las playas de Barcelona activan los servicios municipales para la temporada alta","author":{"@id":"https:\/\/eldigitaldeasturias.com\/magazine365\/author\/admin\/#author"},"publisher":{"@id":"https:\/\/eldigitaldeasturias.com\/magazine365\/#organization"},"image":{"@type":"ImageObject","url":"https:\/\/eldigitaldeasturias.com\/magazine365\/wp-content\/uploads\/2016\/06\/fotonoticia_20160601114137_800.jpg","width":800,"height":600},"datePublished":"2016-06-02T07:18:09+02:00","dateModified":"2016-06-02T07:18:09+02:00","inLanguage":"es-ES","mainEntityOfPage":{"@id":"https:\/\/eldigitaldeasturias.com\/magazine365\/las-playas-de-barcelona-activan-los-servicios-municipales-para-la-temporada-alta\/#webpage"},"isPartOf":{"@id":"https:\/\/eldigitaldeasturias.com\/magazine365\/las-playas-de-barcelona-activan-los-servicios-municipales-para-la-temporada-alta\/#webpage"},"articleSection":"Noticias y Actualidad"},{"@type":"BreadcrumbList","@id":"https:\/\/eldigitaldeasturias.com\/magazine365\/las-playas-de-barcelona-activan-los-servicios-municipales-para-la-temporada-alta\/#breadcrumblist","itemListElement":[{"@type":"ListItem","@id":"https:\/\/eldigitaldeasturias.com\/magazine365#listItem","position":1,"name":"Home","item":"https:\/\/eldigitaldeasturias.com\/magazine365","nextItem":{"@type":"ListItem","@id":"https:\/\/eldigitaldeasturias.com\/magazine365\/category\/noticias-actualidad\/#listItem","name":"Noticias y Actualidad"}},{"@type":"ListItem","@id":"https:\/\/eldigitaldeasturias.com\/magazine365\/category\/noticias-actualidad\/#listItem","position":2,"name":"Noticias y Actualidad","item":"https:\/\/eldigitaldeasturias.com\/magazine365\/category\/noticias-actualidad\/","nextItem":{"@type":"ListItem","@id":"https:\/\/eldigitaldeasturias.com\/magazine365\/las-playas-de-barcelona-activan-los-servicios-municipales-para-la-temporada-alta\/#listItem","name":"Las playas de Barcelona activan los servicios municipales para la temporada alta"},"previousItem":{"@type":"ListItem","@id":"https:\/\/eldigitaldeasturias.com\/magazine365#listItem","name":"Home"}},{"@type":"ListItem","@id":"https:\/\/eldigitaldeasturias.com\/magazine365\/las-playas-de-barcelona-activan-los-servicios-municipales-para-la-temporada-alta\/#listItem","position":3,"name":"Las playas de Barcelona activan los servicios municipales para la temporada alta","previousItem":{"@type":"ListItem","@id":"https:\/\/eldigitaldeasturias.com\/magazine365\/category\/noticias-actualidad\/#listItem","name":"Noticias y Actualidad"}}]},{"@type":"Organization","@id":"https:\/\/eldigitaldeasturias.com\/magazine365\/#organization","name":"El digital de Asturias","description":"Revista de ocio, turismo y estilo de vida","url":"https:\/\/eldigitaldeasturias.com\/magazine365\/","logo":{"@type":"ImageObject","url":"https:\/\/www.eldigitaldeasturias.com\/noticias\/wp-content\/uploads\/2020\/12\/EDA.jpg","@id":"https:\/\/eldigitaldeasturias.com\/magazine365\/las-playas-de-barcelona-activan-los-servicios-municipales-para-la-temporada-alta\/#organizationLogo"},"image":{"@id":"https:\/\/eldigitaldeasturias.com\/magazine365\/las-playas-de-barcelona-activan-los-servicios-municipales-para-la-temporada-alta\/#organizationLogo"}},{"@type":"Person","@id":"https:\/\/eldigitaldeasturias.com\/magazine365\/author\/admin\/#author","url":"https:\/\/eldigitaldeasturias.com\/magazine365\/author\/admin\/","name":"admin","image":{"@type":"ImageObject","@id":"https:\/\/eldigitaldeasturias.com\/magazine365\/las-playas-de-barcelona-activan-los-servicios-municipales-para-la-temporada-alta\/#authorImage","url":"https:\/\/eldigitaldeasturias.com\/magazine365\/wp-content\/litespeed\/avatar\/e571bcf59a0edd6fa6838245a470f2fe.jpg?ver=1776969259","width":96,"height":96,"caption":"admin"}},{"@type":"WebPage","@id":"https:\/\/eldigitaldeasturias.com\/magazine365\/las-playas-de-barcelona-activan-los-servicios-municipales-para-la-temporada-alta\/#webpage","url":"https:\/\/eldigitaldeasturias.com\/magazine365\/las-playas-de-barcelona-activan-los-servicios-municipales-para-la-temporada-alta\/","name":"Las playas de Barcelona activan los servicios municipales para la temporada alta | El Digital de Asturias","description":"El Ayuntamiento de Barcelona ha activado este mi\u00e9rcoles los servicios municipales para la temporada alta de playas en la ciudad, un dispositivo que se mantendr\u00e1 hasta el 11 de septiembre, cuando se pasar\u00e1 a temporada media. El servicio de limpieza ser\u00e1 de 21 equipos con 40 operarios, que trabajar\u00e1n entre el 1 de junio y","inLanguage":"es-ES","isPartOf":{"@id":"https:\/\/eldigitaldeasturias.com\/magazine365\/#website"},"breadcrumb":{"@id":"https:\/\/eldigitaldeasturias.com\/magazine365\/las-playas-de-barcelona-activan-los-servicios-municipales-para-la-temporada-alta\/#breadcrumblist"},"author":{"@id":"https:\/\/eldigitaldeasturias.com\/magazine365\/author\/admin\/#author"},"creator":{"@id":"https:\/\/eldigitaldeasturias.com\/magazine365\/author\/admin\/#author"},"image":{"@type":"ImageObject","url":"https:\/\/eldigitaldeasturias.com\/magazine365\/wp-content\/uploads\/2016\/06\/fotonoticia_20160601114137_800.jpg","@id":"https:\/\/eldigitaldeasturias.com\/magazine365\/las-playas-de-barcelona-activan-los-servicios-municipales-para-la-temporada-alta\/#mainImage","width":800,"height":600},"primaryImageOfPage":{"@id":"https:\/\/eldigitaldeasturias.com\/magazine365\/las-playas-de-barcelona-activan-los-servicios-municipales-para-la-temporada-alta\/#mainImage"},"datePublished":"2016-06-02T07:18:09+02:00","dateModified":"2016-06-02T07:18:09+02:00"},{"@type":"WebSite","@id":"https:\/\/eldigitaldeasturias.com\/magazine365\/#website","url":"https:\/\/eldigitaldeasturias.com\/magazine365\/","name":"El Digital de Asturias","description":"Revista de ocio, turismo y estilo de vida","inLanguage":"es-ES","publisher":{"@id":"https:\/\/eldigitaldeasturias.com\/magazine365\/#organization"}}]},"og:locale":"es_ES","og:site_name":"El Digital de Asturias \u2013 Revista de ocio, turismo y estilo de vida","og:type":"article","og:title":"Las playas de Barcelona activan los servicios municipales para la temporada alta | El Digital de Asturias","og:description":"El Ayuntamiento de Barcelona ha activado este mi\u00e9rcoles los servicios municipales para la temporada alta de playas en la ciudad, un dispositivo que se mantendr\u00e1 hasta el 11 de septiembre, cuando se pasar\u00e1 a temporada media. El servicio de limpieza ser\u00e1 de 21 equipos con 40 operarios, que trabajar\u00e1n entre el 1 de junio y","og:url":"https:\/\/eldigitaldeasturias.com\/magazine365\/las-playas-de-barcelona-activan-los-servicios-municipales-para-la-temporada-alta\/","og:image":"https:\/\/eldigitaldeasturias.com\/magazine365\/wp-content\/uploads\/2016\/06\/fotonoticia_20160601114137_800.jpg","og:image:secure_url":"https:\/\/eldigitaldeasturias.com\/magazine365\/wp-content\/uploads\/2016\/06\/fotonoticia_20160601114137_800.jpg","og:image:width":800,"og:image:height":600,"article:published_time":"2016-06-02T05:18:09+00:00","article:modified_time":"2016-06-02T05:18:09+00:00","twitter:card":"summary_large_image","twitter:title":"Las playas de Barcelona activan los servicios municipales para la temporada alta | El Digital de Asturias","twitter:description":"El Ayuntamiento de Barcelona ha activado este mi\u00e9rcoles los servicios municipales para la temporada alta de playas en la ciudad, un dispositivo que se mantendr\u00e1 hasta el 11 de septiembre, cuando se pasar\u00e1 a temporada media. El servicio de limpieza ser\u00e1 de 21 equipos con 40 operarios, que trabajar\u00e1n entre el 1 de junio y","twitter:image":"https:\/\/eldigitaldeasturias.com\/magazine365\/wp-content\/uploads\/2016\/06\/fotonoticia_20160601114137_800.jpg"},"aioseo_meta_data":{"post_id":"77460","title":null,"description":null,"keywords":null,"keyphrases":null,"primary_term":null,"canonical_url":null,"og_title":null,"og_description":null,"og_object_type":"default","og_image_type":"default","og_image_url":null,"og_image_width":null,"og_image_height":null,"og_image_custom_url":null,"og_image_custom_fields":null,"og_video":null,"og_custom_url":null,"og_article_section":null,"og_article_tags":null,"twitter_use_og":false,"twitter_card":"default","twitter_image_type":"default","twitter_image_url":null,"twitter_image_custom_url":null,"twitter_image_custom_fields":null,"twitter_title":null,"twitter_description":null,"schema":{"blockGraphs":[],"customGraphs":[],"default":{"data":{"Article":[],"Course":[],"Dataset":[],"FAQPage":[],"Movie":[],"Person":[],"Product":[],"ProductReview":[],"Car":[],"Recipe":[],"Service":[],"SoftwareApplication":[],"WebPage":[]},"graphName":"","isEnabled":true},"graphs":[],"defaultGraph":"","defaultPostTypeGraph":""},"schema_type":null,"schema_type_options":null,"pillar_content":false,"robots_default":true,"robots_noindex":false,"robots_noarchive":false,"robots_nosnippet":false,"robots_nofollow":false,"robots_noimageindex":false,"robots_noodp":false,"robots_notranslate":false,"robots_max_snippet":null,"robots_max_videopreview":null,"robots_max_imagepreview":"large","priority":null,"frequency":null,"location":null,"local_seo":null,"seo_analyzer_scan_date":"2025-09-27 14:56:15","breadcrumb_settings":null,"limit_modified_date":false,"open_ai":null,"ai":null,"created":"2021-03-08 18:14:03","updated":"2025-09-27 14:56:15"},"aioseo_breadcrumb":"<div class=\"aioseo-breadcrumbs\"><span class=\"aioseo-breadcrumb\">\n\t<a href=\"https:\/\/eldigitaldeasturias.com\/magazine365\" title=\"Home\">Home<\/a>\n<\/span><span class=\"aioseo-breadcrumb-separator\">\u2013<\/span><span class=\"aioseo-breadcrumb\">\n\t<a href=\"https:\/\/eldigitaldeasturias.com\/magazine365\/category\/noticias-actualidad\/\" title=\"Noticias y Actualidad\">Noticias y Actualidad<\/a>\n<\/span><span class=\"aioseo-breadcrumb-separator\">\u2013<\/span><span class=\"aioseo-breadcrumb\">\n\t<a href=\"https:\/\/eldigitaldeasturias.com\/magazine365\/las-playas-de-barcelona-activan-los-servicios-municipales-para-la-temporada-alta\/\" title=\"Las playas de Barcelona activan los servicios municipales para la temporada alta\">Las playas de Barcelona activan los servicios municipales para la temporada alta<\/a>\n<\/span><\/div>","aioseo_breadcrumb_json":[{"label":"Home","link":"https:\/\/eldigitaldeasturias.com\/magazine365"},{"label":"Noticias y Actualidad","link":"https:\/\/eldigitaldeasturias.com\/magazine365\/category\/noticias-actualidad\/"},{"label":"Las playas de Barcelona activan los servicios municipales para la temporada alta","link":"https:\/\/eldigitaldeasturias.com\/magazine365\/las-playas-de-barcelona-activan-los-servicios-municipales-para-la-temporada-alta\/"}],"_links":{"self":[{"href":"https:\/\/eldigitaldeasturias.com\/magazine365\/wp-json\/wp\/v2\/posts\/77460","targetHints":{"allow":["GET"]}}],"collection":[{"href":"https:\/\/eldigitaldeasturias.com\/magazine365\/wp-json\/wp\/v2\/posts"}],"about":[{"href":"https:\/\/eldigitaldeasturias.com\/magazine365\/wp-json\/wp\/v2\/types\/post"}],"author":[{"embeddable":true,"href":"https:\/\/eldigitaldeasturias.com\/magazine365\/wp-json\/wp\/v2\/users\/1"}],"replies":[{"embeddable":true,"href":"https:\/\/eldigitaldeasturias.com\/magazine365\/wp-json\/wp\/v2\/comments?post=77460"}],"version-history":[{"count":0,"href":"https:\/\/eldigitaldeasturias.com\/magazine365\/wp-json\/wp\/v2\/posts\/77460\/revisions"}],"wp:featuredmedia":[{"embeddable":true,"href":"https:\/\/eldigitaldeasturias.com\/magazine365\/wp-json\/wp\/v2\/media\/77461"}],"wp:attachment":[{"href":"https:\/\/eldigitaldeasturias.com\/magazine365\/wp-json\/wp\/v2\/media?parent=77460"}],"wp:term":[{"taxonomy":"category","embeddable":true,"href":"https:\/\/eldigitaldeasturias.com\/magazine365\/wp-json\/wp\/v2\/categories?post=77460"},{"taxonomy":"post_tag","embeddable":true,"href":"https:\/\/eldigitaldeasturias.com\/magazine365\/wp-json\/wp\/v2\/tags?post=77460"}],"curies":[{"name":"wp","href":"https:\/\/api.w.org\/{rel}","templated":true}]}}