{"id":77439,"date":"2016-06-02T07:11:26","date_gmt":"2016-06-02T05:11:26","guid":{"rendered":"http:\/\/eldigitaldeasturias.com\/magazine365\/?p=77439"},"modified":"2016-06-02T07:11:26","modified_gmt":"2016-06-02T05:11:26","slug":"el-metro-de-barcelona-registra-un-28-menos-de-usuarios-entre-las-7-y-las-9-por-la-huelga","status":"publish","type":"post","link":"https:\/\/eldigitaldeasturias.com\/magazine365\/el-metro-de-barcelona-registra-un-28-menos-de-usuarios-entre-las-7-y-las-9-por-la-huelga\/","title":{"rendered":"El Metro de Barcelona registra un 28% menos de usuarios entre las 7 y las 9 por la huelga"},"content":{"rendered":"<p><img fetchpriority=\"high\" decoding=\"async\" class=\"alignleft size-medium wp-image-77440\" src=\"https:\/\/eldigitaldeasturias.com\/magazine365\/wp-content\/uploads\/2016\/06\/fotonoticia_20160601105757_800-360x240.jpg\" alt=\"fotonoticia_20160601105757_800\" width=\"360\" height=\"240\" srcset=\"https:\/\/eldigitaldeasturias.com\/magazine365\/wp-content\/uploads\/2016\/06\/fotonoticia_20160601105757_800-360x240.jpg 360w, https:\/\/eldigitaldeasturias.com\/magazine365\/wp-content\/uploads\/2016\/06\/fotonoticia_20160601105757_800-650x433.jpg 650w, https:\/\/eldigitaldeasturias.com\/magazine365\/wp-content\/uploads\/2016\/06\/fotonoticia_20160601105757_800-768x512.jpg 768w, https:\/\/eldigitaldeasturias.com\/magazine365\/wp-content\/uploads\/2016\/06\/fotonoticia_20160601105757_800-150x100.jpg 150w, https:\/\/eldigitaldeasturias.com\/magazine365\/wp-content\/uploads\/2016\/06\/fotonoticia_20160601105757_800-450x300.jpg 450w, https:\/\/eldigitaldeasturias.com\/magazine365\/wp-content\/uploads\/2016\/06\/fotonoticia_20160601105757_800-101x66.jpg 101w, https:\/\/eldigitaldeasturias.com\/magazine365\/wp-content\/uploads\/2016\/06\/fotonoticia_20160601105757_800.jpg 800w\" sizes=\"(max-width: 360px) 100vw, 360px\" \/>El Metro de Barcelona ha registrado un 28% menos de usuarios entre las 7.00 y las 9.00 horas de este martes por la huelga, que ha provocado congestiones en hora punta, especialmente en el tramo central de la L5, y un 7% m\u00e1s validaciones entre las 6.00 y las 7.00 horas.<\/p>\n<p>El paro ha obligado a regular los enlaces en las estaciones de La Sagrera y Sagrada Fam\u00edlia desde las 7.40 horas y durante m\u00e1s de una hora para evitar que se superara la capacidad de los andenes, ha informado Transports Metropolitans de Barcelona (TMB) en un comunicado en la tercera jornada de huelgas de esta semana, en la que habr\u00e1 paros hasta el jueves.<\/p>\n<p>La franja de huelga de la ma\u00f1ana ha finalizado a las 9.00 horas &#8211;tras contar con unos servicios m\u00ednimos del 40%&#8211;, y los trabajadores volver\u00e1n a hacer paros del servicio entre las 16.00 y las 18.00 &#8211;tambi\u00e9n con un 40% del servicio&#8211; y de las 20.30 hasta las 22.30, cuando ser\u00e1n del 20%, mientras que el resto del d\u00eda se prestar\u00e1 el servicio habitual.<\/p>\n<p>PERSONAS EN LAS V\u00cdAS<\/p>\n<p>Las l\u00edneas L9 norte y L10 han sufrido un paro entre las 7.24 y las 7.33 horas por la \u00abposible presencia de una persona en una zona en las v\u00edas\u00bb, seg\u00fan TMB.<\/p>\n<p>La misma L9 norte ha sido interrumpida entre las estaciones de Fondo y Can Zam desde las 9.17 hasta las 9.53 tambi\u00e9n por la posible presencia de personas en las v\u00edas, aunque tras inspeccionar el t\u00fanel no se ha encontrado a nadie en la zona.<\/p>\n","protected":false},"excerpt":{"rendered":"<p>El Metro de Barcelona ha registrado un 28% menos de usuarios entre las 7.00 y las 9.00 horas de este martes por la huelga, que ha provocado congestiones en hora punta, especialmente en el tramo central de la L5, y un 7% m\u00e1s validaciones entre las 6.00 y las 7.00 horas. El paro ha obligado<\/p>\n","protected":false},"author":1,"featured_media":77440,"comment_status":"open","ping_status":"closed","sticky":false,"template":"","format":"standard","meta":{"footnotes":""},"categories":[224],"tags":[],"class_list":{"0":"post-77439","1":"post","2":"type-post","3":"status-publish","4":"format-standard","5":"has-post-thumbnail","7":"category-noticias-actualidad"},"aioseo_notices":[],"aioseo_head":"\n\t\t<!-- All in One SEO Pro 4.9.6.1 - aioseo.com -->\n\t<meta name=\"description\" content=\"El Metro de Barcelona ha registrado un 28% menos de usuarios entre las 7.00 y las 9.00 horas de este martes por la huelga, que ha provocado congestiones en hora punta, especialmente en el tramo central de la L5, y un 7% m\u00e1s validaciones entre las 6.00 y las 7.00 horas. El paro ha obligado\" \/>\n\t<meta name=\"robots\" content=\"max-image-preview:large\" \/>\n\t<meta name=\"author\" content=\"admin\"\/>\n\t<meta name=\"google-site-verification\" content=\"UA-38556648-1\" \/>\n\t<meta name=\"keywords\" content=\"noticias y actualidad\" \/>\n\t<link rel=\"canonical\" href=\"https:\/\/eldigitaldeasturias.com\/magazine365\/el-metro-de-barcelona-registra-un-28-menos-de-usuarios-entre-las-7-y-las-9-por-la-huelga\/\" \/>\n\t<meta name=\"generator\" content=\"All in One SEO Pro (AIOSEO) 4.9.6.1\" \/>\n\t\t<meta property=\"og:locale\" content=\"es_ES\" \/>\n\t\t<meta property=\"og:site_name\" content=\"El Digital de Asturias \u2013 Revista de ocio, turismo y estilo de vida\" \/>\n\t\t<meta property=\"og:type\" content=\"article\" \/>\n\t\t<meta property=\"og:title\" content=\"El Metro de Barcelona registra un 28% menos de usuarios entre las 7 y las 9 por la huelga | El Digital de Asturias\" \/>\n\t\t<meta property=\"og:description\" content=\"El Metro de Barcelona ha registrado un 28% menos de usuarios entre las 7.00 y las 9.00 horas de este martes por la huelga, que ha provocado congestiones en hora punta, especialmente en el tramo central de la L5, y un 7% m\u00e1s validaciones entre las 6.00 y las 7.00 horas. El paro ha obligado\" \/>\n\t\t<meta property=\"og:url\" content=\"https:\/\/eldigitaldeasturias.com\/magazine365\/el-metro-de-barcelona-registra-un-28-menos-de-usuarios-entre-las-7-y-las-9-por-la-huelga\/\" \/>\n\t\t<meta property=\"og:image\" content=\"https:\/\/eldigitaldeasturias.com\/magazine365\/wp-content\/uploads\/2016\/06\/fotonoticia_20160601105757_800.jpg\" \/>\n\t\t<meta property=\"og:image:secure_url\" content=\"https:\/\/eldigitaldeasturias.com\/magazine365\/wp-content\/uploads\/2016\/06\/fotonoticia_20160601105757_800.jpg\" \/>\n\t\t<meta property=\"og:image:width\" content=\"800\" \/>\n\t\t<meta property=\"og:image:height\" content=\"533\" \/>\n\t\t<meta property=\"article:published_time\" content=\"2016-06-02T05:11:26+00:00\" \/>\n\t\t<meta property=\"article:modified_time\" content=\"2016-06-02T05:11:26+00:00\" \/>\n\t\t<meta name=\"twitter:card\" content=\"summary_large_image\" \/>\n\t\t<meta name=\"twitter:title\" content=\"El Metro de Barcelona registra un 28% menos de usuarios entre las 7 y las 9 por la huelga | El Digital de Asturias\" \/>\n\t\t<meta name=\"twitter:description\" content=\"El Metro de Barcelona ha registrado un 28% menos de usuarios entre las 7.00 y las 9.00 horas de este martes por la huelga, que ha provocado congestiones en hora punta, especialmente en el tramo central de la L5, y un 7% m\u00e1s validaciones entre las 6.00 y las 7.00 horas. El paro ha obligado\" \/>\n\t\t<meta name=\"twitter:image\" content=\"https:\/\/eldigitaldeasturias.com\/magazine365\/wp-content\/uploads\/2016\/06\/fotonoticia_20160601105757_800.jpg\" \/>\n\t\t<script type=\"application\/ld+json\" class=\"aioseo-schema\">\n\t\t\t{\"@context\":\"https:\\\/\\\/schema.org\",\"@graph\":[{\"@type\":\"Article\",\"@id\":\"https:\\\/\\\/eldigitaldeasturias.com\\\/magazine365\\\/el-metro-de-barcelona-registra-un-28-menos-de-usuarios-entre-las-7-y-las-9-por-la-huelga\\\/#article\",\"name\":\"El Metro de Barcelona registra un 28% menos de usuarios entre las 7 y las 9 por la huelga | El Digital de Asturias\",\"headline\":\"El Metro de Barcelona registra un 28% menos de usuarios entre las 7 y las 9 por la huelga\",\"author\":{\"@id\":\"https:\\\/\\\/eldigitaldeasturias.com\\\/magazine365\\\/author\\\/admin\\\/#author\"},\"publisher\":{\"@id\":\"https:\\\/\\\/eldigitaldeasturias.com\\\/magazine365\\\/#organization\"},\"image\":{\"@type\":\"ImageObject\",\"url\":\"https:\\\/\\\/eldigitaldeasturias.com\\\/magazine365\\\/wp-content\\\/uploads\\\/2016\\\/06\\\/fotonoticia_20160601105757_800.jpg\",\"width\":800,\"height\":533},\"datePublished\":\"2016-06-02T07:11:26+02:00\",\"dateModified\":\"2016-06-02T07:11:26+02:00\",\"inLanguage\":\"es-ES\",\"mainEntityOfPage\":{\"@id\":\"https:\\\/\\\/eldigitaldeasturias.com\\\/magazine365\\\/el-metro-de-barcelona-registra-un-28-menos-de-usuarios-entre-las-7-y-las-9-por-la-huelga\\\/#webpage\"},\"isPartOf\":{\"@id\":\"https:\\\/\\\/eldigitaldeasturias.com\\\/magazine365\\\/el-metro-de-barcelona-registra-un-28-menos-de-usuarios-entre-las-7-y-las-9-por-la-huelga\\\/#webpage\"},\"articleSection\":\"Noticias y Actualidad\"},{\"@type\":\"BreadcrumbList\",\"@id\":\"https:\\\/\\\/eldigitaldeasturias.com\\\/magazine365\\\/el-metro-de-barcelona-registra-un-28-menos-de-usuarios-entre-las-7-y-las-9-por-la-huelga\\\/#breadcrumblist\",\"itemListElement\":[{\"@type\":\"ListItem\",\"@id\":\"https:\\\/\\\/eldigitaldeasturias.com\\\/magazine365#listItem\",\"position\":1,\"name\":\"Home\",\"item\":\"https:\\\/\\\/eldigitaldeasturias.com\\\/magazine365\",\"nextItem\":{\"@type\":\"ListItem\",\"@id\":\"https:\\\/\\\/eldigitaldeasturias.com\\\/magazine365\\\/category\\\/noticias-actualidad\\\/#listItem\",\"name\":\"Noticias y Actualidad\"}},{\"@type\":\"ListItem\",\"@id\":\"https:\\\/\\\/eldigitaldeasturias.com\\\/magazine365\\\/category\\\/noticias-actualidad\\\/#listItem\",\"position\":2,\"name\":\"Noticias y Actualidad\",\"item\":\"https:\\\/\\\/eldigitaldeasturias.com\\\/magazine365\\\/category\\\/noticias-actualidad\\\/\",\"nextItem\":{\"@type\":\"ListItem\",\"@id\":\"https:\\\/\\\/eldigitaldeasturias.com\\\/magazine365\\\/el-metro-de-barcelona-registra-un-28-menos-de-usuarios-entre-las-7-y-las-9-por-la-huelga\\\/#listItem\",\"name\":\"El Metro de Barcelona registra un 28% menos de usuarios entre las 7 y las 9 por la huelga\"},\"previousItem\":{\"@type\":\"ListItem\",\"@id\":\"https:\\\/\\\/eldigitaldeasturias.com\\\/magazine365#listItem\",\"name\":\"Home\"}},{\"@type\":\"ListItem\",\"@id\":\"https:\\\/\\\/eldigitaldeasturias.com\\\/magazine365\\\/el-metro-de-barcelona-registra-un-28-menos-de-usuarios-entre-las-7-y-las-9-por-la-huelga\\\/#listItem\",\"position\":3,\"name\":\"El Metro de Barcelona registra un 28% menos de usuarios entre las 7 y las 9 por la huelga\",\"previousItem\":{\"@type\":\"ListItem\",\"@id\":\"https:\\\/\\\/eldigitaldeasturias.com\\\/magazine365\\\/category\\\/noticias-actualidad\\\/#listItem\",\"name\":\"Noticias y Actualidad\"}}]},{\"@type\":\"Organization\",\"@id\":\"https:\\\/\\\/eldigitaldeasturias.com\\\/magazine365\\\/#organization\",\"name\":\"El digital de Asturias\",\"description\":\"Revista de ocio, turismo y estilo de vida\",\"url\":\"https:\\\/\\\/eldigitaldeasturias.com\\\/magazine365\\\/\",\"logo\":{\"@type\":\"ImageObject\",\"url\":\"https:\\\/\\\/www.eldigitaldeasturias.com\\\/noticias\\\/wp-content\\\/uploads\\\/2020\\\/12\\\/EDA.jpg\",\"@id\":\"https:\\\/\\\/eldigitaldeasturias.com\\\/magazine365\\\/el-metro-de-barcelona-registra-un-28-menos-de-usuarios-entre-las-7-y-las-9-por-la-huelga\\\/#organizationLogo\"},\"image\":{\"@id\":\"https:\\\/\\\/eldigitaldeasturias.com\\\/magazine365\\\/el-metro-de-barcelona-registra-un-28-menos-de-usuarios-entre-las-7-y-las-9-por-la-huelga\\\/#organizationLogo\"}},{\"@type\":\"Person\",\"@id\":\"https:\\\/\\\/eldigitaldeasturias.com\\\/magazine365\\\/author\\\/admin\\\/#author\",\"url\":\"https:\\\/\\\/eldigitaldeasturias.com\\\/magazine365\\\/author\\\/admin\\\/\",\"name\":\"admin\",\"image\":{\"@type\":\"ImageObject\",\"@id\":\"https:\\\/\\\/eldigitaldeasturias.com\\\/magazine365\\\/el-metro-de-barcelona-registra-un-28-menos-de-usuarios-entre-las-7-y-las-9-por-la-huelga\\\/#authorImage\",\"url\":\"https:\\\/\\\/eldigitaldeasturias.com\\\/magazine365\\\/wp-content\\\/litespeed\\\/avatar\\\/e571bcf59a0edd6fa6838245a470f2fe.jpg?ver=1776969259\",\"width\":96,\"height\":96,\"caption\":\"admin\"}},{\"@type\":\"WebPage\",\"@id\":\"https:\\\/\\\/eldigitaldeasturias.com\\\/magazine365\\\/el-metro-de-barcelona-registra-un-28-menos-de-usuarios-entre-las-7-y-las-9-por-la-huelga\\\/#webpage\",\"url\":\"https:\\\/\\\/eldigitaldeasturias.com\\\/magazine365\\\/el-metro-de-barcelona-registra-un-28-menos-de-usuarios-entre-las-7-y-las-9-por-la-huelga\\\/\",\"name\":\"El Metro de Barcelona registra un 28% menos de usuarios entre las 7 y las 9 por la huelga | El Digital de Asturias\",\"description\":\"El Metro de Barcelona ha registrado un 28% menos de usuarios entre las 7.00 y las 9.00 horas de este martes por la huelga, que ha provocado congestiones en hora punta, especialmente en el tramo central de la L5, y un 7% m\\u00e1s validaciones entre las 6.00 y las 7.00 horas. El paro ha obligado\",\"inLanguage\":\"es-ES\",\"isPartOf\":{\"@id\":\"https:\\\/\\\/eldigitaldeasturias.com\\\/magazine365\\\/#website\"},\"breadcrumb\":{\"@id\":\"https:\\\/\\\/eldigitaldeasturias.com\\\/magazine365\\\/el-metro-de-barcelona-registra-un-28-menos-de-usuarios-entre-las-7-y-las-9-por-la-huelga\\\/#breadcrumblist\"},\"author\":{\"@id\":\"https:\\\/\\\/eldigitaldeasturias.com\\\/magazine365\\\/author\\\/admin\\\/#author\"},\"creator\":{\"@id\":\"https:\\\/\\\/eldigitaldeasturias.com\\\/magazine365\\\/author\\\/admin\\\/#author\"},\"image\":{\"@type\":\"ImageObject\",\"url\":\"https:\\\/\\\/eldigitaldeasturias.com\\\/magazine365\\\/wp-content\\\/uploads\\\/2016\\\/06\\\/fotonoticia_20160601105757_800.jpg\",\"@id\":\"https:\\\/\\\/eldigitaldeasturias.com\\\/magazine365\\\/el-metro-de-barcelona-registra-un-28-menos-de-usuarios-entre-las-7-y-las-9-por-la-huelga\\\/#mainImage\",\"width\":800,\"height\":533},\"primaryImageOfPage\":{\"@id\":\"https:\\\/\\\/eldigitaldeasturias.com\\\/magazine365\\\/el-metro-de-barcelona-registra-un-28-menos-de-usuarios-entre-las-7-y-las-9-por-la-huelga\\\/#mainImage\"},\"datePublished\":\"2016-06-02T07:11:26+02:00\",\"dateModified\":\"2016-06-02T07:11:26+02:00\"},{\"@type\":\"WebSite\",\"@id\":\"https:\\\/\\\/eldigitaldeasturias.com\\\/magazine365\\\/#website\",\"url\":\"https:\\\/\\\/eldigitaldeasturias.com\\\/magazine365\\\/\",\"name\":\"El Digital de Asturias\",\"description\":\"Revista de ocio, turismo y estilo de vida\",\"inLanguage\":\"es-ES\",\"publisher\":{\"@id\":\"https:\\\/\\\/eldigitaldeasturias.com\\\/magazine365\\\/#organization\"}}]}\n\t\t<\/script>\n\t\t<!-- All in One SEO Pro -->\r\n\t\t<title>El Metro de Barcelona registra un 28% menos de usuarios entre las 7 y las 9 por la huelga | El Digital de Asturias<\/title>\n\n","aioseo_head_json":{"title":"El Metro de Barcelona registra un 28% menos de usuarios entre las 7 y las 9 por la huelga | El Digital de Asturias","description":"El Metro de Barcelona ha registrado un 28% menos de usuarios entre las 7.00 y las 9.00 horas de este martes por la huelga, que ha provocado congestiones en hora punta, especialmente en el tramo central de la L5, y un 7% m\u00e1s validaciones entre las 6.00 y las 7.00 horas. El paro ha obligado","canonical_url":"https:\/\/eldigitaldeasturias.com\/magazine365\/el-metro-de-barcelona-registra-un-28-menos-de-usuarios-entre-las-7-y-las-9-por-la-huelga\/","robots":"max-image-preview:large","keywords":"noticias y actualidad","webmasterTools":{"google-site-verification":"UA-38556648-1","miscellaneous":""},"schema":{"@context":"https:\/\/schema.org","@graph":[{"@type":"Article","@id":"https:\/\/eldigitaldeasturias.com\/magazine365\/el-metro-de-barcelona-registra-un-28-menos-de-usuarios-entre-las-7-y-las-9-por-la-huelga\/#article","name":"El Metro de Barcelona registra un 28% menos de usuarios entre las 7 y las 9 por la huelga | El Digital de Asturias","headline":"El Metro de Barcelona registra un 28% menos de usuarios entre las 7 y las 9 por la huelga","author":{"@id":"https:\/\/eldigitaldeasturias.com\/magazine365\/author\/admin\/#author"},"publisher":{"@id":"https:\/\/eldigitaldeasturias.com\/magazine365\/#organization"},"image":{"@type":"ImageObject","url":"https:\/\/eldigitaldeasturias.com\/magazine365\/wp-content\/uploads\/2016\/06\/fotonoticia_20160601105757_800.jpg","width":800,"height":533},"datePublished":"2016-06-02T07:11:26+02:00","dateModified":"2016-06-02T07:11:26+02:00","inLanguage":"es-ES","mainEntityOfPage":{"@id":"https:\/\/eldigitaldeasturias.com\/magazine365\/el-metro-de-barcelona-registra-un-28-menos-de-usuarios-entre-las-7-y-las-9-por-la-huelga\/#webpage"},"isPartOf":{"@id":"https:\/\/eldigitaldeasturias.com\/magazine365\/el-metro-de-barcelona-registra-un-28-menos-de-usuarios-entre-las-7-y-las-9-por-la-huelga\/#webpage"},"articleSection":"Noticias y Actualidad"},{"@type":"BreadcrumbList","@id":"https:\/\/eldigitaldeasturias.com\/magazine365\/el-metro-de-barcelona-registra-un-28-menos-de-usuarios-entre-las-7-y-las-9-por-la-huelga\/#breadcrumblist","itemListElement":[{"@type":"ListItem","@id":"https:\/\/eldigitaldeasturias.com\/magazine365#listItem","position":1,"name":"Home","item":"https:\/\/eldigitaldeasturias.com\/magazine365","nextItem":{"@type":"ListItem","@id":"https:\/\/eldigitaldeasturias.com\/magazine365\/category\/noticias-actualidad\/#listItem","name":"Noticias y Actualidad"}},{"@type":"ListItem","@id":"https:\/\/eldigitaldeasturias.com\/magazine365\/category\/noticias-actualidad\/#listItem","position":2,"name":"Noticias y Actualidad","item":"https:\/\/eldigitaldeasturias.com\/magazine365\/category\/noticias-actualidad\/","nextItem":{"@type":"ListItem","@id":"https:\/\/eldigitaldeasturias.com\/magazine365\/el-metro-de-barcelona-registra-un-28-menos-de-usuarios-entre-las-7-y-las-9-por-la-huelga\/#listItem","name":"El Metro de Barcelona registra un 28% menos de usuarios entre las 7 y las 9 por la huelga"},"previousItem":{"@type":"ListItem","@id":"https:\/\/eldigitaldeasturias.com\/magazine365#listItem","name":"Home"}},{"@type":"ListItem","@id":"https:\/\/eldigitaldeasturias.com\/magazine365\/el-metro-de-barcelona-registra-un-28-menos-de-usuarios-entre-las-7-y-las-9-por-la-huelga\/#listItem","position":3,"name":"El Metro de Barcelona registra un 28% menos de usuarios entre las 7 y las 9 por la huelga","previousItem":{"@type":"ListItem","@id":"https:\/\/eldigitaldeasturias.com\/magazine365\/category\/noticias-actualidad\/#listItem","name":"Noticias y Actualidad"}}]},{"@type":"Organization","@id":"https:\/\/eldigitaldeasturias.com\/magazine365\/#organization","name":"El digital de Asturias","description":"Revista de ocio, turismo y estilo de vida","url":"https:\/\/eldigitaldeasturias.com\/magazine365\/","logo":{"@type":"ImageObject","url":"https:\/\/www.eldigitaldeasturias.com\/noticias\/wp-content\/uploads\/2020\/12\/EDA.jpg","@id":"https:\/\/eldigitaldeasturias.com\/magazine365\/el-metro-de-barcelona-registra-un-28-menos-de-usuarios-entre-las-7-y-las-9-por-la-huelga\/#organizationLogo"},"image":{"@id":"https:\/\/eldigitaldeasturias.com\/magazine365\/el-metro-de-barcelona-registra-un-28-menos-de-usuarios-entre-las-7-y-las-9-por-la-huelga\/#organizationLogo"}},{"@type":"Person","@id":"https:\/\/eldigitaldeasturias.com\/magazine365\/author\/admin\/#author","url":"https:\/\/eldigitaldeasturias.com\/magazine365\/author\/admin\/","name":"admin","image":{"@type":"ImageObject","@id":"https:\/\/eldigitaldeasturias.com\/magazine365\/el-metro-de-barcelona-registra-un-28-menos-de-usuarios-entre-las-7-y-las-9-por-la-huelga\/#authorImage","url":"https:\/\/eldigitaldeasturias.com\/magazine365\/wp-content\/litespeed\/avatar\/e571bcf59a0edd6fa6838245a470f2fe.jpg?ver=1776969259","width":96,"height":96,"caption":"admin"}},{"@type":"WebPage","@id":"https:\/\/eldigitaldeasturias.com\/magazine365\/el-metro-de-barcelona-registra-un-28-menos-de-usuarios-entre-las-7-y-las-9-por-la-huelga\/#webpage","url":"https:\/\/eldigitaldeasturias.com\/magazine365\/el-metro-de-barcelona-registra-un-28-menos-de-usuarios-entre-las-7-y-las-9-por-la-huelga\/","name":"El Metro de Barcelona registra un 28% menos de usuarios entre las 7 y las 9 por la huelga | El Digital de Asturias","description":"El Metro de Barcelona ha registrado un 28% menos de usuarios entre las 7.00 y las 9.00 horas de este martes por la huelga, que ha provocado congestiones en hora punta, especialmente en el tramo central de la L5, y un 7% m\u00e1s validaciones entre las 6.00 y las 7.00 horas. El paro ha obligado","inLanguage":"es-ES","isPartOf":{"@id":"https:\/\/eldigitaldeasturias.com\/magazine365\/#website"},"breadcrumb":{"@id":"https:\/\/eldigitaldeasturias.com\/magazine365\/el-metro-de-barcelona-registra-un-28-menos-de-usuarios-entre-las-7-y-las-9-por-la-huelga\/#breadcrumblist"},"author":{"@id":"https:\/\/eldigitaldeasturias.com\/magazine365\/author\/admin\/#author"},"creator":{"@id":"https:\/\/eldigitaldeasturias.com\/magazine365\/author\/admin\/#author"},"image":{"@type":"ImageObject","url":"https:\/\/eldigitaldeasturias.com\/magazine365\/wp-content\/uploads\/2016\/06\/fotonoticia_20160601105757_800.jpg","@id":"https:\/\/eldigitaldeasturias.com\/magazine365\/el-metro-de-barcelona-registra-un-28-menos-de-usuarios-entre-las-7-y-las-9-por-la-huelga\/#mainImage","width":800,"height":533},"primaryImageOfPage":{"@id":"https:\/\/eldigitaldeasturias.com\/magazine365\/el-metro-de-barcelona-registra-un-28-menos-de-usuarios-entre-las-7-y-las-9-por-la-huelga\/#mainImage"},"datePublished":"2016-06-02T07:11:26+02:00","dateModified":"2016-06-02T07:11:26+02:00"},{"@type":"WebSite","@id":"https:\/\/eldigitaldeasturias.com\/magazine365\/#website","url":"https:\/\/eldigitaldeasturias.com\/magazine365\/","name":"El Digital de Asturias","description":"Revista de ocio, turismo y estilo de vida","inLanguage":"es-ES","publisher":{"@id":"https:\/\/eldigitaldeasturias.com\/magazine365\/#organization"}}]},"og:locale":"es_ES","og:site_name":"El Digital de Asturias \u2013 Revista de ocio, turismo y estilo de vida","og:type":"article","og:title":"El Metro de Barcelona registra un 28% menos de usuarios entre las 7 y las 9 por la huelga | El Digital de Asturias","og:description":"El Metro de Barcelona ha registrado un 28% menos de usuarios entre las 7.00 y las 9.00 horas de este martes por la huelga, que ha provocado congestiones en hora punta, especialmente en el tramo central de la L5, y un 7% m\u00e1s validaciones entre las 6.00 y las 7.00 horas. El paro ha obligado","og:url":"https:\/\/eldigitaldeasturias.com\/magazine365\/el-metro-de-barcelona-registra-un-28-menos-de-usuarios-entre-las-7-y-las-9-por-la-huelga\/","og:image":"https:\/\/eldigitaldeasturias.com\/magazine365\/wp-content\/uploads\/2016\/06\/fotonoticia_20160601105757_800.jpg","og:image:secure_url":"https:\/\/eldigitaldeasturias.com\/magazine365\/wp-content\/uploads\/2016\/06\/fotonoticia_20160601105757_800.jpg","og:image:width":800,"og:image:height":533,"article:published_time":"2016-06-02T05:11:26+00:00","article:modified_time":"2016-06-02T05:11:26+00:00","twitter:card":"summary_large_image","twitter:title":"El Metro de Barcelona registra un 28% menos de usuarios entre las 7 y las 9 por la huelga | El Digital de Asturias","twitter:description":"El Metro de Barcelona ha registrado un 28% menos de usuarios entre las 7.00 y las 9.00 horas de este martes por la huelga, que ha provocado congestiones en hora punta, especialmente en el tramo central de la L5, y un 7% m\u00e1s validaciones entre las 6.00 y las 7.00 horas. El paro ha obligado","twitter:image":"https:\/\/eldigitaldeasturias.com\/magazine365\/wp-content\/uploads\/2016\/06\/fotonoticia_20160601105757_800.jpg"},"aioseo_meta_data":{"post_id":"77439","title":null,"description":null,"keywords":null,"keyphrases":null,"primary_term":null,"canonical_url":null,"og_title":null,"og_description":null,"og_object_type":"default","og_image_type":"default","og_image_url":null,"og_image_width":null,"og_image_height":null,"og_image_custom_url":null,"og_image_custom_fields":null,"og_video":null,"og_custom_url":null,"og_article_section":null,"og_article_tags":null,"twitter_use_og":false,"twitter_card":"default","twitter_image_type":"default","twitter_image_url":null,"twitter_image_custom_url":null,"twitter_image_custom_fields":null,"twitter_title":null,"twitter_description":null,"schema":{"blockGraphs":[],"customGraphs":[],"default":{"data":{"Article":[],"Course":[],"Dataset":[],"FAQPage":[],"Movie":[],"Person":[],"Product":[],"ProductReview":[],"Car":[],"Recipe":[],"Service":[],"SoftwareApplication":[],"WebPage":[]},"graphName":"","isEnabled":true},"graphs":[],"defaultGraph":"","defaultPostTypeGraph":""},"schema_type":null,"schema_type_options":null,"pillar_content":false,"robots_default":true,"robots_noindex":false,"robots_noarchive":false,"robots_nosnippet":false,"robots_nofollow":false,"robots_noimageindex":false,"robots_noodp":false,"robots_notranslate":false,"robots_max_snippet":null,"robots_max_videopreview":null,"robots_max_imagepreview":"large","priority":null,"frequency":null,"location":null,"local_seo":null,"seo_analyzer_scan_date":"2025-09-27 14:54:43","breadcrumb_settings":null,"limit_modified_date":false,"open_ai":null,"ai":null,"created":"2021-03-08 18:15:19","updated":"2025-09-27 14:54:43"},"aioseo_breadcrumb":"<div class=\"aioseo-breadcrumbs\"><span class=\"aioseo-breadcrumb\">\n\t<a href=\"https:\/\/eldigitaldeasturias.com\/magazine365\" title=\"Home\">Home<\/a>\n<\/span><span class=\"aioseo-breadcrumb-separator\">\u2013<\/span><span class=\"aioseo-breadcrumb\">\n\t<a href=\"https:\/\/eldigitaldeasturias.com\/magazine365\/category\/noticias-actualidad\/\" title=\"Noticias y Actualidad\">Noticias y Actualidad<\/a>\n<\/span><span class=\"aioseo-breadcrumb-separator\">\u2013<\/span><span class=\"aioseo-breadcrumb\">\n\t<a href=\"https:\/\/eldigitaldeasturias.com\/magazine365\/el-metro-de-barcelona-registra-un-28-menos-de-usuarios-entre-las-7-y-las-9-por-la-huelga\/\" title=\"El Metro de Barcelona registra un 28% menos de usuarios entre las 7 y las 9 por la huelga\">El Metro de Barcelona registra un 28% menos de usuarios entre las 7 y las 9 por la huelga<\/a>\n<\/span><\/div>","aioseo_breadcrumb_json":[{"label":"Home","link":"https:\/\/eldigitaldeasturias.com\/magazine365"},{"label":"Noticias y Actualidad","link":"https:\/\/eldigitaldeasturias.com\/magazine365\/category\/noticias-actualidad\/"},{"label":"El Metro de Barcelona registra un 28% menos de usuarios entre las 7 y las 9 por la huelga","link":"https:\/\/eldigitaldeasturias.com\/magazine365\/el-metro-de-barcelona-registra-un-28-menos-de-usuarios-entre-las-7-y-las-9-por-la-huelga\/"}],"_links":{"self":[{"href":"https:\/\/eldigitaldeasturias.com\/magazine365\/wp-json\/wp\/v2\/posts\/77439","targetHints":{"allow":["GET"]}}],"collection":[{"href":"https:\/\/eldigitaldeasturias.com\/magazine365\/wp-json\/wp\/v2\/posts"}],"about":[{"href":"https:\/\/eldigitaldeasturias.com\/magazine365\/wp-json\/wp\/v2\/types\/post"}],"author":[{"embeddable":true,"href":"https:\/\/eldigitaldeasturias.com\/magazine365\/wp-json\/wp\/v2\/users\/1"}],"replies":[{"embeddable":true,"href":"https:\/\/eldigitaldeasturias.com\/magazine365\/wp-json\/wp\/v2\/comments?post=77439"}],"version-history":[{"count":0,"href":"https:\/\/eldigitaldeasturias.com\/magazine365\/wp-json\/wp\/v2\/posts\/77439\/revisions"}],"wp:featuredmedia":[{"embeddable":true,"href":"https:\/\/eldigitaldeasturias.com\/magazine365\/wp-json\/wp\/v2\/media\/77440"}],"wp:attachment":[{"href":"https:\/\/eldigitaldeasturias.com\/magazine365\/wp-json\/wp\/v2\/media?parent=77439"}],"wp:term":[{"taxonomy":"category","embeddable":true,"href":"https:\/\/eldigitaldeasturias.com\/magazine365\/wp-json\/wp\/v2\/categories?post=77439"},{"taxonomy":"post_tag","embeddable":true,"href":"https:\/\/eldigitaldeasturias.com\/magazine365\/wp-json\/wp\/v2\/tags?post=77439"}],"curies":[{"name":"wp","href":"https:\/\/api.w.org\/{rel}","templated":true}]}}