{"id":77436,"date":"2016-06-02T07:10:38","date_gmt":"2016-06-02T05:10:38","guid":{"rendered":"http:\/\/eldigitaldeasturias.com\/magazine365\/?p=77436"},"modified":"2016-06-02T07:10:38","modified_gmt":"2016-06-02T05:10:38","slug":"la-estacion-de-sol-y-la-linea-2-de-metro-de-madrid-recuperan-su-nombre-original","status":"publish","type":"post","link":"https:\/\/eldigitaldeasturias.com\/magazine365\/la-estacion-de-sol-y-la-linea-2-de-metro-de-madrid-recuperan-su-nombre-original\/","title":{"rendered":"La estaci\u00f3n de Sol y la L\u00ednea 2 de Metro de Madrid recuperan su nombre original"},"content":{"rendered":"<p><img fetchpriority=\"high\" decoding=\"async\" class=\"alignleft size-medium wp-image-77437\" src=\"https:\/\/eldigitaldeasturias.com\/magazine365\/wp-content\/uploads\/2016\/06\/fotonoticia_20160601105623_800-360x240.jpg\" alt=\"fotonoticia_20160601105623_800\" width=\"360\" height=\"240\" srcset=\"https:\/\/eldigitaldeasturias.com\/magazine365\/wp-content\/uploads\/2016\/06\/fotonoticia_20160601105623_800-360x240.jpg 360w, https:\/\/eldigitaldeasturias.com\/magazine365\/wp-content\/uploads\/2016\/06\/fotonoticia_20160601105623_800-650x433.jpg 650w, https:\/\/eldigitaldeasturias.com\/magazine365\/wp-content\/uploads\/2016\/06\/fotonoticia_20160601105623_800-768x512.jpg 768w, https:\/\/eldigitaldeasturias.com\/magazine365\/wp-content\/uploads\/2016\/06\/fotonoticia_20160601105623_800-150x100.jpg 150w, https:\/\/eldigitaldeasturias.com\/magazine365\/wp-content\/uploads\/2016\/06\/fotonoticia_20160601105623_800-450x300.jpg 450w, https:\/\/eldigitaldeasturias.com\/magazine365\/wp-content\/uploads\/2016\/06\/fotonoticia_20160601105623_800-101x66.jpg 101w, https:\/\/eldigitaldeasturias.com\/magazine365\/wp-content\/uploads\/2016\/06\/fotonoticia_20160601105623_800.jpg 800w\" sizes=\"(max-width: 360px) 100vw, 360px\" \/>La estaci\u00f3n de Sol y la L\u00ednea 2 de Metro de Madrid recuperan su nombre original desde este mi\u00e9rcoles, tras finalizar el patrocinio de la marca Vodafone que, durante los \u00faltimos tres a\u00f1os, ha estado ligada al nombre de una de las estaciones m\u00e1s emblem\u00e1ticas de la red metropolitana.<\/p>\n<p>Una vez ha concluido el patrocinio, comienza ahora el desmontaje de la se\u00f1alizaci\u00f3n y todos los elementos de comunicaci\u00f3n que se instalaron en 2013, un proceso que ha dado comienzo esta madrugada y que se prolongar\u00e1 hasta finales de julio.<\/p>\n<p>Todo este proceso correr\u00e1 econ\u00f3micamente a cargo de Vodafone, tal y como recoge el convenio firmado en su d\u00eda, que apuntaba que la empresa pagar\u00eda a la Comunidad tres millones de euros, a raz\u00f3n de uno por a\u00f1o de patrocinio.<\/p>\n<p>El primer paso es la sustituci\u00f3n de todos los elementos gr\u00e1ficos de la estaci\u00f3n de Sol, que estar\u00e1 completamente lista este viernes.<\/p>\n<p>Tambi\u00e9n se comenzar\u00e1 a sustituir todos los elementos gr\u00e1ficos del resto de estaciones, proceso que se extender\u00e1 hasta el 10 de junio.<\/p>\n<p>A continuaci\u00f3n se sustituir\u00e1 el resto de elementos gr\u00e1ficos instalados en los trenes que circulan en todas las l\u00edneas de Metro. Esta acci\u00f3n se producir\u00e1 antes de que acabe la primera quincena de junio.<\/p>\n<p>Por \u00faltimo, se restablecer\u00e1 el nombre original en los avisos por megafon\u00eda en todas las l\u00edneas, lo que estar\u00e1 listo antes de que finalice el mes de julio.<\/p>\n<p>As\u00ed, y a partir de hoy, la vuelta a la nomenclatura de &#8216;Sol&#8217; es visible para los m\u00e1s de 20,1 millones de viajeros que transitan por la estaci\u00f3n de Sol a lo largo del a\u00f1o, como ocurri\u00f3 en 2015.<\/p>\n<p>Sol es una estaci\u00f3n que cuenta con un tr\u00e1nsito superior a los 60.000 viajeros al d\u00eda, en una l\u00ednea, la 2, que recibi\u00f3 de media diaria casi 120.000 viajeros a lo largo del a\u00f1o 2015.<\/p>\n","protected":false},"excerpt":{"rendered":"<p>La estaci\u00f3n de Sol y la L\u00ednea 2 de Metro de Madrid recuperan su nombre original desde este mi\u00e9rcoles, tras finalizar el patrocinio de la marca Vodafone que, durante los \u00faltimos tres a\u00f1os, ha estado ligada al nombre de una de las estaciones m\u00e1s emblem\u00e1ticas de la red metropolitana. Una vez ha concluido el patrocinio,<\/p>\n","protected":false},"author":1,"featured_media":77437,"comment_status":"open","ping_status":"closed","sticky":false,"template":"","format":"standard","meta":{"footnotes":""},"categories":[224],"tags":[],"class_list":{"0":"post-77436","1":"post","2":"type-post","3":"status-publish","4":"format-standard","5":"has-post-thumbnail","7":"category-noticias-actualidad"},"aioseo_notices":[],"aioseo_head":"\n\t\t<!-- All in One SEO Pro 4.9.6.1 - aioseo.com -->\n\t<meta name=\"description\" content=\"La estaci\u00f3n de Sol y la L\u00ednea 2 de Metro de Madrid recuperan su nombre original desde este mi\u00e9rcoles, tras finalizar el patrocinio de la marca Vodafone que, durante los \u00faltimos tres a\u00f1os, ha estado ligada al nombre de una de las estaciones m\u00e1s emblem\u00e1ticas de la red metropolitana. Una vez ha concluido el patrocinio,\" \/>\n\t<meta name=\"robots\" content=\"max-image-preview:large\" \/>\n\t<meta name=\"author\" content=\"admin\"\/>\n\t<meta name=\"google-site-verification\" content=\"UA-38556648-1\" \/>\n\t<meta name=\"keywords\" content=\"noticias y actualidad\" \/>\n\t<link rel=\"canonical\" href=\"https:\/\/eldigitaldeasturias.com\/magazine365\/la-estacion-de-sol-y-la-linea-2-de-metro-de-madrid-recuperan-su-nombre-original\/\" \/>\n\t<meta name=\"generator\" content=\"All in One SEO Pro (AIOSEO) 4.9.6.1\" \/>\n\t\t<meta property=\"og:locale\" content=\"es_ES\" \/>\n\t\t<meta property=\"og:site_name\" content=\"El Digital de Asturias \u2013 Revista de ocio, turismo y estilo de vida\" \/>\n\t\t<meta property=\"og:type\" content=\"article\" \/>\n\t\t<meta property=\"og:title\" content=\"La estaci\u00f3n de Sol y la L\u00ednea 2 de Metro de Madrid recuperan su nombre original | El Digital de Asturias\" \/>\n\t\t<meta property=\"og:description\" content=\"La estaci\u00f3n de Sol y la L\u00ednea 2 de Metro de Madrid recuperan su nombre original desde este mi\u00e9rcoles, tras finalizar el patrocinio de la marca Vodafone que, durante los \u00faltimos tres a\u00f1os, ha estado ligada al nombre de una de las estaciones m\u00e1s emblem\u00e1ticas de la red metropolitana. Una vez ha concluido el patrocinio,\" \/>\n\t\t<meta property=\"og:url\" content=\"https:\/\/eldigitaldeasturias.com\/magazine365\/la-estacion-de-sol-y-la-linea-2-de-metro-de-madrid-recuperan-su-nombre-original\/\" \/>\n\t\t<meta property=\"og:image\" content=\"https:\/\/eldigitaldeasturias.com\/magazine365\/wp-content\/uploads\/2016\/06\/fotonoticia_20160601105623_800.jpg\" \/>\n\t\t<meta property=\"og:image:secure_url\" content=\"https:\/\/eldigitaldeasturias.com\/magazine365\/wp-content\/uploads\/2016\/06\/fotonoticia_20160601105623_800.jpg\" \/>\n\t\t<meta property=\"og:image:width\" content=\"800\" \/>\n\t\t<meta property=\"og:image:height\" content=\"533\" \/>\n\t\t<meta property=\"article:published_time\" content=\"2016-06-02T05:10:38+00:00\" \/>\n\t\t<meta property=\"article:modified_time\" content=\"2016-06-02T05:10:38+00:00\" \/>\n\t\t<meta name=\"twitter:card\" content=\"summary_large_image\" \/>\n\t\t<meta name=\"twitter:title\" content=\"La estaci\u00f3n de Sol y la L\u00ednea 2 de Metro de Madrid recuperan su nombre original | El Digital de Asturias\" \/>\n\t\t<meta name=\"twitter:description\" content=\"La estaci\u00f3n de Sol y la L\u00ednea 2 de Metro de Madrid recuperan su nombre original desde este mi\u00e9rcoles, tras finalizar el patrocinio de la marca Vodafone que, durante los \u00faltimos tres a\u00f1os, ha estado ligada al nombre de una de las estaciones m\u00e1s emblem\u00e1ticas de la red metropolitana. Una vez ha concluido el patrocinio,\" \/>\n\t\t<meta name=\"twitter:image\" content=\"https:\/\/eldigitaldeasturias.com\/magazine365\/wp-content\/uploads\/2016\/06\/fotonoticia_20160601105623_800.jpg\" \/>\n\t\t<script type=\"application\/ld+json\" class=\"aioseo-schema\">\n\t\t\t{\"@context\":\"https:\\\/\\\/schema.org\",\"@graph\":[{\"@type\":\"Article\",\"@id\":\"https:\\\/\\\/eldigitaldeasturias.com\\\/magazine365\\\/la-estacion-de-sol-y-la-linea-2-de-metro-de-madrid-recuperan-su-nombre-original\\\/#article\",\"name\":\"La estaci\\u00f3n de Sol y la L\\u00ednea 2 de Metro de Madrid recuperan su nombre original | El Digital de Asturias\",\"headline\":\"La estaci\\u00f3n de Sol y la L\\u00ednea 2 de Metro de Madrid recuperan su nombre original\",\"author\":{\"@id\":\"https:\\\/\\\/eldigitaldeasturias.com\\\/magazine365\\\/author\\\/admin\\\/#author\"},\"publisher\":{\"@id\":\"https:\\\/\\\/eldigitaldeasturias.com\\\/magazine365\\\/#organization\"},\"image\":{\"@type\":\"ImageObject\",\"url\":\"https:\\\/\\\/eldigitaldeasturias.com\\\/magazine365\\\/wp-content\\\/uploads\\\/2016\\\/06\\\/fotonoticia_20160601105623_800.jpg\",\"width\":800,\"height\":533},\"datePublished\":\"2016-06-02T07:10:38+02:00\",\"dateModified\":\"2016-06-02T07:10:38+02:00\",\"inLanguage\":\"es-ES\",\"mainEntityOfPage\":{\"@id\":\"https:\\\/\\\/eldigitaldeasturias.com\\\/magazine365\\\/la-estacion-de-sol-y-la-linea-2-de-metro-de-madrid-recuperan-su-nombre-original\\\/#webpage\"},\"isPartOf\":{\"@id\":\"https:\\\/\\\/eldigitaldeasturias.com\\\/magazine365\\\/la-estacion-de-sol-y-la-linea-2-de-metro-de-madrid-recuperan-su-nombre-original\\\/#webpage\"},\"articleSection\":\"Noticias y Actualidad\"},{\"@type\":\"BreadcrumbList\",\"@id\":\"https:\\\/\\\/eldigitaldeasturias.com\\\/magazine365\\\/la-estacion-de-sol-y-la-linea-2-de-metro-de-madrid-recuperan-su-nombre-original\\\/#breadcrumblist\",\"itemListElement\":[{\"@type\":\"ListItem\",\"@id\":\"https:\\\/\\\/eldigitaldeasturias.com\\\/magazine365#listItem\",\"position\":1,\"name\":\"Home\",\"item\":\"https:\\\/\\\/eldigitaldeasturias.com\\\/magazine365\",\"nextItem\":{\"@type\":\"ListItem\",\"@id\":\"https:\\\/\\\/eldigitaldeasturias.com\\\/magazine365\\\/category\\\/noticias-actualidad\\\/#listItem\",\"name\":\"Noticias y Actualidad\"}},{\"@type\":\"ListItem\",\"@id\":\"https:\\\/\\\/eldigitaldeasturias.com\\\/magazine365\\\/category\\\/noticias-actualidad\\\/#listItem\",\"position\":2,\"name\":\"Noticias y Actualidad\",\"item\":\"https:\\\/\\\/eldigitaldeasturias.com\\\/magazine365\\\/category\\\/noticias-actualidad\\\/\",\"nextItem\":{\"@type\":\"ListItem\",\"@id\":\"https:\\\/\\\/eldigitaldeasturias.com\\\/magazine365\\\/la-estacion-de-sol-y-la-linea-2-de-metro-de-madrid-recuperan-su-nombre-original\\\/#listItem\",\"name\":\"La estaci\\u00f3n de Sol y la L\\u00ednea 2 de Metro de Madrid recuperan su nombre original\"},\"previousItem\":{\"@type\":\"ListItem\",\"@id\":\"https:\\\/\\\/eldigitaldeasturias.com\\\/magazine365#listItem\",\"name\":\"Home\"}},{\"@type\":\"ListItem\",\"@id\":\"https:\\\/\\\/eldigitaldeasturias.com\\\/magazine365\\\/la-estacion-de-sol-y-la-linea-2-de-metro-de-madrid-recuperan-su-nombre-original\\\/#listItem\",\"position\":3,\"name\":\"La estaci\\u00f3n de Sol y la L\\u00ednea 2 de Metro de Madrid recuperan su nombre original\",\"previousItem\":{\"@type\":\"ListItem\",\"@id\":\"https:\\\/\\\/eldigitaldeasturias.com\\\/magazine365\\\/category\\\/noticias-actualidad\\\/#listItem\",\"name\":\"Noticias y Actualidad\"}}]},{\"@type\":\"Organization\",\"@id\":\"https:\\\/\\\/eldigitaldeasturias.com\\\/magazine365\\\/#organization\",\"name\":\"El digital de Asturias\",\"description\":\"Revista de ocio, turismo y estilo de vida\",\"url\":\"https:\\\/\\\/eldigitaldeasturias.com\\\/magazine365\\\/\",\"logo\":{\"@type\":\"ImageObject\",\"url\":\"https:\\\/\\\/www.eldigitaldeasturias.com\\\/noticias\\\/wp-content\\\/uploads\\\/2020\\\/12\\\/EDA.jpg\",\"@id\":\"https:\\\/\\\/eldigitaldeasturias.com\\\/magazine365\\\/la-estacion-de-sol-y-la-linea-2-de-metro-de-madrid-recuperan-su-nombre-original\\\/#organizationLogo\"},\"image\":{\"@id\":\"https:\\\/\\\/eldigitaldeasturias.com\\\/magazine365\\\/la-estacion-de-sol-y-la-linea-2-de-metro-de-madrid-recuperan-su-nombre-original\\\/#organizationLogo\"}},{\"@type\":\"Person\",\"@id\":\"https:\\\/\\\/eldigitaldeasturias.com\\\/magazine365\\\/author\\\/admin\\\/#author\",\"url\":\"https:\\\/\\\/eldigitaldeasturias.com\\\/magazine365\\\/author\\\/admin\\\/\",\"name\":\"admin\",\"image\":{\"@type\":\"ImageObject\",\"@id\":\"https:\\\/\\\/eldigitaldeasturias.com\\\/magazine365\\\/la-estacion-de-sol-y-la-linea-2-de-metro-de-madrid-recuperan-su-nombre-original\\\/#authorImage\",\"url\":\"https:\\\/\\\/eldigitaldeasturias.com\\\/magazine365\\\/wp-content\\\/litespeed\\\/avatar\\\/e571bcf59a0edd6fa6838245a470f2fe.jpg?ver=1776969259\",\"width\":96,\"height\":96,\"caption\":\"admin\"}},{\"@type\":\"WebPage\",\"@id\":\"https:\\\/\\\/eldigitaldeasturias.com\\\/magazine365\\\/la-estacion-de-sol-y-la-linea-2-de-metro-de-madrid-recuperan-su-nombre-original\\\/#webpage\",\"url\":\"https:\\\/\\\/eldigitaldeasturias.com\\\/magazine365\\\/la-estacion-de-sol-y-la-linea-2-de-metro-de-madrid-recuperan-su-nombre-original\\\/\",\"name\":\"La estaci\\u00f3n de Sol y la L\\u00ednea 2 de Metro de Madrid recuperan su nombre original | El Digital de Asturias\",\"description\":\"La estaci\\u00f3n de Sol y la L\\u00ednea 2 de Metro de Madrid recuperan su nombre original desde este mi\\u00e9rcoles, tras finalizar el patrocinio de la marca Vodafone que, durante los \\u00faltimos tres a\\u00f1os, ha estado ligada al nombre de una de las estaciones m\\u00e1s emblem\\u00e1ticas de la red metropolitana. Una vez ha concluido el patrocinio,\",\"inLanguage\":\"es-ES\",\"isPartOf\":{\"@id\":\"https:\\\/\\\/eldigitaldeasturias.com\\\/magazine365\\\/#website\"},\"breadcrumb\":{\"@id\":\"https:\\\/\\\/eldigitaldeasturias.com\\\/magazine365\\\/la-estacion-de-sol-y-la-linea-2-de-metro-de-madrid-recuperan-su-nombre-original\\\/#breadcrumblist\"},\"author\":{\"@id\":\"https:\\\/\\\/eldigitaldeasturias.com\\\/magazine365\\\/author\\\/admin\\\/#author\"},\"creator\":{\"@id\":\"https:\\\/\\\/eldigitaldeasturias.com\\\/magazine365\\\/author\\\/admin\\\/#author\"},\"image\":{\"@type\":\"ImageObject\",\"url\":\"https:\\\/\\\/eldigitaldeasturias.com\\\/magazine365\\\/wp-content\\\/uploads\\\/2016\\\/06\\\/fotonoticia_20160601105623_800.jpg\",\"@id\":\"https:\\\/\\\/eldigitaldeasturias.com\\\/magazine365\\\/la-estacion-de-sol-y-la-linea-2-de-metro-de-madrid-recuperan-su-nombre-original\\\/#mainImage\",\"width\":800,\"height\":533},\"primaryImageOfPage\":{\"@id\":\"https:\\\/\\\/eldigitaldeasturias.com\\\/magazine365\\\/la-estacion-de-sol-y-la-linea-2-de-metro-de-madrid-recuperan-su-nombre-original\\\/#mainImage\"},\"datePublished\":\"2016-06-02T07:10:38+02:00\",\"dateModified\":\"2016-06-02T07:10:38+02:00\"},{\"@type\":\"WebSite\",\"@id\":\"https:\\\/\\\/eldigitaldeasturias.com\\\/magazine365\\\/#website\",\"url\":\"https:\\\/\\\/eldigitaldeasturias.com\\\/magazine365\\\/\",\"name\":\"El Digital de Asturias\",\"description\":\"Revista de ocio, turismo y estilo de vida\",\"inLanguage\":\"es-ES\",\"publisher\":{\"@id\":\"https:\\\/\\\/eldigitaldeasturias.com\\\/magazine365\\\/#organization\"}}]}\n\t\t<\/script>\n\t\t<!-- All in One SEO Pro -->\r\n\t\t<title>La estaci\u00f3n de Sol y la L\u00ednea 2 de Metro de Madrid recuperan su nombre original | El Digital de Asturias<\/title>\n\n","aioseo_head_json":{"title":"La estaci\u00f3n de Sol y la L\u00ednea 2 de Metro de Madrid recuperan su nombre original | El Digital de Asturias","description":"La estaci\u00f3n de Sol y la L\u00ednea 2 de Metro de Madrid recuperan su nombre original desde este mi\u00e9rcoles, tras finalizar el patrocinio de la marca Vodafone que, durante los \u00faltimos tres a\u00f1os, ha estado ligada al nombre de una de las estaciones m\u00e1s emblem\u00e1ticas de la red metropolitana. Una vez ha concluido el patrocinio,","canonical_url":"https:\/\/eldigitaldeasturias.com\/magazine365\/la-estacion-de-sol-y-la-linea-2-de-metro-de-madrid-recuperan-su-nombre-original\/","robots":"max-image-preview:large","keywords":"noticias y actualidad","webmasterTools":{"google-site-verification":"UA-38556648-1","miscellaneous":""},"schema":{"@context":"https:\/\/schema.org","@graph":[{"@type":"Article","@id":"https:\/\/eldigitaldeasturias.com\/magazine365\/la-estacion-de-sol-y-la-linea-2-de-metro-de-madrid-recuperan-su-nombre-original\/#article","name":"La estaci\u00f3n de Sol y la L\u00ednea 2 de Metro de Madrid recuperan su nombre original | El Digital de Asturias","headline":"La estaci\u00f3n de Sol y la L\u00ednea 2 de Metro de Madrid recuperan su nombre original","author":{"@id":"https:\/\/eldigitaldeasturias.com\/magazine365\/author\/admin\/#author"},"publisher":{"@id":"https:\/\/eldigitaldeasturias.com\/magazine365\/#organization"},"image":{"@type":"ImageObject","url":"https:\/\/eldigitaldeasturias.com\/magazine365\/wp-content\/uploads\/2016\/06\/fotonoticia_20160601105623_800.jpg","width":800,"height":533},"datePublished":"2016-06-02T07:10:38+02:00","dateModified":"2016-06-02T07:10:38+02:00","inLanguage":"es-ES","mainEntityOfPage":{"@id":"https:\/\/eldigitaldeasturias.com\/magazine365\/la-estacion-de-sol-y-la-linea-2-de-metro-de-madrid-recuperan-su-nombre-original\/#webpage"},"isPartOf":{"@id":"https:\/\/eldigitaldeasturias.com\/magazine365\/la-estacion-de-sol-y-la-linea-2-de-metro-de-madrid-recuperan-su-nombre-original\/#webpage"},"articleSection":"Noticias y Actualidad"},{"@type":"BreadcrumbList","@id":"https:\/\/eldigitaldeasturias.com\/magazine365\/la-estacion-de-sol-y-la-linea-2-de-metro-de-madrid-recuperan-su-nombre-original\/#breadcrumblist","itemListElement":[{"@type":"ListItem","@id":"https:\/\/eldigitaldeasturias.com\/magazine365#listItem","position":1,"name":"Home","item":"https:\/\/eldigitaldeasturias.com\/magazine365","nextItem":{"@type":"ListItem","@id":"https:\/\/eldigitaldeasturias.com\/magazine365\/category\/noticias-actualidad\/#listItem","name":"Noticias y Actualidad"}},{"@type":"ListItem","@id":"https:\/\/eldigitaldeasturias.com\/magazine365\/category\/noticias-actualidad\/#listItem","position":2,"name":"Noticias y Actualidad","item":"https:\/\/eldigitaldeasturias.com\/magazine365\/category\/noticias-actualidad\/","nextItem":{"@type":"ListItem","@id":"https:\/\/eldigitaldeasturias.com\/magazine365\/la-estacion-de-sol-y-la-linea-2-de-metro-de-madrid-recuperan-su-nombre-original\/#listItem","name":"La estaci\u00f3n de Sol y la L\u00ednea 2 de Metro de Madrid recuperan su nombre original"},"previousItem":{"@type":"ListItem","@id":"https:\/\/eldigitaldeasturias.com\/magazine365#listItem","name":"Home"}},{"@type":"ListItem","@id":"https:\/\/eldigitaldeasturias.com\/magazine365\/la-estacion-de-sol-y-la-linea-2-de-metro-de-madrid-recuperan-su-nombre-original\/#listItem","position":3,"name":"La estaci\u00f3n de Sol y la L\u00ednea 2 de Metro de Madrid recuperan su nombre original","previousItem":{"@type":"ListItem","@id":"https:\/\/eldigitaldeasturias.com\/magazine365\/category\/noticias-actualidad\/#listItem","name":"Noticias y Actualidad"}}]},{"@type":"Organization","@id":"https:\/\/eldigitaldeasturias.com\/magazine365\/#organization","name":"El digital de Asturias","description":"Revista de ocio, turismo y estilo de vida","url":"https:\/\/eldigitaldeasturias.com\/magazine365\/","logo":{"@type":"ImageObject","url":"https:\/\/www.eldigitaldeasturias.com\/noticias\/wp-content\/uploads\/2020\/12\/EDA.jpg","@id":"https:\/\/eldigitaldeasturias.com\/magazine365\/la-estacion-de-sol-y-la-linea-2-de-metro-de-madrid-recuperan-su-nombre-original\/#organizationLogo"},"image":{"@id":"https:\/\/eldigitaldeasturias.com\/magazine365\/la-estacion-de-sol-y-la-linea-2-de-metro-de-madrid-recuperan-su-nombre-original\/#organizationLogo"}},{"@type":"Person","@id":"https:\/\/eldigitaldeasturias.com\/magazine365\/author\/admin\/#author","url":"https:\/\/eldigitaldeasturias.com\/magazine365\/author\/admin\/","name":"admin","image":{"@type":"ImageObject","@id":"https:\/\/eldigitaldeasturias.com\/magazine365\/la-estacion-de-sol-y-la-linea-2-de-metro-de-madrid-recuperan-su-nombre-original\/#authorImage","url":"https:\/\/eldigitaldeasturias.com\/magazine365\/wp-content\/litespeed\/avatar\/e571bcf59a0edd6fa6838245a470f2fe.jpg?ver=1776969259","width":96,"height":96,"caption":"admin"}},{"@type":"WebPage","@id":"https:\/\/eldigitaldeasturias.com\/magazine365\/la-estacion-de-sol-y-la-linea-2-de-metro-de-madrid-recuperan-su-nombre-original\/#webpage","url":"https:\/\/eldigitaldeasturias.com\/magazine365\/la-estacion-de-sol-y-la-linea-2-de-metro-de-madrid-recuperan-su-nombre-original\/","name":"La estaci\u00f3n de Sol y la L\u00ednea 2 de Metro de Madrid recuperan su nombre original | El Digital de Asturias","description":"La estaci\u00f3n de Sol y la L\u00ednea 2 de Metro de Madrid recuperan su nombre original desde este mi\u00e9rcoles, tras finalizar el patrocinio de la marca Vodafone que, durante los \u00faltimos tres a\u00f1os, ha estado ligada al nombre de una de las estaciones m\u00e1s emblem\u00e1ticas de la red metropolitana. Una vez ha concluido el patrocinio,","inLanguage":"es-ES","isPartOf":{"@id":"https:\/\/eldigitaldeasturias.com\/magazine365\/#website"},"breadcrumb":{"@id":"https:\/\/eldigitaldeasturias.com\/magazine365\/la-estacion-de-sol-y-la-linea-2-de-metro-de-madrid-recuperan-su-nombre-original\/#breadcrumblist"},"author":{"@id":"https:\/\/eldigitaldeasturias.com\/magazine365\/author\/admin\/#author"},"creator":{"@id":"https:\/\/eldigitaldeasturias.com\/magazine365\/author\/admin\/#author"},"image":{"@type":"ImageObject","url":"https:\/\/eldigitaldeasturias.com\/magazine365\/wp-content\/uploads\/2016\/06\/fotonoticia_20160601105623_800.jpg","@id":"https:\/\/eldigitaldeasturias.com\/magazine365\/la-estacion-de-sol-y-la-linea-2-de-metro-de-madrid-recuperan-su-nombre-original\/#mainImage","width":800,"height":533},"primaryImageOfPage":{"@id":"https:\/\/eldigitaldeasturias.com\/magazine365\/la-estacion-de-sol-y-la-linea-2-de-metro-de-madrid-recuperan-su-nombre-original\/#mainImage"},"datePublished":"2016-06-02T07:10:38+02:00","dateModified":"2016-06-02T07:10:38+02:00"},{"@type":"WebSite","@id":"https:\/\/eldigitaldeasturias.com\/magazine365\/#website","url":"https:\/\/eldigitaldeasturias.com\/magazine365\/","name":"El Digital de Asturias","description":"Revista de ocio, turismo y estilo de vida","inLanguage":"es-ES","publisher":{"@id":"https:\/\/eldigitaldeasturias.com\/magazine365\/#organization"}}]},"og:locale":"es_ES","og:site_name":"El Digital de Asturias \u2013 Revista de ocio, turismo y estilo de vida","og:type":"article","og:title":"La estaci\u00f3n de Sol y la L\u00ednea 2 de Metro de Madrid recuperan su nombre original | El Digital de Asturias","og:description":"La estaci\u00f3n de Sol y la L\u00ednea 2 de Metro de Madrid recuperan su nombre original desde este mi\u00e9rcoles, tras finalizar el patrocinio de la marca Vodafone que, durante los \u00faltimos tres a\u00f1os, ha estado ligada al nombre de una de las estaciones m\u00e1s emblem\u00e1ticas de la red metropolitana. Una vez ha concluido el patrocinio,","og:url":"https:\/\/eldigitaldeasturias.com\/magazine365\/la-estacion-de-sol-y-la-linea-2-de-metro-de-madrid-recuperan-su-nombre-original\/","og:image":"https:\/\/eldigitaldeasturias.com\/magazine365\/wp-content\/uploads\/2016\/06\/fotonoticia_20160601105623_800.jpg","og:image:secure_url":"https:\/\/eldigitaldeasturias.com\/magazine365\/wp-content\/uploads\/2016\/06\/fotonoticia_20160601105623_800.jpg","og:image:width":800,"og:image:height":533,"article:published_time":"2016-06-02T05:10:38+00:00","article:modified_time":"2016-06-02T05:10:38+00:00","twitter:card":"summary_large_image","twitter:title":"La estaci\u00f3n de Sol y la L\u00ednea 2 de Metro de Madrid recuperan su nombre original | El Digital de Asturias","twitter:description":"La estaci\u00f3n de Sol y la L\u00ednea 2 de Metro de Madrid recuperan su nombre original desde este mi\u00e9rcoles, tras finalizar el patrocinio de la marca Vodafone que, durante los \u00faltimos tres a\u00f1os, ha estado ligada al nombre de una de las estaciones m\u00e1s emblem\u00e1ticas de la red metropolitana. Una vez ha concluido el patrocinio,","twitter:image":"https:\/\/eldigitaldeasturias.com\/magazine365\/wp-content\/uploads\/2016\/06\/fotonoticia_20160601105623_800.jpg"},"aioseo_meta_data":{"post_id":"77436","title":null,"description":null,"keywords":null,"keyphrases":null,"primary_term":null,"canonical_url":null,"og_title":null,"og_description":null,"og_object_type":"default","og_image_type":"default","og_image_url":null,"og_image_width":null,"og_image_height":null,"og_image_custom_url":null,"og_image_custom_fields":null,"og_video":null,"og_custom_url":null,"og_article_section":null,"og_article_tags":null,"twitter_use_og":false,"twitter_card":"default","twitter_image_type":"default","twitter_image_url":null,"twitter_image_custom_url":null,"twitter_image_custom_fields":null,"twitter_title":null,"twitter_description":null,"schema":{"blockGraphs":[],"customGraphs":[],"default":{"data":{"Article":[],"Course":[],"Dataset":[],"FAQPage":[],"Movie":[],"Person":[],"Product":[],"ProductReview":[],"Car":[],"Recipe":[],"Service":[],"SoftwareApplication":[],"WebPage":[]},"graphName":"","isEnabled":true},"graphs":[]},"schema_type":null,"schema_type_options":null,"pillar_content":false,"robots_default":true,"robots_noindex":false,"robots_noarchive":false,"robots_nosnippet":false,"robots_nofollow":false,"robots_noimageindex":false,"robots_noodp":false,"robots_notranslate":false,"robots_max_snippet":null,"robots_max_videopreview":null,"robots_max_imagepreview":"large","priority":null,"frequency":null,"location":null,"local_seo":null,"seo_analyzer_scan_date":"2025-09-27 14:51:19","breadcrumb_settings":null,"limit_modified_date":false,"open_ai":null,"ai":null,"created":"2021-03-08 18:15:19","updated":"2025-09-27 14:51:19"},"aioseo_breadcrumb":"<div class=\"aioseo-breadcrumbs\"><span class=\"aioseo-breadcrumb\">\n\t<a href=\"https:\/\/eldigitaldeasturias.com\/magazine365\" title=\"Home\">Home<\/a>\n<\/span><span class=\"aioseo-breadcrumb-separator\">\u2013<\/span><span class=\"aioseo-breadcrumb\">\n\t<a href=\"https:\/\/eldigitaldeasturias.com\/magazine365\/category\/noticias-actualidad\/\" title=\"Noticias y Actualidad\">Noticias y Actualidad<\/a>\n<\/span><span class=\"aioseo-breadcrumb-separator\">\u2013<\/span><span class=\"aioseo-breadcrumb\">\n\t<a href=\"https:\/\/eldigitaldeasturias.com\/magazine365\/la-estacion-de-sol-y-la-linea-2-de-metro-de-madrid-recuperan-su-nombre-original\/\" title=\"La estaci\u00f3n de Sol y la L\u00ednea 2 de Metro de Madrid recuperan su nombre original\">La estaci\u00f3n de Sol y la L\u00ednea 2 de Metro de Madrid recuperan su nombre original<\/a>\n<\/span><\/div>","aioseo_breadcrumb_json":[{"label":"Home","link":"https:\/\/eldigitaldeasturias.com\/magazine365"},{"label":"Noticias y Actualidad","link":"https:\/\/eldigitaldeasturias.com\/magazine365\/category\/noticias-actualidad\/"},{"label":"La estaci\u00f3n de Sol y la L\u00ednea 2 de Metro de Madrid recuperan su nombre original","link":"https:\/\/eldigitaldeasturias.com\/magazine365\/la-estacion-de-sol-y-la-linea-2-de-metro-de-madrid-recuperan-su-nombre-original\/"}],"_links":{"self":[{"href":"https:\/\/eldigitaldeasturias.com\/magazine365\/wp-json\/wp\/v2\/posts\/77436","targetHints":{"allow":["GET"]}}],"collection":[{"href":"https:\/\/eldigitaldeasturias.com\/magazine365\/wp-json\/wp\/v2\/posts"}],"about":[{"href":"https:\/\/eldigitaldeasturias.com\/magazine365\/wp-json\/wp\/v2\/types\/post"}],"author":[{"embeddable":true,"href":"https:\/\/eldigitaldeasturias.com\/magazine365\/wp-json\/wp\/v2\/users\/1"}],"replies":[{"embeddable":true,"href":"https:\/\/eldigitaldeasturias.com\/magazine365\/wp-json\/wp\/v2\/comments?post=77436"}],"version-history":[{"count":0,"href":"https:\/\/eldigitaldeasturias.com\/magazine365\/wp-json\/wp\/v2\/posts\/77436\/revisions"}],"wp:featuredmedia":[{"embeddable":true,"href":"https:\/\/eldigitaldeasturias.com\/magazine365\/wp-json\/wp\/v2\/media\/77437"}],"wp:attachment":[{"href":"https:\/\/eldigitaldeasturias.com\/magazine365\/wp-json\/wp\/v2\/media?parent=77436"}],"wp:term":[{"taxonomy":"category","embeddable":true,"href":"https:\/\/eldigitaldeasturias.com\/magazine365\/wp-json\/wp\/v2\/categories?post=77436"},{"taxonomy":"post_tag","embeddable":true,"href":"https:\/\/eldigitaldeasturias.com\/magazine365\/wp-json\/wp\/v2\/tags?post=77436"}],"curies":[{"name":"wp","href":"https:\/\/api.w.org\/{rel}","templated":true}]}}