{"id":77430,"date":"2016-06-02T07:08:58","date_gmt":"2016-06-02T05:08:58","guid":{"rendered":"http:\/\/eldigitaldeasturias.com\/magazine365\/?p=77430"},"modified":"2016-06-02T07:08:58","modified_gmt":"2016-06-02T05:08:58","slug":"amadeus-y-emirates-renuevan-su-acuerdo-de-distribucion-global","status":"publish","type":"post","link":"https:\/\/eldigitaldeasturias.com\/magazine365\/amadeus-y-emirates-renuevan-su-acuerdo-de-distribucion-global\/","title":{"rendered":"Amadeus y Emirates renuevan su acuerdo de distribuci\u00f3n global"},"content":{"rendered":"<p><img fetchpriority=\"high\" decoding=\"async\" class=\"alignleft size-medium wp-image-77431\" src=\"https:\/\/eldigitaldeasturias.com\/magazine365\/wp-content\/uploads\/2016\/06\/fotonoticia_20160601104937_800-360x208.jpg\" alt=\"fotonoticia_20160601104937_800\" width=\"360\" height=\"208\" srcset=\"https:\/\/eldigitaldeasturias.com\/magazine365\/wp-content\/uploads\/2016\/06\/fotonoticia_20160601104937_800-360x208.jpg 360w, https:\/\/eldigitaldeasturias.com\/magazine365\/wp-content\/uploads\/2016\/06\/fotonoticia_20160601104937_800-650x376.jpg 650w, https:\/\/eldigitaldeasturias.com\/magazine365\/wp-content\/uploads\/2016\/06\/fotonoticia_20160601104937_800-768x444.jpg 768w, https:\/\/eldigitaldeasturias.com\/magazine365\/wp-content\/uploads\/2016\/06\/fotonoticia_20160601104937_800-150x87.jpg 150w, https:\/\/eldigitaldeasturias.com\/magazine365\/wp-content\/uploads\/2016\/06\/fotonoticia_20160601104937_800-450x260.jpg 450w, https:\/\/eldigitaldeasturias.com\/magazine365\/wp-content\/uploads\/2016\/06\/fotonoticia_20160601104937_800-172x100.jpg 172w, https:\/\/eldigitaldeasturias.com\/magazine365\/wp-content\/uploads\/2016\/06\/fotonoticia_20160601104937_800.jpg 800w\" sizes=\"(max-width: 360px) 100vw, 360px\" \/>Amadeus ha renovado con Emirates su acuerdo de distribuci\u00f3n global que garantizar\u00e1 el acceso de las agencias de viajes y los viajeros conectados al proveedor en todo el mundo al inventario integral de tarifas y vuelos de la l\u00ednea a\u00e9rea, inform\u00f3 la firma tecnol\u00f3gica de servicios tur\u00edsticos.<\/p>\n<p>En virtud del acuerdo, los contenidos de Emirates se mantendr\u00e1n como la red mundial de distribuidores de viajes y los clientes de la compa\u00f1\u00eda tecnol\u00f3gica, donde podr\u00e1n buscar y comprar todos sus productos y servicios a trav\u00e9s de todos los canales de Amadeus.<\/p>\n<p>La renovaci\u00f3n del acuerdo de contenidos integrales se produce poco despu\u00e9s de que Emirates y Amadeus se hayan lanzado a explorar nuevas oportunidades en lo que concierne a la introducci\u00f3n de nuevas capacidades de comercializaci\u00f3n, entre ellas Ancillary Services y Fare Families.<\/p>\n<p>\u00abEstamos impacientes por evaluar de qu\u00e9 formas pueden las t\u00e9cnicas de comercializaci\u00f3n avanzadas respaldar la evoluci\u00f3n de la estrategia comercial de Emirates\u00bb, ha afirmado el vicepresidente de Distribuci\u00f3n Marketing de Amadeus, Decius Valmorbida.<\/p>\n<p>Amadeus se\u00f1ala que los viajeros quieren tener la oportunidad de comparar las ofertas de las aerol\u00edneas con transparencia y pueden hacerlo a trav\u00e9s de los diferentes canales del proveedor.<\/p>\n","protected":false},"excerpt":{"rendered":"<p>Amadeus ha renovado con Emirates su acuerdo de distribuci\u00f3n global que garantizar\u00e1 el acceso de las agencias de viajes y los viajeros conectados al proveedor en todo el mundo al inventario integral de tarifas y vuelos de la l\u00ednea a\u00e9rea, inform\u00f3 la firma tecnol\u00f3gica de servicios tur\u00edsticos. En virtud del acuerdo, los contenidos de Emirates<\/p>\n","protected":false},"author":1,"featured_media":77431,"comment_status":"open","ping_status":"closed","sticky":false,"template":"","format":"standard","meta":{"footnotes":""},"categories":[224],"tags":[],"class_list":{"0":"post-77430","1":"post","2":"type-post","3":"status-publish","4":"format-standard","5":"has-post-thumbnail","7":"category-noticias-actualidad"},"aioseo_notices":[],"aioseo_head":"\n\t\t<!-- All in One SEO Pro 4.9.6.1 - aioseo.com -->\n\t<meta name=\"description\" content=\"Amadeus ha renovado con Emirates su acuerdo de distribuci\u00f3n global que garantizar\u00e1 el acceso de las agencias de viajes y los viajeros conectados al proveedor en todo el mundo al inventario integral de tarifas y vuelos de la l\u00ednea a\u00e9rea, inform\u00f3 la firma tecnol\u00f3gica de servicios tur\u00edsticos. En virtud del acuerdo, los contenidos de Emirates\" \/>\n\t<meta name=\"robots\" content=\"max-image-preview:large\" \/>\n\t<meta name=\"author\" content=\"admin\"\/>\n\t<meta name=\"google-site-verification\" content=\"UA-38556648-1\" \/>\n\t<meta name=\"keywords\" content=\"noticias y actualidad\" \/>\n\t<link rel=\"canonical\" href=\"https:\/\/eldigitaldeasturias.com\/magazine365\/amadeus-y-emirates-renuevan-su-acuerdo-de-distribucion-global\/\" \/>\n\t<meta name=\"generator\" content=\"All in One SEO Pro (AIOSEO) 4.9.6.1\" \/>\n\t\t<meta property=\"og:locale\" content=\"es_ES\" \/>\n\t\t<meta property=\"og:site_name\" content=\"El Digital de Asturias \u2013 Revista de ocio, turismo y estilo de vida\" \/>\n\t\t<meta property=\"og:type\" content=\"article\" \/>\n\t\t<meta property=\"og:title\" content=\"Amadeus y Emirates renuevan su acuerdo de distribuci\u00f3n global | El Digital de Asturias\" \/>\n\t\t<meta property=\"og:description\" content=\"Amadeus ha renovado con Emirates su acuerdo de distribuci\u00f3n global que garantizar\u00e1 el acceso de las agencias de viajes y los viajeros conectados al proveedor en todo el mundo al inventario integral de tarifas y vuelos de la l\u00ednea a\u00e9rea, inform\u00f3 la firma tecnol\u00f3gica de servicios tur\u00edsticos. En virtud del acuerdo, los contenidos de Emirates\" \/>\n\t\t<meta property=\"og:url\" content=\"https:\/\/eldigitaldeasturias.com\/magazine365\/amadeus-y-emirates-renuevan-su-acuerdo-de-distribucion-global\/\" \/>\n\t\t<meta property=\"og:image\" content=\"https:\/\/eldigitaldeasturias.com\/magazine365\/wp-content\/uploads\/2016\/06\/fotonoticia_20160601104937_800.jpg\" \/>\n\t\t<meta property=\"og:image:secure_url\" content=\"https:\/\/eldigitaldeasturias.com\/magazine365\/wp-content\/uploads\/2016\/06\/fotonoticia_20160601104937_800.jpg\" \/>\n\t\t<meta property=\"og:image:width\" content=\"800\" \/>\n\t\t<meta property=\"og:image:height\" content=\"463\" \/>\n\t\t<meta property=\"article:published_time\" content=\"2016-06-02T05:08:58+00:00\" \/>\n\t\t<meta property=\"article:modified_time\" content=\"2016-06-02T05:08:58+00:00\" \/>\n\t\t<meta name=\"twitter:card\" content=\"summary_large_image\" \/>\n\t\t<meta name=\"twitter:title\" content=\"Amadeus y Emirates renuevan su acuerdo de distribuci\u00f3n global | El Digital de Asturias\" \/>\n\t\t<meta name=\"twitter:description\" content=\"Amadeus ha renovado con Emirates su acuerdo de distribuci\u00f3n global que garantizar\u00e1 el acceso de las agencias de viajes y los viajeros conectados al proveedor en todo el mundo al inventario integral de tarifas y vuelos de la l\u00ednea a\u00e9rea, inform\u00f3 la firma tecnol\u00f3gica de servicios tur\u00edsticos. En virtud del acuerdo, los contenidos de Emirates\" \/>\n\t\t<meta name=\"twitter:image\" content=\"https:\/\/eldigitaldeasturias.com\/magazine365\/wp-content\/uploads\/2016\/06\/fotonoticia_20160601104937_800.jpg\" \/>\n\t\t<script type=\"application\/ld+json\" class=\"aioseo-schema\">\n\t\t\t{\"@context\":\"https:\\\/\\\/schema.org\",\"@graph\":[{\"@type\":\"Article\",\"@id\":\"https:\\\/\\\/eldigitaldeasturias.com\\\/magazine365\\\/amadeus-y-emirates-renuevan-su-acuerdo-de-distribucion-global\\\/#article\",\"name\":\"Amadeus y Emirates renuevan su acuerdo de distribuci\\u00f3n global | El Digital de Asturias\",\"headline\":\"Amadeus y Emirates renuevan su acuerdo de distribuci\\u00f3n global\",\"author\":{\"@id\":\"https:\\\/\\\/eldigitaldeasturias.com\\\/magazine365\\\/author\\\/admin\\\/#author\"},\"publisher\":{\"@id\":\"https:\\\/\\\/eldigitaldeasturias.com\\\/magazine365\\\/#organization\"},\"image\":{\"@type\":\"ImageObject\",\"url\":\"https:\\\/\\\/eldigitaldeasturias.com\\\/magazine365\\\/wp-content\\\/uploads\\\/2016\\\/06\\\/fotonoticia_20160601104937_800.jpg\",\"width\":800,\"height\":463},\"datePublished\":\"2016-06-02T07:08:58+02:00\",\"dateModified\":\"2016-06-02T07:08:58+02:00\",\"inLanguage\":\"es-ES\",\"mainEntityOfPage\":{\"@id\":\"https:\\\/\\\/eldigitaldeasturias.com\\\/magazine365\\\/amadeus-y-emirates-renuevan-su-acuerdo-de-distribucion-global\\\/#webpage\"},\"isPartOf\":{\"@id\":\"https:\\\/\\\/eldigitaldeasturias.com\\\/magazine365\\\/amadeus-y-emirates-renuevan-su-acuerdo-de-distribucion-global\\\/#webpage\"},\"articleSection\":\"Noticias y Actualidad\"},{\"@type\":\"BreadcrumbList\",\"@id\":\"https:\\\/\\\/eldigitaldeasturias.com\\\/magazine365\\\/amadeus-y-emirates-renuevan-su-acuerdo-de-distribucion-global\\\/#breadcrumblist\",\"itemListElement\":[{\"@type\":\"ListItem\",\"@id\":\"https:\\\/\\\/eldigitaldeasturias.com\\\/magazine365#listItem\",\"position\":1,\"name\":\"Home\",\"item\":\"https:\\\/\\\/eldigitaldeasturias.com\\\/magazine365\",\"nextItem\":{\"@type\":\"ListItem\",\"@id\":\"https:\\\/\\\/eldigitaldeasturias.com\\\/magazine365\\\/category\\\/noticias-actualidad\\\/#listItem\",\"name\":\"Noticias y Actualidad\"}},{\"@type\":\"ListItem\",\"@id\":\"https:\\\/\\\/eldigitaldeasturias.com\\\/magazine365\\\/category\\\/noticias-actualidad\\\/#listItem\",\"position\":2,\"name\":\"Noticias y Actualidad\",\"item\":\"https:\\\/\\\/eldigitaldeasturias.com\\\/magazine365\\\/category\\\/noticias-actualidad\\\/\",\"nextItem\":{\"@type\":\"ListItem\",\"@id\":\"https:\\\/\\\/eldigitaldeasturias.com\\\/magazine365\\\/amadeus-y-emirates-renuevan-su-acuerdo-de-distribucion-global\\\/#listItem\",\"name\":\"Amadeus y Emirates renuevan su acuerdo de distribuci\\u00f3n global\"},\"previousItem\":{\"@type\":\"ListItem\",\"@id\":\"https:\\\/\\\/eldigitaldeasturias.com\\\/magazine365#listItem\",\"name\":\"Home\"}},{\"@type\":\"ListItem\",\"@id\":\"https:\\\/\\\/eldigitaldeasturias.com\\\/magazine365\\\/amadeus-y-emirates-renuevan-su-acuerdo-de-distribucion-global\\\/#listItem\",\"position\":3,\"name\":\"Amadeus y Emirates renuevan su acuerdo de distribuci\\u00f3n global\",\"previousItem\":{\"@type\":\"ListItem\",\"@id\":\"https:\\\/\\\/eldigitaldeasturias.com\\\/magazine365\\\/category\\\/noticias-actualidad\\\/#listItem\",\"name\":\"Noticias y Actualidad\"}}]},{\"@type\":\"Organization\",\"@id\":\"https:\\\/\\\/eldigitaldeasturias.com\\\/magazine365\\\/#organization\",\"name\":\"El digital de Asturias\",\"description\":\"Revista de ocio, turismo y estilo de vida\",\"url\":\"https:\\\/\\\/eldigitaldeasturias.com\\\/magazine365\\\/\",\"logo\":{\"@type\":\"ImageObject\",\"url\":\"https:\\\/\\\/www.eldigitaldeasturias.com\\\/noticias\\\/wp-content\\\/uploads\\\/2020\\\/12\\\/EDA.jpg\",\"@id\":\"https:\\\/\\\/eldigitaldeasturias.com\\\/magazine365\\\/amadeus-y-emirates-renuevan-su-acuerdo-de-distribucion-global\\\/#organizationLogo\"},\"image\":{\"@id\":\"https:\\\/\\\/eldigitaldeasturias.com\\\/magazine365\\\/amadeus-y-emirates-renuevan-su-acuerdo-de-distribucion-global\\\/#organizationLogo\"}},{\"@type\":\"Person\",\"@id\":\"https:\\\/\\\/eldigitaldeasturias.com\\\/magazine365\\\/author\\\/admin\\\/#author\",\"url\":\"https:\\\/\\\/eldigitaldeasturias.com\\\/magazine365\\\/author\\\/admin\\\/\",\"name\":\"admin\",\"image\":{\"@type\":\"ImageObject\",\"@id\":\"https:\\\/\\\/eldigitaldeasturias.com\\\/magazine365\\\/amadeus-y-emirates-renuevan-su-acuerdo-de-distribucion-global\\\/#authorImage\",\"url\":\"https:\\\/\\\/eldigitaldeasturias.com\\\/magazine365\\\/wp-content\\\/litespeed\\\/avatar\\\/e571bcf59a0edd6fa6838245a470f2fe.jpg?ver=1776969259\",\"width\":96,\"height\":96,\"caption\":\"admin\"}},{\"@type\":\"WebPage\",\"@id\":\"https:\\\/\\\/eldigitaldeasturias.com\\\/magazine365\\\/amadeus-y-emirates-renuevan-su-acuerdo-de-distribucion-global\\\/#webpage\",\"url\":\"https:\\\/\\\/eldigitaldeasturias.com\\\/magazine365\\\/amadeus-y-emirates-renuevan-su-acuerdo-de-distribucion-global\\\/\",\"name\":\"Amadeus y Emirates renuevan su acuerdo de distribuci\\u00f3n global | El Digital de Asturias\",\"description\":\"Amadeus ha renovado con Emirates su acuerdo de distribuci\\u00f3n global que garantizar\\u00e1 el acceso de las agencias de viajes y los viajeros conectados al proveedor en todo el mundo al inventario integral de tarifas y vuelos de la l\\u00ednea a\\u00e9rea, inform\\u00f3 la firma tecnol\\u00f3gica de servicios tur\\u00edsticos. En virtud del acuerdo, los contenidos de Emirates\",\"inLanguage\":\"es-ES\",\"isPartOf\":{\"@id\":\"https:\\\/\\\/eldigitaldeasturias.com\\\/magazine365\\\/#website\"},\"breadcrumb\":{\"@id\":\"https:\\\/\\\/eldigitaldeasturias.com\\\/magazine365\\\/amadeus-y-emirates-renuevan-su-acuerdo-de-distribucion-global\\\/#breadcrumblist\"},\"author\":{\"@id\":\"https:\\\/\\\/eldigitaldeasturias.com\\\/magazine365\\\/author\\\/admin\\\/#author\"},\"creator\":{\"@id\":\"https:\\\/\\\/eldigitaldeasturias.com\\\/magazine365\\\/author\\\/admin\\\/#author\"},\"image\":{\"@type\":\"ImageObject\",\"url\":\"https:\\\/\\\/eldigitaldeasturias.com\\\/magazine365\\\/wp-content\\\/uploads\\\/2016\\\/06\\\/fotonoticia_20160601104937_800.jpg\",\"@id\":\"https:\\\/\\\/eldigitaldeasturias.com\\\/magazine365\\\/amadeus-y-emirates-renuevan-su-acuerdo-de-distribucion-global\\\/#mainImage\",\"width\":800,\"height\":463},\"primaryImageOfPage\":{\"@id\":\"https:\\\/\\\/eldigitaldeasturias.com\\\/magazine365\\\/amadeus-y-emirates-renuevan-su-acuerdo-de-distribucion-global\\\/#mainImage\"},\"datePublished\":\"2016-06-02T07:08:58+02:00\",\"dateModified\":\"2016-06-02T07:08:58+02:00\"},{\"@type\":\"WebSite\",\"@id\":\"https:\\\/\\\/eldigitaldeasturias.com\\\/magazine365\\\/#website\",\"url\":\"https:\\\/\\\/eldigitaldeasturias.com\\\/magazine365\\\/\",\"name\":\"El Digital de Asturias\",\"description\":\"Revista de ocio, turismo y estilo de vida\",\"inLanguage\":\"es-ES\",\"publisher\":{\"@id\":\"https:\\\/\\\/eldigitaldeasturias.com\\\/magazine365\\\/#organization\"}}]}\n\t\t<\/script>\n\t\t<!-- All in One SEO Pro -->\r\n\t\t<title>Amadeus y Emirates renuevan su acuerdo de distribuci\u00f3n global | El Digital de Asturias<\/title>\n\n","aioseo_head_json":{"title":"Amadeus y Emirates renuevan su acuerdo de distribuci\u00f3n global | El Digital de Asturias","description":"Amadeus ha renovado con Emirates su acuerdo de distribuci\u00f3n global que garantizar\u00e1 el acceso de las agencias de viajes y los viajeros conectados al proveedor en todo el mundo al inventario integral de tarifas y vuelos de la l\u00ednea a\u00e9rea, inform\u00f3 la firma tecnol\u00f3gica de servicios tur\u00edsticos. En virtud del acuerdo, los contenidos de Emirates","canonical_url":"https:\/\/eldigitaldeasturias.com\/magazine365\/amadeus-y-emirates-renuevan-su-acuerdo-de-distribucion-global\/","robots":"max-image-preview:large","keywords":"noticias y actualidad","webmasterTools":{"google-site-verification":"UA-38556648-1","miscellaneous":""},"schema":{"@context":"https:\/\/schema.org","@graph":[{"@type":"Article","@id":"https:\/\/eldigitaldeasturias.com\/magazine365\/amadeus-y-emirates-renuevan-su-acuerdo-de-distribucion-global\/#article","name":"Amadeus y Emirates renuevan su acuerdo de distribuci\u00f3n global | El Digital de Asturias","headline":"Amadeus y Emirates renuevan su acuerdo de distribuci\u00f3n global","author":{"@id":"https:\/\/eldigitaldeasturias.com\/magazine365\/author\/admin\/#author"},"publisher":{"@id":"https:\/\/eldigitaldeasturias.com\/magazine365\/#organization"},"image":{"@type":"ImageObject","url":"https:\/\/eldigitaldeasturias.com\/magazine365\/wp-content\/uploads\/2016\/06\/fotonoticia_20160601104937_800.jpg","width":800,"height":463},"datePublished":"2016-06-02T07:08:58+02:00","dateModified":"2016-06-02T07:08:58+02:00","inLanguage":"es-ES","mainEntityOfPage":{"@id":"https:\/\/eldigitaldeasturias.com\/magazine365\/amadeus-y-emirates-renuevan-su-acuerdo-de-distribucion-global\/#webpage"},"isPartOf":{"@id":"https:\/\/eldigitaldeasturias.com\/magazine365\/amadeus-y-emirates-renuevan-su-acuerdo-de-distribucion-global\/#webpage"},"articleSection":"Noticias y Actualidad"},{"@type":"BreadcrumbList","@id":"https:\/\/eldigitaldeasturias.com\/magazine365\/amadeus-y-emirates-renuevan-su-acuerdo-de-distribucion-global\/#breadcrumblist","itemListElement":[{"@type":"ListItem","@id":"https:\/\/eldigitaldeasturias.com\/magazine365#listItem","position":1,"name":"Home","item":"https:\/\/eldigitaldeasturias.com\/magazine365","nextItem":{"@type":"ListItem","@id":"https:\/\/eldigitaldeasturias.com\/magazine365\/category\/noticias-actualidad\/#listItem","name":"Noticias y Actualidad"}},{"@type":"ListItem","@id":"https:\/\/eldigitaldeasturias.com\/magazine365\/category\/noticias-actualidad\/#listItem","position":2,"name":"Noticias y Actualidad","item":"https:\/\/eldigitaldeasturias.com\/magazine365\/category\/noticias-actualidad\/","nextItem":{"@type":"ListItem","@id":"https:\/\/eldigitaldeasturias.com\/magazine365\/amadeus-y-emirates-renuevan-su-acuerdo-de-distribucion-global\/#listItem","name":"Amadeus y Emirates renuevan su acuerdo de distribuci\u00f3n global"},"previousItem":{"@type":"ListItem","@id":"https:\/\/eldigitaldeasturias.com\/magazine365#listItem","name":"Home"}},{"@type":"ListItem","@id":"https:\/\/eldigitaldeasturias.com\/magazine365\/amadeus-y-emirates-renuevan-su-acuerdo-de-distribucion-global\/#listItem","position":3,"name":"Amadeus y Emirates renuevan su acuerdo de distribuci\u00f3n global","previousItem":{"@type":"ListItem","@id":"https:\/\/eldigitaldeasturias.com\/magazine365\/category\/noticias-actualidad\/#listItem","name":"Noticias y Actualidad"}}]},{"@type":"Organization","@id":"https:\/\/eldigitaldeasturias.com\/magazine365\/#organization","name":"El digital de Asturias","description":"Revista de ocio, turismo y estilo de vida","url":"https:\/\/eldigitaldeasturias.com\/magazine365\/","logo":{"@type":"ImageObject","url":"https:\/\/www.eldigitaldeasturias.com\/noticias\/wp-content\/uploads\/2020\/12\/EDA.jpg","@id":"https:\/\/eldigitaldeasturias.com\/magazine365\/amadeus-y-emirates-renuevan-su-acuerdo-de-distribucion-global\/#organizationLogo"},"image":{"@id":"https:\/\/eldigitaldeasturias.com\/magazine365\/amadeus-y-emirates-renuevan-su-acuerdo-de-distribucion-global\/#organizationLogo"}},{"@type":"Person","@id":"https:\/\/eldigitaldeasturias.com\/magazine365\/author\/admin\/#author","url":"https:\/\/eldigitaldeasturias.com\/magazine365\/author\/admin\/","name":"admin","image":{"@type":"ImageObject","@id":"https:\/\/eldigitaldeasturias.com\/magazine365\/amadeus-y-emirates-renuevan-su-acuerdo-de-distribucion-global\/#authorImage","url":"https:\/\/eldigitaldeasturias.com\/magazine365\/wp-content\/litespeed\/avatar\/e571bcf59a0edd6fa6838245a470f2fe.jpg?ver=1776969259","width":96,"height":96,"caption":"admin"}},{"@type":"WebPage","@id":"https:\/\/eldigitaldeasturias.com\/magazine365\/amadeus-y-emirates-renuevan-su-acuerdo-de-distribucion-global\/#webpage","url":"https:\/\/eldigitaldeasturias.com\/magazine365\/amadeus-y-emirates-renuevan-su-acuerdo-de-distribucion-global\/","name":"Amadeus y Emirates renuevan su acuerdo de distribuci\u00f3n global | El Digital de Asturias","description":"Amadeus ha renovado con Emirates su acuerdo de distribuci\u00f3n global que garantizar\u00e1 el acceso de las agencias de viajes y los viajeros conectados al proveedor en todo el mundo al inventario integral de tarifas y vuelos de la l\u00ednea a\u00e9rea, inform\u00f3 la firma tecnol\u00f3gica de servicios tur\u00edsticos. En virtud del acuerdo, los contenidos de Emirates","inLanguage":"es-ES","isPartOf":{"@id":"https:\/\/eldigitaldeasturias.com\/magazine365\/#website"},"breadcrumb":{"@id":"https:\/\/eldigitaldeasturias.com\/magazine365\/amadeus-y-emirates-renuevan-su-acuerdo-de-distribucion-global\/#breadcrumblist"},"author":{"@id":"https:\/\/eldigitaldeasturias.com\/magazine365\/author\/admin\/#author"},"creator":{"@id":"https:\/\/eldigitaldeasturias.com\/magazine365\/author\/admin\/#author"},"image":{"@type":"ImageObject","url":"https:\/\/eldigitaldeasturias.com\/magazine365\/wp-content\/uploads\/2016\/06\/fotonoticia_20160601104937_800.jpg","@id":"https:\/\/eldigitaldeasturias.com\/magazine365\/amadeus-y-emirates-renuevan-su-acuerdo-de-distribucion-global\/#mainImage","width":800,"height":463},"primaryImageOfPage":{"@id":"https:\/\/eldigitaldeasturias.com\/magazine365\/amadeus-y-emirates-renuevan-su-acuerdo-de-distribucion-global\/#mainImage"},"datePublished":"2016-06-02T07:08:58+02:00","dateModified":"2016-06-02T07:08:58+02:00"},{"@type":"WebSite","@id":"https:\/\/eldigitaldeasturias.com\/magazine365\/#website","url":"https:\/\/eldigitaldeasturias.com\/magazine365\/","name":"El Digital de Asturias","description":"Revista de ocio, turismo y estilo de vida","inLanguage":"es-ES","publisher":{"@id":"https:\/\/eldigitaldeasturias.com\/magazine365\/#organization"}}]},"og:locale":"es_ES","og:site_name":"El Digital de Asturias \u2013 Revista de ocio, turismo y estilo de vida","og:type":"article","og:title":"Amadeus y Emirates renuevan su acuerdo de distribuci\u00f3n global | El Digital de Asturias","og:description":"Amadeus ha renovado con Emirates su acuerdo de distribuci\u00f3n global que garantizar\u00e1 el acceso de las agencias de viajes y los viajeros conectados al proveedor en todo el mundo al inventario integral de tarifas y vuelos de la l\u00ednea a\u00e9rea, inform\u00f3 la firma tecnol\u00f3gica de servicios tur\u00edsticos. En virtud del acuerdo, los contenidos de Emirates","og:url":"https:\/\/eldigitaldeasturias.com\/magazine365\/amadeus-y-emirates-renuevan-su-acuerdo-de-distribucion-global\/","og:image":"https:\/\/eldigitaldeasturias.com\/magazine365\/wp-content\/uploads\/2016\/06\/fotonoticia_20160601104937_800.jpg","og:image:secure_url":"https:\/\/eldigitaldeasturias.com\/magazine365\/wp-content\/uploads\/2016\/06\/fotonoticia_20160601104937_800.jpg","og:image:width":800,"og:image:height":463,"article:published_time":"2016-06-02T05:08:58+00:00","article:modified_time":"2016-06-02T05:08:58+00:00","twitter:card":"summary_large_image","twitter:title":"Amadeus y Emirates renuevan su acuerdo de distribuci\u00f3n global | El Digital de Asturias","twitter:description":"Amadeus ha renovado con Emirates su acuerdo de distribuci\u00f3n global que garantizar\u00e1 el acceso de las agencias de viajes y los viajeros conectados al proveedor en todo el mundo al inventario integral de tarifas y vuelos de la l\u00ednea a\u00e9rea, inform\u00f3 la firma tecnol\u00f3gica de servicios tur\u00edsticos. En virtud del acuerdo, los contenidos de Emirates","twitter:image":"https:\/\/eldigitaldeasturias.com\/magazine365\/wp-content\/uploads\/2016\/06\/fotonoticia_20160601104937_800.jpg"},"aioseo_meta_data":{"post_id":"77430","title":null,"description":null,"keywords":null,"keyphrases":null,"primary_term":null,"canonical_url":null,"og_title":null,"og_description":null,"og_object_type":"default","og_image_type":"default","og_image_url":null,"og_image_width":null,"og_image_height":null,"og_image_custom_url":null,"og_image_custom_fields":null,"og_video":null,"og_custom_url":null,"og_article_section":null,"og_article_tags":null,"twitter_use_og":false,"twitter_card":"default","twitter_image_type":"default","twitter_image_url":null,"twitter_image_custom_url":null,"twitter_image_custom_fields":null,"twitter_title":null,"twitter_description":null,"schema":{"blockGraphs":[],"customGraphs":[],"default":{"data":{"Article":[],"Course":[],"Dataset":[],"FAQPage":[],"Movie":[],"Person":[],"Product":[],"ProductReview":[],"Car":[],"Recipe":[],"Service":[],"SoftwareApplication":[],"WebPage":[]},"graphName":"","isEnabled":true},"graphs":[],"defaultGraph":"","defaultPostTypeGraph":""},"schema_type":null,"schema_type_options":null,"pillar_content":false,"robots_default":true,"robots_noindex":false,"robots_noarchive":false,"robots_nosnippet":false,"robots_nofollow":false,"robots_noimageindex":false,"robots_noodp":false,"robots_notranslate":false,"robots_max_snippet":null,"robots_max_videopreview":null,"robots_max_imagepreview":"large","priority":null,"frequency":null,"location":null,"local_seo":null,"seo_analyzer_scan_date":"2025-09-27 14:51:16","breadcrumb_settings":null,"limit_modified_date":false,"open_ai":null,"ai":null,"created":"2021-03-08 18:15:19","updated":"2025-09-27 14:51:16"},"aioseo_breadcrumb":"<div class=\"aioseo-breadcrumbs\"><span class=\"aioseo-breadcrumb\">\n\t<a href=\"https:\/\/eldigitaldeasturias.com\/magazine365\" title=\"Home\">Home<\/a>\n<\/span><span class=\"aioseo-breadcrumb-separator\">\u2013<\/span><span class=\"aioseo-breadcrumb\">\n\t<a href=\"https:\/\/eldigitaldeasturias.com\/magazine365\/category\/noticias-actualidad\/\" title=\"Noticias y Actualidad\">Noticias y Actualidad<\/a>\n<\/span><span class=\"aioseo-breadcrumb-separator\">\u2013<\/span><span class=\"aioseo-breadcrumb\">\n\t<a href=\"https:\/\/eldigitaldeasturias.com\/magazine365\/amadeus-y-emirates-renuevan-su-acuerdo-de-distribucion-global\/\" title=\"Amadeus y Emirates renuevan su acuerdo de distribuci\u00f3n global\">Amadeus y Emirates renuevan su acuerdo de distribuci\u00f3n global<\/a>\n<\/span><\/div>","aioseo_breadcrumb_json":[{"label":"Home","link":"https:\/\/eldigitaldeasturias.com\/magazine365"},{"label":"Noticias y Actualidad","link":"https:\/\/eldigitaldeasturias.com\/magazine365\/category\/noticias-actualidad\/"},{"label":"Amadeus y Emirates renuevan su acuerdo de distribuci\u00f3n global","link":"https:\/\/eldigitaldeasturias.com\/magazine365\/amadeus-y-emirates-renuevan-su-acuerdo-de-distribucion-global\/"}],"_links":{"self":[{"href":"https:\/\/eldigitaldeasturias.com\/magazine365\/wp-json\/wp\/v2\/posts\/77430","targetHints":{"allow":["GET"]}}],"collection":[{"href":"https:\/\/eldigitaldeasturias.com\/magazine365\/wp-json\/wp\/v2\/posts"}],"about":[{"href":"https:\/\/eldigitaldeasturias.com\/magazine365\/wp-json\/wp\/v2\/types\/post"}],"author":[{"embeddable":true,"href":"https:\/\/eldigitaldeasturias.com\/magazine365\/wp-json\/wp\/v2\/users\/1"}],"replies":[{"embeddable":true,"href":"https:\/\/eldigitaldeasturias.com\/magazine365\/wp-json\/wp\/v2\/comments?post=77430"}],"version-history":[{"count":0,"href":"https:\/\/eldigitaldeasturias.com\/magazine365\/wp-json\/wp\/v2\/posts\/77430\/revisions"}],"wp:featuredmedia":[{"embeddable":true,"href":"https:\/\/eldigitaldeasturias.com\/magazine365\/wp-json\/wp\/v2\/media\/77431"}],"wp:attachment":[{"href":"https:\/\/eldigitaldeasturias.com\/magazine365\/wp-json\/wp\/v2\/media?parent=77430"}],"wp:term":[{"taxonomy":"category","embeddable":true,"href":"https:\/\/eldigitaldeasturias.com\/magazine365\/wp-json\/wp\/v2\/categories?post=77430"},{"taxonomy":"post_tag","embeddable":true,"href":"https:\/\/eldigitaldeasturias.com\/magazine365\/wp-json\/wp\/v2\/tags?post=77430"}],"curies":[{"name":"wp","href":"https:\/\/api.w.org\/{rel}","templated":true}]}}