{"id":77405,"date":"2016-06-02T06:57:45","date_gmt":"2016-06-02T04:57:45","guid":{"rendered":"http:\/\/eldigitaldeasturias.com\/magazine365\/?p=77405"},"modified":"2016-06-02T06:57:45","modified_gmt":"2016-06-02T04:57:45","slug":"cartagena-sabor-inaugura-su-oferta-gastronomica-en-el-muelle-de-alfonso-xii","status":"publish","type":"post","link":"https:\/\/eldigitaldeasturias.com\/magazine365\/cartagena-sabor-inaugura-su-oferta-gastronomica-en-el-muelle-de-alfonso-xii\/","title":{"rendered":"Cartagena Sabor inaugura su oferta gastron\u00f3mica en el Muelle de Alfonso XII"},"content":{"rendered":"<p><img fetchpriority=\"high\" decoding=\"async\" class=\"alignleft size-medium wp-image-77406\" src=\"https:\/\/eldigitaldeasturias.com\/magazine365\/wp-content\/uploads\/2016\/06\/fotonoticia_20160601092918_800-360x207.jpg\" alt=\"fotonoticia_20160601092918_800\" width=\"360\" height=\"207\" srcset=\"https:\/\/eldigitaldeasturias.com\/magazine365\/wp-content\/uploads\/2016\/06\/fotonoticia_20160601092918_800-360x207.jpg 360w, https:\/\/eldigitaldeasturias.com\/magazine365\/wp-content\/uploads\/2016\/06\/fotonoticia_20160601092918_800-650x373.jpg 650w, https:\/\/eldigitaldeasturias.com\/magazine365\/wp-content\/uploads\/2016\/06\/fotonoticia_20160601092918_800-768x441.jpg 768w, https:\/\/eldigitaldeasturias.com\/magazine365\/wp-content\/uploads\/2016\/06\/fotonoticia_20160601092918_800-150x86.jpg 150w, https:\/\/eldigitaldeasturias.com\/magazine365\/wp-content\/uploads\/2016\/06\/fotonoticia_20160601092918_800-450x258.jpg 450w, https:\/\/eldigitaldeasturias.com\/magazine365\/wp-content\/uploads\/2016\/06\/fotonoticia_20160601092918_800-172x100.jpg 172w, https:\/\/eldigitaldeasturias.com\/magazine365\/wp-content\/uploads\/2016\/06\/fotonoticia_20160601092918_800.jpg 800w\" sizes=\"(max-width: 360px) 100vw, 360px\" \/>Tapas, platos internacionales, postres y bebidas llevar\u00e1n una amplia oferta gastron\u00f3mica a la quinta edici\u00f3n de la feria Cartagena Sabor, que se celebra desde este mi\u00e9rcoles hasta el domingo, en el Muelle de Alfonso XII.<\/p>\n<p>Un total de 24 establecimientos hosteleros participan en esta nueva edici\u00f3n que presenta dos novedades. Por un lado, la participaci\u00f3n de un establecimiento m\u00e1s y, por otro, la nueva ubicaci\u00f3n en el Muelle de Alfonso XII como enclave \u00fanico mirando al mar.<\/p>\n<p>Cartagena Sabor se compone en esta edici\u00f3n de una variada oferta de tapas elaboradas por grandes restauradores de la ciudad que incluye gastronom\u00eda t\u00edpica de la ciudad, platos internacionales, diferentes tipo de postres y bebidas como vinos, limonadas o el t\u00edpico caf\u00e9 cartagenero asi\u00e1tico para acompa\u00f1ar las muestras gastron\u00f3micas.<\/p>\n<p>La inauguraci\u00f3n tendr\u00e1 lugar el mi\u00e9rcoles, 1 de junio, a las 19.30 horas y contar\u00e1 con la asistencia de la vicealcaldesa, Ana Bel\u00e9n Castej\u00f3n.<\/p>\n<p>Los interesados en degustar estas tapas podr\u00e1n visitar el recinto de la muestra culinaria en horario de 12.30 a 17.00 horas y de 20.00 a 1.00 horas.<\/p>\n<p>Adem\u00e1s, esta cita cargada de sabor tiene programadas otras actividades de ocio para toda la familia. Los interesados en el mundo de la cocina podr\u00e1n asistir a diferentes show cookings (demostraciones culinarias) en los que participar\u00e1n desde alumnos y profesores de la Escuela de Hosteler\u00eda de Cartagena.<\/p>\n<p>Para los que disfruten con m\u00fasica en directo, los grupos Loco Bill, Los Happys, Stolen Cover band y American Pie pondr\u00e1n la nota musical al evento. Para los m\u00e1s peque\u00f1os, el recinto contar\u00e1 con una zona infantil de ocio y juegos destinada al p\u00fablico infantil.<\/p>\n","protected":false},"excerpt":{"rendered":"<p>Tapas, platos internacionales, postres y bebidas llevar\u00e1n una amplia oferta gastron\u00f3mica a la quinta edici\u00f3n de la feria Cartagena Sabor, que se celebra desde este mi\u00e9rcoles hasta el domingo, en el Muelle de Alfonso XII. Un total de 24 establecimientos hosteleros participan en esta nueva edici\u00f3n que presenta dos novedades. Por un lado, la participaci\u00f3n<\/p>\n","protected":false},"author":1,"featured_media":77406,"comment_status":"open","ping_status":"closed","sticky":false,"template":"","format":"standard","meta":{"footnotes":""},"categories":[224],"tags":[],"class_list":{"0":"post-77405","1":"post","2":"type-post","3":"status-publish","4":"format-standard","5":"has-post-thumbnail","7":"category-noticias-actualidad"},"aioseo_notices":[],"aioseo_head":"\n\t\t<!-- All in One SEO Pro 4.9.6.1 - aioseo.com -->\n\t<meta name=\"description\" content=\"Tapas, platos internacionales, postres y bebidas llevar\u00e1n una amplia oferta gastron\u00f3mica a la quinta edici\u00f3n de la feria Cartagena Sabor, que se celebra desde este mi\u00e9rcoles hasta el domingo, en el Muelle de Alfonso XII. Un total de 24 establecimientos hosteleros participan en esta nueva edici\u00f3n que presenta dos novedades. Por un lado, la participaci\u00f3n\" \/>\n\t<meta name=\"robots\" content=\"max-image-preview:large\" \/>\n\t<meta name=\"author\" content=\"admin\"\/>\n\t<meta name=\"google-site-verification\" content=\"UA-38556648-1\" \/>\n\t<meta name=\"keywords\" content=\"noticias y actualidad\" \/>\n\t<link rel=\"canonical\" href=\"https:\/\/eldigitaldeasturias.com\/magazine365\/cartagena-sabor-inaugura-su-oferta-gastronomica-en-el-muelle-de-alfonso-xii\/\" \/>\n\t<meta name=\"generator\" content=\"All in One SEO Pro (AIOSEO) 4.9.6.1\" \/>\n\t\t<meta property=\"og:locale\" content=\"es_ES\" \/>\n\t\t<meta property=\"og:site_name\" content=\"El Digital de Asturias \u2013 Revista de ocio, turismo y estilo de vida\" \/>\n\t\t<meta property=\"og:type\" content=\"article\" \/>\n\t\t<meta property=\"og:title\" content=\"Cartagena Sabor inaugura su oferta gastron\u00f3mica en el Muelle de Alfonso XII | El Digital de Asturias\" \/>\n\t\t<meta property=\"og:description\" content=\"Tapas, platos internacionales, postres y bebidas llevar\u00e1n una amplia oferta gastron\u00f3mica a la quinta edici\u00f3n de la feria Cartagena Sabor, que se celebra desde este mi\u00e9rcoles hasta el domingo, en el Muelle de Alfonso XII. Un total de 24 establecimientos hosteleros participan en esta nueva edici\u00f3n que presenta dos novedades. Por un lado, la participaci\u00f3n\" \/>\n\t\t<meta property=\"og:url\" content=\"https:\/\/eldigitaldeasturias.com\/magazine365\/cartagena-sabor-inaugura-su-oferta-gastronomica-en-el-muelle-de-alfonso-xii\/\" \/>\n\t\t<meta property=\"og:image\" content=\"https:\/\/eldigitaldeasturias.com\/magazine365\/wp-content\/uploads\/2016\/06\/fotonoticia_20160601092918_800.jpg\" \/>\n\t\t<meta property=\"og:image:secure_url\" content=\"https:\/\/eldigitaldeasturias.com\/magazine365\/wp-content\/uploads\/2016\/06\/fotonoticia_20160601092918_800.jpg\" \/>\n\t\t<meta property=\"og:image:width\" content=\"800\" \/>\n\t\t<meta property=\"og:image:height\" content=\"459\" \/>\n\t\t<meta property=\"article:published_time\" content=\"2016-06-02T04:57:45+00:00\" \/>\n\t\t<meta property=\"article:modified_time\" content=\"2016-06-02T04:57:45+00:00\" \/>\n\t\t<meta name=\"twitter:card\" content=\"summary_large_image\" \/>\n\t\t<meta name=\"twitter:title\" content=\"Cartagena Sabor inaugura su oferta gastron\u00f3mica en el Muelle de Alfonso XII | El Digital de Asturias\" \/>\n\t\t<meta name=\"twitter:description\" content=\"Tapas, platos internacionales, postres y bebidas llevar\u00e1n una amplia oferta gastron\u00f3mica a la quinta edici\u00f3n de la feria Cartagena Sabor, que se celebra desde este mi\u00e9rcoles hasta el domingo, en el Muelle de Alfonso XII. Un total de 24 establecimientos hosteleros participan en esta nueva edici\u00f3n que presenta dos novedades. Por un lado, la participaci\u00f3n\" \/>\n\t\t<meta name=\"twitter:image\" content=\"https:\/\/eldigitaldeasturias.com\/magazine365\/wp-content\/uploads\/2016\/06\/fotonoticia_20160601092918_800.jpg\" \/>\n\t\t<script type=\"application\/ld+json\" class=\"aioseo-schema\">\n\t\t\t{\"@context\":\"https:\\\/\\\/schema.org\",\"@graph\":[{\"@type\":\"Article\",\"@id\":\"https:\\\/\\\/eldigitaldeasturias.com\\\/magazine365\\\/cartagena-sabor-inaugura-su-oferta-gastronomica-en-el-muelle-de-alfonso-xii\\\/#article\",\"name\":\"Cartagena Sabor inaugura su oferta gastron\\u00f3mica en el Muelle de Alfonso XII | El Digital de Asturias\",\"headline\":\"Cartagena Sabor inaugura su oferta gastron\\u00f3mica en el Muelle de Alfonso XII\",\"author\":{\"@id\":\"https:\\\/\\\/eldigitaldeasturias.com\\\/magazine365\\\/author\\\/admin\\\/#author\"},\"publisher\":{\"@id\":\"https:\\\/\\\/eldigitaldeasturias.com\\\/magazine365\\\/#organization\"},\"image\":{\"@type\":\"ImageObject\",\"url\":\"https:\\\/\\\/eldigitaldeasturias.com\\\/magazine365\\\/wp-content\\\/uploads\\\/2016\\\/06\\\/fotonoticia_20160601092918_800.jpg\",\"width\":800,\"height\":459},\"datePublished\":\"2016-06-02T06:57:45+02:00\",\"dateModified\":\"2016-06-02T06:57:45+02:00\",\"inLanguage\":\"es-ES\",\"mainEntityOfPage\":{\"@id\":\"https:\\\/\\\/eldigitaldeasturias.com\\\/magazine365\\\/cartagena-sabor-inaugura-su-oferta-gastronomica-en-el-muelle-de-alfonso-xii\\\/#webpage\"},\"isPartOf\":{\"@id\":\"https:\\\/\\\/eldigitaldeasturias.com\\\/magazine365\\\/cartagena-sabor-inaugura-su-oferta-gastronomica-en-el-muelle-de-alfonso-xii\\\/#webpage\"},\"articleSection\":\"Noticias y Actualidad\"},{\"@type\":\"BreadcrumbList\",\"@id\":\"https:\\\/\\\/eldigitaldeasturias.com\\\/magazine365\\\/cartagena-sabor-inaugura-su-oferta-gastronomica-en-el-muelle-de-alfonso-xii\\\/#breadcrumblist\",\"itemListElement\":[{\"@type\":\"ListItem\",\"@id\":\"https:\\\/\\\/eldigitaldeasturias.com\\\/magazine365#listItem\",\"position\":1,\"name\":\"Home\",\"item\":\"https:\\\/\\\/eldigitaldeasturias.com\\\/magazine365\",\"nextItem\":{\"@type\":\"ListItem\",\"@id\":\"https:\\\/\\\/eldigitaldeasturias.com\\\/magazine365\\\/category\\\/noticias-actualidad\\\/#listItem\",\"name\":\"Noticias y Actualidad\"}},{\"@type\":\"ListItem\",\"@id\":\"https:\\\/\\\/eldigitaldeasturias.com\\\/magazine365\\\/category\\\/noticias-actualidad\\\/#listItem\",\"position\":2,\"name\":\"Noticias y Actualidad\",\"item\":\"https:\\\/\\\/eldigitaldeasturias.com\\\/magazine365\\\/category\\\/noticias-actualidad\\\/\",\"nextItem\":{\"@type\":\"ListItem\",\"@id\":\"https:\\\/\\\/eldigitaldeasturias.com\\\/magazine365\\\/cartagena-sabor-inaugura-su-oferta-gastronomica-en-el-muelle-de-alfonso-xii\\\/#listItem\",\"name\":\"Cartagena Sabor inaugura su oferta gastron\\u00f3mica en el Muelle de Alfonso XII\"},\"previousItem\":{\"@type\":\"ListItem\",\"@id\":\"https:\\\/\\\/eldigitaldeasturias.com\\\/magazine365#listItem\",\"name\":\"Home\"}},{\"@type\":\"ListItem\",\"@id\":\"https:\\\/\\\/eldigitaldeasturias.com\\\/magazine365\\\/cartagena-sabor-inaugura-su-oferta-gastronomica-en-el-muelle-de-alfonso-xii\\\/#listItem\",\"position\":3,\"name\":\"Cartagena Sabor inaugura su oferta gastron\\u00f3mica en el Muelle de Alfonso XII\",\"previousItem\":{\"@type\":\"ListItem\",\"@id\":\"https:\\\/\\\/eldigitaldeasturias.com\\\/magazine365\\\/category\\\/noticias-actualidad\\\/#listItem\",\"name\":\"Noticias y Actualidad\"}}]},{\"@type\":\"Organization\",\"@id\":\"https:\\\/\\\/eldigitaldeasturias.com\\\/magazine365\\\/#organization\",\"name\":\"El digital de Asturias\",\"description\":\"Revista de ocio, turismo y estilo de vida\",\"url\":\"https:\\\/\\\/eldigitaldeasturias.com\\\/magazine365\\\/\",\"logo\":{\"@type\":\"ImageObject\",\"url\":\"https:\\\/\\\/www.eldigitaldeasturias.com\\\/noticias\\\/wp-content\\\/uploads\\\/2020\\\/12\\\/EDA.jpg\",\"@id\":\"https:\\\/\\\/eldigitaldeasturias.com\\\/magazine365\\\/cartagena-sabor-inaugura-su-oferta-gastronomica-en-el-muelle-de-alfonso-xii\\\/#organizationLogo\"},\"image\":{\"@id\":\"https:\\\/\\\/eldigitaldeasturias.com\\\/magazine365\\\/cartagena-sabor-inaugura-su-oferta-gastronomica-en-el-muelle-de-alfonso-xii\\\/#organizationLogo\"}},{\"@type\":\"Person\",\"@id\":\"https:\\\/\\\/eldigitaldeasturias.com\\\/magazine365\\\/author\\\/admin\\\/#author\",\"url\":\"https:\\\/\\\/eldigitaldeasturias.com\\\/magazine365\\\/author\\\/admin\\\/\",\"name\":\"admin\",\"image\":{\"@type\":\"ImageObject\",\"@id\":\"https:\\\/\\\/eldigitaldeasturias.com\\\/magazine365\\\/cartagena-sabor-inaugura-su-oferta-gastronomica-en-el-muelle-de-alfonso-xii\\\/#authorImage\",\"url\":\"https:\\\/\\\/eldigitaldeasturias.com\\\/magazine365\\\/wp-content\\\/litespeed\\\/avatar\\\/e571bcf59a0edd6fa6838245a470f2fe.jpg?ver=1776969259\",\"width\":96,\"height\":96,\"caption\":\"admin\"}},{\"@type\":\"WebPage\",\"@id\":\"https:\\\/\\\/eldigitaldeasturias.com\\\/magazine365\\\/cartagena-sabor-inaugura-su-oferta-gastronomica-en-el-muelle-de-alfonso-xii\\\/#webpage\",\"url\":\"https:\\\/\\\/eldigitaldeasturias.com\\\/magazine365\\\/cartagena-sabor-inaugura-su-oferta-gastronomica-en-el-muelle-de-alfonso-xii\\\/\",\"name\":\"Cartagena Sabor inaugura su oferta gastron\\u00f3mica en el Muelle de Alfonso XII | El Digital de Asturias\",\"description\":\"Tapas, platos internacionales, postres y bebidas llevar\\u00e1n una amplia oferta gastron\\u00f3mica a la quinta edici\\u00f3n de la feria Cartagena Sabor, que se celebra desde este mi\\u00e9rcoles hasta el domingo, en el Muelle de Alfonso XII. Un total de 24 establecimientos hosteleros participan en esta nueva edici\\u00f3n que presenta dos novedades. Por un lado, la participaci\\u00f3n\",\"inLanguage\":\"es-ES\",\"isPartOf\":{\"@id\":\"https:\\\/\\\/eldigitaldeasturias.com\\\/magazine365\\\/#website\"},\"breadcrumb\":{\"@id\":\"https:\\\/\\\/eldigitaldeasturias.com\\\/magazine365\\\/cartagena-sabor-inaugura-su-oferta-gastronomica-en-el-muelle-de-alfonso-xii\\\/#breadcrumblist\"},\"author\":{\"@id\":\"https:\\\/\\\/eldigitaldeasturias.com\\\/magazine365\\\/author\\\/admin\\\/#author\"},\"creator\":{\"@id\":\"https:\\\/\\\/eldigitaldeasturias.com\\\/magazine365\\\/author\\\/admin\\\/#author\"},\"image\":{\"@type\":\"ImageObject\",\"url\":\"https:\\\/\\\/eldigitaldeasturias.com\\\/magazine365\\\/wp-content\\\/uploads\\\/2016\\\/06\\\/fotonoticia_20160601092918_800.jpg\",\"@id\":\"https:\\\/\\\/eldigitaldeasturias.com\\\/magazine365\\\/cartagena-sabor-inaugura-su-oferta-gastronomica-en-el-muelle-de-alfonso-xii\\\/#mainImage\",\"width\":800,\"height\":459},\"primaryImageOfPage\":{\"@id\":\"https:\\\/\\\/eldigitaldeasturias.com\\\/magazine365\\\/cartagena-sabor-inaugura-su-oferta-gastronomica-en-el-muelle-de-alfonso-xii\\\/#mainImage\"},\"datePublished\":\"2016-06-02T06:57:45+02:00\",\"dateModified\":\"2016-06-02T06:57:45+02:00\"},{\"@type\":\"WebSite\",\"@id\":\"https:\\\/\\\/eldigitaldeasturias.com\\\/magazine365\\\/#website\",\"url\":\"https:\\\/\\\/eldigitaldeasturias.com\\\/magazine365\\\/\",\"name\":\"El Digital de Asturias\",\"description\":\"Revista de ocio, turismo y estilo de vida\",\"inLanguage\":\"es-ES\",\"publisher\":{\"@id\":\"https:\\\/\\\/eldigitaldeasturias.com\\\/magazine365\\\/#organization\"}}]}\n\t\t<\/script>\n\t\t<!-- All in One SEO Pro -->\r\n\t\t<title>Cartagena Sabor inaugura su oferta gastron\u00f3mica en el Muelle de Alfonso XII | El Digital de Asturias<\/title>\n\n","aioseo_head_json":{"title":"Cartagena Sabor inaugura su oferta gastron\u00f3mica en el Muelle de Alfonso XII | El Digital de Asturias","description":"Tapas, platos internacionales, postres y bebidas llevar\u00e1n una amplia oferta gastron\u00f3mica a la quinta edici\u00f3n de la feria Cartagena Sabor, que se celebra desde este mi\u00e9rcoles hasta el domingo, en el Muelle de Alfonso XII. Un total de 24 establecimientos hosteleros participan en esta nueva edici\u00f3n que presenta dos novedades. Por un lado, la participaci\u00f3n","canonical_url":"https:\/\/eldigitaldeasturias.com\/magazine365\/cartagena-sabor-inaugura-su-oferta-gastronomica-en-el-muelle-de-alfonso-xii\/","robots":"max-image-preview:large","keywords":"noticias y actualidad","webmasterTools":{"google-site-verification":"UA-38556648-1","miscellaneous":""},"schema":{"@context":"https:\/\/schema.org","@graph":[{"@type":"Article","@id":"https:\/\/eldigitaldeasturias.com\/magazine365\/cartagena-sabor-inaugura-su-oferta-gastronomica-en-el-muelle-de-alfonso-xii\/#article","name":"Cartagena Sabor inaugura su oferta gastron\u00f3mica en el Muelle de Alfonso XII | El Digital de Asturias","headline":"Cartagena Sabor inaugura su oferta gastron\u00f3mica en el Muelle de Alfonso XII","author":{"@id":"https:\/\/eldigitaldeasturias.com\/magazine365\/author\/admin\/#author"},"publisher":{"@id":"https:\/\/eldigitaldeasturias.com\/magazine365\/#organization"},"image":{"@type":"ImageObject","url":"https:\/\/eldigitaldeasturias.com\/magazine365\/wp-content\/uploads\/2016\/06\/fotonoticia_20160601092918_800.jpg","width":800,"height":459},"datePublished":"2016-06-02T06:57:45+02:00","dateModified":"2016-06-02T06:57:45+02:00","inLanguage":"es-ES","mainEntityOfPage":{"@id":"https:\/\/eldigitaldeasturias.com\/magazine365\/cartagena-sabor-inaugura-su-oferta-gastronomica-en-el-muelle-de-alfonso-xii\/#webpage"},"isPartOf":{"@id":"https:\/\/eldigitaldeasturias.com\/magazine365\/cartagena-sabor-inaugura-su-oferta-gastronomica-en-el-muelle-de-alfonso-xii\/#webpage"},"articleSection":"Noticias y Actualidad"},{"@type":"BreadcrumbList","@id":"https:\/\/eldigitaldeasturias.com\/magazine365\/cartagena-sabor-inaugura-su-oferta-gastronomica-en-el-muelle-de-alfonso-xii\/#breadcrumblist","itemListElement":[{"@type":"ListItem","@id":"https:\/\/eldigitaldeasturias.com\/magazine365#listItem","position":1,"name":"Home","item":"https:\/\/eldigitaldeasturias.com\/magazine365","nextItem":{"@type":"ListItem","@id":"https:\/\/eldigitaldeasturias.com\/magazine365\/category\/noticias-actualidad\/#listItem","name":"Noticias y Actualidad"}},{"@type":"ListItem","@id":"https:\/\/eldigitaldeasturias.com\/magazine365\/category\/noticias-actualidad\/#listItem","position":2,"name":"Noticias y Actualidad","item":"https:\/\/eldigitaldeasturias.com\/magazine365\/category\/noticias-actualidad\/","nextItem":{"@type":"ListItem","@id":"https:\/\/eldigitaldeasturias.com\/magazine365\/cartagena-sabor-inaugura-su-oferta-gastronomica-en-el-muelle-de-alfonso-xii\/#listItem","name":"Cartagena Sabor inaugura su oferta gastron\u00f3mica en el Muelle de Alfonso XII"},"previousItem":{"@type":"ListItem","@id":"https:\/\/eldigitaldeasturias.com\/magazine365#listItem","name":"Home"}},{"@type":"ListItem","@id":"https:\/\/eldigitaldeasturias.com\/magazine365\/cartagena-sabor-inaugura-su-oferta-gastronomica-en-el-muelle-de-alfonso-xii\/#listItem","position":3,"name":"Cartagena Sabor inaugura su oferta gastron\u00f3mica en el Muelle de Alfonso XII","previousItem":{"@type":"ListItem","@id":"https:\/\/eldigitaldeasturias.com\/magazine365\/category\/noticias-actualidad\/#listItem","name":"Noticias y Actualidad"}}]},{"@type":"Organization","@id":"https:\/\/eldigitaldeasturias.com\/magazine365\/#organization","name":"El digital de Asturias","description":"Revista de ocio, turismo y estilo de vida","url":"https:\/\/eldigitaldeasturias.com\/magazine365\/","logo":{"@type":"ImageObject","url":"https:\/\/www.eldigitaldeasturias.com\/noticias\/wp-content\/uploads\/2020\/12\/EDA.jpg","@id":"https:\/\/eldigitaldeasturias.com\/magazine365\/cartagena-sabor-inaugura-su-oferta-gastronomica-en-el-muelle-de-alfonso-xii\/#organizationLogo"},"image":{"@id":"https:\/\/eldigitaldeasturias.com\/magazine365\/cartagena-sabor-inaugura-su-oferta-gastronomica-en-el-muelle-de-alfonso-xii\/#organizationLogo"}},{"@type":"Person","@id":"https:\/\/eldigitaldeasturias.com\/magazine365\/author\/admin\/#author","url":"https:\/\/eldigitaldeasturias.com\/magazine365\/author\/admin\/","name":"admin","image":{"@type":"ImageObject","@id":"https:\/\/eldigitaldeasturias.com\/magazine365\/cartagena-sabor-inaugura-su-oferta-gastronomica-en-el-muelle-de-alfonso-xii\/#authorImage","url":"https:\/\/eldigitaldeasturias.com\/magazine365\/wp-content\/litespeed\/avatar\/e571bcf59a0edd6fa6838245a470f2fe.jpg?ver=1776969259","width":96,"height":96,"caption":"admin"}},{"@type":"WebPage","@id":"https:\/\/eldigitaldeasturias.com\/magazine365\/cartagena-sabor-inaugura-su-oferta-gastronomica-en-el-muelle-de-alfonso-xii\/#webpage","url":"https:\/\/eldigitaldeasturias.com\/magazine365\/cartagena-sabor-inaugura-su-oferta-gastronomica-en-el-muelle-de-alfonso-xii\/","name":"Cartagena Sabor inaugura su oferta gastron\u00f3mica en el Muelle de Alfonso XII | El Digital de Asturias","description":"Tapas, platos internacionales, postres y bebidas llevar\u00e1n una amplia oferta gastron\u00f3mica a la quinta edici\u00f3n de la feria Cartagena Sabor, que se celebra desde este mi\u00e9rcoles hasta el domingo, en el Muelle de Alfonso XII. Un total de 24 establecimientos hosteleros participan en esta nueva edici\u00f3n que presenta dos novedades. Por un lado, la participaci\u00f3n","inLanguage":"es-ES","isPartOf":{"@id":"https:\/\/eldigitaldeasturias.com\/magazine365\/#website"},"breadcrumb":{"@id":"https:\/\/eldigitaldeasturias.com\/magazine365\/cartagena-sabor-inaugura-su-oferta-gastronomica-en-el-muelle-de-alfonso-xii\/#breadcrumblist"},"author":{"@id":"https:\/\/eldigitaldeasturias.com\/magazine365\/author\/admin\/#author"},"creator":{"@id":"https:\/\/eldigitaldeasturias.com\/magazine365\/author\/admin\/#author"},"image":{"@type":"ImageObject","url":"https:\/\/eldigitaldeasturias.com\/magazine365\/wp-content\/uploads\/2016\/06\/fotonoticia_20160601092918_800.jpg","@id":"https:\/\/eldigitaldeasturias.com\/magazine365\/cartagena-sabor-inaugura-su-oferta-gastronomica-en-el-muelle-de-alfonso-xii\/#mainImage","width":800,"height":459},"primaryImageOfPage":{"@id":"https:\/\/eldigitaldeasturias.com\/magazine365\/cartagena-sabor-inaugura-su-oferta-gastronomica-en-el-muelle-de-alfonso-xii\/#mainImage"},"datePublished":"2016-06-02T06:57:45+02:00","dateModified":"2016-06-02T06:57:45+02:00"},{"@type":"WebSite","@id":"https:\/\/eldigitaldeasturias.com\/magazine365\/#website","url":"https:\/\/eldigitaldeasturias.com\/magazine365\/","name":"El Digital de Asturias","description":"Revista de ocio, turismo y estilo de vida","inLanguage":"es-ES","publisher":{"@id":"https:\/\/eldigitaldeasturias.com\/magazine365\/#organization"}}]},"og:locale":"es_ES","og:site_name":"El Digital de Asturias \u2013 Revista de ocio, turismo y estilo de vida","og:type":"article","og:title":"Cartagena Sabor inaugura su oferta gastron\u00f3mica en el Muelle de Alfonso XII | El Digital de Asturias","og:description":"Tapas, platos internacionales, postres y bebidas llevar\u00e1n una amplia oferta gastron\u00f3mica a la quinta edici\u00f3n de la feria Cartagena Sabor, que se celebra desde este mi\u00e9rcoles hasta el domingo, en el Muelle de Alfonso XII. Un total de 24 establecimientos hosteleros participan en esta nueva edici\u00f3n que presenta dos novedades. Por un lado, la participaci\u00f3n","og:url":"https:\/\/eldigitaldeasturias.com\/magazine365\/cartagena-sabor-inaugura-su-oferta-gastronomica-en-el-muelle-de-alfonso-xii\/","og:image":"https:\/\/eldigitaldeasturias.com\/magazine365\/wp-content\/uploads\/2016\/06\/fotonoticia_20160601092918_800.jpg","og:image:secure_url":"https:\/\/eldigitaldeasturias.com\/magazine365\/wp-content\/uploads\/2016\/06\/fotonoticia_20160601092918_800.jpg","og:image:width":800,"og:image:height":459,"article:published_time":"2016-06-02T04:57:45+00:00","article:modified_time":"2016-06-02T04:57:45+00:00","twitter:card":"summary_large_image","twitter:title":"Cartagena Sabor inaugura su oferta gastron\u00f3mica en el Muelle de Alfonso XII | El Digital de Asturias","twitter:description":"Tapas, platos internacionales, postres y bebidas llevar\u00e1n una amplia oferta gastron\u00f3mica a la quinta edici\u00f3n de la feria Cartagena Sabor, que se celebra desde este mi\u00e9rcoles hasta el domingo, en el Muelle de Alfonso XII. Un total de 24 establecimientos hosteleros participan en esta nueva edici\u00f3n que presenta dos novedades. Por un lado, la participaci\u00f3n","twitter:image":"https:\/\/eldigitaldeasturias.com\/magazine365\/wp-content\/uploads\/2016\/06\/fotonoticia_20160601092918_800.jpg"},"aioseo_meta_data":{"post_id":"77405","title":null,"description":null,"keywords":null,"keyphrases":null,"primary_term":null,"canonical_url":null,"og_title":null,"og_description":null,"og_object_type":"default","og_image_type":"default","og_image_url":null,"og_image_width":null,"og_image_height":null,"og_image_custom_url":null,"og_image_custom_fields":null,"og_video":null,"og_custom_url":null,"og_article_section":null,"og_article_tags":null,"twitter_use_og":false,"twitter_card":"default","twitter_image_type":"default","twitter_image_url":null,"twitter_image_custom_url":null,"twitter_image_custom_fields":null,"twitter_title":null,"twitter_description":null,"schema":{"blockGraphs":[],"customGraphs":[],"default":{"data":{"Article":[],"Course":[],"Dataset":[],"FAQPage":[],"Movie":[],"Person":[],"Product":[],"ProductReview":[],"Car":[],"Recipe":[],"Service":[],"SoftwareApplication":[],"WebPage":[]},"graphName":"","isEnabled":true},"graphs":[],"defaultGraph":"","defaultPostTypeGraph":""},"schema_type":null,"schema_type_options":null,"pillar_content":false,"robots_default":true,"robots_noindex":false,"robots_noarchive":false,"robots_nosnippet":false,"robots_nofollow":false,"robots_noimageindex":false,"robots_noodp":false,"robots_notranslate":false,"robots_max_snippet":null,"robots_max_videopreview":null,"robots_max_imagepreview":"large","priority":null,"frequency":null,"location":null,"local_seo":null,"seo_analyzer_scan_date":"2025-09-27 14:48:10","breadcrumb_settings":null,"limit_modified_date":false,"open_ai":null,"ai":null,"created":"2021-03-08 18:15:19","updated":"2025-09-27 14:48:10"},"aioseo_breadcrumb":"<div class=\"aioseo-breadcrumbs\"><span class=\"aioseo-breadcrumb\">\n\t<a href=\"https:\/\/eldigitaldeasturias.com\/magazine365\" title=\"Home\">Home<\/a>\n<\/span><span class=\"aioseo-breadcrumb-separator\">\u2013<\/span><span class=\"aioseo-breadcrumb\">\n\t<a href=\"https:\/\/eldigitaldeasturias.com\/magazine365\/category\/noticias-actualidad\/\" title=\"Noticias y Actualidad\">Noticias y Actualidad<\/a>\n<\/span><span class=\"aioseo-breadcrumb-separator\">\u2013<\/span><span class=\"aioseo-breadcrumb\">\n\t<a href=\"https:\/\/eldigitaldeasturias.com\/magazine365\/cartagena-sabor-inaugura-su-oferta-gastronomica-en-el-muelle-de-alfonso-xii\/\" title=\"Cartagena Sabor inaugura su oferta gastron\u00f3mica en el Muelle de Alfonso XII\">Cartagena Sabor inaugura su oferta gastron\u00f3mica en el Muelle de Alfonso XII<\/a>\n<\/span><\/div>","aioseo_breadcrumb_json":[{"label":"Home","link":"https:\/\/eldigitaldeasturias.com\/magazine365"},{"label":"Noticias y Actualidad","link":"https:\/\/eldigitaldeasturias.com\/magazine365\/category\/noticias-actualidad\/"},{"label":"Cartagena Sabor inaugura su oferta gastron\u00f3mica en el Muelle de Alfonso XII","link":"https:\/\/eldigitaldeasturias.com\/magazine365\/cartagena-sabor-inaugura-su-oferta-gastronomica-en-el-muelle-de-alfonso-xii\/"}],"_links":{"self":[{"href":"https:\/\/eldigitaldeasturias.com\/magazine365\/wp-json\/wp\/v2\/posts\/77405","targetHints":{"allow":["GET"]}}],"collection":[{"href":"https:\/\/eldigitaldeasturias.com\/magazine365\/wp-json\/wp\/v2\/posts"}],"about":[{"href":"https:\/\/eldigitaldeasturias.com\/magazine365\/wp-json\/wp\/v2\/types\/post"}],"author":[{"embeddable":true,"href":"https:\/\/eldigitaldeasturias.com\/magazine365\/wp-json\/wp\/v2\/users\/1"}],"replies":[{"embeddable":true,"href":"https:\/\/eldigitaldeasturias.com\/magazine365\/wp-json\/wp\/v2\/comments?post=77405"}],"version-history":[{"count":0,"href":"https:\/\/eldigitaldeasturias.com\/magazine365\/wp-json\/wp\/v2\/posts\/77405\/revisions"}],"wp:featuredmedia":[{"embeddable":true,"href":"https:\/\/eldigitaldeasturias.com\/magazine365\/wp-json\/wp\/v2\/media\/77406"}],"wp:attachment":[{"href":"https:\/\/eldigitaldeasturias.com\/magazine365\/wp-json\/wp\/v2\/media?parent=77405"}],"wp:term":[{"taxonomy":"category","embeddable":true,"href":"https:\/\/eldigitaldeasturias.com\/magazine365\/wp-json\/wp\/v2\/categories?post=77405"},{"taxonomy":"post_tag","embeddable":true,"href":"https:\/\/eldigitaldeasturias.com\/magazine365\/wp-json\/wp\/v2\/tags?post=77405"}],"curies":[{"name":"wp","href":"https:\/\/api.w.org\/{rel}","templated":true}]}}