{"id":774,"date":"2014-01-12T19:24:31","date_gmt":"2014-01-12T20:24:31","guid":{"rendered":"http:\/\/eldigitaldeasturias.com\/magazine365\/?p=774"},"modified":"2014-01-12T19:24:31","modified_gmt":"2014-01-12T20:24:31","slug":"a-coruna-disena-un-mapa-musical-para-seducir-a-la-unesco-como-ciudad-creativa","status":"publish","type":"post","link":"https:\/\/eldigitaldeasturias.com\/magazine365\/a-coruna-disena-un-mapa-musical-para-seducir-a-la-unesco-como-ciudad-creativa\/","title":{"rendered":"A Coru\u00f1a dise\u00f1a un mapa musical para seducir a la Unesco como ciudad creativa"},"content":{"rendered":"<p><img fetchpriority=\"high\" decoding=\"async\" class=\"alignleft size-medium wp-image-775\" alt=\"5843491w\" src=\"https:\/\/eldigitaldeasturias.com\/magazine365\/wp-content\/uploads\/2014\/01\/5843491w-200x300.jpg\" width=\"200\" height=\"300\" srcset=\"https:\/\/eldigitaldeasturias.com\/magazine365\/wp-content\/uploads\/2014\/01\/5843491w-200x300.jpg 200w, https:\/\/eldigitaldeasturias.com\/magazine365\/wp-content\/uploads\/2014\/01\/5843491w-427x640.jpg 427w, https:\/\/eldigitaldeasturias.com\/magazine365\/wp-content\/uploads\/2014\/01\/5843491w-150x225.jpg 150w, https:\/\/eldigitaldeasturias.com\/magazine365\/wp-content\/uploads\/2014\/01\/5843491w-450x675.jpg 450w, https:\/\/eldigitaldeasturias.com\/magazine365\/wp-content\/uploads\/2014\/01\/5843491w-696x1044.jpg 696w, https:\/\/eldigitaldeasturias.com\/magazine365\/wp-content\/uploads\/2014\/01\/5843491w-280x420.jpg 280w, https:\/\/eldigitaldeasturias.com\/magazine365\/wp-content\/uploads\/2014\/01\/5843491w.jpg 700w\" sizes=\"(max-width: 200px) 100vw, 200px\" \/>A Coru\u00f1a, 12 ene (EFE).- Andr\u00e9s Precedo no tiene ninguna duda de que A Coru\u00f1a conquistar\u00e1 a la Unesco para que la declare ciudad creativa con la m\u00fasica como marca, y por ello la Asociaci\u00f3n Metropolitana Coru\u00f1a 3.0 que preside est\u00e1 elaborando un mapa musical sobre que el se dise\u00f1ar\u00e1 la candidatura.<\/p>\n<p>\u00abTenemos una fortaleza en la m\u00fasica y vamos a promover la marca internacional de A Coru\u00f1a como ciudad de la m\u00fasica\u00bb, explica en una entrevista a Efe Precedo, catedr\u00e1tico de Geograf\u00eda en la Universidad compostelana y aficionado a la m\u00fasica cl\u00e1sica y a la \u00f3pera.<\/p>\n<p>Sus planes pasan por crear una comisi\u00f3n gestora de la candidatura a final de mes y preparar un mapa musical del \u00e1rea metropolitana con unos 25 municipios sobre el que pivotar la candidatura de A Coru\u00f1a, porque \u00abaqu\u00ed nacieron personas muy creativas, hay un entorno creativo y la m\u00fasica es una especialidad destacada\u00bb, asegura.<\/p>\n<p>Pero todo esto no pueden hacerlo solos, indica Precedo, que hace un llamamiento a la sociedad para recabar apoyos y colaboraciones en \u00e1mbitos diversos, como la polifon\u00eda, la sinf\u00f3nica, la m\u00fasica pop o la tradicional gallega.<\/p>\n<p>\u00abNuestra ilusi\u00f3n es que antes de finales de 2015 pudiera ser aprobado el proyecto por la delegaci\u00f3n de la Unesco en Espa\u00f1a\u00bb, adelanta el presidente de la asociaci\u00f3n impulsora de esta candidatura, que ha mantenido esta semana una reuni\u00f3n con el alcalde de la ciudad, Carlos Negreira, en la que le ha trasladado su \u00abentusiasmo y respaldo\u00bb a la iniciativa que Precedo agradece.<\/p>\n<p>La presentaci\u00f3n de la candidatura, todav\u00eda incipiente y cuyos primeros pasos se anunciaron hace unos d\u00edas, cuenta con m\u00e1s de un a\u00f1o de trabajo antes de que la asociaci\u00f3n comenzara a funcionar, en julio, con la filosof\u00eda de una ciudad creativa en general y que ha examinado ejemplos en otros pa\u00edses europeos, sobre todo en Francia.<\/p>\n<p>Con esta premisa, el presidente y sus compa\u00f1eros se interesaron por la red de ciudades creativas de la Unesco y observaron que A Coru\u00f1a reun\u00eda las condiciones para lograr que su candidatura fuera nominada y \u00abaquella actividad en la que ten\u00eda posibilidades de \u00e9xito es en la m\u00fasica\u00bb, explica.<\/p>\n<p>Por ello comenzaron a prepararla en base al legado hist\u00f3rico de la ciudad, con una gran tradici\u00f3n musical, pues se trata de una \u00abciudad peque\u00f1a pero siempre pionera en Espa\u00f1a en iniciativas musicales: Fue la primera donde se cre\u00f3 un coro polif\u00f3nico a finales del XIX, la actual coral polif\u00f3nica El Eco; la primera que constituy\u00f3 una Asociaci\u00f3n de Amigos de la \u00d3pera, y la cuarta donde se cre\u00f3 una sociedad filarm\u00f3nica\u00bb.<\/p>\n<p>Un hecho emblem\u00e1tico de A Coru\u00f1a es la Orquesta Sinf\u00f3nica de Galicia, que ha ido generando en su entorno un centro de alta formaci\u00f3n al que acuden j\u00f3venes de toda Europa porque se ha constituido como una orquesta \u00abde excelencia internacional\u00bb y \u00abes la mejor de Espa\u00f1a\u00bb, sostienen los directores importantes e incluso la revista Forbes, seg\u00fan Precedo.<\/p>\n<p>\u00abLa Orquesta Sinf\u00f3nica es la piedra angular de la candidatura\u00bb, abunda el presidente de la asociaci\u00f3n, que sostiene que \u00abllama la atenci\u00f3n que una ciudad tan peque\u00f1a haya sido siempre la que tom\u00f3 la iniciativa en Espa\u00f1a en temas relacionados con la m\u00fasica. Esto revela una tradici\u00f3n musical que adem\u00e1s es singular\u00bb.<\/p>\n<p>Aparte del legado hist\u00f3rico musical, el proyecto de A Coru\u00f1a como ciudad creativa se basa en la \u00abriqu\u00edsima variedad\u00bb de actividades musicales de todo tipo, como orquestas, coros, pop, rock o m\u00fasica tradicional gallega en todas sus manifestaciones, as\u00ed como en la singularidad de la \u00abgran participaci\u00f3n de los ciudadanos\u00bb.<\/p>\n<p>Todo ello, contin\u00faa, genera en la ciudad un \u00abgran entorno musical\u00bb, de hecho en las temporadas de conciertos \u00abhay m\u00e1s abonos en A Coru\u00f1a que en Madrid y Barcelona\u00bb seg\u00fan la poblaci\u00f3n y con respecto a las sinf\u00f3nicas, y por esa raz\u00f3n ahora la asociaci\u00f3n est\u00e1 impulsando la creaci\u00f3n de proyectos y actividades musicales en los barrios para promover la inclusi\u00f3n de los m\u00e1s peque\u00f1os en este arte.<\/p>\n<p>\u00abLa gente participa activamente en una actividad musical excepcional. En esta ciudad la m\u00fasica se vive de manera especial y es se\u00f1a de identidad respecto a otras ciudades\u00bb, enfatiza Precedo.<\/p>\n<p>As\u00ed, no s\u00f3lo destaca por las actividades musicales, sino adem\u00e1s porque A Coru\u00f1a cuenta con \u00abla mayor densidad de organizaciones musicales de Espa\u00f1a con respecto a poblaci\u00f3n y territorio\u00bb, sostiene.<\/p>\n<p>Todo este abanico de actividades y m\u00fasicas perfilan la candidatura de A Coru\u00f1a como ciudad creativa de la Unesco, una idea que tuvo el propio Precedo y que ahora desarrolla a trav\u00e9s de la asociaci\u00f3n, que agrupa a profesionales de distintas ramas del conocimiento que comparten en este caso su pasi\u00f3n por la m\u00fasica de manera desinteresada y sin financiaci\u00f3n externa.<\/p>\n<p>La asociaci\u00f3n se mantiene con los ingresos de los proyectos que impulsa pero necesita m\u00e1s, reconoce, y por ello Precedo ha mantenido una reuni\u00f3n con el regidor de la capital herculina, que ha aceptado canalizar la iniciativa por la v\u00eda institucional para facilitar apoyos en Galicia y fuera de ella, entre otras ciudades en Sevilla, para, adem\u00e1s, buscar m\u00e1s patrocinios.<\/p>\n<p>El presidente de la Asociaci\u00f3n Metropolitana Coru\u00f1a 3.0, que presentar\u00e1 pr\u00f3ximamente su libro \u00abCiudades medias en la globalizaci\u00f3n\u00bb, asegura poder demostrar que la herculina es uno de esos casos con un \u00abpapel que desempe\u00f1ar\u00bb porque a trav\u00e9s de la m\u00fasica \u00abaporta a la ciudad una marca de prestigio y, en relaci\u00f3n a otras, resulta m\u00e1s sobresaliente\u00bb.<\/p>\n<p>Este colectivo cree que es el momento de que la sociedad civil \u00abgenere ideas innovadoras\u00bb y por eso aspira a aglutinar proyectos en \u00e9ste que quiere presentar a la Unesco, con el fin de \u00abllevar la m\u00fasica a las calles y pueblos del entorno\u00bb y \u00abconvertir los eventos musicales en se\u00f1as de identidad de la ciudad\u00bb.<\/p>\n<p>\u00abLa m\u00fasica no es una actividad organizada desde arriba, sino que es algo que la poblaci\u00f3n vive y por ello que se mantiene en una ciudad tan peque\u00f1a y con una escasez relativa de medios\u00bb, alega.<\/p>\n<p>Precedo ve a A Coru\u00f1a \u00abcon posibilidades totalmente\u00bb y \u00absin ninguna duda\u00bb de poder lograr ser elegida por la Unesco como ciudad creativa, una conquista en cuyo recorrido aspira tambi\u00e9n a \u00abreforzar la autoestima de la poblaci\u00f3n, que en esta \u00e9poca de crisis es muy importante, e ilusionar a la gente para, juntos, conseguir metas\u00bb.<\/p>\n<p>Elizabeth L\u00f3pez<\/p>\n<p>&nbsp;<\/p>\n","protected":false},"excerpt":{"rendered":"<p>A Coru\u00f1a, 12 ene (EFE).- Andr\u00e9s Precedo no tiene ninguna duda de que A Coru\u00f1a conquistar\u00e1 a la Unesco para que la declare ciudad creativa con la m\u00fasica como marca, y por ello la Asociaci\u00f3n Metropolitana Coru\u00f1a 3.0 que preside est\u00e1 elaborando un mapa musical sobre que el se dise\u00f1ar\u00e1 la candidatura. \u00abTenemos una fortaleza<\/p>\n","protected":false},"author":1,"featured_media":775,"comment_status":"open","ping_status":"open","sticky":false,"template":"","format":"standard","meta":{"footnotes":""},"categories":[224],"tags":[],"class_list":{"0":"post-774","1":"post","2":"type-post","3":"status-publish","4":"format-standard","5":"has-post-thumbnail","7":"category-noticias-actualidad"},"aioseo_notices":[],"aioseo_head":"\n\t\t<!-- All in One SEO Pro 4.9.6.1 - aioseo.com -->\n\t<meta name=\"description\" content=\"A Coru\u00f1a, 12 ene (EFE).- Andr\u00e9s Precedo no tiene ninguna duda de que A Coru\u00f1a conquistar\u00e1 a la Unesco para que la declare ciudad creativa con la m\u00fasica como marca, y por ello la Asociaci\u00f3n Metropolitana Coru\u00f1a 3.0 que preside est\u00e1 elaborando un mapa musical sobre que el se dise\u00f1ar\u00e1 la candidatura. &quot;Tenemos una fortaleza\" \/>\n\t<meta name=\"robots\" content=\"max-image-preview:large\" \/>\n\t<meta name=\"author\" content=\"admin\"\/>\n\t<meta name=\"google-site-verification\" content=\"UA-38556648-1\" \/>\n\t<meta name=\"keywords\" content=\"noticias y actualidad\" \/>\n\t<link rel=\"canonical\" href=\"https:\/\/eldigitaldeasturias.com\/magazine365\/a-coruna-disena-un-mapa-musical-para-seducir-a-la-unesco-como-ciudad-creativa\/\" \/>\n\t<meta name=\"generator\" content=\"All in One SEO Pro (AIOSEO) 4.9.6.1\" \/>\n\t\t<meta property=\"og:locale\" content=\"es_ES\" \/>\n\t\t<meta property=\"og:site_name\" content=\"El Digital de Asturias \u2013 Revista de ocio, turismo y estilo de vida\" \/>\n\t\t<meta property=\"og:type\" content=\"article\" \/>\n\t\t<meta property=\"og:title\" content=\"A Coru\u00f1a dise\u00f1a un mapa musical para seducir a la Unesco como ciudad creativa | El Digital de Asturias\" \/>\n\t\t<meta property=\"og:description\" content=\"A Coru\u00f1a, 12 ene (EFE).- Andr\u00e9s Precedo no tiene ninguna duda de que A Coru\u00f1a conquistar\u00e1 a la Unesco para que la declare ciudad creativa con la m\u00fasica como marca, y por ello la Asociaci\u00f3n Metropolitana Coru\u00f1a 3.0 que preside est\u00e1 elaborando un mapa musical sobre que el se dise\u00f1ar\u00e1 la candidatura. &quot;Tenemos una fortaleza\" \/>\n\t\t<meta property=\"og:url\" content=\"https:\/\/eldigitaldeasturias.com\/magazine365\/a-coruna-disena-un-mapa-musical-para-seducir-a-la-unesco-como-ciudad-creativa\/\" \/>\n\t\t<meta property=\"og:image\" content=\"https:\/\/eldigitaldeasturias.com\/magazine365\/wp-content\/uploads\/2014\/01\/5843491w.jpg\" \/>\n\t\t<meta property=\"og:image:secure_url\" content=\"https:\/\/eldigitaldeasturias.com\/magazine365\/wp-content\/uploads\/2014\/01\/5843491w.jpg\" \/>\n\t\t<meta property=\"og:image:width\" content=\"700\" \/>\n\t\t<meta property=\"og:image:height\" content=\"1050\" \/>\n\t\t<meta property=\"article:published_time\" content=\"2014-01-12T20:24:31+00:00\" \/>\n\t\t<meta property=\"article:modified_time\" content=\"2014-01-12T20:24:31+00:00\" \/>\n\t\t<meta name=\"twitter:card\" content=\"summary_large_image\" \/>\n\t\t<meta name=\"twitter:title\" content=\"A Coru\u00f1a dise\u00f1a un mapa musical para seducir a la Unesco como ciudad creativa | El Digital de Asturias\" \/>\n\t\t<meta name=\"twitter:description\" content=\"A Coru\u00f1a, 12 ene (EFE).- Andr\u00e9s Precedo no tiene ninguna duda de que A Coru\u00f1a conquistar\u00e1 a la Unesco para que la declare ciudad creativa con la m\u00fasica como marca, y por ello la Asociaci\u00f3n Metropolitana Coru\u00f1a 3.0 que preside est\u00e1 elaborando un mapa musical sobre que el se dise\u00f1ar\u00e1 la candidatura. &quot;Tenemos una fortaleza\" \/>\n\t\t<meta name=\"twitter:image\" content=\"https:\/\/eldigitaldeasturias.com\/magazine365\/wp-content\/uploads\/2014\/01\/5843491w.jpg\" \/>\n\t\t<script type=\"application\/ld+json\" class=\"aioseo-schema\">\n\t\t\t{\"@context\":\"https:\\\/\\\/schema.org\",\"@graph\":[{\"@type\":\"Article\",\"@id\":\"https:\\\/\\\/eldigitaldeasturias.com\\\/magazine365\\\/a-coruna-disena-un-mapa-musical-para-seducir-a-la-unesco-como-ciudad-creativa\\\/#article\",\"name\":\"A Coru\\u00f1a dise\\u00f1a un mapa musical para seducir a la Unesco como ciudad creativa | El Digital de Asturias\",\"headline\":\"A Coru\\u00f1a dise\\u00f1a un mapa musical para seducir a la Unesco como ciudad creativa\",\"author\":{\"@id\":\"https:\\\/\\\/eldigitaldeasturias.com\\\/magazine365\\\/author\\\/admin\\\/#author\"},\"publisher\":{\"@id\":\"https:\\\/\\\/eldigitaldeasturias.com\\\/magazine365\\\/#organization\"},\"image\":{\"@type\":\"ImageObject\",\"url\":\"https:\\\/\\\/eldigitaldeasturias.com\\\/magazine365\\\/wp-content\\\/uploads\\\/2014\\\/01\\\/5843491w.jpg\",\"width\":700,\"height\":1050},\"datePublished\":\"2014-01-12T19:24:31+01:00\",\"dateModified\":\"2014-01-12T19:24:31+01:00\",\"inLanguage\":\"es-ES\",\"mainEntityOfPage\":{\"@id\":\"https:\\\/\\\/eldigitaldeasturias.com\\\/magazine365\\\/a-coruna-disena-un-mapa-musical-para-seducir-a-la-unesco-como-ciudad-creativa\\\/#webpage\"},\"isPartOf\":{\"@id\":\"https:\\\/\\\/eldigitaldeasturias.com\\\/magazine365\\\/a-coruna-disena-un-mapa-musical-para-seducir-a-la-unesco-como-ciudad-creativa\\\/#webpage\"},\"articleSection\":\"Noticias y Actualidad\"},{\"@type\":\"BreadcrumbList\",\"@id\":\"https:\\\/\\\/eldigitaldeasturias.com\\\/magazine365\\\/a-coruna-disena-un-mapa-musical-para-seducir-a-la-unesco-como-ciudad-creativa\\\/#breadcrumblist\",\"itemListElement\":[{\"@type\":\"ListItem\",\"@id\":\"https:\\\/\\\/eldigitaldeasturias.com\\\/magazine365#listItem\",\"position\":1,\"name\":\"Home\",\"item\":\"https:\\\/\\\/eldigitaldeasturias.com\\\/magazine365\",\"nextItem\":{\"@type\":\"ListItem\",\"@id\":\"https:\\\/\\\/eldigitaldeasturias.com\\\/magazine365\\\/category\\\/noticias-actualidad\\\/#listItem\",\"name\":\"Noticias y Actualidad\"}},{\"@type\":\"ListItem\",\"@id\":\"https:\\\/\\\/eldigitaldeasturias.com\\\/magazine365\\\/category\\\/noticias-actualidad\\\/#listItem\",\"position\":2,\"name\":\"Noticias y Actualidad\",\"item\":\"https:\\\/\\\/eldigitaldeasturias.com\\\/magazine365\\\/category\\\/noticias-actualidad\\\/\",\"nextItem\":{\"@type\":\"ListItem\",\"@id\":\"https:\\\/\\\/eldigitaldeasturias.com\\\/magazine365\\\/a-coruna-disena-un-mapa-musical-para-seducir-a-la-unesco-como-ciudad-creativa\\\/#listItem\",\"name\":\"A Coru\\u00f1a dise\\u00f1a un mapa musical para seducir a la Unesco como ciudad creativa\"},\"previousItem\":{\"@type\":\"ListItem\",\"@id\":\"https:\\\/\\\/eldigitaldeasturias.com\\\/magazine365#listItem\",\"name\":\"Home\"}},{\"@type\":\"ListItem\",\"@id\":\"https:\\\/\\\/eldigitaldeasturias.com\\\/magazine365\\\/a-coruna-disena-un-mapa-musical-para-seducir-a-la-unesco-como-ciudad-creativa\\\/#listItem\",\"position\":3,\"name\":\"A Coru\\u00f1a dise\\u00f1a un mapa musical para seducir a la Unesco como ciudad creativa\",\"previousItem\":{\"@type\":\"ListItem\",\"@id\":\"https:\\\/\\\/eldigitaldeasturias.com\\\/magazine365\\\/category\\\/noticias-actualidad\\\/#listItem\",\"name\":\"Noticias y Actualidad\"}}]},{\"@type\":\"Organization\",\"@id\":\"https:\\\/\\\/eldigitaldeasturias.com\\\/magazine365\\\/#organization\",\"name\":\"El digital de Asturias\",\"description\":\"Revista de ocio, turismo y estilo de vida\",\"url\":\"https:\\\/\\\/eldigitaldeasturias.com\\\/magazine365\\\/\",\"logo\":{\"@type\":\"ImageObject\",\"url\":\"https:\\\/\\\/www.eldigitaldeasturias.com\\\/noticias\\\/wp-content\\\/uploads\\\/2020\\\/12\\\/EDA.jpg\",\"@id\":\"https:\\\/\\\/eldigitaldeasturias.com\\\/magazine365\\\/a-coruna-disena-un-mapa-musical-para-seducir-a-la-unesco-como-ciudad-creativa\\\/#organizationLogo\"},\"image\":{\"@id\":\"https:\\\/\\\/eldigitaldeasturias.com\\\/magazine365\\\/a-coruna-disena-un-mapa-musical-para-seducir-a-la-unesco-como-ciudad-creativa\\\/#organizationLogo\"}},{\"@type\":\"Person\",\"@id\":\"https:\\\/\\\/eldigitaldeasturias.com\\\/magazine365\\\/author\\\/admin\\\/#author\",\"url\":\"https:\\\/\\\/eldigitaldeasturias.com\\\/magazine365\\\/author\\\/admin\\\/\",\"name\":\"admin\",\"image\":{\"@type\":\"ImageObject\",\"@id\":\"https:\\\/\\\/eldigitaldeasturias.com\\\/magazine365\\\/a-coruna-disena-un-mapa-musical-para-seducir-a-la-unesco-como-ciudad-creativa\\\/#authorImage\",\"url\":\"https:\\\/\\\/eldigitaldeasturias.com\\\/magazine365\\\/wp-content\\\/litespeed\\\/avatar\\\/e571bcf59a0edd6fa6838245a470f2fe.jpg?ver=1776969259\",\"width\":96,\"height\":96,\"caption\":\"admin\"}},{\"@type\":\"WebPage\",\"@id\":\"https:\\\/\\\/eldigitaldeasturias.com\\\/magazine365\\\/a-coruna-disena-un-mapa-musical-para-seducir-a-la-unesco-como-ciudad-creativa\\\/#webpage\",\"url\":\"https:\\\/\\\/eldigitaldeasturias.com\\\/magazine365\\\/a-coruna-disena-un-mapa-musical-para-seducir-a-la-unesco-como-ciudad-creativa\\\/\",\"name\":\"A Coru\\u00f1a dise\\u00f1a un mapa musical para seducir a la Unesco como ciudad creativa | El Digital de Asturias\",\"description\":\"A Coru\\u00f1a, 12 ene (EFE).- Andr\\u00e9s Precedo no tiene ninguna duda de que A Coru\\u00f1a conquistar\\u00e1 a la Unesco para que la declare ciudad creativa con la m\\u00fasica como marca, y por ello la Asociaci\\u00f3n Metropolitana Coru\\u00f1a 3.0 que preside est\\u00e1 elaborando un mapa musical sobre que el se dise\\u00f1ar\\u00e1 la candidatura. \\\"Tenemos una fortaleza\",\"inLanguage\":\"es-ES\",\"isPartOf\":{\"@id\":\"https:\\\/\\\/eldigitaldeasturias.com\\\/magazine365\\\/#website\"},\"breadcrumb\":{\"@id\":\"https:\\\/\\\/eldigitaldeasturias.com\\\/magazine365\\\/a-coruna-disena-un-mapa-musical-para-seducir-a-la-unesco-como-ciudad-creativa\\\/#breadcrumblist\"},\"author\":{\"@id\":\"https:\\\/\\\/eldigitaldeasturias.com\\\/magazine365\\\/author\\\/admin\\\/#author\"},\"creator\":{\"@id\":\"https:\\\/\\\/eldigitaldeasturias.com\\\/magazine365\\\/author\\\/admin\\\/#author\"},\"image\":{\"@type\":\"ImageObject\",\"url\":\"https:\\\/\\\/eldigitaldeasturias.com\\\/magazine365\\\/wp-content\\\/uploads\\\/2014\\\/01\\\/5843491w.jpg\",\"@id\":\"https:\\\/\\\/eldigitaldeasturias.com\\\/magazine365\\\/a-coruna-disena-un-mapa-musical-para-seducir-a-la-unesco-como-ciudad-creativa\\\/#mainImage\",\"width\":700,\"height\":1050},\"primaryImageOfPage\":{\"@id\":\"https:\\\/\\\/eldigitaldeasturias.com\\\/magazine365\\\/a-coruna-disena-un-mapa-musical-para-seducir-a-la-unesco-como-ciudad-creativa\\\/#mainImage\"},\"datePublished\":\"2014-01-12T19:24:31+01:00\",\"dateModified\":\"2014-01-12T19:24:31+01:00\"},{\"@type\":\"WebSite\",\"@id\":\"https:\\\/\\\/eldigitaldeasturias.com\\\/magazine365\\\/#website\",\"url\":\"https:\\\/\\\/eldigitaldeasturias.com\\\/magazine365\\\/\",\"name\":\"El Digital de Asturias\",\"description\":\"Revista de ocio, turismo y estilo de vida\",\"inLanguage\":\"es-ES\",\"publisher\":{\"@id\":\"https:\\\/\\\/eldigitaldeasturias.com\\\/magazine365\\\/#organization\"}}]}\n\t\t<\/script>\n\t\t<!-- All in One SEO Pro -->\r\n\t\t<title>A Coru\u00f1a dise\u00f1a un mapa musical para seducir a la Unesco como ciudad creativa | El Digital de Asturias<\/title>\n\n","aioseo_head_json":{"title":"A Coru\u00f1a dise\u00f1a un mapa musical para seducir a la Unesco como ciudad creativa | El Digital de Asturias","description":"A Coru\u00f1a, 12 ene (EFE).- Andr\u00e9s Precedo no tiene ninguna duda de que A Coru\u00f1a conquistar\u00e1 a la Unesco para que la declare ciudad creativa con la m\u00fasica como marca, y por ello la Asociaci\u00f3n Metropolitana Coru\u00f1a 3.0 que preside est\u00e1 elaborando un mapa musical sobre que el se dise\u00f1ar\u00e1 la candidatura. \"Tenemos una fortaleza","canonical_url":"https:\/\/eldigitaldeasturias.com\/magazine365\/a-coruna-disena-un-mapa-musical-para-seducir-a-la-unesco-como-ciudad-creativa\/","robots":"max-image-preview:large","keywords":"noticias y actualidad","webmasterTools":{"google-site-verification":"UA-38556648-1","miscellaneous":""},"schema":{"@context":"https:\/\/schema.org","@graph":[{"@type":"Article","@id":"https:\/\/eldigitaldeasturias.com\/magazine365\/a-coruna-disena-un-mapa-musical-para-seducir-a-la-unesco-como-ciudad-creativa\/#article","name":"A Coru\u00f1a dise\u00f1a un mapa musical para seducir a la Unesco como ciudad creativa | El Digital de Asturias","headline":"A Coru\u00f1a dise\u00f1a un mapa musical para seducir a la Unesco como ciudad creativa","author":{"@id":"https:\/\/eldigitaldeasturias.com\/magazine365\/author\/admin\/#author"},"publisher":{"@id":"https:\/\/eldigitaldeasturias.com\/magazine365\/#organization"},"image":{"@type":"ImageObject","url":"https:\/\/eldigitaldeasturias.com\/magazine365\/wp-content\/uploads\/2014\/01\/5843491w.jpg","width":700,"height":1050},"datePublished":"2014-01-12T19:24:31+01:00","dateModified":"2014-01-12T19:24:31+01:00","inLanguage":"es-ES","mainEntityOfPage":{"@id":"https:\/\/eldigitaldeasturias.com\/magazine365\/a-coruna-disena-un-mapa-musical-para-seducir-a-la-unesco-como-ciudad-creativa\/#webpage"},"isPartOf":{"@id":"https:\/\/eldigitaldeasturias.com\/magazine365\/a-coruna-disena-un-mapa-musical-para-seducir-a-la-unesco-como-ciudad-creativa\/#webpage"},"articleSection":"Noticias y Actualidad"},{"@type":"BreadcrumbList","@id":"https:\/\/eldigitaldeasturias.com\/magazine365\/a-coruna-disena-un-mapa-musical-para-seducir-a-la-unesco-como-ciudad-creativa\/#breadcrumblist","itemListElement":[{"@type":"ListItem","@id":"https:\/\/eldigitaldeasturias.com\/magazine365#listItem","position":1,"name":"Home","item":"https:\/\/eldigitaldeasturias.com\/magazine365","nextItem":{"@type":"ListItem","@id":"https:\/\/eldigitaldeasturias.com\/magazine365\/category\/noticias-actualidad\/#listItem","name":"Noticias y Actualidad"}},{"@type":"ListItem","@id":"https:\/\/eldigitaldeasturias.com\/magazine365\/category\/noticias-actualidad\/#listItem","position":2,"name":"Noticias y Actualidad","item":"https:\/\/eldigitaldeasturias.com\/magazine365\/category\/noticias-actualidad\/","nextItem":{"@type":"ListItem","@id":"https:\/\/eldigitaldeasturias.com\/magazine365\/a-coruna-disena-un-mapa-musical-para-seducir-a-la-unesco-como-ciudad-creativa\/#listItem","name":"A Coru\u00f1a dise\u00f1a un mapa musical para seducir a la Unesco como ciudad creativa"},"previousItem":{"@type":"ListItem","@id":"https:\/\/eldigitaldeasturias.com\/magazine365#listItem","name":"Home"}},{"@type":"ListItem","@id":"https:\/\/eldigitaldeasturias.com\/magazine365\/a-coruna-disena-un-mapa-musical-para-seducir-a-la-unesco-como-ciudad-creativa\/#listItem","position":3,"name":"A Coru\u00f1a dise\u00f1a un mapa musical para seducir a la Unesco como ciudad creativa","previousItem":{"@type":"ListItem","@id":"https:\/\/eldigitaldeasturias.com\/magazine365\/category\/noticias-actualidad\/#listItem","name":"Noticias y Actualidad"}}]},{"@type":"Organization","@id":"https:\/\/eldigitaldeasturias.com\/magazine365\/#organization","name":"El digital de Asturias","description":"Revista de ocio, turismo y estilo de vida","url":"https:\/\/eldigitaldeasturias.com\/magazine365\/","logo":{"@type":"ImageObject","url":"https:\/\/www.eldigitaldeasturias.com\/noticias\/wp-content\/uploads\/2020\/12\/EDA.jpg","@id":"https:\/\/eldigitaldeasturias.com\/magazine365\/a-coruna-disena-un-mapa-musical-para-seducir-a-la-unesco-como-ciudad-creativa\/#organizationLogo"},"image":{"@id":"https:\/\/eldigitaldeasturias.com\/magazine365\/a-coruna-disena-un-mapa-musical-para-seducir-a-la-unesco-como-ciudad-creativa\/#organizationLogo"}},{"@type":"Person","@id":"https:\/\/eldigitaldeasturias.com\/magazine365\/author\/admin\/#author","url":"https:\/\/eldigitaldeasturias.com\/magazine365\/author\/admin\/","name":"admin","image":{"@type":"ImageObject","@id":"https:\/\/eldigitaldeasturias.com\/magazine365\/a-coruna-disena-un-mapa-musical-para-seducir-a-la-unesco-como-ciudad-creativa\/#authorImage","url":"https:\/\/eldigitaldeasturias.com\/magazine365\/wp-content\/litespeed\/avatar\/e571bcf59a0edd6fa6838245a470f2fe.jpg?ver=1776969259","width":96,"height":96,"caption":"admin"}},{"@type":"WebPage","@id":"https:\/\/eldigitaldeasturias.com\/magazine365\/a-coruna-disena-un-mapa-musical-para-seducir-a-la-unesco-como-ciudad-creativa\/#webpage","url":"https:\/\/eldigitaldeasturias.com\/magazine365\/a-coruna-disena-un-mapa-musical-para-seducir-a-la-unesco-como-ciudad-creativa\/","name":"A Coru\u00f1a dise\u00f1a un mapa musical para seducir a la Unesco como ciudad creativa | El Digital de Asturias","description":"A Coru\u00f1a, 12 ene (EFE).- Andr\u00e9s Precedo no tiene ninguna duda de que A Coru\u00f1a conquistar\u00e1 a la Unesco para que la declare ciudad creativa con la m\u00fasica como marca, y por ello la Asociaci\u00f3n Metropolitana Coru\u00f1a 3.0 que preside est\u00e1 elaborando un mapa musical sobre que el se dise\u00f1ar\u00e1 la candidatura. \"Tenemos una fortaleza","inLanguage":"es-ES","isPartOf":{"@id":"https:\/\/eldigitaldeasturias.com\/magazine365\/#website"},"breadcrumb":{"@id":"https:\/\/eldigitaldeasturias.com\/magazine365\/a-coruna-disena-un-mapa-musical-para-seducir-a-la-unesco-como-ciudad-creativa\/#breadcrumblist"},"author":{"@id":"https:\/\/eldigitaldeasturias.com\/magazine365\/author\/admin\/#author"},"creator":{"@id":"https:\/\/eldigitaldeasturias.com\/magazine365\/author\/admin\/#author"},"image":{"@type":"ImageObject","url":"https:\/\/eldigitaldeasturias.com\/magazine365\/wp-content\/uploads\/2014\/01\/5843491w.jpg","@id":"https:\/\/eldigitaldeasturias.com\/magazine365\/a-coruna-disena-un-mapa-musical-para-seducir-a-la-unesco-como-ciudad-creativa\/#mainImage","width":700,"height":1050},"primaryImageOfPage":{"@id":"https:\/\/eldigitaldeasturias.com\/magazine365\/a-coruna-disena-un-mapa-musical-para-seducir-a-la-unesco-como-ciudad-creativa\/#mainImage"},"datePublished":"2014-01-12T19:24:31+01:00","dateModified":"2014-01-12T19:24:31+01:00"},{"@type":"WebSite","@id":"https:\/\/eldigitaldeasturias.com\/magazine365\/#website","url":"https:\/\/eldigitaldeasturias.com\/magazine365\/","name":"El Digital de Asturias","description":"Revista de ocio, turismo y estilo de vida","inLanguage":"es-ES","publisher":{"@id":"https:\/\/eldigitaldeasturias.com\/magazine365\/#organization"}}]},"og:locale":"es_ES","og:site_name":"El Digital de Asturias \u2013 Revista de ocio, turismo y estilo de vida","og:type":"article","og:title":"A Coru\u00f1a dise\u00f1a un mapa musical para seducir a la Unesco como ciudad creativa | El Digital de Asturias","og:description":"A Coru\u00f1a, 12 ene (EFE).- Andr\u00e9s Precedo no tiene ninguna duda de que A Coru\u00f1a conquistar\u00e1 a la Unesco para que la declare ciudad creativa con la m\u00fasica como marca, y por ello la Asociaci\u00f3n Metropolitana Coru\u00f1a 3.0 que preside est\u00e1 elaborando un mapa musical sobre que el se dise\u00f1ar\u00e1 la candidatura. &quot;Tenemos una fortaleza","og:url":"https:\/\/eldigitaldeasturias.com\/magazine365\/a-coruna-disena-un-mapa-musical-para-seducir-a-la-unesco-como-ciudad-creativa\/","og:image":"https:\/\/eldigitaldeasturias.com\/magazine365\/wp-content\/uploads\/2014\/01\/5843491w.jpg","og:image:secure_url":"https:\/\/eldigitaldeasturias.com\/magazine365\/wp-content\/uploads\/2014\/01\/5843491w.jpg","og:image:width":700,"og:image:height":1050,"article:published_time":"2014-01-12T20:24:31+00:00","article:modified_time":"2014-01-12T20:24:31+00:00","twitter:card":"summary_large_image","twitter:title":"A Coru\u00f1a dise\u00f1a un mapa musical para seducir a la Unesco como ciudad creativa | El Digital de Asturias","twitter:description":"A Coru\u00f1a, 12 ene (EFE).- Andr\u00e9s Precedo no tiene ninguna duda de que A Coru\u00f1a conquistar\u00e1 a la Unesco para que la declare ciudad creativa con la m\u00fasica como marca, y por ello la Asociaci\u00f3n Metropolitana Coru\u00f1a 3.0 que preside est\u00e1 elaborando un mapa musical sobre que el se dise\u00f1ar\u00e1 la candidatura. &quot;Tenemos una fortaleza","twitter:image":"https:\/\/eldigitaldeasturias.com\/magazine365\/wp-content\/uploads\/2014\/01\/5843491w.jpg"},"aioseo_meta_data":{"post_id":"774","title":null,"description":null,"keywords":null,"keyphrases":null,"primary_term":null,"canonical_url":null,"og_title":null,"og_description":null,"og_object_type":"default","og_image_type":"default","og_image_url":null,"og_image_width":null,"og_image_height":null,"og_image_custom_url":null,"og_image_custom_fields":null,"og_video":null,"og_custom_url":null,"og_article_section":null,"og_article_tags":null,"twitter_use_og":false,"twitter_card":"default","twitter_image_type":"default","twitter_image_url":null,"twitter_image_custom_url":null,"twitter_image_custom_fields":null,"twitter_title":null,"twitter_description":null,"schema":{"blockGraphs":[],"customGraphs":[],"default":{"data":{"Article":[],"Course":[],"Dataset":[],"FAQPage":[],"Movie":[],"Person":[],"Product":[],"ProductReview":[],"Car":[],"Recipe":[],"Service":[],"SoftwareApplication":[],"WebPage":[]},"graphName":"","isEnabled":true},"graphs":[],"defaultGraph":"","defaultPostTypeGraph":""},"schema_type":null,"schema_type_options":null,"pillar_content":false,"robots_default":true,"robots_noindex":false,"robots_noarchive":false,"robots_nosnippet":false,"robots_nofollow":false,"robots_noimageindex":false,"robots_noodp":false,"robots_notranslate":false,"robots_max_snippet":null,"robots_max_videopreview":null,"robots_max_imagepreview":"large","priority":null,"frequency":null,"location":null,"local_seo":null,"seo_analyzer_scan_date":"2025-09-16 08:09:28","breadcrumb_settings":null,"limit_modified_date":false,"open_ai":null,"ai":null,"created":"2020-12-21 13:34:35","updated":"2025-09-16 08:09:28"},"aioseo_breadcrumb":"<div class=\"aioseo-breadcrumbs\"><span class=\"aioseo-breadcrumb\">\n\t<a href=\"https:\/\/eldigitaldeasturias.com\/magazine365\" title=\"Home\">Home<\/a>\n<\/span><span class=\"aioseo-breadcrumb-separator\">\u2013<\/span><span class=\"aioseo-breadcrumb\">\n\t<a href=\"https:\/\/eldigitaldeasturias.com\/magazine365\/category\/noticias-actualidad\/\" title=\"Noticias y Actualidad\">Noticias y Actualidad<\/a>\n<\/span><span class=\"aioseo-breadcrumb-separator\">\u2013<\/span><span class=\"aioseo-breadcrumb\">\n\t<a href=\"https:\/\/eldigitaldeasturias.com\/magazine365\/a-coruna-disena-un-mapa-musical-para-seducir-a-la-unesco-como-ciudad-creativa\/\" title=\"A Coru\u00f1a dise\u00f1a un mapa musical para seducir a la Unesco como ciudad creativa\">A Coru\u00f1a dise\u00f1a un mapa musical para seducir a la Unesco como ciudad creativa<\/a>\n<\/span><\/div>","aioseo_breadcrumb_json":[{"label":"Home","link":"https:\/\/eldigitaldeasturias.com\/magazine365"},{"label":"Noticias y Actualidad","link":"https:\/\/eldigitaldeasturias.com\/magazine365\/category\/noticias-actualidad\/"},{"label":"A Coru\u00f1a dise\u00f1a un mapa musical para seducir a la Unesco como ciudad creativa","link":"https:\/\/eldigitaldeasturias.com\/magazine365\/a-coruna-disena-un-mapa-musical-para-seducir-a-la-unesco-como-ciudad-creativa\/"}],"_links":{"self":[{"href":"https:\/\/eldigitaldeasturias.com\/magazine365\/wp-json\/wp\/v2\/posts\/774","targetHints":{"allow":["GET"]}}],"collection":[{"href":"https:\/\/eldigitaldeasturias.com\/magazine365\/wp-json\/wp\/v2\/posts"}],"about":[{"href":"https:\/\/eldigitaldeasturias.com\/magazine365\/wp-json\/wp\/v2\/types\/post"}],"author":[{"embeddable":true,"href":"https:\/\/eldigitaldeasturias.com\/magazine365\/wp-json\/wp\/v2\/users\/1"}],"replies":[{"embeddable":true,"href":"https:\/\/eldigitaldeasturias.com\/magazine365\/wp-json\/wp\/v2\/comments?post=774"}],"version-history":[{"count":0,"href":"https:\/\/eldigitaldeasturias.com\/magazine365\/wp-json\/wp\/v2\/posts\/774\/revisions"}],"wp:featuredmedia":[{"embeddable":true,"href":"https:\/\/eldigitaldeasturias.com\/magazine365\/wp-json\/wp\/v2\/media\/775"}],"wp:attachment":[{"href":"https:\/\/eldigitaldeasturias.com\/magazine365\/wp-json\/wp\/v2\/media?parent=774"}],"wp:term":[{"taxonomy":"category","embeddable":true,"href":"https:\/\/eldigitaldeasturias.com\/magazine365\/wp-json\/wp\/v2\/categories?post=774"},{"taxonomy":"post_tag","embeddable":true,"href":"https:\/\/eldigitaldeasturias.com\/magazine365\/wp-json\/wp\/v2\/tags?post=774"}],"curies":[{"name":"wp","href":"https:\/\/api.w.org\/{rel}","templated":true}]}}