{"id":77399,"date":"2016-06-02T06:55:54","date_gmt":"2016-06-02T04:55:54","guid":{"rendered":"http:\/\/eldigitaldeasturias.com\/magazine365\/?p=77399"},"modified":"2016-06-02T06:55:54","modified_gmt":"2016-06-02T04:55:54","slug":"el-centro-de-visitantes-torre-del-vinagre-en-jaen-enriquece-su-oferta-con-nuevos-recursos","status":"publish","type":"post","link":"https:\/\/eldigitaldeasturias.com\/magazine365\/el-centro-de-visitantes-torre-del-vinagre-en-jaen-enriquece-su-oferta-con-nuevos-recursos\/","title":{"rendered":"El Centro de Visitantes Torre del Vinagre en Ja\u00e9n enriquece su oferta con nuevos recursos"},"content":{"rendered":"<p><img fetchpriority=\"high\" decoding=\"async\" class=\"alignleft size-medium wp-image-77400\" src=\"https:\/\/eldigitaldeasturias.com\/magazine365\/wp-content\/uploads\/2016\/06\/fotonoticia_20160531201310_800-360x270.jpg\" alt=\"fotonoticia_20160531201310_800\" width=\"360\" height=\"270\" srcset=\"https:\/\/eldigitaldeasturias.com\/magazine365\/wp-content\/uploads\/2016\/06\/fotonoticia_20160531201310_800-360x270.jpg 360w, https:\/\/eldigitaldeasturias.com\/magazine365\/wp-content\/uploads\/2016\/06\/fotonoticia_20160531201310_800-650x488.jpg 650w, https:\/\/eldigitaldeasturias.com\/magazine365\/wp-content\/uploads\/2016\/06\/fotonoticia_20160531201310_800-768x576.jpg 768w, https:\/\/eldigitaldeasturias.com\/magazine365\/wp-content\/uploads\/2016\/06\/fotonoticia_20160531201310_800-150x113.jpg 150w, https:\/\/eldigitaldeasturias.com\/magazine365\/wp-content\/uploads\/2016\/06\/fotonoticia_20160531201310_800-450x338.jpg 450w, https:\/\/eldigitaldeasturias.com\/magazine365\/wp-content\/uploads\/2016\/06\/fotonoticia_20160531201310_800-90x67.jpg 90w, https:\/\/eldigitaldeasturias.com\/magazine365\/wp-content\/uploads\/2016\/06\/fotonoticia_20160531201310_800-164x124.jpg 164w, https:\/\/eldigitaldeasturias.com\/magazine365\/wp-content\/uploads\/2016\/06\/fotonoticia_20160531201310_800-100x75.jpg 100w, https:\/\/eldigitaldeasturias.com\/magazine365\/wp-content\/uploads\/2016\/06\/fotonoticia_20160531201310_800.jpg 800w\" sizes=\"(max-width: 360px) 100vw, 360px\" \/>El Centro de Visitantes Torre del Vinagre del Parque Natural de las Sierras de Cazorla, Segura y Las Villas, ubicado en Santiago-Pontones (Ja\u00e9n), ha enriquecido su oferta con una serie de nuevos recursos para sus usuarios.<\/p>\n<p>Estas actuaciones, realizadas tanto por la Agencia de Medio Ambiente y Agua de Andaluc\u00eda de la Consejer\u00eda de Medio Ambiente y Ordenaci\u00f3n del Territorio como por Turisnat, empresa concesionaria de la gesti\u00f3n del centro, vienen a reforzar el papel referente que tiene este emblem\u00e1tico equipamiento de uso p\u00fablico del parque natural.<\/p>\n<p>En el marco de la conmemoraci\u00f3n del 30 aniversario de la declaraci\u00f3n del Parque Natural de las Sierras de Cazorla, Segura y Las Villas, el delegado territorial de Medio Ambiente y Ordenaci\u00f3n del Territorio, Juan Eugenio Ortega, ha visitado estas nuevas instalaciones.<\/p>\n<p>Entre sus novedades, presentan un itinerario por los jardines de la casa forestal colindante al centro en cuyo recorrido sobresalen algunas especies arb\u00f3reas de gran porte como un ejemplar de secuoya gigante, con m\u00e1s de 30 metros de alto y 6,10 metros de per\u00edmetro. Durante el recorrido, adem\u00e1s, una serie de paneles con breves textos servir\u00e1n de gu\u00eda e interpretar\u00e1n las ex\u00f3ticas especies que all\u00ed se pueden observar.<\/p>\n<p>Por otra parte, la sala de caza incrementa su valor expositivo e interpretativo con la presencia de un nuevo diorama, realizado por Turisnat, que recrea las especies de caza mayor que existen y han existido con anterioridad en el parque natural y viene a aumentar su valor pedag\u00f3gico al permitir observar de cerca la majestuosidad e imponente figura de cada una de las seis especies de mam\u00edferos cineg\u00e9ticos (ciervo, gamo, mufl\u00f3n, cabra, jabal\u00ed y corzo).<\/p>\n<p>Asimismo, se ha procedido al traslado de la zona comercial a la entrada principal del centro, junto al punto de informaci\u00f3n, lo que la hace m\u00e1s accesible a los usuarios. Por su parte, en el espacio que hasta ahora ocupaba la tienda se ha realizado una nueva tematizaci\u00f3n con especies naturalizadas y r\u00e9plicas de ejemplares \u00fanicos.<\/p>\n<p>Figuran, entre ellas, el diorama dedicado al quebrantahuesos y al alimoche, con un ejemplar a tama\u00f1o real, en actitudes de su vida cotidiana; la escenificaci\u00f3n de una charca con diversos ejemplares de especies ligadas a los medios acu\u00e1ticos (garza real, nutria, pato azul\u00f3n, porr\u00f3n, etc.) o el dedicado a los depredadores del bosque, que incluye tejones, zorros o ginetas.<\/p>\n<p>\u00abEn esta misma zona y como la m\u00e1s importante atracci\u00f3n tem\u00e1tica, se ha instalado el llamado &#8216;T\u00fanel de los sonidos&#8217;, un espacio tematizado con sonidos y r\u00e9plicas de aves diversas y paisajes nocturnos, que nos acercan a lo m\u00e1s atractivo de la actividad vespertina y noct\u00e1mbula de nuestro bosque\u00bb, ha explicado Ortega.<\/p>\n<p>Por \u00faltimo, se ha presentado el nuevo cuaderno de campo del Centro de Visitantes Torre del Vinagre que ser\u00e1 repartido a sus usuarios, especialmente, a los centros educativos que se acerquen hasta estas instalaciones enclavadas en el mayor espacio protegido de Espa\u00f1a.<\/p>\n<p>Adem\u00e1s de conocer las novedades de este espacio, el delegado de Medio Ambiente ha acompa\u00f1ado a un grupo de alumnos del colegio P\u00fablico Rural (CPR) Alto Guadalquivir de Coto R\u00edos que, con motivo del D\u00eda Europeo de los Parques Naturales, han participado este martes en actividades de educaci\u00f3n ambiental en el Jard\u00edn Bot\u00e1nico.<\/p>\n","protected":false},"excerpt":{"rendered":"<p>El Centro de Visitantes Torre del Vinagre del Parque Natural de las Sierras de Cazorla, Segura y Las Villas, ubicado en Santiago-Pontones (Ja\u00e9n), ha enriquecido su oferta con una serie de nuevos recursos para sus usuarios. Estas actuaciones, realizadas tanto por la Agencia de Medio Ambiente y Agua de Andaluc\u00eda de la Consejer\u00eda de Medio<\/p>\n","protected":false},"author":1,"featured_media":77400,"comment_status":"open","ping_status":"closed","sticky":false,"template":"","format":"standard","meta":{"footnotes":""},"categories":[224],"tags":[],"class_list":{"0":"post-77399","1":"post","2":"type-post","3":"status-publish","4":"format-standard","5":"has-post-thumbnail","7":"category-noticias-actualidad"},"aioseo_notices":[],"aioseo_head":"\n\t\t<!-- All in One SEO Pro 4.9.6.1 - aioseo.com -->\n\t<meta name=\"description\" content=\"El Centro de Visitantes Torre del Vinagre del Parque Natural de las Sierras de Cazorla, Segura y Las Villas, ubicado en Santiago-Pontones (Ja\u00e9n), ha enriquecido su oferta con una serie de nuevos recursos para sus usuarios. Estas actuaciones, realizadas tanto por la Agencia de Medio Ambiente y Agua de Andaluc\u00eda de la Consejer\u00eda de Medio\" \/>\n\t<meta name=\"robots\" content=\"max-image-preview:large\" \/>\n\t<meta name=\"author\" content=\"admin\"\/>\n\t<meta name=\"google-site-verification\" content=\"UA-38556648-1\" \/>\n\t<meta name=\"keywords\" content=\"noticias y actualidad\" \/>\n\t<link rel=\"canonical\" href=\"https:\/\/eldigitaldeasturias.com\/magazine365\/el-centro-de-visitantes-torre-del-vinagre-en-jaen-enriquece-su-oferta-con-nuevos-recursos\/\" \/>\n\t<meta name=\"generator\" content=\"All in One SEO Pro (AIOSEO) 4.9.6.1\" \/>\n\t\t<meta property=\"og:locale\" content=\"es_ES\" \/>\n\t\t<meta property=\"og:site_name\" content=\"El Digital de Asturias \u2013 Revista de ocio, turismo y estilo de vida\" \/>\n\t\t<meta property=\"og:type\" content=\"article\" \/>\n\t\t<meta property=\"og:title\" content=\"El Centro de Visitantes Torre del Vinagre en Ja\u00e9n enriquece su oferta con nuevos recursos | El Digital de Asturias\" \/>\n\t\t<meta property=\"og:description\" content=\"El Centro de Visitantes Torre del Vinagre del Parque Natural de las Sierras de Cazorla, Segura y Las Villas, ubicado en Santiago-Pontones (Ja\u00e9n), ha enriquecido su oferta con una serie de nuevos recursos para sus usuarios. Estas actuaciones, realizadas tanto por la Agencia de Medio Ambiente y Agua de Andaluc\u00eda de la Consejer\u00eda de Medio\" \/>\n\t\t<meta property=\"og:url\" content=\"https:\/\/eldigitaldeasturias.com\/magazine365\/el-centro-de-visitantes-torre-del-vinagre-en-jaen-enriquece-su-oferta-con-nuevos-recursos\/\" \/>\n\t\t<meta property=\"og:image\" content=\"https:\/\/eldigitaldeasturias.com\/magazine365\/wp-content\/uploads\/2016\/06\/fotonoticia_20160531201310_800.jpg\" \/>\n\t\t<meta property=\"og:image:secure_url\" content=\"https:\/\/eldigitaldeasturias.com\/magazine365\/wp-content\/uploads\/2016\/06\/fotonoticia_20160531201310_800.jpg\" \/>\n\t\t<meta property=\"og:image:width\" content=\"800\" \/>\n\t\t<meta property=\"og:image:height\" content=\"600\" \/>\n\t\t<meta property=\"article:published_time\" content=\"2016-06-02T04:55:54+00:00\" \/>\n\t\t<meta property=\"article:modified_time\" content=\"2016-06-02T04:55:54+00:00\" \/>\n\t\t<meta name=\"twitter:card\" content=\"summary_large_image\" \/>\n\t\t<meta name=\"twitter:title\" content=\"El Centro de Visitantes Torre del Vinagre en Ja\u00e9n enriquece su oferta con nuevos recursos | El Digital de Asturias\" \/>\n\t\t<meta name=\"twitter:description\" content=\"El Centro de Visitantes Torre del Vinagre del Parque Natural de las Sierras de Cazorla, Segura y Las Villas, ubicado en Santiago-Pontones (Ja\u00e9n), ha enriquecido su oferta con una serie de nuevos recursos para sus usuarios. Estas actuaciones, realizadas tanto por la Agencia de Medio Ambiente y Agua de Andaluc\u00eda de la Consejer\u00eda de Medio\" \/>\n\t\t<meta name=\"twitter:image\" content=\"https:\/\/eldigitaldeasturias.com\/magazine365\/wp-content\/uploads\/2016\/06\/fotonoticia_20160531201310_800.jpg\" \/>\n\t\t<script type=\"application\/ld+json\" class=\"aioseo-schema\">\n\t\t\t{\"@context\":\"https:\\\/\\\/schema.org\",\"@graph\":[{\"@type\":\"Article\",\"@id\":\"https:\\\/\\\/eldigitaldeasturias.com\\\/magazine365\\\/el-centro-de-visitantes-torre-del-vinagre-en-jaen-enriquece-su-oferta-con-nuevos-recursos\\\/#article\",\"name\":\"El Centro de Visitantes Torre del Vinagre en Ja\\u00e9n enriquece su oferta con nuevos recursos | El Digital de Asturias\",\"headline\":\"El Centro de Visitantes Torre del Vinagre en Ja\\u00e9n enriquece su oferta con nuevos recursos\",\"author\":{\"@id\":\"https:\\\/\\\/eldigitaldeasturias.com\\\/magazine365\\\/author\\\/admin\\\/#author\"},\"publisher\":{\"@id\":\"https:\\\/\\\/eldigitaldeasturias.com\\\/magazine365\\\/#organization\"},\"image\":{\"@type\":\"ImageObject\",\"url\":\"https:\\\/\\\/eldigitaldeasturias.com\\\/magazine365\\\/wp-content\\\/uploads\\\/2016\\\/06\\\/fotonoticia_20160531201310_800.jpg\",\"width\":800,\"height\":600},\"datePublished\":\"2016-06-02T06:55:54+02:00\",\"dateModified\":\"2016-06-02T06:55:54+02:00\",\"inLanguage\":\"es-ES\",\"mainEntityOfPage\":{\"@id\":\"https:\\\/\\\/eldigitaldeasturias.com\\\/magazine365\\\/el-centro-de-visitantes-torre-del-vinagre-en-jaen-enriquece-su-oferta-con-nuevos-recursos\\\/#webpage\"},\"isPartOf\":{\"@id\":\"https:\\\/\\\/eldigitaldeasturias.com\\\/magazine365\\\/el-centro-de-visitantes-torre-del-vinagre-en-jaen-enriquece-su-oferta-con-nuevos-recursos\\\/#webpage\"},\"articleSection\":\"Noticias y Actualidad\"},{\"@type\":\"BreadcrumbList\",\"@id\":\"https:\\\/\\\/eldigitaldeasturias.com\\\/magazine365\\\/el-centro-de-visitantes-torre-del-vinagre-en-jaen-enriquece-su-oferta-con-nuevos-recursos\\\/#breadcrumblist\",\"itemListElement\":[{\"@type\":\"ListItem\",\"@id\":\"https:\\\/\\\/eldigitaldeasturias.com\\\/magazine365#listItem\",\"position\":1,\"name\":\"Home\",\"item\":\"https:\\\/\\\/eldigitaldeasturias.com\\\/magazine365\",\"nextItem\":{\"@type\":\"ListItem\",\"@id\":\"https:\\\/\\\/eldigitaldeasturias.com\\\/magazine365\\\/category\\\/noticias-actualidad\\\/#listItem\",\"name\":\"Noticias y Actualidad\"}},{\"@type\":\"ListItem\",\"@id\":\"https:\\\/\\\/eldigitaldeasturias.com\\\/magazine365\\\/category\\\/noticias-actualidad\\\/#listItem\",\"position\":2,\"name\":\"Noticias y Actualidad\",\"item\":\"https:\\\/\\\/eldigitaldeasturias.com\\\/magazine365\\\/category\\\/noticias-actualidad\\\/\",\"nextItem\":{\"@type\":\"ListItem\",\"@id\":\"https:\\\/\\\/eldigitaldeasturias.com\\\/magazine365\\\/el-centro-de-visitantes-torre-del-vinagre-en-jaen-enriquece-su-oferta-con-nuevos-recursos\\\/#listItem\",\"name\":\"El Centro de Visitantes Torre del Vinagre en Ja\\u00e9n enriquece su oferta con nuevos recursos\"},\"previousItem\":{\"@type\":\"ListItem\",\"@id\":\"https:\\\/\\\/eldigitaldeasturias.com\\\/magazine365#listItem\",\"name\":\"Home\"}},{\"@type\":\"ListItem\",\"@id\":\"https:\\\/\\\/eldigitaldeasturias.com\\\/magazine365\\\/el-centro-de-visitantes-torre-del-vinagre-en-jaen-enriquece-su-oferta-con-nuevos-recursos\\\/#listItem\",\"position\":3,\"name\":\"El Centro de Visitantes Torre del Vinagre en Ja\\u00e9n enriquece su oferta con nuevos recursos\",\"previousItem\":{\"@type\":\"ListItem\",\"@id\":\"https:\\\/\\\/eldigitaldeasturias.com\\\/magazine365\\\/category\\\/noticias-actualidad\\\/#listItem\",\"name\":\"Noticias y Actualidad\"}}]},{\"@type\":\"Organization\",\"@id\":\"https:\\\/\\\/eldigitaldeasturias.com\\\/magazine365\\\/#organization\",\"name\":\"El digital de Asturias\",\"description\":\"Revista de ocio, turismo y estilo de vida\",\"url\":\"https:\\\/\\\/eldigitaldeasturias.com\\\/magazine365\\\/\",\"logo\":{\"@type\":\"ImageObject\",\"url\":\"https:\\\/\\\/www.eldigitaldeasturias.com\\\/noticias\\\/wp-content\\\/uploads\\\/2020\\\/12\\\/EDA.jpg\",\"@id\":\"https:\\\/\\\/eldigitaldeasturias.com\\\/magazine365\\\/el-centro-de-visitantes-torre-del-vinagre-en-jaen-enriquece-su-oferta-con-nuevos-recursos\\\/#organizationLogo\"},\"image\":{\"@id\":\"https:\\\/\\\/eldigitaldeasturias.com\\\/magazine365\\\/el-centro-de-visitantes-torre-del-vinagre-en-jaen-enriquece-su-oferta-con-nuevos-recursos\\\/#organizationLogo\"}},{\"@type\":\"Person\",\"@id\":\"https:\\\/\\\/eldigitaldeasturias.com\\\/magazine365\\\/author\\\/admin\\\/#author\",\"url\":\"https:\\\/\\\/eldigitaldeasturias.com\\\/magazine365\\\/author\\\/admin\\\/\",\"name\":\"admin\",\"image\":{\"@type\":\"ImageObject\",\"@id\":\"https:\\\/\\\/eldigitaldeasturias.com\\\/magazine365\\\/el-centro-de-visitantes-torre-del-vinagre-en-jaen-enriquece-su-oferta-con-nuevos-recursos\\\/#authorImage\",\"url\":\"https:\\\/\\\/eldigitaldeasturias.com\\\/magazine365\\\/wp-content\\\/litespeed\\\/avatar\\\/e571bcf59a0edd6fa6838245a470f2fe.jpg?ver=1776969259\",\"width\":96,\"height\":96,\"caption\":\"admin\"}},{\"@type\":\"WebPage\",\"@id\":\"https:\\\/\\\/eldigitaldeasturias.com\\\/magazine365\\\/el-centro-de-visitantes-torre-del-vinagre-en-jaen-enriquece-su-oferta-con-nuevos-recursos\\\/#webpage\",\"url\":\"https:\\\/\\\/eldigitaldeasturias.com\\\/magazine365\\\/el-centro-de-visitantes-torre-del-vinagre-en-jaen-enriquece-su-oferta-con-nuevos-recursos\\\/\",\"name\":\"El Centro de Visitantes Torre del Vinagre en Ja\\u00e9n enriquece su oferta con nuevos recursos | El Digital de Asturias\",\"description\":\"El Centro de Visitantes Torre del Vinagre del Parque Natural de las Sierras de Cazorla, Segura y Las Villas, ubicado en Santiago-Pontones (Ja\\u00e9n), ha enriquecido su oferta con una serie de nuevos recursos para sus usuarios. Estas actuaciones, realizadas tanto por la Agencia de Medio Ambiente y Agua de Andaluc\\u00eda de la Consejer\\u00eda de Medio\",\"inLanguage\":\"es-ES\",\"isPartOf\":{\"@id\":\"https:\\\/\\\/eldigitaldeasturias.com\\\/magazine365\\\/#website\"},\"breadcrumb\":{\"@id\":\"https:\\\/\\\/eldigitaldeasturias.com\\\/magazine365\\\/el-centro-de-visitantes-torre-del-vinagre-en-jaen-enriquece-su-oferta-con-nuevos-recursos\\\/#breadcrumblist\"},\"author\":{\"@id\":\"https:\\\/\\\/eldigitaldeasturias.com\\\/magazine365\\\/author\\\/admin\\\/#author\"},\"creator\":{\"@id\":\"https:\\\/\\\/eldigitaldeasturias.com\\\/magazine365\\\/author\\\/admin\\\/#author\"},\"image\":{\"@type\":\"ImageObject\",\"url\":\"https:\\\/\\\/eldigitaldeasturias.com\\\/magazine365\\\/wp-content\\\/uploads\\\/2016\\\/06\\\/fotonoticia_20160531201310_800.jpg\",\"@id\":\"https:\\\/\\\/eldigitaldeasturias.com\\\/magazine365\\\/el-centro-de-visitantes-torre-del-vinagre-en-jaen-enriquece-su-oferta-con-nuevos-recursos\\\/#mainImage\",\"width\":800,\"height\":600},\"primaryImageOfPage\":{\"@id\":\"https:\\\/\\\/eldigitaldeasturias.com\\\/magazine365\\\/el-centro-de-visitantes-torre-del-vinagre-en-jaen-enriquece-su-oferta-con-nuevos-recursos\\\/#mainImage\"},\"datePublished\":\"2016-06-02T06:55:54+02:00\",\"dateModified\":\"2016-06-02T06:55:54+02:00\"},{\"@type\":\"WebSite\",\"@id\":\"https:\\\/\\\/eldigitaldeasturias.com\\\/magazine365\\\/#website\",\"url\":\"https:\\\/\\\/eldigitaldeasturias.com\\\/magazine365\\\/\",\"name\":\"El Digital de Asturias\",\"description\":\"Revista de ocio, turismo y estilo de vida\",\"inLanguage\":\"es-ES\",\"publisher\":{\"@id\":\"https:\\\/\\\/eldigitaldeasturias.com\\\/magazine365\\\/#organization\"}}]}\n\t\t<\/script>\n\t\t<!-- All in One SEO Pro -->\r\n\t\t<title>El Centro de Visitantes Torre del Vinagre en Ja\u00e9n enriquece su oferta con nuevos recursos | El Digital de Asturias<\/title>\n\n","aioseo_head_json":{"title":"El Centro de Visitantes Torre del Vinagre en Ja\u00e9n enriquece su oferta con nuevos recursos | El Digital de Asturias","description":"El Centro de Visitantes Torre del Vinagre del Parque Natural de las Sierras de Cazorla, Segura y Las Villas, ubicado en Santiago-Pontones (Ja\u00e9n), ha enriquecido su oferta con una serie de nuevos recursos para sus usuarios. Estas actuaciones, realizadas tanto por la Agencia de Medio Ambiente y Agua de Andaluc\u00eda de la Consejer\u00eda de Medio","canonical_url":"https:\/\/eldigitaldeasturias.com\/magazine365\/el-centro-de-visitantes-torre-del-vinagre-en-jaen-enriquece-su-oferta-con-nuevos-recursos\/","robots":"max-image-preview:large","keywords":"noticias y actualidad","webmasterTools":{"google-site-verification":"UA-38556648-1","miscellaneous":""},"schema":{"@context":"https:\/\/schema.org","@graph":[{"@type":"Article","@id":"https:\/\/eldigitaldeasturias.com\/magazine365\/el-centro-de-visitantes-torre-del-vinagre-en-jaen-enriquece-su-oferta-con-nuevos-recursos\/#article","name":"El Centro de Visitantes Torre del Vinagre en Ja\u00e9n enriquece su oferta con nuevos recursos | El Digital de Asturias","headline":"El Centro de Visitantes Torre del Vinagre en Ja\u00e9n enriquece su oferta con nuevos recursos","author":{"@id":"https:\/\/eldigitaldeasturias.com\/magazine365\/author\/admin\/#author"},"publisher":{"@id":"https:\/\/eldigitaldeasturias.com\/magazine365\/#organization"},"image":{"@type":"ImageObject","url":"https:\/\/eldigitaldeasturias.com\/magazine365\/wp-content\/uploads\/2016\/06\/fotonoticia_20160531201310_800.jpg","width":800,"height":600},"datePublished":"2016-06-02T06:55:54+02:00","dateModified":"2016-06-02T06:55:54+02:00","inLanguage":"es-ES","mainEntityOfPage":{"@id":"https:\/\/eldigitaldeasturias.com\/magazine365\/el-centro-de-visitantes-torre-del-vinagre-en-jaen-enriquece-su-oferta-con-nuevos-recursos\/#webpage"},"isPartOf":{"@id":"https:\/\/eldigitaldeasturias.com\/magazine365\/el-centro-de-visitantes-torre-del-vinagre-en-jaen-enriquece-su-oferta-con-nuevos-recursos\/#webpage"},"articleSection":"Noticias y Actualidad"},{"@type":"BreadcrumbList","@id":"https:\/\/eldigitaldeasturias.com\/magazine365\/el-centro-de-visitantes-torre-del-vinagre-en-jaen-enriquece-su-oferta-con-nuevos-recursos\/#breadcrumblist","itemListElement":[{"@type":"ListItem","@id":"https:\/\/eldigitaldeasturias.com\/magazine365#listItem","position":1,"name":"Home","item":"https:\/\/eldigitaldeasturias.com\/magazine365","nextItem":{"@type":"ListItem","@id":"https:\/\/eldigitaldeasturias.com\/magazine365\/category\/noticias-actualidad\/#listItem","name":"Noticias y Actualidad"}},{"@type":"ListItem","@id":"https:\/\/eldigitaldeasturias.com\/magazine365\/category\/noticias-actualidad\/#listItem","position":2,"name":"Noticias y Actualidad","item":"https:\/\/eldigitaldeasturias.com\/magazine365\/category\/noticias-actualidad\/","nextItem":{"@type":"ListItem","@id":"https:\/\/eldigitaldeasturias.com\/magazine365\/el-centro-de-visitantes-torre-del-vinagre-en-jaen-enriquece-su-oferta-con-nuevos-recursos\/#listItem","name":"El Centro de Visitantes Torre del Vinagre en Ja\u00e9n enriquece su oferta con nuevos recursos"},"previousItem":{"@type":"ListItem","@id":"https:\/\/eldigitaldeasturias.com\/magazine365#listItem","name":"Home"}},{"@type":"ListItem","@id":"https:\/\/eldigitaldeasturias.com\/magazine365\/el-centro-de-visitantes-torre-del-vinagre-en-jaen-enriquece-su-oferta-con-nuevos-recursos\/#listItem","position":3,"name":"El Centro de Visitantes Torre del Vinagre en Ja\u00e9n enriquece su oferta con nuevos recursos","previousItem":{"@type":"ListItem","@id":"https:\/\/eldigitaldeasturias.com\/magazine365\/category\/noticias-actualidad\/#listItem","name":"Noticias y Actualidad"}}]},{"@type":"Organization","@id":"https:\/\/eldigitaldeasturias.com\/magazine365\/#organization","name":"El digital de Asturias","description":"Revista de ocio, turismo y estilo de vida","url":"https:\/\/eldigitaldeasturias.com\/magazine365\/","logo":{"@type":"ImageObject","url":"https:\/\/www.eldigitaldeasturias.com\/noticias\/wp-content\/uploads\/2020\/12\/EDA.jpg","@id":"https:\/\/eldigitaldeasturias.com\/magazine365\/el-centro-de-visitantes-torre-del-vinagre-en-jaen-enriquece-su-oferta-con-nuevos-recursos\/#organizationLogo"},"image":{"@id":"https:\/\/eldigitaldeasturias.com\/magazine365\/el-centro-de-visitantes-torre-del-vinagre-en-jaen-enriquece-su-oferta-con-nuevos-recursos\/#organizationLogo"}},{"@type":"Person","@id":"https:\/\/eldigitaldeasturias.com\/magazine365\/author\/admin\/#author","url":"https:\/\/eldigitaldeasturias.com\/magazine365\/author\/admin\/","name":"admin","image":{"@type":"ImageObject","@id":"https:\/\/eldigitaldeasturias.com\/magazine365\/el-centro-de-visitantes-torre-del-vinagre-en-jaen-enriquece-su-oferta-con-nuevos-recursos\/#authorImage","url":"https:\/\/eldigitaldeasturias.com\/magazine365\/wp-content\/litespeed\/avatar\/e571bcf59a0edd6fa6838245a470f2fe.jpg?ver=1776969259","width":96,"height":96,"caption":"admin"}},{"@type":"WebPage","@id":"https:\/\/eldigitaldeasturias.com\/magazine365\/el-centro-de-visitantes-torre-del-vinagre-en-jaen-enriquece-su-oferta-con-nuevos-recursos\/#webpage","url":"https:\/\/eldigitaldeasturias.com\/magazine365\/el-centro-de-visitantes-torre-del-vinagre-en-jaen-enriquece-su-oferta-con-nuevos-recursos\/","name":"El Centro de Visitantes Torre del Vinagre en Ja\u00e9n enriquece su oferta con nuevos recursos | El Digital de Asturias","description":"El Centro de Visitantes Torre del Vinagre del Parque Natural de las Sierras de Cazorla, Segura y Las Villas, ubicado en Santiago-Pontones (Ja\u00e9n), ha enriquecido su oferta con una serie de nuevos recursos para sus usuarios. Estas actuaciones, realizadas tanto por la Agencia de Medio Ambiente y Agua de Andaluc\u00eda de la Consejer\u00eda de Medio","inLanguage":"es-ES","isPartOf":{"@id":"https:\/\/eldigitaldeasturias.com\/magazine365\/#website"},"breadcrumb":{"@id":"https:\/\/eldigitaldeasturias.com\/magazine365\/el-centro-de-visitantes-torre-del-vinagre-en-jaen-enriquece-su-oferta-con-nuevos-recursos\/#breadcrumblist"},"author":{"@id":"https:\/\/eldigitaldeasturias.com\/magazine365\/author\/admin\/#author"},"creator":{"@id":"https:\/\/eldigitaldeasturias.com\/magazine365\/author\/admin\/#author"},"image":{"@type":"ImageObject","url":"https:\/\/eldigitaldeasturias.com\/magazine365\/wp-content\/uploads\/2016\/06\/fotonoticia_20160531201310_800.jpg","@id":"https:\/\/eldigitaldeasturias.com\/magazine365\/el-centro-de-visitantes-torre-del-vinagre-en-jaen-enriquece-su-oferta-con-nuevos-recursos\/#mainImage","width":800,"height":600},"primaryImageOfPage":{"@id":"https:\/\/eldigitaldeasturias.com\/magazine365\/el-centro-de-visitantes-torre-del-vinagre-en-jaen-enriquece-su-oferta-con-nuevos-recursos\/#mainImage"},"datePublished":"2016-06-02T06:55:54+02:00","dateModified":"2016-06-02T06:55:54+02:00"},{"@type":"WebSite","@id":"https:\/\/eldigitaldeasturias.com\/magazine365\/#website","url":"https:\/\/eldigitaldeasturias.com\/magazine365\/","name":"El Digital de Asturias","description":"Revista de ocio, turismo y estilo de vida","inLanguage":"es-ES","publisher":{"@id":"https:\/\/eldigitaldeasturias.com\/magazine365\/#organization"}}]},"og:locale":"es_ES","og:site_name":"El Digital de Asturias \u2013 Revista de ocio, turismo y estilo de vida","og:type":"article","og:title":"El Centro de Visitantes Torre del Vinagre en Ja\u00e9n enriquece su oferta con nuevos recursos | El Digital de Asturias","og:description":"El Centro de Visitantes Torre del Vinagre del Parque Natural de las Sierras de Cazorla, Segura y Las Villas, ubicado en Santiago-Pontones (Ja\u00e9n), ha enriquecido su oferta con una serie de nuevos recursos para sus usuarios. Estas actuaciones, realizadas tanto por la Agencia de Medio Ambiente y Agua de Andaluc\u00eda de la Consejer\u00eda de Medio","og:url":"https:\/\/eldigitaldeasturias.com\/magazine365\/el-centro-de-visitantes-torre-del-vinagre-en-jaen-enriquece-su-oferta-con-nuevos-recursos\/","og:image":"https:\/\/eldigitaldeasturias.com\/magazine365\/wp-content\/uploads\/2016\/06\/fotonoticia_20160531201310_800.jpg","og:image:secure_url":"https:\/\/eldigitaldeasturias.com\/magazine365\/wp-content\/uploads\/2016\/06\/fotonoticia_20160531201310_800.jpg","og:image:width":800,"og:image:height":600,"article:published_time":"2016-06-02T04:55:54+00:00","article:modified_time":"2016-06-02T04:55:54+00:00","twitter:card":"summary_large_image","twitter:title":"El Centro de Visitantes Torre del Vinagre en Ja\u00e9n enriquece su oferta con nuevos recursos | El Digital de Asturias","twitter:description":"El Centro de Visitantes Torre del Vinagre del Parque Natural de las Sierras de Cazorla, Segura y Las Villas, ubicado en Santiago-Pontones (Ja\u00e9n), ha enriquecido su oferta con una serie de nuevos recursos para sus usuarios. Estas actuaciones, realizadas tanto por la Agencia de Medio Ambiente y Agua de Andaluc\u00eda de la Consejer\u00eda de Medio","twitter:image":"https:\/\/eldigitaldeasturias.com\/magazine365\/wp-content\/uploads\/2016\/06\/fotonoticia_20160531201310_800.jpg"},"aioseo_meta_data":{"post_id":"77399","title":null,"description":null,"keywords":null,"keyphrases":null,"primary_term":null,"canonical_url":null,"og_title":null,"og_description":null,"og_object_type":"default","og_image_type":"default","og_image_url":null,"og_image_width":null,"og_image_height":null,"og_image_custom_url":null,"og_image_custom_fields":null,"og_video":null,"og_custom_url":null,"og_article_section":null,"og_article_tags":null,"twitter_use_og":false,"twitter_card":"default","twitter_image_type":"default","twitter_image_url":null,"twitter_image_custom_url":null,"twitter_image_custom_fields":null,"twitter_title":null,"twitter_description":null,"schema":{"blockGraphs":[],"customGraphs":[],"default":{"data":{"Article":[],"Course":[],"Dataset":[],"FAQPage":[],"Movie":[],"Person":[],"Product":[],"ProductReview":[],"Car":[],"Recipe":[],"Service":[],"SoftwareApplication":[],"WebPage":[]},"graphName":"","isEnabled":true},"graphs":[],"defaultGraph":"","defaultPostTypeGraph":""},"schema_type":null,"schema_type_options":null,"pillar_content":false,"robots_default":true,"robots_noindex":false,"robots_noarchive":false,"robots_nosnippet":false,"robots_nofollow":false,"robots_noimageindex":false,"robots_noodp":false,"robots_notranslate":false,"robots_max_snippet":null,"robots_max_videopreview":null,"robots_max_imagepreview":"large","priority":null,"frequency":null,"location":null,"local_seo":null,"seo_analyzer_scan_date":"2025-09-27 14:48:08","breadcrumb_settings":null,"limit_modified_date":false,"open_ai":null,"ai":null,"created":"2021-03-08 18:15:20","updated":"2025-09-27 14:48:08"},"aioseo_breadcrumb":"<div class=\"aioseo-breadcrumbs\"><span class=\"aioseo-breadcrumb\">\n\t<a href=\"https:\/\/eldigitaldeasturias.com\/magazine365\" title=\"Home\">Home<\/a>\n<\/span><span class=\"aioseo-breadcrumb-separator\">\u2013<\/span><span class=\"aioseo-breadcrumb\">\n\t<a href=\"https:\/\/eldigitaldeasturias.com\/magazine365\/category\/noticias-actualidad\/\" title=\"Noticias y Actualidad\">Noticias y Actualidad<\/a>\n<\/span><span class=\"aioseo-breadcrumb-separator\">\u2013<\/span><span class=\"aioseo-breadcrumb\">\n\t<a href=\"https:\/\/eldigitaldeasturias.com\/magazine365\/el-centro-de-visitantes-torre-del-vinagre-en-jaen-enriquece-su-oferta-con-nuevos-recursos\/\" title=\"El Centro de Visitantes Torre del Vinagre en Ja\u00e9n enriquece su oferta con nuevos recursos\">El Centro de Visitantes Torre del Vinagre en Ja\u00e9n enriquece su oferta con nuevos recursos<\/a>\n<\/span><\/div>","aioseo_breadcrumb_json":[{"label":"Home","link":"https:\/\/eldigitaldeasturias.com\/magazine365"},{"label":"Noticias y Actualidad","link":"https:\/\/eldigitaldeasturias.com\/magazine365\/category\/noticias-actualidad\/"},{"label":"El Centro de Visitantes Torre del Vinagre en Ja\u00e9n enriquece su oferta con nuevos recursos","link":"https:\/\/eldigitaldeasturias.com\/magazine365\/el-centro-de-visitantes-torre-del-vinagre-en-jaen-enriquece-su-oferta-con-nuevos-recursos\/"}],"_links":{"self":[{"href":"https:\/\/eldigitaldeasturias.com\/magazine365\/wp-json\/wp\/v2\/posts\/77399","targetHints":{"allow":["GET"]}}],"collection":[{"href":"https:\/\/eldigitaldeasturias.com\/magazine365\/wp-json\/wp\/v2\/posts"}],"about":[{"href":"https:\/\/eldigitaldeasturias.com\/magazine365\/wp-json\/wp\/v2\/types\/post"}],"author":[{"embeddable":true,"href":"https:\/\/eldigitaldeasturias.com\/magazine365\/wp-json\/wp\/v2\/users\/1"}],"replies":[{"embeddable":true,"href":"https:\/\/eldigitaldeasturias.com\/magazine365\/wp-json\/wp\/v2\/comments?post=77399"}],"version-history":[{"count":0,"href":"https:\/\/eldigitaldeasturias.com\/magazine365\/wp-json\/wp\/v2\/posts\/77399\/revisions"}],"wp:featuredmedia":[{"embeddable":true,"href":"https:\/\/eldigitaldeasturias.com\/magazine365\/wp-json\/wp\/v2\/media\/77400"}],"wp:attachment":[{"href":"https:\/\/eldigitaldeasturias.com\/magazine365\/wp-json\/wp\/v2\/media?parent=77399"}],"wp:term":[{"taxonomy":"category","embeddable":true,"href":"https:\/\/eldigitaldeasturias.com\/magazine365\/wp-json\/wp\/v2\/categories?post=77399"},{"taxonomy":"post_tag","embeddable":true,"href":"https:\/\/eldigitaldeasturias.com\/magazine365\/wp-json\/wp\/v2\/tags?post=77399"}],"curies":[{"name":"wp","href":"https:\/\/api.w.org\/{rel}","templated":true}]}}