{"id":77396,"date":"2016-06-02T06:54:56","date_gmt":"2016-06-02T04:54:56","guid":{"rendered":"http:\/\/eldigitaldeasturias.com\/magazine365\/?p=77396"},"modified":"2016-06-02T06:54:56","modified_gmt":"2016-06-02T04:54:56","slug":"gobierno-de-navarra-modificara-el-actual-punto-de-recepcion-de-visitantes-y-venta-del-monasterio-de-leyre","status":"publish","type":"post","link":"https:\/\/eldigitaldeasturias.com\/magazine365\/gobierno-de-navarra-modificara-el-actual-punto-de-recepcion-de-visitantes-y-venta-del-monasterio-de-leyre\/","title":{"rendered":"Gobierno de Navarra modificar\u00e1 el actual punto de recepci\u00f3n de visitantes y venta del Monasterio de Leyre"},"content":{"rendered":"<p><img fetchpriority=\"high\" decoding=\"async\" class=\"alignleft size-medium wp-image-77397\" src=\"https:\/\/eldigitaldeasturias.com\/magazine365\/wp-content\/uploads\/2016\/06\/fotonoticia_20160531201342_800-360x256.jpg\" alt=\"fotonoticia_20160531201342_800\" width=\"360\" height=\"256\" srcset=\"https:\/\/eldigitaldeasturias.com\/magazine365\/wp-content\/uploads\/2016\/06\/fotonoticia_20160531201342_800-360x256.jpg 360w, https:\/\/eldigitaldeasturias.com\/magazine365\/wp-content\/uploads\/2016\/06\/fotonoticia_20160531201342_800-650x462.jpg 650w, https:\/\/eldigitaldeasturias.com\/magazine365\/wp-content\/uploads\/2016\/06\/fotonoticia_20160531201342_800-768x545.jpg 768w, https:\/\/eldigitaldeasturias.com\/magazine365\/wp-content\/uploads\/2016\/06\/fotonoticia_20160531201342_800-150x107.jpg 150w, https:\/\/eldigitaldeasturias.com\/magazine365\/wp-content\/uploads\/2016\/06\/fotonoticia_20160531201342_800-450x320.jpg 450w, https:\/\/eldigitaldeasturias.com\/magazine365\/wp-content\/uploads\/2016\/06\/fotonoticia_20160531201342_800.jpg 800w\" sizes=\"(max-width: 360px) 100vw, 360px\" \/>El Servicio de Patrimonio del Gobierno de Navarra modificar\u00e1 el actual punto de recepci\u00f3n de visitantes y venta del Monasterio de Leyre, que pasar\u00e1 al viejo edificio, ubicado frente a la hospeder\u00eda e inmediato al aparcamiento.<\/p>\n<p>Como se sabe, el monasterio recibe decenas de miles de personas cada a\u00f1o que acuden a conocerlo y el punto actual de recepci\u00f3n del visitante es el zagu\u00e1n de la cripta de la iglesia, una pieza de la misma \u00e9poca que la cripta, en la que tambi\u00e9n est\u00e1 instalado el punto de venta de recuerdos.<\/p>\n<p>Para el personal que realiza las gu\u00edas se habilit\u00f3 un peque\u00f1o local anejo, segregado del s\u00f3tano de la hospeder\u00eda, al que se incorpor\u00f3 en su momento un aseo, y delante de la entrada a este local est\u00e1 el mostrador desde el que se atiende a los visitantes, ha informado el Gobierno foral en una nota.<\/p>\n<p>Sin embargo, este espacio resultaba \u00abinadecuado\u00bb, tanto por la posici\u00f3n que ocupa dentro del monumento como por las caracter\u00edsticas y dimensiones del zagu\u00e1n y del local anejo, que \u00abno re\u00fanen las condiciones necesarias para atender a un n\u00famero elevado de visitantes ni resulta acorde con la calidad del monumento\u00bb.<\/p>\n<p>Los t\u00e9cnicos del Servicio de Patrimonio han optado por reubicar estos servicios en el viejo edificio, en el lado noreste del monasterio frente a la hospeder\u00eda e inmediato al aparcamiento. Este edificio consta de una planta baja, actualmente sin uso, y una de semis\u00f3tano, en la que se ubica la licorer\u00eda del monasterio. La actuaci\u00f3n consistir\u00e1 en rehabilitar la planta baja del edificio, que consta de una \u00fanica pero alargada estancia, para adecuarla a la recepci\u00f3n de visitantes.<\/p>\n<p>El proyecto previsto comprende la configuraci\u00f3n de un amplio acceso descubierto, cancela, una tienda amplia en la que queda integrada la atenci\u00f3n de los visitantes, un almac\u00e9n, aseos y vestuarios para las personas que atienden a los visitantes, y una sala de instalaciones. El proyecto, con un presupuesto de 544.318 euros, fue elaborado por Aitor Ram\u00edrez Rico que ha resultado tambi\u00e9n adjudicatario de la direcci\u00f3n de obra.<\/p>\n<p>El pasado 15 de abril de 2016 se public\u00f3 el anuncio de licitaci\u00f3n de las obras en el portal de contrataci\u00f3n de Navarra, remitiendo la documentaci\u00f3n a 10 empresas que la solicitaron, de las que 4 presentaron oferta. Result\u00f3 adjudicataria la empresa Construcciones Aranguren S.A., de Sang\u00fcesa, por un importe de 435.454,98 euros, IVA incluido y con un plazo de ejecuci\u00f3n de seis meses.<\/p>\n<p>El monasterio de San Salvador de Leyre fue declarado monumento por una Real Orden de 16 de octubre de 1867, y su entorno de protecci\u00f3n fue delimitado por un Acuerdo del Gobierno de Navarra de 21 de diciembre de 2011. Es propiedad del Gobierno de Navarra y est\u00e1 cedido en usufructo a la Comunidad benedictina de Leyre.<\/p>\n","protected":false},"excerpt":{"rendered":"<p>El Servicio de Patrimonio del Gobierno de Navarra modificar\u00e1 el actual punto de recepci\u00f3n de visitantes y venta del Monasterio de Leyre, que pasar\u00e1 al viejo edificio, ubicado frente a la hospeder\u00eda e inmediato al aparcamiento. Como se sabe, el monasterio recibe decenas de miles de personas cada a\u00f1o que acuden a conocerlo y el<\/p>\n","protected":false},"author":1,"featured_media":77397,"comment_status":"open","ping_status":"closed","sticky":false,"template":"","format":"standard","meta":{"footnotes":""},"categories":[224],"tags":[],"class_list":{"0":"post-77396","1":"post","2":"type-post","3":"status-publish","4":"format-standard","5":"has-post-thumbnail","7":"category-noticias-actualidad"},"aioseo_notices":[],"aioseo_head":"\n\t\t<!-- All in One SEO Pro 4.9.6.1 - aioseo.com -->\n\t<meta name=\"description\" content=\"El Servicio de Patrimonio del Gobierno de Navarra modificar\u00e1 el actual punto de recepci\u00f3n de visitantes y venta del Monasterio de Leyre, que pasar\u00e1 al viejo edificio, ubicado frente a la hospeder\u00eda e inmediato al aparcamiento. Como se sabe, el monasterio recibe decenas de miles de personas cada a\u00f1o que acuden a conocerlo y el\" \/>\n\t<meta name=\"robots\" content=\"max-image-preview:large\" \/>\n\t<meta name=\"author\" content=\"admin\"\/>\n\t<meta name=\"google-site-verification\" content=\"UA-38556648-1\" \/>\n\t<meta name=\"keywords\" content=\"noticias y actualidad\" \/>\n\t<link rel=\"canonical\" href=\"https:\/\/eldigitaldeasturias.com\/magazine365\/gobierno-de-navarra-modificara-el-actual-punto-de-recepcion-de-visitantes-y-venta-del-monasterio-de-leyre\/\" \/>\n\t<meta name=\"generator\" content=\"All in One SEO Pro (AIOSEO) 4.9.6.1\" \/>\n\t\t<meta property=\"og:locale\" content=\"es_ES\" \/>\n\t\t<meta property=\"og:site_name\" content=\"El Digital de Asturias \u2013 Revista de ocio, turismo y estilo de vida\" \/>\n\t\t<meta property=\"og:type\" content=\"article\" \/>\n\t\t<meta property=\"og:title\" content=\"Gobierno de Navarra modificar\u00e1 el actual punto de recepci\u00f3n de visitantes y venta del Monasterio de Leyre | El Digital de Asturias\" \/>\n\t\t<meta property=\"og:description\" content=\"El Servicio de Patrimonio del Gobierno de Navarra modificar\u00e1 el actual punto de recepci\u00f3n de visitantes y venta del Monasterio de Leyre, que pasar\u00e1 al viejo edificio, ubicado frente a la hospeder\u00eda e inmediato al aparcamiento. Como se sabe, el monasterio recibe decenas de miles de personas cada a\u00f1o que acuden a conocerlo y el\" \/>\n\t\t<meta property=\"og:url\" content=\"https:\/\/eldigitaldeasturias.com\/magazine365\/gobierno-de-navarra-modificara-el-actual-punto-de-recepcion-de-visitantes-y-venta-del-monasterio-de-leyre\/\" \/>\n\t\t<meta property=\"og:image\" content=\"https:\/\/eldigitaldeasturias.com\/magazine365\/wp-content\/uploads\/2016\/06\/fotonoticia_20160531201342_800.jpg\" \/>\n\t\t<meta property=\"og:image:secure_url\" content=\"https:\/\/eldigitaldeasturias.com\/magazine365\/wp-content\/uploads\/2016\/06\/fotonoticia_20160531201342_800.jpg\" \/>\n\t\t<meta property=\"og:image:width\" content=\"800\" \/>\n\t\t<meta property=\"og:image:height\" content=\"568\" \/>\n\t\t<meta property=\"article:published_time\" content=\"2016-06-02T04:54:56+00:00\" \/>\n\t\t<meta property=\"article:modified_time\" content=\"2016-06-02T04:54:56+00:00\" \/>\n\t\t<meta name=\"twitter:card\" content=\"summary_large_image\" \/>\n\t\t<meta name=\"twitter:title\" content=\"Gobierno de Navarra modificar\u00e1 el actual punto de recepci\u00f3n de visitantes y venta del Monasterio de Leyre | El Digital de Asturias\" \/>\n\t\t<meta name=\"twitter:description\" content=\"El Servicio de Patrimonio del Gobierno de Navarra modificar\u00e1 el actual punto de recepci\u00f3n de visitantes y venta del Monasterio de Leyre, que pasar\u00e1 al viejo edificio, ubicado frente a la hospeder\u00eda e inmediato al aparcamiento. Como se sabe, el monasterio recibe decenas de miles de personas cada a\u00f1o que acuden a conocerlo y el\" \/>\n\t\t<meta name=\"twitter:image\" content=\"https:\/\/eldigitaldeasturias.com\/magazine365\/wp-content\/uploads\/2016\/06\/fotonoticia_20160531201342_800.jpg\" \/>\n\t\t<script type=\"application\/ld+json\" class=\"aioseo-schema\">\n\t\t\t{\"@context\":\"https:\\\/\\\/schema.org\",\"@graph\":[{\"@type\":\"Article\",\"@id\":\"https:\\\/\\\/eldigitaldeasturias.com\\\/magazine365\\\/gobierno-de-navarra-modificara-el-actual-punto-de-recepcion-de-visitantes-y-venta-del-monasterio-de-leyre\\\/#article\",\"name\":\"Gobierno de Navarra modificar\\u00e1 el actual punto de recepci\\u00f3n de visitantes y venta del Monasterio de Leyre | El Digital de Asturias\",\"headline\":\"Gobierno de Navarra modificar\\u00e1 el actual punto de recepci\\u00f3n de visitantes y venta del Monasterio de Leyre\",\"author\":{\"@id\":\"https:\\\/\\\/eldigitaldeasturias.com\\\/magazine365\\\/author\\\/admin\\\/#author\"},\"publisher\":{\"@id\":\"https:\\\/\\\/eldigitaldeasturias.com\\\/magazine365\\\/#organization\"},\"image\":{\"@type\":\"ImageObject\",\"url\":\"https:\\\/\\\/eldigitaldeasturias.com\\\/magazine365\\\/wp-content\\\/uploads\\\/2016\\\/06\\\/fotonoticia_20160531201342_800.jpg\",\"width\":800,\"height\":568},\"datePublished\":\"2016-06-02T06:54:56+02:00\",\"dateModified\":\"2016-06-02T06:54:56+02:00\",\"inLanguage\":\"es-ES\",\"mainEntityOfPage\":{\"@id\":\"https:\\\/\\\/eldigitaldeasturias.com\\\/magazine365\\\/gobierno-de-navarra-modificara-el-actual-punto-de-recepcion-de-visitantes-y-venta-del-monasterio-de-leyre\\\/#webpage\"},\"isPartOf\":{\"@id\":\"https:\\\/\\\/eldigitaldeasturias.com\\\/magazine365\\\/gobierno-de-navarra-modificara-el-actual-punto-de-recepcion-de-visitantes-y-venta-del-monasterio-de-leyre\\\/#webpage\"},\"articleSection\":\"Noticias y Actualidad\"},{\"@type\":\"BreadcrumbList\",\"@id\":\"https:\\\/\\\/eldigitaldeasturias.com\\\/magazine365\\\/gobierno-de-navarra-modificara-el-actual-punto-de-recepcion-de-visitantes-y-venta-del-monasterio-de-leyre\\\/#breadcrumblist\",\"itemListElement\":[{\"@type\":\"ListItem\",\"@id\":\"https:\\\/\\\/eldigitaldeasturias.com\\\/magazine365#listItem\",\"position\":1,\"name\":\"Home\",\"item\":\"https:\\\/\\\/eldigitaldeasturias.com\\\/magazine365\",\"nextItem\":{\"@type\":\"ListItem\",\"@id\":\"https:\\\/\\\/eldigitaldeasturias.com\\\/magazine365\\\/category\\\/noticias-actualidad\\\/#listItem\",\"name\":\"Noticias y Actualidad\"}},{\"@type\":\"ListItem\",\"@id\":\"https:\\\/\\\/eldigitaldeasturias.com\\\/magazine365\\\/category\\\/noticias-actualidad\\\/#listItem\",\"position\":2,\"name\":\"Noticias y Actualidad\",\"item\":\"https:\\\/\\\/eldigitaldeasturias.com\\\/magazine365\\\/category\\\/noticias-actualidad\\\/\",\"nextItem\":{\"@type\":\"ListItem\",\"@id\":\"https:\\\/\\\/eldigitaldeasturias.com\\\/magazine365\\\/gobierno-de-navarra-modificara-el-actual-punto-de-recepcion-de-visitantes-y-venta-del-monasterio-de-leyre\\\/#listItem\",\"name\":\"Gobierno de Navarra modificar\\u00e1 el actual punto de recepci\\u00f3n de visitantes y venta del Monasterio de Leyre\"},\"previousItem\":{\"@type\":\"ListItem\",\"@id\":\"https:\\\/\\\/eldigitaldeasturias.com\\\/magazine365#listItem\",\"name\":\"Home\"}},{\"@type\":\"ListItem\",\"@id\":\"https:\\\/\\\/eldigitaldeasturias.com\\\/magazine365\\\/gobierno-de-navarra-modificara-el-actual-punto-de-recepcion-de-visitantes-y-venta-del-monasterio-de-leyre\\\/#listItem\",\"position\":3,\"name\":\"Gobierno de Navarra modificar\\u00e1 el actual punto de recepci\\u00f3n de visitantes y venta del Monasterio de Leyre\",\"previousItem\":{\"@type\":\"ListItem\",\"@id\":\"https:\\\/\\\/eldigitaldeasturias.com\\\/magazine365\\\/category\\\/noticias-actualidad\\\/#listItem\",\"name\":\"Noticias y Actualidad\"}}]},{\"@type\":\"Organization\",\"@id\":\"https:\\\/\\\/eldigitaldeasturias.com\\\/magazine365\\\/#organization\",\"name\":\"El digital de Asturias\",\"description\":\"Revista de ocio, turismo y estilo de vida\",\"url\":\"https:\\\/\\\/eldigitaldeasturias.com\\\/magazine365\\\/\",\"logo\":{\"@type\":\"ImageObject\",\"url\":\"https:\\\/\\\/www.eldigitaldeasturias.com\\\/noticias\\\/wp-content\\\/uploads\\\/2020\\\/12\\\/EDA.jpg\",\"@id\":\"https:\\\/\\\/eldigitaldeasturias.com\\\/magazine365\\\/gobierno-de-navarra-modificara-el-actual-punto-de-recepcion-de-visitantes-y-venta-del-monasterio-de-leyre\\\/#organizationLogo\"},\"image\":{\"@id\":\"https:\\\/\\\/eldigitaldeasturias.com\\\/magazine365\\\/gobierno-de-navarra-modificara-el-actual-punto-de-recepcion-de-visitantes-y-venta-del-monasterio-de-leyre\\\/#organizationLogo\"}},{\"@type\":\"Person\",\"@id\":\"https:\\\/\\\/eldigitaldeasturias.com\\\/magazine365\\\/author\\\/admin\\\/#author\",\"url\":\"https:\\\/\\\/eldigitaldeasturias.com\\\/magazine365\\\/author\\\/admin\\\/\",\"name\":\"admin\",\"image\":{\"@type\":\"ImageObject\",\"@id\":\"https:\\\/\\\/eldigitaldeasturias.com\\\/magazine365\\\/gobierno-de-navarra-modificara-el-actual-punto-de-recepcion-de-visitantes-y-venta-del-monasterio-de-leyre\\\/#authorImage\",\"url\":\"https:\\\/\\\/eldigitaldeasturias.com\\\/magazine365\\\/wp-content\\\/litespeed\\\/avatar\\\/e571bcf59a0edd6fa6838245a470f2fe.jpg?ver=1776969259\",\"width\":96,\"height\":96,\"caption\":\"admin\"}},{\"@type\":\"WebPage\",\"@id\":\"https:\\\/\\\/eldigitaldeasturias.com\\\/magazine365\\\/gobierno-de-navarra-modificara-el-actual-punto-de-recepcion-de-visitantes-y-venta-del-monasterio-de-leyre\\\/#webpage\",\"url\":\"https:\\\/\\\/eldigitaldeasturias.com\\\/magazine365\\\/gobierno-de-navarra-modificara-el-actual-punto-de-recepcion-de-visitantes-y-venta-del-monasterio-de-leyre\\\/\",\"name\":\"Gobierno de Navarra modificar\\u00e1 el actual punto de recepci\\u00f3n de visitantes y venta del Monasterio de Leyre | El Digital de Asturias\",\"description\":\"El Servicio de Patrimonio del Gobierno de Navarra modificar\\u00e1 el actual punto de recepci\\u00f3n de visitantes y venta del Monasterio de Leyre, que pasar\\u00e1 al viejo edificio, ubicado frente a la hospeder\\u00eda e inmediato al aparcamiento. Como se sabe, el monasterio recibe decenas de miles de personas cada a\\u00f1o que acuden a conocerlo y el\",\"inLanguage\":\"es-ES\",\"isPartOf\":{\"@id\":\"https:\\\/\\\/eldigitaldeasturias.com\\\/magazine365\\\/#website\"},\"breadcrumb\":{\"@id\":\"https:\\\/\\\/eldigitaldeasturias.com\\\/magazine365\\\/gobierno-de-navarra-modificara-el-actual-punto-de-recepcion-de-visitantes-y-venta-del-monasterio-de-leyre\\\/#breadcrumblist\"},\"author\":{\"@id\":\"https:\\\/\\\/eldigitaldeasturias.com\\\/magazine365\\\/author\\\/admin\\\/#author\"},\"creator\":{\"@id\":\"https:\\\/\\\/eldigitaldeasturias.com\\\/magazine365\\\/author\\\/admin\\\/#author\"},\"image\":{\"@type\":\"ImageObject\",\"url\":\"https:\\\/\\\/eldigitaldeasturias.com\\\/magazine365\\\/wp-content\\\/uploads\\\/2016\\\/06\\\/fotonoticia_20160531201342_800.jpg\",\"@id\":\"https:\\\/\\\/eldigitaldeasturias.com\\\/magazine365\\\/gobierno-de-navarra-modificara-el-actual-punto-de-recepcion-de-visitantes-y-venta-del-monasterio-de-leyre\\\/#mainImage\",\"width\":800,\"height\":568},\"primaryImageOfPage\":{\"@id\":\"https:\\\/\\\/eldigitaldeasturias.com\\\/magazine365\\\/gobierno-de-navarra-modificara-el-actual-punto-de-recepcion-de-visitantes-y-venta-del-monasterio-de-leyre\\\/#mainImage\"},\"datePublished\":\"2016-06-02T06:54:56+02:00\",\"dateModified\":\"2016-06-02T06:54:56+02:00\"},{\"@type\":\"WebSite\",\"@id\":\"https:\\\/\\\/eldigitaldeasturias.com\\\/magazine365\\\/#website\",\"url\":\"https:\\\/\\\/eldigitaldeasturias.com\\\/magazine365\\\/\",\"name\":\"El Digital de Asturias\",\"description\":\"Revista de ocio, turismo y estilo de vida\",\"inLanguage\":\"es-ES\",\"publisher\":{\"@id\":\"https:\\\/\\\/eldigitaldeasturias.com\\\/magazine365\\\/#organization\"}}]}\n\t\t<\/script>\n\t\t<!-- All in One SEO Pro -->\r\n\t\t<title>Gobierno de Navarra modificar\u00e1 el actual punto de recepci\u00f3n de visitantes y venta del Monasterio de Leyre | El Digital de Asturias<\/title>\n\n","aioseo_head_json":{"title":"Gobierno de Navarra modificar\u00e1 el actual punto de recepci\u00f3n de visitantes y venta del Monasterio de Leyre | El Digital de Asturias","description":"El Servicio de Patrimonio del Gobierno de Navarra modificar\u00e1 el actual punto de recepci\u00f3n de visitantes y venta del Monasterio de Leyre, que pasar\u00e1 al viejo edificio, ubicado frente a la hospeder\u00eda e inmediato al aparcamiento. Como se sabe, el monasterio recibe decenas de miles de personas cada a\u00f1o que acuden a conocerlo y el","canonical_url":"https:\/\/eldigitaldeasturias.com\/magazine365\/gobierno-de-navarra-modificara-el-actual-punto-de-recepcion-de-visitantes-y-venta-del-monasterio-de-leyre\/","robots":"max-image-preview:large","keywords":"noticias y actualidad","webmasterTools":{"google-site-verification":"UA-38556648-1","miscellaneous":""},"schema":{"@context":"https:\/\/schema.org","@graph":[{"@type":"Article","@id":"https:\/\/eldigitaldeasturias.com\/magazine365\/gobierno-de-navarra-modificara-el-actual-punto-de-recepcion-de-visitantes-y-venta-del-monasterio-de-leyre\/#article","name":"Gobierno de Navarra modificar\u00e1 el actual punto de recepci\u00f3n de visitantes y venta del Monasterio de Leyre | El Digital de Asturias","headline":"Gobierno de Navarra modificar\u00e1 el actual punto de recepci\u00f3n de visitantes y venta del Monasterio de Leyre","author":{"@id":"https:\/\/eldigitaldeasturias.com\/magazine365\/author\/admin\/#author"},"publisher":{"@id":"https:\/\/eldigitaldeasturias.com\/magazine365\/#organization"},"image":{"@type":"ImageObject","url":"https:\/\/eldigitaldeasturias.com\/magazine365\/wp-content\/uploads\/2016\/06\/fotonoticia_20160531201342_800.jpg","width":800,"height":568},"datePublished":"2016-06-02T06:54:56+02:00","dateModified":"2016-06-02T06:54:56+02:00","inLanguage":"es-ES","mainEntityOfPage":{"@id":"https:\/\/eldigitaldeasturias.com\/magazine365\/gobierno-de-navarra-modificara-el-actual-punto-de-recepcion-de-visitantes-y-venta-del-monasterio-de-leyre\/#webpage"},"isPartOf":{"@id":"https:\/\/eldigitaldeasturias.com\/magazine365\/gobierno-de-navarra-modificara-el-actual-punto-de-recepcion-de-visitantes-y-venta-del-monasterio-de-leyre\/#webpage"},"articleSection":"Noticias y Actualidad"},{"@type":"BreadcrumbList","@id":"https:\/\/eldigitaldeasturias.com\/magazine365\/gobierno-de-navarra-modificara-el-actual-punto-de-recepcion-de-visitantes-y-venta-del-monasterio-de-leyre\/#breadcrumblist","itemListElement":[{"@type":"ListItem","@id":"https:\/\/eldigitaldeasturias.com\/magazine365#listItem","position":1,"name":"Home","item":"https:\/\/eldigitaldeasturias.com\/magazine365","nextItem":{"@type":"ListItem","@id":"https:\/\/eldigitaldeasturias.com\/magazine365\/category\/noticias-actualidad\/#listItem","name":"Noticias y Actualidad"}},{"@type":"ListItem","@id":"https:\/\/eldigitaldeasturias.com\/magazine365\/category\/noticias-actualidad\/#listItem","position":2,"name":"Noticias y Actualidad","item":"https:\/\/eldigitaldeasturias.com\/magazine365\/category\/noticias-actualidad\/","nextItem":{"@type":"ListItem","@id":"https:\/\/eldigitaldeasturias.com\/magazine365\/gobierno-de-navarra-modificara-el-actual-punto-de-recepcion-de-visitantes-y-venta-del-monasterio-de-leyre\/#listItem","name":"Gobierno de Navarra modificar\u00e1 el actual punto de recepci\u00f3n de visitantes y venta del Monasterio de Leyre"},"previousItem":{"@type":"ListItem","@id":"https:\/\/eldigitaldeasturias.com\/magazine365#listItem","name":"Home"}},{"@type":"ListItem","@id":"https:\/\/eldigitaldeasturias.com\/magazine365\/gobierno-de-navarra-modificara-el-actual-punto-de-recepcion-de-visitantes-y-venta-del-monasterio-de-leyre\/#listItem","position":3,"name":"Gobierno de Navarra modificar\u00e1 el actual punto de recepci\u00f3n de visitantes y venta del Monasterio de Leyre","previousItem":{"@type":"ListItem","@id":"https:\/\/eldigitaldeasturias.com\/magazine365\/category\/noticias-actualidad\/#listItem","name":"Noticias y Actualidad"}}]},{"@type":"Organization","@id":"https:\/\/eldigitaldeasturias.com\/magazine365\/#organization","name":"El digital de Asturias","description":"Revista de ocio, turismo y estilo de vida","url":"https:\/\/eldigitaldeasturias.com\/magazine365\/","logo":{"@type":"ImageObject","url":"https:\/\/www.eldigitaldeasturias.com\/noticias\/wp-content\/uploads\/2020\/12\/EDA.jpg","@id":"https:\/\/eldigitaldeasturias.com\/magazine365\/gobierno-de-navarra-modificara-el-actual-punto-de-recepcion-de-visitantes-y-venta-del-monasterio-de-leyre\/#organizationLogo"},"image":{"@id":"https:\/\/eldigitaldeasturias.com\/magazine365\/gobierno-de-navarra-modificara-el-actual-punto-de-recepcion-de-visitantes-y-venta-del-monasterio-de-leyre\/#organizationLogo"}},{"@type":"Person","@id":"https:\/\/eldigitaldeasturias.com\/magazine365\/author\/admin\/#author","url":"https:\/\/eldigitaldeasturias.com\/magazine365\/author\/admin\/","name":"admin","image":{"@type":"ImageObject","@id":"https:\/\/eldigitaldeasturias.com\/magazine365\/gobierno-de-navarra-modificara-el-actual-punto-de-recepcion-de-visitantes-y-venta-del-monasterio-de-leyre\/#authorImage","url":"https:\/\/eldigitaldeasturias.com\/magazine365\/wp-content\/litespeed\/avatar\/e571bcf59a0edd6fa6838245a470f2fe.jpg?ver=1776969259","width":96,"height":96,"caption":"admin"}},{"@type":"WebPage","@id":"https:\/\/eldigitaldeasturias.com\/magazine365\/gobierno-de-navarra-modificara-el-actual-punto-de-recepcion-de-visitantes-y-venta-del-monasterio-de-leyre\/#webpage","url":"https:\/\/eldigitaldeasturias.com\/magazine365\/gobierno-de-navarra-modificara-el-actual-punto-de-recepcion-de-visitantes-y-venta-del-monasterio-de-leyre\/","name":"Gobierno de Navarra modificar\u00e1 el actual punto de recepci\u00f3n de visitantes y venta del Monasterio de Leyre | El Digital de Asturias","description":"El Servicio de Patrimonio del Gobierno de Navarra modificar\u00e1 el actual punto de recepci\u00f3n de visitantes y venta del Monasterio de Leyre, que pasar\u00e1 al viejo edificio, ubicado frente a la hospeder\u00eda e inmediato al aparcamiento. Como se sabe, el monasterio recibe decenas de miles de personas cada a\u00f1o que acuden a conocerlo y el","inLanguage":"es-ES","isPartOf":{"@id":"https:\/\/eldigitaldeasturias.com\/magazine365\/#website"},"breadcrumb":{"@id":"https:\/\/eldigitaldeasturias.com\/magazine365\/gobierno-de-navarra-modificara-el-actual-punto-de-recepcion-de-visitantes-y-venta-del-monasterio-de-leyre\/#breadcrumblist"},"author":{"@id":"https:\/\/eldigitaldeasturias.com\/magazine365\/author\/admin\/#author"},"creator":{"@id":"https:\/\/eldigitaldeasturias.com\/magazine365\/author\/admin\/#author"},"image":{"@type":"ImageObject","url":"https:\/\/eldigitaldeasturias.com\/magazine365\/wp-content\/uploads\/2016\/06\/fotonoticia_20160531201342_800.jpg","@id":"https:\/\/eldigitaldeasturias.com\/magazine365\/gobierno-de-navarra-modificara-el-actual-punto-de-recepcion-de-visitantes-y-venta-del-monasterio-de-leyre\/#mainImage","width":800,"height":568},"primaryImageOfPage":{"@id":"https:\/\/eldigitaldeasturias.com\/magazine365\/gobierno-de-navarra-modificara-el-actual-punto-de-recepcion-de-visitantes-y-venta-del-monasterio-de-leyre\/#mainImage"},"datePublished":"2016-06-02T06:54:56+02:00","dateModified":"2016-06-02T06:54:56+02:00"},{"@type":"WebSite","@id":"https:\/\/eldigitaldeasturias.com\/magazine365\/#website","url":"https:\/\/eldigitaldeasturias.com\/magazine365\/","name":"El Digital de Asturias","description":"Revista de ocio, turismo y estilo de vida","inLanguage":"es-ES","publisher":{"@id":"https:\/\/eldigitaldeasturias.com\/magazine365\/#organization"}}]},"og:locale":"es_ES","og:site_name":"El Digital de Asturias \u2013 Revista de ocio, turismo y estilo de vida","og:type":"article","og:title":"Gobierno de Navarra modificar\u00e1 el actual punto de recepci\u00f3n de visitantes y venta del Monasterio de Leyre | El Digital de Asturias","og:description":"El Servicio de Patrimonio del Gobierno de Navarra modificar\u00e1 el actual punto de recepci\u00f3n de visitantes y venta del Monasterio de Leyre, que pasar\u00e1 al viejo edificio, ubicado frente a la hospeder\u00eda e inmediato al aparcamiento. Como se sabe, el monasterio recibe decenas de miles de personas cada a\u00f1o que acuden a conocerlo y el","og:url":"https:\/\/eldigitaldeasturias.com\/magazine365\/gobierno-de-navarra-modificara-el-actual-punto-de-recepcion-de-visitantes-y-venta-del-monasterio-de-leyre\/","og:image":"https:\/\/eldigitaldeasturias.com\/magazine365\/wp-content\/uploads\/2016\/06\/fotonoticia_20160531201342_800.jpg","og:image:secure_url":"https:\/\/eldigitaldeasturias.com\/magazine365\/wp-content\/uploads\/2016\/06\/fotonoticia_20160531201342_800.jpg","og:image:width":800,"og:image:height":568,"article:published_time":"2016-06-02T04:54:56+00:00","article:modified_time":"2016-06-02T04:54:56+00:00","twitter:card":"summary_large_image","twitter:title":"Gobierno de Navarra modificar\u00e1 el actual punto de recepci\u00f3n de visitantes y venta del Monasterio de Leyre | El Digital de Asturias","twitter:description":"El Servicio de Patrimonio del Gobierno de Navarra modificar\u00e1 el actual punto de recepci\u00f3n de visitantes y venta del Monasterio de Leyre, que pasar\u00e1 al viejo edificio, ubicado frente a la hospeder\u00eda e inmediato al aparcamiento. Como se sabe, el monasterio recibe decenas de miles de personas cada a\u00f1o que acuden a conocerlo y el","twitter:image":"https:\/\/eldigitaldeasturias.com\/magazine365\/wp-content\/uploads\/2016\/06\/fotonoticia_20160531201342_800.jpg"},"aioseo_meta_data":{"post_id":"77396","title":null,"description":null,"keywords":null,"keyphrases":null,"primary_term":null,"canonical_url":null,"og_title":null,"og_description":null,"og_object_type":"default","og_image_type":"default","og_image_url":null,"og_image_width":null,"og_image_height":null,"og_image_custom_url":null,"og_image_custom_fields":null,"og_video":null,"og_custom_url":null,"og_article_section":null,"og_article_tags":null,"twitter_use_og":false,"twitter_card":"default","twitter_image_type":"default","twitter_image_url":null,"twitter_image_custom_url":null,"twitter_image_custom_fields":null,"twitter_title":null,"twitter_description":null,"schema":{"blockGraphs":[],"customGraphs":[],"default":{"data":{"Article":[],"Course":[],"Dataset":[],"FAQPage":[],"Movie":[],"Person":[],"Product":[],"ProductReview":[],"Car":[],"Recipe":[],"Service":[],"SoftwareApplication":[],"WebPage":[]},"graphName":"","isEnabled":true},"graphs":[]},"schema_type":null,"schema_type_options":null,"pillar_content":false,"robots_default":true,"robots_noindex":false,"robots_noarchive":false,"robots_nosnippet":false,"robots_nofollow":false,"robots_noimageindex":false,"robots_noodp":false,"robots_notranslate":false,"robots_max_snippet":null,"robots_max_videopreview":null,"robots_max_imagepreview":"large","priority":null,"frequency":null,"location":null,"local_seo":null,"seo_analyzer_scan_date":"2025-09-27 14:48:07","breadcrumb_settings":null,"limit_modified_date":false,"open_ai":null,"ai":null,"created":"2021-03-08 18:15:20","updated":"2025-09-27 14:48:07"},"aioseo_breadcrumb":"<div class=\"aioseo-breadcrumbs\"><span class=\"aioseo-breadcrumb\">\n\t<a href=\"https:\/\/eldigitaldeasturias.com\/magazine365\" title=\"Home\">Home<\/a>\n<\/span><span class=\"aioseo-breadcrumb-separator\">\u2013<\/span><span class=\"aioseo-breadcrumb\">\n\t<a href=\"https:\/\/eldigitaldeasturias.com\/magazine365\/category\/noticias-actualidad\/\" title=\"Noticias y Actualidad\">Noticias y Actualidad<\/a>\n<\/span><span class=\"aioseo-breadcrumb-separator\">\u2013<\/span><span class=\"aioseo-breadcrumb\">\n\t<a href=\"https:\/\/eldigitaldeasturias.com\/magazine365\/gobierno-de-navarra-modificara-el-actual-punto-de-recepcion-de-visitantes-y-venta-del-monasterio-de-leyre\/\" title=\"Gobierno de Navarra modificar\u00e1 el actual punto de recepci\u00f3n de visitantes y venta del Monasterio de Leyre\">Gobierno de Navarra modificar\u00e1 el actual punto de recepci\u00f3n de visitantes y venta del Monasterio de Leyre<\/a>\n<\/span><\/div>","aioseo_breadcrumb_json":[{"label":"Home","link":"https:\/\/eldigitaldeasturias.com\/magazine365"},{"label":"Noticias y Actualidad","link":"https:\/\/eldigitaldeasturias.com\/magazine365\/category\/noticias-actualidad\/"},{"label":"Gobierno de Navarra modificar\u00e1 el actual punto de recepci\u00f3n de visitantes y venta del Monasterio de Leyre","link":"https:\/\/eldigitaldeasturias.com\/magazine365\/gobierno-de-navarra-modificara-el-actual-punto-de-recepcion-de-visitantes-y-venta-del-monasterio-de-leyre\/"}],"_links":{"self":[{"href":"https:\/\/eldigitaldeasturias.com\/magazine365\/wp-json\/wp\/v2\/posts\/77396","targetHints":{"allow":["GET"]}}],"collection":[{"href":"https:\/\/eldigitaldeasturias.com\/magazine365\/wp-json\/wp\/v2\/posts"}],"about":[{"href":"https:\/\/eldigitaldeasturias.com\/magazine365\/wp-json\/wp\/v2\/types\/post"}],"author":[{"embeddable":true,"href":"https:\/\/eldigitaldeasturias.com\/magazine365\/wp-json\/wp\/v2\/users\/1"}],"replies":[{"embeddable":true,"href":"https:\/\/eldigitaldeasturias.com\/magazine365\/wp-json\/wp\/v2\/comments?post=77396"}],"version-history":[{"count":0,"href":"https:\/\/eldigitaldeasturias.com\/magazine365\/wp-json\/wp\/v2\/posts\/77396\/revisions"}],"wp:featuredmedia":[{"embeddable":true,"href":"https:\/\/eldigitaldeasturias.com\/magazine365\/wp-json\/wp\/v2\/media\/77397"}],"wp:attachment":[{"href":"https:\/\/eldigitaldeasturias.com\/magazine365\/wp-json\/wp\/v2\/media?parent=77396"}],"wp:term":[{"taxonomy":"category","embeddable":true,"href":"https:\/\/eldigitaldeasturias.com\/magazine365\/wp-json\/wp\/v2\/categories?post=77396"},{"taxonomy":"post_tag","embeddable":true,"href":"https:\/\/eldigitaldeasturias.com\/magazine365\/wp-json\/wp\/v2\/tags?post=77396"}],"curies":[{"name":"wp","href":"https:\/\/api.w.org\/{rel}","templated":true}]}}