{"id":77375,"date":"2016-06-02T06:46:20","date_gmt":"2016-06-02T04:46:20","guid":{"rendered":"http:\/\/eldigitaldeasturias.com\/magazine365\/?p=77375"},"modified":"2016-06-02T06:46:20","modified_gmt":"2016-06-02T04:46:20","slug":"afectados-los-trenes-a-francia-por-una-huelga-en-la-operadora-ferroviaria-gala-sncf","status":"publish","type":"post","link":"https:\/\/eldigitaldeasturias.com\/magazine365\/afectados-los-trenes-a-francia-por-una-huelga-en-la-operadora-ferroviaria-gala-sncf\/","title":{"rendered":"Afectados los trenes a Francia por una huelga en la operadora ferroviaria gala SNCF"},"content":{"rendered":"<p><img fetchpriority=\"high\" decoding=\"async\" class=\"alignleft size-medium wp-image-77376\" src=\"https:\/\/eldigitaldeasturias.com\/magazine365\/wp-content\/uploads\/2016\/06\/fotonoticia_20160531184854_800-360x260.jpg\" alt=\"fotonoticia_20160531184854_800\" width=\"360\" height=\"260\" srcset=\"https:\/\/eldigitaldeasturias.com\/magazine365\/wp-content\/uploads\/2016\/06\/fotonoticia_20160531184854_800-360x260.jpg 360w, https:\/\/eldigitaldeasturias.com\/magazine365\/wp-content\/uploads\/2016\/06\/fotonoticia_20160531184854_800-650x469.jpg 650w, https:\/\/eldigitaldeasturias.com\/magazine365\/wp-content\/uploads\/2016\/06\/fotonoticia_20160531184854_800-768x554.jpg 768w, https:\/\/eldigitaldeasturias.com\/magazine365\/wp-content\/uploads\/2016\/06\/fotonoticia_20160531184854_800-150x108.jpg 150w, https:\/\/eldigitaldeasturias.com\/magazine365\/wp-content\/uploads\/2016\/06\/fotonoticia_20160531184854_800-450x325.jpg 450w, https:\/\/eldigitaldeasturias.com\/magazine365\/wp-content\/uploads\/2016\/06\/fotonoticia_20160531184854_800.jpg 800w\" sizes=\"(max-width: 360px) 100vw, 360px\" \/>La convocatoria de huelga en la operadora ferroviaria francesa SNCF a partir las 19.00 horas de este martes ocasionar\u00e1 afectaciones en algunos de los servicios que enlazan Catalu\u00f1a con Francia hasta el jueves, ha informado Renfe en un comunicado.<\/p>\n<p>En concreto, este mismo martes el tren entre Barcelona y Toulouse finalizar\u00e1 su recorrido en Perpignan, y el Madrid-Marsella lo har\u00e1 en Figueres-Vilafant, mientras que el resto de servicios internacionales circular\u00e1n con normalidad.<\/p>\n<p>De cara a este mi\u00e9rcoles, no circular\u00e1n los trenes Barcelona-Toulouse ni el Barcelona-Lyon, y el Madrid-Marsella solo circular\u00e1 en el tramo Figueres-Madrid, mientras que las relaciones entre Barcelona y Par\u00eds ofrecer\u00e1n el servicio habitual.<\/p>\n<p>Lo mismo ocurrir\u00e1 el jueves, si bien de los tres trenes entre Barcelona y Par\u00eds, dos de ellos circular\u00e1n con normalidad, como tambi\u00e9n lo har\u00e1n durante todas las jornadas de huelga los servicios de AVE y Avant entre Figures-Vilafant, Girona y Barcelona.<\/p>\n<p>Durante estos d\u00edas, Renfe no garantiza que los trenes de la R3 puedan llegar a la Tour de Carol, ni que los de la R11 lleguen a Cerbere, con lo que los servicios iniciar\u00e1n y finalizar\u00e1n su trayecto en Puigcerd\u00e0 y Portbou, respectivamente.<\/p>\n<p>El operador ferroviario ha aclarado que es \u00abtotalmente ajeno\u00bb a la convocatoria de huelga, y ha recomendado a los clientes transmitir cualquier tipo de consulta a trav\u00e9s del tel\u00e9fono 902 320 320.<\/p>\n","protected":false},"excerpt":{"rendered":"<p>La convocatoria de huelga en la operadora ferroviaria francesa SNCF a partir las 19.00 horas de este martes ocasionar\u00e1 afectaciones en algunos de los servicios que enlazan Catalu\u00f1a con Francia hasta el jueves, ha informado Renfe en un comunicado. En concreto, este mismo martes el tren entre Barcelona y Toulouse finalizar\u00e1 su recorrido en Perpignan,<\/p>\n","protected":false},"author":1,"featured_media":77376,"comment_status":"open","ping_status":"closed","sticky":false,"template":"","format":"standard","meta":{"footnotes":""},"categories":[224],"tags":[],"class_list":{"0":"post-77375","1":"post","2":"type-post","3":"status-publish","4":"format-standard","5":"has-post-thumbnail","7":"category-noticias-actualidad"},"aioseo_notices":[],"aioseo_head":"\n\t\t<!-- All in One SEO Pro 4.9.6.1 - aioseo.com -->\n\t<meta name=\"description\" content=\"La convocatoria de huelga en la operadora ferroviaria francesa SNCF a partir las 19.00 horas de este martes ocasionar\u00e1 afectaciones en algunos de los servicios que enlazan Catalu\u00f1a con Francia hasta el jueves, ha informado Renfe en un comunicado. En concreto, este mismo martes el tren entre Barcelona y Toulouse finalizar\u00e1 su recorrido en Perpignan,\" \/>\n\t<meta name=\"robots\" content=\"max-image-preview:large\" \/>\n\t<meta name=\"author\" content=\"admin\"\/>\n\t<meta name=\"google-site-verification\" content=\"UA-38556648-1\" \/>\n\t<meta name=\"keywords\" content=\"noticias y actualidad\" \/>\n\t<link rel=\"canonical\" href=\"https:\/\/eldigitaldeasturias.com\/magazine365\/afectados-los-trenes-a-francia-por-una-huelga-en-la-operadora-ferroviaria-gala-sncf\/\" \/>\n\t<meta name=\"generator\" content=\"All in One SEO Pro (AIOSEO) 4.9.6.1\" \/>\n\t\t<meta property=\"og:locale\" content=\"es_ES\" \/>\n\t\t<meta property=\"og:site_name\" content=\"El Digital de Asturias \u2013 Revista de ocio, turismo y estilo de vida\" \/>\n\t\t<meta property=\"og:type\" content=\"article\" \/>\n\t\t<meta property=\"og:title\" content=\"Afectados los trenes a Francia por una huelga en la operadora ferroviaria gala SNCF | El Digital de Asturias\" \/>\n\t\t<meta property=\"og:description\" content=\"La convocatoria de huelga en la operadora ferroviaria francesa SNCF a partir las 19.00 horas de este martes ocasionar\u00e1 afectaciones en algunos de los servicios que enlazan Catalu\u00f1a con Francia hasta el jueves, ha informado Renfe en un comunicado. En concreto, este mismo martes el tren entre Barcelona y Toulouse finalizar\u00e1 su recorrido en Perpignan,\" \/>\n\t\t<meta property=\"og:url\" content=\"https:\/\/eldigitaldeasturias.com\/magazine365\/afectados-los-trenes-a-francia-por-una-huelga-en-la-operadora-ferroviaria-gala-sncf\/\" \/>\n\t\t<meta property=\"og:image\" content=\"https:\/\/eldigitaldeasturias.com\/magazine365\/wp-content\/uploads\/2016\/06\/fotonoticia_20160531184854_800.jpg\" \/>\n\t\t<meta property=\"og:image:secure_url\" content=\"https:\/\/eldigitaldeasturias.com\/magazine365\/wp-content\/uploads\/2016\/06\/fotonoticia_20160531184854_800.jpg\" \/>\n\t\t<meta property=\"og:image:width\" content=\"800\" \/>\n\t\t<meta property=\"og:image:height\" content=\"577\" \/>\n\t\t<meta property=\"article:published_time\" content=\"2016-06-02T04:46:20+00:00\" \/>\n\t\t<meta property=\"article:modified_time\" content=\"2016-06-02T04:46:20+00:00\" \/>\n\t\t<meta name=\"twitter:card\" content=\"summary_large_image\" \/>\n\t\t<meta name=\"twitter:title\" content=\"Afectados los trenes a Francia por una huelga en la operadora ferroviaria gala SNCF | El Digital de Asturias\" \/>\n\t\t<meta name=\"twitter:description\" content=\"La convocatoria de huelga en la operadora ferroviaria francesa SNCF a partir las 19.00 horas de este martes ocasionar\u00e1 afectaciones en algunos de los servicios que enlazan Catalu\u00f1a con Francia hasta el jueves, ha informado Renfe en un comunicado. En concreto, este mismo martes el tren entre Barcelona y Toulouse finalizar\u00e1 su recorrido en Perpignan,\" \/>\n\t\t<meta name=\"twitter:image\" content=\"https:\/\/eldigitaldeasturias.com\/magazine365\/wp-content\/uploads\/2016\/06\/fotonoticia_20160531184854_800.jpg\" \/>\n\t\t<script type=\"application\/ld+json\" class=\"aioseo-schema\">\n\t\t\t{\"@context\":\"https:\\\/\\\/schema.org\",\"@graph\":[{\"@type\":\"Article\",\"@id\":\"https:\\\/\\\/eldigitaldeasturias.com\\\/magazine365\\\/afectados-los-trenes-a-francia-por-una-huelga-en-la-operadora-ferroviaria-gala-sncf\\\/#article\",\"name\":\"Afectados los trenes a Francia por una huelga en la operadora ferroviaria gala SNCF | El Digital de Asturias\",\"headline\":\"Afectados los trenes a Francia por una huelga en la operadora ferroviaria gala SNCF\",\"author\":{\"@id\":\"https:\\\/\\\/eldigitaldeasturias.com\\\/magazine365\\\/author\\\/admin\\\/#author\"},\"publisher\":{\"@id\":\"https:\\\/\\\/eldigitaldeasturias.com\\\/magazine365\\\/#organization\"},\"image\":{\"@type\":\"ImageObject\",\"url\":\"https:\\\/\\\/eldigitaldeasturias.com\\\/magazine365\\\/wp-content\\\/uploads\\\/2016\\\/06\\\/fotonoticia_20160531184854_800.jpg\",\"width\":800,\"height\":577},\"datePublished\":\"2016-06-02T06:46:20+02:00\",\"dateModified\":\"2016-06-02T06:46:20+02:00\",\"inLanguage\":\"es-ES\",\"mainEntityOfPage\":{\"@id\":\"https:\\\/\\\/eldigitaldeasturias.com\\\/magazine365\\\/afectados-los-trenes-a-francia-por-una-huelga-en-la-operadora-ferroviaria-gala-sncf\\\/#webpage\"},\"isPartOf\":{\"@id\":\"https:\\\/\\\/eldigitaldeasturias.com\\\/magazine365\\\/afectados-los-trenes-a-francia-por-una-huelga-en-la-operadora-ferroviaria-gala-sncf\\\/#webpage\"},\"articleSection\":\"Noticias y Actualidad\"},{\"@type\":\"BreadcrumbList\",\"@id\":\"https:\\\/\\\/eldigitaldeasturias.com\\\/magazine365\\\/afectados-los-trenes-a-francia-por-una-huelga-en-la-operadora-ferroviaria-gala-sncf\\\/#breadcrumblist\",\"itemListElement\":[{\"@type\":\"ListItem\",\"@id\":\"https:\\\/\\\/eldigitaldeasturias.com\\\/magazine365#listItem\",\"position\":1,\"name\":\"Home\",\"item\":\"https:\\\/\\\/eldigitaldeasturias.com\\\/magazine365\",\"nextItem\":{\"@type\":\"ListItem\",\"@id\":\"https:\\\/\\\/eldigitaldeasturias.com\\\/magazine365\\\/category\\\/noticias-actualidad\\\/#listItem\",\"name\":\"Noticias y Actualidad\"}},{\"@type\":\"ListItem\",\"@id\":\"https:\\\/\\\/eldigitaldeasturias.com\\\/magazine365\\\/category\\\/noticias-actualidad\\\/#listItem\",\"position\":2,\"name\":\"Noticias y Actualidad\",\"item\":\"https:\\\/\\\/eldigitaldeasturias.com\\\/magazine365\\\/category\\\/noticias-actualidad\\\/\",\"nextItem\":{\"@type\":\"ListItem\",\"@id\":\"https:\\\/\\\/eldigitaldeasturias.com\\\/magazine365\\\/afectados-los-trenes-a-francia-por-una-huelga-en-la-operadora-ferroviaria-gala-sncf\\\/#listItem\",\"name\":\"Afectados los trenes a Francia por una huelga en la operadora ferroviaria gala SNCF\"},\"previousItem\":{\"@type\":\"ListItem\",\"@id\":\"https:\\\/\\\/eldigitaldeasturias.com\\\/magazine365#listItem\",\"name\":\"Home\"}},{\"@type\":\"ListItem\",\"@id\":\"https:\\\/\\\/eldigitaldeasturias.com\\\/magazine365\\\/afectados-los-trenes-a-francia-por-una-huelga-en-la-operadora-ferroviaria-gala-sncf\\\/#listItem\",\"position\":3,\"name\":\"Afectados los trenes a Francia por una huelga en la operadora ferroviaria gala SNCF\",\"previousItem\":{\"@type\":\"ListItem\",\"@id\":\"https:\\\/\\\/eldigitaldeasturias.com\\\/magazine365\\\/category\\\/noticias-actualidad\\\/#listItem\",\"name\":\"Noticias y Actualidad\"}}]},{\"@type\":\"Organization\",\"@id\":\"https:\\\/\\\/eldigitaldeasturias.com\\\/magazine365\\\/#organization\",\"name\":\"El digital de Asturias\",\"description\":\"Revista de ocio, turismo y estilo de vida\",\"url\":\"https:\\\/\\\/eldigitaldeasturias.com\\\/magazine365\\\/\",\"logo\":{\"@type\":\"ImageObject\",\"url\":\"https:\\\/\\\/www.eldigitaldeasturias.com\\\/noticias\\\/wp-content\\\/uploads\\\/2020\\\/12\\\/EDA.jpg\",\"@id\":\"https:\\\/\\\/eldigitaldeasturias.com\\\/magazine365\\\/afectados-los-trenes-a-francia-por-una-huelga-en-la-operadora-ferroviaria-gala-sncf\\\/#organizationLogo\"},\"image\":{\"@id\":\"https:\\\/\\\/eldigitaldeasturias.com\\\/magazine365\\\/afectados-los-trenes-a-francia-por-una-huelga-en-la-operadora-ferroviaria-gala-sncf\\\/#organizationLogo\"}},{\"@type\":\"Person\",\"@id\":\"https:\\\/\\\/eldigitaldeasturias.com\\\/magazine365\\\/author\\\/admin\\\/#author\",\"url\":\"https:\\\/\\\/eldigitaldeasturias.com\\\/magazine365\\\/author\\\/admin\\\/\",\"name\":\"admin\",\"image\":{\"@type\":\"ImageObject\",\"@id\":\"https:\\\/\\\/eldigitaldeasturias.com\\\/magazine365\\\/afectados-los-trenes-a-francia-por-una-huelga-en-la-operadora-ferroviaria-gala-sncf\\\/#authorImage\",\"url\":\"https:\\\/\\\/eldigitaldeasturias.com\\\/magazine365\\\/wp-content\\\/litespeed\\\/avatar\\\/e571bcf59a0edd6fa6838245a470f2fe.jpg?ver=1776969259\",\"width\":96,\"height\":96,\"caption\":\"admin\"}},{\"@type\":\"WebPage\",\"@id\":\"https:\\\/\\\/eldigitaldeasturias.com\\\/magazine365\\\/afectados-los-trenes-a-francia-por-una-huelga-en-la-operadora-ferroviaria-gala-sncf\\\/#webpage\",\"url\":\"https:\\\/\\\/eldigitaldeasturias.com\\\/magazine365\\\/afectados-los-trenes-a-francia-por-una-huelga-en-la-operadora-ferroviaria-gala-sncf\\\/\",\"name\":\"Afectados los trenes a Francia por una huelga en la operadora ferroviaria gala SNCF | El Digital de Asturias\",\"description\":\"La convocatoria de huelga en la operadora ferroviaria francesa SNCF a partir las 19.00 horas de este martes ocasionar\\u00e1 afectaciones en algunos de los servicios que enlazan Catalu\\u00f1a con Francia hasta el jueves, ha informado Renfe en un comunicado. En concreto, este mismo martes el tren entre Barcelona y Toulouse finalizar\\u00e1 su recorrido en Perpignan,\",\"inLanguage\":\"es-ES\",\"isPartOf\":{\"@id\":\"https:\\\/\\\/eldigitaldeasturias.com\\\/magazine365\\\/#website\"},\"breadcrumb\":{\"@id\":\"https:\\\/\\\/eldigitaldeasturias.com\\\/magazine365\\\/afectados-los-trenes-a-francia-por-una-huelga-en-la-operadora-ferroviaria-gala-sncf\\\/#breadcrumblist\"},\"author\":{\"@id\":\"https:\\\/\\\/eldigitaldeasturias.com\\\/magazine365\\\/author\\\/admin\\\/#author\"},\"creator\":{\"@id\":\"https:\\\/\\\/eldigitaldeasturias.com\\\/magazine365\\\/author\\\/admin\\\/#author\"},\"image\":{\"@type\":\"ImageObject\",\"url\":\"https:\\\/\\\/eldigitaldeasturias.com\\\/magazine365\\\/wp-content\\\/uploads\\\/2016\\\/06\\\/fotonoticia_20160531184854_800.jpg\",\"@id\":\"https:\\\/\\\/eldigitaldeasturias.com\\\/magazine365\\\/afectados-los-trenes-a-francia-por-una-huelga-en-la-operadora-ferroviaria-gala-sncf\\\/#mainImage\",\"width\":800,\"height\":577},\"primaryImageOfPage\":{\"@id\":\"https:\\\/\\\/eldigitaldeasturias.com\\\/magazine365\\\/afectados-los-trenes-a-francia-por-una-huelga-en-la-operadora-ferroviaria-gala-sncf\\\/#mainImage\"},\"datePublished\":\"2016-06-02T06:46:20+02:00\",\"dateModified\":\"2016-06-02T06:46:20+02:00\"},{\"@type\":\"WebSite\",\"@id\":\"https:\\\/\\\/eldigitaldeasturias.com\\\/magazine365\\\/#website\",\"url\":\"https:\\\/\\\/eldigitaldeasturias.com\\\/magazine365\\\/\",\"name\":\"El Digital de Asturias\",\"description\":\"Revista de ocio, turismo y estilo de vida\",\"inLanguage\":\"es-ES\",\"publisher\":{\"@id\":\"https:\\\/\\\/eldigitaldeasturias.com\\\/magazine365\\\/#organization\"}}]}\n\t\t<\/script>\n\t\t<!-- All in One SEO Pro -->\r\n\t\t<title>Afectados los trenes a Francia por una huelga en la operadora ferroviaria gala SNCF | El Digital de Asturias<\/title>\n\n","aioseo_head_json":{"title":"Afectados los trenes a Francia por una huelga en la operadora ferroviaria gala SNCF | El Digital de Asturias","description":"La convocatoria de huelga en la operadora ferroviaria francesa SNCF a partir las 19.00 horas de este martes ocasionar\u00e1 afectaciones en algunos de los servicios que enlazan Catalu\u00f1a con Francia hasta el jueves, ha informado Renfe en un comunicado. En concreto, este mismo martes el tren entre Barcelona y Toulouse finalizar\u00e1 su recorrido en Perpignan,","canonical_url":"https:\/\/eldigitaldeasturias.com\/magazine365\/afectados-los-trenes-a-francia-por-una-huelga-en-la-operadora-ferroviaria-gala-sncf\/","robots":"max-image-preview:large","keywords":"noticias y actualidad","webmasterTools":{"google-site-verification":"UA-38556648-1","miscellaneous":""},"schema":{"@context":"https:\/\/schema.org","@graph":[{"@type":"Article","@id":"https:\/\/eldigitaldeasturias.com\/magazine365\/afectados-los-trenes-a-francia-por-una-huelga-en-la-operadora-ferroviaria-gala-sncf\/#article","name":"Afectados los trenes a Francia por una huelga en la operadora ferroviaria gala SNCF | El Digital de Asturias","headline":"Afectados los trenes a Francia por una huelga en la operadora ferroviaria gala SNCF","author":{"@id":"https:\/\/eldigitaldeasturias.com\/magazine365\/author\/admin\/#author"},"publisher":{"@id":"https:\/\/eldigitaldeasturias.com\/magazine365\/#organization"},"image":{"@type":"ImageObject","url":"https:\/\/eldigitaldeasturias.com\/magazine365\/wp-content\/uploads\/2016\/06\/fotonoticia_20160531184854_800.jpg","width":800,"height":577},"datePublished":"2016-06-02T06:46:20+02:00","dateModified":"2016-06-02T06:46:20+02:00","inLanguage":"es-ES","mainEntityOfPage":{"@id":"https:\/\/eldigitaldeasturias.com\/magazine365\/afectados-los-trenes-a-francia-por-una-huelga-en-la-operadora-ferroviaria-gala-sncf\/#webpage"},"isPartOf":{"@id":"https:\/\/eldigitaldeasturias.com\/magazine365\/afectados-los-trenes-a-francia-por-una-huelga-en-la-operadora-ferroviaria-gala-sncf\/#webpage"},"articleSection":"Noticias y Actualidad"},{"@type":"BreadcrumbList","@id":"https:\/\/eldigitaldeasturias.com\/magazine365\/afectados-los-trenes-a-francia-por-una-huelga-en-la-operadora-ferroviaria-gala-sncf\/#breadcrumblist","itemListElement":[{"@type":"ListItem","@id":"https:\/\/eldigitaldeasturias.com\/magazine365#listItem","position":1,"name":"Home","item":"https:\/\/eldigitaldeasturias.com\/magazine365","nextItem":{"@type":"ListItem","@id":"https:\/\/eldigitaldeasturias.com\/magazine365\/category\/noticias-actualidad\/#listItem","name":"Noticias y Actualidad"}},{"@type":"ListItem","@id":"https:\/\/eldigitaldeasturias.com\/magazine365\/category\/noticias-actualidad\/#listItem","position":2,"name":"Noticias y Actualidad","item":"https:\/\/eldigitaldeasturias.com\/magazine365\/category\/noticias-actualidad\/","nextItem":{"@type":"ListItem","@id":"https:\/\/eldigitaldeasturias.com\/magazine365\/afectados-los-trenes-a-francia-por-una-huelga-en-la-operadora-ferroviaria-gala-sncf\/#listItem","name":"Afectados los trenes a Francia por una huelga en la operadora ferroviaria gala SNCF"},"previousItem":{"@type":"ListItem","@id":"https:\/\/eldigitaldeasturias.com\/magazine365#listItem","name":"Home"}},{"@type":"ListItem","@id":"https:\/\/eldigitaldeasturias.com\/magazine365\/afectados-los-trenes-a-francia-por-una-huelga-en-la-operadora-ferroviaria-gala-sncf\/#listItem","position":3,"name":"Afectados los trenes a Francia por una huelga en la operadora ferroviaria gala SNCF","previousItem":{"@type":"ListItem","@id":"https:\/\/eldigitaldeasturias.com\/magazine365\/category\/noticias-actualidad\/#listItem","name":"Noticias y Actualidad"}}]},{"@type":"Organization","@id":"https:\/\/eldigitaldeasturias.com\/magazine365\/#organization","name":"El digital de Asturias","description":"Revista de ocio, turismo y estilo de vida","url":"https:\/\/eldigitaldeasturias.com\/magazine365\/","logo":{"@type":"ImageObject","url":"https:\/\/www.eldigitaldeasturias.com\/noticias\/wp-content\/uploads\/2020\/12\/EDA.jpg","@id":"https:\/\/eldigitaldeasturias.com\/magazine365\/afectados-los-trenes-a-francia-por-una-huelga-en-la-operadora-ferroviaria-gala-sncf\/#organizationLogo"},"image":{"@id":"https:\/\/eldigitaldeasturias.com\/magazine365\/afectados-los-trenes-a-francia-por-una-huelga-en-la-operadora-ferroviaria-gala-sncf\/#organizationLogo"}},{"@type":"Person","@id":"https:\/\/eldigitaldeasturias.com\/magazine365\/author\/admin\/#author","url":"https:\/\/eldigitaldeasturias.com\/magazine365\/author\/admin\/","name":"admin","image":{"@type":"ImageObject","@id":"https:\/\/eldigitaldeasturias.com\/magazine365\/afectados-los-trenes-a-francia-por-una-huelga-en-la-operadora-ferroviaria-gala-sncf\/#authorImage","url":"https:\/\/eldigitaldeasturias.com\/magazine365\/wp-content\/litespeed\/avatar\/e571bcf59a0edd6fa6838245a470f2fe.jpg?ver=1776969259","width":96,"height":96,"caption":"admin"}},{"@type":"WebPage","@id":"https:\/\/eldigitaldeasturias.com\/magazine365\/afectados-los-trenes-a-francia-por-una-huelga-en-la-operadora-ferroviaria-gala-sncf\/#webpage","url":"https:\/\/eldigitaldeasturias.com\/magazine365\/afectados-los-trenes-a-francia-por-una-huelga-en-la-operadora-ferroviaria-gala-sncf\/","name":"Afectados los trenes a Francia por una huelga en la operadora ferroviaria gala SNCF | El Digital de Asturias","description":"La convocatoria de huelga en la operadora ferroviaria francesa SNCF a partir las 19.00 horas de este martes ocasionar\u00e1 afectaciones en algunos de los servicios que enlazan Catalu\u00f1a con Francia hasta el jueves, ha informado Renfe en un comunicado. En concreto, este mismo martes el tren entre Barcelona y Toulouse finalizar\u00e1 su recorrido en Perpignan,","inLanguage":"es-ES","isPartOf":{"@id":"https:\/\/eldigitaldeasturias.com\/magazine365\/#website"},"breadcrumb":{"@id":"https:\/\/eldigitaldeasturias.com\/magazine365\/afectados-los-trenes-a-francia-por-una-huelga-en-la-operadora-ferroviaria-gala-sncf\/#breadcrumblist"},"author":{"@id":"https:\/\/eldigitaldeasturias.com\/magazine365\/author\/admin\/#author"},"creator":{"@id":"https:\/\/eldigitaldeasturias.com\/magazine365\/author\/admin\/#author"},"image":{"@type":"ImageObject","url":"https:\/\/eldigitaldeasturias.com\/magazine365\/wp-content\/uploads\/2016\/06\/fotonoticia_20160531184854_800.jpg","@id":"https:\/\/eldigitaldeasturias.com\/magazine365\/afectados-los-trenes-a-francia-por-una-huelga-en-la-operadora-ferroviaria-gala-sncf\/#mainImage","width":800,"height":577},"primaryImageOfPage":{"@id":"https:\/\/eldigitaldeasturias.com\/magazine365\/afectados-los-trenes-a-francia-por-una-huelga-en-la-operadora-ferroviaria-gala-sncf\/#mainImage"},"datePublished":"2016-06-02T06:46:20+02:00","dateModified":"2016-06-02T06:46:20+02:00"},{"@type":"WebSite","@id":"https:\/\/eldigitaldeasturias.com\/magazine365\/#website","url":"https:\/\/eldigitaldeasturias.com\/magazine365\/","name":"El Digital de Asturias","description":"Revista de ocio, turismo y estilo de vida","inLanguage":"es-ES","publisher":{"@id":"https:\/\/eldigitaldeasturias.com\/magazine365\/#organization"}}]},"og:locale":"es_ES","og:site_name":"El Digital de Asturias \u2013 Revista de ocio, turismo y estilo de vida","og:type":"article","og:title":"Afectados los trenes a Francia por una huelga en la operadora ferroviaria gala SNCF | El Digital de Asturias","og:description":"La convocatoria de huelga en la operadora ferroviaria francesa SNCF a partir las 19.00 horas de este martes ocasionar\u00e1 afectaciones en algunos de los servicios que enlazan Catalu\u00f1a con Francia hasta el jueves, ha informado Renfe en un comunicado. En concreto, este mismo martes el tren entre Barcelona y Toulouse finalizar\u00e1 su recorrido en Perpignan,","og:url":"https:\/\/eldigitaldeasturias.com\/magazine365\/afectados-los-trenes-a-francia-por-una-huelga-en-la-operadora-ferroviaria-gala-sncf\/","og:image":"https:\/\/eldigitaldeasturias.com\/magazine365\/wp-content\/uploads\/2016\/06\/fotonoticia_20160531184854_800.jpg","og:image:secure_url":"https:\/\/eldigitaldeasturias.com\/magazine365\/wp-content\/uploads\/2016\/06\/fotonoticia_20160531184854_800.jpg","og:image:width":800,"og:image:height":577,"article:published_time":"2016-06-02T04:46:20+00:00","article:modified_time":"2016-06-02T04:46:20+00:00","twitter:card":"summary_large_image","twitter:title":"Afectados los trenes a Francia por una huelga en la operadora ferroviaria gala SNCF | El Digital de Asturias","twitter:description":"La convocatoria de huelga en la operadora ferroviaria francesa SNCF a partir las 19.00 horas de este martes ocasionar\u00e1 afectaciones en algunos de los servicios que enlazan Catalu\u00f1a con Francia hasta el jueves, ha informado Renfe en un comunicado. En concreto, este mismo martes el tren entre Barcelona y Toulouse finalizar\u00e1 su recorrido en Perpignan,","twitter:image":"https:\/\/eldigitaldeasturias.com\/magazine365\/wp-content\/uploads\/2016\/06\/fotonoticia_20160531184854_800.jpg"},"aioseo_meta_data":{"post_id":"77375","title":null,"description":null,"keywords":null,"keyphrases":null,"primary_term":null,"canonical_url":null,"og_title":null,"og_description":null,"og_object_type":"default","og_image_type":"default","og_image_url":null,"og_image_width":null,"og_image_height":null,"og_image_custom_url":null,"og_image_custom_fields":null,"og_video":null,"og_custom_url":null,"og_article_section":null,"og_article_tags":null,"twitter_use_og":false,"twitter_card":"default","twitter_image_type":"default","twitter_image_url":null,"twitter_image_custom_url":null,"twitter_image_custom_fields":null,"twitter_title":null,"twitter_description":null,"schema":{"blockGraphs":[],"customGraphs":[],"default":{"data":{"Article":[],"Course":[],"Dataset":[],"FAQPage":[],"Movie":[],"Person":[],"Product":[],"ProductReview":[],"Car":[],"Recipe":[],"Service":[],"SoftwareApplication":[],"WebPage":[]},"graphName":"","isEnabled":true},"graphs":[]},"schema_type":null,"schema_type_options":null,"pillar_content":false,"robots_default":true,"robots_noindex":false,"robots_noarchive":false,"robots_nosnippet":false,"robots_nofollow":false,"robots_noimageindex":false,"robots_noodp":false,"robots_notranslate":false,"robots_max_snippet":null,"robots_max_videopreview":null,"robots_max_imagepreview":"large","priority":null,"frequency":null,"location":null,"local_seo":null,"seo_analyzer_scan_date":"2025-09-27 14:44:27","breadcrumb_settings":null,"limit_modified_date":false,"open_ai":null,"ai":null,"created":"2021-03-08 18:15:56","updated":"2025-09-27 14:44:27"},"aioseo_breadcrumb":"<div class=\"aioseo-breadcrumbs\"><span class=\"aioseo-breadcrumb\">\n\t<a href=\"https:\/\/eldigitaldeasturias.com\/magazine365\" title=\"Home\">Home<\/a>\n<\/span><span class=\"aioseo-breadcrumb-separator\">\u2013<\/span><span class=\"aioseo-breadcrumb\">\n\t<a href=\"https:\/\/eldigitaldeasturias.com\/magazine365\/category\/noticias-actualidad\/\" title=\"Noticias y Actualidad\">Noticias y Actualidad<\/a>\n<\/span><span class=\"aioseo-breadcrumb-separator\">\u2013<\/span><span class=\"aioseo-breadcrumb\">\n\t<a href=\"https:\/\/eldigitaldeasturias.com\/magazine365\/afectados-los-trenes-a-francia-por-una-huelga-en-la-operadora-ferroviaria-gala-sncf\/\" title=\"Afectados los trenes a Francia por una huelga en la operadora ferroviaria gala SNCF\">Afectados los trenes a Francia por una huelga en la operadora ferroviaria gala SNCF<\/a>\n<\/span><\/div>","aioseo_breadcrumb_json":[{"label":"Home","link":"https:\/\/eldigitaldeasturias.com\/magazine365"},{"label":"Noticias y Actualidad","link":"https:\/\/eldigitaldeasturias.com\/magazine365\/category\/noticias-actualidad\/"},{"label":"Afectados los trenes a Francia por una huelga en la operadora ferroviaria gala SNCF","link":"https:\/\/eldigitaldeasturias.com\/magazine365\/afectados-los-trenes-a-francia-por-una-huelga-en-la-operadora-ferroviaria-gala-sncf\/"}],"_links":{"self":[{"href":"https:\/\/eldigitaldeasturias.com\/magazine365\/wp-json\/wp\/v2\/posts\/77375","targetHints":{"allow":["GET"]}}],"collection":[{"href":"https:\/\/eldigitaldeasturias.com\/magazine365\/wp-json\/wp\/v2\/posts"}],"about":[{"href":"https:\/\/eldigitaldeasturias.com\/magazine365\/wp-json\/wp\/v2\/types\/post"}],"author":[{"embeddable":true,"href":"https:\/\/eldigitaldeasturias.com\/magazine365\/wp-json\/wp\/v2\/users\/1"}],"replies":[{"embeddable":true,"href":"https:\/\/eldigitaldeasturias.com\/magazine365\/wp-json\/wp\/v2\/comments?post=77375"}],"version-history":[{"count":0,"href":"https:\/\/eldigitaldeasturias.com\/magazine365\/wp-json\/wp\/v2\/posts\/77375\/revisions"}],"wp:featuredmedia":[{"embeddable":true,"href":"https:\/\/eldigitaldeasturias.com\/magazine365\/wp-json\/wp\/v2\/media\/77376"}],"wp:attachment":[{"href":"https:\/\/eldigitaldeasturias.com\/magazine365\/wp-json\/wp\/v2\/media?parent=77375"}],"wp:term":[{"taxonomy":"category","embeddable":true,"href":"https:\/\/eldigitaldeasturias.com\/magazine365\/wp-json\/wp\/v2\/categories?post=77375"},{"taxonomy":"post_tag","embeddable":true,"href":"https:\/\/eldigitaldeasturias.com\/magazine365\/wp-json\/wp\/v2\/tags?post=77375"}],"curies":[{"name":"wp","href":"https:\/\/api.w.org\/{rel}","templated":true}]}}